{"id":3715,"date":"2025-10-25T08:22:00","date_gmt":"2025-10-25T06:22:00","guid":{"rendered":"https:\/\/www.karaoketexty.cz\/magazin\/?p=3715"},"modified":"2025-10-26T20:36:27","modified_gmt":"2025-10-26T19:36:27","slug":"monika-absolonova-koncert-narozeniny-oslava","status":"publish","type":"post","link":"https:\/\/www.karaoketexty.cz\/magazin\/monika-absolonova-koncert-narozeniny-oslava\/","title":{"rendered":"Monika Absolonov\u00e1 oslav\u00ed 50. narozeniny velk\u00fdm koncertem v Praze"},"content":{"rendered":"\n<p><strong>Monika Absolonov\u00e1 se chyst\u00e1 na velk\u00fd koncert u p\u0159\u00edle\u017eitosti jej\u00edho \u017eivotn\u00edho jubilea. Sv\u00e9 fanou\u0161ky srde\u010dn\u011b zve na oslavu jej\u00edch pades\u00e1tin.<\/strong><\/p>\n\n\n\n<p>Monika Absolonov\u00e1 je jedna z&nbsp;na\u0161ich p\u0159edn\u00edch zp\u011bva\u010dek, kter\u00e1 svou p\u011bveckou kari\u00e9ru odstartovala u\u017e jako d\u00edt\u011b. Na \u0161pici se dr\u017e\u00ed u\u017e mnoho let, jak jsme v redakci Karaoketexty.cz zaregistrovali, b\u011bhem nich\u017e nazp\u00edvala nespo\u010det p\u00edsn\u00ed a ztv\u00e1rnila celou \u0159adu slavn\u00fdch muzik\u00e1lov\u00fdch rol\u00ed. Je tedy nejen vynikaj\u00edc\u00ed zp\u011bva\u010dkou, ale dok\u00e1zala, \u017ee talent m\u00e1 i na poli herectv\u00ed. P\u0159\u00ed\u0161t\u00ed rok oslav\u00ed pades\u00e1tku ve velk\u00e9m stylu.<\/p>\n\n\n<!-- karaoketexty.cz \/ rectangle2 -->\n<div id=\"PX_37086_709110796310826\"><\/div>\n<script>\n   if(!useMobileAds && !boolUseSeznamAds && !hideAllAds){\n     window.px2 = window.px2 || { conf: {},queue: [] };\n     px2.queue.push(function () {\n        px2.render({\n           slot: {\n              id: 37086\n           },\n            elem: \"PX_37086_709110796310826\"\n        })\n     });\n  }\n<\/script>\n\n<!-- karaoketexty.cz \/ mobile-rectangle3 -->\n<div id=\"PX_37044_714599773297004\"><\/div>\n<script>\n   if(useMobileAds && !boolUseSeznamAds && !hideAllAds){\nwindow.px2 = window.px2 || { conf: {},queue: [] };\npx2.queue.push(function () {\n\tpx2.render({\n\t\tslot: {\n\t\t\tid: 37044\n\t\t},\n\t\telem: \"PX_37044_714599773297004\"\n\t})\n});\n}\n<\/script>\n\n\n<h2 class=\"wp-block-heading\">Muzik\u00e1l si bez n\u00ed nelze p\u0159edstavit<\/h2>\n\n\n\n<p>Zp\u011bva\u010dka Monika Absolonov\u00e1 za\u010dala zp\u00edvat u\u017e ve sv\u00fdch 7 letech. Byla sou\u010d\u00e1st\u00ed K\u00fchnova d\u011btsk\u00e9ho sboru a v 15 letech doch\u00e1zela na hodiny zp\u011bvu k&nbsp;L\u00edd\u011b Nopov\u00e9 a pozd\u011bji k&nbsp;Eduardu Klezlovi. Sv\u00e9 prvn\u00ed CD s&nbsp;n\u00e1zvem Monika vydala v&nbsp;roce 1993, kdy\u017e j\u00ed bylo pouh\u00fdch 17 let. Od t\u00e9 doby se postupn\u011b za\u010dala zar\u00fdvat do pov\u011bdom\u00ed \u0161ir\u0161\u00ed ve\u0159ejnosti. Jej\u00ed v\u00e1\u0161n\u00ed se brzy stal p\u0159edev\u0161\u00edm muzik\u00e1l, kde mohla z\u00faro\u010dit sv\u016fj obrovsk\u00fd p\u011bveck\u00fd i hereck\u00fd talent.<\/p>\n\n\n\n<p>Jej\u00edm prvn\u00edm velk\u00fdm muzik\u00e1lem byl slavn\u00fd Dracula. Pozd\u011bji pokra\u010dovala Krysa\u0159em, Rebely, Noc\u00ed na Karl\u0161tejn\u011b a pravideln\u011b za\u010d\u00ednala b\u00fdt obsazov\u00e1na do muzik\u00e1l\u016f Michala Davida v&nbsp;Divadle Broadway. Z nejslavn\u011bj\u0161\u00edch zmi\u0148me nap\u0159\u00edklad Kleopatru, T\u0159i mu\u0161ket\u00fdry a Angeliku. Muzik\u00e1lovou sc\u00e9nu bychom si bez Moniky Absolonov\u00e9 nedok\u00e1zali u\u017e p\u0159edstavit. V&nbsp;roce 2002 byla nominov\u00e1na za roli Kleopatry ve stejnojmenn\u00e9m muzik\u00e1lu na cenu Th\u00e1lie, ve v\u00edt\u011bzstv\u00ed ji v\u0161ak neprom\u011bnila. Cenu z\u00edskala a\u017e v&nbsp;roce 2011 za hlavn\u00ed roli v&nbsp;muzik\u00e1lu Funny Girl.<\/p>\n\n\n<!-- karaoketexty.cz \/ interscroller1 -->\n\n<div id=\"PX_37041_825057871452834\"><\/div>\n<script>\nif(useMobileAds && !boolUseSeznamAds && !hideAllAds){\n\twindow.px2 = window.px2 || { conf: {},queue: [] };\n\tpx2.queue.push(function () {\n\t\tpx2.render({\n\t\t\tslot: {\n\t\t\t\tid: 37041\n\t\t\t},\n\t\t\telem: \"PX_37041_825057871452834\"\n\t\t})\n\t});\n}\n<\/script>\n\n\n<p>V&nbsp;sou\u010dasn\u00e9 dob\u011b ji m\u016f\u017eete vid\u011bt hr\u00e1t v&nbsp;muzik\u00e1lu Evita, kde p\u016fsob\u00ed od roku 2015, a tak\u00e9 ve h\u0159e Do lo\u017enice vstupujte jednotliv\u011b. Absolonov\u00e1 se objevuje tak\u00e9 v&nbsp;\u010dinoh\u0159e, nap\u0159\u00edklad v&nbsp;p\u0159edstaven\u00edch Veronika ve h\u0159e nebo Den na zkou\u0161ku. Po Lucii B\u00edl\u00e9 p\u0159evzala roli \u010darod\u011bjnice ve filmov\u00e9 poh\u00e1dce Princezna ze mlejna 2. Vid\u011bt jste ji mohli tak\u00e9 ve sn\u00edmc\u00edch Kame\u0148\u00e1k 2 a Kame\u0148\u00e1k 3, men\u0161\u00ed roli si st\u0159ihla i ve Zdivo\u010del\u00e9 zemi. P\u016fsob\u00ed tak\u00e9 v&nbsp;pra\u017esk\u00e9m Studiu DVA.<\/p>\n\n\n\n<blockquote class=\"instagram-media\" data-instgrm-captioned data-instgrm-permalink=\"https:\/\/www.instagram.com\/reel\/DP8KicMiABu\/?utm_source=ig_embed&amp;utm_campaign=loading\" data-instgrm-version=\"14\" style=\" background:#FFF; border:0; border-radius:3px; box-shadow:0 0 1px 0 rgba(0,0,0,0.5),0 1px 10px 0 rgba(0,0,0,0.15); margin: 1px; max-width:540px; min-width:326px; padding:0; width:99.375%; width:-webkit-calc(100% - 2px); width:calc(100% - 2px);\"><div style=\"padding:16px;\"> <a href=\"https:\/\/www.instagram.com\/reel\/DP8KicMiABu\/?utm_source=ig_embed&amp;utm_campaign=loading\" style=\" background:#FFFFFF; line-height:0; padding:0 0; text-align:center; text-decoration:none; width:100%;\" target=\"_blank\"> <div style=\" display: flex; flex-direction: row; align-items: center;\"> <div style=\"background-color: #F4F4F4; border-radius: 50%; flex-grow: 0; height: 40px; margin-right: 14px; width: 40px;\"><\/div> <div style=\"display: flex; flex-direction: column; flex-grow: 1; justify-content: center;\"> <div style=\" background-color: #F4F4F4; border-radius: 4px; flex-grow: 0; height: 14px; margin-bottom: 6px; width: 100px;\"><\/div> <div style=\" background-color: #F4F4F4; border-radius: 4px; flex-grow: 0; height: 14px; width: 60px;\"><\/div><\/div><\/div><div style=\"padding: 19% 0;\"><\/div> <div style=\"display:block; height:50px; margin:0 auto 12px; width:50px;\"><svg width=\"50px\" height=\"50px\" viewBox=\"0 0 60 60\" version=\"1.1\" xmlns=\"https:\/\/www.w3.org\/2000\/svg\" xmlns:xlink=\"https:\/\/www.w3.org\/1999\/xlink\"><g stroke=\"none\" stroke-width=\"1\" fill=\"none\" fill-rule=\"evenodd\"><g transform=\"translate(-511.000000, -20.000000)\" fill=\"#000000\"><g><path d=\"M556.869,30.41 C554.814,30.41 553.148,32.076 553.148,34.131 C553.148,36.186 554.814,37.852 556.869,37.852 C558.924,37.852 560.59,36.186 560.59,34.131 C560.59,32.076 558.924,30.41 556.869,30.41 M541,60.657 C535.114,60.657 530.342,55.887 530.342,50 C530.342,44.114 535.114,39.342 541,39.342 C546.887,39.342 551.658,44.114 551.658,50 C551.658,55.887 546.887,60.657 541,60.657 M541,33.886 C532.1,33.886 524.886,41.1 524.886,50 C524.886,58.899 532.1,66.113 541,66.113 C549.9,66.113 557.115,58.899 557.115,50 C557.115,41.1 549.9,33.886 541,33.886 M565.378,62.101 C565.244,65.022 564.756,66.606 564.346,67.663 C563.803,69.06 563.154,70.057 562.106,71.106 C561.058,72.155 560.06,72.803 558.662,73.347 C557.607,73.757 556.021,74.244 553.102,74.378 C549.944,74.521 548.997,74.552 541,74.552 C533.003,74.552 532.056,74.521 528.898,74.378 C525.979,74.244 524.393,73.757 523.338,73.347 C521.94,72.803 520.942,72.155 519.894,71.106 C518.846,70.057 518.197,69.06 517.654,67.663 C517.244,66.606 516.755,65.022 516.623,62.101 C516.479,58.943 516.448,57.996 516.448,50 C516.448,42.003 516.479,41.056 516.623,37.899 C516.755,34.978 517.244,33.391 517.654,32.338 C518.197,30.938 518.846,29.942 519.894,28.894 C520.942,27.846 521.94,27.196 523.338,26.654 C524.393,26.244 525.979,25.756 528.898,25.623 C532.057,25.479 533.004,25.448 541,25.448 C548.997,25.448 549.943,25.479 553.102,25.623 C556.021,25.756 557.607,26.244 558.662,26.654 C560.06,27.196 561.058,27.846 562.106,28.894 C563.154,29.942 563.803,30.938 564.346,32.338 C564.756,33.391 565.244,34.978 565.378,37.899 C565.522,41.056 565.552,42.003 565.552,50 C565.552,57.996 565.522,58.943 565.378,62.101 M570.82,37.631 C570.674,34.438 570.167,32.258 569.425,30.349 C568.659,28.377 567.633,26.702 565.965,25.035 C564.297,23.368 562.623,22.342 560.652,21.575 C558.743,20.834 556.562,20.326 553.369,20.18 C550.169,20.033 549.148,20 541,20 C532.853,20 531.831,20.033 528.631,20.18 C525.438,20.326 523.257,20.834 521.349,21.575 C519.376,22.342 517.703,23.368 516.035,25.035 C514.368,26.702 513.342,28.377 512.574,30.349 C511.834,32.258 511.326,34.438 511.181,37.631 C511.035,40.831 511,41.851 511,50 C511,58.147 511.035,59.17 511.181,62.369 C511.326,65.562 511.834,67.743 512.574,69.651 C513.342,71.625 514.368,73.296 516.035,74.965 C517.703,76.634 519.376,77.658 521.349,78.425 C523.257,79.167 525.438,79.673 528.631,79.82 C531.831,79.965 532.853,80.001 541,80.001 C549.148,80.001 550.169,79.965 553.369,79.82 C556.562,79.673 558.743,79.167 560.652,78.425 C562.623,77.658 564.297,76.634 565.965,74.965 C567.633,73.296 568.659,71.625 569.425,69.651 C570.167,67.743 570.674,65.562 570.82,62.369 C570.966,59.17 571,58.147 571,50 C571,41.851 570.966,40.831 570.82,37.631\"><\/path><\/g><\/g><\/g><\/svg><\/div><div style=\"padding-top: 8px;\"> <div style=\" color:#3897f0; font-family:Arial,sans-serif; font-size:14px; font-style:normal; font-weight:550; line-height:18px;\">Zobrazit p\u0159\u00edsp\u011bvek na Instagramu<\/div><\/div><div style=\"padding: 12.5% 0;\"><\/div> <div style=\"display: flex; flex-direction: row; margin-bottom: 14px; align-items: center;\"><div> <div style=\"background-color: #F4F4F4; border-radius: 50%; height: 12.5px; width: 12.5px; transform: translateX(0px) translateY(7px);\"><\/div> <div style=\"background-color: #F4F4F4; height: 12.5px; transform: rotate(-45deg) translateX(3px) translateY(1px); width: 12.5px; flex-grow: 0; margin-right: 14px; margin-left: 2px;\"><\/div> <div style=\"background-color: #F4F4F4; border-radius: 50%; height: 12.5px; width: 12.5px; transform: translateX(9px) translateY(-18px);\"><\/div><\/div><div style=\"margin-left: 8px;\"> <div style=\" background-color: #F4F4F4; border-radius: 50%; flex-grow: 0; height: 20px; width: 20px;\"><\/div> <div style=\" width: 0; height: 0; border-top: 2px solid transparent; border-left: 6px solid #f4f4f4; border-bottom: 2px solid transparent; transform: translateX(16px) translateY(-4px) rotate(30deg)\"><\/div><\/div><div style=\"margin-left: auto;\"> <div style=\" width: 0px; border-top: 8px solid #F4F4F4; border-right: 8px solid transparent; transform: translateY(16px);\"><\/div> <div style=\" background-color: #F4F4F4; flex-grow: 0; height: 12px; width: 16px; transform: translateY(-4px);\"><\/div> <div style=\" width: 0; height: 0; border-top: 8px solid #F4F4F4; border-left: 8px solid transparent; transform: translateY(-4px) translateX(8px);\"><\/div><\/div><\/div> <div style=\"display: flex; flex-direction: column; flex-grow: 1; justify-content: center; margin-bottom: 24px;\"> <div style=\" background-color: #F4F4F4; border-radius: 4px; flex-grow: 0; height: 14px; margin-bottom: 6px; width: 224px;\"><\/div> <div style=\" background-color: #F4F4F4; border-radius: 4px; flex-grow: 0; height: 14px; width: 144px;\"><\/div><\/div><\/a><p style=\" color:#c9c8cd; font-family:Arial,sans-serif; font-size:14px; line-height:17px; margin-bottom:0; margin-top:8px; overflow:hidden; padding:8px 0 7px; text-align:center; text-overflow:ellipsis; white-space:nowrap;\"><a href=\"https:\/\/www.instagram.com\/reel\/DP8KicMiABu\/?utm_source=ig_embed&amp;utm_campaign=loading\" style=\" color:#c9c8cd; font-family:Arial,sans-serif; font-size:14px; font-style:normal; font-weight:normal; line-height:17px; text-decoration:none;\" target=\"_blank\">P\u0159\u00edsp\u011bvek sd\u00edlen\u00fd Monika Absolonova (@monika_absolonova)<\/a><\/p><\/div><\/blockquote>\n<script async src=\"\/\/www.instagram.com\/embed.js\"><\/script>\n\n\n\n<h2 class=\"wp-block-heading\">Pades\u00e1tka ve velk\u00e9m stylu<\/h2>\n\n\n\n<p>Co ale jej\u00ed fanou\u0161ky \u010dek\u00e1 v&nbsp;bl\u00edzk\u00e9 budoucnosti, bude velkolep\u00e1 oslava jej\u00edch 50. narozenin, kter\u00e9 oslav\u00ed v&nbsp;p\u0159\u00ed\u0161t\u00edm roce. Zp\u011bva\u010dka pl\u00e1nuje velk\u00fd koncert 3. \u0159\u00edjna 2026 v&nbsp;O2 universu. Bude se jednat o speci\u00e1ln\u00ed narozeninov\u00fd koncert za doprovodu Vlastn\u00edho bandu, vokalist\u016f a Kapralova quartetu. Zazn\u00ed zp\u011bva\u010d\u010diny nejzn\u00e1m\u011bj\u0161\u00ed p\u00edsn\u011b, ale i nov\u00e9 skladby z&nbsp;jej\u00edho zat\u00edm posledn\u00edho alba L\u00c1SKA. Samoz\u0159ejm\u011b nebudou chyb\u011bt ani skladby z&nbsp;muzik\u00e1lov\u00fdch p\u0159edstaven\u00ed. P\u0159ij\u010fte si vychutnat show plnou emoc\u00ed a kr\u00e1sn\u00fdch p\u00edsn\u00ed v&nbsp;pod\u00e1n\u00ed zp\u011bva\u010dky s&nbsp;\u00fa\u017easn\u00fdm a nezam\u011bniteln\u00fdm hlasem a je\u0161t\u011b kr\u00e1sn\u011bj\u0161\u00ed osobnost\u00ed.<\/p>\n\n\n\n<p>Zdroj: Autorsk\u00fd text, <a href=\"http:\/\/www.absolonova.cz\/novinky\/monika-slavi-50\/\" target=\"_blank\" rel=\"noreferrer noopener nofollow\">Absolonova<\/a>, <a href=\"https:\/\/cs.wikipedia.org\/wiki\/Monika_Absolonov%C3%A1\" target=\"_blank\" rel=\"noreferrer noopener nofollow\">Wikipedia<\/a>, <a href=\"https:\/\/www.instagram.com\/monika_absolonova\/?hl=cs\" target=\"_blank\" rel=\"noreferrer noopener nofollow\">Instagram Moniky Absolonov\u00e9<\/a><\/p>\n\n\n            <a href=\"https:\/\/www.karaoketexty.cz\/magazin\/jaroslav-uhlir-oslavil-osmdesatku-lucerna-se-rozezpivala-jeho-nesmrtelnymi-hity-a-nakonec-mu-vsichni-poprali\/\" class=\"related-post-link\">\n                <div class=\"post-thumbnail\">\n                    <img decoding=\"async\" width=\"250\" height=\"166\" src=\"https:\/\/www.karaoketexty.cz\/magazin\/wp-content\/uploads\/2025\/10\/jaroslav-uhlir.jpg\" class=\"attachment-250x180 size-250x180 not-transparent\" alt=\"Fotografie Jaroslava Uhl\u00ed\u0159e\" srcset=\"https:\/\/www.karaoketexty.cz\/magazin\/wp-content\/uploads\/2025\/10\/jaroslav-uhlir.jpg 1200w, https:\/\/www.karaoketexty.cz\/magazin\/wp-content\/uploads\/2025\/10\/jaroslav-uhlir-300x200.jpg 300w, https:\/\/www.karaoketexty.cz\/magazin\/wp-content\/uploads\/2025\/10\/jaroslav-uhlir-1024x682.jpg 1024w, https:\/\/www.karaoketexty.cz\/magazin\/wp-content\/uploads\/2025\/10\/jaroslav-uhlir-768x511.jpg 768w, https:\/\/www.karaoketexty.cz\/magazin\/wp-content\/uploads\/2025\/10\/jaroslav-uhlir-800x533.jpg 800w\" sizes=\"(max-width: 250px) 100vw, 250px\" data-has-transparency=\"false\" data-dominant-color=\"7e6c59\" style=\"--dominant-color: #7e6c59;\" \/>                <\/div>\n                <div class=\"post-details\">\n                    <span class=\"also-read\">\u010ct\u011bte tak\u00e9:<\/span>\n                    <h3 class=\"hed\">Jaroslav Uhl\u00ed\u0159 oslavil osmdes\u00e1tku. Lucerna se rozezp\u00edvala jeho nesmrteln\u00fdmi hity a nakonec mu v\u0161ichni pop\u0159\u00e1li<\/h3>\n                <\/div>\n            <\/a>\n            \n\n            <a href=\"https:\/\/www.karaoketexty.cz\/magazin\/marta-kubisova-vyroci-zakaz-lucerna\/\" class=\"related-post-link\">\n                <div class=\"post-thumbnail\">\n                    <img decoding=\"async\" width=\"250\" height=\"141\" src=\"https:\/\/www.karaoketexty.cz\/magazin\/wp-content\/uploads\/2025\/09\/Marta-Kubisova-zpevacka.jpg\" class=\"attachment-250x180 size-250x180 not-transparent\" alt=\"Fotografie Marty Kubi\u0161ov\u00e9\" srcset=\"https:\/\/www.karaoketexty.cz\/magazin\/wp-content\/uploads\/2025\/09\/Marta-Kubisova-zpevacka.jpg 1200w, https:\/\/www.karaoketexty.cz\/magazin\/wp-content\/uploads\/2025\/09\/Marta-Kubisova-zpevacka-300x169.jpg 300w, https:\/\/www.karaoketexty.cz\/magazin\/wp-content\/uploads\/2025\/09\/Marta-Kubisova-zpevacka-1024x576.jpg 1024w, https:\/\/www.karaoketexty.cz\/magazin\/wp-content\/uploads\/2025\/09\/Marta-Kubisova-zpevacka-768x432.jpg 768w, https:\/\/www.karaoketexty.cz\/magazin\/wp-content\/uploads\/2025\/09\/Marta-Kubisova-zpevacka-800x450.jpg 800w\" sizes=\"(max-width: 250px) 100vw, 250px\" data-has-transparency=\"false\" data-dominant-color=\"4d3835\" style=\"--dominant-color: #4d3835;\" \/>                <\/div>\n                <div class=\"post-details\">\n                    <span class=\"also-read\">\u010ct\u011bte tak\u00e9:<\/span>\n                    <h3 class=\"hed\">Marta Kubi\u0161ov\u00e1 zp\u00e1tky na sc\u00e9n\u011b, na p\u00f3dium ji doprovodil Vojta Dyk<\/h3>\n                <\/div>\n            <\/a>\n            ","protected":false},"excerpt":{"rendered":"<p>Monika Absolonov\u00e1 se chyst\u00e1 na velk\u00fd koncert u p\u0159\u00edle\u017eitosti jej\u00edho \u017eivotn\u00edho jubilea. Sv\u00e9 fanou\u0161ky srde\u010dn\u011b zve na oslavu jej\u00edch pades\u00e1tin.<\/p>\n","protected":false},"author":5,"featured_media":3718,"comment_status":"open","ping_status":"closed","sticky":false,"template":"","format":"standard","meta":{"_yoast_wpseo_title":"Monika Absolonov\u00e1 oslav\u00ed pades\u00e1tku velk\u00fdm koncertem","_yoast_wpseo_metadesc":"Zp\u011bva\u010dka Monika Absolonov\u00e1 oslav\u00ed v p\u0159\u00ed\u0161t\u00edm roce pades\u00e1tku. Chyst\u00e1 velkolep\u00fd koncert, kde zazp\u00edv\u00e1 sv\u00e9 nejzn\u00e1m\u011bj\u0161\u00ed p\u00edsn\u011b.","footnotes":""},"categories":[1059],"tags":[3888,3881,3885,571,3883,3878,583,698,3882,199,367,3886,3889,136,3880,3876,907,3890,1627,3877,3884,3879,226,3887,51],"class_list":["post-3715","post","type-post","status-publish","format-standard","has-post-thumbnail","hentry","category-celebrity","tag-album-laska","tag-angelika","tag-cena-thalie","tag-ceska-hudba","tag-divadlo-broadway","tag-dracula","tag-evita","tag-fanousci","tag-funny-girl","tag-herecka","tag-hudebnici","tag-kapralova-quartet","tag-kleopatra","tag-koncert","tag-krysar","tag-monika-absolonova","tag-muzikal","tag-narozeninova-oslava","tag-o2-universum","tag-padesatiny","tag-studio-dva","tag-tri-musketyri","tag-turne","tag-vlastni-band","tag-zpevacka"],"yoast_head":"<!-- This site is optimized with the Yoast SEO plugin v27.4 - https:\/\/yoast.com\/product\/yoast-seo-wordpress\/ -->\n<title>Monika Absolonov\u00e1 oslav\u00ed pades\u00e1tku velk\u00fdm koncertem<\/title>\n<meta name=\"description\" content=\"Zp\u011bva\u010dka Monika Absolonov\u00e1 oslav\u00ed v p\u0159\u00ed\u0161t\u00edm roce pades\u00e1tku. Chyst\u00e1 velkolep\u00fd koncert, kde zazp\u00edv\u00e1 sv\u00e9 nejzn\u00e1m\u011bj\u0161\u00ed p\u00edsn\u011b.\" \/>\n<meta name=\"robots\" content=\"index, follow, max-snippet:-1, max-image-preview:large, max-video-preview:-1\" \/>\n<link rel=\"canonical\" href=\"https:\/\/www.karaoketexty.cz\/magazin\/monika-absolonova-koncert-narozeniny-oslava\/\" \/>\n<meta property=\"og:locale\" content=\"cs_CZ\" \/>\n<meta property=\"og:type\" content=\"article\" \/>\n<meta property=\"og:title\" content=\"Monika Absolonov\u00e1 oslav\u00ed pades\u00e1tku velk\u00fdm koncertem\" \/>\n<meta property=\"og:description\" content=\"Zp\u011bva\u010dka Monika Absolonov\u00e1 oslav\u00ed v p\u0159\u00ed\u0161t\u00edm roce pades\u00e1tku. Chyst\u00e1 velkolep\u00fd koncert, kde zazp\u00edv\u00e1 sv\u00e9 nejzn\u00e1m\u011bj\u0161\u00ed p\u00edsn\u011b.\" \/>\n<meta property=\"og:url\" content=\"https:\/\/www.karaoketexty.cz\/magazin\/monika-absolonova-koncert-narozeniny-oslava\/\" \/>\n<meta property=\"og:site_name\" content=\"Stars Magaz\u00edn Karaoketexty.cz\" \/>\n<meta property=\"article:published_time\" content=\"2025-10-25T06:22:00+00:00\" \/>\n<meta property=\"article:modified_time\" content=\"2025-10-26T19:36:27+00:00\" \/>\n<meta property=\"og:image\" content=\"https:\/\/www.karaoketexty.cz\/magazin\/wp-content\/uploads\/2025\/10\/Monika-Absolonova.jpg\" \/>\n\t<meta property=\"og:image:width\" content=\"1200\" \/>\n\t<meta property=\"og:image:height\" content=\"675\" \/>\n\t<meta property=\"og:image:type\" content=\"image\/jpeg\" \/>\n<meta name=\"author\" content=\"Veronika \u0160imkov\u00e1\" \/>\n<meta name=\"twitter:card\" content=\"summary_large_image\" \/>\n<meta name=\"twitter:label1\" content=\"Napsal(a)\" \/>\n\t<meta name=\"twitter:data1\" content=\"Veronika \u0160imkov\u00e1\" \/>\n\t<meta name=\"twitter:label2\" content=\"Odhadovan\u00e1 doba \u010dten\u00ed\" \/>\n\t<meta name=\"twitter:data2\" content=\"8 minut\" \/>\n<script type=\"application\/ld+json\" class=\"yoast-schema-graph\">{\"@context\":\"https:\\\/\\\/schema.org\",\"@graph\":[{\"@type\":\"Article\",\"@id\":\"https:\\\/\\\/www.karaoketexty.cz\\\/magazin\\\/monika-absolonova-koncert-narozeniny-oslava\\\/#article\",\"isPartOf\":{\"@id\":\"https:\\\/\\\/www.karaoketexty.cz\\\/magazin\\\/monika-absolonova-koncert-narozeniny-oslava\\\/\"},\"author\":{\"name\":\"Veronika \u0160imkov\u00e1\",\"@id\":\"https:\\\/\\\/www.karaoketexty.cz\\\/magazin\\\/#\\\/schema\\\/person\\\/03220d610ed4cba378a72bac3443f821\"},\"headline\":\"Monika Absolonov\u00e1 oslav\u00ed 50. narozeniny velk\u00fdm koncertem v Praze\",\"datePublished\":\"2025-10-25T06:22:00+00:00\",\"dateModified\":\"2025-10-26T19:36:27+00:00\",\"mainEntityOfPage\":{\"@id\":\"https:\\\/\\\/www.karaoketexty.cz\\\/magazin\\\/monika-absolonova-koncert-narozeniny-oslava\\\/\"},\"wordCount\":610,\"commentCount\":0,\"image\":{\"@id\":\"https:\\\/\\\/www.karaoketexty.cz\\\/magazin\\\/monika-absolonova-koncert-narozeniny-oslava\\\/#primaryimage\"},\"thumbnailUrl\":\"https:\\\/\\\/www.karaoketexty.cz\\\/magazin\\\/wp-content\\\/uploads\\\/2025\\\/10\\\/Monika-Absolonova.jpg\",\"keywords\":[\"album L\u00e1ska\",\"Angelika\",\"cena Th\u00e1lie\",\"\u010desk\u00e1 hudba\",\"Divadlo Broadway\",\"Dracula\",\"Evita\",\"fanou\u0161ci\",\"Funny Girl\",\"Here\u010dka\",\"hudebn\u00edci\",\"Kapralova quartet\",\"Kleopatra\",\"koncert\",\"Krysa\u0159\",\"Monika Absolonov\u00e1\",\"muzik\u00e1l\",\"narozeninov\u00e1 oslava\",\"O2 Universum\",\"pades\u00e1tiny\",\"Studio DVA\",\"T\u0159i mu\u0161ket\u00fd\u0159i\",\"Turn\u00e9\",\"Vlastn\u00ed band\",\"Zp\u011bva\u010dka\"],\"articleSection\":[\"Celebrity\"],\"inLanguage\":\"cs\",\"potentialAction\":[{\"@type\":\"CommentAction\",\"name\":\"Comment\",\"target\":[\"https:\\\/\\\/www.karaoketexty.cz\\\/magazin\\\/monika-absolonova-koncert-narozeniny-oslava\\\/#respond\"]}]},{\"@type\":\"WebPage\",\"@id\":\"https:\\\/\\\/www.karaoketexty.cz\\\/magazin\\\/monika-absolonova-koncert-narozeniny-oslava\\\/\",\"url\":\"https:\\\/\\\/www.karaoketexty.cz\\\/magazin\\\/monika-absolonova-koncert-narozeniny-oslava\\\/\",\"name\":\"Monika Absolonov\u00e1 oslav\u00ed pades\u00e1tku velk\u00fdm koncertem\",\"isPartOf\":{\"@id\":\"https:\\\/\\\/www.karaoketexty.cz\\\/magazin\\\/#website\"},\"primaryImageOfPage\":{\"@id\":\"https:\\\/\\\/www.karaoketexty.cz\\\/magazin\\\/monika-absolonova-koncert-narozeniny-oslava\\\/#primaryimage\"},\"image\":{\"@id\":\"https:\\\/\\\/www.karaoketexty.cz\\\/magazin\\\/monika-absolonova-koncert-narozeniny-oslava\\\/#primaryimage\"},\"thumbnailUrl\":\"https:\\\/\\\/www.karaoketexty.cz\\\/magazin\\\/wp-content\\\/uploads\\\/2025\\\/10\\\/Monika-Absolonova.jpg\",\"datePublished\":\"2025-10-25T06:22:00+00:00\",\"dateModified\":\"2025-10-26T19:36:27+00:00\",\"author\":{\"@id\":\"https:\\\/\\\/www.karaoketexty.cz\\\/magazin\\\/#\\\/schema\\\/person\\\/03220d610ed4cba378a72bac3443f821\"},\"description\":\"Zp\u011bva\u010dka Monika Absolonov\u00e1 oslav\u00ed v p\u0159\u00ed\u0161t\u00edm roce pades\u00e1tku. Chyst\u00e1 velkolep\u00fd koncert, kde zazp\u00edv\u00e1 sv\u00e9 nejzn\u00e1m\u011bj\u0161\u00ed p\u00edsn\u011b.\",\"breadcrumb\":{\"@id\":\"https:\\\/\\\/www.karaoketexty.cz\\\/magazin\\\/monika-absolonova-koncert-narozeniny-oslava\\\/#breadcrumb\"},\"inLanguage\":\"cs\",\"potentialAction\":[{\"@type\":\"ReadAction\",\"target\":[\"https:\\\/\\\/www.karaoketexty.cz\\\/magazin\\\/monika-absolonova-koncert-narozeniny-oslava\\\/\"]}]},{\"@type\":\"ImageObject\",\"inLanguage\":\"cs\",\"@id\":\"https:\\\/\\\/www.karaoketexty.cz\\\/magazin\\\/monika-absolonova-koncert-narozeniny-oslava\\\/#primaryimage\",\"url\":\"https:\\\/\\\/www.karaoketexty.cz\\\/magazin\\\/wp-content\\\/uploads\\\/2025\\\/10\\\/Monika-Absolonova.jpg\",\"contentUrl\":\"https:\\\/\\\/www.karaoketexty.cz\\\/magazin\\\/wp-content\\\/uploads\\\/2025\\\/10\\\/Monika-Absolonova.jpg\",\"width\":1200,\"height\":675,\"caption\":\"Foto: Nextfoto, Monika Absolonov\u00e1 na k\u0159tu knihy Kucha\u0159ka ko\u0159en\u011bn\u00e1 \u017eivotem\"},{\"@type\":\"BreadcrumbList\",\"@id\":\"https:\\\/\\\/www.karaoketexty.cz\\\/magazin\\\/monika-absolonova-koncert-narozeniny-oslava\\\/#breadcrumb\",\"itemListElement\":[{\"@type\":\"ListItem\",\"position\":1,\"name\":\"Dom\u016f\",\"item\":\"https:\\\/\\\/www.karaoketexty.cz\\\/magazin\\\/\"},{\"@type\":\"ListItem\",\"position\":2,\"name\":\"Monika Absolonov\u00e1 oslav\u00ed 50. narozeniny velk\u00fdm koncertem v Praze\"}]},{\"@type\":\"WebSite\",\"@id\":\"https:\\\/\\\/www.karaoketexty.cz\\\/magazin\\\/#website\",\"url\":\"https:\\\/\\\/www.karaoketexty.cz\\\/magazin\\\/\",\"name\":\"Stars Magaz\u00edn Karaoketexty.cz\",\"description\":\"Stars Magaz\u00edn na Karaoketexty.cz je zam\u011b\u0159en\u00fd na novinky ze sv\u011bta hudby a celebrit. Obsahuje \u010dl\u00e1nky o zp\u011bv\u00e1c\u00edch, kapel\u00e1ch, nov\u00fdch albech, hudebn\u00edch trendech a dal\u0161\u00edch zaj\u00edmavostech z hudebn\u00edho pr\u016fmyslu.\",\"potentialAction\":[{\"@type\":\"SearchAction\",\"target\":{\"@type\":\"EntryPoint\",\"urlTemplate\":\"https:\\\/\\\/www.karaoketexty.cz\\\/magazin\\\/?s={search_term_string}\"},\"query-input\":{\"@type\":\"PropertyValueSpecification\",\"valueRequired\":true,\"valueName\":\"search_term_string\"}}],\"inLanguage\":\"cs\"},{\"@type\":\"Person\",\"@id\":\"https:\\\/\\\/www.karaoketexty.cz\\\/magazin\\\/#\\\/schema\\\/person\\\/03220d610ed4cba378a72bac3443f821\",\"name\":\"Veronika \u0160imkov\u00e1\",\"image\":{\"@type\":\"ImageObject\",\"inLanguage\":\"cs\",\"@id\":\"https:\\\/\\\/secure.gravatar.com\\\/avatar\\\/62af9cda83322200aaf20e60d0442fbca254ce18c0ffdcaaf83de31493c941a5?s=96&d=mm&r=g\",\"url\":\"https:\\\/\\\/secure.gravatar.com\\\/avatar\\\/62af9cda83322200aaf20e60d0442fbca254ce18c0ffdcaaf83de31493c941a5?s=96&d=mm&r=g\",\"contentUrl\":\"https:\\\/\\\/secure.gravatar.com\\\/avatar\\\/62af9cda83322200aaf20e60d0442fbca254ce18c0ffdcaaf83de31493c941a5?s=96&d=mm&r=g\",\"caption\":\"Veronika \u0160imkov\u00e1\"},\"url\":\"https:\\\/\\\/www.karaoketexty.cz\\\/magazin\\\/author\\\/veronikasimkova\\\/\"}]}<\/script>\n<!-- \/ Yoast SEO plugin. -->","yoast_head_json":{"title":"Monika Absolonov\u00e1 oslav\u00ed pades\u00e1tku velk\u00fdm koncertem","description":"Zp\u011bva\u010dka Monika Absolonov\u00e1 oslav\u00ed v p\u0159\u00ed\u0161t\u00edm roce pades\u00e1tku. Chyst\u00e1 velkolep\u00fd koncert, kde zazp\u00edv\u00e1 sv\u00e9 nejzn\u00e1m\u011bj\u0161\u00ed p\u00edsn\u011b.","robots":{"index":"index","follow":"follow","max-snippet":"max-snippet:-1","max-image-preview":"max-image-preview:large","max-video-preview":"max-video-preview:-1"},"canonical":"https:\/\/www.karaoketexty.cz\/magazin\/monika-absolonova-koncert-narozeniny-oslava\/","og_locale":"cs_CZ","og_type":"article","og_title":"Monika Absolonov\u00e1 oslav\u00ed pades\u00e1tku velk\u00fdm koncertem","og_description":"Zp\u011bva\u010dka Monika Absolonov\u00e1 oslav\u00ed v p\u0159\u00ed\u0161t\u00edm roce pades\u00e1tku. Chyst\u00e1 velkolep\u00fd koncert, kde zazp\u00edv\u00e1 sv\u00e9 nejzn\u00e1m\u011bj\u0161\u00ed p\u00edsn\u011b.","og_url":"https:\/\/www.karaoketexty.cz\/magazin\/monika-absolonova-koncert-narozeniny-oslava\/","og_site_name":"Stars Magaz\u00edn Karaoketexty.cz","article_published_time":"2025-10-25T06:22:00+00:00","article_modified_time":"2025-10-26T19:36:27+00:00","og_image":[{"width":1200,"height":675,"url":"https:\/\/www.karaoketexty.cz\/magazin\/wp-content\/uploads\/2025\/10\/Monika-Absolonova.jpg","type":"image\/jpeg"}],"author":"Veronika \u0160imkov\u00e1","twitter_card":"summary_large_image","twitter_misc":{"Napsal(a)":"Veronika \u0160imkov\u00e1","Odhadovan\u00e1 doba \u010dten\u00ed":"8 minut"},"schema":{"@context":"https:\/\/schema.org","@graph":[{"@type":"Article","@id":"https:\/\/www.karaoketexty.cz\/magazin\/monika-absolonova-koncert-narozeniny-oslava\/#article","isPartOf":{"@id":"https:\/\/www.karaoketexty.cz\/magazin\/monika-absolonova-koncert-narozeniny-oslava\/"},"author":{"name":"Veronika \u0160imkov\u00e1","@id":"https:\/\/www.karaoketexty.cz\/magazin\/#\/schema\/person\/03220d610ed4cba378a72bac3443f821"},"headline":"Monika Absolonov\u00e1 oslav\u00ed 50. narozeniny velk\u00fdm koncertem v Praze","datePublished":"2025-10-25T06:22:00+00:00","dateModified":"2025-10-26T19:36:27+00:00","mainEntityOfPage":{"@id":"https:\/\/www.karaoketexty.cz\/magazin\/monika-absolonova-koncert-narozeniny-oslava\/"},"wordCount":610,"commentCount":0,"image":{"@id":"https:\/\/www.karaoketexty.cz\/magazin\/monika-absolonova-koncert-narozeniny-oslava\/#primaryimage"},"thumbnailUrl":"https:\/\/www.karaoketexty.cz\/magazin\/wp-content\/uploads\/2025\/10\/Monika-Absolonova.jpg","keywords":["album L\u00e1ska","Angelika","cena Th\u00e1lie","\u010desk\u00e1 hudba","Divadlo Broadway","Dracula","Evita","fanou\u0161ci","Funny Girl","Here\u010dka","hudebn\u00edci","Kapralova quartet","Kleopatra","koncert","Krysa\u0159","Monika Absolonov\u00e1","muzik\u00e1l","narozeninov\u00e1 oslava","O2 Universum","pades\u00e1tiny","Studio DVA","T\u0159i mu\u0161ket\u00fd\u0159i","Turn\u00e9","Vlastn\u00ed band","Zp\u011bva\u010dka"],"articleSection":["Celebrity"],"inLanguage":"cs","potentialAction":[{"@type":"CommentAction","name":"Comment","target":["https:\/\/www.karaoketexty.cz\/magazin\/monika-absolonova-koncert-narozeniny-oslava\/#respond"]}]},{"@type":"WebPage","@id":"https:\/\/www.karaoketexty.cz\/magazin\/monika-absolonova-koncert-narozeniny-oslava\/","url":"https:\/\/www.karaoketexty.cz\/magazin\/monika-absolonova-koncert-narozeniny-oslava\/","name":"Monika Absolonov\u00e1 oslav\u00ed pades\u00e1tku velk\u00fdm koncertem","isPartOf":{"@id":"https:\/\/www.karaoketexty.cz\/magazin\/#website"},"primaryImageOfPage":{"@id":"https:\/\/www.karaoketexty.cz\/magazin\/monika-absolonova-koncert-narozeniny-oslava\/#primaryimage"},"image":{"@id":"https:\/\/www.karaoketexty.cz\/magazin\/monika-absolonova-koncert-narozeniny-oslava\/#primaryimage"},"thumbnailUrl":"https:\/\/www.karaoketexty.cz\/magazin\/wp-content\/uploads\/2025\/10\/Monika-Absolonova.jpg","datePublished":"2025-10-25T06:22:00+00:00","dateModified":"2025-10-26T19:36:27+00:00","author":{"@id":"https:\/\/www.karaoketexty.cz\/magazin\/#\/schema\/person\/03220d610ed4cba378a72bac3443f821"},"description":"Zp\u011bva\u010dka Monika Absolonov\u00e1 oslav\u00ed v p\u0159\u00ed\u0161t\u00edm roce pades\u00e1tku. Chyst\u00e1 velkolep\u00fd koncert, kde zazp\u00edv\u00e1 sv\u00e9 nejzn\u00e1m\u011bj\u0161\u00ed p\u00edsn\u011b.","breadcrumb":{"@id":"https:\/\/www.karaoketexty.cz\/magazin\/monika-absolonova-koncert-narozeniny-oslava\/#breadcrumb"},"inLanguage":"cs","potentialAction":[{"@type":"ReadAction","target":["https:\/\/www.karaoketexty.cz\/magazin\/monika-absolonova-koncert-narozeniny-oslava\/"]}]},{"@type":"ImageObject","inLanguage":"cs","@id":"https:\/\/www.karaoketexty.cz\/magazin\/monika-absolonova-koncert-narozeniny-oslava\/#primaryimage","url":"https:\/\/www.karaoketexty.cz\/magazin\/wp-content\/uploads\/2025\/10\/Monika-Absolonova.jpg","contentUrl":"https:\/\/www.karaoketexty.cz\/magazin\/wp-content\/uploads\/2025\/10\/Monika-Absolonova.jpg","width":1200,"height":675,"caption":"Foto: Nextfoto, Monika Absolonov\u00e1 na k\u0159tu knihy Kucha\u0159ka ko\u0159en\u011bn\u00e1 \u017eivotem"},{"@type":"BreadcrumbList","@id":"https:\/\/www.karaoketexty.cz\/magazin\/monika-absolonova-koncert-narozeniny-oslava\/#breadcrumb","itemListElement":[{"@type":"ListItem","position":1,"name":"Dom\u016f","item":"https:\/\/www.karaoketexty.cz\/magazin\/"},{"@type":"ListItem","position":2,"name":"Monika Absolonov\u00e1 oslav\u00ed 50. narozeniny velk\u00fdm koncertem v Praze"}]},{"@type":"WebSite","@id":"https:\/\/www.karaoketexty.cz\/magazin\/#website","url":"https:\/\/www.karaoketexty.cz\/magazin\/","name":"Stars Magaz\u00edn Karaoketexty.cz","description":"Stars Magaz\u00edn na Karaoketexty.cz je zam\u011b\u0159en\u00fd na novinky ze sv\u011bta hudby a celebrit. Obsahuje \u010dl\u00e1nky o zp\u011bv\u00e1c\u00edch, kapel\u00e1ch, nov\u00fdch albech, hudebn\u00edch trendech a dal\u0161\u00edch zaj\u00edmavostech z hudebn\u00edho pr\u016fmyslu.","potentialAction":[{"@type":"SearchAction","target":{"@type":"EntryPoint","urlTemplate":"https:\/\/www.karaoketexty.cz\/magazin\/?s={search_term_string}"},"query-input":{"@type":"PropertyValueSpecification","valueRequired":true,"valueName":"search_term_string"}}],"inLanguage":"cs"},{"@type":"Person","@id":"https:\/\/www.karaoketexty.cz\/magazin\/#\/schema\/person\/03220d610ed4cba378a72bac3443f821","name":"Veronika \u0160imkov\u00e1","image":{"@type":"ImageObject","inLanguage":"cs","@id":"https:\/\/secure.gravatar.com\/avatar\/62af9cda83322200aaf20e60d0442fbca254ce18c0ffdcaaf83de31493c941a5?s=96&d=mm&r=g","url":"https:\/\/secure.gravatar.com\/avatar\/62af9cda83322200aaf20e60d0442fbca254ce18c0ffdcaaf83de31493c941a5?s=96&d=mm&r=g","contentUrl":"https:\/\/secure.gravatar.com\/avatar\/62af9cda83322200aaf20e60d0442fbca254ce18c0ffdcaaf83de31493c941a5?s=96&d=mm&r=g","caption":"Veronika \u0160imkov\u00e1"},"url":"https:\/\/www.karaoketexty.cz\/magazin\/author\/veronikasimkova\/"}]}},"_links":{"self":[{"href":"https:\/\/www.karaoketexty.cz\/magazin\/wp-json\/wp\/v2\/posts\/3715","targetHints":{"allow":["GET"]}}],"collection":[{"href":"https:\/\/www.karaoketexty.cz\/magazin\/wp-json\/wp\/v2\/posts"}],"about":[{"href":"https:\/\/www.karaoketexty.cz\/magazin\/wp-json\/wp\/v2\/types\/post"}],"author":[{"embeddable":true,"href":"https:\/\/www.karaoketexty.cz\/magazin\/wp-json\/wp\/v2\/users\/5"}],"replies":[{"embeddable":true,"href":"https:\/\/www.karaoketexty.cz\/magazin\/wp-json\/wp\/v2\/comments?post=3715"}],"version-history":[{"count":7,"href":"https:\/\/www.karaoketexty.cz\/magazin\/wp-json\/wp\/v2\/posts\/3715\/revisions"}],"predecessor-version":[{"id":4090,"href":"https:\/\/www.karaoketexty.cz\/magazin\/wp-json\/wp\/v2\/posts\/3715\/revisions\/4090"}],"wp:featuredmedia":[{"embeddable":true,"href":"https:\/\/www.karaoketexty.cz\/magazin\/wp-json\/wp\/v2\/media\/3718"}],"wp:attachment":[{"href":"https:\/\/www.karaoketexty.cz\/magazin\/wp-json\/wp\/v2\/media?parent=3715"}],"wp:term":[{"taxonomy":"category","embeddable":true,"href":"https:\/\/www.karaoketexty.cz\/magazin\/wp-json\/wp\/v2\/categories?post=3715"},{"taxonomy":"post_tag","embeddable":true,"href":"https:\/\/www.karaoketexty.cz\/magazin\/wp-json\/wp\/v2\/tags?post=3715"}],"curies":[{"name":"wp","href":"https:\/\/api.w.org\/{rel}","templated":true}]}}