{"id":3650,"date":"2025-10-31T14:58:00","date_gmt":"2025-10-31T13:58:00","guid":{"rendered":"https:\/\/www.karaoketexty.cz\/magazin\/?p=3650"},"modified":"2025-10-30T10:17:31","modified_gmt":"2025-10-30T09:17:31","slug":"kuba-ryba-z-rybicek-48-slavi-ctyricatiny-plni-si-sny-z-mladi-a-citi-se-skvele","status":"publish","type":"post","link":"https:\/\/www.karaoketexty.cz\/magazin\/kuba-ryba-z-rybicek-48-slavi-ctyricatiny-plni-si-sny-z-mladi-a-citi-se-skvele\/","title":{"rendered":"Kuba Ryba z Rybi\u010dek 48 slav\u00ed \u010dty\u0159ic\u00e1tiny: Pln\u00ed si sny z ml\u00e1d\u00ed a c\u00edt\u00ed se skv\u011ble"},"content":{"rendered":"\n<p><strong>Energick\u00fd Kuba Ryba, frontman popul\u00e1rn\u00ed kapely Rybi\u010dky 48, oslavil \u010dty\u0159ic\u00e1t\u00e9 narozeniny, a jak s\u00e1m \u0159\u00edk\u00e1, je ve sv\u00e9 nejlep\u0161\u00ed form\u011b.<\/strong><\/p>\n\n\n\n<p>Kuba Ryba oslavil v\u00fdznamn\u00e9 \u017eivotn\u00ed jubileum po sv\u00e9m, a to s \u00fasm\u011bvem, sebereflex\u00ed a samoz\u0159ejm\u011b s hudbou, jak n\u00e1m v redakci Karaoketexty.cz neuniklo. \u201e<em>C\u00edt\u00edm se dob\u0159e a a\u017e na b\u011b\u017en\u00e9 opot\u0159eben\u00ed materi\u00e1lu se vlastn\u011b c\u00edt\u00edm nejl\u00edp, jak jsem se kdy c\u00edtil. A\u017e to mus\u00edm z pov\u011br\u010divosti zaklepat,<\/em>\u201c napsal zp\u011bv\u00e1k na soci\u00e1ln\u00ed s\u00edt\u011b s typick\u00fdm nadhledem.<\/p>\n\n\n<!-- karaoketexty.cz \/ rectangle2 -->\n<div id=\"PX_37086_709110796310826\"><\/div>\n<script>\n   if(!useMobileAds && !boolUseSeznamAds && !hideAllAds){\n     window.px2 = window.px2 || { conf: {},queue: [] };\n     px2.queue.push(function () {\n        px2.render({\n           slot: {\n              id: 37086\n           },\n            elem: \"PX_37086_709110796310826\"\n        })\n     });\n  }\n<\/script>\n\n<!-- karaoketexty.cz \/ mobile-rectangle3 -->\n<div id=\"PX_37044_714599773297004\"><\/div>\n<script>\n   if(useMobileAds && !boolUseSeznamAds && !hideAllAds){\nwindow.px2 = window.px2 || { conf: {},queue: [] };\npx2.queue.push(function () {\n\tpx2.render({\n\t\tslot: {\n\t\t\tid: 37044\n\t\t},\n\t\telem: \"PX_37044_714599773297004\"\n\t})\n});\n}\n<\/script>\n\n\n<h2 class=\"wp-block-heading\">Bilance \u010dty\u0159ic\u00e1tn\u00edka, kter\u00fd ni\u010deho nelituje<\/h2>\n\n\n\n<p>Za sv\u016fj \u017eivot je vd\u011b\u010dn\u00fd p\u0159edev\u0161\u00edm rodin\u011b. Mamince, man\u017eelce, sest\u0159e a mal\u00e9mu synovi. Nezapom\u00edn\u00e1 ale ani na sv\u00e9 kamar\u00e1dy a kapelu, kter\u00e1 je u\u017e roky jeho druhou rodinou. <em>\u201eKdybych mohl m\u00edt p\u0159\u00e1n\u00ed, tak je to snad jen zdrav\u00ed pro mn\u011b a m\u00e9 bl\u00edzk\u00e9,\u201c<\/em> dodal s pokorou \u010dlov\u011bk, kter\u00fd m\u00e1 za sebou nejen des\u00edtky hit\u016f, ale i nelehk\u00e1 obdob\u00ed spojen\u00e1 se zdrav\u00edm jako probl\u00e9my s refluxem nebo depresivn\u00ed epizody, o nich\u017e mluvil otev\u0159en\u011b u\u017e d\u0159\u00edve.<\/p>\n\n\n\n<p>Oslavu 40. narozenin pojal Ryba stylov\u011b. Vydal nov\u00fd singl \u201eJ\u00e1 dneska slav\u00edm\u201c s v\u00fdrazn\u00fdm videoklipem. Na nat\u00e1\u010den\u00ed pozval i d\u00edv\u010d\u00ed skupinu Holki, co\u017e pro n\u011bj byla d\u00e1vno vysn\u011bn\u00e1 spolupr\u00e1ce. <em>\u201eTo, \u017ee tam jsou s n\u00e1mi holky z kapely Holki, je jedno z p\u0159\u00e1n\u00ed na m\u00fdm wish listu, kter\u00fd jsem si za\u010dal ps\u00e1t v den sv\u00fdch dvac\u00e1t\u00fdch narozenin,\u201c<\/em> prozradil Ryba. Spolupr\u00e1ce vznikla spont\u00e1nn\u011b po jedn\u00e9 spole\u010dn\u00e9 p\u00e1rty.<\/p>\n\n\n<!-- karaoketexty.cz \/ interscroller1 -->\n\n<div id=\"PX_37041_825057871452834\"><\/div>\n<script>\nif(useMobileAds && !boolUseSeznamAds && !hideAllAds){\n\twindow.px2 = window.px2 || { conf: {},queue: [] };\n\tpx2.queue.push(function () {\n\t\tpx2.render({\n\t\t\tslot: {\n\t\t\t\tid: 37041\n\t\t\t},\n\t\t\telem: \"PX_37041_825057871452834\"\n\t\t})\n\t});\n}\n<\/script>\n\n\n<p>Zp\u011bv\u00e1k se tak symbolicky vr\u00e1til ke sv\u00e9mu seznamu p\u0159\u00e1n\u00ed, kter\u00fd si kdysi psal do sv\u00fdch 24 let. Na pap\u00ed\u0159e m\u011bl mix v\u00e1\u017en\u00fdch i z\u00e1bavn\u00fdch sn\u016f, r\u016fzn\u00e9 hudebn\u00ed mety, ale i odleh\u010den\u00e9 n\u00e1pady, kter\u00e9 tehdy bral s humorem. Nyn\u00ed si m\u016f\u017ee od\u0161krtnout skoro v\u0161e. Je\u0161t\u011b letos si splnil dal\u0161\u00ed bod, a to vystoupen\u00ed v seri\u00e1lu Ulice, nat\u00e1\u010den\u00ed bylo toti\u017e v pl\u00e1nu na konec srpna.<\/p>\n\n\n\n<h2 class=\"wp-block-heading\">\u010cty\u0159ic\u00edtka jako nov\u00fd za\u010d\u00e1tek<\/h2>\n\n\n\n<p>Kuba Ryba se v\u0161ak neboj\u00ed pl\u00e1novat d\u00e1l. <em>\u201eVlastn\u011b v\u0161echno ze seznamu jsem si splnil, jen to Bufo Alvarius si nech\u00e1v\u00e1m na wish list do 60 let, kter\u00fd za\u010d\u00edn\u00e1m ps\u00e1t te\u010f. A taky to p\u0159est\u00e1n\u00ed s kou\u0159en\u00edm, co\u017e bude t\u011b\u017ek\u00fd, ale jdu na to,\u201c<\/em> \u0159\u00edk\u00e1 s typick\u00fdm sm\u00edchem. Jeho p\u0159\u00edstup k \u017eivotu je up\u0159\u00edmn\u00fd, pokorn\u00fd a pozitivn\u00ed. <em>\u201eP\u0159ejte si, jd\u011bte tomu naproti a v\u011b\u0159te tomu. Bude spln\u011bno,\u201c<\/em> vzk\u00e1zal fanou\u0161k\u016fm a dal t\u00edm jasn\u011b najevo, \u017ee sny se nepln\u00ed samy, ale je pot\u0159eba si pro n\u011b doj\u00edt.<\/p>\n\n\n\n<iframe src=\"https:\/\/www.facebook.com\/plugins\/post.php?href=https%3A%2F%2Fwww.facebook.com%2Fkuba.ryba.92%2Fposts%2Fpfbid0svgtnES15EqRz18dJS5j9fzme9dRGnSX1jE4fYksJ8sdZH72U7Jp9K85E69FmaL9l&#038;show_text=true&#038;width=500\" width=\"500\" height=\"780\" style=\"border:none;overflow:hidden\" scrolling=\"no\" frameborder=\"0\" allowfullscreen=\"true\" allow=\"autoplay; clipboard-write; encrypted-media; picture-in-picture; web-share\"><\/iframe>\n\n\n\n<p>Za \u00fasm\u011bvem a energi\u00ed, kterou Kuba rozd\u00e1v\u00e1 na p\u00f3diu, se v\u0161ak ukr\u00fdvaj\u00ed i t\u011b\u017e\u0161\u00ed chvilky. Kdysi otev\u0159en\u011b p\u0159iznal, \u017ee bojoval s depresemi a \u00fazkostmi, kter\u00e9 ho p\u0159ivedly a\u017e na dno. Pomohla mu terapie, pobyt v p\u0159\u00edrod\u011b, ale i spiritu\u00e1ln\u00ed cesta do Peru, kde pod veden\u00edm \u0161amana hledal vnit\u0159n\u00ed klid. Zku\u0161enost ho pr\u00fd zm\u011bnila natolik, \u017ee dnes dok\u00e1\u017ee br\u00e1t \u017eivot s v\u011bt\u0161\u00edm nadhledem.<\/p>\n\n\n\n<h2 class=\"wp-block-heading\">Kuba Ryba, srdce kapely Rybi\u010dky 48<\/h2>\n\n\n\n<p>Kuba Ryba, vlastn\u00edm jm\u00e9nem Jakub Ryba, je zakladatelem, zp\u011bv\u00e1kem a hlavn\u00edm autorem text\u016f skupiny Rybi\u010dky 48, kter\u00e1 vznikla v roce 2002 v Kutn\u00e9 Ho\u0159e. Z p\u016fvodn\u011b studentsk\u00e9ho punk-rockov\u00e9ho projektu se b\u011bhem let stala jedna z nejpopul\u00e1rn\u011bj\u0161\u00edch \u010desk\u00fdch kapel, kter\u00e1 dok\u00e1\u017ee vyprodat nejv\u011bt\u0161\u00ed haly a festivaly.<\/p>\n\n\n\n<p>Ryba je zn\u00e1m\u00fd sv\u00fdm smyslem pro humor, nefal\u0161ovanou up\u0159\u00edmnost\u00ed a schopnost\u00ed kombinovat chytlav\u00e9 melodie s texty, kter\u00e9 maj\u00ed srdce. P\u00edsn\u011b jako Zamilovan\u00fd\/Ne\u0161\u0165astn\u00e1, Emily, Slibuju, \u017ee nebudu p\u00edt nebo L\u00e9to se staly genera\u010dn\u00edmi hym\u00adnami. A pr\u00e1v\u011b d\u00edky tomu m\u00e1 kapela obrovsky \u0161irokou fanou\u0161kovskou z\u00e1kladnu \u2013 od teenager\u016f po jejich rodi\u010de.<\/p>\n\n\n\n<p>Zdroj: Autorsk\u00fd text, <a href=\"https:\/\/cs.wikipedia.org\/wiki\/Kuba_Ryba\" target=\"_blank\" rel=\"noreferrer noopener nofollow\">Wikipedie<\/a>, <a href=\"https:\/\/www.idnes.cz\/zpravy\/revue\/spolecnost\/kuba-ryba-rybicky-48-lymfangiom-reflux-deprese-saman-peru-ayahuasca.A240514_125434_lidicky_nh\" target=\"_blank\" rel=\"noreferrer noopener nofollow\">iDnes<\/a>, <a href=\"https:\/\/www.facebook.com\/kuba.ryba.92\" target=\"_blank\" rel=\"noreferrer noopener nofollow\">Facebook Kuby Ryby<\/a><\/p>\n\n\n            <a href=\"https:\/\/www.karaoketexty.cz\/magazin\/rybicky-48-chystaji-nove-album-s-nazvem-big-byt-za-kmotry-bude-skupina-kabat\/\" class=\"related-post-link\">\n                <div class=\"post-thumbnail\">\n                    <img decoding=\"async\" width=\"250\" height=\"167\" src=\"https:\/\/www.karaoketexty.cz\/magazin\/wp-content\/uploads\/2025\/09\/rybicky-48.jpg\" class=\"attachment-250x180 size-250x180 not-transparent\" alt=\"Kapela Rybi\u010dky 48\" srcset=\"https:\/\/www.karaoketexty.cz\/magazin\/wp-content\/uploads\/2025\/09\/rybicky-48.jpg 1200w, https:\/\/www.karaoketexty.cz\/magazin\/wp-content\/uploads\/2025\/09\/rybicky-48-300x200.jpg 300w, https:\/\/www.karaoketexty.cz\/magazin\/wp-content\/uploads\/2025\/09\/rybicky-48-1024x683.jpg 1024w, https:\/\/www.karaoketexty.cz\/magazin\/wp-content\/uploads\/2025\/09\/rybicky-48-768x512.jpg 768w, https:\/\/www.karaoketexty.cz\/magazin\/wp-content\/uploads\/2025\/09\/rybicky-48-800x533.jpg 800w\" sizes=\"(max-width: 250px) 100vw, 250px\" data-has-transparency=\"false\" data-dominant-color=\"523d3b\" style=\"--dominant-color: #523d3b;\" \/>                <\/div>\n                <div class=\"post-details\">\n                    <span class=\"also-read\">\u010ct\u011bte tak\u00e9:<\/span>\n                    <h3 class=\"hed\">Rybi\u010dky 48 chystaj\u00ed nov\u00e9 album s n\u00e1zvem Big\/B\u00fdt. Za kmotry bude skupina Kab\u00e1t<\/h3>\n                <\/div>\n            <\/a>\n            \n\n            <a href=\"https:\/\/www.karaoketexty.cz\/magazin\/miley-cyrus-majetek-jmeni\/\" class=\"related-post-link\">\n                <div class=\"post-thumbnail\">\n                    <img decoding=\"async\" width=\"250\" height=\"141\" src=\"https:\/\/www.karaoketexty.cz\/magazin\/wp-content\/uploads\/2025\/08\/Miley-Cyrus.jpg\" class=\"attachment-250x180 size-250x180 not-transparent\" alt=\"Fotografie Miley Cyrus\" srcset=\"https:\/\/www.karaoketexty.cz\/magazin\/wp-content\/uploads\/2025\/08\/Miley-Cyrus.jpg 1200w, https:\/\/www.karaoketexty.cz\/magazin\/wp-content\/uploads\/2025\/08\/Miley-Cyrus-300x169.jpg 300w, https:\/\/www.karaoketexty.cz\/magazin\/wp-content\/uploads\/2025\/08\/Miley-Cyrus-1024x576.jpg 1024w, https:\/\/www.karaoketexty.cz\/magazin\/wp-content\/uploads\/2025\/08\/Miley-Cyrus-768x432.jpg 768w, https:\/\/www.karaoketexty.cz\/magazin\/wp-content\/uploads\/2025\/08\/Miley-Cyrus-800x450.jpg 800w\" sizes=\"(max-width: 250px) 100vw, 250px\" data-has-transparency=\"false\" data-dominant-color=\"42435e\" style=\"--dominant-color: #42435e;\" \/>                <\/div>\n                <div class=\"post-details\">\n                    <span class=\"also-read\">\u010ct\u011bte tak\u00e9:<\/span>\n                    <h3 class=\"hed\">Jak\u00e9 je jm\u011bn\u00ed zp\u011bva\u010dky Miley Cyrus k roku 2025?<\/h3>\n                <\/div>\n            <\/a>\n            ","protected":false},"excerpt":{"rendered":"<p>Energetick\u00fd Kuba Ryba, frontman popul\u00e1rn\u00ed kapely Rybi\u010dky 48, oslavil \u010dty\u0159ic\u00e1t\u00e9 narozeniny a jak s\u00e1m \u0159\u00edk\u00e1, je ve sv\u00e9 nejlep\u0161\u00ed form\u011b.<\/p>\n","protected":false},"author":6,"featured_media":4152,"comment_status":"open","ping_status":"closed","sticky":false,"template":"","format":"standard","meta":{"_yoast_wpseo_title":"Kuby Ryba z Rybi\u010dek 48 oslavil \u010dty\u0159ic\u00e1tiny a c\u00edt\u00ed se skv\u011ble","_yoast_wpseo_metadesc":"Energick\u00fd Kuba Ryba, frontman popul\u00e1rn\u00ed kapely Rybi\u010dky 48, oslavil \u010dty\u0159ic\u00e1t\u00e9 narozeniny a jak s\u00e1m \u0159\u00edk\u00e1, je ve sv\u00e9 nejlep\u0161\u00ed form\u011b.","footnotes":""},"categories":[1059],"tags":[571,1610,4065,645,795,698,680,4066,693,490,2236,2240,332,412,1927,4068,4070,2234,2233,4069,4067,850,940,4073,524,4072,4071,11],"class_list":["post-3650","post","type-post","status-publish","format-standard","has-post-thumbnail","hentry","category-celebrity","tag-ceska-hudba","tag-ceska-kapela","tag-ctyricate-narozeniny","tag-deprese","tag-dusevni-zdravi","tag-fanousci","tag-frontman","tag-holki","tag-humor","tag-koncerty","tag-kuba-ryba","tag-kutna-hora","tag-narozeniny","tag-novy-singl","tag-osobni-rust","tag-peru","tag-pozitivni-pristup","tag-punk-rock","tag-rybicky-48","tag-saman","tag-spiritualni-cesta","tag-spoluprace","tag-terapie","tag-textar","tag-videoklip","tag-wish-list","tag-zivotni-bilance","tag-zpevak"],"yoast_head":"<!-- This site is optimized with the Yoast SEO plugin v27.5 - https:\/\/yoast.com\/product\/yoast-seo-wordpress\/ -->\n<title>Kuby Ryba z Rybi\u010dek 48 oslavil \u010dty\u0159ic\u00e1tiny a c\u00edt\u00ed se skv\u011ble<\/title>\n<meta name=\"description\" content=\"Energick\u00fd Kuba Ryba, frontman popul\u00e1rn\u00ed kapely Rybi\u010dky 48, oslavil \u010dty\u0159ic\u00e1t\u00e9 narozeniny a jak s\u00e1m \u0159\u00edk\u00e1, je ve sv\u00e9 nejlep\u0161\u00ed form\u011b.\" \/>\n<meta name=\"robots\" content=\"index, follow, max-snippet:-1, max-image-preview:large, max-video-preview:-1\" \/>\n<link rel=\"canonical\" href=\"https:\/\/www.karaoketexty.cz\/magazin\/kuba-ryba-z-rybicek-48-slavi-ctyricatiny-plni-si-sny-z-mladi-a-citi-se-skvele\/\" \/>\n<meta property=\"og:locale\" content=\"cs_CZ\" \/>\n<meta property=\"og:type\" content=\"article\" \/>\n<meta property=\"og:title\" content=\"Kuby Ryba z Rybi\u010dek 48 oslavil \u010dty\u0159ic\u00e1tiny a c\u00edt\u00ed se skv\u011ble\" \/>\n<meta property=\"og:description\" content=\"Energick\u00fd Kuba Ryba, frontman popul\u00e1rn\u00ed kapely Rybi\u010dky 48, oslavil \u010dty\u0159ic\u00e1t\u00e9 narozeniny a jak s\u00e1m \u0159\u00edk\u00e1, je ve sv\u00e9 nejlep\u0161\u00ed form\u011b.\" \/>\n<meta property=\"og:url\" content=\"https:\/\/www.karaoketexty.cz\/magazin\/kuba-ryba-z-rybicek-48-slavi-ctyricatiny-plni-si-sny-z-mladi-a-citi-se-skvele\/\" \/>\n<meta property=\"og:site_name\" content=\"Stars Magaz\u00edn Karaoketexty.cz\" \/>\n<meta property=\"article:published_time\" content=\"2025-10-31T13:58:00+00:00\" \/>\n<meta property=\"og:image\" content=\"https:\/\/www.karaoketexty.cz\/magazin\/wp-content\/uploads\/2025\/10\/2048px-Michal_Brener_ze_skupiny_Rybicky_48_na_Polanka_festu_v_Trebici.jpg\" \/>\n\t<meta property=\"og:image:width\" content=\"2048\" \/>\n\t<meta property=\"og:image:height\" content=\"1365\" \/>\n\t<meta property=\"og:image:type\" content=\"image\/jpeg\" \/>\n<meta name=\"author\" content=\"Franti\u0161ek Zahradn\u00ed\u010dek\" \/>\n<meta name=\"twitter:card\" content=\"summary_large_image\" \/>\n<meta name=\"twitter:label1\" content=\"Napsal(a)\" \/>\n\t<meta name=\"twitter:data1\" content=\"Franti\u0161ek Zahradn\u00ed\u010dek\" \/>\n\t<meta name=\"twitter:label2\" content=\"Odhadovan\u00e1 doba \u010dten\u00ed\" \/>\n\t<meta name=\"twitter:data2\" content=\"4 minuty\" \/>\n<script type=\"application\/ld+json\" class=\"yoast-schema-graph\">{\"@context\":\"https:\\\/\\\/schema.org\",\"@graph\":[{\"@type\":\"Article\",\"@id\":\"https:\\\/\\\/www.karaoketexty.cz\\\/magazin\\\/kuba-ryba-z-rybicek-48-slavi-ctyricatiny-plni-si-sny-z-mladi-a-citi-se-skvele\\\/#article\",\"isPartOf\":{\"@id\":\"https:\\\/\\\/www.karaoketexty.cz\\\/magazin\\\/kuba-ryba-z-rybicek-48-slavi-ctyricatiny-plni-si-sny-z-mladi-a-citi-se-skvele\\\/\"},\"author\":{\"name\":\"Franti\u0161ek Zahradn\u00ed\u010dek\",\"@id\":\"https:\\\/\\\/www.karaoketexty.cz\\\/magazin\\\/#\\\/schema\\\/person\\\/69d871cedc122c98723e0f5e1f73fa16\"},\"headline\":\"Kuba Ryba z Rybi\u010dek 48 slav\u00ed \u010dty\u0159ic\u00e1tiny: Pln\u00ed si sny z ml\u00e1d\u00ed a c\u00edt\u00ed se skv\u011ble\",\"datePublished\":\"2025-10-31T13:58:00+00:00\",\"mainEntityOfPage\":{\"@id\":\"https:\\\/\\\/www.karaoketexty.cz\\\/magazin\\\/kuba-ryba-z-rybicek-48-slavi-ctyricatiny-plni-si-sny-z-mladi-a-citi-se-skvele\\\/\"},\"wordCount\":733,\"commentCount\":0,\"image\":{\"@id\":\"https:\\\/\\\/www.karaoketexty.cz\\\/magazin\\\/kuba-ryba-z-rybicek-48-slavi-ctyricatiny-plni-si-sny-z-mladi-a-citi-se-skvele\\\/#primaryimage\"},\"thumbnailUrl\":\"https:\\\/\\\/www.karaoketexty.cz\\\/magazin\\\/wp-content\\\/uploads\\\/2025\\\/10\\\/2048px-Michal_Brener_ze_skupiny_Rybicky_48_na_Polanka_festu_v_Trebici.jpg\",\"keywords\":[\"\u010desk\u00e1 hudba\",\"\u010desk\u00e1 kapela\",\"\u010dty\u0159ic\u00e1t\u00e9 narozeniny\",\"deprese\",\"du\u0161evn\u00ed zdrav\u00ed\",\"fanou\u0161ci\",\"frontman\",\"Holki\",\"humor\",\"koncerty\",\"Kuba Ryba\",\"Kutn\u00e1 Hora\",\"Narozeniny\",\"nov\u00fd singl\",\"osobn\u00ed r\u016fst\",\"Peru\",\"pozitivn\u00ed p\u0159\u00edstup\",\"punk-rock\",\"Rybi\u010dky 48\",\"\u0161aman\",\"spiritu\u00e1ln\u00ed cesta\",\"spolupr\u00e1ce\",\"terapie\",\"texta\u0159\",\"videoklip\",\"wish list\",\"\u017eivotn\u00ed bilance\",\"Zp\u011bv\u00e1k\"],\"articleSection\":[\"Celebrity\"],\"inLanguage\":\"cs\",\"potentialAction\":[{\"@type\":\"CommentAction\",\"name\":\"Comment\",\"target\":[\"https:\\\/\\\/www.karaoketexty.cz\\\/magazin\\\/kuba-ryba-z-rybicek-48-slavi-ctyricatiny-plni-si-sny-z-mladi-a-citi-se-skvele\\\/#respond\"]}]},{\"@type\":\"WebPage\",\"@id\":\"https:\\\/\\\/www.karaoketexty.cz\\\/magazin\\\/kuba-ryba-z-rybicek-48-slavi-ctyricatiny-plni-si-sny-z-mladi-a-citi-se-skvele\\\/\",\"url\":\"https:\\\/\\\/www.karaoketexty.cz\\\/magazin\\\/kuba-ryba-z-rybicek-48-slavi-ctyricatiny-plni-si-sny-z-mladi-a-citi-se-skvele\\\/\",\"name\":\"Kuby Ryba z Rybi\u010dek 48 oslavil \u010dty\u0159ic\u00e1tiny a c\u00edt\u00ed se skv\u011ble\",\"isPartOf\":{\"@id\":\"https:\\\/\\\/www.karaoketexty.cz\\\/magazin\\\/#website\"},\"primaryImageOfPage\":{\"@id\":\"https:\\\/\\\/www.karaoketexty.cz\\\/magazin\\\/kuba-ryba-z-rybicek-48-slavi-ctyricatiny-plni-si-sny-z-mladi-a-citi-se-skvele\\\/#primaryimage\"},\"image\":{\"@id\":\"https:\\\/\\\/www.karaoketexty.cz\\\/magazin\\\/kuba-ryba-z-rybicek-48-slavi-ctyricatiny-plni-si-sny-z-mladi-a-citi-se-skvele\\\/#primaryimage\"},\"thumbnailUrl\":\"https:\\\/\\\/www.karaoketexty.cz\\\/magazin\\\/wp-content\\\/uploads\\\/2025\\\/10\\\/2048px-Michal_Brener_ze_skupiny_Rybicky_48_na_Polanka_festu_v_Trebici.jpg\",\"datePublished\":\"2025-10-31T13:58:00+00:00\",\"author\":{\"@id\":\"https:\\\/\\\/www.karaoketexty.cz\\\/magazin\\\/#\\\/schema\\\/person\\\/69d871cedc122c98723e0f5e1f73fa16\"},\"description\":\"Energick\u00fd Kuba Ryba, frontman popul\u00e1rn\u00ed kapely Rybi\u010dky 48, oslavil \u010dty\u0159ic\u00e1t\u00e9 narozeniny a jak s\u00e1m \u0159\u00edk\u00e1, je ve sv\u00e9 nejlep\u0161\u00ed form\u011b.\",\"breadcrumb\":{\"@id\":\"https:\\\/\\\/www.karaoketexty.cz\\\/magazin\\\/kuba-ryba-z-rybicek-48-slavi-ctyricatiny-plni-si-sny-z-mladi-a-citi-se-skvele\\\/#breadcrumb\"},\"inLanguage\":\"cs\",\"potentialAction\":[{\"@type\":\"ReadAction\",\"target\":[\"https:\\\/\\\/www.karaoketexty.cz\\\/magazin\\\/kuba-ryba-z-rybicek-48-slavi-ctyricatiny-plni-si-sny-z-mladi-a-citi-se-skvele\\\/\"]}]},{\"@type\":\"ImageObject\",\"inLanguage\":\"cs\",\"@id\":\"https:\\\/\\\/www.karaoketexty.cz\\\/magazin\\\/kuba-ryba-z-rybicek-48-slavi-ctyricatiny-plni-si-sny-z-mladi-a-citi-se-skvele\\\/#primaryimage\",\"url\":\"https:\\\/\\\/www.karaoketexty.cz\\\/magazin\\\/wp-content\\\/uploads\\\/2025\\\/10\\\/2048px-Michal_Brener_ze_skupiny_Rybicky_48_na_Polanka_festu_v_Trebici.jpg\",\"contentUrl\":\"https:\\\/\\\/www.karaoketexty.cz\\\/magazin\\\/wp-content\\\/uploads\\\/2025\\\/10\\\/2048px-Michal_Brener_ze_skupiny_Rybicky_48_na_Polanka_festu_v_Trebici.jpg\",\"width\":2048,\"height\":1365,\"caption\":\"Littleomig, CC BY-SA 4.0 , via Wikimedia Commons\"},{\"@type\":\"BreadcrumbList\",\"@id\":\"https:\\\/\\\/www.karaoketexty.cz\\\/magazin\\\/kuba-ryba-z-rybicek-48-slavi-ctyricatiny-plni-si-sny-z-mladi-a-citi-se-skvele\\\/#breadcrumb\",\"itemListElement\":[{\"@type\":\"ListItem\",\"position\":1,\"name\":\"Dom\u016f\",\"item\":\"https:\\\/\\\/www.karaoketexty.cz\\\/magazin\\\/\"},{\"@type\":\"ListItem\",\"position\":2,\"name\":\"Kuba Ryba z Rybi\u010dek 48 slav\u00ed \u010dty\u0159ic\u00e1tiny: Pln\u00ed si sny z ml\u00e1d\u00ed a c\u00edt\u00ed se skv\u011ble\"}]},{\"@type\":\"WebSite\",\"@id\":\"https:\\\/\\\/www.karaoketexty.cz\\\/magazin\\\/#website\",\"url\":\"https:\\\/\\\/www.karaoketexty.cz\\\/magazin\\\/\",\"name\":\"Stars Magaz\u00edn Karaoketexty.cz\",\"description\":\"Stars Magaz\u00edn na Karaoketexty.cz je zam\u011b\u0159en\u00fd na novinky ze sv\u011bta hudby a celebrit. Obsahuje \u010dl\u00e1nky o zp\u011bv\u00e1c\u00edch, kapel\u00e1ch, nov\u00fdch albech, hudebn\u00edch trendech a dal\u0161\u00edch zaj\u00edmavostech z hudebn\u00edho pr\u016fmyslu.\",\"potentialAction\":[{\"@type\":\"SearchAction\",\"target\":{\"@type\":\"EntryPoint\",\"urlTemplate\":\"https:\\\/\\\/www.karaoketexty.cz\\\/magazin\\\/?s={search_term_string}\"},\"query-input\":{\"@type\":\"PropertyValueSpecification\",\"valueRequired\":true,\"valueName\":\"search_term_string\"}}],\"inLanguage\":\"cs\"},{\"@type\":\"Person\",\"@id\":\"https:\\\/\\\/www.karaoketexty.cz\\\/magazin\\\/#\\\/schema\\\/person\\\/69d871cedc122c98723e0f5e1f73fa16\",\"name\":\"Franti\u0161ek Zahradn\u00ed\u010dek\",\"image\":{\"@type\":\"ImageObject\",\"inLanguage\":\"cs\",\"@id\":\"https:\\\/\\\/secure.gravatar.com\\\/avatar\\\/fcc548a9ddc6294d2945bd8730d73ac130db3d13dfd96d644aa093d54c1917b6?s=96&d=mm&r=g\",\"url\":\"https:\\\/\\\/secure.gravatar.com\\\/avatar\\\/fcc548a9ddc6294d2945bd8730d73ac130db3d13dfd96d644aa093d54c1917b6?s=96&d=mm&r=g\",\"contentUrl\":\"https:\\\/\\\/secure.gravatar.com\\\/avatar\\\/fcc548a9ddc6294d2945bd8730d73ac130db3d13dfd96d644aa093d54c1917b6?s=96&d=mm&r=g\",\"caption\":\"Franti\u0161ek Zahradn\u00ed\u010dek\"},\"url\":\"https:\\\/\\\/www.karaoketexty.cz\\\/magazin\\\/author\\\/frantazahrada\\\/\"}]}<\/script>\n<!-- \/ Yoast SEO plugin. -->","yoast_head_json":{"title":"Kuby Ryba z Rybi\u010dek 48 oslavil \u010dty\u0159ic\u00e1tiny a c\u00edt\u00ed se skv\u011ble","description":"Energick\u00fd Kuba Ryba, frontman popul\u00e1rn\u00ed kapely Rybi\u010dky 48, oslavil \u010dty\u0159ic\u00e1t\u00e9 narozeniny a jak s\u00e1m \u0159\u00edk\u00e1, je ve sv\u00e9 nejlep\u0161\u00ed form\u011b.","robots":{"index":"index","follow":"follow","max-snippet":"max-snippet:-1","max-image-preview":"max-image-preview:large","max-video-preview":"max-video-preview:-1"},"canonical":"https:\/\/www.karaoketexty.cz\/magazin\/kuba-ryba-z-rybicek-48-slavi-ctyricatiny-plni-si-sny-z-mladi-a-citi-se-skvele\/","og_locale":"cs_CZ","og_type":"article","og_title":"Kuby Ryba z Rybi\u010dek 48 oslavil \u010dty\u0159ic\u00e1tiny a c\u00edt\u00ed se skv\u011ble","og_description":"Energick\u00fd Kuba Ryba, frontman popul\u00e1rn\u00ed kapely Rybi\u010dky 48, oslavil \u010dty\u0159ic\u00e1t\u00e9 narozeniny a jak s\u00e1m \u0159\u00edk\u00e1, je ve sv\u00e9 nejlep\u0161\u00ed form\u011b.","og_url":"https:\/\/www.karaoketexty.cz\/magazin\/kuba-ryba-z-rybicek-48-slavi-ctyricatiny-plni-si-sny-z-mladi-a-citi-se-skvele\/","og_site_name":"Stars Magaz\u00edn Karaoketexty.cz","article_published_time":"2025-10-31T13:58:00+00:00","og_image":[{"width":2048,"height":1365,"url":"https:\/\/www.karaoketexty.cz\/magazin\/wp-content\/uploads\/2025\/10\/2048px-Michal_Brener_ze_skupiny_Rybicky_48_na_Polanka_festu_v_Trebici.jpg","type":"image\/jpeg"}],"author":"Franti\u0161ek Zahradn\u00ed\u010dek","twitter_card":"summary_large_image","twitter_misc":{"Napsal(a)":"Franti\u0161ek Zahradn\u00ed\u010dek","Odhadovan\u00e1 doba \u010dten\u00ed":"4 minuty"},"schema":{"@context":"https:\/\/schema.org","@graph":[{"@type":"Article","@id":"https:\/\/www.karaoketexty.cz\/magazin\/kuba-ryba-z-rybicek-48-slavi-ctyricatiny-plni-si-sny-z-mladi-a-citi-se-skvele\/#article","isPartOf":{"@id":"https:\/\/www.karaoketexty.cz\/magazin\/kuba-ryba-z-rybicek-48-slavi-ctyricatiny-plni-si-sny-z-mladi-a-citi-se-skvele\/"},"author":{"name":"Franti\u0161ek Zahradn\u00ed\u010dek","@id":"https:\/\/www.karaoketexty.cz\/magazin\/#\/schema\/person\/69d871cedc122c98723e0f5e1f73fa16"},"headline":"Kuba Ryba z Rybi\u010dek 48 slav\u00ed \u010dty\u0159ic\u00e1tiny: Pln\u00ed si sny z ml\u00e1d\u00ed a c\u00edt\u00ed se skv\u011ble","datePublished":"2025-10-31T13:58:00+00:00","mainEntityOfPage":{"@id":"https:\/\/www.karaoketexty.cz\/magazin\/kuba-ryba-z-rybicek-48-slavi-ctyricatiny-plni-si-sny-z-mladi-a-citi-se-skvele\/"},"wordCount":733,"commentCount":0,"image":{"@id":"https:\/\/www.karaoketexty.cz\/magazin\/kuba-ryba-z-rybicek-48-slavi-ctyricatiny-plni-si-sny-z-mladi-a-citi-se-skvele\/#primaryimage"},"thumbnailUrl":"https:\/\/www.karaoketexty.cz\/magazin\/wp-content\/uploads\/2025\/10\/2048px-Michal_Brener_ze_skupiny_Rybicky_48_na_Polanka_festu_v_Trebici.jpg","keywords":["\u010desk\u00e1 hudba","\u010desk\u00e1 kapela","\u010dty\u0159ic\u00e1t\u00e9 narozeniny","deprese","du\u0161evn\u00ed zdrav\u00ed","fanou\u0161ci","frontman","Holki","humor","koncerty","Kuba Ryba","Kutn\u00e1 Hora","Narozeniny","nov\u00fd singl","osobn\u00ed r\u016fst","Peru","pozitivn\u00ed p\u0159\u00edstup","punk-rock","Rybi\u010dky 48","\u0161aman","spiritu\u00e1ln\u00ed cesta","spolupr\u00e1ce","terapie","texta\u0159","videoklip","wish list","\u017eivotn\u00ed bilance","Zp\u011bv\u00e1k"],"articleSection":["Celebrity"],"inLanguage":"cs","potentialAction":[{"@type":"CommentAction","name":"Comment","target":["https:\/\/www.karaoketexty.cz\/magazin\/kuba-ryba-z-rybicek-48-slavi-ctyricatiny-plni-si-sny-z-mladi-a-citi-se-skvele\/#respond"]}]},{"@type":"WebPage","@id":"https:\/\/www.karaoketexty.cz\/magazin\/kuba-ryba-z-rybicek-48-slavi-ctyricatiny-plni-si-sny-z-mladi-a-citi-se-skvele\/","url":"https:\/\/www.karaoketexty.cz\/magazin\/kuba-ryba-z-rybicek-48-slavi-ctyricatiny-plni-si-sny-z-mladi-a-citi-se-skvele\/","name":"Kuby Ryba z Rybi\u010dek 48 oslavil \u010dty\u0159ic\u00e1tiny a c\u00edt\u00ed se skv\u011ble","isPartOf":{"@id":"https:\/\/www.karaoketexty.cz\/magazin\/#website"},"primaryImageOfPage":{"@id":"https:\/\/www.karaoketexty.cz\/magazin\/kuba-ryba-z-rybicek-48-slavi-ctyricatiny-plni-si-sny-z-mladi-a-citi-se-skvele\/#primaryimage"},"image":{"@id":"https:\/\/www.karaoketexty.cz\/magazin\/kuba-ryba-z-rybicek-48-slavi-ctyricatiny-plni-si-sny-z-mladi-a-citi-se-skvele\/#primaryimage"},"thumbnailUrl":"https:\/\/www.karaoketexty.cz\/magazin\/wp-content\/uploads\/2025\/10\/2048px-Michal_Brener_ze_skupiny_Rybicky_48_na_Polanka_festu_v_Trebici.jpg","datePublished":"2025-10-31T13:58:00+00:00","author":{"@id":"https:\/\/www.karaoketexty.cz\/magazin\/#\/schema\/person\/69d871cedc122c98723e0f5e1f73fa16"},"description":"Energick\u00fd Kuba Ryba, frontman popul\u00e1rn\u00ed kapely Rybi\u010dky 48, oslavil \u010dty\u0159ic\u00e1t\u00e9 narozeniny a jak s\u00e1m \u0159\u00edk\u00e1, je ve sv\u00e9 nejlep\u0161\u00ed form\u011b.","breadcrumb":{"@id":"https:\/\/www.karaoketexty.cz\/magazin\/kuba-ryba-z-rybicek-48-slavi-ctyricatiny-plni-si-sny-z-mladi-a-citi-se-skvele\/#breadcrumb"},"inLanguage":"cs","potentialAction":[{"@type":"ReadAction","target":["https:\/\/www.karaoketexty.cz\/magazin\/kuba-ryba-z-rybicek-48-slavi-ctyricatiny-plni-si-sny-z-mladi-a-citi-se-skvele\/"]}]},{"@type":"ImageObject","inLanguage":"cs","@id":"https:\/\/www.karaoketexty.cz\/magazin\/kuba-ryba-z-rybicek-48-slavi-ctyricatiny-plni-si-sny-z-mladi-a-citi-se-skvele\/#primaryimage","url":"https:\/\/www.karaoketexty.cz\/magazin\/wp-content\/uploads\/2025\/10\/2048px-Michal_Brener_ze_skupiny_Rybicky_48_na_Polanka_festu_v_Trebici.jpg","contentUrl":"https:\/\/www.karaoketexty.cz\/magazin\/wp-content\/uploads\/2025\/10\/2048px-Michal_Brener_ze_skupiny_Rybicky_48_na_Polanka_festu_v_Trebici.jpg","width":2048,"height":1365,"caption":"Littleomig, CC BY-SA 4.0 , via Wikimedia Commons"},{"@type":"BreadcrumbList","@id":"https:\/\/www.karaoketexty.cz\/magazin\/kuba-ryba-z-rybicek-48-slavi-ctyricatiny-plni-si-sny-z-mladi-a-citi-se-skvele\/#breadcrumb","itemListElement":[{"@type":"ListItem","position":1,"name":"Dom\u016f","item":"https:\/\/www.karaoketexty.cz\/magazin\/"},{"@type":"ListItem","position":2,"name":"Kuba Ryba z Rybi\u010dek 48 slav\u00ed \u010dty\u0159ic\u00e1tiny: Pln\u00ed si sny z ml\u00e1d\u00ed a c\u00edt\u00ed se skv\u011ble"}]},{"@type":"WebSite","@id":"https:\/\/www.karaoketexty.cz\/magazin\/#website","url":"https:\/\/www.karaoketexty.cz\/magazin\/","name":"Stars Magaz\u00edn Karaoketexty.cz","description":"Stars Magaz\u00edn na Karaoketexty.cz je zam\u011b\u0159en\u00fd na novinky ze sv\u011bta hudby a celebrit. Obsahuje \u010dl\u00e1nky o zp\u011bv\u00e1c\u00edch, kapel\u00e1ch, nov\u00fdch albech, hudebn\u00edch trendech a dal\u0161\u00edch zaj\u00edmavostech z hudebn\u00edho pr\u016fmyslu.","potentialAction":[{"@type":"SearchAction","target":{"@type":"EntryPoint","urlTemplate":"https:\/\/www.karaoketexty.cz\/magazin\/?s={search_term_string}"},"query-input":{"@type":"PropertyValueSpecification","valueRequired":true,"valueName":"search_term_string"}}],"inLanguage":"cs"},{"@type":"Person","@id":"https:\/\/www.karaoketexty.cz\/magazin\/#\/schema\/person\/69d871cedc122c98723e0f5e1f73fa16","name":"Franti\u0161ek Zahradn\u00ed\u010dek","image":{"@type":"ImageObject","inLanguage":"cs","@id":"https:\/\/secure.gravatar.com\/avatar\/fcc548a9ddc6294d2945bd8730d73ac130db3d13dfd96d644aa093d54c1917b6?s=96&d=mm&r=g","url":"https:\/\/secure.gravatar.com\/avatar\/fcc548a9ddc6294d2945bd8730d73ac130db3d13dfd96d644aa093d54c1917b6?s=96&d=mm&r=g","contentUrl":"https:\/\/secure.gravatar.com\/avatar\/fcc548a9ddc6294d2945bd8730d73ac130db3d13dfd96d644aa093d54c1917b6?s=96&d=mm&r=g","caption":"Franti\u0161ek Zahradn\u00ed\u010dek"},"url":"https:\/\/www.karaoketexty.cz\/magazin\/author\/frantazahrada\/"}]}},"_links":{"self":[{"href":"https:\/\/www.karaoketexty.cz\/magazin\/wp-json\/wp\/v2\/posts\/3650","targetHints":{"allow":["GET"]}}],"collection":[{"href":"https:\/\/www.karaoketexty.cz\/magazin\/wp-json\/wp\/v2\/posts"}],"about":[{"href":"https:\/\/www.karaoketexty.cz\/magazin\/wp-json\/wp\/v2\/types\/post"}],"author":[{"embeddable":true,"href":"https:\/\/www.karaoketexty.cz\/magazin\/wp-json\/wp\/v2\/users\/6"}],"replies":[{"embeddable":true,"href":"https:\/\/www.karaoketexty.cz\/magazin\/wp-json\/wp\/v2\/comments?post=3650"}],"version-history":[{"count":4,"href":"https:\/\/www.karaoketexty.cz\/magazin\/wp-json\/wp\/v2\/posts\/3650\/revisions"}],"predecessor-version":[{"id":4153,"href":"https:\/\/www.karaoketexty.cz\/magazin\/wp-json\/wp\/v2\/posts\/3650\/revisions\/4153"}],"wp:featuredmedia":[{"embeddable":true,"href":"https:\/\/www.karaoketexty.cz\/magazin\/wp-json\/wp\/v2\/media\/4152"}],"wp:attachment":[{"href":"https:\/\/www.karaoketexty.cz\/magazin\/wp-json\/wp\/v2\/media?parent=3650"}],"wp:term":[{"taxonomy":"category","embeddable":true,"href":"https:\/\/www.karaoketexty.cz\/magazin\/wp-json\/wp\/v2\/categories?post=3650"},{"taxonomy":"post_tag","embeddable":true,"href":"https:\/\/www.karaoketexty.cz\/magazin\/wp-json\/wp\/v2\/tags?post=3650"}],"curies":[{"name":"wp","href":"https:\/\/api.w.org\/{rel}","templated":true}]}}