{"id":3638,"date":"2025-10-30T06:53:00","date_gmt":"2025-10-30T05:53:00","guid":{"rendered":"https:\/\/www.karaoketexty.cz\/magazin\/?p=3638"},"modified":"2025-10-22T18:17:55","modified_gmt":"2025-10-22T16:17:55","slug":"helena-vondrackova-a-jeji-luxusne-vybavena-vilka","status":"publish","type":"post","link":"https:\/\/www.karaoketexty.cz\/magazin\/helena-vondrackova-a-jeji-luxusne-vybavena-vilka\/","title":{"rendered":"Zp\u011bva\u010dka Helena Vondr\u00e1\u010dkov\u00e1 si u\u017e\u00edv\u00e1 luxusn\u00ed bydlen\u00ed. A nam\u00edsto chalupy m\u00e1 na Slapsk\u00e9 p\u0159ehrad\u011b hausb\u00f3t"},"content":{"rendered":"\n<p><strong>I p\u0159esto\u017ee si neodpo\u010dine ani v&nbsp;d\u016fchodu, nestoj\u00ed za n\u00ed \u017e\u00e1dn\u00e9 portfolio nemovitost\u00ed. Helena Vondr\u00e1\u010dkov\u00e1 d\u00e1v\u00e1 p\u0159ednost st\u00e1losti.<\/strong><\/p>\n\n\n\n<p>Sv\u016fj d\u016fm se zahradou, stoj\u00edc\u00ed v&nbsp;\u0158itce, si koupila je\u0161t\u011b p\u0159ed revoluc\u00ed a od t\u00e9 doby ho jen zvelebuje. V\u011brn\u00e1 je pak Helena Vondr\u00e1\u010dkov\u00e1 i sv\u00e9mu hausb\u00f3tu, kter\u00fd si s&nbsp;man\u017eelem po\u0159\u00eddili p\u0159ed lety jako investici. Ob\u011b sv\u00e9 \u201edom\u00e1cnosti\u201c m\u00e1 p\u0159itom u\u017e dnes v\u00edce ne\u017e vymazlen\u00e9. Na Karaoketexty n\u00e1s zaj\u00edmalo, jak si tedy s man\u017eelem Martinem Michalem \u017eij\u00ed.<\/p>\n\n\n<!-- karaoketexty.cz \/ rectangle2 -->\n<div id=\"PX_37086_709110796310826\"><\/div>\n<script>\n   if(!useMobileAds && !boolUseSeznamAds && !hideAllAds){\n     window.px2 = window.px2 || { conf: {},queue: [] };\n     px2.queue.push(function () {\n        px2.render({\n           slot: {\n              id: 37086\n           },\n            elem: \"PX_37086_709110796310826\"\n        })\n     });\n  }\n<\/script>\n\n<!-- karaoketexty.cz \/ mobile-rectangle3 -->\n<div id=\"PX_37044_714599773297004\"><\/div>\n<script>\n   if(useMobileAds && !boolUseSeznamAds && !hideAllAds){\nwindow.px2 = window.px2 || { conf: {},queue: [] };\npx2.queue.push(function () {\n\tpx2.render({\n\t\tslot: {\n\t\t\tid: 37044\n\t\t},\n\t\telem: \"PX_37044_714599773297004\"\n\t})\n});\n}\n<\/script>\n\n\n<h2 class=\"wp-block-heading\">Dob\u0159e ulo\u017een\u00e9 pen\u00edze<\/h2>\n\n\n\n<p>Na um\u011bleck\u00e9 sc\u00e9n\u011b se objevila poprv\u00e9 je\u0161t\u011b p\u0159ed sv\u00fdmi osmn\u00e1ct\u00fdmi narozeninami. Pr\u00e1v\u011b tehdy, v&nbsp;roce 1964, zaz\u00e1\u0159ila Helena Vondr\u00e1\u010dkov\u00e1 v&nbsp;p\u011bveck\u00e9 sout\u011b\u017ei a u\u017e<strong> <\/strong>o rok pozd\u011bji se stala Zlatou slavic\u00ed. Zlat\u00e9 \u00e9ry se do\u010dkala i n\u00e1sledn\u011b, kdy zp\u00edvala v&nbsp;triu Golden Kids s&nbsp;Martou Kubi\u0161ovou a V\u00e1clavem Neck\u00e1\u0159em.<\/p>\n\n\n\n<p>Vzhledem ke sv\u00fdm \u00fasp\u011bch\u016fm se tak mohla \u201erozjet\u201c a p\u0159i v\u00fdb\u011bru nemovitosti se \u00fapln\u011b neomezovat. D\u016fm s&nbsp;prostornou zahradou v&nbsp;obci \u0158itka si tak podle port\u00e1lu Novinky<strong> <\/strong>kupovala u\u017e v&nbsp;roce 1986. A to i za cenu toho, \u017ee ji \u010dekala p\u0159estavba. Nicm\u00e9n\u011b sv\u00e9mu bydlen\u00ed cht\u011bla d\u00e1t sv\u016fj osobn\u00ed punc. Od t\u00e9 doby svou dom\u00e1cnost jenom vylep\u0161uje a modernizuje \u2013 v\u00fdsledkem jej\u00edch snah je luxusn\u00ed patrov\u00e9 z\u00e1zem\u00ed, ve kter\u00e9m si lebed\u00ed se sv\u00fdm man\u017eelem. A co byste u n\u00ed doma na\u0161li?<\/p>\n\n\n<!-- karaoketexty.cz \/ interscroller1 -->\n\n<div id=\"PX_37041_825057871452834\"><\/div>\n<script>\nif(useMobileAds && !boolUseSeznamAds && !hideAllAds){\n\twindow.px2 = window.px2 || { conf: {},queue: [] };\n\tpx2.queue.push(function () {\n\t\tpx2.render({\n\t\t\tslot: {\n\t\t\t\tid: 37041\n\t\t\t},\n\t\t\telem: \"PX_37041_825057871452834\"\n\t\t})\n\t});\n}\n<\/script>\n\n\n<h2 class=\"wp-block-heading\">Chalupa na vod\u011b<\/h2>\n\n\n\n<p>Asi nejv\u011bt\u0161\u00edm z\u00e1sahem do p\u016fvodn\u00ed stavby bylo p\u0159istav\u011bn\u00ed zimn\u00ed zahrady, kter\u00e9\u017eto rozhodnut\u00ed si Helena Vondr\u00e1\u010dkov\u00e1 dodnes nem\u016f\u017ee vynachv\u00e1lit. Ve spole\u010dnosti kv\u011btin si tu r\u00e1da posed\u00ed a odpo\u010dine t\u0159eba po plav\u00e1n\u00ed v&nbsp;baz\u00e9nu, kter\u00fd je rovn\u011b\u017e sou\u010d\u00e1st\u00ed jej\u00edho obydl\u00ed. Podle port\u00e1lu Blesk m\u00e1 doma d\u00e1le samoz\u0159ejm\u011b n\u011bkolik lo\u017enic, velk\u00fd ob\u00fdvac\u00ed pokoj \u010di chodbu s&nbsp;klav\u00edrem.<\/p>\n\n\n\n<blockquote class=\"instagram-media\" data-instgrm-captioned data-instgrm-permalink=\"https:\/\/www.instagram.com\/p\/DHa5RRwi2No\/?utm_source=ig_embed&amp;utm_campaign=loading\" data-instgrm-version=\"14\" style=\" background:#FFF; border:0; border-radius:3px; box-shadow:0 0 1px 0 rgba(0,0,0,0.5),0 1px 10px 0 rgba(0,0,0,0.15); margin: 1px; max-width:540px; min-width:326px; padding:0; width:99.375%; width:-webkit-calc(100% - 2px); width:calc(100% - 2px);\"><div style=\"padding:16px;\"> <a href=\"https:\/\/www.instagram.com\/p\/DHa5RRwi2No\/?utm_source=ig_embed&amp;utm_campaign=loading\" style=\" background:#FFFFFF; line-height:0; padding:0 0; text-align:center; text-decoration:none; width:100%;\" target=\"_blank\"> <div style=\" display: flex; flex-direction: row; align-items: center;\"> <div style=\"background-color: #F4F4F4; border-radius: 50%; flex-grow: 0; height: 40px; margin-right: 14px; width: 40px;\"><\/div> <div style=\"display: flex; flex-direction: column; flex-grow: 1; justify-content: center;\"> <div style=\" background-color: #F4F4F4; border-radius: 4px; flex-grow: 0; height: 14px; margin-bottom: 6px; width: 100px;\"><\/div> <div style=\" background-color: #F4F4F4; border-radius: 4px; flex-grow: 0; height: 14px; width: 60px;\"><\/div><\/div><\/div><div style=\"padding: 19% 0;\"><\/div> <div style=\"display:block; height:50px; margin:0 auto 12px; width:50px;\"><svg width=\"50px\" height=\"50px\" viewBox=\"0 0 60 60\" version=\"1.1\" xmlns=\"https:\/\/www.w3.org\/2000\/svg\" xmlns:xlink=\"https:\/\/www.w3.org\/1999\/xlink\"><g stroke=\"none\" stroke-width=\"1\" fill=\"none\" fill-rule=\"evenodd\"><g transform=\"translate(-511.000000, -20.000000)\" fill=\"#000000\"><g><path d=\"M556.869,30.41 C554.814,30.41 553.148,32.076 553.148,34.131 C553.148,36.186 554.814,37.852 556.869,37.852 C558.924,37.852 560.59,36.186 560.59,34.131 C560.59,32.076 558.924,30.41 556.869,30.41 M541,60.657 C535.114,60.657 530.342,55.887 530.342,50 C530.342,44.114 535.114,39.342 541,39.342 C546.887,39.342 551.658,44.114 551.658,50 C551.658,55.887 546.887,60.657 541,60.657 M541,33.886 C532.1,33.886 524.886,41.1 524.886,50 C524.886,58.899 532.1,66.113 541,66.113 C549.9,66.113 557.115,58.899 557.115,50 C557.115,41.1 549.9,33.886 541,33.886 M565.378,62.101 C565.244,65.022 564.756,66.606 564.346,67.663 C563.803,69.06 563.154,70.057 562.106,71.106 C561.058,72.155 560.06,72.803 558.662,73.347 C557.607,73.757 556.021,74.244 553.102,74.378 C549.944,74.521 548.997,74.552 541,74.552 C533.003,74.552 532.056,74.521 528.898,74.378 C525.979,74.244 524.393,73.757 523.338,73.347 C521.94,72.803 520.942,72.155 519.894,71.106 C518.846,70.057 518.197,69.06 517.654,67.663 C517.244,66.606 516.755,65.022 516.623,62.101 C516.479,58.943 516.448,57.996 516.448,50 C516.448,42.003 516.479,41.056 516.623,37.899 C516.755,34.978 517.244,33.391 517.654,32.338 C518.197,30.938 518.846,29.942 519.894,28.894 C520.942,27.846 521.94,27.196 523.338,26.654 C524.393,26.244 525.979,25.756 528.898,25.623 C532.057,25.479 533.004,25.448 541,25.448 C548.997,25.448 549.943,25.479 553.102,25.623 C556.021,25.756 557.607,26.244 558.662,26.654 C560.06,27.196 561.058,27.846 562.106,28.894 C563.154,29.942 563.803,30.938 564.346,32.338 C564.756,33.391 565.244,34.978 565.378,37.899 C565.522,41.056 565.552,42.003 565.552,50 C565.552,57.996 565.522,58.943 565.378,62.101 M570.82,37.631 C570.674,34.438 570.167,32.258 569.425,30.349 C568.659,28.377 567.633,26.702 565.965,25.035 C564.297,23.368 562.623,22.342 560.652,21.575 C558.743,20.834 556.562,20.326 553.369,20.18 C550.169,20.033 549.148,20 541,20 C532.853,20 531.831,20.033 528.631,20.18 C525.438,20.326 523.257,20.834 521.349,21.575 C519.376,22.342 517.703,23.368 516.035,25.035 C514.368,26.702 513.342,28.377 512.574,30.349 C511.834,32.258 511.326,34.438 511.181,37.631 C511.035,40.831 511,41.851 511,50 C511,58.147 511.035,59.17 511.181,62.369 C511.326,65.562 511.834,67.743 512.574,69.651 C513.342,71.625 514.368,73.296 516.035,74.965 C517.703,76.634 519.376,77.658 521.349,78.425 C523.257,79.167 525.438,79.673 528.631,79.82 C531.831,79.965 532.853,80.001 541,80.001 C549.148,80.001 550.169,79.965 553.369,79.82 C556.562,79.673 558.743,79.167 560.652,78.425 C562.623,77.658 564.297,76.634 565.965,74.965 C567.633,73.296 568.659,71.625 569.425,69.651 C570.167,67.743 570.674,65.562 570.82,62.369 C570.966,59.17 571,58.147 571,50 C571,41.851 570.966,40.831 570.82,37.631\"><\/path><\/g><\/g><\/g><\/svg><\/div><div style=\"padding-top: 8px;\"> <div style=\" color:#3897f0; font-family:Arial,sans-serif; font-size:14px; font-style:normal; font-weight:550; line-height:18px;\">Zobrazit p\u0159\u00edsp\u011bvek na Instagramu<\/div><\/div><div style=\"padding: 12.5% 0;\"><\/div> <div style=\"display: flex; flex-direction: row; margin-bottom: 14px; align-items: center;\"><div> <div style=\"background-color: #F4F4F4; border-radius: 50%; height: 12.5px; width: 12.5px; transform: translateX(0px) translateY(7px);\"><\/div> <div style=\"background-color: #F4F4F4; height: 12.5px; transform: rotate(-45deg) translateX(3px) translateY(1px); width: 12.5px; flex-grow: 0; margin-right: 14px; margin-left: 2px;\"><\/div> <div style=\"background-color: #F4F4F4; border-radius: 50%; height: 12.5px; width: 12.5px; transform: translateX(9px) translateY(-18px);\"><\/div><\/div><div style=\"margin-left: 8px;\"> <div style=\" background-color: #F4F4F4; border-radius: 50%; flex-grow: 0; height: 20px; width: 20px;\"><\/div> <div style=\" width: 0; height: 0; border-top: 2px solid transparent; border-left: 6px solid #f4f4f4; border-bottom: 2px solid transparent; transform: translateX(16px) translateY(-4px) rotate(30deg)\"><\/div><\/div><div style=\"margin-left: auto;\"> <div style=\" width: 0px; border-top: 8px solid #F4F4F4; border-right: 8px solid transparent; transform: translateY(16px);\"><\/div> <div style=\" background-color: #F4F4F4; flex-grow: 0; height: 12px; width: 16px; transform: translateY(-4px);\"><\/div> <div style=\" width: 0; height: 0; border-top: 8px solid #F4F4F4; border-left: 8px solid transparent; transform: translateY(-4px) translateX(8px);\"><\/div><\/div><\/div> <div style=\"display: flex; flex-direction: column; flex-grow: 1; justify-content: center; margin-bottom: 24px;\"> <div style=\" background-color: #F4F4F4; border-radius: 4px; flex-grow: 0; height: 14px; margin-bottom: 6px; width: 224px;\"><\/div> <div style=\" background-color: #F4F4F4; border-radius: 4px; flex-grow: 0; height: 14px; width: 144px;\"><\/div><\/div><\/a><p style=\" color:#c9c8cd; font-family:Arial,sans-serif; font-size:14px; line-height:17px; margin-bottom:0; margin-top:8px; overflow:hidden; padding:8px 0 7px; text-align:center; text-overflow:ellipsis; white-space:nowrap;\"><a href=\"https:\/\/www.instagram.com\/p\/DHa5RRwi2No\/?utm_source=ig_embed&amp;utm_campaign=loading\" style=\" color:#c9c8cd; font-family:Arial,sans-serif; font-size:14px; font-style:normal; font-weight:normal; line-height:17px; text-decoration:none;\" target=\"_blank\">P\u0159\u00edsp\u011bvek sd\u00edlen\u00fd Helena Vondr\u00e1\u010dkov\u00e1 \u00ae (@helenavondrackovacz)<\/a><\/p><\/div><\/blockquote>\n<script async src=\"\/\/www.instagram.com\/embed.js\"><\/script>\n\n\n\n<p>A co kdy\u017e zp\u011bva\u010dka zatou\u017e\u00ed po zm\u011bn\u011b prost\u0159ed\u00ed? Pak za odpo\u010dinkem vyraz\u00ed na Slapskou p\u0159ehradu, kde m\u00e1 ve st\u00e1l\u00e9m kotvi\u0161ti sv\u016fj hausb\u00f3t. Krom\u011b nepoj\u00edzdn\u00e9ho \u201edomku\u201c zde maj\u00ed s&nbsp;man\u017eelem Martinem Michalem i men\u0161\u00ed lo\u010fku, kterou zp\u011bva\u010d\u010din man\u017eel m\u016f\u017ee d\u00edky kapit\u00e1nsk\u00fdm zkou\u0161k\u00e1m \u0159\u00eddit. Po proj\u00ed\u017e\u010fce si pak mohou odpo\u010dinout v&nbsp;n\u00e1mo\u0159nicky zdoben\u00e9m interi\u00e9ru. V&nbsp;n\u011bm je lad\u011bn\u00e1 kuchyn\u011b s&nbsp;ob\u00fdvac\u00edm pokojem i dv\u011b lo\u017enice, jak uv\u00e1d\u00ed port\u00e1l IDnes.<\/p>\n\n\n\n<p>Zdroje: Autorsk\u00fd text, <a href=\"https:\/\/cs.wikipedia.org\/wiki\/Helena_Vondr%C3%A1%C4%8Dkov%C3%A1\" target=\"_blank\" rel=\"noreferrer noopener nofollow\">Wikipedie<\/a>, <a href=\"https:\/\/www.blesk.cz\/clanek\/celebrity-ceske-celebrity\/214606\/helena-vondrackova-nas-pozvala-domu-podivejte-se-na-jeji-vilu-za-20-milionu.html\" target=\"_blank\" rel=\"noreferrer noopener nofollow\">Blesk<\/a>, <a href=\"https:\/\/www.idnes.cz\/bydleni\/na-navsteve\/helena-vondrackova-martin-michal-hausbot-lod-zpevacka-vylet-kapitan.A250929_114915_dum_osobnosti_lyo\" target=\"_blank\" rel=\"noreferrer noopener nofollow\">IDnes<\/a>, <a href=\"https:\/\/www.novinky.cz\/clanek\/bydleni-jak-bydli-vip-moderni-a-utulne-bydleni-zpevacky-heleny-vondrackove-211317\" target=\"_blank\" rel=\"noreferrer noopener nofollow\">Novinky<\/a>, <a href=\"https:\/\/www.instagram.com\/p\/DHa5RRwi2No\/?img_index=6\" target=\"_blank\" rel=\"noreferrer noopener nofollow\">Instagram HelenaVondr\u00e1\u010dkov\u00e1<\/a><\/p>\n\n\n            <a href=\"https:\/\/www.karaoketexty.cz\/magazin\/helena-vondrackova-koncert-v-chrudimi-celebrity-blizci\/\" class=\"related-post-link\">\n                <div class=\"post-thumbnail\">\n                    <img decoding=\"async\" width=\"250\" height=\"131\" src=\"https:\/\/www.karaoketexty.cz\/magazin\/wp-content\/uploads\/2025\/06\/helena-vondrackova.avif\" class=\"attachment-250x180 size-250x180 not-transparent\" alt=\"Fotografie Heleny Vondr\u00e1\u010dkov\u00e9\" data-has-transparency=\"false\" data-dominant-color=\"dcc7ca\" style=\"--dominant-color: #dcc7ca;\" \/>                <\/div>\n                <div class=\"post-details\">\n                    <span class=\"also-read\">\u010ct\u011bte tak\u00e9:<\/span>\n                    <h3 class=\"hed\">Helena Vondr\u00e1\u010dkov\u00e1 uskute\u010dnila n\u00e1dhern\u00fd koncert v Chrudimi. P\u0159izvala slavn\u00e9 hosty i b\u00fdval\u00e9 spolu\u017e\u00e1ky<\/h3>\n                <\/div>\n            <\/a>\n            \n\n            <a href=\"https:\/\/www.karaoketexty.cz\/magazin\/lucie-bila-prichazi-s-novym-singlem-obycejna-holka-a-pripravuje-album\/\" class=\"related-post-link\">\n                <div class=\"post-thumbnail\">\n                    <img decoding=\"async\" width=\"250\" height=\"141\" src=\"https:\/\/www.karaoketexty.cz\/magazin\/wp-content\/uploads\/2025\/08\/lucie-bila-nove-album.jpg\" class=\"attachment-250x180 size-250x180 not-transparent\" alt=\"Lucie B\u00edl\u00e1 nov\u00e9 album\" srcset=\"https:\/\/www.karaoketexty.cz\/magazin\/wp-content\/uploads\/2025\/08\/lucie-bila-nove-album.jpg 1200w, https:\/\/www.karaoketexty.cz\/magazin\/wp-content\/uploads\/2025\/08\/lucie-bila-nove-album-300x169.jpg 300w, https:\/\/www.karaoketexty.cz\/magazin\/wp-content\/uploads\/2025\/08\/lucie-bila-nove-album-1024x576.jpg 1024w, https:\/\/www.karaoketexty.cz\/magazin\/wp-content\/uploads\/2025\/08\/lucie-bila-nove-album-768x432.jpg 768w, https:\/\/www.karaoketexty.cz\/magazin\/wp-content\/uploads\/2025\/08\/lucie-bila-nove-album-800x450.jpg 800w\" sizes=\"(max-width: 250px) 100vw, 250px\" data-has-transparency=\"false\" data-dominant-color=\"968375\" style=\"--dominant-color: #968375;\" \/>                <\/div>\n                <div class=\"post-details\">\n                    <span class=\"also-read\">\u010ct\u011bte tak\u00e9:<\/span>\n                    <h3 class=\"hed\">Lucie B\u00edl\u00e1 p\u0159ich\u00e1z\u00ed s nov\u00fdm singlem \u201eOby\u010dejn\u00e1 holka\u201c a p\u0159ipravuje album<\/h3>\n                <\/div>\n            <\/a>\n            ","protected":false},"excerpt":{"rendered":"<p>I p\u0159esto\u017ee si neodpo\u010dine ani v\u00a0d\u016fchodu, nestoj\u00ed za n\u00ed \u017e\u00e1dn\u00e9 portfolio nemovitost\u00ed. Helena Vondr\u00e1\u010dkov\u00e1 d\u00e1v\u00e1 p\u0159ednost st\u00e1losti.<\/p>\n","protected":false},"author":5,"featured_media":3639,"comment_status":"open","ping_status":"closed","sticky":false,"template":"","format":"standard","meta":{"_yoast_wpseo_title":"Luxusn\u00ed bydlen\u00ed Heleny Vondr\u00e1\u010dkov\u00e9","_yoast_wpseo_metadesc":"Sv\u016fj d\u016fm za ty roky, co jej vlastn\u00ed, dovedla t\u00e9m\u011b\u0159 k dokonalosti. V ni\u010dem si nezad\u00e1 ani s \u201echalupou\u201c, kter\u00e1 Vondr\u00e1\u010dkov\u00e9 kotv\u00ed na p\u0159ehrad\u011b.","footnotes":""},"categories":[1059],"tags":[1590,3960,3919,3931,3959,3965,3957,328,1598,3961,3962,2506,3956,3900,3955,3967,3964,3963,3958,3966,51],"class_list":["post-3638","post","type-post","status-publish","format-standard","has-post-thumbnail","hentry","category-celebrity","tag-bazen","tag-blesk","tag-bydleni-celebrit","tag-cesky-showbyznys","tag-duchod","tag-golden-kids","tag-hausbot","tag-helena-vondrackova","tag-idnes","tag-instagram-heleny-vondrackove","tag-luxusni-dum","tag-marta-kubisova","tag-martin-michal","tag-novinky","tag-ritka","tag-rodinne-zazemi","tag-slapska-prehrada","tag-stabilita","tag-vaclav-neckar","tag-zimni-zahrada","tag-zpevacka"],"yoast_head":"<!-- This site is optimized with the Yoast SEO plugin v27.5 - https:\/\/yoast.com\/product\/yoast-seo-wordpress\/ -->\n<title>Luxusn\u00ed bydlen\u00ed Heleny Vondr\u00e1\u010dkov\u00e9<\/title>\n<meta name=\"description\" content=\"Sv\u016fj d\u016fm za ty roky, co jej vlastn\u00ed, dovedla t\u00e9m\u011b\u0159 k dokonalosti. V ni\u010dem si nezad\u00e1 ani s \u201echalupou\u201c, kter\u00e1 Vondr\u00e1\u010dkov\u00e9 kotv\u00ed na p\u0159ehrad\u011b.\" \/>\n<meta name=\"robots\" content=\"index, follow, max-snippet:-1, max-image-preview:large, max-video-preview:-1\" \/>\n<link rel=\"canonical\" href=\"https:\/\/www.karaoketexty.cz\/magazin\/helena-vondrackova-a-jeji-luxusne-vybavena-vilka\/\" \/>\n<meta property=\"og:locale\" content=\"cs_CZ\" \/>\n<meta property=\"og:type\" content=\"article\" \/>\n<meta property=\"og:title\" content=\"Luxusn\u00ed bydlen\u00ed Heleny Vondr\u00e1\u010dkov\u00e9\" \/>\n<meta property=\"og:description\" content=\"Sv\u016fj d\u016fm za ty roky, co jej vlastn\u00ed, dovedla t\u00e9m\u011b\u0159 k dokonalosti. V ni\u010dem si nezad\u00e1 ani s \u201echalupou\u201c, kter\u00e1 Vondr\u00e1\u010dkov\u00e9 kotv\u00ed na p\u0159ehrad\u011b.\" \/>\n<meta property=\"og:url\" content=\"https:\/\/www.karaoketexty.cz\/magazin\/helena-vondrackova-a-jeji-luxusne-vybavena-vilka\/\" \/>\n<meta property=\"og:site_name\" content=\"Stars Magaz\u00edn Karaoketexty.cz\" \/>\n<meta property=\"article:published_time\" content=\"2025-10-30T05:53:00+00:00\" \/>\n<meta property=\"og:image\" content=\"https:\/\/www.karaoketexty.cz\/magazin\/wp-content\/uploads\/2025\/10\/helena-vondrackova-martin-michal.jpg\" \/>\n\t<meta property=\"og:image:width\" content=\"1200\" \/>\n\t<meta property=\"og:image:height\" content=\"849\" \/>\n\t<meta property=\"og:image:type\" content=\"image\/jpeg\" \/>\n<meta name=\"author\" content=\"Veronika \u0160imkov\u00e1\" \/>\n<meta name=\"twitter:card\" content=\"summary_large_image\" \/>\n<meta name=\"twitter:label1\" content=\"Napsal(a)\" \/>\n\t<meta name=\"twitter:data1\" content=\"Veronika \u0160imkov\u00e1\" \/>\n\t<meta name=\"twitter:label2\" content=\"Odhadovan\u00e1 doba \u010dten\u00ed\" \/>\n\t<meta name=\"twitter:data2\" content=\"3 minuty\" \/>\n<script type=\"application\/ld+json\" class=\"yoast-schema-graph\">{\"@context\":\"https:\\\/\\\/schema.org\",\"@graph\":[{\"@type\":\"Article\",\"@id\":\"https:\\\/\\\/www.karaoketexty.cz\\\/magazin\\\/helena-vondrackova-a-jeji-luxusne-vybavena-vilka\\\/#article\",\"isPartOf\":{\"@id\":\"https:\\\/\\\/www.karaoketexty.cz\\\/magazin\\\/helena-vondrackova-a-jeji-luxusne-vybavena-vilka\\\/\"},\"author\":{\"name\":\"Veronika \u0160imkov\u00e1\",\"@id\":\"https:\\\/\\\/www.karaoketexty.cz\\\/magazin\\\/#\\\/schema\\\/person\\\/03220d610ed4cba378a72bac3443f821\"},\"headline\":\"Zp\u011bva\u010dka Helena Vondr\u00e1\u010dkov\u00e1 si u\u017e\u00edv\u00e1 luxusn\u00ed bydlen\u00ed. A nam\u00edsto chalupy m\u00e1 na Slapsk\u00e9 p\u0159ehrad\u011b hausb\u00f3t\",\"datePublished\":\"2025-10-30T05:53:00+00:00\",\"mainEntityOfPage\":{\"@id\":\"https:\\\/\\\/www.karaoketexty.cz\\\/magazin\\\/helena-vondrackova-a-jeji-luxusne-vybavena-vilka\\\/\"},\"wordCount\":527,\"commentCount\":0,\"image\":{\"@id\":\"https:\\\/\\\/www.karaoketexty.cz\\\/magazin\\\/helena-vondrackova-a-jeji-luxusne-vybavena-vilka\\\/#primaryimage\"},\"thumbnailUrl\":\"https:\\\/\\\/www.karaoketexty.cz\\\/magazin\\\/wp-content\\\/uploads\\\/2025\\\/10\\\/helena-vondrackova-martin-michal.jpg\",\"keywords\":[\"baz\u00e9n\",\"Blesk\",\"bydlen\u00ed celebrit\",\"\u010desk\u00fd showbyznys\",\"d\u016fchod\",\"Golden Kids\",\"hausb\u00f3t\",\"Helena Vondr\u00e1\u010dkov\u00e1\",\"iDnes\",\"Instagram Heleny Vondr\u00e1\u010dkov\u00e9\",\"luxusn\u00ed d\u016fm\",\"Marta Kubi\u0161ov\u00e1\",\"Martin Michal\",\"Novinky\",\"\u0158itka\",\"rodinn\u00e9 z\u00e1zem\u00ed\",\"Slapsk\u00e1 p\u0159ehrada\",\"stabilita\",\"V\u00e1clav Neck\u00e1\u0159\",\"zimn\u00ed zahrada\",\"Zp\u011bva\u010dka\"],\"articleSection\":[\"Celebrity\"],\"inLanguage\":\"cs\",\"potentialAction\":[{\"@type\":\"CommentAction\",\"name\":\"Comment\",\"target\":[\"https:\\\/\\\/www.karaoketexty.cz\\\/magazin\\\/helena-vondrackova-a-jeji-luxusne-vybavena-vilka\\\/#respond\"]}]},{\"@type\":\"WebPage\",\"@id\":\"https:\\\/\\\/www.karaoketexty.cz\\\/magazin\\\/helena-vondrackova-a-jeji-luxusne-vybavena-vilka\\\/\",\"url\":\"https:\\\/\\\/www.karaoketexty.cz\\\/magazin\\\/helena-vondrackova-a-jeji-luxusne-vybavena-vilka\\\/\",\"name\":\"Luxusn\u00ed bydlen\u00ed Heleny Vondr\u00e1\u010dkov\u00e9\",\"isPartOf\":{\"@id\":\"https:\\\/\\\/www.karaoketexty.cz\\\/magazin\\\/#website\"},\"primaryImageOfPage\":{\"@id\":\"https:\\\/\\\/www.karaoketexty.cz\\\/magazin\\\/helena-vondrackova-a-jeji-luxusne-vybavena-vilka\\\/#primaryimage\"},\"image\":{\"@id\":\"https:\\\/\\\/www.karaoketexty.cz\\\/magazin\\\/helena-vondrackova-a-jeji-luxusne-vybavena-vilka\\\/#primaryimage\"},\"thumbnailUrl\":\"https:\\\/\\\/www.karaoketexty.cz\\\/magazin\\\/wp-content\\\/uploads\\\/2025\\\/10\\\/helena-vondrackova-martin-michal.jpg\",\"datePublished\":\"2025-10-30T05:53:00+00:00\",\"author\":{\"@id\":\"https:\\\/\\\/www.karaoketexty.cz\\\/magazin\\\/#\\\/schema\\\/person\\\/03220d610ed4cba378a72bac3443f821\"},\"description\":\"Sv\u016fj d\u016fm za ty roky, co jej vlastn\u00ed, dovedla t\u00e9m\u011b\u0159 k dokonalosti. V ni\u010dem si nezad\u00e1 ani s \u201echalupou\u201c, kter\u00e1 Vondr\u00e1\u010dkov\u00e9 kotv\u00ed na p\u0159ehrad\u011b.\",\"breadcrumb\":{\"@id\":\"https:\\\/\\\/www.karaoketexty.cz\\\/magazin\\\/helena-vondrackova-a-jeji-luxusne-vybavena-vilka\\\/#breadcrumb\"},\"inLanguage\":\"cs\",\"potentialAction\":[{\"@type\":\"ReadAction\",\"target\":[\"https:\\\/\\\/www.karaoketexty.cz\\\/magazin\\\/helena-vondrackova-a-jeji-luxusne-vybavena-vilka\\\/\"]}]},{\"@type\":\"ImageObject\",\"inLanguage\":\"cs\",\"@id\":\"https:\\\/\\\/www.karaoketexty.cz\\\/magazin\\\/helena-vondrackova-a-jeji-luxusne-vybavena-vilka\\\/#primaryimage\",\"url\":\"https:\\\/\\\/www.karaoketexty.cz\\\/magazin\\\/wp-content\\\/uploads\\\/2025\\\/10\\\/helena-vondrackova-martin-michal.jpg\",\"contentUrl\":\"https:\\\/\\\/www.karaoketexty.cz\\\/magazin\\\/wp-content\\\/uploads\\\/2025\\\/10\\\/helena-vondrackova-martin-michal.jpg\",\"width\":1200,\"height\":849,\"caption\":\"Foto: NextFoto, Helena Vondr\u00e1\u010dkov\u00e1 a Martin Michal, \u0161edes\u00e1tiny Osmanyho Laffity 3. 10. 2025 v pra\u017esk\u00e9m hotelu Andaz\"},{\"@type\":\"BreadcrumbList\",\"@id\":\"https:\\\/\\\/www.karaoketexty.cz\\\/magazin\\\/helena-vondrackova-a-jeji-luxusne-vybavena-vilka\\\/#breadcrumb\",\"itemListElement\":[{\"@type\":\"ListItem\",\"position\":1,\"name\":\"Dom\u016f\",\"item\":\"https:\\\/\\\/www.karaoketexty.cz\\\/magazin\\\/\"},{\"@type\":\"ListItem\",\"position\":2,\"name\":\"Zp\u011bva\u010dka Helena Vondr\u00e1\u010dkov\u00e1 si u\u017e\u00edv\u00e1 luxusn\u00ed bydlen\u00ed. A nam\u00edsto chalupy m\u00e1 na Slapsk\u00e9 p\u0159ehrad\u011b hausb\u00f3t\"}]},{\"@type\":\"WebSite\",\"@id\":\"https:\\\/\\\/www.karaoketexty.cz\\\/magazin\\\/#website\",\"url\":\"https:\\\/\\\/www.karaoketexty.cz\\\/magazin\\\/\",\"name\":\"Stars Magaz\u00edn Karaoketexty.cz\",\"description\":\"Stars Magaz\u00edn na Karaoketexty.cz je zam\u011b\u0159en\u00fd na novinky ze sv\u011bta hudby a celebrit. Obsahuje \u010dl\u00e1nky o zp\u011bv\u00e1c\u00edch, kapel\u00e1ch, nov\u00fdch albech, hudebn\u00edch trendech a dal\u0161\u00edch zaj\u00edmavostech z hudebn\u00edho pr\u016fmyslu.\",\"potentialAction\":[{\"@type\":\"SearchAction\",\"target\":{\"@type\":\"EntryPoint\",\"urlTemplate\":\"https:\\\/\\\/www.karaoketexty.cz\\\/magazin\\\/?s={search_term_string}\"},\"query-input\":{\"@type\":\"PropertyValueSpecification\",\"valueRequired\":true,\"valueName\":\"search_term_string\"}}],\"inLanguage\":\"cs\"},{\"@type\":\"Person\",\"@id\":\"https:\\\/\\\/www.karaoketexty.cz\\\/magazin\\\/#\\\/schema\\\/person\\\/03220d610ed4cba378a72bac3443f821\",\"name\":\"Veronika \u0160imkov\u00e1\",\"image\":{\"@type\":\"ImageObject\",\"inLanguage\":\"cs\",\"@id\":\"https:\\\/\\\/secure.gravatar.com\\\/avatar\\\/62af9cda83322200aaf20e60d0442fbca254ce18c0ffdcaaf83de31493c941a5?s=96&d=mm&r=g\",\"url\":\"https:\\\/\\\/secure.gravatar.com\\\/avatar\\\/62af9cda83322200aaf20e60d0442fbca254ce18c0ffdcaaf83de31493c941a5?s=96&d=mm&r=g\",\"contentUrl\":\"https:\\\/\\\/secure.gravatar.com\\\/avatar\\\/62af9cda83322200aaf20e60d0442fbca254ce18c0ffdcaaf83de31493c941a5?s=96&d=mm&r=g\",\"caption\":\"Veronika \u0160imkov\u00e1\"},\"url\":\"https:\\\/\\\/www.karaoketexty.cz\\\/magazin\\\/author\\\/veronikasimkova\\\/\"}]}<\/script>\n<!-- \/ Yoast SEO plugin. -->","yoast_head_json":{"title":"Luxusn\u00ed bydlen\u00ed Heleny Vondr\u00e1\u010dkov\u00e9","description":"Sv\u016fj d\u016fm za ty roky, co jej vlastn\u00ed, dovedla t\u00e9m\u011b\u0159 k dokonalosti. V ni\u010dem si nezad\u00e1 ani s \u201echalupou\u201c, kter\u00e1 Vondr\u00e1\u010dkov\u00e9 kotv\u00ed na p\u0159ehrad\u011b.","robots":{"index":"index","follow":"follow","max-snippet":"max-snippet:-1","max-image-preview":"max-image-preview:large","max-video-preview":"max-video-preview:-1"},"canonical":"https:\/\/www.karaoketexty.cz\/magazin\/helena-vondrackova-a-jeji-luxusne-vybavena-vilka\/","og_locale":"cs_CZ","og_type":"article","og_title":"Luxusn\u00ed bydlen\u00ed Heleny Vondr\u00e1\u010dkov\u00e9","og_description":"Sv\u016fj d\u016fm za ty roky, co jej vlastn\u00ed, dovedla t\u00e9m\u011b\u0159 k dokonalosti. V ni\u010dem si nezad\u00e1 ani s \u201echalupou\u201c, kter\u00e1 Vondr\u00e1\u010dkov\u00e9 kotv\u00ed na p\u0159ehrad\u011b.","og_url":"https:\/\/www.karaoketexty.cz\/magazin\/helena-vondrackova-a-jeji-luxusne-vybavena-vilka\/","og_site_name":"Stars Magaz\u00edn Karaoketexty.cz","article_published_time":"2025-10-30T05:53:00+00:00","og_image":[{"width":1200,"height":849,"url":"https:\/\/www.karaoketexty.cz\/magazin\/wp-content\/uploads\/2025\/10\/helena-vondrackova-martin-michal.jpg","type":"image\/jpeg"}],"author":"Veronika \u0160imkov\u00e1","twitter_card":"summary_large_image","twitter_misc":{"Napsal(a)":"Veronika \u0160imkov\u00e1","Odhadovan\u00e1 doba \u010dten\u00ed":"3 minuty"},"schema":{"@context":"https:\/\/schema.org","@graph":[{"@type":"Article","@id":"https:\/\/www.karaoketexty.cz\/magazin\/helena-vondrackova-a-jeji-luxusne-vybavena-vilka\/#article","isPartOf":{"@id":"https:\/\/www.karaoketexty.cz\/magazin\/helena-vondrackova-a-jeji-luxusne-vybavena-vilka\/"},"author":{"name":"Veronika \u0160imkov\u00e1","@id":"https:\/\/www.karaoketexty.cz\/magazin\/#\/schema\/person\/03220d610ed4cba378a72bac3443f821"},"headline":"Zp\u011bva\u010dka Helena Vondr\u00e1\u010dkov\u00e1 si u\u017e\u00edv\u00e1 luxusn\u00ed bydlen\u00ed. A nam\u00edsto chalupy m\u00e1 na Slapsk\u00e9 p\u0159ehrad\u011b hausb\u00f3t","datePublished":"2025-10-30T05:53:00+00:00","mainEntityOfPage":{"@id":"https:\/\/www.karaoketexty.cz\/magazin\/helena-vondrackova-a-jeji-luxusne-vybavena-vilka\/"},"wordCount":527,"commentCount":0,"image":{"@id":"https:\/\/www.karaoketexty.cz\/magazin\/helena-vondrackova-a-jeji-luxusne-vybavena-vilka\/#primaryimage"},"thumbnailUrl":"https:\/\/www.karaoketexty.cz\/magazin\/wp-content\/uploads\/2025\/10\/helena-vondrackova-martin-michal.jpg","keywords":["baz\u00e9n","Blesk","bydlen\u00ed celebrit","\u010desk\u00fd showbyznys","d\u016fchod","Golden Kids","hausb\u00f3t","Helena Vondr\u00e1\u010dkov\u00e1","iDnes","Instagram Heleny Vondr\u00e1\u010dkov\u00e9","luxusn\u00ed d\u016fm","Marta Kubi\u0161ov\u00e1","Martin Michal","Novinky","\u0158itka","rodinn\u00e9 z\u00e1zem\u00ed","Slapsk\u00e1 p\u0159ehrada","stabilita","V\u00e1clav Neck\u00e1\u0159","zimn\u00ed zahrada","Zp\u011bva\u010dka"],"articleSection":["Celebrity"],"inLanguage":"cs","potentialAction":[{"@type":"CommentAction","name":"Comment","target":["https:\/\/www.karaoketexty.cz\/magazin\/helena-vondrackova-a-jeji-luxusne-vybavena-vilka\/#respond"]}]},{"@type":"WebPage","@id":"https:\/\/www.karaoketexty.cz\/magazin\/helena-vondrackova-a-jeji-luxusne-vybavena-vilka\/","url":"https:\/\/www.karaoketexty.cz\/magazin\/helena-vondrackova-a-jeji-luxusne-vybavena-vilka\/","name":"Luxusn\u00ed bydlen\u00ed Heleny Vondr\u00e1\u010dkov\u00e9","isPartOf":{"@id":"https:\/\/www.karaoketexty.cz\/magazin\/#website"},"primaryImageOfPage":{"@id":"https:\/\/www.karaoketexty.cz\/magazin\/helena-vondrackova-a-jeji-luxusne-vybavena-vilka\/#primaryimage"},"image":{"@id":"https:\/\/www.karaoketexty.cz\/magazin\/helena-vondrackova-a-jeji-luxusne-vybavena-vilka\/#primaryimage"},"thumbnailUrl":"https:\/\/www.karaoketexty.cz\/magazin\/wp-content\/uploads\/2025\/10\/helena-vondrackova-martin-michal.jpg","datePublished":"2025-10-30T05:53:00+00:00","author":{"@id":"https:\/\/www.karaoketexty.cz\/magazin\/#\/schema\/person\/03220d610ed4cba378a72bac3443f821"},"description":"Sv\u016fj d\u016fm za ty roky, co jej vlastn\u00ed, dovedla t\u00e9m\u011b\u0159 k dokonalosti. V ni\u010dem si nezad\u00e1 ani s \u201echalupou\u201c, kter\u00e1 Vondr\u00e1\u010dkov\u00e9 kotv\u00ed na p\u0159ehrad\u011b.","breadcrumb":{"@id":"https:\/\/www.karaoketexty.cz\/magazin\/helena-vondrackova-a-jeji-luxusne-vybavena-vilka\/#breadcrumb"},"inLanguage":"cs","potentialAction":[{"@type":"ReadAction","target":["https:\/\/www.karaoketexty.cz\/magazin\/helena-vondrackova-a-jeji-luxusne-vybavena-vilka\/"]}]},{"@type":"ImageObject","inLanguage":"cs","@id":"https:\/\/www.karaoketexty.cz\/magazin\/helena-vondrackova-a-jeji-luxusne-vybavena-vilka\/#primaryimage","url":"https:\/\/www.karaoketexty.cz\/magazin\/wp-content\/uploads\/2025\/10\/helena-vondrackova-martin-michal.jpg","contentUrl":"https:\/\/www.karaoketexty.cz\/magazin\/wp-content\/uploads\/2025\/10\/helena-vondrackova-martin-michal.jpg","width":1200,"height":849,"caption":"Foto: NextFoto, Helena Vondr\u00e1\u010dkov\u00e1 a Martin Michal, \u0161edes\u00e1tiny Osmanyho Laffity 3. 10. 2025 v pra\u017esk\u00e9m hotelu Andaz"},{"@type":"BreadcrumbList","@id":"https:\/\/www.karaoketexty.cz\/magazin\/helena-vondrackova-a-jeji-luxusne-vybavena-vilka\/#breadcrumb","itemListElement":[{"@type":"ListItem","position":1,"name":"Dom\u016f","item":"https:\/\/www.karaoketexty.cz\/magazin\/"},{"@type":"ListItem","position":2,"name":"Zp\u011bva\u010dka Helena Vondr\u00e1\u010dkov\u00e1 si u\u017e\u00edv\u00e1 luxusn\u00ed bydlen\u00ed. A nam\u00edsto chalupy m\u00e1 na Slapsk\u00e9 p\u0159ehrad\u011b hausb\u00f3t"}]},{"@type":"WebSite","@id":"https:\/\/www.karaoketexty.cz\/magazin\/#website","url":"https:\/\/www.karaoketexty.cz\/magazin\/","name":"Stars Magaz\u00edn Karaoketexty.cz","description":"Stars Magaz\u00edn na Karaoketexty.cz je zam\u011b\u0159en\u00fd na novinky ze sv\u011bta hudby a celebrit. Obsahuje \u010dl\u00e1nky o zp\u011bv\u00e1c\u00edch, kapel\u00e1ch, nov\u00fdch albech, hudebn\u00edch trendech a dal\u0161\u00edch zaj\u00edmavostech z hudebn\u00edho pr\u016fmyslu.","potentialAction":[{"@type":"SearchAction","target":{"@type":"EntryPoint","urlTemplate":"https:\/\/www.karaoketexty.cz\/magazin\/?s={search_term_string}"},"query-input":{"@type":"PropertyValueSpecification","valueRequired":true,"valueName":"search_term_string"}}],"inLanguage":"cs"},{"@type":"Person","@id":"https:\/\/www.karaoketexty.cz\/magazin\/#\/schema\/person\/03220d610ed4cba378a72bac3443f821","name":"Veronika \u0160imkov\u00e1","image":{"@type":"ImageObject","inLanguage":"cs","@id":"https:\/\/secure.gravatar.com\/avatar\/62af9cda83322200aaf20e60d0442fbca254ce18c0ffdcaaf83de31493c941a5?s=96&d=mm&r=g","url":"https:\/\/secure.gravatar.com\/avatar\/62af9cda83322200aaf20e60d0442fbca254ce18c0ffdcaaf83de31493c941a5?s=96&d=mm&r=g","contentUrl":"https:\/\/secure.gravatar.com\/avatar\/62af9cda83322200aaf20e60d0442fbca254ce18c0ffdcaaf83de31493c941a5?s=96&d=mm&r=g","caption":"Veronika \u0160imkov\u00e1"},"url":"https:\/\/www.karaoketexty.cz\/magazin\/author\/veronikasimkova\/"}]}},"_links":{"self":[{"href":"https:\/\/www.karaoketexty.cz\/magazin\/wp-json\/wp\/v2\/posts\/3638","targetHints":{"allow":["GET"]}}],"collection":[{"href":"https:\/\/www.karaoketexty.cz\/magazin\/wp-json\/wp\/v2\/posts"}],"about":[{"href":"https:\/\/www.karaoketexty.cz\/magazin\/wp-json\/wp\/v2\/types\/post"}],"author":[{"embeddable":true,"href":"https:\/\/www.karaoketexty.cz\/magazin\/wp-json\/wp\/v2\/users\/5"}],"replies":[{"embeddable":true,"href":"https:\/\/www.karaoketexty.cz\/magazin\/wp-json\/wp\/v2\/comments?post=3638"}],"version-history":[{"count":5,"href":"https:\/\/www.karaoketexty.cz\/magazin\/wp-json\/wp\/v2\/posts\/3638\/revisions"}],"predecessor-version":[{"id":4036,"href":"https:\/\/www.karaoketexty.cz\/magazin\/wp-json\/wp\/v2\/posts\/3638\/revisions\/4036"}],"wp:featuredmedia":[{"embeddable":true,"href":"https:\/\/www.karaoketexty.cz\/magazin\/wp-json\/wp\/v2\/media\/3639"}],"wp:attachment":[{"href":"https:\/\/www.karaoketexty.cz\/magazin\/wp-json\/wp\/v2\/media?parent=3638"}],"wp:term":[{"taxonomy":"category","embeddable":true,"href":"https:\/\/www.karaoketexty.cz\/magazin\/wp-json\/wp\/v2\/categories?post=3638"},{"taxonomy":"post_tag","embeddable":true,"href":"https:\/\/www.karaoketexty.cz\/magazin\/wp-json\/wp\/v2\/tags?post=3638"}],"curies":[{"name":"wp","href":"https:\/\/api.w.org\/{rel}","templated":true}]}}