{"id":3609,"date":"2025-10-25T06:20:00","date_gmt":"2025-10-25T04:20:00","guid":{"rendered":"https:\/\/www.karaoketexty.cz\/magazin\/?p=3609"},"modified":"2025-10-22T17:25:41","modified_gmt":"2025-10-22T15:25:41","slug":"cover-verze-pisni-od-jarmira-nohavici","status":"publish","type":"post","link":"https:\/\/www.karaoketexty.cz\/magazin\/cover-verze-pisni-od-jarmira-nohavici\/","title":{"rendered":"Cover verze zn\u00e1m\u00fdch p\u00edsn\u00ed od zp\u011bv\u00e1ka Jarom\u00edra Nohavici v\u00e1s dostanou. S\u00e1m Jarek doporu\u010duje p\u00edse\u0148 Lachtani ve fin\u0161tin\u011b"},"content":{"rendered":"\n<p><strong>Pol\u0161tina, angli\u010dtina, n\u011bm\u010dina, ale t\u0159eba taky b\u011bloru\u0161tina \u010di fin\u0161tina. To jsou jen n\u011bkter\u00e9 jazyky, ve kter\u00fdch si lze poslechnout p\u00edsn\u011b Jarom\u00edra Nohavici.<\/strong><\/p>\n\n\n\n<p>P\u00edsn\u011b i texty skladatele Jarom\u00edra Nohavici jsou v&nbsp;na\u0161ich kon\u010din\u00e1ch pom\u011brn\u011b zn\u00e1m\u00e9. Ne ka\u017ed\u00fd ale tu\u0161\u00ed, \u017ee popularitu maj\u00ed i za hranicemi. Na Karaoketexty mus\u00edme uznat, \u017ee v\u00fdsledkem jsou kr\u00e1sn\u00e9 i vtipn\u00e9 cover verze zn\u00e1m\u00fdch p\u00edsn\u00ed, kter\u00e9 si lze pustit t\u0159eba na zp\u011bv\u00e1kov\u00fdch str\u00e1nk\u00e1ch.<\/p>\n\n\n<!-- karaoketexty.cz \/ rectangle2 -->\n<div id=\"PX_37086_709110796310826\"><\/div>\n<script>\n   if(!useMobileAds && !boolUseSeznamAds && !hideAllAds){\n     window.px2 = window.px2 || { conf: {},queue: [] };\n     px2.queue.push(function () {\n        px2.render({\n           slot: {\n              id: 37086\n           },\n            elem: \"PX_37086_709110796310826\"\n        })\n     });\n  }\n<\/script>\n\n<!-- karaoketexty.cz \/ mobile-rectangle3 -->\n<div id=\"PX_37044_714599773297004\"><\/div>\n<script>\n   if(useMobileAds && !boolUseSeznamAds && !hideAllAds){\nwindow.px2 = window.px2 || { conf: {},queue: [] };\npx2.queue.push(function () {\n\tpx2.render({\n\t\tslot: {\n\t\t\tid: 37044\n\t\t},\n\t\telem: \"PX_37044_714599773297004\"\n\t})\n});\n}\n<\/script>\n\n\n<h2 class=\"wp-block-heading\">T\u0159i \u010dun\u00edci jdou, v&nbsp;\u0159ad\u011b za sebou\u2026<\/h2>\n\n\n\n<p>Jarom\u00edr Nohavica \u2013 folkov\u00fd zp\u011bv\u00e1k, texta\u0159, p\u00edsni\u010dk\u00e1\u0159 a skladatel se v&nbsp;um\u011bleck\u00e9 bran\u017ei zhl\u00e9dnul u\u017e ve t\u0159in\u00e1cti letech, kdy za\u010dal hr\u00e1t na kytaru. P\u0159esto se ve\u0159ejn\u011b odhodlal vystoupit a\u017e o mnoho let pozd\u011bji. P\u0159ijat byl velmi dob\u0159e, u\u017e zakr\u00e1tko se stal popul\u00e1rn\u00edm. Obzvl\u00e1\u0161\u0165 po vyd\u00e1n\u00ed alba Darmod\u011bj. Nejen o n\u011bm, ale o cel\u00e9 Nohavicov\u011b cest\u011b pak vypr\u00e1v\u00ed ned\u00e1vno vydan\u00fd dokument\u00e1rn\u00ed film Jarek.<\/p>\n\n\n\n<p>\u010casem mnoho p\u00edsn\u00ed i pop\u011bvk\u016f od Nohavici zlidov\u011blo. V\u017edy\u0165 p\u0159iznejme si, kdo by neznal jeho<strong> <\/strong>T\u0159i \u010dun\u00edky, Hl\u00edda\u010de krav, Jdou po mn\u011b jdou nebo t\u0159eba Zat\u00edmco se koupe\u0161. Ne ka\u017ed\u00fd ale potom v\u00ed, \u017ee Jarom\u00edr Nohavica je obl\u00edben\u00fd i za hranicemi na\u0161eho st\u00e1tu. D\u016fkazem toho jsou cover verze jeho nejzn\u00e1m\u011bj\u0161\u00edch p\u00edsn\u00ed, kter\u00e9 si lze poslechnout na jeho ofici\u00e1ln\u00edm webu Nohavica.<\/p>\n\n\n<!-- karaoketexty.cz \/ interscroller1 -->\n\n<div id=\"PX_37041_825057871452834\"><\/div>\n<script>\nif(useMobileAds && !boolUseSeznamAds && !hideAllAds){\n\twindow.px2 = window.px2 || { conf: {},queue: [] };\n\tpx2.queue.push(function () {\n\t\tpx2.render({\n\t\t\tslot: {\n\t\t\t\tid: 37041\n\t\t\t},\n\t\t\telem: \"PX_37041_825057871452834\"\n\t\t})\n\t});\n}\n<\/script>\n\n\n<h2 class=\"wp-block-heading\">Fin\u0161tina jednozna\u010dn\u011b vede<\/h2>\n\n\n\n<p>Krom\u011b n\u011bm\u010diny, pol\u0161tiny \u010di angli\u010dtiny, kter\u00e9 by se daly mezi t\u011bmito \u201ep\u0159ed\u011bl\u00e1vkami\u201c tu\u0161it, jsou tu i exoti\u010dt\u011bj\u0161\u00ed melodie. Jde t\u0159eba o b\u011bloru\u0161tinu, holand\u0161tinu, slovin\u0161tinu, ital\u0161tinu nebo ma\u010far\u0161tinu. Podle samotn\u00e9ho autora z\u016fst\u00e1v\u00e1 nicm\u00e9n\u011b zlat\u00fdm h\u0159ebem fin\u0161tina.<strong> <\/strong>Pr\u00e1v\u011b v&nbsp;n\u00ed zn\u00ed toti\u017e mnoho p\u00edsn\u00ed opravdu poveden\u011b, jak se vyj\u00e1d\u0159il s\u00e1m Jarom\u00edr Nohavica v&nbsp;show 7 p\u00e1d\u016f Honzy D\u011bdka, kde ned\u00e1vno absolvovat rozhovor.<\/p>\n\n\n\n<iframe title=\"T\u0159i \u010dun\u00edci \/ Trois cochons\" width=\"500\" height=\"281\" src=\"https:\/\/www.youtube.com\/embed\/P2OosvMETU4?feature=oembed\" frameborder=\"0\" allow=\"accelerometer; autoplay; clipboard-write; encrypted-media; gyroscope; picture-in-picture; web-share\" referrerpolicy=\"strict-origin-when-cross-origin\" allowfullscreen><\/iframe>\n\n\n\n<p>Sv\u00fdm poslucha\u010d\u016fm pr\u00e1v\u011b z \u201ehork\u00e9ho k\u0159esla\u201c doporu\u010doval p\u0159edev\u0161\u00edm p\u00edse\u0148 Lachtani. U n\u00ed se s\u00e1m zp\u011bv\u00e1k nev\u00fdslovn\u011b pobavil. Ka\u017edop\u00e1dn\u011b ho ale velmi t\u011b\u0161\u00ed, \u017ee je o jeho p\u00edsn\u011b takov\u00fd z\u00e1jem i v&nbsp;cizin\u011b \u2013 p\u0159irovnal to k&nbsp;obl\u00e9k\u00e1n\u00ed p\u00edsn\u00ed do nov\u00e9ho oble\u010den\u00ed. Ur\u010dit\u011b je ale zv\u011bdav\u00fd, jak by to vypadalo, kdyby si album T\u0159i \u010dun\u00edci vyzkou\u0161elo origin\u00e1ln\u00ed \u010d\u00ednsk\u00e9 \u0161aty.<\/p>\n\n\n\n<p>Zdroje: Autorsk\u00fd text, <a href=\"https:\/\/www.csfd.cz\/tvurce\/5677-jaromir-nohavica\/biografie\/\" target=\"_blank\" rel=\"noreferrer noopener nofollow\">\u010cSFD<\/a>, <a href=\"https:\/\/www.youtube.com\/watch?v=c9IK7VcTzS8\" target=\"_blank\" rel=\"noreferrer noopener nofollow\">7p\u00e1d\u016fHonzyD\u011bdka<\/a>, <a href=\"https:\/\/www.nohavica.cz\/cover-verze-zahranicni-finsky\/\" target=\"_blank\" rel=\"noreferrer noopener nofollow\">Nohavica<\/a><\/p>\n\n\n            <a href=\"https:\/\/www.karaoketexty.cz\/magazin\/cesky-slavik-2025-hlasovani-vrcholi-do-ankety-o-nejoblibenejsi-hvezdy-ceske-hudby-se-muzete-zapojit-uz-jen-do-9-listopadu\/\" class=\"related-post-link\">\n                <div class=\"post-thumbnail\">\n                    <img decoding=\"async\" width=\"250\" height=\"150\" src=\"https:\/\/www.karaoketexty.cz\/magazin\/wp-content\/uploads\/2025\/10\/0062-marek-ztraceny-scaled-e1760972632259.jpg\" class=\"attachment-250x180 size-250x180 not-transparent\" alt=\"P\u0159ed\u00e1v\u00e1n\u00ed cen \u010cesk\u00fd Slav\u00edk 2024\" srcset=\"https:\/\/www.karaoketexty.cz\/magazin\/wp-content\/uploads\/2025\/10\/0062-marek-ztraceny-scaled-e1760972632259.jpg 2560w, https:\/\/www.karaoketexty.cz\/magazin\/wp-content\/uploads\/2025\/10\/0062-marek-ztraceny-scaled-e1760972632259-300x180.jpg 300w, https:\/\/www.karaoketexty.cz\/magazin\/wp-content\/uploads\/2025\/10\/0062-marek-ztraceny-scaled-e1760972632259-1024x616.jpg 1024w, https:\/\/www.karaoketexty.cz\/magazin\/wp-content\/uploads\/2025\/10\/0062-marek-ztraceny-scaled-e1760972632259-768x462.jpg 768w, https:\/\/www.karaoketexty.cz\/magazin\/wp-content\/uploads\/2025\/10\/0062-marek-ztraceny-scaled-e1760972632259-1536x924.jpg 1536w, https:\/\/www.karaoketexty.cz\/magazin\/wp-content\/uploads\/2025\/10\/0062-marek-ztraceny-scaled-e1760972632259-2048x1232.jpg 2048w\" sizes=\"(max-width: 250px) 100vw, 250px\" data-has-transparency=\"false\" data-dominant-color=\"492b4e\" style=\"--dominant-color: #492b4e;\" \/>                <\/div>\n                <div class=\"post-details\">\n                    <span class=\"also-read\">\u010ct\u011bte tak\u00e9:<\/span>\n                    <h3 class=\"hed\">\u010cesk\u00fd slav\u00edk 2025: Hlasov\u00e1n\u00ed vrchol\u00ed! Do ankety o nejobl\u00edben\u011bj\u0161\u00ed hv\u011bzdy \u010desk\u00e9 hudby se m\u016f\u017eete zapojit u\u017e jen do 9. listopadu<\/h3>\n                <\/div>\n            <\/a>\n            \n\n            <a href=\"https:\/\/www.karaoketexty.cz\/magazin\/jaroslav-uhlir-oslavil-osmdesatku-lucerna-se-rozezpivala-jeho-nesmrtelnymi-hity-a-nakonec-mu-vsichni-poprali\/\" class=\"related-post-link\">\n                <div class=\"post-thumbnail\">\n                    <img decoding=\"async\" width=\"250\" height=\"166\" src=\"https:\/\/www.karaoketexty.cz\/magazin\/wp-content\/uploads\/2025\/10\/jaroslav-uhlir.jpg\" class=\"attachment-250x180 size-250x180 not-transparent\" alt=\"Fotografie Jaroslava Uhl\u00ed\u0159e\" srcset=\"https:\/\/www.karaoketexty.cz\/magazin\/wp-content\/uploads\/2025\/10\/jaroslav-uhlir.jpg 1200w, https:\/\/www.karaoketexty.cz\/magazin\/wp-content\/uploads\/2025\/10\/jaroslav-uhlir-300x200.jpg 300w, https:\/\/www.karaoketexty.cz\/magazin\/wp-content\/uploads\/2025\/10\/jaroslav-uhlir-1024x682.jpg 1024w, https:\/\/www.karaoketexty.cz\/magazin\/wp-content\/uploads\/2025\/10\/jaroslav-uhlir-768x511.jpg 768w, https:\/\/www.karaoketexty.cz\/magazin\/wp-content\/uploads\/2025\/10\/jaroslav-uhlir-800x533.jpg 800w\" sizes=\"(max-width: 250px) 100vw, 250px\" data-has-transparency=\"false\" data-dominant-color=\"7e6c59\" style=\"--dominant-color: #7e6c59;\" \/>                <\/div>\n                <div class=\"post-details\">\n                    <span class=\"also-read\">\u010ct\u011bte tak\u00e9:<\/span>\n                    <h3 class=\"hed\">Jaroslav Uhl\u00ed\u0159 oslavil osmdes\u00e1tku. Lucerna se rozezp\u00edvala jeho nesmrteln\u00fdmi hity a nakonec mu v\u0161ichni pop\u0159\u00e1li<\/h3>\n                <\/div>\n            <\/a>\n            ","protected":false},"excerpt":{"rendered":"<p>Pol\u0161tina, angli\u010dtina, n\u011bm\u010dina, ale t\u0159eba taky b\u011bloru\u0161tina \u010di fin\u0161tina. To jsou jen n\u011bkter\u00e9 jazyky, ve kter\u00fdch si lze poslechnout p\u00edsn\u011b Jarom\u00edra Nohavici.<\/p>\n","protected":false},"author":5,"featured_media":3610,"comment_status":"open","ping_status":"closed","sticky":false,"template":"","format":"standard","meta":{"_yoast_wpseo_title":"Finsky p\u0159ezp\u00edvan\u00e9 Nohavicovy p\u00edsni\u010dky jsou k popuk\u00e1n\u00ed","_yoast_wpseo_metadesc":"Jarom\u00edr Nohavica m\u00e1 na sv\u00e9m port\u00e1lu sv\u00e9 p\u00edsn\u011b p\u0159ezp\u00edvan\u00e9 hned do n\u011bkolika jazyk\u016f. Podle n\u011bj je pak nejvtipn\u011bj\u0161\u00ed fin\u0161tina.","footnotes":""},"categories":[1059],"tags":[3849,3841,3843,459,3854,3850,3842,3837,3853,3847,3844,3835,3845,3848,3839,3851,1870,3840,3846,3836,3838,3852],"class_list":["post-3609","post","type-post","status-publish","format-standard","has-post-thumbnail","hentry","category-celebrity","tag-7-padu-honzy-dedka","tag-anglictina","tag-belorustina","tag-coververze","tag-darmodej","tag-dokument-jarek","tag-finstina","tag-folkovy-zpevak","tag-hlidac-krav","tag-holandstina","tag-italstina","tag-jaromir-nohavica","tag-madarstina","tag-multijazycnost","tag-nemcina","tag-oficialni-web","tag-pisnickar","tag-polstina","tag-slovinstina","tag-tri-cunici","tag-zahranicni-fanousci","tag-zahranicni-popularita"],"yoast_head":"<!-- This site is optimized with the Yoast SEO plugin v27.4 - https:\/\/yoast.com\/product\/yoast-seo-wordpress\/ -->\n<title>Finsky p\u0159ezp\u00edvan\u00e9 Nohavicovy p\u00edsni\u010dky jsou k popuk\u00e1n\u00ed<\/title>\n<meta name=\"description\" content=\"Jarom\u00edr Nohavica m\u00e1 na sv\u00e9m port\u00e1lu sv\u00e9 p\u00edsn\u011b p\u0159ezp\u00edvan\u00e9 hned do n\u011bkolika jazyk\u016f. Podle n\u011bj je pak nejvtipn\u011bj\u0161\u00ed fin\u0161tina.\" \/>\n<meta name=\"robots\" content=\"index, follow, max-snippet:-1, max-image-preview:large, max-video-preview:-1\" \/>\n<link rel=\"canonical\" href=\"https:\/\/www.karaoketexty.cz\/magazin\/cover-verze-pisni-od-jarmira-nohavici\/\" \/>\n<meta property=\"og:locale\" content=\"cs_CZ\" \/>\n<meta property=\"og:type\" content=\"article\" \/>\n<meta property=\"og:title\" content=\"Finsky p\u0159ezp\u00edvan\u00e9 Nohavicovy p\u00edsni\u010dky jsou k popuk\u00e1n\u00ed\" \/>\n<meta property=\"og:description\" content=\"Jarom\u00edr Nohavica m\u00e1 na sv\u00e9m port\u00e1lu sv\u00e9 p\u00edsn\u011b p\u0159ezp\u00edvan\u00e9 hned do n\u011bkolika jazyk\u016f. Podle n\u011bj je pak nejvtipn\u011bj\u0161\u00ed fin\u0161tina.\" \/>\n<meta property=\"og:url\" content=\"https:\/\/www.karaoketexty.cz\/magazin\/cover-verze-pisni-od-jarmira-nohavici\/\" \/>\n<meta property=\"og:site_name\" content=\"Stars Magaz\u00edn Karaoketexty.cz\" \/>\n<meta property=\"article:published_time\" content=\"2025-10-25T04:20:00+00:00\" \/>\n<meta property=\"og:image\" content=\"https:\/\/www.karaoketexty.cz\/magazin\/wp-content\/uploads\/2025\/10\/jaromir-nohavica.jpg\" \/>\n\t<meta property=\"og:image:width\" content=\"1200\" \/>\n\t<meta property=\"og:image:height\" content=\"949\" \/>\n\t<meta property=\"og:image:type\" content=\"image\/jpeg\" \/>\n<meta name=\"author\" content=\"Veronika \u0160imkov\u00e1\" \/>\n<meta name=\"twitter:card\" content=\"summary_large_image\" \/>\n<meta name=\"twitter:label1\" content=\"Napsal(a)\" \/>\n\t<meta name=\"twitter:data1\" content=\"Veronika \u0160imkov\u00e1\" \/>\n\t<meta name=\"twitter:label2\" content=\"Odhadovan\u00e1 doba \u010dten\u00ed\" \/>\n\t<meta name=\"twitter:data2\" content=\"2 minuty\" \/>\n<script type=\"application\/ld+json\" class=\"yoast-schema-graph\">{\"@context\":\"https:\\\/\\\/schema.org\",\"@graph\":[{\"@type\":\"Article\",\"@id\":\"https:\\\/\\\/www.karaoketexty.cz\\\/magazin\\\/cover-verze-pisni-od-jarmira-nohavici\\\/#article\",\"isPartOf\":{\"@id\":\"https:\\\/\\\/www.karaoketexty.cz\\\/magazin\\\/cover-verze-pisni-od-jarmira-nohavici\\\/\"},\"author\":{\"name\":\"Veronika \u0160imkov\u00e1\",\"@id\":\"https:\\\/\\\/www.karaoketexty.cz\\\/magazin\\\/#\\\/schema\\\/person\\\/03220d610ed4cba378a72bac3443f821\"},\"headline\":\"Cover verze zn\u00e1m\u00fdch p\u00edsn\u00ed od zp\u011bv\u00e1ka Jarom\u00edra Nohavici v\u00e1s dostanou. S\u00e1m Jarek doporu\u010duje p\u00edse\u0148 Lachtani ve fin\u0161tin\u011b\",\"datePublished\":\"2025-10-25T04:20:00+00:00\",\"mainEntityOfPage\":{\"@id\":\"https:\\\/\\\/www.karaoketexty.cz\\\/magazin\\\/cover-verze-pisni-od-jarmira-nohavici\\\/\"},\"wordCount\":514,\"commentCount\":0,\"image\":{\"@id\":\"https:\\\/\\\/www.karaoketexty.cz\\\/magazin\\\/cover-verze-pisni-od-jarmira-nohavici\\\/#primaryimage\"},\"thumbnailUrl\":\"https:\\\/\\\/www.karaoketexty.cz\\\/magazin\\\/wp-content\\\/uploads\\\/2025\\\/10\\\/jaromir-nohavica.jpg\",\"keywords\":[\"7 p\u00e1d\u016f Honzy D\u011bdka\",\"angli\u010dtina\",\"b\u011bloru\u0161tina\",\"coververze\",\"Darmod\u011bj\",\"dokument Jarek\",\"fin\u0161tina\",\"folkov\u00fd zp\u011bv\u00e1k\",\"Hl\u00edda\u010d krav\",\"holand\u0161tina\",\"ital\u0161tina\",\"Jarom\u00edr Nohavica\",\"ma\u010far\u0161tina\",\"multijazy\u010dnost\",\"n\u011bm\u010dina\",\"ofici\u00e1ln\u00ed web\",\"p\u00edsni\u010dk\u00e1\u0159\",\"pol\u0161tina\",\"slovin\u0161tina\",\"T\u0159i \u010dun\u00edci\",\"zahrani\u010dn\u00ed fanou\u0161ci\",\"zahrani\u010dn\u00ed popularita\"],\"articleSection\":[\"Celebrity\"],\"inLanguage\":\"cs\",\"potentialAction\":[{\"@type\":\"CommentAction\",\"name\":\"Comment\",\"target\":[\"https:\\\/\\\/www.karaoketexty.cz\\\/magazin\\\/cover-verze-pisni-od-jarmira-nohavici\\\/#respond\"]}]},{\"@type\":\"WebPage\",\"@id\":\"https:\\\/\\\/www.karaoketexty.cz\\\/magazin\\\/cover-verze-pisni-od-jarmira-nohavici\\\/\",\"url\":\"https:\\\/\\\/www.karaoketexty.cz\\\/magazin\\\/cover-verze-pisni-od-jarmira-nohavici\\\/\",\"name\":\"Finsky p\u0159ezp\u00edvan\u00e9 Nohavicovy p\u00edsni\u010dky jsou k popuk\u00e1n\u00ed\",\"isPartOf\":{\"@id\":\"https:\\\/\\\/www.karaoketexty.cz\\\/magazin\\\/#website\"},\"primaryImageOfPage\":{\"@id\":\"https:\\\/\\\/www.karaoketexty.cz\\\/magazin\\\/cover-verze-pisni-od-jarmira-nohavici\\\/#primaryimage\"},\"image\":{\"@id\":\"https:\\\/\\\/www.karaoketexty.cz\\\/magazin\\\/cover-verze-pisni-od-jarmira-nohavici\\\/#primaryimage\"},\"thumbnailUrl\":\"https:\\\/\\\/www.karaoketexty.cz\\\/magazin\\\/wp-content\\\/uploads\\\/2025\\\/10\\\/jaromir-nohavica.jpg\",\"datePublished\":\"2025-10-25T04:20:00+00:00\",\"author\":{\"@id\":\"https:\\\/\\\/www.karaoketexty.cz\\\/magazin\\\/#\\\/schema\\\/person\\\/03220d610ed4cba378a72bac3443f821\"},\"description\":\"Jarom\u00edr Nohavica m\u00e1 na sv\u00e9m port\u00e1lu sv\u00e9 p\u00edsn\u011b p\u0159ezp\u00edvan\u00e9 hned do n\u011bkolika jazyk\u016f. Podle n\u011bj je pak nejvtipn\u011bj\u0161\u00ed fin\u0161tina.\",\"breadcrumb\":{\"@id\":\"https:\\\/\\\/www.karaoketexty.cz\\\/magazin\\\/cover-verze-pisni-od-jarmira-nohavici\\\/#breadcrumb\"},\"inLanguage\":\"cs\",\"potentialAction\":[{\"@type\":\"ReadAction\",\"target\":[\"https:\\\/\\\/www.karaoketexty.cz\\\/magazin\\\/cover-verze-pisni-od-jarmira-nohavici\\\/\"]}]},{\"@type\":\"ImageObject\",\"inLanguage\":\"cs\",\"@id\":\"https:\\\/\\\/www.karaoketexty.cz\\\/magazin\\\/cover-verze-pisni-od-jarmira-nohavici\\\/#primaryimage\",\"url\":\"https:\\\/\\\/www.karaoketexty.cz\\\/magazin\\\/wp-content\\\/uploads\\\/2025\\\/10\\\/jaromir-nohavica.jpg\",\"contentUrl\":\"https:\\\/\\\/www.karaoketexty.cz\\\/magazin\\\/wp-content\\\/uploads\\\/2025\\\/10\\\/jaromir-nohavica.jpg\",\"width\":1200,\"height\":949,\"caption\":\"Foto: NextFoto, Jarom\u00edr Nohavica na premi\u00e9\u0159e filmu Jarek 27. 8. 2025\"},{\"@type\":\"BreadcrumbList\",\"@id\":\"https:\\\/\\\/www.karaoketexty.cz\\\/magazin\\\/cover-verze-pisni-od-jarmira-nohavici\\\/#breadcrumb\",\"itemListElement\":[{\"@type\":\"ListItem\",\"position\":1,\"name\":\"Dom\u016f\",\"item\":\"https:\\\/\\\/www.karaoketexty.cz\\\/magazin\\\/\"},{\"@type\":\"ListItem\",\"position\":2,\"name\":\"Cover verze zn\u00e1m\u00fdch p\u00edsn\u00ed od zp\u011bv\u00e1ka Jarom\u00edra Nohavici v\u00e1s dostanou. S\u00e1m Jarek doporu\u010duje p\u00edse\u0148 Lachtani ve fin\u0161tin\u011b\"}]},{\"@type\":\"WebSite\",\"@id\":\"https:\\\/\\\/www.karaoketexty.cz\\\/magazin\\\/#website\",\"url\":\"https:\\\/\\\/www.karaoketexty.cz\\\/magazin\\\/\",\"name\":\"Stars Magaz\u00edn Karaoketexty.cz\",\"description\":\"Stars Magaz\u00edn na Karaoketexty.cz je zam\u011b\u0159en\u00fd na novinky ze sv\u011bta hudby a celebrit. Obsahuje \u010dl\u00e1nky o zp\u011bv\u00e1c\u00edch, kapel\u00e1ch, nov\u00fdch albech, hudebn\u00edch trendech a dal\u0161\u00edch zaj\u00edmavostech z hudebn\u00edho pr\u016fmyslu.\",\"potentialAction\":[{\"@type\":\"SearchAction\",\"target\":{\"@type\":\"EntryPoint\",\"urlTemplate\":\"https:\\\/\\\/www.karaoketexty.cz\\\/magazin\\\/?s={search_term_string}\"},\"query-input\":{\"@type\":\"PropertyValueSpecification\",\"valueRequired\":true,\"valueName\":\"search_term_string\"}}],\"inLanguage\":\"cs\"},{\"@type\":\"Person\",\"@id\":\"https:\\\/\\\/www.karaoketexty.cz\\\/magazin\\\/#\\\/schema\\\/person\\\/03220d610ed4cba378a72bac3443f821\",\"name\":\"Veronika \u0160imkov\u00e1\",\"image\":{\"@type\":\"ImageObject\",\"inLanguage\":\"cs\",\"@id\":\"https:\\\/\\\/secure.gravatar.com\\\/avatar\\\/62af9cda83322200aaf20e60d0442fbca254ce18c0ffdcaaf83de31493c941a5?s=96&d=mm&r=g\",\"url\":\"https:\\\/\\\/secure.gravatar.com\\\/avatar\\\/62af9cda83322200aaf20e60d0442fbca254ce18c0ffdcaaf83de31493c941a5?s=96&d=mm&r=g\",\"contentUrl\":\"https:\\\/\\\/secure.gravatar.com\\\/avatar\\\/62af9cda83322200aaf20e60d0442fbca254ce18c0ffdcaaf83de31493c941a5?s=96&d=mm&r=g\",\"caption\":\"Veronika \u0160imkov\u00e1\"},\"url\":\"https:\\\/\\\/www.karaoketexty.cz\\\/magazin\\\/author\\\/veronikasimkova\\\/\"}]}<\/script>\n<!-- \/ Yoast SEO plugin. -->","yoast_head_json":{"title":"Finsky p\u0159ezp\u00edvan\u00e9 Nohavicovy p\u00edsni\u010dky jsou k popuk\u00e1n\u00ed","description":"Jarom\u00edr Nohavica m\u00e1 na sv\u00e9m port\u00e1lu sv\u00e9 p\u00edsn\u011b p\u0159ezp\u00edvan\u00e9 hned do n\u011bkolika jazyk\u016f. Podle n\u011bj je pak nejvtipn\u011bj\u0161\u00ed fin\u0161tina.","robots":{"index":"index","follow":"follow","max-snippet":"max-snippet:-1","max-image-preview":"max-image-preview:large","max-video-preview":"max-video-preview:-1"},"canonical":"https:\/\/www.karaoketexty.cz\/magazin\/cover-verze-pisni-od-jarmira-nohavici\/","og_locale":"cs_CZ","og_type":"article","og_title":"Finsky p\u0159ezp\u00edvan\u00e9 Nohavicovy p\u00edsni\u010dky jsou k popuk\u00e1n\u00ed","og_description":"Jarom\u00edr Nohavica m\u00e1 na sv\u00e9m port\u00e1lu sv\u00e9 p\u00edsn\u011b p\u0159ezp\u00edvan\u00e9 hned do n\u011bkolika jazyk\u016f. Podle n\u011bj je pak nejvtipn\u011bj\u0161\u00ed fin\u0161tina.","og_url":"https:\/\/www.karaoketexty.cz\/magazin\/cover-verze-pisni-od-jarmira-nohavici\/","og_site_name":"Stars Magaz\u00edn Karaoketexty.cz","article_published_time":"2025-10-25T04:20:00+00:00","og_image":[{"width":1200,"height":949,"url":"https:\/\/www.karaoketexty.cz\/magazin\/wp-content\/uploads\/2025\/10\/jaromir-nohavica.jpg","type":"image\/jpeg"}],"author":"Veronika \u0160imkov\u00e1","twitter_card":"summary_large_image","twitter_misc":{"Napsal(a)":"Veronika \u0160imkov\u00e1","Odhadovan\u00e1 doba \u010dten\u00ed":"2 minuty"},"schema":{"@context":"https:\/\/schema.org","@graph":[{"@type":"Article","@id":"https:\/\/www.karaoketexty.cz\/magazin\/cover-verze-pisni-od-jarmira-nohavici\/#article","isPartOf":{"@id":"https:\/\/www.karaoketexty.cz\/magazin\/cover-verze-pisni-od-jarmira-nohavici\/"},"author":{"name":"Veronika \u0160imkov\u00e1","@id":"https:\/\/www.karaoketexty.cz\/magazin\/#\/schema\/person\/03220d610ed4cba378a72bac3443f821"},"headline":"Cover verze zn\u00e1m\u00fdch p\u00edsn\u00ed od zp\u011bv\u00e1ka Jarom\u00edra Nohavici v\u00e1s dostanou. S\u00e1m Jarek doporu\u010duje p\u00edse\u0148 Lachtani ve fin\u0161tin\u011b","datePublished":"2025-10-25T04:20:00+00:00","mainEntityOfPage":{"@id":"https:\/\/www.karaoketexty.cz\/magazin\/cover-verze-pisni-od-jarmira-nohavici\/"},"wordCount":514,"commentCount":0,"image":{"@id":"https:\/\/www.karaoketexty.cz\/magazin\/cover-verze-pisni-od-jarmira-nohavici\/#primaryimage"},"thumbnailUrl":"https:\/\/www.karaoketexty.cz\/magazin\/wp-content\/uploads\/2025\/10\/jaromir-nohavica.jpg","keywords":["7 p\u00e1d\u016f Honzy D\u011bdka","angli\u010dtina","b\u011bloru\u0161tina","coververze","Darmod\u011bj","dokument Jarek","fin\u0161tina","folkov\u00fd zp\u011bv\u00e1k","Hl\u00edda\u010d krav","holand\u0161tina","ital\u0161tina","Jarom\u00edr Nohavica","ma\u010far\u0161tina","multijazy\u010dnost","n\u011bm\u010dina","ofici\u00e1ln\u00ed web","p\u00edsni\u010dk\u00e1\u0159","pol\u0161tina","slovin\u0161tina","T\u0159i \u010dun\u00edci","zahrani\u010dn\u00ed fanou\u0161ci","zahrani\u010dn\u00ed popularita"],"articleSection":["Celebrity"],"inLanguage":"cs","potentialAction":[{"@type":"CommentAction","name":"Comment","target":["https:\/\/www.karaoketexty.cz\/magazin\/cover-verze-pisni-od-jarmira-nohavici\/#respond"]}]},{"@type":"WebPage","@id":"https:\/\/www.karaoketexty.cz\/magazin\/cover-verze-pisni-od-jarmira-nohavici\/","url":"https:\/\/www.karaoketexty.cz\/magazin\/cover-verze-pisni-od-jarmira-nohavici\/","name":"Finsky p\u0159ezp\u00edvan\u00e9 Nohavicovy p\u00edsni\u010dky jsou k popuk\u00e1n\u00ed","isPartOf":{"@id":"https:\/\/www.karaoketexty.cz\/magazin\/#website"},"primaryImageOfPage":{"@id":"https:\/\/www.karaoketexty.cz\/magazin\/cover-verze-pisni-od-jarmira-nohavici\/#primaryimage"},"image":{"@id":"https:\/\/www.karaoketexty.cz\/magazin\/cover-verze-pisni-od-jarmira-nohavici\/#primaryimage"},"thumbnailUrl":"https:\/\/www.karaoketexty.cz\/magazin\/wp-content\/uploads\/2025\/10\/jaromir-nohavica.jpg","datePublished":"2025-10-25T04:20:00+00:00","author":{"@id":"https:\/\/www.karaoketexty.cz\/magazin\/#\/schema\/person\/03220d610ed4cba378a72bac3443f821"},"description":"Jarom\u00edr Nohavica m\u00e1 na sv\u00e9m port\u00e1lu sv\u00e9 p\u00edsn\u011b p\u0159ezp\u00edvan\u00e9 hned do n\u011bkolika jazyk\u016f. Podle n\u011bj je pak nejvtipn\u011bj\u0161\u00ed fin\u0161tina.","breadcrumb":{"@id":"https:\/\/www.karaoketexty.cz\/magazin\/cover-verze-pisni-od-jarmira-nohavici\/#breadcrumb"},"inLanguage":"cs","potentialAction":[{"@type":"ReadAction","target":["https:\/\/www.karaoketexty.cz\/magazin\/cover-verze-pisni-od-jarmira-nohavici\/"]}]},{"@type":"ImageObject","inLanguage":"cs","@id":"https:\/\/www.karaoketexty.cz\/magazin\/cover-verze-pisni-od-jarmira-nohavici\/#primaryimage","url":"https:\/\/www.karaoketexty.cz\/magazin\/wp-content\/uploads\/2025\/10\/jaromir-nohavica.jpg","contentUrl":"https:\/\/www.karaoketexty.cz\/magazin\/wp-content\/uploads\/2025\/10\/jaromir-nohavica.jpg","width":1200,"height":949,"caption":"Foto: NextFoto, Jarom\u00edr Nohavica na premi\u00e9\u0159e filmu Jarek 27. 8. 2025"},{"@type":"BreadcrumbList","@id":"https:\/\/www.karaoketexty.cz\/magazin\/cover-verze-pisni-od-jarmira-nohavici\/#breadcrumb","itemListElement":[{"@type":"ListItem","position":1,"name":"Dom\u016f","item":"https:\/\/www.karaoketexty.cz\/magazin\/"},{"@type":"ListItem","position":2,"name":"Cover verze zn\u00e1m\u00fdch p\u00edsn\u00ed od zp\u011bv\u00e1ka Jarom\u00edra Nohavici v\u00e1s dostanou. S\u00e1m Jarek doporu\u010duje p\u00edse\u0148 Lachtani ve fin\u0161tin\u011b"}]},{"@type":"WebSite","@id":"https:\/\/www.karaoketexty.cz\/magazin\/#website","url":"https:\/\/www.karaoketexty.cz\/magazin\/","name":"Stars Magaz\u00edn Karaoketexty.cz","description":"Stars Magaz\u00edn na Karaoketexty.cz je zam\u011b\u0159en\u00fd na novinky ze sv\u011bta hudby a celebrit. Obsahuje \u010dl\u00e1nky o zp\u011bv\u00e1c\u00edch, kapel\u00e1ch, nov\u00fdch albech, hudebn\u00edch trendech a dal\u0161\u00edch zaj\u00edmavostech z hudebn\u00edho pr\u016fmyslu.","potentialAction":[{"@type":"SearchAction","target":{"@type":"EntryPoint","urlTemplate":"https:\/\/www.karaoketexty.cz\/magazin\/?s={search_term_string}"},"query-input":{"@type":"PropertyValueSpecification","valueRequired":true,"valueName":"search_term_string"}}],"inLanguage":"cs"},{"@type":"Person","@id":"https:\/\/www.karaoketexty.cz\/magazin\/#\/schema\/person\/03220d610ed4cba378a72bac3443f821","name":"Veronika \u0160imkov\u00e1","image":{"@type":"ImageObject","inLanguage":"cs","@id":"https:\/\/secure.gravatar.com\/avatar\/62af9cda83322200aaf20e60d0442fbca254ce18c0ffdcaaf83de31493c941a5?s=96&d=mm&r=g","url":"https:\/\/secure.gravatar.com\/avatar\/62af9cda83322200aaf20e60d0442fbca254ce18c0ffdcaaf83de31493c941a5?s=96&d=mm&r=g","contentUrl":"https:\/\/secure.gravatar.com\/avatar\/62af9cda83322200aaf20e60d0442fbca254ce18c0ffdcaaf83de31493c941a5?s=96&d=mm&r=g","caption":"Veronika \u0160imkov\u00e1"},"url":"https:\/\/www.karaoketexty.cz\/magazin\/author\/veronikasimkova\/"}]}},"_links":{"self":[{"href":"https:\/\/www.karaoketexty.cz\/magazin\/wp-json\/wp\/v2\/posts\/3609","targetHints":{"allow":["GET"]}}],"collection":[{"href":"https:\/\/www.karaoketexty.cz\/magazin\/wp-json\/wp\/v2\/posts"}],"about":[{"href":"https:\/\/www.karaoketexty.cz\/magazin\/wp-json\/wp\/v2\/types\/post"}],"author":[{"embeddable":true,"href":"https:\/\/www.karaoketexty.cz\/magazin\/wp-json\/wp\/v2\/users\/5"}],"replies":[{"embeddable":true,"href":"https:\/\/www.karaoketexty.cz\/magazin\/wp-json\/wp\/v2\/comments?post=3609"}],"version-history":[{"count":4,"href":"https:\/\/www.karaoketexty.cz\/magazin\/wp-json\/wp\/v2\/posts\/3609\/revisions"}],"predecessor-version":[{"id":4001,"href":"https:\/\/www.karaoketexty.cz\/magazin\/wp-json\/wp\/v2\/posts\/3609\/revisions\/4001"}],"wp:featuredmedia":[{"embeddable":true,"href":"https:\/\/www.karaoketexty.cz\/magazin\/wp-json\/wp\/v2\/media\/3610"}],"wp:attachment":[{"href":"https:\/\/www.karaoketexty.cz\/magazin\/wp-json\/wp\/v2\/media?parent=3609"}],"wp:term":[{"taxonomy":"category","embeddable":true,"href":"https:\/\/www.karaoketexty.cz\/magazin\/wp-json\/wp\/v2\/categories?post=3609"},{"taxonomy":"post_tag","embeddable":true,"href":"https:\/\/www.karaoketexty.cz\/magazin\/wp-json\/wp\/v2\/tags?post=3609"}],"curies":[{"name":"wp","href":"https:\/\/api.w.org\/{rel}","templated":true}]}}