{"id":3509,"date":"2025-10-24T08:51:46","date_gmt":"2025-10-24T06:51:46","guid":{"rendered":"https:\/\/www.karaoketexty.cz\/magazin\/?p=3509"},"modified":"2025-10-24T16:39:19","modified_gmt":"2025-10-24T14:39:19","slug":"twenty-one-pilots-uzavrou-svou-hudebni-sagu-na-colours-of-ostrava-2026","status":"publish","type":"post","link":"https:\/\/www.karaoketexty.cz\/magazin\/twenty-one-pilots-uzavrou-svou-hudebni-sagu-na-colours-of-ostrava-2026\/","title":{"rendered":"Twenty One Pilots uzav\u0159ou svou hudebn\u00ed s\u00e1gu na Colours of Ostrava 2026"},"content":{"rendered":"\n<p><strong>Je tady skv\u011bl\u00e1 zpr\u00e1va pro v\u0161echny p\u0159\u00edznivce Colours of Ostrava. Po \u010dty\u0159ech letech toti\u017e na n\u00e1sleduj\u00edc\u00ed ro\u010dn\u00edk doraz\u00ed Twenty One Pilots.<\/strong><\/p>\n\n\n\n<p>Fanou\u0161ci Colours of Ostrava se maj\u00ed v p\u0159\u00ed\u0161t\u00edm roce na co t\u011b\u0161it. Na Karaoketexty jsme zaregistrovali, \u017ee prvn\u00edm potvrzen\u00fdm jm\u00e9nem festivalu je americk\u00e1 dvojice Twenty One Pilots, kter\u00e1 v Ostrav\u011b uzav\u0159e kapitolu sv\u00e9 dlouh\u00e9 hudebn\u00ed s\u00e1gy. Na p\u00f3dium v Doln\u00edch V\u00edtkovic\u00edch se Twenty One Pilots vr\u00e1t\u00ed po \u010dty\u0159ech letech. <\/p>\n\n\n<!-- karaoketexty.cz \/ rectangle2 -->\n<div id=\"PX_37086_709110796310826\"><\/div>\n<script>\n   if(!useMobileAds && !boolUseSeznamAds && !hideAllAds){\n     window.px2 = window.px2 || { conf: {},queue: [] };\n     px2.queue.push(function () {\n        px2.render({\n           slot: {\n              id: 37086\n           },\n            elem: \"PX_37086_709110796310826\"\n        })\n     });\n  }\n<\/script>\n\n<!-- karaoketexty.cz \/ mobile-rectangle3 -->\n<div id=\"PX_37044_714599773297004\"><\/div>\n<script>\n   if(useMobileAds && !boolUseSeznamAds && !hideAllAds){\nwindow.px2 = window.px2 || { conf: {},queue: [] };\npx2.queue.push(function () {\n\tpx2.render({\n\t\tslot: {\n\t\t\tid: 37044\n\t\t},\n\t\telem: \"PX_37044_714599773297004\"\n\t})\n});\n}\n<\/script>\n\n\n<h2 class=\"wp-block-heading\">Deset let p\u0159\u00edb\u011bhu, kter\u00fd p\u0159erostl hudbu<\/h2>\n\n\n\n<p>Jejich posledn\u00ed vystoupen\u00ed z roku 2022 tehdy sledovalo p\u0159es \u010dty\u0159icet tis\u00edc fanou\u0161k\u016f a mnoz\u00ed \u010dekali u bari\u00e9r u\u017e od r\u00e1na, jen aby st\u00e1li co nejbl\u00ed\u017e, p\u0159ipom\u00edn\u00e1 web Novinky. A do\u010dkali se i ne\u010dekan\u00e9ho p\u0159ekvapen\u00ed, kdy\u017e dvojice zazp\u00edvala \u010deskou klasiku Co jste hasi\u010di&#8230; Letos se kapela na Colours vrac\u00ed v symbolick\u00e9 chv\u00edli. Nov\u00e9 album Breach toti\u017e uzav\u00edr\u00e1 p\u0159\u00edb\u011bh, kter\u00fd za\u010dal u\u017e s deskou Blurryface a pokra\u010doval p\u0159es Trench, Scaled And Icy a Clancy.<\/p>\n\n\n\n<p><em>\u201eSv\u011bt, kter\u00fd Twenty One Pilots stvo\u0159ili, v\u010detn\u011b stylu vypr\u00e1v\u011bn\u00ed s p\u0159esahem mimo hudbu do videoklip\u016f, grafiky nebo \u0161ifrovan\u00e9 komunikace, nem\u00e1 obdoby. M\u00e1lokter\u00fd interpret dok\u00e1\u017ee vytvo\u0159it silnou komunitu, a p\u0159itom si st\u00e1le udr\u017eet otev\u0159enost a oslovovat i nezaujat\u00e9 poslucha\u010de. P\u0159\u00edstup, kter\u00fd hudebn\u00edci zvolili ke sv\u00e9 prezentaci, podporuje jejich skladatelsk\u00fd talent a performance. M\u00e1me obrovskou radost, \u017ee se k n\u00e1m dvojice vrac\u00ed. Nav\u00edc v dob\u011b, kdy vypr\u00e1v\u011bj\u00ed kompletn\u00ed p\u0159\u00edb\u011bh z m\u011bsta Dema,\u201c<\/em> \u0159\u00edk\u00e1 um\u011bleck\u00fd \u0159editel Colours of Ostrava Filip Ko\u0161\u0165\u00e1lek.<\/p>\n\n\n<!-- karaoketexty.cz \/ interscroller1 -->\n\n<div id=\"PX_37041_825057871452834\"><\/div>\n<script>\nif(useMobileAds && !boolUseSeznamAds && !hideAllAds){\n\twindow.px2 = window.px2 || { conf: {},queue: [] };\n\tpx2.queue.push(function () {\n\t\tpx2.render({\n\t\t\tslot: {\n\t\t\t\tid: 37041\n\t\t\t},\n\t\t\telem: \"PX_37041_825057871452834\"\n\t\t})\n\t});\n}\n<\/script>\n\n\n<h2 class=\"wp-block-heading\">Hudebn\u00ed p\u0159\u00edb\u011bhy, kter\u00e9 propojuj\u00ed generace<\/h2>\n\n\n\n<p>Duo, kter\u00e9 m\u00eds\u00ed prvky rapu, popu, elektroniky i indie rocku, si vybudovalo pov\u011bst formace, kter\u00e1 dok\u00e1\u017ee spojit intimn\u00ed emoce s masivn\u00edmi refr\u00e9ny a z\u00e1rove\u0148 vt\u00e1hnout publikum do sv\u011bta, kter\u00fd p\u016fsob\u00ed jako film. Twenty One Pilots se stali symbolem generace, kter\u00e1 se neboj\u00ed mluvit o \u00fazkosti, strachu nebo hled\u00e1n\u00ed vlastn\u00ed identity. Pr\u00e1v\u011b t\u00edm si z\u00edskali obrovskou loajalitu fanou\u0161k\u016f po cel\u00e9m sv\u011bt\u011b. Ka\u017ed\u00e9 nov\u00e9 album p\u0159in\u00e1\u0161elo dal\u0161\u00ed kapitolu jejich fiktivn\u00edho vesm\u00edru, ale i osobn\u00ed zpov\u011b\u010f.<\/p>\n\n\n\n<blockquote class=\"instagram-media\" data-instgrm-captioned data-instgrm-permalink=\"https:\/\/www.instagram.com\/p\/DOfPelzjVH7\/?utm_source=ig_embed&amp;utm_campaign=loading\" data-instgrm-version=\"14\" style=\" background:#FFF; border:0; border-radius:3px; box-shadow:0 0 1px 0 rgba(0,0,0,0.5),0 1px 10px 0 rgba(0,0,0,0.15); margin: 1px; max-width:540px; min-width:326px; padding:0; width:99.375%; width:-webkit-calc(100% - 2px); width:calc(100% - 2px);\"><div style=\"padding:16px;\"> <a href=\"https:\/\/www.instagram.com\/p\/DOfPelzjVH7\/?utm_source=ig_embed&amp;utm_campaign=loading\" style=\" background:#FFFFFF; line-height:0; padding:0 0; text-align:center; text-decoration:none; width:100%;\" target=\"_blank\"> <div style=\" display: flex; flex-direction: row; align-items: center;\"> <div style=\"background-color: #F4F4F4; border-radius: 50%; flex-grow: 0; height: 40px; margin-right: 14px; width: 40px;\"><\/div> <div style=\"display: flex; flex-direction: column; flex-grow: 1; justify-content: center;\"> <div style=\" background-color: #F4F4F4; border-radius: 4px; flex-grow: 0; height: 14px; margin-bottom: 6px; width: 100px;\"><\/div> <div style=\" background-color: #F4F4F4; border-radius: 4px; flex-grow: 0; height: 14px; width: 60px;\"><\/div><\/div><\/div><div style=\"padding: 19% 0;\"><\/div> <div style=\"display:block; height:50px; margin:0 auto 12px; width:50px;\"><svg width=\"50px\" height=\"50px\" viewBox=\"0 0 60 60\" version=\"1.1\" xmlns=\"https:\/\/www.w3.org\/2000\/svg\" xmlns:xlink=\"https:\/\/www.w3.org\/1999\/xlink\"><g stroke=\"none\" stroke-width=\"1\" fill=\"none\" fill-rule=\"evenodd\"><g transform=\"translate(-511.000000, -20.000000)\" fill=\"#000000\"><g><path d=\"M556.869,30.41 C554.814,30.41 553.148,32.076 553.148,34.131 C553.148,36.186 554.814,37.852 556.869,37.852 C558.924,37.852 560.59,36.186 560.59,34.131 C560.59,32.076 558.924,30.41 556.869,30.41 M541,60.657 C535.114,60.657 530.342,55.887 530.342,50 C530.342,44.114 535.114,39.342 541,39.342 C546.887,39.342 551.658,44.114 551.658,50 C551.658,55.887 546.887,60.657 541,60.657 M541,33.886 C532.1,33.886 524.886,41.1 524.886,50 C524.886,58.899 532.1,66.113 541,66.113 C549.9,66.113 557.115,58.899 557.115,50 C557.115,41.1 549.9,33.886 541,33.886 M565.378,62.101 C565.244,65.022 564.756,66.606 564.346,67.663 C563.803,69.06 563.154,70.057 562.106,71.106 C561.058,72.155 560.06,72.803 558.662,73.347 C557.607,73.757 556.021,74.244 553.102,74.378 C549.944,74.521 548.997,74.552 541,74.552 C533.003,74.552 532.056,74.521 528.898,74.378 C525.979,74.244 524.393,73.757 523.338,73.347 C521.94,72.803 520.942,72.155 519.894,71.106 C518.846,70.057 518.197,69.06 517.654,67.663 C517.244,66.606 516.755,65.022 516.623,62.101 C516.479,58.943 516.448,57.996 516.448,50 C516.448,42.003 516.479,41.056 516.623,37.899 C516.755,34.978 517.244,33.391 517.654,32.338 C518.197,30.938 518.846,29.942 519.894,28.894 C520.942,27.846 521.94,27.196 523.338,26.654 C524.393,26.244 525.979,25.756 528.898,25.623 C532.057,25.479 533.004,25.448 541,25.448 C548.997,25.448 549.943,25.479 553.102,25.623 C556.021,25.756 557.607,26.244 558.662,26.654 C560.06,27.196 561.058,27.846 562.106,28.894 C563.154,29.942 563.803,30.938 564.346,32.338 C564.756,33.391 565.244,34.978 565.378,37.899 C565.522,41.056 565.552,42.003 565.552,50 C565.552,57.996 565.522,58.943 565.378,62.101 M570.82,37.631 C570.674,34.438 570.167,32.258 569.425,30.349 C568.659,28.377 567.633,26.702 565.965,25.035 C564.297,23.368 562.623,22.342 560.652,21.575 C558.743,20.834 556.562,20.326 553.369,20.18 C550.169,20.033 549.148,20 541,20 C532.853,20 531.831,20.033 528.631,20.18 C525.438,20.326 523.257,20.834 521.349,21.575 C519.376,22.342 517.703,23.368 516.035,25.035 C514.368,26.702 513.342,28.377 512.574,30.349 C511.834,32.258 511.326,34.438 511.181,37.631 C511.035,40.831 511,41.851 511,50 C511,58.147 511.035,59.17 511.181,62.369 C511.326,65.562 511.834,67.743 512.574,69.651 C513.342,71.625 514.368,73.296 516.035,74.965 C517.703,76.634 519.376,77.658 521.349,78.425 C523.257,79.167 525.438,79.673 528.631,79.82 C531.831,79.965 532.853,80.001 541,80.001 C549.148,80.001 550.169,79.965 553.369,79.82 C556.562,79.673 558.743,79.167 560.652,78.425 C562.623,77.658 564.297,76.634 565.965,74.965 C567.633,73.296 568.659,71.625 569.425,69.651 C570.167,67.743 570.674,65.562 570.82,62.369 C570.966,59.17 571,58.147 571,50 C571,41.851 570.966,40.831 570.82,37.631\"><\/path><\/g><\/g><\/g><\/svg><\/div><div style=\"padding-top: 8px;\"> <div style=\" color:#3897f0; font-family:Arial,sans-serif; font-size:14px; font-style:normal; font-weight:550; line-height:18px;\">Zobrazit p\u0159\u00edsp\u011bvek na Instagramu<\/div><\/div><div style=\"padding: 12.5% 0;\"><\/div> <div style=\"display: flex; flex-direction: row; margin-bottom: 14px; align-items: center;\"><div> <div style=\"background-color: #F4F4F4; border-radius: 50%; height: 12.5px; width: 12.5px; transform: translateX(0px) translateY(7px);\"><\/div> <div style=\"background-color: #F4F4F4; height: 12.5px; transform: rotate(-45deg) translateX(3px) translateY(1px); width: 12.5px; flex-grow: 0; margin-right: 14px; margin-left: 2px;\"><\/div> <div style=\"background-color: #F4F4F4; border-radius: 50%; height: 12.5px; width: 12.5px; transform: translateX(9px) translateY(-18px);\"><\/div><\/div><div style=\"margin-left: 8px;\"> <div style=\" background-color: #F4F4F4; border-radius: 50%; flex-grow: 0; height: 20px; width: 20px;\"><\/div> <div style=\" width: 0; height: 0; border-top: 2px solid transparent; border-left: 6px solid #f4f4f4; border-bottom: 2px solid transparent; transform: translateX(16px) translateY(-4px) rotate(30deg)\"><\/div><\/div><div style=\"margin-left: auto;\"> <div style=\" width: 0px; border-top: 8px solid #F4F4F4; border-right: 8px solid transparent; transform: translateY(16px);\"><\/div> <div style=\" background-color: #F4F4F4; flex-grow: 0; height: 12px; width: 16px; transform: translateY(-4px);\"><\/div> <div style=\" width: 0; height: 0; border-top: 8px solid #F4F4F4; border-left: 8px solid transparent; transform: translateY(-4px) translateX(8px);\"><\/div><\/div><\/div> <div style=\"display: flex; flex-direction: column; flex-grow: 1; justify-content: center; margin-bottom: 24px;\"> <div style=\" background-color: #F4F4F4; border-radius: 4px; flex-grow: 0; height: 14px; margin-bottom: 6px; width: 224px;\"><\/div> <div style=\" background-color: #F4F4F4; border-radius: 4px; flex-grow: 0; height: 14px; width: 144px;\"><\/div><\/div><\/a><p style=\" color:#c9c8cd; font-family:Arial,sans-serif; font-size:14px; line-height:17px; margin-bottom:0; margin-top:8px; overflow:hidden; padding:8px 0 7px; text-align:center; text-overflow:ellipsis; white-space:nowrap;\"><a href=\"https:\/\/www.instagram.com\/p\/DOfPelzjVH7\/?utm_source=ig_embed&amp;utm_campaign=loading\" style=\" color:#c9c8cd; font-family:Arial,sans-serif; font-size:14px; font-style:normal; font-weight:normal; line-height:17px; text-decoration:none;\" target=\"_blank\">P\u0159\u00edsp\u011bvek sd\u00edlen\u00fd twenty one pilots (@twentyonepilots)<\/a><\/p><\/div><\/blockquote>\n<script async src=\"\/\/www.instagram.com\/embed.js\"><\/script>\n\n\n\n<p>Koncert na Colours of Ostrava tak nebude jen dal\u0161\u00edm vystoupen\u00edm, ale sp\u00ed\u0161 oslavou pouta mezi kapelou a jej\u00ed komunitou. Fanou\u0161ci u\u017e nyn\u00ed pl\u00e1nuj\u00ed setk\u00e1n\u00ed, sd\u00edlej\u00ed n\u00e1pady na barevn\u00e9 kost\u00fdmy a doufaj\u00ed, \u017ee se do\u010dkaj\u00ed p\u00edsn\u00ed, kter\u00e9 kapelu prov\u00e1zely celou dek\u00e1du.<\/p>\n\n\n\n<p>Zdroj: Autorsk\u00fd text, <a href=\"https:\/\/www.novinky.cz\/clanek\/kultura-twenty-one-pilots-zahrali-na-colours-of-ostrava-co-jste-hasici-40402912\" target=\"_blank\" rel=\"noreferrer noopener nofollow\">Novinky<\/a>, <a href=\"https:\/\/en.wikipedia.org\/wiki\/Twenty_One_Pilots\" target=\"_blank\" rel=\"noreferrer noopener nofollow\">Wikipedie<\/a>, <a href=\"https:\/\/www.instagram.com\/p\/DOfPelzjVH7\/?hl=cs&amp;img_index=1\" target=\"_blank\" rel=\"noreferrer noopener nofollow\">Instagram TwentyOnePilots<\/a><\/p>\n\n\n            <a href=\"https:\/\/www.karaoketexty.cz\/magazin\/rockova-ikona-iggy-pop-koncert-opoustel-v-rakvi\/\" class=\"related-post-link\">\n                <div class=\"post-thumbnail\">\n                    <img decoding=\"async\" width=\"250\" height=\"140\" src=\"https:\/\/www.karaoketexty.cz\/magazin\/wp-content\/uploads\/2025\/06\/iggy-popp-rok-2018.avif\" class=\"attachment-250x180 size-250x180 not-transparent\" alt=\"Iggy Pop na koncert\u011b v roce 2018\" data-has-transparency=\"false\" data-dominant-color=\"433e43\" style=\"--dominant-color: #433e43;\" \/>                <\/div>\n                <div class=\"post-details\">\n                    <span class=\"also-read\">\u010ct\u011bte tak\u00e9:<\/span>\n                    <h3 class=\"hed\">Rockov\u00e1 ikona Iggy Pop vystra\u0161il fanou\u0161ky na koncert\u011b. P\u00f3dium opustil v rakvi<\/h3>\n                <\/div>\n            <\/a>\n            \n\n            <a href=\"https:\/\/www.karaoketexty.cz\/magazin\/cavetown-znovu-zamiri-do-prahy-jemny-hlas-britskeho-pisnickare-opet-rozezni-sasazu\/\" class=\"related-post-link\">\n                <div class=\"post-thumbnail\">\n                    <img decoding=\"async\" width=\"250\" height=\"141\" src=\"https:\/\/www.karaoketexty.cz\/magazin\/wp-content\/uploads\/2025\/10\/cavetown.jpg\" class=\"attachment-250x180 size-250x180 not-transparent\" alt=\"Cavetown\" srcset=\"https:\/\/www.karaoketexty.cz\/magazin\/wp-content\/uploads\/2025\/10\/cavetown.jpg 1200w, https:\/\/www.karaoketexty.cz\/magazin\/wp-content\/uploads\/2025\/10\/cavetown-300x169.jpg 300w, https:\/\/www.karaoketexty.cz\/magazin\/wp-content\/uploads\/2025\/10\/cavetown-1024x576.jpg 1024w, https:\/\/www.karaoketexty.cz\/magazin\/wp-content\/uploads\/2025\/10\/cavetown-768x432.jpg 768w, https:\/\/www.karaoketexty.cz\/magazin\/wp-content\/uploads\/2025\/10\/cavetown-800x450.jpg 800w\" sizes=\"(max-width: 250px) 100vw, 250px\" data-has-transparency=\"false\" data-dominant-color=\"867257\" style=\"--dominant-color: #867257;\" \/>                <\/div>\n                <div class=\"post-details\">\n                    <span class=\"also-read\">\u010ct\u011bte tak\u00e9:<\/span>\n                    <h3 class=\"hed\">Cavetown znovu zam\u00ed\u0159\u00ed do Prahy. Jemn\u00fd hlas britsk\u00e9ho p\u00edsni\u010dk\u00e1\u0159e op\u011bt rozezn\u00ed SaSaZu<\/h3>\n                <\/div>\n            <\/a>\n            ","protected":false},"excerpt":{"rendered":"<p>Je tady skv\u011bl\u00e1 zpr\u00e1va pro v\u0161echny p\u0159\u00edznivce Colours of Ostrava. Po \u010dty\u0159ech letech toti\u017e na n\u00e1sleduj\u00edc\u00ed ro\u010dn\u00edk doraz\u00ed Twenty One Pilots.<\/p>\n","protected":false},"author":4,"featured_media":3528,"comment_status":"open","ping_status":"closed","sticky":false,"template":"","format":"standard","meta":{"_yoast_wpseo_title":"Twenty One Pilots vystoup\u00ed na Colours of Ostrava 2026","_yoast_wpseo_metadesc":"Twenty One Pilots se vr\u00e1t\u00ed na Colours of Ostrava. Jejich koncert bude symbolick\u00fdm zakon\u010den\u00edm desetilet\u00e9 hudebn\u00ed \u00e9ry.","footnotes":""},"categories":[9],"tags":[1272,3866,3859,3861,3858,3862,3855,3865,1107,3864,3863,1998,702,3233,2558,454,136,3572,1951,2041,406,578,3856,3857,3701,3860],"class_list":["post-3509","post","type-post","status-publish","format-standard","has-post-thumbnail","hentry","category-zajimavosti","tag-americka-kapela","tag-blurryface","tag-breach","tag-ceska-pisen","tag-clancy","tag-co-jste-hasici","tag-colours-of-ostrava","tag-dolni-vitkovice","tag-elektronika","tag-fanouskovska-komunita","tag-filip-kostalek","tag-generace-z","tag-hudebni-festival","tag-hudebni-pribeh","tag-identita","tag-indie-rock","tag-koncert","tag-live-performance","tag-navrat-na-podium","tag-ostrava","tag-pop","tag-rap","tag-scaled-and-icy","tag-trench","tag-twenty-one-pilots","tag-uzkost"],"yoast_head":"<!-- This site is optimized with the Yoast SEO plugin v27.4 - https:\/\/yoast.com\/product\/yoast-seo-wordpress\/ -->\n<title>Twenty One Pilots vystoup\u00ed na Colours of Ostrava 2026<\/title>\n<meta name=\"description\" content=\"Twenty One Pilots se vr\u00e1t\u00ed na Colours of Ostrava. Jejich koncert bude symbolick\u00fdm zakon\u010den\u00edm desetilet\u00e9 hudebn\u00ed \u00e9ry.\" \/>\n<meta name=\"robots\" content=\"index, follow, max-snippet:-1, max-image-preview:large, max-video-preview:-1\" \/>\n<link rel=\"canonical\" href=\"https:\/\/www.karaoketexty.cz\/magazin\/twenty-one-pilots-uzavrou-svou-hudebni-sagu-na-colours-of-ostrava-2026\/\" \/>\n<meta property=\"og:locale\" content=\"cs_CZ\" \/>\n<meta property=\"og:type\" content=\"article\" \/>\n<meta property=\"og:title\" content=\"Twenty One Pilots vystoup\u00ed na Colours of Ostrava 2026\" \/>\n<meta property=\"og:description\" content=\"Twenty One Pilots se vr\u00e1t\u00ed na Colours of Ostrava. Jejich koncert bude symbolick\u00fdm zakon\u010den\u00edm desetilet\u00e9 hudebn\u00ed \u00e9ry.\" \/>\n<meta property=\"og:url\" content=\"https:\/\/www.karaoketexty.cz\/magazin\/twenty-one-pilots-uzavrou-svou-hudebni-sagu-na-colours-of-ostrava-2026\/\" \/>\n<meta property=\"og:site_name\" content=\"Stars Magaz\u00edn Karaoketexty.cz\" \/>\n<meta property=\"article:published_time\" content=\"2025-10-24T06:51:46+00:00\" \/>\n<meta property=\"article:modified_time\" content=\"2025-10-24T14:39:19+00:00\" \/>\n<meta property=\"og:image\" content=\"https:\/\/www.karaoketexty.cz\/magazin\/wp-content\/uploads\/2025\/10\/Twenty-one-pilots-Boston.jpg\" \/>\n\t<meta property=\"og:image:width\" content=\"1280\" \/>\n\t<meta property=\"og:image:height\" content=\"853\" \/>\n\t<meta property=\"og:image:type\" content=\"image\/jpeg\" \/>\n<meta name=\"author\" content=\"Barbora Kop\u0159ivov\u00e1\" \/>\n<meta name=\"twitter:card\" content=\"summary_large_image\" \/>\n<meta name=\"twitter:label1\" content=\"Napsal(a)\" \/>\n\t<meta name=\"twitter:data1\" content=\"Barbora Kop\u0159ivov\u00e1\" \/>\n\t<meta name=\"twitter:label2\" content=\"Odhadovan\u00e1 doba \u010dten\u00ed\" \/>\n\t<meta name=\"twitter:data2\" content=\"3 minuty\" \/>\n<script type=\"application\/ld+json\" class=\"yoast-schema-graph\">{\"@context\":\"https:\\\/\\\/schema.org\",\"@graph\":[{\"@type\":\"Article\",\"@id\":\"https:\\\/\\\/www.karaoketexty.cz\\\/magazin\\\/twenty-one-pilots-uzavrou-svou-hudebni-sagu-na-colours-of-ostrava-2026\\\/#article\",\"isPartOf\":{\"@id\":\"https:\\\/\\\/www.karaoketexty.cz\\\/magazin\\\/twenty-one-pilots-uzavrou-svou-hudebni-sagu-na-colours-of-ostrava-2026\\\/\"},\"author\":{\"name\":\"Barbora Kop\u0159ivov\u00e1\",\"@id\":\"https:\\\/\\\/www.karaoketexty.cz\\\/magazin\\\/#\\\/schema\\\/person\\\/37c0164a04038267c8a56ad6d60df749\"},\"headline\":\"Twenty One Pilots uzav\u0159ou svou hudebn\u00ed s\u00e1gu na Colours of Ostrava 2026\",\"datePublished\":\"2025-10-24T06:51:46+00:00\",\"dateModified\":\"2025-10-24T14:39:19+00:00\",\"mainEntityOfPage\":{\"@id\":\"https:\\\/\\\/www.karaoketexty.cz\\\/magazin\\\/twenty-one-pilots-uzavrou-svou-hudebni-sagu-na-colours-of-ostrava-2026\\\/\"},\"wordCount\":488,\"commentCount\":0,\"image\":{\"@id\":\"https:\\\/\\\/www.karaoketexty.cz\\\/magazin\\\/twenty-one-pilots-uzavrou-svou-hudebni-sagu-na-colours-of-ostrava-2026\\\/#primaryimage\"},\"thumbnailUrl\":\"https:\\\/\\\/www.karaoketexty.cz\\\/magazin\\\/wp-content\\\/uploads\\\/2025\\\/10\\\/Twenty-one-pilots-Boston.jpg\",\"keywords\":[\"americk\u00e1 kapela\",\"Blurryface\",\"Breach\",\"\u010desk\u00e1 p\u00edse\u0148\",\"Clancy\",\"Co jste hasi\u010di\",\"Colours of Ostrava\",\"Doln\u00ed V\u00edtkovice\",\"elektronika\",\"fanou\u0161kovsk\u00e1 komunita\",\"Filip Ko\u0161\u0165\u00e1lek\",\"generace Z\",\"hudebn\u00ed festival\",\"hudebn\u00ed p\u0159\u00edb\u011bh\",\"identita\",\"indie rock\",\"koncert\",\"live performance\",\"n\u00e1vrat na p\u00f3dium\",\"Ostrava\",\"pop\",\"rap\",\"Scaled and Icy\",\"Trench\",\"Twenty One Pilots\",\"\u00fazkost\"],\"articleSection\":[\"Zaj\u00edmavosti\"],\"inLanguage\":\"cs\",\"potentialAction\":[{\"@type\":\"CommentAction\",\"name\":\"Comment\",\"target\":[\"https:\\\/\\\/www.karaoketexty.cz\\\/magazin\\\/twenty-one-pilots-uzavrou-svou-hudebni-sagu-na-colours-of-ostrava-2026\\\/#respond\"]}]},{\"@type\":\"WebPage\",\"@id\":\"https:\\\/\\\/www.karaoketexty.cz\\\/magazin\\\/twenty-one-pilots-uzavrou-svou-hudebni-sagu-na-colours-of-ostrava-2026\\\/\",\"url\":\"https:\\\/\\\/www.karaoketexty.cz\\\/magazin\\\/twenty-one-pilots-uzavrou-svou-hudebni-sagu-na-colours-of-ostrava-2026\\\/\",\"name\":\"Twenty One Pilots vystoup\u00ed na Colours of Ostrava 2026\",\"isPartOf\":{\"@id\":\"https:\\\/\\\/www.karaoketexty.cz\\\/magazin\\\/#website\"},\"primaryImageOfPage\":{\"@id\":\"https:\\\/\\\/www.karaoketexty.cz\\\/magazin\\\/twenty-one-pilots-uzavrou-svou-hudebni-sagu-na-colours-of-ostrava-2026\\\/#primaryimage\"},\"image\":{\"@id\":\"https:\\\/\\\/www.karaoketexty.cz\\\/magazin\\\/twenty-one-pilots-uzavrou-svou-hudebni-sagu-na-colours-of-ostrava-2026\\\/#primaryimage\"},\"thumbnailUrl\":\"https:\\\/\\\/www.karaoketexty.cz\\\/magazin\\\/wp-content\\\/uploads\\\/2025\\\/10\\\/Twenty-one-pilots-Boston.jpg\",\"datePublished\":\"2025-10-24T06:51:46+00:00\",\"dateModified\":\"2025-10-24T14:39:19+00:00\",\"author\":{\"@id\":\"https:\\\/\\\/www.karaoketexty.cz\\\/magazin\\\/#\\\/schema\\\/person\\\/37c0164a04038267c8a56ad6d60df749\"},\"description\":\"Twenty One Pilots se vr\u00e1t\u00ed na Colours of Ostrava. Jejich koncert bude symbolick\u00fdm zakon\u010den\u00edm desetilet\u00e9 hudebn\u00ed \u00e9ry.\",\"breadcrumb\":{\"@id\":\"https:\\\/\\\/www.karaoketexty.cz\\\/magazin\\\/twenty-one-pilots-uzavrou-svou-hudebni-sagu-na-colours-of-ostrava-2026\\\/#breadcrumb\"},\"inLanguage\":\"cs\",\"potentialAction\":[{\"@type\":\"ReadAction\",\"target\":[\"https:\\\/\\\/www.karaoketexty.cz\\\/magazin\\\/twenty-one-pilots-uzavrou-svou-hudebni-sagu-na-colours-of-ostrava-2026\\\/\"]}]},{\"@type\":\"ImageObject\",\"inLanguage\":\"cs\",\"@id\":\"https:\\\/\\\/www.karaoketexty.cz\\\/magazin\\\/twenty-one-pilots-uzavrou-svou-hudebni-sagu-na-colours-of-ostrava-2026\\\/#primaryimage\",\"url\":\"https:\\\/\\\/www.karaoketexty.cz\\\/magazin\\\/wp-content\\\/uploads\\\/2025\\\/10\\\/Twenty-one-pilots-Boston.jpg\",\"contentUrl\":\"https:\\\/\\\/www.karaoketexty.cz\\\/magazin\\\/wp-content\\\/uploads\\\/2025\\\/10\\\/Twenty-one-pilots-Boston.jpg\",\"width\":1280,\"height\":853,\"caption\":\"Foto: U\u017eivatel digboston \\\/ Creative Commons \\\/ CC BY, Twenty One Pilots v Bostonu 2014\"},{\"@type\":\"BreadcrumbList\",\"@id\":\"https:\\\/\\\/www.karaoketexty.cz\\\/magazin\\\/twenty-one-pilots-uzavrou-svou-hudebni-sagu-na-colours-of-ostrava-2026\\\/#breadcrumb\",\"itemListElement\":[{\"@type\":\"ListItem\",\"position\":1,\"name\":\"Dom\u016f\",\"item\":\"https:\\\/\\\/www.karaoketexty.cz\\\/magazin\\\/\"},{\"@type\":\"ListItem\",\"position\":2,\"name\":\"Twenty One Pilots uzav\u0159ou svou hudebn\u00ed s\u00e1gu na Colours of Ostrava 2026\"}]},{\"@type\":\"WebSite\",\"@id\":\"https:\\\/\\\/www.karaoketexty.cz\\\/magazin\\\/#website\",\"url\":\"https:\\\/\\\/www.karaoketexty.cz\\\/magazin\\\/\",\"name\":\"Stars Magaz\u00edn Karaoketexty.cz\",\"description\":\"Stars Magaz\u00edn na Karaoketexty.cz je zam\u011b\u0159en\u00fd na novinky ze sv\u011bta hudby a celebrit. Obsahuje \u010dl\u00e1nky o zp\u011bv\u00e1c\u00edch, kapel\u00e1ch, nov\u00fdch albech, hudebn\u00edch trendech a dal\u0161\u00edch zaj\u00edmavostech z hudebn\u00edho pr\u016fmyslu.\",\"potentialAction\":[{\"@type\":\"SearchAction\",\"target\":{\"@type\":\"EntryPoint\",\"urlTemplate\":\"https:\\\/\\\/www.karaoketexty.cz\\\/magazin\\\/?s={search_term_string}\"},\"query-input\":{\"@type\":\"PropertyValueSpecification\",\"valueRequired\":true,\"valueName\":\"search_term_string\"}}],\"inLanguage\":\"cs\"},{\"@type\":\"Person\",\"@id\":\"https:\\\/\\\/www.karaoketexty.cz\\\/magazin\\\/#\\\/schema\\\/person\\\/37c0164a04038267c8a56ad6d60df749\",\"name\":\"Barbora Kop\u0159ivov\u00e1\",\"image\":{\"@type\":\"ImageObject\",\"inLanguage\":\"cs\",\"@id\":\"https:\\\/\\\/secure.gravatar.com\\\/avatar\\\/ad2ef9810228386d580851ef4bdde76abaa96054ff5b068c8873bc91afb2df84?s=96&d=mm&r=g\",\"url\":\"https:\\\/\\\/secure.gravatar.com\\\/avatar\\\/ad2ef9810228386d580851ef4bdde76abaa96054ff5b068c8873bc91afb2df84?s=96&d=mm&r=g\",\"contentUrl\":\"https:\\\/\\\/secure.gravatar.com\\\/avatar\\\/ad2ef9810228386d580851ef4bdde76abaa96054ff5b068c8873bc91afb2df84?s=96&d=mm&r=g\",\"caption\":\"Barbora Kop\u0159ivov\u00e1\"},\"url\":\"https:\\\/\\\/www.karaoketexty.cz\\\/magazin\\\/author\\\/barborakoprivova\\\/\"}]}<\/script>\n<!-- \/ Yoast SEO plugin. -->","yoast_head_json":{"title":"Twenty One Pilots vystoup\u00ed na Colours of Ostrava 2026","description":"Twenty One Pilots se vr\u00e1t\u00ed na Colours of Ostrava. Jejich koncert bude symbolick\u00fdm zakon\u010den\u00edm desetilet\u00e9 hudebn\u00ed \u00e9ry.","robots":{"index":"index","follow":"follow","max-snippet":"max-snippet:-1","max-image-preview":"max-image-preview:large","max-video-preview":"max-video-preview:-1"},"canonical":"https:\/\/www.karaoketexty.cz\/magazin\/twenty-one-pilots-uzavrou-svou-hudebni-sagu-na-colours-of-ostrava-2026\/","og_locale":"cs_CZ","og_type":"article","og_title":"Twenty One Pilots vystoup\u00ed na Colours of Ostrava 2026","og_description":"Twenty One Pilots se vr\u00e1t\u00ed na Colours of Ostrava. Jejich koncert bude symbolick\u00fdm zakon\u010den\u00edm desetilet\u00e9 hudebn\u00ed \u00e9ry.","og_url":"https:\/\/www.karaoketexty.cz\/magazin\/twenty-one-pilots-uzavrou-svou-hudebni-sagu-na-colours-of-ostrava-2026\/","og_site_name":"Stars Magaz\u00edn Karaoketexty.cz","article_published_time":"2025-10-24T06:51:46+00:00","article_modified_time":"2025-10-24T14:39:19+00:00","og_image":[{"width":1280,"height":853,"url":"https:\/\/www.karaoketexty.cz\/magazin\/wp-content\/uploads\/2025\/10\/Twenty-one-pilots-Boston.jpg","type":"image\/jpeg"}],"author":"Barbora Kop\u0159ivov\u00e1","twitter_card":"summary_large_image","twitter_misc":{"Napsal(a)":"Barbora Kop\u0159ivov\u00e1","Odhadovan\u00e1 doba \u010dten\u00ed":"3 minuty"},"schema":{"@context":"https:\/\/schema.org","@graph":[{"@type":"Article","@id":"https:\/\/www.karaoketexty.cz\/magazin\/twenty-one-pilots-uzavrou-svou-hudebni-sagu-na-colours-of-ostrava-2026\/#article","isPartOf":{"@id":"https:\/\/www.karaoketexty.cz\/magazin\/twenty-one-pilots-uzavrou-svou-hudebni-sagu-na-colours-of-ostrava-2026\/"},"author":{"name":"Barbora Kop\u0159ivov\u00e1","@id":"https:\/\/www.karaoketexty.cz\/magazin\/#\/schema\/person\/37c0164a04038267c8a56ad6d60df749"},"headline":"Twenty One Pilots uzav\u0159ou svou hudebn\u00ed s\u00e1gu na Colours of Ostrava 2026","datePublished":"2025-10-24T06:51:46+00:00","dateModified":"2025-10-24T14:39:19+00:00","mainEntityOfPage":{"@id":"https:\/\/www.karaoketexty.cz\/magazin\/twenty-one-pilots-uzavrou-svou-hudebni-sagu-na-colours-of-ostrava-2026\/"},"wordCount":488,"commentCount":0,"image":{"@id":"https:\/\/www.karaoketexty.cz\/magazin\/twenty-one-pilots-uzavrou-svou-hudebni-sagu-na-colours-of-ostrava-2026\/#primaryimage"},"thumbnailUrl":"https:\/\/www.karaoketexty.cz\/magazin\/wp-content\/uploads\/2025\/10\/Twenty-one-pilots-Boston.jpg","keywords":["americk\u00e1 kapela","Blurryface","Breach","\u010desk\u00e1 p\u00edse\u0148","Clancy","Co jste hasi\u010di","Colours of Ostrava","Doln\u00ed V\u00edtkovice","elektronika","fanou\u0161kovsk\u00e1 komunita","Filip Ko\u0161\u0165\u00e1lek","generace Z","hudebn\u00ed festival","hudebn\u00ed p\u0159\u00edb\u011bh","identita","indie rock","koncert","live performance","n\u00e1vrat na p\u00f3dium","Ostrava","pop","rap","Scaled and Icy","Trench","Twenty One Pilots","\u00fazkost"],"articleSection":["Zaj\u00edmavosti"],"inLanguage":"cs","potentialAction":[{"@type":"CommentAction","name":"Comment","target":["https:\/\/www.karaoketexty.cz\/magazin\/twenty-one-pilots-uzavrou-svou-hudebni-sagu-na-colours-of-ostrava-2026\/#respond"]}]},{"@type":"WebPage","@id":"https:\/\/www.karaoketexty.cz\/magazin\/twenty-one-pilots-uzavrou-svou-hudebni-sagu-na-colours-of-ostrava-2026\/","url":"https:\/\/www.karaoketexty.cz\/magazin\/twenty-one-pilots-uzavrou-svou-hudebni-sagu-na-colours-of-ostrava-2026\/","name":"Twenty One Pilots vystoup\u00ed na Colours of Ostrava 2026","isPartOf":{"@id":"https:\/\/www.karaoketexty.cz\/magazin\/#website"},"primaryImageOfPage":{"@id":"https:\/\/www.karaoketexty.cz\/magazin\/twenty-one-pilots-uzavrou-svou-hudebni-sagu-na-colours-of-ostrava-2026\/#primaryimage"},"image":{"@id":"https:\/\/www.karaoketexty.cz\/magazin\/twenty-one-pilots-uzavrou-svou-hudebni-sagu-na-colours-of-ostrava-2026\/#primaryimage"},"thumbnailUrl":"https:\/\/www.karaoketexty.cz\/magazin\/wp-content\/uploads\/2025\/10\/Twenty-one-pilots-Boston.jpg","datePublished":"2025-10-24T06:51:46+00:00","dateModified":"2025-10-24T14:39:19+00:00","author":{"@id":"https:\/\/www.karaoketexty.cz\/magazin\/#\/schema\/person\/37c0164a04038267c8a56ad6d60df749"},"description":"Twenty One Pilots se vr\u00e1t\u00ed na Colours of Ostrava. Jejich koncert bude symbolick\u00fdm zakon\u010den\u00edm desetilet\u00e9 hudebn\u00ed \u00e9ry.","breadcrumb":{"@id":"https:\/\/www.karaoketexty.cz\/magazin\/twenty-one-pilots-uzavrou-svou-hudebni-sagu-na-colours-of-ostrava-2026\/#breadcrumb"},"inLanguage":"cs","potentialAction":[{"@type":"ReadAction","target":["https:\/\/www.karaoketexty.cz\/magazin\/twenty-one-pilots-uzavrou-svou-hudebni-sagu-na-colours-of-ostrava-2026\/"]}]},{"@type":"ImageObject","inLanguage":"cs","@id":"https:\/\/www.karaoketexty.cz\/magazin\/twenty-one-pilots-uzavrou-svou-hudebni-sagu-na-colours-of-ostrava-2026\/#primaryimage","url":"https:\/\/www.karaoketexty.cz\/magazin\/wp-content\/uploads\/2025\/10\/Twenty-one-pilots-Boston.jpg","contentUrl":"https:\/\/www.karaoketexty.cz\/magazin\/wp-content\/uploads\/2025\/10\/Twenty-one-pilots-Boston.jpg","width":1280,"height":853,"caption":"Foto: U\u017eivatel digboston \/ Creative Commons \/ CC BY, Twenty One Pilots v Bostonu 2014"},{"@type":"BreadcrumbList","@id":"https:\/\/www.karaoketexty.cz\/magazin\/twenty-one-pilots-uzavrou-svou-hudebni-sagu-na-colours-of-ostrava-2026\/#breadcrumb","itemListElement":[{"@type":"ListItem","position":1,"name":"Dom\u016f","item":"https:\/\/www.karaoketexty.cz\/magazin\/"},{"@type":"ListItem","position":2,"name":"Twenty One Pilots uzav\u0159ou svou hudebn\u00ed s\u00e1gu na Colours of Ostrava 2026"}]},{"@type":"WebSite","@id":"https:\/\/www.karaoketexty.cz\/magazin\/#website","url":"https:\/\/www.karaoketexty.cz\/magazin\/","name":"Stars Magaz\u00edn Karaoketexty.cz","description":"Stars Magaz\u00edn na Karaoketexty.cz je zam\u011b\u0159en\u00fd na novinky ze sv\u011bta hudby a celebrit. Obsahuje \u010dl\u00e1nky o zp\u011bv\u00e1c\u00edch, kapel\u00e1ch, nov\u00fdch albech, hudebn\u00edch trendech a dal\u0161\u00edch zaj\u00edmavostech z hudebn\u00edho pr\u016fmyslu.","potentialAction":[{"@type":"SearchAction","target":{"@type":"EntryPoint","urlTemplate":"https:\/\/www.karaoketexty.cz\/magazin\/?s={search_term_string}"},"query-input":{"@type":"PropertyValueSpecification","valueRequired":true,"valueName":"search_term_string"}}],"inLanguage":"cs"},{"@type":"Person","@id":"https:\/\/www.karaoketexty.cz\/magazin\/#\/schema\/person\/37c0164a04038267c8a56ad6d60df749","name":"Barbora Kop\u0159ivov\u00e1","image":{"@type":"ImageObject","inLanguage":"cs","@id":"https:\/\/secure.gravatar.com\/avatar\/ad2ef9810228386d580851ef4bdde76abaa96054ff5b068c8873bc91afb2df84?s=96&d=mm&r=g","url":"https:\/\/secure.gravatar.com\/avatar\/ad2ef9810228386d580851ef4bdde76abaa96054ff5b068c8873bc91afb2df84?s=96&d=mm&r=g","contentUrl":"https:\/\/secure.gravatar.com\/avatar\/ad2ef9810228386d580851ef4bdde76abaa96054ff5b068c8873bc91afb2df84?s=96&d=mm&r=g","caption":"Barbora Kop\u0159ivov\u00e1"},"url":"https:\/\/www.karaoketexty.cz\/magazin\/author\/barborakoprivova\/"}]}},"_links":{"self":[{"href":"https:\/\/www.karaoketexty.cz\/magazin\/wp-json\/wp\/v2\/posts\/3509","targetHints":{"allow":["GET"]}}],"collection":[{"href":"https:\/\/www.karaoketexty.cz\/magazin\/wp-json\/wp\/v2\/posts"}],"about":[{"href":"https:\/\/www.karaoketexty.cz\/magazin\/wp-json\/wp\/v2\/types\/post"}],"author":[{"embeddable":true,"href":"https:\/\/www.karaoketexty.cz\/magazin\/wp-json\/wp\/v2\/users\/4"}],"replies":[{"embeddable":true,"href":"https:\/\/www.karaoketexty.cz\/magazin\/wp-json\/wp\/v2\/comments?post=3509"}],"version-history":[{"count":7,"href":"https:\/\/www.karaoketexty.cz\/magazin\/wp-json\/wp\/v2\/posts\/3509\/revisions"}],"predecessor-version":[{"id":4082,"href":"https:\/\/www.karaoketexty.cz\/magazin\/wp-json\/wp\/v2\/posts\/3509\/revisions\/4082"}],"wp:featuredmedia":[{"embeddable":true,"href":"https:\/\/www.karaoketexty.cz\/magazin\/wp-json\/wp\/v2\/media\/3528"}],"wp:attachment":[{"href":"https:\/\/www.karaoketexty.cz\/magazin\/wp-json\/wp\/v2\/media?parent=3509"}],"wp:term":[{"taxonomy":"category","embeddable":true,"href":"https:\/\/www.karaoketexty.cz\/magazin\/wp-json\/wp\/v2\/categories?post=3509"},{"taxonomy":"post_tag","embeddable":true,"href":"https:\/\/www.karaoketexty.cz\/magazin\/wp-json\/wp\/v2\/tags?post=3509"}],"curies":[{"name":"wp","href":"https:\/\/api.w.org\/{rel}","templated":true}]}}