{"id":3487,"date":"2025-10-29T05:36:00","date_gmt":"2025-10-29T04:36:00","guid":{"rendered":"https:\/\/www.karaoketexty.cz\/magazin\/?p=3487"},"modified":"2025-10-22T17:23:33","modified_gmt":"2025-10-22T15:23:33","slug":"billie-eilish-se-jako-prvni-dozvedela-o-svatbe-sveho-bratra","status":"publish","type":"post","link":"https:\/\/www.karaoketexty.cz\/magazin\/billie-eilish-se-jako-prvni-dozvedela-o-svatbe-sveho-bratra\/","title":{"rendered":"Billie Eilish se jako prvn\u00ed dozv\u011bd\u011bla o svatb\u011b sv\u00e9ho bratra"},"content":{"rendered":"\n<p><strong>Svatba, to je v\u017edycky velk\u00e1 rodinn\u00e1 ud\u00e1lost. I v rodin\u00e1ch hv\u011bzd. Finneas O\u2019Connell, bratr Billie Eilish, ozn\u00e1mil na Instagramu zasnouben\u00ed!<\/strong><\/p>\n\n\n\n<p>Rodina je pro n\u00e1s zpravidla velice d\u016fle\u017eit\u00e1, ne-li nejd\u016fle\u017eit\u011bj\u0161\u00ed, v\u00fdjimkou nejsou ani slavn\u00e9 osobnosti. Sv\u00e9 o tom v\u00ed i Billie Eilish, jej\u00ed\u017e bratr je jej\u00edm spolupracovn\u00edkem, ale tak\u00e9 skladatelem a zp\u011bv\u00e1kem. Pr\u00e1v\u011b ona se jako prvn\u00ed dozv\u011bd\u011bla o jeho zasnouben\u00ed s&nbsp;dlouholetou partnerkou Claudi\u00ed Sulewski. Na Karaoketexty jsme si v\u0161imli, \u017ee zpr\u00e1va, kterou Finneas O\u2019Connell sd\u00edlel 24. z\u00e1\u0159\u00ed 2025 na Instagramu, okam\u017eit\u011b zaplavila soci\u00e1ln\u00ed s\u00edt\u011b a vyvolala vlnu gratulac\u00ed.<\/p>\n\n\n<!-- karaoketexty.cz \/ rectangle2 -->\n<div id=\"PX_37086_709110796310826\"><\/div>\n<script>\n   if(!useMobileAds && !boolUseSeznamAds && !hideAllAds){\n     window.px2 = window.px2 || { conf: {},queue: [] };\n     px2.queue.push(function () {\n        px2.render({\n           slot: {\n              id: 37086\n           },\n            elem: \"PX_37086_709110796310826\"\n        })\n     });\n  }\n<\/script>\n\n<!-- karaoketexty.cz \/ mobile-rectangle3 -->\n<div id=\"PX_37044_714599773297004\"><\/div>\n<script>\n   if(useMobileAds && !boolUseSeznamAds && !hideAllAds){\nwindow.px2 = window.px2 || { conf: {},queue: [] };\npx2.queue.push(function () {\n\tpx2.render({\n\t\tslot: {\n\t\t\tid: 37044\n\t\t},\n\t\telem: \"PX_37044_714599773297004\"\n\t})\n});\n}\n<\/script>\n\n\n<h2 class=\"wp-block-heading\">Dojat\u00e1 Billie Eilish<\/h2>\n\n\n\n<p>Finneas a Claudia postli 24. z\u00e1\u0159\u00ed na Instagram n\u011bkolik fotografi\u00ed ze \u017e\u00e1dosti o ruku s&nbsp;popiskem: <em>\u201eforever and ever 9.22.\u201c<\/em> Mezi stovkami koment\u00e1\u0159\u016f se Billie Eilish vyj\u00edmala svou reakc\u00ed, kterou si p\u0159idala do Instagram Stories s&nbsp;pla\u010d\u00edc\u00ed emoji a dv\u011bma srd\u00ed\u010dky. Toto gesto fanou\u0161ci vyhodnotili jako v\u00fdraz dojet\u00ed a up\u0159\u00edmn\u00e9 radosti. Zp\u011bva\u010dka n\u00e1sledn\u011b nasd\u00edlela i screenshot z&nbsp;videohovoru, p\u0159i n\u011bm\u017e j\u00ed Claudia ukazovala prsten a Billie p\u0159ekvapen\u011b reagovala s&nbsp;otev\u0159enou pusou.<\/p>\n\n\n\n<p>Claudia a Finneas se poznali v&nbsp;roce 2018, vyu\u017eili tehdy seznamovac\u00ed aplikaci. Od t\u00e9 doby tvo\u0159\u00ed jeden z&nbsp;nejstabiln\u011bj\u0161\u00edch p\u00e1r\u016f americk\u00e9ho showbusinessu. Claudia se v\u011bnuje herectv\u00ed, ale objevila se i v&nbsp;n\u011bkolika Finneasov\u00fdch projektech, nap\u0159\u00edklad p\u0159ebrala re\u017eis\u00e9rskou taktovku u videoklipu <em>\u201eMona Lisa, Mona Lisa<\/em>\u201c<em> <\/em>z&nbsp;roku 2022. Finneas pro ni v&nbsp;roce 2019 tak\u00e9 napsal p\u00edse\u0148 <em>\u201eClaudia\u201c<\/em>, kter\u00e1 je inspirov\u00e1na pr\u00e1v\u011b jejich vztahem. Z\u00e1snuby prob\u011bhly 22. z\u00e1\u0159\u00ed.<\/p>\n\n\n<!-- karaoketexty.cz \/ interscroller1 -->\n\n<div id=\"PX_37041_825057871452834\"><\/div>\n<script>\nif(useMobileAds && !boolUseSeznamAds && !hideAllAds){\n\twindow.px2 = window.px2 || { conf: {},queue: [] };\n\tpx2.queue.push(function () {\n\t\tpx2.render({\n\t\t\tslot: {\n\t\t\t\tid: 37041\n\t\t\t},\n\t\t\telem: \"PX_37041_825057871452834\"\n\t\t})\n\t});\n}\n<\/script>\n\n\n<h2 class=\"wp-block-heading\">P\u0159\u00e1telstv\u00ed i spole\u010dn\u00e1 tvorba<\/h2>\n\n\n\n<p>P\u00e1r spolu v&nbsp;minulosti vedl podcast s&nbsp;n\u00e1zvem We Bought a House, kde Finneas a Claudia sd\u00edleli historky z&nbsp;b\u011b\u017en\u00e9ho \u017eivota i z\u00e1kulis\u00ed hudebn\u00ed sc\u00e9ny. Claudia se tak\u00e9 objevila po boku sv\u00e9ho partnera a jeho sestry na ud\u00edlen\u00ed cen Grammy, Oscar\u016f i p\u0159i dal\u0161\u00edch ud\u00e1lostech. S&nbsp;Billie si rozum\u00ed i v&nbsp;soukrom\u00ed \u2013 v&nbsp;jednom ze sv\u00fdch vlog\u016f Claudia v&nbsp;roce 2020 zachytila i moment, kdy ji zp\u011bva\u010dka p\u0159ed slavnostn\u00ed premi\u00e9rou spont\u00e1nn\u011b obejme.<\/p>\n\n\n\n<blockquote class=\"instagram-media\" data-instgrm-captioned data-instgrm-permalink=\"https:\/\/www.instagram.com\/p\/DPCKp2gDfvA\/?utm_source=ig_embed&amp;utm_campaign=loading\" data-instgrm-version=\"14\" style=\" background:#FFF; border:0; border-radius:3px; box-shadow:0 0 1px 0 rgba(0,0,0,0.5),0 1px 10px 0 rgba(0,0,0,0.15); margin: 1px; max-width:540px; min-width:326px; padding:0; width:99.375%; width:-webkit-calc(100% - 2px); width:calc(100% - 2px);\"><div style=\"padding:16px;\"> <a href=\"https:\/\/www.instagram.com\/p\/DPCKp2gDfvA\/?utm_source=ig_embed&amp;utm_campaign=loading\" style=\" background:#FFFFFF; line-height:0; padding:0 0; text-align:center; text-decoration:none; width:100%;\" target=\"_blank\"> <div style=\" display: flex; flex-direction: row; align-items: center;\"> <div style=\"background-color: #F4F4F4; border-radius: 50%; flex-grow: 0; height: 40px; margin-right: 14px; width: 40px;\"><\/div> <div style=\"display: flex; flex-direction: column; flex-grow: 1; justify-content: center;\"> <div style=\" background-color: #F4F4F4; border-radius: 4px; flex-grow: 0; height: 14px; margin-bottom: 6px; width: 100px;\"><\/div> <div style=\" background-color: #F4F4F4; border-radius: 4px; flex-grow: 0; height: 14px; width: 60px;\"><\/div><\/div><\/div><div style=\"padding: 19% 0;\"><\/div> <div style=\"display:block; height:50px; margin:0 auto 12px; width:50px;\"><svg width=\"50px\" height=\"50px\" viewBox=\"0 0 60 60\" version=\"1.1\" xmlns=\"https:\/\/www.w3.org\/2000\/svg\" xmlns:xlink=\"https:\/\/www.w3.org\/1999\/xlink\"><g stroke=\"none\" stroke-width=\"1\" fill=\"none\" fill-rule=\"evenodd\"><g transform=\"translate(-511.000000, -20.000000)\" fill=\"#000000\"><g><path d=\"M556.869,30.41 C554.814,30.41 553.148,32.076 553.148,34.131 C553.148,36.186 554.814,37.852 556.869,37.852 C558.924,37.852 560.59,36.186 560.59,34.131 C560.59,32.076 558.924,30.41 556.869,30.41 M541,60.657 C535.114,60.657 530.342,55.887 530.342,50 C530.342,44.114 535.114,39.342 541,39.342 C546.887,39.342 551.658,44.114 551.658,50 C551.658,55.887 546.887,60.657 541,60.657 M541,33.886 C532.1,33.886 524.886,41.1 524.886,50 C524.886,58.899 532.1,66.113 541,66.113 C549.9,66.113 557.115,58.899 557.115,50 C557.115,41.1 549.9,33.886 541,33.886 M565.378,62.101 C565.244,65.022 564.756,66.606 564.346,67.663 C563.803,69.06 563.154,70.057 562.106,71.106 C561.058,72.155 560.06,72.803 558.662,73.347 C557.607,73.757 556.021,74.244 553.102,74.378 C549.944,74.521 548.997,74.552 541,74.552 C533.003,74.552 532.056,74.521 528.898,74.378 C525.979,74.244 524.393,73.757 523.338,73.347 C521.94,72.803 520.942,72.155 519.894,71.106 C518.846,70.057 518.197,69.06 517.654,67.663 C517.244,66.606 516.755,65.022 516.623,62.101 C516.479,58.943 516.448,57.996 516.448,50 C516.448,42.003 516.479,41.056 516.623,37.899 C516.755,34.978 517.244,33.391 517.654,32.338 C518.197,30.938 518.846,29.942 519.894,28.894 C520.942,27.846 521.94,27.196 523.338,26.654 C524.393,26.244 525.979,25.756 528.898,25.623 C532.057,25.479 533.004,25.448 541,25.448 C548.997,25.448 549.943,25.479 553.102,25.623 C556.021,25.756 557.607,26.244 558.662,26.654 C560.06,27.196 561.058,27.846 562.106,28.894 C563.154,29.942 563.803,30.938 564.346,32.338 C564.756,33.391 565.244,34.978 565.378,37.899 C565.522,41.056 565.552,42.003 565.552,50 C565.552,57.996 565.522,58.943 565.378,62.101 M570.82,37.631 C570.674,34.438 570.167,32.258 569.425,30.349 C568.659,28.377 567.633,26.702 565.965,25.035 C564.297,23.368 562.623,22.342 560.652,21.575 C558.743,20.834 556.562,20.326 553.369,20.18 C550.169,20.033 549.148,20 541,20 C532.853,20 531.831,20.033 528.631,20.18 C525.438,20.326 523.257,20.834 521.349,21.575 C519.376,22.342 517.703,23.368 516.035,25.035 C514.368,26.702 513.342,28.377 512.574,30.349 C511.834,32.258 511.326,34.438 511.181,37.631 C511.035,40.831 511,41.851 511,50 C511,58.147 511.035,59.17 511.181,62.369 C511.326,65.562 511.834,67.743 512.574,69.651 C513.342,71.625 514.368,73.296 516.035,74.965 C517.703,76.634 519.376,77.658 521.349,78.425 C523.257,79.167 525.438,79.673 528.631,79.82 C531.831,79.965 532.853,80.001 541,80.001 C549.148,80.001 550.169,79.965 553.369,79.82 C556.562,79.673 558.743,79.167 560.652,78.425 C562.623,77.658 564.297,76.634 565.965,74.965 C567.633,73.296 568.659,71.625 569.425,69.651 C570.167,67.743 570.674,65.562 570.82,62.369 C570.966,59.17 571,58.147 571,50 C571,41.851 570.966,40.831 570.82,37.631\"><\/path><\/g><\/g><\/g><\/svg><\/div><div style=\"padding-top: 8px;\"> <div style=\" color:#3897f0; font-family:Arial,sans-serif; font-size:14px; font-style:normal; font-weight:550; line-height:18px;\">Zobrazit p\u0159\u00edsp\u011bvek na Instagramu<\/div><\/div><div style=\"padding: 12.5% 0;\"><\/div> <div style=\"display: flex; flex-direction: row; margin-bottom: 14px; align-items: center;\"><div> <div style=\"background-color: #F4F4F4; border-radius: 50%; height: 12.5px; width: 12.5px; transform: translateX(0px) translateY(7px);\"><\/div> <div style=\"background-color: #F4F4F4; height: 12.5px; transform: rotate(-45deg) translateX(3px) translateY(1px); width: 12.5px; flex-grow: 0; margin-right: 14px; margin-left: 2px;\"><\/div> <div style=\"background-color: #F4F4F4; border-radius: 50%; height: 12.5px; width: 12.5px; transform: translateX(9px) translateY(-18px);\"><\/div><\/div><div style=\"margin-left: 8px;\"> <div style=\" background-color: #F4F4F4; border-radius: 50%; flex-grow: 0; height: 20px; width: 20px;\"><\/div> <div style=\" width: 0; height: 0; border-top: 2px solid transparent; border-left: 6px solid #f4f4f4; border-bottom: 2px solid transparent; transform: translateX(16px) translateY(-4px) rotate(30deg)\"><\/div><\/div><div style=\"margin-left: auto;\"> <div style=\" width: 0px; border-top: 8px solid #F4F4F4; border-right: 8px solid transparent; transform: translateY(16px);\"><\/div> <div style=\" background-color: #F4F4F4; flex-grow: 0; height: 12px; width: 16px; transform: translateY(-4px);\"><\/div> <div style=\" width: 0; height: 0; border-top: 8px solid #F4F4F4; border-left: 8px solid transparent; transform: translateY(-4px) translateX(8px);\"><\/div><\/div><\/div> <div style=\"display: flex; flex-direction: column; flex-grow: 1; justify-content: center; margin-bottom: 24px;\"> <div style=\" background-color: #F4F4F4; border-radius: 4px; flex-grow: 0; height: 14px; margin-bottom: 6px; width: 224px;\"><\/div> <div style=\" background-color: #F4F4F4; border-radius: 4px; flex-grow: 0; height: 14px; width: 144px;\"><\/div><\/div><\/a><p style=\" color:#c9c8cd; font-family:Arial,sans-serif; font-size:14px; line-height:17px; margin-bottom:0; margin-top:8px; overflow:hidden; padding:8px 0 7px; text-align:center; text-overflow:ellipsis; white-space:nowrap;\"><a href=\"https:\/\/www.instagram.com\/p\/DPCKp2gDfvA\/?utm_source=ig_embed&amp;utm_campaign=loading\" style=\" color:#c9c8cd; font-family:Arial,sans-serif; font-size:14px; font-style:normal; font-weight:normal; line-height:17px; text-decoration:none;\" target=\"_blank\">P\u0159\u00edsp\u011bvek sd\u00edlen\u00fd Billie Eilish Brasil (@billieeilishbr)<\/a><\/p><\/div><\/blockquote>\n<script async src=\"\/\/www.instagram.com\/embed.js\"><\/script>\n\n\n\n<p>Billie a Finneas jsou na sebe vz\u00e1jemn\u011b fixovan\u00ed, tud\u00ed\u017e nen\u00ed divu, \u017ee spolu \u00fazce spolupracuj\u00ed. Finneas byl producentem v\u0161ech sest\u0159in\u00fdch nejv\u011bt\u0161\u00edch hit\u016f, a to v\u010detn\u011b \u201e<em>Bad Guy\u201c<\/em> \u010di<em> \u201eHappier Than Ever\u201c<\/em>. V&nbsp;sou\u010dasnosti se fanou\u0161ci t\u011b\u0161\u00ed, \u017ee se rodina rozroste o novou \u010dlenku, kter\u00e1 ale vlastn\u011b jej\u00ed sou\u010d\u00e1st\u00ed u\u017e l\u00e9ta je, jen te\u010f dojde k&nbsp;form\u00e1ln\u00edmu stvrzen\u00ed. Billie tak bude m\u00edt novou \u0161vagrovou, o n\u00ed\u017e ji\u017e v&nbsp;minulosti \u0159ekla, \u017ee ji pova\u017euje za sestru.<\/p>\n\n\n\n<p>Zdroj: Autorsk\u00fd text, <a href=\"https:\/\/cs.wikipedia.org\/wiki\/Finneas_O%27Connell\">Wikipedie<\/a>, <a href=\"https:\/\/www.billboard.com\/music\/music-news\/billie-eilish-reacts-finneas-claudia-sulewski-engagement-1236076635\/\" target=\"_blank\" rel=\"noreferrer noopener nofollow\">Billboard<\/a>, <a href=\"https:\/\/www.instagram.com\/p\/DPAL650Eu7r\/?utm_source=ig_web_copy_link&amp;igsh=N2t1MXR6ZGF1MTUz\" target=\"_blank\" rel=\"noreferrer noopener nofollow\">Instagram Finnease O\u2019Connella<\/a><\/p>\n\n\n            <a href=\"https:\/\/www.karaoketexty.cz\/magazin\/billie-eilish-prepsala-historii-jeji-pisen-prekonala-3-miliardy-streamu\/\" class=\"related-post-link\">\n                <div class=\"post-thumbnail\">\n                    <img decoding=\"async\" width=\"250\" height=\"141\" src=\"https:\/\/www.karaoketexty.cz\/magazin\/wp-content\/uploads\/2025\/09\/billie-eilish-rekord.jpg\" class=\"attachment-250x180 size-250x180 not-transparent\" alt=\"Billie Eilish rekord\" srcset=\"https:\/\/www.karaoketexty.cz\/magazin\/wp-content\/uploads\/2025\/09\/billie-eilish-rekord.jpg 1200w, https:\/\/www.karaoketexty.cz\/magazin\/wp-content\/uploads\/2025\/09\/billie-eilish-rekord-300x169.jpg 300w, https:\/\/www.karaoketexty.cz\/magazin\/wp-content\/uploads\/2025\/09\/billie-eilish-rekord-1024x576.jpg 1024w, https:\/\/www.karaoketexty.cz\/magazin\/wp-content\/uploads\/2025\/09\/billie-eilish-rekord-768x432.jpg 768w, https:\/\/www.karaoketexty.cz\/magazin\/wp-content\/uploads\/2025\/09\/billie-eilish-rekord-800x450.jpg 800w\" sizes=\"(max-width: 250px) 100vw, 250px\" data-has-transparency=\"false\" data-dominant-color=\"50412f\" style=\"--dominant-color: #50412f;\" \/>                <\/div>\n                <div class=\"post-details\">\n                    <span class=\"also-read\">\u010ct\u011bte tak\u00e9:<\/span>\n                    <h3 class=\"hed\">Billie Eilish p\u0159epsala historii. Jej\u00ed p\u00edse\u0148 p\u0159ekonala 3 miliardy stream\u016f<\/h3>\n                <\/div>\n            <\/a>\n            \n\n            <a href=\"https:\/\/www.karaoketexty.cz\/magazin\/billie-eilish-spojila-sily-s-jamesem-cameronem-chysta-se-3d-projekt-plny-emoci-a-hudby\/\" class=\"related-post-link\">\n                <div class=\"post-thumbnail\">\n                    <img decoding=\"async\" width=\"250\" height=\"167\" src=\"https:\/\/www.karaoketexty.cz\/magazin\/wp-content\/uploads\/2025\/07\/billie-eilish-novy-projekt.jpg\" class=\"attachment-250x180 size-250x180 not-transparent\" alt=\"Billie Eilish nov\u00fd projekt\" srcset=\"https:\/\/www.karaoketexty.cz\/magazin\/wp-content\/uploads\/2025\/07\/billie-eilish-novy-projekt.jpg 1200w, https:\/\/www.karaoketexty.cz\/magazin\/wp-content\/uploads\/2025\/07\/billie-eilish-novy-projekt-300x200.jpg 300w, https:\/\/www.karaoketexty.cz\/magazin\/wp-content\/uploads\/2025\/07\/billie-eilish-novy-projekt-1024x683.jpg 1024w, https:\/\/www.karaoketexty.cz\/magazin\/wp-content\/uploads\/2025\/07\/billie-eilish-novy-projekt-768x512.jpg 768w, https:\/\/www.karaoketexty.cz\/magazin\/wp-content\/uploads\/2025\/07\/billie-eilish-novy-projekt-800x533.jpg 800w\" sizes=\"(max-width: 250px) 100vw, 250px\" data-has-transparency=\"false\" data-dominant-color=\"725785\" style=\"--dominant-color: #725785;\" \/>                <\/div>\n                <div class=\"post-details\">\n                    <span class=\"also-read\">\u010ct\u011bte tak\u00e9:<\/span>\n                    <h3 class=\"hed\">Billie Eilish spojila s\u00edly s Jamesem Cameronem: Chyst\u00e1 se 3D projekt pln\u00fd emoc\u00ed a hudby\u00a0<\/h3>\n                <\/div>\n            <\/a>\n            ","protected":false},"excerpt":{"rendered":"<p>Svatba, to je v\u017edycky velk\u00e1 rodinn\u00e1 ud\u00e1lost. I v rodin\u00e1ch hv\u011bzd. Finneas O\u2019Connell, bratr Billie Eilish, ozn\u00e1mil na Instagramu zasnouben\u00ed!<\/p>\n","protected":false},"author":4,"featured_media":3505,"comment_status":"open","ping_status":"closed","sticky":false,"template":"","format":"standard","meta":{"_yoast_wpseo_title":"Billie Eilish se jako prvn\u00ed dozv\u011bd\u011bla o svatb\u011b sv\u00e9ho bratra","_yoast_wpseo_metadesc":"Svatba, to je v\u017edycky velk\u00e1 rodinn\u00e1 ud\u00e1lost. I v rodin\u00e1ch hv\u011bzd! Finneas O\u2019Connell, bratr Billie Eilish, ozn\u00e1mil na Instagramu zasnouben\u00ed!","footnotes":""},"categories":[1059],"tags":[3833,650,815,346,3828,3827,433,3830,199,500,3829,648,3831,1715,1399,3834,3832,1652,524,548,3091],"class_list":["post-3487","post","type-post","status-publish","format-standard","has-post-thumbnail","hentry","category-celebrity","tag-americky-showbusiness","tag-bad-guy","tag-billboard","tag-billie-eilish","tag-claudia-sulewski","tag-finneas-oconnell","tag-grammy","tag-happier-than-ever","tag-herecka","tag-instagram","tag-mona-lisa-mona-lisa","tag-oscar","tag-podcast-we-bought-a-house","tag-rodina-celebrit","tag-romanticky-vztah","tag-spoluprace-sourozencu","tag-svagrova","tag-svatba","tag-videoklip","tag-vztahy-celebrit","tag-zasnoubeni"],"yoast_head":"<!-- This site is optimized with the Yoast SEO plugin v27.4 - https:\/\/yoast.com\/product\/yoast-seo-wordpress\/ -->\n<title>Billie Eilish se jako prvn\u00ed dozv\u011bd\u011bla o svatb\u011b sv\u00e9ho bratra<\/title>\n<meta name=\"description\" content=\"Svatba, to je v\u017edycky velk\u00e1 rodinn\u00e1 ud\u00e1lost. I v rodin\u00e1ch hv\u011bzd! Finneas O\u2019Connell, bratr Billie Eilish, ozn\u00e1mil na Instagramu zasnouben\u00ed!\" \/>\n<meta name=\"robots\" content=\"index, follow, max-snippet:-1, max-image-preview:large, max-video-preview:-1\" \/>\n<link rel=\"canonical\" href=\"https:\/\/www.karaoketexty.cz\/magazin\/billie-eilish-se-jako-prvni-dozvedela-o-svatbe-sveho-bratra\/\" \/>\n<meta property=\"og:locale\" content=\"cs_CZ\" \/>\n<meta property=\"og:type\" content=\"article\" \/>\n<meta property=\"og:title\" content=\"Billie Eilish se jako prvn\u00ed dozv\u011bd\u011bla o svatb\u011b sv\u00e9ho bratra\" \/>\n<meta property=\"og:description\" content=\"Svatba, to je v\u017edycky velk\u00e1 rodinn\u00e1 ud\u00e1lost. I v rodin\u00e1ch hv\u011bzd! Finneas O\u2019Connell, bratr Billie Eilish, ozn\u00e1mil na Instagramu zasnouben\u00ed!\" \/>\n<meta property=\"og:url\" content=\"https:\/\/www.karaoketexty.cz\/magazin\/billie-eilish-se-jako-prvni-dozvedela-o-svatbe-sveho-bratra\/\" \/>\n<meta property=\"og:site_name\" content=\"Stars Magaz\u00edn Karaoketexty.cz\" \/>\n<meta property=\"article:published_time\" content=\"2025-10-29T04:36:00+00:00\" \/>\n<meta property=\"og:image\" content=\"https:\/\/www.karaoketexty.cz\/magazin\/wp-content\/uploads\/2025\/10\/finneas-oconnell-rok-.jpg\" \/>\n\t<meta property=\"og:image:width\" content=\"1200\" \/>\n\t<meta property=\"og:image:height\" content=\"743\" \/>\n\t<meta property=\"og:image:type\" content=\"image\/jpeg\" \/>\n<meta name=\"author\" content=\"Barbora Kop\u0159ivov\u00e1\" \/>\n<meta name=\"twitter:card\" content=\"summary_large_image\" \/>\n<meta name=\"twitter:label1\" content=\"Napsal(a)\" \/>\n\t<meta name=\"twitter:data1\" content=\"Barbora Kop\u0159ivov\u00e1\" \/>\n\t<meta name=\"twitter:label2\" content=\"Odhadovan\u00e1 doba \u010dten\u00ed\" \/>\n\t<meta name=\"twitter:data2\" content=\"3 minuty\" \/>\n<script type=\"application\/ld+json\" class=\"yoast-schema-graph\">{\"@context\":\"https:\\\/\\\/schema.org\",\"@graph\":[{\"@type\":\"Article\",\"@id\":\"https:\\\/\\\/www.karaoketexty.cz\\\/magazin\\\/billie-eilish-se-jako-prvni-dozvedela-o-svatbe-sveho-bratra\\\/#article\",\"isPartOf\":{\"@id\":\"https:\\\/\\\/www.karaoketexty.cz\\\/magazin\\\/billie-eilish-se-jako-prvni-dozvedela-o-svatbe-sveho-bratra\\\/\"},\"author\":{\"name\":\"Barbora Kop\u0159ivov\u00e1\",\"@id\":\"https:\\\/\\\/www.karaoketexty.cz\\\/magazin\\\/#\\\/schema\\\/person\\\/37c0164a04038267c8a56ad6d60df749\"},\"headline\":\"Billie Eilish se jako prvn\u00ed dozv\u011bd\u011bla o svatb\u011b sv\u00e9ho bratra\",\"datePublished\":\"2025-10-29T04:36:00+00:00\",\"mainEntityOfPage\":{\"@id\":\"https:\\\/\\\/www.karaoketexty.cz\\\/magazin\\\/billie-eilish-se-jako-prvni-dozvedela-o-svatbe-sveho-bratra\\\/\"},\"wordCount\":524,\"commentCount\":0,\"image\":{\"@id\":\"https:\\\/\\\/www.karaoketexty.cz\\\/magazin\\\/billie-eilish-se-jako-prvni-dozvedela-o-svatbe-sveho-bratra\\\/#primaryimage\"},\"thumbnailUrl\":\"https:\\\/\\\/www.karaoketexty.cz\\\/magazin\\\/wp-content\\\/uploads\\\/2025\\\/10\\\/finneas-oconnell-rok-.jpg\",\"keywords\":[\"americk\u00fd showbusiness\",\"Bad Guy\",\"Billboard\",\"Billie Eilish\",\"Claudia Sulewski\",\"Finneas O\u2019Connell\",\"Grammy\",\"Happier Than Ever\",\"Here\u010dka\",\"Instagram\",\"Mona Lisa Mona Lisa\",\"Oscar\",\"podcast We Bought a House\",\"rodina celebrit\",\"romantick\u00fd vztah\",\"spolupr\u00e1ce sourozenc\u016f\",\"\u0161vagrov\u00e1\",\"Svatba\",\"videoklip\",\"vztahy celebrit\",\"zasnouben\u00ed\"],\"articleSection\":[\"Celebrity\"],\"inLanguage\":\"cs\",\"potentialAction\":[{\"@type\":\"CommentAction\",\"name\":\"Comment\",\"target\":[\"https:\\\/\\\/www.karaoketexty.cz\\\/magazin\\\/billie-eilish-se-jako-prvni-dozvedela-o-svatbe-sveho-bratra\\\/#respond\"]}]},{\"@type\":\"WebPage\",\"@id\":\"https:\\\/\\\/www.karaoketexty.cz\\\/magazin\\\/billie-eilish-se-jako-prvni-dozvedela-o-svatbe-sveho-bratra\\\/\",\"url\":\"https:\\\/\\\/www.karaoketexty.cz\\\/magazin\\\/billie-eilish-se-jako-prvni-dozvedela-o-svatbe-sveho-bratra\\\/\",\"name\":\"Billie Eilish se jako prvn\u00ed dozv\u011bd\u011bla o svatb\u011b sv\u00e9ho bratra\",\"isPartOf\":{\"@id\":\"https:\\\/\\\/www.karaoketexty.cz\\\/magazin\\\/#website\"},\"primaryImageOfPage\":{\"@id\":\"https:\\\/\\\/www.karaoketexty.cz\\\/magazin\\\/billie-eilish-se-jako-prvni-dozvedela-o-svatbe-sveho-bratra\\\/#primaryimage\"},\"image\":{\"@id\":\"https:\\\/\\\/www.karaoketexty.cz\\\/magazin\\\/billie-eilish-se-jako-prvni-dozvedela-o-svatbe-sveho-bratra\\\/#primaryimage\"},\"thumbnailUrl\":\"https:\\\/\\\/www.karaoketexty.cz\\\/magazin\\\/wp-content\\\/uploads\\\/2025\\\/10\\\/finneas-oconnell-rok-.jpg\",\"datePublished\":\"2025-10-29T04:36:00+00:00\",\"author\":{\"@id\":\"https:\\\/\\\/www.karaoketexty.cz\\\/magazin\\\/#\\\/schema\\\/person\\\/37c0164a04038267c8a56ad6d60df749\"},\"description\":\"Svatba, to je v\u017edycky velk\u00e1 rodinn\u00e1 ud\u00e1lost. I v rodin\u00e1ch hv\u011bzd! Finneas O\u2019Connell, bratr Billie Eilish, ozn\u00e1mil na Instagramu zasnouben\u00ed!\",\"breadcrumb\":{\"@id\":\"https:\\\/\\\/www.karaoketexty.cz\\\/magazin\\\/billie-eilish-se-jako-prvni-dozvedela-o-svatbe-sveho-bratra\\\/#breadcrumb\"},\"inLanguage\":\"cs\",\"potentialAction\":[{\"@type\":\"ReadAction\",\"target\":[\"https:\\\/\\\/www.karaoketexty.cz\\\/magazin\\\/billie-eilish-se-jako-prvni-dozvedela-o-svatbe-sveho-bratra\\\/\"]}]},{\"@type\":\"ImageObject\",\"inLanguage\":\"cs\",\"@id\":\"https:\\\/\\\/www.karaoketexty.cz\\\/magazin\\\/billie-eilish-se-jako-prvni-dozvedela-o-svatbe-sveho-bratra\\\/#primaryimage\",\"url\":\"https:\\\/\\\/www.karaoketexty.cz\\\/magazin\\\/wp-content\\\/uploads\\\/2025\\\/10\\\/finneas-oconnell-rok-.jpg\",\"contentUrl\":\"https:\\\/\\\/www.karaoketexty.cz\\\/magazin\\\/wp-content\\\/uploads\\\/2025\\\/10\\\/finneas-oconnell-rok-.jpg\",\"width\":1200,\"height\":743,\"caption\":\"Foto: Bruce Baker \\\/ Creative Commons \\\/ CC BY, Finneas na Laneway Festival v Sydney dne 5. \u00fanora 2023\"},{\"@type\":\"BreadcrumbList\",\"@id\":\"https:\\\/\\\/www.karaoketexty.cz\\\/magazin\\\/billie-eilish-se-jako-prvni-dozvedela-o-svatbe-sveho-bratra\\\/#breadcrumb\",\"itemListElement\":[{\"@type\":\"ListItem\",\"position\":1,\"name\":\"Dom\u016f\",\"item\":\"https:\\\/\\\/www.karaoketexty.cz\\\/magazin\\\/\"},{\"@type\":\"ListItem\",\"position\":2,\"name\":\"Billie Eilish se jako prvn\u00ed dozv\u011bd\u011bla o svatb\u011b sv\u00e9ho bratra\"}]},{\"@type\":\"WebSite\",\"@id\":\"https:\\\/\\\/www.karaoketexty.cz\\\/magazin\\\/#website\",\"url\":\"https:\\\/\\\/www.karaoketexty.cz\\\/magazin\\\/\",\"name\":\"Stars Magaz\u00edn Karaoketexty.cz\",\"description\":\"Stars Magaz\u00edn na Karaoketexty.cz je zam\u011b\u0159en\u00fd na novinky ze sv\u011bta hudby a celebrit. Obsahuje \u010dl\u00e1nky o zp\u011bv\u00e1c\u00edch, kapel\u00e1ch, nov\u00fdch albech, hudebn\u00edch trendech a dal\u0161\u00edch zaj\u00edmavostech z hudebn\u00edho pr\u016fmyslu.\",\"potentialAction\":[{\"@type\":\"SearchAction\",\"target\":{\"@type\":\"EntryPoint\",\"urlTemplate\":\"https:\\\/\\\/www.karaoketexty.cz\\\/magazin\\\/?s={search_term_string}\"},\"query-input\":{\"@type\":\"PropertyValueSpecification\",\"valueRequired\":true,\"valueName\":\"search_term_string\"}}],\"inLanguage\":\"cs\"},{\"@type\":\"Person\",\"@id\":\"https:\\\/\\\/www.karaoketexty.cz\\\/magazin\\\/#\\\/schema\\\/person\\\/37c0164a04038267c8a56ad6d60df749\",\"name\":\"Barbora Kop\u0159ivov\u00e1\",\"image\":{\"@type\":\"ImageObject\",\"inLanguage\":\"cs\",\"@id\":\"https:\\\/\\\/secure.gravatar.com\\\/avatar\\\/ad2ef9810228386d580851ef4bdde76abaa96054ff5b068c8873bc91afb2df84?s=96&d=mm&r=g\",\"url\":\"https:\\\/\\\/secure.gravatar.com\\\/avatar\\\/ad2ef9810228386d580851ef4bdde76abaa96054ff5b068c8873bc91afb2df84?s=96&d=mm&r=g\",\"contentUrl\":\"https:\\\/\\\/secure.gravatar.com\\\/avatar\\\/ad2ef9810228386d580851ef4bdde76abaa96054ff5b068c8873bc91afb2df84?s=96&d=mm&r=g\",\"caption\":\"Barbora Kop\u0159ivov\u00e1\"},\"url\":\"https:\\\/\\\/www.karaoketexty.cz\\\/magazin\\\/author\\\/barborakoprivova\\\/\"}]}<\/script>\n<!-- \/ Yoast SEO plugin. -->","yoast_head_json":{"title":"Billie Eilish se jako prvn\u00ed dozv\u011bd\u011bla o svatb\u011b sv\u00e9ho bratra","description":"Svatba, to je v\u017edycky velk\u00e1 rodinn\u00e1 ud\u00e1lost. I v rodin\u00e1ch hv\u011bzd! Finneas O\u2019Connell, bratr Billie Eilish, ozn\u00e1mil na Instagramu zasnouben\u00ed!","robots":{"index":"index","follow":"follow","max-snippet":"max-snippet:-1","max-image-preview":"max-image-preview:large","max-video-preview":"max-video-preview:-1"},"canonical":"https:\/\/www.karaoketexty.cz\/magazin\/billie-eilish-se-jako-prvni-dozvedela-o-svatbe-sveho-bratra\/","og_locale":"cs_CZ","og_type":"article","og_title":"Billie Eilish se jako prvn\u00ed dozv\u011bd\u011bla o svatb\u011b sv\u00e9ho bratra","og_description":"Svatba, to je v\u017edycky velk\u00e1 rodinn\u00e1 ud\u00e1lost. I v rodin\u00e1ch hv\u011bzd! Finneas O\u2019Connell, bratr Billie Eilish, ozn\u00e1mil na Instagramu zasnouben\u00ed!","og_url":"https:\/\/www.karaoketexty.cz\/magazin\/billie-eilish-se-jako-prvni-dozvedela-o-svatbe-sveho-bratra\/","og_site_name":"Stars Magaz\u00edn Karaoketexty.cz","article_published_time":"2025-10-29T04:36:00+00:00","og_image":[{"width":1200,"height":743,"url":"https:\/\/www.karaoketexty.cz\/magazin\/wp-content\/uploads\/2025\/10\/finneas-oconnell-rok-.jpg","type":"image\/jpeg"}],"author":"Barbora Kop\u0159ivov\u00e1","twitter_card":"summary_large_image","twitter_misc":{"Napsal(a)":"Barbora Kop\u0159ivov\u00e1","Odhadovan\u00e1 doba \u010dten\u00ed":"3 minuty"},"schema":{"@context":"https:\/\/schema.org","@graph":[{"@type":"Article","@id":"https:\/\/www.karaoketexty.cz\/magazin\/billie-eilish-se-jako-prvni-dozvedela-o-svatbe-sveho-bratra\/#article","isPartOf":{"@id":"https:\/\/www.karaoketexty.cz\/magazin\/billie-eilish-se-jako-prvni-dozvedela-o-svatbe-sveho-bratra\/"},"author":{"name":"Barbora Kop\u0159ivov\u00e1","@id":"https:\/\/www.karaoketexty.cz\/magazin\/#\/schema\/person\/37c0164a04038267c8a56ad6d60df749"},"headline":"Billie Eilish se jako prvn\u00ed dozv\u011bd\u011bla o svatb\u011b sv\u00e9ho bratra","datePublished":"2025-10-29T04:36:00+00:00","mainEntityOfPage":{"@id":"https:\/\/www.karaoketexty.cz\/magazin\/billie-eilish-se-jako-prvni-dozvedela-o-svatbe-sveho-bratra\/"},"wordCount":524,"commentCount":0,"image":{"@id":"https:\/\/www.karaoketexty.cz\/magazin\/billie-eilish-se-jako-prvni-dozvedela-o-svatbe-sveho-bratra\/#primaryimage"},"thumbnailUrl":"https:\/\/www.karaoketexty.cz\/magazin\/wp-content\/uploads\/2025\/10\/finneas-oconnell-rok-.jpg","keywords":["americk\u00fd showbusiness","Bad Guy","Billboard","Billie Eilish","Claudia Sulewski","Finneas O\u2019Connell","Grammy","Happier Than Ever","Here\u010dka","Instagram","Mona Lisa Mona Lisa","Oscar","podcast We Bought a House","rodina celebrit","romantick\u00fd vztah","spolupr\u00e1ce sourozenc\u016f","\u0161vagrov\u00e1","Svatba","videoklip","vztahy celebrit","zasnouben\u00ed"],"articleSection":["Celebrity"],"inLanguage":"cs","potentialAction":[{"@type":"CommentAction","name":"Comment","target":["https:\/\/www.karaoketexty.cz\/magazin\/billie-eilish-se-jako-prvni-dozvedela-o-svatbe-sveho-bratra\/#respond"]}]},{"@type":"WebPage","@id":"https:\/\/www.karaoketexty.cz\/magazin\/billie-eilish-se-jako-prvni-dozvedela-o-svatbe-sveho-bratra\/","url":"https:\/\/www.karaoketexty.cz\/magazin\/billie-eilish-se-jako-prvni-dozvedela-o-svatbe-sveho-bratra\/","name":"Billie Eilish se jako prvn\u00ed dozv\u011bd\u011bla o svatb\u011b sv\u00e9ho bratra","isPartOf":{"@id":"https:\/\/www.karaoketexty.cz\/magazin\/#website"},"primaryImageOfPage":{"@id":"https:\/\/www.karaoketexty.cz\/magazin\/billie-eilish-se-jako-prvni-dozvedela-o-svatbe-sveho-bratra\/#primaryimage"},"image":{"@id":"https:\/\/www.karaoketexty.cz\/magazin\/billie-eilish-se-jako-prvni-dozvedela-o-svatbe-sveho-bratra\/#primaryimage"},"thumbnailUrl":"https:\/\/www.karaoketexty.cz\/magazin\/wp-content\/uploads\/2025\/10\/finneas-oconnell-rok-.jpg","datePublished":"2025-10-29T04:36:00+00:00","author":{"@id":"https:\/\/www.karaoketexty.cz\/magazin\/#\/schema\/person\/37c0164a04038267c8a56ad6d60df749"},"description":"Svatba, to je v\u017edycky velk\u00e1 rodinn\u00e1 ud\u00e1lost. I v rodin\u00e1ch hv\u011bzd! Finneas O\u2019Connell, bratr Billie Eilish, ozn\u00e1mil na Instagramu zasnouben\u00ed!","breadcrumb":{"@id":"https:\/\/www.karaoketexty.cz\/magazin\/billie-eilish-se-jako-prvni-dozvedela-o-svatbe-sveho-bratra\/#breadcrumb"},"inLanguage":"cs","potentialAction":[{"@type":"ReadAction","target":["https:\/\/www.karaoketexty.cz\/magazin\/billie-eilish-se-jako-prvni-dozvedela-o-svatbe-sveho-bratra\/"]}]},{"@type":"ImageObject","inLanguage":"cs","@id":"https:\/\/www.karaoketexty.cz\/magazin\/billie-eilish-se-jako-prvni-dozvedela-o-svatbe-sveho-bratra\/#primaryimage","url":"https:\/\/www.karaoketexty.cz\/magazin\/wp-content\/uploads\/2025\/10\/finneas-oconnell-rok-.jpg","contentUrl":"https:\/\/www.karaoketexty.cz\/magazin\/wp-content\/uploads\/2025\/10\/finneas-oconnell-rok-.jpg","width":1200,"height":743,"caption":"Foto: Bruce Baker \/ Creative Commons \/ CC BY, Finneas na Laneway Festival v Sydney dne 5. \u00fanora 2023"},{"@type":"BreadcrumbList","@id":"https:\/\/www.karaoketexty.cz\/magazin\/billie-eilish-se-jako-prvni-dozvedela-o-svatbe-sveho-bratra\/#breadcrumb","itemListElement":[{"@type":"ListItem","position":1,"name":"Dom\u016f","item":"https:\/\/www.karaoketexty.cz\/magazin\/"},{"@type":"ListItem","position":2,"name":"Billie Eilish se jako prvn\u00ed dozv\u011bd\u011bla o svatb\u011b sv\u00e9ho bratra"}]},{"@type":"WebSite","@id":"https:\/\/www.karaoketexty.cz\/magazin\/#website","url":"https:\/\/www.karaoketexty.cz\/magazin\/","name":"Stars Magaz\u00edn Karaoketexty.cz","description":"Stars Magaz\u00edn na Karaoketexty.cz je zam\u011b\u0159en\u00fd na novinky ze sv\u011bta hudby a celebrit. Obsahuje \u010dl\u00e1nky o zp\u011bv\u00e1c\u00edch, kapel\u00e1ch, nov\u00fdch albech, hudebn\u00edch trendech a dal\u0161\u00edch zaj\u00edmavostech z hudebn\u00edho pr\u016fmyslu.","potentialAction":[{"@type":"SearchAction","target":{"@type":"EntryPoint","urlTemplate":"https:\/\/www.karaoketexty.cz\/magazin\/?s={search_term_string}"},"query-input":{"@type":"PropertyValueSpecification","valueRequired":true,"valueName":"search_term_string"}}],"inLanguage":"cs"},{"@type":"Person","@id":"https:\/\/www.karaoketexty.cz\/magazin\/#\/schema\/person\/37c0164a04038267c8a56ad6d60df749","name":"Barbora Kop\u0159ivov\u00e1","image":{"@type":"ImageObject","inLanguage":"cs","@id":"https:\/\/secure.gravatar.com\/avatar\/ad2ef9810228386d580851ef4bdde76abaa96054ff5b068c8873bc91afb2df84?s=96&d=mm&r=g","url":"https:\/\/secure.gravatar.com\/avatar\/ad2ef9810228386d580851ef4bdde76abaa96054ff5b068c8873bc91afb2df84?s=96&d=mm&r=g","contentUrl":"https:\/\/secure.gravatar.com\/avatar\/ad2ef9810228386d580851ef4bdde76abaa96054ff5b068c8873bc91afb2df84?s=96&d=mm&r=g","caption":"Barbora Kop\u0159ivov\u00e1"},"url":"https:\/\/www.karaoketexty.cz\/magazin\/author\/barborakoprivova\/"}]}},"_links":{"self":[{"href":"https:\/\/www.karaoketexty.cz\/magazin\/wp-json\/wp\/v2\/posts\/3487","targetHints":{"allow":["GET"]}}],"collection":[{"href":"https:\/\/www.karaoketexty.cz\/magazin\/wp-json\/wp\/v2\/posts"}],"about":[{"href":"https:\/\/www.karaoketexty.cz\/magazin\/wp-json\/wp\/v2\/types\/post"}],"author":[{"embeddable":true,"href":"https:\/\/www.karaoketexty.cz\/magazin\/wp-json\/wp\/v2\/users\/4"}],"replies":[{"embeddable":true,"href":"https:\/\/www.karaoketexty.cz\/magazin\/wp-json\/wp\/v2\/comments?post=3487"}],"version-history":[{"count":5,"href":"https:\/\/www.karaoketexty.cz\/magazin\/wp-json\/wp\/v2\/posts\/3487\/revisions"}],"predecessor-version":[{"id":3999,"href":"https:\/\/www.karaoketexty.cz\/magazin\/wp-json\/wp\/v2\/posts\/3487\/revisions\/3999"}],"wp:featuredmedia":[{"embeddable":true,"href":"https:\/\/www.karaoketexty.cz\/magazin\/wp-json\/wp\/v2\/media\/3505"}],"wp:attachment":[{"href":"https:\/\/www.karaoketexty.cz\/magazin\/wp-json\/wp\/v2\/media?parent=3487"}],"wp:term":[{"taxonomy":"category","embeddable":true,"href":"https:\/\/www.karaoketexty.cz\/magazin\/wp-json\/wp\/v2\/categories?post=3487"},{"taxonomy":"post_tag","embeddable":true,"href":"https:\/\/www.karaoketexty.cz\/magazin\/wp-json\/wp\/v2\/tags?post=3487"}],"curies":[{"name":"wp","href":"https:\/\/api.w.org\/{rel}","templated":true}]}}