{"id":346,"date":"2025-06-14T08:21:00","date_gmt":"2025-06-14T06:21:00","guid":{"rendered":"https:\/\/www.karaoketexty.cz\/magazin\/?p=346"},"modified":"2025-06-13T22:45:29","modified_gmt":"2025-06-13T20:45:29","slug":"eminem-je-dedecek-video-ke-dni-matek-dcera","status":"publish","type":"post","link":"https:\/\/www.karaoketexty.cz\/magazin\/eminem-je-dedecek-video-ke-dni-matek-dcera\/","title":{"rendered":"Eminem oslavuje nov\u00fd p\u0159\u00edr\u016fstek do rodiny. D\u00edky sv\u00e9 biologick\u00e9 dce\u0159i se stal d\u011bde\u010dkem"},"content":{"rendered":"\n<p><strong>Dcera legend\u00e1rn\u00edho rappera Eminema sd\u00edlela na sv\u00e9m instagramu fotky mal\u00e9ho Elliota. Starat se o n\u011bj je pro ni ten nejv\u011bt\u0161\u00ed \u017eivotn\u00ed dar.\u00a0<\/strong><\/p>\n\n\n\n<p>Eminem se ve sv\u011bt\u011b hudby proslavil b\u011bhem posledn\u00edch dek\u00e1d neuv\u011b\u0159iteln\u00fdm zp\u016fsobem. Sv\u00fdm rappem si z\u00edskal fanou\u0161ky tak\u0159ka ze v\u0161ech zem\u00ed a tak\u00e9 \u0159adu velk\u00fdch ocen\u011bn\u00ed. B\u011bhem za\u010d\u00e1tku\u00a0leto\u0161n\u00edho roku nicm\u00e9n\u011b p\u0159i\u0161la do m\u00e9di\u00ed zpr\u00e1va, \u017ee se z n\u011bj stal d\u011bde\u010dek. Dcera Hailie toti\u017e porodila mal\u00e9ho chlapce, kter\u00e9ho pojmenovala\u00a0Elliot Marshall, pr\u00e1v\u011b po jeho d\u011bde\u010dkovi. Na sv\u00e9m instagramu pak ke Dni matek sd\u00edlela \u00fa\u017easn\u00e9 video z pr\u016fb\u011bhu t\u011bhotenstv\u00ed.<\/p>\n\n\n\n<h2 class=\"wp-block-heading\">Dcera Eminema sd\u00edlela dojemn\u00e9 video z t\u011bhotenstv\u00ed&nbsp;<\/h2>\n\n\n\n<p>Opravdu ne\u010dekan\u00e1 zpr\u00e1va o tom, \u017ee je slavn\u00fd Eminem d\u011bde\u010dek, oblet\u011bla b\u011bhem kr\u00e1tk\u00e9 chv\u00edle naprosto cel\u00fd sv\u011bt. Mal\u00fd\u00a0Elliot Marshall McClintock\u00a0se narodil\u00a014.\u00a0b\u0159ezna 2025 a matka jej pojmenovala pr\u00e1v\u011b\u00a0po slavn\u00e9m rapperovi, jeho\u017e skute\u010dn\u00e9 jm\u00e9no je\u00a0Marshall Bruce Mathers. Ke Dni matek pak py\u0161n\u00e1\u00a0Hailie sd\u00edlela \u00fachvatn\u00e9 video z cel\u00e9ho t\u011bhotenstv\u00ed, kde uk\u00e1zala r\u016fzn\u00e9 prom\u011bny sv\u00e9ho t\u011bla a to, jak si se sv\u00fdm synem u\u017e\u00edv\u00e1 jeho prvn\u00ed m\u011bs\u00edce \u017eivota.\u00a0<\/p>\n\n\n\n<p><em>\u201ePoskytnout ti \u017eivot byl ten nejv\u011bt\u0161\u00ed dar m\u00e9ho \u017eivota. D\u011bkuji, \u017ee jsi ze m\u011b ud\u011blal svou matku,\u201c<\/em>\u00a0napsala\u00a0dcera Eminema pod p\u0159\u00edsp\u011bvek, kter\u00fd si z\u00edskal obrovskou chv\u00e1lu. Na zm\u00edn\u011bn\u00fdch z\u00e1b\u011brech zachytila\u00a0dojemn\u00e9 chv\u00edle a tak\u00e9 nap\u0159\u00edklad to, jak miminko sp\u00ed\u00a0na hrudi sv\u00e9 matky, natahuje kon\u010detiny, le\u017e\u00ed v post\u00fdlce, cuc\u00e1 dudl\u00edk\u00a0nebo se d\u00edv\u00e1 p\u0159\u00edmo na maminku.\u00a0P\u0159\u00edsp\u011bvek\u00a0Hailie nahr\u00e1la na sv\u016fj instagramov\u00fd profil.\u00a0<\/p>\n\n\n\n<blockquote class=\"instagram-media\" data-instgrm-captioned data-instgrm-permalink=\"https:\/\/www.instagram.com\/p\/DIB7vrCJUeR\/?utm_source=ig_embed&amp;utm_campaign=loading\" data-instgrm-version=\"14\" style=\" background:#FFF; border:0; border-radius:3px; box-shadow:0 0 1px 0 rgba(0,0,0,0.5),0 1px 10px 0 rgba(0,0,0,0.15); margin: 1px; max-width:540px; min-width:326px; padding:0; width:99.375%; width:-webkit-calc(100% - 2px); width:calc(100% - 2px);\"><div style=\"padding:16px;\"> <a href=\"https:\/\/www.instagram.com\/p\/DIB7vrCJUeR\/?utm_source=ig_embed&amp;utm_campaign=loading\" style=\" background:#FFFFFF; line-height:0; padding:0 0; text-align:center; text-decoration:none; width:100%;\" target=\"_blank\"> <div style=\" display: flex; flex-direction: row; align-items: center;\"> <div style=\"background-color: #F4F4F4; border-radius: 50%; flex-grow: 0; height: 40px; margin-right: 14px; width: 40px;\"><\/div> <div style=\"display: flex; flex-direction: column; flex-grow: 1; justify-content: center;\"> <div style=\" background-color: #F4F4F4; border-radius: 4px; flex-grow: 0; height: 14px; margin-bottom: 6px; width: 100px;\"><\/div> <div style=\" background-color: #F4F4F4; border-radius: 4px; flex-grow: 0; height: 14px; width: 60px;\"><\/div><\/div><\/div><div style=\"padding: 19% 0;\"><\/div> <div style=\"display:block; height:50px; margin:0 auto 12px; width:50px;\"><svg width=\"50px\" height=\"50px\" viewBox=\"0 0 60 60\" version=\"1.1\" xmlns=\"https:\/\/www.w3.org\/2000\/svg\" xmlns:xlink=\"https:\/\/www.w3.org\/1999\/xlink\"><g stroke=\"none\" stroke-width=\"1\" fill=\"none\" fill-rule=\"evenodd\"><g transform=\"translate(-511.000000, -20.000000)\" fill=\"#000000\"><g><path d=\"M556.869,30.41 C554.814,30.41 553.148,32.076 553.148,34.131 C553.148,36.186 554.814,37.852 556.869,37.852 C558.924,37.852 560.59,36.186 560.59,34.131 C560.59,32.076 558.924,30.41 556.869,30.41 M541,60.657 C535.114,60.657 530.342,55.887 530.342,50 C530.342,44.114 535.114,39.342 541,39.342 C546.887,39.342 551.658,44.114 551.658,50 C551.658,55.887 546.887,60.657 541,60.657 M541,33.886 C532.1,33.886 524.886,41.1 524.886,50 C524.886,58.899 532.1,66.113 541,66.113 C549.9,66.113 557.115,58.899 557.115,50 C557.115,41.1 549.9,33.886 541,33.886 M565.378,62.101 C565.244,65.022 564.756,66.606 564.346,67.663 C563.803,69.06 563.154,70.057 562.106,71.106 C561.058,72.155 560.06,72.803 558.662,73.347 C557.607,73.757 556.021,74.244 553.102,74.378 C549.944,74.521 548.997,74.552 541,74.552 C533.003,74.552 532.056,74.521 528.898,74.378 C525.979,74.244 524.393,73.757 523.338,73.347 C521.94,72.803 520.942,72.155 519.894,71.106 C518.846,70.057 518.197,69.06 517.654,67.663 C517.244,66.606 516.755,65.022 516.623,62.101 C516.479,58.943 516.448,57.996 516.448,50 C516.448,42.003 516.479,41.056 516.623,37.899 C516.755,34.978 517.244,33.391 517.654,32.338 C518.197,30.938 518.846,29.942 519.894,28.894 C520.942,27.846 521.94,27.196 523.338,26.654 C524.393,26.244 525.979,25.756 528.898,25.623 C532.057,25.479 533.004,25.448 541,25.448 C548.997,25.448 549.943,25.479 553.102,25.623 C556.021,25.756 557.607,26.244 558.662,26.654 C560.06,27.196 561.058,27.846 562.106,28.894 C563.154,29.942 563.803,30.938 564.346,32.338 C564.756,33.391 565.244,34.978 565.378,37.899 C565.522,41.056 565.552,42.003 565.552,50 C565.552,57.996 565.522,58.943 565.378,62.101 M570.82,37.631 C570.674,34.438 570.167,32.258 569.425,30.349 C568.659,28.377 567.633,26.702 565.965,25.035 C564.297,23.368 562.623,22.342 560.652,21.575 C558.743,20.834 556.562,20.326 553.369,20.18 C550.169,20.033 549.148,20 541,20 C532.853,20 531.831,20.033 528.631,20.18 C525.438,20.326 523.257,20.834 521.349,21.575 C519.376,22.342 517.703,23.368 516.035,25.035 C514.368,26.702 513.342,28.377 512.574,30.349 C511.834,32.258 511.326,34.438 511.181,37.631 C511.035,40.831 511,41.851 511,50 C511,58.147 511.035,59.17 511.181,62.369 C511.326,65.562 511.834,67.743 512.574,69.651 C513.342,71.625 514.368,73.296 516.035,74.965 C517.703,76.634 519.376,77.658 521.349,78.425 C523.257,79.167 525.438,79.673 528.631,79.82 C531.831,79.965 532.853,80.001 541,80.001 C549.148,80.001 550.169,79.965 553.369,79.82 C556.562,79.673 558.743,79.167 560.652,78.425 C562.623,77.658 564.297,76.634 565.965,74.965 C567.633,73.296 568.659,71.625 569.425,69.651 C570.167,67.743 570.674,65.562 570.82,62.369 C570.966,59.17 571,58.147 571,50 C571,41.851 570.966,40.831 570.82,37.631\"><\/path><\/g><\/g><\/g><\/svg><\/div><div style=\"padding-top: 8px;\"> <div style=\" color:#3897f0; font-family:Arial,sans-serif; font-size:14px; font-style:normal; font-weight:550; line-height:18px;\">Zobrazit p\u0159\u00edsp\u011bvek na Instagramu<\/div><\/div><div style=\"padding: 12.5% 0;\"><\/div> <div style=\"display: flex; flex-direction: row; margin-bottom: 14px; align-items: center;\"><div> <div style=\"background-color: #F4F4F4; border-radius: 50%; height: 12.5px; width: 12.5px; transform: translateX(0px) translateY(7px);\"><\/div> <div style=\"background-color: #F4F4F4; height: 12.5px; transform: rotate(-45deg) translateX(3px) translateY(1px); width: 12.5px; flex-grow: 0; margin-right: 14px; margin-left: 2px;\"><\/div> <div style=\"background-color: #F4F4F4; border-radius: 50%; height: 12.5px; width: 12.5px; transform: translateX(9px) translateY(-18px);\"><\/div><\/div><div style=\"margin-left: 8px;\"> <div style=\" background-color: #F4F4F4; border-radius: 50%; flex-grow: 0; height: 20px; width: 20px;\"><\/div> <div style=\" width: 0; height: 0; border-top: 2px solid transparent; border-left: 6px solid #f4f4f4; border-bottom: 2px solid transparent; transform: translateX(16px) translateY(-4px) rotate(30deg)\"><\/div><\/div><div style=\"margin-left: auto;\"> <div style=\" width: 0px; border-top: 8px solid #F4F4F4; border-right: 8px solid transparent; transform: translateY(16px);\"><\/div> <div style=\" background-color: #F4F4F4; flex-grow: 0; height: 12px; width: 16px; transform: translateY(-4px);\"><\/div> <div style=\" width: 0; height: 0; border-top: 8px solid #F4F4F4; border-left: 8px solid transparent; transform: translateY(-4px) translateX(8px);\"><\/div><\/div><\/div> <div style=\"display: flex; flex-direction: column; flex-grow: 1; justify-content: center; margin-bottom: 24px;\"> <div style=\" background-color: #F4F4F4; border-radius: 4px; flex-grow: 0; height: 14px; margin-bottom: 6px; width: 224px;\"><\/div> <div style=\" background-color: #F4F4F4; border-radius: 4px; flex-grow: 0; height: 14px; width: 144px;\"><\/div><\/div><\/a><p style=\" color:#c9c8cd; font-family:Arial,sans-serif; font-size:14px; line-height:17px; margin-bottom:0; margin-top:8px; overflow:hidden; padding:8px 0 7px; text-align:center; text-overflow:ellipsis; white-space:nowrap;\"><a href=\"https:\/\/www.instagram.com\/p\/DIB7vrCJUeR\/?utm_source=ig_embed&amp;utm_campaign=loading\" style=\" color:#c9c8cd; font-family:Arial,sans-serif; font-size:14px; font-style:normal; font-weight:normal; line-height:17px; text-decoration:none;\" target=\"_blank\">P\u0159\u00edsp\u011bvek sd\u00edlen\u00fd Hailie Jade (@hailiejade)<\/a><\/p><\/div><\/blockquote>\n<script async src=\"\/\/www.instagram.com\/embed.js\"><\/script>\n\n\n\n<p>Hrd\u00e1 maminka se tak\u00e9\u00a0ji\u017e d\u0159\u00edve\u00a0nad\u0161en\u011b rozpl\u00fdvala nad oslavou prvn\u00edch Velikonoc se sv\u00fdm\u00a0synem Elliotem. K t\u00e9to ud\u00e1losti sd\u00edlela 20. dubna na stories fotku\u00a0s\u00a0novorozencem sp\u00edc\u00edm v tkan\u00e9m ko\u0161\u00edku s b\u00edlohn\u011bdou kostkovanou dekou.\u00a0<em>\u201eElliotovy prvn\u00ed Velikonoce,\u201c<\/em>\u00a0napsala k rozko\u0161n\u00e9 fotce\u00a0ze slavnostn\u00edho focen\u00ed mal\u00e9ho potomka.\u00a0<\/p>\n\n\n\n<p>Hailie Jade Scott se narodila v roce 1995, letos tedy oslav\u00ed sv\u00e9 t\u0159ic\u00e1tiny, a je jedinou biologickou dcerou Eminema, kterou po\u010dal se svou exman\u017eelkou Kimberly Anne Scott. Dce\u0159i dokonce v\u011bnoval n\u011bkter\u00e9 sv\u00e9 p\u00edsn\u011b a ona je jeho velkou podporovatelkou. Krom\u011b toho adoptoval je\u0161t\u011b dal\u0161\u00ed dv\u011b d\u011bti, svou nete\u0159 a druhou dceru sv\u00e9 exman\u017eelky. Eminem otev\u0159en\u011b p\u0159izn\u00e1val, \u017ee to byla pr\u00e1v\u011b rodina, je\u017e mu pomohla p\u0159ekonat n\u011bkter\u00e1 n\u00e1ro\u010dn\u00e1 \u017eivotn\u00ed obdob\u00ed.<\/p>\n\n\n\n<p>Zdroje: Autorsk\u00fd text, <a href=\"https:\/\/www.instagram.com\/reel\/DJhG0i0JK_i\/?utm_source=ig_embed&amp;ig_rid=23dfd458-dd53-4a81-b1c5-853f37552a95\" target=\"_blank\" rel=\"noreferrer noopener nofollow\">Instagram Hailie Jade Scott<\/a>, <a href=\"https:\/\/people.com\/parents\/all-about-eminem-children\/\" target=\"_blank\" rel=\"noreferrer noopener nofollow\">People<\/a><\/p>\n","protected":false},"excerpt":{"rendered":"<p>Dcera legend\u00e1rn\u00edho rappera Eminema sd\u00edlela na sv\u00e9m instagramu fotky mal\u00e9ho Elliota. Starat se o n\u011bj je pro ni ten nejv\u011bt\u0161\u00ed \u017eivotn\u00ed dar.\u00a0<\/p>\n","protected":false},"author":6,"featured_media":1010,"comment_status":"open","ping_status":"closed","sticky":false,"template":"","format":"standard","meta":{"_yoast_wpseo_title":"Eminem slav\u00ed nov\u00fd p\u0159\u00edr\u016fstek do rodiny. Fanou\u0161ci jsou za n\u011bj \u0161\u0165astn\u00ed","_yoast_wpseo_metadesc":"Eminemova dcera Hailie porodila kr\u00e1sn\u00e9ho chlapce. Z legend\u00e1rn\u00edho, a p\u0159edev\u0161\u00edm drsn\u00e9ho rappera se tak z\u00e1hy stal novope\u010den\u00fd d\u011bde\u010dek.","footnotes":""},"categories":[7],"tags":[183,182,185,99,184,28],"class_list":["post-346","post","type-post","status-publish","format-standard","has-post-thumbnail","hentry","category-aktuality","tag-dcera-eminema","tag-eminem","tag-rapper","tag-rodina","tag-vnucka-eminema","tag-zahranicni-celebrity"],"yoast_head":"<!-- This site is optimized with the Yoast SEO plugin v27.5 - https:\/\/yoast.com\/product\/yoast-seo-wordpress\/ -->\n<title>Eminem slav\u00ed nov\u00fd p\u0159\u00edr\u016fstek do rodiny. Fanou\u0161ci jsou za n\u011bj \u0161\u0165astn\u00ed<\/title>\n<meta name=\"description\" content=\"Eminemova dcera Hailie porodila kr\u00e1sn\u00e9ho chlapce. Z legend\u00e1rn\u00edho, a p\u0159edev\u0161\u00edm drsn\u00e9ho rappera se tak z\u00e1hy stal novope\u010den\u00fd d\u011bde\u010dek.\" \/>\n<meta name=\"robots\" content=\"index, follow, max-snippet:-1, max-image-preview:large, max-video-preview:-1\" \/>\n<link rel=\"canonical\" href=\"https:\/\/www.karaoketexty.cz\/magazin\/eminem-je-dedecek-video-ke-dni-matek-dcera\/\" \/>\n<meta property=\"og:locale\" content=\"cs_CZ\" \/>\n<meta property=\"og:type\" content=\"article\" \/>\n<meta property=\"og:title\" content=\"Radostn\u00e1 zpr\u00e1va v \u017eivot\u011b Eminema: Slavn\u00fd rapper oslavuje nov\u00fd p\u0159\u00edr\u016fstek do rodiny. Jde o jeden z nejv\u00fdznamn\u011bj\u0161\u00edch moment\u016f jeho \u017eivota\" \/>\n<meta property=\"og:description\" content=\"Eminemova dcera Hailie porodila kr\u00e1sn\u00e9ho chlapce. Z legend\u00e1rn\u00edho, a p\u0159edev\u0161\u00edm drsn\u00e9ho rappera se tak z\u00e1hy stal novope\u010den\u00fd d\u011bde\u010dek.\" \/>\n<meta property=\"og:url\" content=\"https:\/\/www.karaoketexty.cz\/magazin\/eminem-je-dedecek-video-ke-dni-matek-dcera\/\" \/>\n<meta property=\"og:site_name\" content=\"Stars Magaz\u00edn Karaoketexty.cz\" \/>\n<meta property=\"article:published_time\" content=\"2025-06-14T06:21:00+00:00\" \/>\n<meta property=\"og:image\" content=\"https:\/\/www.karaoketexty.cz\/magazin\/wp-content\/uploads\/2025\/05\/eminem.avif\" \/>\n\t<meta property=\"og:image:width\" content=\"1200\" \/>\n\t<meta property=\"og:image:height\" content=\"630\" \/>\n\t<meta property=\"og:image:type\" content=\"image\/jpeg\" \/>\n<meta name=\"author\" content=\"Franti\u0161ek Zahradn\u00ed\u010dek\" \/>\n<meta name=\"twitter:card\" content=\"summary_large_image\" \/>\n<meta name=\"twitter:label1\" content=\"Napsal(a)\" \/>\n\t<meta name=\"twitter:data1\" content=\"Franti\u0161ek Zahradn\u00ed\u010dek\" \/>\n\t<meta name=\"twitter:label2\" content=\"Odhadovan\u00e1 doba \u010dten\u00ed\" \/>\n\t<meta name=\"twitter:data2\" content=\"3 minuty\" \/>\n<script type=\"application\/ld+json\" class=\"yoast-schema-graph\">{\"@context\":\"https:\\\/\\\/schema.org\",\"@graph\":[{\"@type\":\"Article\",\"@id\":\"https:\\\/\\\/www.karaoketexty.cz\\\/magazin\\\/eminem-je-dedecek-video-ke-dni-matek-dcera\\\/#article\",\"isPartOf\":{\"@id\":\"https:\\\/\\\/www.karaoketexty.cz\\\/magazin\\\/eminem-je-dedecek-video-ke-dni-matek-dcera\\\/\"},\"author\":{\"name\":\"Franti\u0161ek Zahradn\u00ed\u010dek\",\"@id\":\"https:\\\/\\\/www.karaoketexty.cz\\\/magazin\\\/#\\\/schema\\\/person\\\/69d871cedc122c98723e0f5e1f73fa16\"},\"headline\":\"Eminem oslavuje nov\u00fd p\u0159\u00edr\u016fstek do rodiny. D\u00edky sv\u00e9 biologick\u00e9 dce\u0159i se stal d\u011bde\u010dkem\",\"datePublished\":\"2025-06-14T06:21:00+00:00\",\"mainEntityOfPage\":{\"@id\":\"https:\\\/\\\/www.karaoketexty.cz\\\/magazin\\\/eminem-je-dedecek-video-ke-dni-matek-dcera\\\/\"},\"wordCount\":517,\"commentCount\":0,\"image\":{\"@id\":\"https:\\\/\\\/www.karaoketexty.cz\\\/magazin\\\/eminem-je-dedecek-video-ke-dni-matek-dcera\\\/#primaryimage\"},\"thumbnailUrl\":\"https:\\\/\\\/www.karaoketexty.cz\\\/magazin\\\/wp-content\\\/uploads\\\/2025\\\/05\\\/eminem.avif\",\"keywords\":[\"Dcera Eminema\",\"Eminem\",\"Rapper\",\"Rodina\",\"Vnu\u010dka Eminema\",\"Zahrani\u010dn\u00ed celebrity\"],\"articleSection\":[\"Aktuality\"],\"inLanguage\":\"cs\",\"potentialAction\":[{\"@type\":\"CommentAction\",\"name\":\"Comment\",\"target\":[\"https:\\\/\\\/www.karaoketexty.cz\\\/magazin\\\/eminem-je-dedecek-video-ke-dni-matek-dcera\\\/#respond\"]}]},{\"@type\":\"WebPage\",\"@id\":\"https:\\\/\\\/www.karaoketexty.cz\\\/magazin\\\/eminem-je-dedecek-video-ke-dni-matek-dcera\\\/\",\"url\":\"https:\\\/\\\/www.karaoketexty.cz\\\/magazin\\\/eminem-je-dedecek-video-ke-dni-matek-dcera\\\/\",\"name\":\"Eminem slav\u00ed nov\u00fd p\u0159\u00edr\u016fstek do rodiny. Fanou\u0161ci jsou za n\u011bj \u0161\u0165astn\u00ed\",\"isPartOf\":{\"@id\":\"https:\\\/\\\/www.karaoketexty.cz\\\/magazin\\\/#website\"},\"primaryImageOfPage\":{\"@id\":\"https:\\\/\\\/www.karaoketexty.cz\\\/magazin\\\/eminem-je-dedecek-video-ke-dni-matek-dcera\\\/#primaryimage\"},\"image\":{\"@id\":\"https:\\\/\\\/www.karaoketexty.cz\\\/magazin\\\/eminem-je-dedecek-video-ke-dni-matek-dcera\\\/#primaryimage\"},\"thumbnailUrl\":\"https:\\\/\\\/www.karaoketexty.cz\\\/magazin\\\/wp-content\\\/uploads\\\/2025\\\/05\\\/eminem.avif\",\"datePublished\":\"2025-06-14T06:21:00+00:00\",\"author\":{\"@id\":\"https:\\\/\\\/www.karaoketexty.cz\\\/magazin\\\/#\\\/schema\\\/person\\\/69d871cedc122c98723e0f5e1f73fa16\"},\"description\":\"Eminemova dcera Hailie porodila kr\u00e1sn\u00e9ho chlapce. Z legend\u00e1rn\u00edho, a p\u0159edev\u0161\u00edm drsn\u00e9ho rappera se tak z\u00e1hy stal novope\u010den\u00fd d\u011bde\u010dek.\",\"breadcrumb\":{\"@id\":\"https:\\\/\\\/www.karaoketexty.cz\\\/magazin\\\/eminem-je-dedecek-video-ke-dni-matek-dcera\\\/#breadcrumb\"},\"inLanguage\":\"cs\",\"potentialAction\":[{\"@type\":\"ReadAction\",\"target\":[\"https:\\\/\\\/www.karaoketexty.cz\\\/magazin\\\/eminem-je-dedecek-video-ke-dni-matek-dcera\\\/\"]}]},{\"@type\":\"ImageObject\",\"inLanguage\":\"cs\",\"@id\":\"https:\\\/\\\/www.karaoketexty.cz\\\/magazin\\\/eminem-je-dedecek-video-ke-dni-matek-dcera\\\/#primaryimage\",\"url\":\"https:\\\/\\\/www.karaoketexty.cz\\\/magazin\\\/wp-content\\\/uploads\\\/2025\\\/05\\\/eminem.avif\",\"contentUrl\":\"https:\\\/\\\/www.karaoketexty.cz\\\/magazin\\\/wp-content\\\/uploads\\\/2025\\\/05\\\/eminem.avif\",\"width\":1200,\"height\":630,\"caption\":\"Foto: DoD News Features \\\/ Creative Commons \\\/ CC BY, Eminem na koncert\u011b ve Washingtonu v roce 2014\"},{\"@type\":\"BreadcrumbList\",\"@id\":\"https:\\\/\\\/www.karaoketexty.cz\\\/magazin\\\/eminem-je-dedecek-video-ke-dni-matek-dcera\\\/#breadcrumb\",\"itemListElement\":[{\"@type\":\"ListItem\",\"position\":1,\"name\":\"Dom\u016f\",\"item\":\"https:\\\/\\\/www.karaoketexty.cz\\\/magazin\\\/\"},{\"@type\":\"ListItem\",\"position\":2,\"name\":\"Eminem oslavuje nov\u00fd p\u0159\u00edr\u016fstek do rodiny. D\u00edky sv\u00e9 biologick\u00e9 dce\u0159i se stal d\u011bde\u010dkem\"}]},{\"@type\":\"WebSite\",\"@id\":\"https:\\\/\\\/www.karaoketexty.cz\\\/magazin\\\/#website\",\"url\":\"https:\\\/\\\/www.karaoketexty.cz\\\/magazin\\\/\",\"name\":\"Stars Magaz\u00edn Karaoketexty.cz\",\"description\":\"Stars Magaz\u00edn na Karaoketexty.cz je zam\u011b\u0159en\u00fd na novinky ze sv\u011bta hudby a celebrit. Obsahuje \u010dl\u00e1nky o zp\u011bv\u00e1c\u00edch, kapel\u00e1ch, nov\u00fdch albech, hudebn\u00edch trendech a dal\u0161\u00edch zaj\u00edmavostech z hudebn\u00edho pr\u016fmyslu.\",\"potentialAction\":[{\"@type\":\"SearchAction\",\"target\":{\"@type\":\"EntryPoint\",\"urlTemplate\":\"https:\\\/\\\/www.karaoketexty.cz\\\/magazin\\\/?s={search_term_string}\"},\"query-input\":{\"@type\":\"PropertyValueSpecification\",\"valueRequired\":true,\"valueName\":\"search_term_string\"}}],\"inLanguage\":\"cs\"},{\"@type\":\"Person\",\"@id\":\"https:\\\/\\\/www.karaoketexty.cz\\\/magazin\\\/#\\\/schema\\\/person\\\/69d871cedc122c98723e0f5e1f73fa16\",\"name\":\"Franti\u0161ek Zahradn\u00ed\u010dek\",\"image\":{\"@type\":\"ImageObject\",\"inLanguage\":\"cs\",\"@id\":\"https:\\\/\\\/secure.gravatar.com\\\/avatar\\\/fcc548a9ddc6294d2945bd8730d73ac130db3d13dfd96d644aa093d54c1917b6?s=96&d=mm&r=g\",\"url\":\"https:\\\/\\\/secure.gravatar.com\\\/avatar\\\/fcc548a9ddc6294d2945bd8730d73ac130db3d13dfd96d644aa093d54c1917b6?s=96&d=mm&r=g\",\"contentUrl\":\"https:\\\/\\\/secure.gravatar.com\\\/avatar\\\/fcc548a9ddc6294d2945bd8730d73ac130db3d13dfd96d644aa093d54c1917b6?s=96&d=mm&r=g\",\"caption\":\"Franti\u0161ek Zahradn\u00ed\u010dek\"},\"url\":\"https:\\\/\\\/www.karaoketexty.cz\\\/magazin\\\/author\\\/frantazahrada\\\/\"}]}<\/script>\n<!-- \/ Yoast SEO plugin. -->","yoast_head_json":{"title":"Eminem slav\u00ed nov\u00fd p\u0159\u00edr\u016fstek do rodiny. Fanou\u0161ci jsou za n\u011bj \u0161\u0165astn\u00ed","description":"Eminemova dcera Hailie porodila kr\u00e1sn\u00e9ho chlapce. Z legend\u00e1rn\u00edho, a p\u0159edev\u0161\u00edm drsn\u00e9ho rappera se tak z\u00e1hy stal novope\u010den\u00fd d\u011bde\u010dek.","robots":{"index":"index","follow":"follow","max-snippet":"max-snippet:-1","max-image-preview":"max-image-preview:large","max-video-preview":"max-video-preview:-1"},"canonical":"https:\/\/www.karaoketexty.cz\/magazin\/eminem-je-dedecek-video-ke-dni-matek-dcera\/","og_locale":"cs_CZ","og_type":"article","og_title":"Radostn\u00e1 zpr\u00e1va v \u017eivot\u011b Eminema: Slavn\u00fd rapper oslavuje nov\u00fd p\u0159\u00edr\u016fstek do rodiny. Jde o jeden z nejv\u00fdznamn\u011bj\u0161\u00edch moment\u016f jeho \u017eivota","og_description":"Eminemova dcera Hailie porodila kr\u00e1sn\u00e9ho chlapce. Z legend\u00e1rn\u00edho, a p\u0159edev\u0161\u00edm drsn\u00e9ho rappera se tak z\u00e1hy stal novope\u010den\u00fd d\u011bde\u010dek.","og_url":"https:\/\/www.karaoketexty.cz\/magazin\/eminem-je-dedecek-video-ke-dni-matek-dcera\/","og_site_name":"Stars Magaz\u00edn Karaoketexty.cz","article_published_time":"2025-06-14T06:21:00+00:00","og_image":[{"width":1200,"height":630,"url":"https:\/\/www.karaoketexty.cz\/magazin\/wp-content\/uploads\/2025\/05\/eminem.avif","type":"image\/jpeg"}],"author":"Franti\u0161ek Zahradn\u00ed\u010dek","twitter_card":"summary_large_image","twitter_misc":{"Napsal(a)":"Franti\u0161ek Zahradn\u00ed\u010dek","Odhadovan\u00e1 doba \u010dten\u00ed":"3 minuty"},"schema":{"@context":"https:\/\/schema.org","@graph":[{"@type":"Article","@id":"https:\/\/www.karaoketexty.cz\/magazin\/eminem-je-dedecek-video-ke-dni-matek-dcera\/#article","isPartOf":{"@id":"https:\/\/www.karaoketexty.cz\/magazin\/eminem-je-dedecek-video-ke-dni-matek-dcera\/"},"author":{"name":"Franti\u0161ek Zahradn\u00ed\u010dek","@id":"https:\/\/www.karaoketexty.cz\/magazin\/#\/schema\/person\/69d871cedc122c98723e0f5e1f73fa16"},"headline":"Eminem oslavuje nov\u00fd p\u0159\u00edr\u016fstek do rodiny. D\u00edky sv\u00e9 biologick\u00e9 dce\u0159i se stal d\u011bde\u010dkem","datePublished":"2025-06-14T06:21:00+00:00","mainEntityOfPage":{"@id":"https:\/\/www.karaoketexty.cz\/magazin\/eminem-je-dedecek-video-ke-dni-matek-dcera\/"},"wordCount":517,"commentCount":0,"image":{"@id":"https:\/\/www.karaoketexty.cz\/magazin\/eminem-je-dedecek-video-ke-dni-matek-dcera\/#primaryimage"},"thumbnailUrl":"https:\/\/www.karaoketexty.cz\/magazin\/wp-content\/uploads\/2025\/05\/eminem.avif","keywords":["Dcera Eminema","Eminem","Rapper","Rodina","Vnu\u010dka Eminema","Zahrani\u010dn\u00ed celebrity"],"articleSection":["Aktuality"],"inLanguage":"cs","potentialAction":[{"@type":"CommentAction","name":"Comment","target":["https:\/\/www.karaoketexty.cz\/magazin\/eminem-je-dedecek-video-ke-dni-matek-dcera\/#respond"]}]},{"@type":"WebPage","@id":"https:\/\/www.karaoketexty.cz\/magazin\/eminem-je-dedecek-video-ke-dni-matek-dcera\/","url":"https:\/\/www.karaoketexty.cz\/magazin\/eminem-je-dedecek-video-ke-dni-matek-dcera\/","name":"Eminem slav\u00ed nov\u00fd p\u0159\u00edr\u016fstek do rodiny. Fanou\u0161ci jsou za n\u011bj \u0161\u0165astn\u00ed","isPartOf":{"@id":"https:\/\/www.karaoketexty.cz\/magazin\/#website"},"primaryImageOfPage":{"@id":"https:\/\/www.karaoketexty.cz\/magazin\/eminem-je-dedecek-video-ke-dni-matek-dcera\/#primaryimage"},"image":{"@id":"https:\/\/www.karaoketexty.cz\/magazin\/eminem-je-dedecek-video-ke-dni-matek-dcera\/#primaryimage"},"thumbnailUrl":"https:\/\/www.karaoketexty.cz\/magazin\/wp-content\/uploads\/2025\/05\/eminem.avif","datePublished":"2025-06-14T06:21:00+00:00","author":{"@id":"https:\/\/www.karaoketexty.cz\/magazin\/#\/schema\/person\/69d871cedc122c98723e0f5e1f73fa16"},"description":"Eminemova dcera Hailie porodila kr\u00e1sn\u00e9ho chlapce. Z legend\u00e1rn\u00edho, a p\u0159edev\u0161\u00edm drsn\u00e9ho rappera se tak z\u00e1hy stal novope\u010den\u00fd d\u011bde\u010dek.","breadcrumb":{"@id":"https:\/\/www.karaoketexty.cz\/magazin\/eminem-je-dedecek-video-ke-dni-matek-dcera\/#breadcrumb"},"inLanguage":"cs","potentialAction":[{"@type":"ReadAction","target":["https:\/\/www.karaoketexty.cz\/magazin\/eminem-je-dedecek-video-ke-dni-matek-dcera\/"]}]},{"@type":"ImageObject","inLanguage":"cs","@id":"https:\/\/www.karaoketexty.cz\/magazin\/eminem-je-dedecek-video-ke-dni-matek-dcera\/#primaryimage","url":"https:\/\/www.karaoketexty.cz\/magazin\/wp-content\/uploads\/2025\/05\/eminem.avif","contentUrl":"https:\/\/www.karaoketexty.cz\/magazin\/wp-content\/uploads\/2025\/05\/eminem.avif","width":1200,"height":630,"caption":"Foto: DoD News Features \/ Creative Commons \/ CC BY, Eminem na koncert\u011b ve Washingtonu v roce 2014"},{"@type":"BreadcrumbList","@id":"https:\/\/www.karaoketexty.cz\/magazin\/eminem-je-dedecek-video-ke-dni-matek-dcera\/#breadcrumb","itemListElement":[{"@type":"ListItem","position":1,"name":"Dom\u016f","item":"https:\/\/www.karaoketexty.cz\/magazin\/"},{"@type":"ListItem","position":2,"name":"Eminem oslavuje nov\u00fd p\u0159\u00edr\u016fstek do rodiny. D\u00edky sv\u00e9 biologick\u00e9 dce\u0159i se stal d\u011bde\u010dkem"}]},{"@type":"WebSite","@id":"https:\/\/www.karaoketexty.cz\/magazin\/#website","url":"https:\/\/www.karaoketexty.cz\/magazin\/","name":"Stars Magaz\u00edn Karaoketexty.cz","description":"Stars Magaz\u00edn na Karaoketexty.cz je zam\u011b\u0159en\u00fd na novinky ze sv\u011bta hudby a celebrit. Obsahuje \u010dl\u00e1nky o zp\u011bv\u00e1c\u00edch, kapel\u00e1ch, nov\u00fdch albech, hudebn\u00edch trendech a dal\u0161\u00edch zaj\u00edmavostech z hudebn\u00edho pr\u016fmyslu.","potentialAction":[{"@type":"SearchAction","target":{"@type":"EntryPoint","urlTemplate":"https:\/\/www.karaoketexty.cz\/magazin\/?s={search_term_string}"},"query-input":{"@type":"PropertyValueSpecification","valueRequired":true,"valueName":"search_term_string"}}],"inLanguage":"cs"},{"@type":"Person","@id":"https:\/\/www.karaoketexty.cz\/magazin\/#\/schema\/person\/69d871cedc122c98723e0f5e1f73fa16","name":"Franti\u0161ek Zahradn\u00ed\u010dek","image":{"@type":"ImageObject","inLanguage":"cs","@id":"https:\/\/secure.gravatar.com\/avatar\/fcc548a9ddc6294d2945bd8730d73ac130db3d13dfd96d644aa093d54c1917b6?s=96&d=mm&r=g","url":"https:\/\/secure.gravatar.com\/avatar\/fcc548a9ddc6294d2945bd8730d73ac130db3d13dfd96d644aa093d54c1917b6?s=96&d=mm&r=g","contentUrl":"https:\/\/secure.gravatar.com\/avatar\/fcc548a9ddc6294d2945bd8730d73ac130db3d13dfd96d644aa093d54c1917b6?s=96&d=mm&r=g","caption":"Franti\u0161ek Zahradn\u00ed\u010dek"},"url":"https:\/\/www.karaoketexty.cz\/magazin\/author\/frantazahrada\/"}]}},"_links":{"self":[{"href":"https:\/\/www.karaoketexty.cz\/magazin\/wp-json\/wp\/v2\/posts\/346","targetHints":{"allow":["GET"]}}],"collection":[{"href":"https:\/\/www.karaoketexty.cz\/magazin\/wp-json\/wp\/v2\/posts"}],"about":[{"href":"https:\/\/www.karaoketexty.cz\/magazin\/wp-json\/wp\/v2\/types\/post"}],"author":[{"embeddable":true,"href":"https:\/\/www.karaoketexty.cz\/magazin\/wp-json\/wp\/v2\/users\/6"}],"replies":[{"embeddable":true,"href":"https:\/\/www.karaoketexty.cz\/magazin\/wp-json\/wp\/v2\/comments?post=346"}],"version-history":[{"count":8,"href":"https:\/\/www.karaoketexty.cz\/magazin\/wp-json\/wp\/v2\/posts\/346\/revisions"}],"predecessor-version":[{"id":1018,"href":"https:\/\/www.karaoketexty.cz\/magazin\/wp-json\/wp\/v2\/posts\/346\/revisions\/1018"}],"wp:featuredmedia":[{"embeddable":true,"href":"https:\/\/www.karaoketexty.cz\/magazin\/wp-json\/wp\/v2\/media\/1010"}],"wp:attachment":[{"href":"https:\/\/www.karaoketexty.cz\/magazin\/wp-json\/wp\/v2\/media?parent=346"}],"wp:term":[{"taxonomy":"category","embeddable":true,"href":"https:\/\/www.karaoketexty.cz\/magazin\/wp-json\/wp\/v2\/categories?post=346"},{"taxonomy":"post_tag","embeddable":true,"href":"https:\/\/www.karaoketexty.cz\/magazin\/wp-json\/wp\/v2\/tags?post=346"}],"curies":[{"name":"wp","href":"https:\/\/api.w.org\/{rel}","templated":true}]}}