{"id":316,"date":"2025-06-06T11:42:00","date_gmt":"2025-06-06T09:42:00","guid":{"rendered":"https:\/\/www.karaoketexty.cz\/magazin\/?p=316"},"modified":"2025-06-09T13:27:26","modified_gmt":"2025-06-09T11:27:26","slug":"guns-n-roses-se-vraceji-do-cr-koncert-hradec-kralove","status":"publish","type":"post","link":"https:\/\/www.karaoketexty.cz\/magazin\/guns-n-roses-se-vraceji-do-cr-koncert-hradec-kralove\/","title":{"rendered":"Guns N\u2019 Roses\u00a0se vracej\u00ed do \u010ceska. Odhalili ji\u017e i datum a m\u011bsto, kde se velk\u00fd koncert odehraje"},"content":{"rendered":"\n<p><strong>Rockov\u00e1 kapela\u00a0Guns N\u2019 Roses\u00a0se vrac\u00ed do \u010cesk\u00e9 republiky a zahraje v r\u00e1mci Rock for People v Hradci kr\u00e1lov\u00e9. Naposledy se v tuzemsku objevila v roce 2022.\u00a0<\/strong><\/p>\n\n\n\n<p>P\u0159ich\u00e1z\u00ed naprosto z\u00e1sadn\u00ed ud\u00e1lost leto\u0161n\u00edho roku pro fanou\u0161ky po\u0159\u00e1dn\u00e9 muziky.\u00a0Rockov\u00e1\u00a0kapela\u00a0Guns N\u2019 Roses\u00a0se\u00a0toti\u017e\u00a0op\u011bt chyst\u00e1\u00a0rozt\u0159\u00e1st p\u016fdu\u00a0\u010cesk\u00e9 republiky, a to konkr\u00e9tn\u011b v Hradci Kr\u00e1lov\u00e9. Tam toti\u017e podle zji\u0161t\u011bn\u00ed Karaoketexty.cz pl\u00e1nuje vystoupit v r\u00e1mci sv\u00e9ho\u00a0celosv\u011btov\u00e9ho turn\u00e9\u00a0b\u011bhem n\u00e1sleduj\u00edc\u00edho m\u011bs\u00edce. Koncert nav\u00e1\u017ee na festival Rock for People a t\u011b\u0161it se m\u016f\u017eete na klasiky, kter\u00e9 zahraje rovnou pod \u0161ir\u00fdm nebem.\u00a0<\/p>\n\n\n\n<h2 class=\"wp-block-heading\">Guns N\u2019 Roses\u00a0se vracej\u00ed do\u00a0\u010cech\u00a0<\/h2>\n\n\n\n<p>Fanou\u0161ci rockov\u00e9 muziky se mohou t\u011b\u0161it na n\u00e1vrat legend\u00e1rn\u00ed kapely\u00a0Guns N\u2019 Roses\u00a0do \u010cesk\u00e9 republiky. Vystoup\u00ed ji\u017e p\u0159\u00ed\u0161t\u00ed m\u011bs\u00edc,\u00a0v ned\u011bli 15. \u010dervna 2025 v Parku 360\u00a0(Hradec Kr\u00e1lov\u00e9) a chystaj\u00ed\u00a0jak\u00a0plnohodnotnou produkci, tak i\u00a0sv\u011btelnou show.\u00a0Vstupenky na ud\u00e1lost jsou st\u00e1le v prodeji a o\u010dek\u00e1v\u00e1 se, \u017ee p\u016fjde o jeden z jejich nejv\u011bt\u0161\u00edch letn\u00edch koncert\u016f. Maj\u00ed toti\u017e dle webu Consequence v pl\u00e1nu vystoupit p\u0159\u00edmo pod \u0161ir\u00fdm nebem.\u00a0<\/p>\n\n\n\n<p>Zejm\u00e9na pro poslucha\u010de\u00a0tvrd\u0161\u00ed muziky\u00a0jde tedy\u00a0o naprosto z\u00e1sadn\u00ed ud\u00e1lost roku.\u00a0Kapela, kter\u00e1 zm\u011bnila d\u011bjiny rockov\u00e9 hudby a zapsala se do srdc\u00ed milion\u016f fanou\u0161k\u016f\u00a0po cel\u00e9m sv\u011bt\u011b, naposledy v\u00a0\u010cesk\u00e9 republice\u00a0vystoupila v roce 2022. Tehdy\u00a0p\u0159edvedli v Praze t\u0159\u00edhodinovou show plnou energie, hit\u016f a nostalgie.\u00a0I nyn\u00ed se v\u0161ak m\u016f\u017eete t\u011b\u0161it na jejich klasiky, jako jsou nap\u0159\u00edklad \u201eSweet Child O\u2019 Mine\u201c,\u00a0\u201eWelcome to the Jungle\u201c\u00a0nebo\u00a0\u201eNovember Rain\u201c.<\/p>\n\n\n\n<figure class=\"wp-block-embed is-type-video is-provider-youtube wp-block-embed-youtube wp-embed-aspect-16-9 wp-has-aspect-ratio\"><div class=\"wp-block-embed__wrapper\">\n<iframe title=\"Guns N&#039; roses welcome to the jungle live in incheon korea 2025\" width=\"500\" height=\"281\" src=\"https:\/\/www.youtube.com\/embed\/D1j1MXuvc0M?feature=oembed\" frameborder=\"0\" allow=\"accelerometer; autoplay; clipboard-write; encrypted-media; gyroscope; picture-in-picture; web-share\" referrerpolicy=\"strict-origin-when-cross-origin\" allowfullscreen><\/iframe>\n<\/div><\/figure>\n\n\n\n<p><em>\u201eJe to jedna z nejv\u011bt\u0161\u00edch kapel v\u0161ech dob. Kdy\u017e hraj\u00ed Guns N\u2019 Roses, v\u00ed\u0161, \u017ee to bude velk\u00fd z\u00e1\u017eitek. Pro Hradec je to obrovsk\u00e1 ud\u00e1lost,<\/em>\u201c\u00a0uvedl jeden z po\u0159adatel\u016f.\u00a0B\u00fdval\u00fd leti\u0161tn\u00ed are\u00e1l\u00a0Park\u00a0360\u00a0v Hradci Kr\u00e1lov\u00e9\u00a0p\u0159itom ji\u017e d\u0159\u00edve hostil velk\u00e9 ud\u00e1losti, v\u010detn\u011b nap\u0159\u00edklad festivalu\u00a0Rock for People. Jedn\u00e1 se o\u00a0ide\u00e1ln\u00ed\u00a0m\u00edsto\u00a0pro velkolep\u00e9 koncerty\u00a0a fanou\u0161ci se tak mohou t\u011b\u0161it na jedine\u010dn\u00fd z\u00e1\u017eitek.<\/p>\n\n\n\n<p>A pr\u00e1v\u011b na leto\u0161n\u00ed jubilejn\u00ed 30. ro\u010dn\u00edk Rock for People bude tento koncert navazovat. \u201e<em>Leto\u0161n\u00ed festival bude tak trochu p\u011btidenn\u00ed, k t\u00e9to legend\u011b se na ned\u011bli p\u0159idaj\u00ed i dal\u0161\u00ed kapely. N\u00e1\u0161 aktu\u00e1ln\u00ed lineup je sen ka\u017ed\u00e9ho po\u0159adatele a j\u00e1 jsem si opravdu nemohl p\u0159\u00e1t v\u00edc,<\/em>\u201c uvedl pro IDnes zakladatel festivalu Michal Thomes.<\/p>\n\n\n\n<p>Zdroje: Autorsk\u00fd text, <a href=\"https:\/\/www.gunsnroses.com\/tour\" target=\"_blank\" rel=\"noreferrer noopener nofollow\">Guns N Roses<\/a>, <a href=\"https:\/\/consequence.net\/2024\/12\/guns-n-roses-2025-international-tour\/\" target=\"_blank\" rel=\"noreferrer noopener nofollow\">Consequence<\/a>, <a href=\"https:\/\/www.idnes.cz\/hradec-kralove\/zpravy\/koncert-guns-n-roses-hradec-rock-for-people-festival.A241209_103534_hradec-zpravy_pos\" target=\"_blank\" rel=\"noreferrer noopener nofollow\">IDnes<\/a><\/p>\n","protected":false},"excerpt":{"rendered":"<p>Rockov\u00e1 kapela\u00a0Guns N\u2019 Roses\u00a0se vrac\u00ed do \u010cesk\u00e9 republiky a zahraje v r\u00e1mci Rock for People v Hradci kr\u00e1lov\u00e9. Naposledy se v tuzemsku objevila v roce 2022.<\/p>\n","protected":false},"author":6,"featured_media":327,"comment_status":"open","ping_status":"closed","sticky":false,"template":"","format":"standard","meta":{"_yoast_wpseo_title":"Guns N\u2019 Roses\u00a0se vracej\u00ed do \u010ceska. Vystoup\u00ed v tomto m\u011bst\u011b","_yoast_wpseo_metadesc":"Kapela Guns N\u2019 Roses\u00a0op\u011bt m\u00ed\u0159\u00ed do \u010cech, a to v r\u00e1mci sv\u00e9ho letn\u00edho turn\u00e9. Letos vystoup\u00ed pod \u0161ir\u00fdm nebem v Hradci Kr\u00e1lov\u00e9.","footnotes":""},"categories":[7],"tags":[156,159,158,157,160,28],"class_list":["post-316","post","type-post","status-publish","format-standard","has-post-thumbnail","hentry","category-aktuality","tag-guns-n-roses","tag-guns-n-roses-v-cechach","tag-hradec-kralove","tag-koncert-guns-n-roses","tag-rock-for-people","tag-zahranicni-celebrity"],"yoast_head":"<!-- This site is optimized with the Yoast SEO plugin v27.5 - https:\/\/yoast.com\/product\/yoast-seo-wordpress\/ -->\n<title>Guns N\u2019 Roses\u00a0se vracej\u00ed do \u010ceska. Vystoup\u00ed v tomto m\u011bst\u011b<\/title>\n<meta name=\"description\" content=\"Kapela Guns N\u2019 Roses\u00a0op\u011bt m\u00ed\u0159\u00ed do \u010cech, a to v r\u00e1mci sv\u00e9ho letn\u00edho turn\u00e9. Letos vystoup\u00ed pod \u0161ir\u00fdm nebem v Hradci Kr\u00e1lov\u00e9.\" \/>\n<meta name=\"robots\" content=\"index, follow, max-snippet:-1, max-image-preview:large, max-video-preview:-1\" \/>\n<link rel=\"canonical\" href=\"https:\/\/www.karaoketexty.cz\/magazin\/guns-n-roses-se-vraceji-do-cr-koncert-hradec-kralove\/\" \/>\n<meta property=\"og:locale\" content=\"cs_CZ\" \/>\n<meta property=\"og:type\" content=\"article\" \/>\n<meta property=\"og:title\" content=\"Guns N\u2019 Roses\u00a0se vracej\u00ed do \u010ceska. Ji\u017e za p\u00e1r t\u00fddn\u016f vystoup\u00ed v tomto m\u011bst\u011b. Maj\u00ed v pl\u00e1nu n\u011bco, co v\u0161em fanou\u0161k\u016fm vyt\u0159e zrak\" \/>\n<meta property=\"og:description\" content=\"Kapela Guns N\u2019 Roses\u00a0op\u011bt m\u00ed\u0159\u00ed do \u010cech, a to v r\u00e1mci sv\u00e9ho letn\u00edho turn\u00e9. Letos vystoup\u00ed pod \u0161ir\u00fdm nebem v Hradci Kr\u00e1lov\u00e9.\" \/>\n<meta property=\"og:url\" content=\"https:\/\/www.karaoketexty.cz\/magazin\/guns-n-roses-se-vraceji-do-cr-koncert-hradec-kralove\/\" \/>\n<meta property=\"og:site_name\" content=\"Stars Magaz\u00edn Karaoketexty.cz\" \/>\n<meta property=\"article:published_time\" content=\"2025-06-06T09:42:00+00:00\" \/>\n<meta property=\"article:modified_time\" content=\"2025-06-09T11:27:26+00:00\" \/>\n<meta property=\"og:image\" content=\"https:\/\/www.karaoketexty.cz\/magazin\/wp-content\/uploads\/2025\/05\/guns-n-roses-london-2017.avif\" \/>\n\t<meta property=\"og:image:width\" content=\"1200\" \/>\n\t<meta property=\"og:image:height\" content=\"648\" \/>\n\t<meta property=\"og:image:type\" content=\"image\/jpeg\" \/>\n<meta name=\"author\" content=\"Franti\u0161ek Zahradn\u00ed\u010dek\" \/>\n<meta name=\"twitter:card\" content=\"summary_large_image\" \/>\n<meta name=\"twitter:label1\" content=\"Napsal(a)\" \/>\n\t<meta name=\"twitter:data1\" content=\"Franti\u0161ek Zahradn\u00ed\u010dek\" \/>\n\t<meta name=\"twitter:label2\" content=\"Odhadovan\u00e1 doba \u010dten\u00ed\" \/>\n\t<meta name=\"twitter:data2\" content=\"3 minuty\" \/>\n<script type=\"application\/ld+json\" class=\"yoast-schema-graph\">{\"@context\":\"https:\\\/\\\/schema.org\",\"@graph\":[{\"@type\":\"Article\",\"@id\":\"https:\\\/\\\/www.karaoketexty.cz\\\/magazin\\\/guns-n-roses-se-vraceji-do-cr-koncert-hradec-kralove\\\/#article\",\"isPartOf\":{\"@id\":\"https:\\\/\\\/www.karaoketexty.cz\\\/magazin\\\/guns-n-roses-se-vraceji-do-cr-koncert-hradec-kralove\\\/\"},\"author\":{\"name\":\"Franti\u0161ek Zahradn\u00ed\u010dek\",\"@id\":\"https:\\\/\\\/www.karaoketexty.cz\\\/magazin\\\/#\\\/schema\\\/person\\\/69d871cedc122c98723e0f5e1f73fa16\"},\"headline\":\"Guns N\u2019 Roses\u00a0se vracej\u00ed do \u010ceska. Odhalili ji\u017e i datum a m\u011bsto, kde se velk\u00fd koncert odehraje\",\"datePublished\":\"2025-06-06T09:42:00+00:00\",\"dateModified\":\"2025-06-09T11:27:26+00:00\",\"mainEntityOfPage\":{\"@id\":\"https:\\\/\\\/www.karaoketexty.cz\\\/magazin\\\/guns-n-roses-se-vraceji-do-cr-koncert-hradec-kralove\\\/\"},\"wordCount\":491,\"commentCount\":0,\"image\":{\"@id\":\"https:\\\/\\\/www.karaoketexty.cz\\\/magazin\\\/guns-n-roses-se-vraceji-do-cr-koncert-hradec-kralove\\\/#primaryimage\"},\"thumbnailUrl\":\"https:\\\/\\\/www.karaoketexty.cz\\\/magazin\\\/wp-content\\\/uploads\\\/2025\\\/05\\\/guns-n-roses-london-2017.avif\",\"keywords\":[\"Guns N\u2019 Roses\",\"Guns N\u2019 Roses v \u010cech\u00e1ch\",\"Hradec Kr\u00e1lov\u00e9\",\"Koncert Guns N\u2019 Roses\",\"Rock for People\",\"Zahrani\u010dn\u00ed celebrity\"],\"articleSection\":[\"Aktuality\"],\"inLanguage\":\"cs\",\"potentialAction\":[{\"@type\":\"CommentAction\",\"name\":\"Comment\",\"target\":[\"https:\\\/\\\/www.karaoketexty.cz\\\/magazin\\\/guns-n-roses-se-vraceji-do-cr-koncert-hradec-kralove\\\/#respond\"]}]},{\"@type\":\"WebPage\",\"@id\":\"https:\\\/\\\/www.karaoketexty.cz\\\/magazin\\\/guns-n-roses-se-vraceji-do-cr-koncert-hradec-kralove\\\/\",\"url\":\"https:\\\/\\\/www.karaoketexty.cz\\\/magazin\\\/guns-n-roses-se-vraceji-do-cr-koncert-hradec-kralove\\\/\",\"name\":\"Guns N\u2019 Roses\u00a0se vracej\u00ed do \u010ceska. Vystoup\u00ed v tomto m\u011bst\u011b\",\"isPartOf\":{\"@id\":\"https:\\\/\\\/www.karaoketexty.cz\\\/magazin\\\/#website\"},\"primaryImageOfPage\":{\"@id\":\"https:\\\/\\\/www.karaoketexty.cz\\\/magazin\\\/guns-n-roses-se-vraceji-do-cr-koncert-hradec-kralove\\\/#primaryimage\"},\"image\":{\"@id\":\"https:\\\/\\\/www.karaoketexty.cz\\\/magazin\\\/guns-n-roses-se-vraceji-do-cr-koncert-hradec-kralove\\\/#primaryimage\"},\"thumbnailUrl\":\"https:\\\/\\\/www.karaoketexty.cz\\\/magazin\\\/wp-content\\\/uploads\\\/2025\\\/05\\\/guns-n-roses-london-2017.avif\",\"datePublished\":\"2025-06-06T09:42:00+00:00\",\"dateModified\":\"2025-06-09T11:27:26+00:00\",\"author\":{\"@id\":\"https:\\\/\\\/www.karaoketexty.cz\\\/magazin\\\/#\\\/schema\\\/person\\\/69d871cedc122c98723e0f5e1f73fa16\"},\"description\":\"Kapela Guns N\u2019 Roses\u00a0op\u011bt m\u00ed\u0159\u00ed do \u010cech, a to v r\u00e1mci sv\u00e9ho letn\u00edho turn\u00e9. Letos vystoup\u00ed pod \u0161ir\u00fdm nebem v Hradci Kr\u00e1lov\u00e9.\",\"breadcrumb\":{\"@id\":\"https:\\\/\\\/www.karaoketexty.cz\\\/magazin\\\/guns-n-roses-se-vraceji-do-cr-koncert-hradec-kralove\\\/#breadcrumb\"},\"inLanguage\":\"cs\",\"potentialAction\":[{\"@type\":\"ReadAction\",\"target\":[\"https:\\\/\\\/www.karaoketexty.cz\\\/magazin\\\/guns-n-roses-se-vraceji-do-cr-koncert-hradec-kralove\\\/\"]}]},{\"@type\":\"ImageObject\",\"inLanguage\":\"cs\",\"@id\":\"https:\\\/\\\/www.karaoketexty.cz\\\/magazin\\\/guns-n-roses-se-vraceji-do-cr-koncert-hradec-kralove\\\/#primaryimage\",\"url\":\"https:\\\/\\\/www.karaoketexty.cz\\\/magazin\\\/wp-content\\\/uploads\\\/2025\\\/05\\\/guns-n-roses-london-2017.avif\",\"contentUrl\":\"https:\\\/\\\/www.karaoketexty.cz\\\/magazin\\\/wp-content\\\/uploads\\\/2025\\\/05\\\/guns-n-roses-london-2017.avif\",\"width\":1200,\"height\":648,\"caption\":\"Foto: U\u017eivatel Ralph_PH \\\/ Creative Commons \\\/ CC BY, Guns N\u2019 Roses na koncert\u011b v Lond\u00fdn\u011b v roce 2017\"},{\"@type\":\"BreadcrumbList\",\"@id\":\"https:\\\/\\\/www.karaoketexty.cz\\\/magazin\\\/guns-n-roses-se-vraceji-do-cr-koncert-hradec-kralove\\\/#breadcrumb\",\"itemListElement\":[{\"@type\":\"ListItem\",\"position\":1,\"name\":\"Dom\u016f\",\"item\":\"https:\\\/\\\/www.karaoketexty.cz\\\/magazin\\\/\"},{\"@type\":\"ListItem\",\"position\":2,\"name\":\"Guns N\u2019 Roses\u00a0se vracej\u00ed do \u010ceska. Odhalili ji\u017e i datum a m\u011bsto, kde se velk\u00fd koncert odehraje\"}]},{\"@type\":\"WebSite\",\"@id\":\"https:\\\/\\\/www.karaoketexty.cz\\\/magazin\\\/#website\",\"url\":\"https:\\\/\\\/www.karaoketexty.cz\\\/magazin\\\/\",\"name\":\"Stars Magaz\u00edn Karaoketexty.cz\",\"description\":\"Stars Magaz\u00edn na Karaoketexty.cz je zam\u011b\u0159en\u00fd na novinky ze sv\u011bta hudby a celebrit. Obsahuje \u010dl\u00e1nky o zp\u011bv\u00e1c\u00edch, kapel\u00e1ch, nov\u00fdch albech, hudebn\u00edch trendech a dal\u0161\u00edch zaj\u00edmavostech z hudebn\u00edho pr\u016fmyslu.\",\"potentialAction\":[{\"@type\":\"SearchAction\",\"target\":{\"@type\":\"EntryPoint\",\"urlTemplate\":\"https:\\\/\\\/www.karaoketexty.cz\\\/magazin\\\/?s={search_term_string}\"},\"query-input\":{\"@type\":\"PropertyValueSpecification\",\"valueRequired\":true,\"valueName\":\"search_term_string\"}}],\"inLanguage\":\"cs\"},{\"@type\":\"Person\",\"@id\":\"https:\\\/\\\/www.karaoketexty.cz\\\/magazin\\\/#\\\/schema\\\/person\\\/69d871cedc122c98723e0f5e1f73fa16\",\"name\":\"Franti\u0161ek Zahradn\u00ed\u010dek\",\"image\":{\"@type\":\"ImageObject\",\"inLanguage\":\"cs\",\"@id\":\"https:\\\/\\\/secure.gravatar.com\\\/avatar\\\/fcc548a9ddc6294d2945bd8730d73ac130db3d13dfd96d644aa093d54c1917b6?s=96&d=mm&r=g\",\"url\":\"https:\\\/\\\/secure.gravatar.com\\\/avatar\\\/fcc548a9ddc6294d2945bd8730d73ac130db3d13dfd96d644aa093d54c1917b6?s=96&d=mm&r=g\",\"contentUrl\":\"https:\\\/\\\/secure.gravatar.com\\\/avatar\\\/fcc548a9ddc6294d2945bd8730d73ac130db3d13dfd96d644aa093d54c1917b6?s=96&d=mm&r=g\",\"caption\":\"Franti\u0161ek Zahradn\u00ed\u010dek\"},\"url\":\"https:\\\/\\\/www.karaoketexty.cz\\\/magazin\\\/author\\\/frantazahrada\\\/\"}]}<\/script>\n<!-- \/ Yoast SEO plugin. -->","yoast_head_json":{"title":"Guns N\u2019 Roses\u00a0se vracej\u00ed do \u010ceska. Vystoup\u00ed v tomto m\u011bst\u011b","description":"Kapela Guns N\u2019 Roses\u00a0op\u011bt m\u00ed\u0159\u00ed do \u010cech, a to v r\u00e1mci sv\u00e9ho letn\u00edho turn\u00e9. Letos vystoup\u00ed pod \u0161ir\u00fdm nebem v Hradci Kr\u00e1lov\u00e9.","robots":{"index":"index","follow":"follow","max-snippet":"max-snippet:-1","max-image-preview":"max-image-preview:large","max-video-preview":"max-video-preview:-1"},"canonical":"https:\/\/www.karaoketexty.cz\/magazin\/guns-n-roses-se-vraceji-do-cr-koncert-hradec-kralove\/","og_locale":"cs_CZ","og_type":"article","og_title":"Guns N\u2019 Roses\u00a0se vracej\u00ed do \u010ceska. Ji\u017e za p\u00e1r t\u00fddn\u016f vystoup\u00ed v tomto m\u011bst\u011b. Maj\u00ed v pl\u00e1nu n\u011bco, co v\u0161em fanou\u0161k\u016fm vyt\u0159e zrak","og_description":"Kapela Guns N\u2019 Roses\u00a0op\u011bt m\u00ed\u0159\u00ed do \u010cech, a to v r\u00e1mci sv\u00e9ho letn\u00edho turn\u00e9. Letos vystoup\u00ed pod \u0161ir\u00fdm nebem v Hradci Kr\u00e1lov\u00e9.","og_url":"https:\/\/www.karaoketexty.cz\/magazin\/guns-n-roses-se-vraceji-do-cr-koncert-hradec-kralove\/","og_site_name":"Stars Magaz\u00edn Karaoketexty.cz","article_published_time":"2025-06-06T09:42:00+00:00","article_modified_time":"2025-06-09T11:27:26+00:00","og_image":[{"width":1200,"height":648,"url":"https:\/\/www.karaoketexty.cz\/magazin\/wp-content\/uploads\/2025\/05\/guns-n-roses-london-2017.avif","type":"image\/jpeg"}],"author":"Franti\u0161ek Zahradn\u00ed\u010dek","twitter_card":"summary_large_image","twitter_misc":{"Napsal(a)":"Franti\u0161ek Zahradn\u00ed\u010dek","Odhadovan\u00e1 doba \u010dten\u00ed":"3 minuty"},"schema":{"@context":"https:\/\/schema.org","@graph":[{"@type":"Article","@id":"https:\/\/www.karaoketexty.cz\/magazin\/guns-n-roses-se-vraceji-do-cr-koncert-hradec-kralove\/#article","isPartOf":{"@id":"https:\/\/www.karaoketexty.cz\/magazin\/guns-n-roses-se-vraceji-do-cr-koncert-hradec-kralove\/"},"author":{"name":"Franti\u0161ek Zahradn\u00ed\u010dek","@id":"https:\/\/www.karaoketexty.cz\/magazin\/#\/schema\/person\/69d871cedc122c98723e0f5e1f73fa16"},"headline":"Guns N\u2019 Roses\u00a0se vracej\u00ed do \u010ceska. Odhalili ji\u017e i datum a m\u011bsto, kde se velk\u00fd koncert odehraje","datePublished":"2025-06-06T09:42:00+00:00","dateModified":"2025-06-09T11:27:26+00:00","mainEntityOfPage":{"@id":"https:\/\/www.karaoketexty.cz\/magazin\/guns-n-roses-se-vraceji-do-cr-koncert-hradec-kralove\/"},"wordCount":491,"commentCount":0,"image":{"@id":"https:\/\/www.karaoketexty.cz\/magazin\/guns-n-roses-se-vraceji-do-cr-koncert-hradec-kralove\/#primaryimage"},"thumbnailUrl":"https:\/\/www.karaoketexty.cz\/magazin\/wp-content\/uploads\/2025\/05\/guns-n-roses-london-2017.avif","keywords":["Guns N\u2019 Roses","Guns N\u2019 Roses v \u010cech\u00e1ch","Hradec Kr\u00e1lov\u00e9","Koncert Guns N\u2019 Roses","Rock for People","Zahrani\u010dn\u00ed celebrity"],"articleSection":["Aktuality"],"inLanguage":"cs","potentialAction":[{"@type":"CommentAction","name":"Comment","target":["https:\/\/www.karaoketexty.cz\/magazin\/guns-n-roses-se-vraceji-do-cr-koncert-hradec-kralove\/#respond"]}]},{"@type":"WebPage","@id":"https:\/\/www.karaoketexty.cz\/magazin\/guns-n-roses-se-vraceji-do-cr-koncert-hradec-kralove\/","url":"https:\/\/www.karaoketexty.cz\/magazin\/guns-n-roses-se-vraceji-do-cr-koncert-hradec-kralove\/","name":"Guns N\u2019 Roses\u00a0se vracej\u00ed do \u010ceska. Vystoup\u00ed v tomto m\u011bst\u011b","isPartOf":{"@id":"https:\/\/www.karaoketexty.cz\/magazin\/#website"},"primaryImageOfPage":{"@id":"https:\/\/www.karaoketexty.cz\/magazin\/guns-n-roses-se-vraceji-do-cr-koncert-hradec-kralove\/#primaryimage"},"image":{"@id":"https:\/\/www.karaoketexty.cz\/magazin\/guns-n-roses-se-vraceji-do-cr-koncert-hradec-kralove\/#primaryimage"},"thumbnailUrl":"https:\/\/www.karaoketexty.cz\/magazin\/wp-content\/uploads\/2025\/05\/guns-n-roses-london-2017.avif","datePublished":"2025-06-06T09:42:00+00:00","dateModified":"2025-06-09T11:27:26+00:00","author":{"@id":"https:\/\/www.karaoketexty.cz\/magazin\/#\/schema\/person\/69d871cedc122c98723e0f5e1f73fa16"},"description":"Kapela Guns N\u2019 Roses\u00a0op\u011bt m\u00ed\u0159\u00ed do \u010cech, a to v r\u00e1mci sv\u00e9ho letn\u00edho turn\u00e9. Letos vystoup\u00ed pod \u0161ir\u00fdm nebem v Hradci Kr\u00e1lov\u00e9.","breadcrumb":{"@id":"https:\/\/www.karaoketexty.cz\/magazin\/guns-n-roses-se-vraceji-do-cr-koncert-hradec-kralove\/#breadcrumb"},"inLanguage":"cs","potentialAction":[{"@type":"ReadAction","target":["https:\/\/www.karaoketexty.cz\/magazin\/guns-n-roses-se-vraceji-do-cr-koncert-hradec-kralove\/"]}]},{"@type":"ImageObject","inLanguage":"cs","@id":"https:\/\/www.karaoketexty.cz\/magazin\/guns-n-roses-se-vraceji-do-cr-koncert-hradec-kralove\/#primaryimage","url":"https:\/\/www.karaoketexty.cz\/magazin\/wp-content\/uploads\/2025\/05\/guns-n-roses-london-2017.avif","contentUrl":"https:\/\/www.karaoketexty.cz\/magazin\/wp-content\/uploads\/2025\/05\/guns-n-roses-london-2017.avif","width":1200,"height":648,"caption":"Foto: U\u017eivatel Ralph_PH \/ Creative Commons \/ CC BY, Guns N\u2019 Roses na koncert\u011b v Lond\u00fdn\u011b v roce 2017"},{"@type":"BreadcrumbList","@id":"https:\/\/www.karaoketexty.cz\/magazin\/guns-n-roses-se-vraceji-do-cr-koncert-hradec-kralove\/#breadcrumb","itemListElement":[{"@type":"ListItem","position":1,"name":"Dom\u016f","item":"https:\/\/www.karaoketexty.cz\/magazin\/"},{"@type":"ListItem","position":2,"name":"Guns N\u2019 Roses\u00a0se vracej\u00ed do \u010ceska. Odhalili ji\u017e i datum a m\u011bsto, kde se velk\u00fd koncert odehraje"}]},{"@type":"WebSite","@id":"https:\/\/www.karaoketexty.cz\/magazin\/#website","url":"https:\/\/www.karaoketexty.cz\/magazin\/","name":"Stars Magaz\u00edn Karaoketexty.cz","description":"Stars Magaz\u00edn na Karaoketexty.cz je zam\u011b\u0159en\u00fd na novinky ze sv\u011bta hudby a celebrit. Obsahuje \u010dl\u00e1nky o zp\u011bv\u00e1c\u00edch, kapel\u00e1ch, nov\u00fdch albech, hudebn\u00edch trendech a dal\u0161\u00edch zaj\u00edmavostech z hudebn\u00edho pr\u016fmyslu.","potentialAction":[{"@type":"SearchAction","target":{"@type":"EntryPoint","urlTemplate":"https:\/\/www.karaoketexty.cz\/magazin\/?s={search_term_string}"},"query-input":{"@type":"PropertyValueSpecification","valueRequired":true,"valueName":"search_term_string"}}],"inLanguage":"cs"},{"@type":"Person","@id":"https:\/\/www.karaoketexty.cz\/magazin\/#\/schema\/person\/69d871cedc122c98723e0f5e1f73fa16","name":"Franti\u0161ek Zahradn\u00ed\u010dek","image":{"@type":"ImageObject","inLanguage":"cs","@id":"https:\/\/secure.gravatar.com\/avatar\/fcc548a9ddc6294d2945bd8730d73ac130db3d13dfd96d644aa093d54c1917b6?s=96&d=mm&r=g","url":"https:\/\/secure.gravatar.com\/avatar\/fcc548a9ddc6294d2945bd8730d73ac130db3d13dfd96d644aa093d54c1917b6?s=96&d=mm&r=g","contentUrl":"https:\/\/secure.gravatar.com\/avatar\/fcc548a9ddc6294d2945bd8730d73ac130db3d13dfd96d644aa093d54c1917b6?s=96&d=mm&r=g","caption":"Franti\u0161ek Zahradn\u00ed\u010dek"},"url":"https:\/\/www.karaoketexty.cz\/magazin\/author\/frantazahrada\/"}]}},"_links":{"self":[{"href":"https:\/\/www.karaoketexty.cz\/magazin\/wp-json\/wp\/v2\/posts\/316","targetHints":{"allow":["GET"]}}],"collection":[{"href":"https:\/\/www.karaoketexty.cz\/magazin\/wp-json\/wp\/v2\/posts"}],"about":[{"href":"https:\/\/www.karaoketexty.cz\/magazin\/wp-json\/wp\/v2\/types\/post"}],"author":[{"embeddable":true,"href":"https:\/\/www.karaoketexty.cz\/magazin\/wp-json\/wp\/v2\/users\/6"}],"replies":[{"embeddable":true,"href":"https:\/\/www.karaoketexty.cz\/magazin\/wp-json\/wp\/v2\/comments?post=316"}],"version-history":[{"count":8,"href":"https:\/\/www.karaoketexty.cz\/magazin\/wp-json\/wp\/v2\/posts\/316\/revisions"}],"predecessor-version":[{"id":727,"href":"https:\/\/www.karaoketexty.cz\/magazin\/wp-json\/wp\/v2\/posts\/316\/revisions\/727"}],"wp:featuredmedia":[{"embeddable":true,"href":"https:\/\/www.karaoketexty.cz\/magazin\/wp-json\/wp\/v2\/media\/327"}],"wp:attachment":[{"href":"https:\/\/www.karaoketexty.cz\/magazin\/wp-json\/wp\/v2\/media?parent=316"}],"wp:term":[{"taxonomy":"category","embeddable":true,"href":"https:\/\/www.karaoketexty.cz\/magazin\/wp-json\/wp\/v2\/categories?post=316"},{"taxonomy":"post_tag","embeddable":true,"href":"https:\/\/www.karaoketexty.cz\/magazin\/wp-json\/wp\/v2\/tags?post=316"}],"curies":[{"name":"wp","href":"https:\/\/api.w.org\/{rel}","templated":true}]}}