{"id":2615,"date":"2025-09-12T05:00:00","date_gmt":"2025-09-12T03:00:00","guid":{"rendered":"https:\/\/www.karaoketexty.cz\/magazin\/?p=2615"},"modified":"2025-10-02T09:54:32","modified_gmt":"2025-10-02T07:54:32","slug":"victoria-beckham-dcera","status":"publish","type":"post","link":"https:\/\/www.karaoketexty.cz\/magazin\/victoria-beckham-dcera\/","title":{"rendered":"Victoria Beckham m\u00e1 klon! Dcera Harper vypad\u00e1 jako jej\u00ed mlad\u0161\u00ed verze"},"content":{"rendered":"\n<p><strong>Victoria Beckham ned\u00e1vno sd\u00edlela fotografie ze spole\u010dn\u00e9 rodinn\u00e9 dovolen\u00e9. Jej\u00ed dcera Harper vypad\u00e1 sp\u00ed\u0161e jako jej\u00ed mlad\u0161\u00ed sestra.<\/strong><\/p>\n\n\n\n<p>Rodina Beckhamov\u00fdch pat\u0159\u00ed mezi nejzn\u00e1m\u011bj\u0161\u00ed a nejsledovan\u011bj\u0161\u00ed rodiny na sv\u011bt\u011b. Nen\u00ed tak \u017e\u00e1dn\u00fdm p\u0159ekvapen\u00edm, \u017ee jejich fanou\u0161k\u016fm \u010dastokr\u00e1t neunikne ani nejmen\u0161\u00ed detail. Beckhamovi str\u00e1vili \u010d\u00e1st l\u00e9ta na luxusn\u00ed dovolen\u00e9 a fanou\u0161ci si v\u0161imli jednoho z\u00e1sadn\u00edho detailu \u2013 Harper Beckham je \u010d\u00edm d\u00e1l v\u011bt\u0161\u00ed kopi\u00ed sv\u00e9 maminky, m\u00f3dn\u00ed n\u00e1vrh\u00e1\u0159ky a b\u00fdval\u00e9 \u010dlenky Spice Girls Victorie Beckham.<\/p>\n\n\n<!-- karaoketexty.cz \/ rectangle2 -->\n<div id=\"PX_37086_709110796310826\"><\/div>\n<script>\n   if(!useMobileAds && !boolUseSeznamAds && !hideAllAds){\n     window.px2 = window.px2 || { conf: {},queue: [] };\n     px2.queue.push(function () {\n        px2.render({\n           slot: {\n              id: 37086\n           },\n            elem: \"PX_37086_709110796310826\"\n        })\n     });\n  }\n<\/script>\n\n<!-- karaoketexty.cz \/ mobile-rectangle3 -->\n<div id=\"PX_37044_714599773297004\"><\/div>\n<script>\n   if(useMobileAds && !boolUseSeznamAds && !hideAllAds){\nwindow.px2 = window.px2 || { conf: {},queue: [] };\npx2.queue.push(function () {\n\tpx2.render({\n\t\tslot: {\n\t\t\tid: 37044\n\t\t},\n\t\telem: \"PX_37044_714599773297004\"\n\t})\n});\n}\n<\/script>\n\n\n<h2 class=\"wp-block-heading\">Harper je cel\u00e1 maminka<\/h2>\n\n\n\n<p>Rodina Beckhamov\u00fdch str\u00e1vila ned\u00e1vno spole\u010dn\u00fd \u010das na dovolen\u00e9, ze kter\u00e9 se Victoria pochlubila hned n\u011bkolika fotografiemi na Instagramu. Na jedn\u00e9 z nich byla po boku slavn\u00e9 zp\u011bva\u010dky i dcera Harper, a to ve stejn\u00e9 b\u00edl\u00e9 mikin\u011b s n\u00e1pisem Seven. Sedmi\u010dka je p\u0159itom pro rodinu Beckhamov\u00fdch symbolick\u00e1 \u2013 slavn\u00fd fotbalista David Beckham toto \u010d\u00edslo toti\u017e nosil b\u011bhem sv\u00e9 kari\u00e9ry na dresu.<\/p>\n\n\n\n<p>Na dal\u0161\u00ed fotografii je zase Harper po boku sv\u00e9 maminky Victorie, tentokr\u00e1t v\u0161ak v hn\u011bd\u00fdch \u0161atech. Harper je teprve \u010dtrn\u00e1ct, ale u\u017e te\u010f dor\u016fst\u00e1 svou maminku a na fotografi\u00edch, kter\u00e9 Victoria sd\u00edlela, vypad\u00e1 dosp\u011ble a jako p\u0159esn\u00e1 kopie sv\u00e9 maminky. To samoz\u0159ejm\u011b neuniklo fanou\u0161k\u016fm rodiny, kte\u0159\u00ed se o sv\u00e9 poznatky pod\u011blili v koment\u00e1\u0159\u00edch.<\/p>\n\n\n<!-- karaoketexty.cz \/ interscroller1 -->\n\n<div id=\"PX_37041_825057871452834\"><\/div>\n<script>\nif(useMobileAds && !boolUseSeznamAds && !hideAllAds){\n\twindow.px2 = window.px2 || { conf: {},queue: [] };\n\tpx2.queue.push(function () {\n\t\tpx2.render({\n\t\t\tslot: {\n\t\t\t\tid: 37041\n\t\t\t},\n\t\t\telem: \"PX_37041_825057871452834\"\n\t\t})\n\t});\n}\n<\/script>\n\n\n<p>\u201e<em>Harper vypad\u00e1 \u010d\u00edm d\u00e1l v\u00edc jako ty! \u010c\u00edm d\u00e1l kr\u00e1sn\u011bj\u0161\u00ed,<\/em>\u201c napsal jeden z komentuj\u00edc\u00edch u\u017eivatel\u016f. \u201e<em>Pro\u010d vypad\u00e1te mlad\u0161\u00ed ne\u017e Harper?,<\/em>\u201d dot\u00e1zal se dal\u0161\u00ed z komentuj\u00edc\u00edch, kter\u00fd zase \u017easl nad t\u00edm, \u017ee Victoria ve sv\u00fdch 51 letech vypad\u00e1 st\u00e1le skv\u011ble. \u201e<em>Vypad\u00e1\u0161 jako star\u0161\u00ed sestra Harper<\/em>,\u201d napsala dal\u0161\u00ed komentuj\u00edc\u00ed.<\/p>\n\n\n\n<blockquote class=\"instagram-media\" data-instgrm-captioned data-instgrm-permalink=\"https:\/\/www.instagram.com\/p\/DOEu2P3iJNZ\/?utm_source=ig_embed&amp;utm_campaign=loading\" data-instgrm-version=\"14\" style=\" background:#FFF; border:0; border-radius:3px; box-shadow:0 0 1px 0 rgba(0,0,0,0.5),0 1px 10px 0 rgba(0,0,0,0.15); margin: 1px; max-width:540px; min-width:326px; padding:0; width:99.375%; width:-webkit-calc(100% - 2px); width:calc(100% - 2px);\"><div style=\"padding:16px;\"> <a href=\"https:\/\/www.instagram.com\/p\/DOEu2P3iJNZ\/?utm_source=ig_embed&amp;utm_campaign=loading\" style=\" background:#FFFFFF; line-height:0; padding:0 0; text-align:center; text-decoration:none; width:100%;\" target=\"_blank\"> <div style=\" display: flex; flex-direction: row; align-items: center;\"> <div style=\"background-color: #F4F4F4; border-radius: 50%; flex-grow: 0; height: 40px; margin-right: 14px; width: 40px;\"><\/div> <div style=\"display: flex; flex-direction: column; flex-grow: 1; justify-content: center;\"> <div style=\" background-color: #F4F4F4; border-radius: 4px; flex-grow: 0; height: 14px; margin-bottom: 6px; width: 100px;\"><\/div> <div style=\" background-color: #F4F4F4; border-radius: 4px; flex-grow: 0; height: 14px; width: 60px;\"><\/div><\/div><\/div><div style=\"padding: 19% 0;\"><\/div> <div style=\"display:block; height:50px; margin:0 auto 12px; width:50px;\"><svg width=\"50px\" height=\"50px\" viewBox=\"0 0 60 60\" version=\"1.1\" xmlns=\"https:\/\/www.w3.org\/2000\/svg\" xmlns:xlink=\"https:\/\/www.w3.org\/1999\/xlink\"><g stroke=\"none\" stroke-width=\"1\" fill=\"none\" fill-rule=\"evenodd\"><g transform=\"translate(-511.000000, -20.000000)\" fill=\"#000000\"><g><path d=\"M556.869,30.41 C554.814,30.41 553.148,32.076 553.148,34.131 C553.148,36.186 554.814,37.852 556.869,37.852 C558.924,37.852 560.59,36.186 560.59,34.131 C560.59,32.076 558.924,30.41 556.869,30.41 M541,60.657 C535.114,60.657 530.342,55.887 530.342,50 C530.342,44.114 535.114,39.342 541,39.342 C546.887,39.342 551.658,44.114 551.658,50 C551.658,55.887 546.887,60.657 541,60.657 M541,33.886 C532.1,33.886 524.886,41.1 524.886,50 C524.886,58.899 532.1,66.113 541,66.113 C549.9,66.113 557.115,58.899 557.115,50 C557.115,41.1 549.9,33.886 541,33.886 M565.378,62.101 C565.244,65.022 564.756,66.606 564.346,67.663 C563.803,69.06 563.154,70.057 562.106,71.106 C561.058,72.155 560.06,72.803 558.662,73.347 C557.607,73.757 556.021,74.244 553.102,74.378 C549.944,74.521 548.997,74.552 541,74.552 C533.003,74.552 532.056,74.521 528.898,74.378 C525.979,74.244 524.393,73.757 523.338,73.347 C521.94,72.803 520.942,72.155 519.894,71.106 C518.846,70.057 518.197,69.06 517.654,67.663 C517.244,66.606 516.755,65.022 516.623,62.101 C516.479,58.943 516.448,57.996 516.448,50 C516.448,42.003 516.479,41.056 516.623,37.899 C516.755,34.978 517.244,33.391 517.654,32.338 C518.197,30.938 518.846,29.942 519.894,28.894 C520.942,27.846 521.94,27.196 523.338,26.654 C524.393,26.244 525.979,25.756 528.898,25.623 C532.057,25.479 533.004,25.448 541,25.448 C548.997,25.448 549.943,25.479 553.102,25.623 C556.021,25.756 557.607,26.244 558.662,26.654 C560.06,27.196 561.058,27.846 562.106,28.894 C563.154,29.942 563.803,30.938 564.346,32.338 C564.756,33.391 565.244,34.978 565.378,37.899 C565.522,41.056 565.552,42.003 565.552,50 C565.552,57.996 565.522,58.943 565.378,62.101 M570.82,37.631 C570.674,34.438 570.167,32.258 569.425,30.349 C568.659,28.377 567.633,26.702 565.965,25.035 C564.297,23.368 562.623,22.342 560.652,21.575 C558.743,20.834 556.562,20.326 553.369,20.18 C550.169,20.033 549.148,20 541,20 C532.853,20 531.831,20.033 528.631,20.18 C525.438,20.326 523.257,20.834 521.349,21.575 C519.376,22.342 517.703,23.368 516.035,25.035 C514.368,26.702 513.342,28.377 512.574,30.349 C511.834,32.258 511.326,34.438 511.181,37.631 C511.035,40.831 511,41.851 511,50 C511,58.147 511.035,59.17 511.181,62.369 C511.326,65.562 511.834,67.743 512.574,69.651 C513.342,71.625 514.368,73.296 516.035,74.965 C517.703,76.634 519.376,77.658 521.349,78.425 C523.257,79.167 525.438,79.673 528.631,79.82 C531.831,79.965 532.853,80.001 541,80.001 C549.148,80.001 550.169,79.965 553.369,79.82 C556.562,79.673 558.743,79.167 560.652,78.425 C562.623,77.658 564.297,76.634 565.965,74.965 C567.633,73.296 568.659,71.625 569.425,69.651 C570.167,67.743 570.674,65.562 570.82,62.369 C570.966,59.17 571,58.147 571,50 C571,41.851 570.966,40.831 570.82,37.631\"><\/path><\/g><\/g><\/g><\/svg><\/div><div style=\"padding-top: 8px;\"> <div style=\" color:#3897f0; font-family:Arial,sans-serif; font-size:14px; font-style:normal; font-weight:550; line-height:18px;\">Zobrazit p\u0159\u00edsp\u011bvek na Instagramu<\/div><\/div><div style=\"padding: 12.5% 0;\"><\/div> <div style=\"display: flex; flex-direction: row; margin-bottom: 14px; align-items: center;\"><div> <div style=\"background-color: #F4F4F4; border-radius: 50%; height: 12.5px; width: 12.5px; transform: translateX(0px) translateY(7px);\"><\/div> <div style=\"background-color: #F4F4F4; height: 12.5px; transform: rotate(-45deg) translateX(3px) translateY(1px); width: 12.5px; flex-grow: 0; margin-right: 14px; margin-left: 2px;\"><\/div> <div style=\"background-color: #F4F4F4; border-radius: 50%; height: 12.5px; width: 12.5px; transform: translateX(9px) translateY(-18px);\"><\/div><\/div><div style=\"margin-left: 8px;\"> <div style=\" background-color: #F4F4F4; border-radius: 50%; flex-grow: 0; height: 20px; width: 20px;\"><\/div> <div style=\" width: 0; height: 0; border-top: 2px solid transparent; border-left: 6px solid #f4f4f4; border-bottom: 2px solid transparent; transform: translateX(16px) translateY(-4px) rotate(30deg)\"><\/div><\/div><div style=\"margin-left: auto;\"> <div style=\" width: 0px; border-top: 8px solid #F4F4F4; border-right: 8px solid transparent; transform: translateY(16px);\"><\/div> <div style=\" background-color: #F4F4F4; flex-grow: 0; height: 12px; width: 16px; transform: translateY(-4px);\"><\/div> <div style=\" width: 0; height: 0; border-top: 8px solid #F4F4F4; border-left: 8px solid transparent; transform: translateY(-4px) translateX(8px);\"><\/div><\/div><\/div> <div style=\"display: flex; flex-direction: column; flex-grow: 1; justify-content: center; margin-bottom: 24px;\"> <div style=\" background-color: #F4F4F4; border-radius: 4px; flex-grow: 0; height: 14px; margin-bottom: 6px; width: 224px;\"><\/div> <div style=\" background-color: #F4F4F4; border-radius: 4px; flex-grow: 0; height: 14px; width: 144px;\"><\/div><\/div><\/a><p style=\" color:#c9c8cd; font-family:Arial,sans-serif; font-size:14px; line-height:17px; margin-bottom:0; margin-top:8px; overflow:hidden; padding:8px 0 7px; text-align:center; text-overflow:ellipsis; white-space:nowrap;\"><a href=\"https:\/\/www.instagram.com\/p\/DOEu2P3iJNZ\/?utm_source=ig_embed&amp;utm_campaign=loading\" style=\" color:#c9c8cd; font-family:Arial,sans-serif; font-size:14px; font-style:normal; font-weight:normal; line-height:17px; text-decoration:none;\" target=\"_blank\">P\u0159\u00edsp\u011bvek sd\u00edlen\u00fd Victoria Beckham (@victoriabeckham)<\/a><\/p><\/div><\/blockquote>\n<script async src=\"\/\/www.instagram.com\/embed.js\"><\/script>\n\n\n\n<h2 class=\"wp-block-heading\">Dcera je pro ni inspirac\u00ed<\/h2>\n\n\n\n<p>Victoria se v ned\u00e1vn\u00e9m rozhovoru rozmluvila o tom, co pro ni jej\u00ed dcera znamen\u00e1, a z\u00e1rove\u0148 p\u0159iznala, \u017ee je j\u00ed velkou inspirac\u00ed. Mo\u017en\u00e1 pr\u00e1v\u011b proto se Harper objevila i jako jedna z tv\u00e1\u0159\u00ed parf\u00e9mu Portofino &#8217;97 Eau De Parfum z kolekce Victoria Beckham Beauty. Harper je jedin\u00e1 dcera Victorie a je jist\u00e9, jak moc pro svou maminku znamen\u00e1.<\/p>\n\n\n\n<p>V \u010dervenci oslavila Harper sv\u00e9 \u010dtrn\u00e1ct\u00e9 narozeniny a p\u0159edev\u0161\u00edm od Victorie se do\u010dkala velmi v\u0159el\u00e9ho a kr\u00e1sn\u00e9ho p\u0159\u00e1n\u00ed. \u201e<em>V\u0161echno nejlep\u0161\u00ed k narozenin\u00e1m, ty m\u016fj sv\u011bt\u011b. Jsi moje v\u0161echno a jsem tak hrd\u00e1 na to, jak silnou, sebev\u011bdomou, laskavou a talentovanou mladou d\u00e1mu se st\u00e1v\u00e1\u0161. Jsi moje nejlep\u0161\u00ed kamar\u00e1dka a m\u00e1m velk\u00e9 \u0161t\u011bst\u00ed, \u017ee m\u016f\u017eu b\u00fdt tvou maminkou. M\u00e1me t\u011b moc r\u00e1di, Harper Seven. U\u017eij si sv\u016fj v\u00fdjime\u010dn\u00fd den,<\/em>\u201c napsala Victoria na soci\u00e1ln\u00edch s\u00edt\u00edch.<\/p>\n\n\n\n<p>Zdroj: Autorsk\u00fd text, <a href=\"https:\/\/www.instagram.com\/p\/DOEu2P3iJNZ\/?hl=cs&amp;img_index=5\">Instagram<\/a>, <a href=\"https:\/\/www.hellomagazine.com\/celebrities\/853305\/harper-beckham-14-is-her-mom-victoria-twin-in-sun-drenched-vacation-photos\/\">Hellomagazine<\/a><\/p>\n\n\n            <a href=\"https:\/\/www.karaoketexty.cz\/magazin\/spice-girls-opet-pohromade-oslava-50-narozenin-mel-b\/\" class=\"related-post-link\">\n                <div class=\"post-thumbnail\">\n                    <img decoding=\"async\" width=\"250\" height=\"131\" src=\"https:\/\/www.karaoketexty.cz\/magazin\/wp-content\/uploads\/2025\/06\/spice-girls.avif\" class=\"attachment-250x180 size-250x180 not-transparent\" alt=\"Fotografie Spice Girls\" data-has-transparency=\"false\" data-dominant-color=\"4a3528\" style=\"--dominant-color: #4a3528;\" \/>                <\/div>\n                <div class=\"post-details\">\n                    <span class=\"also-read\">\u010ct\u011bte tak\u00e9:<\/span>\n                    <h3 class=\"hed\">Spice Girls op\u011bt pohromad\u011b: Setkaly se na velkolep\u00e9 oslav\u011b 50. narozenin Mel B<\/h3>\n                <\/div>\n            <\/a>\n            \n\n            <a href=\"https:\/\/www.karaoketexty.cz\/magazin\/spice-girls-z-asie-korejske-blackpink-zazpivaly-jejich-nejvetsi-hit-wannabe\/\" class=\"related-post-link\">\n                <div class=\"post-thumbnail\">\n                    <img decoding=\"async\" width=\"250\" height=\"159\" src=\"https:\/\/www.karaoketexty.cz\/magazin\/wp-content\/uploads\/2025\/08\/Blackpink-asijska-skupina.jpg\" class=\"attachment-250x180 size-250x180 not-transparent\" alt=\"Obr\u00e1zek k \u010dl\u00e1nku: Spice Girls z Asie? Korejsk\u00e9 BLACKPINK zazp\u00edvaly jejich nejv\u011bt\u0161\u00ed hit \u201eWannabe\u201c\" srcset=\"https:\/\/www.karaoketexty.cz\/magazin\/wp-content\/uploads\/2025\/08\/Blackpink-asijska-skupina.jpg 1200w, https:\/\/www.karaoketexty.cz\/magazin\/wp-content\/uploads\/2025\/08\/Blackpink-asijska-skupina-300x191.jpg 300w, https:\/\/www.karaoketexty.cz\/magazin\/wp-content\/uploads\/2025\/08\/Blackpink-asijska-skupina-1024x651.jpg 1024w, https:\/\/www.karaoketexty.cz\/magazin\/wp-content\/uploads\/2025\/08\/Blackpink-asijska-skupina-768x488.jpg 768w\" sizes=\"(max-width: 250px) 100vw, 250px\" data-has-transparency=\"false\" data-dominant-color=\"80627b\" style=\"--dominant-color: #80627b;\" \/>                <\/div>\n                <div class=\"post-details\">\n                    <span class=\"also-read\">\u010ct\u011bte tak\u00e9:<\/span>\n                    <h3 class=\"hed\">Spice Girls z Asie? Korejsk\u00e9 BLACKPINK zazp\u00edvaly jejich nejv\u011bt\u0161\u00ed hit \u201eWannabe\u201c<\/h3>\n                <\/div>\n            <\/a>\n            ","protected":false},"excerpt":{"rendered":"<p>Victoria Beckham ned\u00e1vno sd\u00edlela fotografie ze spole\u010dn\u00e9 rodinn\u00e9 dovolen\u00e9. Jej\u00ed dcera Harper vypad\u00e1 sp\u00ed\u0161e jako jej\u00ed mlad\u0161\u00ed sestra.<\/p>\n","protected":false},"author":5,"featured_media":2616,"comment_status":"open","ping_status":"closed","sticky":false,"template":"","format":"standard","meta":{"_yoast_wpseo_title":"Victoria Beckham sd\u00edlela fotografii dcery. Je jako jej\u00ed mlad\u0161\u00ed sestra","_yoast_wpseo_metadesc":"Victoria Beckham ned\u00e1vno sd\u00edlela fotografie ze spole\u010dn\u00e9 rodinn\u00e9 dovolen\u00e9. Jej\u00ed dcera Harper vypad\u00e1 sp\u00ed\u0161e jako jej\u00ed mlad\u0161\u00ed sestra.","footnotes":""},"categories":[1059],"tags":[1713,1720,213,1716,1721,500,1714,332,1717,1719,99,1715,331,1618,1718,28,51],"class_list":["post-2615","post","type-post","status-publish","format-standard","has-post-thumbnail","hentry","category-celebrity","tag-david-beckham","tag-dcera-celebrit","tag-dovolena","tag-harper-beckham","tag-hello-magazine","tag-instagram","tag-modni-navrharka","tag-narozeniny","tag-parfem","tag-portofino-97-eau-de-parfum","tag-rodina","tag-rodina-celebrit","tag-spice-girls","tag-victoria-beckham","tag-victoria-beckham-beauty","tag-zahranicni-celebrity","tag-zpevacka"],"yoast_head":"<!-- This site is optimized with the Yoast SEO plugin v27.4 - https:\/\/yoast.com\/product\/yoast-seo-wordpress\/ -->\n<title>Victoria Beckham sd\u00edlela fotografii dcery. Je jako jej\u00ed mlad\u0161\u00ed sestra<\/title>\n<meta name=\"description\" content=\"Victoria Beckham ned\u00e1vno sd\u00edlela fotografie ze spole\u010dn\u00e9 rodinn\u00e9 dovolen\u00e9. Jej\u00ed dcera Harper vypad\u00e1 sp\u00ed\u0161e jako jej\u00ed mlad\u0161\u00ed sestra.\" \/>\n<meta name=\"robots\" content=\"index, follow, max-snippet:-1, max-image-preview:large, max-video-preview:-1\" \/>\n<link rel=\"canonical\" href=\"https:\/\/www.karaoketexty.cz\/magazin\/victoria-beckham-dcera\/\" \/>\n<meta property=\"og:locale\" content=\"cs_CZ\" \/>\n<meta property=\"og:type\" content=\"article\" \/>\n<meta property=\"og:title\" content=\"Victoria Beckham sd\u00edlela fotografii dcery. Je jako jej\u00ed mlad\u0161\u00ed sestra\" \/>\n<meta property=\"og:description\" content=\"Victoria Beckham ned\u00e1vno sd\u00edlela fotografie ze spole\u010dn\u00e9 rodinn\u00e9 dovolen\u00e9. Jej\u00ed dcera Harper vypad\u00e1 sp\u00ed\u0161e jako jej\u00ed mlad\u0161\u00ed sestra.\" \/>\n<meta property=\"og:url\" content=\"https:\/\/www.karaoketexty.cz\/magazin\/victoria-beckham-dcera\/\" \/>\n<meta property=\"og:site_name\" content=\"Stars Magaz\u00edn Karaoketexty.cz\" \/>\n<meta property=\"article:published_time\" content=\"2025-09-12T03:00:00+00:00\" \/>\n<meta property=\"article:modified_time\" content=\"2025-10-02T07:54:32+00:00\" \/>\n<meta property=\"og:image\" content=\"https:\/\/www.karaoketexty.cz\/magazin\/wp-content\/uploads\/2025\/09\/victoria-beckham-zpevacka.jpg\" \/>\n\t<meta property=\"og:image:width\" content=\"1200\" \/>\n\t<meta property=\"og:image:height\" content=\"675\" \/>\n\t<meta property=\"og:image:type\" content=\"image\/jpeg\" \/>\n<meta name=\"author\" content=\"Veronika \u0160imkov\u00e1\" \/>\n<meta name=\"twitter:card\" content=\"summary_large_image\" \/>\n<meta name=\"twitter:label1\" content=\"Napsal(a)\" \/>\n\t<meta name=\"twitter:data1\" content=\"Veronika \u0160imkov\u00e1\" \/>\n\t<meta name=\"twitter:label2\" content=\"Odhadovan\u00e1 doba \u010dten\u00ed\" \/>\n\t<meta name=\"twitter:data2\" content=\"3 minuty\" \/>\n<script type=\"application\/ld+json\" class=\"yoast-schema-graph\">{\"@context\":\"https:\\\/\\\/schema.org\",\"@graph\":[{\"@type\":\"Article\",\"@id\":\"https:\\\/\\\/www.karaoketexty.cz\\\/magazin\\\/victoria-beckham-dcera\\\/#article\",\"isPartOf\":{\"@id\":\"https:\\\/\\\/www.karaoketexty.cz\\\/magazin\\\/victoria-beckham-dcera\\\/\"},\"author\":{\"name\":\"Veronika \u0160imkov\u00e1\",\"@id\":\"https:\\\/\\\/www.karaoketexty.cz\\\/magazin\\\/#\\\/schema\\\/person\\\/03220d610ed4cba378a72bac3443f821\"},\"headline\":\"Victoria Beckham m\u00e1 klon! Dcera Harper vypad\u00e1 jako jej\u00ed mlad\u0161\u00ed verze\",\"datePublished\":\"2025-09-12T03:00:00+00:00\",\"dateModified\":\"2025-10-02T07:54:32+00:00\",\"mainEntityOfPage\":{\"@id\":\"https:\\\/\\\/www.karaoketexty.cz\\\/magazin\\\/victoria-beckham-dcera\\\/\"},\"wordCount\":511,\"commentCount\":0,\"image\":{\"@id\":\"https:\\\/\\\/www.karaoketexty.cz\\\/magazin\\\/victoria-beckham-dcera\\\/#primaryimage\"},\"thumbnailUrl\":\"https:\\\/\\\/www.karaoketexty.cz\\\/magazin\\\/wp-content\\\/uploads\\\/2025\\\/09\\\/victoria-beckham-zpevacka.jpg\",\"keywords\":[\"David Beckham\",\"dcera celebrit\",\"Dovolen\u00e1\",\"Harper Beckham\",\"Hello Magazine\",\"Instagram\",\"m\u00f3dn\u00ed n\u00e1vrh\u00e1\u0159ka\",\"Narozeniny\",\"parf\u00e9m\",\"Portofino '97 Eau De Parfum\",\"Rodina\",\"rodina celebrit\",\"Spice Girls\",\"Victoria Beckham\",\"Victoria Beckham Beauty\",\"Zahrani\u010dn\u00ed celebrity\",\"Zp\u011bva\u010dka\"],\"articleSection\":[\"Celebrity\"],\"inLanguage\":\"cs\",\"potentialAction\":[{\"@type\":\"CommentAction\",\"name\":\"Comment\",\"target\":[\"https:\\\/\\\/www.karaoketexty.cz\\\/magazin\\\/victoria-beckham-dcera\\\/#respond\"]}]},{\"@type\":\"WebPage\",\"@id\":\"https:\\\/\\\/www.karaoketexty.cz\\\/magazin\\\/victoria-beckham-dcera\\\/\",\"url\":\"https:\\\/\\\/www.karaoketexty.cz\\\/magazin\\\/victoria-beckham-dcera\\\/\",\"name\":\"Victoria Beckham sd\u00edlela fotografii dcery. Je jako jej\u00ed mlad\u0161\u00ed sestra\",\"isPartOf\":{\"@id\":\"https:\\\/\\\/www.karaoketexty.cz\\\/magazin\\\/#website\"},\"primaryImageOfPage\":{\"@id\":\"https:\\\/\\\/www.karaoketexty.cz\\\/magazin\\\/victoria-beckham-dcera\\\/#primaryimage\"},\"image\":{\"@id\":\"https:\\\/\\\/www.karaoketexty.cz\\\/magazin\\\/victoria-beckham-dcera\\\/#primaryimage\"},\"thumbnailUrl\":\"https:\\\/\\\/www.karaoketexty.cz\\\/magazin\\\/wp-content\\\/uploads\\\/2025\\\/09\\\/victoria-beckham-zpevacka.jpg\",\"datePublished\":\"2025-09-12T03:00:00+00:00\",\"dateModified\":\"2025-10-02T07:54:32+00:00\",\"author\":{\"@id\":\"https:\\\/\\\/www.karaoketexty.cz\\\/magazin\\\/#\\\/schema\\\/person\\\/03220d610ed4cba378a72bac3443f821\"},\"description\":\"Victoria Beckham ned\u00e1vno sd\u00edlela fotografie ze spole\u010dn\u00e9 rodinn\u00e9 dovolen\u00e9. Jej\u00ed dcera Harper vypad\u00e1 sp\u00ed\u0161e jako jej\u00ed mlad\u0161\u00ed sestra.\",\"breadcrumb\":{\"@id\":\"https:\\\/\\\/www.karaoketexty.cz\\\/magazin\\\/victoria-beckham-dcera\\\/#breadcrumb\"},\"inLanguage\":\"cs\",\"potentialAction\":[{\"@type\":\"ReadAction\",\"target\":[\"https:\\\/\\\/www.karaoketexty.cz\\\/magazin\\\/victoria-beckham-dcera\\\/\"]}]},{\"@type\":\"ImageObject\",\"inLanguage\":\"cs\",\"@id\":\"https:\\\/\\\/www.karaoketexty.cz\\\/magazin\\\/victoria-beckham-dcera\\\/#primaryimage\",\"url\":\"https:\\\/\\\/www.karaoketexty.cz\\\/magazin\\\/wp-content\\\/uploads\\\/2025\\\/09\\\/victoria-beckham-zpevacka.jpg\",\"contentUrl\":\"https:\\\/\\\/www.karaoketexty.cz\\\/magazin\\\/wp-content\\\/uploads\\\/2025\\\/09\\\/victoria-beckham-zpevacka.jpg\",\"width\":1200,\"height\":675,\"caption\":\"Zdroj fotografie: Owl Bridge Media \\\/ Creative Commons \\\/ CC BY-SA\"},{\"@type\":\"BreadcrumbList\",\"@id\":\"https:\\\/\\\/www.karaoketexty.cz\\\/magazin\\\/victoria-beckham-dcera\\\/#breadcrumb\",\"itemListElement\":[{\"@type\":\"ListItem\",\"position\":1,\"name\":\"Dom\u016f\",\"item\":\"https:\\\/\\\/www.karaoketexty.cz\\\/magazin\\\/\"},{\"@type\":\"ListItem\",\"position\":2,\"name\":\"Victoria Beckham m\u00e1 klon! Dcera Harper vypad\u00e1 jako jej\u00ed mlad\u0161\u00ed verze\"}]},{\"@type\":\"WebSite\",\"@id\":\"https:\\\/\\\/www.karaoketexty.cz\\\/magazin\\\/#website\",\"url\":\"https:\\\/\\\/www.karaoketexty.cz\\\/magazin\\\/\",\"name\":\"Stars Magaz\u00edn Karaoketexty.cz\",\"description\":\"Stars Magaz\u00edn na Karaoketexty.cz je zam\u011b\u0159en\u00fd na novinky ze sv\u011bta hudby a celebrit. Obsahuje \u010dl\u00e1nky o zp\u011bv\u00e1c\u00edch, kapel\u00e1ch, nov\u00fdch albech, hudebn\u00edch trendech a dal\u0161\u00edch zaj\u00edmavostech z hudebn\u00edho pr\u016fmyslu.\",\"potentialAction\":[{\"@type\":\"SearchAction\",\"target\":{\"@type\":\"EntryPoint\",\"urlTemplate\":\"https:\\\/\\\/www.karaoketexty.cz\\\/magazin\\\/?s={search_term_string}\"},\"query-input\":{\"@type\":\"PropertyValueSpecification\",\"valueRequired\":true,\"valueName\":\"search_term_string\"}}],\"inLanguage\":\"cs\"},{\"@type\":\"Person\",\"@id\":\"https:\\\/\\\/www.karaoketexty.cz\\\/magazin\\\/#\\\/schema\\\/person\\\/03220d610ed4cba378a72bac3443f821\",\"name\":\"Veronika \u0160imkov\u00e1\",\"image\":{\"@type\":\"ImageObject\",\"inLanguage\":\"cs\",\"@id\":\"https:\\\/\\\/secure.gravatar.com\\\/avatar\\\/62af9cda83322200aaf20e60d0442fbca254ce18c0ffdcaaf83de31493c941a5?s=96&d=mm&r=g\",\"url\":\"https:\\\/\\\/secure.gravatar.com\\\/avatar\\\/62af9cda83322200aaf20e60d0442fbca254ce18c0ffdcaaf83de31493c941a5?s=96&d=mm&r=g\",\"contentUrl\":\"https:\\\/\\\/secure.gravatar.com\\\/avatar\\\/62af9cda83322200aaf20e60d0442fbca254ce18c0ffdcaaf83de31493c941a5?s=96&d=mm&r=g\",\"caption\":\"Veronika \u0160imkov\u00e1\"},\"url\":\"https:\\\/\\\/www.karaoketexty.cz\\\/magazin\\\/author\\\/veronikasimkova\\\/\"}]}<\/script>\n<!-- \/ Yoast SEO plugin. -->","yoast_head_json":{"title":"Victoria Beckham sd\u00edlela fotografii dcery. Je jako jej\u00ed mlad\u0161\u00ed sestra","description":"Victoria Beckham ned\u00e1vno sd\u00edlela fotografie ze spole\u010dn\u00e9 rodinn\u00e9 dovolen\u00e9. Jej\u00ed dcera Harper vypad\u00e1 sp\u00ed\u0161e jako jej\u00ed mlad\u0161\u00ed sestra.","robots":{"index":"index","follow":"follow","max-snippet":"max-snippet:-1","max-image-preview":"max-image-preview:large","max-video-preview":"max-video-preview:-1"},"canonical":"https:\/\/www.karaoketexty.cz\/magazin\/victoria-beckham-dcera\/","og_locale":"cs_CZ","og_type":"article","og_title":"Victoria Beckham sd\u00edlela fotografii dcery. Je jako jej\u00ed mlad\u0161\u00ed sestra","og_description":"Victoria Beckham ned\u00e1vno sd\u00edlela fotografie ze spole\u010dn\u00e9 rodinn\u00e9 dovolen\u00e9. Jej\u00ed dcera Harper vypad\u00e1 sp\u00ed\u0161e jako jej\u00ed mlad\u0161\u00ed sestra.","og_url":"https:\/\/www.karaoketexty.cz\/magazin\/victoria-beckham-dcera\/","og_site_name":"Stars Magaz\u00edn Karaoketexty.cz","article_published_time":"2025-09-12T03:00:00+00:00","article_modified_time":"2025-10-02T07:54:32+00:00","og_image":[{"width":1200,"height":675,"url":"https:\/\/www.karaoketexty.cz\/magazin\/wp-content\/uploads\/2025\/09\/victoria-beckham-zpevacka.jpg","type":"image\/jpeg"}],"author":"Veronika \u0160imkov\u00e1","twitter_card":"summary_large_image","twitter_misc":{"Napsal(a)":"Veronika \u0160imkov\u00e1","Odhadovan\u00e1 doba \u010dten\u00ed":"3 minuty"},"schema":{"@context":"https:\/\/schema.org","@graph":[{"@type":"Article","@id":"https:\/\/www.karaoketexty.cz\/magazin\/victoria-beckham-dcera\/#article","isPartOf":{"@id":"https:\/\/www.karaoketexty.cz\/magazin\/victoria-beckham-dcera\/"},"author":{"name":"Veronika \u0160imkov\u00e1","@id":"https:\/\/www.karaoketexty.cz\/magazin\/#\/schema\/person\/03220d610ed4cba378a72bac3443f821"},"headline":"Victoria Beckham m\u00e1 klon! Dcera Harper vypad\u00e1 jako jej\u00ed mlad\u0161\u00ed verze","datePublished":"2025-09-12T03:00:00+00:00","dateModified":"2025-10-02T07:54:32+00:00","mainEntityOfPage":{"@id":"https:\/\/www.karaoketexty.cz\/magazin\/victoria-beckham-dcera\/"},"wordCount":511,"commentCount":0,"image":{"@id":"https:\/\/www.karaoketexty.cz\/magazin\/victoria-beckham-dcera\/#primaryimage"},"thumbnailUrl":"https:\/\/www.karaoketexty.cz\/magazin\/wp-content\/uploads\/2025\/09\/victoria-beckham-zpevacka.jpg","keywords":["David Beckham","dcera celebrit","Dovolen\u00e1","Harper Beckham","Hello Magazine","Instagram","m\u00f3dn\u00ed n\u00e1vrh\u00e1\u0159ka","Narozeniny","parf\u00e9m","Portofino '97 Eau De Parfum","Rodina","rodina celebrit","Spice Girls","Victoria Beckham","Victoria Beckham Beauty","Zahrani\u010dn\u00ed celebrity","Zp\u011bva\u010dka"],"articleSection":["Celebrity"],"inLanguage":"cs","potentialAction":[{"@type":"CommentAction","name":"Comment","target":["https:\/\/www.karaoketexty.cz\/magazin\/victoria-beckham-dcera\/#respond"]}]},{"@type":"WebPage","@id":"https:\/\/www.karaoketexty.cz\/magazin\/victoria-beckham-dcera\/","url":"https:\/\/www.karaoketexty.cz\/magazin\/victoria-beckham-dcera\/","name":"Victoria Beckham sd\u00edlela fotografii dcery. Je jako jej\u00ed mlad\u0161\u00ed sestra","isPartOf":{"@id":"https:\/\/www.karaoketexty.cz\/magazin\/#website"},"primaryImageOfPage":{"@id":"https:\/\/www.karaoketexty.cz\/magazin\/victoria-beckham-dcera\/#primaryimage"},"image":{"@id":"https:\/\/www.karaoketexty.cz\/magazin\/victoria-beckham-dcera\/#primaryimage"},"thumbnailUrl":"https:\/\/www.karaoketexty.cz\/magazin\/wp-content\/uploads\/2025\/09\/victoria-beckham-zpevacka.jpg","datePublished":"2025-09-12T03:00:00+00:00","dateModified":"2025-10-02T07:54:32+00:00","author":{"@id":"https:\/\/www.karaoketexty.cz\/magazin\/#\/schema\/person\/03220d610ed4cba378a72bac3443f821"},"description":"Victoria Beckham ned\u00e1vno sd\u00edlela fotografie ze spole\u010dn\u00e9 rodinn\u00e9 dovolen\u00e9. Jej\u00ed dcera Harper vypad\u00e1 sp\u00ed\u0161e jako jej\u00ed mlad\u0161\u00ed sestra.","breadcrumb":{"@id":"https:\/\/www.karaoketexty.cz\/magazin\/victoria-beckham-dcera\/#breadcrumb"},"inLanguage":"cs","potentialAction":[{"@type":"ReadAction","target":["https:\/\/www.karaoketexty.cz\/magazin\/victoria-beckham-dcera\/"]}]},{"@type":"ImageObject","inLanguage":"cs","@id":"https:\/\/www.karaoketexty.cz\/magazin\/victoria-beckham-dcera\/#primaryimage","url":"https:\/\/www.karaoketexty.cz\/magazin\/wp-content\/uploads\/2025\/09\/victoria-beckham-zpevacka.jpg","contentUrl":"https:\/\/www.karaoketexty.cz\/magazin\/wp-content\/uploads\/2025\/09\/victoria-beckham-zpevacka.jpg","width":1200,"height":675,"caption":"Zdroj fotografie: Owl Bridge Media \/ Creative Commons \/ CC BY-SA"},{"@type":"BreadcrumbList","@id":"https:\/\/www.karaoketexty.cz\/magazin\/victoria-beckham-dcera\/#breadcrumb","itemListElement":[{"@type":"ListItem","position":1,"name":"Dom\u016f","item":"https:\/\/www.karaoketexty.cz\/magazin\/"},{"@type":"ListItem","position":2,"name":"Victoria Beckham m\u00e1 klon! Dcera Harper vypad\u00e1 jako jej\u00ed mlad\u0161\u00ed verze"}]},{"@type":"WebSite","@id":"https:\/\/www.karaoketexty.cz\/magazin\/#website","url":"https:\/\/www.karaoketexty.cz\/magazin\/","name":"Stars Magaz\u00edn Karaoketexty.cz","description":"Stars Magaz\u00edn na Karaoketexty.cz je zam\u011b\u0159en\u00fd na novinky ze sv\u011bta hudby a celebrit. Obsahuje \u010dl\u00e1nky o zp\u011bv\u00e1c\u00edch, kapel\u00e1ch, nov\u00fdch albech, hudebn\u00edch trendech a dal\u0161\u00edch zaj\u00edmavostech z hudebn\u00edho pr\u016fmyslu.","potentialAction":[{"@type":"SearchAction","target":{"@type":"EntryPoint","urlTemplate":"https:\/\/www.karaoketexty.cz\/magazin\/?s={search_term_string}"},"query-input":{"@type":"PropertyValueSpecification","valueRequired":true,"valueName":"search_term_string"}}],"inLanguage":"cs"},{"@type":"Person","@id":"https:\/\/www.karaoketexty.cz\/magazin\/#\/schema\/person\/03220d610ed4cba378a72bac3443f821","name":"Veronika \u0160imkov\u00e1","image":{"@type":"ImageObject","inLanguage":"cs","@id":"https:\/\/secure.gravatar.com\/avatar\/62af9cda83322200aaf20e60d0442fbca254ce18c0ffdcaaf83de31493c941a5?s=96&d=mm&r=g","url":"https:\/\/secure.gravatar.com\/avatar\/62af9cda83322200aaf20e60d0442fbca254ce18c0ffdcaaf83de31493c941a5?s=96&d=mm&r=g","contentUrl":"https:\/\/secure.gravatar.com\/avatar\/62af9cda83322200aaf20e60d0442fbca254ce18c0ffdcaaf83de31493c941a5?s=96&d=mm&r=g","caption":"Veronika \u0160imkov\u00e1"},"url":"https:\/\/www.karaoketexty.cz\/magazin\/author\/veronikasimkova\/"}]}},"_links":{"self":[{"href":"https:\/\/www.karaoketexty.cz\/magazin\/wp-json\/wp\/v2\/posts\/2615","targetHints":{"allow":["GET"]}}],"collection":[{"href":"https:\/\/www.karaoketexty.cz\/magazin\/wp-json\/wp\/v2\/posts"}],"about":[{"href":"https:\/\/www.karaoketexty.cz\/magazin\/wp-json\/wp\/v2\/types\/post"}],"author":[{"embeddable":true,"href":"https:\/\/www.karaoketexty.cz\/magazin\/wp-json\/wp\/v2\/users\/5"}],"replies":[{"embeddable":true,"href":"https:\/\/www.karaoketexty.cz\/magazin\/wp-json\/wp\/v2\/comments?post=2615"}],"version-history":[{"count":4,"href":"https:\/\/www.karaoketexty.cz\/magazin\/wp-json\/wp\/v2\/posts\/2615\/revisions"}],"predecessor-version":[{"id":3288,"href":"https:\/\/www.karaoketexty.cz\/magazin\/wp-json\/wp\/v2\/posts\/2615\/revisions\/3288"}],"wp:featuredmedia":[{"embeddable":true,"href":"https:\/\/www.karaoketexty.cz\/magazin\/wp-json\/wp\/v2\/media\/2616"}],"wp:attachment":[{"href":"https:\/\/www.karaoketexty.cz\/magazin\/wp-json\/wp\/v2\/media?parent=2615"}],"wp:term":[{"taxonomy":"category","embeddable":true,"href":"https:\/\/www.karaoketexty.cz\/magazin\/wp-json\/wp\/v2\/categories?post=2615"},{"taxonomy":"post_tag","embeddable":true,"href":"https:\/\/www.karaoketexty.cz\/magazin\/wp-json\/wp\/v2\/tags?post=2615"}],"curies":[{"name":"wp","href":"https:\/\/api.w.org\/{rel}","templated":true}]}}