{"id":2567,"date":"2025-09-11T06:00:00","date_gmt":"2025-09-11T04:00:00","guid":{"rendered":"https:\/\/www.karaoketexty.cz\/magazin\/?p=2567"},"modified":"2025-10-02T09:55:06","modified_gmt":"2025-10-02T07:55:06","slug":"olivia-rodrigo-zpevacka","status":"publish","type":"post","link":"https:\/\/www.karaoketexty.cz\/magazin\/olivia-rodrigo-zpevacka\/","title":{"rendered":"Bude se Olivia Rodrigo vd\u00e1vat? Na soci\u00e1ln\u00edch s\u00edt\u00edch se objevila fotka se z\u00e1hadn\u00fdm prst\u00fdnkem"},"content":{"rendered":"\n<p><strong>Olivia Rodrigo se ned\u00e1vno vydala na proch\u00e1zku se sv\u00fdm p\u0159\u00edtelem<\/strong>. <strong>T\u00e9m\u011b\u0159 okam\u017eit\u011b se za\u010dalo spekulovat o tom, zda nen\u00ed zasnouben\u00e1. Za v\u0161e mohl jedin\u00fd prsten.<\/strong><\/p>\n\n\n\n<p>Jakmile je osobnost slavn\u00e1, jak\u00fdkoliv n\u00e1znak toho, \u017ee se n\u011bco d\u011bje v jej\u00edm \u017eivot\u011b, okam\u017eit\u011b rozpout\u00e1 spekulace o tom, co se asi d\u011bje. Sv\u00e9 o tom v\u00ed zp\u011bva\u010dka Olivia Rodrigo, kter\u00e1 byla ned\u00e1vno zachycena p\u0159i proch\u00e1zce Los Angeles s n\u00e1padn\u00fdm prstenem na lev\u00e9m prsten\u00ed\u010dku. Okam\u017eit\u011b se tak objevily spekulace t\u00fdkaj\u00edc\u00ed se toho, zda se n\u00e1hodou zn\u00e1m\u00e1 zp\u011bva\u010dka nezasnoubila.<\/p>\n\n\n<!-- karaoketexty.cz \/ rectangle2 -->\n<div id=\"PX_37086_709110796310826\"><\/div>\n<script>\n   if(!useMobileAds && !boolUseSeznamAds && !hideAllAds){\n     window.px2 = window.px2 || { conf: {},queue: [] };\n     px2.queue.push(function () {\n        px2.render({\n           slot: {\n              id: 37086\n           },\n            elem: \"PX_37086_709110796310826\"\n        })\n     });\n  }\n<\/script>\n\n<!-- karaoketexty.cz \/ mobile-rectangle3 -->\n<div id=\"PX_37044_714599773297004\"><\/div>\n<script>\n   if(useMobileAds && !boolUseSeznamAds && !hideAllAds){\nwindow.px2 = window.px2 || { conf: {},queue: [] };\npx2.queue.push(function () {\n\tpx2.render({\n\t\tslot: {\n\t\t\tid: 37044\n\t\t},\n\t\telem: \"PX_37044_714599773297004\"\n\t})\n});\n}\n<\/script>\n\n\n<h2 class=\"wp-block-heading\">Spekulace o z\u00e1snub\u00e1ch<\/h2>\n\n\n\n<p>Jedna jedin\u00e1 fotografie soust\u0159ed\u011bn\u00e1 na prsten Olivie Rodrigo okam\u017eit\u011b rozpoutala diskuze o tom, zda se slavn\u00e1 zp\u011bva\u010dka nechyst\u00e1 vd\u00e1vat. Ono toti\u017e ne\u0161lo o oby\u010dejn\u00fd prsten, n\u00fdbr\u017e o kousek s v\u00fdrazn\u00fdm diamantem ve \u010dtvercov\u00e9m tvaru. Pr\u00e1v\u011b masivn\u00ed diamanty se st\u00e1vaj\u00ed v posledn\u00edch letech mezi celebritami velmi obl\u00edben\u00e9. Skv\u011bl\u00fdm p\u0159\u00edpadem m\u016f\u017ee b\u00fdt nap\u0159\u00edklad ned\u00e1vn\u00e1 fotografie z\u00e1snubn\u00edho prstenu Georginy Rodr\u00edguez od Cristiana Ronalda. Ot\u00e1zkou tedy z\u016fst\u00e1v\u00e1 \u2013 je i prsten Olivie Rodrigo z\u00e1snubn\u00ed?<\/p>\n\n\n\n<p>Rodrigo a Partridge, oba ve v\u011bku 22 let, tvo\u0159\u00ed p\u00e1r t\u00e9m\u011b\u0159 dva roky a l\u00e1ska z nich p\u0159\u00edmo s\u00e1l\u00e1. Ka\u017edop\u00e1dn\u011b na svatbu se tento p\u00e1r podle v\u0161eho zat\u00edm je\u0161t\u011b nechyst\u00e1. Prsten, kter\u00fd m\u011bla zp\u011bva\u010dka b\u011bhem proch\u00e1zky se sv\u00fdm p\u0159\u00edtelem na prst\u011b, je toti\u017e darem od jej\u00ed viz\u00e1\u017eistky z dob p\u016fsoben\u00ed v High School Musical.<\/p>\n\n\n<!-- karaoketexty.cz \/ interscroller1 -->\n\n<div id=\"PX_37041_825057871452834\"><\/div>\n<script>\nif(useMobileAds && !boolUseSeznamAds && !hideAllAds){\n\twindow.px2 = window.px2 || { conf: {},queue: [] };\n\tpx2.queue.push(function () {\n\t\tpx2.render({\n\t\t\tslot: {\n\t\t\t\tid: 37041\n\t\t\t},\n\t\t\telem: \"PX_37041_825057871452834\"\n\t\t})\n\t});\n}\n<\/script>\n\n\n<p>\u201e<em>Byla jsem si s n\u00ed opravdu bl\u00edzk\u00e1 a velmi mi pomohla. Kdy\u017e jsme skon\u010dili, dala mi tento prsten. Je na n\u011bm napsan\u00e9 ,Pi\u0161 p\u00edsn\u011b srdcem&#8216;,<\/em>\u201d prozradila zp\u011bva\u010dka pro \u0161pan\u011blsk\u00fd magaz\u00edn Hola. Nen\u00ed to ani poprv\u00e9, co se s prstenem uk\u00e1zala na ve\u0159ejnosti \u2013 v dob\u011b, kdy nem\u011bla partnera, v\u0161ak jeho v\u00fdznam nikdo moc ne\u0159e\u0161il.<\/p>\n\n\n\n<blockquote class=\"instagram-media\" data-instgrm-captioned data-instgrm-permalink=\"https:\/\/www.instagram.com\/p\/DNRrAjpBbYk\/?utm_source=ig_embed&amp;utm_campaign=loading\" data-instgrm-version=\"14\" style=\" background:#FFF; border:0; border-radius:3px; box-shadow:0 0 1px 0 rgba(0,0,0,0.5),0 1px 10px 0 rgba(0,0,0,0.15); margin: 1px; max-width:540px; min-width:326px; padding:0; width:99.375%; width:-webkit-calc(100% - 2px); width:calc(100% - 2px);\"><div style=\"padding:16px;\"> <a href=\"https:\/\/www.instagram.com\/p\/DNRrAjpBbYk\/?utm_source=ig_embed&amp;utm_campaign=loading\" style=\" background:#FFFFFF; line-height:0; padding:0 0; text-align:center; text-decoration:none; width:100%;\" target=\"_blank\"> <div style=\" display: flex; flex-direction: row; align-items: center;\"> <div style=\"background-color: #F4F4F4; border-radius: 50%; flex-grow: 0; height: 40px; margin-right: 14px; width: 40px;\"><\/div> <div style=\"display: flex; flex-direction: column; flex-grow: 1; justify-content: center;\"> <div style=\" background-color: #F4F4F4; border-radius: 4px; flex-grow: 0; height: 14px; margin-bottom: 6px; width: 100px;\"><\/div> <div style=\" background-color: #F4F4F4; border-radius: 4px; flex-grow: 0; height: 14px; width: 60px;\"><\/div><\/div><\/div><div style=\"padding: 19% 0;\"><\/div> <div style=\"display:block; height:50px; margin:0 auto 12px; width:50px;\"><svg width=\"50px\" height=\"50px\" viewBox=\"0 0 60 60\" version=\"1.1\" xmlns=\"https:\/\/www.w3.org\/2000\/svg\" xmlns:xlink=\"https:\/\/www.w3.org\/1999\/xlink\"><g stroke=\"none\" stroke-width=\"1\" fill=\"none\" fill-rule=\"evenodd\"><g transform=\"translate(-511.000000, -20.000000)\" fill=\"#000000\"><g><path d=\"M556.869,30.41 C554.814,30.41 553.148,32.076 553.148,34.131 C553.148,36.186 554.814,37.852 556.869,37.852 C558.924,37.852 560.59,36.186 560.59,34.131 C560.59,32.076 558.924,30.41 556.869,30.41 M541,60.657 C535.114,60.657 530.342,55.887 530.342,50 C530.342,44.114 535.114,39.342 541,39.342 C546.887,39.342 551.658,44.114 551.658,50 C551.658,55.887 546.887,60.657 541,60.657 M541,33.886 C532.1,33.886 524.886,41.1 524.886,50 C524.886,58.899 532.1,66.113 541,66.113 C549.9,66.113 557.115,58.899 557.115,50 C557.115,41.1 549.9,33.886 541,33.886 M565.378,62.101 C565.244,65.022 564.756,66.606 564.346,67.663 C563.803,69.06 563.154,70.057 562.106,71.106 C561.058,72.155 560.06,72.803 558.662,73.347 C557.607,73.757 556.021,74.244 553.102,74.378 C549.944,74.521 548.997,74.552 541,74.552 C533.003,74.552 532.056,74.521 528.898,74.378 C525.979,74.244 524.393,73.757 523.338,73.347 C521.94,72.803 520.942,72.155 519.894,71.106 C518.846,70.057 518.197,69.06 517.654,67.663 C517.244,66.606 516.755,65.022 516.623,62.101 C516.479,58.943 516.448,57.996 516.448,50 C516.448,42.003 516.479,41.056 516.623,37.899 C516.755,34.978 517.244,33.391 517.654,32.338 C518.197,30.938 518.846,29.942 519.894,28.894 C520.942,27.846 521.94,27.196 523.338,26.654 C524.393,26.244 525.979,25.756 528.898,25.623 C532.057,25.479 533.004,25.448 541,25.448 C548.997,25.448 549.943,25.479 553.102,25.623 C556.021,25.756 557.607,26.244 558.662,26.654 C560.06,27.196 561.058,27.846 562.106,28.894 C563.154,29.942 563.803,30.938 564.346,32.338 C564.756,33.391 565.244,34.978 565.378,37.899 C565.522,41.056 565.552,42.003 565.552,50 C565.552,57.996 565.522,58.943 565.378,62.101 M570.82,37.631 C570.674,34.438 570.167,32.258 569.425,30.349 C568.659,28.377 567.633,26.702 565.965,25.035 C564.297,23.368 562.623,22.342 560.652,21.575 C558.743,20.834 556.562,20.326 553.369,20.18 C550.169,20.033 549.148,20 541,20 C532.853,20 531.831,20.033 528.631,20.18 C525.438,20.326 523.257,20.834 521.349,21.575 C519.376,22.342 517.703,23.368 516.035,25.035 C514.368,26.702 513.342,28.377 512.574,30.349 C511.834,32.258 511.326,34.438 511.181,37.631 C511.035,40.831 511,41.851 511,50 C511,58.147 511.035,59.17 511.181,62.369 C511.326,65.562 511.834,67.743 512.574,69.651 C513.342,71.625 514.368,73.296 516.035,74.965 C517.703,76.634 519.376,77.658 521.349,78.425 C523.257,79.167 525.438,79.673 528.631,79.82 C531.831,79.965 532.853,80.001 541,80.001 C549.148,80.001 550.169,79.965 553.369,79.82 C556.562,79.673 558.743,79.167 560.652,78.425 C562.623,77.658 564.297,76.634 565.965,74.965 C567.633,73.296 568.659,71.625 569.425,69.651 C570.167,67.743 570.674,65.562 570.82,62.369 C570.966,59.17 571,58.147 571,50 C571,41.851 570.966,40.831 570.82,37.631\"><\/path><\/g><\/g><\/g><\/svg><\/div><div style=\"padding-top: 8px;\"> <div style=\" color:#3897f0; font-family:Arial,sans-serif; font-size:14px; font-style:normal; font-weight:550; line-height:18px;\">Zobrazit p\u0159\u00edsp\u011bvek na Instagramu<\/div><\/div><div style=\"padding: 12.5% 0;\"><\/div> <div style=\"display: flex; flex-direction: row; margin-bottom: 14px; align-items: center;\"><div> <div style=\"background-color: #F4F4F4; border-radius: 50%; height: 12.5px; width: 12.5px; transform: translateX(0px) translateY(7px);\"><\/div> <div style=\"background-color: #F4F4F4; height: 12.5px; transform: rotate(-45deg) translateX(3px) translateY(1px); width: 12.5px; flex-grow: 0; margin-right: 14px; margin-left: 2px;\"><\/div> <div style=\"background-color: #F4F4F4; border-radius: 50%; height: 12.5px; width: 12.5px; transform: translateX(9px) translateY(-18px);\"><\/div><\/div><div style=\"margin-left: 8px;\"> <div style=\" background-color: #F4F4F4; border-radius: 50%; flex-grow: 0; height: 20px; width: 20px;\"><\/div> <div style=\" width: 0; height: 0; border-top: 2px solid transparent; border-left: 6px solid #f4f4f4; border-bottom: 2px solid transparent; transform: translateX(16px) translateY(-4px) rotate(30deg)\"><\/div><\/div><div style=\"margin-left: auto;\"> <div style=\" width: 0px; border-top: 8px solid #F4F4F4; border-right: 8px solid transparent; transform: translateY(16px);\"><\/div> <div style=\" background-color: #F4F4F4; flex-grow: 0; height: 12px; width: 16px; transform: translateY(-4px);\"><\/div> <div style=\" width: 0; height: 0; border-top: 8px solid #F4F4F4; border-left: 8px solid transparent; transform: translateY(-4px) translateX(8px);\"><\/div><\/div><\/div> <div style=\"display: flex; flex-direction: column; flex-grow: 1; justify-content: center; margin-bottom: 24px;\"> <div style=\" background-color: #F4F4F4; border-radius: 4px; flex-grow: 0; height: 14px; margin-bottom: 6px; width: 224px;\"><\/div> <div style=\" background-color: #F4F4F4; border-radius: 4px; flex-grow: 0; height: 14px; width: 144px;\"><\/div><\/div><\/a><p style=\" color:#c9c8cd; font-family:Arial,sans-serif; font-size:14px; line-height:17px; margin-bottom:0; margin-top:8px; overflow:hidden; padding:8px 0 7px; text-align:center; text-overflow:ellipsis; white-space:nowrap;\"><a href=\"https:\/\/www.instagram.com\/p\/DNRrAjpBbYk\/?utm_source=ig_embed&amp;utm_campaign=loading\" style=\" color:#c9c8cd; font-family:Arial,sans-serif; font-size:14px; font-style:normal; font-weight:normal; line-height:17px; text-decoration:none;\" target=\"_blank\">P\u0159\u00edsp\u011bvek sd\u00edlen\u00fd WHO Magazine (@whomagazine)<\/a><\/p><\/div><\/blockquote>\n<script async src=\"\/\/www.instagram.com\/embed.js\"><\/script>\n\n\n\n<h2 class=\"wp-block-heading\">L\u00e1ska jako tr\u00e1m<\/h2>\n\n\n\n<p>Olivia a Louis spolu tvo\u0159\u00ed p\u00e1r ji\u017e od roku 2023, kdy spole\u010dn\u011b byli spat\u0159eni v hercov\u011b rodn\u00e9m Lond\u00fdn\u011b. Jak ale sama Olivia prozradila, dlouho o vztahu nemluvila a nem\u011bla \u017e\u00e1dnou pot\u0159ebu ho jakkoliv zve\u0159ej\u0148ovat. V\u011bt\u0161inu sch\u016fzek p\u00e1ru tak v po\u010d\u00e1tku vztahu \u017e\u00e1dn\u00e9 m\u00e9dium nezachytilo a o jejich vztahu se za\u010dalo mluvit a\u017e t\u00e9m\u011b\u0159 po p\u016fl roce rand\u011bn\u00ed.<\/p>\n\n\n\n<p>Dnes u\u017e jejich vztah nen\u00ed \u017e\u00e1dn\u00fdm tajemstv\u00edm, a tak se spole\u010dn\u00e9 fotografie z proch\u00e1zek jen mno\u017e\u00ed. I p\u0159esto se v\u0161ak oba sp\u00ed\u0161e sna\u017e\u00ed vyh\u00fdbat pozornosti, kterou vzhledem ke sv\u00e9mu povol\u00e1n\u00ed maj\u00ed, a rad\u011bji se sna\u017e\u00ed tr\u00e1vit \u010das o samot\u011b, mimo dosah fotograf\u016f z bulv\u00e1rn\u00edch magaz\u00edn\u016f.<\/p>\n\n\n\n<p>Zdroj: Autorsk\u00fd text, <a href=\"https:\/\/www.hola.com\/us\/celebrities\/20250812849607\/olivia-rodrigo-engaged-stunning-ring-louis-partridge\/\">Hola<\/a>, <a href=\"https:\/\/www.usmagazine.com\/celebrity-news\/news\/olivia-rodrigo-and-boyfriend-louis-partridges-relationship-timeline\/\">US Magazine<\/a>, <a href=\"https:\/\/www.instagram.com\/p\/DNRrAjpBbYk\/?hl=cs&amp;img_index=3\">Instagram<\/a> <\/p>\n\n\n            <a href=\"https:\/\/www.karaoketexty.cz\/magazin\/olivia-rodrigo-a-hvezda-the-cure-robert-smith-prekvapili-minuly-mesic-fanousky-na-glastonbury\/\" class=\"related-post-link\">\n                <div class=\"post-thumbnail\">\n                    <img decoding=\"async\" width=\"250\" height=\"141\" src=\"https:\/\/www.karaoketexty.cz\/magazin\/wp-content\/uploads\/2025\/07\/olivia-rodrigo-1.jpg\" class=\"attachment-250x180 size-250x180 not-transparent\" alt=\"Fotografie ke \u010dl\u00e1nku: Olivia Rodrigo a Robert Smith p\u0159ekvapili minul\u00fd m\u011bs\u00edc fanou\u0161ky na Glastonbury\" srcset=\"https:\/\/www.karaoketexty.cz\/magazin\/wp-content\/uploads\/2025\/07\/olivia-rodrigo-1.jpg 1200w, https:\/\/www.karaoketexty.cz\/magazin\/wp-content\/uploads\/2025\/07\/olivia-rodrigo-1-300x169.jpg 300w, https:\/\/www.karaoketexty.cz\/magazin\/wp-content\/uploads\/2025\/07\/olivia-rodrigo-1-1024x576.jpg 1024w, https:\/\/www.karaoketexty.cz\/magazin\/wp-content\/uploads\/2025\/07\/olivia-rodrigo-1-768x432.jpg 768w, https:\/\/www.karaoketexty.cz\/magazin\/wp-content\/uploads\/2025\/07\/olivia-rodrigo-1-800x450.jpg 800w\" sizes=\"(max-width: 250px) 100vw, 250px\" data-has-transparency=\"false\" data-dominant-color=\"c5aaa1\" style=\"--dominant-color: #c5aaa1;\" \/>                <\/div>\n                <div class=\"post-details\">\n                    <span class=\"also-read\">\u010ct\u011bte tak\u00e9:<\/span>\n                    <h3 class=\"hed\">Olivia Rodrigo a hv\u011bzda The Cure Robert Smith p\u0159ekvapili minul\u00fd m\u011bs\u00edc fanou\u0161ky na Glastonbury<\/h3>\n                <\/div>\n            <\/a>\n            \n\n            <a href=\"https:\/\/www.karaoketexty.cz\/magazin\/olivia-rodrigo-se-postavila-za-palestince-vzdat-se-jich-znamena-vzdat-se-lidskosti\/\" class=\"related-post-link\">\n                <div class=\"post-thumbnail\">\n                    <img decoding=\"async\" width=\"250\" height=\"146\" src=\"https:\/\/www.karaoketexty.cz\/magazin\/wp-content\/uploads\/2025\/07\/Olivia-Rodrigo.jpg\" class=\"attachment-250x180 size-250x180 not-transparent\" alt=\"Fotografie Olivie Rodrigo\" srcset=\"https:\/\/www.karaoketexty.cz\/magazin\/wp-content\/uploads\/2025\/07\/Olivia-Rodrigo.jpg 1200w, https:\/\/www.karaoketexty.cz\/magazin\/wp-content\/uploads\/2025\/07\/Olivia-Rodrigo-300x175.jpg 300w, https:\/\/www.karaoketexty.cz\/magazin\/wp-content\/uploads\/2025\/07\/Olivia-Rodrigo-1024x597.jpg 1024w, https:\/\/www.karaoketexty.cz\/magazin\/wp-content\/uploads\/2025\/07\/Olivia-Rodrigo-768x448.jpg 768w\" sizes=\"(max-width: 250px) 100vw, 250px\" data-has-transparency=\"false\" data-dominant-color=\"382436\" style=\"--dominant-color: #382436;\" \/>                <\/div>\n                <div class=\"post-details\">\n                    <span class=\"also-read\">\u010ct\u011bte tak\u00e9:<\/span>\n                    <h3 class=\"hed\">Olivia Rodrigo se postavila za Palestince: \u201eVzd\u00e1t se jich znamen\u00e1 vzd\u00e1t se lidskosti\u201c<\/h3>\n                <\/div>\n            <\/a>\n            ","protected":false},"excerpt":{"rendered":"<p>Olivia Rodrigo se ned\u00e1vno vydala na proch\u00e1zku se sv\u00fdm p\u0159\u00edtelem. T\u00e9m\u011b\u0159 okam\u017eit\u011b se za\u010dalo spekulovat o tom, zda nen\u00ed zasnouben\u00e1. Za v\u0161e mohl jedin\u00fd prsten.<\/p>\n","protected":false},"author":5,"featured_media":2568,"comment_status":"open","ping_status":"closed","sticky":false,"template":"","format":"standard","meta":{"_yoast_wpseo_title":"Bude se Olivia Rodrigo vd\u00e1vat nebo ne?","_yoast_wpseo_metadesc":"Olivia Rodrigo se vydala na proch\u00e1zku s p\u0159\u00edtelem a t\u00e9m\u011b\u0159 okam\u017eit\u011b se za\u010dalo spekulovat o tom, zda nen\u00ed zasnouben\u00e1. Za v\u0161e mohl jedin\u00fd prsten.","footnotes":""},"categories":[1059],"tags":[477,1704,1702,1703,500,1397,540,1700,536,1653,1655,697,1701,548,28,549,51],"class_list":["post-2567","post","type-post","status-publish","format-standard","has-post-thumbnail","hentry","category-celebrity","tag-americka-zpevacka","tag-diamant","tag-high-school-musical","tag-hola","tag-instagram","tag-laska","tag-los-angeles","tag-louis-partridge","tag-olivia-rodrigo","tag-par-celebrit","tag-prsten","tag-spekulace","tag-us-magazine","tag-vztahy-celebrit","tag-zahranicni-celebrity","tag-zasnuby","tag-zpevacka"],"yoast_head":"<!-- This site is optimized with the Yoast SEO plugin v27.4 - https:\/\/yoast.com\/product\/yoast-seo-wordpress\/ -->\n<title>Bude se Olivia Rodrigo vd\u00e1vat nebo ne?<\/title>\n<meta name=\"description\" content=\"Olivia Rodrigo se vydala na proch\u00e1zku s p\u0159\u00edtelem a t\u00e9m\u011b\u0159 okam\u017eit\u011b se za\u010dalo spekulovat o tom, zda nen\u00ed zasnouben\u00e1. Za v\u0161e mohl jedin\u00fd prsten.\" \/>\n<meta name=\"robots\" content=\"index, follow, max-snippet:-1, max-image-preview:large, max-video-preview:-1\" \/>\n<link rel=\"canonical\" href=\"https:\/\/www.karaoketexty.cz\/magazin\/olivia-rodrigo-zpevacka\/\" \/>\n<meta property=\"og:locale\" content=\"cs_CZ\" \/>\n<meta property=\"og:type\" content=\"article\" \/>\n<meta property=\"og:title\" content=\"Bude se Olivia Rodrigo vd\u00e1vat nebo ne?\" \/>\n<meta property=\"og:description\" content=\"Olivia Rodrigo se vydala na proch\u00e1zku s p\u0159\u00edtelem a t\u00e9m\u011b\u0159 okam\u017eit\u011b se za\u010dalo spekulovat o tom, zda nen\u00ed zasnouben\u00e1. Za v\u0161e mohl jedin\u00fd prsten.\" \/>\n<meta property=\"og:url\" content=\"https:\/\/www.karaoketexty.cz\/magazin\/olivia-rodrigo-zpevacka\/\" \/>\n<meta property=\"og:site_name\" content=\"Stars Magaz\u00edn Karaoketexty.cz\" \/>\n<meta property=\"article:published_time\" content=\"2025-09-11T04:00:00+00:00\" \/>\n<meta property=\"article:modified_time\" content=\"2025-10-02T07:55:06+00:00\" \/>\n<meta property=\"og:image\" content=\"https:\/\/www.karaoketexty.cz\/magazin\/wp-content\/uploads\/2025\/09\/zpevacka-olivia-rodrigo.jpg\" \/>\n\t<meta property=\"og:image:width\" content=\"1200\" \/>\n\t<meta property=\"og:image:height\" content=\"675\" \/>\n\t<meta property=\"og:image:type\" content=\"image\/jpeg\" \/>\n<meta name=\"author\" content=\"Veronika \u0160imkov\u00e1\" \/>\n<meta name=\"twitter:card\" content=\"summary_large_image\" \/>\n<meta name=\"twitter:label1\" content=\"Napsal(a)\" \/>\n\t<meta name=\"twitter:data1\" content=\"Veronika \u0160imkov\u00e1\" \/>\n\t<meta name=\"twitter:label2\" content=\"Odhadovan\u00e1 doba \u010dten\u00ed\" \/>\n\t<meta name=\"twitter:data2\" content=\"3 minuty\" \/>\n<script type=\"application\/ld+json\" class=\"yoast-schema-graph\">{\"@context\":\"https:\\\/\\\/schema.org\",\"@graph\":[{\"@type\":\"Article\",\"@id\":\"https:\\\/\\\/www.karaoketexty.cz\\\/magazin\\\/olivia-rodrigo-zpevacka\\\/#article\",\"isPartOf\":{\"@id\":\"https:\\\/\\\/www.karaoketexty.cz\\\/magazin\\\/olivia-rodrigo-zpevacka\\\/\"},\"author\":{\"name\":\"Veronika \u0160imkov\u00e1\",\"@id\":\"https:\\\/\\\/www.karaoketexty.cz\\\/magazin\\\/#\\\/schema\\\/person\\\/03220d610ed4cba378a72bac3443f821\"},\"headline\":\"Bude se Olivia Rodrigo vd\u00e1vat? Na soci\u00e1ln\u00edch s\u00edt\u00edch se objevila fotka se z\u00e1hadn\u00fdm prst\u00fdnkem\",\"datePublished\":\"2025-09-11T04:00:00+00:00\",\"dateModified\":\"2025-10-02T07:55:06+00:00\",\"mainEntityOfPage\":{\"@id\":\"https:\\\/\\\/www.karaoketexty.cz\\\/magazin\\\/olivia-rodrigo-zpevacka\\\/\"},\"wordCount\":543,\"commentCount\":0,\"image\":{\"@id\":\"https:\\\/\\\/www.karaoketexty.cz\\\/magazin\\\/olivia-rodrigo-zpevacka\\\/#primaryimage\"},\"thumbnailUrl\":\"https:\\\/\\\/www.karaoketexty.cz\\\/magazin\\\/wp-content\\\/uploads\\\/2025\\\/09\\\/zpevacka-olivia-rodrigo.jpg\",\"keywords\":[\"americk\u00e1 zp\u011bva\u010dka\",\"diamant\",\"High School Musical\",\"Hola\",\"Instagram\",\"l\u00e1ska\",\"Los Angeles\",\"Louis Partridge\",\"Olivia Rodrigo\",\"p\u00e1r celebrit\",\"prsten\",\"spekulace\",\"US Magazine\",\"vztahy celebrit\",\"Zahrani\u010dn\u00ed celebrity\",\"z\u00e1snuby\",\"Zp\u011bva\u010dka\"],\"articleSection\":[\"Celebrity\"],\"inLanguage\":\"cs\",\"potentialAction\":[{\"@type\":\"CommentAction\",\"name\":\"Comment\",\"target\":[\"https:\\\/\\\/www.karaoketexty.cz\\\/magazin\\\/olivia-rodrigo-zpevacka\\\/#respond\"]}]},{\"@type\":\"WebPage\",\"@id\":\"https:\\\/\\\/www.karaoketexty.cz\\\/magazin\\\/olivia-rodrigo-zpevacka\\\/\",\"url\":\"https:\\\/\\\/www.karaoketexty.cz\\\/magazin\\\/olivia-rodrigo-zpevacka\\\/\",\"name\":\"Bude se Olivia Rodrigo vd\u00e1vat nebo ne?\",\"isPartOf\":{\"@id\":\"https:\\\/\\\/www.karaoketexty.cz\\\/magazin\\\/#website\"},\"primaryImageOfPage\":{\"@id\":\"https:\\\/\\\/www.karaoketexty.cz\\\/magazin\\\/olivia-rodrigo-zpevacka\\\/#primaryimage\"},\"image\":{\"@id\":\"https:\\\/\\\/www.karaoketexty.cz\\\/magazin\\\/olivia-rodrigo-zpevacka\\\/#primaryimage\"},\"thumbnailUrl\":\"https:\\\/\\\/www.karaoketexty.cz\\\/magazin\\\/wp-content\\\/uploads\\\/2025\\\/09\\\/zpevacka-olivia-rodrigo.jpg\",\"datePublished\":\"2025-09-11T04:00:00+00:00\",\"dateModified\":\"2025-10-02T07:55:06+00:00\",\"author\":{\"@id\":\"https:\\\/\\\/www.karaoketexty.cz\\\/magazin\\\/#\\\/schema\\\/person\\\/03220d610ed4cba378a72bac3443f821\"},\"description\":\"Olivia Rodrigo se vydala na proch\u00e1zku s p\u0159\u00edtelem a t\u00e9m\u011b\u0159 okam\u017eit\u011b se za\u010dalo spekulovat o tom, zda nen\u00ed zasnouben\u00e1. Za v\u0161e mohl jedin\u00fd prsten.\",\"breadcrumb\":{\"@id\":\"https:\\\/\\\/www.karaoketexty.cz\\\/magazin\\\/olivia-rodrigo-zpevacka\\\/#breadcrumb\"},\"inLanguage\":\"cs\",\"potentialAction\":[{\"@type\":\"ReadAction\",\"target\":[\"https:\\\/\\\/www.karaoketexty.cz\\\/magazin\\\/olivia-rodrigo-zpevacka\\\/\"]}]},{\"@type\":\"ImageObject\",\"inLanguage\":\"cs\",\"@id\":\"https:\\\/\\\/www.karaoketexty.cz\\\/magazin\\\/olivia-rodrigo-zpevacka\\\/#primaryimage\",\"url\":\"https:\\\/\\\/www.karaoketexty.cz\\\/magazin\\\/wp-content\\\/uploads\\\/2025\\\/09\\\/zpevacka-olivia-rodrigo.jpg\",\"contentUrl\":\"https:\\\/\\\/www.karaoketexty.cz\\\/magazin\\\/wp-content\\\/uploads\\\/2025\\\/09\\\/zpevacka-olivia-rodrigo.jpg\",\"width\":1200,\"height\":675,\"caption\":\"Zdroj fotografie: Raph_PH \\\/ Creative Commons \\\/ CC BY-SA\"},{\"@type\":\"BreadcrumbList\",\"@id\":\"https:\\\/\\\/www.karaoketexty.cz\\\/magazin\\\/olivia-rodrigo-zpevacka\\\/#breadcrumb\",\"itemListElement\":[{\"@type\":\"ListItem\",\"position\":1,\"name\":\"Dom\u016f\",\"item\":\"https:\\\/\\\/www.karaoketexty.cz\\\/magazin\\\/\"},{\"@type\":\"ListItem\",\"position\":2,\"name\":\"Bude se Olivia Rodrigo vd\u00e1vat? Na soci\u00e1ln\u00edch s\u00edt\u00edch se objevila fotka se z\u00e1hadn\u00fdm prst\u00fdnkem\"}]},{\"@type\":\"WebSite\",\"@id\":\"https:\\\/\\\/www.karaoketexty.cz\\\/magazin\\\/#website\",\"url\":\"https:\\\/\\\/www.karaoketexty.cz\\\/magazin\\\/\",\"name\":\"Stars Magaz\u00edn Karaoketexty.cz\",\"description\":\"Stars Magaz\u00edn na Karaoketexty.cz je zam\u011b\u0159en\u00fd na novinky ze sv\u011bta hudby a celebrit. Obsahuje \u010dl\u00e1nky o zp\u011bv\u00e1c\u00edch, kapel\u00e1ch, nov\u00fdch albech, hudebn\u00edch trendech a dal\u0161\u00edch zaj\u00edmavostech z hudebn\u00edho pr\u016fmyslu.\",\"potentialAction\":[{\"@type\":\"SearchAction\",\"target\":{\"@type\":\"EntryPoint\",\"urlTemplate\":\"https:\\\/\\\/www.karaoketexty.cz\\\/magazin\\\/?s={search_term_string}\"},\"query-input\":{\"@type\":\"PropertyValueSpecification\",\"valueRequired\":true,\"valueName\":\"search_term_string\"}}],\"inLanguage\":\"cs\"},{\"@type\":\"Person\",\"@id\":\"https:\\\/\\\/www.karaoketexty.cz\\\/magazin\\\/#\\\/schema\\\/person\\\/03220d610ed4cba378a72bac3443f821\",\"name\":\"Veronika \u0160imkov\u00e1\",\"image\":{\"@type\":\"ImageObject\",\"inLanguage\":\"cs\",\"@id\":\"https:\\\/\\\/secure.gravatar.com\\\/avatar\\\/62af9cda83322200aaf20e60d0442fbca254ce18c0ffdcaaf83de31493c941a5?s=96&d=mm&r=g\",\"url\":\"https:\\\/\\\/secure.gravatar.com\\\/avatar\\\/62af9cda83322200aaf20e60d0442fbca254ce18c0ffdcaaf83de31493c941a5?s=96&d=mm&r=g\",\"contentUrl\":\"https:\\\/\\\/secure.gravatar.com\\\/avatar\\\/62af9cda83322200aaf20e60d0442fbca254ce18c0ffdcaaf83de31493c941a5?s=96&d=mm&r=g\",\"caption\":\"Veronika \u0160imkov\u00e1\"},\"url\":\"https:\\\/\\\/www.karaoketexty.cz\\\/magazin\\\/author\\\/veronikasimkova\\\/\"}]}<\/script>\n<!-- \/ Yoast SEO plugin. -->","yoast_head_json":{"title":"Bude se Olivia Rodrigo vd\u00e1vat nebo ne?","description":"Olivia Rodrigo se vydala na proch\u00e1zku s p\u0159\u00edtelem a t\u00e9m\u011b\u0159 okam\u017eit\u011b se za\u010dalo spekulovat o tom, zda nen\u00ed zasnouben\u00e1. Za v\u0161e mohl jedin\u00fd prsten.","robots":{"index":"index","follow":"follow","max-snippet":"max-snippet:-1","max-image-preview":"max-image-preview:large","max-video-preview":"max-video-preview:-1"},"canonical":"https:\/\/www.karaoketexty.cz\/magazin\/olivia-rodrigo-zpevacka\/","og_locale":"cs_CZ","og_type":"article","og_title":"Bude se Olivia Rodrigo vd\u00e1vat nebo ne?","og_description":"Olivia Rodrigo se vydala na proch\u00e1zku s p\u0159\u00edtelem a t\u00e9m\u011b\u0159 okam\u017eit\u011b se za\u010dalo spekulovat o tom, zda nen\u00ed zasnouben\u00e1. Za v\u0161e mohl jedin\u00fd prsten.","og_url":"https:\/\/www.karaoketexty.cz\/magazin\/olivia-rodrigo-zpevacka\/","og_site_name":"Stars Magaz\u00edn Karaoketexty.cz","article_published_time":"2025-09-11T04:00:00+00:00","article_modified_time":"2025-10-02T07:55:06+00:00","og_image":[{"width":1200,"height":675,"url":"https:\/\/www.karaoketexty.cz\/magazin\/wp-content\/uploads\/2025\/09\/zpevacka-olivia-rodrigo.jpg","type":"image\/jpeg"}],"author":"Veronika \u0160imkov\u00e1","twitter_card":"summary_large_image","twitter_misc":{"Napsal(a)":"Veronika \u0160imkov\u00e1","Odhadovan\u00e1 doba \u010dten\u00ed":"3 minuty"},"schema":{"@context":"https:\/\/schema.org","@graph":[{"@type":"Article","@id":"https:\/\/www.karaoketexty.cz\/magazin\/olivia-rodrigo-zpevacka\/#article","isPartOf":{"@id":"https:\/\/www.karaoketexty.cz\/magazin\/olivia-rodrigo-zpevacka\/"},"author":{"name":"Veronika \u0160imkov\u00e1","@id":"https:\/\/www.karaoketexty.cz\/magazin\/#\/schema\/person\/03220d610ed4cba378a72bac3443f821"},"headline":"Bude se Olivia Rodrigo vd\u00e1vat? Na soci\u00e1ln\u00edch s\u00edt\u00edch se objevila fotka se z\u00e1hadn\u00fdm prst\u00fdnkem","datePublished":"2025-09-11T04:00:00+00:00","dateModified":"2025-10-02T07:55:06+00:00","mainEntityOfPage":{"@id":"https:\/\/www.karaoketexty.cz\/magazin\/olivia-rodrigo-zpevacka\/"},"wordCount":543,"commentCount":0,"image":{"@id":"https:\/\/www.karaoketexty.cz\/magazin\/olivia-rodrigo-zpevacka\/#primaryimage"},"thumbnailUrl":"https:\/\/www.karaoketexty.cz\/magazin\/wp-content\/uploads\/2025\/09\/zpevacka-olivia-rodrigo.jpg","keywords":["americk\u00e1 zp\u011bva\u010dka","diamant","High School Musical","Hola","Instagram","l\u00e1ska","Los Angeles","Louis Partridge","Olivia Rodrigo","p\u00e1r celebrit","prsten","spekulace","US Magazine","vztahy celebrit","Zahrani\u010dn\u00ed celebrity","z\u00e1snuby","Zp\u011bva\u010dka"],"articleSection":["Celebrity"],"inLanguage":"cs","potentialAction":[{"@type":"CommentAction","name":"Comment","target":["https:\/\/www.karaoketexty.cz\/magazin\/olivia-rodrigo-zpevacka\/#respond"]}]},{"@type":"WebPage","@id":"https:\/\/www.karaoketexty.cz\/magazin\/olivia-rodrigo-zpevacka\/","url":"https:\/\/www.karaoketexty.cz\/magazin\/olivia-rodrigo-zpevacka\/","name":"Bude se Olivia Rodrigo vd\u00e1vat nebo ne?","isPartOf":{"@id":"https:\/\/www.karaoketexty.cz\/magazin\/#website"},"primaryImageOfPage":{"@id":"https:\/\/www.karaoketexty.cz\/magazin\/olivia-rodrigo-zpevacka\/#primaryimage"},"image":{"@id":"https:\/\/www.karaoketexty.cz\/magazin\/olivia-rodrigo-zpevacka\/#primaryimage"},"thumbnailUrl":"https:\/\/www.karaoketexty.cz\/magazin\/wp-content\/uploads\/2025\/09\/zpevacka-olivia-rodrigo.jpg","datePublished":"2025-09-11T04:00:00+00:00","dateModified":"2025-10-02T07:55:06+00:00","author":{"@id":"https:\/\/www.karaoketexty.cz\/magazin\/#\/schema\/person\/03220d610ed4cba378a72bac3443f821"},"description":"Olivia Rodrigo se vydala na proch\u00e1zku s p\u0159\u00edtelem a t\u00e9m\u011b\u0159 okam\u017eit\u011b se za\u010dalo spekulovat o tom, zda nen\u00ed zasnouben\u00e1. Za v\u0161e mohl jedin\u00fd prsten.","breadcrumb":{"@id":"https:\/\/www.karaoketexty.cz\/magazin\/olivia-rodrigo-zpevacka\/#breadcrumb"},"inLanguage":"cs","potentialAction":[{"@type":"ReadAction","target":["https:\/\/www.karaoketexty.cz\/magazin\/olivia-rodrigo-zpevacka\/"]}]},{"@type":"ImageObject","inLanguage":"cs","@id":"https:\/\/www.karaoketexty.cz\/magazin\/olivia-rodrigo-zpevacka\/#primaryimage","url":"https:\/\/www.karaoketexty.cz\/magazin\/wp-content\/uploads\/2025\/09\/zpevacka-olivia-rodrigo.jpg","contentUrl":"https:\/\/www.karaoketexty.cz\/magazin\/wp-content\/uploads\/2025\/09\/zpevacka-olivia-rodrigo.jpg","width":1200,"height":675,"caption":"Zdroj fotografie: Raph_PH \/ Creative Commons \/ CC BY-SA"},{"@type":"BreadcrumbList","@id":"https:\/\/www.karaoketexty.cz\/magazin\/olivia-rodrigo-zpevacka\/#breadcrumb","itemListElement":[{"@type":"ListItem","position":1,"name":"Dom\u016f","item":"https:\/\/www.karaoketexty.cz\/magazin\/"},{"@type":"ListItem","position":2,"name":"Bude se Olivia Rodrigo vd\u00e1vat? Na soci\u00e1ln\u00edch s\u00edt\u00edch se objevila fotka se z\u00e1hadn\u00fdm prst\u00fdnkem"}]},{"@type":"WebSite","@id":"https:\/\/www.karaoketexty.cz\/magazin\/#website","url":"https:\/\/www.karaoketexty.cz\/magazin\/","name":"Stars Magaz\u00edn Karaoketexty.cz","description":"Stars Magaz\u00edn na Karaoketexty.cz je zam\u011b\u0159en\u00fd na novinky ze sv\u011bta hudby a celebrit. Obsahuje \u010dl\u00e1nky o zp\u011bv\u00e1c\u00edch, kapel\u00e1ch, nov\u00fdch albech, hudebn\u00edch trendech a dal\u0161\u00edch zaj\u00edmavostech z hudebn\u00edho pr\u016fmyslu.","potentialAction":[{"@type":"SearchAction","target":{"@type":"EntryPoint","urlTemplate":"https:\/\/www.karaoketexty.cz\/magazin\/?s={search_term_string}"},"query-input":{"@type":"PropertyValueSpecification","valueRequired":true,"valueName":"search_term_string"}}],"inLanguage":"cs"},{"@type":"Person","@id":"https:\/\/www.karaoketexty.cz\/magazin\/#\/schema\/person\/03220d610ed4cba378a72bac3443f821","name":"Veronika \u0160imkov\u00e1","image":{"@type":"ImageObject","inLanguage":"cs","@id":"https:\/\/secure.gravatar.com\/avatar\/62af9cda83322200aaf20e60d0442fbca254ce18c0ffdcaaf83de31493c941a5?s=96&d=mm&r=g","url":"https:\/\/secure.gravatar.com\/avatar\/62af9cda83322200aaf20e60d0442fbca254ce18c0ffdcaaf83de31493c941a5?s=96&d=mm&r=g","contentUrl":"https:\/\/secure.gravatar.com\/avatar\/62af9cda83322200aaf20e60d0442fbca254ce18c0ffdcaaf83de31493c941a5?s=96&d=mm&r=g","caption":"Veronika \u0160imkov\u00e1"},"url":"https:\/\/www.karaoketexty.cz\/magazin\/author\/veronikasimkova\/"}]}},"_links":{"self":[{"href":"https:\/\/www.karaoketexty.cz\/magazin\/wp-json\/wp\/v2\/posts\/2567","targetHints":{"allow":["GET"]}}],"collection":[{"href":"https:\/\/www.karaoketexty.cz\/magazin\/wp-json\/wp\/v2\/posts"}],"about":[{"href":"https:\/\/www.karaoketexty.cz\/magazin\/wp-json\/wp\/v2\/types\/post"}],"author":[{"embeddable":true,"href":"https:\/\/www.karaoketexty.cz\/magazin\/wp-json\/wp\/v2\/users\/5"}],"replies":[{"embeddable":true,"href":"https:\/\/www.karaoketexty.cz\/magazin\/wp-json\/wp\/v2\/comments?post=2567"}],"version-history":[{"count":5,"href":"https:\/\/www.karaoketexty.cz\/magazin\/wp-json\/wp\/v2\/posts\/2567\/revisions"}],"predecessor-version":[{"id":3289,"href":"https:\/\/www.karaoketexty.cz\/magazin\/wp-json\/wp\/v2\/posts\/2567\/revisions\/3289"}],"wp:featuredmedia":[{"embeddable":true,"href":"https:\/\/www.karaoketexty.cz\/magazin\/wp-json\/wp\/v2\/media\/2568"}],"wp:attachment":[{"href":"https:\/\/www.karaoketexty.cz\/magazin\/wp-json\/wp\/v2\/media?parent=2567"}],"wp:term":[{"taxonomy":"category","embeddable":true,"href":"https:\/\/www.karaoketexty.cz\/magazin\/wp-json\/wp\/v2\/categories?post=2567"},{"taxonomy":"post_tag","embeddable":true,"href":"https:\/\/www.karaoketexty.cz\/magazin\/wp-json\/wp\/v2\/tags?post=2567"}],"curies":[{"name":"wp","href":"https:\/\/api.w.org\/{rel}","templated":true}]}}