{"id":2564,"date":"2025-09-11T05:00:00","date_gmt":"2025-09-11T03:00:00","guid":{"rendered":"https:\/\/www.karaoketexty.cz\/magazin\/?p=2564"},"modified":"2025-09-10T13:47:11","modified_gmt":"2025-09-10T11:47:11","slug":"ennio-morricone-syn-koncert","status":"publish","type":"post","link":"https:\/\/www.karaoketexty.cz\/magazin\/ennio-morricone-syn-koncert\/","title":{"rendered":"Ennio Morricone bude m\u00edt v Praze poctu od syna"},"content":{"rendered":"\n<p><strong>Ennio Morricone se po \u0161esti letech vrac\u00ed do Prahy. Tentokr\u00e1t v\u0161ak pod taktovkou sv\u00e9ho syna Andrey Morriconeho s orchestrem The City of Prague Philharmonic Orchestra.<\/strong><\/p>\n\n\n\n<p>Pra\u017esk\u00e9 O2 universum se letos v listopadu stane d\u011bji\u0161t\u011bm mimo\u0159\u00e1dn\u00e9 hudebn\u00ed ud\u00e1losti. U\u017e 7. listopadu tam toti\u017e zazn\u00ed koncert Ennio Morricone Celebration, kter\u00fd p\u0159ipomene tvorbu legend\u00e1rn\u00edho skladatele filmov\u00e9 hudby. Program p\u0159ipravil a osobn\u011b povede jeho syn Andrea Morricone, jen\u017e bude \u0159\u00eddit The City of Prague Philharmonic Orchestra a sbor.<\/p>\n\n\n<!-- karaoketexty.cz \/ rectangle2 -->\n<div id=\"PX_37086_709110796310826\"><\/div>\n<script>\n   if(!useMobileAds && !boolUseSeznamAds && !hideAllAds){\n     window.px2 = window.px2 || { conf: {},queue: [] };\n     px2.queue.push(function () {\n        px2.render({\n           slot: {\n              id: 37086\n           },\n            elem: \"PX_37086_709110796310826\"\n        })\n     });\n  }\n<\/script>\n\n<!-- karaoketexty.cz \/ mobile-rectangle3 -->\n<div id=\"PX_37044_714599773297004\"><\/div>\n<script>\n   if(useMobileAds && !boolUseSeznamAds && !hideAllAds){\nwindow.px2 = window.px2 || { conf: {},queue: [] };\npx2.queue.push(function () {\n\tpx2.render({\n\t\tslot: {\n\t\t\tid: 37044\n\t\t},\n\t\telem: \"PX_37044_714599773297004\"\n\t})\n});\n}\n<\/script>\n\n\n<h2 class=\"wp-block-heading\">Ennio Morricone v Praze<\/h2>\n\n\n\n<p>Ennio Morricone pat\u0159\u00ed mezi nejv\u00fdznamn\u011bj\u0161\u00ed hudebn\u00ed skladatele na sv\u011bt\u011b a jeho melodie se staly sou\u010d\u00e1st\u00ed v\u00edce ne\u017e 500 film\u016f a seri\u00e1l\u016f. Jeho hudbu jste mohli sly\u0161et nap\u0159\u00edklad ve filmech jako jsou Osm hrozn\u00fdch, Hamlet, V pasti nebo Tenkr\u00e1t na Z\u00e1pad\u011b. Mnohokr\u00e1t se uk\u00e1zal i v \u010cesk\u00e9 republice a naposledy jste jeho hudbu na\u017eivo mohli u n\u00e1s sly\u0161et v roce 2019. A\u010dkoliv n\u00e1s v roce 2020 ve v\u011bku 91 let nav\u017edy opustil, jeho hudba bude \u017e\u00edt nav\u017edy.<\/p>\n\n\n<!-- karaoketexty.cz \/ interscroller1 -->\n\n<div id=\"PX_37041_825057871452834\"><\/div>\n<script>\nif(useMobileAds && !boolUseSeznamAds && !hideAllAds){\n\twindow.px2 = window.px2 || { conf: {},queue: [] };\n\tpx2.queue.push(function () {\n\t\tpx2.render({\n\t\t\tslot: {\n\t\t\t\tid: 37041\n\t\t\t},\n\t\t\telem: \"PX_37041_825057871452834\"\n\t\t})\n\t});\n}\n<\/script>\n\n\n<p>D\u016fkazem toho je i koncert v pra\u017esk\u00e9m O2 universum, kter\u00fd se uskute\u010dn\u00ed u\u017e 7. listopadu leto\u0161n\u00edho roku. O program se postaral syn Andrea Morricone a hudbu dopln\u00ed projekce ikonick\u00fdch filmov\u00fdch sc\u00e9n i archivn\u00edch z\u00e1b\u011br\u016f. Na p\u00f3diu se p\u0159edstav\u00ed tak\u00e9 dlouholet\u00ed Morriconeho spolupracovn\u00edci \u2013 mezi nimi kytarista Rocco Zifarelli, sopranistka Vittoriana De Amicis, klav\u00edrista Antonello Maio, baskytarista Giovanni Civitenga, buben\u00edk Massimo D\u2019Agostino \u010di sbormistr Stefano Cucci.<\/p>\n\n\n\n<h2 class=\"wp-block-heading\">Dok\u00e1zal mnoh\u00e9<\/h2>\n\n\n\n<p>Ennio Morricone se narodil v roce 1928, vystudoval konzervato\u0159 a u\u017e ve sv\u00fdch 34 letech za\u010dal skl\u00e1dat hudbu pro filmy. T\u011bch, kter\u00fdm nakonec prop\u016fj\u010dil sv\u00e9 melodie, bylo v\u00edce ne\u017e 500, srdce div\u00e1k\u016f a milovn\u00edk\u016f filmov\u00e9 hudby si v\u0161ak z\u00edskal p\u0159edev\u0161\u00edm d\u00edky western\u016fm. V\u016fbec nejslavn\u011bj\u0161\u00ed melodie vytvo\u0159il pro film Tenkr\u00e1t na Z\u00e1pad\u011b (1968), kter\u00fd dodnes pat\u0159\u00ed mezi nejoce\u0148ovan\u011bj\u0161\u00ed a nejobl\u00edben\u011bj\u0161\u00ed filmov\u00e9 po\u010diny v historii.<\/p>\n\n\n\n<figure class=\"wp-block-embed is-type-video is-provider-youtube wp-block-embed-youtube wp-embed-aspect-4-3 wp-has-aspect-ratio\"><div class=\"wp-block-embed__wrapper\">\n<iframe title=\"Ennio Morricone - Once upon a time in the West (Sergio Leone film)\" width=\"500\" height=\"375\" src=\"https:\/\/www.youtube.com\/embed\/2s0-wbXC3pQ?feature=oembed\" frameborder=\"0\" allow=\"accelerometer; autoplay; clipboard-write; encrypted-media; gyroscope; picture-in-picture; web-share\" referrerpolicy=\"strict-origin-when-cross-origin\" allowfullscreen><\/iframe>\n<\/div><\/figure>\n\n\n\n<p>Co rozhodn\u011b stoj\u00ed za zm\u00ednku, je i jeho vztah k \u010cesk\u00e9 republice. B\u011bhem sv\u00e9ho \u017eivota spolupracoval hned n\u011bkolikr\u00e1t s p\u0159edn\u00edmi \u010desk\u00fdmi orchestry a pr\u00e1v\u011b s \u010cesk\u00fdm n\u00e1rodn\u00edm symfonick\u00fdm orchestrem nahr\u00e1l hudbu ocen\u011bnou Oscarem k filmu Osm hrozn\u00fdch.<\/p>\n\n\n\n<p>Zdroj: Autorsk\u00fd text, <a href=\"https:\/\/cs.wikipedia.org\/wiki\/Ennio_Morricone\">Wikipedia<\/a>, <a href=\"https:\/\/www.csfd.cz\/tvurce\/22532-ennio-morricone\/prehled\/\">\u010cSFD<\/a>, <a href=\"https:\/\/www.o2universum.cz\/events\/ennio-morricone-celebration-concert\/\">O2 Universum<\/a><\/p>\n\n\n            <a href=\"https:\/\/www.karaoketexty.cz\/magazin\/sting-se-vraci-do-brna-s-mensi-kapelou-ale-s-velkymi-hity-i-zazitky\/\" class=\"related-post-link\">\n                <div class=\"post-thumbnail\">\n                    <img decoding=\"async\" width=\"250\" height=\"167\" src=\"https:\/\/www.karaoketexty.cz\/magazin\/wp-content\/uploads\/2025\/07\/sting.jpg\" class=\"attachment-250x180 size-250x180 not-transparent\" alt=\"Fotografie ke \u010dl\u00e1nku: Sting se vrac\u00ed do Brna. S men\u0161\u00ed kapelou, ale s velk\u00fdmi hity i z\u00e1\u017eitky\" srcset=\"https:\/\/www.karaoketexty.cz\/magazin\/wp-content\/uploads\/2025\/07\/sting.jpg 1200w, https:\/\/www.karaoketexty.cz\/magazin\/wp-content\/uploads\/2025\/07\/sting-300x200.jpg 300w, https:\/\/www.karaoketexty.cz\/magazin\/wp-content\/uploads\/2025\/07\/sting-1024x683.jpg 1024w, https:\/\/www.karaoketexty.cz\/magazin\/wp-content\/uploads\/2025\/07\/sting-768x512.jpg 768w, https:\/\/www.karaoketexty.cz\/magazin\/wp-content\/uploads\/2025\/07\/sting-800x533.jpg 800w\" sizes=\"(max-width: 250px) 100vw, 250px\" data-has-transparency=\"false\" data-dominant-color=\"1e203f\" style=\"--dominant-color: #1e203f;\" \/>                <\/div>\n                <div class=\"post-details\">\n                    <span class=\"also-read\">\u010ct\u011bte tak\u00e9:<\/span>\n                    <h3 class=\"hed\">Sting se vrac\u00ed do Brna. S men\u0161\u00ed kapelou, ale s velk\u00fdmi hity i z\u00e1\u017eitky<\/h3>\n                <\/div>\n            <\/a>\n            \n\n            <a href=\"https:\/\/www.karaoketexty.cz\/magazin\/vojtech-dyk-prekvapil-coverem-ewy-farne-fanousci-byli-nadseni-oba-interpreti-sbiraji-uspechy\/\" class=\"related-post-link\">\n                <div class=\"post-thumbnail\">\n                    <img decoding=\"async\" width=\"250\" height=\"162\" src=\"https:\/\/www.karaoketexty.cz\/magazin\/wp-content\/uploads\/2025\/08\/vojta-dyk.jpg\" class=\"attachment-250x180 size-250x180 not-transparent\" alt=\"Fotografie Vojty Dyka\" srcset=\"https:\/\/www.karaoketexty.cz\/magazin\/wp-content\/uploads\/2025\/08\/vojta-dyk.jpg 1200w, https:\/\/www.karaoketexty.cz\/magazin\/wp-content\/uploads\/2025\/08\/vojta-dyk-300x194.jpg 300w, https:\/\/www.karaoketexty.cz\/magazin\/wp-content\/uploads\/2025\/08\/vojta-dyk-1024x662.jpg 1024w, https:\/\/www.karaoketexty.cz\/magazin\/wp-content\/uploads\/2025\/08\/vojta-dyk-768x497.jpg 768w\" sizes=\"(max-width: 250px) 100vw, 250px\" data-has-transparency=\"false\" data-dominant-color=\"6a5247\" style=\"--dominant-color: #6a5247;\" \/>                <\/div>\n                <div class=\"post-details\">\n                    <span class=\"also-read\">\u010ct\u011bte tak\u00e9:<\/span>\n                    <h3 class=\"hed\">Vojt\u011bch Dyk p\u0159ekvapil coverem Ewy Farne. Fanou\u0161ci byli nad\u0161en\u00ed, oba interpreti sb\u00edraj\u00ed \u00fasp\u011bchy<\/h3>\n                <\/div>\n            <\/a>\n            ","protected":false},"excerpt":{"rendered":"<p>Hudba Ennio Morriconeho se po \u0161esti letech vrac\u00ed do Prahy. Tentokr\u00e1t v\u0161ak pod taktovkou sv\u00e9ho syna Andrey Morriconeho s orchestrem The City of Prague Philharmonic Orchestra.<\/p>\n","protected":false},"author":5,"featured_media":2565,"comment_status":"open","ping_status":"closed","sticky":false,"template":"","format":"standard","meta":{"_yoast_wpseo_title":"Ennio Morricone bude m\u00edt v Praze poctu od syna","_yoast_wpseo_metadesc":"Ennio Morricone se po \u0161esti letech vrac\u00ed do Prahy \u2013 tentokr\u00e1t v\u0161ak pod taktovkou sv\u00e9ho syna Andrey Morriconeho s orchestrem.","footnotes":""},"categories":[1059],"tags":[1690,1681,1695,1692,1691,1689,1617,1281,1696,1642,707,399,367,136,1698,1627,1682,1684,1687,882,1693,1683,1699,1686,1697,370,1688,1694,1685,636,526,28],"class_list":["post-2564","post","type-post","status-publish","format-standard","has-post-thumbnail","hentry","category-celebrity","tag-1690","tag-andrea-morricone","tag-antonello-maio","tag-cesky-narodni-symfonicky-orchestr","tag-cesky-orchestr","tag-csfd","tag-ennio-morricone","tag-filmova-hudba","tag-giovanni-civitenga","tag-hamlet","tag-hudebni-ikona","tag-hudebni-legenda","tag-hudebnici","tag-koncert","tag-massimo-dagostino","tag-o2-universum","tag-orchestr","tag-oscary","tag-osm-hroznych","tag-praha","tag-rocco-zifarelli","tag-skladatel-filmove-hudby","tag-stefano-cucci","tag-tenkrat-na-zapade","tag-the-city-of-prague-philharmonic-orchestra","tag-umrti-2","tag-v-pasti","tag-vittoriana-de-amicis","tag-western","tag-wikipedie","tag-youtube","tag-zahranicni-celebrity"],"yoast_head":"<!-- This site is optimized with the Yoast SEO plugin v27.4 - https:\/\/yoast.com\/product\/yoast-seo-wordpress\/ -->\n<title>Ennio Morricone bude m\u00edt v Praze poctu od syna<\/title>\n<meta name=\"description\" content=\"Ennio Morricone se po \u0161esti letech vrac\u00ed do Prahy \u2013 tentokr\u00e1t v\u0161ak pod taktovkou sv\u00e9ho syna Andrey Morriconeho s orchestrem.\" \/>\n<meta name=\"robots\" content=\"index, follow, max-snippet:-1, max-image-preview:large, max-video-preview:-1\" \/>\n<link rel=\"canonical\" href=\"https:\/\/www.karaoketexty.cz\/magazin\/ennio-morricone-syn-koncert\/\" \/>\n<meta property=\"og:locale\" content=\"cs_CZ\" \/>\n<meta property=\"og:type\" content=\"article\" \/>\n<meta property=\"og:title\" content=\"Ennio Morricone bude m\u00edt v Praze poctu od syna\" \/>\n<meta property=\"og:description\" content=\"Ennio Morricone se po \u0161esti letech vrac\u00ed do Prahy \u2013 tentokr\u00e1t v\u0161ak pod taktovkou sv\u00e9ho syna Andrey Morriconeho s orchestrem.\" \/>\n<meta property=\"og:url\" content=\"https:\/\/www.karaoketexty.cz\/magazin\/ennio-morricone-syn-koncert\/\" \/>\n<meta property=\"og:site_name\" content=\"Stars Magaz\u00edn Karaoketexty.cz\" \/>\n<meta property=\"article:published_time\" content=\"2025-09-11T03:00:00+00:00\" \/>\n<meta property=\"og:image\" content=\"https:\/\/www.karaoketexty.cz\/magazin\/wp-content\/uploads\/2025\/09\/skladatel-Ennio-Morricone.jpg\" \/>\n\t<meta property=\"og:image:width\" content=\"1200\" \/>\n\t<meta property=\"og:image:height\" content=\"675\" \/>\n\t<meta property=\"og:image:type\" content=\"image\/jpeg\" \/>\n<meta name=\"author\" content=\"Veronika \u0160imkov\u00e1\" \/>\n<meta name=\"twitter:card\" content=\"summary_large_image\" \/>\n<meta name=\"twitter:label1\" content=\"Napsal(a)\" \/>\n\t<meta name=\"twitter:data1\" content=\"Veronika \u0160imkov\u00e1\" \/>\n\t<meta name=\"twitter:label2\" content=\"Odhadovan\u00e1 doba \u010dten\u00ed\" \/>\n\t<meta name=\"twitter:data2\" content=\"2 minuty\" \/>\n<script type=\"application\/ld+json\" class=\"yoast-schema-graph\">{\"@context\":\"https:\\\/\\\/schema.org\",\"@graph\":[{\"@type\":\"Article\",\"@id\":\"https:\\\/\\\/www.karaoketexty.cz\\\/magazin\\\/ennio-morricone-syn-koncert\\\/#article\",\"isPartOf\":{\"@id\":\"https:\\\/\\\/www.karaoketexty.cz\\\/magazin\\\/ennio-morricone-syn-koncert\\\/\"},\"author\":{\"name\":\"Veronika \u0160imkov\u00e1\",\"@id\":\"https:\\\/\\\/www.karaoketexty.cz\\\/magazin\\\/#\\\/schema\\\/person\\\/03220d610ed4cba378a72bac3443f821\"},\"headline\":\"Ennio Morricone bude m\u00edt v Praze poctu od syna\",\"datePublished\":\"2025-09-11T03:00:00+00:00\",\"mainEntityOfPage\":{\"@id\":\"https:\\\/\\\/www.karaoketexty.cz\\\/magazin\\\/ennio-morricone-syn-koncert\\\/\"},\"wordCount\":431,\"commentCount\":0,\"image\":{\"@id\":\"https:\\\/\\\/www.karaoketexty.cz\\\/magazin\\\/ennio-morricone-syn-koncert\\\/#primaryimage\"},\"thumbnailUrl\":\"https:\\\/\\\/www.karaoketexty.cz\\\/magazin\\\/wp-content\\\/uploads\\\/2025\\\/09\\\/skladatel-Ennio-Morricone.jpg\",\"keywords\":[\"2024\",\"Andrea Morricone\",\"Antonello Maio\",\"\u010cesk\u00fd n\u00e1rodn\u00ed symfonick\u00fd orchestr\",\"\u010desk\u00fd orchestr\",\"\u010cSFD\",\"Ennio Morricone\",\"filmov\u00e1 hudba\",\"Giovanni Civitenga\",\"Hamlet\",\"hudebn\u00ed ikona\",\"hudebn\u00ed legenda\",\"hudebn\u00edci\",\"koncert\",\"Massimo D\u2019Agostino\",\"O2 Universum\",\"orchestr\",\"Oscary\",\"Osm hrozn\u00fdch\",\"Praha\",\"Rocco Zifarelli\",\"skladatel filmov\u00e9 hudby\",\"Stefano Cucci\",\"Tenkr\u00e1t na Z\u00e1pad\u011b\",\"The City of Prague Philharmonic Orchestra\",\"\u00famrt\u00ed\",\"V pasti\",\"Vittoriana De Amicis\",\"western\",\"Wikipedie\",\"YouTube\",\"Zahrani\u010dn\u00ed celebrity\"],\"articleSection\":[\"Celebrity\"],\"inLanguage\":\"cs\",\"potentialAction\":[{\"@type\":\"CommentAction\",\"name\":\"Comment\",\"target\":[\"https:\\\/\\\/www.karaoketexty.cz\\\/magazin\\\/ennio-morricone-syn-koncert\\\/#respond\"]}]},{\"@type\":\"WebPage\",\"@id\":\"https:\\\/\\\/www.karaoketexty.cz\\\/magazin\\\/ennio-morricone-syn-koncert\\\/\",\"url\":\"https:\\\/\\\/www.karaoketexty.cz\\\/magazin\\\/ennio-morricone-syn-koncert\\\/\",\"name\":\"Ennio Morricone bude m\u00edt v Praze poctu od syna\",\"isPartOf\":{\"@id\":\"https:\\\/\\\/www.karaoketexty.cz\\\/magazin\\\/#website\"},\"primaryImageOfPage\":{\"@id\":\"https:\\\/\\\/www.karaoketexty.cz\\\/magazin\\\/ennio-morricone-syn-koncert\\\/#primaryimage\"},\"image\":{\"@id\":\"https:\\\/\\\/www.karaoketexty.cz\\\/magazin\\\/ennio-morricone-syn-koncert\\\/#primaryimage\"},\"thumbnailUrl\":\"https:\\\/\\\/www.karaoketexty.cz\\\/magazin\\\/wp-content\\\/uploads\\\/2025\\\/09\\\/skladatel-Ennio-Morricone.jpg\",\"datePublished\":\"2025-09-11T03:00:00+00:00\",\"author\":{\"@id\":\"https:\\\/\\\/www.karaoketexty.cz\\\/magazin\\\/#\\\/schema\\\/person\\\/03220d610ed4cba378a72bac3443f821\"},\"description\":\"Ennio Morricone se po \u0161esti letech vrac\u00ed do Prahy \u2013 tentokr\u00e1t v\u0161ak pod taktovkou sv\u00e9ho syna Andrey Morriconeho s orchestrem.\",\"breadcrumb\":{\"@id\":\"https:\\\/\\\/www.karaoketexty.cz\\\/magazin\\\/ennio-morricone-syn-koncert\\\/#breadcrumb\"},\"inLanguage\":\"cs\",\"potentialAction\":[{\"@type\":\"ReadAction\",\"target\":[\"https:\\\/\\\/www.karaoketexty.cz\\\/magazin\\\/ennio-morricone-syn-koncert\\\/\"]}]},{\"@type\":\"ImageObject\",\"inLanguage\":\"cs\",\"@id\":\"https:\\\/\\\/www.karaoketexty.cz\\\/magazin\\\/ennio-morricone-syn-koncert\\\/#primaryimage\",\"url\":\"https:\\\/\\\/www.karaoketexty.cz\\\/magazin\\\/wp-content\\\/uploads\\\/2025\\\/09\\\/skladatel-Ennio-Morricone.jpg\",\"contentUrl\":\"https:\\\/\\\/www.karaoketexty.cz\\\/magazin\\\/wp-content\\\/uploads\\\/2025\\\/09\\\/skladatel-Ennio-Morricone.jpg\",\"width\":1200,\"height\":675,\"caption\":\"Zdroj fotografie: Gonzalo Tello \\\/ Creative Commons \\\/ CC BY-SA\"},{\"@type\":\"BreadcrumbList\",\"@id\":\"https:\\\/\\\/www.karaoketexty.cz\\\/magazin\\\/ennio-morricone-syn-koncert\\\/#breadcrumb\",\"itemListElement\":[{\"@type\":\"ListItem\",\"position\":1,\"name\":\"Dom\u016f\",\"item\":\"https:\\\/\\\/www.karaoketexty.cz\\\/magazin\\\/\"},{\"@type\":\"ListItem\",\"position\":2,\"name\":\"Ennio Morricone bude m\u00edt v Praze poctu od syna\"}]},{\"@type\":\"WebSite\",\"@id\":\"https:\\\/\\\/www.karaoketexty.cz\\\/magazin\\\/#website\",\"url\":\"https:\\\/\\\/www.karaoketexty.cz\\\/magazin\\\/\",\"name\":\"Stars Magaz\u00edn Karaoketexty.cz\",\"description\":\"Stars Magaz\u00edn na Karaoketexty.cz je zam\u011b\u0159en\u00fd na novinky ze sv\u011bta hudby a celebrit. Obsahuje \u010dl\u00e1nky o zp\u011bv\u00e1c\u00edch, kapel\u00e1ch, nov\u00fdch albech, hudebn\u00edch trendech a dal\u0161\u00edch zaj\u00edmavostech z hudebn\u00edho pr\u016fmyslu.\",\"potentialAction\":[{\"@type\":\"SearchAction\",\"target\":{\"@type\":\"EntryPoint\",\"urlTemplate\":\"https:\\\/\\\/www.karaoketexty.cz\\\/magazin\\\/?s={search_term_string}\"},\"query-input\":{\"@type\":\"PropertyValueSpecification\",\"valueRequired\":true,\"valueName\":\"search_term_string\"}}],\"inLanguage\":\"cs\"},{\"@type\":\"Person\",\"@id\":\"https:\\\/\\\/www.karaoketexty.cz\\\/magazin\\\/#\\\/schema\\\/person\\\/03220d610ed4cba378a72bac3443f821\",\"name\":\"Veronika \u0160imkov\u00e1\",\"image\":{\"@type\":\"ImageObject\",\"inLanguage\":\"cs\",\"@id\":\"https:\\\/\\\/secure.gravatar.com\\\/avatar\\\/62af9cda83322200aaf20e60d0442fbca254ce18c0ffdcaaf83de31493c941a5?s=96&d=mm&r=g\",\"url\":\"https:\\\/\\\/secure.gravatar.com\\\/avatar\\\/62af9cda83322200aaf20e60d0442fbca254ce18c0ffdcaaf83de31493c941a5?s=96&d=mm&r=g\",\"contentUrl\":\"https:\\\/\\\/secure.gravatar.com\\\/avatar\\\/62af9cda83322200aaf20e60d0442fbca254ce18c0ffdcaaf83de31493c941a5?s=96&d=mm&r=g\",\"caption\":\"Veronika \u0160imkov\u00e1\"},\"url\":\"https:\\\/\\\/www.karaoketexty.cz\\\/magazin\\\/author\\\/veronikasimkova\\\/\"}]}<\/script>\n<!-- \/ Yoast SEO plugin. -->","yoast_head_json":{"title":"Ennio Morricone bude m\u00edt v Praze poctu od syna","description":"Ennio Morricone se po \u0161esti letech vrac\u00ed do Prahy \u2013 tentokr\u00e1t v\u0161ak pod taktovkou sv\u00e9ho syna Andrey Morriconeho s orchestrem.","robots":{"index":"index","follow":"follow","max-snippet":"max-snippet:-1","max-image-preview":"max-image-preview:large","max-video-preview":"max-video-preview:-1"},"canonical":"https:\/\/www.karaoketexty.cz\/magazin\/ennio-morricone-syn-koncert\/","og_locale":"cs_CZ","og_type":"article","og_title":"Ennio Morricone bude m\u00edt v Praze poctu od syna","og_description":"Ennio Morricone se po \u0161esti letech vrac\u00ed do Prahy \u2013 tentokr\u00e1t v\u0161ak pod taktovkou sv\u00e9ho syna Andrey Morriconeho s orchestrem.","og_url":"https:\/\/www.karaoketexty.cz\/magazin\/ennio-morricone-syn-koncert\/","og_site_name":"Stars Magaz\u00edn Karaoketexty.cz","article_published_time":"2025-09-11T03:00:00+00:00","og_image":[{"width":1200,"height":675,"url":"https:\/\/www.karaoketexty.cz\/magazin\/wp-content\/uploads\/2025\/09\/skladatel-Ennio-Morricone.jpg","type":"image\/jpeg"}],"author":"Veronika \u0160imkov\u00e1","twitter_card":"summary_large_image","twitter_misc":{"Napsal(a)":"Veronika \u0160imkov\u00e1","Odhadovan\u00e1 doba \u010dten\u00ed":"2 minuty"},"schema":{"@context":"https:\/\/schema.org","@graph":[{"@type":"Article","@id":"https:\/\/www.karaoketexty.cz\/magazin\/ennio-morricone-syn-koncert\/#article","isPartOf":{"@id":"https:\/\/www.karaoketexty.cz\/magazin\/ennio-morricone-syn-koncert\/"},"author":{"name":"Veronika \u0160imkov\u00e1","@id":"https:\/\/www.karaoketexty.cz\/magazin\/#\/schema\/person\/03220d610ed4cba378a72bac3443f821"},"headline":"Ennio Morricone bude m\u00edt v Praze poctu od syna","datePublished":"2025-09-11T03:00:00+00:00","mainEntityOfPage":{"@id":"https:\/\/www.karaoketexty.cz\/magazin\/ennio-morricone-syn-koncert\/"},"wordCount":431,"commentCount":0,"image":{"@id":"https:\/\/www.karaoketexty.cz\/magazin\/ennio-morricone-syn-koncert\/#primaryimage"},"thumbnailUrl":"https:\/\/www.karaoketexty.cz\/magazin\/wp-content\/uploads\/2025\/09\/skladatel-Ennio-Morricone.jpg","keywords":["2024","Andrea Morricone","Antonello Maio","\u010cesk\u00fd n\u00e1rodn\u00ed symfonick\u00fd orchestr","\u010desk\u00fd orchestr","\u010cSFD","Ennio Morricone","filmov\u00e1 hudba","Giovanni Civitenga","Hamlet","hudebn\u00ed ikona","hudebn\u00ed legenda","hudebn\u00edci","koncert","Massimo D\u2019Agostino","O2 Universum","orchestr","Oscary","Osm hrozn\u00fdch","Praha","Rocco Zifarelli","skladatel filmov\u00e9 hudby","Stefano Cucci","Tenkr\u00e1t na Z\u00e1pad\u011b","The City of Prague Philharmonic Orchestra","\u00famrt\u00ed","V pasti","Vittoriana De Amicis","western","Wikipedie","YouTube","Zahrani\u010dn\u00ed celebrity"],"articleSection":["Celebrity"],"inLanguage":"cs","potentialAction":[{"@type":"CommentAction","name":"Comment","target":["https:\/\/www.karaoketexty.cz\/magazin\/ennio-morricone-syn-koncert\/#respond"]}]},{"@type":"WebPage","@id":"https:\/\/www.karaoketexty.cz\/magazin\/ennio-morricone-syn-koncert\/","url":"https:\/\/www.karaoketexty.cz\/magazin\/ennio-morricone-syn-koncert\/","name":"Ennio Morricone bude m\u00edt v Praze poctu od syna","isPartOf":{"@id":"https:\/\/www.karaoketexty.cz\/magazin\/#website"},"primaryImageOfPage":{"@id":"https:\/\/www.karaoketexty.cz\/magazin\/ennio-morricone-syn-koncert\/#primaryimage"},"image":{"@id":"https:\/\/www.karaoketexty.cz\/magazin\/ennio-morricone-syn-koncert\/#primaryimage"},"thumbnailUrl":"https:\/\/www.karaoketexty.cz\/magazin\/wp-content\/uploads\/2025\/09\/skladatel-Ennio-Morricone.jpg","datePublished":"2025-09-11T03:00:00+00:00","author":{"@id":"https:\/\/www.karaoketexty.cz\/magazin\/#\/schema\/person\/03220d610ed4cba378a72bac3443f821"},"description":"Ennio Morricone se po \u0161esti letech vrac\u00ed do Prahy \u2013 tentokr\u00e1t v\u0161ak pod taktovkou sv\u00e9ho syna Andrey Morriconeho s orchestrem.","breadcrumb":{"@id":"https:\/\/www.karaoketexty.cz\/magazin\/ennio-morricone-syn-koncert\/#breadcrumb"},"inLanguage":"cs","potentialAction":[{"@type":"ReadAction","target":["https:\/\/www.karaoketexty.cz\/magazin\/ennio-morricone-syn-koncert\/"]}]},{"@type":"ImageObject","inLanguage":"cs","@id":"https:\/\/www.karaoketexty.cz\/magazin\/ennio-morricone-syn-koncert\/#primaryimage","url":"https:\/\/www.karaoketexty.cz\/magazin\/wp-content\/uploads\/2025\/09\/skladatel-Ennio-Morricone.jpg","contentUrl":"https:\/\/www.karaoketexty.cz\/magazin\/wp-content\/uploads\/2025\/09\/skladatel-Ennio-Morricone.jpg","width":1200,"height":675,"caption":"Zdroj fotografie: Gonzalo Tello \/ Creative Commons \/ CC BY-SA"},{"@type":"BreadcrumbList","@id":"https:\/\/www.karaoketexty.cz\/magazin\/ennio-morricone-syn-koncert\/#breadcrumb","itemListElement":[{"@type":"ListItem","position":1,"name":"Dom\u016f","item":"https:\/\/www.karaoketexty.cz\/magazin\/"},{"@type":"ListItem","position":2,"name":"Ennio Morricone bude m\u00edt v Praze poctu od syna"}]},{"@type":"WebSite","@id":"https:\/\/www.karaoketexty.cz\/magazin\/#website","url":"https:\/\/www.karaoketexty.cz\/magazin\/","name":"Stars Magaz\u00edn Karaoketexty.cz","description":"Stars Magaz\u00edn na Karaoketexty.cz je zam\u011b\u0159en\u00fd na novinky ze sv\u011bta hudby a celebrit. Obsahuje \u010dl\u00e1nky o zp\u011bv\u00e1c\u00edch, kapel\u00e1ch, nov\u00fdch albech, hudebn\u00edch trendech a dal\u0161\u00edch zaj\u00edmavostech z hudebn\u00edho pr\u016fmyslu.","potentialAction":[{"@type":"SearchAction","target":{"@type":"EntryPoint","urlTemplate":"https:\/\/www.karaoketexty.cz\/magazin\/?s={search_term_string}"},"query-input":{"@type":"PropertyValueSpecification","valueRequired":true,"valueName":"search_term_string"}}],"inLanguage":"cs"},{"@type":"Person","@id":"https:\/\/www.karaoketexty.cz\/magazin\/#\/schema\/person\/03220d610ed4cba378a72bac3443f821","name":"Veronika \u0160imkov\u00e1","image":{"@type":"ImageObject","inLanguage":"cs","@id":"https:\/\/secure.gravatar.com\/avatar\/62af9cda83322200aaf20e60d0442fbca254ce18c0ffdcaaf83de31493c941a5?s=96&d=mm&r=g","url":"https:\/\/secure.gravatar.com\/avatar\/62af9cda83322200aaf20e60d0442fbca254ce18c0ffdcaaf83de31493c941a5?s=96&d=mm&r=g","contentUrl":"https:\/\/secure.gravatar.com\/avatar\/62af9cda83322200aaf20e60d0442fbca254ce18c0ffdcaaf83de31493c941a5?s=96&d=mm&r=g","caption":"Veronika \u0160imkov\u00e1"},"url":"https:\/\/www.karaoketexty.cz\/magazin\/author\/veronikasimkova\/"}]}},"_links":{"self":[{"href":"https:\/\/www.karaoketexty.cz\/magazin\/wp-json\/wp\/v2\/posts\/2564","targetHints":{"allow":["GET"]}}],"collection":[{"href":"https:\/\/www.karaoketexty.cz\/magazin\/wp-json\/wp\/v2\/posts"}],"about":[{"href":"https:\/\/www.karaoketexty.cz\/magazin\/wp-json\/wp\/v2\/types\/post"}],"author":[{"embeddable":true,"href":"https:\/\/www.karaoketexty.cz\/magazin\/wp-json\/wp\/v2\/users\/5"}],"replies":[{"embeddable":true,"href":"https:\/\/www.karaoketexty.cz\/magazin\/wp-json\/wp\/v2\/comments?post=2564"}],"version-history":[{"count":2,"href":"https:\/\/www.karaoketexty.cz\/magazin\/wp-json\/wp\/v2\/posts\/2564\/revisions"}],"predecessor-version":[{"id":2710,"href":"https:\/\/www.karaoketexty.cz\/magazin\/wp-json\/wp\/v2\/posts\/2564\/revisions\/2710"}],"wp:featuredmedia":[{"embeddable":true,"href":"https:\/\/www.karaoketexty.cz\/magazin\/wp-json\/wp\/v2\/media\/2565"}],"wp:attachment":[{"href":"https:\/\/www.karaoketexty.cz\/magazin\/wp-json\/wp\/v2\/media?parent=2564"}],"wp:term":[{"taxonomy":"category","embeddable":true,"href":"https:\/\/www.karaoketexty.cz\/magazin\/wp-json\/wp\/v2\/categories?post=2564"},{"taxonomy":"post_tag","embeddable":true,"href":"https:\/\/www.karaoketexty.cz\/magazin\/wp-json\/wp\/v2\/tags?post=2564"}],"curies":[{"name":"wp","href":"https:\/\/api.w.org\/{rel}","templated":true}]}}