{"id":2559,"date":"2025-09-10T14:34:00","date_gmt":"2025-09-10T12:34:00","guid":{"rendered":"https:\/\/www.karaoketexty.cz\/magazin\/?p=2559"},"modified":"2025-10-02T09:55:45","modified_gmt":"2025-10-02T07:55:45","slug":"barbora-polakova-zpevacka-zdravi","status":"publish","type":"post","link":"https:\/\/www.karaoketexty.cz\/magazin\/barbora-polakova-zpevacka-zdravi\/","title":{"rendered":"Zp\u011bva\u010dka B\u00e1ra Pol\u00e1kov\u00e1 se zapojila s kapelou \u0164up\u00edci a prezidentem republiky do projektu na podporu zdrav\u00ed"},"content":{"rendered":"\n<p><strong>Barbora Pol\u00e1kov\u00e1 se stala spole\u010dn\u011b s dal\u0161\u00edmi \u010desk\u00fdmi celebritami tv\u00e1\u0159\u00ed kampan\u011b To chce odvahu, aby pomohla zv\u00fd\u0161it pov\u011bdom\u00ed o d\u016fle\u017eitosti du\u0161evn\u00edho zdrav\u00ed.<\/strong><\/p>\n\n\n\n<p>Prezident Petr Pavel s man\u017eelkou Evou, zp\u011bva\u010dka Barbora Pol\u00e1kov\u00e1, herec Jan Cina, kajak\u00e1\u0159 Vav\u0159inec Hradilek nebo snowboardistka Eva Adamczykov\u00e1 se sv\u00fdm mu\u017eem Markem. Ti v\u0161ichni spojili s\u00edly v nov\u00e9 iniciativ\u011b To chce odvahu, kter\u00e1 se zam\u011b\u0159uje na du\u0161evn\u00ed zdrav\u00ed a dostupnou psychickou pomoc.<\/p>\n\n\n<!-- karaoketexty.cz \/ rectangle2 -->\n<div id=\"PX_37086_709110796310826\"><\/div>\n<script>\n   if(!useMobileAds && !boolUseSeznamAds && !hideAllAds){\n     window.px2 = window.px2 || { conf: {},queue: [] };\n     px2.queue.push(function () {\n        px2.render({\n           slot: {\n              id: 37086\n           },\n            elem: \"PX_37086_709110796310826\"\n        })\n     });\n  }\n<\/script>\n\n<!-- karaoketexty.cz \/ mobile-rectangle3 -->\n<div id=\"PX_37044_714599773297004\"><\/div>\n<script>\n   if(useMobileAds && !boolUseSeznamAds && !hideAllAds){\nwindow.px2 = window.px2 || { conf: {},queue: [] };\npx2.queue.push(function () {\n\tpx2.render({\n\t\tslot: {\n\t\t\tid: 37044\n\t\t},\n\t\telem: \"PX_37044_714599773297004\"\n\t})\n});\n}\n<\/script>\n\n\n<h2 class=\"wp-block-heading\">\u0158ekn\u011bte si o pomoc<\/h2>\n\n\n\n<p>Vzhledem ke genera\u010dn\u00edm traumat\u016fm, dopadu pandemie a tak\u00e9 dob\u011b, ve kter\u00e9 dnes \u017eijeme, se s psychick\u00fdmi probl\u00e9my pot\u00fdk\u00e1 opravdu mnoho jedinc\u016f. Jen v roce 2021 se podle Americk\u00e9 psychologick\u00e9 asociace zvedl z\u00e1jem o slu\u017eby psycholog\u016f o 62 % a toto \u010d\u00edslo st\u00e1le roste. P\u0159esto v\u0161ak existuje mnoho jedinc\u016f, kte\u0159\u00ed se sv\u011b\u0159it boj\u00ed \u010di styd\u00ed a sv\u00e9 psychick\u00e9 probl\u00e9my ne\u0159e\u0161\u00ed. Pr\u00e1v\u011b proto vznikla kampa\u0148 To chce odvahu, kter\u00e1 m\u00e1 lidem s psychick\u00fdmi probl\u00e9my pomoci.<\/p>\n\n\n\n<p>\u201e<em>\u0158\u00edct si o pomoc, to chce odvahu,<\/em>\u201c zazn\u00ed hned v \u00favodn\u00edm videu kampan\u011b z \u00fast prezidentsk\u00e9ho p\u00e1ru. Na n\u011b navazuje Barbora Pol\u00e1kov\u00e1, kter\u00e1 v z\u00e1b\u011bru ut\u011b\u0161uje Jana Cinu se slovy: \u201e<em>Plakat, to chce odvahu.<\/em>\u201c Vav\u0159inec Hradilek pak p\u0159ipom\u00edn\u00e1, \u017ee \u201e<em>sv\u011b\u0159it se n\u011bkomu, i to chce odvahu<\/em>\u201c.<\/p>\n\n\n<!-- karaoketexty.cz \/ interscroller1 -->\n\n<div id=\"PX_37041_825057871452834\"><\/div>\n<script>\nif(useMobileAds && !boolUseSeznamAds && !hideAllAds){\n\twindow.px2 = window.px2 || { conf: {},queue: [] };\n\tpx2.queue.push(function () {\n\t\tpx2.render({\n\t\t\tslot: {\n\t\t\t\tid: 37041\n\t\t\t},\n\t\t\telem: \"PX_37041_825057871452834\"\n\t\t})\n\t});\n}\n<\/script>\n\n\n<p>Samotn\u00fd projekt vych\u00e1z\u00ed z \u00fanorov\u00e9ho setk\u00e1n\u00ed prezidenta Pavla se studenty \u010cesk\u00e9 zem\u011bd\u011blsk\u00e9 univerzity. Ti ho tehdy vyzvali, aby se v\u00edce zam\u011b\u0159il na komunikaci t\u00e9mat spojen\u00fdch s du\u0161evn\u00edm zdrav\u00edm. Reakc\u00ed byla spolupr\u00e1ce Kancel\u00e1\u0159e prezidenta republiky s Nada\u010dn\u00edm fondem Flaminia a organizac\u00ed Nevypus\u0165 du\u0161i, kter\u00e1 poskytla odbornou garanci. Na jejich z\u00e1klad\u011b vznikla pr\u00e1v\u011b kampa\u0148 To chce odvahu.<\/p>\n\n\n\n<h2 class=\"wp-block-heading\">Jednou z tv\u00e1\u0159\u00ed je Barbora Pol\u00e1kov\u00e1<\/h2>\n\n\n\n<p>Pr\u00e1v\u011b B\u00e1ra Pol\u00e1kov\u00e1, kter\u00e1 je jednou z tv\u00e1\u0159\u00ed zm\u00edn\u011bn\u00e9 kampan\u011b, mluv\u00ed aktivn\u011b o du\u0161evn\u00edm zdrav\u00ed u\u017e n\u011bkolik let. Sama dokonce vyhled\u00e1vala pomoc terapeut\u016f, a to zvl\u00e1\u0161\u0165 v dob\u011b rozchodu s b\u00fdval\u00fdm partnerem Pavlem Li\u0161kou. \u201eT\u00e9mata jako psychoterapie nebo psychohygiena jsou tak d\u016fle\u017eit\u00e1, \u017ee by podle m\u00e9ho m\u011bla b\u00fdt sou\u010d\u00e1st\u00ed z\u00e1kladn\u00edho vzd\u011bl\u00e1n\u00ed,&#8220; prozradila tenkr\u00e1t pro magaz\u00edn \u017deny.<\/p>\n\n\n\n<blockquote class=\"instagram-media\" data-instgrm-captioned data-instgrm-permalink=\"https:\/\/www.instagram.com\/reel\/DODDTeziOU_\/?utm_source=ig_embed&amp;utm_campaign=loading\" data-instgrm-version=\"14\" style=\" background:#FFF; border:0; border-radius:3px; box-shadow:0 0 1px 0 rgba(0,0,0,0.5),0 1px 10px 0 rgba(0,0,0,0.15); margin: 1px; max-width:540px; min-width:326px; padding:0; width:99.375%; width:-webkit-calc(100% - 2px); width:calc(100% - 2px);\"><div style=\"padding:16px;\"> <a href=\"https:\/\/www.instagram.com\/reel\/DODDTeziOU_\/?utm_source=ig_embed&amp;utm_campaign=loading\" style=\" background:#FFFFFF; line-height:0; padding:0 0; text-align:center; text-decoration:none; width:100%;\" target=\"_blank\"> <div style=\" display: flex; flex-direction: row; align-items: center;\"> <div style=\"background-color: #F4F4F4; border-radius: 50%; flex-grow: 0; height: 40px; margin-right: 14px; width: 40px;\"><\/div> <div style=\"display: flex; flex-direction: column; flex-grow: 1; justify-content: center;\"> <div style=\" background-color: #F4F4F4; border-radius: 4px; flex-grow: 0; height: 14px; margin-bottom: 6px; width: 100px;\"><\/div> <div style=\" background-color: #F4F4F4; border-radius: 4px; flex-grow: 0; height: 14px; width: 60px;\"><\/div><\/div><\/div><div style=\"padding: 19% 0;\"><\/div> <div style=\"display:block; height:50px; margin:0 auto 12px; width:50px;\"><svg width=\"50px\" height=\"50px\" viewBox=\"0 0 60 60\" version=\"1.1\" xmlns=\"https:\/\/www.w3.org\/2000\/svg\" xmlns:xlink=\"https:\/\/www.w3.org\/1999\/xlink\"><g stroke=\"none\" stroke-width=\"1\" fill=\"none\" fill-rule=\"evenodd\"><g transform=\"translate(-511.000000, -20.000000)\" fill=\"#000000\"><g><path d=\"M556.869,30.41 C554.814,30.41 553.148,32.076 553.148,34.131 C553.148,36.186 554.814,37.852 556.869,37.852 C558.924,37.852 560.59,36.186 560.59,34.131 C560.59,32.076 558.924,30.41 556.869,30.41 M541,60.657 C535.114,60.657 530.342,55.887 530.342,50 C530.342,44.114 535.114,39.342 541,39.342 C546.887,39.342 551.658,44.114 551.658,50 C551.658,55.887 546.887,60.657 541,60.657 M541,33.886 C532.1,33.886 524.886,41.1 524.886,50 C524.886,58.899 532.1,66.113 541,66.113 C549.9,66.113 557.115,58.899 557.115,50 C557.115,41.1 549.9,33.886 541,33.886 M565.378,62.101 C565.244,65.022 564.756,66.606 564.346,67.663 C563.803,69.06 563.154,70.057 562.106,71.106 C561.058,72.155 560.06,72.803 558.662,73.347 C557.607,73.757 556.021,74.244 553.102,74.378 C549.944,74.521 548.997,74.552 541,74.552 C533.003,74.552 532.056,74.521 528.898,74.378 C525.979,74.244 524.393,73.757 523.338,73.347 C521.94,72.803 520.942,72.155 519.894,71.106 C518.846,70.057 518.197,69.06 517.654,67.663 C517.244,66.606 516.755,65.022 516.623,62.101 C516.479,58.943 516.448,57.996 516.448,50 C516.448,42.003 516.479,41.056 516.623,37.899 C516.755,34.978 517.244,33.391 517.654,32.338 C518.197,30.938 518.846,29.942 519.894,28.894 C520.942,27.846 521.94,27.196 523.338,26.654 C524.393,26.244 525.979,25.756 528.898,25.623 C532.057,25.479 533.004,25.448 541,25.448 C548.997,25.448 549.943,25.479 553.102,25.623 C556.021,25.756 557.607,26.244 558.662,26.654 C560.06,27.196 561.058,27.846 562.106,28.894 C563.154,29.942 563.803,30.938 564.346,32.338 C564.756,33.391 565.244,34.978 565.378,37.899 C565.522,41.056 565.552,42.003 565.552,50 C565.552,57.996 565.522,58.943 565.378,62.101 M570.82,37.631 C570.674,34.438 570.167,32.258 569.425,30.349 C568.659,28.377 567.633,26.702 565.965,25.035 C564.297,23.368 562.623,22.342 560.652,21.575 C558.743,20.834 556.562,20.326 553.369,20.18 C550.169,20.033 549.148,20 541,20 C532.853,20 531.831,20.033 528.631,20.18 C525.438,20.326 523.257,20.834 521.349,21.575 C519.376,22.342 517.703,23.368 516.035,25.035 C514.368,26.702 513.342,28.377 512.574,30.349 C511.834,32.258 511.326,34.438 511.181,37.631 C511.035,40.831 511,41.851 511,50 C511,58.147 511.035,59.17 511.181,62.369 C511.326,65.562 511.834,67.743 512.574,69.651 C513.342,71.625 514.368,73.296 516.035,74.965 C517.703,76.634 519.376,77.658 521.349,78.425 C523.257,79.167 525.438,79.673 528.631,79.82 C531.831,79.965 532.853,80.001 541,80.001 C549.148,80.001 550.169,79.965 553.369,79.82 C556.562,79.673 558.743,79.167 560.652,78.425 C562.623,77.658 564.297,76.634 565.965,74.965 C567.633,73.296 568.659,71.625 569.425,69.651 C570.167,67.743 570.674,65.562 570.82,62.369 C570.966,59.17 571,58.147 571,50 C571,41.851 570.966,40.831 570.82,37.631\"><\/path><\/g><\/g><\/g><\/svg><\/div><div style=\"padding-top: 8px;\"> <div style=\" color:#3897f0; font-family:Arial,sans-serif; font-size:14px; font-style:normal; font-weight:550; line-height:18px;\">Zobrazit p\u0159\u00edsp\u011bvek na Instagramu<\/div><\/div><div style=\"padding: 12.5% 0;\"><\/div> <div style=\"display: flex; flex-direction: row; margin-bottom: 14px; align-items: center;\"><div> <div style=\"background-color: #F4F4F4; border-radius: 50%; height: 12.5px; width: 12.5px; transform: translateX(0px) translateY(7px);\"><\/div> <div style=\"background-color: #F4F4F4; height: 12.5px; transform: rotate(-45deg) translateX(3px) translateY(1px); width: 12.5px; flex-grow: 0; margin-right: 14px; margin-left: 2px;\"><\/div> <div style=\"background-color: #F4F4F4; border-radius: 50%; height: 12.5px; width: 12.5px; transform: translateX(9px) translateY(-18px);\"><\/div><\/div><div style=\"margin-left: 8px;\"> <div style=\" background-color: #F4F4F4; border-radius: 50%; flex-grow: 0; height: 20px; width: 20px;\"><\/div> <div style=\" width: 0; height: 0; border-top: 2px solid transparent; border-left: 6px solid #f4f4f4; border-bottom: 2px solid transparent; transform: translateX(16px) translateY(-4px) rotate(30deg)\"><\/div><\/div><div style=\"margin-left: auto;\"> <div style=\" width: 0px; border-top: 8px solid #F4F4F4; border-right: 8px solid transparent; transform: translateY(16px);\"><\/div> <div style=\" background-color: #F4F4F4; flex-grow: 0; height: 12px; width: 16px; transform: translateY(-4px);\"><\/div> <div style=\" width: 0; height: 0; border-top: 8px solid #F4F4F4; border-left: 8px solid transparent; transform: translateY(-4px) translateX(8px);\"><\/div><\/div><\/div> <div style=\"display: flex; flex-direction: column; flex-grow: 1; justify-content: center; margin-bottom: 24px;\"> <div style=\" background-color: #F4F4F4; border-radius: 4px; flex-grow: 0; height: 14px; margin-bottom: 6px; width: 224px;\"><\/div> <div style=\" background-color: #F4F4F4; border-radius: 4px; flex-grow: 0; height: 14px; width: 144px;\"><\/div><\/div><\/a><p style=\" color:#c9c8cd; font-family:Arial,sans-serif; font-size:14px; line-height:17px; margin-bottom:0; margin-top:8px; overflow:hidden; padding:8px 0 7px; text-align:center; text-overflow:ellipsis; white-space:nowrap;\"><a href=\"https:\/\/www.instagram.com\/reel\/DODDTeziOU_\/?utm_source=ig_embed&amp;utm_campaign=loading\" style=\" color:#c9c8cd; font-family:Arial,sans-serif; font-size:14px; font-style:normal; font-weight:normal; line-height:17px; text-decoration:none;\" target=\"_blank\">P\u0159\u00edsp\u011bvek sd\u00edlen\u00fd To chce odvahu (@to_chce_odvahu)<\/a><\/p><\/div><\/blockquote>\n<script async src=\"\/\/www.instagram.com\/embed.js\"><\/script>\n\n\n\n<p>Psychick\u00fdmi probl\u00e9my nav\u00edc v dne\u0161n\u00ed dob\u011b trp\u00ed opravdu mnoho lid\u00ed. Podle dat, kter\u00e1 kampa\u0148 To chce odvahu sd\u00edlela, trp\u00ed st\u0159edn\u00ed depres\u00ed nejm\u00e9n\u011b 40 % \u017e\u00e1k\u016f a \u017ea\u010dek dev\u00e1t\u00e9 t\u0159\u00eddy. V Evrop\u011b pak du\u0161evn\u00edm onemocn\u011bn\u00edm trp\u00ed 17 % obyvatel, pot\u0159ebn\u00e1 p\u00e9\u010de se v\u0161ak dost\u00e1v\u00e1 pouze 1 ze 3 jedinc\u016f. Pr\u00e1v\u011b to se sna\u017e\u00ed Barbora Pol\u00e1kov\u00e1 se svou kapelou \u0164up\u00edci v r\u00e1mci zm\u00edn\u011bn\u00e9 kampan\u011b zm\u011bnit.<\/p>\n\n\n\n<p>Zdroj: Autorsk\u00fd text, <a href=\"https:\/\/www.instagram.com\/reel\/DODDTeziOU_\/?utm_source=ig_web_copy_link\">Instagram<\/a>, <a href=\"https:\/\/tochceodvahu.cz\/\">To chce odvahu<\/a>, <a href=\"https:\/\/www.apa.org\/news\/press\/releases\/2021\/10\/mental-health-treatment-demand\">APA<\/a>, <a href=\"https:\/\/www.zeny.cz\/lifestyle\/bara-polakova-o-rozchodu-je-potreba-vychytat-tu-pravou-chvili-8796.html?fbclid=IwY2xjawMmqRVleHRuA2FlbQIxMQBicmlkETFIWUxWTmkwWFVnSm5Zb2JzAR7s0De89DQmbjfUpMRu63YsVavgcekeX7Y8juV7XjVE6ykwCQYVg6adXWlXgw_aem_i-Ynzez-DUpJOJzKoI9JEA\">\u017deny<\/a><\/p>\n\n\n            <a href=\"https:\/\/www.karaoketexty.cz\/magazin\/barbora-polakova-tupici-nova-kapela\/\" class=\"related-post-link\">\n                <div class=\"post-thumbnail\">\n                    <img decoding=\"async\" width=\"250\" height=\"141\" src=\"https:\/\/www.karaoketexty.cz\/magazin\/wp-content\/uploads\/2025\/08\/Cina-Polakova-Adamczyk.jpg\" class=\"attachment-250x180 size-250x180 not-transparent\" alt=\"Fotografie Jana Ciny, B\u00e1ry Pol\u00e1kov\u00e9 a Marka Adamczyka\" srcset=\"https:\/\/www.karaoketexty.cz\/magazin\/wp-content\/uploads\/2025\/08\/Cina-Polakova-Adamczyk.jpg 1200w, https:\/\/www.karaoketexty.cz\/magazin\/wp-content\/uploads\/2025\/08\/Cina-Polakova-Adamczyk-300x169.jpg 300w, https:\/\/www.karaoketexty.cz\/magazin\/wp-content\/uploads\/2025\/08\/Cina-Polakova-Adamczyk-1024x576.jpg 1024w, https:\/\/www.karaoketexty.cz\/magazin\/wp-content\/uploads\/2025\/08\/Cina-Polakova-Adamczyk-768x432.jpg 768w, https:\/\/www.karaoketexty.cz\/magazin\/wp-content\/uploads\/2025\/08\/Cina-Polakova-Adamczyk-800x450.jpg 800w\" sizes=\"(max-width: 250px) 100vw, 250px\" data-has-transparency=\"false\" data-dominant-color=\"b18e88\" style=\"--dominant-color: #b18e88;\" \/>                <\/div>\n                <div class=\"post-details\">\n                    <span class=\"also-read\">\u010ct\u011bte tak\u00e9:<\/span>\n                    <h3 class=\"hed\">Nov\u00e1 kapela B\u00e1ry Pol\u00e1kov\u00e9: \u0164up\u00edci s Janem C\u00ednou a Markem Adamzykem<\/h3>\n                <\/div>\n            <\/a>\n            \n\n            <a href=\"https:\/\/www.karaoketexty.cz\/magazin\/kapela-lucie-ktera-zmenila-ceskou-hudebni-scenu-slavi-40-let-a-vyrazi-na-velke-turne\/\" class=\"related-post-link\">\n                <div class=\"post-thumbnail\">\n                    <img decoding=\"async\" width=\"250\" height=\"136\" src=\"https:\/\/www.karaoketexty.cz\/magazin\/wp-content\/uploads\/2025\/08\/skupina-lucie.jpg\" class=\"attachment-250x180 size-250x180 not-transparent\" alt=\"Fotografie skupiny Lucie\" srcset=\"https:\/\/www.karaoketexty.cz\/magazin\/wp-content\/uploads\/2025\/08\/skupina-lucie.jpg 1200w, https:\/\/www.karaoketexty.cz\/magazin\/wp-content\/uploads\/2025\/08\/skupina-lucie-300x164.jpg 300w, https:\/\/www.karaoketexty.cz\/magazin\/wp-content\/uploads\/2025\/08\/skupina-lucie-1024x559.jpg 1024w, https:\/\/www.karaoketexty.cz\/magazin\/wp-content\/uploads\/2025\/08\/skupina-lucie-768x419.jpg 768w\" sizes=\"(max-width: 250px) 100vw, 250px\" data-has-transparency=\"false\" data-dominant-color=\"393632\" style=\"--dominant-color: #393632;\" \/>                <\/div>\n                <div class=\"post-details\">\n                    <span class=\"also-read\">\u010ct\u011bte tak\u00e9:<\/span>\n                    <h3 class=\"hed\">Kapela Lucie, kter\u00e1 zm\u011bnila \u010deskou hudebn\u00ed sc\u00e9nu, slav\u00ed 40 let a vyr\u00e1\u017e\u00ed na velk\u00e9 turn\u00e9<\/h3>\n                <\/div>\n            <\/a>\n            ","protected":false},"excerpt":{"rendered":"<p>Barbora Pol\u00e1kov\u00e1 se stala spole\u010dn\u011b s dal\u0161\u00edmi \u010desk\u00fdmi celebritami tv\u00e1\u0159\u00ed kampan\u011b To chce odvahu, aby pomohla zv\u00fd\u0161it pov\u011bdom\u00ed o d\u016fle\u017eitosti du\u0161evn\u00edho zdrav\u00ed.<\/p>\n","protected":false},"author":5,"featured_media":2560,"comment_status":"open","ping_status":"closed","sticky":false,"template":"","format":"standard","meta":{"_yoast_wpseo_title":"Barbora Pol\u00e1kov\u00e1 se zapojila do projektu na podporu zdrav\u00ed","_yoast_wpseo_metadesc":"Barbora Pol\u00e1kov\u00e1 se stala spole\u010dn\u011b s dal\u0161\u00edmi celebritami tv\u00e1\u0159\u00ed kampan\u011b Chce to odvahu, aby pomohla zv\u00fd\u0161it pov\u011bdom\u00ed o d\u016fle\u017eitosti zdrav\u00ed.","footnotes":""},"categories":[1059],"tags":[1602,562,571,12,795,1676,1673,367,500,1603,1679,1601,1680,1677,1674,1678,1671,558,1672,1600,1675,13,51],"class_list":["post-2559","post","type-post","status-publish","format-standard","has-post-thumbnail","hentry","category-celebrity","tag-barbora-polakova","tag-ceska-celebrita","tag-ceska-hudba","tag-ceske-celebrity","tag-dusevni-zdravi","tag-eva-adamczykova","tag-eva-pavlova","tag-hudebnici","tag-instagram","tag-jan-cina","tag-kampan","tag-marek-adamczyk","tag-nadacni-fond-flaminia","tag-nevypust-dusi","tag-prezident-petr-pavel","tag-psychohygiena","tag-psychoterapie","tag-socialni-aktivismus","tag-to-chce-odvahu","tag-tupici","tag-vavrinec-hradilek","tag-zdravi","tag-zpevacka"],"yoast_head":"<!-- This site is optimized with the Yoast SEO plugin v27.4 - https:\/\/yoast.com\/product\/yoast-seo-wordpress\/ -->\n<title>Barbora Pol\u00e1kov\u00e1 se zapojila do projektu na podporu zdrav\u00ed<\/title>\n<meta name=\"description\" content=\"Barbora Pol\u00e1kov\u00e1 se stala spole\u010dn\u011b s dal\u0161\u00edmi celebritami tv\u00e1\u0159\u00ed kampan\u011b Chce to odvahu, aby pomohla zv\u00fd\u0161it pov\u011bdom\u00ed o d\u016fle\u017eitosti zdrav\u00ed.\" \/>\n<meta name=\"robots\" content=\"index, follow, max-snippet:-1, max-image-preview:large, max-video-preview:-1\" \/>\n<link rel=\"canonical\" href=\"https:\/\/www.karaoketexty.cz\/magazin\/barbora-polakova-zpevacka-zdravi\/\" \/>\n<meta property=\"og:locale\" content=\"cs_CZ\" \/>\n<meta property=\"og:type\" content=\"article\" \/>\n<meta property=\"og:title\" content=\"Barbora Pol\u00e1kov\u00e1 se zapojila do projektu na podporu zdrav\u00ed\" \/>\n<meta property=\"og:description\" content=\"Barbora Pol\u00e1kov\u00e1 se stala spole\u010dn\u011b s dal\u0161\u00edmi celebritami tv\u00e1\u0159\u00ed kampan\u011b Chce to odvahu, aby pomohla zv\u00fd\u0161it pov\u011bdom\u00ed o d\u016fle\u017eitosti zdrav\u00ed.\" \/>\n<meta property=\"og:url\" content=\"https:\/\/www.karaoketexty.cz\/magazin\/barbora-polakova-zpevacka-zdravi\/\" \/>\n<meta property=\"og:site_name\" content=\"Stars Magaz\u00edn Karaoketexty.cz\" \/>\n<meta property=\"article:published_time\" content=\"2025-09-10T12:34:00+00:00\" \/>\n<meta property=\"article:modified_time\" content=\"2025-10-02T07:55:45+00:00\" \/>\n<meta property=\"og:image\" content=\"https:\/\/www.karaoketexty.cz\/magazin\/wp-content\/uploads\/2025\/09\/zpevacka-barbora-polakova.jpg\" \/>\n\t<meta property=\"og:image:width\" content=\"1200\" \/>\n\t<meta property=\"og:image:height\" content=\"675\" \/>\n\t<meta property=\"og:image:type\" content=\"image\/jpeg\" \/>\n<meta name=\"author\" content=\"Veronika \u0160imkov\u00e1\" \/>\n<meta name=\"twitter:card\" content=\"summary_large_image\" \/>\n<meta name=\"twitter:label1\" content=\"Napsal(a)\" \/>\n\t<meta name=\"twitter:data1\" content=\"Veronika \u0160imkov\u00e1\" \/>\n\t<meta name=\"twitter:label2\" content=\"Odhadovan\u00e1 doba \u010dten\u00ed\" \/>\n\t<meta name=\"twitter:data2\" content=\"3 minuty\" \/>\n<script type=\"application\/ld+json\" class=\"yoast-schema-graph\">{\"@context\":\"https:\\\/\\\/schema.org\",\"@graph\":[{\"@type\":\"Article\",\"@id\":\"https:\\\/\\\/www.karaoketexty.cz\\\/magazin\\\/barbora-polakova-zpevacka-zdravi\\\/#article\",\"isPartOf\":{\"@id\":\"https:\\\/\\\/www.karaoketexty.cz\\\/magazin\\\/barbora-polakova-zpevacka-zdravi\\\/\"},\"author\":{\"name\":\"Veronika \u0160imkov\u00e1\",\"@id\":\"https:\\\/\\\/www.karaoketexty.cz\\\/magazin\\\/#\\\/schema\\\/person\\\/03220d610ed4cba378a72bac3443f821\"},\"headline\":\"Zp\u011bva\u010dka B\u00e1ra Pol\u00e1kov\u00e1 se zapojila s kapelou \u0164up\u00edci a prezidentem republiky do projektu na podporu zdrav\u00ed\",\"datePublished\":\"2025-09-10T12:34:00+00:00\",\"dateModified\":\"2025-10-02T07:55:45+00:00\",\"mainEntityOfPage\":{\"@id\":\"https:\\\/\\\/www.karaoketexty.cz\\\/magazin\\\/barbora-polakova-zpevacka-zdravi\\\/\"},\"wordCount\":527,\"commentCount\":0,\"image\":{\"@id\":\"https:\\\/\\\/www.karaoketexty.cz\\\/magazin\\\/barbora-polakova-zpevacka-zdravi\\\/#primaryimage\"},\"thumbnailUrl\":\"https:\\\/\\\/www.karaoketexty.cz\\\/magazin\\\/wp-content\\\/uploads\\\/2025\\\/09\\\/zpevacka-barbora-polakova.jpg\",\"keywords\":[\"Barbora Pol\u00e1kov\u00e1\",\"\u010desk\u00e1 celebrita\",\"\u010desk\u00e1 hudba\",\"\u010cesk\u00e9 celebrity\",\"du\u0161evn\u00ed zdrav\u00ed\",\"Eva Adamczykov\u00e1\",\"Eva Pavlov\u00e1\",\"hudebn\u00edci\",\"Instagram\",\"Jan Cina\",\"kampa\u0148\",\"Marek Adamczyk\",\"Nada\u010dn\u00ed fond Flaminia\",\"Nevypus\u0165 du\u0161i\",\"prezident Petr Pavel\",\"psychohygiena\",\"psychoterapie\",\"soci\u00e1ln\u00ed aktivismus\",\"To chce odvahu\",\"\u0164up\u00edci\",\"Vav\u0159inec Hradilek\",\"Zdrav\u00ed\",\"Zp\u011bva\u010dka\"],\"articleSection\":[\"Celebrity\"],\"inLanguage\":\"cs\",\"potentialAction\":[{\"@type\":\"CommentAction\",\"name\":\"Comment\",\"target\":[\"https:\\\/\\\/www.karaoketexty.cz\\\/magazin\\\/barbora-polakova-zpevacka-zdravi\\\/#respond\"]}]},{\"@type\":\"WebPage\",\"@id\":\"https:\\\/\\\/www.karaoketexty.cz\\\/magazin\\\/barbora-polakova-zpevacka-zdravi\\\/\",\"url\":\"https:\\\/\\\/www.karaoketexty.cz\\\/magazin\\\/barbora-polakova-zpevacka-zdravi\\\/\",\"name\":\"Barbora Pol\u00e1kov\u00e1 se zapojila do projektu na podporu zdrav\u00ed\",\"isPartOf\":{\"@id\":\"https:\\\/\\\/www.karaoketexty.cz\\\/magazin\\\/#website\"},\"primaryImageOfPage\":{\"@id\":\"https:\\\/\\\/www.karaoketexty.cz\\\/magazin\\\/barbora-polakova-zpevacka-zdravi\\\/#primaryimage\"},\"image\":{\"@id\":\"https:\\\/\\\/www.karaoketexty.cz\\\/magazin\\\/barbora-polakova-zpevacka-zdravi\\\/#primaryimage\"},\"thumbnailUrl\":\"https:\\\/\\\/www.karaoketexty.cz\\\/magazin\\\/wp-content\\\/uploads\\\/2025\\\/09\\\/zpevacka-barbora-polakova.jpg\",\"datePublished\":\"2025-09-10T12:34:00+00:00\",\"dateModified\":\"2025-10-02T07:55:45+00:00\",\"author\":{\"@id\":\"https:\\\/\\\/www.karaoketexty.cz\\\/magazin\\\/#\\\/schema\\\/person\\\/03220d610ed4cba378a72bac3443f821\"},\"description\":\"Barbora Pol\u00e1kov\u00e1 se stala spole\u010dn\u011b s dal\u0161\u00edmi celebritami tv\u00e1\u0159\u00ed kampan\u011b Chce to odvahu, aby pomohla zv\u00fd\u0161it pov\u011bdom\u00ed o d\u016fle\u017eitosti zdrav\u00ed.\",\"breadcrumb\":{\"@id\":\"https:\\\/\\\/www.karaoketexty.cz\\\/magazin\\\/barbora-polakova-zpevacka-zdravi\\\/#breadcrumb\"},\"inLanguage\":\"cs\",\"potentialAction\":[{\"@type\":\"ReadAction\",\"target\":[\"https:\\\/\\\/www.karaoketexty.cz\\\/magazin\\\/barbora-polakova-zpevacka-zdravi\\\/\"]}]},{\"@type\":\"ImageObject\",\"inLanguage\":\"cs\",\"@id\":\"https:\\\/\\\/www.karaoketexty.cz\\\/magazin\\\/barbora-polakova-zpevacka-zdravi\\\/#primaryimage\",\"url\":\"https:\\\/\\\/www.karaoketexty.cz\\\/magazin\\\/wp-content\\\/uploads\\\/2025\\\/09\\\/zpevacka-barbora-polakova.jpg\",\"contentUrl\":\"https:\\\/\\\/www.karaoketexty.cz\\\/magazin\\\/wp-content\\\/uploads\\\/2025\\\/09\\\/zpevacka-barbora-polakova.jpg\",\"width\":1200,\"height\":675,\"caption\":\"Zdroj fotografie: Jan.urbanek85 \\\/ Creative Commons \\\/ CC BY-SA\"},{\"@type\":\"BreadcrumbList\",\"@id\":\"https:\\\/\\\/www.karaoketexty.cz\\\/magazin\\\/barbora-polakova-zpevacka-zdravi\\\/#breadcrumb\",\"itemListElement\":[{\"@type\":\"ListItem\",\"position\":1,\"name\":\"Dom\u016f\",\"item\":\"https:\\\/\\\/www.karaoketexty.cz\\\/magazin\\\/\"},{\"@type\":\"ListItem\",\"position\":2,\"name\":\"Zp\u011bva\u010dka B\u00e1ra Pol\u00e1kov\u00e1 se zapojila s kapelou \u0164up\u00edci a prezidentem republiky do projektu na podporu zdrav\u00ed\"}]},{\"@type\":\"WebSite\",\"@id\":\"https:\\\/\\\/www.karaoketexty.cz\\\/magazin\\\/#website\",\"url\":\"https:\\\/\\\/www.karaoketexty.cz\\\/magazin\\\/\",\"name\":\"Stars Magaz\u00edn Karaoketexty.cz\",\"description\":\"Stars Magaz\u00edn na Karaoketexty.cz je zam\u011b\u0159en\u00fd na novinky ze sv\u011bta hudby a celebrit. Obsahuje \u010dl\u00e1nky o zp\u011bv\u00e1c\u00edch, kapel\u00e1ch, nov\u00fdch albech, hudebn\u00edch trendech a dal\u0161\u00edch zaj\u00edmavostech z hudebn\u00edho pr\u016fmyslu.\",\"potentialAction\":[{\"@type\":\"SearchAction\",\"target\":{\"@type\":\"EntryPoint\",\"urlTemplate\":\"https:\\\/\\\/www.karaoketexty.cz\\\/magazin\\\/?s={search_term_string}\"},\"query-input\":{\"@type\":\"PropertyValueSpecification\",\"valueRequired\":true,\"valueName\":\"search_term_string\"}}],\"inLanguage\":\"cs\"},{\"@type\":\"Person\",\"@id\":\"https:\\\/\\\/www.karaoketexty.cz\\\/magazin\\\/#\\\/schema\\\/person\\\/03220d610ed4cba378a72bac3443f821\",\"name\":\"Veronika \u0160imkov\u00e1\",\"image\":{\"@type\":\"ImageObject\",\"inLanguage\":\"cs\",\"@id\":\"https:\\\/\\\/secure.gravatar.com\\\/avatar\\\/62af9cda83322200aaf20e60d0442fbca254ce18c0ffdcaaf83de31493c941a5?s=96&d=mm&r=g\",\"url\":\"https:\\\/\\\/secure.gravatar.com\\\/avatar\\\/62af9cda83322200aaf20e60d0442fbca254ce18c0ffdcaaf83de31493c941a5?s=96&d=mm&r=g\",\"contentUrl\":\"https:\\\/\\\/secure.gravatar.com\\\/avatar\\\/62af9cda83322200aaf20e60d0442fbca254ce18c0ffdcaaf83de31493c941a5?s=96&d=mm&r=g\",\"caption\":\"Veronika \u0160imkov\u00e1\"},\"url\":\"https:\\\/\\\/www.karaoketexty.cz\\\/magazin\\\/author\\\/veronikasimkova\\\/\"}]}<\/script>\n<!-- \/ Yoast SEO plugin. -->","yoast_head_json":{"title":"Barbora Pol\u00e1kov\u00e1 se zapojila do projektu na podporu zdrav\u00ed","description":"Barbora Pol\u00e1kov\u00e1 se stala spole\u010dn\u011b s dal\u0161\u00edmi celebritami tv\u00e1\u0159\u00ed kampan\u011b Chce to odvahu, aby pomohla zv\u00fd\u0161it pov\u011bdom\u00ed o d\u016fle\u017eitosti zdrav\u00ed.","robots":{"index":"index","follow":"follow","max-snippet":"max-snippet:-1","max-image-preview":"max-image-preview:large","max-video-preview":"max-video-preview:-1"},"canonical":"https:\/\/www.karaoketexty.cz\/magazin\/barbora-polakova-zpevacka-zdravi\/","og_locale":"cs_CZ","og_type":"article","og_title":"Barbora Pol\u00e1kov\u00e1 se zapojila do projektu na podporu zdrav\u00ed","og_description":"Barbora Pol\u00e1kov\u00e1 se stala spole\u010dn\u011b s dal\u0161\u00edmi celebritami tv\u00e1\u0159\u00ed kampan\u011b Chce to odvahu, aby pomohla zv\u00fd\u0161it pov\u011bdom\u00ed o d\u016fle\u017eitosti zdrav\u00ed.","og_url":"https:\/\/www.karaoketexty.cz\/magazin\/barbora-polakova-zpevacka-zdravi\/","og_site_name":"Stars Magaz\u00edn Karaoketexty.cz","article_published_time":"2025-09-10T12:34:00+00:00","article_modified_time":"2025-10-02T07:55:45+00:00","og_image":[{"width":1200,"height":675,"url":"https:\/\/www.karaoketexty.cz\/magazin\/wp-content\/uploads\/2025\/09\/zpevacka-barbora-polakova.jpg","type":"image\/jpeg"}],"author":"Veronika \u0160imkov\u00e1","twitter_card":"summary_large_image","twitter_misc":{"Napsal(a)":"Veronika \u0160imkov\u00e1","Odhadovan\u00e1 doba \u010dten\u00ed":"3 minuty"},"schema":{"@context":"https:\/\/schema.org","@graph":[{"@type":"Article","@id":"https:\/\/www.karaoketexty.cz\/magazin\/barbora-polakova-zpevacka-zdravi\/#article","isPartOf":{"@id":"https:\/\/www.karaoketexty.cz\/magazin\/barbora-polakova-zpevacka-zdravi\/"},"author":{"name":"Veronika \u0160imkov\u00e1","@id":"https:\/\/www.karaoketexty.cz\/magazin\/#\/schema\/person\/03220d610ed4cba378a72bac3443f821"},"headline":"Zp\u011bva\u010dka B\u00e1ra Pol\u00e1kov\u00e1 se zapojila s kapelou \u0164up\u00edci a prezidentem republiky do projektu na podporu zdrav\u00ed","datePublished":"2025-09-10T12:34:00+00:00","dateModified":"2025-10-02T07:55:45+00:00","mainEntityOfPage":{"@id":"https:\/\/www.karaoketexty.cz\/magazin\/barbora-polakova-zpevacka-zdravi\/"},"wordCount":527,"commentCount":0,"image":{"@id":"https:\/\/www.karaoketexty.cz\/magazin\/barbora-polakova-zpevacka-zdravi\/#primaryimage"},"thumbnailUrl":"https:\/\/www.karaoketexty.cz\/magazin\/wp-content\/uploads\/2025\/09\/zpevacka-barbora-polakova.jpg","keywords":["Barbora Pol\u00e1kov\u00e1","\u010desk\u00e1 celebrita","\u010desk\u00e1 hudba","\u010cesk\u00e9 celebrity","du\u0161evn\u00ed zdrav\u00ed","Eva Adamczykov\u00e1","Eva Pavlov\u00e1","hudebn\u00edci","Instagram","Jan Cina","kampa\u0148","Marek Adamczyk","Nada\u010dn\u00ed fond Flaminia","Nevypus\u0165 du\u0161i","prezident Petr Pavel","psychohygiena","psychoterapie","soci\u00e1ln\u00ed aktivismus","To chce odvahu","\u0164up\u00edci","Vav\u0159inec Hradilek","Zdrav\u00ed","Zp\u011bva\u010dka"],"articleSection":["Celebrity"],"inLanguage":"cs","potentialAction":[{"@type":"CommentAction","name":"Comment","target":["https:\/\/www.karaoketexty.cz\/magazin\/barbora-polakova-zpevacka-zdravi\/#respond"]}]},{"@type":"WebPage","@id":"https:\/\/www.karaoketexty.cz\/magazin\/barbora-polakova-zpevacka-zdravi\/","url":"https:\/\/www.karaoketexty.cz\/magazin\/barbora-polakova-zpevacka-zdravi\/","name":"Barbora Pol\u00e1kov\u00e1 se zapojila do projektu na podporu zdrav\u00ed","isPartOf":{"@id":"https:\/\/www.karaoketexty.cz\/magazin\/#website"},"primaryImageOfPage":{"@id":"https:\/\/www.karaoketexty.cz\/magazin\/barbora-polakova-zpevacka-zdravi\/#primaryimage"},"image":{"@id":"https:\/\/www.karaoketexty.cz\/magazin\/barbora-polakova-zpevacka-zdravi\/#primaryimage"},"thumbnailUrl":"https:\/\/www.karaoketexty.cz\/magazin\/wp-content\/uploads\/2025\/09\/zpevacka-barbora-polakova.jpg","datePublished":"2025-09-10T12:34:00+00:00","dateModified":"2025-10-02T07:55:45+00:00","author":{"@id":"https:\/\/www.karaoketexty.cz\/magazin\/#\/schema\/person\/03220d610ed4cba378a72bac3443f821"},"description":"Barbora Pol\u00e1kov\u00e1 se stala spole\u010dn\u011b s dal\u0161\u00edmi celebritami tv\u00e1\u0159\u00ed kampan\u011b Chce to odvahu, aby pomohla zv\u00fd\u0161it pov\u011bdom\u00ed o d\u016fle\u017eitosti zdrav\u00ed.","breadcrumb":{"@id":"https:\/\/www.karaoketexty.cz\/magazin\/barbora-polakova-zpevacka-zdravi\/#breadcrumb"},"inLanguage":"cs","potentialAction":[{"@type":"ReadAction","target":["https:\/\/www.karaoketexty.cz\/magazin\/barbora-polakova-zpevacka-zdravi\/"]}]},{"@type":"ImageObject","inLanguage":"cs","@id":"https:\/\/www.karaoketexty.cz\/magazin\/barbora-polakova-zpevacka-zdravi\/#primaryimage","url":"https:\/\/www.karaoketexty.cz\/magazin\/wp-content\/uploads\/2025\/09\/zpevacka-barbora-polakova.jpg","contentUrl":"https:\/\/www.karaoketexty.cz\/magazin\/wp-content\/uploads\/2025\/09\/zpevacka-barbora-polakova.jpg","width":1200,"height":675,"caption":"Zdroj fotografie: Jan.urbanek85 \/ Creative Commons \/ CC BY-SA"},{"@type":"BreadcrumbList","@id":"https:\/\/www.karaoketexty.cz\/magazin\/barbora-polakova-zpevacka-zdravi\/#breadcrumb","itemListElement":[{"@type":"ListItem","position":1,"name":"Dom\u016f","item":"https:\/\/www.karaoketexty.cz\/magazin\/"},{"@type":"ListItem","position":2,"name":"Zp\u011bva\u010dka B\u00e1ra Pol\u00e1kov\u00e1 se zapojila s kapelou \u0164up\u00edci a prezidentem republiky do projektu na podporu zdrav\u00ed"}]},{"@type":"WebSite","@id":"https:\/\/www.karaoketexty.cz\/magazin\/#website","url":"https:\/\/www.karaoketexty.cz\/magazin\/","name":"Stars Magaz\u00edn Karaoketexty.cz","description":"Stars Magaz\u00edn na Karaoketexty.cz je zam\u011b\u0159en\u00fd na novinky ze sv\u011bta hudby a celebrit. Obsahuje \u010dl\u00e1nky o zp\u011bv\u00e1c\u00edch, kapel\u00e1ch, nov\u00fdch albech, hudebn\u00edch trendech a dal\u0161\u00edch zaj\u00edmavostech z hudebn\u00edho pr\u016fmyslu.","potentialAction":[{"@type":"SearchAction","target":{"@type":"EntryPoint","urlTemplate":"https:\/\/www.karaoketexty.cz\/magazin\/?s={search_term_string}"},"query-input":{"@type":"PropertyValueSpecification","valueRequired":true,"valueName":"search_term_string"}}],"inLanguage":"cs"},{"@type":"Person","@id":"https:\/\/www.karaoketexty.cz\/magazin\/#\/schema\/person\/03220d610ed4cba378a72bac3443f821","name":"Veronika \u0160imkov\u00e1","image":{"@type":"ImageObject","inLanguage":"cs","@id":"https:\/\/secure.gravatar.com\/avatar\/62af9cda83322200aaf20e60d0442fbca254ce18c0ffdcaaf83de31493c941a5?s=96&d=mm&r=g","url":"https:\/\/secure.gravatar.com\/avatar\/62af9cda83322200aaf20e60d0442fbca254ce18c0ffdcaaf83de31493c941a5?s=96&d=mm&r=g","contentUrl":"https:\/\/secure.gravatar.com\/avatar\/62af9cda83322200aaf20e60d0442fbca254ce18c0ffdcaaf83de31493c941a5?s=96&d=mm&r=g","caption":"Veronika \u0160imkov\u00e1"},"url":"https:\/\/www.karaoketexty.cz\/magazin\/author\/veronikasimkova\/"}]}},"_links":{"self":[{"href":"https:\/\/www.karaoketexty.cz\/magazin\/wp-json\/wp\/v2\/posts\/2559","targetHints":{"allow":["GET"]}}],"collection":[{"href":"https:\/\/www.karaoketexty.cz\/magazin\/wp-json\/wp\/v2\/posts"}],"about":[{"href":"https:\/\/www.karaoketexty.cz\/magazin\/wp-json\/wp\/v2\/types\/post"}],"author":[{"embeddable":true,"href":"https:\/\/www.karaoketexty.cz\/magazin\/wp-json\/wp\/v2\/users\/5"}],"replies":[{"embeddable":true,"href":"https:\/\/www.karaoketexty.cz\/magazin\/wp-json\/wp\/v2\/comments?post=2559"}],"version-history":[{"count":4,"href":"https:\/\/www.karaoketexty.cz\/magazin\/wp-json\/wp\/v2\/posts\/2559\/revisions"}],"predecessor-version":[{"id":3290,"href":"https:\/\/www.karaoketexty.cz\/magazin\/wp-json\/wp\/v2\/posts\/2559\/revisions\/3290"}],"wp:featuredmedia":[{"embeddable":true,"href":"https:\/\/www.karaoketexty.cz\/magazin\/wp-json\/wp\/v2\/media\/2560"}],"wp:attachment":[{"href":"https:\/\/www.karaoketexty.cz\/magazin\/wp-json\/wp\/v2\/media?parent=2559"}],"wp:term":[{"taxonomy":"category","embeddable":true,"href":"https:\/\/www.karaoketexty.cz\/magazin\/wp-json\/wp\/v2\/categories?post=2559"},{"taxonomy":"post_tag","embeddable":true,"href":"https:\/\/www.karaoketexty.cz\/magazin\/wp-json\/wp\/v2\/tags?post=2559"}],"curies":[{"name":"wp","href":"https:\/\/api.w.org\/{rel}","templated":true}]}}