{"id":2511,"date":"2025-09-10T05:00:00","date_gmt":"2025-09-10T03:00:00","guid":{"rendered":"https:\/\/www.karaoketexty.cz\/magazin\/?p=2511"},"modified":"2025-09-09T23:10:09","modified_gmt":"2025-09-09T21:10:09","slug":"taylor-swift-travis-kelce-zasnuby","status":"publish","type":"post","link":"https:\/\/www.karaoketexty.cz\/magazin\/taylor-swift-travis-kelce-zasnuby\/","title":{"rendered":"Taylor Swift se zasnoubila. Sv\u00e9 ANO \u0159ekla p\u0159\u00edteli Travisu Kelcovi, hr\u00e1\u010di americk\u00e9ho fotbalu. Jejich ozn\u00e1men\u00ed zbo\u0159ilo internet"},"content":{"rendered":"\n<p><strong>Taylor Swift m\u00e1 dal\u0161\u00ed d\u016fvod k&nbsp;radosti. \u0158ekla ANO sv\u00e9mu p\u0159\u00edteli Travisu Kelcovi. P\u00e1r na soci\u00e1ln\u00edch s\u00edt\u00edch ozn\u00e1mil z\u00e1snuby.<\/strong><\/p>\n\n\n\n<p>Je to tady. To, na co \u010dekal cel\u00fd sv\u011bt. Taylor Swift ozn\u00e1mila z\u00e1snuby se sv\u00fdm p\u0159\u00edtelem, hr\u00e1\u010dem americk\u00e9ho fotbalu Travisem Kelcem, s&nbsp;n\u00edm\u017e tvo\u0159\u00ed p\u00e1r u\u017e 2 roky. Jej\u00ed p\u0159\u00edsp\u011bvek na soci\u00e1ln\u00edch s\u00edt\u00edch, kde se sv\u00fdmi sleduj\u00edc\u00edmi sd\u00edlela jeden z&nbsp;nejv\u011bt\u0161\u00edch krok\u016f ve sv\u00e9m \u017eivot\u011b, z\u00edskal neuv\u011b\u0159iteln\u00fdch 28 milion\u016f lajk\u016f, jak jsme na Karaoketexty zaznamenali.<\/p>\n\n\n<!-- karaoketexty.cz \/ rectangle2 -->\n<div id=\"PX_37086_709110796310826\"><\/div>\n<script>\n   if(!useMobileAds && !boolUseSeznamAds && !hideAllAds){\n     window.px2 = window.px2 || { conf: {},queue: [] };\n     px2.queue.push(function () {\n        px2.render({\n           slot: {\n              id: 37086\n           },\n            elem: \"PX_37086_709110796310826\"\n        })\n     });\n  }\n<\/script>\n\n<!-- karaoketexty.cz \/ mobile-rectangle3 -->\n<div id=\"PX_37044_714599773297004\"><\/div>\n<script>\n   if(useMobileAds && !boolUseSeznamAds && !hideAllAds){\nwindow.px2 = window.px2 || { conf: {},queue: [] };\npx2.queue.push(function () {\n\tpx2.render({\n\t\tslot: {\n\t\t\tid: 37044\n\t\t},\n\t\telem: \"PX_37044_714599773297004\"\n\t})\n});\n}\n<\/script>\n\n\n<h2 class=\"wp-block-heading\">Jejich z\u00e1snuby zbo\u0159ily soci\u00e1ln\u00ed s\u00edt\u011b<\/h2>\n\n\n\n<p>Hv\u011bzda NFL Travis Kelce na po\u0159\u00edzen\u00fdch sn\u00edmc\u00edch kle\u010d\u00ed na koleni, aby sv\u011btozn\u00e1m\u00e9 hudebn\u00ed superstar Taylor Swift polo\u017eil jednu z&nbsp;nejd\u016fle\u017eit\u011bj\u0161\u00edch ot\u00e1zek, p\u0159i\u010dem\u017e se oba d\u00edvaj\u00ed jeden druh\u00e9mu do o\u010d\u00ed a obj\u00edmaj\u00ed. Na dal\u0161\u00ed fotografii u\u017e zp\u011bva\u010dka ukazuje z\u00e1snubn\u00ed prsten s&nbsp;diamanty. Podle americk\u00fdch zpr\u00e1v byl \u0161perk zakoupen od Artifex Fine Jewelery. Ceny prsten\u016f na jejich webov\u00fdch str\u00e1nk\u00e1ch se pohybuj\u00ed kolem 29&nbsp;000 dolar\u016f a v\u00edce, v&nbsp;p\u0159epo\u010dtu zhruba 600 tis\u00edc korun.<\/p>\n\n\n\n<p>Pro ka\u017ed\u00e9ho je to prvn\u00ed ve\u0159ejn\u00e9 zasnouben\u00ed, kter\u00e9 logicky nez\u016fstalo bez odezvy. Z\u00e1plava lajk\u016f, koment\u00e1\u0159\u016f a nejr\u016fzn\u011bj\u0161\u00edch emotikon\u016f na sebe nenechala dlouho \u010dekat. \u0160\u00edlenstv\u00ed na soci\u00e1ln\u00edch s\u00edt\u00edch kolem zpr\u00e1vy o zp\u011bva\u010d\u010din\u00fdch z\u00e1snub\u00e1ch jen dokazuje obrovsk\u00fd z\u00e1jem a neuv\u011b\u0159itelnou fascinaci fanou\u0161k\u016f touto hudebn\u00ed ikonou.<\/p>\n\n\n<!-- karaoketexty.cz \/ interscroller1 -->\n\n<div id=\"PX_37041_825057871452834\"><\/div>\n<script>\nif(useMobileAds && !boolUseSeznamAds && !hideAllAds){\n\twindow.px2 = window.px2 || { conf: {},queue: [] };\n\tpx2.queue.push(function () {\n\t\tpx2.render({\n\t\t\tslot: {\n\t\t\t\tid: 37041\n\t\t\t},\n\t\t\telem: \"PX_37041_825057871452834\"\n\t\t})\n\t});\n}\n<\/script>\n\n\n<h2 class=\"wp-block-heading\">Origin\u00e1ln\u00ed pozv\u00e1n\u00ed na rande<\/h2>\n\n\n\n<p>Travis Kelce si Taylor Swift skute\u010dn\u011b vyhl\u00eddl a byl odhodlan\u00fd se s&nbsp;n\u00ed setkat osobn\u011b. Zav\u00edtal na jej\u00ed koncert na stadion Arrowhead v&nbsp;roce 2023 v&nbsp;r\u00e1mci jej\u00edho turn\u00e9 Eras Tour. U sebe m\u011bl n\u00e1ramek p\u0159\u00e1telstv\u00ed, na n\u011bm\u017e bylo uvedeno jeho telefonn\u00ed \u010d\u00edslo. Byl p\u0159ipraven\u00fd se se zp\u011bva\u010dkou po vystoupen\u00ed setkat a p\u0159edat j\u00ed ho. Jen\u017ee k&nbsp;tomu nikdy nedo\u0161lo. Musel si tedy naj\u00edt jinou cestu.<\/p>\n\n\n\n<blockquote class=\"instagram-media\" data-instgrm-permalink=\"https:\/\/www.instagram.com\/p\/DN02niAXMM-\/?utm_source=ig_embed&amp;utm_campaign=loading\" data-instgrm-version=\"14\" style=\" background:#FFF; border:0; border-radius:3px; box-shadow:0 0 1px 0 rgba(0,0,0,0.5),0 1px 10px 0 rgba(0,0,0,0.15); margin: 1px; max-width:540px; min-width:326px; padding:0; width:99.375%; width:-webkit-calc(100% - 2px); width:calc(100% - 2px);\"><div style=\"padding:16px;\"> <a href=\"https:\/\/www.instagram.com\/p\/DN02niAXMM-\/?utm_source=ig_embed&amp;utm_campaign=loading\" style=\" background:#FFFFFF; line-height:0; padding:0 0; text-align:center; text-decoration:none; width:100%;\" target=\"_blank\"> <div style=\" display: flex; flex-direction: row; align-items: center;\"> <div style=\"background-color: #F4F4F4; border-radius: 50%; flex-grow: 0; height: 40px; margin-right: 14px; width: 40px;\"><\/div> <div style=\"display: flex; flex-direction: column; flex-grow: 1; justify-content: center;\"> <div style=\" background-color: #F4F4F4; border-radius: 4px; flex-grow: 0; height: 14px; margin-bottom: 6px; width: 100px;\"><\/div> <div style=\" background-color: #F4F4F4; border-radius: 4px; flex-grow: 0; height: 14px; width: 60px;\"><\/div><\/div><\/div><div style=\"padding: 19% 0;\"><\/div> <div style=\"display:block; height:50px; margin:0 auto 12px; width:50px;\"><svg width=\"50px\" height=\"50px\" viewBox=\"0 0 60 60\" version=\"1.1\" xmlns=\"https:\/\/www.w3.org\/2000\/svg\" xmlns:xlink=\"https:\/\/www.w3.org\/1999\/xlink\"><g stroke=\"none\" stroke-width=\"1\" fill=\"none\" fill-rule=\"evenodd\"><g transform=\"translate(-511.000000, -20.000000)\" fill=\"#000000\"><g><path d=\"M556.869,30.41 C554.814,30.41 553.148,32.076 553.148,34.131 C553.148,36.186 554.814,37.852 556.869,37.852 C558.924,37.852 560.59,36.186 560.59,34.131 C560.59,32.076 558.924,30.41 556.869,30.41 M541,60.657 C535.114,60.657 530.342,55.887 530.342,50 C530.342,44.114 535.114,39.342 541,39.342 C546.887,39.342 551.658,44.114 551.658,50 C551.658,55.887 546.887,60.657 541,60.657 M541,33.886 C532.1,33.886 524.886,41.1 524.886,50 C524.886,58.899 532.1,66.113 541,66.113 C549.9,66.113 557.115,58.899 557.115,50 C557.115,41.1 549.9,33.886 541,33.886 M565.378,62.101 C565.244,65.022 564.756,66.606 564.346,67.663 C563.803,69.06 563.154,70.057 562.106,71.106 C561.058,72.155 560.06,72.803 558.662,73.347 C557.607,73.757 556.021,74.244 553.102,74.378 C549.944,74.521 548.997,74.552 541,74.552 C533.003,74.552 532.056,74.521 528.898,74.378 C525.979,74.244 524.393,73.757 523.338,73.347 C521.94,72.803 520.942,72.155 519.894,71.106 C518.846,70.057 518.197,69.06 517.654,67.663 C517.244,66.606 516.755,65.022 516.623,62.101 C516.479,58.943 516.448,57.996 516.448,50 C516.448,42.003 516.479,41.056 516.623,37.899 C516.755,34.978 517.244,33.391 517.654,32.338 C518.197,30.938 518.846,29.942 519.894,28.894 C520.942,27.846 521.94,27.196 523.338,26.654 C524.393,26.244 525.979,25.756 528.898,25.623 C532.057,25.479 533.004,25.448 541,25.448 C548.997,25.448 549.943,25.479 553.102,25.623 C556.021,25.756 557.607,26.244 558.662,26.654 C560.06,27.196 561.058,27.846 562.106,28.894 C563.154,29.942 563.803,30.938 564.346,32.338 C564.756,33.391 565.244,34.978 565.378,37.899 C565.522,41.056 565.552,42.003 565.552,50 C565.552,57.996 565.522,58.943 565.378,62.101 M570.82,37.631 C570.674,34.438 570.167,32.258 569.425,30.349 C568.659,28.377 567.633,26.702 565.965,25.035 C564.297,23.368 562.623,22.342 560.652,21.575 C558.743,20.834 556.562,20.326 553.369,20.18 C550.169,20.033 549.148,20 541,20 C532.853,20 531.831,20.033 528.631,20.18 C525.438,20.326 523.257,20.834 521.349,21.575 C519.376,22.342 517.703,23.368 516.035,25.035 C514.368,26.702 513.342,28.377 512.574,30.349 C511.834,32.258 511.326,34.438 511.181,37.631 C511.035,40.831 511,41.851 511,50 C511,58.147 511.035,59.17 511.181,62.369 C511.326,65.562 511.834,67.743 512.574,69.651 C513.342,71.625 514.368,73.296 516.035,74.965 C517.703,76.634 519.376,77.658 521.349,78.425 C523.257,79.167 525.438,79.673 528.631,79.82 C531.831,79.965 532.853,80.001 541,80.001 C549.148,80.001 550.169,79.965 553.369,79.82 C556.562,79.673 558.743,79.167 560.652,78.425 C562.623,77.658 564.297,76.634 565.965,74.965 C567.633,73.296 568.659,71.625 569.425,69.651 C570.167,67.743 570.674,65.562 570.82,62.369 C570.966,59.17 571,58.147 571,50 C571,41.851 570.966,40.831 570.82,37.631\"><\/path><\/g><\/g><\/g><\/svg><\/div><div style=\"padding-top: 8px;\"> <div style=\" color:#3897f0; font-family:Arial,sans-serif; font-size:14px; font-style:normal; font-weight:550; line-height:18px;\">Zobrazit p\u0159\u00edsp\u011bvek na Instagramu<\/div><\/div><div style=\"padding: 12.5% 0;\"><\/div> <div style=\"display: flex; flex-direction: row; margin-bottom: 14px; align-items: center;\"><div> <div style=\"background-color: #F4F4F4; border-radius: 50%; height: 12.5px; width: 12.5px; transform: translateX(0px) translateY(7px);\"><\/div> <div style=\"background-color: #F4F4F4; height: 12.5px; transform: rotate(-45deg) translateX(3px) translateY(1px); width: 12.5px; flex-grow: 0; margin-right: 14px; margin-left: 2px;\"><\/div> <div style=\"background-color: #F4F4F4; border-radius: 50%; height: 12.5px; width: 12.5px; transform: translateX(9px) translateY(-18px);\"><\/div><\/div><div style=\"margin-left: 8px;\"> <div style=\" background-color: #F4F4F4; border-radius: 50%; flex-grow: 0; height: 20px; width: 20px;\"><\/div> <div style=\" width: 0; height: 0; border-top: 2px solid transparent; border-left: 6px solid #f4f4f4; border-bottom: 2px solid transparent; transform: translateX(16px) translateY(-4px) rotate(30deg)\"><\/div><\/div><div style=\"margin-left: auto;\"> <div style=\" width: 0px; border-top: 8px solid #F4F4F4; border-right: 8px solid transparent; transform: translateY(16px);\"><\/div> <div style=\" background-color: #F4F4F4; flex-grow: 0; height: 12px; width: 16px; transform: translateY(-4px);\"><\/div> <div style=\" width: 0; height: 0; border-top: 8px solid #F4F4F4; border-left: 8px solid transparent; transform: translateY(-4px) translateX(8px);\"><\/div><\/div><\/div> <div style=\"display: flex; flex-direction: column; flex-grow: 1; justify-content: center; margin-bottom: 24px;\"> <div style=\" background-color: #F4F4F4; border-radius: 4px; flex-grow: 0; height: 14px; margin-bottom: 6px; width: 224px;\"><\/div> <div style=\" background-color: #F4F4F4; border-radius: 4px; flex-grow: 0; height: 14px; width: 144px;\"><\/div><\/div><\/a><p style=\" color:#c9c8cd; font-family:Arial,sans-serif; font-size:14px; line-height:17px; margin-bottom:0; margin-top:8px; overflow:hidden; padding:8px 0 7px; text-align:center; text-overflow:ellipsis; white-space:nowrap;\"><a href=\"https:\/\/www.instagram.com\/p\/DN02niAXMM-\/?utm_source=ig_embed&amp;utm_campaign=loading\" style=\" color:#c9c8cd; font-family:Arial,sans-serif; font-size:14px; font-style:normal; font-weight:normal; line-height:17px; text-decoration:none;\" target=\"_blank\">P\u0159\u00edsp\u011bvek sd\u00edlen\u00fd Taylor Swift (@taylorswift)<\/a><\/p><\/div><\/blockquote>\n<script async src=\"\/\/www.instagram.com\/embed.js\"><\/script>\n\n\n\n<p>O n\u011bkolik m\u011bs\u00edc\u016f pozd\u011bji m\u011bl m\u00edt Kelce z\u00e1pas na stejn\u00e9m m\u00edst\u011b, rozhodl se proto Swift ve\u0159ejn\u011b vyzvat, aby se na n\u011bj p\u0159i\u0161la osobn\u011b pod\u00edvat, jak hraje. Pozval ji se slovy: <em>\u201eVid\u011bl jsem t\u011b to rozj\u00ed\u017ed\u011bt na p\u00f3diu v&nbsp;\u200b\u200bArrowhead. Mo\u017en\u00e1 by ses m\u011bla p\u0159ij\u00edt pod\u00edvat na m\u011b a zjistit, kdo z&nbsp;n\u00e1s to um\u00ed rozjet v\u00edc. Tak uvid\u00edme, co se stane v bl\u00edzk\u00e9 budoucnosti,\u201c<\/em> citoval web AOL.<\/p>\n\n\n\n<p>Zp\u011bva\u010dka v\u00fdzvu p\u0159ijala a sed\u011bla ve VIP l\u00f3\u017ei vedle Kelcovy matky Donny. U\u017e v&nbsp;\u0159\u00edjnu t\u00e9ho\u017e roku p\u0159i\u0161li spole\u010dn\u011b ruku v&nbsp;ruce na Saturday Night Live a bylo jasno. Od t\u00e9 doby jejich l\u00e1ska jen kvete, vz\u00e1jemn\u011b se podporuj\u00ed, Swift chod\u00ed na Kelcovy z\u00e1pasy, on zase na jej\u00ed koncerty. Nyn\u00ed svou l\u00e1sku stvrd\u00ed svatbou.<\/p>\n\n\n\n<p>Zdroj: Autorsk\u00fd text, <a href=\"https:\/\/consequence.net\/2025\/08\/taylor-swift-travis-kelce-engaged\/\" target=\"_blank\" rel=\"noreferrer noopener nofollow\">Consequence<\/a>, <a href=\"https:\/\/www.aol.com\/travis-kelce-said-invited-taylor-183443016.html\" target=\"_blank\" rel=\"noreferrer noopener nofollow\">AOL<\/a>, <a href=\"https:\/\/www.instagram.com\/taylorswift\/?hl=cs\" target=\"_blank\" rel=\"noreferrer noopener nofollow\">Instagram Taylor Swift<\/a><\/p>\n\n\n            <a href=\"https:\/\/www.karaoketexty.cz\/magazin\/adam-sandler-je-srdcem-tata-dusi-komik-a-fanousek-taylor-swift\/\" class=\"related-post-link\">\n                <div class=\"post-thumbnail\">\n                    <img decoding=\"async\" width=\"250\" height=\"161\" src=\"https:\/\/www.karaoketexty.cz\/magazin\/wp-content\/uploads\/2025\/07\/adam-sandler.jpg\" class=\"attachment-250x180 size-250x180 not-transparent\" alt=\"Fotografie ke \u010dl\u00e1nku: Adam Sandler je srdcem t\u00e1ta, du\u0161\u00ed komik. A fanou\u0161ek Taylor Swift?\" srcset=\"https:\/\/www.karaoketexty.cz\/magazin\/wp-content\/uploads\/2025\/07\/adam-sandler.jpg 1200w, https:\/\/www.karaoketexty.cz\/magazin\/wp-content\/uploads\/2025\/07\/adam-sandler-300x193.jpg 300w, https:\/\/www.karaoketexty.cz\/magazin\/wp-content\/uploads\/2025\/07\/adam-sandler-1024x658.jpg 1024w, https:\/\/www.karaoketexty.cz\/magazin\/wp-content\/uploads\/2025\/07\/adam-sandler-768x493.jpg 768w\" sizes=\"(max-width: 250px) 100vw, 250px\" data-has-transparency=\"false\" data-dominant-color=\"6a4f47\" style=\"--dominant-color: #6a4f47;\" \/>                <\/div>\n                <div class=\"post-details\">\n                    <span class=\"also-read\">\u010ct\u011bte tak\u00e9:<\/span>\n                    <h3 class=\"hed\">Adam Sandler je srdcem t\u00e1ta, du\u0161\u00ed komik. A fanou\u0161ek Taylor Swift?<\/h3>\n                <\/div>\n            <\/a>\n            \n\n            <a href=\"https:\/\/www.karaoketexty.cz\/magazin\/taylor-swift-ziskala-prava-na-vsechnu-svoji-hudbu\/\" class=\"related-post-link\">\n                <div class=\"post-thumbnail\">\n                    <img decoding=\"async\" width=\"250\" height=\"131\" src=\"https:\/\/www.karaoketexty.cz\/magazin\/wp-content\/uploads\/2025\/06\/taylor-swift.jpg\" class=\"attachment-250x180 size-250x180 not-transparent\" alt=\"Fotografie Taylor Swift\" srcset=\"https:\/\/www.karaoketexty.cz\/magazin\/wp-content\/uploads\/2025\/06\/taylor-swift.jpg 1200w, https:\/\/www.karaoketexty.cz\/magazin\/wp-content\/uploads\/2025\/06\/taylor-swift-300x158.jpg 300w, https:\/\/www.karaoketexty.cz\/magazin\/wp-content\/uploads\/2025\/06\/taylor-swift-1024x538.jpg 1024w, https:\/\/www.karaoketexty.cz\/magazin\/wp-content\/uploads\/2025\/06\/taylor-swift-768x403.jpg 768w\" sizes=\"(max-width: 250px) 100vw, 250px\" data-has-transparency=\"false\" data-dominant-color=\"53453a\" style=\"--dominant-color: #53453a;\" \/>                <\/div>\n                <div class=\"post-details\">\n                    <span class=\"also-read\">\u010ct\u011bte tak\u00e9:<\/span>\n                    <h3 class=\"hed\">Taylor Swift si splnila dlouholet\u00fd sen. Se sv\u00fdmi p\u00edsn\u011bmi si kone\u010dn\u011b m\u016f\u017ee zach\u00e1zet, jak se j\u00ed zl\u00edb\u00ed<\/h3>\n                <\/div>\n            <\/a>\n            ","protected":false},"excerpt":{"rendered":"<p>Taylor Swift m\u00e1 dal\u0161\u00ed d\u016fvod k\u00a0radosti. \u0158ekla ANO sv\u00e9mu p\u0159\u00edteli Travisu Kelcovi. P\u00e1r na soci\u00e1ln\u00edch s\u00edt\u00edch ozn\u00e1mil z\u00e1snuby.<\/p>\n","protected":false},"author":6,"featured_media":1580,"comment_status":"open","ping_status":"closed","sticky":false,"template":"","format":"standard","meta":{"_yoast_wpseo_title":"Taylor Swift se zasnoubila s dlouholet\u00fdm p\u0159\u00edtelem","_yoast_wpseo_metadesc":"Hudebn\u00ed ikona Taylor Swift a jej\u00ed p\u0159\u00edtel, hr\u00e1\u010d americk\u00e9ho fotbalu Travis Kelce, se zasnoubili. Novinku ozn\u00e1mili na soci\u00e1ln\u00edch s\u00edt\u00edch.","footnotes":""},"categories":[7,1059],"tags":[477,1654,1650,1656,707,500,136,1651,1653,1655,1074,539,1657,1652,233,1649,647,548,28,549,51],"class_list":["post-2511","post","type-post","status-publish","format-standard","has-post-thumbnail","hentry","category-aktuality","category-celebrity","tag-americka-zpevacka","tag-americky-fotbal","tag-arrowhead-stadium","tag-eras-tour","tag-hudebni-ikona","tag-instagram","tag-koncert","tag-nfl","tag-par-celebrit","tag-prsten","tag-saturday-night-live","tag-socialni-site","tag-sperk","tag-svatba","tag-taylor-swift","tag-travis-kelce","tag-verejna-naklonnost","tag-vztahy-celebrit","tag-zahranicni-celebrity","tag-zasnuby","tag-zpevacka"],"yoast_head":"<!-- This site is optimized with the Yoast SEO plugin v27.4 - https:\/\/yoast.com\/product\/yoast-seo-wordpress\/ -->\n<title>Taylor Swift se zasnoubila s dlouholet\u00fdm p\u0159\u00edtelem<\/title>\n<meta name=\"description\" content=\"Hudebn\u00ed ikona Taylor Swift a jej\u00ed p\u0159\u00edtel, hr\u00e1\u010d americk\u00e9ho fotbalu Travis Kelce, se zasnoubili. Novinku ozn\u00e1mili na soci\u00e1ln\u00edch s\u00edt\u00edch.\" \/>\n<meta name=\"robots\" content=\"index, follow, max-snippet:-1, max-image-preview:large, max-video-preview:-1\" \/>\n<link rel=\"canonical\" href=\"https:\/\/www.karaoketexty.cz\/magazin\/taylor-swift-travis-kelce-zasnuby\/\" \/>\n<meta property=\"og:locale\" content=\"cs_CZ\" \/>\n<meta property=\"og:type\" content=\"article\" \/>\n<meta property=\"og:title\" content=\"Taylor Swift se zasnoubila s dlouholet\u00fdm p\u0159\u00edtelem\" \/>\n<meta property=\"og:description\" content=\"Hudebn\u00ed ikona Taylor Swift a jej\u00ed p\u0159\u00edtel, hr\u00e1\u010d americk\u00e9ho fotbalu Travis Kelce, se zasnoubili. Novinku ozn\u00e1mili na soci\u00e1ln\u00edch s\u00edt\u00edch.\" \/>\n<meta property=\"og:url\" content=\"https:\/\/www.karaoketexty.cz\/magazin\/taylor-swift-travis-kelce-zasnuby\/\" \/>\n<meta property=\"og:site_name\" content=\"Stars Magaz\u00edn Karaoketexty.cz\" \/>\n<meta property=\"article:published_time\" content=\"2025-09-10T03:00:00+00:00\" \/>\n<meta property=\"og:image\" content=\"https:\/\/www.karaoketexty.cz\/magazin\/wp-content\/uploads\/2025\/06\/taylor-swift-3.jpg\" \/>\n\t<meta property=\"og:image:width\" content=\"1200\" \/>\n\t<meta property=\"og:image:height\" content=\"630\" \/>\n\t<meta property=\"og:image:type\" content=\"image\/jpeg\" \/>\n<meta name=\"author\" content=\"Franti\u0161ek Zahradn\u00ed\u010dek\" \/>\n<meta name=\"twitter:card\" content=\"summary_large_image\" \/>\n<meta name=\"twitter:label1\" content=\"Napsal(a)\" \/>\n\t<meta name=\"twitter:data1\" content=\"Franti\u0161ek Zahradn\u00ed\u010dek\" \/>\n\t<meta name=\"twitter:label2\" content=\"Odhadovan\u00e1 doba \u010dten\u00ed\" \/>\n\t<meta name=\"twitter:data2\" content=\"3 minuty\" \/>\n<script type=\"application\/ld+json\" class=\"yoast-schema-graph\">{\"@context\":\"https:\\\/\\\/schema.org\",\"@graph\":[{\"@type\":\"Article\",\"@id\":\"https:\\\/\\\/www.karaoketexty.cz\\\/magazin\\\/taylor-swift-travis-kelce-zasnuby\\\/#article\",\"isPartOf\":{\"@id\":\"https:\\\/\\\/www.karaoketexty.cz\\\/magazin\\\/taylor-swift-travis-kelce-zasnuby\\\/\"},\"author\":{\"name\":\"Franti\u0161ek Zahradn\u00ed\u010dek\",\"@id\":\"https:\\\/\\\/www.karaoketexty.cz\\\/magazin\\\/#\\\/schema\\\/person\\\/69d871cedc122c98723e0f5e1f73fa16\"},\"headline\":\"Taylor Swift se zasnoubila. Sv\u00e9 ANO \u0159ekla p\u0159\u00edteli Travisu Kelcovi, hr\u00e1\u010di americk\u00e9ho fotbalu. Jejich ozn\u00e1men\u00ed zbo\u0159ilo internet\",\"datePublished\":\"2025-09-10T03:00:00+00:00\",\"mainEntityOfPage\":{\"@id\":\"https:\\\/\\\/www.karaoketexty.cz\\\/magazin\\\/taylor-swift-travis-kelce-zasnuby\\\/\"},\"wordCount\":586,\"commentCount\":0,\"image\":{\"@id\":\"https:\\\/\\\/www.karaoketexty.cz\\\/magazin\\\/taylor-swift-travis-kelce-zasnuby\\\/#primaryimage\"},\"thumbnailUrl\":\"https:\\\/\\\/www.karaoketexty.cz\\\/magazin\\\/wp-content\\\/uploads\\\/2025\\\/06\\\/taylor-swift-3.jpg\",\"keywords\":[\"americk\u00e1 zp\u011bva\u010dka\",\"americk\u00fd fotbal\",\"Arrowhead Stadium\",\"Eras Tour\",\"hudebn\u00ed ikona\",\"Instagram\",\"koncert\",\"NFL\",\"p\u00e1r celebrit\",\"prsten\",\"Saturday Night Live\",\"soci\u00e1ln\u00ed s\u00edt\u011b\",\"\u0161perk\",\"Svatba\",\"Taylor Swift\",\"Travis Kelce\",\"ve\u0159ejn\u00e1 n\u00e1klonnost\",\"vztahy celebrit\",\"Zahrani\u010dn\u00ed celebrity\",\"z\u00e1snuby\",\"Zp\u011bva\u010dka\"],\"articleSection\":[\"Aktuality\",\"Celebrity\"],\"inLanguage\":\"cs\",\"potentialAction\":[{\"@type\":\"CommentAction\",\"name\":\"Comment\",\"target\":[\"https:\\\/\\\/www.karaoketexty.cz\\\/magazin\\\/taylor-swift-travis-kelce-zasnuby\\\/#respond\"]}]},{\"@type\":\"WebPage\",\"@id\":\"https:\\\/\\\/www.karaoketexty.cz\\\/magazin\\\/taylor-swift-travis-kelce-zasnuby\\\/\",\"url\":\"https:\\\/\\\/www.karaoketexty.cz\\\/magazin\\\/taylor-swift-travis-kelce-zasnuby\\\/\",\"name\":\"Taylor Swift se zasnoubila s dlouholet\u00fdm p\u0159\u00edtelem\",\"isPartOf\":{\"@id\":\"https:\\\/\\\/www.karaoketexty.cz\\\/magazin\\\/#website\"},\"primaryImageOfPage\":{\"@id\":\"https:\\\/\\\/www.karaoketexty.cz\\\/magazin\\\/taylor-swift-travis-kelce-zasnuby\\\/#primaryimage\"},\"image\":{\"@id\":\"https:\\\/\\\/www.karaoketexty.cz\\\/magazin\\\/taylor-swift-travis-kelce-zasnuby\\\/#primaryimage\"},\"thumbnailUrl\":\"https:\\\/\\\/www.karaoketexty.cz\\\/magazin\\\/wp-content\\\/uploads\\\/2025\\\/06\\\/taylor-swift-3.jpg\",\"datePublished\":\"2025-09-10T03:00:00+00:00\",\"author\":{\"@id\":\"https:\\\/\\\/www.karaoketexty.cz\\\/magazin\\\/#\\\/schema\\\/person\\\/69d871cedc122c98723e0f5e1f73fa16\"},\"description\":\"Hudebn\u00ed ikona Taylor Swift a jej\u00ed p\u0159\u00edtel, hr\u00e1\u010d americk\u00e9ho fotbalu Travis Kelce, se zasnoubili. Novinku ozn\u00e1mili na soci\u00e1ln\u00edch s\u00edt\u00edch.\",\"breadcrumb\":{\"@id\":\"https:\\\/\\\/www.karaoketexty.cz\\\/magazin\\\/taylor-swift-travis-kelce-zasnuby\\\/#breadcrumb\"},\"inLanguage\":\"cs\",\"potentialAction\":[{\"@type\":\"ReadAction\",\"target\":[\"https:\\\/\\\/www.karaoketexty.cz\\\/magazin\\\/taylor-swift-travis-kelce-zasnuby\\\/\"]}]},{\"@type\":\"ImageObject\",\"inLanguage\":\"cs\",\"@id\":\"https:\\\/\\\/www.karaoketexty.cz\\\/magazin\\\/taylor-swift-travis-kelce-zasnuby\\\/#primaryimage\",\"url\":\"https:\\\/\\\/www.karaoketexty.cz\\\/magazin\\\/wp-content\\\/uploads\\\/2025\\\/06\\\/taylor-swift-3.jpg\",\"contentUrl\":\"https:\\\/\\\/www.karaoketexty.cz\\\/magazin\\\/wp-content\\\/uploads\\\/2025\\\/06\\\/taylor-swift-3.jpg\",\"width\":1200,\"height\":630,\"caption\":\"Foto: Toglenn \\\/ Creative Commons \\\/ Attribution-Share Alike 4.0, Taylor Swift v roce 2019\"},{\"@type\":\"BreadcrumbList\",\"@id\":\"https:\\\/\\\/www.karaoketexty.cz\\\/magazin\\\/taylor-swift-travis-kelce-zasnuby\\\/#breadcrumb\",\"itemListElement\":[{\"@type\":\"ListItem\",\"position\":1,\"name\":\"Dom\u016f\",\"item\":\"https:\\\/\\\/www.karaoketexty.cz\\\/magazin\\\/\"},{\"@type\":\"ListItem\",\"position\":2,\"name\":\"Taylor Swift se zasnoubila. Sv\u00e9 ANO \u0159ekla p\u0159\u00edteli Travisu Kelcovi, hr\u00e1\u010di americk\u00e9ho fotbalu. Jejich ozn\u00e1men\u00ed zbo\u0159ilo internet\"}]},{\"@type\":\"WebSite\",\"@id\":\"https:\\\/\\\/www.karaoketexty.cz\\\/magazin\\\/#website\",\"url\":\"https:\\\/\\\/www.karaoketexty.cz\\\/magazin\\\/\",\"name\":\"Stars Magaz\u00edn Karaoketexty.cz\",\"description\":\"Stars Magaz\u00edn na Karaoketexty.cz je zam\u011b\u0159en\u00fd na novinky ze sv\u011bta hudby a celebrit. Obsahuje \u010dl\u00e1nky o zp\u011bv\u00e1c\u00edch, kapel\u00e1ch, nov\u00fdch albech, hudebn\u00edch trendech a dal\u0161\u00edch zaj\u00edmavostech z hudebn\u00edho pr\u016fmyslu.\",\"potentialAction\":[{\"@type\":\"SearchAction\",\"target\":{\"@type\":\"EntryPoint\",\"urlTemplate\":\"https:\\\/\\\/www.karaoketexty.cz\\\/magazin\\\/?s={search_term_string}\"},\"query-input\":{\"@type\":\"PropertyValueSpecification\",\"valueRequired\":true,\"valueName\":\"search_term_string\"}}],\"inLanguage\":\"cs\"},{\"@type\":\"Person\",\"@id\":\"https:\\\/\\\/www.karaoketexty.cz\\\/magazin\\\/#\\\/schema\\\/person\\\/69d871cedc122c98723e0f5e1f73fa16\",\"name\":\"Franti\u0161ek Zahradn\u00ed\u010dek\",\"image\":{\"@type\":\"ImageObject\",\"inLanguage\":\"cs\",\"@id\":\"https:\\\/\\\/secure.gravatar.com\\\/avatar\\\/fcc548a9ddc6294d2945bd8730d73ac130db3d13dfd96d644aa093d54c1917b6?s=96&d=mm&r=g\",\"url\":\"https:\\\/\\\/secure.gravatar.com\\\/avatar\\\/fcc548a9ddc6294d2945bd8730d73ac130db3d13dfd96d644aa093d54c1917b6?s=96&d=mm&r=g\",\"contentUrl\":\"https:\\\/\\\/secure.gravatar.com\\\/avatar\\\/fcc548a9ddc6294d2945bd8730d73ac130db3d13dfd96d644aa093d54c1917b6?s=96&d=mm&r=g\",\"caption\":\"Franti\u0161ek Zahradn\u00ed\u010dek\"},\"url\":\"https:\\\/\\\/www.karaoketexty.cz\\\/magazin\\\/author\\\/frantazahrada\\\/\"}]}<\/script>\n<!-- \/ Yoast SEO plugin. -->","yoast_head_json":{"title":"Taylor Swift se zasnoubila s dlouholet\u00fdm p\u0159\u00edtelem","description":"Hudebn\u00ed ikona Taylor Swift a jej\u00ed p\u0159\u00edtel, hr\u00e1\u010d americk\u00e9ho fotbalu Travis Kelce, se zasnoubili. Novinku ozn\u00e1mili na soci\u00e1ln\u00edch s\u00edt\u00edch.","robots":{"index":"index","follow":"follow","max-snippet":"max-snippet:-1","max-image-preview":"max-image-preview:large","max-video-preview":"max-video-preview:-1"},"canonical":"https:\/\/www.karaoketexty.cz\/magazin\/taylor-swift-travis-kelce-zasnuby\/","og_locale":"cs_CZ","og_type":"article","og_title":"Taylor Swift se zasnoubila s dlouholet\u00fdm p\u0159\u00edtelem","og_description":"Hudebn\u00ed ikona Taylor Swift a jej\u00ed p\u0159\u00edtel, hr\u00e1\u010d americk\u00e9ho fotbalu Travis Kelce, se zasnoubili. Novinku ozn\u00e1mili na soci\u00e1ln\u00edch s\u00edt\u00edch.","og_url":"https:\/\/www.karaoketexty.cz\/magazin\/taylor-swift-travis-kelce-zasnuby\/","og_site_name":"Stars Magaz\u00edn Karaoketexty.cz","article_published_time":"2025-09-10T03:00:00+00:00","og_image":[{"width":1200,"height":630,"url":"https:\/\/www.karaoketexty.cz\/magazin\/wp-content\/uploads\/2025\/06\/taylor-swift-3.jpg","type":"image\/jpeg"}],"author":"Franti\u0161ek Zahradn\u00ed\u010dek","twitter_card":"summary_large_image","twitter_misc":{"Napsal(a)":"Franti\u0161ek Zahradn\u00ed\u010dek","Odhadovan\u00e1 doba \u010dten\u00ed":"3 minuty"},"schema":{"@context":"https:\/\/schema.org","@graph":[{"@type":"Article","@id":"https:\/\/www.karaoketexty.cz\/magazin\/taylor-swift-travis-kelce-zasnuby\/#article","isPartOf":{"@id":"https:\/\/www.karaoketexty.cz\/magazin\/taylor-swift-travis-kelce-zasnuby\/"},"author":{"name":"Franti\u0161ek Zahradn\u00ed\u010dek","@id":"https:\/\/www.karaoketexty.cz\/magazin\/#\/schema\/person\/69d871cedc122c98723e0f5e1f73fa16"},"headline":"Taylor Swift se zasnoubila. Sv\u00e9 ANO \u0159ekla p\u0159\u00edteli Travisu Kelcovi, hr\u00e1\u010di americk\u00e9ho fotbalu. Jejich ozn\u00e1men\u00ed zbo\u0159ilo internet","datePublished":"2025-09-10T03:00:00+00:00","mainEntityOfPage":{"@id":"https:\/\/www.karaoketexty.cz\/magazin\/taylor-swift-travis-kelce-zasnuby\/"},"wordCount":586,"commentCount":0,"image":{"@id":"https:\/\/www.karaoketexty.cz\/magazin\/taylor-swift-travis-kelce-zasnuby\/#primaryimage"},"thumbnailUrl":"https:\/\/www.karaoketexty.cz\/magazin\/wp-content\/uploads\/2025\/06\/taylor-swift-3.jpg","keywords":["americk\u00e1 zp\u011bva\u010dka","americk\u00fd fotbal","Arrowhead Stadium","Eras Tour","hudebn\u00ed ikona","Instagram","koncert","NFL","p\u00e1r celebrit","prsten","Saturday Night Live","soci\u00e1ln\u00ed s\u00edt\u011b","\u0161perk","Svatba","Taylor Swift","Travis Kelce","ve\u0159ejn\u00e1 n\u00e1klonnost","vztahy celebrit","Zahrani\u010dn\u00ed celebrity","z\u00e1snuby","Zp\u011bva\u010dka"],"articleSection":["Aktuality","Celebrity"],"inLanguage":"cs","potentialAction":[{"@type":"CommentAction","name":"Comment","target":["https:\/\/www.karaoketexty.cz\/magazin\/taylor-swift-travis-kelce-zasnuby\/#respond"]}]},{"@type":"WebPage","@id":"https:\/\/www.karaoketexty.cz\/magazin\/taylor-swift-travis-kelce-zasnuby\/","url":"https:\/\/www.karaoketexty.cz\/magazin\/taylor-swift-travis-kelce-zasnuby\/","name":"Taylor Swift se zasnoubila s dlouholet\u00fdm p\u0159\u00edtelem","isPartOf":{"@id":"https:\/\/www.karaoketexty.cz\/magazin\/#website"},"primaryImageOfPage":{"@id":"https:\/\/www.karaoketexty.cz\/magazin\/taylor-swift-travis-kelce-zasnuby\/#primaryimage"},"image":{"@id":"https:\/\/www.karaoketexty.cz\/magazin\/taylor-swift-travis-kelce-zasnuby\/#primaryimage"},"thumbnailUrl":"https:\/\/www.karaoketexty.cz\/magazin\/wp-content\/uploads\/2025\/06\/taylor-swift-3.jpg","datePublished":"2025-09-10T03:00:00+00:00","author":{"@id":"https:\/\/www.karaoketexty.cz\/magazin\/#\/schema\/person\/69d871cedc122c98723e0f5e1f73fa16"},"description":"Hudebn\u00ed ikona Taylor Swift a jej\u00ed p\u0159\u00edtel, hr\u00e1\u010d americk\u00e9ho fotbalu Travis Kelce, se zasnoubili. Novinku ozn\u00e1mili na soci\u00e1ln\u00edch s\u00edt\u00edch.","breadcrumb":{"@id":"https:\/\/www.karaoketexty.cz\/magazin\/taylor-swift-travis-kelce-zasnuby\/#breadcrumb"},"inLanguage":"cs","potentialAction":[{"@type":"ReadAction","target":["https:\/\/www.karaoketexty.cz\/magazin\/taylor-swift-travis-kelce-zasnuby\/"]}]},{"@type":"ImageObject","inLanguage":"cs","@id":"https:\/\/www.karaoketexty.cz\/magazin\/taylor-swift-travis-kelce-zasnuby\/#primaryimage","url":"https:\/\/www.karaoketexty.cz\/magazin\/wp-content\/uploads\/2025\/06\/taylor-swift-3.jpg","contentUrl":"https:\/\/www.karaoketexty.cz\/magazin\/wp-content\/uploads\/2025\/06\/taylor-swift-3.jpg","width":1200,"height":630,"caption":"Foto: Toglenn \/ Creative Commons \/ Attribution-Share Alike 4.0, Taylor Swift v roce 2019"},{"@type":"BreadcrumbList","@id":"https:\/\/www.karaoketexty.cz\/magazin\/taylor-swift-travis-kelce-zasnuby\/#breadcrumb","itemListElement":[{"@type":"ListItem","position":1,"name":"Dom\u016f","item":"https:\/\/www.karaoketexty.cz\/magazin\/"},{"@type":"ListItem","position":2,"name":"Taylor Swift se zasnoubila. Sv\u00e9 ANO \u0159ekla p\u0159\u00edteli Travisu Kelcovi, hr\u00e1\u010di americk\u00e9ho fotbalu. Jejich ozn\u00e1men\u00ed zbo\u0159ilo internet"}]},{"@type":"WebSite","@id":"https:\/\/www.karaoketexty.cz\/magazin\/#website","url":"https:\/\/www.karaoketexty.cz\/magazin\/","name":"Stars Magaz\u00edn Karaoketexty.cz","description":"Stars Magaz\u00edn na Karaoketexty.cz je zam\u011b\u0159en\u00fd na novinky ze sv\u011bta hudby a celebrit. Obsahuje \u010dl\u00e1nky o zp\u011bv\u00e1c\u00edch, kapel\u00e1ch, nov\u00fdch albech, hudebn\u00edch trendech a dal\u0161\u00edch zaj\u00edmavostech z hudebn\u00edho pr\u016fmyslu.","potentialAction":[{"@type":"SearchAction","target":{"@type":"EntryPoint","urlTemplate":"https:\/\/www.karaoketexty.cz\/magazin\/?s={search_term_string}"},"query-input":{"@type":"PropertyValueSpecification","valueRequired":true,"valueName":"search_term_string"}}],"inLanguage":"cs"},{"@type":"Person","@id":"https:\/\/www.karaoketexty.cz\/magazin\/#\/schema\/person\/69d871cedc122c98723e0f5e1f73fa16","name":"Franti\u0161ek Zahradn\u00ed\u010dek","image":{"@type":"ImageObject","inLanguage":"cs","@id":"https:\/\/secure.gravatar.com\/avatar\/fcc548a9ddc6294d2945bd8730d73ac130db3d13dfd96d644aa093d54c1917b6?s=96&d=mm&r=g","url":"https:\/\/secure.gravatar.com\/avatar\/fcc548a9ddc6294d2945bd8730d73ac130db3d13dfd96d644aa093d54c1917b6?s=96&d=mm&r=g","contentUrl":"https:\/\/secure.gravatar.com\/avatar\/fcc548a9ddc6294d2945bd8730d73ac130db3d13dfd96d644aa093d54c1917b6?s=96&d=mm&r=g","caption":"Franti\u0161ek Zahradn\u00ed\u010dek"},"url":"https:\/\/www.karaoketexty.cz\/magazin\/author\/frantazahrada\/"}]}},"_links":{"self":[{"href":"https:\/\/www.karaoketexty.cz\/magazin\/wp-json\/wp\/v2\/posts\/2511","targetHints":{"allow":["GET"]}}],"collection":[{"href":"https:\/\/www.karaoketexty.cz\/magazin\/wp-json\/wp\/v2\/posts"}],"about":[{"href":"https:\/\/www.karaoketexty.cz\/magazin\/wp-json\/wp\/v2\/types\/post"}],"author":[{"embeddable":true,"href":"https:\/\/www.karaoketexty.cz\/magazin\/wp-json\/wp\/v2\/users\/6"}],"replies":[{"embeddable":true,"href":"https:\/\/www.karaoketexty.cz\/magazin\/wp-json\/wp\/v2\/comments?post=2511"}],"version-history":[{"count":3,"href":"https:\/\/www.karaoketexty.cz\/magazin\/wp-json\/wp\/v2\/posts\/2511\/revisions"}],"predecessor-version":[{"id":2704,"href":"https:\/\/www.karaoketexty.cz\/magazin\/wp-json\/wp\/v2\/posts\/2511\/revisions\/2704"}],"wp:featuredmedia":[{"embeddable":true,"href":"https:\/\/www.karaoketexty.cz\/magazin\/wp-json\/wp\/v2\/media\/1580"}],"wp:attachment":[{"href":"https:\/\/www.karaoketexty.cz\/magazin\/wp-json\/wp\/v2\/media?parent=2511"}],"wp:term":[{"taxonomy":"category","embeddable":true,"href":"https:\/\/www.karaoketexty.cz\/magazin\/wp-json\/wp\/v2\/categories?post=2511"},{"taxonomy":"post_tag","embeddable":true,"href":"https:\/\/www.karaoketexty.cz\/magazin\/wp-json\/wp\/v2\/tags?post=2511"}],"curies":[{"name":"wp","href":"https:\/\/api.w.org\/{rel}","templated":true}]}}