{"id":2460,"date":"2025-09-16T05:00:00","date_gmt":"2025-09-16T03:00:00","guid":{"rendered":"https:\/\/www.karaoketexty.cz\/magazin\/?p=2460"},"modified":"2025-09-14T23:18:41","modified_gmt":"2025-09-14T21:18:41","slug":"ozzy-osbourne-zemrel-na-infarkt-potvrdil-umrtni-list","status":"publish","type":"post","link":"https:\/\/www.karaoketexty.cz\/magazin\/ozzy-osbourne-zemrel-na-infarkt-potvrdil-umrtni-list\/","title":{"rendered":"Ozzy Osbourne zem\u0159el na infarkt, potvrdil \u00famrtn\u00ed list"},"content":{"rendered":"\n<p><strong>Ji\u017e v\u00edce jak p\u0159ed m\u011bs\u00edcem ode\u0161la metalov\u00e1 legenda Ozzy Osbourne. Po n\u011bkolika t\u00fddnech se tak\u00e9 objevila ofici\u00e1ln\u00ed p\u0159\u00ed\u010dina jeho \u00famrt\u00ed.<\/strong><\/p>\n\n\n\n<p>Princ temnoty, jak se Ozzymu Osbourneovi p\u0159ezd\u00edvalo, naposledy vystoupil za\u010d\u00e1tkem \u010dervence p\u0159i velkolep\u00e9 rozlu\u010dce Black Sabbath v rodn\u00e9m Birminghamu. Jen p\u00e1r t\u00fddn\u016f nato opustil sv\u011btlo sv\u011bta, konkr\u00e9tn\u011b 22. \u010dervence ve v\u011bku 76 let. Na Karaoketexty jsme zaregistrovali, \u017ee u\u017e je zn\u00e1m\u00e1 i ofici\u00e1ln\u00ed p\u0159\u00ed\u010dina smrti, tu odhalil \u00famrtn\u00ed list.<\/p>\n\n\n<!-- karaoketexty.cz \/ rectangle2 -->\n<div id=\"PX_37086_709110796310826\"><\/div>\n<script>\n   if(!useMobileAds && !boolUseSeznamAds && !hideAllAds){\n     window.px2 = window.px2 || { conf: {},queue: [] };\n     px2.queue.push(function () {\n        px2.render({\n           slot: {\n              id: 37086\n           },\n            elem: \"PX_37086_709110796310826\"\n        })\n     });\n  }\n<\/script>\n\n<!-- karaoketexty.cz \/ mobile-rectangle3 -->\n<div id=\"PX_37044_714599773297004\"><\/div>\n<script>\n   if(useMobileAds && !boolUseSeznamAds && !hideAllAds){\nwindow.px2 = window.px2 || { conf: {},queue: [] };\npx2.queue.push(function () {\n\tpx2.render({\n\t\tslot: {\n\t\t\tid: 37044\n\t\t},\n\t\telem: \"PX_37044_714599773297004\"\n\t})\n});\n}\n<\/script>\n\n\n<h2 class=\"wp-block-heading\">Za skon legendy mohl infarkt<\/h2>\n\n\n\n<p>Podle den\u00edku The New York Times, kter\u00fd z\u00edskal ofici\u00e1ln\u00ed dokument, Ozzy Osbourne zem\u0159el mimo nemocnici na akutn\u00ed infarkt myokardu. V \u00famrtn\u00edm listu je jako p\u0159\u00ed\u010dina uvedena kombinace srde\u010dn\u00ed z\u00e1stavy, ischemick\u00e9 choroby srde\u010dn\u00ed a Parkinsonovy choroby, s n\u00ed\u017e hudebn\u00edk v posledn\u00edch letech otev\u0159en\u011b bojoval.<\/p>\n\n\n\n<p>\u00damrtn\u00ed list podepsala Osbourneova dcera Aimee, kter\u00e1 uvedla jeho \u017eivotn\u00ed povol\u00e1n\u00ed jako skladatel, interpret a rockov\u00e1 legenda. Jeho rodina ozn\u00e1mila smrt hned 22. \u010dervence, ov\u0161em tehdy je\u0161t\u011b bez uveden\u00ed detail\u016f.<\/p>\n\n\n<!-- karaoketexty.cz \/ interscroller1 -->\n\n<div id=\"PX_37041_825057871452834\"><\/div>\n<script>\nif(useMobileAds && !boolUseSeznamAds && !hideAllAds){\n\twindow.px2 = window.px2 || { conf: {},queue: [] };\n\tpx2.queue.push(function () {\n\t\tpx2.render({\n\t\t\tslot: {\n\t\t\t\tid: 37041\n\t\t\t},\n\t\t\telem: \"PX_37041_825057871452834\"\n\t\t})\n\t});\n}\n<\/script>\n\n\n<h2 class=\"wp-block-heading\">Posledn\u00ed vystoupen\u00ed a rozlu\u010dka<\/h2>\n\n\n\n<p>Je\u0161t\u011b za\u010d\u00e1tkem \u010dervence se Ozzy p\u0159ipojil ke sv\u00fdm koleg\u016fm z p\u016fvodn\u00ed sestavy Black Sabbath na rozlu\u010dkov\u00e9m koncertu v Birminghamu, uv\u00e1d\u00ed Pitchfork. Na p\u00f3diu sed\u011bl na tr\u016fnu, symbolicky ukazuj\u00edc\u00edm jeho zdravotn\u00ed omezen\u00ed. Na konci m\u011bs\u00edce se ale konal poh\u0159ebn\u00ed pr\u016fvod ulicemi Birminghamu, kam se p\u0159i\u0161ly rozlou\u010dit tis\u00edce fanou\u0161k\u016f. N\u00e1sledovala i soukrom\u00e1 rodinn\u00e1 tryzna.<\/p>\n\n\n\n<figure class=\"wp-block-image size-large\"><img data-dominant-color=\"28262c\" data-has-transparency=\"false\" style=\"--dominant-color: #28262c;\" decoding=\"async\" width=\"1024\" height=\"576\" src=\"https:\/\/www.karaoketexty.cz\/magazin\/wp-content\/uploads\/2025\/09\/ozzy-osbourne-umrtni-list-1024x576.jpg\" alt=\"Ozzy Osbourne \u00famrtn\u00ed list\" class=\"wp-image-2464 not-transparent\" srcset=\"https:\/\/www.karaoketexty.cz\/magazin\/wp-content\/uploads\/2025\/09\/ozzy-osbourne-umrtni-list-1024x576.jpg 1024w, https:\/\/www.karaoketexty.cz\/magazin\/wp-content\/uploads\/2025\/09\/ozzy-osbourne-umrtni-list-300x169.jpg 300w, https:\/\/www.karaoketexty.cz\/magazin\/wp-content\/uploads\/2025\/09\/ozzy-osbourne-umrtni-list-768x432.jpg 768w, https:\/\/www.karaoketexty.cz\/magazin\/wp-content\/uploads\/2025\/09\/ozzy-osbourne-umrtni-list-800x450.jpg 800w, https:\/\/www.karaoketexty.cz\/magazin\/wp-content\/uploads\/2025\/09\/ozzy-osbourne-umrtni-list.jpg 1200w\" sizes=\"(max-width: 1024px) 100vw, 1024px\" \/><figcaption class=\"wp-element-caption\">Fotografie: Kyle Overholtzer \/ Creative Commons \/  CC BY-SA 3.0<\/figcaption><\/figure>\n\n\n\n<p>Ozzy Osbourne nebyl jedinou rockovou legendou, jej\u00ed\u017e kari\u00e9ru v\u00fdrazn\u011b ovlivnily zdravotn\u00ed probl\u00e9my. Podobn\u011b musel svou \u010dinnost kv\u016fli Parkinsonov\u011b chorob\u011b ukon\u010dit i Neil Diamond, zat\u00edmco Phil Collins v posledn\u00edch letech vystupoval p\u0159ev\u00e1\u017en\u011b vsed\u011b kv\u016fli probl\u00e9m\u016fm s p\u00e1te\u0159\u00ed. Tyto p\u0159\u00edb\u011bhy ukazuj\u00ed, jak fyzicky i psychicky n\u00e1ro\u010dn\u00fd je \u017eivot (nejen) rockov\u00fdch hudebn\u00edk\u016f, kte\u0159\u00ed \u010dasto na p\u00f3diu vyd\u00e1vaj\u00ed maximum sil i v dob\u011b, kdy jejich t\u011blo u\u017e nesta\u010d\u00ed.<\/p>\n\n\n\n<h2 class=\"wp-block-heading\">Ozzyho odkaz z\u016fst\u00e1v\u00e1<\/h2>\n\n\n\n<p>A\u0165 u\u017e si jej fanou\u0161ci pamatuj\u00ed jako frontmana Black Sabbath, s\u00f3lov\u00e9ho um\u011blce nebo excentrick\u00e9ho hrdinu reality show, Ozzy Osbourne z\u016fstane nav\u017edy symbolem heavy metalu. Jeho hudba inspirovala generace kapel a jeho jedine\u010dn\u00e1 osobnost z n\u011bj ud\u011blala nezam\u011bnitelnou ikonu.<\/p>\n\n\n\n<p>Zdroj: Autorsk\u00fd text, <a href=\"https:\/\/www.nytimes.com\/2025\/08\/05\/arts\/music\/ozzy-osbourne-cause-of-death.html\">The New York Times<\/a>, <a href=\"https:\/\/pitchfork.com\/news\/ozzy-osbourne-cause-of-death-revealed-to-be-a-heart-attack\/\">Pitchfork <\/a><\/p>\n\n\n            <a href=\"https:\/\/www.karaoketexty.cz\/magazin\/hudebni-pocta-na-kralovskem-dvore-ozzy-osbourne-znel-u-buckinghamskeho-palace\/\" class=\"related-post-link\">\n                <div class=\"post-thumbnail\">\n                    <img decoding=\"async\" width=\"250\" height=\"141\" src=\"https:\/\/www.karaoketexty.cz\/magazin\/wp-content\/uploads\/2025\/08\/coldstream-guards.jpg\" class=\"attachment-250x180 size-250x180 not-transparent\" alt=\"Coldstream Guards\" srcset=\"https:\/\/www.karaoketexty.cz\/magazin\/wp-content\/uploads\/2025\/08\/coldstream-guards.jpg 1200w, https:\/\/www.karaoketexty.cz\/magazin\/wp-content\/uploads\/2025\/08\/coldstream-guards-300x169.jpg 300w, https:\/\/www.karaoketexty.cz\/magazin\/wp-content\/uploads\/2025\/08\/coldstream-guards-1024x576.jpg 1024w, https:\/\/www.karaoketexty.cz\/magazin\/wp-content\/uploads\/2025\/08\/coldstream-guards-768x432.jpg 768w, https:\/\/www.karaoketexty.cz\/magazin\/wp-content\/uploads\/2025\/08\/coldstream-guards-800x450.jpg 800w\" sizes=\"(max-width: 250px) 100vw, 250px\" data-has-transparency=\"false\" data-dominant-color=\"664c4f\" style=\"--dominant-color: #664c4f;\" \/>                <\/div>\n                <div class=\"post-details\">\n                    <span class=\"also-read\">\u010ct\u011bte tak\u00e9:<\/span>\n                    <h3 class=\"hed\">Hudebn\u00ed pocta na kr\u00e1lovsk\u00e9m dvo\u0159e: Ozzy Osbourne zn\u011bl u Buckinghamsk\u00e9ho pal\u00e1ce<\/h3>\n                <\/div>\n            <\/a>\n            \n\n            <a href=\"https:\/\/www.karaoketexty.cz\/magazin\/z-tehle-pisnicky-vas-zamrazi-posledni-vokaly-ozzyho-osbourna-ktere-musis-slyset\/\" class=\"related-post-link\">\n                <div class=\"post-thumbnail\">\n                    <img decoding=\"async\" width=\"250\" height=\"131\" src=\"https:\/\/www.karaoketexty.cz\/magazin\/wp-content\/uploads\/2025\/05\/ozzy-osbourne.avif\" class=\"attachment-250x180 size-250x180 not-transparent\" alt=\"Fotografie Ozzyho Osbourna\" data-has-transparency=\"false\" data-dominant-color=\"6f747d\" style=\"--dominant-color: #6f747d;\" \/>                <\/div>\n                <div class=\"post-details\">\n                    <span class=\"also-read\">\u010ct\u011bte tak\u00e9:<\/span>\n                    <h3 class=\"hed\">Z t\u00e9hle p\u00edsni\u010dky v\u00e1s zamraz\u00ed: Posledn\u00ed vok\u00e1ly Ozzyho Osbourna, kter\u00e9 mus\u00ed\u0161 sly\u0161et<\/h3>\n                <\/div>\n            <\/a>\n            ","protected":false},"excerpt":{"rendered":"<p>Ji\u017e v\u00edce jak p\u0159ed m\u011bs\u00edcem ode\u0161la rockov\u00e1 legenda Ozzy Osbourne. Po n\u011bkolika t\u00fddnech se tak\u00e9 objevila ofici\u00e1ln\u00ed p\u0159\u00ed\u010dina jeho \u00famrt\u00ed.<\/p>\n","protected":false},"author":6,"featured_media":2463,"comment_status":"open","ping_status":"closed","sticky":false,"template":"","format":"standard","meta":{"_yoast_wpseo_title":"Ozzy Osbourne zem\u0159el na infarkt, potvrdil \u00famrtn\u00ed list","_yoast_wpseo_metadesc":"Ozzy Osbourne podle ofici\u00e1ln\u00edho \u00famrtn\u00edho listu zem\u0159el na infarkt. Dlouhodob\u011b trp\u011bl ischemickou chorobou srde\u010dn\u00ed a Parkinsovou chorobou.","footnotes":""},"categories":[9],"tags":[749,734,732,1822,698,680,1343,1817,1821,164,741,837,1345,1349,745,600,1820,845,1819,1818,1378,370,489],"class_list":["post-2460","post","type-post","status-publish","format-standard","has-post-thumbnail","hentry","category-zajimavosti","tag-aimee-osbourne","tag-birmingham","tag-black-sabbath","tag-excentricka-osobnost","tag-fanousci","tag-frontman","tag-heavy-metal","tag-infarkt","tag-interpret","tag-ozzy-osbourne","tag-parkinsonova-choroba","tag-pitchfork","tag-pohreb","tag-posledni-koncert","tag-reality-show-osbournovi","tag-rockova-legenda","tag-rozluckove-vystoupeni","tag-skladatel","tag-solovy-umelec","tag-srdecni-zastava","tag-the-new-york-times","tag-umrti-2","tag-zdravotni-potize"],"yoast_head":"<!-- This site is optimized with the Yoast SEO plugin v27.5 - https:\/\/yoast.com\/product\/yoast-seo-wordpress\/ -->\n<title>Ozzy Osbourne zem\u0159el na infarkt, potvrdil \u00famrtn\u00ed list<\/title>\n<meta name=\"description\" content=\"Ozzy Osbourne podle ofici\u00e1ln\u00edho \u00famrtn\u00edho listu zem\u0159el na infarkt. Dlouhodob\u011b trp\u011bl ischemickou chorobou srde\u010dn\u00ed a Parkinsovou chorobou.\" \/>\n<meta name=\"robots\" content=\"index, follow, max-snippet:-1, max-image-preview:large, max-video-preview:-1\" \/>\n<link rel=\"canonical\" href=\"https:\/\/www.karaoketexty.cz\/magazin\/ozzy-osbourne-zemrel-na-infarkt-potvrdil-umrtni-list\/\" \/>\n<meta property=\"og:locale\" content=\"cs_CZ\" \/>\n<meta property=\"og:type\" content=\"article\" \/>\n<meta property=\"og:title\" content=\"Ozzy Osbourne zem\u0159el na infarkt, potvrdil \u00famrtn\u00ed list\" \/>\n<meta property=\"og:description\" content=\"Ozzy Osbourne podle ofici\u00e1ln\u00edho \u00famrtn\u00edho listu zem\u0159el na infarkt. Dlouhodob\u011b trp\u011bl ischemickou chorobou srde\u010dn\u00ed a Parkinsovou chorobou.\" \/>\n<meta property=\"og:url\" content=\"https:\/\/www.karaoketexty.cz\/magazin\/ozzy-osbourne-zemrel-na-infarkt-potvrdil-umrtni-list\/\" \/>\n<meta property=\"og:site_name\" content=\"Stars Magaz\u00edn Karaoketexty.cz\" \/>\n<meta property=\"article:published_time\" content=\"2025-09-16T03:00:00+00:00\" \/>\n<meta property=\"og:image\" content=\"https:\/\/www.karaoketexty.cz\/magazin\/wp-content\/uploads\/2025\/09\/ozzy-osbourne-pricina-umrti.jpg\" \/>\n\t<meta property=\"og:image:width\" content=\"1200\" \/>\n\t<meta property=\"og:image:height\" content=\"675\" \/>\n\t<meta property=\"og:image:type\" content=\"image\/jpeg\" \/>\n<meta name=\"author\" content=\"Franti\u0161ek Zahradn\u00ed\u010dek\" \/>\n<meta name=\"twitter:card\" content=\"summary_large_image\" \/>\n<meta name=\"twitter:label1\" content=\"Napsal(a)\" \/>\n\t<meta name=\"twitter:data1\" content=\"Franti\u0161ek Zahradn\u00ed\u010dek\" \/>\n\t<meta name=\"twitter:label2\" content=\"Odhadovan\u00e1 doba \u010dten\u00ed\" \/>\n\t<meta name=\"twitter:data2\" content=\"3 minuty\" \/>\n<script type=\"application\/ld+json\" class=\"yoast-schema-graph\">{\"@context\":\"https:\\\/\\\/schema.org\",\"@graph\":[{\"@type\":\"Article\",\"@id\":\"https:\\\/\\\/www.karaoketexty.cz\\\/magazin\\\/ozzy-osbourne-zemrel-na-infarkt-potvrdil-umrtni-list\\\/#article\",\"isPartOf\":{\"@id\":\"https:\\\/\\\/www.karaoketexty.cz\\\/magazin\\\/ozzy-osbourne-zemrel-na-infarkt-potvrdil-umrtni-list\\\/\"},\"author\":{\"name\":\"Franti\u0161ek Zahradn\u00ed\u010dek\",\"@id\":\"https:\\\/\\\/www.karaoketexty.cz\\\/magazin\\\/#\\\/schema\\\/person\\\/69d871cedc122c98723e0f5e1f73fa16\"},\"headline\":\"Ozzy Osbourne zem\u0159el na infarkt, potvrdil \u00famrtn\u00ed list\",\"datePublished\":\"2025-09-16T03:00:00+00:00\",\"mainEntityOfPage\":{\"@id\":\"https:\\\/\\\/www.karaoketexty.cz\\\/magazin\\\/ozzy-osbourne-zemrel-na-infarkt-potvrdil-umrtni-list\\\/\"},\"wordCount\":429,\"commentCount\":0,\"image\":{\"@id\":\"https:\\\/\\\/www.karaoketexty.cz\\\/magazin\\\/ozzy-osbourne-zemrel-na-infarkt-potvrdil-umrtni-list\\\/#primaryimage\"},\"thumbnailUrl\":\"https:\\\/\\\/www.karaoketexty.cz\\\/magazin\\\/wp-content\\\/uploads\\\/2025\\\/09\\\/ozzy-osbourne-pricina-umrti.jpg\",\"keywords\":[\"Aimee Osbourne\",\"Birmingham\",\"Black Sabbath\",\"excentrick\u00e1 osobnost\",\"fanou\u0161ci\",\"frontman\",\"heavy metal\",\"infarkt\",\"interpret\",\"Ozzy Osbourne\",\"Parkinsonova choroba\",\"Pitchfork\",\"poh\u0159eb\",\"posledn\u00ed koncert\",\"reality show Osbournovi\",\"rockov\u00e1 legenda\",\"rozlu\u010dkov\u00e9 vystoupen\u00ed\",\"skladatel\",\"s\u00f3lov\u00fd um\u011blec\",\"srde\u010dn\u00ed z\u00e1stava\",\"The New York Times\",\"\u00famrt\u00ed\",\"zdravotn\u00ed pot\u00ed\u017ee\"],\"articleSection\":[\"Zaj\u00edmavosti\"],\"inLanguage\":\"cs\",\"potentialAction\":[{\"@type\":\"CommentAction\",\"name\":\"Comment\",\"target\":[\"https:\\\/\\\/www.karaoketexty.cz\\\/magazin\\\/ozzy-osbourne-zemrel-na-infarkt-potvrdil-umrtni-list\\\/#respond\"]}]},{\"@type\":\"WebPage\",\"@id\":\"https:\\\/\\\/www.karaoketexty.cz\\\/magazin\\\/ozzy-osbourne-zemrel-na-infarkt-potvrdil-umrtni-list\\\/\",\"url\":\"https:\\\/\\\/www.karaoketexty.cz\\\/magazin\\\/ozzy-osbourne-zemrel-na-infarkt-potvrdil-umrtni-list\\\/\",\"name\":\"Ozzy Osbourne zem\u0159el na infarkt, potvrdil \u00famrtn\u00ed list\",\"isPartOf\":{\"@id\":\"https:\\\/\\\/www.karaoketexty.cz\\\/magazin\\\/#website\"},\"primaryImageOfPage\":{\"@id\":\"https:\\\/\\\/www.karaoketexty.cz\\\/magazin\\\/ozzy-osbourne-zemrel-na-infarkt-potvrdil-umrtni-list\\\/#primaryimage\"},\"image\":{\"@id\":\"https:\\\/\\\/www.karaoketexty.cz\\\/magazin\\\/ozzy-osbourne-zemrel-na-infarkt-potvrdil-umrtni-list\\\/#primaryimage\"},\"thumbnailUrl\":\"https:\\\/\\\/www.karaoketexty.cz\\\/magazin\\\/wp-content\\\/uploads\\\/2025\\\/09\\\/ozzy-osbourne-pricina-umrti.jpg\",\"datePublished\":\"2025-09-16T03:00:00+00:00\",\"author\":{\"@id\":\"https:\\\/\\\/www.karaoketexty.cz\\\/magazin\\\/#\\\/schema\\\/person\\\/69d871cedc122c98723e0f5e1f73fa16\"},\"description\":\"Ozzy Osbourne podle ofici\u00e1ln\u00edho \u00famrtn\u00edho listu zem\u0159el na infarkt. Dlouhodob\u011b trp\u011bl ischemickou chorobou srde\u010dn\u00ed a Parkinsovou chorobou.\",\"breadcrumb\":{\"@id\":\"https:\\\/\\\/www.karaoketexty.cz\\\/magazin\\\/ozzy-osbourne-zemrel-na-infarkt-potvrdil-umrtni-list\\\/#breadcrumb\"},\"inLanguage\":\"cs\",\"potentialAction\":[{\"@type\":\"ReadAction\",\"target\":[\"https:\\\/\\\/www.karaoketexty.cz\\\/magazin\\\/ozzy-osbourne-zemrel-na-infarkt-potvrdil-umrtni-list\\\/\"]}]},{\"@type\":\"ImageObject\",\"inLanguage\":\"cs\",\"@id\":\"https:\\\/\\\/www.karaoketexty.cz\\\/magazin\\\/ozzy-osbourne-zemrel-na-infarkt-potvrdil-umrtni-list\\\/#primaryimage\",\"url\":\"https:\\\/\\\/www.karaoketexty.cz\\\/magazin\\\/wp-content\\\/uploads\\\/2025\\\/09\\\/ozzy-osbourne-pricina-umrti.jpg\",\"contentUrl\":\"https:\\\/\\\/www.karaoketexty.cz\\\/magazin\\\/wp-content\\\/uploads\\\/2025\\\/09\\\/ozzy-osbourne-pricina-umrti.jpg\",\"width\":1200,\"height\":675,\"caption\":\"Fotografie: Kevin Burkett \\\/ Creative Commons \\\/ CC BY-SA 2.0\"},{\"@type\":\"BreadcrumbList\",\"@id\":\"https:\\\/\\\/www.karaoketexty.cz\\\/magazin\\\/ozzy-osbourne-zemrel-na-infarkt-potvrdil-umrtni-list\\\/#breadcrumb\",\"itemListElement\":[{\"@type\":\"ListItem\",\"position\":1,\"name\":\"Dom\u016f\",\"item\":\"https:\\\/\\\/www.karaoketexty.cz\\\/magazin\\\/\"},{\"@type\":\"ListItem\",\"position\":2,\"name\":\"Ozzy Osbourne zem\u0159el na infarkt, potvrdil \u00famrtn\u00ed list\"}]},{\"@type\":\"WebSite\",\"@id\":\"https:\\\/\\\/www.karaoketexty.cz\\\/magazin\\\/#website\",\"url\":\"https:\\\/\\\/www.karaoketexty.cz\\\/magazin\\\/\",\"name\":\"Stars Magaz\u00edn Karaoketexty.cz\",\"description\":\"Stars Magaz\u00edn na Karaoketexty.cz je zam\u011b\u0159en\u00fd na novinky ze sv\u011bta hudby a celebrit. Obsahuje \u010dl\u00e1nky o zp\u011bv\u00e1c\u00edch, kapel\u00e1ch, nov\u00fdch albech, hudebn\u00edch trendech a dal\u0161\u00edch zaj\u00edmavostech z hudebn\u00edho pr\u016fmyslu.\",\"potentialAction\":[{\"@type\":\"SearchAction\",\"target\":{\"@type\":\"EntryPoint\",\"urlTemplate\":\"https:\\\/\\\/www.karaoketexty.cz\\\/magazin\\\/?s={search_term_string}\"},\"query-input\":{\"@type\":\"PropertyValueSpecification\",\"valueRequired\":true,\"valueName\":\"search_term_string\"}}],\"inLanguage\":\"cs\"},{\"@type\":\"Person\",\"@id\":\"https:\\\/\\\/www.karaoketexty.cz\\\/magazin\\\/#\\\/schema\\\/person\\\/69d871cedc122c98723e0f5e1f73fa16\",\"name\":\"Franti\u0161ek Zahradn\u00ed\u010dek\",\"image\":{\"@type\":\"ImageObject\",\"inLanguage\":\"cs\",\"@id\":\"https:\\\/\\\/secure.gravatar.com\\\/avatar\\\/fcc548a9ddc6294d2945bd8730d73ac130db3d13dfd96d644aa093d54c1917b6?s=96&d=mm&r=g\",\"url\":\"https:\\\/\\\/secure.gravatar.com\\\/avatar\\\/fcc548a9ddc6294d2945bd8730d73ac130db3d13dfd96d644aa093d54c1917b6?s=96&d=mm&r=g\",\"contentUrl\":\"https:\\\/\\\/secure.gravatar.com\\\/avatar\\\/fcc548a9ddc6294d2945bd8730d73ac130db3d13dfd96d644aa093d54c1917b6?s=96&d=mm&r=g\",\"caption\":\"Franti\u0161ek Zahradn\u00ed\u010dek\"},\"url\":\"https:\\\/\\\/www.karaoketexty.cz\\\/magazin\\\/author\\\/frantazahrada\\\/\"}]}<\/script>\n<!-- \/ Yoast SEO plugin. -->","yoast_head_json":{"title":"Ozzy Osbourne zem\u0159el na infarkt, potvrdil \u00famrtn\u00ed list","description":"Ozzy Osbourne podle ofici\u00e1ln\u00edho \u00famrtn\u00edho listu zem\u0159el na infarkt. Dlouhodob\u011b trp\u011bl ischemickou chorobou srde\u010dn\u00ed a Parkinsovou chorobou.","robots":{"index":"index","follow":"follow","max-snippet":"max-snippet:-1","max-image-preview":"max-image-preview:large","max-video-preview":"max-video-preview:-1"},"canonical":"https:\/\/www.karaoketexty.cz\/magazin\/ozzy-osbourne-zemrel-na-infarkt-potvrdil-umrtni-list\/","og_locale":"cs_CZ","og_type":"article","og_title":"Ozzy Osbourne zem\u0159el na infarkt, potvrdil \u00famrtn\u00ed list","og_description":"Ozzy Osbourne podle ofici\u00e1ln\u00edho \u00famrtn\u00edho listu zem\u0159el na infarkt. Dlouhodob\u011b trp\u011bl ischemickou chorobou srde\u010dn\u00ed a Parkinsovou chorobou.","og_url":"https:\/\/www.karaoketexty.cz\/magazin\/ozzy-osbourne-zemrel-na-infarkt-potvrdil-umrtni-list\/","og_site_name":"Stars Magaz\u00edn Karaoketexty.cz","article_published_time":"2025-09-16T03:00:00+00:00","og_image":[{"width":1200,"height":675,"url":"https:\/\/www.karaoketexty.cz\/magazin\/wp-content\/uploads\/2025\/09\/ozzy-osbourne-pricina-umrti.jpg","type":"image\/jpeg"}],"author":"Franti\u0161ek Zahradn\u00ed\u010dek","twitter_card":"summary_large_image","twitter_misc":{"Napsal(a)":"Franti\u0161ek Zahradn\u00ed\u010dek","Odhadovan\u00e1 doba \u010dten\u00ed":"3 minuty"},"schema":{"@context":"https:\/\/schema.org","@graph":[{"@type":"Article","@id":"https:\/\/www.karaoketexty.cz\/magazin\/ozzy-osbourne-zemrel-na-infarkt-potvrdil-umrtni-list\/#article","isPartOf":{"@id":"https:\/\/www.karaoketexty.cz\/magazin\/ozzy-osbourne-zemrel-na-infarkt-potvrdil-umrtni-list\/"},"author":{"name":"Franti\u0161ek Zahradn\u00ed\u010dek","@id":"https:\/\/www.karaoketexty.cz\/magazin\/#\/schema\/person\/69d871cedc122c98723e0f5e1f73fa16"},"headline":"Ozzy Osbourne zem\u0159el na infarkt, potvrdil \u00famrtn\u00ed list","datePublished":"2025-09-16T03:00:00+00:00","mainEntityOfPage":{"@id":"https:\/\/www.karaoketexty.cz\/magazin\/ozzy-osbourne-zemrel-na-infarkt-potvrdil-umrtni-list\/"},"wordCount":429,"commentCount":0,"image":{"@id":"https:\/\/www.karaoketexty.cz\/magazin\/ozzy-osbourne-zemrel-na-infarkt-potvrdil-umrtni-list\/#primaryimage"},"thumbnailUrl":"https:\/\/www.karaoketexty.cz\/magazin\/wp-content\/uploads\/2025\/09\/ozzy-osbourne-pricina-umrti.jpg","keywords":["Aimee Osbourne","Birmingham","Black Sabbath","excentrick\u00e1 osobnost","fanou\u0161ci","frontman","heavy metal","infarkt","interpret","Ozzy Osbourne","Parkinsonova choroba","Pitchfork","poh\u0159eb","posledn\u00ed koncert","reality show Osbournovi","rockov\u00e1 legenda","rozlu\u010dkov\u00e9 vystoupen\u00ed","skladatel","s\u00f3lov\u00fd um\u011blec","srde\u010dn\u00ed z\u00e1stava","The New York Times","\u00famrt\u00ed","zdravotn\u00ed pot\u00ed\u017ee"],"articleSection":["Zaj\u00edmavosti"],"inLanguage":"cs","potentialAction":[{"@type":"CommentAction","name":"Comment","target":["https:\/\/www.karaoketexty.cz\/magazin\/ozzy-osbourne-zemrel-na-infarkt-potvrdil-umrtni-list\/#respond"]}]},{"@type":"WebPage","@id":"https:\/\/www.karaoketexty.cz\/magazin\/ozzy-osbourne-zemrel-na-infarkt-potvrdil-umrtni-list\/","url":"https:\/\/www.karaoketexty.cz\/magazin\/ozzy-osbourne-zemrel-na-infarkt-potvrdil-umrtni-list\/","name":"Ozzy Osbourne zem\u0159el na infarkt, potvrdil \u00famrtn\u00ed list","isPartOf":{"@id":"https:\/\/www.karaoketexty.cz\/magazin\/#website"},"primaryImageOfPage":{"@id":"https:\/\/www.karaoketexty.cz\/magazin\/ozzy-osbourne-zemrel-na-infarkt-potvrdil-umrtni-list\/#primaryimage"},"image":{"@id":"https:\/\/www.karaoketexty.cz\/magazin\/ozzy-osbourne-zemrel-na-infarkt-potvrdil-umrtni-list\/#primaryimage"},"thumbnailUrl":"https:\/\/www.karaoketexty.cz\/magazin\/wp-content\/uploads\/2025\/09\/ozzy-osbourne-pricina-umrti.jpg","datePublished":"2025-09-16T03:00:00+00:00","author":{"@id":"https:\/\/www.karaoketexty.cz\/magazin\/#\/schema\/person\/69d871cedc122c98723e0f5e1f73fa16"},"description":"Ozzy Osbourne podle ofici\u00e1ln\u00edho \u00famrtn\u00edho listu zem\u0159el na infarkt. Dlouhodob\u011b trp\u011bl ischemickou chorobou srde\u010dn\u00ed a Parkinsovou chorobou.","breadcrumb":{"@id":"https:\/\/www.karaoketexty.cz\/magazin\/ozzy-osbourne-zemrel-na-infarkt-potvrdil-umrtni-list\/#breadcrumb"},"inLanguage":"cs","potentialAction":[{"@type":"ReadAction","target":["https:\/\/www.karaoketexty.cz\/magazin\/ozzy-osbourne-zemrel-na-infarkt-potvrdil-umrtni-list\/"]}]},{"@type":"ImageObject","inLanguage":"cs","@id":"https:\/\/www.karaoketexty.cz\/magazin\/ozzy-osbourne-zemrel-na-infarkt-potvrdil-umrtni-list\/#primaryimage","url":"https:\/\/www.karaoketexty.cz\/magazin\/wp-content\/uploads\/2025\/09\/ozzy-osbourne-pricina-umrti.jpg","contentUrl":"https:\/\/www.karaoketexty.cz\/magazin\/wp-content\/uploads\/2025\/09\/ozzy-osbourne-pricina-umrti.jpg","width":1200,"height":675,"caption":"Fotografie: Kevin Burkett \/ Creative Commons \/ CC BY-SA 2.0"},{"@type":"BreadcrumbList","@id":"https:\/\/www.karaoketexty.cz\/magazin\/ozzy-osbourne-zemrel-na-infarkt-potvrdil-umrtni-list\/#breadcrumb","itemListElement":[{"@type":"ListItem","position":1,"name":"Dom\u016f","item":"https:\/\/www.karaoketexty.cz\/magazin\/"},{"@type":"ListItem","position":2,"name":"Ozzy Osbourne zem\u0159el na infarkt, potvrdil \u00famrtn\u00ed list"}]},{"@type":"WebSite","@id":"https:\/\/www.karaoketexty.cz\/magazin\/#website","url":"https:\/\/www.karaoketexty.cz\/magazin\/","name":"Stars Magaz\u00edn Karaoketexty.cz","description":"Stars Magaz\u00edn na Karaoketexty.cz je zam\u011b\u0159en\u00fd na novinky ze sv\u011bta hudby a celebrit. Obsahuje \u010dl\u00e1nky o zp\u011bv\u00e1c\u00edch, kapel\u00e1ch, nov\u00fdch albech, hudebn\u00edch trendech a dal\u0161\u00edch zaj\u00edmavostech z hudebn\u00edho pr\u016fmyslu.","potentialAction":[{"@type":"SearchAction","target":{"@type":"EntryPoint","urlTemplate":"https:\/\/www.karaoketexty.cz\/magazin\/?s={search_term_string}"},"query-input":{"@type":"PropertyValueSpecification","valueRequired":true,"valueName":"search_term_string"}}],"inLanguage":"cs"},{"@type":"Person","@id":"https:\/\/www.karaoketexty.cz\/magazin\/#\/schema\/person\/69d871cedc122c98723e0f5e1f73fa16","name":"Franti\u0161ek Zahradn\u00ed\u010dek","image":{"@type":"ImageObject","inLanguage":"cs","@id":"https:\/\/secure.gravatar.com\/avatar\/fcc548a9ddc6294d2945bd8730d73ac130db3d13dfd96d644aa093d54c1917b6?s=96&d=mm&r=g","url":"https:\/\/secure.gravatar.com\/avatar\/fcc548a9ddc6294d2945bd8730d73ac130db3d13dfd96d644aa093d54c1917b6?s=96&d=mm&r=g","contentUrl":"https:\/\/secure.gravatar.com\/avatar\/fcc548a9ddc6294d2945bd8730d73ac130db3d13dfd96d644aa093d54c1917b6?s=96&d=mm&r=g","caption":"Franti\u0161ek Zahradn\u00ed\u010dek"},"url":"https:\/\/www.karaoketexty.cz\/magazin\/author\/frantazahrada\/"}]}},"_links":{"self":[{"href":"https:\/\/www.karaoketexty.cz\/magazin\/wp-json\/wp\/v2\/posts\/2460","targetHints":{"allow":["GET"]}}],"collection":[{"href":"https:\/\/www.karaoketexty.cz\/magazin\/wp-json\/wp\/v2\/posts"}],"about":[{"href":"https:\/\/www.karaoketexty.cz\/magazin\/wp-json\/wp\/v2\/types\/post"}],"author":[{"embeddable":true,"href":"https:\/\/www.karaoketexty.cz\/magazin\/wp-json\/wp\/v2\/users\/6"}],"replies":[{"embeddable":true,"href":"https:\/\/www.karaoketexty.cz\/magazin\/wp-json\/wp\/v2\/comments?post=2460"}],"version-history":[{"count":4,"href":"https:\/\/www.karaoketexty.cz\/magazin\/wp-json\/wp\/v2\/posts\/2460\/revisions"}],"predecessor-version":[{"id":2778,"href":"https:\/\/www.karaoketexty.cz\/magazin\/wp-json\/wp\/v2\/posts\/2460\/revisions\/2778"}],"wp:featuredmedia":[{"embeddable":true,"href":"https:\/\/www.karaoketexty.cz\/magazin\/wp-json\/wp\/v2\/media\/2463"}],"wp:attachment":[{"href":"https:\/\/www.karaoketexty.cz\/magazin\/wp-json\/wp\/v2\/media?parent=2460"}],"wp:term":[{"taxonomy":"category","embeddable":true,"href":"https:\/\/www.karaoketexty.cz\/magazin\/wp-json\/wp\/v2\/categories?post=2460"},{"taxonomy":"post_tag","embeddable":true,"href":"https:\/\/www.karaoketexty.cz\/magazin\/wp-json\/wp\/v2\/tags?post=2460"}],"curies":[{"name":"wp","href":"https:\/\/api.w.org\/{rel}","templated":true}]}}