{"id":2429,"date":"2025-09-07T14:58:00","date_gmt":"2025-09-07T12:58:00","guid":{"rendered":"https:\/\/www.karaoketexty.cz\/magazin\/?p=2429"},"modified":"2025-09-01T09:47:39","modified_gmt":"2025-09-01T07:47:39","slug":"jan-bendig-bydleni","status":"publish","type":"post","link":"https:\/\/www.karaoketexty.cz\/magazin\/jan-bendig-bydleni\/","title":{"rendered":"Jak \u017eije Jan Bendig: S p\u0159\u00edtelem m\u00e1 velk\u00fd d\u016fm, te\u010f chce jeden po\u0159\u00eddit sv\u00e9 m\u00e1m\u011b"},"content":{"rendered":"\n<p><strong>Jan Bendig \u017eije se sv\u00fdm p\u0159\u00edtelem Luk\u00e1\u0161em ve velk\u00e9m dom\u011b, ve kter\u00e9m m\u00e1 dokonce i svou vlastn\u00ed m\u00edstnost. Tu v rozhovoru ozna\u010dil za za\u0161\u00edv\u00e1rnu.<\/strong><\/p>\n\n\n\n<p>Jan Bendig se v\u011bnoval hudb\u011b u\u017e jako mal\u00fd chlapec a to, \u017ee m\u00e1 talent, v\u011bd\u011bla i jeho vlastn\u00ed maminka. Mo\u017en\u00e1 pr\u00e1v\u011b to byl d\u016fvod, pro\u010d ho nakonec p\u0159ihl\u00e1sila do <em>SuperStar<\/em>. Pr\u00e1v\u011b tato p\u011bveck\u00e1 sout\u011b\u017e Bendiga v roce 2009 proslavila a i kdy\u017e tenkr\u00e1t nevyhr\u00e1l, okam\u017eit\u011b se mu otev\u0159ely dve\u0159e do \u010desk\u00e9ho popov\u00e9ho sv\u011bta. I p\u0159es to jeho maminka lituje, \u017ee ho do sout\u011b\u017ee p\u0159ihl\u00e1sila.<\/p>\n\n\n<!-- karaoketexty.cz \/ rectangle2 -->\n<div id=\"PX_37086_709110796310826\"><\/div>\n<script>\n   if(!useMobileAds && !boolUseSeznamAds && !hideAllAds){\n     window.px2 = window.px2 || { conf: {},queue: [] };\n     px2.queue.push(function () {\n        px2.render({\n           slot: {\n              id: 37086\n           },\n            elem: \"PX_37086_709110796310826\"\n        })\n     });\n  }\n<\/script>\n\n<!-- karaoketexty.cz \/ mobile-rectangle3 -->\n<div id=\"PX_37044_714599773297004\"><\/div>\n<script>\n   if(useMobileAds && !boolUseSeznamAds && !hideAllAds){\nwindow.px2 = window.px2 || { conf: {},queue: [] };\npx2.queue.push(function () {\n\tpx2.render({\n\t\tslot: {\n\t\t\tid: 37044\n\t\t},\n\t\telem: \"PX_37044_714599773297004\"\n\t})\n});\n}\n<\/script>\n\n\n<h2 class=\"wp-block-heading\">Dnes je slavn\u00fd, maminka ale lituje<\/h2>\n\n\n\n<p>P\u0159ihl\u00e1\u0161ka do sout\u011b\u017ee <em>SuperStar<\/em> zm\u011bnila Bendigovi naprosto \u017eivot a pr\u00e1v\u011b to je d\u016fvodem, pro\u010d toho jeho maminka tolik lituje. \u010castokr\u00e1t mu pr\u00fd \u0159\u00edk\u00e1, \u017ee ho do sout\u011b\u017ee nem\u011bla p\u0159ihla\u0161ovat, proto\u017ee te\u010f doma netr\u00e1v\u00ed tolik \u010dasu. \u201e<em>Nejsem toti\u017e doma, netr\u00e1v\u00edm s nimi moc \u010dasu,<\/em>\u201d prozradil zp\u011bv\u00e1k, kter\u00fd dom\u016f za maminkou st\u00edh\u00e1 jezdit pouze jednou m\u011bs\u00ed\u010dn\u011b. Je v\u0161ak jist\u00e9, \u017ee mu i p\u0159es to maminka \u00fasp\u011bchy p\u0159eje a v jeho hudebn\u00ed kari\u00e9\u0159e ho pln\u011b podporuje.<\/p>\n\n\n<!-- karaoketexty.cz \/ interscroller1 -->\n\n<div id=\"PX_37041_825057871452834\"><\/div>\n<script>\nif(useMobileAds && !boolUseSeznamAds && !hideAllAds){\n\twindow.px2 = window.px2 || { conf: {},queue: [] };\n\tpx2.queue.push(function () {\n\t\tpx2.render({\n\t\t\tslot: {\n\t\t\t\tid: 37041\n\t\t\t},\n\t\t\telem: \"PX_37041_825057871452834\"\n\t\t})\n\t});\n}\n<\/script>\n\n\n<p>Toho si samoz\u0159ejm\u011b Bendig n\u00e1le\u017eit\u011b v\u00e1\u017e\u00ed a jeho snem je jednou sv\u00e9 mamince po\u0159\u00eddit d\u016fm. Tat\u00ednkovi by cht\u011bl zase koupit jeho vysn\u011bn\u00e9 auto. Jak s\u00e1m p\u0159iznal, m\u00e1 velkou radost, kdy\u017e sv\u00fdm rodi\u010d\u016fm m\u016f\u017ee d\u011blat radost. M\u00edsto n\u00e1kupu domu a auta pro rodi\u010de v\u0161ak te\u010f mus\u00ed \u0159e\u0161it trochu jin\u00e9 v\u011bci \u2013 stal se z n\u011bj toti\u017e herec a ned\u00e1vno nat\u00e1\u010del seri\u00e1l <em>Ratolesti<\/em> pro \u010ceskou televizi, kde si zahr\u00e1l po boku Any Geislerov\u00e9.<\/p>\n\n\n\n<figure class=\"wp-block-image size-large\"><img data-dominant-color=\"61544d\" data-has-transparency=\"false\" style=\"--dominant-color: #61544d;\" decoding=\"async\" width=\"1024\" height=\"576\" src=\"https:\/\/www.karaoketexty.cz\/magazin\/wp-content\/uploads\/2025\/08\/jan-bendig-lukas-rejmon-1024x576.jpg\" alt=\"\" class=\"wp-image-2430 not-transparent\" srcset=\"https:\/\/www.karaoketexty.cz\/magazin\/wp-content\/uploads\/2025\/08\/jan-bendig-lukas-rejmon-1024x576.jpg 1024w, https:\/\/www.karaoketexty.cz\/magazin\/wp-content\/uploads\/2025\/08\/jan-bendig-lukas-rejmon-300x169.jpg 300w, https:\/\/www.karaoketexty.cz\/magazin\/wp-content\/uploads\/2025\/08\/jan-bendig-lukas-rejmon-768x432.jpg 768w, https:\/\/www.karaoketexty.cz\/magazin\/wp-content\/uploads\/2025\/08\/jan-bendig-lukas-rejmon-800x450.jpg 800w, https:\/\/www.karaoketexty.cz\/magazin\/wp-content\/uploads\/2025\/08\/jan-bendig-lukas-rejmon.jpg 1200w\" sizes=\"(max-width: 1024px) 100vw, 1024px\" \/><figcaption class=\"wp-element-caption\">Zdroj fotografie: Nextfoto, Jan Bendig s p\u0159\u00edtelem Luk\u00e1\u0161em Rejmonem na premi\u00e9\u0159e filmu Ducho\u0148<\/figcaption><\/figure>\n\n\n\n<h2 class=\"wp-block-heading\">S\u00e1m u\u017e d\u016fm m\u00e1<\/h2>\n\n\n\n<p>Bendig moment\u00e1ln\u011b \u017eije se sv\u00fdm partnerem Luk\u00e1\u0161em a pro spole\u010dn\u00fd \u017eivot si vybrali nen\u00e1padn\u00fd, zato v\u0161ak prostorn\u00fd d\u016fm na okraji Prahy. Ten je pr\u00fd zaujal u\u017e b\u011bhem prvn\u00ed n\u00e1v\u0161t\u011bvy a okam\u017eit\u011b v\u011bd\u011bli, \u017ee ho mus\u00ed m\u00edt. \u201e<em>Vstoupili jsme do jedn\u00e1n\u00ed s pan\u00ed majitelkou a ona n\u00e1m jen tak mezi \u0159e\u010d\u00ed nadhodila, \u017ee d\u016fm je kouzeln\u00fd. Moc jsem tomu nev\u011bnoval pozornost, ale kdy\u017e jsme pak p\u0159ijeli na obhl\u00eddku, hned jak jsem vstoupil, uc\u00edtil jsem obrovskou pozitivn\u00ed energii,<\/em>&#8220; prozradil zp\u011bv\u00e1k pro iDnes.<\/p>\n\n\n\n<p>D\u016fm m\u00e1 baz\u00e9n, spoustu m\u00edstnost\u00ed v\u010detn\u011b t\u00e9 pro hosty, a tak\u00e9 jednu m\u00edstnost pouze pro Bendiga. Ta slou\u017e\u00ed jako pracovna, ale s\u00e1m ji vn\u00edm\u00e1 sp\u00ed\u0161e jako za\u0161\u00edv\u00e1rnu, kde se m\u016f\u017ee zav\u0159\u00edt p\u0159ed okoln\u00edm sv\u011btem, kdy\u017e pot\u0159ebuje klid.<\/p>\n\n\n\n<p>Zdroj: Autorsk\u00fd text, <a href=\"https:\/\/www.expres.cz\/celebrity\/jan-bendig-mama-dodnes-lituje-ze-me-prihlasila-do-superstar-koupim-ji-dum.A250821_102517_dx-celebrity_chlp\">Express<\/a>, <a href=\"https:\/\/www.idnes.cz\/bydleni\/na-navsteve\/jan-bendig-rytmus-zivota-zpevak-navsteva-bydleni-slavnych-celebrita.A250804_151454_dum_osobnosti_web\">iDnes<\/a> <\/p>\n\n\n            <a href=\"https:\/\/www.karaoketexty.cz\/magazin\/gabriela-guncikova-superstar-ghost-zpevacka-kapela\/\" class=\"related-post-link\">\n                <div class=\"post-thumbnail\">\n                    <img decoding=\"async\" width=\"250\" height=\"141\" src=\"https:\/\/www.karaoketexty.cz\/magazin\/wp-content\/uploads\/2025\/05\/Gabriela-Guncikova.avif\" class=\"attachment-250x180 size-250x180 not-transparent\" alt=\"Fotografie Gabriely Gun\u010d\u00edkov\u00e9\" data-has-transparency=\"false\" data-dominant-color=\"5a4334\" style=\"--dominant-color: #5a4334;\" \/>                <\/div>\n                <div class=\"post-details\">\n                    <span class=\"also-read\">\u010ct\u011bte tak\u00e9:<\/span>\n                    <h3 class=\"hed\">\u010ce\u0161i zjistili, kam zmizela zp\u011bva\u010dka Gabriela Gun\u010d\u00edkov\u00e1: Je pr\u00fd novou \u010dlenkou obl\u00edben\u00e9 kapely<\/h3>\n                <\/div>\n            <\/a>\n            \n\n            <a href=\"https:\/\/www.karaoketexty.cz\/magazin\/lukas-adamec-po-nehode-na-motorce-skoncil-v-nemocnici\/\" class=\"related-post-link\">\n                <div class=\"post-thumbnail\">\n                    <img decoding=\"async\" width=\"250\" height=\"131\" src=\"https:\/\/www.karaoketexty.cz\/magazin\/wp-content\/uploads\/2025\/05\/lukas-adamec.avif\" class=\"attachment-250x180 size-250x180 not-transparent\" alt=\"Fotografie Luk\u00e1\u0161 Adamce\" data-has-transparency=\"false\" data-dominant-color=\"33224d\" style=\"--dominant-color: #33224d;\" \/>                <\/div>\n                <div class=\"post-details\">\n                    <span class=\"also-read\">\u010ct\u011bte tak\u00e9:<\/span>\n                    <h3 class=\"hed\">Luk\u00e1\u0161 Adamec ml\u010d\u00ed o sv\u00e9 nehod\u011b na motorce. Skon\u010dil kv\u016fli n\u00ed v nemocnici<\/h3>\n                <\/div>\n            <\/a>\n            ","protected":false},"excerpt":{"rendered":"<p>Jan Bendig \u017eije se sv\u00fdm p\u0159\u00edtelem ve velk\u00e9m dom\u011b, ve kter\u00e9m m\u00e1 dokonce i svou vlastn\u00ed za\u0161\u00edv\u00e1rnu. Cht\u011bl by vlastn\u00ed d\u016fm dop\u0159\u00e1t i sv\u00e9 m\u00e1m\u011b.<\/p>\n","protected":false},"author":5,"featured_media":2432,"comment_status":"open","ping_status":"closed","sticky":false,"template":"","format":"standard","meta":{"_yoast_wpseo_title":"Jak \u017eije Jan Bendig: M\u00e1 velk\u00fd d\u016fm, jeden chce i pro maminku","_yoast_wpseo_metadesc":"Jan Bendig \u017eije se sv\u00fdm p\u0159\u00edtelem ve velk\u00e9m dom\u011b, ve kter\u00e9m m\u00e1 dokonce i svou vlastn\u00ed za\u0161\u00edv\u00e1rnu. Cht\u011bl by vlastn\u00ed d\u016fm dop\u0159\u00e1t i sv\u00e9 m\u00e1m\u011b.","footnotes":""},"categories":[1059],"tags":[1594,1590,49,1592,12,1583,139,1596,1595,44,367,1598,60,1455,1585,1588,1597,1586,89,1591,882,99,1593,1584,1589,1587,11],"class_list":["post-2429","post","type-post","status-publish","format-standard","has-post-thumbnail","hentry","category-celebrity","tag-ana-geislerova","tag-bazen","tag-bydleni","tag-ceska-televize","tag-ceske-celebrity","tag-cesky-zpevak","tag-dum","tag-express","tag-film-duchon","tag-herec","tag-hudebnici","tag-idnes","tag-jak-bydli-ceske-celebrity","tag-jan-bendig","tag-lukas-rejmon","tag-maminka","tag-nextfoto","tag-partner","tag-pevecka-soutez","tag-pracovna","tag-praha","tag-rodina","tag-serial-ratolesti","tag-superstar","tag-tatinek","tag-vztah","tag-zpevak"],"yoast_head":"<!-- This site is optimized with the Yoast SEO plugin v27.4 - https:\/\/yoast.com\/product\/yoast-seo-wordpress\/ -->\n<title>Jak \u017eije Jan Bendig: M\u00e1 velk\u00fd d\u016fm, jeden chce i pro maminku<\/title>\n<meta name=\"description\" content=\"Jan Bendig \u017eije se sv\u00fdm p\u0159\u00edtelem ve velk\u00e9m dom\u011b, ve kter\u00e9m m\u00e1 dokonce i svou vlastn\u00ed za\u0161\u00edv\u00e1rnu. Cht\u011bl by vlastn\u00ed d\u016fm dop\u0159\u00e1t i sv\u00e9 m\u00e1m\u011b.\" \/>\n<meta name=\"robots\" content=\"index, follow, max-snippet:-1, max-image-preview:large, max-video-preview:-1\" \/>\n<link rel=\"canonical\" href=\"https:\/\/www.karaoketexty.cz\/magazin\/jan-bendig-bydleni\/\" \/>\n<meta property=\"og:locale\" content=\"cs_CZ\" \/>\n<meta property=\"og:type\" content=\"article\" \/>\n<meta property=\"og:title\" content=\"Jak \u017eije Jan Bendig: M\u00e1 velk\u00fd d\u016fm, jeden chce i pro maminku\" \/>\n<meta property=\"og:description\" content=\"Jan Bendig \u017eije se sv\u00fdm p\u0159\u00edtelem ve velk\u00e9m dom\u011b, ve kter\u00e9m m\u00e1 dokonce i svou vlastn\u00ed za\u0161\u00edv\u00e1rnu. Cht\u011bl by vlastn\u00ed d\u016fm dop\u0159\u00e1t i sv\u00e9 m\u00e1m\u011b.\" \/>\n<meta property=\"og:url\" content=\"https:\/\/www.karaoketexty.cz\/magazin\/jan-bendig-bydleni\/\" \/>\n<meta property=\"og:site_name\" content=\"Stars Magaz\u00edn Karaoketexty.cz\" \/>\n<meta property=\"article:published_time\" content=\"2025-09-07T12:58:00+00:00\" \/>\n<meta property=\"og:image\" content=\"https:\/\/www.karaoketexty.cz\/magazin\/wp-content\/uploads\/2025\/08\/zpevak-jan-bendig.jpg\" \/>\n\t<meta property=\"og:image:width\" content=\"1200\" \/>\n\t<meta property=\"og:image:height\" content=\"675\" \/>\n\t<meta property=\"og:image:type\" content=\"image\/jpeg\" \/>\n<meta name=\"author\" content=\"Veronika \u0160imkov\u00e1\" \/>\n<meta name=\"twitter:card\" content=\"summary_large_image\" \/>\n<meta name=\"twitter:label1\" content=\"Napsal(a)\" \/>\n\t<meta name=\"twitter:data1\" content=\"Veronika \u0160imkov\u00e1\" \/>\n\t<meta name=\"twitter:label2\" content=\"Odhadovan\u00e1 doba \u010dten\u00ed\" \/>\n\t<meta name=\"twitter:data2\" content=\"3 minuty\" \/>\n<script type=\"application\/ld+json\" class=\"yoast-schema-graph\">{\"@context\":\"https:\\\/\\\/schema.org\",\"@graph\":[{\"@type\":\"Article\",\"@id\":\"https:\\\/\\\/www.karaoketexty.cz\\\/magazin\\\/jan-bendig-bydleni\\\/#article\",\"isPartOf\":{\"@id\":\"https:\\\/\\\/www.karaoketexty.cz\\\/magazin\\\/jan-bendig-bydleni\\\/\"},\"author\":{\"name\":\"Veronika \u0160imkov\u00e1\",\"@id\":\"https:\\\/\\\/www.karaoketexty.cz\\\/magazin\\\/#\\\/schema\\\/person\\\/03220d610ed4cba378a72bac3443f821\"},\"headline\":\"Jak \u017eije Jan Bendig: S p\u0159\u00edtelem m\u00e1 velk\u00fd d\u016fm, te\u010f chce jeden po\u0159\u00eddit sv\u00e9 m\u00e1m\u011b\",\"datePublished\":\"2025-09-07T12:58:00+00:00\",\"mainEntityOfPage\":{\"@id\":\"https:\\\/\\\/www.karaoketexty.cz\\\/magazin\\\/jan-bendig-bydleni\\\/\"},\"wordCount\":520,\"commentCount\":0,\"image\":{\"@id\":\"https:\\\/\\\/www.karaoketexty.cz\\\/magazin\\\/jan-bendig-bydleni\\\/#primaryimage\"},\"thumbnailUrl\":\"https:\\\/\\\/www.karaoketexty.cz\\\/magazin\\\/wp-content\\\/uploads\\\/2025\\\/08\\\/zpevak-jan-bendig.jpg\",\"keywords\":[\"A\u0148a Geislerov\u00e1\",\"baz\u00e9n\",\"Bydlen\u00ed\",\"\u010cesk\u00e1 televize\",\"\u010cesk\u00e9 celebrity\",\"\u010desk\u00fd zp\u011bv\u00e1k\",\"D\u016fm\",\"Express\",\"film Ducho\u0148\",\"Herec\",\"hudebn\u00edci\",\"iDnes\",\"Jak bydl\u00ed \u010desk\u00e9 celebrity\",\"Jan Bendig\",\"Luk\u00e1\u0161 Rejmon\",\"maminka\",\"Nextfoto\",\"partner\",\"p\u011bveck\u00e1 sout\u011b\u017e\",\"pracovna\",\"Praha\",\"Rodina\",\"seri\u00e1l Ratolesti\",\"SuperStar\",\"tat\u00ednek\",\"vztah\",\"Zp\u011bv\u00e1k\"],\"articleSection\":[\"Celebrity\"],\"inLanguage\":\"cs\",\"potentialAction\":[{\"@type\":\"CommentAction\",\"name\":\"Comment\",\"target\":[\"https:\\\/\\\/www.karaoketexty.cz\\\/magazin\\\/jan-bendig-bydleni\\\/#respond\"]}]},{\"@type\":\"WebPage\",\"@id\":\"https:\\\/\\\/www.karaoketexty.cz\\\/magazin\\\/jan-bendig-bydleni\\\/\",\"url\":\"https:\\\/\\\/www.karaoketexty.cz\\\/magazin\\\/jan-bendig-bydleni\\\/\",\"name\":\"Jak \u017eije Jan Bendig: M\u00e1 velk\u00fd d\u016fm, jeden chce i pro maminku\",\"isPartOf\":{\"@id\":\"https:\\\/\\\/www.karaoketexty.cz\\\/magazin\\\/#website\"},\"primaryImageOfPage\":{\"@id\":\"https:\\\/\\\/www.karaoketexty.cz\\\/magazin\\\/jan-bendig-bydleni\\\/#primaryimage\"},\"image\":{\"@id\":\"https:\\\/\\\/www.karaoketexty.cz\\\/magazin\\\/jan-bendig-bydleni\\\/#primaryimage\"},\"thumbnailUrl\":\"https:\\\/\\\/www.karaoketexty.cz\\\/magazin\\\/wp-content\\\/uploads\\\/2025\\\/08\\\/zpevak-jan-bendig.jpg\",\"datePublished\":\"2025-09-07T12:58:00+00:00\",\"author\":{\"@id\":\"https:\\\/\\\/www.karaoketexty.cz\\\/magazin\\\/#\\\/schema\\\/person\\\/03220d610ed4cba378a72bac3443f821\"},\"description\":\"Jan Bendig \u017eije se sv\u00fdm p\u0159\u00edtelem ve velk\u00e9m dom\u011b, ve kter\u00e9m m\u00e1 dokonce i svou vlastn\u00ed za\u0161\u00edv\u00e1rnu. Cht\u011bl by vlastn\u00ed d\u016fm dop\u0159\u00e1t i sv\u00e9 m\u00e1m\u011b.\",\"breadcrumb\":{\"@id\":\"https:\\\/\\\/www.karaoketexty.cz\\\/magazin\\\/jan-bendig-bydleni\\\/#breadcrumb\"},\"inLanguage\":\"cs\",\"potentialAction\":[{\"@type\":\"ReadAction\",\"target\":[\"https:\\\/\\\/www.karaoketexty.cz\\\/magazin\\\/jan-bendig-bydleni\\\/\"]}]},{\"@type\":\"ImageObject\",\"inLanguage\":\"cs\",\"@id\":\"https:\\\/\\\/www.karaoketexty.cz\\\/magazin\\\/jan-bendig-bydleni\\\/#primaryimage\",\"url\":\"https:\\\/\\\/www.karaoketexty.cz\\\/magazin\\\/wp-content\\\/uploads\\\/2025\\\/08\\\/zpevak-jan-bendig.jpg\",\"contentUrl\":\"https:\\\/\\\/www.karaoketexty.cz\\\/magazin\\\/wp-content\\\/uploads\\\/2025\\\/08\\\/zpevak-jan-bendig.jpg\",\"width\":1200,\"height\":675,\"caption\":\"Zdroj fotografie: Nextfoto, Jan Bendig na k\u0159tu knihy Den\u00edk tlust\u00fd ko\u010di\u010dandy\"},{\"@type\":\"BreadcrumbList\",\"@id\":\"https:\\\/\\\/www.karaoketexty.cz\\\/magazin\\\/jan-bendig-bydleni\\\/#breadcrumb\",\"itemListElement\":[{\"@type\":\"ListItem\",\"position\":1,\"name\":\"Dom\u016f\",\"item\":\"https:\\\/\\\/www.karaoketexty.cz\\\/magazin\\\/\"},{\"@type\":\"ListItem\",\"position\":2,\"name\":\"Jak \u017eije Jan Bendig: S p\u0159\u00edtelem m\u00e1 velk\u00fd d\u016fm, te\u010f chce jeden po\u0159\u00eddit sv\u00e9 m\u00e1m\u011b\"}]},{\"@type\":\"WebSite\",\"@id\":\"https:\\\/\\\/www.karaoketexty.cz\\\/magazin\\\/#website\",\"url\":\"https:\\\/\\\/www.karaoketexty.cz\\\/magazin\\\/\",\"name\":\"Stars Magaz\u00edn Karaoketexty.cz\",\"description\":\"Stars Magaz\u00edn na Karaoketexty.cz je zam\u011b\u0159en\u00fd na novinky ze sv\u011bta hudby a celebrit. Obsahuje \u010dl\u00e1nky o zp\u011bv\u00e1c\u00edch, kapel\u00e1ch, nov\u00fdch albech, hudebn\u00edch trendech a dal\u0161\u00edch zaj\u00edmavostech z hudebn\u00edho pr\u016fmyslu.\",\"potentialAction\":[{\"@type\":\"SearchAction\",\"target\":{\"@type\":\"EntryPoint\",\"urlTemplate\":\"https:\\\/\\\/www.karaoketexty.cz\\\/magazin\\\/?s={search_term_string}\"},\"query-input\":{\"@type\":\"PropertyValueSpecification\",\"valueRequired\":true,\"valueName\":\"search_term_string\"}}],\"inLanguage\":\"cs\"},{\"@type\":\"Person\",\"@id\":\"https:\\\/\\\/www.karaoketexty.cz\\\/magazin\\\/#\\\/schema\\\/person\\\/03220d610ed4cba378a72bac3443f821\",\"name\":\"Veronika \u0160imkov\u00e1\",\"image\":{\"@type\":\"ImageObject\",\"inLanguage\":\"cs\",\"@id\":\"https:\\\/\\\/secure.gravatar.com\\\/avatar\\\/62af9cda83322200aaf20e60d0442fbca254ce18c0ffdcaaf83de31493c941a5?s=96&d=mm&r=g\",\"url\":\"https:\\\/\\\/secure.gravatar.com\\\/avatar\\\/62af9cda83322200aaf20e60d0442fbca254ce18c0ffdcaaf83de31493c941a5?s=96&d=mm&r=g\",\"contentUrl\":\"https:\\\/\\\/secure.gravatar.com\\\/avatar\\\/62af9cda83322200aaf20e60d0442fbca254ce18c0ffdcaaf83de31493c941a5?s=96&d=mm&r=g\",\"caption\":\"Veronika \u0160imkov\u00e1\"},\"url\":\"https:\\\/\\\/www.karaoketexty.cz\\\/magazin\\\/author\\\/veronikasimkova\\\/\"}]}<\/script>\n<!-- \/ Yoast SEO plugin. -->","yoast_head_json":{"title":"Jak \u017eije Jan Bendig: M\u00e1 velk\u00fd d\u016fm, jeden chce i pro maminku","description":"Jan Bendig \u017eije se sv\u00fdm p\u0159\u00edtelem ve velk\u00e9m dom\u011b, ve kter\u00e9m m\u00e1 dokonce i svou vlastn\u00ed za\u0161\u00edv\u00e1rnu. Cht\u011bl by vlastn\u00ed d\u016fm dop\u0159\u00e1t i sv\u00e9 m\u00e1m\u011b.","robots":{"index":"index","follow":"follow","max-snippet":"max-snippet:-1","max-image-preview":"max-image-preview:large","max-video-preview":"max-video-preview:-1"},"canonical":"https:\/\/www.karaoketexty.cz\/magazin\/jan-bendig-bydleni\/","og_locale":"cs_CZ","og_type":"article","og_title":"Jak \u017eije Jan Bendig: M\u00e1 velk\u00fd d\u016fm, jeden chce i pro maminku","og_description":"Jan Bendig \u017eije se sv\u00fdm p\u0159\u00edtelem ve velk\u00e9m dom\u011b, ve kter\u00e9m m\u00e1 dokonce i svou vlastn\u00ed za\u0161\u00edv\u00e1rnu. Cht\u011bl by vlastn\u00ed d\u016fm dop\u0159\u00e1t i sv\u00e9 m\u00e1m\u011b.","og_url":"https:\/\/www.karaoketexty.cz\/magazin\/jan-bendig-bydleni\/","og_site_name":"Stars Magaz\u00edn Karaoketexty.cz","article_published_time":"2025-09-07T12:58:00+00:00","og_image":[{"width":1200,"height":675,"url":"https:\/\/www.karaoketexty.cz\/magazin\/wp-content\/uploads\/2025\/08\/zpevak-jan-bendig.jpg","type":"image\/jpeg"}],"author":"Veronika \u0160imkov\u00e1","twitter_card":"summary_large_image","twitter_misc":{"Napsal(a)":"Veronika \u0160imkov\u00e1","Odhadovan\u00e1 doba \u010dten\u00ed":"3 minuty"},"schema":{"@context":"https:\/\/schema.org","@graph":[{"@type":"Article","@id":"https:\/\/www.karaoketexty.cz\/magazin\/jan-bendig-bydleni\/#article","isPartOf":{"@id":"https:\/\/www.karaoketexty.cz\/magazin\/jan-bendig-bydleni\/"},"author":{"name":"Veronika \u0160imkov\u00e1","@id":"https:\/\/www.karaoketexty.cz\/magazin\/#\/schema\/person\/03220d610ed4cba378a72bac3443f821"},"headline":"Jak \u017eije Jan Bendig: S p\u0159\u00edtelem m\u00e1 velk\u00fd d\u016fm, te\u010f chce jeden po\u0159\u00eddit sv\u00e9 m\u00e1m\u011b","datePublished":"2025-09-07T12:58:00+00:00","mainEntityOfPage":{"@id":"https:\/\/www.karaoketexty.cz\/magazin\/jan-bendig-bydleni\/"},"wordCount":520,"commentCount":0,"image":{"@id":"https:\/\/www.karaoketexty.cz\/magazin\/jan-bendig-bydleni\/#primaryimage"},"thumbnailUrl":"https:\/\/www.karaoketexty.cz\/magazin\/wp-content\/uploads\/2025\/08\/zpevak-jan-bendig.jpg","keywords":["A\u0148a Geislerov\u00e1","baz\u00e9n","Bydlen\u00ed","\u010cesk\u00e1 televize","\u010cesk\u00e9 celebrity","\u010desk\u00fd zp\u011bv\u00e1k","D\u016fm","Express","film Ducho\u0148","Herec","hudebn\u00edci","iDnes","Jak bydl\u00ed \u010desk\u00e9 celebrity","Jan Bendig","Luk\u00e1\u0161 Rejmon","maminka","Nextfoto","partner","p\u011bveck\u00e1 sout\u011b\u017e","pracovna","Praha","Rodina","seri\u00e1l Ratolesti","SuperStar","tat\u00ednek","vztah","Zp\u011bv\u00e1k"],"articleSection":["Celebrity"],"inLanguage":"cs","potentialAction":[{"@type":"CommentAction","name":"Comment","target":["https:\/\/www.karaoketexty.cz\/magazin\/jan-bendig-bydleni\/#respond"]}]},{"@type":"WebPage","@id":"https:\/\/www.karaoketexty.cz\/magazin\/jan-bendig-bydleni\/","url":"https:\/\/www.karaoketexty.cz\/magazin\/jan-bendig-bydleni\/","name":"Jak \u017eije Jan Bendig: M\u00e1 velk\u00fd d\u016fm, jeden chce i pro maminku","isPartOf":{"@id":"https:\/\/www.karaoketexty.cz\/magazin\/#website"},"primaryImageOfPage":{"@id":"https:\/\/www.karaoketexty.cz\/magazin\/jan-bendig-bydleni\/#primaryimage"},"image":{"@id":"https:\/\/www.karaoketexty.cz\/magazin\/jan-bendig-bydleni\/#primaryimage"},"thumbnailUrl":"https:\/\/www.karaoketexty.cz\/magazin\/wp-content\/uploads\/2025\/08\/zpevak-jan-bendig.jpg","datePublished":"2025-09-07T12:58:00+00:00","author":{"@id":"https:\/\/www.karaoketexty.cz\/magazin\/#\/schema\/person\/03220d610ed4cba378a72bac3443f821"},"description":"Jan Bendig \u017eije se sv\u00fdm p\u0159\u00edtelem ve velk\u00e9m dom\u011b, ve kter\u00e9m m\u00e1 dokonce i svou vlastn\u00ed za\u0161\u00edv\u00e1rnu. Cht\u011bl by vlastn\u00ed d\u016fm dop\u0159\u00e1t i sv\u00e9 m\u00e1m\u011b.","breadcrumb":{"@id":"https:\/\/www.karaoketexty.cz\/magazin\/jan-bendig-bydleni\/#breadcrumb"},"inLanguage":"cs","potentialAction":[{"@type":"ReadAction","target":["https:\/\/www.karaoketexty.cz\/magazin\/jan-bendig-bydleni\/"]}]},{"@type":"ImageObject","inLanguage":"cs","@id":"https:\/\/www.karaoketexty.cz\/magazin\/jan-bendig-bydleni\/#primaryimage","url":"https:\/\/www.karaoketexty.cz\/magazin\/wp-content\/uploads\/2025\/08\/zpevak-jan-bendig.jpg","contentUrl":"https:\/\/www.karaoketexty.cz\/magazin\/wp-content\/uploads\/2025\/08\/zpevak-jan-bendig.jpg","width":1200,"height":675,"caption":"Zdroj fotografie: Nextfoto, Jan Bendig na k\u0159tu knihy Den\u00edk tlust\u00fd ko\u010di\u010dandy"},{"@type":"BreadcrumbList","@id":"https:\/\/www.karaoketexty.cz\/magazin\/jan-bendig-bydleni\/#breadcrumb","itemListElement":[{"@type":"ListItem","position":1,"name":"Dom\u016f","item":"https:\/\/www.karaoketexty.cz\/magazin\/"},{"@type":"ListItem","position":2,"name":"Jak \u017eije Jan Bendig: S p\u0159\u00edtelem m\u00e1 velk\u00fd d\u016fm, te\u010f chce jeden po\u0159\u00eddit sv\u00e9 m\u00e1m\u011b"}]},{"@type":"WebSite","@id":"https:\/\/www.karaoketexty.cz\/magazin\/#website","url":"https:\/\/www.karaoketexty.cz\/magazin\/","name":"Stars Magaz\u00edn Karaoketexty.cz","description":"Stars Magaz\u00edn na Karaoketexty.cz je zam\u011b\u0159en\u00fd na novinky ze sv\u011bta hudby a celebrit. Obsahuje \u010dl\u00e1nky o zp\u011bv\u00e1c\u00edch, kapel\u00e1ch, nov\u00fdch albech, hudebn\u00edch trendech a dal\u0161\u00edch zaj\u00edmavostech z hudebn\u00edho pr\u016fmyslu.","potentialAction":[{"@type":"SearchAction","target":{"@type":"EntryPoint","urlTemplate":"https:\/\/www.karaoketexty.cz\/magazin\/?s={search_term_string}"},"query-input":{"@type":"PropertyValueSpecification","valueRequired":true,"valueName":"search_term_string"}}],"inLanguage":"cs"},{"@type":"Person","@id":"https:\/\/www.karaoketexty.cz\/magazin\/#\/schema\/person\/03220d610ed4cba378a72bac3443f821","name":"Veronika \u0160imkov\u00e1","image":{"@type":"ImageObject","inLanguage":"cs","@id":"https:\/\/secure.gravatar.com\/avatar\/62af9cda83322200aaf20e60d0442fbca254ce18c0ffdcaaf83de31493c941a5?s=96&d=mm&r=g","url":"https:\/\/secure.gravatar.com\/avatar\/62af9cda83322200aaf20e60d0442fbca254ce18c0ffdcaaf83de31493c941a5?s=96&d=mm&r=g","contentUrl":"https:\/\/secure.gravatar.com\/avatar\/62af9cda83322200aaf20e60d0442fbca254ce18c0ffdcaaf83de31493c941a5?s=96&d=mm&r=g","caption":"Veronika \u0160imkov\u00e1"},"url":"https:\/\/www.karaoketexty.cz\/magazin\/author\/veronikasimkova\/"}]}},"_links":{"self":[{"href":"https:\/\/www.karaoketexty.cz\/magazin\/wp-json\/wp\/v2\/posts\/2429","targetHints":{"allow":["GET"]}}],"collection":[{"href":"https:\/\/www.karaoketexty.cz\/magazin\/wp-json\/wp\/v2\/posts"}],"about":[{"href":"https:\/\/www.karaoketexty.cz\/magazin\/wp-json\/wp\/v2\/types\/post"}],"author":[{"embeddable":true,"href":"https:\/\/www.karaoketexty.cz\/magazin\/wp-json\/wp\/v2\/users\/5"}],"replies":[{"embeddable":true,"href":"https:\/\/www.karaoketexty.cz\/magazin\/wp-json\/wp\/v2\/comments?post=2429"}],"version-history":[{"count":2,"href":"https:\/\/www.karaoketexty.cz\/magazin\/wp-json\/wp\/v2\/posts\/2429\/revisions"}],"predecessor-version":[{"id":2457,"href":"https:\/\/www.karaoketexty.cz\/magazin\/wp-json\/wp\/v2\/posts\/2429\/revisions\/2457"}],"wp:featuredmedia":[{"embeddable":true,"href":"https:\/\/www.karaoketexty.cz\/magazin\/wp-json\/wp\/v2\/media\/2432"}],"wp:attachment":[{"href":"https:\/\/www.karaoketexty.cz\/magazin\/wp-json\/wp\/v2\/media?parent=2429"}],"wp:term":[{"taxonomy":"category","embeddable":true,"href":"https:\/\/www.karaoketexty.cz\/magazin\/wp-json\/wp\/v2\/categories?post=2429"},{"taxonomy":"post_tag","embeddable":true,"href":"https:\/\/www.karaoketexty.cz\/magazin\/wp-json\/wp\/v2\/tags?post=2429"}],"curies":[{"name":"wp","href":"https:\/\/api.w.org\/{rel}","templated":true}]}}