{"id":2397,"date":"2025-09-04T15:12:00","date_gmt":"2025-09-04T13:12:00","guid":{"rendered":"https:\/\/www.karaoketexty.cz\/magazin\/?p=2397"},"modified":"2025-10-02T09:58:38","modified_gmt":"2025-10-02T07:58:38","slug":"the-fugees-koncert","status":"publish","type":"post","link":"https:\/\/www.karaoketexty.cz\/magazin\/the-fugees-koncert\/","title":{"rendered":"Fugees znovu spolu na p\u00f3diu \u2013 fanou\u0161ci \u0161\u00edleli!"},"content":{"rendered":"\n<p><strong>Dva ze t\u0159\u00ed \u010dlen\u016f legend\u00e1rn\u00ed americk\u00e9 skupiny The Fugees se ned\u00e1vno objevili po dlouh\u00e9 dob\u011b spole\u010dn\u011b na p\u00f3diu a pro fanou\u0161ky to byl skute\u010dn\u00fd z\u00e1\u017eitek.<\/strong><\/p>\n\n\n\n<p>Americk\u00e1 hudebn\u00ed skupina The Fugees pat\u0159ila v polovin\u011b 90. let mezi ty nejobl\u00edben\u011bj\u0161\u00ed skupiny na sv\u011bt\u011b. Hiphopov\u00e9 trio, kter\u00e9 do sv\u00fdch p\u00edsn\u00ed vkl\u00e1dalo prvky soulu a karibsk\u00e9 hudby, znal od roku 1996 t\u00e9m\u011b\u0159 ka\u017ed\u00fd. Pak ale p\u0159i\u0161ly neshody, skupina se rozpadla a \u010dlenov\u00e9 se vydali na s\u00f3lovou dr\u00e1hu. I p\u0159esto se \u010das od \u010dasu n\u011bkde spole\u010dn\u011b potkaj\u00ed a kdy\u017e maj\u00ed fanou\u0161ci \u0161t\u011bst\u00ed, dokonce je mohou vid\u011bt spole\u010dn\u011b na p\u00f3diu.<\/p>\n\n\n<!-- karaoketexty.cz \/ rectangle2 -->\n<div id=\"PX_37086_709110796310826\"><\/div>\n<script>\n   if(!useMobileAds && !boolUseSeznamAds && !hideAllAds){\n     window.px2 = window.px2 || { conf: {},queue: [] };\n     px2.queue.push(function () {\n        px2.render({\n           slot: {\n              id: 37086\n           },\n            elem: \"PX_37086_709110796310826\"\n        })\n     });\n  }\n<\/script>\n\n<!-- karaoketexty.cz \/ mobile-rectangle3 -->\n<div id=\"PX_37044_714599773297004\"><\/div>\n<script>\n   if(useMobileAds && !boolUseSeznamAds && !hideAllAds){\nwindow.px2 = window.px2 || { conf: {},queue: [] };\npx2.queue.push(function () {\n\tpx2.render({\n\t\tslot: {\n\t\t\tid: 37044\n\t\t},\n\t\telem: \"PX_37044_714599773297004\"\n\t})\n});\n}\n<\/script>\n\n\n<h2 class=\"wp-block-heading\">Fugees zase spolu<\/h2>\n\n\n\n<p>V lond\u00fdnsk\u00e9m klubu KOKO v Camden Town se v ned\u011bli 24. srpna odehr\u00e1l v\u00fdjime\u010dn\u00fd hudebn\u00ed okam\u017eik. Wyclef Jean, kter\u00fd zde po patn\u00e1cti letech odehr\u00e1l sv\u00e9 prvn\u00ed s\u00f3lov\u00e9 headline vystoupen\u00ed, si na z\u00e1v\u011br koncertu p\u0159izval na p\u00f3dium svou n\u011bkdej\u0161\u00ed kolegyni z Fugees \u2013 Lauryn Hill. Show byla na\u010dasovan\u00e1 na obdob\u00ed slavn\u00e9ho Notting Hill Carnivalu a nesla se ve velkolep\u00e9m duchu.<\/p>\n\n\n<!-- karaoketexty.cz \/ interscroller1 -->\n\n<div id=\"PX_37041_825057871452834\"><\/div>\n<script>\nif(useMobileAds && !boolUseSeznamAds && !hideAllAds){\n\twindow.px2 = window.px2 || { conf: {},queue: [] };\n\tpx2.queue.push(function () {\n\t\tpx2.render({\n\t\t\tslot: {\n\t\t\t\tid: 37041\n\t\t\t},\n\t\t\telem: \"PX_37041_825057871452834\"\n\t\t})\n\t});\n}\n<\/script>\n\n\n<p>Wyclef se p\u0159edstavil se \u0161esti\u010dlennou kapelou, gospelov\u00fdmi zp\u011bv\u00e1ky i tane\u010dn\u00edky. Kdy\u017e se na sc\u00e9n\u011b objevila Hill, kter\u00e1 kv\u016fli tomu p\u0159ilet\u011bla speci\u00e1ln\u011b do Lond\u00fdna, klub explodoval nad\u0161en\u00edm. Spole\u010dn\u011b si p\u0159ipomn\u011bli \u00e9ru Fugees hity How Many Mics, Killing Me Softly, Ready Or Not a Fu-Gee-La. Wyclef b\u011bhem ve\u010dera nab\u00eddl i pr\u016f\u0159ez sv\u00fdmi s\u00f3lov\u00fdmi skladbami, mezi nimi\u017e zazn\u011bly nap\u0159\u00edklad Gone Till November, Sweetest Girl (Dollar Bill), Perfect Gentleman, ale i jeho verze klasiky No Woman, No Cry.<\/p>\n\n\n\n<h2 class=\"wp-block-heading\">Lauryn a Wyclef jsou znovu p\u0159\u00e1tel\u00e9 <\/h2>\n\n\n\n<p>Skupina m\u016f\u017ee b\u00fdt klidn\u011b nejslavn\u011bj\u0161\u00ed na sv\u011bt\u011b, ale jakmile to mezi \u010dleny nefunguje, nem\u00e1 smysl v n\u00ed nad\u00e1le pokra\u010dovat. To si samoz\u0159ejm\u011b uv\u011bdomovali i \u010dlenov\u00e9 The Fugees, kte\u0159\u00ed si po 18 milionech prodan\u00fdch desek dali dev\u00edtiletou pauzu, kter\u00e1 nakonec skon\u010dila rozpadem skupiny. D\u016fvod? Slo\u017eit\u00fd romantick\u00fd troj\u00faheln\u00edk mezi \u010dleny, tv\u016fr\u010d\u00ed neshody, odli\u0161n\u00e9 um\u011bleck\u00e9 vize.<\/p>\n\n\n\n<blockquote class=\"instagram-media\" data-instgrm-captioned data-instgrm-permalink=\"https:\/\/www.instagram.com\/reel\/DNwKIP90JWC\/?utm_source=ig_embed&amp;utm_campaign=loading\" data-instgrm-version=\"14\" style=\" background:#FFF; border:0; border-radius:3px; box-shadow:0 0 1px 0 rgba(0,0,0,0.5),0 1px 10px 0 rgba(0,0,0,0.15); margin: 1px; max-width:540px; min-width:326px; padding:0; width:99.375%; width:-webkit-calc(100% - 2px); width:calc(100% - 2px);\"><div style=\"padding:16px;\"> <a href=\"https:\/\/www.instagram.com\/reel\/DNwKIP90JWC\/?utm_source=ig_embed&amp;utm_campaign=loading\" style=\" background:#FFFFFF; line-height:0; padding:0 0; text-align:center; text-decoration:none; width:100%;\" target=\"_blank\"> <div style=\" display: flex; flex-direction: row; align-items: center;\"> <div style=\"background-color: #F4F4F4; border-radius: 50%; flex-grow: 0; height: 40px; margin-right: 14px; width: 40px;\"><\/div> <div style=\"display: flex; flex-direction: column; flex-grow: 1; justify-content: center;\"> <div style=\" background-color: #F4F4F4; border-radius: 4px; flex-grow: 0; height: 14px; margin-bottom: 6px; width: 100px;\"><\/div> <div style=\" background-color: #F4F4F4; border-radius: 4px; flex-grow: 0; height: 14px; width: 60px;\"><\/div><\/div><\/div><div style=\"padding: 19% 0;\"><\/div> <div style=\"display:block; height:50px; margin:0 auto 12px; width:50px;\"><svg width=\"50px\" height=\"50px\" viewBox=\"0 0 60 60\" version=\"1.1\" xmlns=\"https:\/\/www.w3.org\/2000\/svg\" xmlns:xlink=\"https:\/\/www.w3.org\/1999\/xlink\"><g stroke=\"none\" stroke-width=\"1\" fill=\"none\" fill-rule=\"evenodd\"><g transform=\"translate(-511.000000, -20.000000)\" fill=\"#000000\"><g><path d=\"M556.869,30.41 C554.814,30.41 553.148,32.076 553.148,34.131 C553.148,36.186 554.814,37.852 556.869,37.852 C558.924,37.852 560.59,36.186 560.59,34.131 C560.59,32.076 558.924,30.41 556.869,30.41 M541,60.657 C535.114,60.657 530.342,55.887 530.342,50 C530.342,44.114 535.114,39.342 541,39.342 C546.887,39.342 551.658,44.114 551.658,50 C551.658,55.887 546.887,60.657 541,60.657 M541,33.886 C532.1,33.886 524.886,41.1 524.886,50 C524.886,58.899 532.1,66.113 541,66.113 C549.9,66.113 557.115,58.899 557.115,50 C557.115,41.1 549.9,33.886 541,33.886 M565.378,62.101 C565.244,65.022 564.756,66.606 564.346,67.663 C563.803,69.06 563.154,70.057 562.106,71.106 C561.058,72.155 560.06,72.803 558.662,73.347 C557.607,73.757 556.021,74.244 553.102,74.378 C549.944,74.521 548.997,74.552 541,74.552 C533.003,74.552 532.056,74.521 528.898,74.378 C525.979,74.244 524.393,73.757 523.338,73.347 C521.94,72.803 520.942,72.155 519.894,71.106 C518.846,70.057 518.197,69.06 517.654,67.663 C517.244,66.606 516.755,65.022 516.623,62.101 C516.479,58.943 516.448,57.996 516.448,50 C516.448,42.003 516.479,41.056 516.623,37.899 C516.755,34.978 517.244,33.391 517.654,32.338 C518.197,30.938 518.846,29.942 519.894,28.894 C520.942,27.846 521.94,27.196 523.338,26.654 C524.393,26.244 525.979,25.756 528.898,25.623 C532.057,25.479 533.004,25.448 541,25.448 C548.997,25.448 549.943,25.479 553.102,25.623 C556.021,25.756 557.607,26.244 558.662,26.654 C560.06,27.196 561.058,27.846 562.106,28.894 C563.154,29.942 563.803,30.938 564.346,32.338 C564.756,33.391 565.244,34.978 565.378,37.899 C565.522,41.056 565.552,42.003 565.552,50 C565.552,57.996 565.522,58.943 565.378,62.101 M570.82,37.631 C570.674,34.438 570.167,32.258 569.425,30.349 C568.659,28.377 567.633,26.702 565.965,25.035 C564.297,23.368 562.623,22.342 560.652,21.575 C558.743,20.834 556.562,20.326 553.369,20.18 C550.169,20.033 549.148,20 541,20 C532.853,20 531.831,20.033 528.631,20.18 C525.438,20.326 523.257,20.834 521.349,21.575 C519.376,22.342 517.703,23.368 516.035,25.035 C514.368,26.702 513.342,28.377 512.574,30.349 C511.834,32.258 511.326,34.438 511.181,37.631 C511.035,40.831 511,41.851 511,50 C511,58.147 511.035,59.17 511.181,62.369 C511.326,65.562 511.834,67.743 512.574,69.651 C513.342,71.625 514.368,73.296 516.035,74.965 C517.703,76.634 519.376,77.658 521.349,78.425 C523.257,79.167 525.438,79.673 528.631,79.82 C531.831,79.965 532.853,80.001 541,80.001 C549.148,80.001 550.169,79.965 553.369,79.82 C556.562,79.673 558.743,79.167 560.652,78.425 C562.623,77.658 564.297,76.634 565.965,74.965 C567.633,73.296 568.659,71.625 569.425,69.651 C570.167,67.743 570.674,65.562 570.82,62.369 C570.966,59.17 571,58.147 571,50 C571,41.851 570.966,40.831 570.82,37.631\"><\/path><\/g><\/g><\/g><\/svg><\/div><div style=\"padding-top: 8px;\"> <div style=\" color:#3897f0; font-family:Arial,sans-serif; font-size:14px; font-style:normal; font-weight:550; line-height:18px;\">Zobrazit p\u0159\u00edsp\u011bvek na Instagramu<\/div><\/div><div style=\"padding: 12.5% 0;\"><\/div> <div style=\"display: flex; flex-direction: row; margin-bottom: 14px; align-items: center;\"><div> <div style=\"background-color: #F4F4F4; border-radius: 50%; height: 12.5px; width: 12.5px; transform: translateX(0px) translateY(7px);\"><\/div> <div style=\"background-color: #F4F4F4; height: 12.5px; transform: rotate(-45deg) translateX(3px) translateY(1px); width: 12.5px; flex-grow: 0; margin-right: 14px; margin-left: 2px;\"><\/div> <div style=\"background-color: #F4F4F4; border-radius: 50%; height: 12.5px; width: 12.5px; transform: translateX(9px) translateY(-18px);\"><\/div><\/div><div style=\"margin-left: 8px;\"> <div style=\" background-color: #F4F4F4; border-radius: 50%; flex-grow: 0; height: 20px; width: 20px;\"><\/div> <div style=\" width: 0; height: 0; border-top: 2px solid transparent; border-left: 6px solid #f4f4f4; border-bottom: 2px solid transparent; transform: translateX(16px) translateY(-4px) rotate(30deg)\"><\/div><\/div><div style=\"margin-left: auto;\"> <div style=\" width: 0px; border-top: 8px solid #F4F4F4; border-right: 8px solid transparent; transform: translateY(16px);\"><\/div> <div style=\" background-color: #F4F4F4; flex-grow: 0; height: 12px; width: 16px; transform: translateY(-4px);\"><\/div> <div style=\" width: 0; height: 0; border-top: 8px solid #F4F4F4; border-left: 8px solid transparent; transform: translateY(-4px) translateX(8px);\"><\/div><\/div><\/div> <div style=\"display: flex; flex-direction: column; flex-grow: 1; justify-content: center; margin-bottom: 24px;\"> <div style=\" background-color: #F4F4F4; border-radius: 4px; flex-grow: 0; height: 14px; margin-bottom: 6px; width: 224px;\"><\/div> <div style=\" background-color: #F4F4F4; border-radius: 4px; flex-grow: 0; height: 14px; width: 144px;\"><\/div><\/div><\/a><p style=\" color:#c9c8cd; font-family:Arial,sans-serif; font-size:14px; line-height:17px; margin-bottom:0; margin-top:8px; overflow:hidden; padding:8px 0 7px; text-align:center; text-overflow:ellipsis; white-space:nowrap;\"><a href=\"https:\/\/www.instagram.com\/reel\/DNwKIP90JWC\/?utm_source=ig_embed&amp;utm_campaign=loading\" style=\" color:#c9c8cd; font-family:Arial,sans-serif; font-size:14px; font-style:normal; font-weight:normal; line-height:17px; text-decoration:none;\" target=\"_blank\">P\u0159\u00edsp\u011bvek sd\u00edlen\u00fd KOKO London (@kokocamden)<\/a><\/p><\/div><\/blockquote>\n<script async src=\"\/\/www.instagram.com\/embed.js\"><\/script>\n\n\n\n<p>Olej do ji\u017e rozp\u00e1len\u00e9ho ohn\u011b pak p\u0159ilila samotn\u00e1 Lauryn, kter\u00e1 tehdy p\u0159im\u011bla Wyclefa v\u011b\u0159it, \u017ee je otcem jej\u00edho novorozen\u00e9ho syna Ziona. Wyclef byl nav\u00edc \u017eenat\u00fd, cel\u00e1 af\u00e9ra vyplavala na povrch a \u010dasem se uk\u00e1zalo, \u017ee syn Zion ve skute\u010dnosti nebyl jeho. A\u010dkoliv se pak skupina sna\u017eila n\u011bkolikr\u00e1t d\u00e1t znovu dohromady, nakonec to nikdy nedopadlo. Vztah mezi \u010dleny se ale na\u0161t\u011bst\u00ed za\u010dal postupem \u010dasu zlep\u0161ovat \u2013 tedy alespo\u0148 mezi Wyclefem a Lauryn.<\/p>\n\n\n\n<p>T\u0159et\u00ed \u010dlen, Pras Michel, se na koncertu Wyclefa neuk\u00e1zal. Jednak v sou\u010dasnosti \u010del\u00ed soudn\u00edmu procesu, po n\u011bm\u017e mu hroz\u00ed a\u017e dvacetilet\u00fd trest za pran\u00ed \u0161pinav\u00fdch pen\u011bz, ale hlavn\u011b s\u00e1m prohl\u00e1sil, \u017ee se skupinou nadobro skon\u010dil.<\/p>\n\n\n\n<p>Zdroj: Autorsk\u00fd text, <a href=\"https:\/\/cs.wikipedia.org\/wiki\/The_Fugees\">Wikipedia<\/a>, <a href=\"https:\/\/www.instagram.com\/kokocamden\/?utm_source=ig_embed\">Instagram<\/a>, <a href=\"https:\/\/www.imdb.com\/news\/ni36478143\/\">IMBD<\/a>, <a href=\"https:\/\/www.nme.com\/news\/music\/watch-ms-lauryn-hill-join-wyclef-jean-onstage-in-london-to-perform-fugees-classics-3887386\">NME<\/a><\/p>\n\n\n            <a href=\"https:\/\/www.karaoketexty.cz\/magazin\/eminem-tajne-na-bieberove-novem-albu-ma-podil-na-skladbe-yukon\/\" class=\"related-post-link\">\n                <div class=\"post-thumbnail\">\n                    <img decoding=\"async\" width=\"250\" height=\"161\" src=\"https:\/\/www.karaoketexty.cz\/magazin\/wp-content\/uploads\/2025\/05\/Justin-bieber-rosemont-2015.avif\" class=\"attachment-250x180 size-250x180 not-transparent\" alt=\"Justin Bieber na koncert\u011b v Rosemontu 2015\" data-has-transparency=\"false\" data-dominant-color=\"2d2a4c\" style=\"--dominant-color: #2d2a4c;\" \/>                <\/div>\n                <div class=\"post-details\">\n                    <span class=\"also-read\">\u010ct\u011bte tak\u00e9:<\/span>\n                    <h3 class=\"hed\">Eminem tajn\u011b na Bieberov\u011b nov\u00e9m albu? M\u00e1 pod\u00edl na skladb\u011b \u201eYUKON\u201c!<\/h3>\n                <\/div>\n            <\/a>\n            \n\n            <a href=\"https:\/\/www.karaoketexty.cz\/magazin\/will-smith-nova-pisen-reakce-vek-kritika\/\" class=\"related-post-link\">\n                <div class=\"post-thumbnail\">\n                    <img decoding=\"async\" width=\"250\" height=\"131\" src=\"https:\/\/www.karaoketexty.cz\/magazin\/wp-content\/uploads\/2025\/07\/will-smith-1.jpg\" class=\"attachment-250x180 size-250x180 not-transparent\" alt=\"Fotografie Willa Smitha\" srcset=\"https:\/\/www.karaoketexty.cz\/magazin\/wp-content\/uploads\/2025\/07\/will-smith-1.jpg 1200w, https:\/\/www.karaoketexty.cz\/magazin\/wp-content\/uploads\/2025\/07\/will-smith-1-300x158.jpg 300w, https:\/\/www.karaoketexty.cz\/magazin\/wp-content\/uploads\/2025\/07\/will-smith-1-1024x538.jpg 1024w, https:\/\/www.karaoketexty.cz\/magazin\/wp-content\/uploads\/2025\/07\/will-smith-1-768x403.jpg 768w\" sizes=\"(max-width: 250px) 100vw, 250px\" data-has-transparency=\"false\" data-dominant-color=\"8a8690\" style=\"--dominant-color: #8a8690;\" \/>                <\/div>\n                <div class=\"post-details\">\n                    <span class=\"also-read\">\u010ct\u011bte tak\u00e9:<\/span>\n                    <h3 class=\"hed\">Nov\u00fd letn\u00ed singl Willa Smithe \u010del\u00ed sm\u00ed\u0161en\u00fdm reakc\u00edm. Podle fanou\u0161k\u016f je na takovou hudbu p\u0159\u00edli\u0161 star\u00fd<\/h3>\n                <\/div>\n            <\/a>\n            ","protected":false},"excerpt":{"rendered":"<p>Dva ze t\u0159\u00ed \u010dlen\u016f legend\u00e1rn\u00ed americk\u00e9 skupiny The Fugees se ned\u00e1vno objevili spole\u010dn\u011b na p\u00f3diu a pro fanou\u0161ky to byl skute\u010dn\u00fd z\u00e1\u017eitek.<\/p>\n","protected":false},"author":5,"featured_media":2398,"comment_status":"open","ping_status":"closed","sticky":false,"template":"","format":"standard","meta":{"_yoast_wpseo_title":"The Fugees kone\u010dn\u011b zase spole\u010dn\u011b na podiu, fanou\u0161ci \u0161\u00edleli","_yoast_wpseo_metadesc":"Dva ze t\u0159\u00ed \u010dlen\u016f legend\u00e1rn\u00ed americk\u00e9 skupiny The Fugees se ned\u00e1vno objevili spole\u010dn\u011b na p\u00f3diu a pro fanou\u0161ky to byl skute\u010dn\u00fd z\u00e1\u017eitek.","footnotes":""},"categories":[1059],"tags":[1272,1527,1528,534,367,1535,500,1519,1524,1523,136,1520,1536,1537,1525,1530,1522,1526,1531,1533,33,743,1534,398,1529,1451,1532,1521,28,51,11],"class_list":["post-2397","post","type-post","status-publish","format-standard","has-post-thumbnail","hentry","category-celebrity","tag-americka-kapela","tag-fu-gee-la","tag-gone-till-november","tag-hip-hop","tag-hudebnici","tag-imdb","tag-instagram","tag-karibska-hudba","tag-killing-me-softly","tag-koko-london","tag-koncert","tag-lauryn-hill","tag-nme","tag-no-woman-no-cry","tag-notting-hill-carnival","tag-perfect-gentleman","tag-pras-michel","tag-ready-or-not","tag-reunion","tag-romanticky-trojuhelnik","tag-skandal","tag-solova-kariera","tag-soudni-proces","tag-soul","tag-sweetest-girl","tag-the-fugees","tag-vztahy-v-kapele","tag-wyclef-jean","tag-zahranicni-celebrity","tag-zpevacka","tag-zpevak"],"yoast_head":"<!-- This site is optimized with the Yoast SEO plugin v27.4 - https:\/\/yoast.com\/product\/yoast-seo-wordpress\/ -->\n<title>The Fugees kone\u010dn\u011b zase spole\u010dn\u011b na podiu, fanou\u0161ci \u0161\u00edleli<\/title>\n<meta name=\"description\" content=\"Dva ze t\u0159\u00ed \u010dlen\u016f legend\u00e1rn\u00ed americk\u00e9 skupiny The Fugees se ned\u00e1vno objevili spole\u010dn\u011b na p\u00f3diu a pro fanou\u0161ky to byl skute\u010dn\u00fd z\u00e1\u017eitek.\" \/>\n<meta name=\"robots\" content=\"index, follow, max-snippet:-1, max-image-preview:large, max-video-preview:-1\" \/>\n<link rel=\"canonical\" href=\"https:\/\/www.karaoketexty.cz\/magazin\/the-fugees-koncert\/\" \/>\n<meta property=\"og:locale\" content=\"cs_CZ\" \/>\n<meta property=\"og:type\" content=\"article\" \/>\n<meta property=\"og:title\" content=\"The Fugees kone\u010dn\u011b zase spole\u010dn\u011b na podiu, fanou\u0161ci \u0161\u00edleli\" \/>\n<meta property=\"og:description\" content=\"Dva ze t\u0159\u00ed \u010dlen\u016f legend\u00e1rn\u00ed americk\u00e9 skupiny The Fugees se ned\u00e1vno objevili spole\u010dn\u011b na p\u00f3diu a pro fanou\u0161ky to byl skute\u010dn\u00fd z\u00e1\u017eitek.\" \/>\n<meta property=\"og:url\" content=\"https:\/\/www.karaoketexty.cz\/magazin\/the-fugees-koncert\/\" \/>\n<meta property=\"og:site_name\" content=\"Stars Magaz\u00edn Karaoketexty.cz\" \/>\n<meta property=\"article:published_time\" content=\"2025-09-04T13:12:00+00:00\" \/>\n<meta property=\"article:modified_time\" content=\"2025-10-02T07:58:38+00:00\" \/>\n<meta property=\"og:image\" content=\"https:\/\/www.karaoketexty.cz\/magazin\/wp-content\/uploads\/2025\/08\/lauryn-hill-zpevafcka.jpg\" \/>\n\t<meta property=\"og:image:width\" content=\"1200\" \/>\n\t<meta property=\"og:image:height\" content=\"675\" \/>\n\t<meta property=\"og:image:type\" content=\"image\/jpeg\" \/>\n<meta name=\"author\" content=\"Veronika \u0160imkov\u00e1\" \/>\n<meta name=\"twitter:card\" content=\"summary_large_image\" \/>\n<meta name=\"twitter:label1\" content=\"Napsal(a)\" \/>\n\t<meta name=\"twitter:data1\" content=\"Veronika \u0160imkov\u00e1\" \/>\n\t<meta name=\"twitter:label2\" content=\"Odhadovan\u00e1 doba \u010dten\u00ed\" \/>\n\t<meta name=\"twitter:data2\" content=\"1 minuta\" \/>\n<script type=\"application\/ld+json\" class=\"yoast-schema-graph\">{\"@context\":\"https:\\\/\\\/schema.org\",\"@graph\":[{\"@type\":\"Article\",\"@id\":\"https:\\\/\\\/www.karaoketexty.cz\\\/magazin\\\/the-fugees-koncert\\\/#article\",\"isPartOf\":{\"@id\":\"https:\\\/\\\/www.karaoketexty.cz\\\/magazin\\\/the-fugees-koncert\\\/\"},\"author\":{\"name\":\"Veronika \u0160imkov\u00e1\",\"@id\":\"https:\\\/\\\/www.karaoketexty.cz\\\/magazin\\\/#\\\/schema\\\/person\\\/03220d610ed4cba378a72bac3443f821\"},\"headline\":\"Fugees znovu spolu na p\u00f3diu \u2013 fanou\u0161ci \u0161\u00edleli!\",\"datePublished\":\"2025-09-04T13:12:00+00:00\",\"dateModified\":\"2025-10-02T07:58:38+00:00\",\"mainEntityOfPage\":{\"@id\":\"https:\\\/\\\/www.karaoketexty.cz\\\/magazin\\\/the-fugees-koncert\\\/\"},\"wordCount\":542,\"commentCount\":0,\"image\":{\"@id\":\"https:\\\/\\\/www.karaoketexty.cz\\\/magazin\\\/the-fugees-koncert\\\/#primaryimage\"},\"thumbnailUrl\":\"https:\\\/\\\/www.karaoketexty.cz\\\/magazin\\\/wp-content\\\/uploads\\\/2025\\\/08\\\/lauryn-hill-zpevafcka.jpg\",\"keywords\":[\"americk\u00e1 kapela\",\"Fu-Gee-La\",\"Gone Till November\",\"hip hop\",\"hudebn\u00edci\",\"IMDB\",\"Instagram\",\"karibsk\u00e1 hudba\",\"Killing Me Softly\",\"KOKO London\",\"koncert\",\"Lauryn Hill\",\"NME\",\"No Woman No Cry\",\"Notting Hill Carnival\",\"Perfect Gentleman\",\"Pras Michel\",\"Ready Or Not\",\"reunion\",\"romantick\u00fd troj\u00faheln\u00edk\",\"Skand\u00e1l\",\"s\u00f3lov\u00e1 kari\u00e9ra\",\"soudn\u00ed proces\",\"soul\",\"Sweetest Girl\",\"The Fugees\",\"vztahy v kapele\",\"Wyclef Jean\",\"Zahrani\u010dn\u00ed celebrity\",\"Zp\u011bva\u010dka\",\"Zp\u011bv\u00e1k\"],\"articleSection\":[\"Celebrity\"],\"inLanguage\":\"cs\",\"potentialAction\":[{\"@type\":\"CommentAction\",\"name\":\"Comment\",\"target\":[\"https:\\\/\\\/www.karaoketexty.cz\\\/magazin\\\/the-fugees-koncert\\\/#respond\"]}]},{\"@type\":\"WebPage\",\"@id\":\"https:\\\/\\\/www.karaoketexty.cz\\\/magazin\\\/the-fugees-koncert\\\/\",\"url\":\"https:\\\/\\\/www.karaoketexty.cz\\\/magazin\\\/the-fugees-koncert\\\/\",\"name\":\"The Fugees kone\u010dn\u011b zase spole\u010dn\u011b na podiu, fanou\u0161ci \u0161\u00edleli\",\"isPartOf\":{\"@id\":\"https:\\\/\\\/www.karaoketexty.cz\\\/magazin\\\/#website\"},\"primaryImageOfPage\":{\"@id\":\"https:\\\/\\\/www.karaoketexty.cz\\\/magazin\\\/the-fugees-koncert\\\/#primaryimage\"},\"image\":{\"@id\":\"https:\\\/\\\/www.karaoketexty.cz\\\/magazin\\\/the-fugees-koncert\\\/#primaryimage\"},\"thumbnailUrl\":\"https:\\\/\\\/www.karaoketexty.cz\\\/magazin\\\/wp-content\\\/uploads\\\/2025\\\/08\\\/lauryn-hill-zpevafcka.jpg\",\"datePublished\":\"2025-09-04T13:12:00+00:00\",\"dateModified\":\"2025-10-02T07:58:38+00:00\",\"author\":{\"@id\":\"https:\\\/\\\/www.karaoketexty.cz\\\/magazin\\\/#\\\/schema\\\/person\\\/03220d610ed4cba378a72bac3443f821\"},\"description\":\"Dva ze t\u0159\u00ed \u010dlen\u016f legend\u00e1rn\u00ed americk\u00e9 skupiny The Fugees se ned\u00e1vno objevili spole\u010dn\u011b na p\u00f3diu a pro fanou\u0161ky to byl skute\u010dn\u00fd z\u00e1\u017eitek.\",\"breadcrumb\":{\"@id\":\"https:\\\/\\\/www.karaoketexty.cz\\\/magazin\\\/the-fugees-koncert\\\/#breadcrumb\"},\"inLanguage\":\"cs\",\"potentialAction\":[{\"@type\":\"ReadAction\",\"target\":[\"https:\\\/\\\/www.karaoketexty.cz\\\/magazin\\\/the-fugees-koncert\\\/\"]}]},{\"@type\":\"ImageObject\",\"inLanguage\":\"cs\",\"@id\":\"https:\\\/\\\/www.karaoketexty.cz\\\/magazin\\\/the-fugees-koncert\\\/#primaryimage\",\"url\":\"https:\\\/\\\/www.karaoketexty.cz\\\/magazin\\\/wp-content\\\/uploads\\\/2025\\\/08\\\/lauryn-hill-zpevafcka.jpg\",\"contentUrl\":\"https:\\\/\\\/www.karaoketexty.cz\\\/magazin\\\/wp-content\\\/uploads\\\/2025\\\/08\\\/lauryn-hill-zpevafcka.jpg\",\"width\":1200,\"height\":675,\"caption\":\"Zdroj fotografie: Citt\u00e0 di Parma \\\/ Creative Commons \\\/ CC BY-SA\"},{\"@type\":\"BreadcrumbList\",\"@id\":\"https:\\\/\\\/www.karaoketexty.cz\\\/magazin\\\/the-fugees-koncert\\\/#breadcrumb\",\"itemListElement\":[{\"@type\":\"ListItem\",\"position\":1,\"name\":\"Dom\u016f\",\"item\":\"https:\\\/\\\/www.karaoketexty.cz\\\/magazin\\\/\"},{\"@type\":\"ListItem\",\"position\":2,\"name\":\"Fugees znovu spolu na p\u00f3diu \u2013 fanou\u0161ci \u0161\u00edleli!\"}]},{\"@type\":\"WebSite\",\"@id\":\"https:\\\/\\\/www.karaoketexty.cz\\\/magazin\\\/#website\",\"url\":\"https:\\\/\\\/www.karaoketexty.cz\\\/magazin\\\/\",\"name\":\"Stars Magaz\u00edn Karaoketexty.cz\",\"description\":\"Stars Magaz\u00edn na Karaoketexty.cz je zam\u011b\u0159en\u00fd na novinky ze sv\u011bta hudby a celebrit. Obsahuje \u010dl\u00e1nky o zp\u011bv\u00e1c\u00edch, kapel\u00e1ch, nov\u00fdch albech, hudebn\u00edch trendech a dal\u0161\u00edch zaj\u00edmavostech z hudebn\u00edho pr\u016fmyslu.\",\"potentialAction\":[{\"@type\":\"SearchAction\",\"target\":{\"@type\":\"EntryPoint\",\"urlTemplate\":\"https:\\\/\\\/www.karaoketexty.cz\\\/magazin\\\/?s={search_term_string}\"},\"query-input\":{\"@type\":\"PropertyValueSpecification\",\"valueRequired\":true,\"valueName\":\"search_term_string\"}}],\"inLanguage\":\"cs\"},{\"@type\":\"Person\",\"@id\":\"https:\\\/\\\/www.karaoketexty.cz\\\/magazin\\\/#\\\/schema\\\/person\\\/03220d610ed4cba378a72bac3443f821\",\"name\":\"Veronika \u0160imkov\u00e1\",\"image\":{\"@type\":\"ImageObject\",\"inLanguage\":\"cs\",\"@id\":\"https:\\\/\\\/secure.gravatar.com\\\/avatar\\\/62af9cda83322200aaf20e60d0442fbca254ce18c0ffdcaaf83de31493c941a5?s=96&d=mm&r=g\",\"url\":\"https:\\\/\\\/secure.gravatar.com\\\/avatar\\\/62af9cda83322200aaf20e60d0442fbca254ce18c0ffdcaaf83de31493c941a5?s=96&d=mm&r=g\",\"contentUrl\":\"https:\\\/\\\/secure.gravatar.com\\\/avatar\\\/62af9cda83322200aaf20e60d0442fbca254ce18c0ffdcaaf83de31493c941a5?s=96&d=mm&r=g\",\"caption\":\"Veronika \u0160imkov\u00e1\"},\"url\":\"https:\\\/\\\/www.karaoketexty.cz\\\/magazin\\\/author\\\/veronikasimkova\\\/\"}]}<\/script>\n<!-- \/ Yoast SEO plugin. -->","yoast_head_json":{"title":"The Fugees kone\u010dn\u011b zase spole\u010dn\u011b na podiu, fanou\u0161ci \u0161\u00edleli","description":"Dva ze t\u0159\u00ed \u010dlen\u016f legend\u00e1rn\u00ed americk\u00e9 skupiny The Fugees se ned\u00e1vno objevili spole\u010dn\u011b na p\u00f3diu a pro fanou\u0161ky to byl skute\u010dn\u00fd z\u00e1\u017eitek.","robots":{"index":"index","follow":"follow","max-snippet":"max-snippet:-1","max-image-preview":"max-image-preview:large","max-video-preview":"max-video-preview:-1"},"canonical":"https:\/\/www.karaoketexty.cz\/magazin\/the-fugees-koncert\/","og_locale":"cs_CZ","og_type":"article","og_title":"The Fugees kone\u010dn\u011b zase spole\u010dn\u011b na podiu, fanou\u0161ci \u0161\u00edleli","og_description":"Dva ze t\u0159\u00ed \u010dlen\u016f legend\u00e1rn\u00ed americk\u00e9 skupiny The Fugees se ned\u00e1vno objevili spole\u010dn\u011b na p\u00f3diu a pro fanou\u0161ky to byl skute\u010dn\u00fd z\u00e1\u017eitek.","og_url":"https:\/\/www.karaoketexty.cz\/magazin\/the-fugees-koncert\/","og_site_name":"Stars Magaz\u00edn Karaoketexty.cz","article_published_time":"2025-09-04T13:12:00+00:00","article_modified_time":"2025-10-02T07:58:38+00:00","og_image":[{"width":1200,"height":675,"url":"https:\/\/www.karaoketexty.cz\/magazin\/wp-content\/uploads\/2025\/08\/lauryn-hill-zpevafcka.jpg","type":"image\/jpeg"}],"author":"Veronika \u0160imkov\u00e1","twitter_card":"summary_large_image","twitter_misc":{"Napsal(a)":"Veronika \u0160imkov\u00e1","Odhadovan\u00e1 doba \u010dten\u00ed":"1 minuta"},"schema":{"@context":"https:\/\/schema.org","@graph":[{"@type":"Article","@id":"https:\/\/www.karaoketexty.cz\/magazin\/the-fugees-koncert\/#article","isPartOf":{"@id":"https:\/\/www.karaoketexty.cz\/magazin\/the-fugees-koncert\/"},"author":{"name":"Veronika \u0160imkov\u00e1","@id":"https:\/\/www.karaoketexty.cz\/magazin\/#\/schema\/person\/03220d610ed4cba378a72bac3443f821"},"headline":"Fugees znovu spolu na p\u00f3diu \u2013 fanou\u0161ci \u0161\u00edleli!","datePublished":"2025-09-04T13:12:00+00:00","dateModified":"2025-10-02T07:58:38+00:00","mainEntityOfPage":{"@id":"https:\/\/www.karaoketexty.cz\/magazin\/the-fugees-koncert\/"},"wordCount":542,"commentCount":0,"image":{"@id":"https:\/\/www.karaoketexty.cz\/magazin\/the-fugees-koncert\/#primaryimage"},"thumbnailUrl":"https:\/\/www.karaoketexty.cz\/magazin\/wp-content\/uploads\/2025\/08\/lauryn-hill-zpevafcka.jpg","keywords":["americk\u00e1 kapela","Fu-Gee-La","Gone Till November","hip hop","hudebn\u00edci","IMDB","Instagram","karibsk\u00e1 hudba","Killing Me Softly","KOKO London","koncert","Lauryn Hill","NME","No Woman No Cry","Notting Hill Carnival","Perfect Gentleman","Pras Michel","Ready Or Not","reunion","romantick\u00fd troj\u00faheln\u00edk","Skand\u00e1l","s\u00f3lov\u00e1 kari\u00e9ra","soudn\u00ed proces","soul","Sweetest Girl","The Fugees","vztahy v kapele","Wyclef Jean","Zahrani\u010dn\u00ed celebrity","Zp\u011bva\u010dka","Zp\u011bv\u00e1k"],"articleSection":["Celebrity"],"inLanguage":"cs","potentialAction":[{"@type":"CommentAction","name":"Comment","target":["https:\/\/www.karaoketexty.cz\/magazin\/the-fugees-koncert\/#respond"]}]},{"@type":"WebPage","@id":"https:\/\/www.karaoketexty.cz\/magazin\/the-fugees-koncert\/","url":"https:\/\/www.karaoketexty.cz\/magazin\/the-fugees-koncert\/","name":"The Fugees kone\u010dn\u011b zase spole\u010dn\u011b na podiu, fanou\u0161ci \u0161\u00edleli","isPartOf":{"@id":"https:\/\/www.karaoketexty.cz\/magazin\/#website"},"primaryImageOfPage":{"@id":"https:\/\/www.karaoketexty.cz\/magazin\/the-fugees-koncert\/#primaryimage"},"image":{"@id":"https:\/\/www.karaoketexty.cz\/magazin\/the-fugees-koncert\/#primaryimage"},"thumbnailUrl":"https:\/\/www.karaoketexty.cz\/magazin\/wp-content\/uploads\/2025\/08\/lauryn-hill-zpevafcka.jpg","datePublished":"2025-09-04T13:12:00+00:00","dateModified":"2025-10-02T07:58:38+00:00","author":{"@id":"https:\/\/www.karaoketexty.cz\/magazin\/#\/schema\/person\/03220d610ed4cba378a72bac3443f821"},"description":"Dva ze t\u0159\u00ed \u010dlen\u016f legend\u00e1rn\u00ed americk\u00e9 skupiny The Fugees se ned\u00e1vno objevili spole\u010dn\u011b na p\u00f3diu a pro fanou\u0161ky to byl skute\u010dn\u00fd z\u00e1\u017eitek.","breadcrumb":{"@id":"https:\/\/www.karaoketexty.cz\/magazin\/the-fugees-koncert\/#breadcrumb"},"inLanguage":"cs","potentialAction":[{"@type":"ReadAction","target":["https:\/\/www.karaoketexty.cz\/magazin\/the-fugees-koncert\/"]}]},{"@type":"ImageObject","inLanguage":"cs","@id":"https:\/\/www.karaoketexty.cz\/magazin\/the-fugees-koncert\/#primaryimage","url":"https:\/\/www.karaoketexty.cz\/magazin\/wp-content\/uploads\/2025\/08\/lauryn-hill-zpevafcka.jpg","contentUrl":"https:\/\/www.karaoketexty.cz\/magazin\/wp-content\/uploads\/2025\/08\/lauryn-hill-zpevafcka.jpg","width":1200,"height":675,"caption":"Zdroj fotografie: Citt\u00e0 di Parma \/ Creative Commons \/ CC BY-SA"},{"@type":"BreadcrumbList","@id":"https:\/\/www.karaoketexty.cz\/magazin\/the-fugees-koncert\/#breadcrumb","itemListElement":[{"@type":"ListItem","position":1,"name":"Dom\u016f","item":"https:\/\/www.karaoketexty.cz\/magazin\/"},{"@type":"ListItem","position":2,"name":"Fugees znovu spolu na p\u00f3diu \u2013 fanou\u0161ci \u0161\u00edleli!"}]},{"@type":"WebSite","@id":"https:\/\/www.karaoketexty.cz\/magazin\/#website","url":"https:\/\/www.karaoketexty.cz\/magazin\/","name":"Stars Magaz\u00edn Karaoketexty.cz","description":"Stars Magaz\u00edn na Karaoketexty.cz je zam\u011b\u0159en\u00fd na novinky ze sv\u011bta hudby a celebrit. Obsahuje \u010dl\u00e1nky o zp\u011bv\u00e1c\u00edch, kapel\u00e1ch, nov\u00fdch albech, hudebn\u00edch trendech a dal\u0161\u00edch zaj\u00edmavostech z hudebn\u00edho pr\u016fmyslu.","potentialAction":[{"@type":"SearchAction","target":{"@type":"EntryPoint","urlTemplate":"https:\/\/www.karaoketexty.cz\/magazin\/?s={search_term_string}"},"query-input":{"@type":"PropertyValueSpecification","valueRequired":true,"valueName":"search_term_string"}}],"inLanguage":"cs"},{"@type":"Person","@id":"https:\/\/www.karaoketexty.cz\/magazin\/#\/schema\/person\/03220d610ed4cba378a72bac3443f821","name":"Veronika \u0160imkov\u00e1","image":{"@type":"ImageObject","inLanguage":"cs","@id":"https:\/\/secure.gravatar.com\/avatar\/62af9cda83322200aaf20e60d0442fbca254ce18c0ffdcaaf83de31493c941a5?s=96&d=mm&r=g","url":"https:\/\/secure.gravatar.com\/avatar\/62af9cda83322200aaf20e60d0442fbca254ce18c0ffdcaaf83de31493c941a5?s=96&d=mm&r=g","contentUrl":"https:\/\/secure.gravatar.com\/avatar\/62af9cda83322200aaf20e60d0442fbca254ce18c0ffdcaaf83de31493c941a5?s=96&d=mm&r=g","caption":"Veronika \u0160imkov\u00e1"},"url":"https:\/\/www.karaoketexty.cz\/magazin\/author\/veronikasimkova\/"}]}},"_links":{"self":[{"href":"https:\/\/www.karaoketexty.cz\/magazin\/wp-json\/wp\/v2\/posts\/2397","targetHints":{"allow":["GET"]}}],"collection":[{"href":"https:\/\/www.karaoketexty.cz\/magazin\/wp-json\/wp\/v2\/posts"}],"about":[{"href":"https:\/\/www.karaoketexty.cz\/magazin\/wp-json\/wp\/v2\/types\/post"}],"author":[{"embeddable":true,"href":"https:\/\/www.karaoketexty.cz\/magazin\/wp-json\/wp\/v2\/users\/5"}],"replies":[{"embeddable":true,"href":"https:\/\/www.karaoketexty.cz\/magazin\/wp-json\/wp\/v2\/comments?post=2397"}],"version-history":[{"count":3,"href":"https:\/\/www.karaoketexty.cz\/magazin\/wp-json\/wp\/v2\/posts\/2397\/revisions"}],"predecessor-version":[{"id":3295,"href":"https:\/\/www.karaoketexty.cz\/magazin\/wp-json\/wp\/v2\/posts\/2397\/revisions\/3295"}],"wp:featuredmedia":[{"embeddable":true,"href":"https:\/\/www.karaoketexty.cz\/magazin\/wp-json\/wp\/v2\/media\/2398"}],"wp:attachment":[{"href":"https:\/\/www.karaoketexty.cz\/magazin\/wp-json\/wp\/v2\/media?parent=2397"}],"wp:term":[{"taxonomy":"category","embeddable":true,"href":"https:\/\/www.karaoketexty.cz\/magazin\/wp-json\/wp\/v2\/categories?post=2397"},{"taxonomy":"post_tag","embeddable":true,"href":"https:\/\/www.karaoketexty.cz\/magazin\/wp-json\/wp\/v2\/tags?post=2397"}],"curies":[{"name":"wp","href":"https:\/\/api.w.org\/{rel}","templated":true}]}}