{"id":2385,"date":"2025-09-13T05:00:00","date_gmt":"2025-09-13T03:00:00","guid":{"rendered":"https:\/\/www.karaoketexty.cz\/magazin\/?p=2385"},"modified":"2025-09-10T14:52:00","modified_gmt":"2025-09-10T12:52:00","slug":"na-motorce-s-dcerou-i-pisnickami-homolovi-jedou-v-balkanskem-rytmu","status":"publish","type":"post","link":"https:\/\/www.karaoketexty.cz\/magazin\/na-motorce-s-dcerou-i-pisnickami-homolovi-jedou-v-balkanskem-rytmu\/","title":{"rendered":"Na motorce s dcerou i p\u00edsni\u010dkami. Homolovi jedou v balk\u00e1nsk\u00e9m rytmu"},"content":{"rendered":"\n<p><strong>Momentky Mat\u011bje Homoly s dcerou Lolou z Balk\u00e1nu jsou n\u00e1dhern\u00e9. Ukazuj\u00ed naprostou svobodu a tak\u00e9 hezk\u00fd vztah otce s dcerou.<\/strong><\/p>\n\n\n\n<p>Fotografie Mat\u011bje Homoly na motorce s dcerou Lolou, jak br\u00e1zd\u00ed Bosnu a Hercegovinu, p\u0159inesly vlnu pozitivn\u00edch reakc\u00ed, jak jsme si v redakci Karaoketexty.cz v\u0161imli. Z\u00e1rove\u0148 jsou hezk\u00fdm d\u016fkazem toho, \u017ee popul\u00e1rn\u00ed muzikanti nejsou jenom idoly na p\u00f3di\u00edch, ale i oby\u010dejn\u00fdmi lidmi s l\u00e1skou k rodin\u011b, kon\u00ed\u010dky a n\u011bkte\u0159\u00ed i s touhou po dobrodru\u017estv\u00ed.<\/p>\n\n\n<!-- karaoketexty.cz \/ rectangle2 -->\n<div id=\"PX_37086_709110796310826\"><\/div>\n<script>\n   if(!useMobileAds && !boolUseSeznamAds && !hideAllAds){\n     window.px2 = window.px2 || { conf: {},queue: [] };\n     px2.queue.push(function () {\n        px2.render({\n           slot: {\n              id: 37086\n           },\n            elem: \"PX_37086_709110796310826\"\n        })\n     });\n  }\n<\/script>\n\n<!-- karaoketexty.cz \/ mobile-rectangle3 -->\n<div id=\"PX_37044_714599773297004\"><\/div>\n<script>\n   if(useMobileAds && !boolUseSeznamAds && !hideAllAds){\nwindow.px2 = window.px2 || { conf: {},queue: [] };\npx2.queue.push(function () {\n\tpx2.render({\n\t\tslot: {\n\t\t\tid: 37044\n\t\t},\n\t\telem: \"PX_37044_714599773297004\"\n\t})\n});\n}\n<\/script>\n\n\n<h2 class=\"wp-block-heading\">Rodinn\u00fd v\u00fdlet na dvou kolech<\/h2>\n\n\n\n<p>Zn\u00e1m\u00fd frontman kapely Wohnout Mat\u011bj Homola (52) pot\u011b\u0161il fanou\u0161ky sv\u00fdmi sn\u00edmky z motoristick\u00e9 v\u00fdpravy po Bosn\u011b a Hercegovin\u011b. P\u0159il\u00e1kal pozornost nejen p\u011bkn\u00fdmi sc\u00e9nami Balk\u00e1nu, ale i spole\u010dnost\u00ed sv\u00e9 dcery Loly, s n\u00ed\u017e si u\u017e\u00edval volnost j\u00edzdy. Fanou\u0161ci to p\u0159ijali s nad\u0161en\u00edm, pod fotkami se objevilo mnoho pochvaln\u00fdch koment\u00e1\u0159\u016f. Jedna komentuj\u00edc\u00ed napsala: <em>\u201eJ\u00e1 Lole toho t\u00e1tu norm\u00e1ln\u011b z\u00e1vid\u00edm\u201c.<\/em> Jin\u00e1 p\u0159idala: <em>\u201eTo je kr\u00e1sn\u00fd vztah otce a dcery, jste super.\u201c<\/em><\/p>\n\n\n\n<h2 class=\"wp-block-heading\">Homola, Wohnout a \u010desk\u00fd rock od 90. let<\/h2>\n\n\n\n<p>Mat\u011bj Homola, zakladatel spolu s bratrem Janem, zalo\u017eil Wohnout na p\u0159elomu 90. let, ale prap\u016fvod kapely sah\u00e1 do roku 1988. Prvn\u00ed ve\u0159ejn\u00e9 vystoupen\u00ed si odbyli v pra\u017esk\u00fdch \u0158eporyj\u00edch, ale skute\u010dn\u00fd rozjezd p\u0159i\u0161el o dek\u00e1du pozd\u011bji, kdy\u017e zaz\u00e1\u0159ili jako p\u0159edkapela legend\u00e1m jako Lucie \u010di Offspring. Prvn\u00ed album Cundalla vydali v roce 1999, n\u00e1sledovala alba jako Polib si d\u011bdu, Na\u0161im klient\u016fm nebo HUH!. Mezi jejich nejv\u011bt\u0161\u00ed hity pat\u0159\u00ed Svaz \u010desk\u00fdch boh\u00e9m\u016f. Tento song z roku 2011 se stal fenom\u00e9nem a jeho video nasb\u00edralo p\u0159es 50 milion\u016f zhl\u00e9dnut\u00ed.<\/p>\n\n\n<!-- karaoketexty.cz \/ interscroller1 -->\n\n<div id=\"PX_37041_825057871452834\"><\/div>\n<script>\nif(useMobileAds && !boolUseSeznamAds && !hideAllAds){\n\twindow.px2 = window.px2 || { conf: {},queue: [] };\n\tpx2.queue.push(function () {\n\t\tpx2.render({\n\t\t\tslot: {\n\t\t\t\tid: 37041\n\t\t\t},\n\t\t\telem: \"PX_37041_825057871452834\"\n\t\t})\n\t});\n}\n<\/script>\n\n\n<p>Kapela se projevuje nejen v hudb\u011b, ale i spole\u010densky. \u010clenov\u00e9 ob\u010das hostuj\u00ed na charitativn\u00edch projektech, podporuj\u00ed mlad\u00e9 muzikanty a vystupuj\u00ed na festivalech men\u0161\u00edch i velk\u00fdch, od Acoustic \u017divot a\u017e po Rock for People. Koncertn\u00ed energie kapely Wohnout je d\u00edky tomu st\u00e1le v pov\u011bdom\u00ed lid\u00ed.<\/p>\n\n\n\n<blockquote class=\"instagram-media\" data-instgrm-captioned data-instgrm-permalink=\"https:\/\/www.instagram.com\/p\/DND11oxopN-\/?utm_source=ig_embed&amp;utm_campaign=loading\" data-instgrm-version=\"14\" style=\" background:#FFF; border:0; border-radius:3px; box-shadow:0 0 1px 0 rgba(0,0,0,0.5),0 1px 10px 0 rgba(0,0,0,0.15); margin: 1px; max-width:540px; min-width:326px; padding:0; width:99.375%; width:-webkit-calc(100% - 2px); width:calc(100% - 2px);\"><div style=\"padding:16px;\"> <a href=\"https:\/\/www.instagram.com\/p\/DND11oxopN-\/?utm_source=ig_embed&amp;utm_campaign=loading\" style=\" background:#FFFFFF; line-height:0; padding:0 0; text-align:center; text-decoration:none; width:100%;\" target=\"_blank\"> <div style=\" display: flex; flex-direction: row; align-items: center;\"> <div style=\"background-color: #F4F4F4; border-radius: 50%; flex-grow: 0; height: 40px; margin-right: 14px; width: 40px;\"><\/div> <div style=\"display: flex; flex-direction: column; flex-grow: 1; justify-content: center;\"> <div style=\" background-color: #F4F4F4; border-radius: 4px; flex-grow: 0; height: 14px; margin-bottom: 6px; width: 100px;\"><\/div> <div style=\" background-color: #F4F4F4; border-radius: 4px; flex-grow: 0; height: 14px; width: 60px;\"><\/div><\/div><\/div><div style=\"padding: 19% 0;\"><\/div> <div style=\"display:block; height:50px; margin:0 auto 12px; width:50px;\"><svg width=\"50px\" height=\"50px\" viewBox=\"0 0 60 60\" version=\"1.1\" xmlns=\"https:\/\/www.w3.org\/2000\/svg\" xmlns:xlink=\"https:\/\/www.w3.org\/1999\/xlink\"><g stroke=\"none\" stroke-width=\"1\" fill=\"none\" fill-rule=\"evenodd\"><g transform=\"translate(-511.000000, -20.000000)\" fill=\"#000000\"><g><path d=\"M556.869,30.41 C554.814,30.41 553.148,32.076 553.148,34.131 C553.148,36.186 554.814,37.852 556.869,37.852 C558.924,37.852 560.59,36.186 560.59,34.131 C560.59,32.076 558.924,30.41 556.869,30.41 M541,60.657 C535.114,60.657 530.342,55.887 530.342,50 C530.342,44.114 535.114,39.342 541,39.342 C546.887,39.342 551.658,44.114 551.658,50 C551.658,55.887 546.887,60.657 541,60.657 M541,33.886 C532.1,33.886 524.886,41.1 524.886,50 C524.886,58.899 532.1,66.113 541,66.113 C549.9,66.113 557.115,58.899 557.115,50 C557.115,41.1 549.9,33.886 541,33.886 M565.378,62.101 C565.244,65.022 564.756,66.606 564.346,67.663 C563.803,69.06 563.154,70.057 562.106,71.106 C561.058,72.155 560.06,72.803 558.662,73.347 C557.607,73.757 556.021,74.244 553.102,74.378 C549.944,74.521 548.997,74.552 541,74.552 C533.003,74.552 532.056,74.521 528.898,74.378 C525.979,74.244 524.393,73.757 523.338,73.347 C521.94,72.803 520.942,72.155 519.894,71.106 C518.846,70.057 518.197,69.06 517.654,67.663 C517.244,66.606 516.755,65.022 516.623,62.101 C516.479,58.943 516.448,57.996 516.448,50 C516.448,42.003 516.479,41.056 516.623,37.899 C516.755,34.978 517.244,33.391 517.654,32.338 C518.197,30.938 518.846,29.942 519.894,28.894 C520.942,27.846 521.94,27.196 523.338,26.654 C524.393,26.244 525.979,25.756 528.898,25.623 C532.057,25.479 533.004,25.448 541,25.448 C548.997,25.448 549.943,25.479 553.102,25.623 C556.021,25.756 557.607,26.244 558.662,26.654 C560.06,27.196 561.058,27.846 562.106,28.894 C563.154,29.942 563.803,30.938 564.346,32.338 C564.756,33.391 565.244,34.978 565.378,37.899 C565.522,41.056 565.552,42.003 565.552,50 C565.552,57.996 565.522,58.943 565.378,62.101 M570.82,37.631 C570.674,34.438 570.167,32.258 569.425,30.349 C568.659,28.377 567.633,26.702 565.965,25.035 C564.297,23.368 562.623,22.342 560.652,21.575 C558.743,20.834 556.562,20.326 553.369,20.18 C550.169,20.033 549.148,20 541,20 C532.853,20 531.831,20.033 528.631,20.18 C525.438,20.326 523.257,20.834 521.349,21.575 C519.376,22.342 517.703,23.368 516.035,25.035 C514.368,26.702 513.342,28.377 512.574,30.349 C511.834,32.258 511.326,34.438 511.181,37.631 C511.035,40.831 511,41.851 511,50 C511,58.147 511.035,59.17 511.181,62.369 C511.326,65.562 511.834,67.743 512.574,69.651 C513.342,71.625 514.368,73.296 516.035,74.965 C517.703,76.634 519.376,77.658 521.349,78.425 C523.257,79.167 525.438,79.673 528.631,79.82 C531.831,79.965 532.853,80.001 541,80.001 C549.148,80.001 550.169,79.965 553.369,79.82 C556.562,79.673 558.743,79.167 560.652,78.425 C562.623,77.658 564.297,76.634 565.965,74.965 C567.633,73.296 568.659,71.625 569.425,69.651 C570.167,67.743 570.674,65.562 570.82,62.369 C570.966,59.17 571,58.147 571,50 C571,41.851 570.966,40.831 570.82,37.631\"><\/path><\/g><\/g><\/g><\/svg><\/div><div style=\"padding-top: 8px;\"> <div style=\" color:#3897f0; font-family:Arial,sans-serif; font-size:14px; font-style:normal; font-weight:550; line-height:18px;\">Zobrazit p\u0159\u00edsp\u011bvek na Instagramu<\/div><\/div><div style=\"padding: 12.5% 0;\"><\/div> <div style=\"display: flex; flex-direction: row; margin-bottom: 14px; align-items: center;\"><div> <div style=\"background-color: #F4F4F4; border-radius: 50%; height: 12.5px; width: 12.5px; transform: translateX(0px) translateY(7px);\"><\/div> <div style=\"background-color: #F4F4F4; height: 12.5px; transform: rotate(-45deg) translateX(3px) translateY(1px); width: 12.5px; flex-grow: 0; margin-right: 14px; margin-left: 2px;\"><\/div> <div style=\"background-color: #F4F4F4; border-radius: 50%; height: 12.5px; width: 12.5px; transform: translateX(9px) translateY(-18px);\"><\/div><\/div><div style=\"margin-left: 8px;\"> <div style=\" background-color: #F4F4F4; border-radius: 50%; flex-grow: 0; height: 20px; width: 20px;\"><\/div> <div style=\" width: 0; height: 0; border-top: 2px solid transparent; border-left: 6px solid #f4f4f4; border-bottom: 2px solid transparent; transform: translateX(16px) translateY(-4px) rotate(30deg)\"><\/div><\/div><div style=\"margin-left: auto;\"> <div style=\" width: 0px; border-top: 8px solid #F4F4F4; border-right: 8px solid transparent; transform: translateY(16px);\"><\/div> <div style=\" background-color: #F4F4F4; flex-grow: 0; height: 12px; width: 16px; transform: translateY(-4px);\"><\/div> <div style=\" width: 0; height: 0; border-top: 8px solid #F4F4F4; border-left: 8px solid transparent; transform: translateY(-4px) translateX(8px);\"><\/div><\/div><\/div> <div style=\"display: flex; flex-direction: column; flex-grow: 1; justify-content: center; margin-bottom: 24px;\"> <div style=\" background-color: #F4F4F4; border-radius: 4px; flex-grow: 0; height: 14px; margin-bottom: 6px; width: 224px;\"><\/div> <div style=\" background-color: #F4F4F4; border-radius: 4px; flex-grow: 0; height: 14px; width: 144px;\"><\/div><\/div><\/a><p style=\" color:#c9c8cd; font-family:Arial,sans-serif; font-size:14px; line-height:17px; margin-bottom:0; margin-top:8px; overflow:hidden; padding:8px 0 7px; text-align:center; text-overflow:ellipsis; white-space:nowrap;\"><a href=\"https:\/\/www.instagram.com\/p\/DND11oxopN-\/?utm_source=ig_embed&amp;utm_campaign=loading\" style=\" color:#c9c8cd; font-family:Arial,sans-serif; font-size:14px; font-style:normal; font-weight:normal; line-height:17px; text-decoration:none;\" target=\"_blank\">P\u0159\u00edsp\u011bvek sd\u00edlen\u00fd Mat\u011bj Homola (@matejhomola)<\/a><\/p><\/div><\/blockquote>\n<script async src=\"\/\/www.instagram.com\/embed.js\"><\/script>\n\n\n\n<h2 class=\"wp-block-heading\">Celebrity, kter\u00e9 maj\u00ed rodinu na prvn\u00edm m\u00edst\u011b<\/h2>\n\n\n\n<p>Kr\u00e1sn\u00fdm rodi\u010dovsk\u00fdm p\u0159\u00edkladem z \u0159ad celebrit je t\u0159eba i Marek Ztracen\u00fd, kter\u00fd si dal p\u0159ed \u010dasem hudebn\u00ed pauzu, aby mohl tr\u00e1vit \u010das se sv\u00fdm synem, dokud ten o to je\u0161t\u011b stoj\u00ed. A tak spolu hodn\u011b cestovali a opravdu si to u\u017e\u00edvali. Ze zahrani\u010dn\u00edch um\u011blc\u016f je to pak t\u0159eba here\u010dka Reese Witherspoon, kter\u00e1 se i p\u0159es nabit\u00fd pracovn\u00ed program netaj\u00ed t\u00edm, \u017ee nejv\u011bt\u0161\u00ed radost\u00ed jej\u00edho \u017eivota jsou t\u0159i d\u011bti, Ava, Deacon a Tennessee. Na soci\u00e1ln\u00edch s\u00edt\u00edch \u010dasto sd\u00edl\u00ed spole\u010dn\u00e9 momenty, a\u0165 u\u017e jde o rodinn\u00e9 oslavy, pr\u00e1zdniny, nebo oby\u010dejn\u00e9 chv\u00edle doma. Reese opakovan\u011b zd\u016fraz\u0148uje, \u017ee ji jej\u00ed d\u011bti inspiruj\u00ed a motivuj\u00ed, aby byla lep\u0161\u00edm \u010dlov\u011bkem.<\/p>\n\n\n\n<p>Tak\u00e9 David Beckham pat\u0159\u00ed mezi celebrity, kter\u00e9 d\u00e1vaj\u00ed rodinu nad v\u0161echno ostatn\u00ed. I kdy\u017e byla jeho fotbalov\u00e1 kari\u00e9ra pln\u00e1 cestov\u00e1n\u00ed a medi\u00e1ln\u00edho tlaku, v\u017edycky si na\u0161el \u010das na d\u011bti Brooklyna, Romea, Cruze a Harper. S man\u017eelkou Victori\u00ed vytvo\u0159ili stabiln\u00ed rodinn\u00e9 z\u00e1zem\u00ed, o kter\u00e9m Beckham \u010dasto mluv\u00ed i v rozhovorech. Fotky z jejich spole\u010dn\u00fdch dovolen\u00fdch, narozenin nebo jen oby\u010dejn\u00fdch dn\u00ed dokazuj\u00ed, \u017ee i slavn\u00ed lid\u00e9 mohou \u017e\u00edt se stejn\u00fdmi hodnotami.<\/p>\n\n\n\n<p>Zdroj: Autorsk\u00fd text, <a href=\"https:\/\/cs.wikipedia.org\/wiki\/Mat%C4%9Bj_Homola\" target=\"_blank\" rel=\"noreferrer noopener nofollow\">Wikipedie<\/a>, <a href=\"https:\/\/www.instagram.com\/matejhomola\/\" target=\"_blank\" rel=\"noreferrer noopener nofollow\">Instagram Mat\u011bje Homoly<\/a>, <a href=\"https:\/\/www.hellomagazine.com\/healthandbeauty\/mother-and-baby\/850464\/reese-witherspoon-shares-very-real-photos-of-family-life-in-hollywood\/\" target=\"_blank\" rel=\"noreferrer noopener nofollow\">HelloMagazine<\/a><\/p>\n\n\n            <a href=\"https:\/\/www.karaoketexty.cz\/magazin\/barbora-polakova-zpevacka-zdravi\/\" class=\"related-post-link\">\n                <div class=\"post-thumbnail\">\n                    <img decoding=\"async\" width=\"250\" height=\"141\" src=\"https:\/\/www.karaoketexty.cz\/magazin\/wp-content\/uploads\/2025\/09\/zpevacka-barbora-polakova.jpg\" class=\"attachment-250x180 size-250x180 not-transparent\" alt=\"Zp\u011bva\u010dka Barbora Pol\u00e1kov\u00e1 p\u0159i koncertu v Led\u00e1rn\u00e1ch Bran\u00edk v roce 2021\" srcset=\"https:\/\/www.karaoketexty.cz\/magazin\/wp-content\/uploads\/2025\/09\/zpevacka-barbora-polakova.jpg 1200w, https:\/\/www.karaoketexty.cz\/magazin\/wp-content\/uploads\/2025\/09\/zpevacka-barbora-polakova-300x169.jpg 300w, https:\/\/www.karaoketexty.cz\/magazin\/wp-content\/uploads\/2025\/09\/zpevacka-barbora-polakova-1024x576.jpg 1024w, https:\/\/www.karaoketexty.cz\/magazin\/wp-content\/uploads\/2025\/09\/zpevacka-barbora-polakova-768x432.jpg 768w, https:\/\/www.karaoketexty.cz\/magazin\/wp-content\/uploads\/2025\/09\/zpevacka-barbora-polakova-800x450.jpg 800w\" sizes=\"(max-width: 250px) 100vw, 250px\" data-has-transparency=\"false\" data-dominant-color=\"4e5b59\" style=\"--dominant-color: #4e5b59;\" \/>                <\/div>\n                <div class=\"post-details\">\n                    <span class=\"also-read\">\u010ct\u011bte tak\u00e9:<\/span>\n                    <h3 class=\"hed\">Zp\u011bva\u010dka B\u00e1ra Pol\u00e1kov\u00e1 se zapojila s kapelou \u0164up\u00edci a prezidentem republiky do projektu na podporu zdrav\u00ed<\/h3>\n                <\/div>\n            <\/a>\n            \n\n            <a href=\"https:\/\/www.karaoketexty.cz\/magazin\/lucie-v-nove-sestave-album-oslava-vyroci-koncerty\/\" class=\"related-post-link\">\n                <div class=\"post-thumbnail\">\n                    <img decoding=\"async\" width=\"250\" height=\"131\" src=\"https:\/\/www.karaoketexty.cz\/magazin\/wp-content\/uploads\/2025\/06\/kapela-lucie-1.avif\" class=\"attachment-250x180 size-250x180 not-transparent\" alt=\"Fotografie kapely Lucie\" data-has-transparency=\"false\" data-dominant-color=\"433b41\" style=\"--dominant-color: #433b41;\" \/>                <\/div>\n                <div class=\"post-details\">\n                    <span class=\"also-read\">\u010ct\u011bte tak\u00e9:<\/span>\n                    <h3 class=\"hed\">Kapela Lucie v nov\u00e9 sestav\u011b i vinylov\u00e9m h\u00e1vu: Chystaj\u00ed album a velkolepou oslavu v\u00fdro\u010d\u00ed<\/h3>\n                <\/div>\n            <\/a>\n            ","protected":false},"excerpt":{"rendered":"<p>Momentky Mat\u011bje Homoly s dcerou Lolou z Balk\u00e1nu jsou n\u00e1dhern\u00e9. Ukazuj\u00ed naprostou svobodu a tak\u00e9 hezk\u00fd vztah otce s dcerou.<\/p>\n","protected":false},"author":6,"featured_media":2386,"comment_status":"open","ping_status":"closed","sticky":false,"template":"","format":"standard","meta":{"_yoast_wpseo_title":"Mat\u011bj Homola br\u00e1zd\u00ed s dcerou na motorce Balk\u00e1n","_yoast_wpseo_metadesc":"Momentky Mat\u011bje Homoly s dcerou Lolou z Balk\u00e1nu jsou n\u00e1dhern\u00e9. Ukazuj\u00ed naprostou svobodu a tak\u00e9 hezk\u00fd vztah otce s dcerou.","footnotes":""},"categories":[1059],"tags":[1361,124,1748,1750,562,571,685,1720,698,680,1220,500,462,136,1751,1746,1749,408,160,393,1715,1747,636,1745,11],"class_list":["post-2385","post","type-post","status-publish","format-standard","has-post-thumbnail","hentry","category-celebrity","tag-90-leta","tag-album","tag-balkan","tag-bosna-a-hercegovina","tag-ceska-celebrita","tag-ceska-hudba","tag-charita","tag-dcera-celebrit","tag-fanousci","tag-frontman","tag-hit","tag-instagram","tag-kapela","tag-koncert","tag-lola-homolova","tag-matej-homola","tag-motorka","tag-rock","tag-rock-for-people","tag-rockova-kapela","tag-rodina-celebrit","tag-svaz-ceskych-bohemu","tag-wikipedie","tag-wohnout","tag-zpevak"],"yoast_head":"<!-- This site is optimized with the Yoast SEO plugin v27.5 - https:\/\/yoast.com\/product\/yoast-seo-wordpress\/ -->\n<title>Mat\u011bj Homola br\u00e1zd\u00ed s dcerou na motorce Balk\u00e1n<\/title>\n<meta name=\"description\" content=\"Momentky Mat\u011bje Homoly s dcerou Lolou z Balk\u00e1nu jsou n\u00e1dhern\u00e9. Ukazuj\u00ed naprostou svobodu a tak\u00e9 hezk\u00fd vztah otce s dcerou.\" \/>\n<meta name=\"robots\" content=\"index, follow, max-snippet:-1, max-image-preview:large, max-video-preview:-1\" \/>\n<link rel=\"canonical\" href=\"https:\/\/www.karaoketexty.cz\/magazin\/na-motorce-s-dcerou-i-pisnickami-homolovi-jedou-v-balkanskem-rytmu\/\" \/>\n<meta property=\"og:locale\" content=\"cs_CZ\" \/>\n<meta property=\"og:type\" content=\"article\" \/>\n<meta property=\"og:title\" content=\"Mat\u011bj Homola br\u00e1zd\u00ed s dcerou na motorce Balk\u00e1n\" \/>\n<meta property=\"og:description\" content=\"Momentky Mat\u011bje Homoly s dcerou Lolou z Balk\u00e1nu jsou n\u00e1dhern\u00e9. Ukazuj\u00ed naprostou svobodu a tak\u00e9 hezk\u00fd vztah otce s dcerou.\" \/>\n<meta property=\"og:url\" content=\"https:\/\/www.karaoketexty.cz\/magazin\/na-motorce-s-dcerou-i-pisnickami-homolovi-jedou-v-balkanskem-rytmu\/\" \/>\n<meta property=\"og:site_name\" content=\"Stars Magaz\u00edn Karaoketexty.cz\" \/>\n<meta property=\"article:published_time\" content=\"2025-09-13T03:00:00+00:00\" \/>\n<meta property=\"og:image\" content=\"https:\/\/www.karaoketexty.cz\/magazin\/wp-content\/uploads\/2025\/08\/matej-homola.jpg\" \/>\n\t<meta property=\"og:image:width\" content=\"1200\" \/>\n\t<meta property=\"og:image:height\" content=\"803\" \/>\n\t<meta property=\"og:image:type\" content=\"image\/jpeg\" \/>\n<meta name=\"author\" content=\"Franti\u0161ek Zahradn\u00ed\u010dek\" \/>\n<meta name=\"twitter:card\" content=\"summary_large_image\" \/>\n<meta name=\"twitter:label1\" content=\"Napsal(a)\" \/>\n\t<meta name=\"twitter:data1\" content=\"Franti\u0161ek Zahradn\u00ed\u010dek\" \/>\n\t<meta name=\"twitter:label2\" content=\"Odhadovan\u00e1 doba \u010dten\u00ed\" \/>\n\t<meta name=\"twitter:data2\" content=\"3 minuty\" \/>\n<script type=\"application\/ld+json\" class=\"yoast-schema-graph\">{\"@context\":\"https:\\\/\\\/schema.org\",\"@graph\":[{\"@type\":\"Article\",\"@id\":\"https:\\\/\\\/www.karaoketexty.cz\\\/magazin\\\/na-motorce-s-dcerou-i-pisnickami-homolovi-jedou-v-balkanskem-rytmu\\\/#article\",\"isPartOf\":{\"@id\":\"https:\\\/\\\/www.karaoketexty.cz\\\/magazin\\\/na-motorce-s-dcerou-i-pisnickami-homolovi-jedou-v-balkanskem-rytmu\\\/\"},\"author\":{\"name\":\"Franti\u0161ek Zahradn\u00ed\u010dek\",\"@id\":\"https:\\\/\\\/www.karaoketexty.cz\\\/magazin\\\/#\\\/schema\\\/person\\\/69d871cedc122c98723e0f5e1f73fa16\"},\"headline\":\"Na motorce s dcerou i p\u00edsni\u010dkami. Homolovi jedou v balk\u00e1nsk\u00e9m rytmu\",\"datePublished\":\"2025-09-13T03:00:00+00:00\",\"mainEntityOfPage\":{\"@id\":\"https:\\\/\\\/www.karaoketexty.cz\\\/magazin\\\/na-motorce-s-dcerou-i-pisnickami-homolovi-jedou-v-balkanskem-rytmu\\\/\"},\"wordCount\":637,\"commentCount\":0,\"image\":{\"@id\":\"https:\\\/\\\/www.karaoketexty.cz\\\/magazin\\\/na-motorce-s-dcerou-i-pisnickami-homolovi-jedou-v-balkanskem-rytmu\\\/#primaryimage\"},\"thumbnailUrl\":\"https:\\\/\\\/www.karaoketexty.cz\\\/magazin\\\/wp-content\\\/uploads\\\/2025\\\/08\\\/matej-homola.jpg\",\"keywords\":[\"90. l\u00e9ta\",\"album\",\"Balk\u00e1n\",\"Bosna a Hercegovina\",\"\u010desk\u00e1 celebrita\",\"\u010desk\u00e1 hudba\",\"charita\",\"dcera celebrit\",\"fanou\u0161ci\",\"frontman\",\"hit\",\"Instagram\",\"kapela\",\"koncert\",\"Lola Homolov\u00e1\",\"Mat\u011bj Homola\",\"motorka\",\"rock\",\"Rock for People\",\"rockov\u00e1 kapela\",\"rodina celebrit\",\"Svaz \u010desk\u00fdch boh\u00e9m\u016f\",\"Wikipedie\",\"Wohnout\",\"Zp\u011bv\u00e1k\"],\"articleSection\":[\"Celebrity\"],\"inLanguage\":\"cs\",\"potentialAction\":[{\"@type\":\"CommentAction\",\"name\":\"Comment\",\"target\":[\"https:\\\/\\\/www.karaoketexty.cz\\\/magazin\\\/na-motorce-s-dcerou-i-pisnickami-homolovi-jedou-v-balkanskem-rytmu\\\/#respond\"]}]},{\"@type\":\"WebPage\",\"@id\":\"https:\\\/\\\/www.karaoketexty.cz\\\/magazin\\\/na-motorce-s-dcerou-i-pisnickami-homolovi-jedou-v-balkanskem-rytmu\\\/\",\"url\":\"https:\\\/\\\/www.karaoketexty.cz\\\/magazin\\\/na-motorce-s-dcerou-i-pisnickami-homolovi-jedou-v-balkanskem-rytmu\\\/\",\"name\":\"Mat\u011bj Homola br\u00e1zd\u00ed s dcerou na motorce Balk\u00e1n\",\"isPartOf\":{\"@id\":\"https:\\\/\\\/www.karaoketexty.cz\\\/magazin\\\/#website\"},\"primaryImageOfPage\":{\"@id\":\"https:\\\/\\\/www.karaoketexty.cz\\\/magazin\\\/na-motorce-s-dcerou-i-pisnickami-homolovi-jedou-v-balkanskem-rytmu\\\/#primaryimage\"},\"image\":{\"@id\":\"https:\\\/\\\/www.karaoketexty.cz\\\/magazin\\\/na-motorce-s-dcerou-i-pisnickami-homolovi-jedou-v-balkanskem-rytmu\\\/#primaryimage\"},\"thumbnailUrl\":\"https:\\\/\\\/www.karaoketexty.cz\\\/magazin\\\/wp-content\\\/uploads\\\/2025\\\/08\\\/matej-homola.jpg\",\"datePublished\":\"2025-09-13T03:00:00+00:00\",\"author\":{\"@id\":\"https:\\\/\\\/www.karaoketexty.cz\\\/magazin\\\/#\\\/schema\\\/person\\\/69d871cedc122c98723e0f5e1f73fa16\"},\"description\":\"Momentky Mat\u011bje Homoly s dcerou Lolou z Balk\u00e1nu jsou n\u00e1dhern\u00e9. Ukazuj\u00ed naprostou svobodu a tak\u00e9 hezk\u00fd vztah otce s dcerou.\",\"breadcrumb\":{\"@id\":\"https:\\\/\\\/www.karaoketexty.cz\\\/magazin\\\/na-motorce-s-dcerou-i-pisnickami-homolovi-jedou-v-balkanskem-rytmu\\\/#breadcrumb\"},\"inLanguage\":\"cs\",\"potentialAction\":[{\"@type\":\"ReadAction\",\"target\":[\"https:\\\/\\\/www.karaoketexty.cz\\\/magazin\\\/na-motorce-s-dcerou-i-pisnickami-homolovi-jedou-v-balkanskem-rytmu\\\/\"]}]},{\"@type\":\"ImageObject\",\"inLanguage\":\"cs\",\"@id\":\"https:\\\/\\\/www.karaoketexty.cz\\\/magazin\\\/na-motorce-s-dcerou-i-pisnickami-homolovi-jedou-v-balkanskem-rytmu\\\/#primaryimage\",\"url\":\"https:\\\/\\\/www.karaoketexty.cz\\\/magazin\\\/wp-content\\\/uploads\\\/2025\\\/08\\\/matej-homola.jpg\",\"contentUrl\":\"https:\\\/\\\/www.karaoketexty.cz\\\/magazin\\\/wp-content\\\/uploads\\\/2025\\\/08\\\/matej-homola.jpg\",\"width\":1200,\"height\":803,\"caption\":\"Foto: NextFoto, Mat\u011bj Homola na zah\u00e1jen\u00ed Motosalonu 2017\"},{\"@type\":\"BreadcrumbList\",\"@id\":\"https:\\\/\\\/www.karaoketexty.cz\\\/magazin\\\/na-motorce-s-dcerou-i-pisnickami-homolovi-jedou-v-balkanskem-rytmu\\\/#breadcrumb\",\"itemListElement\":[{\"@type\":\"ListItem\",\"position\":1,\"name\":\"Dom\u016f\",\"item\":\"https:\\\/\\\/www.karaoketexty.cz\\\/magazin\\\/\"},{\"@type\":\"ListItem\",\"position\":2,\"name\":\"Na motorce s dcerou i p\u00edsni\u010dkami. Homolovi jedou v balk\u00e1nsk\u00e9m rytmu\"}]},{\"@type\":\"WebSite\",\"@id\":\"https:\\\/\\\/www.karaoketexty.cz\\\/magazin\\\/#website\",\"url\":\"https:\\\/\\\/www.karaoketexty.cz\\\/magazin\\\/\",\"name\":\"Stars Magaz\u00edn Karaoketexty.cz\",\"description\":\"Stars Magaz\u00edn na Karaoketexty.cz je zam\u011b\u0159en\u00fd na novinky ze sv\u011bta hudby a celebrit. Obsahuje \u010dl\u00e1nky o zp\u011bv\u00e1c\u00edch, kapel\u00e1ch, nov\u00fdch albech, hudebn\u00edch trendech a dal\u0161\u00edch zaj\u00edmavostech z hudebn\u00edho pr\u016fmyslu.\",\"potentialAction\":[{\"@type\":\"SearchAction\",\"target\":{\"@type\":\"EntryPoint\",\"urlTemplate\":\"https:\\\/\\\/www.karaoketexty.cz\\\/magazin\\\/?s={search_term_string}\"},\"query-input\":{\"@type\":\"PropertyValueSpecification\",\"valueRequired\":true,\"valueName\":\"search_term_string\"}}],\"inLanguage\":\"cs\"},{\"@type\":\"Person\",\"@id\":\"https:\\\/\\\/www.karaoketexty.cz\\\/magazin\\\/#\\\/schema\\\/person\\\/69d871cedc122c98723e0f5e1f73fa16\",\"name\":\"Franti\u0161ek Zahradn\u00ed\u010dek\",\"image\":{\"@type\":\"ImageObject\",\"inLanguage\":\"cs\",\"@id\":\"https:\\\/\\\/secure.gravatar.com\\\/avatar\\\/fcc548a9ddc6294d2945bd8730d73ac130db3d13dfd96d644aa093d54c1917b6?s=96&d=mm&r=g\",\"url\":\"https:\\\/\\\/secure.gravatar.com\\\/avatar\\\/fcc548a9ddc6294d2945bd8730d73ac130db3d13dfd96d644aa093d54c1917b6?s=96&d=mm&r=g\",\"contentUrl\":\"https:\\\/\\\/secure.gravatar.com\\\/avatar\\\/fcc548a9ddc6294d2945bd8730d73ac130db3d13dfd96d644aa093d54c1917b6?s=96&d=mm&r=g\",\"caption\":\"Franti\u0161ek Zahradn\u00ed\u010dek\"},\"url\":\"https:\\\/\\\/www.karaoketexty.cz\\\/magazin\\\/author\\\/frantazahrada\\\/\"}]}<\/script>\n<!-- \/ Yoast SEO plugin. -->","yoast_head_json":{"title":"Mat\u011bj Homola br\u00e1zd\u00ed s dcerou na motorce Balk\u00e1n","description":"Momentky Mat\u011bje Homoly s dcerou Lolou z Balk\u00e1nu jsou n\u00e1dhern\u00e9. Ukazuj\u00ed naprostou svobodu a tak\u00e9 hezk\u00fd vztah otce s dcerou.","robots":{"index":"index","follow":"follow","max-snippet":"max-snippet:-1","max-image-preview":"max-image-preview:large","max-video-preview":"max-video-preview:-1"},"canonical":"https:\/\/www.karaoketexty.cz\/magazin\/na-motorce-s-dcerou-i-pisnickami-homolovi-jedou-v-balkanskem-rytmu\/","og_locale":"cs_CZ","og_type":"article","og_title":"Mat\u011bj Homola br\u00e1zd\u00ed s dcerou na motorce Balk\u00e1n","og_description":"Momentky Mat\u011bje Homoly s dcerou Lolou z Balk\u00e1nu jsou n\u00e1dhern\u00e9. Ukazuj\u00ed naprostou svobodu a tak\u00e9 hezk\u00fd vztah otce s dcerou.","og_url":"https:\/\/www.karaoketexty.cz\/magazin\/na-motorce-s-dcerou-i-pisnickami-homolovi-jedou-v-balkanskem-rytmu\/","og_site_name":"Stars Magaz\u00edn Karaoketexty.cz","article_published_time":"2025-09-13T03:00:00+00:00","og_image":[{"width":1200,"height":803,"url":"https:\/\/www.karaoketexty.cz\/magazin\/wp-content\/uploads\/2025\/08\/matej-homola.jpg","type":"image\/jpeg"}],"author":"Franti\u0161ek Zahradn\u00ed\u010dek","twitter_card":"summary_large_image","twitter_misc":{"Napsal(a)":"Franti\u0161ek Zahradn\u00ed\u010dek","Odhadovan\u00e1 doba \u010dten\u00ed":"3 minuty"},"schema":{"@context":"https:\/\/schema.org","@graph":[{"@type":"Article","@id":"https:\/\/www.karaoketexty.cz\/magazin\/na-motorce-s-dcerou-i-pisnickami-homolovi-jedou-v-balkanskem-rytmu\/#article","isPartOf":{"@id":"https:\/\/www.karaoketexty.cz\/magazin\/na-motorce-s-dcerou-i-pisnickami-homolovi-jedou-v-balkanskem-rytmu\/"},"author":{"name":"Franti\u0161ek Zahradn\u00ed\u010dek","@id":"https:\/\/www.karaoketexty.cz\/magazin\/#\/schema\/person\/69d871cedc122c98723e0f5e1f73fa16"},"headline":"Na motorce s dcerou i p\u00edsni\u010dkami. Homolovi jedou v balk\u00e1nsk\u00e9m rytmu","datePublished":"2025-09-13T03:00:00+00:00","mainEntityOfPage":{"@id":"https:\/\/www.karaoketexty.cz\/magazin\/na-motorce-s-dcerou-i-pisnickami-homolovi-jedou-v-balkanskem-rytmu\/"},"wordCount":637,"commentCount":0,"image":{"@id":"https:\/\/www.karaoketexty.cz\/magazin\/na-motorce-s-dcerou-i-pisnickami-homolovi-jedou-v-balkanskem-rytmu\/#primaryimage"},"thumbnailUrl":"https:\/\/www.karaoketexty.cz\/magazin\/wp-content\/uploads\/2025\/08\/matej-homola.jpg","keywords":["90. l\u00e9ta","album","Balk\u00e1n","Bosna a Hercegovina","\u010desk\u00e1 celebrita","\u010desk\u00e1 hudba","charita","dcera celebrit","fanou\u0161ci","frontman","hit","Instagram","kapela","koncert","Lola Homolov\u00e1","Mat\u011bj Homola","motorka","rock","Rock for People","rockov\u00e1 kapela","rodina celebrit","Svaz \u010desk\u00fdch boh\u00e9m\u016f","Wikipedie","Wohnout","Zp\u011bv\u00e1k"],"articleSection":["Celebrity"],"inLanguage":"cs","potentialAction":[{"@type":"CommentAction","name":"Comment","target":["https:\/\/www.karaoketexty.cz\/magazin\/na-motorce-s-dcerou-i-pisnickami-homolovi-jedou-v-balkanskem-rytmu\/#respond"]}]},{"@type":"WebPage","@id":"https:\/\/www.karaoketexty.cz\/magazin\/na-motorce-s-dcerou-i-pisnickami-homolovi-jedou-v-balkanskem-rytmu\/","url":"https:\/\/www.karaoketexty.cz\/magazin\/na-motorce-s-dcerou-i-pisnickami-homolovi-jedou-v-balkanskem-rytmu\/","name":"Mat\u011bj Homola br\u00e1zd\u00ed s dcerou na motorce Balk\u00e1n","isPartOf":{"@id":"https:\/\/www.karaoketexty.cz\/magazin\/#website"},"primaryImageOfPage":{"@id":"https:\/\/www.karaoketexty.cz\/magazin\/na-motorce-s-dcerou-i-pisnickami-homolovi-jedou-v-balkanskem-rytmu\/#primaryimage"},"image":{"@id":"https:\/\/www.karaoketexty.cz\/magazin\/na-motorce-s-dcerou-i-pisnickami-homolovi-jedou-v-balkanskem-rytmu\/#primaryimage"},"thumbnailUrl":"https:\/\/www.karaoketexty.cz\/magazin\/wp-content\/uploads\/2025\/08\/matej-homola.jpg","datePublished":"2025-09-13T03:00:00+00:00","author":{"@id":"https:\/\/www.karaoketexty.cz\/magazin\/#\/schema\/person\/69d871cedc122c98723e0f5e1f73fa16"},"description":"Momentky Mat\u011bje Homoly s dcerou Lolou z Balk\u00e1nu jsou n\u00e1dhern\u00e9. Ukazuj\u00ed naprostou svobodu a tak\u00e9 hezk\u00fd vztah otce s dcerou.","breadcrumb":{"@id":"https:\/\/www.karaoketexty.cz\/magazin\/na-motorce-s-dcerou-i-pisnickami-homolovi-jedou-v-balkanskem-rytmu\/#breadcrumb"},"inLanguage":"cs","potentialAction":[{"@type":"ReadAction","target":["https:\/\/www.karaoketexty.cz\/magazin\/na-motorce-s-dcerou-i-pisnickami-homolovi-jedou-v-balkanskem-rytmu\/"]}]},{"@type":"ImageObject","inLanguage":"cs","@id":"https:\/\/www.karaoketexty.cz\/magazin\/na-motorce-s-dcerou-i-pisnickami-homolovi-jedou-v-balkanskem-rytmu\/#primaryimage","url":"https:\/\/www.karaoketexty.cz\/magazin\/wp-content\/uploads\/2025\/08\/matej-homola.jpg","contentUrl":"https:\/\/www.karaoketexty.cz\/magazin\/wp-content\/uploads\/2025\/08\/matej-homola.jpg","width":1200,"height":803,"caption":"Foto: NextFoto, Mat\u011bj Homola na zah\u00e1jen\u00ed Motosalonu 2017"},{"@type":"BreadcrumbList","@id":"https:\/\/www.karaoketexty.cz\/magazin\/na-motorce-s-dcerou-i-pisnickami-homolovi-jedou-v-balkanskem-rytmu\/#breadcrumb","itemListElement":[{"@type":"ListItem","position":1,"name":"Dom\u016f","item":"https:\/\/www.karaoketexty.cz\/magazin\/"},{"@type":"ListItem","position":2,"name":"Na motorce s dcerou i p\u00edsni\u010dkami. Homolovi jedou v balk\u00e1nsk\u00e9m rytmu"}]},{"@type":"WebSite","@id":"https:\/\/www.karaoketexty.cz\/magazin\/#website","url":"https:\/\/www.karaoketexty.cz\/magazin\/","name":"Stars Magaz\u00edn Karaoketexty.cz","description":"Stars Magaz\u00edn na Karaoketexty.cz je zam\u011b\u0159en\u00fd na novinky ze sv\u011bta hudby a celebrit. Obsahuje \u010dl\u00e1nky o zp\u011bv\u00e1c\u00edch, kapel\u00e1ch, nov\u00fdch albech, hudebn\u00edch trendech a dal\u0161\u00edch zaj\u00edmavostech z hudebn\u00edho pr\u016fmyslu.","potentialAction":[{"@type":"SearchAction","target":{"@type":"EntryPoint","urlTemplate":"https:\/\/www.karaoketexty.cz\/magazin\/?s={search_term_string}"},"query-input":{"@type":"PropertyValueSpecification","valueRequired":true,"valueName":"search_term_string"}}],"inLanguage":"cs"},{"@type":"Person","@id":"https:\/\/www.karaoketexty.cz\/magazin\/#\/schema\/person\/69d871cedc122c98723e0f5e1f73fa16","name":"Franti\u0161ek Zahradn\u00ed\u010dek","image":{"@type":"ImageObject","inLanguage":"cs","@id":"https:\/\/secure.gravatar.com\/avatar\/fcc548a9ddc6294d2945bd8730d73ac130db3d13dfd96d644aa093d54c1917b6?s=96&d=mm&r=g","url":"https:\/\/secure.gravatar.com\/avatar\/fcc548a9ddc6294d2945bd8730d73ac130db3d13dfd96d644aa093d54c1917b6?s=96&d=mm&r=g","contentUrl":"https:\/\/secure.gravatar.com\/avatar\/fcc548a9ddc6294d2945bd8730d73ac130db3d13dfd96d644aa093d54c1917b6?s=96&d=mm&r=g","caption":"Franti\u0161ek Zahradn\u00ed\u010dek"},"url":"https:\/\/www.karaoketexty.cz\/magazin\/author\/frantazahrada\/"}]}},"_links":{"self":[{"href":"https:\/\/www.karaoketexty.cz\/magazin\/wp-json\/wp\/v2\/posts\/2385","targetHints":{"allow":["GET"]}}],"collection":[{"href":"https:\/\/www.karaoketexty.cz\/magazin\/wp-json\/wp\/v2\/posts"}],"about":[{"href":"https:\/\/www.karaoketexty.cz\/magazin\/wp-json\/wp\/v2\/types\/post"}],"author":[{"embeddable":true,"href":"https:\/\/www.karaoketexty.cz\/magazin\/wp-json\/wp\/v2\/users\/6"}],"replies":[{"embeddable":true,"href":"https:\/\/www.karaoketexty.cz\/magazin\/wp-json\/wp\/v2\/comments?post=2385"}],"version-history":[{"count":3,"href":"https:\/\/www.karaoketexty.cz\/magazin\/wp-json\/wp\/v2\/posts\/2385\/revisions"}],"predecessor-version":[{"id":2725,"href":"https:\/\/www.karaoketexty.cz\/magazin\/wp-json\/wp\/v2\/posts\/2385\/revisions\/2725"}],"wp:featuredmedia":[{"embeddable":true,"href":"https:\/\/www.karaoketexty.cz\/magazin\/wp-json\/wp\/v2\/media\/2386"}],"wp:attachment":[{"href":"https:\/\/www.karaoketexty.cz\/magazin\/wp-json\/wp\/v2\/media?parent=2385"}],"wp:term":[{"taxonomy":"category","embeddable":true,"href":"https:\/\/www.karaoketexty.cz\/magazin\/wp-json\/wp\/v2\/categories?post=2385"},{"taxonomy":"post_tag","embeddable":true,"href":"https:\/\/www.karaoketexty.cz\/magazin\/wp-json\/wp\/v2\/tags?post=2385"}],"curies":[{"name":"wp","href":"https:\/\/api.w.org\/{rel}","templated":true}]}}