{"id":2379,"date":"2025-09-12T15:01:00","date_gmt":"2025-09-12T13:01:00","guid":{"rendered":"https:\/\/www.karaoketexty.cz\/magazin\/?p=2379"},"modified":"2025-09-10T14:22:44","modified_gmt":"2025-09-10T12:22:44","slug":"kapela-krystof-ohlasila-co-chysta-pristi-prazdniny-zaroven-si-da-delsi-volno","status":"publish","type":"post","link":"https:\/\/www.karaoketexty.cz\/magazin\/kapela-krystof-ohlasila-co-chysta-pristi-prazdniny-zaroven-si-da-delsi-volno\/","title":{"rendered":"Kapela Kry\u0161tof ohl\u00e1sila, co chyst\u00e1 p\u0159\u00ed\u0161t\u00ed pr\u00e1zdniny. Z\u00e1rove\u0148 si d\u00e1 del\u0161\u00ed volno"},"content":{"rendered":"\n<p><strong>Po leto\u0161n\u00ed sez\u00f3n\u011b si obl\u00edben\u00e1 kapela Kry\u0161tof vezme del\u0161\u00ed pauzu. Pro sv\u00e9 fanou\u0161ky v\u0161ak na p\u0159\u00ed\u0161t\u00ed rok p\u0159ipravila unik\u00e1tn\u00ed letn\u00ed event.<\/strong><\/p>\n\n\n\n<p>Aktu\u00e1ln\u00ed ohl\u00e1\u0161en\u00ed koncertn\u00ed p\u0159est\u00e1vky kapely Kry\u0161tof mo\u017en\u00e1 nen\u00ed pro fanou\u0161ky zrovna nejlep\u0161\u00ed zpr\u00e1vou, ale z\u00e1rove\u0148 s sebou p\u0159in\u00e1\u0161\u00ed n\u011bco nov\u00e9ho, a to letn\u00ed ud\u00e1lost, jak\u00e1 tady je\u0161t\u011b nebyla. Kapela se rozhodla pro men\u0161\u00ed, ale pohodov\u011bj\u0161\u00ed koncept, kter\u00fd slibuje hudbu, z\u00e1bavu, p\u00edsn\u011b i osobn\u00ed \u010das s fanou\u0161ky. Jak jsme v redakci Karaoketexty.cz zjistili, po\u010det m\u00edst je omezen\u00fd, tak\u017ee nen\u00ed prostor pro v\u00e1h\u00e1n\u00ed.<\/p>\n\n\n<!-- karaoketexty.cz \/ rectangle2 -->\n<div id=\"PX_37086_709110796310826\"><\/div>\n<script>\n   if(!useMobileAds && !boolUseSeznamAds && !hideAllAds){\n     window.px2 = window.px2 || { conf: {},queue: [] };\n     px2.queue.push(function () {\n        px2.render({\n           slot: {\n              id: 37086\n           },\n            elem: \"PX_37086_709110796310826\"\n        })\n     });\n  }\n<\/script>\n\n<!-- karaoketexty.cz \/ mobile-rectangle3 -->\n<div id=\"PX_37044_714599773297004\"><\/div>\n<script>\n   if(useMobileAds && !boolUseSeznamAds && !hideAllAds){\nwindow.px2 = window.px2 || { conf: {},queue: [] };\npx2.queue.push(function () {\n\tpx2.render({\n\t\tslot: {\n\t\t\tid: 37044\n\t\t},\n\t\telem: \"PX_37044_714599773297004\"\n\t})\n});\n}\n<\/script>\n\n\n<h2 class=\"wp-block-heading\">Kapela koncertuje u\u017e p\u0159es 30 let<\/h2>\n\n\n\n<p>Skupina Kry\u0161tof vznikla v roce 1993 v Hav\u00ed\u0159ov\u011b v part\u011b Richard Kraj\u010do, Nikolaj a Biser Arichtev, Jarda Blahut a Pavel Studn\u00edk. I kdy\u017e se brzy \u010dlenov\u00e9 r\u016fzn\u011b vym\u011b\u0148ovali a sestava se m\u011bnila, dodnes dr\u017e\u00ed kapela stejn\u00fd form\u00e1t, kter\u00fd ji proslavil, tedy s Richardem Kraj\u010dem v \u010dele, saxofonem a kytarou.<\/p>\n\n\n\n<p>Za ty roky vydala dev\u011bt studiov\u00fdch alb (nap\u0159. Magnetick\u00e9 pole, Mikrokosmos, Srdcebeat, Halyw\u016fd), kter\u00e1 maj\u00ed chytlav\u00e9 melodie, dob\u0159e zapamatovateln\u00e9 texty a hitov\u00e9 singly jako Obchodn\u00edk s de\u0161t\u011bm, Rubikon, Cesta (s Tom\u00e1\u0161em Klusem). M\u00e1lokter\u00e1 \u010desk\u00e1 kapela si dr\u017e\u00ed \u00fasp\u011bch tak dlouho. Kry\u0161tof n\u011bkolikr\u00e1t z\u00edskali cenu And\u011bl (nap\u0159. 2006, 2008, 2012, 2015) i \u010cesk\u00e9ho slav\u00edka jako Skupina roku.<\/p>\n\n\n<!-- karaoketexty.cz \/ interscroller1 -->\n\n<div id=\"PX_37041_825057871452834\"><\/div>\n<script>\nif(useMobileAds && !boolUseSeznamAds && !hideAllAds){\n\twindow.px2 = window.px2 || { conf: {},queue: [] };\n\tpx2.queue.push(function () {\n\t\tpx2.render({\n\t\t\tslot: {\n\t\t\t\tid: 37041\n\t\t\t},\n\t\t\telem: \"PX_37041_825057871452834\"\n\t\t})\n\t});\n}\n<\/script>\n\n\n<p>Aktu\u00e1ln\u011b kapela na Facebooku ozn\u00e1mila, \u017ee po odehr\u00e1n\u00ed zbyl\u00fdch koncert\u016f t\u00e9to sez\u00f3ny si \u010dlenov\u00e9 ud\u011blaj\u00ed dvouletou koncertn\u00ed pauzu. Necht\u011bj\u00ed v\u0161ak sebe ani fanou\u0161ky obrat o ve\u0161ker\u00fd vz\u00e1jemn\u00fd kontakt, proto si p\u0159ipravili neobvykl\u00fd, komorn\u011bj\u0161\u00ed form\u00e1t setk\u00e1n\u00ed. Letn\u00ed form\u00e1t Kry\u0161tof V\u00edkend slibuje novinku: hudebn\u00ed v\u00fdb\u011br, kter\u00fd sah\u00e1 a\u017e po akustick\u00e9 \u201ene-hity\u201c, komorn\u00ed prost\u0159ed\u00ed vina\u0159sk\u00e9ho z\u00e1zem\u00ed, talkshow, spole\u010dn\u00e9 chv\u00edle s kapelou u baz\u00e9nu, odpo\u010dinek i z\u00e1bavu. <\/p>\n\n\n\n<iframe src=\"https:\/\/www.facebook.com\/plugins\/video.php?height=476&#038;href=https%3A%2F%2Fwww.facebook.com%2Freel%2F2158938487903227%2F&#038;show_text=false&#038;width=476&#038;t=0\" width=\"476\" height=\"476\" style=\"border:none;overflow:hidden\" scrolling=\"no\" frameborder=\"0\" allowfullscreen=\"true\" allow=\"autoplay; clipboard-write; encrypted-media; picture-in-picture; web-share\" allowFullScreen=\"true\"><\/iframe>\n\n\n\n<h2 class=\"wp-block-heading\">Kry\u0161tof V\u00edkend: koncert, talkshow i rodinn\u00e9 v\u00edno<\/h2>\n\n\n\n<p>Jde o z\u00e1m\u011brnou zm\u011bnu oproti n\u00e1ro\u010dn\u00fdm festival\u016fm a masov\u00fdm koncert\u016fm, kter\u00e9 m\u00e1 kapela za sebou. Tak\u00e9 chce kl\u00e1st d\u016fraz na kvalitu, a ne jen na kvantitu. P\u0159\u00ed\u0161t\u00ed rok jsou k dispozici 4 v\u00edkendov\u00e9 term\u00edny. Pokud tedy kapelu milujete, nev\u00e1hejte. \u0158ada skaln\u00edch fanou\u0161k\u016f na soci\u00e1ln\u00edch s\u00edt\u00edch uvedla, \u017ee u\u017e se moc t\u011b\u0161\u00ed a nenechaj\u00ed si tuto p\u0159\u00edle\u017eitost uj\u00edt, jin\u00ed si ov\u0161em post\u011b\u017eovali na vysokou cenu. U tohoto form\u00e1tu se to v\u0161ak d\u00e1 o\u010dek\u00e1vat.<\/p>\n\n\n\n<p>Zdroj: Autorsk\u00fd text, <a href=\"https:\/\/cs.wikipedia.org\/wiki\/Kry%C5%A1tof_(hudebn%C3%AD_skupina)\" target=\"_blank\" rel=\"noreferrer noopener nofollow\">Wikipedie<\/a>, <a href=\"https:\/\/www.facebook.com\/skupinakrystof\" target=\"_blank\" rel=\"noreferrer noopener nofollow\">Facebook kapely Kry\u0161tof<\/a><\/p>\n\n\n            <a href=\"https:\/\/www.karaoketexty.cz\/magazin\/vojtech-dyk-prekvapil-coverem-ewy-farne-fanousci-byli-nadseni-oba-interpreti-sbiraji-uspechy\/\" class=\"related-post-link\">\n                <div class=\"post-thumbnail\">\n                    <img decoding=\"async\" width=\"250\" height=\"162\" src=\"https:\/\/www.karaoketexty.cz\/magazin\/wp-content\/uploads\/2025\/08\/vojta-dyk.jpg\" class=\"attachment-250x180 size-250x180 not-transparent\" alt=\"Fotografie Vojty Dyka\" srcset=\"https:\/\/www.karaoketexty.cz\/magazin\/wp-content\/uploads\/2025\/08\/vojta-dyk.jpg 1200w, https:\/\/www.karaoketexty.cz\/magazin\/wp-content\/uploads\/2025\/08\/vojta-dyk-300x194.jpg 300w, https:\/\/www.karaoketexty.cz\/magazin\/wp-content\/uploads\/2025\/08\/vojta-dyk-1024x662.jpg 1024w, https:\/\/www.karaoketexty.cz\/magazin\/wp-content\/uploads\/2025\/08\/vojta-dyk-768x497.jpg 768w\" sizes=\"(max-width: 250px) 100vw, 250px\" data-has-transparency=\"false\" data-dominant-color=\"6a5247\" style=\"--dominant-color: #6a5247;\" \/>                <\/div>\n                <div class=\"post-details\">\n                    <span class=\"also-read\">\u010ct\u011bte tak\u00e9:<\/span>\n                    <h3 class=\"hed\">Vojt\u011bch Dyk p\u0159ekvapil coverem Ewy Farne. Fanou\u0161ci byli nad\u0161en\u00ed, oba interpreti sb\u00edraj\u00ed \u00fasp\u011bchy<\/h3>\n                <\/div>\n            <\/a>\n            \n\n            <a href=\"https:\/\/www.karaoketexty.cz\/magazin\/vladimir-misik-vydava-prekvapivy-zivak-z-archy-poklesla-mi-brada-priznava\/\" class=\"related-post-link\">\n                <div class=\"post-thumbnail\">\n                    <img decoding=\"async\" width=\"250\" height=\"141\" src=\"https:\/\/www.karaoketexty.cz\/magazin\/wp-content\/uploads\/2025\/08\/vladimir-misik-nove-album.jpg\" class=\"attachment-250x180 size-250x180 not-transparent\" alt=\"Vladim\u00edr Mi\u0161\u00edk nov\u00e9 album\" srcset=\"https:\/\/www.karaoketexty.cz\/magazin\/wp-content\/uploads\/2025\/08\/vladimir-misik-nove-album.jpg 1200w, https:\/\/www.karaoketexty.cz\/magazin\/wp-content\/uploads\/2025\/08\/vladimir-misik-nove-album-300x169.jpg 300w, https:\/\/www.karaoketexty.cz\/magazin\/wp-content\/uploads\/2025\/08\/vladimir-misik-nove-album-1024x576.jpg 1024w, https:\/\/www.karaoketexty.cz\/magazin\/wp-content\/uploads\/2025\/08\/vladimir-misik-nove-album-768x432.jpg 768w, https:\/\/www.karaoketexty.cz\/magazin\/wp-content\/uploads\/2025\/08\/vladimir-misik-nove-album-800x450.jpg 800w\" sizes=\"(max-width: 250px) 100vw, 250px\" data-has-transparency=\"false\" data-dominant-color=\"776c69\" style=\"--dominant-color: #776c69;\" \/>                <\/div>\n                <div class=\"post-details\">\n                    <span class=\"also-read\">\u010ct\u011bte tak\u00e9:<\/span>\n                    <h3 class=\"hed\">Vladim\u00edr Mi\u0161\u00edk vyd\u00e1v\u00e1 p\u0159ekvapiv\u00fd \u017eiv\u00e1k z Archy. \u201ePoklesla mi brada,\u201c p\u0159izn\u00e1v\u00e1<\/h3>\n                <\/div>\n            <\/a>\n            ","protected":false},"excerpt":{"rendered":"<p>Po pr\u00e1v\u011b skon\u010den\u00e9 sez\u00f3n\u011b si obl\u00edben\u00e1 kapela Kry\u0161tof bere del\u0161\u00ed pauzu. Pro sv\u00e9 fanou\u0161ky v\u0161ak na p\u0159\u00ed\u0161t\u00ed rok p\u0159ipravila unik\u00e1tn\u00ed letn\u00ed event.<\/p>\n","protected":false},"author":6,"featured_media":2383,"comment_status":"open","ping_status":"closed","sticky":false,"template":"","format":"standard","meta":{"_yoast_wpseo_title":"Kapela Kry\u0161tof bude m\u00edt pauzu, ale vymyslela unik\u00e1tn\u00ed n\u00e1hradu","_yoast_wpseo_metadesc":"Po leto\u0161n\u00ed sez\u00f3n\u011b si obl\u00edben\u00e1 kapela Kry\u0161tof bere del\u0161\u00ed koncertn\u00ed pauzu. Pro sv\u00e9 fanou\u0161ky v\u0161ak na p\u0159\u00ed\u0161t\u00ed rok p\u0159ipravila unik\u00e1tn\u00ed letn\u00ed event.","footnotes":""},"categories":[1059],"tags":[1435,124,580,562,571,12,1743,1741,1062,698,462,136,1735,710,1734,1736,1739,105,1744,1740,1737,1742,1738,636,11],"class_list":["post-2379","post","type-post","status-publish","format-standard","has-post-thumbnail","hentry","category-celebrity","tag-akusticke-vystoupeni","tag-album","tag-andel","tag-ceska-celebrita","tag-ceska-hudba","tag-ceske-celebrity","tag-cesky-slavik","tag-cesta","tag-facebook","tag-fanousci","tag-kapela","tag-koncert","tag-koncertni-pauza","tag-koncertni-vystoupeni","tag-krystof","tag-krystof-vikend","tag-obchodnik-s-destem","tag-pisen","tag-richard-krajco","tag-rubikon","tag-talkshow","tag-tomas-klus","tag-vinarstvi","tag-wikipedie","tag-zpevak"],"yoast_head":"<!-- This site is optimized with the Yoast SEO plugin v27.5 - https:\/\/yoast.com\/product\/yoast-seo-wordpress\/ -->\n<title>Kapela Kry\u0161tof bude m\u00edt pauzu, ale vymyslela unik\u00e1tn\u00ed n\u00e1hradu<\/title>\n<meta name=\"description\" content=\"Po leto\u0161n\u00ed sez\u00f3n\u011b si obl\u00edben\u00e1 kapela Kry\u0161tof bere del\u0161\u00ed koncertn\u00ed pauzu. Pro sv\u00e9 fanou\u0161ky v\u0161ak na p\u0159\u00ed\u0161t\u00ed rok p\u0159ipravila unik\u00e1tn\u00ed letn\u00ed event.\" \/>\n<meta name=\"robots\" content=\"index, follow, max-snippet:-1, max-image-preview:large, max-video-preview:-1\" \/>\n<link rel=\"canonical\" href=\"https:\/\/www.karaoketexty.cz\/magazin\/kapela-krystof-ohlasila-co-chysta-pristi-prazdniny-zaroven-si-da-delsi-volno\/\" \/>\n<meta property=\"og:locale\" content=\"cs_CZ\" \/>\n<meta property=\"og:type\" content=\"article\" \/>\n<meta property=\"og:title\" content=\"Kapela Kry\u0161tof bude m\u00edt pauzu, ale vymyslela unik\u00e1tn\u00ed n\u00e1hradu\" \/>\n<meta property=\"og:description\" content=\"Po leto\u0161n\u00ed sez\u00f3n\u011b si obl\u00edben\u00e1 kapela Kry\u0161tof bere del\u0161\u00ed koncertn\u00ed pauzu. Pro sv\u00e9 fanou\u0161ky v\u0161ak na p\u0159\u00ed\u0161t\u00ed rok p\u0159ipravila unik\u00e1tn\u00ed letn\u00ed event.\" \/>\n<meta property=\"og:url\" content=\"https:\/\/www.karaoketexty.cz\/magazin\/kapela-krystof-ohlasila-co-chysta-pristi-prazdniny-zaroven-si-da-delsi-volno\/\" \/>\n<meta property=\"og:site_name\" content=\"Stars Magaz\u00edn Karaoketexty.cz\" \/>\n<meta property=\"article:published_time\" content=\"2025-09-12T13:01:00+00:00\" \/>\n<meta property=\"og:image\" content=\"https:\/\/www.karaoketexty.cz\/magazin\/wp-content\/uploads\/2025\/08\/richard-krajco.jpg\" \/>\n\t<meta property=\"og:image:width\" content=\"1200\" \/>\n\t<meta property=\"og:image:height\" content=\"805\" \/>\n\t<meta property=\"og:image:type\" content=\"image\/jpeg\" \/>\n<meta name=\"author\" content=\"Franti\u0161ek Zahradn\u00ed\u010dek\" \/>\n<meta name=\"twitter:card\" content=\"summary_large_image\" \/>\n<meta name=\"twitter:label1\" content=\"Napsal(a)\" \/>\n\t<meta name=\"twitter:data1\" content=\"Franti\u0161ek Zahradn\u00ed\u010dek\" \/>\n\t<meta name=\"twitter:label2\" content=\"Odhadovan\u00e1 doba \u010dten\u00ed\" \/>\n\t<meta name=\"twitter:data2\" content=\"3 minuty\" \/>\n<script type=\"application\/ld+json\" class=\"yoast-schema-graph\">{\"@context\":\"https:\\\/\\\/schema.org\",\"@graph\":[{\"@type\":\"Article\",\"@id\":\"https:\\\/\\\/www.karaoketexty.cz\\\/magazin\\\/kapela-krystof-ohlasila-co-chysta-pristi-prazdniny-zaroven-si-da-delsi-volno\\\/#article\",\"isPartOf\":{\"@id\":\"https:\\\/\\\/www.karaoketexty.cz\\\/magazin\\\/kapela-krystof-ohlasila-co-chysta-pristi-prazdniny-zaroven-si-da-delsi-volno\\\/\"},\"author\":{\"name\":\"Franti\u0161ek Zahradn\u00ed\u010dek\",\"@id\":\"https:\\\/\\\/www.karaoketexty.cz\\\/magazin\\\/#\\\/schema\\\/person\\\/69d871cedc122c98723e0f5e1f73fa16\"},\"headline\":\"Kapela Kry\u0161tof ohl\u00e1sila, co chyst\u00e1 p\u0159\u00ed\u0161t\u00ed pr\u00e1zdniny. Z\u00e1rove\u0148 si d\u00e1 del\u0161\u00ed volno\",\"datePublished\":\"2025-09-12T13:01:00+00:00\",\"mainEntityOfPage\":{\"@id\":\"https:\\\/\\\/www.karaoketexty.cz\\\/magazin\\\/kapela-krystof-ohlasila-co-chysta-pristi-prazdniny-zaroven-si-da-delsi-volno\\\/\"},\"wordCount\":476,\"commentCount\":0,\"image\":{\"@id\":\"https:\\\/\\\/www.karaoketexty.cz\\\/magazin\\\/kapela-krystof-ohlasila-co-chysta-pristi-prazdniny-zaroven-si-da-delsi-volno\\\/#primaryimage\"},\"thumbnailUrl\":\"https:\\\/\\\/www.karaoketexty.cz\\\/magazin\\\/wp-content\\\/uploads\\\/2025\\\/08\\\/richard-krajco.jpg\",\"keywords\":[\"akustick\u00e9 vystoupen\u00ed\",\"album\",\"And\u011bl\",\"\u010desk\u00e1 celebrita\",\"\u010desk\u00e1 hudba\",\"\u010cesk\u00e9 celebrity\",\"\u010cesk\u00fd slav\u00edk\",\"Cesta\",\"Facebook\",\"fanou\u0161ci\",\"kapela\",\"koncert\",\"koncertn\u00ed pauza\",\"koncertn\u00ed vystoupen\u00ed\",\"Kry\u0161tof\",\"Kry\u0161tof V\u00edkend\",\"Obchodn\u00edk s de\u0161t\u011bm\",\"P\u00edse\u0148\",\"Richard Kraj\u010do\",\"Rubikon\",\"talkshow\",\"Tom\u00e1\u0161 Klus\",\"vina\u0159stv\u00ed\",\"Wikipedie\",\"Zp\u011bv\u00e1k\"],\"articleSection\":[\"Celebrity\"],\"inLanguage\":\"cs\",\"potentialAction\":[{\"@type\":\"CommentAction\",\"name\":\"Comment\",\"target\":[\"https:\\\/\\\/www.karaoketexty.cz\\\/magazin\\\/kapela-krystof-ohlasila-co-chysta-pristi-prazdniny-zaroven-si-da-delsi-volno\\\/#respond\"]}]},{\"@type\":\"WebPage\",\"@id\":\"https:\\\/\\\/www.karaoketexty.cz\\\/magazin\\\/kapela-krystof-ohlasila-co-chysta-pristi-prazdniny-zaroven-si-da-delsi-volno\\\/\",\"url\":\"https:\\\/\\\/www.karaoketexty.cz\\\/magazin\\\/kapela-krystof-ohlasila-co-chysta-pristi-prazdniny-zaroven-si-da-delsi-volno\\\/\",\"name\":\"Kapela Kry\u0161tof bude m\u00edt pauzu, ale vymyslela unik\u00e1tn\u00ed n\u00e1hradu\",\"isPartOf\":{\"@id\":\"https:\\\/\\\/www.karaoketexty.cz\\\/magazin\\\/#website\"},\"primaryImageOfPage\":{\"@id\":\"https:\\\/\\\/www.karaoketexty.cz\\\/magazin\\\/kapela-krystof-ohlasila-co-chysta-pristi-prazdniny-zaroven-si-da-delsi-volno\\\/#primaryimage\"},\"image\":{\"@id\":\"https:\\\/\\\/www.karaoketexty.cz\\\/magazin\\\/kapela-krystof-ohlasila-co-chysta-pristi-prazdniny-zaroven-si-da-delsi-volno\\\/#primaryimage\"},\"thumbnailUrl\":\"https:\\\/\\\/www.karaoketexty.cz\\\/magazin\\\/wp-content\\\/uploads\\\/2025\\\/08\\\/richard-krajco.jpg\",\"datePublished\":\"2025-09-12T13:01:00+00:00\",\"author\":{\"@id\":\"https:\\\/\\\/www.karaoketexty.cz\\\/magazin\\\/#\\\/schema\\\/person\\\/69d871cedc122c98723e0f5e1f73fa16\"},\"description\":\"Po leto\u0161n\u00ed sez\u00f3n\u011b si obl\u00edben\u00e1 kapela Kry\u0161tof bere del\u0161\u00ed koncertn\u00ed pauzu. Pro sv\u00e9 fanou\u0161ky v\u0161ak na p\u0159\u00ed\u0161t\u00ed rok p\u0159ipravila unik\u00e1tn\u00ed letn\u00ed event.\",\"breadcrumb\":{\"@id\":\"https:\\\/\\\/www.karaoketexty.cz\\\/magazin\\\/kapela-krystof-ohlasila-co-chysta-pristi-prazdniny-zaroven-si-da-delsi-volno\\\/#breadcrumb\"},\"inLanguage\":\"cs\",\"potentialAction\":[{\"@type\":\"ReadAction\",\"target\":[\"https:\\\/\\\/www.karaoketexty.cz\\\/magazin\\\/kapela-krystof-ohlasila-co-chysta-pristi-prazdniny-zaroven-si-da-delsi-volno\\\/\"]}]},{\"@type\":\"ImageObject\",\"inLanguage\":\"cs\",\"@id\":\"https:\\\/\\\/www.karaoketexty.cz\\\/magazin\\\/kapela-krystof-ohlasila-co-chysta-pristi-prazdniny-zaroven-si-da-delsi-volno\\\/#primaryimage\",\"url\":\"https:\\\/\\\/www.karaoketexty.cz\\\/magazin\\\/wp-content\\\/uploads\\\/2025\\\/08\\\/richard-krajco.jpg\",\"contentUrl\":\"https:\\\/\\\/www.karaoketexty.cz\\\/magazin\\\/wp-content\\\/uploads\\\/2025\\\/08\\\/richard-krajco.jpg\",\"width\":1200,\"height\":805,\"caption\":\"Foto: NextFoto, Richard Kraj\u010do na p\u0159ed\u00e1v\u00e1n\u00ed hudebn\u00edch cen \u010cesk\u00fd slav\u00edk\"},{\"@type\":\"BreadcrumbList\",\"@id\":\"https:\\\/\\\/www.karaoketexty.cz\\\/magazin\\\/kapela-krystof-ohlasila-co-chysta-pristi-prazdniny-zaroven-si-da-delsi-volno\\\/#breadcrumb\",\"itemListElement\":[{\"@type\":\"ListItem\",\"position\":1,\"name\":\"Dom\u016f\",\"item\":\"https:\\\/\\\/www.karaoketexty.cz\\\/magazin\\\/\"},{\"@type\":\"ListItem\",\"position\":2,\"name\":\"Kapela Kry\u0161tof ohl\u00e1sila, co chyst\u00e1 p\u0159\u00ed\u0161t\u00ed pr\u00e1zdniny. Z\u00e1rove\u0148 si d\u00e1 del\u0161\u00ed volno\"}]},{\"@type\":\"WebSite\",\"@id\":\"https:\\\/\\\/www.karaoketexty.cz\\\/magazin\\\/#website\",\"url\":\"https:\\\/\\\/www.karaoketexty.cz\\\/magazin\\\/\",\"name\":\"Stars Magaz\u00edn Karaoketexty.cz\",\"description\":\"Stars Magaz\u00edn na Karaoketexty.cz je zam\u011b\u0159en\u00fd na novinky ze sv\u011bta hudby a celebrit. Obsahuje \u010dl\u00e1nky o zp\u011bv\u00e1c\u00edch, kapel\u00e1ch, nov\u00fdch albech, hudebn\u00edch trendech a dal\u0161\u00edch zaj\u00edmavostech z hudebn\u00edho pr\u016fmyslu.\",\"potentialAction\":[{\"@type\":\"SearchAction\",\"target\":{\"@type\":\"EntryPoint\",\"urlTemplate\":\"https:\\\/\\\/www.karaoketexty.cz\\\/magazin\\\/?s={search_term_string}\"},\"query-input\":{\"@type\":\"PropertyValueSpecification\",\"valueRequired\":true,\"valueName\":\"search_term_string\"}}],\"inLanguage\":\"cs\"},{\"@type\":\"Person\",\"@id\":\"https:\\\/\\\/www.karaoketexty.cz\\\/magazin\\\/#\\\/schema\\\/person\\\/69d871cedc122c98723e0f5e1f73fa16\",\"name\":\"Franti\u0161ek Zahradn\u00ed\u010dek\",\"image\":{\"@type\":\"ImageObject\",\"inLanguage\":\"cs\",\"@id\":\"https:\\\/\\\/secure.gravatar.com\\\/avatar\\\/fcc548a9ddc6294d2945bd8730d73ac130db3d13dfd96d644aa093d54c1917b6?s=96&d=mm&r=g\",\"url\":\"https:\\\/\\\/secure.gravatar.com\\\/avatar\\\/fcc548a9ddc6294d2945bd8730d73ac130db3d13dfd96d644aa093d54c1917b6?s=96&d=mm&r=g\",\"contentUrl\":\"https:\\\/\\\/secure.gravatar.com\\\/avatar\\\/fcc548a9ddc6294d2945bd8730d73ac130db3d13dfd96d644aa093d54c1917b6?s=96&d=mm&r=g\",\"caption\":\"Franti\u0161ek Zahradn\u00ed\u010dek\"},\"url\":\"https:\\\/\\\/www.karaoketexty.cz\\\/magazin\\\/author\\\/frantazahrada\\\/\"}]}<\/script>\n<!-- \/ Yoast SEO plugin. -->","yoast_head_json":{"title":"Kapela Kry\u0161tof bude m\u00edt pauzu, ale vymyslela unik\u00e1tn\u00ed n\u00e1hradu","description":"Po leto\u0161n\u00ed sez\u00f3n\u011b si obl\u00edben\u00e1 kapela Kry\u0161tof bere del\u0161\u00ed koncertn\u00ed pauzu. Pro sv\u00e9 fanou\u0161ky v\u0161ak na p\u0159\u00ed\u0161t\u00ed rok p\u0159ipravila unik\u00e1tn\u00ed letn\u00ed event.","robots":{"index":"index","follow":"follow","max-snippet":"max-snippet:-1","max-image-preview":"max-image-preview:large","max-video-preview":"max-video-preview:-1"},"canonical":"https:\/\/www.karaoketexty.cz\/magazin\/kapela-krystof-ohlasila-co-chysta-pristi-prazdniny-zaroven-si-da-delsi-volno\/","og_locale":"cs_CZ","og_type":"article","og_title":"Kapela Kry\u0161tof bude m\u00edt pauzu, ale vymyslela unik\u00e1tn\u00ed n\u00e1hradu","og_description":"Po leto\u0161n\u00ed sez\u00f3n\u011b si obl\u00edben\u00e1 kapela Kry\u0161tof bere del\u0161\u00ed koncertn\u00ed pauzu. Pro sv\u00e9 fanou\u0161ky v\u0161ak na p\u0159\u00ed\u0161t\u00ed rok p\u0159ipravila unik\u00e1tn\u00ed letn\u00ed event.","og_url":"https:\/\/www.karaoketexty.cz\/magazin\/kapela-krystof-ohlasila-co-chysta-pristi-prazdniny-zaroven-si-da-delsi-volno\/","og_site_name":"Stars Magaz\u00edn Karaoketexty.cz","article_published_time":"2025-09-12T13:01:00+00:00","og_image":[{"width":1200,"height":805,"url":"https:\/\/www.karaoketexty.cz\/magazin\/wp-content\/uploads\/2025\/08\/richard-krajco.jpg","type":"image\/jpeg"}],"author":"Franti\u0161ek Zahradn\u00ed\u010dek","twitter_card":"summary_large_image","twitter_misc":{"Napsal(a)":"Franti\u0161ek Zahradn\u00ed\u010dek","Odhadovan\u00e1 doba \u010dten\u00ed":"3 minuty"},"schema":{"@context":"https:\/\/schema.org","@graph":[{"@type":"Article","@id":"https:\/\/www.karaoketexty.cz\/magazin\/kapela-krystof-ohlasila-co-chysta-pristi-prazdniny-zaroven-si-da-delsi-volno\/#article","isPartOf":{"@id":"https:\/\/www.karaoketexty.cz\/magazin\/kapela-krystof-ohlasila-co-chysta-pristi-prazdniny-zaroven-si-da-delsi-volno\/"},"author":{"name":"Franti\u0161ek Zahradn\u00ed\u010dek","@id":"https:\/\/www.karaoketexty.cz\/magazin\/#\/schema\/person\/69d871cedc122c98723e0f5e1f73fa16"},"headline":"Kapela Kry\u0161tof ohl\u00e1sila, co chyst\u00e1 p\u0159\u00ed\u0161t\u00ed pr\u00e1zdniny. Z\u00e1rove\u0148 si d\u00e1 del\u0161\u00ed volno","datePublished":"2025-09-12T13:01:00+00:00","mainEntityOfPage":{"@id":"https:\/\/www.karaoketexty.cz\/magazin\/kapela-krystof-ohlasila-co-chysta-pristi-prazdniny-zaroven-si-da-delsi-volno\/"},"wordCount":476,"commentCount":0,"image":{"@id":"https:\/\/www.karaoketexty.cz\/magazin\/kapela-krystof-ohlasila-co-chysta-pristi-prazdniny-zaroven-si-da-delsi-volno\/#primaryimage"},"thumbnailUrl":"https:\/\/www.karaoketexty.cz\/magazin\/wp-content\/uploads\/2025\/08\/richard-krajco.jpg","keywords":["akustick\u00e9 vystoupen\u00ed","album","And\u011bl","\u010desk\u00e1 celebrita","\u010desk\u00e1 hudba","\u010cesk\u00e9 celebrity","\u010cesk\u00fd slav\u00edk","Cesta","Facebook","fanou\u0161ci","kapela","koncert","koncertn\u00ed pauza","koncertn\u00ed vystoupen\u00ed","Kry\u0161tof","Kry\u0161tof V\u00edkend","Obchodn\u00edk s de\u0161t\u011bm","P\u00edse\u0148","Richard Kraj\u010do","Rubikon","talkshow","Tom\u00e1\u0161 Klus","vina\u0159stv\u00ed","Wikipedie","Zp\u011bv\u00e1k"],"articleSection":["Celebrity"],"inLanguage":"cs","potentialAction":[{"@type":"CommentAction","name":"Comment","target":["https:\/\/www.karaoketexty.cz\/magazin\/kapela-krystof-ohlasila-co-chysta-pristi-prazdniny-zaroven-si-da-delsi-volno\/#respond"]}]},{"@type":"WebPage","@id":"https:\/\/www.karaoketexty.cz\/magazin\/kapela-krystof-ohlasila-co-chysta-pristi-prazdniny-zaroven-si-da-delsi-volno\/","url":"https:\/\/www.karaoketexty.cz\/magazin\/kapela-krystof-ohlasila-co-chysta-pristi-prazdniny-zaroven-si-da-delsi-volno\/","name":"Kapela Kry\u0161tof bude m\u00edt pauzu, ale vymyslela unik\u00e1tn\u00ed n\u00e1hradu","isPartOf":{"@id":"https:\/\/www.karaoketexty.cz\/magazin\/#website"},"primaryImageOfPage":{"@id":"https:\/\/www.karaoketexty.cz\/magazin\/kapela-krystof-ohlasila-co-chysta-pristi-prazdniny-zaroven-si-da-delsi-volno\/#primaryimage"},"image":{"@id":"https:\/\/www.karaoketexty.cz\/magazin\/kapela-krystof-ohlasila-co-chysta-pristi-prazdniny-zaroven-si-da-delsi-volno\/#primaryimage"},"thumbnailUrl":"https:\/\/www.karaoketexty.cz\/magazin\/wp-content\/uploads\/2025\/08\/richard-krajco.jpg","datePublished":"2025-09-12T13:01:00+00:00","author":{"@id":"https:\/\/www.karaoketexty.cz\/magazin\/#\/schema\/person\/69d871cedc122c98723e0f5e1f73fa16"},"description":"Po leto\u0161n\u00ed sez\u00f3n\u011b si obl\u00edben\u00e1 kapela Kry\u0161tof bere del\u0161\u00ed koncertn\u00ed pauzu. Pro sv\u00e9 fanou\u0161ky v\u0161ak na p\u0159\u00ed\u0161t\u00ed rok p\u0159ipravila unik\u00e1tn\u00ed letn\u00ed event.","breadcrumb":{"@id":"https:\/\/www.karaoketexty.cz\/magazin\/kapela-krystof-ohlasila-co-chysta-pristi-prazdniny-zaroven-si-da-delsi-volno\/#breadcrumb"},"inLanguage":"cs","potentialAction":[{"@type":"ReadAction","target":["https:\/\/www.karaoketexty.cz\/magazin\/kapela-krystof-ohlasila-co-chysta-pristi-prazdniny-zaroven-si-da-delsi-volno\/"]}]},{"@type":"ImageObject","inLanguage":"cs","@id":"https:\/\/www.karaoketexty.cz\/magazin\/kapela-krystof-ohlasila-co-chysta-pristi-prazdniny-zaroven-si-da-delsi-volno\/#primaryimage","url":"https:\/\/www.karaoketexty.cz\/magazin\/wp-content\/uploads\/2025\/08\/richard-krajco.jpg","contentUrl":"https:\/\/www.karaoketexty.cz\/magazin\/wp-content\/uploads\/2025\/08\/richard-krajco.jpg","width":1200,"height":805,"caption":"Foto: NextFoto, Richard Kraj\u010do na p\u0159ed\u00e1v\u00e1n\u00ed hudebn\u00edch cen \u010cesk\u00fd slav\u00edk"},{"@type":"BreadcrumbList","@id":"https:\/\/www.karaoketexty.cz\/magazin\/kapela-krystof-ohlasila-co-chysta-pristi-prazdniny-zaroven-si-da-delsi-volno\/#breadcrumb","itemListElement":[{"@type":"ListItem","position":1,"name":"Dom\u016f","item":"https:\/\/www.karaoketexty.cz\/magazin\/"},{"@type":"ListItem","position":2,"name":"Kapela Kry\u0161tof ohl\u00e1sila, co chyst\u00e1 p\u0159\u00ed\u0161t\u00ed pr\u00e1zdniny. Z\u00e1rove\u0148 si d\u00e1 del\u0161\u00ed volno"}]},{"@type":"WebSite","@id":"https:\/\/www.karaoketexty.cz\/magazin\/#website","url":"https:\/\/www.karaoketexty.cz\/magazin\/","name":"Stars Magaz\u00edn Karaoketexty.cz","description":"Stars Magaz\u00edn na Karaoketexty.cz je zam\u011b\u0159en\u00fd na novinky ze sv\u011bta hudby a celebrit. Obsahuje \u010dl\u00e1nky o zp\u011bv\u00e1c\u00edch, kapel\u00e1ch, nov\u00fdch albech, hudebn\u00edch trendech a dal\u0161\u00edch zaj\u00edmavostech z hudebn\u00edho pr\u016fmyslu.","potentialAction":[{"@type":"SearchAction","target":{"@type":"EntryPoint","urlTemplate":"https:\/\/www.karaoketexty.cz\/magazin\/?s={search_term_string}"},"query-input":{"@type":"PropertyValueSpecification","valueRequired":true,"valueName":"search_term_string"}}],"inLanguage":"cs"},{"@type":"Person","@id":"https:\/\/www.karaoketexty.cz\/magazin\/#\/schema\/person\/69d871cedc122c98723e0f5e1f73fa16","name":"Franti\u0161ek Zahradn\u00ed\u010dek","image":{"@type":"ImageObject","inLanguage":"cs","@id":"https:\/\/secure.gravatar.com\/avatar\/fcc548a9ddc6294d2945bd8730d73ac130db3d13dfd96d644aa093d54c1917b6?s=96&d=mm&r=g","url":"https:\/\/secure.gravatar.com\/avatar\/fcc548a9ddc6294d2945bd8730d73ac130db3d13dfd96d644aa093d54c1917b6?s=96&d=mm&r=g","contentUrl":"https:\/\/secure.gravatar.com\/avatar\/fcc548a9ddc6294d2945bd8730d73ac130db3d13dfd96d644aa093d54c1917b6?s=96&d=mm&r=g","caption":"Franti\u0161ek Zahradn\u00ed\u010dek"},"url":"https:\/\/www.karaoketexty.cz\/magazin\/author\/frantazahrada\/"}]}},"_links":{"self":[{"href":"https:\/\/www.karaoketexty.cz\/magazin\/wp-json\/wp\/v2\/posts\/2379","targetHints":{"allow":["GET"]}}],"collection":[{"href":"https:\/\/www.karaoketexty.cz\/magazin\/wp-json\/wp\/v2\/posts"}],"about":[{"href":"https:\/\/www.karaoketexty.cz\/magazin\/wp-json\/wp\/v2\/types\/post"}],"author":[{"embeddable":true,"href":"https:\/\/www.karaoketexty.cz\/magazin\/wp-json\/wp\/v2\/users\/6"}],"replies":[{"embeddable":true,"href":"https:\/\/www.karaoketexty.cz\/magazin\/wp-json\/wp\/v2\/comments?post=2379"}],"version-history":[{"count":5,"href":"https:\/\/www.karaoketexty.cz\/magazin\/wp-json\/wp\/v2\/posts\/2379\/revisions"}],"predecessor-version":[{"id":2722,"href":"https:\/\/www.karaoketexty.cz\/magazin\/wp-json\/wp\/v2\/posts\/2379\/revisions\/2722"}],"wp:featuredmedia":[{"embeddable":true,"href":"https:\/\/www.karaoketexty.cz\/magazin\/wp-json\/wp\/v2\/media\/2383"}],"wp:attachment":[{"href":"https:\/\/www.karaoketexty.cz\/magazin\/wp-json\/wp\/v2\/media?parent=2379"}],"wp:term":[{"taxonomy":"category","embeddable":true,"href":"https:\/\/www.karaoketexty.cz\/magazin\/wp-json\/wp\/v2\/categories?post=2379"},{"taxonomy":"post_tag","embeddable":true,"href":"https:\/\/www.karaoketexty.cz\/magazin\/wp-json\/wp\/v2\/tags?post=2379"}],"curies":[{"name":"wp","href":"https:\/\/api.w.org\/{rel}","templated":true}]}}