{"id":2333,"date":"2025-09-08T06:51:00","date_gmt":"2025-09-08T04:51:00","guid":{"rendered":"https:\/\/www.karaoketexty.cz\/magazin\/?p=2333"},"modified":"2025-09-01T09:49:40","modified_gmt":"2025-09-01T07:49:40","slug":"barbora-polakova-tupici-nova-kapela","status":"publish","type":"post","link":"https:\/\/www.karaoketexty.cz\/magazin\/barbora-polakova-tupici-nova-kapela\/","title":{"rendered":"Nov\u00e1 kapela B\u00e1ry Pol\u00e1kov\u00e9: \u0164up\u00edci s Janem C\u00ednou a Markem Adamzykem"},"content":{"rendered":"\n<p><strong>Nov\u00e9 hudebn\u00ed uskupen\u00ed s\u00a0d\u011btsk\u00fdm n\u00e1zvem \u0164up\u00edci nyn\u00ed tvo\u0159\u00ed B\u00e1ra Pol\u00e1kov\u00e1 s\u00a0Markem Adamczykem a Janem Cinou. Vy\u0161el jejich prvn\u00ed song.<\/strong><\/p>\n\n\n\n<p>Barbora Pol\u00e1kov\u00e1 op\u011bt nav\u00e1zala spolupr\u00e1ci s\u00a0osv\u011bd\u010den\u00fdmi kolegy Markem Adamczykem a Janem Cinou a v\u00a0Riegrov\u00fdch sadech v\u0161ichni spole\u010dn\u011b zah\u00e1jili spole\u010dn\u00fd projekt \u0164up\u00edci. Jak jsme si na Karaoketexty v\u0161imli, na platform\u011b YouTube se objevila jejich premi\u00e9ra videoklipu k\u00a0tane\u010dn\u00ed p\u00edsni s\u00a0n\u00e1zvem \u201eBl\u00edzko\u201c.<\/p>\n\n\n<!-- karaoketexty.cz \/ rectangle2 -->\n<div id=\"PX_37086_709110796310826\"><\/div>\n<script>\n   if(!useMobileAds && !boolUseSeznamAds && !hideAllAds){\n     window.px2 = window.px2 || { conf: {},queue: [] };\n     px2.queue.push(function () {\n        px2.render({\n           slot: {\n              id: 37086\n           },\n            elem: \"PX_37086_709110796310826\"\n        })\n     });\n  }\n<\/script>\n\n<!-- karaoketexty.cz \/ mobile-rectangle3 -->\n<div id=\"PX_37044_714599773297004\"><\/div>\n<script>\n   if(useMobileAds && !boolUseSeznamAds && !hideAllAds){\nwindow.px2 = window.px2 || { conf: {},queue: [] };\npx2.queue.push(function () {\n\tpx2.render({\n\t\tslot: {\n\t\t\tid: 37044\n\t\t},\n\t\telem: \"PX_37044_714599773297004\"\n\t})\n});\n}\n<\/script>\n\n\n<h2 class=\"wp-block-heading\" id=\"h-barbora-polakova-a-tupici\">Barbora Pol\u00e1kov\u00e1 a \u0164up\u00edci<\/h2>\n\n\n\n<p>B\u00e1ra Pol\u00e1kov\u00e1 se p\u016fvodn\u011b proslavila jako here\u010dka, nicm\u00e9n\u011b jej\u00ed osobit\u00fd styl, humor a tak\u00e9 tvorba byly nakonec zu\u017eitkov\u00e1ny v\u00a0jej\u00ed hudebn\u00ed kari\u00e9\u0159e. Jej\u00ed texty jsou velmi chytlav\u00e9 a pln\u00e9 slovn\u00edch obrat\u016f, je\u017e dola\u010fuj\u00ed jej\u00ed specifickou tvorbu. Nyn\u00ed op\u011bt spojila s\u00edly s\u00a0Markem Adamczykem a Janem Cinou, s\u00a0nimi\u017e u\u017e v\u00a0minulosti nazp\u00edvala dv\u011b spole\u010dn\u00e9 p\u00edsn\u011b, kter\u00e9 m\u016f\u017eete sly\u0161et na B\u00e1\u0159in\u011b albu ON\/OFF. Skladby nesou n\u00e1zvy \u201eDESE\u201c a A-E-I-O-U\u201c.<\/p>\n\n\n<!-- karaoketexty.cz \/ interscroller1 -->\n\n<div id=\"PX_37041_825057871452834\"><\/div>\n<script>\nif(useMobileAds && !boolUseSeznamAds && !hideAllAds){\n\twindow.px2 = window.px2 || { conf: {},queue: [] };\n\tpx2.queue.push(function () {\n\t\tpx2.render({\n\t\t\tslot: {\n\t\t\t\tid: 37041\n\t\t\t},\n\t\t\telem: \"PX_37041_825057871452834\"\n\t\t})\n\t});\n}\n<\/script>\n\n\n<p>Tato trojice se znovu vrac\u00ed v&nbsp;pln\u00e9 s\u00edle a svou dal\u0161\u00ed spolupr\u00e1ci zah\u00e1jila premi\u00e9rou videoklipu k&nbsp;p\u00edsni \u201eBl\u00edzko\u201c na platform\u011b YouTube. Stejn\u011b tak ji p\u0159edstavili v&nbsp;Energy Pubu v Riegrov\u00fdch sadech za\u010d\u00e1tkem srpna. Nyn\u00ed vystupuj\u00ed pod spole\u010dn\u00fdm n\u00e1zvem \u0164up\u00edci. Pt\u00e1te-li se pro\u010d \u0164up\u00edci, trochu infantiln\u00ed jm\u00e9no odr\u00e1\u017e\u00ed toti\u017e charakter cel\u00e9ho seskupen\u00ed, je\u017e vzniklo p\u0159edev\u0161\u00edm z&nbsp;\u010dist\u00e9ho p\u0159\u00e1telstv\u00ed a radosti. \u0158ekn\u011bme takov\u00ed trochu novodob\u00ed Golden Kids.<\/p>\n\n\n\n<h2 class=\"wp-block-heading\" id=\"h-spolecna-pisen-blizko\">Spole\u010dn\u00e1 p\u00edse\u0148 \u201eBl\u00edzko\u201c<\/h2>\n\n\n\n<p>P\u0159esto\u017ee je p\u00edse\u0148 \u201eBl\u00edzko\u201c ji\u017e t\u0159et\u00edm songem t\u00e9to trojice, jedn\u00e1 se o prvn\u00ed skladbu, kter\u00e1 vznikla pod nov\u00fdm n\u00e1zvem seskupen\u00ed \u0164up\u00edci. Zpo\u010d\u00e1tku se m\u016f\u017ee jevit v\u00e1\u017en\u011bji, ne\u017e by se od Pol\u00e1kov\u00e9, Adamczyka a Ciny mohlo o\u010dek\u00e1vat, nicm\u00e9n\u011b s\u00e1m Cina k&nbsp;jej\u00edmu vzniku \u0159ekl: <em>\u201eCht\u011bli jsme zachytit tu chv\u00edli, kdy jste na parketu, v\u0161echno kolem p\u0159estane existovat a prost\u011b jen tan\u010d\u00edte, pot\u00edte se a za\u017e\u00edv\u00e1te euforii \u2013 tady a te\u010f.\u201c<\/em><\/p>\n\n\n\n<figure class=\"wp-block-embed is-type-video is-provider-youtube wp-block-embed-youtube wp-embed-aspect-16-9 wp-has-aspect-ratio\"><div class=\"wp-block-embed__wrapper\">\n<iframe title=\"\u0164up\u00edci - Bli\u0301zko (ofici\u00e1ln\u00ed video)\" width=\"500\" height=\"281\" src=\"https:\/\/www.youtube.com\/embed\/-Lr4JH2-y14?start=51&#038;feature=oembed\" frameborder=\"0\" allow=\"accelerometer; autoplay; clipboard-write; encrypted-media; gyroscope; picture-in-picture; web-share\" referrerpolicy=\"strict-origin-when-cross-origin\" allowfullscreen><\/iframe>\n<\/div><\/figure>\n\n\n\n<p>P\u00edse\u0148 \u00fa\u010del rozhodn\u011b spl\u0148uje. Je tane\u010dn\u00ed a m\u00e1lokdo u n\u00ed dok\u00e1\u017ee v&nbsp;klidu sed\u011bt. Zkr\u00e1tka vyb\u00edz\u00ed k&nbsp;tanci nebo alespo\u0148 lehk\u00e9mu poklep\u00e1n\u00ed nohou do rytmu. Na songu se autorsky pod\u00edlel i \u0160t\u011bp\u00e1n Urban, jen\u017e nyn\u00ed s&nbsp;Jaroslavem Divi\u0161em tvo\u0159\u00ed novou hudebn\u00ed skupinu Km\u00ednov\u00fd j\u00e1, kter\u00e1 takt\u00e9\u017e vystoupila v&nbsp;Riegerov\u00fdch sadech.<\/p>\n\n\n\n<p>Zdroj: Autorsk\u00fd text, <a href=\"https:\/\/www.ireport.cz\/fotoreporty\/barbora-polakova-zpivala-v-riegrovych-sadech-doprovodili-ji-tupici-a-kminovy-ja\" target=\"_blank\" rel=\"noreferrer noopener nofollow\">iReport<\/a>, <a href=\"https:\/\/musicserver.cz\/clanek\/76909\/tupici-bli-zko\/\" target=\"_blank\" rel=\"noreferrer noopener nofollow\">MusicServer<\/a>, <a href=\"https:\/\/www.iglanc.cz\/celebrity\/casopis-glanc-rozhovor-bara-polakova\/\" target=\"_blank\" rel=\"noreferrer noopener nofollow\">iGlanc<\/a>, <a href=\"https:\/\/www.youtube.com\/@TupiciYouTube\" target=\"_blank\" rel=\"noreferrer noopener nofollow\">Youtube kan\u00e1l \u0164up\u00edci<\/a><\/p>\n\n\n            <a href=\"https:\/\/www.karaoketexty.cz\/magazin\/lucie-bila-prichazi-s-novym-singlem-obycejna-holka-a-pripravuje-album\/\" class=\"related-post-link\">\n                <div class=\"post-thumbnail\">\n                    <img decoding=\"async\" width=\"250\" height=\"141\" src=\"https:\/\/www.karaoketexty.cz\/magazin\/wp-content\/uploads\/2025\/08\/lucie-bila-nove-album.jpg\" class=\"attachment-250x180 size-250x180 not-transparent\" alt=\"Lucie B\u00edl\u00e1 nov\u00e9 album\" srcset=\"https:\/\/www.karaoketexty.cz\/magazin\/wp-content\/uploads\/2025\/08\/lucie-bila-nove-album.jpg 1200w, https:\/\/www.karaoketexty.cz\/magazin\/wp-content\/uploads\/2025\/08\/lucie-bila-nove-album-300x169.jpg 300w, https:\/\/www.karaoketexty.cz\/magazin\/wp-content\/uploads\/2025\/08\/lucie-bila-nove-album-1024x576.jpg 1024w, https:\/\/www.karaoketexty.cz\/magazin\/wp-content\/uploads\/2025\/08\/lucie-bila-nove-album-768x432.jpg 768w, https:\/\/www.karaoketexty.cz\/magazin\/wp-content\/uploads\/2025\/08\/lucie-bila-nove-album-800x450.jpg 800w\" sizes=\"(max-width: 250px) 100vw, 250px\" data-has-transparency=\"false\" data-dominant-color=\"968375\" style=\"--dominant-color: #968375;\" \/>                <\/div>\n                <div class=\"post-details\">\n                    <span class=\"also-read\">\u010ct\u011bte tak\u00e9:<\/span>\n                    <h3 class=\"hed\">Lucie B\u00edl\u00e1 p\u0159ich\u00e1z\u00ed s nov\u00fdm singlem \u201eOby\u010dejn\u00e1 holka\u201c a p\u0159ipravuje album<\/h3>\n                <\/div>\n            <\/a>\n            \n\n            <a href=\"https:\/\/www.karaoketexty.cz\/magazin\/vladimir-misik-vydava-prekvapivy-zivak-z-archy-poklesla-mi-brada-priznava\/\" class=\"related-post-link\">\n                <div class=\"post-thumbnail\">\n                    <img decoding=\"async\" width=\"250\" height=\"141\" src=\"https:\/\/www.karaoketexty.cz\/magazin\/wp-content\/uploads\/2025\/08\/vladimir-misik-nove-album.jpg\" class=\"attachment-250x180 size-250x180 not-transparent\" alt=\"Vladim\u00edr Mi\u0161\u00edk nov\u00e9 album\" srcset=\"https:\/\/www.karaoketexty.cz\/magazin\/wp-content\/uploads\/2025\/08\/vladimir-misik-nove-album.jpg 1200w, https:\/\/www.karaoketexty.cz\/magazin\/wp-content\/uploads\/2025\/08\/vladimir-misik-nove-album-300x169.jpg 300w, https:\/\/www.karaoketexty.cz\/magazin\/wp-content\/uploads\/2025\/08\/vladimir-misik-nove-album-1024x576.jpg 1024w, https:\/\/www.karaoketexty.cz\/magazin\/wp-content\/uploads\/2025\/08\/vladimir-misik-nove-album-768x432.jpg 768w, https:\/\/www.karaoketexty.cz\/magazin\/wp-content\/uploads\/2025\/08\/vladimir-misik-nove-album-800x450.jpg 800w\" sizes=\"(max-width: 250px) 100vw, 250px\" data-has-transparency=\"false\" data-dominant-color=\"776c69\" style=\"--dominant-color: #776c69;\" \/>                <\/div>\n                <div class=\"post-details\">\n                    <span class=\"also-read\">\u010ct\u011bte tak\u00e9:<\/span>\n                    <h3 class=\"hed\">Vladim\u00edr Mi\u0161\u00edk vyd\u00e1v\u00e1 p\u0159ekvapiv\u00fd \u017eiv\u00e1k z Archy. \u201ePoklesla mi brada,\u201c p\u0159izn\u00e1v\u00e1<\/h3>\n                <\/div>\n            <\/a>\n            ","protected":false},"excerpt":{"rendered":"<p>Nov\u00e9 hudebn\u00ed uskupen\u00ed s\u00a0d\u011btsk\u00fdm n\u00e1zvem \u0164up\u00edci nyn\u00ed tvo\u0159\u00ed Barbora Pol\u00e1kov\u00e1 s\u00a0Markem Adamczykem a Janem Cinou. Vy\u0161el jejich prvn\u00ed song.<\/p>\n","protected":false},"author":6,"featured_media":2334,"comment_status":"open","ping_status":"closed","sticky":false,"template":"","format":"standard","meta":{"_yoast_wpseo_title":"Barbora Pol\u00e1kov\u00e1 m\u00e1 novou kapelu \u0164up\u00edci","_yoast_wpseo_metadesc":"Barbora Pol\u00e1kov\u00e1 op\u011bt spojila s\u00edly s Markem Adamczykem a Janem Cinou a vzniklo tak hudebn\u00ed uskupen\u00ed s n\u00e1zvem \u0164up\u00edci.","footnotes":""},"categories":[7],"tags":[1607,1602,1605,571,1610,12,1606,1612,199,1615,1614,1603,1616,1604,1601,1613,1609,1369,1608,825,1611,1599,1545,1600,524,526,51],"class_list":["post-2333","post","type-post","status-publish","format-standard","has-post-thumbnail","hentry","category-aktuality","tag-a-e-i-o-u","tag-barbora-polakova","tag-blizko","tag-ceska-hudba","tag-ceska-kapela","tag-ceske-celebrity","tag-dese","tag-energy-pub","tag-herecka","tag-iglanc","tag-ireport","tag-jan-cina","tag-jaroslav-divis","tag-kminovy-ja","tag-marek-adamczyk","tag-musicserver","tag-nova-hudebni-skupina","tag-novy-projekt","tag-on-off","tag-pratelstvi","tag-riegrovy-sady","tag-stepan-urban","tag-tanec","tag-tupici","tag-videoklip","tag-youtube","tag-zpevacka"],"yoast_head":"<!-- This site is optimized with the Yoast SEO plugin v27.4 - https:\/\/yoast.com\/product\/yoast-seo-wordpress\/ -->\n<title>Barbora Pol\u00e1kov\u00e1 m\u00e1 novou kapelu \u0164up\u00edci<\/title>\n<meta name=\"description\" content=\"Barbora Pol\u00e1kov\u00e1 op\u011bt spojila s\u00edly s Markem Adamczykem a Janem Cinou a vzniklo tak hudebn\u00ed uskupen\u00ed s n\u00e1zvem \u0164up\u00edci.\" \/>\n<meta name=\"robots\" content=\"index, follow, max-snippet:-1, max-image-preview:large, max-video-preview:-1\" \/>\n<link rel=\"canonical\" href=\"https:\/\/www.karaoketexty.cz\/magazin\/barbora-polakova-tupici-nova-kapela\/\" \/>\n<meta property=\"og:locale\" content=\"cs_CZ\" \/>\n<meta property=\"og:type\" content=\"article\" \/>\n<meta property=\"og:title\" content=\"Barbora Pol\u00e1kov\u00e1 m\u00e1 novou kapelu \u0164up\u00edci\" \/>\n<meta property=\"og:description\" content=\"Barbora Pol\u00e1kov\u00e1 op\u011bt spojila s\u00edly s Markem Adamczykem a Janem Cinou a vzniklo tak hudebn\u00ed uskupen\u00ed s n\u00e1zvem \u0164up\u00edci.\" \/>\n<meta property=\"og:url\" content=\"https:\/\/www.karaoketexty.cz\/magazin\/barbora-polakova-tupici-nova-kapela\/\" \/>\n<meta property=\"og:site_name\" content=\"Stars Magaz\u00edn Karaoketexty.cz\" \/>\n<meta property=\"article:published_time\" content=\"2025-09-08T04:51:00+00:00\" \/>\n<meta property=\"og:image\" content=\"https:\/\/www.karaoketexty.cz\/magazin\/wp-content\/uploads\/2025\/08\/Cina-Polakova-Adamczyk.jpg\" \/>\n\t<meta property=\"og:image:width\" content=\"1200\" \/>\n\t<meta property=\"og:image:height\" content=\"675\" \/>\n\t<meta property=\"og:image:type\" content=\"image\/jpeg\" \/>\n<meta name=\"author\" content=\"Franti\u0161ek Zahradn\u00ed\u010dek\" \/>\n<meta name=\"twitter:card\" content=\"summary_large_image\" \/>\n<meta name=\"twitter:label1\" content=\"Napsal(a)\" \/>\n\t<meta name=\"twitter:data1\" content=\"Franti\u0161ek Zahradn\u00ed\u010dek\" \/>\n\t<meta name=\"twitter:label2\" content=\"Odhadovan\u00e1 doba \u010dten\u00ed\" \/>\n\t<meta name=\"twitter:data2\" content=\"3 minuty\" \/>\n<script type=\"application\/ld+json\" class=\"yoast-schema-graph\">{\"@context\":\"https:\\\/\\\/schema.org\",\"@graph\":[{\"@type\":\"Article\",\"@id\":\"https:\\\/\\\/www.karaoketexty.cz\\\/magazin\\\/barbora-polakova-tupici-nova-kapela\\\/#article\",\"isPartOf\":{\"@id\":\"https:\\\/\\\/www.karaoketexty.cz\\\/magazin\\\/barbora-polakova-tupici-nova-kapela\\\/\"},\"author\":{\"name\":\"Franti\u0161ek Zahradn\u00ed\u010dek\",\"@id\":\"https:\\\/\\\/www.karaoketexty.cz\\\/magazin\\\/#\\\/schema\\\/person\\\/69d871cedc122c98723e0f5e1f73fa16\"},\"headline\":\"Nov\u00e1 kapela B\u00e1ry Pol\u00e1kov\u00e9: \u0164up\u00edci s Janem C\u00ednou a Markem Adamzykem\",\"datePublished\":\"2025-09-08T04:51:00+00:00\",\"mainEntityOfPage\":{\"@id\":\"https:\\\/\\\/www.karaoketexty.cz\\\/magazin\\\/barbora-polakova-tupici-nova-kapela\\\/\"},\"wordCount\":486,\"commentCount\":0,\"image\":{\"@id\":\"https:\\\/\\\/www.karaoketexty.cz\\\/magazin\\\/barbora-polakova-tupici-nova-kapela\\\/#primaryimage\"},\"thumbnailUrl\":\"https:\\\/\\\/www.karaoketexty.cz\\\/magazin\\\/wp-content\\\/uploads\\\/2025\\\/08\\\/Cina-Polakova-Adamczyk.jpg\",\"keywords\":[\"A-E-I-O-U\",\"Barbora Pol\u00e1kov\u00e1\",\"Bl\u00edzko\",\"\u010desk\u00e1 hudba\",\"\u010desk\u00e1 kapela\",\"\u010cesk\u00e9 celebrity\",\"DESE\",\"Energy Pub\",\"Here\u010dka\",\"iGlanc\",\"iReport\",\"Jan Cina\",\"Jaroslav Divi\u0161\",\"Km\u00ednov\u00fd j\u00e1\",\"Marek Adamczyk\",\"MusicServer\",\"nov\u00e1 hudebn\u00ed skupina\",\"nov\u00fd projekt\",\"ON\\\/OFF\",\"p\u0159\u00e1telstv\u00ed\",\"Riegrovy sady\",\"\u0160t\u011bp\u00e1n Urban\",\"tanec\",\"\u0164up\u00edci\",\"videoklip\",\"YouTube\",\"Zp\u011bva\u010dka\"],\"articleSection\":[\"Aktuality\"],\"inLanguage\":\"cs\",\"potentialAction\":[{\"@type\":\"CommentAction\",\"name\":\"Comment\",\"target\":[\"https:\\\/\\\/www.karaoketexty.cz\\\/magazin\\\/barbora-polakova-tupici-nova-kapela\\\/#respond\"]}]},{\"@type\":\"WebPage\",\"@id\":\"https:\\\/\\\/www.karaoketexty.cz\\\/magazin\\\/barbora-polakova-tupici-nova-kapela\\\/\",\"url\":\"https:\\\/\\\/www.karaoketexty.cz\\\/magazin\\\/barbora-polakova-tupici-nova-kapela\\\/\",\"name\":\"Barbora Pol\u00e1kov\u00e1 m\u00e1 novou kapelu \u0164up\u00edci\",\"isPartOf\":{\"@id\":\"https:\\\/\\\/www.karaoketexty.cz\\\/magazin\\\/#website\"},\"primaryImageOfPage\":{\"@id\":\"https:\\\/\\\/www.karaoketexty.cz\\\/magazin\\\/barbora-polakova-tupici-nova-kapela\\\/#primaryimage\"},\"image\":{\"@id\":\"https:\\\/\\\/www.karaoketexty.cz\\\/magazin\\\/barbora-polakova-tupici-nova-kapela\\\/#primaryimage\"},\"thumbnailUrl\":\"https:\\\/\\\/www.karaoketexty.cz\\\/magazin\\\/wp-content\\\/uploads\\\/2025\\\/08\\\/Cina-Polakova-Adamczyk.jpg\",\"datePublished\":\"2025-09-08T04:51:00+00:00\",\"author\":{\"@id\":\"https:\\\/\\\/www.karaoketexty.cz\\\/magazin\\\/#\\\/schema\\\/person\\\/69d871cedc122c98723e0f5e1f73fa16\"},\"description\":\"Barbora Pol\u00e1kov\u00e1 op\u011bt spojila s\u00edly s Markem Adamczykem a Janem Cinou a vzniklo tak hudebn\u00ed uskupen\u00ed s n\u00e1zvem \u0164up\u00edci.\",\"breadcrumb\":{\"@id\":\"https:\\\/\\\/www.karaoketexty.cz\\\/magazin\\\/barbora-polakova-tupici-nova-kapela\\\/#breadcrumb\"},\"inLanguage\":\"cs\",\"potentialAction\":[{\"@type\":\"ReadAction\",\"target\":[\"https:\\\/\\\/www.karaoketexty.cz\\\/magazin\\\/barbora-polakova-tupici-nova-kapela\\\/\"]}]},{\"@type\":\"ImageObject\",\"inLanguage\":\"cs\",\"@id\":\"https:\\\/\\\/www.karaoketexty.cz\\\/magazin\\\/barbora-polakova-tupici-nova-kapela\\\/#primaryimage\",\"url\":\"https:\\\/\\\/www.karaoketexty.cz\\\/magazin\\\/wp-content\\\/uploads\\\/2025\\\/08\\\/Cina-Polakova-Adamczyk.jpg\",\"contentUrl\":\"https:\\\/\\\/www.karaoketexty.cz\\\/magazin\\\/wp-content\\\/uploads\\\/2025\\\/08\\\/Cina-Polakova-Adamczyk.jpg\",\"width\":1200,\"height\":675,\"caption\":\"Foto: Nextfoto, Jan Cina, B\u00e1ra Pol\u00e1kov\u00e1 a Marek Adamczyk na TK k turn\u00e9 N\u011bhy\"},{\"@type\":\"BreadcrumbList\",\"@id\":\"https:\\\/\\\/www.karaoketexty.cz\\\/magazin\\\/barbora-polakova-tupici-nova-kapela\\\/#breadcrumb\",\"itemListElement\":[{\"@type\":\"ListItem\",\"position\":1,\"name\":\"Dom\u016f\",\"item\":\"https:\\\/\\\/www.karaoketexty.cz\\\/magazin\\\/\"},{\"@type\":\"ListItem\",\"position\":2,\"name\":\"Nov\u00e1 kapela B\u00e1ry Pol\u00e1kov\u00e9: \u0164up\u00edci s Janem C\u00ednou a Markem Adamzykem\"}]},{\"@type\":\"WebSite\",\"@id\":\"https:\\\/\\\/www.karaoketexty.cz\\\/magazin\\\/#website\",\"url\":\"https:\\\/\\\/www.karaoketexty.cz\\\/magazin\\\/\",\"name\":\"Stars Magaz\u00edn Karaoketexty.cz\",\"description\":\"Stars Magaz\u00edn na Karaoketexty.cz je zam\u011b\u0159en\u00fd na novinky ze sv\u011bta hudby a celebrit. Obsahuje \u010dl\u00e1nky o zp\u011bv\u00e1c\u00edch, kapel\u00e1ch, nov\u00fdch albech, hudebn\u00edch trendech a dal\u0161\u00edch zaj\u00edmavostech z hudebn\u00edho pr\u016fmyslu.\",\"potentialAction\":[{\"@type\":\"SearchAction\",\"target\":{\"@type\":\"EntryPoint\",\"urlTemplate\":\"https:\\\/\\\/www.karaoketexty.cz\\\/magazin\\\/?s={search_term_string}\"},\"query-input\":{\"@type\":\"PropertyValueSpecification\",\"valueRequired\":true,\"valueName\":\"search_term_string\"}}],\"inLanguage\":\"cs\"},{\"@type\":\"Person\",\"@id\":\"https:\\\/\\\/www.karaoketexty.cz\\\/magazin\\\/#\\\/schema\\\/person\\\/69d871cedc122c98723e0f5e1f73fa16\",\"name\":\"Franti\u0161ek Zahradn\u00ed\u010dek\",\"image\":{\"@type\":\"ImageObject\",\"inLanguage\":\"cs\",\"@id\":\"https:\\\/\\\/secure.gravatar.com\\\/avatar\\\/fcc548a9ddc6294d2945bd8730d73ac130db3d13dfd96d644aa093d54c1917b6?s=96&d=mm&r=g\",\"url\":\"https:\\\/\\\/secure.gravatar.com\\\/avatar\\\/fcc548a9ddc6294d2945bd8730d73ac130db3d13dfd96d644aa093d54c1917b6?s=96&d=mm&r=g\",\"contentUrl\":\"https:\\\/\\\/secure.gravatar.com\\\/avatar\\\/fcc548a9ddc6294d2945bd8730d73ac130db3d13dfd96d644aa093d54c1917b6?s=96&d=mm&r=g\",\"caption\":\"Franti\u0161ek Zahradn\u00ed\u010dek\"},\"url\":\"https:\\\/\\\/www.karaoketexty.cz\\\/magazin\\\/author\\\/frantazahrada\\\/\"}]}<\/script>\n<!-- \/ Yoast SEO plugin. -->","yoast_head_json":{"title":"Barbora Pol\u00e1kov\u00e1 m\u00e1 novou kapelu \u0164up\u00edci","description":"Barbora Pol\u00e1kov\u00e1 op\u011bt spojila s\u00edly s Markem Adamczykem a Janem Cinou a vzniklo tak hudebn\u00ed uskupen\u00ed s n\u00e1zvem \u0164up\u00edci.","robots":{"index":"index","follow":"follow","max-snippet":"max-snippet:-1","max-image-preview":"max-image-preview:large","max-video-preview":"max-video-preview:-1"},"canonical":"https:\/\/www.karaoketexty.cz\/magazin\/barbora-polakova-tupici-nova-kapela\/","og_locale":"cs_CZ","og_type":"article","og_title":"Barbora Pol\u00e1kov\u00e1 m\u00e1 novou kapelu \u0164up\u00edci","og_description":"Barbora Pol\u00e1kov\u00e1 op\u011bt spojila s\u00edly s Markem Adamczykem a Janem Cinou a vzniklo tak hudebn\u00ed uskupen\u00ed s n\u00e1zvem \u0164up\u00edci.","og_url":"https:\/\/www.karaoketexty.cz\/magazin\/barbora-polakova-tupici-nova-kapela\/","og_site_name":"Stars Magaz\u00edn Karaoketexty.cz","article_published_time":"2025-09-08T04:51:00+00:00","og_image":[{"width":1200,"height":675,"url":"https:\/\/www.karaoketexty.cz\/magazin\/wp-content\/uploads\/2025\/08\/Cina-Polakova-Adamczyk.jpg","type":"image\/jpeg"}],"author":"Franti\u0161ek Zahradn\u00ed\u010dek","twitter_card":"summary_large_image","twitter_misc":{"Napsal(a)":"Franti\u0161ek Zahradn\u00ed\u010dek","Odhadovan\u00e1 doba \u010dten\u00ed":"3 minuty"},"schema":{"@context":"https:\/\/schema.org","@graph":[{"@type":"Article","@id":"https:\/\/www.karaoketexty.cz\/magazin\/barbora-polakova-tupici-nova-kapela\/#article","isPartOf":{"@id":"https:\/\/www.karaoketexty.cz\/magazin\/barbora-polakova-tupici-nova-kapela\/"},"author":{"name":"Franti\u0161ek Zahradn\u00ed\u010dek","@id":"https:\/\/www.karaoketexty.cz\/magazin\/#\/schema\/person\/69d871cedc122c98723e0f5e1f73fa16"},"headline":"Nov\u00e1 kapela B\u00e1ry Pol\u00e1kov\u00e9: \u0164up\u00edci s Janem C\u00ednou a Markem Adamzykem","datePublished":"2025-09-08T04:51:00+00:00","mainEntityOfPage":{"@id":"https:\/\/www.karaoketexty.cz\/magazin\/barbora-polakova-tupici-nova-kapela\/"},"wordCount":486,"commentCount":0,"image":{"@id":"https:\/\/www.karaoketexty.cz\/magazin\/barbora-polakova-tupici-nova-kapela\/#primaryimage"},"thumbnailUrl":"https:\/\/www.karaoketexty.cz\/magazin\/wp-content\/uploads\/2025\/08\/Cina-Polakova-Adamczyk.jpg","keywords":["A-E-I-O-U","Barbora Pol\u00e1kov\u00e1","Bl\u00edzko","\u010desk\u00e1 hudba","\u010desk\u00e1 kapela","\u010cesk\u00e9 celebrity","DESE","Energy Pub","Here\u010dka","iGlanc","iReport","Jan Cina","Jaroslav Divi\u0161","Km\u00ednov\u00fd j\u00e1","Marek Adamczyk","MusicServer","nov\u00e1 hudebn\u00ed skupina","nov\u00fd projekt","ON\/OFF","p\u0159\u00e1telstv\u00ed","Riegrovy sady","\u0160t\u011bp\u00e1n Urban","tanec","\u0164up\u00edci","videoklip","YouTube","Zp\u011bva\u010dka"],"articleSection":["Aktuality"],"inLanguage":"cs","potentialAction":[{"@type":"CommentAction","name":"Comment","target":["https:\/\/www.karaoketexty.cz\/magazin\/barbora-polakova-tupici-nova-kapela\/#respond"]}]},{"@type":"WebPage","@id":"https:\/\/www.karaoketexty.cz\/magazin\/barbora-polakova-tupici-nova-kapela\/","url":"https:\/\/www.karaoketexty.cz\/magazin\/barbora-polakova-tupici-nova-kapela\/","name":"Barbora Pol\u00e1kov\u00e1 m\u00e1 novou kapelu \u0164up\u00edci","isPartOf":{"@id":"https:\/\/www.karaoketexty.cz\/magazin\/#website"},"primaryImageOfPage":{"@id":"https:\/\/www.karaoketexty.cz\/magazin\/barbora-polakova-tupici-nova-kapela\/#primaryimage"},"image":{"@id":"https:\/\/www.karaoketexty.cz\/magazin\/barbora-polakova-tupici-nova-kapela\/#primaryimage"},"thumbnailUrl":"https:\/\/www.karaoketexty.cz\/magazin\/wp-content\/uploads\/2025\/08\/Cina-Polakova-Adamczyk.jpg","datePublished":"2025-09-08T04:51:00+00:00","author":{"@id":"https:\/\/www.karaoketexty.cz\/magazin\/#\/schema\/person\/69d871cedc122c98723e0f5e1f73fa16"},"description":"Barbora Pol\u00e1kov\u00e1 op\u011bt spojila s\u00edly s Markem Adamczykem a Janem Cinou a vzniklo tak hudebn\u00ed uskupen\u00ed s n\u00e1zvem \u0164up\u00edci.","breadcrumb":{"@id":"https:\/\/www.karaoketexty.cz\/magazin\/barbora-polakova-tupici-nova-kapela\/#breadcrumb"},"inLanguage":"cs","potentialAction":[{"@type":"ReadAction","target":["https:\/\/www.karaoketexty.cz\/magazin\/barbora-polakova-tupici-nova-kapela\/"]}]},{"@type":"ImageObject","inLanguage":"cs","@id":"https:\/\/www.karaoketexty.cz\/magazin\/barbora-polakova-tupici-nova-kapela\/#primaryimage","url":"https:\/\/www.karaoketexty.cz\/magazin\/wp-content\/uploads\/2025\/08\/Cina-Polakova-Adamczyk.jpg","contentUrl":"https:\/\/www.karaoketexty.cz\/magazin\/wp-content\/uploads\/2025\/08\/Cina-Polakova-Adamczyk.jpg","width":1200,"height":675,"caption":"Foto: Nextfoto, Jan Cina, B\u00e1ra Pol\u00e1kov\u00e1 a Marek Adamczyk na TK k turn\u00e9 N\u011bhy"},{"@type":"BreadcrumbList","@id":"https:\/\/www.karaoketexty.cz\/magazin\/barbora-polakova-tupici-nova-kapela\/#breadcrumb","itemListElement":[{"@type":"ListItem","position":1,"name":"Dom\u016f","item":"https:\/\/www.karaoketexty.cz\/magazin\/"},{"@type":"ListItem","position":2,"name":"Nov\u00e1 kapela B\u00e1ry Pol\u00e1kov\u00e9: \u0164up\u00edci s Janem C\u00ednou a Markem Adamzykem"}]},{"@type":"WebSite","@id":"https:\/\/www.karaoketexty.cz\/magazin\/#website","url":"https:\/\/www.karaoketexty.cz\/magazin\/","name":"Stars Magaz\u00edn Karaoketexty.cz","description":"Stars Magaz\u00edn na Karaoketexty.cz je zam\u011b\u0159en\u00fd na novinky ze sv\u011bta hudby a celebrit. Obsahuje \u010dl\u00e1nky o zp\u011bv\u00e1c\u00edch, kapel\u00e1ch, nov\u00fdch albech, hudebn\u00edch trendech a dal\u0161\u00edch zaj\u00edmavostech z hudebn\u00edho pr\u016fmyslu.","potentialAction":[{"@type":"SearchAction","target":{"@type":"EntryPoint","urlTemplate":"https:\/\/www.karaoketexty.cz\/magazin\/?s={search_term_string}"},"query-input":{"@type":"PropertyValueSpecification","valueRequired":true,"valueName":"search_term_string"}}],"inLanguage":"cs"},{"@type":"Person","@id":"https:\/\/www.karaoketexty.cz\/magazin\/#\/schema\/person\/69d871cedc122c98723e0f5e1f73fa16","name":"Franti\u0161ek Zahradn\u00ed\u010dek","image":{"@type":"ImageObject","inLanguage":"cs","@id":"https:\/\/secure.gravatar.com\/avatar\/fcc548a9ddc6294d2945bd8730d73ac130db3d13dfd96d644aa093d54c1917b6?s=96&d=mm&r=g","url":"https:\/\/secure.gravatar.com\/avatar\/fcc548a9ddc6294d2945bd8730d73ac130db3d13dfd96d644aa093d54c1917b6?s=96&d=mm&r=g","contentUrl":"https:\/\/secure.gravatar.com\/avatar\/fcc548a9ddc6294d2945bd8730d73ac130db3d13dfd96d644aa093d54c1917b6?s=96&d=mm&r=g","caption":"Franti\u0161ek Zahradn\u00ed\u010dek"},"url":"https:\/\/www.karaoketexty.cz\/magazin\/author\/frantazahrada\/"}]}},"_links":{"self":[{"href":"https:\/\/www.karaoketexty.cz\/magazin\/wp-json\/wp\/v2\/posts\/2333","targetHints":{"allow":["GET"]}}],"collection":[{"href":"https:\/\/www.karaoketexty.cz\/magazin\/wp-json\/wp\/v2\/posts"}],"about":[{"href":"https:\/\/www.karaoketexty.cz\/magazin\/wp-json\/wp\/v2\/types\/post"}],"author":[{"embeddable":true,"href":"https:\/\/www.karaoketexty.cz\/magazin\/wp-json\/wp\/v2\/users\/6"}],"replies":[{"embeddable":true,"href":"https:\/\/www.karaoketexty.cz\/magazin\/wp-json\/wp\/v2\/comments?post=2333"}],"version-history":[{"count":3,"href":"https:\/\/www.karaoketexty.cz\/magazin\/wp-json\/wp\/v2\/posts\/2333\/revisions"}],"predecessor-version":[{"id":2459,"href":"https:\/\/www.karaoketexty.cz\/magazin\/wp-json\/wp\/v2\/posts\/2333\/revisions\/2459"}],"wp:featuredmedia":[{"embeddable":true,"href":"https:\/\/www.karaoketexty.cz\/magazin\/wp-json\/wp\/v2\/media\/2334"}],"wp:attachment":[{"href":"https:\/\/www.karaoketexty.cz\/magazin\/wp-json\/wp\/v2\/media?parent=2333"}],"wp:term":[{"taxonomy":"category","embeddable":true,"href":"https:\/\/www.karaoketexty.cz\/magazin\/wp-json\/wp\/v2\/categories?post=2333"},{"taxonomy":"post_tag","embeddable":true,"href":"https:\/\/www.karaoketexty.cz\/magazin\/wp-json\/wp\/v2\/tags?post=2333"}],"curies":[{"name":"wp","href":"https:\/\/api.w.org\/{rel}","templated":true}]}}