{"id":2330,"date":"2025-09-09T05:00:00","date_gmt":"2025-09-09T03:00:00","guid":{"rendered":"https:\/\/www.karaoketexty.cz\/magazin\/?p=2330"},"modified":"2025-09-08T17:32:41","modified_gmt":"2025-09-08T15:32:41","slug":"maskovana-skupina-president-poprve-zahraje-v-praze-rozhodne-se-mate-na-co-tesit","status":"publish","type":"post","link":"https:\/\/www.karaoketexty.cz\/magazin\/maskovana-skupina-president-poprve-zahraje-v-praze-rozhodne-se-mate-na-co-tesit\/","title":{"rendered":"Maskovan\u00e1 skupina President poprv\u00e9 zahraje v Praze! Rozhodn\u011b se m\u00e1te na co t\u011b\u0161it"},"content":{"rendered":"\n<p><strong>Na metalov\u00e9 sc\u00e9n\u011b se letos objevila nov\u00e1 kapela jm\u00e9nem President. I kdy\u017e maj\u00ed tv\u00e1\u0159e zakryt\u00e9, nebo mo\u017en\u00e1 pr\u00e1v\u011b proto, se o nich mluv\u00ed.<\/strong><\/p>\n\n\n\n<p>Kapela President dok\u00e1zala za jedin\u00fd rok to, co jin\u00fdm trv\u00e1 desetilet\u00ed, a to st\u00e1t se skupinou, o n\u00ed\u017e se mluv\u00ed po cel\u00e9 Evrop\u011b i v z\u00e1mo\u0159\u00ed. D\u00edky zakryt\u00fdm tv\u00e1\u0159\u00edm a tajuplnosti tak p\u016fsob\u00ed jako magnet, jak jsme si v\u0161imli i v redakci Karaoketexty.cz. Nen\u00ed divu, \u017ee pr\u00e1v\u011b jejich pra\u017esk\u00e1 zast\u00e1vka v r\u00e1mci evropsk\u00e9ho turn\u00e9 s Architects a Landmvrks je pova\u017eov\u00e1na za jednu z velk\u00fdch koncertn\u00edch ud\u00e1lost\u00ed roku 2026.<\/p>\n\n\n<!-- karaoketexty.cz \/ rectangle2 -->\n<div id=\"PX_37086_709110796310826\"><\/div>\n<script>\n   if(!useMobileAds && !boolUseSeznamAds && !hideAllAds){\n     window.px2 = window.px2 || { conf: {},queue: [] };\n     px2.queue.push(function () {\n        px2.render({\n           slot: {\n              id: 37086\n           },\n            elem: \"PX_37086_709110796310826\"\n        })\n     });\n  }\n<\/script>\n\n<!-- karaoketexty.cz \/ mobile-rectangle3 -->\n<div id=\"PX_37044_714599773297004\"><\/div>\n<script>\n   if(useMobileAds && !boolUseSeznamAds && !hideAllAds){\nwindow.px2 = window.px2 || { conf: {},queue: [] };\npx2.queue.push(function () {\n\tpx2.render({\n\t\tslot: {\n\t\t\tid: 37044\n\t\t},\n\t\telem: \"PX_37044_714599773297004\"\n\t})\n});\n}\n<\/script>\n\n\n<h2 class=\"wp-block-heading\">Kapela mluv\u00ed hudbou, ne jm\u00e9ny<\/h2>\n\n\n\n<p>President se objevili na sc\u00e9n\u011b teprve letos. Od za\u010d\u00e1tku je prov\u00e1z\u00ed pe\u010dliv\u011b budovan\u00e1 anonymita. V \u010dele stoj\u00ed postava ozna\u010dovan\u00e1 jako The Artist. Je to mu\u017e s dlouh\u00fdmi st\u0159\u00edbrn\u00fdmi vlasy a maskou starce, jej\u00ed\u017e v\u00fdraz dok\u00e1\u017ee na p\u00f3diu doslova mrazit. <em>\u201eNepot\u0159ebujeme, aby lid\u00e9 \u0159e\u0161ili na\u0161e ob\u010danky. Chceme, aby poslouchali hudbu,\u201c<\/em> zazn\u011blo u\u017e n\u011bkolikr\u00e1t od \u010dlen\u016f kapely.<\/p>\n\n\n\n<p>Jejich debutov\u00fd singl \u201eIn The Name of the Father\u201c zp\u016fsobil rozruch, brzy n\u00e1sledoval track \u201eFearless\u201c a b\u011bhem p\u00e1r m\u011bs\u00edc\u016f se President objevili na tituln\u00ed str\u00e1nce presti\u017en\u00edho Rock Soundu. Prvn\u00ed vyprodan\u00fd koncert v Lond\u00fdn\u011b, kde krom\u011b vlastn\u00edho reperto\u00e1ru zahr\u00e1li i cover od Deftones, jen potvrdil, \u017ee nejde o \u017e\u00e1dnou marketingovou bublinu.<\/p>\n\n\n<!-- karaoketexty.cz \/ interscroller1 -->\n\n<div id=\"PX_37041_825057871452834\"><\/div>\n<script>\nif(useMobileAds && !boolUseSeznamAds && !hideAllAds){\n\twindow.px2 = window.px2 || { conf: {},queue: [] };\n\tpx2.queue.push(function () {\n\t\tpx2.render({\n\t\t\tslot: {\n\t\t\t\tid: 37041\n\t\t\t},\n\t\t\telem: \"PX_37041_825057871452834\"\n\t\t})\n\t});\n}\n<\/script>\n\n\n<h2 class=\"wp-block-heading\">Pra\u017esk\u00fd ve\u010der pln\u00fd kontrast\u016f<\/h2>\n\n\n\n<p>Dne 26. ledna 2026 otev\u0159e O2 Universum sv\u00e9 br\u00e1ny pro ve\u010der, kter\u00fd spoj\u00ed t\u0159i v\u00fdrazn\u011b odli\u0161n\u00e9 hudebn\u00ed sv\u011bty, a to francouzsk\u00fd metalcore Landmvrks, britsk\u00e9 Architects a pr\u00e1v\u011b President. \u010ce\u0161t\u00ed fanou\u0161ci tak dostanou p\u0159\u00edle\u017eitost b\u00fdt u toho, kdy\u017e tato tajemn\u00e1 kapela zahraje v \u010cesku poprv\u00e9. Na\u017eivo President s\u00e1z\u00ed na dokonal\u00fd zvuk, dobr\u00fd vizu\u00e1l a atmosf\u00e9ru, kterou podporuj\u00ed i elektronick\u00e9 prvky. Na rozd\u00edl od jin\u00fdch kapel ale nes\u00e1z\u00ed na komunikaci s publikem skrze dlouh\u00e9 proslovy.<\/p>\n\n\n\n<iframe title=\"PRESIDENT - In the Name of the Father\" width=\"500\" height=\"281\" src=\"https:\/\/www.youtube.com\/embed\/S_MijiGiQNI?feature=oembed\" frameborder=\"0\" allow=\"accelerometer; autoplay; clipboard-write; encrypted-media; gyroscope; picture-in-picture; web-share\" referrerpolicy=\"strict-origin-when-cross-origin\" allowfullscreen><\/iframe>\n\n\n\n<h2 class=\"wp-block-heading\">Maskovan\u00ed um\u011blci<\/h2>\n\n\n\n<p>Kapela President rozhodn\u011b nen\u00ed prvn\u00ed, kdo se rozhodl zaujmout pomoc\u00ed anonymity a v\u00fdrazn\u00fdmi maskami. Historie rocku i metalu zn\u00e1 \u0159adu p\u0159\u00edklad\u016f, kdy se um\u011blci rozhodli svou identitu skr\u00fdt a m\u00edsto n\u00ed budovat m\u00fdtus.<\/p>\n\n\n\n<p>T\u0159eba kultovn\u00ed Kiss v 70. letech \u0161okovali extravagantn\u00edm make-upem a bizarn\u00edmi kost\u00fdmy, kter\u00e9 z nich ud\u011blaly doslova komiksov\u00e9 hrdiny na p\u00f3diu. O dv\u011b dek\u00e1dy pozd\u011bji p\u0159i\u0161li Slipknot, \u0161est (pozd\u011bji dev\u011bt) hudebn\u00edk\u016f ve stra\u0161ideln\u00fdch mask\u00e1ch, jejich\u017e brut\u00e1ln\u00ed energie a show pln\u00e1 chaosu katapultovala kapelu mezi nejv\u011bt\u0161\u00ed hv\u011bzdy metalu. A \u0161v\u00e9d\u0161t\u00ed Ghost vsadili na temnou katolickou symboliku. Frontman Papa Emeritus vystupuje v podob\u011b \u201eantikn\u011bze\u201c a ka\u017ed\u00e9 obdob\u00ed m\u011bn\u00ed svou podobu, zat\u00edmco ostatn\u00ed hudebn\u00edci z\u016fst\u00e1vaj\u00ed \u201ebezejmenn\u00ed ghouls\u201c.<\/p>\n\n\n\n<p>Zdroj: Autorsk\u00fd text, <a href=\"https:\/\/en.wikipedia.org\/wiki\/President_(band)\" target=\"_blank\" rel=\"noreferrer noopener nofollow\">Wikipedie<\/a>, <a href=\"https:\/\/cs.wikipedia.org\/wiki\/Kiss\" target=\"_blank\" rel=\"noreferrer noopener nofollow\">Wikipedie<\/a>, <a href=\"https:\/\/cs.wikipedia.org\/wiki\/Slipknot\" target=\"_blank\" rel=\"noreferrer noopener nofollow\">Wikipedie<\/a>, <a href=\"https:\/\/www.headliner.cz\/novinky\/tajemni-revolucionari-metalove-sceny-president-miri-do-prahy\" target=\"_blank\" rel=\"noreferrer noopener nofollow\">Headliner<\/a>, <a href=\"https:\/\/www.presidentband.com\/tour-dates\/\" target=\"_blank\" rel=\"noreferrer noopener nofollow\">PresidentOfficial<\/a>, <a href=\"https:\/\/www.youtube.com\/watch?v=S_MijiGiQNI\" target=\"_blank\" rel=\"noreferrer noopener nofollow\">YouTube PRESIDENT<\/a><\/p>\n\n\n            <a href=\"https:\/\/www.karaoketexty.cz\/magazin\/obvineni-zpevaku-skupiny-die-antwoord-adoptivni-syn\/\" class=\"related-post-link\">\n                <div class=\"post-thumbnail\">\n                    <img decoding=\"async\" width=\"250\" height=\"131\" src=\"https:\/\/www.karaoketexty.cz\/magazin\/wp-content\/uploads\/2025\/06\/die-antwoord.avif\" class=\"attachment-250x180 size-250x180 not-transparent\" alt=\"Fotografie Die Antwoord\" data-has-transparency=\"false\" data-dominant-color=\"89a3ae\" style=\"--dominant-color: #89a3ae;\" \/>                <\/div>\n                <div class=\"post-details\">\n                    <span class=\"also-read\">\u010ct\u011bte tak\u00e9:<\/span>\n                    <h3 class=\"hed\">Skupina Die Antwoord \u010del\u00ed nechutn\u00fdm obvin\u011bn\u00edm: Po slavn\u00fdch celebrit\u00e1ch se ozval adoptivn\u00ed syn<\/h3>\n                <\/div>\n            <\/a>\n            \n\n            <a href=\"https:\/\/www.karaoketexty.cz\/magazin\/slipknot-slavi-ctvrtstoleti-vydani-prvniho-alba-fanouskum-nadeli-box-set-s-desitkami-nevydanych-pisni\/\" class=\"related-post-link\">\n                <div class=\"post-thumbnail\">\n                    <img decoding=\"async\" width=\"250\" height=\"107\" src=\"https:\/\/www.karaoketexty.cz\/magazin\/wp-content\/uploads\/2025\/08\/slipknot.jpg\" class=\"attachment-250x180 size-250x180 not-transparent\" alt=\"Fotografie ke \u010dl\u00e1nku: Slipknot slav\u00ed \u010dtvrtstolet\u00ed debutu. Fanou\u0161k\u016fm nad\u011bl\u00ed boxset s des\u00edtkami nevydan\u00fdch p\u00edsn\u00ed\" srcset=\"https:\/\/www.karaoketexty.cz\/magazin\/wp-content\/uploads\/2025\/08\/slipknot.jpg 1200w, https:\/\/www.karaoketexty.cz\/magazin\/wp-content\/uploads\/2025\/08\/slipknot-300x129.jpg 300w, https:\/\/www.karaoketexty.cz\/magazin\/wp-content\/uploads\/2025\/08\/slipknot-1024x439.jpg 1024w, https:\/\/www.karaoketexty.cz\/magazin\/wp-content\/uploads\/2025\/08\/slipknot-768x329.jpg 768w, https:\/\/www.karaoketexty.cz\/magazin\/wp-content\/uploads\/2025\/08\/slipknot-1050x450.jpg 1050w\" sizes=\"(max-width: 250px) 100vw, 250px\" data-has-transparency=\"false\" data-dominant-color=\"9269b8\" style=\"--dominant-color: #9269b8;\" \/>                <\/div>\n                <div class=\"post-details\">\n                    <span class=\"also-read\">\u010ct\u011bte tak\u00e9:<\/span>\n                    <h3 class=\"hed\">Slipknot slav\u00ed \u010dtvrtstolet\u00ed vyd\u00e1n\u00ed prvn\u00edho alba. Fanou\u0161k\u016fm nad\u011bl\u00ed box set s des\u00edtkami nevydan\u00fdch p\u00edsn\u00ed<\/h3>\n                <\/div>\n            <\/a>\n            ","protected":false},"excerpt":{"rendered":"<p>Na metalov\u00e9 sc\u00e9n\u011b se letos objevila nov\u00e1 kapela jm\u00e9nem President. Vystupuj\u00ed se zakryt\u00fdmi tv\u00e1\u0159emi a proto se o nich hodn\u011b mluv\u00ed.<\/p>\n","protected":false},"author":6,"featured_media":2648,"comment_status":"open","ping_status":"closed","sticky":false,"template":"","format":"standard","meta":{"_yoast_wpseo_title":"Kapela President m\u00ed\u0159\u00ed do Prahy. Nikdo nezn\u00e1 jejich identitu","_yoast_wpseo_metadesc":"Na metalov\u00e9 sc\u00e9n\u011b se letos objevila nov\u00e1 kapela jm\u00e9nem President. Vystupuj\u00ed se zakryt\u00fdmi tv\u00e1\u0159emi a proto se o nich hodn\u011b mluv\u00ed.","footnotes":""},"categories":[1059],"tags":[1628,1622,1624,472,459,1620,978,480,1623,168,483,461,467,388,462,1626,136,796,1621,735,1627,882,408,1625,721,1316,859,636,526,28],"class_list":["post-2330","post","type-post","status-publish","format-standard","has-post-thumbnail","hentry","category-celebrity","tag-1628","tag-anonymita","tag-atmosfera","tag-britska-kapela","tag-coververze","tag-debutovy-singl","tag-deftones","tag-evropske-turne","tag-francouzska-kapela","tag-ghost","tag-hudebni-autenticita","tag-hudebni-skupina","tag-hudebni-uspech","tag-hudebni-vystoupeni","tag-kapela","tag-kiss","tag-koncert","tag-koncertni-turne","tag-maskovani-umelci","tag-metal","tag-o2-universum","tag-praha","tag-rock","tag-rock-sound","tag-show","tag-slipknot","tag-vizualni-show","tag-wikipedie","tag-youtube","tag-zahranicni-celebrity"],"yoast_head":"<!-- This site is optimized with the Yoast SEO plugin v27.4 - https:\/\/yoast.com\/product\/yoast-seo-wordpress\/ -->\n<title>Kapela President m\u00ed\u0159\u00ed do Prahy. Nikdo nezn\u00e1 jejich identitu<\/title>\n<meta name=\"description\" content=\"Na metalov\u00e9 sc\u00e9n\u011b se letos objevila nov\u00e1 kapela jm\u00e9nem President. Vystupuj\u00ed se zakryt\u00fdmi tv\u00e1\u0159emi a proto se o nich hodn\u011b mluv\u00ed.\" \/>\n<meta name=\"robots\" content=\"index, follow, max-snippet:-1, max-image-preview:large, max-video-preview:-1\" \/>\n<link rel=\"canonical\" href=\"https:\/\/www.karaoketexty.cz\/magazin\/maskovana-skupina-president-poprve-zahraje-v-praze-rozhodne-se-mate-na-co-tesit\/\" \/>\n<meta property=\"og:locale\" content=\"cs_CZ\" \/>\n<meta property=\"og:type\" content=\"article\" \/>\n<meta property=\"og:title\" content=\"Kapela President m\u00ed\u0159\u00ed do Prahy. Nikdo nezn\u00e1 jejich identitu\" \/>\n<meta property=\"og:description\" content=\"Na metalov\u00e9 sc\u00e9n\u011b se letos objevila nov\u00e1 kapela jm\u00e9nem President. Vystupuj\u00ed se zakryt\u00fdmi tv\u00e1\u0159emi a proto se o nich hodn\u011b mluv\u00ed.\" \/>\n<meta property=\"og:url\" content=\"https:\/\/www.karaoketexty.cz\/magazin\/maskovana-skupina-president-poprve-zahraje-v-praze-rozhodne-se-mate-na-co-tesit\/\" \/>\n<meta property=\"og:site_name\" content=\"Stars Magaz\u00edn Karaoketexty.cz\" \/>\n<meta property=\"article:published_time\" content=\"2025-09-09T03:00:00+00:00\" \/>\n<meta property=\"og:image\" content=\"https:\/\/www.karaoketexty.cz\/magazin\/wp-content\/uploads\/2025\/08\/the-presidents.jpg\" \/>\n\t<meta property=\"og:image:width\" content=\"2304\" \/>\n\t<meta property=\"og:image:height\" content=\"1792\" \/>\n\t<meta property=\"og:image:type\" content=\"image\/jpeg\" \/>\n<meta name=\"author\" content=\"Franti\u0161ek Zahradn\u00ed\u010dek\" \/>\n<meta name=\"twitter:card\" content=\"summary_large_image\" \/>\n<meta name=\"twitter:label1\" content=\"Napsal(a)\" \/>\n\t<meta name=\"twitter:data1\" content=\"Franti\u0161ek Zahradn\u00ed\u010dek\" \/>\n\t<meta name=\"twitter:label2\" content=\"Odhadovan\u00e1 doba \u010dten\u00ed\" \/>\n\t<meta name=\"twitter:data2\" content=\"3 minuty\" \/>\n<script type=\"application\/ld+json\" class=\"yoast-schema-graph\">{\"@context\":\"https:\\\/\\\/schema.org\",\"@graph\":[{\"@type\":\"Article\",\"@id\":\"https:\\\/\\\/www.karaoketexty.cz\\\/magazin\\\/maskovana-skupina-president-poprve-zahraje-v-praze-rozhodne-se-mate-na-co-tesit\\\/#article\",\"isPartOf\":{\"@id\":\"https:\\\/\\\/www.karaoketexty.cz\\\/magazin\\\/maskovana-skupina-president-poprve-zahraje-v-praze-rozhodne-se-mate-na-co-tesit\\\/\"},\"author\":{\"name\":\"Franti\u0161ek Zahradn\u00ed\u010dek\",\"@id\":\"https:\\\/\\\/www.karaoketexty.cz\\\/magazin\\\/#\\\/schema\\\/person\\\/69d871cedc122c98723e0f5e1f73fa16\"},\"headline\":\"Maskovan\u00e1 skupina President poprv\u00e9 zahraje v Praze! Rozhodn\u011b se m\u00e1te na co t\u011b\u0161it\",\"datePublished\":\"2025-09-09T03:00:00+00:00\",\"mainEntityOfPage\":{\"@id\":\"https:\\\/\\\/www.karaoketexty.cz\\\/magazin\\\/maskovana-skupina-president-poprve-zahraje-v-praze-rozhodne-se-mate-na-co-tesit\\\/\"},\"wordCount\":531,\"commentCount\":0,\"image\":{\"@id\":\"https:\\\/\\\/www.karaoketexty.cz\\\/magazin\\\/maskovana-skupina-president-poprve-zahraje-v-praze-rozhodne-se-mate-na-co-tesit\\\/#primaryimage\"},\"thumbnailUrl\":\"https:\\\/\\\/www.karaoketexty.cz\\\/magazin\\\/wp-content\\\/uploads\\\/2025\\\/08\\\/the-presidents.jpg\",\"keywords\":[\"2026\",\"anonymita\",\"atmosf\u00e9ra\",\"britsk\u00e1 kapela\",\"coververze\",\"debutov\u00fd singl\",\"Deftones\",\"evropsk\u00e9 turn\u00e9\",\"francouzsk\u00e1 kapela\",\"Ghost\",\"hudebn\u00ed autenticita\",\"hudebn\u00ed skupina\",\"hudebn\u00ed \u00fasp\u011bch\",\"hudebn\u00ed vystoupen\u00ed\",\"kapela\",\"Kiss\",\"koncert\",\"koncertn\u00ed turn\u00e9\",\"maskovan\u00ed um\u011blci\",\"metal\",\"O2 Universum\",\"Praha\",\"rock\",\"Rock Sound\",\"show\",\"Slipknot\",\"vizu\u00e1ln\u00ed show\",\"Wikipedie\",\"YouTube\",\"Zahrani\u010dn\u00ed celebrity\"],\"articleSection\":[\"Celebrity\"],\"inLanguage\":\"cs\",\"potentialAction\":[{\"@type\":\"CommentAction\",\"name\":\"Comment\",\"target\":[\"https:\\\/\\\/www.karaoketexty.cz\\\/magazin\\\/maskovana-skupina-president-poprve-zahraje-v-praze-rozhodne-se-mate-na-co-tesit\\\/#respond\"]}]},{\"@type\":\"WebPage\",\"@id\":\"https:\\\/\\\/www.karaoketexty.cz\\\/magazin\\\/maskovana-skupina-president-poprve-zahraje-v-praze-rozhodne-se-mate-na-co-tesit\\\/\",\"url\":\"https:\\\/\\\/www.karaoketexty.cz\\\/magazin\\\/maskovana-skupina-president-poprve-zahraje-v-praze-rozhodne-se-mate-na-co-tesit\\\/\",\"name\":\"Kapela President m\u00ed\u0159\u00ed do Prahy. Nikdo nezn\u00e1 jejich identitu\",\"isPartOf\":{\"@id\":\"https:\\\/\\\/www.karaoketexty.cz\\\/magazin\\\/#website\"},\"primaryImageOfPage\":{\"@id\":\"https:\\\/\\\/www.karaoketexty.cz\\\/magazin\\\/maskovana-skupina-president-poprve-zahraje-v-praze-rozhodne-se-mate-na-co-tesit\\\/#primaryimage\"},\"image\":{\"@id\":\"https:\\\/\\\/www.karaoketexty.cz\\\/magazin\\\/maskovana-skupina-president-poprve-zahraje-v-praze-rozhodne-se-mate-na-co-tesit\\\/#primaryimage\"},\"thumbnailUrl\":\"https:\\\/\\\/www.karaoketexty.cz\\\/magazin\\\/wp-content\\\/uploads\\\/2025\\\/08\\\/the-presidents.jpg\",\"datePublished\":\"2025-09-09T03:00:00+00:00\",\"author\":{\"@id\":\"https:\\\/\\\/www.karaoketexty.cz\\\/magazin\\\/#\\\/schema\\\/person\\\/69d871cedc122c98723e0f5e1f73fa16\"},\"description\":\"Na metalov\u00e9 sc\u00e9n\u011b se letos objevila nov\u00e1 kapela jm\u00e9nem President. Vystupuj\u00ed se zakryt\u00fdmi tv\u00e1\u0159emi a proto se o nich hodn\u011b mluv\u00ed.\",\"breadcrumb\":{\"@id\":\"https:\\\/\\\/www.karaoketexty.cz\\\/magazin\\\/maskovana-skupina-president-poprve-zahraje-v-praze-rozhodne-se-mate-na-co-tesit\\\/#breadcrumb\"},\"inLanguage\":\"cs\",\"potentialAction\":[{\"@type\":\"ReadAction\",\"target\":[\"https:\\\/\\\/www.karaoketexty.cz\\\/magazin\\\/maskovana-skupina-president-poprve-zahraje-v-praze-rozhodne-se-mate-na-co-tesit\\\/\"]}]},{\"@type\":\"ImageObject\",\"inLanguage\":\"cs\",\"@id\":\"https:\\\/\\\/www.karaoketexty.cz\\\/magazin\\\/maskovana-skupina-president-poprve-zahraje-v-praze-rozhodne-se-mate-na-co-tesit\\\/#primaryimage\",\"url\":\"https:\\\/\\\/www.karaoketexty.cz\\\/magazin\\\/wp-content\\\/uploads\\\/2025\\\/08\\\/the-presidents.jpg\",\"contentUrl\":\"https:\\\/\\\/www.karaoketexty.cz\\\/magazin\\\/wp-content\\\/uploads\\\/2025\\\/08\\\/the-presidents.jpg\",\"width\":2304,\"height\":1792,\"caption\":\"Obr\u00e1zek ke \u010dl\u00e1nku o skupin\u011b President v mask\u00e1ch\"},{\"@type\":\"BreadcrumbList\",\"@id\":\"https:\\\/\\\/www.karaoketexty.cz\\\/magazin\\\/maskovana-skupina-president-poprve-zahraje-v-praze-rozhodne-se-mate-na-co-tesit\\\/#breadcrumb\",\"itemListElement\":[{\"@type\":\"ListItem\",\"position\":1,\"name\":\"Dom\u016f\",\"item\":\"https:\\\/\\\/www.karaoketexty.cz\\\/magazin\\\/\"},{\"@type\":\"ListItem\",\"position\":2,\"name\":\"Maskovan\u00e1 skupina President poprv\u00e9 zahraje v Praze! Rozhodn\u011b se m\u00e1te na co t\u011b\u0161it\"}]},{\"@type\":\"WebSite\",\"@id\":\"https:\\\/\\\/www.karaoketexty.cz\\\/magazin\\\/#website\",\"url\":\"https:\\\/\\\/www.karaoketexty.cz\\\/magazin\\\/\",\"name\":\"Stars Magaz\u00edn Karaoketexty.cz\",\"description\":\"Stars Magaz\u00edn na Karaoketexty.cz je zam\u011b\u0159en\u00fd na novinky ze sv\u011bta hudby a celebrit. Obsahuje \u010dl\u00e1nky o zp\u011bv\u00e1c\u00edch, kapel\u00e1ch, nov\u00fdch albech, hudebn\u00edch trendech a dal\u0161\u00edch zaj\u00edmavostech z hudebn\u00edho pr\u016fmyslu.\",\"potentialAction\":[{\"@type\":\"SearchAction\",\"target\":{\"@type\":\"EntryPoint\",\"urlTemplate\":\"https:\\\/\\\/www.karaoketexty.cz\\\/magazin\\\/?s={search_term_string}\"},\"query-input\":{\"@type\":\"PropertyValueSpecification\",\"valueRequired\":true,\"valueName\":\"search_term_string\"}}],\"inLanguage\":\"cs\"},{\"@type\":\"Person\",\"@id\":\"https:\\\/\\\/www.karaoketexty.cz\\\/magazin\\\/#\\\/schema\\\/person\\\/69d871cedc122c98723e0f5e1f73fa16\",\"name\":\"Franti\u0161ek Zahradn\u00ed\u010dek\",\"image\":{\"@type\":\"ImageObject\",\"inLanguage\":\"cs\",\"@id\":\"https:\\\/\\\/secure.gravatar.com\\\/avatar\\\/fcc548a9ddc6294d2945bd8730d73ac130db3d13dfd96d644aa093d54c1917b6?s=96&d=mm&r=g\",\"url\":\"https:\\\/\\\/secure.gravatar.com\\\/avatar\\\/fcc548a9ddc6294d2945bd8730d73ac130db3d13dfd96d644aa093d54c1917b6?s=96&d=mm&r=g\",\"contentUrl\":\"https:\\\/\\\/secure.gravatar.com\\\/avatar\\\/fcc548a9ddc6294d2945bd8730d73ac130db3d13dfd96d644aa093d54c1917b6?s=96&d=mm&r=g\",\"caption\":\"Franti\u0161ek Zahradn\u00ed\u010dek\"},\"url\":\"https:\\\/\\\/www.karaoketexty.cz\\\/magazin\\\/author\\\/frantazahrada\\\/\"}]}<\/script>\n<!-- \/ Yoast SEO plugin. -->","yoast_head_json":{"title":"Kapela President m\u00ed\u0159\u00ed do Prahy. Nikdo nezn\u00e1 jejich identitu","description":"Na metalov\u00e9 sc\u00e9n\u011b se letos objevila nov\u00e1 kapela jm\u00e9nem President. Vystupuj\u00ed se zakryt\u00fdmi tv\u00e1\u0159emi a proto se o nich hodn\u011b mluv\u00ed.","robots":{"index":"index","follow":"follow","max-snippet":"max-snippet:-1","max-image-preview":"max-image-preview:large","max-video-preview":"max-video-preview:-1"},"canonical":"https:\/\/www.karaoketexty.cz\/magazin\/maskovana-skupina-president-poprve-zahraje-v-praze-rozhodne-se-mate-na-co-tesit\/","og_locale":"cs_CZ","og_type":"article","og_title":"Kapela President m\u00ed\u0159\u00ed do Prahy. Nikdo nezn\u00e1 jejich identitu","og_description":"Na metalov\u00e9 sc\u00e9n\u011b se letos objevila nov\u00e1 kapela jm\u00e9nem President. Vystupuj\u00ed se zakryt\u00fdmi tv\u00e1\u0159emi a proto se o nich hodn\u011b mluv\u00ed.","og_url":"https:\/\/www.karaoketexty.cz\/magazin\/maskovana-skupina-president-poprve-zahraje-v-praze-rozhodne-se-mate-na-co-tesit\/","og_site_name":"Stars Magaz\u00edn Karaoketexty.cz","article_published_time":"2025-09-09T03:00:00+00:00","og_image":[{"width":2304,"height":1792,"url":"https:\/\/www.karaoketexty.cz\/magazin\/wp-content\/uploads\/2025\/08\/the-presidents.jpg","type":"image\/jpeg"}],"author":"Franti\u0161ek Zahradn\u00ed\u010dek","twitter_card":"summary_large_image","twitter_misc":{"Napsal(a)":"Franti\u0161ek Zahradn\u00ed\u010dek","Odhadovan\u00e1 doba \u010dten\u00ed":"3 minuty"},"schema":{"@context":"https:\/\/schema.org","@graph":[{"@type":"Article","@id":"https:\/\/www.karaoketexty.cz\/magazin\/maskovana-skupina-president-poprve-zahraje-v-praze-rozhodne-se-mate-na-co-tesit\/#article","isPartOf":{"@id":"https:\/\/www.karaoketexty.cz\/magazin\/maskovana-skupina-president-poprve-zahraje-v-praze-rozhodne-se-mate-na-co-tesit\/"},"author":{"name":"Franti\u0161ek Zahradn\u00ed\u010dek","@id":"https:\/\/www.karaoketexty.cz\/magazin\/#\/schema\/person\/69d871cedc122c98723e0f5e1f73fa16"},"headline":"Maskovan\u00e1 skupina President poprv\u00e9 zahraje v Praze! Rozhodn\u011b se m\u00e1te na co t\u011b\u0161it","datePublished":"2025-09-09T03:00:00+00:00","mainEntityOfPage":{"@id":"https:\/\/www.karaoketexty.cz\/magazin\/maskovana-skupina-president-poprve-zahraje-v-praze-rozhodne-se-mate-na-co-tesit\/"},"wordCount":531,"commentCount":0,"image":{"@id":"https:\/\/www.karaoketexty.cz\/magazin\/maskovana-skupina-president-poprve-zahraje-v-praze-rozhodne-se-mate-na-co-tesit\/#primaryimage"},"thumbnailUrl":"https:\/\/www.karaoketexty.cz\/magazin\/wp-content\/uploads\/2025\/08\/the-presidents.jpg","keywords":["2026","anonymita","atmosf\u00e9ra","britsk\u00e1 kapela","coververze","debutov\u00fd singl","Deftones","evropsk\u00e9 turn\u00e9","francouzsk\u00e1 kapela","Ghost","hudebn\u00ed autenticita","hudebn\u00ed skupina","hudebn\u00ed \u00fasp\u011bch","hudebn\u00ed vystoupen\u00ed","kapela","Kiss","koncert","koncertn\u00ed turn\u00e9","maskovan\u00ed um\u011blci","metal","O2 Universum","Praha","rock","Rock Sound","show","Slipknot","vizu\u00e1ln\u00ed show","Wikipedie","YouTube","Zahrani\u010dn\u00ed celebrity"],"articleSection":["Celebrity"],"inLanguage":"cs","potentialAction":[{"@type":"CommentAction","name":"Comment","target":["https:\/\/www.karaoketexty.cz\/magazin\/maskovana-skupina-president-poprve-zahraje-v-praze-rozhodne-se-mate-na-co-tesit\/#respond"]}]},{"@type":"WebPage","@id":"https:\/\/www.karaoketexty.cz\/magazin\/maskovana-skupina-president-poprve-zahraje-v-praze-rozhodne-se-mate-na-co-tesit\/","url":"https:\/\/www.karaoketexty.cz\/magazin\/maskovana-skupina-president-poprve-zahraje-v-praze-rozhodne-se-mate-na-co-tesit\/","name":"Kapela President m\u00ed\u0159\u00ed do Prahy. Nikdo nezn\u00e1 jejich identitu","isPartOf":{"@id":"https:\/\/www.karaoketexty.cz\/magazin\/#website"},"primaryImageOfPage":{"@id":"https:\/\/www.karaoketexty.cz\/magazin\/maskovana-skupina-president-poprve-zahraje-v-praze-rozhodne-se-mate-na-co-tesit\/#primaryimage"},"image":{"@id":"https:\/\/www.karaoketexty.cz\/magazin\/maskovana-skupina-president-poprve-zahraje-v-praze-rozhodne-se-mate-na-co-tesit\/#primaryimage"},"thumbnailUrl":"https:\/\/www.karaoketexty.cz\/magazin\/wp-content\/uploads\/2025\/08\/the-presidents.jpg","datePublished":"2025-09-09T03:00:00+00:00","author":{"@id":"https:\/\/www.karaoketexty.cz\/magazin\/#\/schema\/person\/69d871cedc122c98723e0f5e1f73fa16"},"description":"Na metalov\u00e9 sc\u00e9n\u011b se letos objevila nov\u00e1 kapela jm\u00e9nem President. Vystupuj\u00ed se zakryt\u00fdmi tv\u00e1\u0159emi a proto se o nich hodn\u011b mluv\u00ed.","breadcrumb":{"@id":"https:\/\/www.karaoketexty.cz\/magazin\/maskovana-skupina-president-poprve-zahraje-v-praze-rozhodne-se-mate-na-co-tesit\/#breadcrumb"},"inLanguage":"cs","potentialAction":[{"@type":"ReadAction","target":["https:\/\/www.karaoketexty.cz\/magazin\/maskovana-skupina-president-poprve-zahraje-v-praze-rozhodne-se-mate-na-co-tesit\/"]}]},{"@type":"ImageObject","inLanguage":"cs","@id":"https:\/\/www.karaoketexty.cz\/magazin\/maskovana-skupina-president-poprve-zahraje-v-praze-rozhodne-se-mate-na-co-tesit\/#primaryimage","url":"https:\/\/www.karaoketexty.cz\/magazin\/wp-content\/uploads\/2025\/08\/the-presidents.jpg","contentUrl":"https:\/\/www.karaoketexty.cz\/magazin\/wp-content\/uploads\/2025\/08\/the-presidents.jpg","width":2304,"height":1792,"caption":"Obr\u00e1zek ke \u010dl\u00e1nku o skupin\u011b President v mask\u00e1ch"},{"@type":"BreadcrumbList","@id":"https:\/\/www.karaoketexty.cz\/magazin\/maskovana-skupina-president-poprve-zahraje-v-praze-rozhodne-se-mate-na-co-tesit\/#breadcrumb","itemListElement":[{"@type":"ListItem","position":1,"name":"Dom\u016f","item":"https:\/\/www.karaoketexty.cz\/magazin\/"},{"@type":"ListItem","position":2,"name":"Maskovan\u00e1 skupina President poprv\u00e9 zahraje v Praze! Rozhodn\u011b se m\u00e1te na co t\u011b\u0161it"}]},{"@type":"WebSite","@id":"https:\/\/www.karaoketexty.cz\/magazin\/#website","url":"https:\/\/www.karaoketexty.cz\/magazin\/","name":"Stars Magaz\u00edn Karaoketexty.cz","description":"Stars Magaz\u00edn na Karaoketexty.cz je zam\u011b\u0159en\u00fd na novinky ze sv\u011bta hudby a celebrit. Obsahuje \u010dl\u00e1nky o zp\u011bv\u00e1c\u00edch, kapel\u00e1ch, nov\u00fdch albech, hudebn\u00edch trendech a dal\u0161\u00edch zaj\u00edmavostech z hudebn\u00edho pr\u016fmyslu.","potentialAction":[{"@type":"SearchAction","target":{"@type":"EntryPoint","urlTemplate":"https:\/\/www.karaoketexty.cz\/magazin\/?s={search_term_string}"},"query-input":{"@type":"PropertyValueSpecification","valueRequired":true,"valueName":"search_term_string"}}],"inLanguage":"cs"},{"@type":"Person","@id":"https:\/\/www.karaoketexty.cz\/magazin\/#\/schema\/person\/69d871cedc122c98723e0f5e1f73fa16","name":"Franti\u0161ek Zahradn\u00ed\u010dek","image":{"@type":"ImageObject","inLanguage":"cs","@id":"https:\/\/secure.gravatar.com\/avatar\/fcc548a9ddc6294d2945bd8730d73ac130db3d13dfd96d644aa093d54c1917b6?s=96&d=mm&r=g","url":"https:\/\/secure.gravatar.com\/avatar\/fcc548a9ddc6294d2945bd8730d73ac130db3d13dfd96d644aa093d54c1917b6?s=96&d=mm&r=g","contentUrl":"https:\/\/secure.gravatar.com\/avatar\/fcc548a9ddc6294d2945bd8730d73ac130db3d13dfd96d644aa093d54c1917b6?s=96&d=mm&r=g","caption":"Franti\u0161ek Zahradn\u00ed\u010dek"},"url":"https:\/\/www.karaoketexty.cz\/magazin\/author\/frantazahrada\/"}]}},"_links":{"self":[{"href":"https:\/\/www.karaoketexty.cz\/magazin\/wp-json\/wp\/v2\/posts\/2330","targetHints":{"allow":["GET"]}}],"collection":[{"href":"https:\/\/www.karaoketexty.cz\/magazin\/wp-json\/wp\/v2\/posts"}],"about":[{"href":"https:\/\/www.karaoketexty.cz\/magazin\/wp-json\/wp\/v2\/types\/post"}],"author":[{"embeddable":true,"href":"https:\/\/www.karaoketexty.cz\/magazin\/wp-json\/wp\/v2\/users\/6"}],"replies":[{"embeddable":true,"href":"https:\/\/www.karaoketexty.cz\/magazin\/wp-json\/wp\/v2\/comments?post=2330"}],"version-history":[{"count":5,"href":"https:\/\/www.karaoketexty.cz\/magazin\/wp-json\/wp\/v2\/posts\/2330\/revisions"}],"predecessor-version":[{"id":2649,"href":"https:\/\/www.karaoketexty.cz\/magazin\/wp-json\/wp\/v2\/posts\/2330\/revisions\/2649"}],"wp:featuredmedia":[{"embeddable":true,"href":"https:\/\/www.karaoketexty.cz\/magazin\/wp-json\/wp\/v2\/media\/2648"}],"wp:attachment":[{"href":"https:\/\/www.karaoketexty.cz\/magazin\/wp-json\/wp\/v2\/media?parent=2330"}],"wp:term":[{"taxonomy":"category","embeddable":true,"href":"https:\/\/www.karaoketexty.cz\/magazin\/wp-json\/wp\/v2\/categories?post=2330"},{"taxonomy":"post_tag","embeddable":true,"href":"https:\/\/www.karaoketexty.cz\/magazin\/wp-json\/wp\/v2\/tags?post=2330"}],"curies":[{"name":"wp","href":"https:\/\/api.w.org\/{rel}","templated":true}]}}