{"id":193,"date":"2025-05-19T17:59:32","date_gmt":"2025-05-19T15:59:32","guid":{"rendered":"https:\/\/www.karaoketexty.cz\/magazin\/?p=193"},"modified":"2025-05-19T17:59:33","modified_gmt":"2025-05-19T15:59:33","slug":"lukas-adamec-po-nehode-na-motorce-skoncil-v-nemocnici","status":"publish","type":"post","link":"https:\/\/www.karaoketexty.cz\/magazin\/lukas-adamec-po-nehode-na-motorce-skoncil-v-nemocnici\/","title":{"rendered":"Luk\u00e1\u0161 Adamec ml\u010d\u00ed o sv\u00e9 nehod\u011b na motorce. Skon\u010dil kv\u016fli n\u00ed v nemocnici"},"content":{"rendered":"\n<p><strong>Zp\u011bv\u00e1k Luk\u00e1\u0161 Adamec, kter\u00e9ho si lid\u00e9 pamatuj\u00ed jako v\u00edt\u011bze p\u011bveck\u00e9 sout\u011b\u017ee i autora energick\u00fdch p\u00edsn\u00ed, se dostal do v\u00e1\u017en\u00e9 situace. B\u011bhem j\u00edzdy na motorce do\u0161lo ke st\u0159etu s autem a skon\u010dil v nemocnici.<\/strong><\/p>\n\n\n\n<p>Nehoda se odehr\u00e1la v obci Lopej ve st\u0159edn\u00edm Slovensku. Bylo ned\u011bln\u00ed r\u00e1no, kdy\u017e do jedn\u00e9 z tv\u00e1\u0159\u00ed slovensk\u00e9 hudebn\u00ed sc\u00e9ny narazilo auto. Zp\u011bv\u00e1k m\u00e9di\u00edm kr\u00e1tce po ud\u00e1losti potvrdil, \u017ee je v nemocnici, v\u00edc ale \u0159\u00edct necht\u011bl. Na Karaoketexty jsme zji\u0161\u0165ovali podrobnosti o nehod\u011b. Ne\u0161lo nav\u00edc o jedinou lap\u00e1lii na silnici, kterou posledn\u00ed dobou zp\u011bv\u00e1k za\u017eil.<\/p>\n\n\n\n<h2 class=\"wp-block-heading\">Zp\u011bv\u00e1k bez koment\u00e1\u0159e, fanou\u0161ci s obavami<\/h2>\n\n\n\n<p>Ve chv\u00edli, kdy se informace o nehod\u011b dostala na ve\u0159ejnost, zaplavily soci\u00e1ln\u00ed s\u00edt\u011b des\u00edtky zpr\u00e1v s p\u0159\u00e1n\u00edm brzk\u00e9ho uzdraven\u00ed. Adamec podal pro den\u00edk Nov\u00fd \u010cas jen kr\u00e1tk\u00e9 vyj\u00e1d\u0159en\u00ed: \u201e<em>Ano, m\u016f\u017eu potvrdit va\u0161e informace. Stalo se p\u0159ed 2 hodinami, jsme v nemocnici. Dal\u0161\u00ed informace k nehod\u011b poskytovat nebudu.<\/em>\u201c Nezve\u0159ejnil tak ani m\u00edru sv\u00fdch zran\u011bn\u00ed. Jeho ml\u010den\u00ed tak zanech\u00e1v\u00e1 prostor pro obavy i spekulace, p\u0159edev\u0161\u00edm mezi jeho nejv\u011brn\u011bj\u0161\u00edmi p\u0159\u00edznivci.<\/p>\n\n\n\n<p>Den\u00edk Nov\u00fd \u010cas pozd\u011bji z\u00edskal informace od policejn\u00ed mluv\u010d\u00ed, kter\u00e1 uvedla, \u017ee 38let\u00e9mu zp\u011bv\u00e1kovi jedouc\u00edmu na motorce nedal p\u0159ednost v\u016fz \u0160koda Octavia a do\u0161lo ke sr\u00e1\u017ece, po n\u00ed\u017e byl transportov\u00e1n do nemocnice. M\u011blo se jednat o poran\u011bn\u00ed v oblasti b\u0159icha.<\/p>\n\n\n\n<figure class=\"wp-block-image size-large\"><img data-dominant-color=\"413c5b\" data-has-transparency=\"false\" style=\"--dominant-color: #413c5b;\" decoding=\"async\" src=\"https:\/\/www.karaoketexty.cz\/magazin\/wp-content\/uploads\/2025\/04\/adamec-lukas-nehoda-1024x576.avif\" alt=\"Luk\u00e1\u0161 Adamec ve fin\u00e1le \u010cesko Slovensk\u00e9 Superstar\" class=\"wp-image-194 not-transparent\"\/><figcaption class=\"wp-element-caption\">Foto: Nextfoto, Luk\u00e1\u0161 Adamec ve fin\u00e1le \u010cesko Slovensk\u00e9 Superstar<\/figcaption><\/figure>\n\n\n\n<p>Luk\u00e1\u0161 Adamec se dostal do pov\u011bdom\u00ed ve\u0159ejnosti d\u00edky v\u00edt\u011bzstv\u00ed v sout\u011b\u017ei \u010cesko Slovensk\u00e1 SuperStar, odkud si odnesl nejen trofej, ale i velkou d\u00e1vku popularity.<strong> Od t\u00e9 doby vydal n\u011bkolik \u00fasp\u011b\u0161n\u00fdch singl\u016f<\/strong>, koncertoval po cel\u00e9m Slovensku a stal se jedn\u00edm z v\u00fdrazn\u00fdch hlas\u016f dom\u00e1c\u00ed sc\u00e9ny. Hudbu \u010dasto spojuje s osobn\u00edmi p\u0159\u00edb\u011bhy, kter\u00e9 se prom\u00edtaj\u00ed do jeho text\u016f.<\/p>\n\n\n\n<h2 class=\"wp-block-heading\">V minulosti u\u017e havaroval<\/h2>\n\n\n\n<p>Nebyla to jeho prvn\u00ed kolize. V roce 2021 m\u011bl nehodu, p\u0159i kter\u00e9 srazil srnu, zat\u00edmco vezl sv\u00e9 dv\u011b d\u011bti, uv\u00e1d\u00ed TN. Tehdy to skon\u010dilo jen materi\u00e1ln\u00ed \u0161kodou s velkou d\u00e1vkou \u0161t\u011bst\u00ed. Tentokr\u00e1t v\u0161ak z auta p\u0159e\u0161el na motorku, a v\u00fdsledek u\u017e tak bez n\u00e1sledk\u016f z\u0159ejm\u011b nebude. Zp\u011bv\u00e1k te\u010f nejsp\u00ed\u0161e pot\u0159ebuje hlavn\u011b klid a \u010das na zotaven\u00ed.<\/p>\n\n\n\n<p>Zdroj: <a href=\"https:\/\/tn.nova.cz\/zpravodajstvi\/clanek\/437309-vitez-superstar-mel-desivou-nehodu-kdyz-vezl-deti-z-auta-jsou-trosky\" target=\"_blank\" rel=\"noreferrer noopener nofollow\">TN<\/a>, <a href=\"https:\/\/www.cas.sk\/prominenti\/spevak-lukas-adamec-mal-nehodu-na-motorku-exsuperstarista-je-v-nemocnici?itm_modul=react_novycas_topbox&amp;itm_brand=novycas&amp;itm_template=hp&amp;itm_area=slide&amp;itm_position=1&amp;itm_cb_position=top_main_1\" target=\"_blank\" rel=\"noreferrer noopener nofollow\">Nov\u00fd \u010cas<\/a>, <a href=\"https:\/\/www.cas.sk\/prominenti\/exsuperstarista-adamec-obetou-nehody-po-zrazke-prevoz-do-nemocnice-utrpel-vaznejsie-zranenia?itm_modul=react_novycas_prominenti&amp;itm_brand=novycas&amp;itm_template=hp&amp;itm_position=1&amp;itm_cb_position=mid_main_2\" target=\"_blank\" rel=\"noreferrer noopener nofollow\">Nov\u00fd \u010cas<\/a><\/p>\n","protected":false},"excerpt":{"rendered":"<p>Zp\u011bv\u00e1k Luk\u00e1\u0161 Adamec, kter\u00e9ho si lid\u00e9 pamatuj\u00ed jako v\u00edt\u011bze p\u011bveck\u00e9 sout\u011b\u017ee i autora energick\u00fdch p\u00edsn\u00ed, se dostal do v\u00e1\u017en\u00e9 situace. B\u011bhem j\u00edzdy na motorce do\u0161lo ke st\u0159etu s autem a skon\u010dil v nemocnici.<\/p>\n","protected":false},"author":6,"featured_media":479,"comment_status":"open","ping_status":"closed","sticky":false,"template":"","format":"standard","meta":{"_yoast_wpseo_title":"Luk\u00e1\u0161 Adamec skon\u010dil v nemocnici kv\u016fli nehod\u011b na motorce","_yoast_wpseo_metadesc":"Zp\u011bv\u00e1k zn\u00e1m\u00fd ze SuperStar se srazil s autem na st\u0159edn\u00edm Slovensku. V nemocnici potvrdil, \u017ee je po nehod\u011b, ale podrobnosti zat\u00edm nezve\u0159ejnil.","footnotes":""},"categories":[7],"tags":[12,107,108,13,11],"class_list":["post-193","post","type-post","status-publish","format-standard","has-post-thumbnail","hentry","category-aktuality","tag-ceske-celebrity","tag-lukas-adamec","tag-nehoda","tag-zdravi","tag-zpevak"],"yoast_head":"<!-- This site is optimized with the Yoast SEO plugin v27.4 - https:\/\/yoast.com\/product\/yoast-seo-wordpress\/ -->\n<title>Luk\u00e1\u0161 Adamec skon\u010dil v nemocnici kv\u016fli nehod\u011b na motorce<\/title>\n<meta name=\"description\" content=\"Zp\u011bv\u00e1k zn\u00e1m\u00fd ze SuperStar se srazil s autem na st\u0159edn\u00edm Slovensku. V nemocnici potvrdil, \u017ee je po nehod\u011b, ale podrobnosti zat\u00edm nezve\u0159ejnil.\" \/>\n<meta name=\"robots\" content=\"index, follow, max-snippet:-1, max-image-preview:large, max-video-preview:-1\" \/>\n<link rel=\"canonical\" href=\"https:\/\/www.karaoketexty.cz\/magazin\/lukas-adamec-po-nehode-na-motorce-skoncil-v-nemocnici\/\" \/>\n<meta property=\"og:locale\" content=\"cs_CZ\" \/>\n<meta property=\"og:type\" content=\"article\" \/>\n<meta property=\"og:title\" content=\"Obl\u00edben\u00fd zp\u011bv\u00e1k Luk\u00e1\u0161 Adamec skon\u010dil v nemocnici. Policejn\u00ed mluv\u010d\u00ed odhalila detaily jeho o\u0161kliv\u00e9 nehody na motorce\" \/>\n<meta property=\"og:description\" content=\"Zp\u011bv\u00e1k zn\u00e1m\u00fd ze SuperStar se srazil s autem na st\u0159edn\u00edm Slovensku. V nemocnici potvrdil, \u017ee je po nehod\u011b, ale podrobnosti zat\u00edm nezve\u0159ejnil.\" \/>\n<meta property=\"og:url\" content=\"https:\/\/www.karaoketexty.cz\/magazin\/lukas-adamec-po-nehode-na-motorce-skoncil-v-nemocnici\/\" \/>\n<meta property=\"og:site_name\" content=\"Stars Magaz\u00edn Karaoketexty.cz\" \/>\n<meta property=\"article:published_time\" content=\"2025-05-19T15:59:32+00:00\" \/>\n<meta property=\"article:modified_time\" content=\"2025-05-19T15:59:33+00:00\" \/>\n<meta property=\"og:image\" content=\"https:\/\/www.karaoketexty.cz\/magazin\/wp-content\/uploads\/2025\/05\/lukas-adamec.avif\" \/>\n\t<meta property=\"og:image:width\" content=\"1200\" \/>\n\t<meta property=\"og:image:height\" content=\"630\" \/>\n\t<meta property=\"og:image:type\" content=\"image\/jpeg\" \/>\n<meta name=\"author\" content=\"Franti\u0161ek Zahradn\u00ed\u010dek\" \/>\n<meta name=\"twitter:card\" content=\"summary_large_image\" \/>\n<meta name=\"twitter:label1\" content=\"Napsal(a)\" \/>\n\t<meta name=\"twitter:data1\" content=\"Franti\u0161ek Zahradn\u00ed\u010dek\" \/>\n\t<meta name=\"twitter:label2\" content=\"Odhadovan\u00e1 doba \u010dten\u00ed\" \/>\n\t<meta name=\"twitter:data2\" content=\"3 minuty\" \/>\n<script type=\"application\/ld+json\" class=\"yoast-schema-graph\">{\"@context\":\"https:\\\/\\\/schema.org\",\"@graph\":[{\"@type\":\"Article\",\"@id\":\"https:\\\/\\\/www.karaoketexty.cz\\\/magazin\\\/lukas-adamec-po-nehode-na-motorce-skoncil-v-nemocnici\\\/#article\",\"isPartOf\":{\"@id\":\"https:\\\/\\\/www.karaoketexty.cz\\\/magazin\\\/lukas-adamec-po-nehode-na-motorce-skoncil-v-nemocnici\\\/\"},\"author\":{\"name\":\"Franti\u0161ek Zahradn\u00ed\u010dek\",\"@id\":\"https:\\\/\\\/www.karaoketexty.cz\\\/magazin\\\/#\\\/schema\\\/person\\\/69d871cedc122c98723e0f5e1f73fa16\"},\"headline\":\"Luk\u00e1\u0161 Adamec ml\u010d\u00ed o sv\u00e9 nehod\u011b na motorce. Skon\u010dil kv\u016fli n\u00ed v nemocnici\",\"datePublished\":\"2025-05-19T15:59:32+00:00\",\"dateModified\":\"2025-05-19T15:59:33+00:00\",\"mainEntityOfPage\":{\"@id\":\"https:\\\/\\\/www.karaoketexty.cz\\\/magazin\\\/lukas-adamec-po-nehode-na-motorce-skoncil-v-nemocnici\\\/\"},\"wordCount\":469,\"commentCount\":0,\"image\":{\"@id\":\"https:\\\/\\\/www.karaoketexty.cz\\\/magazin\\\/lukas-adamec-po-nehode-na-motorce-skoncil-v-nemocnici\\\/#primaryimage\"},\"thumbnailUrl\":\"https:\\\/\\\/www.karaoketexty.cz\\\/magazin\\\/wp-content\\\/uploads\\\/2025\\\/05\\\/lukas-adamec.avif\",\"keywords\":[\"\u010cesk\u00e9 celebrity\",\"Luk\u00e1\u0161 Adamec\",\"Nehoda\",\"Zdrav\u00ed\",\"Zp\u011bv\u00e1k\"],\"articleSection\":[\"Aktuality\"],\"inLanguage\":\"cs\",\"potentialAction\":[{\"@type\":\"CommentAction\",\"name\":\"Comment\",\"target\":[\"https:\\\/\\\/www.karaoketexty.cz\\\/magazin\\\/lukas-adamec-po-nehode-na-motorce-skoncil-v-nemocnici\\\/#respond\"]}]},{\"@type\":\"WebPage\",\"@id\":\"https:\\\/\\\/www.karaoketexty.cz\\\/magazin\\\/lukas-adamec-po-nehode-na-motorce-skoncil-v-nemocnici\\\/\",\"url\":\"https:\\\/\\\/www.karaoketexty.cz\\\/magazin\\\/lukas-adamec-po-nehode-na-motorce-skoncil-v-nemocnici\\\/\",\"name\":\"Luk\u00e1\u0161 Adamec skon\u010dil v nemocnici kv\u016fli nehod\u011b na motorce\",\"isPartOf\":{\"@id\":\"https:\\\/\\\/www.karaoketexty.cz\\\/magazin\\\/#website\"},\"primaryImageOfPage\":{\"@id\":\"https:\\\/\\\/www.karaoketexty.cz\\\/magazin\\\/lukas-adamec-po-nehode-na-motorce-skoncil-v-nemocnici\\\/#primaryimage\"},\"image\":{\"@id\":\"https:\\\/\\\/www.karaoketexty.cz\\\/magazin\\\/lukas-adamec-po-nehode-na-motorce-skoncil-v-nemocnici\\\/#primaryimage\"},\"thumbnailUrl\":\"https:\\\/\\\/www.karaoketexty.cz\\\/magazin\\\/wp-content\\\/uploads\\\/2025\\\/05\\\/lukas-adamec.avif\",\"datePublished\":\"2025-05-19T15:59:32+00:00\",\"dateModified\":\"2025-05-19T15:59:33+00:00\",\"author\":{\"@id\":\"https:\\\/\\\/www.karaoketexty.cz\\\/magazin\\\/#\\\/schema\\\/person\\\/69d871cedc122c98723e0f5e1f73fa16\"},\"description\":\"Zp\u011bv\u00e1k zn\u00e1m\u00fd ze SuperStar se srazil s autem na st\u0159edn\u00edm Slovensku. V nemocnici potvrdil, \u017ee je po nehod\u011b, ale podrobnosti zat\u00edm nezve\u0159ejnil.\",\"breadcrumb\":{\"@id\":\"https:\\\/\\\/www.karaoketexty.cz\\\/magazin\\\/lukas-adamec-po-nehode-na-motorce-skoncil-v-nemocnici\\\/#breadcrumb\"},\"inLanguage\":\"cs\",\"potentialAction\":[{\"@type\":\"ReadAction\",\"target\":[\"https:\\\/\\\/www.karaoketexty.cz\\\/magazin\\\/lukas-adamec-po-nehode-na-motorce-skoncil-v-nemocnici\\\/\"]}]},{\"@type\":\"ImageObject\",\"inLanguage\":\"cs\",\"@id\":\"https:\\\/\\\/www.karaoketexty.cz\\\/magazin\\\/lukas-adamec-po-nehode-na-motorce-skoncil-v-nemocnici\\\/#primaryimage\",\"url\":\"https:\\\/\\\/www.karaoketexty.cz\\\/magazin\\\/wp-content\\\/uploads\\\/2025\\\/05\\\/lukas-adamec.avif\",\"contentUrl\":\"https:\\\/\\\/www.karaoketexty.cz\\\/magazin\\\/wp-content\\\/uploads\\\/2025\\\/05\\\/lukas-adamec.avif\",\"width\":1200,\"height\":630,\"caption\":\"Fotografie: Nextfoto, Luk\u00e1\u0161 Adamec v \u010cesko Slovensk\u00e9 SuperStar\"},{\"@type\":\"BreadcrumbList\",\"@id\":\"https:\\\/\\\/www.karaoketexty.cz\\\/magazin\\\/lukas-adamec-po-nehode-na-motorce-skoncil-v-nemocnici\\\/#breadcrumb\",\"itemListElement\":[{\"@type\":\"ListItem\",\"position\":1,\"name\":\"Dom\u016f\",\"item\":\"https:\\\/\\\/www.karaoketexty.cz\\\/magazin\\\/\"},{\"@type\":\"ListItem\",\"position\":2,\"name\":\"Luk\u00e1\u0161 Adamec ml\u010d\u00ed o sv\u00e9 nehod\u011b na motorce. Skon\u010dil kv\u016fli n\u00ed v nemocnici\"}]},{\"@type\":\"WebSite\",\"@id\":\"https:\\\/\\\/www.karaoketexty.cz\\\/magazin\\\/#website\",\"url\":\"https:\\\/\\\/www.karaoketexty.cz\\\/magazin\\\/\",\"name\":\"Stars Magaz\u00edn Karaoketexty.cz\",\"description\":\"Stars Magaz\u00edn na Karaoketexty.cz je zam\u011b\u0159en\u00fd na novinky ze sv\u011bta hudby a celebrit. Obsahuje \u010dl\u00e1nky o zp\u011bv\u00e1c\u00edch, kapel\u00e1ch, nov\u00fdch albech, hudebn\u00edch trendech a dal\u0161\u00edch zaj\u00edmavostech z hudebn\u00edho pr\u016fmyslu.\",\"potentialAction\":[{\"@type\":\"SearchAction\",\"target\":{\"@type\":\"EntryPoint\",\"urlTemplate\":\"https:\\\/\\\/www.karaoketexty.cz\\\/magazin\\\/?s={search_term_string}\"},\"query-input\":{\"@type\":\"PropertyValueSpecification\",\"valueRequired\":true,\"valueName\":\"search_term_string\"}}],\"inLanguage\":\"cs\"},{\"@type\":\"Person\",\"@id\":\"https:\\\/\\\/www.karaoketexty.cz\\\/magazin\\\/#\\\/schema\\\/person\\\/69d871cedc122c98723e0f5e1f73fa16\",\"name\":\"Franti\u0161ek Zahradn\u00ed\u010dek\",\"image\":{\"@type\":\"ImageObject\",\"inLanguage\":\"cs\",\"@id\":\"https:\\\/\\\/secure.gravatar.com\\\/avatar\\\/fcc548a9ddc6294d2945bd8730d73ac130db3d13dfd96d644aa093d54c1917b6?s=96&d=mm&r=g\",\"url\":\"https:\\\/\\\/secure.gravatar.com\\\/avatar\\\/fcc548a9ddc6294d2945bd8730d73ac130db3d13dfd96d644aa093d54c1917b6?s=96&d=mm&r=g\",\"contentUrl\":\"https:\\\/\\\/secure.gravatar.com\\\/avatar\\\/fcc548a9ddc6294d2945bd8730d73ac130db3d13dfd96d644aa093d54c1917b6?s=96&d=mm&r=g\",\"caption\":\"Franti\u0161ek Zahradn\u00ed\u010dek\"},\"url\":\"https:\\\/\\\/www.karaoketexty.cz\\\/magazin\\\/author\\\/frantazahrada\\\/\"}]}<\/script>\n<!-- \/ Yoast SEO plugin. -->","yoast_head_json":{"title":"Luk\u00e1\u0161 Adamec skon\u010dil v nemocnici kv\u016fli nehod\u011b na motorce","description":"Zp\u011bv\u00e1k zn\u00e1m\u00fd ze SuperStar se srazil s autem na st\u0159edn\u00edm Slovensku. V nemocnici potvrdil, \u017ee je po nehod\u011b, ale podrobnosti zat\u00edm nezve\u0159ejnil.","robots":{"index":"index","follow":"follow","max-snippet":"max-snippet:-1","max-image-preview":"max-image-preview:large","max-video-preview":"max-video-preview:-1"},"canonical":"https:\/\/www.karaoketexty.cz\/magazin\/lukas-adamec-po-nehode-na-motorce-skoncil-v-nemocnici\/","og_locale":"cs_CZ","og_type":"article","og_title":"Obl\u00edben\u00fd zp\u011bv\u00e1k Luk\u00e1\u0161 Adamec skon\u010dil v nemocnici. Policejn\u00ed mluv\u010d\u00ed odhalila detaily jeho o\u0161kliv\u00e9 nehody na motorce","og_description":"Zp\u011bv\u00e1k zn\u00e1m\u00fd ze SuperStar se srazil s autem na st\u0159edn\u00edm Slovensku. V nemocnici potvrdil, \u017ee je po nehod\u011b, ale podrobnosti zat\u00edm nezve\u0159ejnil.","og_url":"https:\/\/www.karaoketexty.cz\/magazin\/lukas-adamec-po-nehode-na-motorce-skoncil-v-nemocnici\/","og_site_name":"Stars Magaz\u00edn Karaoketexty.cz","article_published_time":"2025-05-19T15:59:32+00:00","article_modified_time":"2025-05-19T15:59:33+00:00","og_image":[{"width":1200,"height":630,"url":"https:\/\/www.karaoketexty.cz\/magazin\/wp-content\/uploads\/2025\/05\/lukas-adamec.avif","type":"image\/jpeg"}],"author":"Franti\u0161ek Zahradn\u00ed\u010dek","twitter_card":"summary_large_image","twitter_misc":{"Napsal(a)":"Franti\u0161ek Zahradn\u00ed\u010dek","Odhadovan\u00e1 doba \u010dten\u00ed":"3 minuty"},"schema":{"@context":"https:\/\/schema.org","@graph":[{"@type":"Article","@id":"https:\/\/www.karaoketexty.cz\/magazin\/lukas-adamec-po-nehode-na-motorce-skoncil-v-nemocnici\/#article","isPartOf":{"@id":"https:\/\/www.karaoketexty.cz\/magazin\/lukas-adamec-po-nehode-na-motorce-skoncil-v-nemocnici\/"},"author":{"name":"Franti\u0161ek Zahradn\u00ed\u010dek","@id":"https:\/\/www.karaoketexty.cz\/magazin\/#\/schema\/person\/69d871cedc122c98723e0f5e1f73fa16"},"headline":"Luk\u00e1\u0161 Adamec ml\u010d\u00ed o sv\u00e9 nehod\u011b na motorce. Skon\u010dil kv\u016fli n\u00ed v nemocnici","datePublished":"2025-05-19T15:59:32+00:00","dateModified":"2025-05-19T15:59:33+00:00","mainEntityOfPage":{"@id":"https:\/\/www.karaoketexty.cz\/magazin\/lukas-adamec-po-nehode-na-motorce-skoncil-v-nemocnici\/"},"wordCount":469,"commentCount":0,"image":{"@id":"https:\/\/www.karaoketexty.cz\/magazin\/lukas-adamec-po-nehode-na-motorce-skoncil-v-nemocnici\/#primaryimage"},"thumbnailUrl":"https:\/\/www.karaoketexty.cz\/magazin\/wp-content\/uploads\/2025\/05\/lukas-adamec.avif","keywords":["\u010cesk\u00e9 celebrity","Luk\u00e1\u0161 Adamec","Nehoda","Zdrav\u00ed","Zp\u011bv\u00e1k"],"articleSection":["Aktuality"],"inLanguage":"cs","potentialAction":[{"@type":"CommentAction","name":"Comment","target":["https:\/\/www.karaoketexty.cz\/magazin\/lukas-adamec-po-nehode-na-motorce-skoncil-v-nemocnici\/#respond"]}]},{"@type":"WebPage","@id":"https:\/\/www.karaoketexty.cz\/magazin\/lukas-adamec-po-nehode-na-motorce-skoncil-v-nemocnici\/","url":"https:\/\/www.karaoketexty.cz\/magazin\/lukas-adamec-po-nehode-na-motorce-skoncil-v-nemocnici\/","name":"Luk\u00e1\u0161 Adamec skon\u010dil v nemocnici kv\u016fli nehod\u011b na motorce","isPartOf":{"@id":"https:\/\/www.karaoketexty.cz\/magazin\/#website"},"primaryImageOfPage":{"@id":"https:\/\/www.karaoketexty.cz\/magazin\/lukas-adamec-po-nehode-na-motorce-skoncil-v-nemocnici\/#primaryimage"},"image":{"@id":"https:\/\/www.karaoketexty.cz\/magazin\/lukas-adamec-po-nehode-na-motorce-skoncil-v-nemocnici\/#primaryimage"},"thumbnailUrl":"https:\/\/www.karaoketexty.cz\/magazin\/wp-content\/uploads\/2025\/05\/lukas-adamec.avif","datePublished":"2025-05-19T15:59:32+00:00","dateModified":"2025-05-19T15:59:33+00:00","author":{"@id":"https:\/\/www.karaoketexty.cz\/magazin\/#\/schema\/person\/69d871cedc122c98723e0f5e1f73fa16"},"description":"Zp\u011bv\u00e1k zn\u00e1m\u00fd ze SuperStar se srazil s autem na st\u0159edn\u00edm Slovensku. V nemocnici potvrdil, \u017ee je po nehod\u011b, ale podrobnosti zat\u00edm nezve\u0159ejnil.","breadcrumb":{"@id":"https:\/\/www.karaoketexty.cz\/magazin\/lukas-adamec-po-nehode-na-motorce-skoncil-v-nemocnici\/#breadcrumb"},"inLanguage":"cs","potentialAction":[{"@type":"ReadAction","target":["https:\/\/www.karaoketexty.cz\/magazin\/lukas-adamec-po-nehode-na-motorce-skoncil-v-nemocnici\/"]}]},{"@type":"ImageObject","inLanguage":"cs","@id":"https:\/\/www.karaoketexty.cz\/magazin\/lukas-adamec-po-nehode-na-motorce-skoncil-v-nemocnici\/#primaryimage","url":"https:\/\/www.karaoketexty.cz\/magazin\/wp-content\/uploads\/2025\/05\/lukas-adamec.avif","contentUrl":"https:\/\/www.karaoketexty.cz\/magazin\/wp-content\/uploads\/2025\/05\/lukas-adamec.avif","width":1200,"height":630,"caption":"Fotografie: Nextfoto, Luk\u00e1\u0161 Adamec v \u010cesko Slovensk\u00e9 SuperStar"},{"@type":"BreadcrumbList","@id":"https:\/\/www.karaoketexty.cz\/magazin\/lukas-adamec-po-nehode-na-motorce-skoncil-v-nemocnici\/#breadcrumb","itemListElement":[{"@type":"ListItem","position":1,"name":"Dom\u016f","item":"https:\/\/www.karaoketexty.cz\/magazin\/"},{"@type":"ListItem","position":2,"name":"Luk\u00e1\u0161 Adamec ml\u010d\u00ed o sv\u00e9 nehod\u011b na motorce. Skon\u010dil kv\u016fli n\u00ed v nemocnici"}]},{"@type":"WebSite","@id":"https:\/\/www.karaoketexty.cz\/magazin\/#website","url":"https:\/\/www.karaoketexty.cz\/magazin\/","name":"Stars Magaz\u00edn Karaoketexty.cz","description":"Stars Magaz\u00edn na Karaoketexty.cz je zam\u011b\u0159en\u00fd na novinky ze sv\u011bta hudby a celebrit. Obsahuje \u010dl\u00e1nky o zp\u011bv\u00e1c\u00edch, kapel\u00e1ch, nov\u00fdch albech, hudebn\u00edch trendech a dal\u0161\u00edch zaj\u00edmavostech z hudebn\u00edho pr\u016fmyslu.","potentialAction":[{"@type":"SearchAction","target":{"@type":"EntryPoint","urlTemplate":"https:\/\/www.karaoketexty.cz\/magazin\/?s={search_term_string}"},"query-input":{"@type":"PropertyValueSpecification","valueRequired":true,"valueName":"search_term_string"}}],"inLanguage":"cs"},{"@type":"Person","@id":"https:\/\/www.karaoketexty.cz\/magazin\/#\/schema\/person\/69d871cedc122c98723e0f5e1f73fa16","name":"Franti\u0161ek Zahradn\u00ed\u010dek","image":{"@type":"ImageObject","inLanguage":"cs","@id":"https:\/\/secure.gravatar.com\/avatar\/fcc548a9ddc6294d2945bd8730d73ac130db3d13dfd96d644aa093d54c1917b6?s=96&d=mm&r=g","url":"https:\/\/secure.gravatar.com\/avatar\/fcc548a9ddc6294d2945bd8730d73ac130db3d13dfd96d644aa093d54c1917b6?s=96&d=mm&r=g","contentUrl":"https:\/\/secure.gravatar.com\/avatar\/fcc548a9ddc6294d2945bd8730d73ac130db3d13dfd96d644aa093d54c1917b6?s=96&d=mm&r=g","caption":"Franti\u0161ek Zahradn\u00ed\u010dek"},"url":"https:\/\/www.karaoketexty.cz\/magazin\/author\/frantazahrada\/"}]}},"_links":{"self":[{"href":"https:\/\/www.karaoketexty.cz\/magazin\/wp-json\/wp\/v2\/posts\/193","targetHints":{"allow":["GET"]}}],"collection":[{"href":"https:\/\/www.karaoketexty.cz\/magazin\/wp-json\/wp\/v2\/posts"}],"about":[{"href":"https:\/\/www.karaoketexty.cz\/magazin\/wp-json\/wp\/v2\/types\/post"}],"author":[{"embeddable":true,"href":"https:\/\/www.karaoketexty.cz\/magazin\/wp-json\/wp\/v2\/users\/6"}],"replies":[{"embeddable":true,"href":"https:\/\/www.karaoketexty.cz\/magazin\/wp-json\/wp\/v2\/comments?post=193"}],"version-history":[{"count":5,"href":"https:\/\/www.karaoketexty.cz\/magazin\/wp-json\/wp\/v2\/posts\/193\/revisions"}],"predecessor-version":[{"id":484,"href":"https:\/\/www.karaoketexty.cz\/magazin\/wp-json\/wp\/v2\/posts\/193\/revisions\/484"}],"wp:featuredmedia":[{"embeddable":true,"href":"https:\/\/www.karaoketexty.cz\/magazin\/wp-json\/wp\/v2\/media\/479"}],"wp:attachment":[{"href":"https:\/\/www.karaoketexty.cz\/magazin\/wp-json\/wp\/v2\/media?parent=193"}],"wp:term":[{"taxonomy":"category","embeddable":true,"href":"https:\/\/www.karaoketexty.cz\/magazin\/wp-json\/wp\/v2\/categories?post=193"},{"taxonomy":"post_tag","embeddable":true,"href":"https:\/\/www.karaoketexty.cz\/magazin\/wp-json\/wp\/v2\/tags?post=193"}],"curies":[{"name":"wp","href":"https:\/\/api.w.org\/{rel}","templated":true}]}}