{"id":18673,"date":"2026-09-06T11:35:00","date_gmt":"2026-09-06T09:35:00","guid":{"rendered":"https:\/\/www.karaoketexty.cz\/magazin\/?p=18673"},"modified":"2026-09-04T18:02:16","modified_gmt":"2026-09-04T16:02:16","slug":"jan-kraus-vytahl-archivni-video-s-malou-barou-basikovou-vyuzil-prilezitosti-a-rypl-si-do-jeji-tehdejsi-mody","status":"publish","type":"post","link":"https:\/\/www.karaoketexty.cz\/magazin\/jan-kraus-vytahl-archivni-video-s-malou-barou-basikovou-vyuzil-prilezitosti-a-rypl-si-do-jeji-tehdejsi-mody\/","title":{"rendered":"Jan Kraus vyt\u00e1hl archivn\u00ed video s malou B\u00e1rou Basikovou: Vyu\u017eil p\u0159\u00edle\u017eitosti a r\u00fdpl si do jej\u00ed tehdej\u0161\u00ed m\u00f3dy"},"content":{"rendered":"\n<p class=\"wp-block-paragraph\"><strong>B\u00e1ra Basikov\u00e1 p\u0159i\u0161la do Show Jana Krause p\u0159edstavit \u010dasosb\u011brn\u00fd dokument Heleny T\u0159e\u0161t\u00edkov\u00e9 mapuj\u00edc\u00ed t\u0159icet let jej\u00edho \u017eivota. Moder\u00e1tor ale p\u0159idal vlastn\u00ed p\u0159ekvapen\u00ed: archivn\u00ed z\u00e1b\u011bry zp\u011bva\u010dky z d\u011btstv\u00ed, kter\u00e9 pobavily cel\u00e9 studio.<\/strong><\/p>\n\n\n\n<p class=\"wp-block-paragraph\">Nov\u00e1 \u0159ada Show Jana Krause na TV Prima za\u010dala 25. srpna ve 21:45 a hned s\u00e1hla po v\u00fdrazn\u00e9m hostu, jak n\u00e1m na Karaoketexty neuniklo. Na \u010dervenou pohovku vedle B\u00e1ry Basikov\u00e9 usedla tak\u00e9 re\u017eis\u00e9rka Helena T\u0159e\u0161t\u00edkov\u00e1, kter\u00e1 zp\u011bva\u010dku sledovala kamerou dlouh\u00fdch t\u0159icet let. Ve\u010der doplnili je\u0161t\u011b herec Maxmili\u00e1n Kocek a Pardubi\u010dt\u00ed H\u0159ebci, ne \u00fapln\u011b obvykl\u00fd mu\u017esk\u00fd t\u00fdm sportovn\u00edho aerobiku.<\/p>\n\n\n<!-- karaoketexty.cz \/ rectangle2 -->\n<div id=\"PX_37086_709110796310826\"><\/div>\n<script>\n   if(!useMobileAds && !boolUseSeznamAds && !hideAllAds){\n     window.px2 = window.px2 || { conf: {},queue: [] };\n     px2.queue.push(function () {\n        px2.render({\n           slot: {\n              id: 37086\n           },\n            elem: \"PX_37086_709110796310826\"\n        })\n     });\n  }\n<\/script>\n\n<!-- karaoketexty.cz \/ mobile-rectangle3 -->\n<div id=\"PX_37044_714599773297004\"><\/div>\n<script>\n   if(useMobileAds && !boolUseSeznamAds && !hideAllAds){\nwindow.px2 = window.px2 || { conf: {},queue: [] };\npx2.queue.push(function () {\n\tpx2.render({\n\t\tslot: {\n\t\t\tid: 37044\n\t\t},\n\t\telem: \"PX_37044_714599773297004\"\n\t})\n});\n}\n<\/script>\n\n\n<h2 class=\"wp-block-heading\">T\u0159icet let bez make-upu a bez p\u0159\u00edprav<\/h2>\n\n\n\n<p class=\"wp-block-paragraph\">Dokument Heleny T\u0159e\u0161t\u00edkov\u00e9 o B\u00e1\u0159e Basikov\u00e9 nevznikal podle n\u011bjak\u00e9ho uhlazen\u00e9ho sc\u00e9n\u00e1\u0159e. Kamera se objevovala ve chv\u00edl\u00edch, kdy se zkr\u00e1tka jen to\u010dilo. Bez ohl\u00e1\u0161en\u00ed, bez naaran\u017eovan\u00e9 dom\u00e1cnosti, bez \u010dasu d\u00e1t se do po\u0159\u00e1dku. Basikov\u00e1 to u Krause \u0159ekla naplno: <em>\u201eKdy\u017e p\u0159i\u0161la, byla jsem nenal\u00ed\u010den\u00e1, neu\u010desan\u00e1, myla hrnce, cigaretu v puse jsem m\u011bla a bavily jsme se o tom, co je nov\u00e9ho.<\/em>\u201c<\/p>\n\n\n\n<p class=\"wp-block-paragraph\">\u010casem si na kameru zvykla tak, \u017ee ji podle sv\u00fdch slov skoro p\u0159estala registrovat. T\u0159e\u0161t\u00edkovou popsala jako \u010dlov\u011bka, kter\u00fd nesoud\u00ed, um\u00ed b\u00fdt taktn\u00ed a p\u016fsob\u00ed sp\u00ed\u0161 jako kamar\u00e1dka ne\u017e jako n\u011bkdo, kdo stoj\u00ed za objektivem. Film p\u0159itom z\u00edskal Div\u00e1ckou cenu den\u00edku Pr\u00e1vo na Mezin\u00e1rodn\u00edm filmov\u00e9m festivalu v Karlov\u00fdch Varech. I to nazna\u010duje, \u017ee pr\u00e1v\u011b ta neuhlazenost div\u00e1ky zas\u00e1hla.<\/p>\n\n\n<!-- karaoketexty.cz \/ interscroller1 -->\n\n<div id=\"PX_37041_825057871452834\"><\/div>\n<script>\nif(useMobileAds && !boolUseSeznamAds && !hideAllAds){\n\twindow.px2 = window.px2 || { conf: {},queue: [] };\n\tpx2.queue.push(function () {\n\t\tpx2.render({\n\t\t\tslot: {\n\t\t\t\tid: 37041\n\t\t\t},\n\t\t\telem: \"PX_37041_825057871452834\"\n\t\t})\n\t});\n}\n<\/script>\n\n\n<p class=\"wp-block-paragraph\">D\u00edvat se zp\u00e1tky na vlastn\u00ed \u017eivot ale nen\u00ed \u017e\u00e1dn\u00e1 pohodln\u00e1 discipl\u00edna. Basikov\u00e1 to nijak nezast\u00edrala: <em>\u201eJe to nastaven\u00e9 zrcadlo. V\u017edy nejd\u0159\u00edv sko\u010d\u00edm, a pak se d\u00edv\u00e1m, co tam je.\u201c<\/em> Do nat\u00e1\u010den\u00ed p\u0159esto \u0161la. Mimo jin\u00e9 proto, \u017ee ji, jak dala najevo, n\u00e1zory okol\u00ed na jej\u00ed osobu zase tolik ne\u0159\u00edd\u00ed.<\/p>\n\n\n\n<h2 class=\"wp-block-heading\">Kalhoty, s\u00e1\u010dko a Krausovo r\u00fdpnut\u00ed<\/h2>\n\n\n\n<p class=\"wp-block-paragraph\">\u010cernob\u00edl\u00e1 archivn\u00ed uk\u00e1zka, kterou Kraus b\u011bhem rozhovoru pustil, uk\u00e1zala B\u00e1ru Basikovou je\u0161t\u011b jako malou hol\u010di\u010dku p\u0159i televizn\u00edm vystoupen\u00ed. Moder\u00e1tor se okam\u017eit\u011b chytil oble\u010den\u00ed: \u0161ir\u0161\u00ed kalhoty, s\u00e1\u010dko, b\u00edl\u00e1 halenka. <em>\u201eHezky oble\u010den\u00e1,\u201c<\/em> utrousil Kraus se sv\u00fdm obvykl\u00fdm v\u00fdrazem. Basikov\u00e1 kontrovala jednodu\u0161e: <em>\u201eNo to se tenkr\u00e1t nosilo.<\/em>\u201c Kraus k tomu dodal, \u017ee hlavn\u00ed asi bylo, aby j\u00ed nebyla zima.<\/p>\n\n\n\n<figure class=\"wp-block-embed is-type-video is-provider-youtube wp-block-embed-youtube wp-embed-aspect-4-3 wp-has-aspect-ratio\"><div class=\"wp-block-embed__wrapper\">\n<iframe title=\"Mark\u00e9tka\" width=\"500\" height=\"375\" src=\"https:\/\/www.youtube.com\/embed\/xC_I1KT3jPU?feature=oembed\" frameborder=\"0\" allow=\"accelerometer; autoplay; clipboard-write; encrypted-media; gyroscope; picture-in-picture; web-share\" referrerpolicy=\"strict-origin-when-cross-origin\" allowfullscreen><\/iframe>\n<\/div><\/figure>\n\n\n\n<p class=\"wp-block-paragraph\">U jedn\u00e9 pozn\u00e1mky ale nez\u016fstalo. Kraus pak prozradil, \u017ee Basikov\u00e1 na konci po\u0159adu zazp\u00edv\u00e1 stejnou p\u00edse\u0148, kter\u00e1 zazn\u011bla v archivn\u00edm z\u00e1b\u011bru. Zp\u011bva\u010dka ho hned zarazila: <em>\u201eTys to te\u010f profl\u00e1knul. To m\u011blo b\u00fdt p\u0159ekvapen\u00ed,\u201c<\/em> \u0159ekla. Moder\u00e1tor z toho velkou v\u011bdu ned\u011blal: <em>\u201eJak\u00fd p\u0159ekvapen\u00ed? A\u0165 se maj\u00ed na co t\u011b\u0161it, lidi.<\/em>\u201c A je\u0161t\u011b si p\u0159idal drobn\u00fd dov\u011btek na odchod: \u017ee dnes je ka\u017edop\u00e1dn\u011b oble\u010den\u00e1 l\u00edp.<\/p>\n\n\n\n<p class=\"wp-block-paragraph\">B\u00e1ra Basikov\u00e1 pat\u0159\u00ed mezi \u010desk\u00e9 zp\u011bva\u010dky, kter\u00e9 jsou na sc\u00e9n\u011b p\u0159es \u010dty\u0159icet let a po\u0159\u00e1d kolem sebe dr\u017e\u00ed pozornost. Dokument Heleny T\u0159e\u0161t\u00edkov\u00e9 je i proto neobvykl\u00fd. Jen m\u00e1lo tuzemsk\u00fdch interpret\u016f pust\u00ed kameru tak bl\u00edzko a na tak dlouhou dobu.<\/p>\n\n\n\n<p class=\"wp-block-paragraph\">Zdroj: Autorsk\u00fd text, <a href=\"https:\/\/www.youtube.com\/watch?v=N-pO-C9xS7M\" target=\"_blank\" rel=\"noreferrer noopener nofollow\">Show Jana Krause<\/a>, <a href=\"https:\/\/www.kviff.com\/cs\/novinky\/5880-takova-jaka-opravdu-jsem-dokument-o-bare-basikove-vznikal-30-let-priblizili-tvurci\" target=\"_blank\" rel=\"noreferrer noopener nofollow\">KVIFF<\/a>, <a href=\"https:\/\/cs.wikipedia.org\/wiki\/B%C3%A1ra_Basikov%C3%A1\">Wikipedie<\/a><\/p>\n\n\n            <a href=\"https:\/\/www.karaoketexty.cz\/magazin\/novy-dokument-o-bare-basikove-zpevacka-odhaluje-sve-nejtemnejsi-chvile-do-kin-miri-uz-v-rijnu\/\" class=\"related-post-link\">\n                <div class=\"post-thumbnail\">\n                    <img decoding=\"async\" width=\"250\" height=\"141\" src=\"https:\/\/www.karaoketexty.cz\/magazin\/wp-content\/uploads\/2026\/07\/foto-bara-basikova.jpg\" class=\"attachment-250x180 size-250x180 not-transparent\" alt=\"\" srcset=\"https:\/\/www.karaoketexty.cz\/magazin\/wp-content\/uploads\/2026\/07\/foto-bara-basikova.jpg 1200w, https:\/\/www.karaoketexty.cz\/magazin\/wp-content\/uploads\/2026\/07\/foto-bara-basikova-300x169.jpg 300w, https:\/\/www.karaoketexty.cz\/magazin\/wp-content\/uploads\/2026\/07\/foto-bara-basikova-1024x576.jpg 1024w, https:\/\/www.karaoketexty.cz\/magazin\/wp-content\/uploads\/2026\/07\/foto-bara-basikova-768x432.jpg 768w, https:\/\/www.karaoketexty.cz\/magazin\/wp-content\/uploads\/2026\/07\/foto-bara-basikova-800x450.jpg 800w\" sizes=\"(max-width: 250px) 100vw, 250px\" data-has-transparency=\"false\" data-dominant-color=\"6e5e56\" style=\"--dominant-color: #6e5e56;\" \/>                <\/div>\n                <div class=\"post-details\">\n                    <span class=\"also-read\">\u010ct\u011bte tak\u00e9:<\/span>\n                    <h3 class=\"hed\">Nov\u00fd dokument o B\u00e1\u0159e Basikov\u00e9: Zp\u011bva\u010dka odhaluje sv\u00e9 nejtemn\u011bj\u0161\u00ed chv\u00edle, do kin m\u00ed\u0159\u00ed u\u017e v \u0159\u00edjnu<\/h3>\n                <\/div>\n            <\/a>\n            \n\n            <a href=\"https:\/\/www.karaoketexty.cz\/magazin\/bara-basikova-kamil-strihavka-a-jesus-christ-superstar-jak-se-zrodila-legenda-ceske-muzikalove-sceny\/\" class=\"related-post-link\">\n                <div class=\"post-thumbnail\">\n                    <img decoding=\"async\" width=\"250\" height=\"175\" src=\"https:\/\/www.karaoketexty.cz\/magazin\/wp-content\/uploads\/2026\/08\/Bara-Basikova-Kamil-Strihavka.jpg\" class=\"attachment-250x180 size-250x180 not-transparent\" alt=\"B\u00e1ra Basikov\u00e1, Kamil St\u0159ihavka\" srcset=\"https:\/\/www.karaoketexty.cz\/magazin\/wp-content\/uploads\/2026\/08\/Bara-Basikova-Kamil-Strihavka.jpg 1200w, https:\/\/www.karaoketexty.cz\/magazin\/wp-content\/uploads\/2026\/08\/Bara-Basikova-Kamil-Strihavka-300x210.jpg 300w, https:\/\/www.karaoketexty.cz\/magazin\/wp-content\/uploads\/2026\/08\/Bara-Basikova-Kamil-Strihavka-1024x718.jpg 1024w, https:\/\/www.karaoketexty.cz\/magazin\/wp-content\/uploads\/2026\/08\/Bara-Basikova-Kamil-Strihavka-768x538.jpg 768w\" sizes=\"(max-width: 250px) 100vw, 250px\" data-has-transparency=\"false\" data-dominant-color=\"615b59\" style=\"--dominant-color: #615b59;\" \/>                <\/div>\n                <div class=\"post-details\">\n                    <span class=\"also-read\">\u010ct\u011bte tak\u00e9:<\/span>\n                    <h3 class=\"hed\">B\u00e1ra Basikov\u00e1, Kamil St\u0159ihavka a Jesus Christ Superstar: Jak se zrodila legenda \u010desk\u00e9 muzik\u00e1lov\u00e9 sc\u00e9ny<\/h3>\n                <\/div>\n            <\/a>\n            ","protected":false},"excerpt":{"rendered":"<p>B\u00e1ra Basikov\u00e1 p\u0159i\u0161la do Show Jana Krause p\u0159edstavit \u010dasosb\u011brn\u00fd dokument Heleny T\u0159e\u0161t\u00edkov\u00e9 mapuj\u00edc\u00ed t\u0159icet let jej\u00edho \u017eivota. Moder\u00e1tor ale p\u0159idal vlastn\u00ed p\u0159ekvapen\u00ed \u2014 archivn\u00ed z\u00e1b\u011bry zp\u011bva\u010dky z d\u011btstv\u00ed, kter\u00e9 pobavily cel\u00e9 studio.<\/p>\n","protected":false},"author":5,"featured_media":18644,"comment_status":"open","ping_status":"closed","sticky":false,"template":"","format":"standard","meta":{"footnotes":""},"categories":[1059],"tags":[11503,2172,571,4279,10158,8048,11499,11501,11500,2450,11502],"class_list":["post-18673","post","type-post","status-publish","format-standard","has-post-thumbnail","hentry","category-celebrity","tag-aerobik","tag-bara-basikova","tag-ceska-hudba","tag-dokumentarni-film","tag-helena-trestikova","tag-jan-kraus","tag-maxmilian-kocek","tag-mezinarodni-filmovy-festival-karlovy-vary","tag-pardubicti-hrebci","tag-showbusiness","tag-zenske-zpevacky"],"yoast_head":"<!-- This site is optimized with the Yoast SEO plugin v28.3 - https:\/\/yoast.com\/product\/yoast-seo-wordpress\/ -->\n<title>Takto vypadala B\u00e1ra Basikov\u00e1 jako d\u00edt\u011b<\/title>\n<meta name=\"description\" content=\"V Show Jana Krause byly k vid\u011bn\u00ed archivn\u00ed z\u00e1b\u011bry z d\u011btstv\u00ed B\u00e1ry Basikov\u00e9. Jan Kraus se nesta\u010dil divit tehdej\u0161\u00ed m\u00f3d\u011b a neopomn\u011bl r\u00fdpnout.\" \/>\n<meta name=\"robots\" content=\"index, follow, max-snippet:-1, max-image-preview:large, max-video-preview:-1\" \/>\n<link rel=\"canonical\" href=\"https:\/\/www.karaoketexty.cz\/magazin\/jan-kraus-vytahl-archivni-video-s-malou-barou-basikovou-vyuzil-prilezitosti-a-rypl-si-do-jeji-tehdejsi-mody\/\" \/>\n<meta property=\"og:locale\" content=\"cs_CZ\" \/>\n<meta property=\"og:type\" content=\"article\" \/>\n<meta property=\"og:title\" content=\"Takto vypadala B\u00e1ra Basikov\u00e1 jako d\u00edt\u011b\" \/>\n<meta property=\"og:description\" content=\"V Show Jana Krause byly k vid\u011bn\u00ed archivn\u00ed z\u00e1b\u011bry z d\u011btstv\u00ed B\u00e1ry Basikov\u00e9. Jan Kraus se nesta\u010dil divit tehdej\u0161\u00ed m\u00f3d\u011b a neopomn\u011bl r\u00fdpnout.\" \/>\n<meta property=\"og:url\" content=\"https:\/\/www.karaoketexty.cz\/magazin\/jan-kraus-vytahl-archivni-video-s-malou-barou-basikovou-vyuzil-prilezitosti-a-rypl-si-do-jeji-tehdejsi-mody\/\" \/>\n<meta property=\"og:site_name\" content=\"Stars Magaz\u00edn Karaoketexty.cz\" \/>\n<meta property=\"article:published_time\" content=\"2026-09-06T09:35:00+00:00\" \/>\n<meta property=\"og:image\" content=\"https:\/\/www.karaoketexty.cz\/magazin\/wp-content\/uploads\/2026\/08\/bara-basikova.jpg\" \/>\n\t<meta property=\"og:image:width\" content=\"1200\" \/>\n\t<meta property=\"og:image:height\" content=\"675\" \/>\n\t<meta property=\"og:image:type\" content=\"image\/jpeg\" \/>\n<meta name=\"author\" content=\"Veronika \u0160imkov\u00e1\" \/>\n<meta name=\"twitter:card\" content=\"summary_large_image\" \/>\n<meta name=\"twitter:label1\" content=\"Napsal(a)\" \/>\n\t<meta name=\"twitter:data1\" content=\"Veronika \u0160imkov\u00e1\" \/>\n\t<meta name=\"twitter:label2\" content=\"Odhadovan\u00e1 doba \u010dten\u00ed\" \/>\n\t<meta name=\"twitter:data2\" content=\"3 minuty\" \/>\n<script type=\"application\/ld+json\" class=\"yoast-schema-graph\">{\"@context\":\"https:\\\/\\\/schema.org\",\"@graph\":[{\"@type\":\"Article\",\"@id\":\"https:\\\/\\\/www.karaoketexty.cz\\\/magazin\\\/jan-kraus-vytahl-archivni-video-s-malou-barou-basikovou-vyuzil-prilezitosti-a-rypl-si-do-jeji-tehdejsi-mody\\\/#article\",\"isPartOf\":{\"@id\":\"https:\\\/\\\/www.karaoketexty.cz\\\/magazin\\\/jan-kraus-vytahl-archivni-video-s-malou-barou-basikovou-vyuzil-prilezitosti-a-rypl-si-do-jeji-tehdejsi-mody\\\/\"},\"author\":{\"name\":\"Veronika \u0160imkov\u00e1\",\"@id\":\"https:\\\/\\\/www.karaoketexty.cz\\\/magazin\\\/#\\\/schema\\\/person\\\/03220d610ed4cba378a72bac3443f821\"},\"headline\":\"Jan Kraus vyt\u00e1hl archivn\u00ed video s malou B\u00e1rou Basikovou: Vyu\u017eil p\u0159\u00edle\u017eitosti a r\u00fdpl si do jej\u00ed tehdej\u0161\u00ed m\u00f3dy\",\"datePublished\":\"2026-09-06T09:35:00+00:00\",\"mainEntityOfPage\":{\"@id\":\"https:\\\/\\\/www.karaoketexty.cz\\\/magazin\\\/jan-kraus-vytahl-archivni-video-s-malou-barou-basikovou-vyuzil-prilezitosti-a-rypl-si-do-jeji-tehdejsi-mody\\\/\"},\"wordCount\":634,\"commentCount\":0,\"image\":{\"@id\":\"https:\\\/\\\/www.karaoketexty.cz\\\/magazin\\\/jan-kraus-vytahl-archivni-video-s-malou-barou-basikovou-vyuzil-prilezitosti-a-rypl-si-do-jeji-tehdejsi-mody\\\/#primaryimage\"},\"thumbnailUrl\":\"https:\\\/\\\/www.karaoketexty.cz\\\/magazin\\\/wp-content\\\/uploads\\\/2026\\\/08\\\/bara-basikova.jpg\",\"keywords\":[\"aerobik\",\"B\u00e1ra Basikov\u00e1\",\"\u010desk\u00e1 hudba\",\"dokument\u00e1rn\u00ed film\",\"Helena T\u0159e\u0161t\u00edkov\u00e1\",\"Jan Kraus\",\"Maxmili\u00e1n Kocek\",\"Mezin\u00e1rodn\u00ed filmov\u00fd festival Karlovy Vary\",\"Pardubi\u010dt\u00ed H\u0159ebci\",\"showbusiness\",\"\u017eensk\u00e9 zp\u011bva\u010dky\"],\"articleSection\":[\"Celebrity\"],\"inLanguage\":\"cs\",\"potentialAction\":[{\"@type\":\"CommentAction\",\"name\":\"Comment\",\"target\":[\"https:\\\/\\\/www.karaoketexty.cz\\\/magazin\\\/jan-kraus-vytahl-archivni-video-s-malou-barou-basikovou-vyuzil-prilezitosti-a-rypl-si-do-jeji-tehdejsi-mody\\\/#respond\"]}]},{\"@type\":\"WebPage\",\"@id\":\"https:\\\/\\\/www.karaoketexty.cz\\\/magazin\\\/jan-kraus-vytahl-archivni-video-s-malou-barou-basikovou-vyuzil-prilezitosti-a-rypl-si-do-jeji-tehdejsi-mody\\\/\",\"url\":\"https:\\\/\\\/www.karaoketexty.cz\\\/magazin\\\/jan-kraus-vytahl-archivni-video-s-malou-barou-basikovou-vyuzil-prilezitosti-a-rypl-si-do-jeji-tehdejsi-mody\\\/\",\"name\":\"Takto vypadala B\u00e1ra Basikov\u00e1 jako d\u00edt\u011b\",\"isPartOf\":{\"@id\":\"https:\\\/\\\/www.karaoketexty.cz\\\/magazin\\\/#website\"},\"primaryImageOfPage\":{\"@id\":\"https:\\\/\\\/www.karaoketexty.cz\\\/magazin\\\/jan-kraus-vytahl-archivni-video-s-malou-barou-basikovou-vyuzil-prilezitosti-a-rypl-si-do-jeji-tehdejsi-mody\\\/#primaryimage\"},\"image\":{\"@id\":\"https:\\\/\\\/www.karaoketexty.cz\\\/magazin\\\/jan-kraus-vytahl-archivni-video-s-malou-barou-basikovou-vyuzil-prilezitosti-a-rypl-si-do-jeji-tehdejsi-mody\\\/#primaryimage\"},\"thumbnailUrl\":\"https:\\\/\\\/www.karaoketexty.cz\\\/magazin\\\/wp-content\\\/uploads\\\/2026\\\/08\\\/bara-basikova.jpg\",\"datePublished\":\"2026-09-06T09:35:00+00:00\",\"author\":{\"@id\":\"https:\\\/\\\/www.karaoketexty.cz\\\/magazin\\\/#\\\/schema\\\/person\\\/03220d610ed4cba378a72bac3443f821\"},\"description\":\"V Show Jana Krause byly k vid\u011bn\u00ed archivn\u00ed z\u00e1b\u011bry z d\u011btstv\u00ed B\u00e1ry Basikov\u00e9. Jan Kraus se nesta\u010dil divit tehdej\u0161\u00ed m\u00f3d\u011b a neopomn\u011bl r\u00fdpnout.\",\"breadcrumb\":{\"@id\":\"https:\\\/\\\/www.karaoketexty.cz\\\/magazin\\\/jan-kraus-vytahl-archivni-video-s-malou-barou-basikovou-vyuzil-prilezitosti-a-rypl-si-do-jeji-tehdejsi-mody\\\/#breadcrumb\"},\"inLanguage\":\"cs\",\"potentialAction\":[{\"@type\":\"ReadAction\",\"target\":[\"https:\\\/\\\/www.karaoketexty.cz\\\/magazin\\\/jan-kraus-vytahl-archivni-video-s-malou-barou-basikovou-vyuzil-prilezitosti-a-rypl-si-do-jeji-tehdejsi-mody\\\/\"]}]},{\"@type\":\"ImageObject\",\"inLanguage\":\"cs\",\"@id\":\"https:\\\/\\\/www.karaoketexty.cz\\\/magazin\\\/jan-kraus-vytahl-archivni-video-s-malou-barou-basikovou-vyuzil-prilezitosti-a-rypl-si-do-jeji-tehdejsi-mody\\\/#primaryimage\",\"url\":\"https:\\\/\\\/www.karaoketexty.cz\\\/magazin\\\/wp-content\\\/uploads\\\/2026\\\/08\\\/bara-basikova.jpg\",\"contentUrl\":\"https:\\\/\\\/www.karaoketexty.cz\\\/magazin\\\/wp-content\\\/uploads\\\/2026\\\/08\\\/bara-basikova.jpg\",\"width\":1200,\"height\":675,\"caption\":\"Fotografie: Nextfoto\"},{\"@type\":\"BreadcrumbList\",\"@id\":\"https:\\\/\\\/www.karaoketexty.cz\\\/magazin\\\/jan-kraus-vytahl-archivni-video-s-malou-barou-basikovou-vyuzil-prilezitosti-a-rypl-si-do-jeji-tehdejsi-mody\\\/#breadcrumb\",\"itemListElement\":[{\"@type\":\"ListItem\",\"position\":1,\"name\":\"Dom\u016f\",\"item\":\"https:\\\/\\\/www.karaoketexty.cz\\\/magazin\\\/\"},{\"@type\":\"ListItem\",\"position\":2,\"name\":\"Jan Kraus vyt\u00e1hl archivn\u00ed video s malou B\u00e1rou Basikovou: Vyu\u017eil p\u0159\u00edle\u017eitosti a r\u00fdpl si do jej\u00ed tehdej\u0161\u00ed m\u00f3dy\"}]},{\"@type\":\"WebSite\",\"@id\":\"https:\\\/\\\/www.karaoketexty.cz\\\/magazin\\\/#website\",\"url\":\"https:\\\/\\\/www.karaoketexty.cz\\\/magazin\\\/\",\"name\":\"Stars Magaz\u00edn Karaoketexty.cz\",\"description\":\"Stars Magaz\u00edn na Karaoketexty.cz je zam\u011b\u0159en\u00fd na novinky ze sv\u011bta hudby a celebrit. Obsahuje \u010dl\u00e1nky o zp\u011bv\u00e1c\u00edch, kapel\u00e1ch, nov\u00fdch albech, hudebn\u00edch trendech a dal\u0161\u00edch zaj\u00edmavostech z hudebn\u00edho pr\u016fmyslu.\",\"potentialAction\":[{\"@type\":\"SearchAction\",\"target\":{\"@type\":\"EntryPoint\",\"urlTemplate\":\"https:\\\/\\\/www.karaoketexty.cz\\\/magazin\\\/?s={search_term_string}\"},\"query-input\":{\"@type\":\"PropertyValueSpecification\",\"valueRequired\":true,\"valueName\":\"search_term_string\"}}],\"inLanguage\":\"cs\"},{\"@type\":\"Person\",\"@id\":\"https:\\\/\\\/www.karaoketexty.cz\\\/magazin\\\/#\\\/schema\\\/person\\\/03220d610ed4cba378a72bac3443f821\",\"name\":\"Veronika \u0160imkov\u00e1\",\"image\":{\"@type\":\"ImageObject\",\"inLanguage\":\"cs\",\"@id\":\"https:\\\/\\\/secure.gravatar.com\\\/avatar\\\/62af9cda83322200aaf20e60d0442fbca254ce18c0ffdcaaf83de31493c941a5?s=96&d=mm&r=g\",\"url\":\"https:\\\/\\\/secure.gravatar.com\\\/avatar\\\/62af9cda83322200aaf20e60d0442fbca254ce18c0ffdcaaf83de31493c941a5?s=96&d=mm&r=g\",\"contentUrl\":\"https:\\\/\\\/secure.gravatar.com\\\/avatar\\\/62af9cda83322200aaf20e60d0442fbca254ce18c0ffdcaaf83de31493c941a5?s=96&d=mm&r=g\",\"caption\":\"Veronika \u0160imkov\u00e1\"},\"url\":\"https:\\\/\\\/www.karaoketexty.cz\\\/magazin\\\/author\\\/veronikasimkova\\\/\"}]}<\/script>\n<!-- \/ Yoast SEO plugin. -->","yoast_head_json":{"title":"Takto vypadala B\u00e1ra Basikov\u00e1 jako d\u00edt\u011b","description":"V Show Jana Krause byly k vid\u011bn\u00ed archivn\u00ed z\u00e1b\u011bry z d\u011btstv\u00ed B\u00e1ry Basikov\u00e9. Jan Kraus se nesta\u010dil divit tehdej\u0161\u00ed m\u00f3d\u011b a neopomn\u011bl r\u00fdpnout.","robots":{"index":"index","follow":"follow","max-snippet":"max-snippet:-1","max-image-preview":"max-image-preview:large","max-video-preview":"max-video-preview:-1"},"canonical":"https:\/\/www.karaoketexty.cz\/magazin\/jan-kraus-vytahl-archivni-video-s-malou-barou-basikovou-vyuzil-prilezitosti-a-rypl-si-do-jeji-tehdejsi-mody\/","og_locale":"cs_CZ","og_type":"article","og_title":"Takto vypadala B\u00e1ra Basikov\u00e1 jako d\u00edt\u011b","og_description":"V Show Jana Krause byly k vid\u011bn\u00ed archivn\u00ed z\u00e1b\u011bry z d\u011btstv\u00ed B\u00e1ry Basikov\u00e9. Jan Kraus se nesta\u010dil divit tehdej\u0161\u00ed m\u00f3d\u011b a neopomn\u011bl r\u00fdpnout.","og_url":"https:\/\/www.karaoketexty.cz\/magazin\/jan-kraus-vytahl-archivni-video-s-malou-barou-basikovou-vyuzil-prilezitosti-a-rypl-si-do-jeji-tehdejsi-mody\/","og_site_name":"Stars Magaz\u00edn Karaoketexty.cz","article_published_time":"2026-09-06T09:35:00+00:00","og_image":[{"width":1200,"height":675,"url":"https:\/\/www.karaoketexty.cz\/magazin\/wp-content\/uploads\/2026\/08\/bara-basikova.jpg","type":"image\/jpeg"}],"author":"Veronika \u0160imkov\u00e1","twitter_card":"summary_large_image","twitter_misc":{"Napsal(a)":"Veronika \u0160imkov\u00e1","Odhadovan\u00e1 doba \u010dten\u00ed":"3 minuty"},"schema":{"@context":"https:\/\/schema.org","@graph":[{"@type":"Article","@id":"https:\/\/www.karaoketexty.cz\/magazin\/jan-kraus-vytahl-archivni-video-s-malou-barou-basikovou-vyuzil-prilezitosti-a-rypl-si-do-jeji-tehdejsi-mody\/#article","isPartOf":{"@id":"https:\/\/www.karaoketexty.cz\/magazin\/jan-kraus-vytahl-archivni-video-s-malou-barou-basikovou-vyuzil-prilezitosti-a-rypl-si-do-jeji-tehdejsi-mody\/"},"author":{"name":"Veronika \u0160imkov\u00e1","@id":"https:\/\/www.karaoketexty.cz\/magazin\/#\/schema\/person\/03220d610ed4cba378a72bac3443f821"},"headline":"Jan Kraus vyt\u00e1hl archivn\u00ed video s malou B\u00e1rou Basikovou: Vyu\u017eil p\u0159\u00edle\u017eitosti a r\u00fdpl si do jej\u00ed tehdej\u0161\u00ed m\u00f3dy","datePublished":"2026-09-06T09:35:00+00:00","mainEntityOfPage":{"@id":"https:\/\/www.karaoketexty.cz\/magazin\/jan-kraus-vytahl-archivni-video-s-malou-barou-basikovou-vyuzil-prilezitosti-a-rypl-si-do-jeji-tehdejsi-mody\/"},"wordCount":634,"commentCount":0,"image":{"@id":"https:\/\/www.karaoketexty.cz\/magazin\/jan-kraus-vytahl-archivni-video-s-malou-barou-basikovou-vyuzil-prilezitosti-a-rypl-si-do-jeji-tehdejsi-mody\/#primaryimage"},"thumbnailUrl":"https:\/\/www.karaoketexty.cz\/magazin\/wp-content\/uploads\/2026\/08\/bara-basikova.jpg","keywords":["aerobik","B\u00e1ra Basikov\u00e1","\u010desk\u00e1 hudba","dokument\u00e1rn\u00ed film","Helena T\u0159e\u0161t\u00edkov\u00e1","Jan Kraus","Maxmili\u00e1n Kocek","Mezin\u00e1rodn\u00ed filmov\u00fd festival Karlovy Vary","Pardubi\u010dt\u00ed H\u0159ebci","showbusiness","\u017eensk\u00e9 zp\u011bva\u010dky"],"articleSection":["Celebrity"],"inLanguage":"cs","potentialAction":[{"@type":"CommentAction","name":"Comment","target":["https:\/\/www.karaoketexty.cz\/magazin\/jan-kraus-vytahl-archivni-video-s-malou-barou-basikovou-vyuzil-prilezitosti-a-rypl-si-do-jeji-tehdejsi-mody\/#respond"]}]},{"@type":"WebPage","@id":"https:\/\/www.karaoketexty.cz\/magazin\/jan-kraus-vytahl-archivni-video-s-malou-barou-basikovou-vyuzil-prilezitosti-a-rypl-si-do-jeji-tehdejsi-mody\/","url":"https:\/\/www.karaoketexty.cz\/magazin\/jan-kraus-vytahl-archivni-video-s-malou-barou-basikovou-vyuzil-prilezitosti-a-rypl-si-do-jeji-tehdejsi-mody\/","name":"Takto vypadala B\u00e1ra Basikov\u00e1 jako d\u00edt\u011b","isPartOf":{"@id":"https:\/\/www.karaoketexty.cz\/magazin\/#website"},"primaryImageOfPage":{"@id":"https:\/\/www.karaoketexty.cz\/magazin\/jan-kraus-vytahl-archivni-video-s-malou-barou-basikovou-vyuzil-prilezitosti-a-rypl-si-do-jeji-tehdejsi-mody\/#primaryimage"},"image":{"@id":"https:\/\/www.karaoketexty.cz\/magazin\/jan-kraus-vytahl-archivni-video-s-malou-barou-basikovou-vyuzil-prilezitosti-a-rypl-si-do-jeji-tehdejsi-mody\/#primaryimage"},"thumbnailUrl":"https:\/\/www.karaoketexty.cz\/magazin\/wp-content\/uploads\/2026\/08\/bara-basikova.jpg","datePublished":"2026-09-06T09:35:00+00:00","author":{"@id":"https:\/\/www.karaoketexty.cz\/magazin\/#\/schema\/person\/03220d610ed4cba378a72bac3443f821"},"description":"V Show Jana Krause byly k vid\u011bn\u00ed archivn\u00ed z\u00e1b\u011bry z d\u011btstv\u00ed B\u00e1ry Basikov\u00e9. Jan Kraus se nesta\u010dil divit tehdej\u0161\u00ed m\u00f3d\u011b a neopomn\u011bl r\u00fdpnout.","breadcrumb":{"@id":"https:\/\/www.karaoketexty.cz\/magazin\/jan-kraus-vytahl-archivni-video-s-malou-barou-basikovou-vyuzil-prilezitosti-a-rypl-si-do-jeji-tehdejsi-mody\/#breadcrumb"},"inLanguage":"cs","potentialAction":[{"@type":"ReadAction","target":["https:\/\/www.karaoketexty.cz\/magazin\/jan-kraus-vytahl-archivni-video-s-malou-barou-basikovou-vyuzil-prilezitosti-a-rypl-si-do-jeji-tehdejsi-mody\/"]}]},{"@type":"ImageObject","inLanguage":"cs","@id":"https:\/\/www.karaoketexty.cz\/magazin\/jan-kraus-vytahl-archivni-video-s-malou-barou-basikovou-vyuzil-prilezitosti-a-rypl-si-do-jeji-tehdejsi-mody\/#primaryimage","url":"https:\/\/www.karaoketexty.cz\/magazin\/wp-content\/uploads\/2026\/08\/bara-basikova.jpg","contentUrl":"https:\/\/www.karaoketexty.cz\/magazin\/wp-content\/uploads\/2026\/08\/bara-basikova.jpg","width":1200,"height":675,"caption":"Fotografie: Nextfoto"},{"@type":"BreadcrumbList","@id":"https:\/\/www.karaoketexty.cz\/magazin\/jan-kraus-vytahl-archivni-video-s-malou-barou-basikovou-vyuzil-prilezitosti-a-rypl-si-do-jeji-tehdejsi-mody\/#breadcrumb","itemListElement":[{"@type":"ListItem","position":1,"name":"Dom\u016f","item":"https:\/\/www.karaoketexty.cz\/magazin\/"},{"@type":"ListItem","position":2,"name":"Jan Kraus vyt\u00e1hl archivn\u00ed video s malou B\u00e1rou Basikovou: Vyu\u017eil p\u0159\u00edle\u017eitosti a r\u00fdpl si do jej\u00ed tehdej\u0161\u00ed m\u00f3dy"}]},{"@type":"WebSite","@id":"https:\/\/www.karaoketexty.cz\/magazin\/#website","url":"https:\/\/www.karaoketexty.cz\/magazin\/","name":"Stars Magaz\u00edn Karaoketexty.cz","description":"Stars Magaz\u00edn na Karaoketexty.cz je zam\u011b\u0159en\u00fd na novinky ze sv\u011bta hudby a celebrit. Obsahuje \u010dl\u00e1nky o zp\u011bv\u00e1c\u00edch, kapel\u00e1ch, nov\u00fdch albech, hudebn\u00edch trendech a dal\u0161\u00edch zaj\u00edmavostech z hudebn\u00edho pr\u016fmyslu.","potentialAction":[{"@type":"SearchAction","target":{"@type":"EntryPoint","urlTemplate":"https:\/\/www.karaoketexty.cz\/magazin\/?s={search_term_string}"},"query-input":{"@type":"PropertyValueSpecification","valueRequired":true,"valueName":"search_term_string"}}],"inLanguage":"cs"},{"@type":"Person","@id":"https:\/\/www.karaoketexty.cz\/magazin\/#\/schema\/person\/03220d610ed4cba378a72bac3443f821","name":"Veronika \u0160imkov\u00e1","image":{"@type":"ImageObject","inLanguage":"cs","@id":"https:\/\/secure.gravatar.com\/avatar\/62af9cda83322200aaf20e60d0442fbca254ce18c0ffdcaaf83de31493c941a5?s=96&d=mm&r=g","url":"https:\/\/secure.gravatar.com\/avatar\/62af9cda83322200aaf20e60d0442fbca254ce18c0ffdcaaf83de31493c941a5?s=96&d=mm&r=g","contentUrl":"https:\/\/secure.gravatar.com\/avatar\/62af9cda83322200aaf20e60d0442fbca254ce18c0ffdcaaf83de31493c941a5?s=96&d=mm&r=g","caption":"Veronika \u0160imkov\u00e1"},"url":"https:\/\/www.karaoketexty.cz\/magazin\/author\/veronikasimkova\/"}]}},"_links":{"self":[{"href":"https:\/\/www.karaoketexty.cz\/magazin\/wp-json\/wp\/v2\/posts\/18673","targetHints":{"allow":["GET"]}}],"collection":[{"href":"https:\/\/www.karaoketexty.cz\/magazin\/wp-json\/wp\/v2\/posts"}],"about":[{"href":"https:\/\/www.karaoketexty.cz\/magazin\/wp-json\/wp\/v2\/types\/post"}],"author":[{"embeddable":true,"href":"https:\/\/www.karaoketexty.cz\/magazin\/wp-json\/wp\/v2\/users\/5"}],"replies":[{"embeddable":true,"href":"https:\/\/www.karaoketexty.cz\/magazin\/wp-json\/wp\/v2\/comments?post=18673"}],"version-history":[{"count":5,"href":"https:\/\/www.karaoketexty.cz\/magazin\/wp-json\/wp\/v2\/posts\/18673\/revisions"}],"predecessor-version":[{"id":19219,"href":"https:\/\/www.karaoketexty.cz\/magazin\/wp-json\/wp\/v2\/posts\/18673\/revisions\/19219"}],"wp:attachment":[{"href":"https:\/\/www.karaoketexty.cz\/magazin\/wp-json\/wp\/v2\/media?parent=18673"}],"wp:term":[{"taxonomy":"category","embeddable":true,"href":"https:\/\/www.karaoketexty.cz\/magazin\/wp-json\/wp\/v2\/categories?post=18673"},{"taxonomy":"post_tag","embeddable":true,"href":"https:\/\/www.karaoketexty.cz\/magazin\/wp-json\/wp\/v2\/tags?post=18673"}],"curies":[{"name":"wp","href":"https:\/\/api.w.org\/{rel}","templated":true}]}}