{"id":18662,"date":"2026-09-06T07:33:00","date_gmt":"2026-09-06T05:33:00","guid":{"rendered":"https:\/\/www.karaoketexty.cz\/magazin\/?p=18662"},"modified":"2026-09-04T17:58:37","modified_gmt":"2026-09-04T15:58:37","slug":"monika-absolonova-pred-padesatkou-pod-tlakem-vyprodana-show-ji-stresuje-a-toci-o-sobe-film","status":"publish","type":"post","link":"https:\/\/www.karaoketexty.cz\/magazin\/monika-absolonova-pred-padesatkou-pod-tlakem-vyprodana-show-ji-stresuje-a-toci-o-sobe-film\/","title":{"rendered":"Monika Absolonov\u00e1 p\u0159ed pades\u00e1tkou pod tlakem: Vyprodan\u00e1 show ji stresuje a to\u010d\u00ed o sob\u011b film"},"content":{"rendered":"\n<p class=\"wp-block-paragraph\"><strong>Monika Absolonov\u00e1 slav\u00ed pades\u00e1tiny a p\u0159izn\u00e1v\u00e1, \u017ee ji to po\u0159\u00e1dn\u011b zas\u00e1hlo. Vyprodan\u00fd koncert v O2 universu, dokument \u010cesk\u00e9 televize a otev\u0159en\u00e1 bilance \u017eivota, to v\u0161e ji \u010dek\u00e1 na podzim najednou<\/strong>.<\/p>\n\n\n\n<p class=\"wp-block-paragraph\">L\u00e9to m\u011bla zp\u011bva\u010dka pestr\u00e9 a vlastn\u011b docela pln\u00e9. Byla na Kr\u00e9t\u011b, tr\u00e1vila \u010das na chalup\u011b, v Berl\u00edn\u011b stihla koncert Bruna Marse. Jen\u017ee pr\u00e1zdninov\u00fd re\u017eim u\u017e kon\u010d\u00ed. Doma se znovu rozb\u00edh\u00e1 \u0161kola, desetilet\u00fd Tade\u00e1\u0161 a sedmilet\u00fd Matou\u0161 usednou do lavic, a Absolonovou \u010dekaj\u00ed zkou\u0161ky. Pro v\u0161echny najednou se zav\u0159ela ta voln\u011bj\u0161\u00ed \u010d\u00e1st roku. Na Karaoketexty n\u00e1s zaujalo i to, jak se Absolonov\u00e1 vyrovn\u00e1v\u00e1 s bl\u00ed\u017e\u00edc\u00ed se pades\u00e1tkou.<\/p>\n\n\n<!-- karaoketexty.cz \/ rectangle2 -->\n<div id=\"PX_37086_709110796310826\"><\/div>\n<script>\n   if(!useMobileAds && !boolUseSeznamAds && !hideAllAds){\n     window.px2 = window.px2 || { conf: {},queue: [] };\n     px2.queue.push(function () {\n        px2.render({\n           slot: {\n              id: 37086\n           },\n            elem: \"PX_37086_709110796310826\"\n        })\n     });\n  }\n<\/script>\n\n<!-- karaoketexty.cz \/ mobile-rectangle3 -->\n<div id=\"PX_37044_714599773297004\"><\/div>\n<script>\n   if(useMobileAds && !boolUseSeznamAds && !hideAllAds){\nwindow.px2 = window.px2 || { conf: {},queue: [] };\npx2.queue.push(function () {\n\tpx2.render({\n\t\tslot: {\n\t\t\tid: 37044\n\t\t},\n\t\telem: \"PX_37044_714599773297004\"\n\t})\n});\n}\n<\/script>\n\n\n<h2 class=\"wp-block-heading\">Vyprod\u00e1no t\u0159i \u010dtvrt\u011b roku dop\u0159edu. Radost, ale i nervy<\/h2>\n\n\n\n<p class=\"wp-block-paragraph\">Jubilejn\u00ed show Absolonov\u00e9 m\u00e1 term\u00edn 3. \u0159\u00edjna v O2 universu. Z\u00e1jem byl v\u011bt\u0161\u00ed, ne\u017e se \u010dekalo, a koncert je vyprodan\u00fd u\u017e d\u00e9le ne\u017e dev\u011bt m\u011bs\u00edc\u016f. Pro zp\u011bva\u010dku je to siln\u00e9 gesto od fanou\u0161k\u016f, jen\u017ee s bl\u00ed\u017e\u00edc\u00edm se datem p\u0159ich\u00e1z\u00ed i tlak. <em>\u201eJsem moc r\u00e1da, \u017ee n\u00e1v\u0161t\u011bvn\u00edk\u016f t\u00fd oslavy je hodn\u011b, \u017ee je vyprod\u00e1no u\u017e t\u0159i \u010dtvrt\u011b roku. Jsem za to vd\u011b\u010dn\u00e1, ale m\u00e1m z toho te\u010f m\u00edrn\u00fd stres,\u201c<\/em> \u0159ekla v rozhovoru pro Aplausin.cz.<\/p>\n\n\n\n<p class=\"wp-block-paragraph\">Ve\u010der m\u00e1 proj\u00edt velkou \u010d\u00e1st\u00ed jej\u00ed kari\u00e9ry. Nejde tedy jen o zp\u011bv, ale i o choreografie a p\u0159esn\u00e9 na\u010dasov\u00e1n\u00ed cel\u00e9ho programu. Sama p\u0159ipou\u0161t\u00ed, \u017ee ji to za\u010d\u00edn\u00e1 doh\u00e1n\u011bt, hlavn\u011b pocit, \u017ee \u010dasu nen\u00ed nazbyt. Na jevi\u0161ti p\u0159itom stoj\u00ed u\u017e v\u00edce ne\u017e t\u0159icet let. Debutovala v roce 1993, v roce 2002 hr\u00e1la Kleopatru na pra\u017esk\u00e9m Broadwayi a v roce 2013 prop\u016fj\u010dila hlas Else v \u010desk\u00e9m dabingu Ledov\u00e9ho kr\u00e1lovstv\u00ed.<\/p>\n\n\n<!-- karaoketexty.cz \/ interscroller1 -->\n\n<div id=\"PX_37041_825057871452834\"><\/div>\n<script>\nif(useMobileAds && !boolUseSeznamAds && !hideAllAds){\n\twindow.px2 = window.px2 || { conf: {},queue: [] };\n\tpx2.queue.push(function () {\n\t\tpx2.render({\n\t\t\tslot: {\n\t\t\t\tid: 37041\n\t\t\t},\n\t\t\telem: \"PX_37041_825057871452834\"\n\t\t})\n\t});\n}\n<\/script>\n\n\n<p class=\"wp-block-paragraph\">Svou roli v tom hraje i lo\u0148sk\u00e1 Cena Th\u00e1lie. Po jej\u00edm z\u00edsk\u00e1n\u00ed na sebe za\u010dala tla\u010dit je\u0161t\u011b v\u00edc ne\u017e d\u0159\u00edv. <em>\u201eM\u011bla jsem pocit, \u017ee lid\u00e9 o\u010dek\u00e1vaj\u00ed, \u017ee budu perfektn\u00ed. Vystresov\u00e1vala jsem sama sebe do stra\u0161n\u00fdch obr\u00e1tek.\u201c<\/em> Nakonec si musela p\u0159ipomenout pom\u011brn\u011b jednoduchou v\u011bc: d\u011bl\u00e1 maximum. A za tu hranici u\u017e se j\u00edt ned\u00e1.<\/p>\n\n\n\n<h2 class=\"wp-block-heading\">Dokument ji vr\u00e1til i k v\u011bcem, kter\u00e9 cht\u011bla nechat b\u00fdt<\/h2>\n\n\n\n<p class=\"wp-block-paragraph\">Vedle koncertn\u00edch p\u0159\u00edprav pokra\u010duje nat\u00e1\u010den\u00ed dokumentu \u010cesk\u00e9 televize o jej\u00edm \u017eivot\u011b a kari\u00e9\u0159e. Podle Absolonov\u00e9 zb\u00fdv\u00e1 nato\u010dit je\u0161t\u011b zhruba p\u011bt dn\u00ed. P\u016fvodn\u011b m\u011bl b\u00fdt dokument uveden p\u0159\u00edmo k jej\u00edm narozenin\u00e1m, jen\u017ee zp\u011bva\u010dka je pov\u011br\u010div\u00e1 a cht\u011bla, aby se do n\u011bj dostal i z\u00e1znam jubilejn\u00edho koncertu. Premi\u00e9ra se proto posunula na \u0159\u00edjen.<\/p>\n\n\n\n<p class=\"wp-block-paragraph\">Kamera ji ale zavedla i k t\u00e9mat\u016fm, kter\u00e1 u\u017e m\u011bla, jak se \u0159\u00edk\u00e1, uklizen\u00e1 stranou. Rozchod s hokejistou Tom\u00e1\u0161em Hornou, spory kolem syn\u016f, dluhy, kter\u00e9 po tehdej\u0161\u00edm partnerovi z\u016fstaly. Dnes je situace klidn\u011bj\u0161\u00ed: <em>\u201eVykrystalizovalo se to a jsme v pohod\u011b,\u201c<\/em> popsala. Jen\u017ee n\u00e1vrat k minulosti nen\u00ed nikdy \u00fapln\u011b technick\u00e1 z\u00e1le\u017eitost. N\u011bkter\u00e9 v\u011bci se p\u0159i vypr\u00e1v\u011bn\u00ed znovu ozvou.<\/p>\n\n\n\n<p class=\"wp-block-paragraph\">Do toho se vrac\u00ed i t\u00e9ma samoty. Od rozvodu nikoho z\u00e1sadn\u00edho nepotkala a netaj\u00ed, \u017ee ji n\u011bkdy napadne, jestli nez\u016fstane sama. Pak si ale sama pro sebe \u0159\u00edk\u00e1, \u017ee \u017eivot si s t\u00edm n\u011bjak porad\u00ed. Zn\u00ed to sp\u00ed\u0161 jako snaha dr\u017eet se v klidu ne\u017e jako definitivn\u00ed odpov\u011b\u010f.<\/p>\n\n\n\n<h2 class=\"wp-block-heading\">Pades\u00e1tka jako \u010d\u00edslo, kter\u00e9 u\u017e ne\u0161lo obej\u00edt<\/h2>\n\n\n\n<p class=\"wp-block-paragraph\">D\u0159\u00edv v\u011bk nebrala jako n\u011bco, u \u010deho by se m\u011bla zastavovat. Jen\u017ee kulatiny maj\u00ed zvl\u00e1\u0161tn\u00ed schopnost \u010dlov\u011bka p\u0159ibrzdit. <em>\u201eZa\u010dala jsem p\u0159em\u00fd\u0161let o tom, \u017ee kdy\u017e je v\u00e1m dvacet, nep\u0159em\u00fd\u0161l\u00edte o tom, \u017ee v osmdes\u00e1ti zem\u0159ete, proto\u017ee je to za \u0161edes\u00e1t let. Kdy\u017e je v\u00e1m pades\u00e1t, je to za t\u0159icet. Nebo tak\u00e9 d\u0159\u00edv. A to j\u00e1 nechci,\u201c<\/em> \u0159ekla pro iGlanc.cz.<\/p>\n\n\n\n<blockquote class=\"instagram-media\" data-instgrm-captioned data-instgrm-permalink=\"https:\/\/www.instagram.com\/reel\/DcF-_-6R6Yl\/?utm_source=ig_embed&amp;utm_campaign=loading\" data-instgrm-version=\"14\" style=\" background:#FFF; border:0; border-radius:3px; box-shadow:0 0 1px 0 rgba(0,0,0,0.5),0 1px 10px 0 rgba(0,0,0,0.15); margin: 1px; max-width:540px; min-width:326px; padding:0; width:99.375%; width:-webkit-calc(100% - 2px); width:calc(100% - 2px);\"><div style=\"padding:16px;\"> <a href=\"https:\/\/www.instagram.com\/reel\/DcF-_-6R6Yl\/?utm_source=ig_embed&amp;utm_campaign=loading\" style=\" background:#FFFFFF; line-height:0; padding:0 0; text-align:center; text-decoration:none; width:100%;\" target=\"_blank\"> <div style=\" display: flex; flex-direction: row; align-items: center;\"> <div style=\"background-color: #F4F4F4; border-radius: 50%; flex-grow: 0; height: 40px; margin-right: 14px; width: 40px;\"><\/div> <div style=\"display: flex; flex-direction: column; flex-grow: 1; justify-content: center;\"> <div style=\" background-color: #F4F4F4; border-radius: 4px; flex-grow: 0; height: 14px; margin-bottom: 6px; width: 100px;\"><\/div> <div style=\" background-color: #F4F4F4; border-radius: 4px; flex-grow: 0; height: 14px; width: 60px;\"><\/div><\/div><\/div><div style=\"padding: 19% 0;\"><\/div> <div style=\"display:block; height:50px; margin:0 auto 12px; width:50px;\"><svg width=\"50px\" height=\"50px\" viewBox=\"0 0 60 60\" version=\"1.1\" xmlns=\"https:\/\/www.w3.org\/2000\/svg\" xmlns:xlink=\"https:\/\/www.w3.org\/1999\/xlink\"><g stroke=\"none\" stroke-width=\"1\" fill=\"none\" fill-rule=\"evenodd\"><g transform=\"translate(-511.000000, -20.000000)\" fill=\"#000000\"><g><path d=\"M556.869,30.41 C554.814,30.41 553.148,32.076 553.148,34.131 C553.148,36.186 554.814,37.852 556.869,37.852 C558.924,37.852 560.59,36.186 560.59,34.131 C560.59,32.076 558.924,30.41 556.869,30.41 M541,60.657 C535.114,60.657 530.342,55.887 530.342,50 C530.342,44.114 535.114,39.342 541,39.342 C546.887,39.342 551.658,44.114 551.658,50 C551.658,55.887 546.887,60.657 541,60.657 M541,33.886 C532.1,33.886 524.886,41.1 524.886,50 C524.886,58.899 532.1,66.113 541,66.113 C549.9,66.113 557.115,58.899 557.115,50 C557.115,41.1 549.9,33.886 541,33.886 M565.378,62.101 C565.244,65.022 564.756,66.606 564.346,67.663 C563.803,69.06 563.154,70.057 562.106,71.106 C561.058,72.155 560.06,72.803 558.662,73.347 C557.607,73.757 556.021,74.244 553.102,74.378 C549.944,74.521 548.997,74.552 541,74.552 C533.003,74.552 532.056,74.521 528.898,74.378 C525.979,74.244 524.393,73.757 523.338,73.347 C521.94,72.803 520.942,72.155 519.894,71.106 C518.846,70.057 518.197,69.06 517.654,67.663 C517.244,66.606 516.755,65.022 516.623,62.101 C516.479,58.943 516.448,57.996 516.448,50 C516.448,42.003 516.479,41.056 516.623,37.899 C516.755,34.978 517.244,33.391 517.654,32.338 C518.197,30.938 518.846,29.942 519.894,28.894 C520.942,27.846 521.94,27.196 523.338,26.654 C524.393,26.244 525.979,25.756 528.898,25.623 C532.057,25.479 533.004,25.448 541,25.448 C548.997,25.448 549.943,25.479 553.102,25.623 C556.021,25.756 557.607,26.244 558.662,26.654 C560.06,27.196 561.058,27.846 562.106,28.894 C563.154,29.942 563.803,30.938 564.346,32.338 C564.756,33.391 565.244,34.978 565.378,37.899 C565.522,41.056 565.552,42.003 565.552,50 C565.552,57.996 565.522,58.943 565.378,62.101 M570.82,37.631 C570.674,34.438 570.167,32.258 569.425,30.349 C568.659,28.377 567.633,26.702 565.965,25.035 C564.297,23.368 562.623,22.342 560.652,21.575 C558.743,20.834 556.562,20.326 553.369,20.18 C550.169,20.033 549.148,20 541,20 C532.853,20 531.831,20.033 528.631,20.18 C525.438,20.326 523.257,20.834 521.349,21.575 C519.376,22.342 517.703,23.368 516.035,25.035 C514.368,26.702 513.342,28.377 512.574,30.349 C511.834,32.258 511.326,34.438 511.181,37.631 C511.035,40.831 511,41.851 511,50 C511,58.147 511.035,59.17 511.181,62.369 C511.326,65.562 511.834,67.743 512.574,69.651 C513.342,71.625 514.368,73.296 516.035,74.965 C517.703,76.634 519.376,77.658 521.349,78.425 C523.257,79.167 525.438,79.673 528.631,79.82 C531.831,79.965 532.853,80.001 541,80.001 C549.148,80.001 550.169,79.965 553.369,79.82 C556.562,79.673 558.743,79.167 560.652,78.425 C562.623,77.658 564.297,76.634 565.965,74.965 C567.633,73.296 568.659,71.625 569.425,69.651 C570.167,67.743 570.674,65.562 570.82,62.369 C570.966,59.17 571,58.147 571,50 C571,41.851 570.966,40.831 570.82,37.631\"><\/path><\/g><\/g><\/g><\/svg><\/div><div style=\"padding-top: 8px;\"> <div style=\" color:#3897f0; font-family:Arial,sans-serif; font-size:14px; font-style:normal; font-weight:550; line-height:18px;\">Zobrazit p\u0159\u00edsp\u011bvek na Instagramu<\/div><\/div><div style=\"padding: 12.5% 0;\"><\/div> <div style=\"display: flex; flex-direction: row; margin-bottom: 14px; align-items: center;\"><div> <div style=\"background-color: #F4F4F4; border-radius: 50%; height: 12.5px; width: 12.5px; transform: translateX(0px) translateY(7px);\"><\/div> <div style=\"background-color: #F4F4F4; height: 12.5px; transform: rotate(-45deg) translateX(3px) translateY(1px); width: 12.5px; flex-grow: 0; margin-right: 14px; margin-left: 2px;\"><\/div> <div style=\"background-color: #F4F4F4; border-radius: 50%; height: 12.5px; width: 12.5px; transform: translateX(9px) translateY(-18px);\"><\/div><\/div><div style=\"margin-left: 8px;\"> <div style=\" background-color: #F4F4F4; border-radius: 50%; flex-grow: 0; height: 20px; width: 20px;\"><\/div> <div style=\" width: 0; height: 0; border-top: 2px solid transparent; border-left: 6px solid #f4f4f4; border-bottom: 2px solid transparent; transform: translateX(16px) translateY(-4px) rotate(30deg)\"><\/div><\/div><div style=\"margin-left: auto;\"> <div style=\" width: 0px; border-top: 8px solid #F4F4F4; border-right: 8px solid transparent; transform: translateY(16px);\"><\/div> <div style=\" background-color: #F4F4F4; flex-grow: 0; height: 12px; width: 16px; transform: translateY(-4px);\"><\/div> <div style=\" width: 0; height: 0; border-top: 8px solid #F4F4F4; border-left: 8px solid transparent; transform: translateY(-4px) translateX(8px);\"><\/div><\/div><\/div> <div style=\"display: flex; flex-direction: column; flex-grow: 1; justify-content: center; margin-bottom: 24px;\"> <div style=\" background-color: #F4F4F4; border-radius: 4px; flex-grow: 0; height: 14px; margin-bottom: 6px; width: 224px;\"><\/div> <div style=\" background-color: #F4F4F4; border-radius: 4px; flex-grow: 0; height: 14px; width: 144px;\"><\/div><\/div><\/a><p style=\" color:#c9c8cd; font-family:Arial,sans-serif; font-size:14px; line-height:17px; margin-bottom:0; margin-top:8px; overflow:hidden; padding:8px 0 7px; text-align:center; text-overflow:ellipsis; white-space:nowrap;\"><a href=\"https:\/\/www.instagram.com\/reel\/DcF-_-6R6Yl\/?utm_source=ig_embed&amp;utm_campaign=loading\" style=\" color:#c9c8cd; font-family:Arial,sans-serif; font-size:14px; font-style:normal; font-weight:normal; line-height:17px; text-decoration:none;\" target=\"_blank\">P\u0159\u00edsp\u011bvek sd\u00edlen\u00fd \u010casopis Marianne (CZ) (@mariannemagazine)<\/a><\/p><\/div><\/blockquote>\n<script async src=\"\/\/www.instagram.com\/embed.js\"><\/script>\n\n\n\n<p class=\"wp-block-paragraph\">K podobn\u00e9mu p\u0159em\u00fd\u0161len\u00ed ji p\u0159ivedly i dv\u011b nark\u00f3zy v kr\u00e1tk\u00e9m sledu, kter\u00e9 p\u0159ed \u010dasem prod\u011blala. Za\u010dala si v\u00edc v\u0161\u00edmat toho, kolik energie d\u0159\u00edv mizelo v malichernostech. Te\u010f si pe\u010dliv\u011bji vyb\u00edr\u00e1, komu a \u010demu d\u00e1 sv\u016fj \u010das. Nejv\u00fd\u0161 jsou synov\u00e9, potom divadlo a koncerty. A p\u0159ed pades\u00e1tkou si ud\u011blala je\u0161t\u011b jednu radost: m\u00edsto pl\u00e1novan\u00e9 rekonstrukce chalupy si po\u0159\u00eddila vysn\u011bn\u00e9 auto, kter\u00e9 j\u00ed pr\u00fd p\u0159ipom\u00edn\u00e1 pocit svobody.<\/p>\n\n\n\n<p class=\"wp-block-paragraph\">Zdroje: Autorsk\u00fd text, <a href=\"https:\/\/www.instagram.com\/p\/Db6TFe9RlbG\/?hl=cs\" target=\"_blank\" rel=\"noreferrer noopener nofollow\">eXtra.cz<\/a>, <a href=\"https:\/\/www.aplausin.cz\/monika-absolonova-je-v-jednom-kole-pred-padesatkou-ji-valcuje-stres-nevi-kam-driv-skocit\" target=\"_blank\" rel=\"noreferrer noopener nofollow\">Aplausin.cz<\/a>, <a href=\"https:\/\/www.iglanc.cz\/rozhovory\/monika-absolonova-narozeniny-dokument-krize-bilance-koncert\" target=\"_blank\" rel=\"nofollow\">iGlanc.cz<\/a>, <a href=\"https:\/\/en.wikipedia.org\/wiki\/Monika_Absolon%C3%B3v%C3%A1\" target=\"_blank\" rel=\"nofollow\">Wikipedia<\/a><\/p>\n\n\n            <a href=\"https:\/\/www.karaoketexty.cz\/magazin\/tajemstvi-vitality-stefana-margity-zadne-stezovani-jen-poctiva-prace-a-radost-z-jeviste\/\" class=\"related-post-link\">\n                <div class=\"post-thumbnail\">\n                    <img decoding=\"async\" width=\"250\" height=\"141\" src=\"https:\/\/www.karaoketexty.cz\/magazin\/wp-content\/uploads\/2026\/08\/foto-stefan-margita.jpg\" class=\"attachment-250x180 size-250x180 not-transparent\" alt=\"\" srcset=\"https:\/\/www.karaoketexty.cz\/magazin\/wp-content\/uploads\/2026\/08\/foto-stefan-margita.jpg 1200w, https:\/\/www.karaoketexty.cz\/magazin\/wp-content\/uploads\/2026\/08\/foto-stefan-margita-300x169.jpg 300w, https:\/\/www.karaoketexty.cz\/magazin\/wp-content\/uploads\/2026\/08\/foto-stefan-margita-1024x577.jpg 1024w, https:\/\/www.karaoketexty.cz\/magazin\/wp-content\/uploads\/2026\/08\/foto-stefan-margita-768x433.jpg 768w, https:\/\/www.karaoketexty.cz\/magazin\/wp-content\/uploads\/2026\/08\/foto-stefan-margita-800x450.jpg 800w\" sizes=\"(max-width: 250px) 100vw, 250px\" data-has-transparency=\"false\" data-dominant-color=\"85766c\" style=\"--dominant-color: #85766c;\" \/>                <\/div>\n                <div class=\"post-details\">\n                    <span class=\"also-read\">\u010ct\u011bte tak\u00e9:<\/span>\n                    <h3 class=\"hed\">Tajemstv\u00ed vitality \u0160tefana Margity: \u017d\u00e1dn\u00e9 st\u011b\u017eov\u00e1n\u00ed, jen poctiv\u00e1 pr\u00e1ce a radost z jevi\u0161t\u011b<\/h3>\n                <\/div>\n            <\/a>\n            \n\n            <a href=\"https:\/\/www.karaoketexty.cz\/magazin\/eva-pilarova-pratelstvi-s-gottem-smrt-kolegu-pri-leteckem-nestesti-i-zakazy-od-rezimu\/\" class=\"related-post-link\">\n                <div class=\"post-thumbnail\">\n                    <img decoding=\"async\" width=\"250\" height=\"141\" src=\"https:\/\/www.karaoketexty.cz\/magazin\/wp-content\/uploads\/2026\/08\/eva-pilarova.jpg\" class=\"attachment-250x180 size-250x180 not-transparent\" alt=\"Eva Pilarov\u00e1\" srcset=\"https:\/\/www.karaoketexty.cz\/magazin\/wp-content\/uploads\/2026\/08\/eva-pilarova.jpg 1200w, https:\/\/www.karaoketexty.cz\/magazin\/wp-content\/uploads\/2026\/08\/eva-pilarova-300x169.jpg 300w, https:\/\/www.karaoketexty.cz\/magazin\/wp-content\/uploads\/2026\/08\/eva-pilarova-1024x576.jpg 1024w, https:\/\/www.karaoketexty.cz\/magazin\/wp-content\/uploads\/2026\/08\/eva-pilarova-768x432.jpg 768w, https:\/\/www.karaoketexty.cz\/magazin\/wp-content\/uploads\/2026\/08\/eva-pilarova-800x450.jpg 800w\" sizes=\"(max-width: 250px) 100vw, 250px\" data-has-transparency=\"false\" data-dominant-color=\"684d35\" style=\"--dominant-color: #684d35;\" \/>                <\/div>\n                <div class=\"post-details\">\n                    <span class=\"also-read\">\u010ct\u011bte tak\u00e9:<\/span>\n                    <h3 class=\"hed\">Eva Pilarov\u00e1: P\u0159\u00e1telstv\u00ed s Gottem, smrt koleg\u016f p\u0159i leteck\u00e9m ne\u0161t\u011bst\u00ed i z\u00e1kazy od re\u017eimu<\/h3>\n                <\/div>\n            <\/a>\n            ","protected":false},"excerpt":{"rendered":"<p>Monika Absolonov\u00e1 slav\u00ed pades\u00e1tiny a p\u0159izn\u00e1v\u00e1, \u017ee ji to po\u0159\u00e1dn\u011b zas\u00e1hlo. Vyprodan\u00fd koncert v O2 universu, dokument \u010cesk\u00e9 televize a otev\u0159en\u00e1 bilance \u017eivota \u2014 to v\u0161e ji \u010dek\u00e1 na podzim najednou.<\/p>\n","protected":false},"author":9,"featured_media":3718,"comment_status":"open","ping_status":"closed","sticky":false,"template":"","format":"standard","meta":{"footnotes":""},"categories":[1059],"tags":[125,3885,571,110,1390,136,11489,3876,1627,3877,9347,4071],"class_list":["post-18662","post","type-post","status-publish","format-standard","has-post-thumbnail","hentry","category-celebrity","tag-bruno-mars","tag-cena-thalie","tag-ceska-hudba","tag-dokument","tag-hudebni-kariera","tag-koncert","tag-ledove-kralovstvi","tag-monika-absolonova","tag-o2-universum","tag-padesatiny","tag-zenske-umeni","tag-zivotni-bilance"],"yoast_head":"<!-- This site is optimized with the Yoast SEO plugin v28.3 - https:\/\/yoast.com\/product\/yoast-seo-wordpress\/ -->\n<title>Monika Absolonov\u00e1: Vyprodan\u00e1 show a film o sob\u011b<\/title>\n<meta name=\"description\" content=\"Monika Absolonov\u00e1 slav\u00ed v z\u00e1\u0159\u00ed pades\u00e1tiny. \u010cek\u00e1 ji vyprodan\u00e9 O2 universum, dokument \u010cT a otev\u0159en\u011b mluv\u00ed o strachu ze samoty i st\u00e1rnut\u00ed.\" \/>\n<meta name=\"robots\" content=\"index, follow, max-snippet:-1, max-image-preview:large, max-video-preview:-1\" \/>\n<link rel=\"canonical\" href=\"https:\/\/www.karaoketexty.cz\/magazin\/monika-absolonova-pred-padesatkou-pod-tlakem-vyprodana-show-ji-stresuje-a-toci-o-sobe-film\/\" \/>\n<meta property=\"og:locale\" content=\"cs_CZ\" \/>\n<meta property=\"og:type\" content=\"article\" \/>\n<meta property=\"og:title\" content=\"Monika Absolonov\u00e1: Vyprodan\u00e1 show a film o sob\u011b\" \/>\n<meta property=\"og:description\" content=\"Monika Absolonov\u00e1 slav\u00ed v z\u00e1\u0159\u00ed pades\u00e1tiny. \u010cek\u00e1 ji vyprodan\u00e9 O2 universum, dokument \u010cT a otev\u0159en\u011b mluv\u00ed o strachu ze samoty i st\u00e1rnut\u00ed.\" \/>\n<meta property=\"og:url\" content=\"https:\/\/www.karaoketexty.cz\/magazin\/monika-absolonova-pred-padesatkou-pod-tlakem-vyprodana-show-ji-stresuje-a-toci-o-sobe-film\/\" \/>\n<meta property=\"og:site_name\" content=\"Stars Magaz\u00edn Karaoketexty.cz\" \/>\n<meta property=\"article:published_time\" content=\"2026-09-06T05:33:00+00:00\" \/>\n<meta property=\"og:image\" content=\"https:\/\/www.karaoketexty.cz\/magazin\/wp-content\/uploads\/2025\/10\/Monika-Absolonova.jpg\" \/>\n\t<meta property=\"og:image:width\" content=\"1200\" \/>\n\t<meta property=\"og:image:height\" content=\"675\" \/>\n\t<meta property=\"og:image:type\" content=\"image\/jpeg\" \/>\n<meta name=\"author\" content=\"Radek Kone\u010dn\u00fd\" \/>\n<meta name=\"twitter:card\" content=\"summary_large_image\" \/>\n<meta name=\"twitter:label1\" content=\"Napsal(a)\" \/>\n\t<meta name=\"twitter:data1\" content=\"Radek Kone\u010dn\u00fd\" \/>\n\t<meta name=\"twitter:label2\" content=\"Odhadovan\u00e1 doba \u010dten\u00ed\" \/>\n\t<meta name=\"twitter:data2\" content=\"4 minuty\" \/>\n<script type=\"application\/ld+json\" class=\"yoast-schema-graph\">{\"@context\":\"https:\\\/\\\/schema.org\",\"@graph\":[{\"@type\":\"Article\",\"@id\":\"https:\\\/\\\/www.karaoketexty.cz\\\/magazin\\\/monika-absolonova-pred-padesatkou-pod-tlakem-vyprodana-show-ji-stresuje-a-toci-o-sobe-film\\\/#article\",\"isPartOf\":{\"@id\":\"https:\\\/\\\/www.karaoketexty.cz\\\/magazin\\\/monika-absolonova-pred-padesatkou-pod-tlakem-vyprodana-show-ji-stresuje-a-toci-o-sobe-film\\\/\"},\"author\":{\"name\":\"Radek Kone\u010dn\u00fd\",\"@id\":\"https:\\\/\\\/www.karaoketexty.cz\\\/magazin\\\/#\\\/schema\\\/person\\\/524da5b0fbeed4c3aab8132fdf00f2f6\"},\"headline\":\"Monika Absolonov\u00e1 p\u0159ed pades\u00e1tkou pod tlakem: Vyprodan\u00e1 show ji stresuje a to\u010d\u00ed o sob\u011b film\",\"datePublished\":\"2026-09-06T05:33:00+00:00\",\"mainEntityOfPage\":{\"@id\":\"https:\\\/\\\/www.karaoketexty.cz\\\/magazin\\\/monika-absolonova-pred-padesatkou-pod-tlakem-vyprodana-show-ji-stresuje-a-toci-o-sobe-film\\\/\"},\"wordCount\":843,\"commentCount\":0,\"image\":{\"@id\":\"https:\\\/\\\/www.karaoketexty.cz\\\/magazin\\\/monika-absolonova-pred-padesatkou-pod-tlakem-vyprodana-show-ji-stresuje-a-toci-o-sobe-film\\\/#primaryimage\"},\"thumbnailUrl\":\"https:\\\/\\\/www.karaoketexty.cz\\\/magazin\\\/wp-content\\\/uploads\\\/2025\\\/10\\\/Monika-Absolonova.jpg\",\"keywords\":[\"Bruno Mars\",\"cena Th\u00e1lie\",\"\u010desk\u00e1 hudba\",\"Dokument\",\"hudebn\u00ed kari\u00e9ra\",\"koncert\",\"Ledov\u00e9 kr\u00e1lovstv\u00ed\",\"Monika Absolonov\u00e1\",\"O2 Universum\",\"pades\u00e1tiny\",\"\u017eensk\u00e9 um\u011bn\u00ed\",\"\u017eivotn\u00ed bilance\"],\"articleSection\":[\"Celebrity\"],\"inLanguage\":\"cs\",\"potentialAction\":[{\"@type\":\"CommentAction\",\"name\":\"Comment\",\"target\":[\"https:\\\/\\\/www.karaoketexty.cz\\\/magazin\\\/monika-absolonova-pred-padesatkou-pod-tlakem-vyprodana-show-ji-stresuje-a-toci-o-sobe-film\\\/#respond\"]}]},{\"@type\":\"WebPage\",\"@id\":\"https:\\\/\\\/www.karaoketexty.cz\\\/magazin\\\/monika-absolonova-pred-padesatkou-pod-tlakem-vyprodana-show-ji-stresuje-a-toci-o-sobe-film\\\/\",\"url\":\"https:\\\/\\\/www.karaoketexty.cz\\\/magazin\\\/monika-absolonova-pred-padesatkou-pod-tlakem-vyprodana-show-ji-stresuje-a-toci-o-sobe-film\\\/\",\"name\":\"Monika Absolonov\u00e1: Vyprodan\u00e1 show a film o sob\u011b\",\"isPartOf\":{\"@id\":\"https:\\\/\\\/www.karaoketexty.cz\\\/magazin\\\/#website\"},\"primaryImageOfPage\":{\"@id\":\"https:\\\/\\\/www.karaoketexty.cz\\\/magazin\\\/monika-absolonova-pred-padesatkou-pod-tlakem-vyprodana-show-ji-stresuje-a-toci-o-sobe-film\\\/#primaryimage\"},\"image\":{\"@id\":\"https:\\\/\\\/www.karaoketexty.cz\\\/magazin\\\/monika-absolonova-pred-padesatkou-pod-tlakem-vyprodana-show-ji-stresuje-a-toci-o-sobe-film\\\/#primaryimage\"},\"thumbnailUrl\":\"https:\\\/\\\/www.karaoketexty.cz\\\/magazin\\\/wp-content\\\/uploads\\\/2025\\\/10\\\/Monika-Absolonova.jpg\",\"datePublished\":\"2026-09-06T05:33:00+00:00\",\"author\":{\"@id\":\"https:\\\/\\\/www.karaoketexty.cz\\\/magazin\\\/#\\\/schema\\\/person\\\/524da5b0fbeed4c3aab8132fdf00f2f6\"},\"description\":\"Monika Absolonov\u00e1 slav\u00ed v z\u00e1\u0159\u00ed pades\u00e1tiny. \u010cek\u00e1 ji vyprodan\u00e9 O2 universum, dokument \u010cT a otev\u0159en\u011b mluv\u00ed o strachu ze samoty i st\u00e1rnut\u00ed.\",\"breadcrumb\":{\"@id\":\"https:\\\/\\\/www.karaoketexty.cz\\\/magazin\\\/monika-absolonova-pred-padesatkou-pod-tlakem-vyprodana-show-ji-stresuje-a-toci-o-sobe-film\\\/#breadcrumb\"},\"inLanguage\":\"cs\",\"potentialAction\":[{\"@type\":\"ReadAction\",\"target\":[\"https:\\\/\\\/www.karaoketexty.cz\\\/magazin\\\/monika-absolonova-pred-padesatkou-pod-tlakem-vyprodana-show-ji-stresuje-a-toci-o-sobe-film\\\/\"]}]},{\"@type\":\"ImageObject\",\"inLanguage\":\"cs\",\"@id\":\"https:\\\/\\\/www.karaoketexty.cz\\\/magazin\\\/monika-absolonova-pred-padesatkou-pod-tlakem-vyprodana-show-ji-stresuje-a-toci-o-sobe-film\\\/#primaryimage\",\"url\":\"https:\\\/\\\/www.karaoketexty.cz\\\/magazin\\\/wp-content\\\/uploads\\\/2025\\\/10\\\/Monika-Absolonova.jpg\",\"contentUrl\":\"https:\\\/\\\/www.karaoketexty.cz\\\/magazin\\\/wp-content\\\/uploads\\\/2025\\\/10\\\/Monika-Absolonova.jpg\",\"width\":1200,\"height\":675,\"caption\":\"Foto: Nextfoto, Monika Absolonov\u00e1\"},{\"@type\":\"BreadcrumbList\",\"@id\":\"https:\\\/\\\/www.karaoketexty.cz\\\/magazin\\\/monika-absolonova-pred-padesatkou-pod-tlakem-vyprodana-show-ji-stresuje-a-toci-o-sobe-film\\\/#breadcrumb\",\"itemListElement\":[{\"@type\":\"ListItem\",\"position\":1,\"name\":\"Dom\u016f\",\"item\":\"https:\\\/\\\/www.karaoketexty.cz\\\/magazin\\\/\"},{\"@type\":\"ListItem\",\"position\":2,\"name\":\"Monika Absolonov\u00e1 p\u0159ed pades\u00e1tkou pod tlakem: Vyprodan\u00e1 show ji stresuje a to\u010d\u00ed o sob\u011b film\"}]},{\"@type\":\"WebSite\",\"@id\":\"https:\\\/\\\/www.karaoketexty.cz\\\/magazin\\\/#website\",\"url\":\"https:\\\/\\\/www.karaoketexty.cz\\\/magazin\\\/\",\"name\":\"Stars Magaz\u00edn Karaoketexty.cz\",\"description\":\"Stars Magaz\u00edn na Karaoketexty.cz je zam\u011b\u0159en\u00fd na novinky ze sv\u011bta hudby a celebrit. Obsahuje \u010dl\u00e1nky o zp\u011bv\u00e1c\u00edch, kapel\u00e1ch, nov\u00fdch albech, hudebn\u00edch trendech a dal\u0161\u00edch zaj\u00edmavostech z hudebn\u00edho pr\u016fmyslu.\",\"potentialAction\":[{\"@type\":\"SearchAction\",\"target\":{\"@type\":\"EntryPoint\",\"urlTemplate\":\"https:\\\/\\\/www.karaoketexty.cz\\\/magazin\\\/?s={search_term_string}\"},\"query-input\":{\"@type\":\"PropertyValueSpecification\",\"valueRequired\":true,\"valueName\":\"search_term_string\"}}],\"inLanguage\":\"cs\"},{\"@type\":\"Person\",\"@id\":\"https:\\\/\\\/www.karaoketexty.cz\\\/magazin\\\/#\\\/schema\\\/person\\\/524da5b0fbeed4c3aab8132fdf00f2f6\",\"name\":\"Radek Kone\u010dn\u00fd\",\"image\":{\"@type\":\"ImageObject\",\"inLanguage\":\"cs\",\"@id\":\"https:\\\/\\\/secure.gravatar.com\\\/avatar\\\/8dc523befeed7910402c763ae678e41e9d925d26441865f21c954ecb6f4e1b17?s=96&d=mm&r=g\",\"url\":\"https:\\\/\\\/secure.gravatar.com\\\/avatar\\\/8dc523befeed7910402c763ae678e41e9d925d26441865f21c954ecb6f4e1b17?s=96&d=mm&r=g\",\"contentUrl\":\"https:\\\/\\\/secure.gravatar.com\\\/avatar\\\/8dc523befeed7910402c763ae678e41e9d925d26441865f21c954ecb6f4e1b17?s=96&d=mm&r=g\",\"caption\":\"Radek Kone\u010dn\u00fd\"},\"url\":\"https:\\\/\\\/www.karaoketexty.cz\\\/magazin\\\/author\\\/radekkonecny\\\/\"}]}<\/script>\n<!-- \/ Yoast SEO plugin. -->","yoast_head_json":{"title":"Monika Absolonov\u00e1: Vyprodan\u00e1 show a film o sob\u011b","description":"Monika Absolonov\u00e1 slav\u00ed v z\u00e1\u0159\u00ed pades\u00e1tiny. \u010cek\u00e1 ji vyprodan\u00e9 O2 universum, dokument \u010cT a otev\u0159en\u011b mluv\u00ed o strachu ze samoty i st\u00e1rnut\u00ed.","robots":{"index":"index","follow":"follow","max-snippet":"max-snippet:-1","max-image-preview":"max-image-preview:large","max-video-preview":"max-video-preview:-1"},"canonical":"https:\/\/www.karaoketexty.cz\/magazin\/monika-absolonova-pred-padesatkou-pod-tlakem-vyprodana-show-ji-stresuje-a-toci-o-sobe-film\/","og_locale":"cs_CZ","og_type":"article","og_title":"Monika Absolonov\u00e1: Vyprodan\u00e1 show a film o sob\u011b","og_description":"Monika Absolonov\u00e1 slav\u00ed v z\u00e1\u0159\u00ed pades\u00e1tiny. \u010cek\u00e1 ji vyprodan\u00e9 O2 universum, dokument \u010cT a otev\u0159en\u011b mluv\u00ed o strachu ze samoty i st\u00e1rnut\u00ed.","og_url":"https:\/\/www.karaoketexty.cz\/magazin\/monika-absolonova-pred-padesatkou-pod-tlakem-vyprodana-show-ji-stresuje-a-toci-o-sobe-film\/","og_site_name":"Stars Magaz\u00edn Karaoketexty.cz","article_published_time":"2026-09-06T05:33:00+00:00","og_image":[{"width":1200,"height":675,"url":"https:\/\/www.karaoketexty.cz\/magazin\/wp-content\/uploads\/2025\/10\/Monika-Absolonova.jpg","type":"image\/jpeg"}],"author":"Radek Kone\u010dn\u00fd","twitter_card":"summary_large_image","twitter_misc":{"Napsal(a)":"Radek Kone\u010dn\u00fd","Odhadovan\u00e1 doba \u010dten\u00ed":"4 minuty"},"schema":{"@context":"https:\/\/schema.org","@graph":[{"@type":"Article","@id":"https:\/\/www.karaoketexty.cz\/magazin\/monika-absolonova-pred-padesatkou-pod-tlakem-vyprodana-show-ji-stresuje-a-toci-o-sobe-film\/#article","isPartOf":{"@id":"https:\/\/www.karaoketexty.cz\/magazin\/monika-absolonova-pred-padesatkou-pod-tlakem-vyprodana-show-ji-stresuje-a-toci-o-sobe-film\/"},"author":{"name":"Radek Kone\u010dn\u00fd","@id":"https:\/\/www.karaoketexty.cz\/magazin\/#\/schema\/person\/524da5b0fbeed4c3aab8132fdf00f2f6"},"headline":"Monika Absolonov\u00e1 p\u0159ed pades\u00e1tkou pod tlakem: Vyprodan\u00e1 show ji stresuje a to\u010d\u00ed o sob\u011b film","datePublished":"2026-09-06T05:33:00+00:00","mainEntityOfPage":{"@id":"https:\/\/www.karaoketexty.cz\/magazin\/monika-absolonova-pred-padesatkou-pod-tlakem-vyprodana-show-ji-stresuje-a-toci-o-sobe-film\/"},"wordCount":843,"commentCount":0,"image":{"@id":"https:\/\/www.karaoketexty.cz\/magazin\/monika-absolonova-pred-padesatkou-pod-tlakem-vyprodana-show-ji-stresuje-a-toci-o-sobe-film\/#primaryimage"},"thumbnailUrl":"https:\/\/www.karaoketexty.cz\/magazin\/wp-content\/uploads\/2025\/10\/Monika-Absolonova.jpg","keywords":["Bruno Mars","cena Th\u00e1lie","\u010desk\u00e1 hudba","Dokument","hudebn\u00ed kari\u00e9ra","koncert","Ledov\u00e9 kr\u00e1lovstv\u00ed","Monika Absolonov\u00e1","O2 Universum","pades\u00e1tiny","\u017eensk\u00e9 um\u011bn\u00ed","\u017eivotn\u00ed bilance"],"articleSection":["Celebrity"],"inLanguage":"cs","potentialAction":[{"@type":"CommentAction","name":"Comment","target":["https:\/\/www.karaoketexty.cz\/magazin\/monika-absolonova-pred-padesatkou-pod-tlakem-vyprodana-show-ji-stresuje-a-toci-o-sobe-film\/#respond"]}]},{"@type":"WebPage","@id":"https:\/\/www.karaoketexty.cz\/magazin\/monika-absolonova-pred-padesatkou-pod-tlakem-vyprodana-show-ji-stresuje-a-toci-o-sobe-film\/","url":"https:\/\/www.karaoketexty.cz\/magazin\/monika-absolonova-pred-padesatkou-pod-tlakem-vyprodana-show-ji-stresuje-a-toci-o-sobe-film\/","name":"Monika Absolonov\u00e1: Vyprodan\u00e1 show a film o sob\u011b","isPartOf":{"@id":"https:\/\/www.karaoketexty.cz\/magazin\/#website"},"primaryImageOfPage":{"@id":"https:\/\/www.karaoketexty.cz\/magazin\/monika-absolonova-pred-padesatkou-pod-tlakem-vyprodana-show-ji-stresuje-a-toci-o-sobe-film\/#primaryimage"},"image":{"@id":"https:\/\/www.karaoketexty.cz\/magazin\/monika-absolonova-pred-padesatkou-pod-tlakem-vyprodana-show-ji-stresuje-a-toci-o-sobe-film\/#primaryimage"},"thumbnailUrl":"https:\/\/www.karaoketexty.cz\/magazin\/wp-content\/uploads\/2025\/10\/Monika-Absolonova.jpg","datePublished":"2026-09-06T05:33:00+00:00","author":{"@id":"https:\/\/www.karaoketexty.cz\/magazin\/#\/schema\/person\/524da5b0fbeed4c3aab8132fdf00f2f6"},"description":"Monika Absolonov\u00e1 slav\u00ed v z\u00e1\u0159\u00ed pades\u00e1tiny. \u010cek\u00e1 ji vyprodan\u00e9 O2 universum, dokument \u010cT a otev\u0159en\u011b mluv\u00ed o strachu ze samoty i st\u00e1rnut\u00ed.","breadcrumb":{"@id":"https:\/\/www.karaoketexty.cz\/magazin\/monika-absolonova-pred-padesatkou-pod-tlakem-vyprodana-show-ji-stresuje-a-toci-o-sobe-film\/#breadcrumb"},"inLanguage":"cs","potentialAction":[{"@type":"ReadAction","target":["https:\/\/www.karaoketexty.cz\/magazin\/monika-absolonova-pred-padesatkou-pod-tlakem-vyprodana-show-ji-stresuje-a-toci-o-sobe-film\/"]}]},{"@type":"ImageObject","inLanguage":"cs","@id":"https:\/\/www.karaoketexty.cz\/magazin\/monika-absolonova-pred-padesatkou-pod-tlakem-vyprodana-show-ji-stresuje-a-toci-o-sobe-film\/#primaryimage","url":"https:\/\/www.karaoketexty.cz\/magazin\/wp-content\/uploads\/2025\/10\/Monika-Absolonova.jpg","contentUrl":"https:\/\/www.karaoketexty.cz\/magazin\/wp-content\/uploads\/2025\/10\/Monika-Absolonova.jpg","width":1200,"height":675,"caption":"Foto: Nextfoto, Monika Absolonov\u00e1"},{"@type":"BreadcrumbList","@id":"https:\/\/www.karaoketexty.cz\/magazin\/monika-absolonova-pred-padesatkou-pod-tlakem-vyprodana-show-ji-stresuje-a-toci-o-sobe-film\/#breadcrumb","itemListElement":[{"@type":"ListItem","position":1,"name":"Dom\u016f","item":"https:\/\/www.karaoketexty.cz\/magazin\/"},{"@type":"ListItem","position":2,"name":"Monika Absolonov\u00e1 p\u0159ed pades\u00e1tkou pod tlakem: Vyprodan\u00e1 show ji stresuje a to\u010d\u00ed o sob\u011b film"}]},{"@type":"WebSite","@id":"https:\/\/www.karaoketexty.cz\/magazin\/#website","url":"https:\/\/www.karaoketexty.cz\/magazin\/","name":"Stars Magaz\u00edn Karaoketexty.cz","description":"Stars Magaz\u00edn na Karaoketexty.cz je zam\u011b\u0159en\u00fd na novinky ze sv\u011bta hudby a celebrit. Obsahuje \u010dl\u00e1nky o zp\u011bv\u00e1c\u00edch, kapel\u00e1ch, nov\u00fdch albech, hudebn\u00edch trendech a dal\u0161\u00edch zaj\u00edmavostech z hudebn\u00edho pr\u016fmyslu.","potentialAction":[{"@type":"SearchAction","target":{"@type":"EntryPoint","urlTemplate":"https:\/\/www.karaoketexty.cz\/magazin\/?s={search_term_string}"},"query-input":{"@type":"PropertyValueSpecification","valueRequired":true,"valueName":"search_term_string"}}],"inLanguage":"cs"},{"@type":"Person","@id":"https:\/\/www.karaoketexty.cz\/magazin\/#\/schema\/person\/524da5b0fbeed4c3aab8132fdf00f2f6","name":"Radek Kone\u010dn\u00fd","image":{"@type":"ImageObject","inLanguage":"cs","@id":"https:\/\/secure.gravatar.com\/avatar\/8dc523befeed7910402c763ae678e41e9d925d26441865f21c954ecb6f4e1b17?s=96&d=mm&r=g","url":"https:\/\/secure.gravatar.com\/avatar\/8dc523befeed7910402c763ae678e41e9d925d26441865f21c954ecb6f4e1b17?s=96&d=mm&r=g","contentUrl":"https:\/\/secure.gravatar.com\/avatar\/8dc523befeed7910402c763ae678e41e9d925d26441865f21c954ecb6f4e1b17?s=96&d=mm&r=g","caption":"Radek Kone\u010dn\u00fd"},"url":"https:\/\/www.karaoketexty.cz\/magazin\/author\/radekkonecny\/"}]}},"_links":{"self":[{"href":"https:\/\/www.karaoketexty.cz\/magazin\/wp-json\/wp\/v2\/posts\/18662","targetHints":{"allow":["GET"]}}],"collection":[{"href":"https:\/\/www.karaoketexty.cz\/magazin\/wp-json\/wp\/v2\/posts"}],"about":[{"href":"https:\/\/www.karaoketexty.cz\/magazin\/wp-json\/wp\/v2\/types\/post"}],"author":[{"embeddable":true,"href":"https:\/\/www.karaoketexty.cz\/magazin\/wp-json\/wp\/v2\/users\/9"}],"replies":[{"embeddable":true,"href":"https:\/\/www.karaoketexty.cz\/magazin\/wp-json\/wp\/v2\/comments?post=18662"}],"version-history":[{"count":10,"href":"https:\/\/www.karaoketexty.cz\/magazin\/wp-json\/wp\/v2\/posts\/18662\/revisions"}],"predecessor-version":[{"id":19215,"href":"https:\/\/www.karaoketexty.cz\/magazin\/wp-json\/wp\/v2\/posts\/18662\/revisions\/19215"}],"wp:featuredmedia":[{"embeddable":true,"href":"https:\/\/www.karaoketexty.cz\/magazin\/wp-json\/wp\/v2\/media\/3718"}],"wp:attachment":[{"href":"https:\/\/www.karaoketexty.cz\/magazin\/wp-json\/wp\/v2\/media?parent=18662"}],"wp:term":[{"taxonomy":"category","embeddable":true,"href":"https:\/\/www.karaoketexty.cz\/magazin\/wp-json\/wp\/v2\/categories?post=18662"},{"taxonomy":"post_tag","embeddable":true,"href":"https:\/\/www.karaoketexty.cz\/magazin\/wp-json\/wp\/v2\/tags?post=18662"}],"curies":[{"name":"wp","href":"https:\/\/api.w.org\/{rel}","templated":true}]}}