{"id":18653,"date":"2026-09-06T06:02:00","date_gmt":"2026-09-06T04:02:00","guid":{"rendered":"https:\/\/www.karaoketexty.cz\/magazin\/?p=18653"},"modified":"2026-09-04T17:56:58","modified_gmt":"2026-09-04T15:56:58","slug":"zaplat-panbuh-ze-tam-je-dan-barta-v-lanech-chvalil-pavla-a-ostre-zkritizoval-babisuv-kabinet","status":"publish","type":"post","link":"https:\/\/www.karaoketexty.cz\/magazin\/zaplat-panbuh-ze-tam-je-dan-barta-v-lanech-chvalil-pavla-a-ostre-zkritizoval-babisuv-kabinet\/","title":{"rendered":"\u201eZapla\u0165 p\u00e1nb\u016fh, \u017ee tam je.\u201c Dan B\u00e1rta v L\u00e1nech chv\u00e1lil Pavla a ost\u0159e zkritizoval Babi\u0161\u016fv kabinet"},"content":{"rendered":"\n<p class=\"wp-block-paragraph\"><strong>Dan B\u00e1rta se po setk\u00e1n\u00ed v L\u00e1nech ost\u0159e pustil do Babi\u0161ova kabinetu. ozna\u010dil ministry za sebest\u0159edn\u00e9 a drz\u00e9 a varoval p\u0159ed t\u00edm, co nazval \u201esoft spin diktaturkou\u201c.<\/strong><\/p>\n\n\n\n<p class=\"wp-block-paragraph\">V L\u00e1nech se mluvilo hlavn\u011b o klimatick\u00fdch t\u00e9matech: o suchu, dopadech na krajinu, zem\u011bd\u011blstv\u00ed i lesy. \u017de se akce z\u00fa\u010dastnil i Dan B\u00e1rta, nen\u00ed \u017e\u00e1dn\u00e9 nedopat\u0159en\u00ed, jak bychom na Karaoketexty cht\u011bli p\u0159ipomenout. Jeho po\u0159ad Krajina Dana B\u00e1rty na \u010cesk\u00e9 televizi u\u017e d\u0159\u00edv uk\u00e1zal, \u017ee p\u0159\u00edrodu nebere jako hezkou kulisu k rozhovor\u016fm, ale jako v\u011bc, kterou sleduje dlouhodob\u011b a docela zbl\u00edzka. <\/p>\n\n\n<!-- karaoketexty.cz \/ rectangle2 -->\n<div id=\"PX_37086_709110796310826\"><\/div>\n<script>\n   if(!useMobileAds && !boolUseSeznamAds && !hideAllAds){\n     window.px2 = window.px2 || { conf: {},queue: [] };\n     px2.queue.push(function () {\n        px2.render({\n           slot: {\n              id: 37086\n           },\n            elem: \"PX_37086_709110796310826\"\n        })\n     });\n  }\n<\/script>\n\n<!-- karaoketexty.cz \/ mobile-rectangle3 -->\n<div id=\"PX_37044_714599773297004\"><\/div>\n<script>\n   if(useMobileAds && !boolUseSeznamAds && !hideAllAds){\nwindow.px2 = window.px2 || { conf: {},queue: [] };\npx2.queue.push(function () {\n\tpx2.render({\n\t\tslot: {\n\t\t\tid: 37044\n\t\t},\n\t\telem: \"PX_37044_714599773297004\"\n\t})\n});\n}\n<\/script>\n\n\n<h2 class=\"wp-block-heading\">Prezident, kter\u00fd tam b\u00fdt necht\u011bl a p\u0159esto tam b\u00fdt mus\u00ed<\/h2>\n\n\n\n<p class=\"wp-block-paragraph\">V rozhovoru pro eXtra.cz se po zm\u00edn\u011bn\u00e9m setk\u00e1n\u00ed odborn\u00edk\u016f \u0159e\u010d sto\u010dila i k politice. O Petru Pavlovi mluvil B\u00e1rta bez velk\u00e9ho obch\u00e1zen\u00ed. P\u0159ipomn\u011bl, \u017ee v prezidentsk\u00e9 volb\u011b byl pro n\u011bj jasnou volbou. Oslovilo ho u\u017e tehdy, jak v\u011bcn\u011b a d\u016fv\u011bryhodn\u011b na n\u011bj Pavel p\u016fsobil, a sv\u016fj pohled na n\u011bj v\u00fdrazn\u011b nezm\u011bnil ani po jeho n\u00e1stupu na Hrad.<\/p>\n\n\n\n<p class=\"wp-block-paragraph\">Dne\u0161n\u00ed Pavlovu pozici ale B\u00e1rta vn\u00edm\u00e1 jako zvl\u00e1\u0161tn\u00ed a do jist\u00e9 m\u00edry nepohodlnou. Prezident se podle n\u011bj ocitl v situaci, kdy by nejsp\u00ed\u0161 s\u00e1m necht\u011bl b\u00fdt, proto\u017ee kv\u016fli sou\u010dasn\u00e9mu rozlo\u017een\u00ed politick\u00fdch sil za\u010d\u00edn\u00e1 do ur\u010dit\u00e9 m\u00edry p\u0159eb\u00edrat i roli l\u00eddra opozice. Ne proto, \u017ee by o ni usiloval, ale proto\u017ee podle B\u00e1rty skute\u010dn\u00e1 opozice svou \u00falohu dostate\u010dn\u011b nepln\u00ed.<\/p>\n\n\n<!-- karaoketexty.cz \/ interscroller1 -->\n\n<div id=\"PX_37041_825057871452834\"><\/div>\n<script>\nif(useMobileAds && !boolUseSeznamAds && !hideAllAds){\n\twindow.px2 = window.px2 || { conf: {},queue: [] };\n\tpx2.queue.push(function () {\n\t\tpx2.render({\n\t\t\tslot: {\n\t\t\t\tid: 37041\n\t\t\t},\n\t\t\telem: \"PX_37041_825057871452834\"\n\t\t})\n\t});\n}\n<\/script>\n\n\n<p class=\"wp-block-paragraph\">Pr\u00e1v\u011b proto prezidentovi p\u0159i\u010d\u00edt\u00e1 ur\u010ditou z\u00e1sluhu za to, \u017ee se nenech\u00e1v\u00e1 st\u00e1hnout do stylu politick\u00e9 komunikace, kter\u00fd pova\u017euje za nevkusn\u00fd. \u201e<em>Zapla\u0165 p\u00e1nb\u016fh, \u017ee tam je,<\/em>\u201c shrnul sv\u016fj pohled B\u00e1rta. Pavlovu pozici tak nevn\u00edm\u00e1 jako pohodlnou ani jednoduchou, ale sp\u00ed\u0161 jako roli, kter\u00e1 vy\u017eaduje ur\u010ditou odolnost v\u016f\u010di politick\u00e9mu tlaku.<\/p>\n\n\n\n<h2 class=\"wp-block-heading\">Sebest\u0159edn\u00ed, drz\u00ed a nezodpov\u011bdn\u00ed <\/h2>\n\n\n\n<p class=\"wp-block-paragraph\">Na p\u0159\u00edmou ot\u00e1zku, jestli si Babi\u0161 a minist\u0159i za ANO uv\u011bdomuj\u00ed v\u00e1\u017enost situace, odpov\u011bd\u011bl stejn\u011b p\u0159\u00edmo: <em>\u201eJ\u00e1 si mysl\u00edm, \u017ee t\u011bm lidem je to vlastn\u011b v podstat\u011b jedno.<\/em>\u201c<\/p>\n\n\n\n<p class=\"wp-block-paragraph\">B\u00e1rta mluvil i o \u0161ir\u0161\u00edm riziku. Postup vl\u00e1dy ozna\u010dil za budov\u00e1n\u00ed n\u011b\u010deho, co s\u00e1m nazval <em>\u201esoft spin diktaturkou<\/em>\u201c. M\u011bl t\u00edm na mysli stav, kdy se p\u0159es posouv\u00e1n\u00ed a p\u0159ekrucov\u00e1n\u00ed fakt\u016f o p\u0159\u00edrod\u011b a ekologii vytvo\u0159\u00ed prost\u0159ed\u00ed, v n\u011bm\u017e se vl\u00e1dnouc\u00ed nemusej\u00ed re\u00e1ln\u011b zodpov\u00eddat z v\u00fdsledk\u016f. P\u0159idal i varov\u00e1n\u00ed, \u017ee ko\u0159istnick\u00fd p\u0159\u00edstup ke krajin\u011b se bude vracet v praxi: sucha podobn\u00e1 tomu leto\u0161n\u00edmu p\u0159ijdou \u010dast\u011bji a jejich zvl\u00e1d\u00e1n\u00ed bude st\u00e1t v\u00edc pen\u011bz i \u00fasil\u00ed.<\/p>\n\n\n\n<h2 class=\"wp-block-heading\">Kdo je Dan B\u00e1rta<\/h2>\n\n\n\n<p class=\"wp-block-paragraph\">Dan B\u00e1rta je \u010desk\u00fd zp\u011bv\u00e1k a hudebn\u00edk, kter\u00e9ho si poslucha\u010di spojuj\u00ed p\u0159edev\u0161\u00edm s kapelou Illustratosphere, ale tak\u00e9 s \u0159adou dal\u0161\u00edch hudebn\u00edch projekt\u016f. Jeho z\u00e1jem ale d\u00e1vno nekon\u010d\u00ed u hudby. Dlouhodob\u011b se v\u011bnuje p\u0159\u00edrod\u011b, zejm\u00e9na pozorov\u00e1n\u00ed a ochran\u011b v\u00e1\u017eek, a pr\u00e1v\u011b tento z\u00e1jem se postupn\u011b prom\u00edtl i do jeho ve\u0159ejn\u00e9ho p\u016fsoben\u00ed.<\/p>\n\n\n\n<blockquote class=\"instagram-media\" data-instgrm-captioned data-instgrm-permalink=\"https:\/\/www.instagram.com\/reel\/DZ9gV9eNt_Y\/?utm_source=ig_embed&amp;utm_campaign=loading\" data-instgrm-version=\"14\" style=\" background:#FFF; border:0; border-radius:3px; box-shadow:0 0 1px 0 rgba(0,0,0,0.5),0 1px 10px 0 rgba(0,0,0,0.15); margin: 1px; max-width:540px; min-width:326px; padding:0; width:99.375%; width:-webkit-calc(100% - 2px); width:calc(100% - 2px);\"><div style=\"padding:16px;\"> <a href=\"https:\/\/www.instagram.com\/reel\/DZ9gV9eNt_Y\/?utm_source=ig_embed&amp;utm_campaign=loading\" style=\" background:#FFFFFF; line-height:0; padding:0 0; text-align:center; text-decoration:none; width:100%;\" target=\"_blank\"> <div style=\" display: flex; flex-direction: row; align-items: center;\"> <div style=\"background-color: #F4F4F4; border-radius: 50%; flex-grow: 0; height: 40px; margin-right: 14px; width: 40px;\"><\/div> <div style=\"display: flex; flex-direction: column; flex-grow: 1; justify-content: center;\"> <div style=\" background-color: #F4F4F4; border-radius: 4px; flex-grow: 0; height: 14px; margin-bottom: 6px; width: 100px;\"><\/div> <div style=\" background-color: #F4F4F4; border-radius: 4px; flex-grow: 0; height: 14px; width: 60px;\"><\/div><\/div><\/div><div style=\"padding: 19% 0;\"><\/div> <div style=\"display:block; height:50px; margin:0 auto 12px; width:50px;\"><svg width=\"50px\" height=\"50px\" viewBox=\"0 0 60 60\" version=\"1.1\" xmlns=\"https:\/\/www.w3.org\/2000\/svg\" xmlns:xlink=\"https:\/\/www.w3.org\/1999\/xlink\"><g stroke=\"none\" stroke-width=\"1\" fill=\"none\" fill-rule=\"evenodd\"><g transform=\"translate(-511.000000, -20.000000)\" fill=\"#000000\"><g><path d=\"M556.869,30.41 C554.814,30.41 553.148,32.076 553.148,34.131 C553.148,36.186 554.814,37.852 556.869,37.852 C558.924,37.852 560.59,36.186 560.59,34.131 C560.59,32.076 558.924,30.41 556.869,30.41 M541,60.657 C535.114,60.657 530.342,55.887 530.342,50 C530.342,44.114 535.114,39.342 541,39.342 C546.887,39.342 551.658,44.114 551.658,50 C551.658,55.887 546.887,60.657 541,60.657 M541,33.886 C532.1,33.886 524.886,41.1 524.886,50 C524.886,58.899 532.1,66.113 541,66.113 C549.9,66.113 557.115,58.899 557.115,50 C557.115,41.1 549.9,33.886 541,33.886 M565.378,62.101 C565.244,65.022 564.756,66.606 564.346,67.663 C563.803,69.06 563.154,70.057 562.106,71.106 C561.058,72.155 560.06,72.803 558.662,73.347 C557.607,73.757 556.021,74.244 553.102,74.378 C549.944,74.521 548.997,74.552 541,74.552 C533.003,74.552 532.056,74.521 528.898,74.378 C525.979,74.244 524.393,73.757 523.338,73.347 C521.94,72.803 520.942,72.155 519.894,71.106 C518.846,70.057 518.197,69.06 517.654,67.663 C517.244,66.606 516.755,65.022 516.623,62.101 C516.479,58.943 516.448,57.996 516.448,50 C516.448,42.003 516.479,41.056 516.623,37.899 C516.755,34.978 517.244,33.391 517.654,32.338 C518.197,30.938 518.846,29.942 519.894,28.894 C520.942,27.846 521.94,27.196 523.338,26.654 C524.393,26.244 525.979,25.756 528.898,25.623 C532.057,25.479 533.004,25.448 541,25.448 C548.997,25.448 549.943,25.479 553.102,25.623 C556.021,25.756 557.607,26.244 558.662,26.654 C560.06,27.196 561.058,27.846 562.106,28.894 C563.154,29.942 563.803,30.938 564.346,32.338 C564.756,33.391 565.244,34.978 565.378,37.899 C565.522,41.056 565.552,42.003 565.552,50 C565.552,57.996 565.522,58.943 565.378,62.101 M570.82,37.631 C570.674,34.438 570.167,32.258 569.425,30.349 C568.659,28.377 567.633,26.702 565.965,25.035 C564.297,23.368 562.623,22.342 560.652,21.575 C558.743,20.834 556.562,20.326 553.369,20.18 C550.169,20.033 549.148,20 541,20 C532.853,20 531.831,20.033 528.631,20.18 C525.438,20.326 523.257,20.834 521.349,21.575 C519.376,22.342 517.703,23.368 516.035,25.035 C514.368,26.702 513.342,28.377 512.574,30.349 C511.834,32.258 511.326,34.438 511.181,37.631 C511.035,40.831 511,41.851 511,50 C511,58.147 511.035,59.17 511.181,62.369 C511.326,65.562 511.834,67.743 512.574,69.651 C513.342,71.625 514.368,73.296 516.035,74.965 C517.703,76.634 519.376,77.658 521.349,78.425 C523.257,79.167 525.438,79.673 528.631,79.82 C531.831,79.965 532.853,80.001 541,80.001 C549.148,80.001 550.169,79.965 553.369,79.82 C556.562,79.673 558.743,79.167 560.652,78.425 C562.623,77.658 564.297,76.634 565.965,74.965 C567.633,73.296 568.659,71.625 569.425,69.651 C570.167,67.743 570.674,65.562 570.82,62.369 C570.966,59.17 571,58.147 571,50 C571,41.851 570.966,40.831 570.82,37.631\"><\/path><\/g><\/g><\/g><\/svg><\/div><div style=\"padding-top: 8px;\"> <div style=\" color:#3897f0; font-family:Arial,sans-serif; font-size:14px; font-style:normal; font-weight:550; line-height:18px;\">Zobrazit p\u0159\u00edsp\u011bvek na Instagramu<\/div><\/div><div style=\"padding: 12.5% 0;\"><\/div> <div style=\"display: flex; flex-direction: row; margin-bottom: 14px; align-items: center;\"><div> <div style=\"background-color: #F4F4F4; border-radius: 50%; height: 12.5px; width: 12.5px; transform: translateX(0px) translateY(7px);\"><\/div> <div style=\"background-color: #F4F4F4; height: 12.5px; transform: rotate(-45deg) translateX(3px) translateY(1px); width: 12.5px; flex-grow: 0; margin-right: 14px; margin-left: 2px;\"><\/div> <div style=\"background-color: #F4F4F4; border-radius: 50%; height: 12.5px; width: 12.5px; transform: translateX(9px) translateY(-18px);\"><\/div><\/div><div style=\"margin-left: 8px;\"> <div style=\" background-color: #F4F4F4; border-radius: 50%; flex-grow: 0; height: 20px; width: 20px;\"><\/div> <div style=\" width: 0; height: 0; border-top: 2px solid transparent; border-left: 6px solid #f4f4f4; border-bottom: 2px solid transparent; transform: translateX(16px) translateY(-4px) rotate(30deg)\"><\/div><\/div><div style=\"margin-left: auto;\"> <div style=\" width: 0px; border-top: 8px solid #F4F4F4; border-right: 8px solid transparent; transform: translateY(16px);\"><\/div> <div style=\" background-color: #F4F4F4; flex-grow: 0; height: 12px; width: 16px; transform: translateY(-4px);\"><\/div> <div style=\" width: 0; height: 0; border-top: 8px solid #F4F4F4; border-left: 8px solid transparent; transform: translateY(-4px) translateX(8px);\"><\/div><\/div><\/div> <div style=\"display: flex; flex-direction: column; flex-grow: 1; justify-content: center; margin-bottom: 24px;\"> <div style=\" background-color: #F4F4F4; border-radius: 4px; flex-grow: 0; height: 14px; margin-bottom: 6px; width: 224px;\"><\/div> <div style=\" background-color: #F4F4F4; border-radius: 4px; flex-grow: 0; height: 14px; width: 144px;\"><\/div><\/div><\/a><p style=\" color:#c9c8cd; font-family:Arial,sans-serif; font-size:14px; line-height:17px; margin-bottom:0; margin-top:8px; overflow:hidden; padding:8px 0 7px; text-align:center; text-overflow:ellipsis; white-space:nowrap;\"><a href=\"https:\/\/www.instagram.com\/reel\/DZ9gV9eNt_Y\/?utm_source=ig_embed&amp;utm_campaign=loading\" style=\" color:#c9c8cd; font-family:Arial,sans-serif; font-size:14px; font-style:normal; font-weight:normal; line-height:17px; text-decoration:none;\" target=\"_blank\">P\u0159\u00edsp\u011bvek sd\u00edlen\u00fd Dan B\u00e1rta (@dan_barta_official)<\/a><\/p><\/div><\/blockquote>\n<script async src=\"\/\/www.instagram.com\/embed.js\"><\/script>\n\n\n\n<p class=\"wp-block-paragraph\">Je proto p\u0159\u00edzna\u010dn\u00e9, \u017ee se v po\u0159adu Krajina Dana B\u00e1rty nev\u011bnuje p\u0159\u00edrod\u011b jen jako atraktivn\u00edmu televizn\u00edmu t\u00e9matu. Zaj\u00edm\u00e1 ho, co se s \u010deskou krajinou skute\u010dn\u011b d\u011bje, jak ji m\u011bn\u00ed zem\u011bd\u011blstv\u00ed, hospoda\u0159en\u00ed v les\u00edch nebo klimatick\u00e9 zm\u011bny a co tyto z\u00e1sahy znamenaj\u00ed pro jednotliv\u00e9 druhy i pro \u010dlov\u011bka. Jeho ekologick\u00e9 postoje tak nevyr\u016fstaj\u00ed pouze z aktu\u00e1ln\u00ed politick\u00e9 debaty. Vych\u00e1zej\u00ed z dlouhodob\u00e9ho osobn\u00edho vztahu k p\u0159\u00edrod\u011b, kter\u00fd je u B\u00e1rty patrn\u00fd u\u017e \u0159adu let.<\/p>\n\n\n\n<p class=\"wp-block-paragraph\">Zdroje: Autorsk\u00fd text, <a href=\"https:\/\/www.extra.cz\/dan-barta-setrel-babisovu-vladu-tvrda-slova-o-sebestrednosti-a-drzosti-8a346\" target=\"_blank\" rel=\"nofollow\">eXtra.cz<\/a>, <a href=\"https:\/\/facebook.com\/reel\/1760941611586259\/?s=single_unit&amp;locale=cs_CZ\" target=\"_blank\" rel=\"noreferrer noopener nofollow\">Facebook Petr Pavel<\/a>, <a href=\"https:\/\/cs.wikipedia.org\/wiki\/Dan_B%C3%A1rta\" target=\"_blank\" rel=\"noreferrer noopener nofollow\">Wikipedie<\/a><\/p>\n\n\n            <a href=\"https:\/\/www.karaoketexty.cz\/magazin\/klempir-mluvil-o-chybejici-pozvance-na-andely-organizatori-pak-ukazali-ze-ji-dostal\/\" class=\"related-post-link\">\n                <div class=\"post-thumbnail\">\n                    <img decoding=\"async\" width=\"250\" height=\"141\" src=\"https:\/\/www.karaoketexty.cz\/magazin\/wp-content\/uploads\/2026\/05\/oto-klempir-pozvanka.jpg\" class=\"attachment-250x180 size-250x180 not-transparent\" alt=\"Oto Klemp\u00ed\u0159 pozv\u00e1nka\" srcset=\"https:\/\/www.karaoketexty.cz\/magazin\/wp-content\/uploads\/2026\/05\/oto-klempir-pozvanka.jpg 1200w, https:\/\/www.karaoketexty.cz\/magazin\/wp-content\/uploads\/2026\/05\/oto-klempir-pozvanka-300x169.jpg 300w, https:\/\/www.karaoketexty.cz\/magazin\/wp-content\/uploads\/2026\/05\/oto-klempir-pozvanka-1024x576.jpg 1024w, https:\/\/www.karaoketexty.cz\/magazin\/wp-content\/uploads\/2026\/05\/oto-klempir-pozvanka-768x432.jpg 768w, https:\/\/www.karaoketexty.cz\/magazin\/wp-content\/uploads\/2026\/05\/oto-klempir-pozvanka-800x450.jpg 800w\" sizes=\"(max-width: 250px) 100vw, 250px\" data-has-transparency=\"false\" data-dominant-color=\"6c5950\" style=\"--dominant-color: #6c5950;\" \/>                <\/div>\n                <div class=\"post-details\">\n                    <span class=\"also-read\">\u010ct\u011bte tak\u00e9:<\/span>\n                    <h3 class=\"hed\">Klemp\u00ed\u0159 mluvil o chyb\u011bj\u00edc\u00ed pozv\u00e1nce na And\u011bly, organiz\u00e1to\u0159i pak uk\u00e1zali, \u017ee ji dostal<\/h3>\n                <\/div>\n            <\/a>\n            \n\n            <a href=\"https:\/\/www.karaoketexty.cz\/magazin\/daniel-hulka-kritizoval-minulost-prezidenta-petra-pavla-jeho-vyroky-vyvolaly-rozporuplne-reakce-verejnosti\/\" class=\"related-post-link\">\n                <div class=\"post-thumbnail\">\n                    <img decoding=\"async\" width=\"250\" height=\"167\" src=\"https:\/\/www.karaoketexty.cz\/magazin\/wp-content\/uploads\/2025\/11\/daniel-hulka.jpg\" class=\"attachment-250x180 size-250x180 not-transparent\" alt=\"Dan H\u016flka\" srcset=\"https:\/\/www.karaoketexty.cz\/magazin\/wp-content\/uploads\/2025\/11\/daniel-hulka.jpg 1200w, https:\/\/www.karaoketexty.cz\/magazin\/wp-content\/uploads\/2025\/11\/daniel-hulka-300x200.jpg 300w, https:\/\/www.karaoketexty.cz\/magazin\/wp-content\/uploads\/2025\/11\/daniel-hulka-1024x683.jpg 1024w, https:\/\/www.karaoketexty.cz\/magazin\/wp-content\/uploads\/2025\/11\/daniel-hulka-768x512.jpg 768w, https:\/\/www.karaoketexty.cz\/magazin\/wp-content\/uploads\/2025\/11\/daniel-hulka-800x533.jpg 800w\" sizes=\"(max-width: 250px) 100vw, 250px\" data-has-transparency=\"false\" data-dominant-color=\"4b4133\" style=\"--dominant-color: #4b4133;\" \/>                <\/div>\n                <div class=\"post-details\">\n                    <span class=\"also-read\">\u010ct\u011bte tak\u00e9:<\/span>\n                    <h3 class=\"hed\">Daniel H\u016flka kritizoval minulost prezidenta Petra Pavla: Jeho v\u00fdroky vyvolaly rozporupln\u00e9 reakce ve\u0159ejnosti<\/h3>\n                <\/div>\n            <\/a>\n            ","protected":false},"excerpt":{"rendered":"<p>Dan B\u00e1rta se po setk\u00e1n\u00ed v L\u00e1nech ost\u0159e pustil do Babi\u0161ova kabinetu. ozna\u010dil ministry za sebest\u0159edn\u00e9 a drz\u00e9 a varoval p\u0159ed t\u00edm, co nazval \u201esoft spin diktaturkou\u201c.<\/p>\n","protected":false},"author":9,"featured_media":18660,"comment_status":"open","ping_status":"closed","sticky":false,"template":"","format":"standard","meta":{"footnotes":""},"categories":[1059],"tags":[6664,571,10,2543,4402,579,5468,11488,4404,2160,3305],"class_list":["post-18653","post","type-post","status-publish","format-standard","has-post-thumbnail","hentry","category-celebrity","tag-andrej-babis","tag-ceska-hudba","tag-dan-barta","tag-ekologie","tag-hudebni-projekt","tag-illustratosphere","tag-klimaticke-zmeny","tag-krajina-dana-barty","tag-petr-pavel","tag-politika","tag-priroda"],"yoast_head":"<!-- This site is optimized with the Yoast SEO plugin v28.3 - https:\/\/yoast.com\/product\/yoast-seo-wordpress\/ -->\n<title>Dan B\u00e1rta kritizoval Babi\u0161\u016fv kabinet: Co \u0159ekl po n\u00e1v\u0161t\u011bv\u011b L\u00e1n<\/title>\n<meta name=\"description\" content=\"Zp\u011bv\u00e1k Dan B\u00e1rta po setk\u00e1n\u00ed v L\u00e1nech ne\u0161et\u0159il kritikou Babi\u0161ovy vl\u00e1dy. Ozna\u010dil ji za sebest\u0159ednou a drzou, prezidenta Pavla naopak ocenil.\" \/>\n<meta name=\"robots\" content=\"index, follow, max-snippet:-1, max-image-preview:large, max-video-preview:-1\" \/>\n<link rel=\"canonical\" href=\"https:\/\/www.karaoketexty.cz\/magazin\/zaplat-panbuh-ze-tam-je-dan-barta-v-lanech-chvalil-pavla-a-ostre-zkritizoval-babisuv-kabinet\/\" \/>\n<meta property=\"og:locale\" content=\"cs_CZ\" \/>\n<meta property=\"og:type\" content=\"article\" \/>\n<meta property=\"og:title\" content=\"Dan B\u00e1rta kritizoval Babi\u0161\u016fv kabinet: Co \u0159ekl po n\u00e1v\u0161t\u011bv\u011b L\u00e1n\" \/>\n<meta property=\"og:description\" content=\"Zp\u011bv\u00e1k Dan B\u00e1rta po setk\u00e1n\u00ed v L\u00e1nech ne\u0161et\u0159il kritikou Babi\u0161ovy vl\u00e1dy. Ozna\u010dil ji za sebest\u0159ednou a drzou, prezidenta Pavla naopak ocenil.\" \/>\n<meta property=\"og:url\" content=\"https:\/\/www.karaoketexty.cz\/magazin\/zaplat-panbuh-ze-tam-je-dan-barta-v-lanech-chvalil-pavla-a-ostre-zkritizoval-babisuv-kabinet\/\" \/>\n<meta property=\"og:site_name\" content=\"Stars Magaz\u00edn Karaoketexty.cz\" \/>\n<meta property=\"article:published_time\" content=\"2026-09-06T04:02:00+00:00\" \/>\n<meta property=\"og:image\" content=\"https:\/\/www.karaoketexty.cz\/magazin\/wp-content\/uploads\/2026\/08\/foto-dan-barta.jpg\" \/>\n\t<meta property=\"og:image:width\" content=\"1200\" \/>\n\t<meta property=\"og:image:height\" content=\"674\" \/>\n\t<meta property=\"og:image:type\" content=\"image\/jpeg\" \/>\n<meta name=\"author\" content=\"Radek Kone\u010dn\u00fd\" \/>\n<meta name=\"twitter:card\" content=\"summary_large_image\" \/>\n<meta name=\"twitter:label1\" content=\"Napsal(a)\" \/>\n\t<meta name=\"twitter:data1\" content=\"Radek Kone\u010dn\u00fd\" \/>\n\t<meta name=\"twitter:label2\" content=\"Odhadovan\u00e1 doba \u010dten\u00ed\" \/>\n\t<meta name=\"twitter:data2\" content=\"3 minuty\" \/>\n<script type=\"application\/ld+json\" class=\"yoast-schema-graph\">{\"@context\":\"https:\\\/\\\/schema.org\",\"@graph\":[{\"@type\":\"Article\",\"@id\":\"https:\\\/\\\/www.karaoketexty.cz\\\/magazin\\\/zaplat-panbuh-ze-tam-je-dan-barta-v-lanech-chvalil-pavla-a-ostre-zkritizoval-babisuv-kabinet\\\/#article\",\"isPartOf\":{\"@id\":\"https:\\\/\\\/www.karaoketexty.cz\\\/magazin\\\/zaplat-panbuh-ze-tam-je-dan-barta-v-lanech-chvalil-pavla-a-ostre-zkritizoval-babisuv-kabinet\\\/\"},\"author\":{\"name\":\"Radek Kone\u010dn\u00fd\",\"@id\":\"https:\\\/\\\/www.karaoketexty.cz\\\/magazin\\\/#\\\/schema\\\/person\\\/524da5b0fbeed4c3aab8132fdf00f2f6\"},\"headline\":\"\u201eZapla\u0165 p\u00e1nb\u016fh, \u017ee tam je.\u201c Dan B\u00e1rta v L\u00e1nech chv\u00e1lil Pavla a ost\u0159e zkritizoval Babi\u0161\u016fv kabinet\",\"datePublished\":\"2026-09-06T04:02:00+00:00\",\"mainEntityOfPage\":{\"@id\":\"https:\\\/\\\/www.karaoketexty.cz\\\/magazin\\\/zaplat-panbuh-ze-tam-je-dan-barta-v-lanech-chvalil-pavla-a-ostre-zkritizoval-babisuv-kabinet\\\/\"},\"wordCount\":732,\"commentCount\":0,\"image\":{\"@id\":\"https:\\\/\\\/www.karaoketexty.cz\\\/magazin\\\/zaplat-panbuh-ze-tam-je-dan-barta-v-lanech-chvalil-pavla-a-ostre-zkritizoval-babisuv-kabinet\\\/#primaryimage\"},\"thumbnailUrl\":\"https:\\\/\\\/www.karaoketexty.cz\\\/magazin\\\/wp-content\\\/uploads\\\/2026\\\/08\\\/foto-dan-barta.jpg\",\"keywords\":[\"Andrej Babi\u0161\",\"\u010desk\u00e1 hudba\",\"Dan B\u00e1rta\",\"ekologie\",\"hudebn\u00ed projekt\",\"Illustratosphere\",\"klimatick\u00e9 zm\u011bny\",\"Krajina Dana B\u00e1rty\",\"Petr Pavel\",\"politika\",\"p\u0159\u00edroda\"],\"articleSection\":[\"Celebrity\"],\"inLanguage\":\"cs\",\"potentialAction\":[{\"@type\":\"CommentAction\",\"name\":\"Comment\",\"target\":[\"https:\\\/\\\/www.karaoketexty.cz\\\/magazin\\\/zaplat-panbuh-ze-tam-je-dan-barta-v-lanech-chvalil-pavla-a-ostre-zkritizoval-babisuv-kabinet\\\/#respond\"]}]},{\"@type\":\"WebPage\",\"@id\":\"https:\\\/\\\/www.karaoketexty.cz\\\/magazin\\\/zaplat-panbuh-ze-tam-je-dan-barta-v-lanech-chvalil-pavla-a-ostre-zkritizoval-babisuv-kabinet\\\/\",\"url\":\"https:\\\/\\\/www.karaoketexty.cz\\\/magazin\\\/zaplat-panbuh-ze-tam-je-dan-barta-v-lanech-chvalil-pavla-a-ostre-zkritizoval-babisuv-kabinet\\\/\",\"name\":\"Dan B\u00e1rta kritizoval Babi\u0161\u016fv kabinet: Co \u0159ekl po n\u00e1v\u0161t\u011bv\u011b L\u00e1n\",\"isPartOf\":{\"@id\":\"https:\\\/\\\/www.karaoketexty.cz\\\/magazin\\\/#website\"},\"primaryImageOfPage\":{\"@id\":\"https:\\\/\\\/www.karaoketexty.cz\\\/magazin\\\/zaplat-panbuh-ze-tam-je-dan-barta-v-lanech-chvalil-pavla-a-ostre-zkritizoval-babisuv-kabinet\\\/#primaryimage\"},\"image\":{\"@id\":\"https:\\\/\\\/www.karaoketexty.cz\\\/magazin\\\/zaplat-panbuh-ze-tam-je-dan-barta-v-lanech-chvalil-pavla-a-ostre-zkritizoval-babisuv-kabinet\\\/#primaryimage\"},\"thumbnailUrl\":\"https:\\\/\\\/www.karaoketexty.cz\\\/magazin\\\/wp-content\\\/uploads\\\/2026\\\/08\\\/foto-dan-barta.jpg\",\"datePublished\":\"2026-09-06T04:02:00+00:00\",\"author\":{\"@id\":\"https:\\\/\\\/www.karaoketexty.cz\\\/magazin\\\/#\\\/schema\\\/person\\\/524da5b0fbeed4c3aab8132fdf00f2f6\"},\"description\":\"Zp\u011bv\u00e1k Dan B\u00e1rta po setk\u00e1n\u00ed v L\u00e1nech ne\u0161et\u0159il kritikou Babi\u0161ovy vl\u00e1dy. Ozna\u010dil ji za sebest\u0159ednou a drzou, prezidenta Pavla naopak ocenil.\",\"breadcrumb\":{\"@id\":\"https:\\\/\\\/www.karaoketexty.cz\\\/magazin\\\/zaplat-panbuh-ze-tam-je-dan-barta-v-lanech-chvalil-pavla-a-ostre-zkritizoval-babisuv-kabinet\\\/#breadcrumb\"},\"inLanguage\":\"cs\",\"potentialAction\":[{\"@type\":\"ReadAction\",\"target\":[\"https:\\\/\\\/www.karaoketexty.cz\\\/magazin\\\/zaplat-panbuh-ze-tam-je-dan-barta-v-lanech-chvalil-pavla-a-ostre-zkritizoval-babisuv-kabinet\\\/\"]}]},{\"@type\":\"ImageObject\",\"inLanguage\":\"cs\",\"@id\":\"https:\\\/\\\/www.karaoketexty.cz\\\/magazin\\\/zaplat-panbuh-ze-tam-je-dan-barta-v-lanech-chvalil-pavla-a-ostre-zkritizoval-babisuv-kabinet\\\/#primaryimage\",\"url\":\"https:\\\/\\\/www.karaoketexty.cz\\\/magazin\\\/wp-content\\\/uploads\\\/2026\\\/08\\\/foto-dan-barta.jpg\",\"contentUrl\":\"https:\\\/\\\/www.karaoketexty.cz\\\/magazin\\\/wp-content\\\/uploads\\\/2026\\\/08\\\/foto-dan-barta.jpg\",\"width\":1200,\"height\":674,\"caption\":\"Dan B\u00e1rta\"},{\"@type\":\"BreadcrumbList\",\"@id\":\"https:\\\/\\\/www.karaoketexty.cz\\\/magazin\\\/zaplat-panbuh-ze-tam-je-dan-barta-v-lanech-chvalil-pavla-a-ostre-zkritizoval-babisuv-kabinet\\\/#breadcrumb\",\"itemListElement\":[{\"@type\":\"ListItem\",\"position\":1,\"name\":\"Dom\u016f\",\"item\":\"https:\\\/\\\/www.karaoketexty.cz\\\/magazin\\\/\"},{\"@type\":\"ListItem\",\"position\":2,\"name\":\"\u201eZapla\u0165 p\u00e1nb\u016fh, \u017ee tam je.\u201c Dan B\u00e1rta v L\u00e1nech chv\u00e1lil Pavla a ost\u0159e zkritizoval Babi\u0161\u016fv kabinet\"}]},{\"@type\":\"WebSite\",\"@id\":\"https:\\\/\\\/www.karaoketexty.cz\\\/magazin\\\/#website\",\"url\":\"https:\\\/\\\/www.karaoketexty.cz\\\/magazin\\\/\",\"name\":\"Stars Magaz\u00edn Karaoketexty.cz\",\"description\":\"Stars Magaz\u00edn na Karaoketexty.cz je zam\u011b\u0159en\u00fd na novinky ze sv\u011bta hudby a celebrit. Obsahuje \u010dl\u00e1nky o zp\u011bv\u00e1c\u00edch, kapel\u00e1ch, nov\u00fdch albech, hudebn\u00edch trendech a dal\u0161\u00edch zaj\u00edmavostech z hudebn\u00edho pr\u016fmyslu.\",\"potentialAction\":[{\"@type\":\"SearchAction\",\"target\":{\"@type\":\"EntryPoint\",\"urlTemplate\":\"https:\\\/\\\/www.karaoketexty.cz\\\/magazin\\\/?s={search_term_string}\"},\"query-input\":{\"@type\":\"PropertyValueSpecification\",\"valueRequired\":true,\"valueName\":\"search_term_string\"}}],\"inLanguage\":\"cs\"},{\"@type\":\"Person\",\"@id\":\"https:\\\/\\\/www.karaoketexty.cz\\\/magazin\\\/#\\\/schema\\\/person\\\/524da5b0fbeed4c3aab8132fdf00f2f6\",\"name\":\"Radek Kone\u010dn\u00fd\",\"image\":{\"@type\":\"ImageObject\",\"inLanguage\":\"cs\",\"@id\":\"https:\\\/\\\/secure.gravatar.com\\\/avatar\\\/8dc523befeed7910402c763ae678e41e9d925d26441865f21c954ecb6f4e1b17?s=96&d=mm&r=g\",\"url\":\"https:\\\/\\\/secure.gravatar.com\\\/avatar\\\/8dc523befeed7910402c763ae678e41e9d925d26441865f21c954ecb6f4e1b17?s=96&d=mm&r=g\",\"contentUrl\":\"https:\\\/\\\/secure.gravatar.com\\\/avatar\\\/8dc523befeed7910402c763ae678e41e9d925d26441865f21c954ecb6f4e1b17?s=96&d=mm&r=g\",\"caption\":\"Radek Kone\u010dn\u00fd\"},\"url\":\"https:\\\/\\\/www.karaoketexty.cz\\\/magazin\\\/author\\\/radekkonecny\\\/\"}]}<\/script>\n<!-- \/ Yoast SEO plugin. -->","yoast_head_json":{"title":"Dan B\u00e1rta kritizoval Babi\u0161\u016fv kabinet: Co \u0159ekl po n\u00e1v\u0161t\u011bv\u011b L\u00e1n","description":"Zp\u011bv\u00e1k Dan B\u00e1rta po setk\u00e1n\u00ed v L\u00e1nech ne\u0161et\u0159il kritikou Babi\u0161ovy vl\u00e1dy. Ozna\u010dil ji za sebest\u0159ednou a drzou, prezidenta Pavla naopak ocenil.","robots":{"index":"index","follow":"follow","max-snippet":"max-snippet:-1","max-image-preview":"max-image-preview:large","max-video-preview":"max-video-preview:-1"},"canonical":"https:\/\/www.karaoketexty.cz\/magazin\/zaplat-panbuh-ze-tam-je-dan-barta-v-lanech-chvalil-pavla-a-ostre-zkritizoval-babisuv-kabinet\/","og_locale":"cs_CZ","og_type":"article","og_title":"Dan B\u00e1rta kritizoval Babi\u0161\u016fv kabinet: Co \u0159ekl po n\u00e1v\u0161t\u011bv\u011b L\u00e1n","og_description":"Zp\u011bv\u00e1k Dan B\u00e1rta po setk\u00e1n\u00ed v L\u00e1nech ne\u0161et\u0159il kritikou Babi\u0161ovy vl\u00e1dy. Ozna\u010dil ji za sebest\u0159ednou a drzou, prezidenta Pavla naopak ocenil.","og_url":"https:\/\/www.karaoketexty.cz\/magazin\/zaplat-panbuh-ze-tam-je-dan-barta-v-lanech-chvalil-pavla-a-ostre-zkritizoval-babisuv-kabinet\/","og_site_name":"Stars Magaz\u00edn Karaoketexty.cz","article_published_time":"2026-09-06T04:02:00+00:00","og_image":[{"width":1200,"height":674,"url":"https:\/\/www.karaoketexty.cz\/magazin\/wp-content\/uploads\/2026\/08\/foto-dan-barta.jpg","type":"image\/jpeg"}],"author":"Radek Kone\u010dn\u00fd","twitter_card":"summary_large_image","twitter_misc":{"Napsal(a)":"Radek Kone\u010dn\u00fd","Odhadovan\u00e1 doba \u010dten\u00ed":"3 minuty"},"schema":{"@context":"https:\/\/schema.org","@graph":[{"@type":"Article","@id":"https:\/\/www.karaoketexty.cz\/magazin\/zaplat-panbuh-ze-tam-je-dan-barta-v-lanech-chvalil-pavla-a-ostre-zkritizoval-babisuv-kabinet\/#article","isPartOf":{"@id":"https:\/\/www.karaoketexty.cz\/magazin\/zaplat-panbuh-ze-tam-je-dan-barta-v-lanech-chvalil-pavla-a-ostre-zkritizoval-babisuv-kabinet\/"},"author":{"name":"Radek Kone\u010dn\u00fd","@id":"https:\/\/www.karaoketexty.cz\/magazin\/#\/schema\/person\/524da5b0fbeed4c3aab8132fdf00f2f6"},"headline":"\u201eZapla\u0165 p\u00e1nb\u016fh, \u017ee tam je.\u201c Dan B\u00e1rta v L\u00e1nech chv\u00e1lil Pavla a ost\u0159e zkritizoval Babi\u0161\u016fv kabinet","datePublished":"2026-09-06T04:02:00+00:00","mainEntityOfPage":{"@id":"https:\/\/www.karaoketexty.cz\/magazin\/zaplat-panbuh-ze-tam-je-dan-barta-v-lanech-chvalil-pavla-a-ostre-zkritizoval-babisuv-kabinet\/"},"wordCount":732,"commentCount":0,"image":{"@id":"https:\/\/www.karaoketexty.cz\/magazin\/zaplat-panbuh-ze-tam-je-dan-barta-v-lanech-chvalil-pavla-a-ostre-zkritizoval-babisuv-kabinet\/#primaryimage"},"thumbnailUrl":"https:\/\/www.karaoketexty.cz\/magazin\/wp-content\/uploads\/2026\/08\/foto-dan-barta.jpg","keywords":["Andrej Babi\u0161","\u010desk\u00e1 hudba","Dan B\u00e1rta","ekologie","hudebn\u00ed projekt","Illustratosphere","klimatick\u00e9 zm\u011bny","Krajina Dana B\u00e1rty","Petr Pavel","politika","p\u0159\u00edroda"],"articleSection":["Celebrity"],"inLanguage":"cs","potentialAction":[{"@type":"CommentAction","name":"Comment","target":["https:\/\/www.karaoketexty.cz\/magazin\/zaplat-panbuh-ze-tam-je-dan-barta-v-lanech-chvalil-pavla-a-ostre-zkritizoval-babisuv-kabinet\/#respond"]}]},{"@type":"WebPage","@id":"https:\/\/www.karaoketexty.cz\/magazin\/zaplat-panbuh-ze-tam-je-dan-barta-v-lanech-chvalil-pavla-a-ostre-zkritizoval-babisuv-kabinet\/","url":"https:\/\/www.karaoketexty.cz\/magazin\/zaplat-panbuh-ze-tam-je-dan-barta-v-lanech-chvalil-pavla-a-ostre-zkritizoval-babisuv-kabinet\/","name":"Dan B\u00e1rta kritizoval Babi\u0161\u016fv kabinet: Co \u0159ekl po n\u00e1v\u0161t\u011bv\u011b L\u00e1n","isPartOf":{"@id":"https:\/\/www.karaoketexty.cz\/magazin\/#website"},"primaryImageOfPage":{"@id":"https:\/\/www.karaoketexty.cz\/magazin\/zaplat-panbuh-ze-tam-je-dan-barta-v-lanech-chvalil-pavla-a-ostre-zkritizoval-babisuv-kabinet\/#primaryimage"},"image":{"@id":"https:\/\/www.karaoketexty.cz\/magazin\/zaplat-panbuh-ze-tam-je-dan-barta-v-lanech-chvalil-pavla-a-ostre-zkritizoval-babisuv-kabinet\/#primaryimage"},"thumbnailUrl":"https:\/\/www.karaoketexty.cz\/magazin\/wp-content\/uploads\/2026\/08\/foto-dan-barta.jpg","datePublished":"2026-09-06T04:02:00+00:00","author":{"@id":"https:\/\/www.karaoketexty.cz\/magazin\/#\/schema\/person\/524da5b0fbeed4c3aab8132fdf00f2f6"},"description":"Zp\u011bv\u00e1k Dan B\u00e1rta po setk\u00e1n\u00ed v L\u00e1nech ne\u0161et\u0159il kritikou Babi\u0161ovy vl\u00e1dy. Ozna\u010dil ji za sebest\u0159ednou a drzou, prezidenta Pavla naopak ocenil.","breadcrumb":{"@id":"https:\/\/www.karaoketexty.cz\/magazin\/zaplat-panbuh-ze-tam-je-dan-barta-v-lanech-chvalil-pavla-a-ostre-zkritizoval-babisuv-kabinet\/#breadcrumb"},"inLanguage":"cs","potentialAction":[{"@type":"ReadAction","target":["https:\/\/www.karaoketexty.cz\/magazin\/zaplat-panbuh-ze-tam-je-dan-barta-v-lanech-chvalil-pavla-a-ostre-zkritizoval-babisuv-kabinet\/"]}]},{"@type":"ImageObject","inLanguage":"cs","@id":"https:\/\/www.karaoketexty.cz\/magazin\/zaplat-panbuh-ze-tam-je-dan-barta-v-lanech-chvalil-pavla-a-ostre-zkritizoval-babisuv-kabinet\/#primaryimage","url":"https:\/\/www.karaoketexty.cz\/magazin\/wp-content\/uploads\/2026\/08\/foto-dan-barta.jpg","contentUrl":"https:\/\/www.karaoketexty.cz\/magazin\/wp-content\/uploads\/2026\/08\/foto-dan-barta.jpg","width":1200,"height":674,"caption":"Dan B\u00e1rta"},{"@type":"BreadcrumbList","@id":"https:\/\/www.karaoketexty.cz\/magazin\/zaplat-panbuh-ze-tam-je-dan-barta-v-lanech-chvalil-pavla-a-ostre-zkritizoval-babisuv-kabinet\/#breadcrumb","itemListElement":[{"@type":"ListItem","position":1,"name":"Dom\u016f","item":"https:\/\/www.karaoketexty.cz\/magazin\/"},{"@type":"ListItem","position":2,"name":"\u201eZapla\u0165 p\u00e1nb\u016fh, \u017ee tam je.\u201c Dan B\u00e1rta v L\u00e1nech chv\u00e1lil Pavla a ost\u0159e zkritizoval Babi\u0161\u016fv kabinet"}]},{"@type":"WebSite","@id":"https:\/\/www.karaoketexty.cz\/magazin\/#website","url":"https:\/\/www.karaoketexty.cz\/magazin\/","name":"Stars Magaz\u00edn Karaoketexty.cz","description":"Stars Magaz\u00edn na Karaoketexty.cz je zam\u011b\u0159en\u00fd na novinky ze sv\u011bta hudby a celebrit. Obsahuje \u010dl\u00e1nky o zp\u011bv\u00e1c\u00edch, kapel\u00e1ch, nov\u00fdch albech, hudebn\u00edch trendech a dal\u0161\u00edch zaj\u00edmavostech z hudebn\u00edho pr\u016fmyslu.","potentialAction":[{"@type":"SearchAction","target":{"@type":"EntryPoint","urlTemplate":"https:\/\/www.karaoketexty.cz\/magazin\/?s={search_term_string}"},"query-input":{"@type":"PropertyValueSpecification","valueRequired":true,"valueName":"search_term_string"}}],"inLanguage":"cs"},{"@type":"Person","@id":"https:\/\/www.karaoketexty.cz\/magazin\/#\/schema\/person\/524da5b0fbeed4c3aab8132fdf00f2f6","name":"Radek Kone\u010dn\u00fd","image":{"@type":"ImageObject","inLanguage":"cs","@id":"https:\/\/secure.gravatar.com\/avatar\/8dc523befeed7910402c763ae678e41e9d925d26441865f21c954ecb6f4e1b17?s=96&d=mm&r=g","url":"https:\/\/secure.gravatar.com\/avatar\/8dc523befeed7910402c763ae678e41e9d925d26441865f21c954ecb6f4e1b17?s=96&d=mm&r=g","contentUrl":"https:\/\/secure.gravatar.com\/avatar\/8dc523befeed7910402c763ae678e41e9d925d26441865f21c954ecb6f4e1b17?s=96&d=mm&r=g","caption":"Radek Kone\u010dn\u00fd"},"url":"https:\/\/www.karaoketexty.cz\/magazin\/author\/radekkonecny\/"}]}},"_links":{"self":[{"href":"https:\/\/www.karaoketexty.cz\/magazin\/wp-json\/wp\/v2\/posts\/18653","targetHints":{"allow":["GET"]}}],"collection":[{"href":"https:\/\/www.karaoketexty.cz\/magazin\/wp-json\/wp\/v2\/posts"}],"about":[{"href":"https:\/\/www.karaoketexty.cz\/magazin\/wp-json\/wp\/v2\/types\/post"}],"author":[{"embeddable":true,"href":"https:\/\/www.karaoketexty.cz\/magazin\/wp-json\/wp\/v2\/users\/9"}],"replies":[{"embeddable":true,"href":"https:\/\/www.karaoketexty.cz\/magazin\/wp-json\/wp\/v2\/comments?post=18653"}],"version-history":[{"count":10,"href":"https:\/\/www.karaoketexty.cz\/magazin\/wp-json\/wp\/v2\/posts\/18653\/revisions"}],"predecessor-version":[{"id":19214,"href":"https:\/\/www.karaoketexty.cz\/magazin\/wp-json\/wp\/v2\/posts\/18653\/revisions\/19214"}],"wp:featuredmedia":[{"embeddable":true,"href":"https:\/\/www.karaoketexty.cz\/magazin\/wp-json\/wp\/v2\/media\/18660"}],"wp:attachment":[{"href":"https:\/\/www.karaoketexty.cz\/magazin\/wp-json\/wp\/v2\/media?parent=18653"}],"wp:term":[{"taxonomy":"category","embeddable":true,"href":"https:\/\/www.karaoketexty.cz\/magazin\/wp-json\/wp\/v2\/categories?post=18653"},{"taxonomy":"post_tag","embeddable":true,"href":"https:\/\/www.karaoketexty.cz\/magazin\/wp-json\/wp\/v2\/tags?post=18653"}],"curies":[{"name":"wp","href":"https:\/\/api.w.org\/{rel}","templated":true}]}}