{"id":18582,"date":"2026-09-06T14:29:00","date_gmt":"2026-09-06T12:29:00","guid":{"rendered":"https:\/\/www.karaoketexty.cz\/magazin\/?p=18582"},"modified":"2026-09-04T18:05:27","modified_gmt":"2026-09-04T16:05:27","slug":"navrat-po-sedmilete-pauze-tarja-vydala-nejtvrdsi-album-sve-kariery-nechybi-ani-clen-nightwish","status":"publish","type":"post","link":"https:\/\/www.karaoketexty.cz\/magazin\/navrat-po-sedmilete-pauze-tarja-vydala-nejtvrdsi-album-sve-kariery-nechybi-ani-clen-nightwish\/","title":{"rendered":"N\u00e1vrat po sedmilet\u00e9 pauze: Tarja vydala nejtvrd\u0161\u00ed album sv\u00e9 kari\u00e9ry, nechyb\u00ed ani \u010dlen Nightwish"},"content":{"rendered":"\n<p class=\"wp-block-paragraph\"><strong>Sedm let \u010dek\u00e1n\u00ed, deset skladeb a host\u00e9 jako Dani Filth nebo Marko Hietala z Nightwish. Tarja Turunen vydala 12. \u010dervna 2026 album Frisson Noir a rovnou ho ozna\u010dila za nejtvrd\u0161\u00ed desku sv\u00e9 kari\u00e9ry<\/strong>. <\/p>\n\n\n\n<p class=\"wp-block-paragraph\">Tarja Turunen, finsk\u00e1 sopranistka a jedna ze zakl\u00e1daj\u00edc\u00edch osobnost\u00ed Nightwish, pat\u0159\u00ed ke jm\u00e9n\u016fm, bez nich\u017e by symfonick\u00fd metal jen t\u011b\u017eko pronikl k tak \u0161irok\u00e9mu publiku. Z Nightwish ode\u0161la v roce 2005, p\u0159esn\u011bji \u0159e\u010deno byla z kapely vyhozena otev\u0159en\u00fdm dopisem, co\u017e se tehdy \u0159e\u0161ilo snad v\u0161ude, kde se psalo o metalu. S\u00f3lov\u011b ale nezmizela. Posledn\u00ed \u010dist\u011b metalovou desku In the Raw vydala v roce 2019, pak n\u00e1sledovalo del\u0161\u00ed ticho a odbo\u010dky mimo \u017e\u00e1nr. Na Karaoketexty n\u00e1s proto zaujal jej\u00ed n\u00e1vrat, na kter\u00fd \u010d\u00e1st fanou\u0161k\u016f \u010dekala dost netrp\u011bliv\u011b.<\/p>\n\n\n<!-- karaoketexty.cz \/ rectangle2 -->\n<div id=\"PX_37086_709110796310826\"><\/div>\n<script>\n   if(!useMobileAds && !boolUseSeznamAds && !hideAllAds){\n     window.px2 = window.px2 || { conf: {},queue: [] };\n     px2.queue.push(function () {\n        px2.render({\n           slot: {\n              id: 37086\n           },\n            elem: \"PX_37086_709110796310826\"\n        })\n     });\n  }\n<\/script>\n\n<!-- karaoketexty.cz \/ mobile-rectangle3 -->\n<div id=\"PX_37044_714599773297004\"><\/div>\n<script>\n   if(useMobileAds && !boolUseSeznamAds && !hideAllAds){\nwindow.px2 = window.px2 || { conf: {},queue: [] };\npx2.queue.push(function () {\n\tpx2.render({\n\t\tslot: {\n\t\t\tid: 37044\n\t\t},\n\t\telem: \"PX_37044_714599773297004\"\n\t})\n});\n}\n<\/script>\n\n\n<h2 class=\"wp-block-heading\">Nejtvrd\u0161\u00ed deska, jakou Tarja nato\u010dila, a tentokr\u00e1t to nezn\u00ed jako fr\u00e1ze<\/h2>\n\n\n\n<p class=\"wp-block-paragraph\">Frisson Noir nep\u016fsob\u00ed jako n\u00e1lepka vymy\u0161len\u00e1 a\u017e v tiskov\u00e9 zpr\u00e1v\u011b. Album vznikalo b\u011bhem let 2025 a 2026 ve studi\u00edch v Evrop\u011b i za oce\u00e1nem, od Marbelly p\u0159es Helsinky po New York. Mix dostal na starost Neal Avron, producent ocen\u011bn\u00fd Grammy, kter\u00fd m\u00e1 za sebou pr\u00e1ci s Linkin Park, Skillet nebo Disturbed. Na v\u00fdsledku je to sly\u0161et. Zvuk je t\u011b\u017e\u0161\u00ed, sev\u0159en\u011bj\u0161\u00ed a m\u00edsty v\u00fdrazn\u011b \u00fadern\u011bj\u0161\u00ed, ne\u017e b\u00fdvalo u Tarjin\u00fdch p\u0159edchoz\u00edch nahr\u00e1vek zvykem.<\/p>\n\n\n\n<p class=\"wp-block-paragraph\">V rozhovoru pro Louder Tarja mluvila o tom, \u017ee cht\u011bla kone\u010dn\u011b dostat na studiovou desku s\u00edlu, kterou zn\u00e1 z koncert\u016f. Tu masivn\u00ed zvukovou st\u011bnu, kter\u00e1 na p\u00f3diu funguje p\u0159irozen\u011b, ale ve studiu se j\u00ed podle jej\u00edch slov dlouho neda\u0159ilo zachytit. U skladby Blaze Forever pr\u00fd dala kytaristovi jednoduch\u00e9 zad\u00e1n\u00ed: riff mus\u00ed b\u00fdt opravdu t\u011b\u017ek\u00fd. A potom p\u0159ijde The Eternal Return, kde tvrd\u00fd z\u00e1klad najednou roz\u0159\u00edzne smy\u010dcov\u00e1 st\u0159edn\u00ed \u010d\u00e1st, skoro jako by n\u011bkdo na chv\u00edli p\u0159epnul na jinou nahr\u00e1vku. V tomto kontrastu je Frisson Noir asi nejsiln\u011bj\u0161\u00ed.<\/p>\n\n\n<!-- karaoketexty.cz \/ interscroller1 -->\n\n<div id=\"PX_37041_825057871452834\"><\/div>\n<script>\nif(useMobileAds && !boolUseSeznamAds && !hideAllAds){\n\twindow.px2 = window.px2 || { conf: {},queue: [] };\n\tpx2.queue.push(function () {\n\t\tpx2.render({\n\t\t\tslot: {\n\t\t\t\tid: 37041\n\t\t\t},\n\t\t\telem: \"PX_37041_825057871452834\"\n\t\t})\n\t});\n}\n<\/script>\n\n\n<h2 class=\"wp-block-heading\">Desetiminutov\u00fd singl, Dani Filth a n\u00e1vrat star\u00e9ho p\u0159\u00edtele<\/h2>\n\n\n\n<p class=\"wp-block-paragraph\">Jako prvn\u00ed singl vy\u0161la At Sea. Deset minut hudby pro \u017eensk\u00fd hlas, housle, klav\u00edr, metalovou kapelu a velk\u00fd orchestr. Nen\u00ed to zrovna skladba, kterou by \u010dlov\u011bk \u010dekal jako \u00favodn\u00ed ochutn\u00e1vku alba. Tarja v n\u00ed chv\u00edlemi nevystupuje nad kapelu, sp\u00ed\u0161 se do cel\u00e9 instrument\u00e1ln\u00ed hmoty rozpou\u0161t\u00ed. Riskantn\u00ed volba, ale sv\u00fdm zp\u016fsobem docela trefn\u00e1: tato deska nem\u00e1 ambice vej\u00edt se do b\u011b\u017en\u00e9ho singlov\u00e9ho form\u00e1tu.<\/p>\n\n\n\n<p class=\"wp-block-paragraph\">Druh\u00fd singl I Don&#8217;t Care p\u0159iv\u00e1d\u00ed Daniho Filtha z Cradle of Filth. Skladba je melodicky ost\u0159ej\u0161\u00ed a spojen\u00ed Tarjina sopr\u00e1nu s Filthov\u00fdm typick\u00fdm hlasov\u00fdm projevem m\u00e1 a\u017e divadeln\u00ed n\u00e1dech. Skoro jako opern\u00ed v\u00fdstup \u010darod\u011bjnice a jej\u00edho protivn\u00edka, jen s metalovou kapelou za z\u00e1dy. T\u0159et\u00ed singl The Trace Outlives zase pracuje s japonsk\u00fdm strunn\u00fdm n\u00e1strojem shamisen a sborem. Na pap\u00ed\u0159e to m\u016f\u017ee zn\u00edt trochu p\u0159ekombinovan\u011b, v kontextu Tarjiny estetiky to ale nep\u016fsob\u00ed tak zvl\u00e1\u0161tn\u011b.<\/p>\n\n\n\n<p class=\"wp-block-paragraph\">Nejv\u011bt\u0161\u00ed pozornost na sebe stejn\u011b strh\u00e1v\u00e1 Leap of Faith, duet s Markem Hietalou, n\u011bkdej\u0161\u00edm baskytaristou Nightwish. Tarja v rozhovoru pro Louder uvedla, \u017ee se s n\u00edm dvan\u00e1ct let nevid\u011bla ani nesly\u0161ela. Setkali se a\u017e na spole\u010dn\u00e9 akci, kde se Hietala p\u0159ed cel\u00fdm \u0161t\u00e1bem omluvil j\u00ed i jej\u00edmu man\u017eelovi. Od t\u00e9 doby jsou v kontaktu a Tarja o n\u011bm mluv\u00ed jako o jedin\u00e9m \u010dlov\u011bku z \u00e9ry Nightwish, s n\u00edm\u017e by znovu pracovala. Leap of Faith je melodick\u00e1 skladba, dob\u0159e usazen\u00e1 mezi rockovou kapelou a symfonickou orchestrac\u00ed. M\u00e1 skoro sedm minut, co\u017e je dnes pro r\u00e1dia trochu probl\u00e9m. V jin\u00e9m \u010dase by z n\u00ed mo\u017en\u00e1 byl pom\u011brn\u011b jasn\u00fd singlov\u00fd z\u00e1sah.<\/p>\n\n\n\n<h2 class=\"wp-block-heading\">Host\u00e9, kte\u0159\u00ed nejsou jen pro par\u00e1du<\/h2>\n\n\n\n<p class=\"wp-block-paragraph\">Na Frisson Noir se krom\u011b nich objevuj\u00ed tak\u00e9 fin\u0161t\u00ed Apocalyptica a buben\u00edk Chad Smith z Red Hot Chili Peppers. Host\u00e9 na metalov\u00fdch albech ob\u010das z\u016fstanou hlavn\u011b p\u011bkn\u00fdm \u0159\u00e1dkem v bookletu, tady ale jejich p\u0159\u00edtomnost nep\u016fsob\u00ed p\u0159ilepen\u011b. Apocalyptica ve skladb\u011b Tango s Tarjou funguje a\u017e p\u0159ekvapiv\u011b samoz\u0159ejm\u011b. P\u0159i poslechu se \u010dlov\u011bk snadno p\u0159istihne u my\u0161lenky, \u017ee spole\u010dn\u00e1 deska by vlastn\u011b nebyl v\u016fbec \u0161patn\u00fd n\u00e1pad.<\/p>\n\n\n\n<figure class=\"wp-block-embed is-type-video is-provider-youtube wp-block-embed-youtube wp-embed-aspect-16-9 wp-has-aspect-ratio\"><div class=\"wp-block-embed__wrapper\">\n<iframe title=\"Tarja feat. Dani Filth - &amp;apos;I Don&amp;apos;t Care&amp;apos; (Official Video)\" width=\"500\" height=\"281\" src=\"https:\/\/www.youtube.com\/embed\/4i9d4Rpjzp0?feature=oembed\" frameborder=\"0\" allow=\"accelerometer; autoplay; clipboard-write; encrypted-media; gyroscope; picture-in-picture; web-share\" referrerpolicy=\"strict-origin-when-cross-origin\" allowfullscreen><\/iframe>\n<\/div><\/figure>\n\n\n\n<p class=\"wp-block-paragraph\">Kdy\u017e si to shrneme, Frisson Noir je des\u00e1t\u00e9 studiov\u00e9 album Tarji Turunen a \u0161est\u00fd metalov\u00fd titul v jej\u00ed s\u00f3lov\u00e9 diskografii. Sedmilet\u00e1 mezera od In the Raw byla dlouh\u00e1, mo\u017en\u00e1 del\u0161\u00ed, ne\u017e fanou\u0161ci \u010dekali. Tentokr\u00e1t ale nejde o n\u00e1vrat jen kv\u016fli n\u00e1vratu. Deska m\u00e1 jasn\u00fd tah, tvrd\u0161\u00ed zvuk a n\u011bkolik moment\u016f, kter\u00e9 v jej\u00ed s\u00f3lov\u00e9 tvorb\u011b opravdu vy\u010dn\u00edvaj\u00ed.<\/p>\n\n\n\n<p class=\"wp-block-paragraph\">Zdroje: Autorsk\u00fd text, <a href=\"https:\/\/blabbermouth.net\/news\/ex-nightwish-singer-tarja-turunen-announces-heaviest-album-of-her-career-frisson-noir\" target=\"_blank\" rel=\"nofollow\">Blabbermouth.net<\/a>, <a href=\"https:\/\/en.wikipedia.org\/wiki\/Frisson_Noir\" target=\"_blank\" rel=\"nofollow\">Wikipedie<\/a>, <a href=\"https:\/\/www.earmusic.com\/news\/tarja-announces-new-studio-album-frisson-noir-the-heaviest-album-of-her-career\" target=\"_blank\" rel=\"nofollow\">earMUSIC<\/a>, <a href=\"https:\/\/www.loudersound.com\/bands-artists\/interviews\/tarja-turunen-interview-2026\" target=\"_blank\" rel=\"nofollow\">Louder<\/a><\/p>\n\n\n            <a href=\"https:\/\/www.karaoketexty.cz\/magazin\/byvala-hvezda-nightwish-tarja-turunen-se-vraci-ke-korenum-novy-song-slibuje-mrazivou-metalovou-jizdu\/\" class=\"related-post-link\">\n                <div class=\"post-thumbnail\">\n                    <img decoding=\"async\" width=\"250\" height=\"167\" src=\"https:\/\/www.karaoketexty.cz\/magazin\/wp-content\/uploads\/2026\/04\/tarja-turunen.jpg\" class=\"attachment-250x180 size-250x180 not-transparent\" alt=\"Fotografie Tarji Turunen\" srcset=\"https:\/\/www.karaoketexty.cz\/magazin\/wp-content\/uploads\/2026\/04\/tarja-turunen.jpg 1200w, https:\/\/www.karaoketexty.cz\/magazin\/wp-content\/uploads\/2026\/04\/tarja-turunen-300x200.jpg 300w, https:\/\/www.karaoketexty.cz\/magazin\/wp-content\/uploads\/2026\/04\/tarja-turunen-1024x683.jpg 1024w, https:\/\/www.karaoketexty.cz\/magazin\/wp-content\/uploads\/2026\/04\/tarja-turunen-768x512.jpg 768w, https:\/\/www.karaoketexty.cz\/magazin\/wp-content\/uploads\/2026\/04\/tarja-turunen-800x533.jpg 800w\" sizes=\"(max-width: 250px) 100vw, 250px\" data-has-transparency=\"false\" data-dominant-color=\"566245\" style=\"--dominant-color: #566245;\" \/>                <\/div>\n                <div class=\"post-details\">\n                    <span class=\"also-read\">\u010ct\u011bte tak\u00e9:<\/span>\n                    <h3 class=\"hed\">B\u00fdval\u00e1 hv\u011bzda Nightwish Tarja Turunen se vrac\u00ed ke ko\u0159en\u016fm: Nov\u00fd song slibuje mrazivou metalovou j\u00edzdu<\/h3>\n                <\/div>\n            <\/a>\n            \n\n            <a href=\"https:\/\/www.karaoketexty.cz\/magazin\/byvala-zpevacka-nightwish-floor-jansen-se-vraci-singl-run-je-tezsi-a-primejsi-nez-fanousci-cekali\/\" class=\"related-post-link\">\n                <div class=\"post-thumbnail\">\n                    <img decoding=\"async\" width=\"250\" height=\"166\" src=\"https:\/\/www.karaoketexty.cz\/magazin\/wp-content\/uploads\/2026\/07\/Nightwish-Floor-Jansen.jpg\" class=\"attachment-250x180 size-250x180 not-transparent\" alt=\"Floor Jansen\" srcset=\"https:\/\/www.karaoketexty.cz\/magazin\/wp-content\/uploads\/2026\/07\/Nightwish-Floor-Jansen.jpg 1200w, https:\/\/www.karaoketexty.cz\/magazin\/wp-content\/uploads\/2026\/07\/Nightwish-Floor-Jansen-300x200.jpg 300w, https:\/\/www.karaoketexty.cz\/magazin\/wp-content\/uploads\/2026\/07\/Nightwish-Floor-Jansen-1024x681.jpg 1024w, https:\/\/www.karaoketexty.cz\/magazin\/wp-content\/uploads\/2026\/07\/Nightwish-Floor-Jansen-768x511.jpg 768w, https:\/\/www.karaoketexty.cz\/magazin\/wp-content\/uploads\/2026\/07\/Nightwish-Floor-Jansen-800x533.jpg 800w\" sizes=\"(max-width: 250px) 100vw, 250px\" data-has-transparency=\"false\" data-dominant-color=\"aa3d64\" style=\"--dominant-color: #aa3d64;\" \/>                <\/div>\n                <div class=\"post-details\">\n                    <span class=\"also-read\">\u010ct\u011bte tak\u00e9:<\/span>\n                    <h3 class=\"hed\">B\u00fdval\u00e1 zp\u011bva\u010dka Nightwish Floor Jansen se vrac\u00ed: Singl Run je t\u011b\u017e\u0161\u00ed a p\u0159\u00edm\u011bj\u0161\u00ed, ne\u017e fanou\u0161ci \u010dekali<\/h3>\n                <\/div>\n            <\/a>\n            ","protected":false},"excerpt":{"rendered":"<p>Sedm let \u010dek\u00e1n\u00ed, deset skladeb a host\u00e9 jako Dani Filth nebo Marko Hietala z Nightwish. Tarja Turunen vydala 12. \u010dervna 2026 album Frisson Noir a rovnou ho ozna\u010dila za nejtvrd\u0161\u00ed desku sv\u00e9 kari\u00e9ry.<\/p>\n","protected":false},"author":9,"featured_media":18587,"comment_status":"open","ping_status":"closed","sticky":false,"template":"","format":"standard","meta":{"footnotes":""},"categories":[7],"tags":[2124,7738,7111,7109,11505,1803,7110,735,11506,7107,2388,7106],"class_list":["post-18582","post","type-post","status-publish","format-standard","has-post-thumbnail","hentry","category-aktuality","tag-apocalyptica","tag-chad-smith","tag-dani-filth","tag-frisson-noir","tag-in-the-raw","tag-louder","tag-marko-hietala","tag-metal","tag-neal-avron","tag-nightwish","tag-symfonicky-metal","tag-tarja-turunen"],"yoast_head":"<!-- This site is optimized with the Yoast SEO plugin v28.3 - https:\/\/yoast.com\/product\/yoast-seo-wordpress\/ -->\n<title>Tarja Turunen: Nov\u00e1 deska a spolupr\u00e1ce s b\u00fdval\u00fdm kolegou<\/title>\n<meta name=\"description\" content=\"Finsk\u00e1 sopranistka Tarja Turunen se vr\u00e1tila s albem Frisson Noir, deseti skladbami, kter\u00e9 sama ozna\u010duje za nejt\u011b\u017e\u0161\u00ed v\u011bc, jakou kdy nato\u010dila.\" \/>\n<meta name=\"robots\" content=\"index, follow, max-snippet:-1, max-image-preview:large, max-video-preview:-1\" \/>\n<link rel=\"canonical\" href=\"https:\/\/www.karaoketexty.cz\/magazin\/navrat-po-sedmilete-pauze-tarja-vydala-nejtvrdsi-album-sve-kariery-nechybi-ani-clen-nightwish\/\" \/>\n<meta property=\"og:locale\" content=\"cs_CZ\" \/>\n<meta property=\"og:type\" content=\"article\" \/>\n<meta property=\"og:title\" content=\"Tarja Turunen: Nov\u00e1 deska a spolupr\u00e1ce s b\u00fdval\u00fdm kolegou\" \/>\n<meta property=\"og:description\" content=\"Finsk\u00e1 sopranistka Tarja Turunen se vr\u00e1tila s albem Frisson Noir, deseti skladbami, kter\u00e9 sama ozna\u010duje za nejt\u011b\u017e\u0161\u00ed v\u011bc, jakou kdy nato\u010dila.\" \/>\n<meta property=\"og:url\" content=\"https:\/\/www.karaoketexty.cz\/magazin\/navrat-po-sedmilete-pauze-tarja-vydala-nejtvrdsi-album-sve-kariery-nechybi-ani-clen-nightwish\/\" \/>\n<meta property=\"og:site_name\" content=\"Stars Magaz\u00edn Karaoketexty.cz\" \/>\n<meta property=\"article:published_time\" content=\"2026-09-06T12:29:00+00:00\" \/>\n<meta property=\"og:image\" content=\"https:\/\/www.karaoketexty.cz\/magazin\/wp-content\/uploads\/2026\/08\/tarja-turunen.jpg\" \/>\n\t<meta property=\"og:image:width\" content=\"1200\" \/>\n\t<meta property=\"og:image:height\" content=\"676\" \/>\n\t<meta property=\"og:image:type\" content=\"image\/jpeg\" \/>\n<meta name=\"author\" content=\"Radek Kone\u010dn\u00fd\" \/>\n<meta name=\"twitter:card\" content=\"summary_large_image\" \/>\n<meta name=\"twitter:label1\" content=\"Napsal(a)\" \/>\n\t<meta name=\"twitter:data1\" content=\"Radek Kone\u010dn\u00fd\" \/>\n\t<meta name=\"twitter:label2\" content=\"Odhadovan\u00e1 doba \u010dten\u00ed\" \/>\n\t<meta name=\"twitter:data2\" content=\"4 minuty\" \/>\n<script type=\"application\/ld+json\" class=\"yoast-schema-graph\">{\"@context\":\"https:\\\/\\\/schema.org\",\"@graph\":[{\"@type\":\"Article\",\"@id\":\"https:\\\/\\\/www.karaoketexty.cz\\\/magazin\\\/navrat-po-sedmilete-pauze-tarja-vydala-nejtvrdsi-album-sve-kariery-nechybi-ani-clen-nightwish\\\/#article\",\"isPartOf\":{\"@id\":\"https:\\\/\\\/www.karaoketexty.cz\\\/magazin\\\/navrat-po-sedmilete-pauze-tarja-vydala-nejtvrdsi-album-sve-kariery-nechybi-ani-clen-nightwish\\\/\"},\"author\":{\"name\":\"Radek Kone\u010dn\u00fd\",\"@id\":\"https:\\\/\\\/www.karaoketexty.cz\\\/magazin\\\/#\\\/schema\\\/person\\\/524da5b0fbeed4c3aab8132fdf00f2f6\"},\"headline\":\"N\u00e1vrat po sedmilet\u00e9 pauze: Tarja vydala nejtvrd\u0161\u00ed album sv\u00e9 kari\u00e9ry, nechyb\u00ed ani \u010dlen Nightwish\",\"datePublished\":\"2026-09-06T12:29:00+00:00\",\"mainEntityOfPage\":{\"@id\":\"https:\\\/\\\/www.karaoketexty.cz\\\/magazin\\\/navrat-po-sedmilete-pauze-tarja-vydala-nejtvrdsi-album-sve-kariery-nechybi-ani-clen-nightwish\\\/\"},\"wordCount\":860,\"commentCount\":0,\"image\":{\"@id\":\"https:\\\/\\\/www.karaoketexty.cz\\\/magazin\\\/navrat-po-sedmilete-pauze-tarja-vydala-nejtvrdsi-album-sve-kariery-nechybi-ani-clen-nightwish\\\/#primaryimage\"},\"thumbnailUrl\":\"https:\\\/\\\/www.karaoketexty.cz\\\/magazin\\\/wp-content\\\/uploads\\\/2026\\\/08\\\/tarja-turunen.jpg\",\"keywords\":[\"Apocalyptica\",\"Chad Smith\",\"Dani Filth\",\"Frisson Noir\",\"In the Raw\",\"Louder\",\"Marko Hietala\",\"metal\",\"Neal Avron\",\"Nightwish\",\"symfonick\u00fd metal\",\"Tarja Turunen\"],\"articleSection\":[\"Aktuality\"],\"inLanguage\":\"cs\",\"potentialAction\":[{\"@type\":\"CommentAction\",\"name\":\"Comment\",\"target\":[\"https:\\\/\\\/www.karaoketexty.cz\\\/magazin\\\/navrat-po-sedmilete-pauze-tarja-vydala-nejtvrdsi-album-sve-kariery-nechybi-ani-clen-nightwish\\\/#respond\"]}]},{\"@type\":\"WebPage\",\"@id\":\"https:\\\/\\\/www.karaoketexty.cz\\\/magazin\\\/navrat-po-sedmilete-pauze-tarja-vydala-nejtvrdsi-album-sve-kariery-nechybi-ani-clen-nightwish\\\/\",\"url\":\"https:\\\/\\\/www.karaoketexty.cz\\\/magazin\\\/navrat-po-sedmilete-pauze-tarja-vydala-nejtvrdsi-album-sve-kariery-nechybi-ani-clen-nightwish\\\/\",\"name\":\"Tarja Turunen: Nov\u00e1 deska a spolupr\u00e1ce s b\u00fdval\u00fdm kolegou\",\"isPartOf\":{\"@id\":\"https:\\\/\\\/www.karaoketexty.cz\\\/magazin\\\/#website\"},\"primaryImageOfPage\":{\"@id\":\"https:\\\/\\\/www.karaoketexty.cz\\\/magazin\\\/navrat-po-sedmilete-pauze-tarja-vydala-nejtvrdsi-album-sve-kariery-nechybi-ani-clen-nightwish\\\/#primaryimage\"},\"image\":{\"@id\":\"https:\\\/\\\/www.karaoketexty.cz\\\/magazin\\\/navrat-po-sedmilete-pauze-tarja-vydala-nejtvrdsi-album-sve-kariery-nechybi-ani-clen-nightwish\\\/#primaryimage\"},\"thumbnailUrl\":\"https:\\\/\\\/www.karaoketexty.cz\\\/magazin\\\/wp-content\\\/uploads\\\/2026\\\/08\\\/tarja-turunen.jpg\",\"datePublished\":\"2026-09-06T12:29:00+00:00\",\"author\":{\"@id\":\"https:\\\/\\\/www.karaoketexty.cz\\\/magazin\\\/#\\\/schema\\\/person\\\/524da5b0fbeed4c3aab8132fdf00f2f6\"},\"description\":\"Finsk\u00e1 sopranistka Tarja Turunen se vr\u00e1tila s albem Frisson Noir, deseti skladbami, kter\u00e9 sama ozna\u010duje za nejt\u011b\u017e\u0161\u00ed v\u011bc, jakou kdy nato\u010dila.\",\"breadcrumb\":{\"@id\":\"https:\\\/\\\/www.karaoketexty.cz\\\/magazin\\\/navrat-po-sedmilete-pauze-tarja-vydala-nejtvrdsi-album-sve-kariery-nechybi-ani-clen-nightwish\\\/#breadcrumb\"},\"inLanguage\":\"cs\",\"potentialAction\":[{\"@type\":\"ReadAction\",\"target\":[\"https:\\\/\\\/www.karaoketexty.cz\\\/magazin\\\/navrat-po-sedmilete-pauze-tarja-vydala-nejtvrdsi-album-sve-kariery-nechybi-ani-clen-nightwish\\\/\"]}]},{\"@type\":\"ImageObject\",\"inLanguage\":\"cs\",\"@id\":\"https:\\\/\\\/www.karaoketexty.cz\\\/magazin\\\/navrat-po-sedmilete-pauze-tarja-vydala-nejtvrdsi-album-sve-kariery-nechybi-ani-clen-nightwish\\\/#primaryimage\",\"url\":\"https:\\\/\\\/www.karaoketexty.cz\\\/magazin\\\/wp-content\\\/uploads\\\/2026\\\/08\\\/tarja-turunen.jpg\",\"contentUrl\":\"https:\\\/\\\/www.karaoketexty.cz\\\/magazin\\\/wp-content\\\/uploads\\\/2026\\\/08\\\/tarja-turunen.jpg\",\"width\":1200,\"height\":676,\"caption\":\"Fotografie: Andreas Lawen, Fotandi \\\/ Creative Commos \\\/ CC BY-SA 3.0\"},{\"@type\":\"BreadcrumbList\",\"@id\":\"https:\\\/\\\/www.karaoketexty.cz\\\/magazin\\\/navrat-po-sedmilete-pauze-tarja-vydala-nejtvrdsi-album-sve-kariery-nechybi-ani-clen-nightwish\\\/#breadcrumb\",\"itemListElement\":[{\"@type\":\"ListItem\",\"position\":1,\"name\":\"Dom\u016f\",\"item\":\"https:\\\/\\\/www.karaoketexty.cz\\\/magazin\\\/\"},{\"@type\":\"ListItem\",\"position\":2,\"name\":\"N\u00e1vrat po sedmilet\u00e9 pauze: Tarja vydala nejtvrd\u0161\u00ed album sv\u00e9 kari\u00e9ry, nechyb\u00ed ani \u010dlen Nightwish\"}]},{\"@type\":\"WebSite\",\"@id\":\"https:\\\/\\\/www.karaoketexty.cz\\\/magazin\\\/#website\",\"url\":\"https:\\\/\\\/www.karaoketexty.cz\\\/magazin\\\/\",\"name\":\"Stars Magaz\u00edn Karaoketexty.cz\",\"description\":\"Stars Magaz\u00edn na Karaoketexty.cz je zam\u011b\u0159en\u00fd na novinky ze sv\u011bta hudby a celebrit. Obsahuje \u010dl\u00e1nky o zp\u011bv\u00e1c\u00edch, kapel\u00e1ch, nov\u00fdch albech, hudebn\u00edch trendech a dal\u0161\u00edch zaj\u00edmavostech z hudebn\u00edho pr\u016fmyslu.\",\"potentialAction\":[{\"@type\":\"SearchAction\",\"target\":{\"@type\":\"EntryPoint\",\"urlTemplate\":\"https:\\\/\\\/www.karaoketexty.cz\\\/magazin\\\/?s={search_term_string}\"},\"query-input\":{\"@type\":\"PropertyValueSpecification\",\"valueRequired\":true,\"valueName\":\"search_term_string\"}}],\"inLanguage\":\"cs\"},{\"@type\":\"Person\",\"@id\":\"https:\\\/\\\/www.karaoketexty.cz\\\/magazin\\\/#\\\/schema\\\/person\\\/524da5b0fbeed4c3aab8132fdf00f2f6\",\"name\":\"Radek Kone\u010dn\u00fd\",\"image\":{\"@type\":\"ImageObject\",\"inLanguage\":\"cs\",\"@id\":\"https:\\\/\\\/secure.gravatar.com\\\/avatar\\\/8dc523befeed7910402c763ae678e41e9d925d26441865f21c954ecb6f4e1b17?s=96&d=mm&r=g\",\"url\":\"https:\\\/\\\/secure.gravatar.com\\\/avatar\\\/8dc523befeed7910402c763ae678e41e9d925d26441865f21c954ecb6f4e1b17?s=96&d=mm&r=g\",\"contentUrl\":\"https:\\\/\\\/secure.gravatar.com\\\/avatar\\\/8dc523befeed7910402c763ae678e41e9d925d26441865f21c954ecb6f4e1b17?s=96&d=mm&r=g\",\"caption\":\"Radek Kone\u010dn\u00fd\"},\"url\":\"https:\\\/\\\/www.karaoketexty.cz\\\/magazin\\\/author\\\/radekkonecny\\\/\"}]}<\/script>\n<!-- \/ Yoast SEO plugin. -->","yoast_head_json":{"title":"Tarja Turunen: Nov\u00e1 deska a spolupr\u00e1ce s b\u00fdval\u00fdm kolegou","description":"Finsk\u00e1 sopranistka Tarja Turunen se vr\u00e1tila s albem Frisson Noir, deseti skladbami, kter\u00e9 sama ozna\u010duje za nejt\u011b\u017e\u0161\u00ed v\u011bc, jakou kdy nato\u010dila.","robots":{"index":"index","follow":"follow","max-snippet":"max-snippet:-1","max-image-preview":"max-image-preview:large","max-video-preview":"max-video-preview:-1"},"canonical":"https:\/\/www.karaoketexty.cz\/magazin\/navrat-po-sedmilete-pauze-tarja-vydala-nejtvrdsi-album-sve-kariery-nechybi-ani-clen-nightwish\/","og_locale":"cs_CZ","og_type":"article","og_title":"Tarja Turunen: Nov\u00e1 deska a spolupr\u00e1ce s b\u00fdval\u00fdm kolegou","og_description":"Finsk\u00e1 sopranistka Tarja Turunen se vr\u00e1tila s albem Frisson Noir, deseti skladbami, kter\u00e9 sama ozna\u010duje za nejt\u011b\u017e\u0161\u00ed v\u011bc, jakou kdy nato\u010dila.","og_url":"https:\/\/www.karaoketexty.cz\/magazin\/navrat-po-sedmilete-pauze-tarja-vydala-nejtvrdsi-album-sve-kariery-nechybi-ani-clen-nightwish\/","og_site_name":"Stars Magaz\u00edn Karaoketexty.cz","article_published_time":"2026-09-06T12:29:00+00:00","og_image":[{"width":1200,"height":676,"url":"https:\/\/www.karaoketexty.cz\/magazin\/wp-content\/uploads\/2026\/08\/tarja-turunen.jpg","type":"image\/jpeg"}],"author":"Radek Kone\u010dn\u00fd","twitter_card":"summary_large_image","twitter_misc":{"Napsal(a)":"Radek Kone\u010dn\u00fd","Odhadovan\u00e1 doba \u010dten\u00ed":"4 minuty"},"schema":{"@context":"https:\/\/schema.org","@graph":[{"@type":"Article","@id":"https:\/\/www.karaoketexty.cz\/magazin\/navrat-po-sedmilete-pauze-tarja-vydala-nejtvrdsi-album-sve-kariery-nechybi-ani-clen-nightwish\/#article","isPartOf":{"@id":"https:\/\/www.karaoketexty.cz\/magazin\/navrat-po-sedmilete-pauze-tarja-vydala-nejtvrdsi-album-sve-kariery-nechybi-ani-clen-nightwish\/"},"author":{"name":"Radek Kone\u010dn\u00fd","@id":"https:\/\/www.karaoketexty.cz\/magazin\/#\/schema\/person\/524da5b0fbeed4c3aab8132fdf00f2f6"},"headline":"N\u00e1vrat po sedmilet\u00e9 pauze: Tarja vydala nejtvrd\u0161\u00ed album sv\u00e9 kari\u00e9ry, nechyb\u00ed ani \u010dlen Nightwish","datePublished":"2026-09-06T12:29:00+00:00","mainEntityOfPage":{"@id":"https:\/\/www.karaoketexty.cz\/magazin\/navrat-po-sedmilete-pauze-tarja-vydala-nejtvrdsi-album-sve-kariery-nechybi-ani-clen-nightwish\/"},"wordCount":860,"commentCount":0,"image":{"@id":"https:\/\/www.karaoketexty.cz\/magazin\/navrat-po-sedmilete-pauze-tarja-vydala-nejtvrdsi-album-sve-kariery-nechybi-ani-clen-nightwish\/#primaryimage"},"thumbnailUrl":"https:\/\/www.karaoketexty.cz\/magazin\/wp-content\/uploads\/2026\/08\/tarja-turunen.jpg","keywords":["Apocalyptica","Chad Smith","Dani Filth","Frisson Noir","In the Raw","Louder","Marko Hietala","metal","Neal Avron","Nightwish","symfonick\u00fd metal","Tarja Turunen"],"articleSection":["Aktuality"],"inLanguage":"cs","potentialAction":[{"@type":"CommentAction","name":"Comment","target":["https:\/\/www.karaoketexty.cz\/magazin\/navrat-po-sedmilete-pauze-tarja-vydala-nejtvrdsi-album-sve-kariery-nechybi-ani-clen-nightwish\/#respond"]}]},{"@type":"WebPage","@id":"https:\/\/www.karaoketexty.cz\/magazin\/navrat-po-sedmilete-pauze-tarja-vydala-nejtvrdsi-album-sve-kariery-nechybi-ani-clen-nightwish\/","url":"https:\/\/www.karaoketexty.cz\/magazin\/navrat-po-sedmilete-pauze-tarja-vydala-nejtvrdsi-album-sve-kariery-nechybi-ani-clen-nightwish\/","name":"Tarja Turunen: Nov\u00e1 deska a spolupr\u00e1ce s b\u00fdval\u00fdm kolegou","isPartOf":{"@id":"https:\/\/www.karaoketexty.cz\/magazin\/#website"},"primaryImageOfPage":{"@id":"https:\/\/www.karaoketexty.cz\/magazin\/navrat-po-sedmilete-pauze-tarja-vydala-nejtvrdsi-album-sve-kariery-nechybi-ani-clen-nightwish\/#primaryimage"},"image":{"@id":"https:\/\/www.karaoketexty.cz\/magazin\/navrat-po-sedmilete-pauze-tarja-vydala-nejtvrdsi-album-sve-kariery-nechybi-ani-clen-nightwish\/#primaryimage"},"thumbnailUrl":"https:\/\/www.karaoketexty.cz\/magazin\/wp-content\/uploads\/2026\/08\/tarja-turunen.jpg","datePublished":"2026-09-06T12:29:00+00:00","author":{"@id":"https:\/\/www.karaoketexty.cz\/magazin\/#\/schema\/person\/524da5b0fbeed4c3aab8132fdf00f2f6"},"description":"Finsk\u00e1 sopranistka Tarja Turunen se vr\u00e1tila s albem Frisson Noir, deseti skladbami, kter\u00e9 sama ozna\u010duje za nejt\u011b\u017e\u0161\u00ed v\u011bc, jakou kdy nato\u010dila.","breadcrumb":{"@id":"https:\/\/www.karaoketexty.cz\/magazin\/navrat-po-sedmilete-pauze-tarja-vydala-nejtvrdsi-album-sve-kariery-nechybi-ani-clen-nightwish\/#breadcrumb"},"inLanguage":"cs","potentialAction":[{"@type":"ReadAction","target":["https:\/\/www.karaoketexty.cz\/magazin\/navrat-po-sedmilete-pauze-tarja-vydala-nejtvrdsi-album-sve-kariery-nechybi-ani-clen-nightwish\/"]}]},{"@type":"ImageObject","inLanguage":"cs","@id":"https:\/\/www.karaoketexty.cz\/magazin\/navrat-po-sedmilete-pauze-tarja-vydala-nejtvrdsi-album-sve-kariery-nechybi-ani-clen-nightwish\/#primaryimage","url":"https:\/\/www.karaoketexty.cz\/magazin\/wp-content\/uploads\/2026\/08\/tarja-turunen.jpg","contentUrl":"https:\/\/www.karaoketexty.cz\/magazin\/wp-content\/uploads\/2026\/08\/tarja-turunen.jpg","width":1200,"height":676,"caption":"Fotografie: Andreas Lawen, Fotandi \/ Creative Commos \/ CC BY-SA 3.0"},{"@type":"BreadcrumbList","@id":"https:\/\/www.karaoketexty.cz\/magazin\/navrat-po-sedmilete-pauze-tarja-vydala-nejtvrdsi-album-sve-kariery-nechybi-ani-clen-nightwish\/#breadcrumb","itemListElement":[{"@type":"ListItem","position":1,"name":"Dom\u016f","item":"https:\/\/www.karaoketexty.cz\/magazin\/"},{"@type":"ListItem","position":2,"name":"N\u00e1vrat po sedmilet\u00e9 pauze: Tarja vydala nejtvrd\u0161\u00ed album sv\u00e9 kari\u00e9ry, nechyb\u00ed ani \u010dlen Nightwish"}]},{"@type":"WebSite","@id":"https:\/\/www.karaoketexty.cz\/magazin\/#website","url":"https:\/\/www.karaoketexty.cz\/magazin\/","name":"Stars Magaz\u00edn Karaoketexty.cz","description":"Stars Magaz\u00edn na Karaoketexty.cz je zam\u011b\u0159en\u00fd na novinky ze sv\u011bta hudby a celebrit. Obsahuje \u010dl\u00e1nky o zp\u011bv\u00e1c\u00edch, kapel\u00e1ch, nov\u00fdch albech, hudebn\u00edch trendech a dal\u0161\u00edch zaj\u00edmavostech z hudebn\u00edho pr\u016fmyslu.","potentialAction":[{"@type":"SearchAction","target":{"@type":"EntryPoint","urlTemplate":"https:\/\/www.karaoketexty.cz\/magazin\/?s={search_term_string}"},"query-input":{"@type":"PropertyValueSpecification","valueRequired":true,"valueName":"search_term_string"}}],"inLanguage":"cs"},{"@type":"Person","@id":"https:\/\/www.karaoketexty.cz\/magazin\/#\/schema\/person\/524da5b0fbeed4c3aab8132fdf00f2f6","name":"Radek Kone\u010dn\u00fd","image":{"@type":"ImageObject","inLanguage":"cs","@id":"https:\/\/secure.gravatar.com\/avatar\/8dc523befeed7910402c763ae678e41e9d925d26441865f21c954ecb6f4e1b17?s=96&d=mm&r=g","url":"https:\/\/secure.gravatar.com\/avatar\/8dc523befeed7910402c763ae678e41e9d925d26441865f21c954ecb6f4e1b17?s=96&d=mm&r=g","contentUrl":"https:\/\/secure.gravatar.com\/avatar\/8dc523befeed7910402c763ae678e41e9d925d26441865f21c954ecb6f4e1b17?s=96&d=mm&r=g","caption":"Radek Kone\u010dn\u00fd"},"url":"https:\/\/www.karaoketexty.cz\/magazin\/author\/radekkonecny\/"}]}},"_links":{"self":[{"href":"https:\/\/www.karaoketexty.cz\/magazin\/wp-json\/wp\/v2\/posts\/18582","targetHints":{"allow":["GET"]}}],"collection":[{"href":"https:\/\/www.karaoketexty.cz\/magazin\/wp-json\/wp\/v2\/posts"}],"about":[{"href":"https:\/\/www.karaoketexty.cz\/magazin\/wp-json\/wp\/v2\/types\/post"}],"author":[{"embeddable":true,"href":"https:\/\/www.karaoketexty.cz\/magazin\/wp-json\/wp\/v2\/users\/9"}],"replies":[{"embeddable":true,"href":"https:\/\/www.karaoketexty.cz\/magazin\/wp-json\/wp\/v2\/comments?post=18582"}],"version-history":[{"count":6,"href":"https:\/\/www.karaoketexty.cz\/magazin\/wp-json\/wp\/v2\/posts\/18582\/revisions"}],"predecessor-version":[{"id":19222,"href":"https:\/\/www.karaoketexty.cz\/magazin\/wp-json\/wp\/v2\/posts\/18582\/revisions\/19222"}],"wp:featuredmedia":[{"embeddable":true,"href":"https:\/\/www.karaoketexty.cz\/magazin\/wp-json\/wp\/v2\/media\/18587"}],"wp:attachment":[{"href":"https:\/\/www.karaoketexty.cz\/magazin\/wp-json\/wp\/v2\/media?parent=18582"}],"wp:term":[{"taxonomy":"category","embeddable":true,"href":"https:\/\/www.karaoketexty.cz\/magazin\/wp-json\/wp\/v2\/categories?post=18582"},{"taxonomy":"post_tag","embeddable":true,"href":"https:\/\/www.karaoketexty.cz\/magazin\/wp-json\/wp\/v2\/tags?post=18582"}],"curies":[{"name":"wp","href":"https:\/\/api.w.org\/{rel}","templated":true}]}}