{"id":18574,"date":"2026-09-06T12:58:00","date_gmt":"2026-09-06T10:58:00","guid":{"rendered":"https:\/\/www.karaoketexty.cz\/magazin\/?p=18574"},"modified":"2026-09-04T18:04:02","modified_gmt":"2026-09-04T16:04:02","slug":"sok-u-soudu-o-miliony-kamily-mortimer-helena-vondrackova-poprela-kamaradcin-vztah-s-udajnym-milencem","status":"publish","type":"post","link":"https:\/\/www.karaoketexty.cz\/magazin\/sok-u-soudu-o-miliony-kamily-mortimer-helena-vondrackova-poprela-kamaradcin-vztah-s-udajnym-milencem\/","title":{"rendered":"\u0160ok u soudu o miliony Kamily Mortimer: Helena Vondr\u00e1\u010dkov\u00e1 pop\u0159ela kamar\u00e1d\u010din vztah s \u00fadajn\u00fdm milencem"},"content":{"rendered":"\n<p class=\"wp-block-paragraph\"><strong>Helena Vondr\u00e1\u010dkov\u00e1 stanula jako sv\u011bdkyn\u011b u soudu, kde se rozhoduje o milionov\u00e9m d\u011bdictv\u00ed po jej\u00ed dlouholet\u00e9 p\u0159\u00edtelkyni Kamile Mortimer. Jej\u00ed v\u00fdpov\u011b\u010f je pro p\u0159\u00edpad z\u00e1sadn\u00ed<\/strong>. <\/p>\n\n\n\n<p class=\"wp-block-paragraph\">Kamila Mortimer zem\u0159ela v roce 2023 na indon\u00e9sk\u00e9m Bali. P\u0159i j\u00edzd\u011b na sk\u00fatru se dostala pod kola n\u00e1kladn\u00edho auta. Z\u016fstalo po n\u00ed zna\u010dn\u00e9 jm\u011bn\u00ed, mimo jin\u00e9 vila v pra\u017esk\u00fdch Hodkovi\u010dk\u00e1ch, jej\u00ed\u017e hodnota se odhaduje asi na p\u011btat\u0159icet milion\u016f korun. O \u010d\u00e1st majetku dnes vede spor rodina i podnikatel Tom\u00e1\u0161 Soukup. Ten tvrd\u00ed, \u017ee se s Mortimer znal dv\u011b desetilet\u00ed a \u017ee s n\u00ed od roku 2018, tedy od jej\u00edho rozvodu, \u017eil ve spole\u010dn\u00e9 dom\u00e1cnosti. Lid\u00e9 z jej\u00edho okol\u00ed s t\u00edm ale nesouhlas\u00ed a u soudu to \u0159\u00edkaj\u00ed pom\u011brn\u011b jasn\u011b, jak jsme na Karaoketexty zaznamenali.<\/p>\n\n\n<!-- karaoketexty.cz \/ rectangle2 -->\n<div id=\"PX_37086_709110796310826\"><\/div>\n<script>\n   if(!useMobileAds && !boolUseSeznamAds && !hideAllAds){\n     window.px2 = window.px2 || { conf: {},queue: [] };\n     px2.queue.push(function () {\n        px2.render({\n           slot: {\n              id: 37086\n           },\n            elem: \"PX_37086_709110796310826\"\n        })\n     });\n  }\n<\/script>\n\n<!-- karaoketexty.cz \/ mobile-rectangle3 -->\n<div id=\"PX_37044_714599773297004\"><\/div>\n<script>\n   if(useMobileAds && !boolUseSeznamAds && !hideAllAds){\nwindow.px2 = window.px2 || { conf: {},queue: [] };\npx2.queue.push(function () {\n\tpx2.render({\n\t\tslot: {\n\t\t\tid: 37044\n\t\t},\n\t\telem: \"PX_37044_714599773297004\"\n\t})\n});\n}\n<\/script>\n\n\n<h2 class=\"wp-block-heading\">\u201eNikdy se mi nezm\u00ednila, \u017ee by m\u011bla partnera\u201c<\/h2>\n\n\n\n<p class=\"wp-block-paragraph\">Vondr\u00e1\u010dkov\u00e1 p\u0159ed soudem popsala, \u017ee se s Mortimer sezn\u00e1mila d\u00edky firemn\u00ed akci. Z p\u016fvodn\u00edho kontaktu se podle n\u00ed \u010dasem stalo bl\u00edzk\u00e9 p\u0159\u00e1telstv\u00ed. Potk\u00e1valy se na spole\u010densk\u00fdch ud\u00e1lostech, ale i mimo n\u011b. Mortimer jezdila za zp\u011bva\u010dkou na hausb\u00f3t, spole\u010dn\u011b byly tak\u00e9 na Kan\u00e1rsk\u00fdch ostrovech. Vondr\u00e1\u010dkov\u00e1 nav\u0161t\u00edvila i jej\u00ed d\u016fm a tr\u00e1vila \u010das na zahrad\u011b. Podle toho, co tam vid\u011bla, nem\u011bla pocit, \u017ee by v dom\u011b s podnikatelkou n\u011bkdo dal\u0161\u00ed bydlel.<\/p>\n\n\n\n<p class=\"wp-block-paragraph\">Nejd\u016fle\u017eit\u011bj\u0161\u00ed \u010d\u00e1st v\u00fdpov\u011bdi se t\u00fdkala mo\u017en\u00e9ho partnersk\u00e9ho vztahu. <em>\u201eNikdy se mi nezm\u00ednila, \u017ee by m\u011bla n\u011bjakou \u017eivotn\u00ed l\u00e1sku nebo partnera. Ur\u010dit\u011b by mi to \u0159ekla. Bylo mi to divn\u00e9, proto\u017ee to byla kr\u00e1sn\u00e1 \u017eena,<\/em>\u201c uvedla Vondr\u00e1\u010dkov\u00e1 u soudu. Kdy\u017e se Mortimer v minulosti ptala p\u0159\u00edmo, odpov\u011b\u010f pr\u00fd zn\u011bla, \u017ee nikoho nem\u00e1. Soukupa zp\u011bva\u010dka osobn\u011b nezn\u00e1. Jeho jm\u00e9no, jak vypov\u011bd\u011bla, od Kamily Mortimer nikdy nezaznamenala.<\/p>\n\n\n<!-- karaoketexty.cz \/ interscroller1 -->\n\n<div id=\"PX_37041_825057871452834\"><\/div>\n<script>\nif(useMobileAds && !boolUseSeznamAds && !hideAllAds){\n\twindow.px2 = window.px2 || { conf: {},queue: [] };\n\tpx2.queue.push(function () {\n\t\tpx2.render({\n\t\t\tslot: {\n\t\t\t\tid: 37041\n\t\t\t},\n\t\t\telem: \"PX_37041_825057871452834\"\n\t\t})\n\t});\n}\n<\/script>\n\n\n<p class=\"wp-block-paragraph\">\u00dapln\u011b vylou\u010dit dok\u00e1zala jen m\u00e1lo. P\u0159ipustila, \u017ee se Soukup mohl n\u011bkde objevit, t\u0159eba na n\u011bkter\u00e9 v\u011bt\u0161\u00ed akci. <em>\u201eMo\u017en\u00e1, \u017ee tam byl, ale nev\u00edm o tom,\u201c<\/em> \u0159ekla k tomu opatrn\u011b.<\/p>\n\n\n\n<h2 class=\"wp-block-heading\">Naposledy spolu p\u0159ed odletem na Bali<\/h2>\n\n\n\n<p class=\"wp-block-paragraph\">Vondr\u00e1\u010dkov\u00e1 mluvila tak\u00e9 o mu\u017e\u00edch, kte\u0159\u00ed se kolem Mortimer pohybovali. Podle jej\u00ed zku\u0161enosti \u0161lo hlavn\u011b o homosexu\u00e1ln\u00ed p\u0159\u00e1tele, pro kter\u00e9 podnikatelka nap\u0159\u00edklad za\u0159izovala l\u00edstky na koncerty. Z bli\u017e\u0161\u00ed rodiny \u010di okol\u00ed znala zp\u011bva\u010dka p\u0159edev\u0161\u00edm synovce Mortimer. Man\u017eelstv\u00ed s panem Mortimerem skon\u010dilo rozvodem a po n\u011bm u\u017e podle Vondr\u00e1\u010dkov\u00e9 podnikatelka o \u017e\u00e1dn\u00e9m partnerovi nemluvila.<\/p>\n\n\n\n<figure class=\"wp-block-image size-large\"><img data-dominant-color=\"553429\" data-has-transparency=\"false\" style=\"--dominant-color: #553429;\" decoding=\"async\" width=\"1024\" height=\"576\" src=\"https:\/\/www.karaoketexty.cz\/magazin\/wp-content\/uploads\/2026\/03\/soud-1024x576.jpg\" alt=\"Vercetti\" class=\"wp-image-9052 not-transparent\" srcset=\"https:\/\/www.karaoketexty.cz\/magazin\/wp-content\/uploads\/2026\/03\/soud-1024x576.jpg 1024w, https:\/\/www.karaoketexty.cz\/magazin\/wp-content\/uploads\/2026\/03\/soud-300x169.jpg 300w, https:\/\/www.karaoketexty.cz\/magazin\/wp-content\/uploads\/2026\/03\/soud-768x432.jpg 768w, https:\/\/www.karaoketexty.cz\/magazin\/wp-content\/uploads\/2026\/03\/soud-800x450.jpg 800w, https:\/\/www.karaoketexty.cz\/magazin\/wp-content\/uploads\/2026\/03\/soud.jpg 1200w\" sizes=\"(max-width: 1024px) 100vw, 1024px\" \/><figcaption class=\"wp-element-caption\">Fotografie: Freepik<\/figcaption><\/figure>\n\n\n\n<p class=\"wp-block-paragraph\">Naposledy se ob\u011b \u017eeny vid\u011bly kr\u00e1tce p\u0159ed odletem na Bali v roce 2023. <em>\u201eByla to p\u0159\u00edjemn\u00e1 kamar\u00e1dka, m\u011bla jsem ji moc r\u00e1da. Moc m\u011b to zas\u00e1hlo,<\/em>\u201c \u0159ekla Vondr\u00e1\u010dkov\u00e1. Otec Kamily Mortimer u soudu vysv\u011btloval, pro\u010d zp\u011bva\u010dku jako sv\u011bdkyni p\u0159ivedl. Cht\u011bl podle sv\u00fdch slov sly\u0161et pravdu, proto\u017ee v tisku se objevuj\u00ed r\u016fzn\u00e9 v\u011bci.<\/p>\n\n\n\n<p class=\"wp-block-paragraph\">\u0158\u00edzen\u00ed je ale teprve na za\u010d\u00e1tku. Soudkyn\u011b vyzvala Soukupa, aby tvrzen\u00ed o spole\u010dn\u00e9m sou\u017eit\u00ed dolo\u017eil d\u016fkazy. Dal\u0161\u00ed v\u00fdvoj bude z\u00e1le\u017eet i na tom, co p\u0159edlo\u017e\u00ed on a co p\u0159\u00edpadn\u011b vypov\u00ed dal\u0161\u00ed lid\u00e9 z okol\u00ed Kamily Mortimer. Nap\u0159\u00edklad stylista Filip Van\u011bk toti\u017e pro Expres tvrdil, \u017ee Soukup pro ni byl jako rodina. Dal\u0161\u00ed v\u00fdvoj soudn\u00edho sporu tak uk\u00e1\u017ee \u010das.<\/p>\n\n\n\n<p class=\"wp-block-paragraph\">Zdroj: Autorsk\u00fd text, <a href=\"https:\/\/www.blesk.cz\/clanek\/celebrity-ceske-celebrity\/797698\/do-boje-o-dedictvi-po-mortimer-56-se-vlozila-vondrackova-kamila-nemela-znamost.html\">Blesk.cz<\/a>, <a href=\"https:\/\/www.extra.cz\/zvrat-v-boji-o-dedictvi-kamily-mortimer-stylista-filip-vanek-prisel-se-zasadnim-tvrzeni-pozustale-rodine-se-libit-nebude-562c8\">Expres<\/a><\/p>\n\n\n            <a href=\"https:\/\/www.karaoketexty.cz\/magazin\/helena-vondrackova-po-detech-touzila-jenze-se-ji-prani-nesplnilo-vestba-heleny-ruzickove-ji-zasahla-do-srdce\/\" class=\"related-post-link\">\n                <div class=\"post-thumbnail\">\n                    <img decoding=\"async\" width=\"250\" height=\"166\" src=\"https:\/\/www.karaoketexty.cz\/magazin\/wp-content\/uploads\/2026\/07\/helena-vondrackova.jpg\" class=\"attachment-250x180 size-250x180 not-transparent\" alt=\"Helena Vondr\u00e1\u010dkov\u00e1\" srcset=\"https:\/\/www.karaoketexty.cz\/magazin\/wp-content\/uploads\/2026\/07\/helena-vondrackova.jpg 1208w, https:\/\/www.karaoketexty.cz\/magazin\/wp-content\/uploads\/2026\/07\/helena-vondrackova-300x199.jpg 300w, https:\/\/www.karaoketexty.cz\/magazin\/wp-content\/uploads\/2026\/07\/helena-vondrackova-1024x678.jpg 1024w, https:\/\/www.karaoketexty.cz\/magazin\/wp-content\/uploads\/2026\/07\/helena-vondrackova-768x509.jpg 768w, https:\/\/www.karaoketexty.cz\/magazin\/wp-content\/uploads\/2026\/07\/helena-vondrackova-800x533.jpg 800w\" sizes=\"(max-width: 250px) 100vw, 250px\" data-has-transparency=\"false\" data-dominant-color=\"6e3532\" style=\"--dominant-color: #6e3532;\" \/>                <\/div>\n                <div class=\"post-details\">\n                    <span class=\"also-read\">\u010ct\u011bte tak\u00e9:<\/span>\n                    <h3 class=\"hed\">Helena Vondr\u00e1\u010dkov\u00e1 po d\u011btech tou\u017eila, jen\u017ee se j\u00ed p\u0159\u00e1n\u00ed nesplnilo. V\u011b\u0161tba Heleny R\u016f\u017ei\u010dkov\u00e9 ji zas\u00e1hla do srdce<\/h3>\n                <\/div>\n            <\/a>\n            \n\n            <a href=\"https:\/\/www.karaoketexty.cz\/magazin\/jana-robbova-zemrela-mlada-a-bez-penez-privedl-ji-k-tomu-alkohol\/\" class=\"related-post-link\">\n                <div class=\"post-thumbnail\">\n                    <img decoding=\"async\" width=\"250\" height=\"141\" src=\"https:\/\/www.karaoketexty.cz\/magazin\/wp-content\/uploads\/2026\/08\/jana-robbova.jpg\" class=\"attachment-250x180 size-250x180 not-transparent\" alt=\"Jana Robbov\u00e1\" srcset=\"https:\/\/www.karaoketexty.cz\/magazin\/wp-content\/uploads\/2026\/08\/jana-robbova.jpg 1200w, https:\/\/www.karaoketexty.cz\/magazin\/wp-content\/uploads\/2026\/08\/jana-robbova-300x169.jpg 300w, https:\/\/www.karaoketexty.cz\/magazin\/wp-content\/uploads\/2026\/08\/jana-robbova-1024x576.jpg 1024w, https:\/\/www.karaoketexty.cz\/magazin\/wp-content\/uploads\/2026\/08\/jana-robbova-768x432.jpg 768w, https:\/\/www.karaoketexty.cz\/magazin\/wp-content\/uploads\/2026\/08\/jana-robbova-800x450.jpg 800w\" sizes=\"(max-width: 250px) 100vw, 250px\" data-has-transparency=\"false\" data-dominant-color=\"525355\" style=\"--dominant-color: #525355;\" \/>                <\/div>\n                <div class=\"post-details\">\n                    <span class=\"also-read\">\u010ct\u011bte tak\u00e9:<\/span>\n                    <h3 class=\"hed\">Jana Robbov\u00e1 zem\u0159ela mlad\u00e1 a bez pen\u011bz, p\u0159ivedl ji k tomu alkohol<\/h3>\n                <\/div>\n            <\/a>\n            ","protected":false},"excerpt":{"rendered":"<p>Helena Vondr\u00e1\u010dkov\u00e1 stanula jako sv\u011bdkyn\u011b u soudu, kde se rozhoduje o milionov\u00e9m d\u011bdictv\u00ed po jej\u00ed dlouholet\u00e9 p\u0159\u00edtelkyni Kamile Mortimer. Jej\u00ed v\u00fdpov\u011b\u010f je pro p\u0159\u00edpad z\u00e1sadn\u00ed.<\/p>\n","protected":false},"author":9,"featured_media":15109,"comment_status":"open","ping_status":"closed","sticky":false,"template":"","format":"standard","meta":{"footnotes":""},"categories":[1059],"tags":[4144,571,4083,11504,328,11257,825,1573,11258,514,51],"class_list":["post-18574","post","type-post","status-publish","format-standard","has-post-thumbnail","hentry","category-celebrity","tag-bali","tag-ceska-hudba","tag-dedictvi","tag-filip-vanek","tag-helena-vondrackova","tag-kamila-mortimer","tag-pratelstvi","tag-soudni-spor","tag-tomas-soukup","tag-tragedie","tag-zpevacka"],"yoast_head":"<!-- This site is optimized with the Yoast SEO plugin v28.3 - https:\/\/yoast.com\/product\/yoast-seo-wordpress\/ -->\n<title>Vondr\u00e1\u010dkov\u00e1 u soudu vypov\u00eddala o sv\u00e9 kamar\u00e1dce, jde o miliony<\/title>\n<meta name=\"description\" content=\"Helena Vondr\u00e1\u010dkov\u00e1 vypov\u00eddala u soudu v kauze d\u011bdictv\u00ed po Kamile Mortimer. Pop\u0159ela, \u017ee by zesnul\u00e1 podnikatelka m\u011bla vztah s Tom\u00e1\u0161em Soukupem.\" \/>\n<meta name=\"robots\" content=\"index, follow, max-snippet:-1, max-image-preview:large, max-video-preview:-1\" \/>\n<link rel=\"canonical\" href=\"https:\/\/www.karaoketexty.cz\/magazin\/sok-u-soudu-o-miliony-kamily-mortimer-helena-vondrackova-poprela-kamaradcin-vztah-s-udajnym-milencem\/\" \/>\n<meta property=\"og:locale\" content=\"cs_CZ\" \/>\n<meta property=\"og:type\" content=\"article\" \/>\n<meta property=\"og:title\" content=\"Vondr\u00e1\u010dkov\u00e1 u soudu vypov\u00eddala o sv\u00e9 kamar\u00e1dce, jde o miliony\" \/>\n<meta property=\"og:description\" content=\"Helena Vondr\u00e1\u010dkov\u00e1 vypov\u00eddala u soudu v kauze d\u011bdictv\u00ed po Kamile Mortimer. Pop\u0159ela, \u017ee by zesnul\u00e1 podnikatelka m\u011bla vztah s Tom\u00e1\u0161em Soukupem.\" \/>\n<meta property=\"og:url\" content=\"https:\/\/www.karaoketexty.cz\/magazin\/sok-u-soudu-o-miliony-kamily-mortimer-helena-vondrackova-poprela-kamaradcin-vztah-s-udajnym-milencem\/\" \/>\n<meta property=\"og:site_name\" content=\"Stars Magaz\u00edn Karaoketexty.cz\" \/>\n<meta property=\"article:published_time\" content=\"2026-09-06T10:58:00+00:00\" \/>\n<meta property=\"og:image\" content=\"https:\/\/www.karaoketexty.cz\/magazin\/wp-content\/uploads\/2026\/07\/foto-helena-vondrackova.jpg\" \/>\n\t<meta property=\"og:image:width\" content=\"1200\" \/>\n\t<meta property=\"og:image:height\" content=\"676\" \/>\n\t<meta property=\"og:image:type\" content=\"image\/jpeg\" \/>\n<meta name=\"author\" content=\"Radek Kone\u010dn\u00fd\" \/>\n<meta name=\"twitter:card\" content=\"summary_large_image\" \/>\n<meta name=\"twitter:label1\" content=\"Napsal(a)\" \/>\n\t<meta name=\"twitter:data1\" content=\"Radek Kone\u010dn\u00fd\" \/>\n\t<meta name=\"twitter:label2\" content=\"Odhadovan\u00e1 doba \u010dten\u00ed\" \/>\n\t<meta name=\"twitter:data2\" content=\"3 minuty\" \/>\n<script type=\"application\/ld+json\" class=\"yoast-schema-graph\">{\"@context\":\"https:\\\/\\\/schema.org\",\"@graph\":[{\"@type\":\"Article\",\"@id\":\"https:\\\/\\\/www.karaoketexty.cz\\\/magazin\\\/sok-u-soudu-o-miliony-kamily-mortimer-helena-vondrackova-poprela-kamaradcin-vztah-s-udajnym-milencem\\\/#article\",\"isPartOf\":{\"@id\":\"https:\\\/\\\/www.karaoketexty.cz\\\/magazin\\\/sok-u-soudu-o-miliony-kamily-mortimer-helena-vondrackova-poprela-kamaradcin-vztah-s-udajnym-milencem\\\/\"},\"author\":{\"name\":\"Radek Kone\u010dn\u00fd\",\"@id\":\"https:\\\/\\\/www.karaoketexty.cz\\\/magazin\\\/#\\\/schema\\\/person\\\/524da5b0fbeed4c3aab8132fdf00f2f6\"},\"headline\":\"\u0160ok u soudu o miliony Kamily Mortimer: Helena Vondr\u00e1\u010dkov\u00e1 pop\u0159ela kamar\u00e1d\u010din vztah s \u00fadajn\u00fdm milencem\",\"datePublished\":\"2026-09-06T10:58:00+00:00\",\"mainEntityOfPage\":{\"@id\":\"https:\\\/\\\/www.karaoketexty.cz\\\/magazin\\\/sok-u-soudu-o-miliony-kamily-mortimer-helena-vondrackova-poprela-kamaradcin-vztah-s-udajnym-milencem\\\/\"},\"wordCount\":630,\"commentCount\":0,\"image\":{\"@id\":\"https:\\\/\\\/www.karaoketexty.cz\\\/magazin\\\/sok-u-soudu-o-miliony-kamily-mortimer-helena-vondrackova-poprela-kamaradcin-vztah-s-udajnym-milencem\\\/#primaryimage\"},\"thumbnailUrl\":\"https:\\\/\\\/www.karaoketexty.cz\\\/magazin\\\/wp-content\\\/uploads\\\/2026\\\/07\\\/foto-helena-vondrackova.jpg\",\"keywords\":[\"Bali\",\"\u010desk\u00e1 hudba\",\"d\u011bdictv\u00ed\",\"Filip Van\u011bk\",\"Helena Vondr\u00e1\u010dkov\u00e1\",\"Kamila Mortimer\",\"p\u0159\u00e1telstv\u00ed\",\"soudn\u00ed spor\",\"Tom\u00e1\u0161 Soukup\",\"trag\u00e9die\",\"Zp\u011bva\u010dka\"],\"articleSection\":[\"Celebrity\"],\"inLanguage\":\"cs\",\"potentialAction\":[{\"@type\":\"CommentAction\",\"name\":\"Comment\",\"target\":[\"https:\\\/\\\/www.karaoketexty.cz\\\/magazin\\\/sok-u-soudu-o-miliony-kamily-mortimer-helena-vondrackova-poprela-kamaradcin-vztah-s-udajnym-milencem\\\/#respond\"]}]},{\"@type\":\"WebPage\",\"@id\":\"https:\\\/\\\/www.karaoketexty.cz\\\/magazin\\\/sok-u-soudu-o-miliony-kamily-mortimer-helena-vondrackova-poprela-kamaradcin-vztah-s-udajnym-milencem\\\/\",\"url\":\"https:\\\/\\\/www.karaoketexty.cz\\\/magazin\\\/sok-u-soudu-o-miliony-kamily-mortimer-helena-vondrackova-poprela-kamaradcin-vztah-s-udajnym-milencem\\\/\",\"name\":\"Vondr\u00e1\u010dkov\u00e1 u soudu vypov\u00eddala o sv\u00e9 kamar\u00e1dce, jde o miliony\",\"isPartOf\":{\"@id\":\"https:\\\/\\\/www.karaoketexty.cz\\\/magazin\\\/#website\"},\"primaryImageOfPage\":{\"@id\":\"https:\\\/\\\/www.karaoketexty.cz\\\/magazin\\\/sok-u-soudu-o-miliony-kamily-mortimer-helena-vondrackova-poprela-kamaradcin-vztah-s-udajnym-milencem\\\/#primaryimage\"},\"image\":{\"@id\":\"https:\\\/\\\/www.karaoketexty.cz\\\/magazin\\\/sok-u-soudu-o-miliony-kamily-mortimer-helena-vondrackova-poprela-kamaradcin-vztah-s-udajnym-milencem\\\/#primaryimage\"},\"thumbnailUrl\":\"https:\\\/\\\/www.karaoketexty.cz\\\/magazin\\\/wp-content\\\/uploads\\\/2026\\\/07\\\/foto-helena-vondrackova.jpg\",\"datePublished\":\"2026-09-06T10:58:00+00:00\",\"author\":{\"@id\":\"https:\\\/\\\/www.karaoketexty.cz\\\/magazin\\\/#\\\/schema\\\/person\\\/524da5b0fbeed4c3aab8132fdf00f2f6\"},\"description\":\"Helena Vondr\u00e1\u010dkov\u00e1 vypov\u00eddala u soudu v kauze d\u011bdictv\u00ed po Kamile Mortimer. Pop\u0159ela, \u017ee by zesnul\u00e1 podnikatelka m\u011bla vztah s Tom\u00e1\u0161em Soukupem.\",\"breadcrumb\":{\"@id\":\"https:\\\/\\\/www.karaoketexty.cz\\\/magazin\\\/sok-u-soudu-o-miliony-kamily-mortimer-helena-vondrackova-poprela-kamaradcin-vztah-s-udajnym-milencem\\\/#breadcrumb\"},\"inLanguage\":\"cs\",\"potentialAction\":[{\"@type\":\"ReadAction\",\"target\":[\"https:\\\/\\\/www.karaoketexty.cz\\\/magazin\\\/sok-u-soudu-o-miliony-kamily-mortimer-helena-vondrackova-poprela-kamaradcin-vztah-s-udajnym-milencem\\\/\"]}]},{\"@type\":\"ImageObject\",\"inLanguage\":\"cs\",\"@id\":\"https:\\\/\\\/www.karaoketexty.cz\\\/magazin\\\/sok-u-soudu-o-miliony-kamily-mortimer-helena-vondrackova-poprela-kamaradcin-vztah-s-udajnym-milencem\\\/#primaryimage\",\"url\":\"https:\\\/\\\/www.karaoketexty.cz\\\/magazin\\\/wp-content\\\/uploads\\\/2026\\\/07\\\/foto-helena-vondrackova.jpg\",\"contentUrl\":\"https:\\\/\\\/www.karaoketexty.cz\\\/magazin\\\/wp-content\\\/uploads\\\/2026\\\/07\\\/foto-helena-vondrackova.jpg\",\"width\":1200,\"height\":676,\"caption\":\"Foto: NextFoto\"},{\"@type\":\"BreadcrumbList\",\"@id\":\"https:\\\/\\\/www.karaoketexty.cz\\\/magazin\\\/sok-u-soudu-o-miliony-kamily-mortimer-helena-vondrackova-poprela-kamaradcin-vztah-s-udajnym-milencem\\\/#breadcrumb\",\"itemListElement\":[{\"@type\":\"ListItem\",\"position\":1,\"name\":\"Dom\u016f\",\"item\":\"https:\\\/\\\/www.karaoketexty.cz\\\/magazin\\\/\"},{\"@type\":\"ListItem\",\"position\":2,\"name\":\"\u0160ok u soudu o miliony Kamily Mortimer: Helena Vondr\u00e1\u010dkov\u00e1 pop\u0159ela kamar\u00e1d\u010din vztah s \u00fadajn\u00fdm milencem\"}]},{\"@type\":\"WebSite\",\"@id\":\"https:\\\/\\\/www.karaoketexty.cz\\\/magazin\\\/#website\",\"url\":\"https:\\\/\\\/www.karaoketexty.cz\\\/magazin\\\/\",\"name\":\"Stars Magaz\u00edn Karaoketexty.cz\",\"description\":\"Stars Magaz\u00edn na Karaoketexty.cz je zam\u011b\u0159en\u00fd na novinky ze sv\u011bta hudby a celebrit. Obsahuje \u010dl\u00e1nky o zp\u011bv\u00e1c\u00edch, kapel\u00e1ch, nov\u00fdch albech, hudebn\u00edch trendech a dal\u0161\u00edch zaj\u00edmavostech z hudebn\u00edho pr\u016fmyslu.\",\"potentialAction\":[{\"@type\":\"SearchAction\",\"target\":{\"@type\":\"EntryPoint\",\"urlTemplate\":\"https:\\\/\\\/www.karaoketexty.cz\\\/magazin\\\/?s={search_term_string}\"},\"query-input\":{\"@type\":\"PropertyValueSpecification\",\"valueRequired\":true,\"valueName\":\"search_term_string\"}}],\"inLanguage\":\"cs\"},{\"@type\":\"Person\",\"@id\":\"https:\\\/\\\/www.karaoketexty.cz\\\/magazin\\\/#\\\/schema\\\/person\\\/524da5b0fbeed4c3aab8132fdf00f2f6\",\"name\":\"Radek Kone\u010dn\u00fd\",\"image\":{\"@type\":\"ImageObject\",\"inLanguage\":\"cs\",\"@id\":\"https:\\\/\\\/secure.gravatar.com\\\/avatar\\\/8dc523befeed7910402c763ae678e41e9d925d26441865f21c954ecb6f4e1b17?s=96&d=mm&r=g\",\"url\":\"https:\\\/\\\/secure.gravatar.com\\\/avatar\\\/8dc523befeed7910402c763ae678e41e9d925d26441865f21c954ecb6f4e1b17?s=96&d=mm&r=g\",\"contentUrl\":\"https:\\\/\\\/secure.gravatar.com\\\/avatar\\\/8dc523befeed7910402c763ae678e41e9d925d26441865f21c954ecb6f4e1b17?s=96&d=mm&r=g\",\"caption\":\"Radek Kone\u010dn\u00fd\"},\"url\":\"https:\\\/\\\/www.karaoketexty.cz\\\/magazin\\\/author\\\/radekkonecny\\\/\"}]}<\/script>\n<!-- \/ Yoast SEO plugin. -->","yoast_head_json":{"title":"Vondr\u00e1\u010dkov\u00e1 u soudu vypov\u00eddala o sv\u00e9 kamar\u00e1dce, jde o miliony","description":"Helena Vondr\u00e1\u010dkov\u00e1 vypov\u00eddala u soudu v kauze d\u011bdictv\u00ed po Kamile Mortimer. Pop\u0159ela, \u017ee by zesnul\u00e1 podnikatelka m\u011bla vztah s Tom\u00e1\u0161em Soukupem.","robots":{"index":"index","follow":"follow","max-snippet":"max-snippet:-1","max-image-preview":"max-image-preview:large","max-video-preview":"max-video-preview:-1"},"canonical":"https:\/\/www.karaoketexty.cz\/magazin\/sok-u-soudu-o-miliony-kamily-mortimer-helena-vondrackova-poprela-kamaradcin-vztah-s-udajnym-milencem\/","og_locale":"cs_CZ","og_type":"article","og_title":"Vondr\u00e1\u010dkov\u00e1 u soudu vypov\u00eddala o sv\u00e9 kamar\u00e1dce, jde o miliony","og_description":"Helena Vondr\u00e1\u010dkov\u00e1 vypov\u00eddala u soudu v kauze d\u011bdictv\u00ed po Kamile Mortimer. Pop\u0159ela, \u017ee by zesnul\u00e1 podnikatelka m\u011bla vztah s Tom\u00e1\u0161em Soukupem.","og_url":"https:\/\/www.karaoketexty.cz\/magazin\/sok-u-soudu-o-miliony-kamily-mortimer-helena-vondrackova-poprela-kamaradcin-vztah-s-udajnym-milencem\/","og_site_name":"Stars Magaz\u00edn Karaoketexty.cz","article_published_time":"2026-09-06T10:58:00+00:00","og_image":[{"width":1200,"height":676,"url":"https:\/\/www.karaoketexty.cz\/magazin\/wp-content\/uploads\/2026\/07\/foto-helena-vondrackova.jpg","type":"image\/jpeg"}],"author":"Radek Kone\u010dn\u00fd","twitter_card":"summary_large_image","twitter_misc":{"Napsal(a)":"Radek Kone\u010dn\u00fd","Odhadovan\u00e1 doba \u010dten\u00ed":"3 minuty"},"schema":{"@context":"https:\/\/schema.org","@graph":[{"@type":"Article","@id":"https:\/\/www.karaoketexty.cz\/magazin\/sok-u-soudu-o-miliony-kamily-mortimer-helena-vondrackova-poprela-kamaradcin-vztah-s-udajnym-milencem\/#article","isPartOf":{"@id":"https:\/\/www.karaoketexty.cz\/magazin\/sok-u-soudu-o-miliony-kamily-mortimer-helena-vondrackova-poprela-kamaradcin-vztah-s-udajnym-milencem\/"},"author":{"name":"Radek Kone\u010dn\u00fd","@id":"https:\/\/www.karaoketexty.cz\/magazin\/#\/schema\/person\/524da5b0fbeed4c3aab8132fdf00f2f6"},"headline":"\u0160ok u soudu o miliony Kamily Mortimer: Helena Vondr\u00e1\u010dkov\u00e1 pop\u0159ela kamar\u00e1d\u010din vztah s \u00fadajn\u00fdm milencem","datePublished":"2026-09-06T10:58:00+00:00","mainEntityOfPage":{"@id":"https:\/\/www.karaoketexty.cz\/magazin\/sok-u-soudu-o-miliony-kamily-mortimer-helena-vondrackova-poprela-kamaradcin-vztah-s-udajnym-milencem\/"},"wordCount":630,"commentCount":0,"image":{"@id":"https:\/\/www.karaoketexty.cz\/magazin\/sok-u-soudu-o-miliony-kamily-mortimer-helena-vondrackova-poprela-kamaradcin-vztah-s-udajnym-milencem\/#primaryimage"},"thumbnailUrl":"https:\/\/www.karaoketexty.cz\/magazin\/wp-content\/uploads\/2026\/07\/foto-helena-vondrackova.jpg","keywords":["Bali","\u010desk\u00e1 hudba","d\u011bdictv\u00ed","Filip Van\u011bk","Helena Vondr\u00e1\u010dkov\u00e1","Kamila Mortimer","p\u0159\u00e1telstv\u00ed","soudn\u00ed spor","Tom\u00e1\u0161 Soukup","trag\u00e9die","Zp\u011bva\u010dka"],"articleSection":["Celebrity"],"inLanguage":"cs","potentialAction":[{"@type":"CommentAction","name":"Comment","target":["https:\/\/www.karaoketexty.cz\/magazin\/sok-u-soudu-o-miliony-kamily-mortimer-helena-vondrackova-poprela-kamaradcin-vztah-s-udajnym-milencem\/#respond"]}]},{"@type":"WebPage","@id":"https:\/\/www.karaoketexty.cz\/magazin\/sok-u-soudu-o-miliony-kamily-mortimer-helena-vondrackova-poprela-kamaradcin-vztah-s-udajnym-milencem\/","url":"https:\/\/www.karaoketexty.cz\/magazin\/sok-u-soudu-o-miliony-kamily-mortimer-helena-vondrackova-poprela-kamaradcin-vztah-s-udajnym-milencem\/","name":"Vondr\u00e1\u010dkov\u00e1 u soudu vypov\u00eddala o sv\u00e9 kamar\u00e1dce, jde o miliony","isPartOf":{"@id":"https:\/\/www.karaoketexty.cz\/magazin\/#website"},"primaryImageOfPage":{"@id":"https:\/\/www.karaoketexty.cz\/magazin\/sok-u-soudu-o-miliony-kamily-mortimer-helena-vondrackova-poprela-kamaradcin-vztah-s-udajnym-milencem\/#primaryimage"},"image":{"@id":"https:\/\/www.karaoketexty.cz\/magazin\/sok-u-soudu-o-miliony-kamily-mortimer-helena-vondrackova-poprela-kamaradcin-vztah-s-udajnym-milencem\/#primaryimage"},"thumbnailUrl":"https:\/\/www.karaoketexty.cz\/magazin\/wp-content\/uploads\/2026\/07\/foto-helena-vondrackova.jpg","datePublished":"2026-09-06T10:58:00+00:00","author":{"@id":"https:\/\/www.karaoketexty.cz\/magazin\/#\/schema\/person\/524da5b0fbeed4c3aab8132fdf00f2f6"},"description":"Helena Vondr\u00e1\u010dkov\u00e1 vypov\u00eddala u soudu v kauze d\u011bdictv\u00ed po Kamile Mortimer. Pop\u0159ela, \u017ee by zesnul\u00e1 podnikatelka m\u011bla vztah s Tom\u00e1\u0161em Soukupem.","breadcrumb":{"@id":"https:\/\/www.karaoketexty.cz\/magazin\/sok-u-soudu-o-miliony-kamily-mortimer-helena-vondrackova-poprela-kamaradcin-vztah-s-udajnym-milencem\/#breadcrumb"},"inLanguage":"cs","potentialAction":[{"@type":"ReadAction","target":["https:\/\/www.karaoketexty.cz\/magazin\/sok-u-soudu-o-miliony-kamily-mortimer-helena-vondrackova-poprela-kamaradcin-vztah-s-udajnym-milencem\/"]}]},{"@type":"ImageObject","inLanguage":"cs","@id":"https:\/\/www.karaoketexty.cz\/magazin\/sok-u-soudu-o-miliony-kamily-mortimer-helena-vondrackova-poprela-kamaradcin-vztah-s-udajnym-milencem\/#primaryimage","url":"https:\/\/www.karaoketexty.cz\/magazin\/wp-content\/uploads\/2026\/07\/foto-helena-vondrackova.jpg","contentUrl":"https:\/\/www.karaoketexty.cz\/magazin\/wp-content\/uploads\/2026\/07\/foto-helena-vondrackova.jpg","width":1200,"height":676,"caption":"Foto: NextFoto"},{"@type":"BreadcrumbList","@id":"https:\/\/www.karaoketexty.cz\/magazin\/sok-u-soudu-o-miliony-kamily-mortimer-helena-vondrackova-poprela-kamaradcin-vztah-s-udajnym-milencem\/#breadcrumb","itemListElement":[{"@type":"ListItem","position":1,"name":"Dom\u016f","item":"https:\/\/www.karaoketexty.cz\/magazin\/"},{"@type":"ListItem","position":2,"name":"\u0160ok u soudu o miliony Kamily Mortimer: Helena Vondr\u00e1\u010dkov\u00e1 pop\u0159ela kamar\u00e1d\u010din vztah s \u00fadajn\u00fdm milencem"}]},{"@type":"WebSite","@id":"https:\/\/www.karaoketexty.cz\/magazin\/#website","url":"https:\/\/www.karaoketexty.cz\/magazin\/","name":"Stars Magaz\u00edn Karaoketexty.cz","description":"Stars Magaz\u00edn na Karaoketexty.cz je zam\u011b\u0159en\u00fd na novinky ze sv\u011bta hudby a celebrit. Obsahuje \u010dl\u00e1nky o zp\u011bv\u00e1c\u00edch, kapel\u00e1ch, nov\u00fdch albech, hudebn\u00edch trendech a dal\u0161\u00edch zaj\u00edmavostech z hudebn\u00edho pr\u016fmyslu.","potentialAction":[{"@type":"SearchAction","target":{"@type":"EntryPoint","urlTemplate":"https:\/\/www.karaoketexty.cz\/magazin\/?s={search_term_string}"},"query-input":{"@type":"PropertyValueSpecification","valueRequired":true,"valueName":"search_term_string"}}],"inLanguage":"cs"},{"@type":"Person","@id":"https:\/\/www.karaoketexty.cz\/magazin\/#\/schema\/person\/524da5b0fbeed4c3aab8132fdf00f2f6","name":"Radek Kone\u010dn\u00fd","image":{"@type":"ImageObject","inLanguage":"cs","@id":"https:\/\/secure.gravatar.com\/avatar\/8dc523befeed7910402c763ae678e41e9d925d26441865f21c954ecb6f4e1b17?s=96&d=mm&r=g","url":"https:\/\/secure.gravatar.com\/avatar\/8dc523befeed7910402c763ae678e41e9d925d26441865f21c954ecb6f4e1b17?s=96&d=mm&r=g","contentUrl":"https:\/\/secure.gravatar.com\/avatar\/8dc523befeed7910402c763ae678e41e9d925d26441865f21c954ecb6f4e1b17?s=96&d=mm&r=g","caption":"Radek Kone\u010dn\u00fd"},"url":"https:\/\/www.karaoketexty.cz\/magazin\/author\/radekkonecny\/"}]}},"_links":{"self":[{"href":"https:\/\/www.karaoketexty.cz\/magazin\/wp-json\/wp\/v2\/posts\/18574","targetHints":{"allow":["GET"]}}],"collection":[{"href":"https:\/\/www.karaoketexty.cz\/magazin\/wp-json\/wp\/v2\/posts"}],"about":[{"href":"https:\/\/www.karaoketexty.cz\/magazin\/wp-json\/wp\/v2\/types\/post"}],"author":[{"embeddable":true,"href":"https:\/\/www.karaoketexty.cz\/magazin\/wp-json\/wp\/v2\/users\/9"}],"replies":[{"embeddable":true,"href":"https:\/\/www.karaoketexty.cz\/magazin\/wp-json\/wp\/v2\/comments?post=18574"}],"version-history":[{"count":8,"href":"https:\/\/www.karaoketexty.cz\/magazin\/wp-json\/wp\/v2\/posts\/18574\/revisions"}],"predecessor-version":[{"id":19221,"href":"https:\/\/www.karaoketexty.cz\/magazin\/wp-json\/wp\/v2\/posts\/18574\/revisions\/19221"}],"wp:featuredmedia":[{"embeddable":true,"href":"https:\/\/www.karaoketexty.cz\/magazin\/wp-json\/wp\/v2\/media\/15109"}],"wp:attachment":[{"href":"https:\/\/www.karaoketexty.cz\/magazin\/wp-json\/wp\/v2\/media?parent=18574"}],"wp:term":[{"taxonomy":"category","embeddable":true,"href":"https:\/\/www.karaoketexty.cz\/magazin\/wp-json\/wp\/v2\/categories?post=18574"},{"taxonomy":"post_tag","embeddable":true,"href":"https:\/\/www.karaoketexty.cz\/magazin\/wp-json\/wp\/v2\/tags?post=18574"}],"curies":[{"name":"wp","href":"https:\/\/api.w.org\/{rel}","templated":true}]}}