{"id":18400,"date":"2026-09-05T13:15:00","date_gmt":"2026-09-05T11:15:00","guid":{"rendered":"https:\/\/www.karaoketexty.cz\/magazin\/?p=18400"},"modified":"2026-09-03T13:52:00","modified_gmt":"2026-09-03T11:52:00","slug":"knir-jako-symbol-co-pro-petra-spaleneho-znamena-v-hudbe-a-odkud-pochazi-hit-trapim-se-trapim","status":"publish","type":"post","link":"https:\/\/www.karaoketexty.cz\/magazin\/knir-jako-symbol-co-pro-petra-spaleneho-znamena-v-hudbe-a-odkud-pochazi-hit-trapim-se-trapim\/","title":{"rendered":"Kn\u00edr jako symbol: Co pro Petra Sp\u00e1len\u00e9ho znamen\u00e1 v hudb\u011b a odkud poch\u00e1z\u00ed hit Tr\u00e1p\u00edm se, tr\u00e1p\u00edm"},"content":{"rendered":"\n<p class=\"wp-block-paragraph\"><strong>Petr Sp\u00e1len\u00fd vzal anglick\u00fd hit <em>The Death of the Clown<\/em> a p\u0159elo\u017eil ho tak, \u017ee z n\u011bj vznikla \u00fapln\u011b jin\u00e1 p\u00edse\u0148. Kn\u00edr s n\u00ed nesouvis\u00ed, nebo mo\u017en\u00e1 trochu ano.<\/strong><\/p>\n\n\n\n<p class=\"wp-block-paragraph\">Petr Sp\u00e1len\u00fd se narodil 22. b\u0159ezna 1944 v Praze. Za\u010d\u00ednal jako buben\u00edk, pozd\u011bji hr\u00e1l tak\u00e9 na kytaru a fl\u00e9tnu. S kapelou ApolloBeat, p\u016fvodn\u011b Hippos, si budoval kari\u00e9ru u\u017e od konce pades\u00e1t\u00fdch let. V roce 2015 musel kv\u016fli operaci p\u00e1te\u0159e vystupov\u00e1n\u00ed omezit. P\u00edse\u0148 <em>Tr\u00e1p\u00edm se, tr\u00e1p\u00edm<\/em> pat\u0159\u00ed k jeho nejzn\u00e1m\u011bj\u0161\u00edm nahr\u00e1vk\u00e1m a po\u0159\u00e1d plat\u00ed, \u017ee \u0159ada lid\u00ed u n\u00ed netu\u0161\u00ed, \u017ee za n\u00ed stoj\u00ed anglick\u00fd titul Death of the Clown. Pr\u00e1v\u011b na tuto p\u00edse\u0148 jsme se na Karaoketexty zam\u011b\u0159ili.<\/p>\n\n\n<!-- karaoketexty.cz \/ rectangle2 -->\n<div id=\"PX_37086_709110796310826\"><\/div>\n<script>\n   if(!useMobileAds && !boolUseSeznamAds && !hideAllAds){\n     window.px2 = window.px2 || { conf: {},queue: [] };\n     px2.queue.push(function () {\n        px2.render({\n           slot: {\n              id: 37086\n           },\n            elem: \"PX_37086_709110796310826\"\n        })\n     });\n  }\n<\/script>\n\n<!-- karaoketexty.cz \/ mobile-rectangle3 -->\n<div id=\"PX_37044_714599773297004\"><\/div>\n<script>\n   if(useMobileAds && !boolUseSeznamAds && !hideAllAds){\nwindow.px2 = window.px2 || { conf: {},queue: [] };\npx2.queue.push(function () {\n\tpx2.render({\n\t\tslot: {\n\t\t\tid: 37044\n\t\t},\n\t\telem: \"PX_37044_714599773297004\"\n\t})\n});\n}\n<\/script>\n\n\n<h2 class=\"wp-block-heading\">Ze zakou\u0159en\u00e9ho vlaku do snu nad roze\u010dtenou kn\u00ed\u017ekou<\/h2>\n\n\n\n<p class=\"wp-block-paragraph\">Origin\u00e1l, kter\u00fd v roce 1967 nazp\u00edval Dave Davies z The Kinks, stoj\u00ed na obrazu klauna, jeho\u017e vystoupen\u00ed i \u017eivot se ch\u00fdl\u00ed ke konci. Je to groteskn\u00ed, lehce jedovat\u00e9, s divadeln\u00ed nads\u00e1zkou. Kn\u00edr, kost\u00fdm, jevi\u0161t\u011b, smrt klauna. Sp\u00e1len\u00fd se od tohoto motivu odrazil jen velmi voln\u011b. \u010cesk\u00e1 verze, kterou Supraphon uv\u00e1d\u00ed s rokem prvn\u00edho vyd\u00e1n\u00ed 1970, u\u017e vypr\u00e1v\u00ed jin\u00fd p\u0159\u00edb\u011bh: o samot\u011b, touze a \u010dlov\u011bku, kter\u00fd se ve vlastn\u00edch p\u0159edstav\u00e1ch po\u0159\u00e1d vrac\u00ed k n\u011bkomu nep\u0159\u00edtomn\u00e9mu. Klaun z textu zmizel. Z\u016fstala melancholie, jen posunut\u00e1 \u00fapln\u011b jinam.<\/p>\n\n\n\n<p class=\"wp-block-paragraph\">Sp\u00e1len\u00fd se na p\u0159elomu sedmdes\u00e1t\u00fdch a osmdes\u00e1t\u00fdch let v\u00edc obracel k modern\u00ed country a hledal p\u00edsn\u011b, kter\u00e9 by se k takov\u00e9mu v\u00fdrazu hodily. The Death of the Clown mu dala melodii, tu ponechal prakticky beze zm\u011bny. Text ale p\u0159estav\u011bl podle sebe. Do klidn\u011bj\u0161\u00ed polohy, snov\u011bj\u0161\u00ed, m\u00e9n\u011b teatr\u00e1ln\u00ed. Nejsou tu kulisy ani klaunsk\u00e1 figura. Zp\u00edv\u00e1 o n\u011bkom, kdo se v noci nebo v polosp\u00e1nku tr\u00e1p\u00ed t\u00edm, \u017ee mu chyb\u00ed l\u00e1ska.<\/p>\n\n\n<!-- karaoketexty.cz \/ interscroller1 -->\n\n<div id=\"PX_37041_825057871452834\"><\/div>\n<script>\nif(useMobileAds && !boolUseSeznamAds && !hideAllAds){\n\twindow.px2 = window.px2 || { conf: {},queue: [] };\n\tpx2.queue.push(function () {\n\t\tpx2.render({\n\t\t\tslot: {\n\t\t\t\tid: 37041\n\t\t\t},\n\t\t\telem: \"PX_37041_825057871452834\"\n\t\t})\n\t});\n}\n<\/script>\n\n\n<figure class=\"wp-block-embed is-type-video is-provider-youtube wp-block-embed-youtube wp-embed-aspect-4-3 wp-has-aspect-ratio\"><div class=\"wp-block-embed__wrapper\">\n<iframe title=\"Petr Sp\u00e1len\u00fd - Tr\u00e1p\u00edm se, tr\u00e1p\u00edm (1978)\" width=\"500\" height=\"375\" src=\"https:\/\/www.youtube.com\/embed\/I-jf9MxqI5E?feature=oembed\" frameborder=\"0\" allow=\"accelerometer; autoplay; clipboard-write; encrypted-media; gyroscope; picture-in-picture; web-share\" referrerpolicy=\"strict-origin-when-cross-origin\" allowfullscreen><\/iframe>\n<\/div><\/figure>\n\n\n\n<p class=\"wp-block-paragraph\">Je na tom p\u011bkn\u011b vid\u011bt, jak daleko se m\u016f\u017ee \u010desk\u00e1 verze od origin\u00e1lu vzd\u00e1lit, ani\u017e by poslucha\u010d p\u0159i b\u011b\u017en\u00e9m poslechu n\u011bco \u0159e\u0161il. Anglick\u00e1 p\u00edse\u0148 pracuje s divadlem a smrt\u00ed klauna jako v\u00fdrazn\u00fdm gestem. Sp\u00e1len\u00fd ten motiv st\u00e1hl do soukrom\u00ed, skoro do pokoje nad roze\u010dtenou kn\u00ed\u017ekou. A vznikla skladba, kter\u00e1 k n\u011bmu sed\u00ed tak p\u0159irozen\u011b, \u017ee \u010dlov\u011bk snadno zapomene, \u017ee melodie p\u0159i\u0161la odjinud.<\/p>\n\n\n\n<h2 class=\"wp-block-heading\">A co ten kn\u00edr?<\/h2>\n\n\n\n<p class=\"wp-block-paragraph\">Napadla n\u00e1s i ta zd\u00e1nliv\u011b ban\u00e1ln\u00ed ot\u00e1zka: m\u011blo by v\u016fbec smysl u Petra Sp\u00e1len\u00e9ho \u0159e\u0161it, jestli si kn\u00edr ohol\u00ed? Nakonec to s hudbou souvis\u00ed v\u00edc, ne\u017e se na prvn\u00ed pohled zd\u00e1. Kn\u00edr pat\u0159\u00ed k jeho obrazu stejn\u011b jako jeho zp\u016fsob zp\u011bvu, kter\u00fd je popisov\u00e1n jako melodick\u00e1 recitace nebo zp\u00edvan\u00e9 pobrukov\u00e1n\u00ed. Sp\u00e1len\u00fd se pohyboval mezi rockem, country a popem a jeho vizu\u00e1ln\u00ed styl do toho zapadal. Oholit ho by bylo podobn\u00e9 jako p\u0159elo\u017eit The Death of the Clown doslova. \u0160lo by to, ale v\u00fdsledek by p\u016fsobil tak n\u011bjak divn\u011b.<\/p>\n\n\n\n<p class=\"wp-block-paragraph\">Zdroj: Autorsk\u00fd text, <a href=\"https:\/\/cs.wikipedia.org\/wiki\/Petr_Sp%C3%A1len%C3%BD\">Wikipedie<\/a>, <a href=\"http:\/\/en.wikipedia.org\/wiki\/Death_of_a_Clown\" target=\"_blank\" rel=\"noreferrer noopener nofollow\">Wikipedie<\/a>, <a href=\"https:\/\/budejovice.rozhlas.cz\/pisen-trapim-se-trapim-kterou-v-ceske-verzi-zpiva-petr-spaleny-privedla-na-svet-9005598\">\u010cesk\u00fd rozhlas<\/a>, <a href=\"https:\/\/www.youtube.com\/results?search_query=tr%C3%A1p%C3%ADm+se+tr%C3%A1p%C3%ADm+petr+sp%C3%A1len%C3%BD\">YouTube Pop Rare<\/a><\/p>\n\n\n\n<p class=\"wp-block-paragraph\"><\/p>\n\n\n            <a href=\"https:\/\/www.karaoketexty.cz\/magazin\/josef-laufer-toho-prozil-vic-nez-dost-detstvi-za-valky-konec-v-olympicu-a-propagandisticky-text-ktery-prehnal\/\" class=\"related-post-link\">\n                <div class=\"post-thumbnail\">\n                    <img decoding=\"async\" width=\"250\" height=\"140\" src=\"https:\/\/www.karaoketexty.cz\/magazin\/wp-content\/uploads\/2026\/08\/josef-laufer.jpg\" class=\"attachment-250x180 size-250x180 not-transparent\" alt=\"Josef Laufer\" srcset=\"https:\/\/www.karaoketexty.cz\/magazin\/wp-content\/uploads\/2026\/08\/josef-laufer.jpg 1200w, https:\/\/www.karaoketexty.cz\/magazin\/wp-content\/uploads\/2026\/08\/josef-laufer-300x169.jpg 300w, https:\/\/www.karaoketexty.cz\/magazin\/wp-content\/uploads\/2026\/08\/josef-laufer-1024x575.jpg 1024w, https:\/\/www.karaoketexty.cz\/magazin\/wp-content\/uploads\/2026\/08\/josef-laufer-768x431.jpg 768w, https:\/\/www.karaoketexty.cz\/magazin\/wp-content\/uploads\/2026\/08\/josef-laufer-800x450.jpg 800w\" sizes=\"(max-width: 250px) 100vw, 250px\" data-has-transparency=\"false\" data-dominant-color=\"8b8989\" style=\"--dominant-color: #8b8989;\" \/>                <\/div>\n                <div class=\"post-details\">\n                    <span class=\"also-read\">\u010ct\u011bte tak\u00e9:<\/span>\n                    <h3 class=\"hed\">Josef Laufer toho pro\u017eil v\u00edc ne\u017e dost: D\u011btstv\u00ed za v\u00e1lky, konec v Olympicu a propagandistick\u00fd text, kter\u00fd p\u0159ehnal<\/h3>\n                <\/div>\n            <\/a>\n            \n\n            <a href=\"https:\/\/www.karaoketexty.cz\/magazin\/tajemstvi-vitality-stefana-margity-zadne-stezovani-jen-poctiva-prace-a-radost-z-jeviste\/\" class=\"related-post-link\">\n                <div class=\"post-thumbnail\">\n                    <img decoding=\"async\" width=\"250\" height=\"141\" src=\"https:\/\/www.karaoketexty.cz\/magazin\/wp-content\/uploads\/2026\/08\/foto-stefan-margita.jpg\" class=\"attachment-250x180 size-250x180 not-transparent\" alt=\"\" srcset=\"https:\/\/www.karaoketexty.cz\/magazin\/wp-content\/uploads\/2026\/08\/foto-stefan-margita.jpg 1200w, https:\/\/www.karaoketexty.cz\/magazin\/wp-content\/uploads\/2026\/08\/foto-stefan-margita-300x169.jpg 300w, https:\/\/www.karaoketexty.cz\/magazin\/wp-content\/uploads\/2026\/08\/foto-stefan-margita-1024x577.jpg 1024w, https:\/\/www.karaoketexty.cz\/magazin\/wp-content\/uploads\/2026\/08\/foto-stefan-margita-768x433.jpg 768w, https:\/\/www.karaoketexty.cz\/magazin\/wp-content\/uploads\/2026\/08\/foto-stefan-margita-800x450.jpg 800w\" sizes=\"(max-width: 250px) 100vw, 250px\" data-has-transparency=\"false\" data-dominant-color=\"85766c\" style=\"--dominant-color: #85766c;\" \/>                <\/div>\n                <div class=\"post-details\">\n                    <span class=\"also-read\">\u010ct\u011bte tak\u00e9:<\/span>\n                    <h3 class=\"hed\">Tajemstv\u00ed vitality \u0160tefana Margity: \u017d\u00e1dn\u00e9 st\u011b\u017eov\u00e1n\u00ed, jen poctiv\u00e1 pr\u00e1ce a radost z jevi\u0161t\u011b<\/h3>\n                <\/div>\n            <\/a>\n            ","protected":false},"excerpt":{"rendered":"<p>Petr Sp\u00e1len\u00fd vzal anglick\u00fd hit The Death of the Clown a p\u0159elo\u017eil ho tak, \u017ee z n\u011bj vznikla \u00fapln\u011b jin\u00e1 p\u00edse\u0148. Kn\u00edr s n\u00ed nesouvis\u00ed, nebo mo\u017en\u00e1 trochu ano.<\/p>\n","protected":false},"author":5,"featured_media":12990,"comment_status":"open","ping_status":"closed","sticky":false,"template":"","format":"standard","meta":{"footnotes":""},"categories":[9],"tags":[8814,571,436,11468,1390,7615,7076,406,408,11230,3218],"class_list":["post-18400","post","type-post","status-publish","format-standard","has-post-thumbnail","hentry","category-zajimavosti","tag-apollobeat","tag-ceska-hudba","tag-country","tag-dave-davies","tag-hudebni-kariera","tag-melodicka-recitace","tag-petr-spaleny","tag-pop","tag-rock","tag-the-death-of-the-clown","tag-the-kinks"],"yoast_head":"<!-- This site is optimized with the Yoast SEO plugin v28.3 - https:\/\/yoast.com\/product\/yoast-seo-wordpress\/ -->\n<title>P\u016fvodn\u011b to byla Klaunova smrt. Sp\u00e1len\u00fd z n\u00ed ud\u011blal n\u011bco jin\u00e9ho<\/title>\n<meta name=\"description\" content=\"Petr Sp\u00e1len\u00fd vzal hit The Death of the Clown a p\u0159elo\u017eil ho tak, \u017ee z n\u011bj vznikla \u00fapln\u011b jin\u00e1 p\u00edse\u0148. Kn\u00edr nesouvis\u00ed, nebo snad trochu ano.\" \/>\n<meta name=\"robots\" content=\"index, follow, max-snippet:-1, max-image-preview:large, max-video-preview:-1\" \/>\n<link rel=\"canonical\" href=\"https:\/\/www.karaoketexty.cz\/magazin\/knir-jako-symbol-co-pro-petra-spaleneho-znamena-v-hudbe-a-odkud-pochazi-hit-trapim-se-trapim\/\" \/>\n<meta property=\"og:locale\" content=\"cs_CZ\" \/>\n<meta property=\"og:type\" content=\"article\" \/>\n<meta property=\"og:title\" content=\"P\u016fvodn\u011b to byla Klaunova smrt. Sp\u00e1len\u00fd z n\u00ed ud\u011blal n\u011bco jin\u00e9ho\" \/>\n<meta property=\"og:description\" content=\"Petr Sp\u00e1len\u00fd vzal hit The Death of the Clown a p\u0159elo\u017eil ho tak, \u017ee z n\u011bj vznikla \u00fapln\u011b jin\u00e1 p\u00edse\u0148. Kn\u00edr nesouvis\u00ed, nebo snad trochu ano.\" \/>\n<meta property=\"og:url\" content=\"https:\/\/www.karaoketexty.cz\/magazin\/knir-jako-symbol-co-pro-petra-spaleneho-znamena-v-hudbe-a-odkud-pochazi-hit-trapim-se-trapim\/\" \/>\n<meta property=\"og:site_name\" content=\"Stars Magaz\u00edn Karaoketexty.cz\" \/>\n<meta property=\"article:published_time\" content=\"2026-09-05T11:15:00+00:00\" \/>\n<meta property=\"og:image\" content=\"https:\/\/www.karaoketexty.cz\/magazin\/wp-content\/uploads\/2026\/06\/Petr-Spaleny-u-mikrofonu.jpeg\" \/>\n\t<meta property=\"og:image:width\" content=\"1200\" \/>\n\t<meta property=\"og:image:height\" content=\"815\" \/>\n\t<meta property=\"og:image:type\" content=\"image\/jpeg\" \/>\n<meta name=\"author\" content=\"Veronika \u0160imkov\u00e1\" \/>\n<meta name=\"twitter:card\" content=\"summary_large_image\" \/>\n<meta name=\"twitter:label1\" content=\"Napsal(a)\" \/>\n\t<meta name=\"twitter:data1\" content=\"Veronika \u0160imkov\u00e1\" \/>\n\t<meta name=\"twitter:label2\" content=\"Odhadovan\u00e1 doba \u010dten\u00ed\" \/>\n\t<meta name=\"twitter:data2\" content=\"3 minuty\" \/>\n<script type=\"application\/ld+json\" class=\"yoast-schema-graph\">{\"@context\":\"https:\\\/\\\/schema.org\",\"@graph\":[{\"@type\":\"Article\",\"@id\":\"https:\\\/\\\/www.karaoketexty.cz\\\/magazin\\\/knir-jako-symbol-co-pro-petra-spaleneho-znamena-v-hudbe-a-odkud-pochazi-hit-trapim-se-trapim\\\/#article\",\"isPartOf\":{\"@id\":\"https:\\\/\\\/www.karaoketexty.cz\\\/magazin\\\/knir-jako-symbol-co-pro-petra-spaleneho-znamena-v-hudbe-a-odkud-pochazi-hit-trapim-se-trapim\\\/\"},\"author\":{\"name\":\"Veronika \u0160imkov\u00e1\",\"@id\":\"https:\\\/\\\/www.karaoketexty.cz\\\/magazin\\\/#\\\/schema\\\/person\\\/03220d610ed4cba378a72bac3443f821\"},\"headline\":\"Kn\u00edr jako symbol: Co pro Petra Sp\u00e1len\u00e9ho znamen\u00e1 v hudb\u011b a odkud poch\u00e1z\u00ed hit Tr\u00e1p\u00edm se, tr\u00e1p\u00edm\",\"datePublished\":\"2026-09-05T11:15:00+00:00\",\"mainEntityOfPage\":{\"@id\":\"https:\\\/\\\/www.karaoketexty.cz\\\/magazin\\\/knir-jako-symbol-co-pro-petra-spaleneho-znamena-v-hudbe-a-odkud-pochazi-hit-trapim-se-trapim\\\/\"},\"wordCount\":595,\"commentCount\":0,\"image\":{\"@id\":\"https:\\\/\\\/www.karaoketexty.cz\\\/magazin\\\/knir-jako-symbol-co-pro-petra-spaleneho-znamena-v-hudbe-a-odkud-pochazi-hit-trapim-se-trapim\\\/#primaryimage\"},\"thumbnailUrl\":\"https:\\\/\\\/www.karaoketexty.cz\\\/magazin\\\/wp-content\\\/uploads\\\/2026\\\/06\\\/Petr-Spaleny-u-mikrofonu.jpeg\",\"keywords\":[\"Apollobeat\",\"\u010desk\u00e1 hudba\",\"country\",\"Dave Davies\",\"hudebn\u00ed kari\u00e9ra\",\"melodick\u00e1 recitace\",\"Petr Sp\u00e1len\u00fd\",\"pop\",\"rock\",\"The Death of the Clown\",\"The Kinks\"],\"articleSection\":[\"Zaj\u00edmavosti\"],\"inLanguage\":\"cs\",\"potentialAction\":[{\"@type\":\"CommentAction\",\"name\":\"Comment\",\"target\":[\"https:\\\/\\\/www.karaoketexty.cz\\\/magazin\\\/knir-jako-symbol-co-pro-petra-spaleneho-znamena-v-hudbe-a-odkud-pochazi-hit-trapim-se-trapim\\\/#respond\"]}]},{\"@type\":\"WebPage\",\"@id\":\"https:\\\/\\\/www.karaoketexty.cz\\\/magazin\\\/knir-jako-symbol-co-pro-petra-spaleneho-znamena-v-hudbe-a-odkud-pochazi-hit-trapim-se-trapim\\\/\",\"url\":\"https:\\\/\\\/www.karaoketexty.cz\\\/magazin\\\/knir-jako-symbol-co-pro-petra-spaleneho-znamena-v-hudbe-a-odkud-pochazi-hit-trapim-se-trapim\\\/\",\"name\":\"P\u016fvodn\u011b to byla Klaunova smrt. Sp\u00e1len\u00fd z n\u00ed ud\u011blal n\u011bco jin\u00e9ho\",\"isPartOf\":{\"@id\":\"https:\\\/\\\/www.karaoketexty.cz\\\/magazin\\\/#website\"},\"primaryImageOfPage\":{\"@id\":\"https:\\\/\\\/www.karaoketexty.cz\\\/magazin\\\/knir-jako-symbol-co-pro-petra-spaleneho-znamena-v-hudbe-a-odkud-pochazi-hit-trapim-se-trapim\\\/#primaryimage\"},\"image\":{\"@id\":\"https:\\\/\\\/www.karaoketexty.cz\\\/magazin\\\/knir-jako-symbol-co-pro-petra-spaleneho-znamena-v-hudbe-a-odkud-pochazi-hit-trapim-se-trapim\\\/#primaryimage\"},\"thumbnailUrl\":\"https:\\\/\\\/www.karaoketexty.cz\\\/magazin\\\/wp-content\\\/uploads\\\/2026\\\/06\\\/Petr-Spaleny-u-mikrofonu.jpeg\",\"datePublished\":\"2026-09-05T11:15:00+00:00\",\"author\":{\"@id\":\"https:\\\/\\\/www.karaoketexty.cz\\\/magazin\\\/#\\\/schema\\\/person\\\/03220d610ed4cba378a72bac3443f821\"},\"description\":\"Petr Sp\u00e1len\u00fd vzal hit The Death of the Clown a p\u0159elo\u017eil ho tak, \u017ee z n\u011bj vznikla \u00fapln\u011b jin\u00e1 p\u00edse\u0148. Kn\u00edr nesouvis\u00ed, nebo snad trochu ano.\",\"breadcrumb\":{\"@id\":\"https:\\\/\\\/www.karaoketexty.cz\\\/magazin\\\/knir-jako-symbol-co-pro-petra-spaleneho-znamena-v-hudbe-a-odkud-pochazi-hit-trapim-se-trapim\\\/#breadcrumb\"},\"inLanguage\":\"cs\",\"potentialAction\":[{\"@type\":\"ReadAction\",\"target\":[\"https:\\\/\\\/www.karaoketexty.cz\\\/magazin\\\/knir-jako-symbol-co-pro-petra-spaleneho-znamena-v-hudbe-a-odkud-pochazi-hit-trapim-se-trapim\\\/\"]}]},{\"@type\":\"ImageObject\",\"inLanguage\":\"cs\",\"@id\":\"https:\\\/\\\/www.karaoketexty.cz\\\/magazin\\\/knir-jako-symbol-co-pro-petra-spaleneho-znamena-v-hudbe-a-odkud-pochazi-hit-trapim-se-trapim\\\/#primaryimage\",\"url\":\"https:\\\/\\\/www.karaoketexty.cz\\\/magazin\\\/wp-content\\\/uploads\\\/2026\\\/06\\\/Petr-Spaleny-u-mikrofonu.jpeg\",\"contentUrl\":\"https:\\\/\\\/www.karaoketexty.cz\\\/magazin\\\/wp-content\\\/uploads\\\/2026\\\/06\\\/Petr-Spaleny-u-mikrofonu.jpeg\",\"width\":1200,\"height\":815,\"caption\":\"Foto: U\u017eivatel David Sedleck\u00fd\\\/Creative Commons\\\/CC BY-SA, Petr Sp\u00e1len\u00fd\"},{\"@type\":\"BreadcrumbList\",\"@id\":\"https:\\\/\\\/www.karaoketexty.cz\\\/magazin\\\/knir-jako-symbol-co-pro-petra-spaleneho-znamena-v-hudbe-a-odkud-pochazi-hit-trapim-se-trapim\\\/#breadcrumb\",\"itemListElement\":[{\"@type\":\"ListItem\",\"position\":1,\"name\":\"Dom\u016f\",\"item\":\"https:\\\/\\\/www.karaoketexty.cz\\\/magazin\\\/\"},{\"@type\":\"ListItem\",\"position\":2,\"name\":\"Kn\u00edr jako symbol: Co pro Petra Sp\u00e1len\u00e9ho znamen\u00e1 v hudb\u011b a odkud poch\u00e1z\u00ed hit Tr\u00e1p\u00edm se, tr\u00e1p\u00edm\"}]},{\"@type\":\"WebSite\",\"@id\":\"https:\\\/\\\/www.karaoketexty.cz\\\/magazin\\\/#website\",\"url\":\"https:\\\/\\\/www.karaoketexty.cz\\\/magazin\\\/\",\"name\":\"Stars Magaz\u00edn Karaoketexty.cz\",\"description\":\"Stars Magaz\u00edn na Karaoketexty.cz je zam\u011b\u0159en\u00fd na novinky ze sv\u011bta hudby a celebrit. Obsahuje \u010dl\u00e1nky o zp\u011bv\u00e1c\u00edch, kapel\u00e1ch, nov\u00fdch albech, hudebn\u00edch trendech a dal\u0161\u00edch zaj\u00edmavostech z hudebn\u00edho pr\u016fmyslu.\",\"potentialAction\":[{\"@type\":\"SearchAction\",\"target\":{\"@type\":\"EntryPoint\",\"urlTemplate\":\"https:\\\/\\\/www.karaoketexty.cz\\\/magazin\\\/?s={search_term_string}\"},\"query-input\":{\"@type\":\"PropertyValueSpecification\",\"valueRequired\":true,\"valueName\":\"search_term_string\"}}],\"inLanguage\":\"cs\"},{\"@type\":\"Person\",\"@id\":\"https:\\\/\\\/www.karaoketexty.cz\\\/magazin\\\/#\\\/schema\\\/person\\\/03220d610ed4cba378a72bac3443f821\",\"name\":\"Veronika \u0160imkov\u00e1\",\"image\":{\"@type\":\"ImageObject\",\"inLanguage\":\"cs\",\"@id\":\"https:\\\/\\\/secure.gravatar.com\\\/avatar\\\/62af9cda83322200aaf20e60d0442fbca254ce18c0ffdcaaf83de31493c941a5?s=96&d=mm&r=g\",\"url\":\"https:\\\/\\\/secure.gravatar.com\\\/avatar\\\/62af9cda83322200aaf20e60d0442fbca254ce18c0ffdcaaf83de31493c941a5?s=96&d=mm&r=g\",\"contentUrl\":\"https:\\\/\\\/secure.gravatar.com\\\/avatar\\\/62af9cda83322200aaf20e60d0442fbca254ce18c0ffdcaaf83de31493c941a5?s=96&d=mm&r=g\",\"caption\":\"Veronika \u0160imkov\u00e1\"},\"url\":\"https:\\\/\\\/www.karaoketexty.cz\\\/magazin\\\/author\\\/veronikasimkova\\\/\"}]}<\/script>\n<!-- \/ Yoast SEO plugin. -->","yoast_head_json":{"title":"P\u016fvodn\u011b to byla Klaunova smrt. Sp\u00e1len\u00fd z n\u00ed ud\u011blal n\u011bco jin\u00e9ho","description":"Petr Sp\u00e1len\u00fd vzal hit The Death of the Clown a p\u0159elo\u017eil ho tak, \u017ee z n\u011bj vznikla \u00fapln\u011b jin\u00e1 p\u00edse\u0148. Kn\u00edr nesouvis\u00ed, nebo snad trochu ano.","robots":{"index":"index","follow":"follow","max-snippet":"max-snippet:-1","max-image-preview":"max-image-preview:large","max-video-preview":"max-video-preview:-1"},"canonical":"https:\/\/www.karaoketexty.cz\/magazin\/knir-jako-symbol-co-pro-petra-spaleneho-znamena-v-hudbe-a-odkud-pochazi-hit-trapim-se-trapim\/","og_locale":"cs_CZ","og_type":"article","og_title":"P\u016fvodn\u011b to byla Klaunova smrt. Sp\u00e1len\u00fd z n\u00ed ud\u011blal n\u011bco jin\u00e9ho","og_description":"Petr Sp\u00e1len\u00fd vzal hit The Death of the Clown a p\u0159elo\u017eil ho tak, \u017ee z n\u011bj vznikla \u00fapln\u011b jin\u00e1 p\u00edse\u0148. Kn\u00edr nesouvis\u00ed, nebo snad trochu ano.","og_url":"https:\/\/www.karaoketexty.cz\/magazin\/knir-jako-symbol-co-pro-petra-spaleneho-znamena-v-hudbe-a-odkud-pochazi-hit-trapim-se-trapim\/","og_site_name":"Stars Magaz\u00edn Karaoketexty.cz","article_published_time":"2026-09-05T11:15:00+00:00","og_image":[{"width":1200,"height":815,"url":"https:\/\/www.karaoketexty.cz\/magazin\/wp-content\/uploads\/2026\/06\/Petr-Spaleny-u-mikrofonu.jpeg","type":"image\/jpeg"}],"author":"Veronika \u0160imkov\u00e1","twitter_card":"summary_large_image","twitter_misc":{"Napsal(a)":"Veronika \u0160imkov\u00e1","Odhadovan\u00e1 doba \u010dten\u00ed":"3 minuty"},"schema":{"@context":"https:\/\/schema.org","@graph":[{"@type":"Article","@id":"https:\/\/www.karaoketexty.cz\/magazin\/knir-jako-symbol-co-pro-petra-spaleneho-znamena-v-hudbe-a-odkud-pochazi-hit-trapim-se-trapim\/#article","isPartOf":{"@id":"https:\/\/www.karaoketexty.cz\/magazin\/knir-jako-symbol-co-pro-petra-spaleneho-znamena-v-hudbe-a-odkud-pochazi-hit-trapim-se-trapim\/"},"author":{"name":"Veronika \u0160imkov\u00e1","@id":"https:\/\/www.karaoketexty.cz\/magazin\/#\/schema\/person\/03220d610ed4cba378a72bac3443f821"},"headline":"Kn\u00edr jako symbol: Co pro Petra Sp\u00e1len\u00e9ho znamen\u00e1 v hudb\u011b a odkud poch\u00e1z\u00ed hit Tr\u00e1p\u00edm se, tr\u00e1p\u00edm","datePublished":"2026-09-05T11:15:00+00:00","mainEntityOfPage":{"@id":"https:\/\/www.karaoketexty.cz\/magazin\/knir-jako-symbol-co-pro-petra-spaleneho-znamena-v-hudbe-a-odkud-pochazi-hit-trapim-se-trapim\/"},"wordCount":595,"commentCount":0,"image":{"@id":"https:\/\/www.karaoketexty.cz\/magazin\/knir-jako-symbol-co-pro-petra-spaleneho-znamena-v-hudbe-a-odkud-pochazi-hit-trapim-se-trapim\/#primaryimage"},"thumbnailUrl":"https:\/\/www.karaoketexty.cz\/magazin\/wp-content\/uploads\/2026\/06\/Petr-Spaleny-u-mikrofonu.jpeg","keywords":["Apollobeat","\u010desk\u00e1 hudba","country","Dave Davies","hudebn\u00ed kari\u00e9ra","melodick\u00e1 recitace","Petr Sp\u00e1len\u00fd","pop","rock","The Death of the Clown","The Kinks"],"articleSection":["Zaj\u00edmavosti"],"inLanguage":"cs","potentialAction":[{"@type":"CommentAction","name":"Comment","target":["https:\/\/www.karaoketexty.cz\/magazin\/knir-jako-symbol-co-pro-petra-spaleneho-znamena-v-hudbe-a-odkud-pochazi-hit-trapim-se-trapim\/#respond"]}]},{"@type":"WebPage","@id":"https:\/\/www.karaoketexty.cz\/magazin\/knir-jako-symbol-co-pro-petra-spaleneho-znamena-v-hudbe-a-odkud-pochazi-hit-trapim-se-trapim\/","url":"https:\/\/www.karaoketexty.cz\/magazin\/knir-jako-symbol-co-pro-petra-spaleneho-znamena-v-hudbe-a-odkud-pochazi-hit-trapim-se-trapim\/","name":"P\u016fvodn\u011b to byla Klaunova smrt. Sp\u00e1len\u00fd z n\u00ed ud\u011blal n\u011bco jin\u00e9ho","isPartOf":{"@id":"https:\/\/www.karaoketexty.cz\/magazin\/#website"},"primaryImageOfPage":{"@id":"https:\/\/www.karaoketexty.cz\/magazin\/knir-jako-symbol-co-pro-petra-spaleneho-znamena-v-hudbe-a-odkud-pochazi-hit-trapim-se-trapim\/#primaryimage"},"image":{"@id":"https:\/\/www.karaoketexty.cz\/magazin\/knir-jako-symbol-co-pro-petra-spaleneho-znamena-v-hudbe-a-odkud-pochazi-hit-trapim-se-trapim\/#primaryimage"},"thumbnailUrl":"https:\/\/www.karaoketexty.cz\/magazin\/wp-content\/uploads\/2026\/06\/Petr-Spaleny-u-mikrofonu.jpeg","datePublished":"2026-09-05T11:15:00+00:00","author":{"@id":"https:\/\/www.karaoketexty.cz\/magazin\/#\/schema\/person\/03220d610ed4cba378a72bac3443f821"},"description":"Petr Sp\u00e1len\u00fd vzal hit The Death of the Clown a p\u0159elo\u017eil ho tak, \u017ee z n\u011bj vznikla \u00fapln\u011b jin\u00e1 p\u00edse\u0148. Kn\u00edr nesouvis\u00ed, nebo snad trochu ano.","breadcrumb":{"@id":"https:\/\/www.karaoketexty.cz\/magazin\/knir-jako-symbol-co-pro-petra-spaleneho-znamena-v-hudbe-a-odkud-pochazi-hit-trapim-se-trapim\/#breadcrumb"},"inLanguage":"cs","potentialAction":[{"@type":"ReadAction","target":["https:\/\/www.karaoketexty.cz\/magazin\/knir-jako-symbol-co-pro-petra-spaleneho-znamena-v-hudbe-a-odkud-pochazi-hit-trapim-se-trapim\/"]}]},{"@type":"ImageObject","inLanguage":"cs","@id":"https:\/\/www.karaoketexty.cz\/magazin\/knir-jako-symbol-co-pro-petra-spaleneho-znamena-v-hudbe-a-odkud-pochazi-hit-trapim-se-trapim\/#primaryimage","url":"https:\/\/www.karaoketexty.cz\/magazin\/wp-content\/uploads\/2026\/06\/Petr-Spaleny-u-mikrofonu.jpeg","contentUrl":"https:\/\/www.karaoketexty.cz\/magazin\/wp-content\/uploads\/2026\/06\/Petr-Spaleny-u-mikrofonu.jpeg","width":1200,"height":815,"caption":"Foto: U\u017eivatel David Sedleck\u00fd\/Creative Commons\/CC BY-SA, Petr Sp\u00e1len\u00fd"},{"@type":"BreadcrumbList","@id":"https:\/\/www.karaoketexty.cz\/magazin\/knir-jako-symbol-co-pro-petra-spaleneho-znamena-v-hudbe-a-odkud-pochazi-hit-trapim-se-trapim\/#breadcrumb","itemListElement":[{"@type":"ListItem","position":1,"name":"Dom\u016f","item":"https:\/\/www.karaoketexty.cz\/magazin\/"},{"@type":"ListItem","position":2,"name":"Kn\u00edr jako symbol: Co pro Petra Sp\u00e1len\u00e9ho znamen\u00e1 v hudb\u011b a odkud poch\u00e1z\u00ed hit Tr\u00e1p\u00edm se, tr\u00e1p\u00edm"}]},{"@type":"WebSite","@id":"https:\/\/www.karaoketexty.cz\/magazin\/#website","url":"https:\/\/www.karaoketexty.cz\/magazin\/","name":"Stars Magaz\u00edn Karaoketexty.cz","description":"Stars Magaz\u00edn na Karaoketexty.cz je zam\u011b\u0159en\u00fd na novinky ze sv\u011bta hudby a celebrit. Obsahuje \u010dl\u00e1nky o zp\u011bv\u00e1c\u00edch, kapel\u00e1ch, nov\u00fdch albech, hudebn\u00edch trendech a dal\u0161\u00edch zaj\u00edmavostech z hudebn\u00edho pr\u016fmyslu.","potentialAction":[{"@type":"SearchAction","target":{"@type":"EntryPoint","urlTemplate":"https:\/\/www.karaoketexty.cz\/magazin\/?s={search_term_string}"},"query-input":{"@type":"PropertyValueSpecification","valueRequired":true,"valueName":"search_term_string"}}],"inLanguage":"cs"},{"@type":"Person","@id":"https:\/\/www.karaoketexty.cz\/magazin\/#\/schema\/person\/03220d610ed4cba378a72bac3443f821","name":"Veronika \u0160imkov\u00e1","image":{"@type":"ImageObject","inLanguage":"cs","@id":"https:\/\/secure.gravatar.com\/avatar\/62af9cda83322200aaf20e60d0442fbca254ce18c0ffdcaaf83de31493c941a5?s=96&d=mm&r=g","url":"https:\/\/secure.gravatar.com\/avatar\/62af9cda83322200aaf20e60d0442fbca254ce18c0ffdcaaf83de31493c941a5?s=96&d=mm&r=g","contentUrl":"https:\/\/secure.gravatar.com\/avatar\/62af9cda83322200aaf20e60d0442fbca254ce18c0ffdcaaf83de31493c941a5?s=96&d=mm&r=g","caption":"Veronika \u0160imkov\u00e1"},"url":"https:\/\/www.karaoketexty.cz\/magazin\/author\/veronikasimkova\/"}]}},"_links":{"self":[{"href":"https:\/\/www.karaoketexty.cz\/magazin\/wp-json\/wp\/v2\/posts\/18400","targetHints":{"allow":["GET"]}}],"collection":[{"href":"https:\/\/www.karaoketexty.cz\/magazin\/wp-json\/wp\/v2\/posts"}],"about":[{"href":"https:\/\/www.karaoketexty.cz\/magazin\/wp-json\/wp\/v2\/types\/post"}],"author":[{"embeddable":true,"href":"https:\/\/www.karaoketexty.cz\/magazin\/wp-json\/wp\/v2\/users\/5"}],"replies":[{"embeddable":true,"href":"https:\/\/www.karaoketexty.cz\/magazin\/wp-json\/wp\/v2\/comments?post=18400"}],"version-history":[{"count":5,"href":"https:\/\/www.karaoketexty.cz\/magazin\/wp-json\/wp\/v2\/posts\/18400\/revisions"}],"predecessor-version":[{"id":19111,"href":"https:\/\/www.karaoketexty.cz\/magazin\/wp-json\/wp\/v2\/posts\/18400\/revisions\/19111"}],"wp:featuredmedia":[{"embeddable":true,"href":"https:\/\/www.karaoketexty.cz\/magazin\/wp-json\/wp\/v2\/media\/12990"}],"wp:attachment":[{"href":"https:\/\/www.karaoketexty.cz\/magazin\/wp-json\/wp\/v2\/media?parent=18400"}],"wp:term":[{"taxonomy":"category","embeddable":true,"href":"https:\/\/www.karaoketexty.cz\/magazin\/wp-json\/wp\/v2\/categories?post=18400"},{"taxonomy":"post_tag","embeddable":true,"href":"https:\/\/www.karaoketexty.cz\/magazin\/wp-json\/wp\/v2\/tags?post=18400"}],"curies":[{"name":"wp","href":"https:\/\/api.w.org\/{rel}","templated":true}]}}