{"id":18326,"date":"2026-09-05T07:34:00","date_gmt":"2026-09-05T05:34:00","guid":{"rendered":"https:\/\/www.karaoketexty.cz\/magazin\/?p=18326"},"modified":"2026-09-03T13:22:00","modified_gmt":"2026-09-03T11:22:00","slug":"zpivali-o-lyncovani-i-rovnopravnosti-billie-holiday-beatles-a-michael-jackson-dali-hlas-prehlizenym","status":"publish","type":"post","link":"https:\/\/www.karaoketexty.cz\/magazin\/zpivali-o-lyncovani-i-rovnopravnosti-billie-holiday-beatles-a-michael-jackson-dali-hlas-prehlizenym\/","title":{"rendered":"Zp\u00edvali o lyn\u010dov\u00e1n\u00ed i rovnopr\u00e1vnosti: Billie Holiday, Beatles a Michael Jackson dali hlas p\u0159ehl\u00ed\u017een\u00fdm"},"content":{"rendered":"\n<p class=\"wp-block-paragraph\"><strong>N\u011bkter\u00e9 p\u00edsn\u011b nevznikly proto, aby se l\u00edbily. Vznikly proto, \u017ee jinak to ne\u0161lo. \u010cty\u0159i skladby, \u010dty\u0159i p\u0159\u00edb\u011bhy o rasismu, lyn\u010dov\u00e1n\u00ed a touze po zm\u011bn\u011b<\/strong>. <\/p>\n\n\n\n<p class=\"wp-block-paragraph\">Hudba n\u011bkdy \u0159ekne nahlas to, co spole\u010dnost rad\u011bji obch\u00e1z\u00ed. Nen\u00ed to v\u017edy v\u00fdpov\u011b\u010f pr\u00e1v\u011b pohodln\u00e1, ale obvykle um\u00ed t\u00e9ma trefit. \u010cty\u0159i skladby, kter\u00e9 jsme na Karaoketexty vybrali, d\u011bl\u00ed roky, \u017e\u00e1nry i osobn\u00ed okolnosti jejich vzniku, spojuje je ale t\u00e9ma, kter\u00e9 z nich ud\u011blalo v\u00edc ne\u017e jen \u00fasp\u011b\u0161n\u00e9 nahr\u00e1vky.<\/p>\n\n\n<!-- karaoketexty.cz \/ rectangle2 -->\n<div id=\"PX_37086_709110796310826\"><\/div>\n<script>\n   if(!useMobileAds && !boolUseSeznamAds && !hideAllAds){\n     window.px2 = window.px2 || { conf: {},queue: [] };\n     px2.queue.push(function () {\n        px2.render({\n           slot: {\n              id: 37086\n           },\n            elem: \"PX_37086_709110796310826\"\n        })\n     });\n  }\n<\/script>\n\n<!-- karaoketexty.cz \/ mobile-rectangle3 -->\n<div id=\"PX_37044_714599773297004\"><\/div>\n<script>\n   if(useMobileAds && !boolUseSeznamAds && !hideAllAds){\nwindow.px2 = window.px2 || { conf: {},queue: [] };\npx2.queue.push(function () {\n\tpx2.render({\n\t\tslot: {\n\t\t\tid: 37044\n\t\t},\n\t\telem: \"PX_37044_714599773297004\"\n\t})\n});\n}\n<\/script>\n\n\n<h2 class=\"wp-block-heading\">Billie Holiday a Strange Fruit (1939)<\/h2>\n\n\n\n<p class=\"wp-block-paragraph\">Vydavatelstv\u00ed Columbia Records tuto p\u00edse\u0148 nahr\u00e1t necht\u011blo, ob\u00e1valo se reakce distributor\u016f na americk\u00e9m Jihu i rozhlasov\u00fdch stanic. Billie Holiday ji proto nato\u010dila a\u017e u nez\u00e1visl\u00e9ho labelu Commodore. Singlu se pak prodalo p\u0159es milion kus\u016f, co\u017e o \u00fasp\u011bch\u016f \u0159ekne v\u00edc ne\u017e tis\u00edc slov.<\/p>\n\n\n\n<p class=\"wp-block-paragraph\">Autorem textu byl spisovatel a u\u010ditel Abel Meeropol, kter\u00fd pou\u017e\u00edval pseudonym Lewis Allan. Zas\u00e1hla ho fotografie z lyn\u010de z 30. srpna 1930 v Marionu v Indian\u011b, kde byli zavra\u017ed\u011bni dva mlad\u00ed Afroameri\u010dan\u00e9, Thomas Shipp a Abram Smith. Ten sn\u00edmek pr\u00fd dlouho nemohl set\u0159\u00e1st. Nakonec vedl ke vzniku b\u00e1sn\u011b, v n\u00ed\u017e se t\u011bla ob\u011bt\u00ed lyn\u010dov\u00e1n\u00ed m\u011bn\u00ed v ovoce vis\u00edc\u00ed ze strom\u016f americk\u00e9ho Jihu. Krut\u00fd obraz ke krut\u00e9mu zach\u00e1zen\u00ed.<\/p>\n\n\n<!-- karaoketexty.cz \/ interscroller1 -->\n\n<div id=\"PX_37041_825057871452834\"><\/div>\n<script>\nif(useMobileAds && !boolUseSeznamAds && !hideAllAds){\n\twindow.px2 = window.px2 || { conf: {},queue: [] };\n\tpx2.queue.push(function () {\n\t\tpx2.render({\n\t\t\tslot: {\n\t\t\t\tid: 37041\n\t\t\t},\n\t\t\telem: \"PX_37041_825057871452834\"\n\t\t})\n\t});\n}\n<\/script>\n\n\n<h2 class=\"wp-block-heading\">Sam Cooke a A Change Is Gonna Come (1964)<\/h2>\n\n\n\n<p class=\"wp-block-paragraph\">Sam Cooke byl hv\u011bzda a dob\u0159e v\u011bd\u011bl, co jeho jm\u00e9no znamen\u00e1. Jen\u017ee kdy\u017e jednou dorazil se \u017eenou a kapelou do hotelu, kde m\u011bli zamluven\u00e9 pokoje, recep\u010dn\u00ed jim nerv\u00f3zn\u011b ozn\u00e1mil, \u017ee je plno. Cooke se roz\u010d\u00edlil. Man\u017eelka ho prosila, aby se st\u00e1hl a nechal to b\u00fdt. \u201e<em>Nezabij\u00ed m\u011b, jsem p\u0159ece Sam Cooke,<\/em>\u201c m\u011bl odpov\u011bd\u011bt. Skupina odjela jinam, tam u\u017e ale \u010dekala policie a Cooka i ostatn\u00ed zatkla za ru\u0161en\u00ed klidu.<\/p>\n\n\n\n<p class=\"wp-block-paragraph\">Nebyla to ojedin\u011bl\u00e1 nep\u0159\u00edjemnost z cest. Byl to syst\u00e9m, kter\u00fd se oz\u00fdval i ve chv\u00edli, kdy p\u0159ed n\u00edm st\u00e1l slavn\u00fd zp\u011bv\u00e1k. Cooke na tu zku\u0161enost reagoval skladbou, z n\u00ed\u017e se pozd\u011bji stala jedna z hymen hnut\u00ed za ob\u010dansk\u00e1 pr\u00e1va. Nevze\u0161la z obecn\u00e9 fr\u00e1ze o rovnosti, ale z osobn\u00edho st\u0159etu s rasismem v jeho b\u011b\u017en\u00e9m, \u00fa\u0159edn\u00edm a policejn\u00edm provozu. Sam Cooke byl zast\u0159elen v prosinci 1964, n\u011bkolik m\u011bs\u00edc\u016f po vyd\u00e1n\u00ed p\u00edsn\u011b. Bylo mu t\u0159iat\u0159icet.<\/p>\n\n\n\n<h2 class=\"wp-block-heading\">Beatles a Blackbird (1968)<\/h2>\n\n\n\n<p class=\"wp-block-paragraph\">Blackbird m\u016f\u017ee p\u0159i prvn\u00edm poslechu p\u016fsobit jako tich\u00e1, skoro soukrom\u00e1 skladba pro akustickou kytaru. Paul McCartney ale v roce 2018 otev\u0159en\u011b \u0159ekl, co za n\u00ed st\u00e1lo. Psal ji jako reakci na rasov\u00e9 nepokoje ve Spojen\u00fdch st\u00e1tech v \u0161edes\u00e1t\u00fdch letech. \u010cern\u00fd pt\u00e1k (v doslovn\u00e9m p\u0159ekladu kos) v textu m\u011bl p\u0159edstavovat \u010derno\u0161skou d\u00edvku, kter\u00e1 se hl\u00e1s\u00ed o sv\u00e1 pr\u00e1va.<\/p>\n\n\n\n<figure class=\"wp-block-embed is-type-video is-provider-youtube wp-block-embed-youtube wp-embed-aspect-16-9 wp-has-aspect-ratio\"><div class=\"wp-block-embed__wrapper\">\n<iframe title=\"The Beatles - Blackbird (Official Music Video)\" width=\"500\" height=\"281\" src=\"https:\/\/www.youtube.com\/embed\/GBSu_ltDu1w?feature=oembed\" frameborder=\"0\" allow=\"accelerometer; autoplay; clipboard-write; encrypted-media; gyroscope; picture-in-picture; web-share\" referrerpolicy=\"strict-origin-when-cross-origin\" allowfullscreen><\/iframe>\n<\/div><\/figure>\n\n\n\n<p class=\"wp-block-paragraph\">McCartney tehdy sledoval zpr\u00e1vy o protestech a n\u00e1sil\u00ed a cht\u011bl na n\u011b n\u011bjak odpov\u011bd\u011bt. Ne prohl\u00e1\u0161en\u00edm, ale trochu nen\u00e1padn\u011bj\u0161\u00edm obrazem vlo\u017een\u00fdm do p\u00edsn\u011b. Blackbird vy\u0161la v roce 1968 na takzvan\u00e9m B\u00edl\u00e9m albu a hudebn\u00ed publicist\u00e9 ji od t\u00e9 doby \u010dasto \u0159ad\u00ed mezi nejsiln\u011bj\u0161\u00ed politick\u00e9 v\u00fdpov\u011bdi Beatles. Na povrchu p\u0159itom nezn\u00ed jako protestn\u00ed p\u00edse\u0148, ale mo\u017en\u00e1 d\u00edky tomu vydr\u017eela.<\/p>\n\n\n\n<h2 class=\"wp-block-heading\">Michael Jackson a Black Or White (1991)<\/h2>\n\n\n\n<p class=\"wp-block-paragraph\">Black Or White vy\u0161la jako prvn\u00ed singl z alba Dangerous a u\u017e v den vyd\u00e1n\u00ed zam\u00ed\u0159ila na prvn\u00ed p\u0159\u00ed\u010dku hitpar\u00e1d ve dvaceti zem\u00edch. Producent Bill Bottrell Jacksonovi pom\u00e1hal skladbu dot\u00e1hnout, v\u00fdsledn\u00fd tvar ale nese jasn\u00fd Jackson\u016fv rukopis: p\u0159\u00edm\u00fd, sv\u011btov\u00fd, bez vyt\u00e1\u010dek.<\/p>\n\n\n\n<p class=\"wp-block-paragraph\">Videoklip re\u017e\u00edroval John Landis a velmi rychle za\u010dal \u017e\u00edt vlastn\u00edm \u017eivotem. Sekvence, v n\u00ed\u017e se tv\u00e1\u0159e r\u016fzn\u00fdch etnik plynule prom\u011b\u0148uj\u00ed jedna v druhou, p\u016fsobila na za\u010d\u00e1tku devades\u00e1t\u00fdch let technicky mimo\u0159\u00e1dn\u011b. Jackson v p\u00edsni ani v klipu dlouze nek\u00e1\u017ee. \u0158\u00edk\u00e1, \u017ee barva k\u016f\u017ee nerozhoduje. V Americe, kter\u00e1 se d\u00e1l pot\u00fdkala s rasov\u00fdm nap\u011bt\u00edm, to nebyla mal\u00e1 v\u011bc. A dostal ji do popov\u00e9ho form\u00e1tu, kter\u00fd hr\u00e1la r\u00e1dia a sly\u0161elo ho obrovsk\u00e9 publikum.<\/p>\n\n\n\n<p class=\"wp-block-paragraph\">Zdroje: Autorsk\u00fd text, <a href=\"https:\/\/www.britannica.com\/topic\/Strange-Fruit-song\" target=\"_blank\" rel=\"nofollow\">Britannica<\/a>, <a href=\"https:\/\/en.wikipedia.org\/wiki\/A_Change_Is_Gonna_Come\" target=\"_blank\" rel=\"noreferrer noopener nofollow\">Wikipedie<\/a>, <a href=\"https:\/\/en.wikipedia.org\/wiki\/Blackbird_(Beatles_song)\" target=\"_blank\" rel=\"noreferrer noopener nofollow\">Wikipedie<\/a>, <a href=\"https:\/\/en.wikipedia.org\/wiki\/Black_or_White\" target=\"_blank\" rel=\"noreferrer noopener nofollow\">Wikipedie<\/a><\/p>\n\n\n\n<p class=\"wp-block-paragraph\"><\/p>\n\n\n            <a href=\"https:\/\/www.karaoketexty.cz\/magazin\/tri-pisnicky-z-roku-1968-ktere-boomeri-znaji-nazpamet\/\" class=\"related-post-link\">\n                <div class=\"post-thumbnail\">\n                    <img decoding=\"async\" width=\"250\" height=\"167\" src=\"https:\/\/www.karaoketexty.cz\/magazin\/wp-content\/uploads\/2026\/08\/Jimi-Hendrix-1967-Helsinky.jpg\" class=\"attachment-250x180 size-250x180 not-transparent\" alt=\"Jimi Hendrix 1967 Helsinky\" srcset=\"https:\/\/www.karaoketexty.cz\/magazin\/wp-content\/uploads\/2026\/08\/Jimi-Hendrix-1967-Helsinky.jpg 1200w, https:\/\/www.karaoketexty.cz\/magazin\/wp-content\/uploads\/2026\/08\/Jimi-Hendrix-1967-Helsinky-300x200.jpg 300w, https:\/\/www.karaoketexty.cz\/magazin\/wp-content\/uploads\/2026\/08\/Jimi-Hendrix-1967-Helsinky-1024x683.jpg 1024w, https:\/\/www.karaoketexty.cz\/magazin\/wp-content\/uploads\/2026\/08\/Jimi-Hendrix-1967-Helsinky-768x512.jpg 768w, https:\/\/www.karaoketexty.cz\/magazin\/wp-content\/uploads\/2026\/08\/Jimi-Hendrix-1967-Helsinky-800x533.jpg 800w\" sizes=\"(max-width: 250px) 100vw, 250px\" data-has-transparency=\"false\" data-dominant-color=\"474747\" style=\"--dominant-color: #474747;\" \/>                <\/div>\n                <div class=\"post-details\">\n                    <span class=\"also-read\">\u010ct\u011bte tak\u00e9:<\/span>\n                    <h3 class=\"hed\">T\u0159i p\u00edsni\u010dky z roku 1968, kter\u00e9 boome\u0159i znaj\u00ed nazpam\u011b\u0165<\/h3>\n                <\/div>\n            <\/a>\n            \n\n            <a href=\"https:\/\/www.karaoketexty.cz\/magazin\/oasis-prekonali-the-beatles-morning-glory-je-nejuspesnejsim-studiovym-albem-v-britske-historii\/\" class=\"related-post-link\">\n                <div class=\"post-thumbnail\">\n                    <img decoding=\"async\" width=\"250\" height=\"167\" src=\"https:\/\/www.karaoketexty.cz\/magazin\/wp-content\/uploads\/2025\/09\/oasis.jpg\" class=\"attachment-250x180 size-250x180 not-transparent\" alt=\"Fotografie kapely Oasis\" srcset=\"https:\/\/www.karaoketexty.cz\/magazin\/wp-content\/uploads\/2025\/09\/oasis.jpg 1200w, https:\/\/www.karaoketexty.cz\/magazin\/wp-content\/uploads\/2025\/09\/oasis-300x200.jpg 300w, https:\/\/www.karaoketexty.cz\/magazin\/wp-content\/uploads\/2025\/09\/oasis-1024x683.jpg 1024w, https:\/\/www.karaoketexty.cz\/magazin\/wp-content\/uploads\/2025\/09\/oasis-768x512.jpg 768w, https:\/\/www.karaoketexty.cz\/magazin\/wp-content\/uploads\/2025\/09\/oasis-800x533.jpg 800w\" sizes=\"(max-width: 250px) 100vw, 250px\" data-has-transparency=\"false\" data-dominant-color=\"6f4633\" style=\"--dominant-color: #6f4633;\" \/>                <\/div>\n                <div class=\"post-details\">\n                    <span class=\"also-read\">\u010ct\u011bte tak\u00e9:<\/span>\n                    <h3 class=\"hed\">Oasis p\u0159ekonali The Beatles: Morning Glory je nej\u00fasp\u011b\u0161n\u011bj\u0161\u00edm studiov\u00fdm albem v britsk\u00e9 historii<\/h3>\n                <\/div>\n            <\/a>\n            ","protected":false},"excerpt":{"rendered":"<p>N\u011bkter\u00e9 p\u00edsn\u011b nevznikly proto, aby se l\u00edbily. Vznikly proto, \u017ee jinak to ne\u0161lo. \u010cty\u0159i skladby, \u010dty\u0159i p\u0159\u00edb\u011bhy o rasismu, lyn\u010dov\u00e1n\u00ed a touze po zm\u011bn\u011b.<\/p>\n","protected":false},"author":9,"featured_media":8506,"comment_status":"open","ping_status":"closed","sticky":false,"template":"","format":"standard","meta":{"footnotes":""},"categories":[9],"tags":[8912,11451,1037,724,6213,406,7054,2538,11452,9862,398,1449],"class_list":["post-18326","post","type-post","status-publish","format-standard","has-post-thumbnail","hentry","category-zajimavosti","tag-billie-holiday","tag-black-lives-matter","tag-hudebni-historie","tag-michael-jackson","tag-politicka-pisen","tag-pop","tag-protestni-hudba","tag-rasismus","tag-rovnopravnost","tag-sam-cooke","tag-soul","tag-the-beatles"],"yoast_head":"<!-- This site is optimized with the Yoast SEO plugin v28.3 - https:\/\/yoast.com\/product\/yoast-seo-wordpress\/ -->\n<title>P\u00edsn\u011b o lyn\u010dov\u00e1n\u00ed a rovnopr\u00e1vnosti: Jackson, Beatles, Billie Holiday<\/title>\n<meta name=\"description\" content=\"Billie Holiday, Beatles, Michael Jackson nebo Sam Cooke, ka\u017ed\u00fd z nich napsal nebo nazp\u00edval p\u00edse\u0148, kter\u00e1 se stala v\u00edc ne\u017e jen hitem.\" \/>\n<meta name=\"robots\" content=\"index, follow, max-snippet:-1, max-image-preview:large, max-video-preview:-1\" \/>\n<link rel=\"canonical\" href=\"https:\/\/www.karaoketexty.cz\/magazin\/zpivali-o-lyncovani-i-rovnopravnosti-billie-holiday-beatles-a-michael-jackson-dali-hlas-prehlizenym\/\" \/>\n<meta property=\"og:locale\" content=\"cs_CZ\" \/>\n<meta property=\"og:type\" content=\"article\" \/>\n<meta property=\"og:title\" content=\"P\u00edsn\u011b o lyn\u010dov\u00e1n\u00ed a rovnopr\u00e1vnosti: Jackson, Beatles, Billie Holiday\" \/>\n<meta property=\"og:description\" content=\"Billie Holiday, Beatles, Michael Jackson nebo Sam Cooke, ka\u017ed\u00fd z nich napsal nebo nazp\u00edval p\u00edse\u0148, kter\u00e1 se stala v\u00edc ne\u017e jen hitem.\" \/>\n<meta property=\"og:url\" content=\"https:\/\/www.karaoketexty.cz\/magazin\/zpivali-o-lyncovani-i-rovnopravnosti-billie-holiday-beatles-a-michael-jackson-dali-hlas-prehlizenym\/\" \/>\n<meta property=\"og:site_name\" content=\"Stars Magaz\u00edn Karaoketexty.cz\" \/>\n<meta property=\"article:published_time\" content=\"2026-09-05T05:34:00+00:00\" \/>\n<meta property=\"og:image\" content=\"https:\/\/www.karaoketexty.cz\/magazin\/wp-content\/uploads\/2026\/02\/Film-o-Michaelu-Jacksonovi-cernobila-fotka.jpg\" \/>\n\t<meta property=\"og:image:width\" content=\"1200\" \/>\n\t<meta property=\"og:image:height\" content=\"820\" \/>\n\t<meta property=\"og:image:type\" content=\"image\/jpeg\" \/>\n<meta name=\"author\" content=\"Radek Kone\u010dn\u00fd\" \/>\n<meta name=\"twitter:card\" content=\"summary_large_image\" \/>\n<meta name=\"twitter:label1\" content=\"Napsal(a)\" \/>\n\t<meta name=\"twitter:data1\" content=\"Radek Kone\u010dn\u00fd\" \/>\n\t<meta name=\"twitter:label2\" content=\"Odhadovan\u00e1 doba \u010dten\u00ed\" \/>\n\t<meta name=\"twitter:data2\" content=\"4 minuty\" \/>\n<script type=\"application\/ld+json\" class=\"yoast-schema-graph\">{\"@context\":\"https:\\\/\\\/schema.org\",\"@graph\":[{\"@type\":\"Article\",\"@id\":\"https:\\\/\\\/www.karaoketexty.cz\\\/magazin\\\/zpivali-o-lyncovani-i-rovnopravnosti-billie-holiday-beatles-a-michael-jackson-dali-hlas-prehlizenym\\\/#article\",\"isPartOf\":{\"@id\":\"https:\\\/\\\/www.karaoketexty.cz\\\/magazin\\\/zpivali-o-lyncovani-i-rovnopravnosti-billie-holiday-beatles-a-michael-jackson-dali-hlas-prehlizenym\\\/\"},\"author\":{\"name\":\"Radek Kone\u010dn\u00fd\",\"@id\":\"https:\\\/\\\/www.karaoketexty.cz\\\/magazin\\\/#\\\/schema\\\/person\\\/524da5b0fbeed4c3aab8132fdf00f2f6\"},\"headline\":\"Zp\u00edvali o lyn\u010dov\u00e1n\u00ed i rovnopr\u00e1vnosti: Billie Holiday, Beatles a Michael Jackson dali hlas p\u0159ehl\u00ed\u017een\u00fdm\",\"datePublished\":\"2026-09-05T05:34:00+00:00\",\"mainEntityOfPage\":{\"@id\":\"https:\\\/\\\/www.karaoketexty.cz\\\/magazin\\\/zpivali-o-lyncovani-i-rovnopravnosti-billie-holiday-beatles-a-michael-jackson-dali-hlas-prehlizenym\\\/\"},\"wordCount\":794,\"commentCount\":0,\"image\":{\"@id\":\"https:\\\/\\\/www.karaoketexty.cz\\\/magazin\\\/zpivali-o-lyncovani-i-rovnopravnosti-billie-holiday-beatles-a-michael-jackson-dali-hlas-prehlizenym\\\/#primaryimage\"},\"thumbnailUrl\":\"https:\\\/\\\/www.karaoketexty.cz\\\/magazin\\\/wp-content\\\/uploads\\\/2026\\\/02\\\/Film-o-Michaelu-Jacksonovi-cernobila-fotka.jpg\",\"keywords\":[\"Billie Holiday\",\"Black Lives Matter\",\"hudebn\u00ed historie\",\"Michael Jackson\",\"politick\u00e1 p\u00edse\u0148\",\"pop\",\"protestn\u00ed hudba\",\"rasismus\",\"rovnopr\u00e1vnost\",\"Sam Cooke\",\"soul\",\"The Beatles\"],\"articleSection\":[\"Zaj\u00edmavosti\"],\"inLanguage\":\"cs\",\"potentialAction\":[{\"@type\":\"CommentAction\",\"name\":\"Comment\",\"target\":[\"https:\\\/\\\/www.karaoketexty.cz\\\/magazin\\\/zpivali-o-lyncovani-i-rovnopravnosti-billie-holiday-beatles-a-michael-jackson-dali-hlas-prehlizenym\\\/#respond\"]}]},{\"@type\":\"WebPage\",\"@id\":\"https:\\\/\\\/www.karaoketexty.cz\\\/magazin\\\/zpivali-o-lyncovani-i-rovnopravnosti-billie-holiday-beatles-a-michael-jackson-dali-hlas-prehlizenym\\\/\",\"url\":\"https:\\\/\\\/www.karaoketexty.cz\\\/magazin\\\/zpivali-o-lyncovani-i-rovnopravnosti-billie-holiday-beatles-a-michael-jackson-dali-hlas-prehlizenym\\\/\",\"name\":\"P\u00edsn\u011b o lyn\u010dov\u00e1n\u00ed a rovnopr\u00e1vnosti: Jackson, Beatles, Billie Holiday\",\"isPartOf\":{\"@id\":\"https:\\\/\\\/www.karaoketexty.cz\\\/magazin\\\/#website\"},\"primaryImageOfPage\":{\"@id\":\"https:\\\/\\\/www.karaoketexty.cz\\\/magazin\\\/zpivali-o-lyncovani-i-rovnopravnosti-billie-holiday-beatles-a-michael-jackson-dali-hlas-prehlizenym\\\/#primaryimage\"},\"image\":{\"@id\":\"https:\\\/\\\/www.karaoketexty.cz\\\/magazin\\\/zpivali-o-lyncovani-i-rovnopravnosti-billie-holiday-beatles-a-michael-jackson-dali-hlas-prehlizenym\\\/#primaryimage\"},\"thumbnailUrl\":\"https:\\\/\\\/www.karaoketexty.cz\\\/magazin\\\/wp-content\\\/uploads\\\/2026\\\/02\\\/Film-o-Michaelu-Jacksonovi-cernobila-fotka.jpg\",\"datePublished\":\"2026-09-05T05:34:00+00:00\",\"author\":{\"@id\":\"https:\\\/\\\/www.karaoketexty.cz\\\/magazin\\\/#\\\/schema\\\/person\\\/524da5b0fbeed4c3aab8132fdf00f2f6\"},\"description\":\"Billie Holiday, Beatles, Michael Jackson nebo Sam Cooke, ka\u017ed\u00fd z nich napsal nebo nazp\u00edval p\u00edse\u0148, kter\u00e1 se stala v\u00edc ne\u017e jen hitem.\",\"breadcrumb\":{\"@id\":\"https:\\\/\\\/www.karaoketexty.cz\\\/magazin\\\/zpivali-o-lyncovani-i-rovnopravnosti-billie-holiday-beatles-a-michael-jackson-dali-hlas-prehlizenym\\\/#breadcrumb\"},\"inLanguage\":\"cs\",\"potentialAction\":[{\"@type\":\"ReadAction\",\"target\":[\"https:\\\/\\\/www.karaoketexty.cz\\\/magazin\\\/zpivali-o-lyncovani-i-rovnopravnosti-billie-holiday-beatles-a-michael-jackson-dali-hlas-prehlizenym\\\/\"]}]},{\"@type\":\"ImageObject\",\"inLanguage\":\"cs\",\"@id\":\"https:\\\/\\\/www.karaoketexty.cz\\\/magazin\\\/zpivali-o-lyncovani-i-rovnopravnosti-billie-holiday-beatles-a-michael-jackson-dali-hlas-prehlizenym\\\/#primaryimage\",\"url\":\"https:\\\/\\\/www.karaoketexty.cz\\\/magazin\\\/wp-content\\\/uploads\\\/2026\\\/02\\\/Film-o-Michaelu-Jacksonovi-cernobila-fotka.jpg\",\"contentUrl\":\"https:\\\/\\\/www.karaoketexty.cz\\\/magazin\\\/wp-content\\\/uploads\\\/2026\\\/02\\\/Film-o-Michaelu-Jacksonovi-cernobila-fotka.jpg\",\"width\":1200,\"height\":820,\"caption\":\"Foto: U\u017eivatel Michael Goulding\\\/Creative Commons\\\/CC BY-SA, Michael Jackson\"},{\"@type\":\"BreadcrumbList\",\"@id\":\"https:\\\/\\\/www.karaoketexty.cz\\\/magazin\\\/zpivali-o-lyncovani-i-rovnopravnosti-billie-holiday-beatles-a-michael-jackson-dali-hlas-prehlizenym\\\/#breadcrumb\",\"itemListElement\":[{\"@type\":\"ListItem\",\"position\":1,\"name\":\"Dom\u016f\",\"item\":\"https:\\\/\\\/www.karaoketexty.cz\\\/magazin\\\/\"},{\"@type\":\"ListItem\",\"position\":2,\"name\":\"Zp\u00edvali o lyn\u010dov\u00e1n\u00ed i rovnopr\u00e1vnosti: Billie Holiday, Beatles a Michael Jackson dali hlas p\u0159ehl\u00ed\u017een\u00fdm\"}]},{\"@type\":\"WebSite\",\"@id\":\"https:\\\/\\\/www.karaoketexty.cz\\\/magazin\\\/#website\",\"url\":\"https:\\\/\\\/www.karaoketexty.cz\\\/magazin\\\/\",\"name\":\"Stars Magaz\u00edn Karaoketexty.cz\",\"description\":\"Stars Magaz\u00edn na Karaoketexty.cz je zam\u011b\u0159en\u00fd na novinky ze sv\u011bta hudby a celebrit. Obsahuje \u010dl\u00e1nky o zp\u011bv\u00e1c\u00edch, kapel\u00e1ch, nov\u00fdch albech, hudebn\u00edch trendech a dal\u0161\u00edch zaj\u00edmavostech z hudebn\u00edho pr\u016fmyslu.\",\"potentialAction\":[{\"@type\":\"SearchAction\",\"target\":{\"@type\":\"EntryPoint\",\"urlTemplate\":\"https:\\\/\\\/www.karaoketexty.cz\\\/magazin\\\/?s={search_term_string}\"},\"query-input\":{\"@type\":\"PropertyValueSpecification\",\"valueRequired\":true,\"valueName\":\"search_term_string\"}}],\"inLanguage\":\"cs\"},{\"@type\":\"Person\",\"@id\":\"https:\\\/\\\/www.karaoketexty.cz\\\/magazin\\\/#\\\/schema\\\/person\\\/524da5b0fbeed4c3aab8132fdf00f2f6\",\"name\":\"Radek Kone\u010dn\u00fd\",\"image\":{\"@type\":\"ImageObject\",\"inLanguage\":\"cs\",\"@id\":\"https:\\\/\\\/secure.gravatar.com\\\/avatar\\\/8dc523befeed7910402c763ae678e41e9d925d26441865f21c954ecb6f4e1b17?s=96&d=mm&r=g\",\"url\":\"https:\\\/\\\/secure.gravatar.com\\\/avatar\\\/8dc523befeed7910402c763ae678e41e9d925d26441865f21c954ecb6f4e1b17?s=96&d=mm&r=g\",\"contentUrl\":\"https:\\\/\\\/secure.gravatar.com\\\/avatar\\\/8dc523befeed7910402c763ae678e41e9d925d26441865f21c954ecb6f4e1b17?s=96&d=mm&r=g\",\"caption\":\"Radek Kone\u010dn\u00fd\"},\"url\":\"https:\\\/\\\/www.karaoketexty.cz\\\/magazin\\\/author\\\/radekkonecny\\\/\"}]}<\/script>\n<!-- \/ Yoast SEO plugin. -->","yoast_head_json":{"title":"P\u00edsn\u011b o lyn\u010dov\u00e1n\u00ed a rovnopr\u00e1vnosti: Jackson, Beatles, Billie Holiday","description":"Billie Holiday, Beatles, Michael Jackson nebo Sam Cooke, ka\u017ed\u00fd z nich napsal nebo nazp\u00edval p\u00edse\u0148, kter\u00e1 se stala v\u00edc ne\u017e jen hitem.","robots":{"index":"index","follow":"follow","max-snippet":"max-snippet:-1","max-image-preview":"max-image-preview:large","max-video-preview":"max-video-preview:-1"},"canonical":"https:\/\/www.karaoketexty.cz\/magazin\/zpivali-o-lyncovani-i-rovnopravnosti-billie-holiday-beatles-a-michael-jackson-dali-hlas-prehlizenym\/","og_locale":"cs_CZ","og_type":"article","og_title":"P\u00edsn\u011b o lyn\u010dov\u00e1n\u00ed a rovnopr\u00e1vnosti: Jackson, Beatles, Billie Holiday","og_description":"Billie Holiday, Beatles, Michael Jackson nebo Sam Cooke, ka\u017ed\u00fd z nich napsal nebo nazp\u00edval p\u00edse\u0148, kter\u00e1 se stala v\u00edc ne\u017e jen hitem.","og_url":"https:\/\/www.karaoketexty.cz\/magazin\/zpivali-o-lyncovani-i-rovnopravnosti-billie-holiday-beatles-a-michael-jackson-dali-hlas-prehlizenym\/","og_site_name":"Stars Magaz\u00edn Karaoketexty.cz","article_published_time":"2026-09-05T05:34:00+00:00","og_image":[{"width":1200,"height":820,"url":"https:\/\/www.karaoketexty.cz\/magazin\/wp-content\/uploads\/2026\/02\/Film-o-Michaelu-Jacksonovi-cernobila-fotka.jpg","type":"image\/jpeg"}],"author":"Radek Kone\u010dn\u00fd","twitter_card":"summary_large_image","twitter_misc":{"Napsal(a)":"Radek Kone\u010dn\u00fd","Odhadovan\u00e1 doba \u010dten\u00ed":"4 minuty"},"schema":{"@context":"https:\/\/schema.org","@graph":[{"@type":"Article","@id":"https:\/\/www.karaoketexty.cz\/magazin\/zpivali-o-lyncovani-i-rovnopravnosti-billie-holiday-beatles-a-michael-jackson-dali-hlas-prehlizenym\/#article","isPartOf":{"@id":"https:\/\/www.karaoketexty.cz\/magazin\/zpivali-o-lyncovani-i-rovnopravnosti-billie-holiday-beatles-a-michael-jackson-dali-hlas-prehlizenym\/"},"author":{"name":"Radek Kone\u010dn\u00fd","@id":"https:\/\/www.karaoketexty.cz\/magazin\/#\/schema\/person\/524da5b0fbeed4c3aab8132fdf00f2f6"},"headline":"Zp\u00edvali o lyn\u010dov\u00e1n\u00ed i rovnopr\u00e1vnosti: Billie Holiday, Beatles a Michael Jackson dali hlas p\u0159ehl\u00ed\u017een\u00fdm","datePublished":"2026-09-05T05:34:00+00:00","mainEntityOfPage":{"@id":"https:\/\/www.karaoketexty.cz\/magazin\/zpivali-o-lyncovani-i-rovnopravnosti-billie-holiday-beatles-a-michael-jackson-dali-hlas-prehlizenym\/"},"wordCount":794,"commentCount":0,"image":{"@id":"https:\/\/www.karaoketexty.cz\/magazin\/zpivali-o-lyncovani-i-rovnopravnosti-billie-holiday-beatles-a-michael-jackson-dali-hlas-prehlizenym\/#primaryimage"},"thumbnailUrl":"https:\/\/www.karaoketexty.cz\/magazin\/wp-content\/uploads\/2026\/02\/Film-o-Michaelu-Jacksonovi-cernobila-fotka.jpg","keywords":["Billie Holiday","Black Lives Matter","hudebn\u00ed historie","Michael Jackson","politick\u00e1 p\u00edse\u0148","pop","protestn\u00ed hudba","rasismus","rovnopr\u00e1vnost","Sam Cooke","soul","The Beatles"],"articleSection":["Zaj\u00edmavosti"],"inLanguage":"cs","potentialAction":[{"@type":"CommentAction","name":"Comment","target":["https:\/\/www.karaoketexty.cz\/magazin\/zpivali-o-lyncovani-i-rovnopravnosti-billie-holiday-beatles-a-michael-jackson-dali-hlas-prehlizenym\/#respond"]}]},{"@type":"WebPage","@id":"https:\/\/www.karaoketexty.cz\/magazin\/zpivali-o-lyncovani-i-rovnopravnosti-billie-holiday-beatles-a-michael-jackson-dali-hlas-prehlizenym\/","url":"https:\/\/www.karaoketexty.cz\/magazin\/zpivali-o-lyncovani-i-rovnopravnosti-billie-holiday-beatles-a-michael-jackson-dali-hlas-prehlizenym\/","name":"P\u00edsn\u011b o lyn\u010dov\u00e1n\u00ed a rovnopr\u00e1vnosti: Jackson, Beatles, Billie Holiday","isPartOf":{"@id":"https:\/\/www.karaoketexty.cz\/magazin\/#website"},"primaryImageOfPage":{"@id":"https:\/\/www.karaoketexty.cz\/magazin\/zpivali-o-lyncovani-i-rovnopravnosti-billie-holiday-beatles-a-michael-jackson-dali-hlas-prehlizenym\/#primaryimage"},"image":{"@id":"https:\/\/www.karaoketexty.cz\/magazin\/zpivali-o-lyncovani-i-rovnopravnosti-billie-holiday-beatles-a-michael-jackson-dali-hlas-prehlizenym\/#primaryimage"},"thumbnailUrl":"https:\/\/www.karaoketexty.cz\/magazin\/wp-content\/uploads\/2026\/02\/Film-o-Michaelu-Jacksonovi-cernobila-fotka.jpg","datePublished":"2026-09-05T05:34:00+00:00","author":{"@id":"https:\/\/www.karaoketexty.cz\/magazin\/#\/schema\/person\/524da5b0fbeed4c3aab8132fdf00f2f6"},"description":"Billie Holiday, Beatles, Michael Jackson nebo Sam Cooke, ka\u017ed\u00fd z nich napsal nebo nazp\u00edval p\u00edse\u0148, kter\u00e1 se stala v\u00edc ne\u017e jen hitem.","breadcrumb":{"@id":"https:\/\/www.karaoketexty.cz\/magazin\/zpivali-o-lyncovani-i-rovnopravnosti-billie-holiday-beatles-a-michael-jackson-dali-hlas-prehlizenym\/#breadcrumb"},"inLanguage":"cs","potentialAction":[{"@type":"ReadAction","target":["https:\/\/www.karaoketexty.cz\/magazin\/zpivali-o-lyncovani-i-rovnopravnosti-billie-holiday-beatles-a-michael-jackson-dali-hlas-prehlizenym\/"]}]},{"@type":"ImageObject","inLanguage":"cs","@id":"https:\/\/www.karaoketexty.cz\/magazin\/zpivali-o-lyncovani-i-rovnopravnosti-billie-holiday-beatles-a-michael-jackson-dali-hlas-prehlizenym\/#primaryimage","url":"https:\/\/www.karaoketexty.cz\/magazin\/wp-content\/uploads\/2026\/02\/Film-o-Michaelu-Jacksonovi-cernobila-fotka.jpg","contentUrl":"https:\/\/www.karaoketexty.cz\/magazin\/wp-content\/uploads\/2026\/02\/Film-o-Michaelu-Jacksonovi-cernobila-fotka.jpg","width":1200,"height":820,"caption":"Foto: U\u017eivatel Michael Goulding\/Creative Commons\/CC BY-SA, Michael Jackson"},{"@type":"BreadcrumbList","@id":"https:\/\/www.karaoketexty.cz\/magazin\/zpivali-o-lyncovani-i-rovnopravnosti-billie-holiday-beatles-a-michael-jackson-dali-hlas-prehlizenym\/#breadcrumb","itemListElement":[{"@type":"ListItem","position":1,"name":"Dom\u016f","item":"https:\/\/www.karaoketexty.cz\/magazin\/"},{"@type":"ListItem","position":2,"name":"Zp\u00edvali o lyn\u010dov\u00e1n\u00ed i rovnopr\u00e1vnosti: Billie Holiday, Beatles a Michael Jackson dali hlas p\u0159ehl\u00ed\u017een\u00fdm"}]},{"@type":"WebSite","@id":"https:\/\/www.karaoketexty.cz\/magazin\/#website","url":"https:\/\/www.karaoketexty.cz\/magazin\/","name":"Stars Magaz\u00edn Karaoketexty.cz","description":"Stars Magaz\u00edn na Karaoketexty.cz je zam\u011b\u0159en\u00fd na novinky ze sv\u011bta hudby a celebrit. Obsahuje \u010dl\u00e1nky o zp\u011bv\u00e1c\u00edch, kapel\u00e1ch, nov\u00fdch albech, hudebn\u00edch trendech a dal\u0161\u00edch zaj\u00edmavostech z hudebn\u00edho pr\u016fmyslu.","potentialAction":[{"@type":"SearchAction","target":{"@type":"EntryPoint","urlTemplate":"https:\/\/www.karaoketexty.cz\/magazin\/?s={search_term_string}"},"query-input":{"@type":"PropertyValueSpecification","valueRequired":true,"valueName":"search_term_string"}}],"inLanguage":"cs"},{"@type":"Person","@id":"https:\/\/www.karaoketexty.cz\/magazin\/#\/schema\/person\/524da5b0fbeed4c3aab8132fdf00f2f6","name":"Radek Kone\u010dn\u00fd","image":{"@type":"ImageObject","inLanguage":"cs","@id":"https:\/\/secure.gravatar.com\/avatar\/8dc523befeed7910402c763ae678e41e9d925d26441865f21c954ecb6f4e1b17?s=96&d=mm&r=g","url":"https:\/\/secure.gravatar.com\/avatar\/8dc523befeed7910402c763ae678e41e9d925d26441865f21c954ecb6f4e1b17?s=96&d=mm&r=g","contentUrl":"https:\/\/secure.gravatar.com\/avatar\/8dc523befeed7910402c763ae678e41e9d925d26441865f21c954ecb6f4e1b17?s=96&d=mm&r=g","caption":"Radek Kone\u010dn\u00fd"},"url":"https:\/\/www.karaoketexty.cz\/magazin\/author\/radekkonecny\/"}]}},"_links":{"self":[{"href":"https:\/\/www.karaoketexty.cz\/magazin\/wp-json\/wp\/v2\/posts\/18326","targetHints":{"allow":["GET"]}}],"collection":[{"href":"https:\/\/www.karaoketexty.cz\/magazin\/wp-json\/wp\/v2\/posts"}],"about":[{"href":"https:\/\/www.karaoketexty.cz\/magazin\/wp-json\/wp\/v2\/types\/post"}],"author":[{"embeddable":true,"href":"https:\/\/www.karaoketexty.cz\/magazin\/wp-json\/wp\/v2\/users\/9"}],"replies":[{"embeddable":true,"href":"https:\/\/www.karaoketexty.cz\/magazin\/wp-json\/wp\/v2\/comments?post=18326"}],"version-history":[{"count":10,"href":"https:\/\/www.karaoketexty.cz\/magazin\/wp-json\/wp\/v2\/posts\/18326\/revisions"}],"predecessor-version":[{"id":19099,"href":"https:\/\/www.karaoketexty.cz\/magazin\/wp-json\/wp\/v2\/posts\/18326\/revisions\/19099"}],"wp:featuredmedia":[{"embeddable":true,"href":"https:\/\/www.karaoketexty.cz\/magazin\/wp-json\/wp\/v2\/media\/8506"}],"wp:attachment":[{"href":"https:\/\/www.karaoketexty.cz\/magazin\/wp-json\/wp\/v2\/media?parent=18326"}],"wp:term":[{"taxonomy":"category","embeddable":true,"href":"https:\/\/www.karaoketexty.cz\/magazin\/wp-json\/wp\/v2\/categories?post=18326"},{"taxonomy":"post_tag","embeddable":true,"href":"https:\/\/www.karaoketexty.cz\/magazin\/wp-json\/wp\/v2\/tags?post=18326"}],"curies":[{"name":"wp","href":"https:\/\/api.w.org\/{rel}","templated":true}]}}