{"id":18314,"date":"2026-09-04T07:32:00","date_gmt":"2026-09-04T05:32:00","guid":{"rendered":"https:\/\/www.karaoketexty.cz\/magazin\/?p=18314"},"modified":"2026-09-03T11:39:00","modified_gmt":"2026-09-03T09:39:00","slug":"david-bowie-v-ceskem-studiu-vzpominky-na-ktere-technici-ze-sono-nikdy-nezapomneli","status":"publish","type":"post","link":"https:\/\/www.karaoketexty.cz\/magazin\/david-bowie-v-ceskem-studiu-vzpominky-na-ktere-technici-ze-sono-nikdy-nezapomneli\/","title":{"rendered":"David Bowie v \u010desk\u00e9m studiu: Vzpom\u00ednky, na kter\u00e9 technici ze Sono nikdy nezapomn\u011bli"},"content":{"rendered":"\n<p class=\"wp-block-paragraph\"><strong>V roce 1996 p\u0159ijel David Bowie do studia Sono t\u0159icet kilometr\u016f z\u00e1padn\u011b od Prahy. Zakladatel\u00e9 studia Karl\u00edk a Milan Cimfe dodnes vzpom\u00ednaj\u00ed na nat\u00e1\u010den\u00ed, kter\u00e9 se nepodobalo ni\u010demu jin\u00e9mu.<\/strong><\/p>\n\n\n\n<p class=\"wp-block-paragraph\">Bowie tehdy vystoupil v pra\u017esk\u00e9 Sportovn\u00ed hale a po koncert\u011b v \u010cesku je\u0161t\u011b z\u016fstal. V Sonu se nahr\u00e1valy alternativn\u00ed verze tehdej\u0161\u00edho hitu <em>Outside<\/em>, konkr\u00e9tn\u011b dance mix a radio edit, a k tomu nov\u00fd materi\u00e1l pro chystan\u00e9 album <em>Earthling<\/em>. Cesta sv\u011btov\u00e9 hv\u011bzdy do st\u0159edo\u010desk\u00e9ho studia p\u0159itom nebyla nijak romantick\u00e1. Na Karaoketexty n\u00e1s zaujalo, jak na celou epizodu vzpom\u00ednaj\u00ed lid\u00e9 ze studia.<\/p>\n\n\n<!-- karaoketexty.cz \/ rectangle2 -->\n<div id=\"PX_37086_709110796310826\"><\/div>\n<script>\n   if(!useMobileAds && !boolUseSeznamAds && !hideAllAds){\n     window.px2 = window.px2 || { conf: {},queue: [] };\n     px2.queue.push(function () {\n        px2.render({\n           slot: {\n              id: 37086\n           },\n            elem: \"PX_37086_709110796310826\"\n        })\n     });\n  }\n<\/script>\n\n<!-- karaoketexty.cz \/ mobile-rectangle3 -->\n<div id=\"PX_37044_714599773297004\"><\/div>\n<script>\n   if(useMobileAds && !boolUseSeznamAds && !hideAllAds){\nwindow.px2 = window.px2 || { conf: {},queue: [] };\npx2.queue.push(function () {\n\tpx2.render({\n\t\tslot: {\n\t\t\tid: 37044\n\t\t},\n\t\telem: \"PX_37044_714599773297004\"\n\t})\n});\n}\n<\/script>\n\n\n<h2 class=\"wp-block-heading\">Pizza podle vrstev a fax kv\u016fli v\u00fd\u0161k\u00e1m na virblu<\/h2>\n\n\n\n<p class=\"wp-block-paragraph\">Bowieho lid\u00e9 hledali \u00fato\u010di\u0161t\u011b n\u011bkde ve st\u0159edu Evropy, ve h\u0159e bylo Rakousko, \u010cesko nebo Ma\u010farsko. Dotaz \u0161el p\u0159es Pragokoncert a doporu\u010den\u00ed na Sono p\u0159i\u0161lo podle vzpom\u00ednek z okruhu vydavatelstv\u00ed BMG. \u201e<em>Prost\u011b se ptali po nejlep\u0161\u00edm studiu a poslali je k n\u00e1m. To polichotilo,<\/em>\u201c vzpom\u00ednal Cimfe pro iReport.<\/p>\n\n\n\n<p class=\"wp-block-paragraph\">P\u0159ed p\u0159\u00edjezdem to m\u00edsty p\u0159ipom\u00ednalo sp\u00ed\u0161 logistick\u00e9 cvi\u010den\u00ed ne\u017e p\u0159\u00edpravu nahr\u00e1v\u00e1n\u00ed. Produkce m\u011bnila zad\u00e1n\u00ed skoro za pochodu. Jednou cht\u011bla n\u011bkolik dvoupalcov\u00fdch magnetofon\u016f propojen\u00fdch dohromady, pak zase speci\u00e1ln\u00ed mikrofony, jindy synchroniz\u00e9r. Ten se nakonec v\u016fbec nepou\u017eil. Karl\u00edk kv\u016fli n\u011bmu sp\u011bchal na leti\u0161t\u011b, proto\u017ee za\u0159\u00edzen\u00ed nechal poslat po pilotovi z Lond\u00fdna, a cestou zaplatil pokutu za rychlost. Synchroniz\u00e9r ve studiu z\u016fstal. Dodnes.<\/p>\n\n\n<!-- karaoketexty.cz \/ interscroller1 -->\n\n<div id=\"PX_37041_825057871452834\"><\/div>\n<script>\nif(useMobileAds && !boolUseSeznamAds && !hideAllAds){\n\twindow.px2 = window.px2 || { conf: {},queue: [] };\n\tpx2.queue.push(function () {\n\t\tpx2.render({\n\t\t\tslot: {\n\t\t\t\tid: 37041\n\t\t\t},\n\t\t\telem: \"PX_37041_825057871452834\"\n\t\t})\n\t});\n}\n<\/script>\n\n\n<p class=\"wp-block-paragraph\">Kdy\u017e ale kapela opravdu p\u0159ijela, velk\u00e1 \u010d\u00e1st nervozity spadla. Z\u016fstaly hlavn\u011b historky. Produkce nap\u0159\u00edklad faxovala po\u017eadavek na pizzu, u kter\u00e9 m\u011blo b\u00fdt p\u0159esn\u011b dan\u00e9 po\u0159ad\u00ed vrstev jednotliv\u00fdch surovin. Pra\u017esk\u00e9 pizzerie se do toho nehrnuly, co\u017e asi nep\u0159ekvap\u00ed. Karl\u00edk to Bowiemu \u0159ekl p\u0159\u00edmo. Bowie se podle n\u011bj jen podivil a poznamenal, \u017ee na po\u0159ad\u00ed surovin tedy rozhodn\u011b nez\u00e1le\u017e\u00ed. P\u0159i\u0161el i fax s pokynem p\u0159idat v\u00fd\u0161ky na virblu. <em>\u201eTo u\u017e byla opravdu legrace,<\/em>\u201c vzpom\u00edn\u00e1 Karl\u00edk. Samotn\u00fd Bowie p\u0159itom nep\u016fsobil jako \u010dlov\u011bk, kter\u00fd by kolem sebe pot\u0159eboval dusno. Byl p\u0159\u00edm\u00fd, v\u011bcn\u00fd, bez velk\u00fdch n\u00e1rok\u016f. Komplikace obstar\u00e1valo sp\u00ed\u0161 okol\u00ed.<\/p>\n\n\n\n<h2 class=\"wp-block-heading\">Frantovy bubny a zvuk, kter\u00fd nebylo pot\u0159eba honit<\/h2>\n\n\n\n<p class=\"wp-block-paragraph\">K bowieovsk\u00e9 session se p\u016fj\u010dovaly n\u00e1stroje i od \u010desk\u00fdch muzikant\u016f. Velk\u00fd basov\u00fd apar\u00e1t Ampeg dodal P.B.CH., kl\u00e1vesy s klad\u00edvkovou mechanikou Richard Dvo\u0159\u00e1k. Bic\u00ed byly od Franty H\u00f6niga. A pr\u00e1v\u011b u nich se stala drobnost, kter\u00e1 v Cimfeho vypr\u00e1v\u011bn\u00ed z\u016fst\u00e1v\u00e1 jako jeden z nejsiln\u011bj\u0161\u00edch moment\u016f.<\/p>\n\n\n\n<p class=\"wp-block-paragraph\">Bowieho buben\u00edk Zachary Alford si soupravu s\u00e1m naladil, sedl si a zahr\u00e1l. \u201e<em>Ozvalo se n\u011bco naprosto skv\u011bl\u00e9ho. \u201aAha, tak takhle to tedy vlastn\u011b je,\u2018 \u0159ekli jsme si,<\/em>\u201c popisoval Cimfe. Nebylo pot\u0159eba dlouh\u00e9 lad\u011bn\u00ed, hled\u00e1n\u00ed, posouv\u00e1n\u00ed mikrofon\u016f a nekone\u010dn\u00e9 zkou\u0161en\u00ed. Zvuk tam prost\u011b byl. Na cel\u00e9 pr\u00e1ci s kapelou je podle vzpom\u00ednek ze Sona fascinuj\u00edc\u00ed hlavn\u011b rychlost, s jakou se dost\u00e1vala k v\u00fdsledku. Bez kouzel, bez tajn\u00e9 techniky. Byla v tom klidn\u00e1 jistota lid\u00ed, kte\u0159\u00ed v\u011bd\u00ed, co maj\u00ed zahr\u00e1t.<\/p>\n\n\n\n<p class=\"wp-block-paragraph\">Bowie hr\u00e1l tak\u00e9 na saxofon. A podle Cimfeho velmi dob\u0159e, co\u017e ho tehdy trochu p\u0159ekvapilo. P\u0159ivezl si na n\u011bj vlastn\u00ed efektov\u00fd rack. Karl\u00edka ale zaujal je\u0161t\u011b jin\u00fd detail, sp\u00ed\u0161 pracovn\u00ed ne\u017e hudebn\u00ed: ka\u017ed\u00fd st\u0159ih bic\u00edch se zapisoval do den\u00edku. \u201e<em>My jsme byli zvykl\u00ed st\u0159\u00edhat cokoli, kdykoli, tis\u00edckr\u00e1t za p\u00edsni\u010dku. Tady to byla ud\u00e1lost na z\u00e1pis.<\/em>\u201c T\u011bch st\u0159ih\u016f p\u0159itom mnoho nebylo. Kapela v\u011bt\u0161inu v\u011bc\u00ed jednodu\u0161e zahr\u00e1la.<\/p>\n\n\n\n<h2 class=\"wp-block-heading\">Studio Sono a devades\u00e1tky, kter\u00e9 se nedaj\u00ed zopakovat<\/h2>\n\n\n\n<p class=\"wp-block-paragraph\">Studio Sono vzniklo v roce 1990. Karl\u00edk o vlastn\u00edm studiu p\u0159em\u00fd\u0161lel u\u017e d\u00e1vno p\u0159edt\u00edm a \u017eivnostensk\u00fd list na nahr\u00e1v\u00e1n\u00ed si vy\u0159\u00eddil v roce 1988. \u00da\u0159edn\u011b tehdy figuroval jako \u201ezvuka\u0159 st\u00e1nka\u0159\u201c, proto\u017ee socialistick\u00e1 administrativa si \u010dlov\u011bka pracuj\u00edc\u00edho se zvukem mimo jedno pevn\u00e9 m\u00edsto neum\u011bla moc za\u0159adit. N\u00e1zev Sono je z latiny, znamen\u00e1 zazn\u00edt nebo zah\u0159m\u00edt. Ve h\u0159e byl i n\u00e1zev Charleston podle Karl\u00edkova p\u0159\u00edjmen\u00ed, jen\u017ee z n\u011bj se\u0161lo pot\u00e9, co otec p\u0159ipomn\u011bl, \u017ee charleston komunist\u00e9 propagovali jako n\u00e1hradu za rock&#8217;n&#8217;roll.<\/p>\n\n\n\n<figure class=\"wp-block-embed is-type-video is-provider-youtube wp-block-embed-youtube wp-embed-aspect-16-9 wp-has-aspect-ratio\"><div class=\"wp-block-embed__wrapper\">\n<iframe title=\"DAVID BOWIE - Nepochopen\u00fd g\u00e9nius co zm\u011bnil sv\u011bt jedn\u00edm albem! \ud83c\udf0f\" width=\"500\" height=\"281\" src=\"https:\/\/www.youtube.com\/embed\/CHRbu_YfXaQ?feature=oembed\" frameborder=\"0\" allow=\"accelerometer; autoplay; clipboard-write; encrypted-media; gyroscope; picture-in-picture; web-share\" referrerpolicy=\"strict-origin-when-cross-origin\" allowfullscreen><\/iframe>\n<\/div><\/figure>\n\n\n\n<p class=\"wp-block-paragraph\">Bowie p\u0159ijel \u0161est let po zalo\u017een\u00ed studia. Cimfe devades\u00e1t\u00e1 l\u00e9ta p\u0159irovn\u00e1v\u00e1 k americk\u00fdm \u0161edes\u00e1t\u00fdm a p\u0159i pohledu na tehdej\u0161\u00ed pra\u017eskou hudebn\u00ed sc\u00e9nu to zn\u00ed docela trefn\u011b. Pro Sono byla Bowieho n\u00e1v\u0161t\u011bva jasn\u00fdm sign\u00e1lem, \u017ee \u0161pi\u010dkov\u00e9 vybaven\u00ed, dobr\u00fd prostor a pr\u00e1ce bez zbyte\u010dn\u00e9ho p\u0159edv\u00e1d\u011bn\u00ed mohou p\u0159it\u00e1hnout i jm\u00e9no \u00fapln\u011b nejvy\u0161\u0161\u00ed kategorie. Nic podobn\u00e9ho studio p\u0159edt\u00edm neza\u017eilo a potom u\u017e tak\u00e9 ne. Z\u016fstaly nahr\u00e1vky, historky a jeden synchroniz\u00e9r, kter\u00fd v Sonu po\u0159\u00e1d stoj\u00ed, p\u0159esto\u017ee se k pr\u00e1ci nikdy nedostal.<\/p>\n\n\n\n<p class=\"wp-block-paragraph\">Zdroje: Autorsk\u00fd text, <a href=\"https:\/\/www.ireport.cz\/clanky\/rozhovory\/rozhovor-nataceni-s-davidem-bowiem-nic-podobneho-jsme-nikdy-predtim-ani-potom-uz-nevideli-vzpominaji-ve-studiu-sono\" target=\"_blank\" rel=\"nofollow\">iReport.cz<\/a>, <a href=\"https:\/\/cs.wikipedia.org\/wiki\/David_Bowie\" target=\"_blank\" rel=\"nofollow\">Wikipedie<\/a>, <a href=\"https:\/\/www.idnes.cz\/kultura\/hudba\/david-bowie-ve-studiu-sono.A160111_123419_hudba_ob\" target=\"_blank\" rel=\"nofollow\">iDnes.cz<\/a>, <a href=\"http:\/\/sonorecordscz.wordpress.com\/2015\/01\/01\/first-blog-post\/\" target=\"_blank\" rel=\"noreferrer noopener nofollow\">sonorecords.cz<\/a><\/p>\n\n\n            <a href=\"https:\/\/www.karaoketexty.cz\/magazin\/tri-umelci-kteri-v-roce-1995-posunuli-hranice-svetove-hudby-alanis-morissette-bjork-a-david-bowie\/\" class=\"related-post-link\">\n                <div class=\"post-thumbnail\">\n                    <img decoding=\"async\" width=\"250\" height=\"167\" src=\"https:\/\/www.karaoketexty.cz\/magazin\/wp-content\/uploads\/2026\/08\/Alanis-Morissette-cerven-2008.jpg\" class=\"attachment-250x180 size-250x180 not-transparent\" alt=\"Alanis Morissette c\u030cerven 2008\" srcset=\"https:\/\/www.karaoketexty.cz\/magazin\/wp-content\/uploads\/2026\/08\/Alanis-Morissette-cerven-2008.jpg 1200w, https:\/\/www.karaoketexty.cz\/magazin\/wp-content\/uploads\/2026\/08\/Alanis-Morissette-cerven-2008-300x200.jpg 300w, https:\/\/www.karaoketexty.cz\/magazin\/wp-content\/uploads\/2026\/08\/Alanis-Morissette-cerven-2008-1024x683.jpg 1024w, https:\/\/www.karaoketexty.cz\/magazin\/wp-content\/uploads\/2026\/08\/Alanis-Morissette-cerven-2008-768x512.jpg 768w, https:\/\/www.karaoketexty.cz\/magazin\/wp-content\/uploads\/2026\/08\/Alanis-Morissette-cerven-2008-800x533.jpg 800w\" sizes=\"(max-width: 250px) 100vw, 250px\" data-has-transparency=\"false\" data-dominant-color=\"3d283e\" style=\"--dominant-color: #3d283e;\" \/>                <\/div>\n                <div class=\"post-details\">\n                    <span class=\"also-read\">\u010ct\u011bte tak\u00e9:<\/span>\n                    <h3 class=\"hed\">T\u0159i um\u011blci, kte\u0159\u00ed v roce 1995 posunuli hranice sv\u011btov\u00e9 hudby: Alanis Morissette, Bj\u00f6rk a David Bowie<\/h3>\n                <\/div>\n            <\/a>\n            \n\n            <a href=\"https:\/\/www.karaoketexty.cz\/magazin\/kuba-ryba-z-kapely-rybicky-48-odhaluje-tajemstvi-jmena-syna-inspirace-od-davida-bowieho\/\" class=\"related-post-link\">\n                <div class=\"post-thumbnail\">\n                    <img decoding=\"async\" width=\"250\" height=\"167\" src=\"https:\/\/www.karaoketexty.cz\/magazin\/wp-content\/uploads\/2025\/09\/rybicky-48.jpg\" class=\"attachment-250x180 size-250x180 not-transparent\" alt=\"Kapela Rybi\u010dky 48\" srcset=\"https:\/\/www.karaoketexty.cz\/magazin\/wp-content\/uploads\/2025\/09\/rybicky-48.jpg 1200w, https:\/\/www.karaoketexty.cz\/magazin\/wp-content\/uploads\/2025\/09\/rybicky-48-300x200.jpg 300w, https:\/\/www.karaoketexty.cz\/magazin\/wp-content\/uploads\/2025\/09\/rybicky-48-1024x683.jpg 1024w, https:\/\/www.karaoketexty.cz\/magazin\/wp-content\/uploads\/2025\/09\/rybicky-48-768x512.jpg 768w, https:\/\/www.karaoketexty.cz\/magazin\/wp-content\/uploads\/2025\/09\/rybicky-48-800x533.jpg 800w\" sizes=\"(max-width: 250px) 100vw, 250px\" data-has-transparency=\"false\" data-dominant-color=\"523d3b\" style=\"--dominant-color: #523d3b;\" \/>                <\/div>\n                <div class=\"post-details\">\n                    <span class=\"also-read\">\u010ct\u011bte tak\u00e9:<\/span>\n                    <h3 class=\"hed\">Kuba Ryba z Rybi\u010dek 48 prozradil, jak vyb\u00edral jm\u00e9no pro syna. Inspiroval ho David Bowie<\/h3>\n                <\/div>\n            <\/a>\n            ","protected":false},"excerpt":{"rendered":"<p>V roce 1996 p\u0159ijel David Bowie do studia Sono t\u0159icet kilometr\u016f z\u00e1padn\u011b od Prahy. Zakladatel\u00e9 studia Karl\u00edk a Milan Cimfe dodnes vzpom\u00ednaj\u00ed na nat\u00e1\u010den\u00ed, kter\u00e9 se nepodobalo ni\u010demu jin\u00e9mu.<\/p>\n","protected":false},"author":9,"featured_media":6881,"comment_status":"open","ping_status":"closed","sticky":false,"template":"","format":"standard","meta":{"footnotes":""},"categories":[1059],"tags":[7199,11430,1115,11210,11429,11425,11426,11209,11428,11424,11431,11427],"class_list":["post-18314","post","type-post","status-publish","format-standard","has-post-thumbnail","hentry","category-celebrity","tag-1990s","tag-czech-music","tag-david-bowie","tag-earthling","tag-franta-honig","tag-karlik","tag-milan-cimfe","tag-outside","tag-richard-dvorak","tag-sono","tag-studio-recording","tag-zachary-alford"],"yoast_head":"<!-- This site is optimized with the Yoast SEO plugin v28.3 - https:\/\/yoast.com\/product\/yoast-seo-wordpress\/ -->\n<title>David Bowie a jeho nat\u00e1\u010den\u00ed v \u010desk\u00e9m studiu Sono<\/title>\n<meta name=\"description\" content=\"Studio Sono u Prahy hostilo Davida Bowieho v roce 1996. Vzpom\u00ednky zakladatel\u016f odhaluj\u00ed z\u00e1kulis\u00ed, kter\u00e9 se jen tak nevid\u00ed.\" \/>\n<meta name=\"robots\" content=\"index, follow, max-snippet:-1, max-image-preview:large, max-video-preview:-1\" \/>\n<link rel=\"canonical\" href=\"https:\/\/www.karaoketexty.cz\/magazin\/david-bowie-v-ceskem-studiu-vzpominky-na-ktere-technici-ze-sono-nikdy-nezapomneli\/\" \/>\n<meta property=\"og:locale\" content=\"cs_CZ\" \/>\n<meta property=\"og:type\" content=\"article\" \/>\n<meta property=\"og:title\" content=\"David Bowie a jeho nat\u00e1\u010den\u00ed v \u010desk\u00e9m studiu Sono\" \/>\n<meta property=\"og:description\" content=\"Studio Sono u Prahy hostilo Davida Bowieho v roce 1996. Vzpom\u00ednky zakladatel\u016f odhaluj\u00ed z\u00e1kulis\u00ed, kter\u00e9 se jen tak nevid\u00ed.\" \/>\n<meta property=\"og:url\" content=\"https:\/\/www.karaoketexty.cz\/magazin\/david-bowie-v-ceskem-studiu-vzpominky-na-ktere-technici-ze-sono-nikdy-nezapomneli\/\" \/>\n<meta property=\"og:site_name\" content=\"Stars Magaz\u00edn Karaoketexty.cz\" \/>\n<meta property=\"article:published_time\" content=\"2026-09-04T05:32:00+00:00\" \/>\n<meta property=\"og:image\" content=\"https:\/\/www.karaoketexty.cz\/magazin\/wp-content\/uploads\/2026\/01\/david-bowie.jpg\" \/>\n\t<meta property=\"og:image:width\" content=\"1200\" \/>\n\t<meta property=\"og:image:height\" content=\"800\" \/>\n\t<meta property=\"og:image:type\" content=\"image\/jpeg\" \/>\n<meta name=\"author\" content=\"Radek Kone\u010dn\u00fd\" \/>\n<meta name=\"twitter:card\" content=\"summary_large_image\" \/>\n<meta name=\"twitter:label1\" content=\"Napsal(a)\" \/>\n\t<meta name=\"twitter:data1\" content=\"Radek Kone\u010dn\u00fd\" \/>\n\t<meta name=\"twitter:label2\" content=\"Odhadovan\u00e1 doba \u010dten\u00ed\" \/>\n\t<meta name=\"twitter:data2\" content=\"4 minuty\" \/>\n<script type=\"application\/ld+json\" class=\"yoast-schema-graph\">{\"@context\":\"https:\\\/\\\/schema.org\",\"@graph\":[{\"@type\":\"Article\",\"@id\":\"https:\\\/\\\/www.karaoketexty.cz\\\/magazin\\\/david-bowie-v-ceskem-studiu-vzpominky-na-ktere-technici-ze-sono-nikdy-nezapomneli\\\/#article\",\"isPartOf\":{\"@id\":\"https:\\\/\\\/www.karaoketexty.cz\\\/magazin\\\/david-bowie-v-ceskem-studiu-vzpominky-na-ktere-technici-ze-sono-nikdy-nezapomneli\\\/\"},\"author\":{\"name\":\"Radek Kone\u010dn\u00fd\",\"@id\":\"https:\\\/\\\/www.karaoketexty.cz\\\/magazin\\\/#\\\/schema\\\/person\\\/524da5b0fbeed4c3aab8132fdf00f2f6\"},\"headline\":\"David Bowie v \u010desk\u00e9m studiu: Vzpom\u00ednky, na kter\u00e9 technici ze Sono nikdy nezapomn\u011bli\",\"datePublished\":\"2026-09-04T05:32:00+00:00\",\"mainEntityOfPage\":{\"@id\":\"https:\\\/\\\/www.karaoketexty.cz\\\/magazin\\\/david-bowie-v-ceskem-studiu-vzpominky-na-ktere-technici-ze-sono-nikdy-nezapomneli\\\/\"},\"wordCount\":928,\"commentCount\":0,\"image\":{\"@id\":\"https:\\\/\\\/www.karaoketexty.cz\\\/magazin\\\/david-bowie-v-ceskem-studiu-vzpominky-na-ktere-technici-ze-sono-nikdy-nezapomneli\\\/#primaryimage\"},\"thumbnailUrl\":\"https:\\\/\\\/www.karaoketexty.cz\\\/magazin\\\/wp-content\\\/uploads\\\/2026\\\/01\\\/david-bowie.jpg\",\"keywords\":[\"1990s\",\"Czech music\",\"David Bowie\",\"Earthling\",\"Franta H\u00f6nig\",\"Karl\u00edk\",\"Milan Cimfe\",\"Outside\",\"Richard Dvo\u0159\u00e1k\",\"Sono\",\"studio recording\",\"Zachary Alford\"],\"articleSection\":[\"Celebrity\"],\"inLanguage\":\"cs\",\"potentialAction\":[{\"@type\":\"CommentAction\",\"name\":\"Comment\",\"target\":[\"https:\\\/\\\/www.karaoketexty.cz\\\/magazin\\\/david-bowie-v-ceskem-studiu-vzpominky-na-ktere-technici-ze-sono-nikdy-nezapomneli\\\/#respond\"]}]},{\"@type\":\"WebPage\",\"@id\":\"https:\\\/\\\/www.karaoketexty.cz\\\/magazin\\\/david-bowie-v-ceskem-studiu-vzpominky-na-ktere-technici-ze-sono-nikdy-nezapomneli\\\/\",\"url\":\"https:\\\/\\\/www.karaoketexty.cz\\\/magazin\\\/david-bowie-v-ceskem-studiu-vzpominky-na-ktere-technici-ze-sono-nikdy-nezapomneli\\\/\",\"name\":\"David Bowie a jeho nat\u00e1\u010den\u00ed v \u010desk\u00e9m studiu Sono\",\"isPartOf\":{\"@id\":\"https:\\\/\\\/www.karaoketexty.cz\\\/magazin\\\/#website\"},\"primaryImageOfPage\":{\"@id\":\"https:\\\/\\\/www.karaoketexty.cz\\\/magazin\\\/david-bowie-v-ceskem-studiu-vzpominky-na-ktere-technici-ze-sono-nikdy-nezapomneli\\\/#primaryimage\"},\"image\":{\"@id\":\"https:\\\/\\\/www.karaoketexty.cz\\\/magazin\\\/david-bowie-v-ceskem-studiu-vzpominky-na-ktere-technici-ze-sono-nikdy-nezapomneli\\\/#primaryimage\"},\"thumbnailUrl\":\"https:\\\/\\\/www.karaoketexty.cz\\\/magazin\\\/wp-content\\\/uploads\\\/2026\\\/01\\\/david-bowie.jpg\",\"datePublished\":\"2026-09-04T05:32:00+00:00\",\"author\":{\"@id\":\"https:\\\/\\\/www.karaoketexty.cz\\\/magazin\\\/#\\\/schema\\\/person\\\/524da5b0fbeed4c3aab8132fdf00f2f6\"},\"description\":\"Studio Sono u Prahy hostilo Davida Bowieho v roce 1996. Vzpom\u00ednky zakladatel\u016f odhaluj\u00ed z\u00e1kulis\u00ed, kter\u00e9 se jen tak nevid\u00ed.\",\"breadcrumb\":{\"@id\":\"https:\\\/\\\/www.karaoketexty.cz\\\/magazin\\\/david-bowie-v-ceskem-studiu-vzpominky-na-ktere-technici-ze-sono-nikdy-nezapomneli\\\/#breadcrumb\"},\"inLanguage\":\"cs\",\"potentialAction\":[{\"@type\":\"ReadAction\",\"target\":[\"https:\\\/\\\/www.karaoketexty.cz\\\/magazin\\\/david-bowie-v-ceskem-studiu-vzpominky-na-ktere-technici-ze-sono-nikdy-nezapomneli\\\/\"]}]},{\"@type\":\"ImageObject\",\"inLanguage\":\"cs\",\"@id\":\"https:\\\/\\\/www.karaoketexty.cz\\\/magazin\\\/david-bowie-v-ceskem-studiu-vzpominky-na-ktere-technici-ze-sono-nikdy-nezapomneli\\\/#primaryimage\",\"url\":\"https:\\\/\\\/www.karaoketexty.cz\\\/magazin\\\/wp-content\\\/uploads\\\/2026\\\/01\\\/david-bowie.jpg\",\"contentUrl\":\"https:\\\/\\\/www.karaoketexty.cz\\\/magazin\\\/wp-content\\\/uploads\\\/2026\\\/01\\\/david-bowie.jpg\",\"width\":1200,\"height\":800,\"caption\":\"Foto: Javier Perez Montes, CC BY-SA 4.0 , via Wikimedia Commons\"},{\"@type\":\"BreadcrumbList\",\"@id\":\"https:\\\/\\\/www.karaoketexty.cz\\\/magazin\\\/david-bowie-v-ceskem-studiu-vzpominky-na-ktere-technici-ze-sono-nikdy-nezapomneli\\\/#breadcrumb\",\"itemListElement\":[{\"@type\":\"ListItem\",\"position\":1,\"name\":\"Dom\u016f\",\"item\":\"https:\\\/\\\/www.karaoketexty.cz\\\/magazin\\\/\"},{\"@type\":\"ListItem\",\"position\":2,\"name\":\"David Bowie v \u010desk\u00e9m studiu: Vzpom\u00ednky, na kter\u00e9 technici ze Sono nikdy nezapomn\u011bli\"}]},{\"@type\":\"WebSite\",\"@id\":\"https:\\\/\\\/www.karaoketexty.cz\\\/magazin\\\/#website\",\"url\":\"https:\\\/\\\/www.karaoketexty.cz\\\/magazin\\\/\",\"name\":\"Stars Magaz\u00edn Karaoketexty.cz\",\"description\":\"Stars Magaz\u00edn na Karaoketexty.cz je zam\u011b\u0159en\u00fd na novinky ze sv\u011bta hudby a celebrit. Obsahuje \u010dl\u00e1nky o zp\u011bv\u00e1c\u00edch, kapel\u00e1ch, nov\u00fdch albech, hudebn\u00edch trendech a dal\u0161\u00edch zaj\u00edmavostech z hudebn\u00edho pr\u016fmyslu.\",\"potentialAction\":[{\"@type\":\"SearchAction\",\"target\":{\"@type\":\"EntryPoint\",\"urlTemplate\":\"https:\\\/\\\/www.karaoketexty.cz\\\/magazin\\\/?s={search_term_string}\"},\"query-input\":{\"@type\":\"PropertyValueSpecification\",\"valueRequired\":true,\"valueName\":\"search_term_string\"}}],\"inLanguage\":\"cs\"},{\"@type\":\"Person\",\"@id\":\"https:\\\/\\\/www.karaoketexty.cz\\\/magazin\\\/#\\\/schema\\\/person\\\/524da5b0fbeed4c3aab8132fdf00f2f6\",\"name\":\"Radek Kone\u010dn\u00fd\",\"image\":{\"@type\":\"ImageObject\",\"inLanguage\":\"cs\",\"@id\":\"https:\\\/\\\/secure.gravatar.com\\\/avatar\\\/8dc523befeed7910402c763ae678e41e9d925d26441865f21c954ecb6f4e1b17?s=96&d=mm&r=g\",\"url\":\"https:\\\/\\\/secure.gravatar.com\\\/avatar\\\/8dc523befeed7910402c763ae678e41e9d925d26441865f21c954ecb6f4e1b17?s=96&d=mm&r=g\",\"contentUrl\":\"https:\\\/\\\/secure.gravatar.com\\\/avatar\\\/8dc523befeed7910402c763ae678e41e9d925d26441865f21c954ecb6f4e1b17?s=96&d=mm&r=g\",\"caption\":\"Radek Kone\u010dn\u00fd\"},\"url\":\"https:\\\/\\\/www.karaoketexty.cz\\\/magazin\\\/author\\\/radekkonecny\\\/\"}]}<\/script>\n<!-- \/ Yoast SEO plugin. -->","yoast_head_json":{"title":"David Bowie a jeho nat\u00e1\u010den\u00ed v \u010desk\u00e9m studiu Sono","description":"Studio Sono u Prahy hostilo Davida Bowieho v roce 1996. Vzpom\u00ednky zakladatel\u016f odhaluj\u00ed z\u00e1kulis\u00ed, kter\u00e9 se jen tak nevid\u00ed.","robots":{"index":"index","follow":"follow","max-snippet":"max-snippet:-1","max-image-preview":"max-image-preview:large","max-video-preview":"max-video-preview:-1"},"canonical":"https:\/\/www.karaoketexty.cz\/magazin\/david-bowie-v-ceskem-studiu-vzpominky-na-ktere-technici-ze-sono-nikdy-nezapomneli\/","og_locale":"cs_CZ","og_type":"article","og_title":"David Bowie a jeho nat\u00e1\u010den\u00ed v \u010desk\u00e9m studiu Sono","og_description":"Studio Sono u Prahy hostilo Davida Bowieho v roce 1996. Vzpom\u00ednky zakladatel\u016f odhaluj\u00ed z\u00e1kulis\u00ed, kter\u00e9 se jen tak nevid\u00ed.","og_url":"https:\/\/www.karaoketexty.cz\/magazin\/david-bowie-v-ceskem-studiu-vzpominky-na-ktere-technici-ze-sono-nikdy-nezapomneli\/","og_site_name":"Stars Magaz\u00edn Karaoketexty.cz","article_published_time":"2026-09-04T05:32:00+00:00","og_image":[{"width":1200,"height":800,"url":"https:\/\/www.karaoketexty.cz\/magazin\/wp-content\/uploads\/2026\/01\/david-bowie.jpg","type":"image\/jpeg"}],"author":"Radek Kone\u010dn\u00fd","twitter_card":"summary_large_image","twitter_misc":{"Napsal(a)":"Radek Kone\u010dn\u00fd","Odhadovan\u00e1 doba \u010dten\u00ed":"4 minuty"},"schema":{"@context":"https:\/\/schema.org","@graph":[{"@type":"Article","@id":"https:\/\/www.karaoketexty.cz\/magazin\/david-bowie-v-ceskem-studiu-vzpominky-na-ktere-technici-ze-sono-nikdy-nezapomneli\/#article","isPartOf":{"@id":"https:\/\/www.karaoketexty.cz\/magazin\/david-bowie-v-ceskem-studiu-vzpominky-na-ktere-technici-ze-sono-nikdy-nezapomneli\/"},"author":{"name":"Radek Kone\u010dn\u00fd","@id":"https:\/\/www.karaoketexty.cz\/magazin\/#\/schema\/person\/524da5b0fbeed4c3aab8132fdf00f2f6"},"headline":"David Bowie v \u010desk\u00e9m studiu: Vzpom\u00ednky, na kter\u00e9 technici ze Sono nikdy nezapomn\u011bli","datePublished":"2026-09-04T05:32:00+00:00","mainEntityOfPage":{"@id":"https:\/\/www.karaoketexty.cz\/magazin\/david-bowie-v-ceskem-studiu-vzpominky-na-ktere-technici-ze-sono-nikdy-nezapomneli\/"},"wordCount":928,"commentCount":0,"image":{"@id":"https:\/\/www.karaoketexty.cz\/magazin\/david-bowie-v-ceskem-studiu-vzpominky-na-ktere-technici-ze-sono-nikdy-nezapomneli\/#primaryimage"},"thumbnailUrl":"https:\/\/www.karaoketexty.cz\/magazin\/wp-content\/uploads\/2026\/01\/david-bowie.jpg","keywords":["1990s","Czech music","David Bowie","Earthling","Franta H\u00f6nig","Karl\u00edk","Milan Cimfe","Outside","Richard Dvo\u0159\u00e1k","Sono","studio recording","Zachary Alford"],"articleSection":["Celebrity"],"inLanguage":"cs","potentialAction":[{"@type":"CommentAction","name":"Comment","target":["https:\/\/www.karaoketexty.cz\/magazin\/david-bowie-v-ceskem-studiu-vzpominky-na-ktere-technici-ze-sono-nikdy-nezapomneli\/#respond"]}]},{"@type":"WebPage","@id":"https:\/\/www.karaoketexty.cz\/magazin\/david-bowie-v-ceskem-studiu-vzpominky-na-ktere-technici-ze-sono-nikdy-nezapomneli\/","url":"https:\/\/www.karaoketexty.cz\/magazin\/david-bowie-v-ceskem-studiu-vzpominky-na-ktere-technici-ze-sono-nikdy-nezapomneli\/","name":"David Bowie a jeho nat\u00e1\u010den\u00ed v \u010desk\u00e9m studiu Sono","isPartOf":{"@id":"https:\/\/www.karaoketexty.cz\/magazin\/#website"},"primaryImageOfPage":{"@id":"https:\/\/www.karaoketexty.cz\/magazin\/david-bowie-v-ceskem-studiu-vzpominky-na-ktere-technici-ze-sono-nikdy-nezapomneli\/#primaryimage"},"image":{"@id":"https:\/\/www.karaoketexty.cz\/magazin\/david-bowie-v-ceskem-studiu-vzpominky-na-ktere-technici-ze-sono-nikdy-nezapomneli\/#primaryimage"},"thumbnailUrl":"https:\/\/www.karaoketexty.cz\/magazin\/wp-content\/uploads\/2026\/01\/david-bowie.jpg","datePublished":"2026-09-04T05:32:00+00:00","author":{"@id":"https:\/\/www.karaoketexty.cz\/magazin\/#\/schema\/person\/524da5b0fbeed4c3aab8132fdf00f2f6"},"description":"Studio Sono u Prahy hostilo Davida Bowieho v roce 1996. Vzpom\u00ednky zakladatel\u016f odhaluj\u00ed z\u00e1kulis\u00ed, kter\u00e9 se jen tak nevid\u00ed.","breadcrumb":{"@id":"https:\/\/www.karaoketexty.cz\/magazin\/david-bowie-v-ceskem-studiu-vzpominky-na-ktere-technici-ze-sono-nikdy-nezapomneli\/#breadcrumb"},"inLanguage":"cs","potentialAction":[{"@type":"ReadAction","target":["https:\/\/www.karaoketexty.cz\/magazin\/david-bowie-v-ceskem-studiu-vzpominky-na-ktere-technici-ze-sono-nikdy-nezapomneli\/"]}]},{"@type":"ImageObject","inLanguage":"cs","@id":"https:\/\/www.karaoketexty.cz\/magazin\/david-bowie-v-ceskem-studiu-vzpominky-na-ktere-technici-ze-sono-nikdy-nezapomneli\/#primaryimage","url":"https:\/\/www.karaoketexty.cz\/magazin\/wp-content\/uploads\/2026\/01\/david-bowie.jpg","contentUrl":"https:\/\/www.karaoketexty.cz\/magazin\/wp-content\/uploads\/2026\/01\/david-bowie.jpg","width":1200,"height":800,"caption":"Foto: Javier Perez Montes, CC BY-SA 4.0 , via Wikimedia Commons"},{"@type":"BreadcrumbList","@id":"https:\/\/www.karaoketexty.cz\/magazin\/david-bowie-v-ceskem-studiu-vzpominky-na-ktere-technici-ze-sono-nikdy-nezapomneli\/#breadcrumb","itemListElement":[{"@type":"ListItem","position":1,"name":"Dom\u016f","item":"https:\/\/www.karaoketexty.cz\/magazin\/"},{"@type":"ListItem","position":2,"name":"David Bowie v \u010desk\u00e9m studiu: Vzpom\u00ednky, na kter\u00e9 technici ze Sono nikdy nezapomn\u011bli"}]},{"@type":"WebSite","@id":"https:\/\/www.karaoketexty.cz\/magazin\/#website","url":"https:\/\/www.karaoketexty.cz\/magazin\/","name":"Stars Magaz\u00edn Karaoketexty.cz","description":"Stars Magaz\u00edn na Karaoketexty.cz je zam\u011b\u0159en\u00fd na novinky ze sv\u011bta hudby a celebrit. Obsahuje \u010dl\u00e1nky o zp\u011bv\u00e1c\u00edch, kapel\u00e1ch, nov\u00fdch albech, hudebn\u00edch trendech a dal\u0161\u00edch zaj\u00edmavostech z hudebn\u00edho pr\u016fmyslu.","potentialAction":[{"@type":"SearchAction","target":{"@type":"EntryPoint","urlTemplate":"https:\/\/www.karaoketexty.cz\/magazin\/?s={search_term_string}"},"query-input":{"@type":"PropertyValueSpecification","valueRequired":true,"valueName":"search_term_string"}}],"inLanguage":"cs"},{"@type":"Person","@id":"https:\/\/www.karaoketexty.cz\/magazin\/#\/schema\/person\/524da5b0fbeed4c3aab8132fdf00f2f6","name":"Radek Kone\u010dn\u00fd","image":{"@type":"ImageObject","inLanguage":"cs","@id":"https:\/\/secure.gravatar.com\/avatar\/8dc523befeed7910402c763ae678e41e9d925d26441865f21c954ecb6f4e1b17?s=96&d=mm&r=g","url":"https:\/\/secure.gravatar.com\/avatar\/8dc523befeed7910402c763ae678e41e9d925d26441865f21c954ecb6f4e1b17?s=96&d=mm&r=g","contentUrl":"https:\/\/secure.gravatar.com\/avatar\/8dc523befeed7910402c763ae678e41e9d925d26441865f21c954ecb6f4e1b17?s=96&d=mm&r=g","caption":"Radek Kone\u010dn\u00fd"},"url":"https:\/\/www.karaoketexty.cz\/magazin\/author\/radekkonecny\/"}]}},"_links":{"self":[{"href":"https:\/\/www.karaoketexty.cz\/magazin\/wp-json\/wp\/v2\/posts\/18314","targetHints":{"allow":["GET"]}}],"collection":[{"href":"https:\/\/www.karaoketexty.cz\/magazin\/wp-json\/wp\/v2\/posts"}],"about":[{"href":"https:\/\/www.karaoketexty.cz\/magazin\/wp-json\/wp\/v2\/types\/post"}],"author":[{"embeddable":true,"href":"https:\/\/www.karaoketexty.cz\/magazin\/wp-json\/wp\/v2\/users\/9"}],"replies":[{"embeddable":true,"href":"https:\/\/www.karaoketexty.cz\/magazin\/wp-json\/wp\/v2\/comments?post=18314"}],"version-history":[{"count":8,"href":"https:\/\/www.karaoketexty.cz\/magazin\/wp-json\/wp\/v2\/posts\/18314\/revisions"}],"predecessor-version":[{"id":19076,"href":"https:\/\/www.karaoketexty.cz\/magazin\/wp-json\/wp\/v2\/posts\/18314\/revisions\/19076"}],"wp:featuredmedia":[{"embeddable":true,"href":"https:\/\/www.karaoketexty.cz\/magazin\/wp-json\/wp\/v2\/media\/6881"}],"wp:attachment":[{"href":"https:\/\/www.karaoketexty.cz\/magazin\/wp-json\/wp\/v2\/media?parent=18314"}],"wp:term":[{"taxonomy":"category","embeddable":true,"href":"https:\/\/www.karaoketexty.cz\/magazin\/wp-json\/wp\/v2\/categories?post=18314"},{"taxonomy":"post_tag","embeddable":true,"href":"https:\/\/www.karaoketexty.cz\/magazin\/wp-json\/wp\/v2\/tags?post=18314"}],"curies":[{"name":"wp","href":"https:\/\/api.w.org\/{rel}","templated":true}]}}