{"id":18220,"date":"2026-09-02T11:36:00","date_gmt":"2026-09-02T09:36:00","guid":{"rendered":"https:\/\/www.karaoketexty.cz\/magazin\/?p=18220"},"modified":"2026-09-01T13:48:25","modified_gmt":"2026-09-01T11:48:25","slug":"tri-umelci-kteri-v-roce-1995-posunuli-hranice-svetove-hudby-alanis-morissette-bjork-a-david-bowie","status":"publish","type":"post","link":"https:\/\/www.karaoketexty.cz\/magazin\/tri-umelci-kteri-v-roce-1995-posunuli-hranice-svetove-hudby-alanis-morissette-bjork-a-david-bowie\/","title":{"rendered":"T\u0159i um\u011blci, kte\u0159\u00ed v roce 1995 posunuli hranice sv\u011btov\u00e9 hudby: Alanis Morissette, Bj\u00f6rk a David Bowie"},"content":{"rendered":"\n<p class=\"wp-block-paragraph\"><strong>Rok 1995 byl v kultu\u0159e mimo\u0159\u00e1dn\u011b plodn\u00fd. Objevila se alba osobnost\u00ed, jejich\u017e vliv p\u0159etrv\u00e1v\u00e1 dodnes, a my p\u0159in\u00e1\u0161\u00edme t\u0159i jm\u00e9na, kter\u00e1 stoj\u00ed za p\u0159ipomenut\u00ed.<\/strong><\/p>\n\n\n\n<p class=\"wp-block-paragraph\">Vybrali jsme um\u011blce, pro kter\u00e9 rok 1995 neznamenal jen dal\u0161\u00ed \u0159\u00e1dek v diskografii. Pro n\u011b to byl okam\u017eik, kdy se n\u011bco v jejich kari\u00e9\u0159e opravdu zlomilo, v dobr\u00e9m slova smyslu. Kdy\u017e jsme se v redakci Karaoketexty.cz k t\u00e9to sez\u00f3n\u011b vraceli a prob\u00edrali star\u0161\u00ed alba, singly i dobov\u00e9 ohlasy, tato trojice n\u00e1m z toho po\u0159\u00e1d vyskakovala.<\/p>\n\n\n<!-- karaoketexty.cz \/ rectangle2 -->\n<div id=\"PX_37086_709110796310826\"><\/div>\n<script>\n   if(!useMobileAds && !boolUseSeznamAds && !hideAllAds){\n     window.px2 = window.px2 || { conf: {},queue: [] };\n     px2.queue.push(function () {\n        px2.render({\n           slot: {\n              id: 37086\n           },\n            elem: \"PX_37086_709110796310826\"\n        })\n     });\n  }\n<\/script>\n\n<!-- karaoketexty.cz \/ mobile-rectangle3 -->\n<div id=\"PX_37044_714599773297004\"><\/div>\n<script>\n   if(useMobileAds && !boolUseSeznamAds && !hideAllAds){\nwindow.px2 = window.px2 || { conf: {},queue: [] };\npx2.queue.push(function () {\n\tpx2.render({\n\t\tslot: {\n\t\t\tid: 37044\n\t\t},\n\t\telem: \"PX_37044_714599773297004\"\n\t})\n});\n}\n<\/script>\n\n\n<h2 class=\"wp-block-heading\">Alanis Morissette: na\u0161tv\u00e1n\u00ed, kter\u00e9 za\u010dalo zp\u00edvat cel\u00e9 publikum<\/h2>\n\n\n\n<p class=\"wp-block-paragraph\">Album <strong>Jagged Little Pill<\/strong> vy\u0161lo v \u010dervnu 1995 a na tehdej\u0161\u00ed popovou sc\u00e9nu po\u0159\u00e1dn\u011b zap\u016fsobilo. Kanadsk\u00e1 zp\u011bva\u010dka Alanis Morissette p\u0159inesla do hlavn\u00edho proudu hlas, kter\u00fd nebyl uhlazen\u00fd ani vst\u0159\u00edcn\u00fd za ka\u017edou cenu. Zn\u011bl podr\u00e1\u017ed\u011bn\u011b, zran\u011bn\u011b, ob\u010das vzdorovit\u011b. Tak otev\u0159en\u00e1 \u017eensk\u00e1 zku\u0161enost se v popu po\u0159\u00e1d neobjevovala \u00fapln\u011b b\u011b\u017en\u011b, nato\u017e v tak masov\u00e9m m\u011b\u0159\u00edtku. Desky se nakonec prodalo p\u0159es 33 milion\u016f kus\u016f po cel\u00e9m sv\u011bt\u011b a pat\u0159\u00ed mezi nejprod\u00e1van\u011bj\u0161\u00ed alba devades\u00e1t\u00fdch let.<\/p>\n\n\n\n<p class=\"wp-block-paragraph\">Morissette p\u0159itom nep\u0159i\u0161la odnikud. V Kanad\u011b u\u017e m\u011bla za sebou dv\u011b popov\u00e9 nahr\u00e1vky, jen\u017ee mimo dom\u00e1c\u00ed sc\u00e9nu o nich v\u011bd\u011bl sp\u00ed\u0161 \u00fazk\u00fd okruh lid\u00ed. <em>Jagged Little Pill<\/em>, to bylo n\u011bco docela jin\u00e9ho. Producent Glen Ballard s n\u00ed podle v\u0161eho pracoval rychle, bez velk\u00e9ho \u201eu\u010des\u00e1v\u00e1n\u00ed\u201c, jako kdyby bylo d\u016fle\u017eit\u011bj\u0161\u00ed neztratit ony prvn\u00ed a autentick\u00e9 emoce ne\u017e vyrobit uhlazenou desku. Ta syrovost tam z\u016fstala. Ani po t\u0159iceti letech album nevn\u00edm\u00e1me jen jako dobovou uk\u00e1zku devades\u00e1tek, ta nerv\u00f3zn\u00ed v\u00fdpov\u011b\u010f by nep\u016fsobila nepat\u0159i\u010dn\u011b ani dnes.<\/p>\n\n\n<!-- karaoketexty.cz \/ interscroller1 -->\n\n<div id=\"PX_37041_825057871452834\"><\/div>\n<script>\nif(useMobileAds && !boolUseSeznamAds && !hideAllAds){\n\twindow.px2 = window.px2 || { conf: {},queue: [] };\n\tpx2.queue.push(function () {\n\t\tpx2.render({\n\t\t\tslot: {\n\t\t\t\tid: 37041\n\t\t\t},\n\t\t\telem: \"PX_37041_825057871452834\"\n\t\t})\n\t});\n}\n<\/script>\n\n\n<h2 class=\"wp-block-heading\">Bj\u00f6rk: Post a pop, kter\u00fd odm\u00edtl st\u00e1t na m\u00edst\u011b<\/h2>\n\n\n\n<p class=\"wp-block-paragraph\">Islandsk\u00e1 zp\u011bva\u010dka <strong>Bj\u00f6rk<\/strong> vydala ve stejn\u00e9m roce album <strong>Post<\/strong>. Zat\u00edmco Alanis Morissette prom\u011bnila n\u00e1ladu alternativn\u00edho popu zevnit\u0159, Bj\u00f6rk jako by \u0161la \u00fapln\u011b jin\u00fdm sm\u011brem a pravidla si dopisovala a\u017e za pochodu. <em>Post<\/em> spojoval elektroniku, orchestr\u00e1ln\u00ed vrstvy i zp\u011bv, kter\u00fd se neve\u0161el do b\u011b\u017en\u00fdch \u0161katulek. Singl <em>Army of Me<\/em> se rychle stal jednou z jej\u00edch nejv\u00fdrazn\u011bj\u0161\u00edch skladeb. A klip? Ten dodnes vypad\u00e1 trochu jako v\u011bc, kter\u00e1 omylem propadla do televizn\u00edho vys\u00edl\u00e1n\u00ed z jin\u00e9ho sv\u011bta.<\/p>\n\n\n\n<p class=\"wp-block-paragraph\">Bj\u00f6rk samoz\u0159ejm\u011b v roce 1995 neza\u010d\u00ednala jako nepopsan\u00fd list. M\u011bla za sebou s\u00f3lov\u00fd <em>Debut<\/em> z roku 1993 a p\u0159edt\u00edm roky s islandskou skupinou The Sugarcubes. Jen\u017ee <em>Post<\/em> byl ost\u0159ej\u0161\u00ed krok stranou. Odv\u00e1\u017en\u011bj\u0161\u00ed, tvrdohlav\u011bj\u0161\u00ed, m\u00edsty a\u017e neochotn\u00fd n\u011bco vysv\u011btlovat. Kompromis\u016fm se tato nahr\u00e1vka moc nepodb\u00edzela. Bj\u00f6rk si d\u00edky n\u00ed upevnila pov\u011bst autorky, kter\u00e1 neposouv\u00e1 jen vlastn\u00ed kari\u00e9ru, ale i hranici toho, co se je\u0161t\u011b d\u00e1 bez rozpak\u016f nazvat popem.<\/p>\n\n\n\n<iframe title=\"bj\u00f6rk : army of me (HD)\" width=\"500\" height=\"281\" src=\"https:\/\/www.youtube.com\/embed\/jPeheoBa2_Y?feature=oembed\" frameborder=\"0\" allow=\"accelerometer; autoplay; clipboard-write; encrypted-media; gyroscope; picture-in-picture; web-share\" referrerpolicy=\"strict-origin-when-cross-origin\" allowfullscreen><\/iframe>\n\n\n\n<h2 class=\"wp-block-heading\">David Bowie: rockov\u00e1 legenda, kter\u00e1 znovu zm\u011bnila sm\u011br<\/h2>\n\n\n\n<p class=\"wp-block-paragraph\">V roce 1995 m\u011bl <strong>David Bowie<\/strong> za sebou u\u017e v\u00edce ne\u017e t\u0159i desetilet\u00ed hudebn\u00ed kari\u00e9ry, z tohoto \u00fahlu pohledu o p\u0159evratnou novinku ne\u0161lo, ale p\u0159esto se nespokojil s n\u00e1vratem k osv\u011bd\u010den\u00e9mu zvuku. V z\u00e1\u0159\u00ed vydal sv\u00e9 dvac\u00e1t\u00e9 studiov\u00e9 album <strong>1. Outside<\/strong>, temnou a experiment\u00e1ln\u00ed nahr\u00e1vku, na kter\u00e9 se rock potk\u00e1val s elektronikou a industri\u00e1ln\u00edmi vlivy. Znovu na n\u00ed spolupracoval s Brianem Enem, s n\u00edm\u017e byl spojen\u00fd u\u017e od sv\u00e9ho berl\u00ednsk\u00e9ho obdob\u00ed v sedmdes\u00e1t\u00fdch letech. Bowie kolem alba vystav\u011bl p\u0159\u00edb\u011bh z bl\u00edzk\u00e9 budoucnosti, jeho\u017e \u00fast\u0159edn\u00ed postavou byl detektiv Nathan Adler a v n\u011bm\u017e se propl\u00e9taly motivy um\u011bn\u00ed, vra\u017edy a technologie.<\/p>\n\n\n\n<p class=\"wp-block-paragraph\">V dob\u011b vyd\u00e1n\u00ed alba bylo Bowiemu <strong>48 let<\/strong>, ale m\u00edsto ohl\u00ed\u017een\u00ed za vlastn\u00ed minulost\u00ed se p\u0159ibli\u017eoval tehdej\u0161\u00ed alternativn\u00ed a industri\u00e1ln\u00ed sc\u00e9n\u011b. Dob\u0159e to uk\u00e1zalo i americk\u00e9 turn\u00e9, na kter\u00e9 v roce 1995 vyrazil spole\u010dn\u011b s <strong>Nine Inch Nails<\/strong>. Skladby jako <em>The Hearts Filthy Lesson<\/em>, <em>Hallo Spaceboy<\/em> nebo <em>I&#8217;m Deranged<\/em> p\u0159edstavily Bowieho v podstatn\u011b temn\u011bj\u0161\u00ed a experiment\u00e1ln\u011bj\u0161\u00ed poloze. <em>1. Outside<\/em> se dostalo na osm\u00e9 m\u00edsto britsk\u00e9ho albov\u00e9ho \u017eeb\u0159\u00ed\u010dku a Bowie j\u00edm znovu uk\u00e1zal, \u017ee ani po desetilet\u00edch kari\u00e9ry nehodl\u00e1 z\u016fstat u jednoho hudebn\u00edho sm\u011bru.<\/p>\n\n\n\n<p class=\"wp-block-paragraph\">Zdroje: Autorsk\u00fd text, <a href=\"https:\/\/cs.wikipedia.org\/wiki\/1995\" target=\"_blank\" rel=\"nofollow\">Wikipedie<\/a>, <a href=\"https:\/\/pitchfork.com\/reviews\/albums\/bjork-post\/\" data-type=\"link\" data-id=\"https:\/\/pitchfork.com\/reviews\/albums\/bjork-post\/\" target=\"_blank\" rel=\"noreferrer noopener nofollow\">Pitchfork<\/a>, <a href=\"https:\/\/www.rollingstone.com\/music\/music-album-reviews\/jagged-little-pill-105916\/\" target=\"_blank\" rel=\"nofollow\">Rolling Stone<\/a>, <a href=\"https:\/\/en.wikipedia.org\/wiki\/Outside_(David_Bowie_album)\" target=\"_blank\" rel=\"noreferrer noopener nofollow\">Wikipedie<\/a><\/p>\n\n\n\n<p class=\"wp-block-paragraph\"><\/p>\n\n\n            <a href=\"https:\/\/www.karaoketexty.cz\/magazin\/rijen-2026-bude-patrit-beatles-kapela-oznamila-specialni-studiove-album-s-dosud-nevydanymi-hity\/\" class=\"related-post-link\">\n                <div class=\"post-thumbnail\">\n                    <img decoding=\"async\" width=\"250\" height=\"167\" src=\"https:\/\/www.karaoketexty.cz\/magazin\/wp-content\/uploads\/2026\/08\/the-beatles-v-roce-1963.png\" class=\"attachment-250x180 size-250x180 has-transparency\" alt=\"kapela The Beatles\" srcset=\"https:\/\/www.karaoketexty.cz\/magazin\/wp-content\/uploads\/2026\/08\/the-beatles-v-roce-1963.png 1200w, https:\/\/www.karaoketexty.cz\/magazin\/wp-content\/uploads\/2026\/08\/the-beatles-v-roce-1963-300x200.png 300w, https:\/\/www.karaoketexty.cz\/magazin\/wp-content\/uploads\/2026\/08\/the-beatles-v-roce-1963-1024x683.png 1024w, https:\/\/www.karaoketexty.cz\/magazin\/wp-content\/uploads\/2026\/08\/the-beatles-v-roce-1963-768x512.png 768w, https:\/\/www.karaoketexty.cz\/magazin\/wp-content\/uploads\/2026\/08\/the-beatles-v-roce-1963-800x533.png 800w\" sizes=\"(max-width: 250px) 100vw, 250px\" data-has-transparency=\"true\" data-dominant-color=\"8f8f8f\" style=\"--dominant-color: #8f8f8f;\" \/>                <\/div>\n                <div class=\"post-details\">\n                    <span class=\"also-read\">\u010ct\u011bte tak\u00e9:<\/span>\n                    <h3 class=\"hed\">\u0158\u00edjen 2026 bude pat\u0159it Beatles: Kapela ozn\u00e1mila speci\u00e1ln\u00ed studiov\u00e9 album s dosud nevydan\u00fdmi hity<\/h3>\n                <\/div>\n            <\/a>\n            \n\n            <a href=\"https:\/\/www.karaoketexty.cz\/magazin\/ctyricet-let-na-scene-a-kola-se-krouti-dal-hurikan-dalibora-jandy-je-album-ktere-vubec-nezestarlo\/\" class=\"related-post-link\">\n                <div class=\"post-thumbnail\">\n                    <img decoding=\"async\" width=\"250\" height=\"168\" src=\"https:\/\/www.karaoketexty.cz\/magazin\/wp-content\/uploads\/2026\/07\/dalibor-janda.jpg\" class=\"attachment-250x180 size-250x180 not-transparent\" alt=\"Dalibor Janda\" srcset=\"https:\/\/www.karaoketexty.cz\/magazin\/wp-content\/uploads\/2026\/07\/dalibor-janda.jpg 1200w, https:\/\/www.karaoketexty.cz\/magazin\/wp-content\/uploads\/2026\/07\/dalibor-janda-300x202.jpg 300w, https:\/\/www.karaoketexty.cz\/magazin\/wp-content\/uploads\/2026\/07\/dalibor-janda-1024x689.jpg 1024w, https:\/\/www.karaoketexty.cz\/magazin\/wp-content\/uploads\/2026\/07\/dalibor-janda-768x517.jpg 768w, https:\/\/www.karaoketexty.cz\/magazin\/wp-content\/uploads\/2026\/07\/dalibor-janda-800x533.jpg 800w\" sizes=\"(max-width: 250px) 100vw, 250px\" data-has-transparency=\"false\" data-dominant-color=\"605043\" style=\"--dominant-color: #605043;\" \/>                <\/div>\n                <div class=\"post-details\">\n                    <span class=\"also-read\">\u010ct\u011bte tak\u00e9:<\/span>\n                    <h3 class=\"hed\">\u010cty\u0159icet let na sc\u00e9n\u011b a \u201ekola se krout\u00ed d\u00e1l\u201c: \u201eHurik\u00e1n\u201c Dalibora Jandy je album, kter\u00e9 v\u016fbec nezest\u00e1rlo<\/h3>\n                <\/div>\n            <\/a>\n            ","protected":false},"excerpt":{"rendered":"<p>Rok 1995 byl v kultu\u0159e mimo\u0159\u00e1dn\u011b plodn\u00fd. Na sc\u00e9nu vstoupily osobnosti, jejich\u017e vliv p\u0159etrv\u00e1v\u00e1 dodnes, a my p\u0159in\u00e1\u0161\u00edme t\u0159i jm\u00e9na, kter\u00e1 stoj\u00ed za p\u0159ipomenut\u00ed.<\/p>\n","protected":false},"author":10,"featured_media":18225,"comment_status":"open","ping_status":"closed","sticky":false,"template":"","format":"standard","meta":{"footnotes":""},"categories":[9],"tags":[11343,2461,11199,3764,3574,1115,11341,4813,406,11342,408],"class_list":["post-18220","post","type-post","status-publish","format-standard","has-post-thumbnail","hentry","category-zajimavosti","tag-1-outside","tag-2461","tag-alanis-morissette","tag-alternativni-hudba","tag-bjork","tag-david-bowie","tag-jagged-little-pill","tag-nine-inch-nails","tag-pop","tag-post","tag-rock"],"yoast_head":"<!-- This site is optimized with the Yoast SEO plugin v28.3 - https:\/\/yoast.com\/product\/yoast-seo-wordpress\/ -->\n<title>Sv\u011btov\u00ed um\u011blci roku 1995, kte\u0159\u00ed se prosadili ve sv\u00e9m oboru<\/title>\n<meta name=\"description\" content=\"Rok 1995 p\u0159inesl hudebn\u00edmu sv\u011btu momenty, kter\u00e9 se zapsaly do historie. Kte\u0159\u00ed interpreti se o n\u011b zaslou\u017eili a pro\u010d na n\u011b nezapom\u00edn\u00e1me?\" \/>\n<meta name=\"robots\" content=\"index, follow, max-snippet:-1, max-image-preview:large, max-video-preview:-1\" \/>\n<link rel=\"canonical\" href=\"https:\/\/www.karaoketexty.cz\/magazin\/tri-umelci-kteri-v-roce-1995-posunuli-hranice-svetove-hudby-alanis-morissette-bjork-a-david-bowie\/\" \/>\n<meta property=\"og:locale\" content=\"cs_CZ\" \/>\n<meta property=\"og:type\" content=\"article\" \/>\n<meta property=\"og:title\" content=\"Sv\u011btov\u00ed um\u011blci roku 1995, kte\u0159\u00ed se prosadili ve sv\u00e9m oboru\" \/>\n<meta property=\"og:description\" content=\"Rok 1995 p\u0159inesl hudebn\u00edmu sv\u011btu momenty, kter\u00e9 se zapsaly do historie. Kte\u0159\u00ed interpreti se o n\u011b zaslou\u017eili a pro\u010d na n\u011b nezapom\u00edn\u00e1me?\" \/>\n<meta property=\"og:url\" content=\"https:\/\/www.karaoketexty.cz\/magazin\/tri-umelci-kteri-v-roce-1995-posunuli-hranice-svetove-hudby-alanis-morissette-bjork-a-david-bowie\/\" \/>\n<meta property=\"og:site_name\" content=\"Stars Magaz\u00edn Karaoketexty.cz\" \/>\n<meta property=\"article:published_time\" content=\"2026-09-02T09:36:00+00:00\" \/>\n<meta property=\"og:image\" content=\"https:\/\/www.karaoketexty.cz\/magazin\/wp-content\/uploads\/2026\/08\/Alanis-Morissette-cerven-2008.jpg\" \/>\n\t<meta property=\"og:image:width\" content=\"1200\" \/>\n\t<meta property=\"og:image:height\" content=\"800\" \/>\n\t<meta property=\"og:image:type\" content=\"image\/jpeg\" \/>\n<meta name=\"author\" content=\"Leona Vrbov\u00e1\" \/>\n<meta name=\"twitter:card\" content=\"summary_large_image\" \/>\n<meta name=\"twitter:label1\" content=\"Napsal(a)\" \/>\n\t<meta name=\"twitter:data1\" content=\"Leona Vrbov\u00e1\" \/>\n\t<meta name=\"twitter:label2\" content=\"Odhadovan\u00e1 doba \u010dten\u00ed\" \/>\n\t<meta name=\"twitter:data2\" content=\"4 minuty\" \/>\n<script type=\"application\/ld+json\" class=\"yoast-schema-graph\">{\"@context\":\"https:\\\/\\\/schema.org\",\"@graph\":[{\"@type\":\"Article\",\"@id\":\"https:\\\/\\\/www.karaoketexty.cz\\\/magazin\\\/tri-umelci-kteri-v-roce-1995-posunuli-hranice-svetove-hudby-alanis-morissette-bjork-a-david-bowie\\\/#article\",\"isPartOf\":{\"@id\":\"https:\\\/\\\/www.karaoketexty.cz\\\/magazin\\\/tri-umelci-kteri-v-roce-1995-posunuli-hranice-svetove-hudby-alanis-morissette-bjork-a-david-bowie\\\/\"},\"author\":{\"name\":\"Leona Vrbov\u00e1\",\"@id\":\"https:\\\/\\\/www.karaoketexty.cz\\\/magazin\\\/#\\\/schema\\\/person\\\/84dad6122ee763e6464c206384b282e7\"},\"headline\":\"T\u0159i um\u011blci, kte\u0159\u00ed v roce 1995 posunuli hranice sv\u011btov\u00e9 hudby: Alanis Morissette, Bj\u00f6rk a David Bowie\",\"datePublished\":\"2026-09-02T09:36:00+00:00\",\"mainEntityOfPage\":{\"@id\":\"https:\\\/\\\/www.karaoketexty.cz\\\/magazin\\\/tri-umelci-kteri-v-roce-1995-posunuli-hranice-svetove-hudby-alanis-morissette-bjork-a-david-bowie\\\/\"},\"wordCount\":799,\"commentCount\":0,\"image\":{\"@id\":\"https:\\\/\\\/www.karaoketexty.cz\\\/magazin\\\/tri-umelci-kteri-v-roce-1995-posunuli-hranice-svetove-hudby-alanis-morissette-bjork-a-david-bowie\\\/#primaryimage\"},\"thumbnailUrl\":\"https:\\\/\\\/www.karaoketexty.cz\\\/magazin\\\/wp-content\\\/uploads\\\/2026\\\/08\\\/Alanis-Morissette-cerven-2008.jpg\",\"keywords\":[\"1. Outside\",\"1995\",\"Alanis Morissette\",\"alternativn\u00ed hudba\",\"Bj\u00f6rk\",\"David Bowie\",\"Jagged Little Pill\",\"Nine Inch Nails\",\"pop\",\"Post\",\"rock\"],\"articleSection\":[\"Zaj\u00edmavosti\"],\"inLanguage\":\"cs\",\"potentialAction\":[{\"@type\":\"CommentAction\",\"name\":\"Comment\",\"target\":[\"https:\\\/\\\/www.karaoketexty.cz\\\/magazin\\\/tri-umelci-kteri-v-roce-1995-posunuli-hranice-svetove-hudby-alanis-morissette-bjork-a-david-bowie\\\/#respond\"]}]},{\"@type\":\"WebPage\",\"@id\":\"https:\\\/\\\/www.karaoketexty.cz\\\/magazin\\\/tri-umelci-kteri-v-roce-1995-posunuli-hranice-svetove-hudby-alanis-morissette-bjork-a-david-bowie\\\/\",\"url\":\"https:\\\/\\\/www.karaoketexty.cz\\\/magazin\\\/tri-umelci-kteri-v-roce-1995-posunuli-hranice-svetove-hudby-alanis-morissette-bjork-a-david-bowie\\\/\",\"name\":\"Sv\u011btov\u00ed um\u011blci roku 1995, kte\u0159\u00ed se prosadili ve sv\u00e9m oboru\",\"isPartOf\":{\"@id\":\"https:\\\/\\\/www.karaoketexty.cz\\\/magazin\\\/#website\"},\"primaryImageOfPage\":{\"@id\":\"https:\\\/\\\/www.karaoketexty.cz\\\/magazin\\\/tri-umelci-kteri-v-roce-1995-posunuli-hranice-svetove-hudby-alanis-morissette-bjork-a-david-bowie\\\/#primaryimage\"},\"image\":{\"@id\":\"https:\\\/\\\/www.karaoketexty.cz\\\/magazin\\\/tri-umelci-kteri-v-roce-1995-posunuli-hranice-svetove-hudby-alanis-morissette-bjork-a-david-bowie\\\/#primaryimage\"},\"thumbnailUrl\":\"https:\\\/\\\/www.karaoketexty.cz\\\/magazin\\\/wp-content\\\/uploads\\\/2026\\\/08\\\/Alanis-Morissette-cerven-2008.jpg\",\"datePublished\":\"2026-09-02T09:36:00+00:00\",\"author\":{\"@id\":\"https:\\\/\\\/www.karaoketexty.cz\\\/magazin\\\/#\\\/schema\\\/person\\\/84dad6122ee763e6464c206384b282e7\"},\"description\":\"Rok 1995 p\u0159inesl hudebn\u00edmu sv\u011btu momenty, kter\u00e9 se zapsaly do historie. Kte\u0159\u00ed interpreti se o n\u011b zaslou\u017eili a pro\u010d na n\u011b nezapom\u00edn\u00e1me?\",\"breadcrumb\":{\"@id\":\"https:\\\/\\\/www.karaoketexty.cz\\\/magazin\\\/tri-umelci-kteri-v-roce-1995-posunuli-hranice-svetove-hudby-alanis-morissette-bjork-a-david-bowie\\\/#breadcrumb\"},\"inLanguage\":\"cs\",\"potentialAction\":[{\"@type\":\"ReadAction\",\"target\":[\"https:\\\/\\\/www.karaoketexty.cz\\\/magazin\\\/tri-umelci-kteri-v-roce-1995-posunuli-hranice-svetove-hudby-alanis-morissette-bjork-a-david-bowie\\\/\"]}]},{\"@type\":\"ImageObject\",\"inLanguage\":\"cs\",\"@id\":\"https:\\\/\\\/www.karaoketexty.cz\\\/magazin\\\/tri-umelci-kteri-v-roce-1995-posunuli-hranice-svetove-hudby-alanis-morissette-bjork-a-david-bowie\\\/#primaryimage\",\"url\":\"https:\\\/\\\/www.karaoketexty.cz\\\/magazin\\\/wp-content\\\/uploads\\\/2026\\\/08\\\/Alanis-Morissette-cerven-2008.jpg\",\"contentUrl\":\"https:\\\/\\\/www.karaoketexty.cz\\\/magazin\\\/wp-content\\\/uploads\\\/2026\\\/08\\\/Alanis-Morissette-cerven-2008.jpg\",\"width\":1200,\"height\":800,\"caption\":\"Foto: livepict.com \\\/ Creative Commons \\\/ CC BY-SA, Alanis Morissette\"},{\"@type\":\"BreadcrumbList\",\"@id\":\"https:\\\/\\\/www.karaoketexty.cz\\\/magazin\\\/tri-umelci-kteri-v-roce-1995-posunuli-hranice-svetove-hudby-alanis-morissette-bjork-a-david-bowie\\\/#breadcrumb\",\"itemListElement\":[{\"@type\":\"ListItem\",\"position\":1,\"name\":\"Dom\u016f\",\"item\":\"https:\\\/\\\/www.karaoketexty.cz\\\/magazin\\\/\"},{\"@type\":\"ListItem\",\"position\":2,\"name\":\"T\u0159i um\u011blci, kte\u0159\u00ed v roce 1995 posunuli hranice sv\u011btov\u00e9 hudby: Alanis Morissette, Bj\u00f6rk a David Bowie\"}]},{\"@type\":\"WebSite\",\"@id\":\"https:\\\/\\\/www.karaoketexty.cz\\\/magazin\\\/#website\",\"url\":\"https:\\\/\\\/www.karaoketexty.cz\\\/magazin\\\/\",\"name\":\"Stars Magaz\u00edn Karaoketexty.cz\",\"description\":\"Stars Magaz\u00edn na Karaoketexty.cz je zam\u011b\u0159en\u00fd na novinky ze sv\u011bta hudby a celebrit. Obsahuje \u010dl\u00e1nky o zp\u011bv\u00e1c\u00edch, kapel\u00e1ch, nov\u00fdch albech, hudebn\u00edch trendech a dal\u0161\u00edch zaj\u00edmavostech z hudebn\u00edho pr\u016fmyslu.\",\"potentialAction\":[{\"@type\":\"SearchAction\",\"target\":{\"@type\":\"EntryPoint\",\"urlTemplate\":\"https:\\\/\\\/www.karaoketexty.cz\\\/magazin\\\/?s={search_term_string}\"},\"query-input\":{\"@type\":\"PropertyValueSpecification\",\"valueRequired\":true,\"valueName\":\"search_term_string\"}}],\"inLanguage\":\"cs\"},{\"@type\":\"Person\",\"@id\":\"https:\\\/\\\/www.karaoketexty.cz\\\/magazin\\\/#\\\/schema\\\/person\\\/84dad6122ee763e6464c206384b282e7\",\"name\":\"Leona Vrbov\u00e1\",\"image\":{\"@type\":\"ImageObject\",\"inLanguage\":\"cs\",\"@id\":\"https:\\\/\\\/secure.gravatar.com\\\/avatar\\\/de4f96c25853aa2e191995f1cf3246370c43aeea5e5a0696c4313311cb304b4a?s=96&d=mm&r=g\",\"url\":\"https:\\\/\\\/secure.gravatar.com\\\/avatar\\\/de4f96c25853aa2e191995f1cf3246370c43aeea5e5a0696c4313311cb304b4a?s=96&d=mm&r=g\",\"contentUrl\":\"https:\\\/\\\/secure.gravatar.com\\\/avatar\\\/de4f96c25853aa2e191995f1cf3246370c43aeea5e5a0696c4313311cb304b4a?s=96&d=mm&r=g\",\"caption\":\"Leona Vrbov\u00e1\"},\"url\":\"https:\\\/\\\/www.karaoketexty.cz\\\/magazin\\\/author\\\/leonavrbova\\\/\"}]}<\/script>\n<!-- \/ Yoast SEO plugin. -->","yoast_head_json":{"title":"Sv\u011btov\u00ed um\u011blci roku 1995, kte\u0159\u00ed se prosadili ve sv\u00e9m oboru","description":"Rok 1995 p\u0159inesl hudebn\u00edmu sv\u011btu momenty, kter\u00e9 se zapsaly do historie. Kte\u0159\u00ed interpreti se o n\u011b zaslou\u017eili a pro\u010d na n\u011b nezapom\u00edn\u00e1me?","robots":{"index":"index","follow":"follow","max-snippet":"max-snippet:-1","max-image-preview":"max-image-preview:large","max-video-preview":"max-video-preview:-1"},"canonical":"https:\/\/www.karaoketexty.cz\/magazin\/tri-umelci-kteri-v-roce-1995-posunuli-hranice-svetove-hudby-alanis-morissette-bjork-a-david-bowie\/","og_locale":"cs_CZ","og_type":"article","og_title":"Sv\u011btov\u00ed um\u011blci roku 1995, kte\u0159\u00ed se prosadili ve sv\u00e9m oboru","og_description":"Rok 1995 p\u0159inesl hudebn\u00edmu sv\u011btu momenty, kter\u00e9 se zapsaly do historie. Kte\u0159\u00ed interpreti se o n\u011b zaslou\u017eili a pro\u010d na n\u011b nezapom\u00edn\u00e1me?","og_url":"https:\/\/www.karaoketexty.cz\/magazin\/tri-umelci-kteri-v-roce-1995-posunuli-hranice-svetove-hudby-alanis-morissette-bjork-a-david-bowie\/","og_site_name":"Stars Magaz\u00edn Karaoketexty.cz","article_published_time":"2026-09-02T09:36:00+00:00","og_image":[{"width":1200,"height":800,"url":"https:\/\/www.karaoketexty.cz\/magazin\/wp-content\/uploads\/2026\/08\/Alanis-Morissette-cerven-2008.jpg","type":"image\/jpeg"}],"author":"Leona Vrbov\u00e1","twitter_card":"summary_large_image","twitter_misc":{"Napsal(a)":"Leona Vrbov\u00e1","Odhadovan\u00e1 doba \u010dten\u00ed":"4 minuty"},"schema":{"@context":"https:\/\/schema.org","@graph":[{"@type":"Article","@id":"https:\/\/www.karaoketexty.cz\/magazin\/tri-umelci-kteri-v-roce-1995-posunuli-hranice-svetove-hudby-alanis-morissette-bjork-a-david-bowie\/#article","isPartOf":{"@id":"https:\/\/www.karaoketexty.cz\/magazin\/tri-umelci-kteri-v-roce-1995-posunuli-hranice-svetove-hudby-alanis-morissette-bjork-a-david-bowie\/"},"author":{"name":"Leona Vrbov\u00e1","@id":"https:\/\/www.karaoketexty.cz\/magazin\/#\/schema\/person\/84dad6122ee763e6464c206384b282e7"},"headline":"T\u0159i um\u011blci, kte\u0159\u00ed v roce 1995 posunuli hranice sv\u011btov\u00e9 hudby: Alanis Morissette, Bj\u00f6rk a David Bowie","datePublished":"2026-09-02T09:36:00+00:00","mainEntityOfPage":{"@id":"https:\/\/www.karaoketexty.cz\/magazin\/tri-umelci-kteri-v-roce-1995-posunuli-hranice-svetove-hudby-alanis-morissette-bjork-a-david-bowie\/"},"wordCount":799,"commentCount":0,"image":{"@id":"https:\/\/www.karaoketexty.cz\/magazin\/tri-umelci-kteri-v-roce-1995-posunuli-hranice-svetove-hudby-alanis-morissette-bjork-a-david-bowie\/#primaryimage"},"thumbnailUrl":"https:\/\/www.karaoketexty.cz\/magazin\/wp-content\/uploads\/2026\/08\/Alanis-Morissette-cerven-2008.jpg","keywords":["1. Outside","1995","Alanis Morissette","alternativn\u00ed hudba","Bj\u00f6rk","David Bowie","Jagged Little Pill","Nine Inch Nails","pop","Post","rock"],"articleSection":["Zaj\u00edmavosti"],"inLanguage":"cs","potentialAction":[{"@type":"CommentAction","name":"Comment","target":["https:\/\/www.karaoketexty.cz\/magazin\/tri-umelci-kteri-v-roce-1995-posunuli-hranice-svetove-hudby-alanis-morissette-bjork-a-david-bowie\/#respond"]}]},{"@type":"WebPage","@id":"https:\/\/www.karaoketexty.cz\/magazin\/tri-umelci-kteri-v-roce-1995-posunuli-hranice-svetove-hudby-alanis-morissette-bjork-a-david-bowie\/","url":"https:\/\/www.karaoketexty.cz\/magazin\/tri-umelci-kteri-v-roce-1995-posunuli-hranice-svetove-hudby-alanis-morissette-bjork-a-david-bowie\/","name":"Sv\u011btov\u00ed um\u011blci roku 1995, kte\u0159\u00ed se prosadili ve sv\u00e9m oboru","isPartOf":{"@id":"https:\/\/www.karaoketexty.cz\/magazin\/#website"},"primaryImageOfPage":{"@id":"https:\/\/www.karaoketexty.cz\/magazin\/tri-umelci-kteri-v-roce-1995-posunuli-hranice-svetove-hudby-alanis-morissette-bjork-a-david-bowie\/#primaryimage"},"image":{"@id":"https:\/\/www.karaoketexty.cz\/magazin\/tri-umelci-kteri-v-roce-1995-posunuli-hranice-svetove-hudby-alanis-morissette-bjork-a-david-bowie\/#primaryimage"},"thumbnailUrl":"https:\/\/www.karaoketexty.cz\/magazin\/wp-content\/uploads\/2026\/08\/Alanis-Morissette-cerven-2008.jpg","datePublished":"2026-09-02T09:36:00+00:00","author":{"@id":"https:\/\/www.karaoketexty.cz\/magazin\/#\/schema\/person\/84dad6122ee763e6464c206384b282e7"},"description":"Rok 1995 p\u0159inesl hudebn\u00edmu sv\u011btu momenty, kter\u00e9 se zapsaly do historie. Kte\u0159\u00ed interpreti se o n\u011b zaslou\u017eili a pro\u010d na n\u011b nezapom\u00edn\u00e1me?","breadcrumb":{"@id":"https:\/\/www.karaoketexty.cz\/magazin\/tri-umelci-kteri-v-roce-1995-posunuli-hranice-svetove-hudby-alanis-morissette-bjork-a-david-bowie\/#breadcrumb"},"inLanguage":"cs","potentialAction":[{"@type":"ReadAction","target":["https:\/\/www.karaoketexty.cz\/magazin\/tri-umelci-kteri-v-roce-1995-posunuli-hranice-svetove-hudby-alanis-morissette-bjork-a-david-bowie\/"]}]},{"@type":"ImageObject","inLanguage":"cs","@id":"https:\/\/www.karaoketexty.cz\/magazin\/tri-umelci-kteri-v-roce-1995-posunuli-hranice-svetove-hudby-alanis-morissette-bjork-a-david-bowie\/#primaryimage","url":"https:\/\/www.karaoketexty.cz\/magazin\/wp-content\/uploads\/2026\/08\/Alanis-Morissette-cerven-2008.jpg","contentUrl":"https:\/\/www.karaoketexty.cz\/magazin\/wp-content\/uploads\/2026\/08\/Alanis-Morissette-cerven-2008.jpg","width":1200,"height":800,"caption":"Foto: livepict.com \/ Creative Commons \/ CC BY-SA, Alanis Morissette"},{"@type":"BreadcrumbList","@id":"https:\/\/www.karaoketexty.cz\/magazin\/tri-umelci-kteri-v-roce-1995-posunuli-hranice-svetove-hudby-alanis-morissette-bjork-a-david-bowie\/#breadcrumb","itemListElement":[{"@type":"ListItem","position":1,"name":"Dom\u016f","item":"https:\/\/www.karaoketexty.cz\/magazin\/"},{"@type":"ListItem","position":2,"name":"T\u0159i um\u011blci, kte\u0159\u00ed v roce 1995 posunuli hranice sv\u011btov\u00e9 hudby: Alanis Morissette, Bj\u00f6rk a David Bowie"}]},{"@type":"WebSite","@id":"https:\/\/www.karaoketexty.cz\/magazin\/#website","url":"https:\/\/www.karaoketexty.cz\/magazin\/","name":"Stars Magaz\u00edn Karaoketexty.cz","description":"Stars Magaz\u00edn na Karaoketexty.cz je zam\u011b\u0159en\u00fd na novinky ze sv\u011bta hudby a celebrit. Obsahuje \u010dl\u00e1nky o zp\u011bv\u00e1c\u00edch, kapel\u00e1ch, nov\u00fdch albech, hudebn\u00edch trendech a dal\u0161\u00edch zaj\u00edmavostech z hudebn\u00edho pr\u016fmyslu.","potentialAction":[{"@type":"SearchAction","target":{"@type":"EntryPoint","urlTemplate":"https:\/\/www.karaoketexty.cz\/magazin\/?s={search_term_string}"},"query-input":{"@type":"PropertyValueSpecification","valueRequired":true,"valueName":"search_term_string"}}],"inLanguage":"cs"},{"@type":"Person","@id":"https:\/\/www.karaoketexty.cz\/magazin\/#\/schema\/person\/84dad6122ee763e6464c206384b282e7","name":"Leona Vrbov\u00e1","image":{"@type":"ImageObject","inLanguage":"cs","@id":"https:\/\/secure.gravatar.com\/avatar\/de4f96c25853aa2e191995f1cf3246370c43aeea5e5a0696c4313311cb304b4a?s=96&d=mm&r=g","url":"https:\/\/secure.gravatar.com\/avatar\/de4f96c25853aa2e191995f1cf3246370c43aeea5e5a0696c4313311cb304b4a?s=96&d=mm&r=g","contentUrl":"https:\/\/secure.gravatar.com\/avatar\/de4f96c25853aa2e191995f1cf3246370c43aeea5e5a0696c4313311cb304b4a?s=96&d=mm&r=g","caption":"Leona Vrbov\u00e1"},"url":"https:\/\/www.karaoketexty.cz\/magazin\/author\/leonavrbova\/"}]}},"_links":{"self":[{"href":"https:\/\/www.karaoketexty.cz\/magazin\/wp-json\/wp\/v2\/posts\/18220","targetHints":{"allow":["GET"]}}],"collection":[{"href":"https:\/\/www.karaoketexty.cz\/magazin\/wp-json\/wp\/v2\/posts"}],"about":[{"href":"https:\/\/www.karaoketexty.cz\/magazin\/wp-json\/wp\/v2\/types\/post"}],"author":[{"embeddable":true,"href":"https:\/\/www.karaoketexty.cz\/magazin\/wp-json\/wp\/v2\/users\/10"}],"replies":[{"embeddable":true,"href":"https:\/\/www.karaoketexty.cz\/magazin\/wp-json\/wp\/v2\/comments?post=18220"}],"version-history":[{"count":12,"href":"https:\/\/www.karaoketexty.cz\/magazin\/wp-json\/wp\/v2\/posts\/18220\/revisions"}],"predecessor-version":[{"id":18891,"href":"https:\/\/www.karaoketexty.cz\/magazin\/wp-json\/wp\/v2\/posts\/18220\/revisions\/18891"}],"wp:featuredmedia":[{"embeddable":true,"href":"https:\/\/www.karaoketexty.cz\/magazin\/wp-json\/wp\/v2\/media\/18225"}],"wp:attachment":[{"href":"https:\/\/www.karaoketexty.cz\/magazin\/wp-json\/wp\/v2\/media?parent=18220"}],"wp:term":[{"taxonomy":"category","embeddable":true,"href":"https:\/\/www.karaoketexty.cz\/magazin\/wp-json\/wp\/v2\/categories?post=18220"},{"taxonomy":"post_tag","embeddable":true,"href":"https:\/\/www.karaoketexty.cz\/magazin\/wp-json\/wp\/v2\/tags?post=18220"}],"curies":[{"name":"wp","href":"https:\/\/api.w.org\/{rel}","templated":true}]}}