{"id":18197,"date":"2026-09-04T06:13:00","date_gmt":"2026-09-04T04:13:00","guid":{"rendered":"https:\/\/www.karaoketexty.cz\/magazin\/?p=18197"},"modified":"2026-09-03T11:37:44","modified_gmt":"2026-09-03T09:37:44","slug":"bara-basikova-kamil-strihavka-a-jesus-christ-superstar-jak-se-zrodila-legenda-ceske-muzikalove-sceny","status":"publish","type":"post","link":"https:\/\/www.karaoketexty.cz\/magazin\/bara-basikova-kamil-strihavka-a-jesus-christ-superstar-jak-se-zrodila-legenda-ceske-muzikalove-sceny\/","title":{"rendered":"B\u00e1ra Basikov\u00e1, Kamil St\u0159ihavka a Jesus Christ Superstar: Jak se zrodila legenda \u010desk\u00e9 muzik\u00e1lov\u00e9 sc\u00e9ny"},"content":{"rendered":"\n<p class=\"wp-block-paragraph\"><strong>B\u00e1ra Basikov\u00e1 a Kamil St\u0159ihavka pat\u0159\u00ed k nejaktivn\u011bj\u0161\u00edm postav\u00e1m \u010desk\u00e9 hudebn\u00ed sc\u00e9ny. Oba se p\u0159ed \u010dasem ohl\u00e9dli za rolemi, kter\u00e9 jim p\u0159ed t\u0159iceti lety zm\u011bnily kari\u00e9ru.<\/strong><\/p>\n\n\n\n<p class=\"wp-block-paragraph\">Na Karaoketexty jsme zaznamenali, \u017ee oba hudebn\u00edci na Jesus Christ Superstar vzpom\u00ednaj\u00ed s jistou nostalgi\u00ed. St\u0159ihavka v rozhovorech v\u00edckr\u00e1t p\u0159ipustil, \u017ee tehdej\u0161\u00ed anga\u017em\u00e1 nebylo oby\u010dejnou polo\u017ekou v pracovn\u00edm kalend\u00e1\u0159i. Byl to zvl\u00e1\u0161tn\u00ed re\u017eim, skoro uzav\u0159en\u00fd kus \u017eivota. <em>\u201eMy jsme tam byli takov\u00e1 zvl\u00e1\u0161tn\u00ed komunita. Opravdu jsme toho Jesuse nejen hr\u00e1li, ale tak\u00e9 \u017eili. Dnes m\u016f\u017eu \u0159\u00edct, \u017ee to byla velk\u00e1 rodina,<\/em>\u201c vzpom\u00ednal rocker, kter\u00fd tituln\u00ed roli hr\u00e1l v divadle Spir\u00e1la na pra\u017esk\u00e9m V\u00fdstavi\u0161ti v letech 1994 a\u017e 1998. Muzik\u00e1l Andrewa Lloyda Webbera a Tima Rice se tehdy do\u010dkal 1 288 repr\u00edz a vid\u011blo ho p\u0159es 850 000 div\u00e1k\u016f. Na \u010desk\u00e9 pom\u011bry poloviny devades\u00e1t\u00fdch let to bylo mimo\u0159\u00e1dn\u00e9 \u010d\u00edslo.<\/p>\n\n\n<!-- karaoketexty.cz \/ rectangle2 -->\n<div id=\"PX_37086_709110796310826\"><\/div>\n<script>\n   if(!useMobileAds && !boolUseSeznamAds && !hideAllAds){\n     window.px2 = window.px2 || { conf: {},queue: [] };\n     px2.queue.push(function () {\n        px2.render({\n           slot: {\n              id: 37086\n           },\n            elem: \"PX_37086_709110796310826\"\n        })\n     });\n  }\n<\/script>\n\n<!-- karaoketexty.cz \/ mobile-rectangle3 -->\n<div id=\"PX_37044_714599773297004\"><\/div>\n<script>\n   if(useMobileAds && !boolUseSeznamAds && !hideAllAds){\nwindow.px2 = window.px2 || { conf: {},queue: [] };\npx2.queue.push(function () {\n\tpx2.render({\n\t\tslot: {\n\t\t\tid: 37044\n\t\t},\n\t\telem: \"PX_37044_714599773297004\"\n\t})\n});\n}\n<\/script>\n\n\n<h2 class=\"wp-block-heading\">Je\u017e\u00ed\u0161 z Teplic a dopis s p\u0159\u00e1n\u00edm bagru<\/h2>\n\n\n\n<p class=\"wp-block-paragraph\">Role Je\u017e\u00ed\u0161e p\u0159inesla St\u0159ihavkovi i historky, kter\u00e9 dnes vypr\u00e1v\u00ed s pobaven\u00edm, i kdy\u017e tehdy musely p\u016fsobit sp\u00ed\u0161 zvl\u00e1\u0161tn\u011b. Dlouh\u00e9 blond vlasy, v\u00fdrazn\u00e1 image a siln\u00e9 spojen\u00ed s postavou ud\u011blaly sv\u00e9. N\u011bkte\u0159\u00ed lid\u00e9 ho mimo jevi\u0161t\u011b brali p\u0159ekvapiv\u011b doslova. V jedn\u00e9 teplick\u00e9 hospod\u011b po n\u011bm cht\u011bli, aby prom\u011bnil vodu ve v\u00edno. P\u0159ich\u00e1zely mu dopisy od lid\u00ed, kte\u0159\u00ed mu l\u00ed\u010dili svoje tr\u00e1pen\u00ed, \u017e\u00e1dali radu, n\u011bkdy i pen\u00edze. Mezi nimi se objevil tak\u00e9 dopis od mal\u00e9ho chlapce, adresovan\u00fd Je\u017e\u00ed\u0161kovi, s p\u0159\u00e1n\u00edm dostat pod strome\u010dek bagr. <em>\u201eOd t\u00e9 doby \u0159\u00edk\u00e1m: ka\u017ed\u00fd spr\u00e1vn\u00fd \u010cech v\u00ed, \u017ee Je\u017e\u00ed\u0161 je blon\u010f\u00e1k,<\/em>\u201c dod\u00e1v\u00e1 St\u0159ihavka.<\/p>\n\n\n\n<p class=\"wp-block-paragraph\">B\u00e1ra Basikov\u00e1 p\u0159i\u0161la k roli M\u00e1\u0159\u00ed Magdal\u00e9ny v dob\u011b, kdy v\u00fdrazn\u011b bodovala s rockov\u00fdm Precedensem. \u0160\u00e9fdirigent muzik\u00e1lu Ota Balage ji tehdy oslovil jako zp\u011bva\u010dku, kter\u00e1 do t\u00e9 role zapadala prakticky od za\u010d\u00e1tku. Kdy\u017e se k t\u011bm rok\u016fm vrac\u00ed, nezn\u00ed to moc jinak ne\u017e u St\u0159ihavky: spousta pr\u00e1ce, \u00fanava, dlouh\u00fd provoz, ale zku\u0161enost, kterou nejde nahradit. <em>\u201eJsou to \u010dty\u0159i roky \u017eivota, kter\u00e9 mi nikdo nikdy nevezme,<\/em>\u201c \u0159ekla. Pro St\u0159ihavku v roli Je\u017e\u00ed\u0161e m\u00e1 jen slova chv\u00e1ly.<\/p>\n\n\n<!-- karaoketexty.cz \/ interscroller1 -->\n\n<div id=\"PX_37041_825057871452834\"><\/div>\n<script>\nif(useMobileAds && !boolUseSeznamAds && !hideAllAds){\n\twindow.px2 = window.px2 || { conf: {},queue: [] };\n\tpx2.queue.push(function () {\n\t\tpx2.render({\n\t\t\tslot: {\n\t\t\t\tid: 37041\n\t\t\t},\n\t\t\telem: \"PX_37041_825057871452834\"\n\t\t})\n\t});\n}\n<\/script>\n\n\n<h2 class=\"wp-block-heading\">Znovu p\u0159ed nejv\u011bt\u0161\u00edm \u010desk\u00fdm publikem<\/h2>\n\n\n\n<p class=\"wp-block-paragraph\">Na konci roku 2024 se p\u016fvodn\u00ed sestava se\u0161la znovu. Tentokr\u00e1t u\u017e ne ve Spir\u00e1le, ale v pra\u017esk\u00e9 O2 aren\u011b, kde Jesus Christ Superstar zazn\u011bl koncertn\u011b se symfonick\u00fdm orchestrem a sborem pod veden\u00edm dirigenta Martina Kum\u017e\u00e1ka. St\u0159ihavka zp\u00edval Je\u017e\u00ed\u0161e, Basikov\u00e1 M\u00e1\u0159\u00ed Magdal\u00e9nu a Dan B\u00e1rta Jid\u00e1\u0161e. Z\u00e1jem byl tak velk\u00fd, \u017ee po\u0159adatel\u00e9 p\u0159idali dal\u0161\u00ed term\u00edny. V \u00fanoru 2025 se koncert hr\u00e1l hned t\u0159ikr\u00e1t.<\/p>\n\n\n\n<figure class=\"wp-block-embed is-type-video is-provider-youtube wp-block-embed-youtube wp-embed-aspect-16-9 wp-has-aspect-ratio\"><div class=\"wp-block-embed__wrapper\">\n<iframe title=\"JESUS CHRIST SUPERSTAR | O2 ar\u00e9na Z\u00c1V\u011aR KONCERTU - Ps\u00e1t od prvn\u00edch \u0159\u00e1dk\u016f\" width=\"500\" height=\"281\" src=\"https:\/\/www.youtube.com\/embed\/iPnTEQXZb9k?feature=oembed\" frameborder=\"0\" allow=\"accelerometer; autoplay; clipboard-write; encrypted-media; gyroscope; picture-in-picture; web-share\" referrerpolicy=\"strict-origin-when-cross-origin\" allowfullscreen><\/iframe>\n<\/div><\/figure>\n\n\n\n<p class=\"wp-block-paragraph\">Dan B\u00e1rta, kter\u00fd za Jid\u00e1\u0161e z\u00edskal Cenu Th\u00e1lie, o muzik\u00e1lu mluv\u00ed jako o z\u00e1sadn\u00ed \u0161kole. Nejen p\u011bveck\u00e9, i kdy\u017e ta \u010d\u00e1st byla samoz\u0159ejm\u011b obrovsk\u00e1. Nau\u010dil se v n\u011bm fungovat uvnit\u0159 velk\u00e9ho souboru, poslouchat ostatn\u00ed a krotit vlastn\u00ed ambici ve prosp\u011bch celku, co\u017e se v takov\u00e9m provozu pozn\u00e1 velmi rychle. Do projektu p\u0159itom nastupoval jako nejmlad\u0161\u00ed z hlavn\u00ed trojice. Role mu podle jeho slov sedla i hlasov\u011b, p\u0159esn\u011b v poloze, kter\u00e1 mu byla bl\u00edzk\u00e1.<\/p>\n\n\n\n<p class=\"wp-block-paragraph\">B\u00e1ra Basikov\u00e1 od t\u00e9 doby mnohokr\u00e1t p\u0159edvedla, \u017ee \u017e\u00e1nrov\u00e9 n\u00e1lepky na ni moc nefunguj\u00ed. \u0158\u00edk\u00e1 to p\u0159\u00edmo: je takov\u00e1 a jin\u00e1 nebude. Kamil St\u0159ihavka vedle koncert\u016f pracoval tak\u00e9 na televizn\u00ed s\u00e9rii Ikony, kde se potk\u00e1v\u00e1 a jamuje s kolegy z bran\u017ee. P\u0159es t\u0159icet let od premi\u00e9ry Jesus Christ Superstar jsou oba po\u0159\u00e1d v\u00fdrazn\u011b aktivn\u00ed a Spir\u00e1la z jejich p\u0159\u00edb\u011bh\u016f nezmizela.<\/p>\n\n\n\n<p class=\"wp-block-paragraph\">Zdroj: Autorsk\u00fd text, <a href=\"https:\/\/www.ireport.cz\/clanky\/rozhovory\/videorozhovor-kamil-strihavka-bara-basikova-kdyz-prisla-nabidka-z-jesus-christ-superstar-nebylo-o-cem-premyslet\" target=\"_blank\" rel=\"nofollow\">iReport.cz<\/a>, <a href=\"https:\/\/www.idnes.cz\/kultura\/divadlo\/kamil-strihavka-o-roli-jezise-nechtel-jsem-se-vracet-k-necemu-co-bylo.A101110_184348_divadlo_tt\" target=\"_blank\" rel=\"noreferrer noopener nofollow\">iDNES<\/a>, <a href=\"https:\/\/www.barabasikova.cz\/kamil-strihavka-jako-jezis-jedinecny-presvedcivy-a-noblesni\" target=\"_blank\" rel=\"noreferrer noopener nofollow\">B\u00e1raBasikov\u00e1<\/a>, <a href=\"https:\/\/cs.wikipedia.org\/wiki\/Jesus_Christ_Superstar\">Wikipedie<\/a><\/p>\n\n\n            <a href=\"https:\/\/www.karaoketexty.cz\/magazin\/nikdo-mu-to-netipuje-ales-brichta-slavi-67-a-odhaluje-pribeh-ktery-stoji-za-ztratou-oka\/\" class=\"related-post-link\">\n                <div class=\"post-thumbnail\">\n                    <img decoding=\"async\" width=\"234\" height=\"180\" src=\"https:\/\/www.karaoketexty.cz\/magazin\/wp-content\/uploads\/2026\/06\/ales-brichta.jpg\" class=\"attachment-250x180 size-250x180 not-transparent\" alt=\"Ale\u0161 Brichta\" srcset=\"https:\/\/www.karaoketexty.cz\/magazin\/wp-content\/uploads\/2026\/06\/ales-brichta.jpg 1200w, https:\/\/www.karaoketexty.cz\/magazin\/wp-content\/uploads\/2026\/06\/ales-brichta-300x231.jpg 300w, https:\/\/www.karaoketexty.cz\/magazin\/wp-content\/uploads\/2026\/06\/ales-brichta-1024x789.jpg 1024w, https:\/\/www.karaoketexty.cz\/magazin\/wp-content\/uploads\/2026\/06\/ales-brichta-768x592.jpg 768w\" sizes=\"(max-width: 234px) 100vw, 234px\" data-has-transparency=\"false\" data-dominant-color=\"7e7975\" style=\"--dominant-color: #7e7975;\" \/>                <\/div>\n                <div class=\"post-details\">\n                    <span class=\"also-read\">\u010ct\u011bte tak\u00e9:<\/span>\n                    <h3 class=\"hed\">Nikdo mu to netipuje: Ale\u0161 Brichta slav\u00ed 67 a odhaluje p\u0159\u00edb\u011bh, kter\u00fd stoj\u00ed za ztr\u00e1tou oka<\/h3>\n                <\/div>\n            <\/a>\n            \n\n            <a href=\"https:\/\/www.karaoketexty.cz\/magazin\/novy-dokument-o-bare-basikove-zpevacka-odhaluje-sve-nejtemnejsi-chvile-do-kin-miri-uz-v-rijnu\/\" class=\"related-post-link\">\n                <div class=\"post-thumbnail\">\n                    <img decoding=\"async\" width=\"250\" height=\"141\" src=\"https:\/\/www.karaoketexty.cz\/magazin\/wp-content\/uploads\/2026\/07\/foto-bara-basikova.jpg\" class=\"attachment-250x180 size-250x180 not-transparent\" alt=\"\" srcset=\"https:\/\/www.karaoketexty.cz\/magazin\/wp-content\/uploads\/2026\/07\/foto-bara-basikova.jpg 1200w, https:\/\/www.karaoketexty.cz\/magazin\/wp-content\/uploads\/2026\/07\/foto-bara-basikova-300x169.jpg 300w, https:\/\/www.karaoketexty.cz\/magazin\/wp-content\/uploads\/2026\/07\/foto-bara-basikova-1024x576.jpg 1024w, https:\/\/www.karaoketexty.cz\/magazin\/wp-content\/uploads\/2026\/07\/foto-bara-basikova-768x432.jpg 768w, https:\/\/www.karaoketexty.cz\/magazin\/wp-content\/uploads\/2026\/07\/foto-bara-basikova-800x450.jpg 800w\" sizes=\"(max-width: 250px) 100vw, 250px\" data-has-transparency=\"false\" data-dominant-color=\"6e5e56\" style=\"--dominant-color: #6e5e56;\" \/>                <\/div>\n                <div class=\"post-details\">\n                    <span class=\"also-read\">\u010ct\u011bte tak\u00e9:<\/span>\n                    <h3 class=\"hed\">Nov\u00fd dokument o B\u00e1\u0159e Basikov\u00e9: Zp\u011bva\u010dka odhaluje sv\u00e9 nejtemn\u011bj\u0161\u00ed chv\u00edle, do kin m\u00ed\u0159\u00ed u\u017e v \u0159\u00edjnu<\/h3>\n                <\/div>\n            <\/a>\n            ","protected":false},"excerpt":{"rendered":"<p>B\u00e1ra Basikov\u00e1 a Kamil St\u0159ihavka pat\u0159\u00ed k nejaktivn\u011bj\u0161\u00edm postav\u00e1m \u010desk\u00e9 hudebn\u00ed sc\u00e9ny. Oba se p\u0159ed \u010dasem ohl\u00e9dli za rolemi, kter\u00e9 jim p\u0159ed t\u0159iceti lety zm\u011bnily kari\u00e9ru.<\/p>\n","protected":false},"author":5,"featured_media":18199,"comment_status":"open","ping_status":"closed","sticky":false,"template":"","format":"standard","meta":{"footnotes":""},"categories":[1059],"tags":[11422,2172,4748,10,582,5714,136,907,11421,408,11423],"class_list":["post-18197","post","type-post","status-publish","format-standard","has-post-thumbnail","hentry","category-celebrity","tag-andrew-lloyd-webber","tag-bara-basikova","tag-ceska-hudebni-scena","tag-dan-barta","tag-jesus-christ-superstar","tag-kamil-strihavka","tag-koncert","tag-muzikal","tag-ota-balage","tag-rock","tag-tim-rice"],"yoast_head":"<!-- This site is optimized with the Yoast SEO plugin v28.3 - https:\/\/yoast.com\/product\/yoast-seo-wordpress\/ -->\n<title>Jak \u201eJe\u017e\u00ed\u0161\u201c St\u0159ihavka a \u201eM\u00e1\u0159\u00ed\u201c Basikov\u00e1 zas\u00e1hli generace<\/title>\n<meta name=\"description\" content=\"B\u00e1ra Basikov\u00e1 st\u0159\u00eddala rockov\u00e9 kluby s jazzov\u00fdmi, Kamil St\u0159ihavka obj\u00ed\u017ed\u011bl republiku s akustick\u00fdm turn\u00e9. Oba vzpom\u00ednali na roky v muzik\u00e1lu.\" \/>\n<meta name=\"robots\" content=\"index, follow, max-snippet:-1, max-image-preview:large, max-video-preview:-1\" \/>\n<link rel=\"canonical\" href=\"https:\/\/www.karaoketexty.cz\/magazin\/bara-basikova-kamil-strihavka-a-jesus-christ-superstar-jak-se-zrodila-legenda-ceske-muzikalove-sceny\/\" \/>\n<meta property=\"og:locale\" content=\"cs_CZ\" \/>\n<meta property=\"og:type\" content=\"article\" \/>\n<meta property=\"og:title\" content=\"Jak \u201eJe\u017e\u00ed\u0161\u201c St\u0159ihavka a \u201eM\u00e1\u0159\u00ed\u201c Basikov\u00e1 zas\u00e1hli generace\" \/>\n<meta property=\"og:description\" content=\"B\u00e1ra Basikov\u00e1 st\u0159\u00eddala rockov\u00e9 kluby s jazzov\u00fdmi, Kamil St\u0159ihavka obj\u00ed\u017ed\u011bl republiku s akustick\u00fdm turn\u00e9. Oba vzpom\u00ednali na roky v muzik\u00e1lu.\" \/>\n<meta property=\"og:url\" content=\"https:\/\/www.karaoketexty.cz\/magazin\/bara-basikova-kamil-strihavka-a-jesus-christ-superstar-jak-se-zrodila-legenda-ceske-muzikalove-sceny\/\" \/>\n<meta property=\"og:site_name\" content=\"Stars Magaz\u00edn Karaoketexty.cz\" \/>\n<meta property=\"article:published_time\" content=\"2026-09-04T04:13:00+00:00\" \/>\n<meta property=\"og:image\" content=\"https:\/\/www.karaoketexty.cz\/magazin\/wp-content\/uploads\/2026\/08\/Bara-Basikova-Kamil-Strihavka.jpg\" \/>\n\t<meta property=\"og:image:width\" content=\"1200\" \/>\n\t<meta property=\"og:image:height\" content=\"841\" \/>\n\t<meta property=\"og:image:type\" content=\"image\/jpeg\" \/>\n<meta name=\"author\" content=\"Veronika \u0160imkov\u00e1\" \/>\n<meta name=\"twitter:card\" content=\"summary_large_image\" \/>\n<meta name=\"twitter:label1\" content=\"Napsal(a)\" \/>\n\t<meta name=\"twitter:data1\" content=\"Veronika \u0160imkov\u00e1\" \/>\n\t<meta name=\"twitter:label2\" content=\"Odhadovan\u00e1 doba \u010dten\u00ed\" \/>\n\t<meta name=\"twitter:data2\" content=\"4 minuty\" \/>\n<script type=\"application\/ld+json\" class=\"yoast-schema-graph\">{\"@context\":\"https:\\\/\\\/schema.org\",\"@graph\":[{\"@type\":\"Article\",\"@id\":\"https:\\\/\\\/www.karaoketexty.cz\\\/magazin\\\/bara-basikova-kamil-strihavka-a-jesus-christ-superstar-jak-se-zrodila-legenda-ceske-muzikalove-sceny\\\/#article\",\"isPartOf\":{\"@id\":\"https:\\\/\\\/www.karaoketexty.cz\\\/magazin\\\/bara-basikova-kamil-strihavka-a-jesus-christ-superstar-jak-se-zrodila-legenda-ceske-muzikalove-sceny\\\/\"},\"author\":{\"name\":\"Veronika \u0160imkov\u00e1\",\"@id\":\"https:\\\/\\\/www.karaoketexty.cz\\\/magazin\\\/#\\\/schema\\\/person\\\/03220d610ed4cba378a72bac3443f821\"},\"headline\":\"B\u00e1ra Basikov\u00e1, Kamil St\u0159ihavka a Jesus Christ Superstar: Jak se zrodila legenda \u010desk\u00e9 muzik\u00e1lov\u00e9 sc\u00e9ny\",\"datePublished\":\"2026-09-04T04:13:00+00:00\",\"mainEntityOfPage\":{\"@id\":\"https:\\\/\\\/www.karaoketexty.cz\\\/magazin\\\/bara-basikova-kamil-strihavka-a-jesus-christ-superstar-jak-se-zrodila-legenda-ceske-muzikalove-sceny\\\/\"},\"wordCount\":700,\"commentCount\":0,\"image\":{\"@id\":\"https:\\\/\\\/www.karaoketexty.cz\\\/magazin\\\/bara-basikova-kamil-strihavka-a-jesus-christ-superstar-jak-se-zrodila-legenda-ceske-muzikalove-sceny\\\/#primaryimage\"},\"thumbnailUrl\":\"https:\\\/\\\/www.karaoketexty.cz\\\/magazin\\\/wp-content\\\/uploads\\\/2026\\\/08\\\/Bara-Basikova-Kamil-Strihavka.jpg\",\"keywords\":[\"Andrew Lloyd Webber\",\"B\u00e1ra Basikov\u00e1\",\"\u010desk\u00e1 hudebn\u00ed sc\u00e9na\",\"Dan B\u00e1rta\",\"Jesus Christ Superstar\",\"Kamil St\u0159ihavka\",\"koncert\",\"muzik\u00e1l\",\"Ota Balage\",\"rock\",\"Tim Rice\"],\"articleSection\":[\"Celebrity\"],\"inLanguage\":\"cs\",\"potentialAction\":[{\"@type\":\"CommentAction\",\"name\":\"Comment\",\"target\":[\"https:\\\/\\\/www.karaoketexty.cz\\\/magazin\\\/bara-basikova-kamil-strihavka-a-jesus-christ-superstar-jak-se-zrodila-legenda-ceske-muzikalove-sceny\\\/#respond\"]}]},{\"@type\":\"WebPage\",\"@id\":\"https:\\\/\\\/www.karaoketexty.cz\\\/magazin\\\/bara-basikova-kamil-strihavka-a-jesus-christ-superstar-jak-se-zrodila-legenda-ceske-muzikalove-sceny\\\/\",\"url\":\"https:\\\/\\\/www.karaoketexty.cz\\\/magazin\\\/bara-basikova-kamil-strihavka-a-jesus-christ-superstar-jak-se-zrodila-legenda-ceske-muzikalove-sceny\\\/\",\"name\":\"Jak \u201eJe\u017e\u00ed\u0161\u201c St\u0159ihavka a \u201eM\u00e1\u0159\u00ed\u201c Basikov\u00e1 zas\u00e1hli generace\",\"isPartOf\":{\"@id\":\"https:\\\/\\\/www.karaoketexty.cz\\\/magazin\\\/#website\"},\"primaryImageOfPage\":{\"@id\":\"https:\\\/\\\/www.karaoketexty.cz\\\/magazin\\\/bara-basikova-kamil-strihavka-a-jesus-christ-superstar-jak-se-zrodila-legenda-ceske-muzikalove-sceny\\\/#primaryimage\"},\"image\":{\"@id\":\"https:\\\/\\\/www.karaoketexty.cz\\\/magazin\\\/bara-basikova-kamil-strihavka-a-jesus-christ-superstar-jak-se-zrodila-legenda-ceske-muzikalove-sceny\\\/#primaryimage\"},\"thumbnailUrl\":\"https:\\\/\\\/www.karaoketexty.cz\\\/magazin\\\/wp-content\\\/uploads\\\/2026\\\/08\\\/Bara-Basikova-Kamil-Strihavka.jpg\",\"datePublished\":\"2026-09-04T04:13:00+00:00\",\"author\":{\"@id\":\"https:\\\/\\\/www.karaoketexty.cz\\\/magazin\\\/#\\\/schema\\\/person\\\/03220d610ed4cba378a72bac3443f821\"},\"description\":\"B\u00e1ra Basikov\u00e1 st\u0159\u00eddala rockov\u00e9 kluby s jazzov\u00fdmi, Kamil St\u0159ihavka obj\u00ed\u017ed\u011bl republiku s akustick\u00fdm turn\u00e9. Oba vzpom\u00ednali na roky v muzik\u00e1lu.\",\"breadcrumb\":{\"@id\":\"https:\\\/\\\/www.karaoketexty.cz\\\/magazin\\\/bara-basikova-kamil-strihavka-a-jesus-christ-superstar-jak-se-zrodila-legenda-ceske-muzikalove-sceny\\\/#breadcrumb\"},\"inLanguage\":\"cs\",\"potentialAction\":[{\"@type\":\"ReadAction\",\"target\":[\"https:\\\/\\\/www.karaoketexty.cz\\\/magazin\\\/bara-basikova-kamil-strihavka-a-jesus-christ-superstar-jak-se-zrodila-legenda-ceske-muzikalove-sceny\\\/\"]}]},{\"@type\":\"ImageObject\",\"inLanguage\":\"cs\",\"@id\":\"https:\\\/\\\/www.karaoketexty.cz\\\/magazin\\\/bara-basikova-kamil-strihavka-a-jesus-christ-superstar-jak-se-zrodila-legenda-ceske-muzikalove-sceny\\\/#primaryimage\",\"url\":\"https:\\\/\\\/www.karaoketexty.cz\\\/magazin\\\/wp-content\\\/uploads\\\/2026\\\/08\\\/Bara-Basikova-Kamil-Strihavka.jpg\",\"contentUrl\":\"https:\\\/\\\/www.karaoketexty.cz\\\/magazin\\\/wp-content\\\/uploads\\\/2026\\\/08\\\/Bara-Basikova-Kamil-Strihavka.jpg\",\"width\":1200,\"height\":841,\"caption\":\"Foto: Nextfoto, B\u00e1ra Basikov\u00e1, Kamil St\u0159ihavka\"},{\"@type\":\"BreadcrumbList\",\"@id\":\"https:\\\/\\\/www.karaoketexty.cz\\\/magazin\\\/bara-basikova-kamil-strihavka-a-jesus-christ-superstar-jak-se-zrodila-legenda-ceske-muzikalove-sceny\\\/#breadcrumb\",\"itemListElement\":[{\"@type\":\"ListItem\",\"position\":1,\"name\":\"Dom\u016f\",\"item\":\"https:\\\/\\\/www.karaoketexty.cz\\\/magazin\\\/\"},{\"@type\":\"ListItem\",\"position\":2,\"name\":\"B\u00e1ra Basikov\u00e1, Kamil St\u0159ihavka a Jesus Christ Superstar: Jak se zrodila legenda \u010desk\u00e9 muzik\u00e1lov\u00e9 sc\u00e9ny\"}]},{\"@type\":\"WebSite\",\"@id\":\"https:\\\/\\\/www.karaoketexty.cz\\\/magazin\\\/#website\",\"url\":\"https:\\\/\\\/www.karaoketexty.cz\\\/magazin\\\/\",\"name\":\"Stars Magaz\u00edn Karaoketexty.cz\",\"description\":\"Stars Magaz\u00edn na Karaoketexty.cz je zam\u011b\u0159en\u00fd na novinky ze sv\u011bta hudby a celebrit. Obsahuje \u010dl\u00e1nky o zp\u011bv\u00e1c\u00edch, kapel\u00e1ch, nov\u00fdch albech, hudebn\u00edch trendech a dal\u0161\u00edch zaj\u00edmavostech z hudebn\u00edho pr\u016fmyslu.\",\"potentialAction\":[{\"@type\":\"SearchAction\",\"target\":{\"@type\":\"EntryPoint\",\"urlTemplate\":\"https:\\\/\\\/www.karaoketexty.cz\\\/magazin\\\/?s={search_term_string}\"},\"query-input\":{\"@type\":\"PropertyValueSpecification\",\"valueRequired\":true,\"valueName\":\"search_term_string\"}}],\"inLanguage\":\"cs\"},{\"@type\":\"Person\",\"@id\":\"https:\\\/\\\/www.karaoketexty.cz\\\/magazin\\\/#\\\/schema\\\/person\\\/03220d610ed4cba378a72bac3443f821\",\"name\":\"Veronika \u0160imkov\u00e1\",\"image\":{\"@type\":\"ImageObject\",\"inLanguage\":\"cs\",\"@id\":\"https:\\\/\\\/secure.gravatar.com\\\/avatar\\\/62af9cda83322200aaf20e60d0442fbca254ce18c0ffdcaaf83de31493c941a5?s=96&d=mm&r=g\",\"url\":\"https:\\\/\\\/secure.gravatar.com\\\/avatar\\\/62af9cda83322200aaf20e60d0442fbca254ce18c0ffdcaaf83de31493c941a5?s=96&d=mm&r=g\",\"contentUrl\":\"https:\\\/\\\/secure.gravatar.com\\\/avatar\\\/62af9cda83322200aaf20e60d0442fbca254ce18c0ffdcaaf83de31493c941a5?s=96&d=mm&r=g\",\"caption\":\"Veronika \u0160imkov\u00e1\"},\"url\":\"https:\\\/\\\/www.karaoketexty.cz\\\/magazin\\\/author\\\/veronikasimkova\\\/\"}]}<\/script>\n<!-- \/ Yoast SEO plugin. -->","yoast_head_json":{"title":"Jak \u201eJe\u017e\u00ed\u0161\u201c St\u0159ihavka a \u201eM\u00e1\u0159\u00ed\u201c Basikov\u00e1 zas\u00e1hli generace","description":"B\u00e1ra Basikov\u00e1 st\u0159\u00eddala rockov\u00e9 kluby s jazzov\u00fdmi, Kamil St\u0159ihavka obj\u00ed\u017ed\u011bl republiku s akustick\u00fdm turn\u00e9. Oba vzpom\u00ednali na roky v muzik\u00e1lu.","robots":{"index":"index","follow":"follow","max-snippet":"max-snippet:-1","max-image-preview":"max-image-preview:large","max-video-preview":"max-video-preview:-1"},"canonical":"https:\/\/www.karaoketexty.cz\/magazin\/bara-basikova-kamil-strihavka-a-jesus-christ-superstar-jak-se-zrodila-legenda-ceske-muzikalove-sceny\/","og_locale":"cs_CZ","og_type":"article","og_title":"Jak \u201eJe\u017e\u00ed\u0161\u201c St\u0159ihavka a \u201eM\u00e1\u0159\u00ed\u201c Basikov\u00e1 zas\u00e1hli generace","og_description":"B\u00e1ra Basikov\u00e1 st\u0159\u00eddala rockov\u00e9 kluby s jazzov\u00fdmi, Kamil St\u0159ihavka obj\u00ed\u017ed\u011bl republiku s akustick\u00fdm turn\u00e9. Oba vzpom\u00ednali na roky v muzik\u00e1lu.","og_url":"https:\/\/www.karaoketexty.cz\/magazin\/bara-basikova-kamil-strihavka-a-jesus-christ-superstar-jak-se-zrodila-legenda-ceske-muzikalove-sceny\/","og_site_name":"Stars Magaz\u00edn Karaoketexty.cz","article_published_time":"2026-09-04T04:13:00+00:00","og_image":[{"width":1200,"height":841,"url":"https:\/\/www.karaoketexty.cz\/magazin\/wp-content\/uploads\/2026\/08\/Bara-Basikova-Kamil-Strihavka.jpg","type":"image\/jpeg"}],"author":"Veronika \u0160imkov\u00e1","twitter_card":"summary_large_image","twitter_misc":{"Napsal(a)":"Veronika \u0160imkov\u00e1","Odhadovan\u00e1 doba \u010dten\u00ed":"4 minuty"},"schema":{"@context":"https:\/\/schema.org","@graph":[{"@type":"Article","@id":"https:\/\/www.karaoketexty.cz\/magazin\/bara-basikova-kamil-strihavka-a-jesus-christ-superstar-jak-se-zrodila-legenda-ceske-muzikalove-sceny\/#article","isPartOf":{"@id":"https:\/\/www.karaoketexty.cz\/magazin\/bara-basikova-kamil-strihavka-a-jesus-christ-superstar-jak-se-zrodila-legenda-ceske-muzikalove-sceny\/"},"author":{"name":"Veronika \u0160imkov\u00e1","@id":"https:\/\/www.karaoketexty.cz\/magazin\/#\/schema\/person\/03220d610ed4cba378a72bac3443f821"},"headline":"B\u00e1ra Basikov\u00e1, Kamil St\u0159ihavka a Jesus Christ Superstar: Jak se zrodila legenda \u010desk\u00e9 muzik\u00e1lov\u00e9 sc\u00e9ny","datePublished":"2026-09-04T04:13:00+00:00","mainEntityOfPage":{"@id":"https:\/\/www.karaoketexty.cz\/magazin\/bara-basikova-kamil-strihavka-a-jesus-christ-superstar-jak-se-zrodila-legenda-ceske-muzikalove-sceny\/"},"wordCount":700,"commentCount":0,"image":{"@id":"https:\/\/www.karaoketexty.cz\/magazin\/bara-basikova-kamil-strihavka-a-jesus-christ-superstar-jak-se-zrodila-legenda-ceske-muzikalove-sceny\/#primaryimage"},"thumbnailUrl":"https:\/\/www.karaoketexty.cz\/magazin\/wp-content\/uploads\/2026\/08\/Bara-Basikova-Kamil-Strihavka.jpg","keywords":["Andrew Lloyd Webber","B\u00e1ra Basikov\u00e1","\u010desk\u00e1 hudebn\u00ed sc\u00e9na","Dan B\u00e1rta","Jesus Christ Superstar","Kamil St\u0159ihavka","koncert","muzik\u00e1l","Ota Balage","rock","Tim Rice"],"articleSection":["Celebrity"],"inLanguage":"cs","potentialAction":[{"@type":"CommentAction","name":"Comment","target":["https:\/\/www.karaoketexty.cz\/magazin\/bara-basikova-kamil-strihavka-a-jesus-christ-superstar-jak-se-zrodila-legenda-ceske-muzikalove-sceny\/#respond"]}]},{"@type":"WebPage","@id":"https:\/\/www.karaoketexty.cz\/magazin\/bara-basikova-kamil-strihavka-a-jesus-christ-superstar-jak-se-zrodila-legenda-ceske-muzikalove-sceny\/","url":"https:\/\/www.karaoketexty.cz\/magazin\/bara-basikova-kamil-strihavka-a-jesus-christ-superstar-jak-se-zrodila-legenda-ceske-muzikalove-sceny\/","name":"Jak \u201eJe\u017e\u00ed\u0161\u201c St\u0159ihavka a \u201eM\u00e1\u0159\u00ed\u201c Basikov\u00e1 zas\u00e1hli generace","isPartOf":{"@id":"https:\/\/www.karaoketexty.cz\/magazin\/#website"},"primaryImageOfPage":{"@id":"https:\/\/www.karaoketexty.cz\/magazin\/bara-basikova-kamil-strihavka-a-jesus-christ-superstar-jak-se-zrodila-legenda-ceske-muzikalove-sceny\/#primaryimage"},"image":{"@id":"https:\/\/www.karaoketexty.cz\/magazin\/bara-basikova-kamil-strihavka-a-jesus-christ-superstar-jak-se-zrodila-legenda-ceske-muzikalove-sceny\/#primaryimage"},"thumbnailUrl":"https:\/\/www.karaoketexty.cz\/magazin\/wp-content\/uploads\/2026\/08\/Bara-Basikova-Kamil-Strihavka.jpg","datePublished":"2026-09-04T04:13:00+00:00","author":{"@id":"https:\/\/www.karaoketexty.cz\/magazin\/#\/schema\/person\/03220d610ed4cba378a72bac3443f821"},"description":"B\u00e1ra Basikov\u00e1 st\u0159\u00eddala rockov\u00e9 kluby s jazzov\u00fdmi, Kamil St\u0159ihavka obj\u00ed\u017ed\u011bl republiku s akustick\u00fdm turn\u00e9. Oba vzpom\u00ednali na roky v muzik\u00e1lu.","breadcrumb":{"@id":"https:\/\/www.karaoketexty.cz\/magazin\/bara-basikova-kamil-strihavka-a-jesus-christ-superstar-jak-se-zrodila-legenda-ceske-muzikalove-sceny\/#breadcrumb"},"inLanguage":"cs","potentialAction":[{"@type":"ReadAction","target":["https:\/\/www.karaoketexty.cz\/magazin\/bara-basikova-kamil-strihavka-a-jesus-christ-superstar-jak-se-zrodila-legenda-ceske-muzikalove-sceny\/"]}]},{"@type":"ImageObject","inLanguage":"cs","@id":"https:\/\/www.karaoketexty.cz\/magazin\/bara-basikova-kamil-strihavka-a-jesus-christ-superstar-jak-se-zrodila-legenda-ceske-muzikalove-sceny\/#primaryimage","url":"https:\/\/www.karaoketexty.cz\/magazin\/wp-content\/uploads\/2026\/08\/Bara-Basikova-Kamil-Strihavka.jpg","contentUrl":"https:\/\/www.karaoketexty.cz\/magazin\/wp-content\/uploads\/2026\/08\/Bara-Basikova-Kamil-Strihavka.jpg","width":1200,"height":841,"caption":"Foto: Nextfoto, B\u00e1ra Basikov\u00e1, Kamil St\u0159ihavka"},{"@type":"BreadcrumbList","@id":"https:\/\/www.karaoketexty.cz\/magazin\/bara-basikova-kamil-strihavka-a-jesus-christ-superstar-jak-se-zrodila-legenda-ceske-muzikalove-sceny\/#breadcrumb","itemListElement":[{"@type":"ListItem","position":1,"name":"Dom\u016f","item":"https:\/\/www.karaoketexty.cz\/magazin\/"},{"@type":"ListItem","position":2,"name":"B\u00e1ra Basikov\u00e1, Kamil St\u0159ihavka a Jesus Christ Superstar: Jak se zrodila legenda \u010desk\u00e9 muzik\u00e1lov\u00e9 sc\u00e9ny"}]},{"@type":"WebSite","@id":"https:\/\/www.karaoketexty.cz\/magazin\/#website","url":"https:\/\/www.karaoketexty.cz\/magazin\/","name":"Stars Magaz\u00edn Karaoketexty.cz","description":"Stars Magaz\u00edn na Karaoketexty.cz je zam\u011b\u0159en\u00fd na novinky ze sv\u011bta hudby a celebrit. Obsahuje \u010dl\u00e1nky o zp\u011bv\u00e1c\u00edch, kapel\u00e1ch, nov\u00fdch albech, hudebn\u00edch trendech a dal\u0161\u00edch zaj\u00edmavostech z hudebn\u00edho pr\u016fmyslu.","potentialAction":[{"@type":"SearchAction","target":{"@type":"EntryPoint","urlTemplate":"https:\/\/www.karaoketexty.cz\/magazin\/?s={search_term_string}"},"query-input":{"@type":"PropertyValueSpecification","valueRequired":true,"valueName":"search_term_string"}}],"inLanguage":"cs"},{"@type":"Person","@id":"https:\/\/www.karaoketexty.cz\/magazin\/#\/schema\/person\/03220d610ed4cba378a72bac3443f821","name":"Veronika \u0160imkov\u00e1","image":{"@type":"ImageObject","inLanguage":"cs","@id":"https:\/\/secure.gravatar.com\/avatar\/62af9cda83322200aaf20e60d0442fbca254ce18c0ffdcaaf83de31493c941a5?s=96&d=mm&r=g","url":"https:\/\/secure.gravatar.com\/avatar\/62af9cda83322200aaf20e60d0442fbca254ce18c0ffdcaaf83de31493c941a5?s=96&d=mm&r=g","contentUrl":"https:\/\/secure.gravatar.com\/avatar\/62af9cda83322200aaf20e60d0442fbca254ce18c0ffdcaaf83de31493c941a5?s=96&d=mm&r=g","caption":"Veronika \u0160imkov\u00e1"},"url":"https:\/\/www.karaoketexty.cz\/magazin\/author\/veronikasimkova\/"}]}},"_links":{"self":[{"href":"https:\/\/www.karaoketexty.cz\/magazin\/wp-json\/wp\/v2\/posts\/18197","targetHints":{"allow":["GET"]}}],"collection":[{"href":"https:\/\/www.karaoketexty.cz\/magazin\/wp-json\/wp\/v2\/posts"}],"about":[{"href":"https:\/\/www.karaoketexty.cz\/magazin\/wp-json\/wp\/v2\/types\/post"}],"author":[{"embeddable":true,"href":"https:\/\/www.karaoketexty.cz\/magazin\/wp-json\/wp\/v2\/users\/5"}],"replies":[{"embeddable":true,"href":"https:\/\/www.karaoketexty.cz\/magazin\/wp-json\/wp\/v2\/comments?post=18197"}],"version-history":[{"count":6,"href":"https:\/\/www.karaoketexty.cz\/magazin\/wp-json\/wp\/v2\/posts\/18197\/revisions"}],"predecessor-version":[{"id":19075,"href":"https:\/\/www.karaoketexty.cz\/magazin\/wp-json\/wp\/v2\/posts\/18197\/revisions\/19075"}],"wp:featuredmedia":[{"embeddable":true,"href":"https:\/\/www.karaoketexty.cz\/magazin\/wp-json\/wp\/v2\/media\/18199"}],"wp:attachment":[{"href":"https:\/\/www.karaoketexty.cz\/magazin\/wp-json\/wp\/v2\/media?parent=18197"}],"wp:term":[{"taxonomy":"category","embeddable":true,"href":"https:\/\/www.karaoketexty.cz\/magazin\/wp-json\/wp\/v2\/categories?post=18197"},{"taxonomy":"post_tag","embeddable":true,"href":"https:\/\/www.karaoketexty.cz\/magazin\/wp-json\/wp\/v2\/tags?post=18197"}],"curies":[{"name":"wp","href":"https:\/\/api.w.org\/{rel}","templated":true}]}}