{"id":1816,"date":"2025-07-30T06:52:00","date_gmt":"2025-07-30T04:52:00","guid":{"rendered":"https:\/\/www.karaoketexty.cz\/magazin\/?p=1816"},"modified":"2025-07-28T15:11:46","modified_gmt":"2025-07-28T13:11:46","slug":"legendarni-rocker-v-lete-rod-stewart-v-conversech-kratasech","status":"publish","type":"post","link":"https:\/\/www.karaoketexty.cz\/magazin\/legendarni-rocker-v-lete-rod-stewart-v-conversech-kratasech\/","title":{"rendered":"Legend\u00e1rn\u00ed rocker Rod Stewart v l\u00e9t\u011b: Zp\u011bv\u00e1k si vyrazil v Conversech a kra\u0165asech"},"content":{"rendered":"\n<p><strong>Rod Stewart zam\u00ed\u0159il v r\u00e1mci sv\u00e9ho koncertn\u00edho turn\u00e9 do Ameriky a p\u0159ed koncertem v New Jersey se objevil kr\u00e1tce i v New Yorku.<\/strong><\/p>\n\n\n\n<p>Rod Stewart pat\u0159\u00ed bezesporu mezi ikony popul\u00e1rn\u00ed hudby, a to nejen d\u00edky sv\u00e9mu hlasu, ale i osobit\u00e9mu stylu. Jeho kari\u00e9ra odstartovala v 60. letech. B\u011bhem n\u00e1sleduj\u00edc\u00ed doby se pak se singly jako \u201eSailing\u201c nebo \u201eDa Ya Think I&#8217;m Sexy?\u201c stal celosv\u011btovou hv\u011bzdou. Jeho kouzlem je kombinace rockov\u00e9ho drajvu, romantiky a britsk\u00e9ho \u0161armu. P\u00edsn\u011b Roda Stewarta st\u00e1le zn\u011bj\u00ed na koncertech i v r\u00e1di\u00edch.&nbsp;Na Karaoketexty jsme si v\u0161imli, \u017ee se v polovin\u011b \u010dervence uk\u00e1zal v New Yorku a v New Jersey m\u011bl n\u00e1sledn\u011b koncert<\/p>\n\n\n<!-- karaoketexty.cz \/ rectangle2 -->\n<div id=\"PX_37086_709110796310826\"><\/div>\n<script>\n   if(!useMobileAds && !boolUseSeznamAds && !hideAllAds){\n     window.px2 = window.px2 || { conf: {},queue: [] };\n     px2.queue.push(function () {\n        px2.render({\n           slot: {\n              id: 37086\n           },\n            elem: \"PX_37086_709110796310826\"\n        })\n     });\n  }\n<\/script>\n\n<!-- karaoketexty.cz \/ mobile-rectangle3 -->\n<div id=\"PX_37044_714599773297004\"><\/div>\n<script>\n   if(useMobileAds && !boolUseSeznamAds && !hideAllAds){\nwindow.px2 = window.px2 || { conf: {},queue: [] };\npx2.queue.push(function () {\n\tpx2.render({\n\t\tslot: {\n\t\t\tid: 37044\n\t\t},\n\t\telem: \"PX_37044_714599773297004\"\n\t})\n});\n}\n<\/script>\n\n\n<h2 class=\"wp-block-heading\">Nedbal\u00e1 elegance a \u0161arm v b\u00edl\u00e9m&nbsp;<\/h2>\n\n\n\n<p>Rod Stewart je ve sv\u00fdch 80 letech chod\u00edc\u00edm d\u016fkazem, \u017ee styl nezn\u00e1 v\u011bkov\u00fdch hranic. V pr\u016fb\u011bhu hork\u00e9ho letn\u00edho dne v New Yorku zvolil le\u017e\u00e9rn\u00ed, ov\u0161em n\u00e1padit\u00fd outfit. P\u0159ipomn\u011bl t\u00edm, \u017ee svobodu a eleganci m\u016f\u017ee vyzn\u00e1vat a u\u017e\u00edvat si ka\u017ed\u00fd, bez ohledu na to, jak\u00e9 datum narozen\u00ed ukazuj\u00ed jeho doklady.&nbsp;<\/p>\n\n\n\n<figure class=\"wp-block-image size-large\"><img data-dominant-color=\"312324\" data-has-transparency=\"false\" style=\"--dominant-color: #312324;\" decoding=\"async\" width=\"1024\" height=\"627\" src=\"https:\/\/www.karaoketexty.cz\/magazin\/wp-content\/uploads\/2025\/07\/Rod-Stewart-v-cernobilem-saku-1024x627.jpg\" alt=\"Obr\u00e1zek ke \u010dl\u00e1nku: Legend\u00e1rn\u00ed rocker v l\u00e9t\u011b: Rod Stewart vyrazil v Converesech a kra\u0165asech\u00a0\" class=\"wp-image-1818 not-transparent\" srcset=\"https:\/\/www.karaoketexty.cz\/magazin\/wp-content\/uploads\/2025\/07\/Rod-Stewart-v-cernobilem-saku-1024x627.jpg 1024w, https:\/\/www.karaoketexty.cz\/magazin\/wp-content\/uploads\/2025\/07\/Rod-Stewart-v-cernobilem-saku-300x184.jpg 300w, https:\/\/www.karaoketexty.cz\/magazin\/wp-content\/uploads\/2025\/07\/Rod-Stewart-v-cernobilem-saku-768x470.jpg 768w, https:\/\/www.karaoketexty.cz\/magazin\/wp-content\/uploads\/2025\/07\/Rod-Stewart-v-cernobilem-saku.jpg 1200w\" sizes=\"(max-width: 1024px) 100vw, 1024px\" \/><figcaption class=\"wp-element-caption\">Foto: U\u017eivatel Raph_PH\/Creative Commons\/CC BY-SA, Legend\u00e1rn\u00ed rocker v l\u00e9t\u011b: Rod Stewart vyrazil v Converesech a kra\u0165asech&nbsp;<\/figcaption><\/figure>\n\n\n\n<p>Zp\u011bv\u00e1k s obrovsk\u00fdm charisma \u2013 takto jednodu\u0161e by se dal Rod Stewart ozna\u010dit. Ulicemi New Yorku se 18. \u010dervence proch\u00e1zel v b\u00edl\u00e9 pr\u016fsvitn\u00e9 ko\u0161ili, kterou m\u011bl rozepnutou a\u017e k hrudn\u00edku. D\u00e1le zvolil kra\u0165asy, t\u00e9\u017e b\u00edl\u00e9, a ve stejn\u00e9 barv\u011b i conversky, kter\u00e9 podtrhly celkov\u00fd dojem. P\u0159idal i nata\u017een\u00e9 pono\u017eky, \u010dern\u00e9 pilotky, a zejm\u00e9na v\u00fdrazn\u00e9 \u0161perky: diamantov\u00fd \u0159et\u00edzek, perlov\u00fd n\u00e1hrdeln\u00edk, masivn\u00ed n\u00e1ramky, st\u0159\u00edbrn\u00e9 prsteny a v\u00fdrazn\u00fd \u0159et\u011bz.<\/p>\n\n\n\n<p>Rod Stewart m\u011bl p\u016fvodn\u011b vystupovat po boku Billyho Joela na Yankee Stadium, jenom\u017ee kv\u016fli zdravotn\u00edm pot\u00ed\u017e\u00edm jeho hudebn\u00edho kolegy byl tento koncert zru\u0161en a Stewart se rozhodl voln\u00fd prostor vyplnit vlastn\u00edm vystoupen\u00edm. Zvolil si pro n\u011bj Holmdel (New Jersey), kter\u00fd se tak stal jednou ze zast\u00e1vek jeho mezin\u00e1rodn\u00edho turn\u00e9. &nbsp;<\/p>\n\n\n<!-- karaoketexty.cz \/ interscroller1 -->\n\n<div id=\"PX_37041_825057871452834\"><\/div>\n<script>\nif(useMobileAds && !boolUseSeznamAds && !hideAllAds){\n\twindow.px2 = window.px2 || { conf: {},queue: [] };\n\tpx2.queue.push(function () {\n\t\tpx2.render({\n\t\t\tslot: {\n\t\t\t\tid: 37041\n\t\t\t},\n\t\t\telem: \"PX_37041_825057871452834\"\n\t\t})\n\t});\n}\n<\/script>\n\n\n<h2 class=\"wp-block-heading\">Zazn\u011bly slavn\u00e9 songy&nbsp;<\/h2>\n\n\n\n<p>Sou\u010d\u00e1st\u00ed koncertn\u00ed s\u00e9rie bylo i vystoupen\u00ed na legend\u00e1rn\u00edm hudebn\u00edm festivalu Glastonbury, kde Rod Stewart zp\u00edval na Pyramid Stage s nem\u00e9n\u011b ikonick\u00fdmi hosty \u2013 Ronniem Woodem z Rolling Stones, n\u011bkdej\u0161\u00edm kolegou z kapely Faces, zp\u011bv\u00e1kem Simply Red Mickem Hucknallem, a tak\u00e9 se zp\u011bva\u010dkou Lulu. Zazn\u011bly i hity jako \u201eTonight\u2019s the Night\u201c nebo \u201eDo Ya Think I\u2019m Sexy\u201c. Rod Stewart ale p\u0159idal i duety, s Hucknallem to nap\u0159\u00edklad byla p\u00edse\u0148 \u201eIf You Don\u2019t Know Me by Now\u201c, s dal\u0161\u00edmi hosty pak \u201eStay with Me\u201c nebo \u017eiveln\u00e9 \u201eHot Legs\u201c.&nbsp;<\/p>\n\n\n\n<h2 class=\"wp-block-heading\">Plodn\u00fd nejen jako zp\u011bv\u00e1k&nbsp;<\/h2>\n\n\n\n<p>Rod Stewart, to ov\u0161em nen\u00ed jen chod\u00edc\u00ed p\u011bveck\u00e1 a m\u00f3dn\u00ed ikona. Jde o \u010dlov\u011bka zn\u00e1m\u00e9ho velkou l\u00e1skou k rodin\u011b. I ve sv\u00fdch letech sd\u00edl\u00ed na soci\u00e1ln\u00edch s\u00edt\u00edch fotografie, v posledn\u00ed dob\u011b konkr\u00e9tn\u011b z Glastonbury, kde ho doprov\u00e1zely jeho d\u011bti: Ruby, Renee, Aiden a Alastair. Zp\u011bv\u00e1kova rodina je po\u010detn\u00e1, d\u011bt\u00ed m\u00e1 Rod Stewart celkem osm. P\u0159idal i sn\u00edmky z publika, kde mu fandili synov\u00e9 Aiden (14) a Alastair (19).<\/p>\n\n\n\n<blockquote class=\"instagram-media\" data-instgrm-captioned data-instgrm-permalink=\"https:\/\/www.instagram.com\/p\/DLhRaM3s13i\/?utm_source=ig_embed&amp;utm_campaign=loading\" data-instgrm-version=\"14\" style=\" background:#FFF; border:0; border-radius:3px; box-shadow:0 0 1px 0 rgba(0,0,0,0.5),0 1px 10px 0 rgba(0,0,0,0.15); margin: 1px; max-width:540px; min-width:326px; padding:0; width:99.375%; width:-webkit-calc(100% - 2px); width:calc(100% - 2px);\"><div style=\"padding:16px;\"> <a href=\"https:\/\/www.instagram.com\/p\/DLhRaM3s13i\/?utm_source=ig_embed&amp;utm_campaign=loading\" style=\" background:#FFFFFF; line-height:0; padding:0 0; text-align:center; text-decoration:none; width:100%;\" target=\"_blank\"> <div style=\" display: flex; flex-direction: row; align-items: center;\"> <div style=\"background-color: #F4F4F4; border-radius: 50%; flex-grow: 0; height: 40px; margin-right: 14px; width: 40px;\"><\/div> <div style=\"display: flex; flex-direction: column; flex-grow: 1; justify-content: center;\"> <div style=\" background-color: #F4F4F4; border-radius: 4px; flex-grow: 0; height: 14px; margin-bottom: 6px; width: 100px;\"><\/div> <div style=\" background-color: #F4F4F4; border-radius: 4px; flex-grow: 0; height: 14px; width: 60px;\"><\/div><\/div><\/div><div style=\"padding: 19% 0;\"><\/div> <div style=\"display:block; height:50px; margin:0 auto 12px; width:50px;\"><svg width=\"50px\" height=\"50px\" viewBox=\"0 0 60 60\" version=\"1.1\" xmlns=\"https:\/\/www.w3.org\/2000\/svg\" xmlns:xlink=\"https:\/\/www.w3.org\/1999\/xlink\"><g stroke=\"none\" stroke-width=\"1\" fill=\"none\" fill-rule=\"evenodd\"><g transform=\"translate(-511.000000, -20.000000)\" fill=\"#000000\"><g><path d=\"M556.869,30.41 C554.814,30.41 553.148,32.076 553.148,34.131 C553.148,36.186 554.814,37.852 556.869,37.852 C558.924,37.852 560.59,36.186 560.59,34.131 C560.59,32.076 558.924,30.41 556.869,30.41 M541,60.657 C535.114,60.657 530.342,55.887 530.342,50 C530.342,44.114 535.114,39.342 541,39.342 C546.887,39.342 551.658,44.114 551.658,50 C551.658,55.887 546.887,60.657 541,60.657 M541,33.886 C532.1,33.886 524.886,41.1 524.886,50 C524.886,58.899 532.1,66.113 541,66.113 C549.9,66.113 557.115,58.899 557.115,50 C557.115,41.1 549.9,33.886 541,33.886 M565.378,62.101 C565.244,65.022 564.756,66.606 564.346,67.663 C563.803,69.06 563.154,70.057 562.106,71.106 C561.058,72.155 560.06,72.803 558.662,73.347 C557.607,73.757 556.021,74.244 553.102,74.378 C549.944,74.521 548.997,74.552 541,74.552 C533.003,74.552 532.056,74.521 528.898,74.378 C525.979,74.244 524.393,73.757 523.338,73.347 C521.94,72.803 520.942,72.155 519.894,71.106 C518.846,70.057 518.197,69.06 517.654,67.663 C517.244,66.606 516.755,65.022 516.623,62.101 C516.479,58.943 516.448,57.996 516.448,50 C516.448,42.003 516.479,41.056 516.623,37.899 C516.755,34.978 517.244,33.391 517.654,32.338 C518.197,30.938 518.846,29.942 519.894,28.894 C520.942,27.846 521.94,27.196 523.338,26.654 C524.393,26.244 525.979,25.756 528.898,25.623 C532.057,25.479 533.004,25.448 541,25.448 C548.997,25.448 549.943,25.479 553.102,25.623 C556.021,25.756 557.607,26.244 558.662,26.654 C560.06,27.196 561.058,27.846 562.106,28.894 C563.154,29.942 563.803,30.938 564.346,32.338 C564.756,33.391 565.244,34.978 565.378,37.899 C565.522,41.056 565.552,42.003 565.552,50 C565.552,57.996 565.522,58.943 565.378,62.101 M570.82,37.631 C570.674,34.438 570.167,32.258 569.425,30.349 C568.659,28.377 567.633,26.702 565.965,25.035 C564.297,23.368 562.623,22.342 560.652,21.575 C558.743,20.834 556.562,20.326 553.369,20.18 C550.169,20.033 549.148,20 541,20 C532.853,20 531.831,20.033 528.631,20.18 C525.438,20.326 523.257,20.834 521.349,21.575 C519.376,22.342 517.703,23.368 516.035,25.035 C514.368,26.702 513.342,28.377 512.574,30.349 C511.834,32.258 511.326,34.438 511.181,37.631 C511.035,40.831 511,41.851 511,50 C511,58.147 511.035,59.17 511.181,62.369 C511.326,65.562 511.834,67.743 512.574,69.651 C513.342,71.625 514.368,73.296 516.035,74.965 C517.703,76.634 519.376,77.658 521.349,78.425 C523.257,79.167 525.438,79.673 528.631,79.82 C531.831,79.965 532.853,80.001 541,80.001 C549.148,80.001 550.169,79.965 553.369,79.82 C556.562,79.673 558.743,79.167 560.652,78.425 C562.623,77.658 564.297,76.634 565.965,74.965 C567.633,73.296 568.659,71.625 569.425,69.651 C570.167,67.743 570.674,65.562 570.82,62.369 C570.966,59.17 571,58.147 571,50 C571,41.851 570.966,40.831 570.82,37.631\"><\/path><\/g><\/g><\/g><\/svg><\/div><div style=\"padding-top: 8px;\"> <div style=\" color:#3897f0; font-family:Arial,sans-serif; font-size:14px; font-style:normal; font-weight:550; line-height:18px;\">Zobrazit p\u0159\u00edsp\u011bvek na Instagramu<\/div><\/div><div style=\"padding: 12.5% 0;\"><\/div> <div style=\"display: flex; flex-direction: row; margin-bottom: 14px; align-items: center;\"><div> <div style=\"background-color: #F4F4F4; border-radius: 50%; height: 12.5px; width: 12.5px; transform: translateX(0px) translateY(7px);\"><\/div> <div style=\"background-color: #F4F4F4; height: 12.5px; transform: rotate(-45deg) translateX(3px) translateY(1px); width: 12.5px; flex-grow: 0; margin-right: 14px; margin-left: 2px;\"><\/div> <div style=\"background-color: #F4F4F4; border-radius: 50%; height: 12.5px; width: 12.5px; transform: translateX(9px) translateY(-18px);\"><\/div><\/div><div style=\"margin-left: 8px;\"> <div style=\" background-color: #F4F4F4; border-radius: 50%; flex-grow: 0; height: 20px; width: 20px;\"><\/div> <div style=\" width: 0; height: 0; border-top: 2px solid transparent; border-left: 6px solid #f4f4f4; border-bottom: 2px solid transparent; transform: translateX(16px) translateY(-4px) rotate(30deg)\"><\/div><\/div><div style=\"margin-left: auto;\"> <div style=\" width: 0px; border-top: 8px solid #F4F4F4; border-right: 8px solid transparent; transform: translateY(16px);\"><\/div> <div style=\" background-color: #F4F4F4; flex-grow: 0; height: 12px; width: 16px; transform: translateY(-4px);\"><\/div> <div style=\" width: 0; height: 0; border-top: 8px solid #F4F4F4; border-left: 8px solid transparent; transform: translateY(-4px) translateX(8px);\"><\/div><\/div><\/div> <div style=\"display: flex; flex-direction: column; flex-grow: 1; justify-content: center; margin-bottom: 24px;\"> <div style=\" background-color: #F4F4F4; border-radius: 4px; flex-grow: 0; height: 14px; margin-bottom: 6px; width: 224px;\"><\/div> <div style=\" background-color: #F4F4F4; border-radius: 4px; flex-grow: 0; height: 14px; width: 144px;\"><\/div><\/div><\/a><p style=\" color:#c9c8cd; font-family:Arial,sans-serif; font-size:14px; line-height:17px; margin-bottom:0; margin-top:8px; overflow:hidden; padding:8px 0 7px; text-align:center; text-overflow:ellipsis; white-space:nowrap;\"><a href=\"https:\/\/www.instagram.com\/p\/DLhRaM3s13i\/?utm_source=ig_embed&amp;utm_campaign=loading\" style=\" color:#c9c8cd; font-family:Arial,sans-serif; font-size:14px; font-style:normal; font-weight:normal; line-height:17px; text-decoration:none;\" target=\"_blank\">P\u0159\u00edsp\u011bvek sd\u00edlen\u00fd Sir Rod Stewart (@sirrodstewart)<\/a><\/p><\/div><\/blockquote>\n<script async src=\"\/\/www.instagram.com\/embed.js\"><\/script>\n\n\n\n<p>Rodina p\u0159edstavuje pro zp\u011bv\u00e1ka milovanou kotvu, jak je vid\u011bt i ze sn\u00edmk\u016f. Zp\u011bv\u00e1k\u016fv rodinn\u00fd \u017eivot ov\u0161em byl v minulosti tak\u00e9 pestr\u00fd, osm d\u011bt\u00ed m\u00e1 s p\u011bti r\u016fzn\u00fdmi partnerkami. V\u011bkov\u00e9 rozmez\u00ed jeho potomk\u016f je od 14 do 61 let. D\u00edky dcer\u00e1m Kimberly a Ruby si Rod Stewart m\u016f\u017ee u\u017e\u00edvat i radosti d\u011bde\u010dkovsk\u00e9. Spektrum jeho aktivit je tedy skute\u010dn\u011b velice pestr\u00e9. &nbsp;<\/p>\n\n\n\n<p>Zdroj: Autorsk\u00fd text, <a href=\"https:\/\/cs.wikipedia.org\/wiki\/Rod_Stewart\" target=\"_blank\" rel=\"noreferrer noopener\">Wikipedie<\/a>, <a href=\"https:\/\/people.com\/rod-stewart-80-dons-care-free-summer-ensemble-in-nyc-11775429\" target=\"_blank\" rel=\"noreferrer noopener\">People<\/a>, <a href=\"https:\/\/www.goldminemag.com\/reviews\/rod-stewart-photo-gallery-july-18-2025-holmdel-new-jersey\" target=\"_blank\" rel=\"noreferrer noopener nofollow\">GoldMineMag<\/a>, <a href=\"https:\/\/www.instagram.com\/p\/DLhRaM3s13i\/\" target=\"_blank\" rel=\"noreferrer noopener nofollow\">Instagram Roda Stewarta<\/a><\/p>\n","protected":false},"excerpt":{"rendered":"<p>Rod Stewart zam\u00ed\u0159il v r\u00e1mci sv\u00e9ho koncertn\u00edho turn\u00e9 do Ameriky a p\u0159ed koncertem v New Jersey se objevil kr\u00e1tce i v New Yorku.<\/p>\n","protected":false},"author":6,"featured_media":1924,"comment_status":"open","ping_status":"closed","sticky":false,"template":"","format":"standard","meta":{"_yoast_wpseo_title":"Zp\u011bv\u00e1k Rod Stewart v l\u00e9t\u011b: Takto ho fanou\u0161ci nikdy nevid\u011bli","_yoast_wpseo_metadesc":"Tak\u00e9 m\u00e1te pocit, \u017ee n\u011bkte\u0159\u00ed slavn\u00ed nest\u00e1rnou? Origin\u00e1ln\u00ed, energick\u00fd a \u0161armantn\u00ed zp\u011bv\u00e1k Rod Stewart je jedn\u00edm z nich.","footnotes":""},"categories":[9],"tags":[316,407,364,709,362,200,701,702,711,707,399,703,136,710,705,274,714,713,712,275,704,366,395,99,706,539,708,226],"class_list":["post-1816","post","type-post","status-publish","format-standard","has-post-thumbnail","hentry","category-zajimavosti","tag-billy-joel","tag-britsky-zpevak","tag-celebrity-a-rodina","tag-charisma","tag-deti-celebrit","tag-duet","tag-glastonbury","tag-hudebni-festival","tag-hudebni-hity","tag-hudebni-ikona","tag-hudebni-legenda","tag-hudebnik","tag-koncert","tag-koncertni-vystoupeni","tag-mick-hucknall","tag-moda","tag-modni-ikona","tag-new-jersey","tag-new-york","tag-obleceni","tag-osm-deti","tag-rockova-hudba","tag-rod-stewart","tag-rodina","tag-ronnie-wood","tag-socialni-site","tag-styl","tag-turne"],"yoast_head":"<!-- This site is optimized with the Yoast SEO plugin v27.5 - https:\/\/yoast.com\/product\/yoast-seo-wordpress\/ -->\n<title>Zp\u011bv\u00e1k Rod Stewart v l\u00e9t\u011b: Takto ho fanou\u0161ci nikdy nevid\u011bli<\/title>\n<meta name=\"description\" content=\"Tak\u00e9 m\u00e1te pocit, \u017ee n\u011bkte\u0159\u00ed slavn\u00ed nest\u00e1rnou? Origin\u00e1ln\u00ed, energick\u00fd a \u0161armantn\u00ed zp\u011bv\u00e1k Rod Stewart je jedn\u00edm z nich.\" \/>\n<meta name=\"robots\" content=\"index, follow, max-snippet:-1, max-image-preview:large, max-video-preview:-1\" \/>\n<link rel=\"canonical\" href=\"https:\/\/www.karaoketexty.cz\/magazin\/legendarni-rocker-v-lete-rod-stewart-v-conversech-kratasech\/\" \/>\n<meta property=\"og:locale\" content=\"cs_CZ\" \/>\n<meta property=\"og:type\" content=\"article\" \/>\n<meta property=\"og:title\" content=\"Legend\u00e1rn\u00ed rocker Rod Stewart byl zahl\u00e9dnut na ve\u0159ejnosti - takto ho fanou\u0161ci v \u017eivot\u011b nevid\u011bli. Jeho outfit spustil lavinu reakc\u00ed\" \/>\n<meta property=\"og:description\" content=\"Tak\u00e9 m\u00e1te pocit, \u017ee n\u011bkte\u0159\u00ed slavn\u00ed nest\u00e1rnou? Origin\u00e1ln\u00ed, energick\u00fd a \u0161armantn\u00ed zp\u011bv\u00e1k Rod Stewart je jedn\u00edm z nich.\" \/>\n<meta property=\"og:url\" content=\"https:\/\/www.karaoketexty.cz\/magazin\/legendarni-rocker-v-lete-rod-stewart-v-conversech-kratasech\/\" \/>\n<meta property=\"og:site_name\" content=\"Stars Magaz\u00edn Karaoketexty.cz\" \/>\n<meta property=\"article:published_time\" content=\"2025-07-30T04:52:00+00:00\" \/>\n<meta property=\"og:image\" content=\"https:\/\/www.karaoketexty.cz\/magazin\/wp-content\/uploads\/2025\/07\/rod-stewart.jpeg\" \/>\n\t<meta property=\"og:image:width\" content=\"1200\" \/>\n\t<meta property=\"og:image:height\" content=\"630\" \/>\n\t<meta property=\"og:image:type\" content=\"image\/jpeg\" \/>\n<meta name=\"author\" content=\"Franti\u0161ek Zahradn\u00ed\u010dek\" \/>\n<meta name=\"twitter:card\" content=\"summary_large_image\" \/>\n<meta name=\"twitter:label1\" content=\"Napsal(a)\" \/>\n\t<meta name=\"twitter:data1\" content=\"Franti\u0161ek Zahradn\u00ed\u010dek\" \/>\n\t<meta name=\"twitter:label2\" content=\"Odhadovan\u00e1 doba \u010dten\u00ed\" \/>\n\t<meta name=\"twitter:data2\" content=\"10 minut\" \/>\n<script type=\"application\/ld+json\" class=\"yoast-schema-graph\">{\"@context\":\"https:\\\/\\\/schema.org\",\"@graph\":[{\"@type\":\"Article\",\"@id\":\"https:\\\/\\\/www.karaoketexty.cz\\\/magazin\\\/legendarni-rocker-v-lete-rod-stewart-v-conversech-kratasech\\\/#article\",\"isPartOf\":{\"@id\":\"https:\\\/\\\/www.karaoketexty.cz\\\/magazin\\\/legendarni-rocker-v-lete-rod-stewart-v-conversech-kratasech\\\/\"},\"author\":{\"name\":\"Franti\u0161ek Zahradn\u00ed\u010dek\",\"@id\":\"https:\\\/\\\/www.karaoketexty.cz\\\/magazin\\\/#\\\/schema\\\/person\\\/69d871cedc122c98723e0f5e1f73fa16\"},\"headline\":\"Legend\u00e1rn\u00ed rocker Rod Stewart v l\u00e9t\u011b: Zp\u011bv\u00e1k si vyrazil v Conversech a kra\u0165asech\",\"datePublished\":\"2025-07-30T04:52:00+00:00\",\"mainEntityOfPage\":{\"@id\":\"https:\\\/\\\/www.karaoketexty.cz\\\/magazin\\\/legendarni-rocker-v-lete-rod-stewart-v-conversech-kratasech\\\/\"},\"wordCount\":720,\"commentCount\":0,\"image\":{\"@id\":\"https:\\\/\\\/www.karaoketexty.cz\\\/magazin\\\/legendarni-rocker-v-lete-rod-stewart-v-conversech-kratasech\\\/#primaryimage\"},\"thumbnailUrl\":\"https:\\\/\\\/www.karaoketexty.cz\\\/magazin\\\/wp-content\\\/uploads\\\/2025\\\/07\\\/rod-stewart.jpg\",\"keywords\":[\"Billy Joel\",\"britsk\u00fd zp\u011bv\u00e1k\",\"celebrity a rodina\",\"charisma\",\"d\u011bti celebrit\",\"Duet\",\"Glastonbury\",\"hudebn\u00ed festival\",\"hudebn\u00ed hity\",\"hudebn\u00ed ikona\",\"hudebn\u00ed legenda\",\"hudebn\u00edk\",\"koncert\",\"koncertn\u00ed vystoupen\u00ed\",\"Mick Hucknall\",\"M\u00f3da\",\"m\u00f3dn\u00ed ikona\",\"New Jersey\",\"New York\",\"Oble\u010den\u00ed\",\"osm d\u011bt\u00ed\",\"rockov\u00e1 hudba\",\"Rod Stewart\",\"Rodina\",\"Ronnie Wood\",\"soci\u00e1ln\u00ed s\u00edt\u011b\",\"styl\",\"Turn\u00e9\"],\"articleSection\":[\"Zaj\u00edmavosti\"],\"inLanguage\":\"cs\",\"potentialAction\":[{\"@type\":\"CommentAction\",\"name\":\"Comment\",\"target\":[\"https:\\\/\\\/www.karaoketexty.cz\\\/magazin\\\/legendarni-rocker-v-lete-rod-stewart-v-conversech-kratasech\\\/#respond\"]}]},{\"@type\":\"WebPage\",\"@id\":\"https:\\\/\\\/www.karaoketexty.cz\\\/magazin\\\/legendarni-rocker-v-lete-rod-stewart-v-conversech-kratasech\\\/\",\"url\":\"https:\\\/\\\/www.karaoketexty.cz\\\/magazin\\\/legendarni-rocker-v-lete-rod-stewart-v-conversech-kratasech\\\/\",\"name\":\"Zp\u011bv\u00e1k Rod Stewart v l\u00e9t\u011b: Takto ho fanou\u0161ci nikdy nevid\u011bli\",\"isPartOf\":{\"@id\":\"https:\\\/\\\/www.karaoketexty.cz\\\/magazin\\\/#website\"},\"primaryImageOfPage\":{\"@id\":\"https:\\\/\\\/www.karaoketexty.cz\\\/magazin\\\/legendarni-rocker-v-lete-rod-stewart-v-conversech-kratasech\\\/#primaryimage\"},\"image\":{\"@id\":\"https:\\\/\\\/www.karaoketexty.cz\\\/magazin\\\/legendarni-rocker-v-lete-rod-stewart-v-conversech-kratasech\\\/#primaryimage\"},\"thumbnailUrl\":\"https:\\\/\\\/www.karaoketexty.cz\\\/magazin\\\/wp-content\\\/uploads\\\/2025\\\/07\\\/rod-stewart.jpg\",\"datePublished\":\"2025-07-30T04:52:00+00:00\",\"author\":{\"@id\":\"https:\\\/\\\/www.karaoketexty.cz\\\/magazin\\\/#\\\/schema\\\/person\\\/69d871cedc122c98723e0f5e1f73fa16\"},\"description\":\"Tak\u00e9 m\u00e1te pocit, \u017ee n\u011bkte\u0159\u00ed slavn\u00ed nest\u00e1rnou? Origin\u00e1ln\u00ed, energick\u00fd a \u0161armantn\u00ed zp\u011bv\u00e1k Rod Stewart je jedn\u00edm z nich.\",\"breadcrumb\":{\"@id\":\"https:\\\/\\\/www.karaoketexty.cz\\\/magazin\\\/legendarni-rocker-v-lete-rod-stewart-v-conversech-kratasech\\\/#breadcrumb\"},\"inLanguage\":\"cs\",\"potentialAction\":[{\"@type\":\"ReadAction\",\"target\":[\"https:\\\/\\\/www.karaoketexty.cz\\\/magazin\\\/legendarni-rocker-v-lete-rod-stewart-v-conversech-kratasech\\\/\"]}]},{\"@type\":\"ImageObject\",\"inLanguage\":\"cs\",\"@id\":\"https:\\\/\\\/www.karaoketexty.cz\\\/magazin\\\/legendarni-rocker-v-lete-rod-stewart-v-conversech-kratasech\\\/#primaryimage\",\"url\":\"https:\\\/\\\/www.karaoketexty.cz\\\/magazin\\\/wp-content\\\/uploads\\\/2025\\\/07\\\/rod-stewart.jpg\",\"contentUrl\":\"https:\\\/\\\/www.karaoketexty.cz\\\/magazin\\\/wp-content\\\/uploads\\\/2025\\\/07\\\/rod-stewart.jpg\",\"width\":1200,\"height\":630,\"caption\":\"Fotografie: Joe Bielawa from MInneapolis, USA \\\/ Creative Commons \\\/ Attribution 2.0, Rod Stewart v roce 2014\"},{\"@type\":\"BreadcrumbList\",\"@id\":\"https:\\\/\\\/www.karaoketexty.cz\\\/magazin\\\/legendarni-rocker-v-lete-rod-stewart-v-conversech-kratasech\\\/#breadcrumb\",\"itemListElement\":[{\"@type\":\"ListItem\",\"position\":1,\"name\":\"Dom\u016f\",\"item\":\"https:\\\/\\\/www.karaoketexty.cz\\\/magazin\\\/\"},{\"@type\":\"ListItem\",\"position\":2,\"name\":\"Legend\u00e1rn\u00ed rocker Rod Stewart v l\u00e9t\u011b: Zp\u011bv\u00e1k si vyrazil v Conversech a kra\u0165asech\"}]},{\"@type\":\"WebSite\",\"@id\":\"https:\\\/\\\/www.karaoketexty.cz\\\/magazin\\\/#website\",\"url\":\"https:\\\/\\\/www.karaoketexty.cz\\\/magazin\\\/\",\"name\":\"Stars Magaz\u00edn Karaoketexty.cz\",\"description\":\"Stars Magaz\u00edn na Karaoketexty.cz je zam\u011b\u0159en\u00fd na novinky ze sv\u011bta hudby a celebrit. Obsahuje \u010dl\u00e1nky o zp\u011bv\u00e1c\u00edch, kapel\u00e1ch, nov\u00fdch albech, hudebn\u00edch trendech a dal\u0161\u00edch zaj\u00edmavostech z hudebn\u00edho pr\u016fmyslu.\",\"potentialAction\":[{\"@type\":\"SearchAction\",\"target\":{\"@type\":\"EntryPoint\",\"urlTemplate\":\"https:\\\/\\\/www.karaoketexty.cz\\\/magazin\\\/?s={search_term_string}\"},\"query-input\":{\"@type\":\"PropertyValueSpecification\",\"valueRequired\":true,\"valueName\":\"search_term_string\"}}],\"inLanguage\":\"cs\"},{\"@type\":\"Person\",\"@id\":\"https:\\\/\\\/www.karaoketexty.cz\\\/magazin\\\/#\\\/schema\\\/person\\\/69d871cedc122c98723e0f5e1f73fa16\",\"name\":\"Franti\u0161ek Zahradn\u00ed\u010dek\",\"image\":{\"@type\":\"ImageObject\",\"inLanguage\":\"cs\",\"@id\":\"https:\\\/\\\/secure.gravatar.com\\\/avatar\\\/fcc548a9ddc6294d2945bd8730d73ac130db3d13dfd96d644aa093d54c1917b6?s=96&d=mm&r=g\",\"url\":\"https:\\\/\\\/secure.gravatar.com\\\/avatar\\\/fcc548a9ddc6294d2945bd8730d73ac130db3d13dfd96d644aa093d54c1917b6?s=96&d=mm&r=g\",\"contentUrl\":\"https:\\\/\\\/secure.gravatar.com\\\/avatar\\\/fcc548a9ddc6294d2945bd8730d73ac130db3d13dfd96d644aa093d54c1917b6?s=96&d=mm&r=g\",\"caption\":\"Franti\u0161ek Zahradn\u00ed\u010dek\"},\"url\":\"https:\\\/\\\/www.karaoketexty.cz\\\/magazin\\\/author\\\/frantazahrada\\\/\"}]}<\/script>\n<!-- \/ Yoast SEO plugin. -->","yoast_head_json":{"title":"Zp\u011bv\u00e1k Rod Stewart v l\u00e9t\u011b: Takto ho fanou\u0161ci nikdy nevid\u011bli","description":"Tak\u00e9 m\u00e1te pocit, \u017ee n\u011bkte\u0159\u00ed slavn\u00ed nest\u00e1rnou? Origin\u00e1ln\u00ed, energick\u00fd a \u0161armantn\u00ed zp\u011bv\u00e1k Rod Stewart je jedn\u00edm z nich.","robots":{"index":"index","follow":"follow","max-snippet":"max-snippet:-1","max-image-preview":"max-image-preview:large","max-video-preview":"max-video-preview:-1"},"canonical":"https:\/\/www.karaoketexty.cz\/magazin\/legendarni-rocker-v-lete-rod-stewart-v-conversech-kratasech\/","og_locale":"cs_CZ","og_type":"article","og_title":"Legend\u00e1rn\u00ed rocker Rod Stewart byl zahl\u00e9dnut na ve\u0159ejnosti - takto ho fanou\u0161ci v \u017eivot\u011b nevid\u011bli. Jeho outfit spustil lavinu reakc\u00ed","og_description":"Tak\u00e9 m\u00e1te pocit, \u017ee n\u011bkte\u0159\u00ed slavn\u00ed nest\u00e1rnou? Origin\u00e1ln\u00ed, energick\u00fd a \u0161armantn\u00ed zp\u011bv\u00e1k Rod Stewart je jedn\u00edm z nich.","og_url":"https:\/\/www.karaoketexty.cz\/magazin\/legendarni-rocker-v-lete-rod-stewart-v-conversech-kratasech\/","og_site_name":"Stars Magaz\u00edn Karaoketexty.cz","article_published_time":"2025-07-30T04:52:00+00:00","og_image":[{"width":1200,"height":630,"url":"https:\/\/www.karaoketexty.cz\/magazin\/wp-content\/uploads\/2025\/07\/rod-stewart.jpeg","type":"image\/jpeg"}],"author":"Franti\u0161ek Zahradn\u00ed\u010dek","twitter_card":"summary_large_image","twitter_misc":{"Napsal(a)":"Franti\u0161ek Zahradn\u00ed\u010dek","Odhadovan\u00e1 doba \u010dten\u00ed":"10 minut"},"schema":{"@context":"https:\/\/schema.org","@graph":[{"@type":"Article","@id":"https:\/\/www.karaoketexty.cz\/magazin\/legendarni-rocker-v-lete-rod-stewart-v-conversech-kratasech\/#article","isPartOf":{"@id":"https:\/\/www.karaoketexty.cz\/magazin\/legendarni-rocker-v-lete-rod-stewart-v-conversech-kratasech\/"},"author":{"name":"Franti\u0161ek Zahradn\u00ed\u010dek","@id":"https:\/\/www.karaoketexty.cz\/magazin\/#\/schema\/person\/69d871cedc122c98723e0f5e1f73fa16"},"headline":"Legend\u00e1rn\u00ed rocker Rod Stewart v l\u00e9t\u011b: Zp\u011bv\u00e1k si vyrazil v Conversech a kra\u0165asech","datePublished":"2025-07-30T04:52:00+00:00","mainEntityOfPage":{"@id":"https:\/\/www.karaoketexty.cz\/magazin\/legendarni-rocker-v-lete-rod-stewart-v-conversech-kratasech\/"},"wordCount":720,"commentCount":0,"image":{"@id":"https:\/\/www.karaoketexty.cz\/magazin\/legendarni-rocker-v-lete-rod-stewart-v-conversech-kratasech\/#primaryimage"},"thumbnailUrl":"https:\/\/www.karaoketexty.cz\/magazin\/wp-content\/uploads\/2025\/07\/rod-stewart.jpg","keywords":["Billy Joel","britsk\u00fd zp\u011bv\u00e1k","celebrity a rodina","charisma","d\u011bti celebrit","Duet","Glastonbury","hudebn\u00ed festival","hudebn\u00ed hity","hudebn\u00ed ikona","hudebn\u00ed legenda","hudebn\u00edk","koncert","koncertn\u00ed vystoupen\u00ed","Mick Hucknall","M\u00f3da","m\u00f3dn\u00ed ikona","New Jersey","New York","Oble\u010den\u00ed","osm d\u011bt\u00ed","rockov\u00e1 hudba","Rod Stewart","Rodina","Ronnie Wood","soci\u00e1ln\u00ed s\u00edt\u011b","styl","Turn\u00e9"],"articleSection":["Zaj\u00edmavosti"],"inLanguage":"cs","potentialAction":[{"@type":"CommentAction","name":"Comment","target":["https:\/\/www.karaoketexty.cz\/magazin\/legendarni-rocker-v-lete-rod-stewart-v-conversech-kratasech\/#respond"]}]},{"@type":"WebPage","@id":"https:\/\/www.karaoketexty.cz\/magazin\/legendarni-rocker-v-lete-rod-stewart-v-conversech-kratasech\/","url":"https:\/\/www.karaoketexty.cz\/magazin\/legendarni-rocker-v-lete-rod-stewart-v-conversech-kratasech\/","name":"Zp\u011bv\u00e1k Rod Stewart v l\u00e9t\u011b: Takto ho fanou\u0161ci nikdy nevid\u011bli","isPartOf":{"@id":"https:\/\/www.karaoketexty.cz\/magazin\/#website"},"primaryImageOfPage":{"@id":"https:\/\/www.karaoketexty.cz\/magazin\/legendarni-rocker-v-lete-rod-stewart-v-conversech-kratasech\/#primaryimage"},"image":{"@id":"https:\/\/www.karaoketexty.cz\/magazin\/legendarni-rocker-v-lete-rod-stewart-v-conversech-kratasech\/#primaryimage"},"thumbnailUrl":"https:\/\/www.karaoketexty.cz\/magazin\/wp-content\/uploads\/2025\/07\/rod-stewart.jpg","datePublished":"2025-07-30T04:52:00+00:00","author":{"@id":"https:\/\/www.karaoketexty.cz\/magazin\/#\/schema\/person\/69d871cedc122c98723e0f5e1f73fa16"},"description":"Tak\u00e9 m\u00e1te pocit, \u017ee n\u011bkte\u0159\u00ed slavn\u00ed nest\u00e1rnou? Origin\u00e1ln\u00ed, energick\u00fd a \u0161armantn\u00ed zp\u011bv\u00e1k Rod Stewart je jedn\u00edm z nich.","breadcrumb":{"@id":"https:\/\/www.karaoketexty.cz\/magazin\/legendarni-rocker-v-lete-rod-stewart-v-conversech-kratasech\/#breadcrumb"},"inLanguage":"cs","potentialAction":[{"@type":"ReadAction","target":["https:\/\/www.karaoketexty.cz\/magazin\/legendarni-rocker-v-lete-rod-stewart-v-conversech-kratasech\/"]}]},{"@type":"ImageObject","inLanguage":"cs","@id":"https:\/\/www.karaoketexty.cz\/magazin\/legendarni-rocker-v-lete-rod-stewart-v-conversech-kratasech\/#primaryimage","url":"https:\/\/www.karaoketexty.cz\/magazin\/wp-content\/uploads\/2025\/07\/rod-stewart.jpg","contentUrl":"https:\/\/www.karaoketexty.cz\/magazin\/wp-content\/uploads\/2025\/07\/rod-stewart.jpg","width":1200,"height":630,"caption":"Fotografie: Joe Bielawa from MInneapolis, USA \/ Creative Commons \/ Attribution 2.0, Rod Stewart v roce 2014"},{"@type":"BreadcrumbList","@id":"https:\/\/www.karaoketexty.cz\/magazin\/legendarni-rocker-v-lete-rod-stewart-v-conversech-kratasech\/#breadcrumb","itemListElement":[{"@type":"ListItem","position":1,"name":"Dom\u016f","item":"https:\/\/www.karaoketexty.cz\/magazin\/"},{"@type":"ListItem","position":2,"name":"Legend\u00e1rn\u00ed rocker Rod Stewart v l\u00e9t\u011b: Zp\u011bv\u00e1k si vyrazil v Conversech a kra\u0165asech"}]},{"@type":"WebSite","@id":"https:\/\/www.karaoketexty.cz\/magazin\/#website","url":"https:\/\/www.karaoketexty.cz\/magazin\/","name":"Stars Magaz\u00edn Karaoketexty.cz","description":"Stars Magaz\u00edn na Karaoketexty.cz je zam\u011b\u0159en\u00fd na novinky ze sv\u011bta hudby a celebrit. Obsahuje \u010dl\u00e1nky o zp\u011bv\u00e1c\u00edch, kapel\u00e1ch, nov\u00fdch albech, hudebn\u00edch trendech a dal\u0161\u00edch zaj\u00edmavostech z hudebn\u00edho pr\u016fmyslu.","potentialAction":[{"@type":"SearchAction","target":{"@type":"EntryPoint","urlTemplate":"https:\/\/www.karaoketexty.cz\/magazin\/?s={search_term_string}"},"query-input":{"@type":"PropertyValueSpecification","valueRequired":true,"valueName":"search_term_string"}}],"inLanguage":"cs"},{"@type":"Person","@id":"https:\/\/www.karaoketexty.cz\/magazin\/#\/schema\/person\/69d871cedc122c98723e0f5e1f73fa16","name":"Franti\u0161ek Zahradn\u00ed\u010dek","image":{"@type":"ImageObject","inLanguage":"cs","@id":"https:\/\/secure.gravatar.com\/avatar\/fcc548a9ddc6294d2945bd8730d73ac130db3d13dfd96d644aa093d54c1917b6?s=96&d=mm&r=g","url":"https:\/\/secure.gravatar.com\/avatar\/fcc548a9ddc6294d2945bd8730d73ac130db3d13dfd96d644aa093d54c1917b6?s=96&d=mm&r=g","contentUrl":"https:\/\/secure.gravatar.com\/avatar\/fcc548a9ddc6294d2945bd8730d73ac130db3d13dfd96d644aa093d54c1917b6?s=96&d=mm&r=g","caption":"Franti\u0161ek Zahradn\u00ed\u010dek"},"url":"https:\/\/www.karaoketexty.cz\/magazin\/author\/frantazahrada\/"}]}},"_links":{"self":[{"href":"https:\/\/www.karaoketexty.cz\/magazin\/wp-json\/wp\/v2\/posts\/1816","targetHints":{"allow":["GET"]}}],"collection":[{"href":"https:\/\/www.karaoketexty.cz\/magazin\/wp-json\/wp\/v2\/posts"}],"about":[{"href":"https:\/\/www.karaoketexty.cz\/magazin\/wp-json\/wp\/v2\/types\/post"}],"author":[{"embeddable":true,"href":"https:\/\/www.karaoketexty.cz\/magazin\/wp-json\/wp\/v2\/users\/6"}],"replies":[{"embeddable":true,"href":"https:\/\/www.karaoketexty.cz\/magazin\/wp-json\/wp\/v2\/comments?post=1816"}],"version-history":[{"count":6,"href":"https:\/\/www.karaoketexty.cz\/magazin\/wp-json\/wp\/v2\/posts\/1816\/revisions"}],"predecessor-version":[{"id":1933,"href":"https:\/\/www.karaoketexty.cz\/magazin\/wp-json\/wp\/v2\/posts\/1816\/revisions\/1933"}],"wp:featuredmedia":[{"embeddable":true,"href":"https:\/\/www.karaoketexty.cz\/magazin\/wp-json\/wp\/v2\/media\/1924"}],"wp:attachment":[{"href":"https:\/\/www.karaoketexty.cz\/magazin\/wp-json\/wp\/v2\/media?parent=1816"}],"wp:term":[{"taxonomy":"category","embeddable":true,"href":"https:\/\/www.karaoketexty.cz\/magazin\/wp-json\/wp\/v2\/categories?post=1816"},{"taxonomy":"post_tag","embeddable":true,"href":"https:\/\/www.karaoketexty.cz\/magazin\/wp-json\/wp\/v2\/tags?post=1816"}],"curies":[{"name":"wp","href":"https:\/\/api.w.org\/{rel}","templated":true}]}}