{"id":17917,"date":"2026-09-03T10:37:00","date_gmt":"2026-09-03T08:37:00","guid":{"rendered":"https:\/\/www.karaoketexty.cz\/magazin\/?p=17917"},"modified":"2026-09-03T09:51:37","modified_gmt":"2026-09-03T07:51:37","slug":"vera-ellen-dela-hudbu-po-svem-a-v-mori-umelych-hvezd-je-osvezujici-anomalii","status":"publish","type":"post","link":"https:\/\/www.karaoketexty.cz\/magazin\/vera-ellen-dela-hudbu-po-svem-a-v-mori-umelych-hvezd-je-osvezujici-anomalii\/","title":{"rendered":"Vera Ellen d\u011bl\u00e1 hudbu po sv\u00e9m a v mo\u0159i um\u011bl\u00fdch hv\u011bzd je osv\u011b\u017euj\u00edc\u00ed anom\u00e1li\u00ed"},"content":{"rendered":"\n<p class=\"wp-block-paragraph\"><strong>Vera Ellen z Wellingtonu nen\u00ed typ um\u011blce, kter\u00fd \u010dek\u00e1 na pokyny od vydavatelstv\u00ed. Album napsala za dva t\u00fddny na farm\u011b, sama ho demovala a pak dlouho bojovala se sebepochybnostmi, ne\u017e ho pustila ven.<\/strong><\/p>\n\n\n\n<p class=\"wp-block-paragraph\">Vera Ellen v\u00fdrazn\u011b vybo\u010duje z b\u011b\u017en\u00e9ho obrazu dne\u0161n\u00edho hudebn\u00edho byznysu. Ten se \u010d\u00edm d\u00e1l v\u00edc podob\u00e1 s\u00e9riov\u00e9 v\u00fdrob\u011b: hotov\u00e1 identita, \u201evystajlovan\u00fd\u201c vzhled, v\u0161echno dop\u0159edu spo\u010d\u00edtan\u00e9. Vera Ellen jde podle toho, co jsme o n\u00ed na Karaoketexty zaznamenali, p\u0159esn\u011b opa\u010dn\u00fdm sm\u011brem. Hraje \u017eiv\u011b, sama p\u00ed\u0161e, sama produkuje, sama st\u0159\u00edh\u00e1 videoklipy. Na albu <em>Heaven Knows What Time<\/em>, kter\u00e9 letos vy\u0161lo u novoz\u00e9landsk\u00fdch Flying Nun Records, nav\u00edc zvl\u00e1d\u00e1 kytaru, basu i syntez\u00e1tory.<\/p>\n\n\n<!-- karaoketexty.cz \/ rectangle2 -->\n<div id=\"PX_37086_709110796310826\"><\/div>\n<script>\n   if(!useMobileAds && !boolUseSeznamAds && !hideAllAds){\n     window.px2 = window.px2 || { conf: {},queue: [] };\n     px2.queue.push(function () {\n        px2.render({\n           slot: {\n              id: 37086\n           },\n            elem: \"PX_37086_709110796310826\"\n        })\n     });\n  }\n<\/script>\n\n<!-- karaoketexty.cz \/ mobile-rectangle3 -->\n<div id=\"PX_37044_714599773297004\"><\/div>\n<script>\n   if(useMobileAds && !boolUseSeznamAds && !hideAllAds){\nwindow.px2 = window.px2 || { conf: {},queue: [] };\npx2.queue.push(function () {\n\tpx2.render({\n\t\tslot: {\n\t\t\tid: 37044\n\t\t},\n\t\telem: \"PX_37044_714599773297004\"\n\t})\n});\n}\n<\/script>\n\n\n<h2 class=\"wp-block-heading\">Dva t\u00fddny, kr\u00e1vy a spousta no\u010dn\u00edch hodin<\/h2>\n\n\n\n<p class=\"wp-block-paragraph\">Deska vznikla b\u011bhem dvout\u00fddenn\u00edho skladatelsk\u00e9ho reziden\u010dn\u00edho pobytu v Greytownu na Nov\u00e9m Z\u00e9landu. Vera Ellen bydlela u farmy, chodila se d\u00edvat na kr\u00e1vy a v noci si do brzk\u00fdch rann\u00edch hodin nahr\u00e1vala dema p\u00edsn\u00ed. V rozhovoru pro Rolling Stone to popsala jako obdob\u00ed \u201enepravidelnosti\u201c, tedy dobu, kdy se musela sm\u00ed\u0159it s chaosem, kter\u00fd k samostatn\u00e9 um\u011bleck\u00e9 pr\u00e1ci prost\u011b pat\u0159\u00ed.<\/p>\n\n\n\n<p class=\"wp-block-paragraph\">V\u00fdsledek stoj\u00ed na chytlav\u00fdch melodi\u00edch a textech, kter\u00e9 se pohybuj\u00ed mezi syrovou zamilovanost\u00ed a ironick\u00fdm pohledem na showbyznys. Ne\u017e ale deska vy\u0161la, sama zp\u011bva\u010dka s t\u00edm je\u0161t\u011b dlouho bojovala. <em>\u201eTrvalo mi to, proto\u017ee jsem byla pln\u00e1 pochybnost\u00ed,\u201c<\/em> p\u0159iznala. Nakonec album vydala. A v tomto p\u0159\u00edpad\u011b to byl spr\u00e1vn\u00fd krok.<\/p>\n\n\n<!-- karaoketexty.cz \/ interscroller1 -->\n\n<div id=\"PX_37041_825057871452834\"><\/div>\n<script>\nif(useMobileAds && !boolUseSeznamAds && !hideAllAds){\n\twindow.px2 = window.px2 || { conf: {},queue: [] };\n\tpx2.queue.push(function () {\n\t\tpx2.render({\n\t\t\tslot: {\n\t\t\t\tid: 37041\n\t\t\t},\n\t\t\telem: \"PX_37041_825057871452834\"\n\t\t})\n\t});\n}\n<\/script>\n\n\n<h2 class=\"wp-block-heading\">Taite Music Prize a Sydney Opera House<\/h2>\n\n\n\n<p class=\"wp-block-paragraph\">Vera Ellen p\u0159itom nen\u00ed \u017e\u00e1dn\u00fd nov\u00e1\u010dek. Album <em>Ideal Home Noise<\/em> z roku 2021 j\u00ed vyneslo Taite Music Prize, jedno z nejpresti\u017en\u011bj\u0161\u00edch novoz\u00e9landsk\u00fdch hudebn\u00edch ocen\u011bn\u00ed. Na nov\u00e9 desce je ale zn\u00e1t i to, kolik \u010dasu od t\u00e9 doby uplynulo: p\u016fl dek\u00e1dy pr\u00e1ce, zr\u00e1n\u00ed, p\u0159em\u00fd\u0161len\u00ed. Za sv\u016fj dosud nejsiln\u011bj\u0161\u00ed kari\u00e9rn\u00ed z\u00e1\u017eitek ozna\u010duje vystoupen\u00ed v Sydney Opera House. M\u011bla tam po boku rodinu a z p\u00f3dia sledovala, jak Crowded House hraj\u00ed <em>Don&#8217;t Dream It&#8217;s Over<\/em> p\u0159ed davem nad\u0161en\u00fdch fanou\u0161k\u016f.<\/p>\n\n\n\n<figure class=\"wp-block-embed is-type-video is-provider-youtube wp-block-embed-youtube wp-embed-aspect-16-9 wp-has-aspect-ratio\"><div class=\"wp-block-embed__wrapper\">\n<iframe title=\"Vera Ellen - When It&amp;apos;s Over (ft. Hemi Hemingway) (Official Music Video)\" width=\"500\" height=\"281\" src=\"https:\/\/www.youtube.com\/embed\/Q21HiYR-RKc?feature=oembed\" frameborder=\"0\" allow=\"accelerometer; autoplay; clipboard-write; encrypted-media; gyroscope; picture-in-picture; web-share\" referrerpolicy=\"strict-origin-when-cross-origin\" allowfullscreen><\/iframe>\n<\/div><\/figure>\n\n\n\n<p class=\"wp-block-paragraph\">Te\u010f ji \u010dek\u00e1 festival Great Escape v Brightonu, po n\u011bm turn\u00e9 po Velk\u00e9 Brit\u00e1nii a Evrop\u011b jako p\u0159edskokanka Aldous Harding a pak n\u00e1vrat dom\u016f na novoz\u00e9landsk\u00e9 turn\u00e9. Sama st\u00e1le \u0159\u00edk\u00e1, \u017ee chce hlavn\u011b dostat album k lidem. To je dneska st\u00e1le nejv\u011bt\u0161\u00ed v\u00fdzva pro m\u00e9n\u011b zn\u00e1m\u00e1 jm\u00e9na.<\/p>\n\n\n\n<p class=\"wp-block-paragraph\">Zdroj: Autorsk\u00fd text, <a href=\"https:\/\/au.rollingstone.com\/music\/music-features\/vera-ellen-future-of-music-2026-interview-95393\/\" target=\"_blank\" rel=\"noreferrer noopener nofollow\">Rolling Stone AU\/NZ<\/a>, <a href=\"https:\/\/en.wikipedia.org\/wiki\/Vera_Ellen\">Wikipedie<\/a>, <a href=\"https:\/\/www.instagram.com\/p\/DXxSmoOCHiR\/?hl=cs&amp;img_index=1\" target=\"_blank\" rel=\"noreferrer noopener nofollow\">Instagram VeraEllen<\/a><\/p>\n\n\n            <a href=\"https:\/\/www.karaoketexty.cz\/magazin\/vojta-kotek-rozjel-v-karlovych-varech-rockovou-show-na-kterou-hoste-dlouho-nezapomenou\/\" class=\"related-post-link\">\n                <div class=\"post-thumbnail\">\n                    <img decoding=\"async\" width=\"250\" height=\"141\" src=\"https:\/\/www.karaoketexty.cz\/magazin\/wp-content\/uploads\/2026\/08\/vojtech-kotek.jpg\" class=\"attachment-250x180 size-250x180 not-transparent\" alt=\"Vojt\u011bch Kotek\" srcset=\"https:\/\/www.karaoketexty.cz\/magazin\/wp-content\/uploads\/2026\/08\/vojtech-kotek.jpg 1200w, https:\/\/www.karaoketexty.cz\/magazin\/wp-content\/uploads\/2026\/08\/vojtech-kotek-300x169.jpg 300w, https:\/\/www.karaoketexty.cz\/magazin\/wp-content\/uploads\/2026\/08\/vojtech-kotek-1024x576.jpg 1024w, https:\/\/www.karaoketexty.cz\/magazin\/wp-content\/uploads\/2026\/08\/vojtech-kotek-768x432.jpg 768w, https:\/\/www.karaoketexty.cz\/magazin\/wp-content\/uploads\/2026\/08\/vojtech-kotek-800x450.jpg 800w\" sizes=\"(max-width: 250px) 100vw, 250px\" data-has-transparency=\"false\" data-dominant-color=\"b0aca0\" style=\"--dominant-color: #b0aca0;\" \/>                <\/div>\n                <div class=\"post-details\">\n                    <span class=\"also-read\">\u010ct\u011bte tak\u00e9:<\/span>\n                    <h3 class=\"hed\">Vojta Kotek rozjel v Karlov\u00fdch Varech rockovou show, na kterou host\u00e9 dlouho nezapomenou<\/h3>\n                <\/div>\n            <\/a>\n            \n\n            <a href=\"https:\/\/www.karaoketexty.cz\/magazin\/penize-autorska-prava-a-ewa-farna-textarka-patricie-kanok-vysvetluje-jak-to-bylo-s-boky-jako-skrin\/\" class=\"related-post-link\">\n                <div class=\"post-thumbnail\">\n                    <img decoding=\"async\" width=\"250\" height=\"141\" src=\"https:\/\/www.karaoketexty.cz\/magazin\/wp-content\/uploads\/2026\/06\/ewa-farna-superstar.jpg\" class=\"attachment-250x180 size-250x180 not-transparent\" alt=\"Ewa Farna superstar\" srcset=\"https:\/\/www.karaoketexty.cz\/magazin\/wp-content\/uploads\/2026\/06\/ewa-farna-superstar.jpg 1200w, https:\/\/www.karaoketexty.cz\/magazin\/wp-content\/uploads\/2026\/06\/ewa-farna-superstar-300x169.jpg 300w, https:\/\/www.karaoketexty.cz\/magazin\/wp-content\/uploads\/2026\/06\/ewa-farna-superstar-1024x576.jpg 1024w, https:\/\/www.karaoketexty.cz\/magazin\/wp-content\/uploads\/2026\/06\/ewa-farna-superstar-768x432.jpg 768w, https:\/\/www.karaoketexty.cz\/magazin\/wp-content\/uploads\/2026\/06\/ewa-farna-superstar-800x450.jpg 800w\" sizes=\"(max-width: 250px) 100vw, 250px\" data-has-transparency=\"false\" data-dominant-color=\"3a3530\" style=\"--dominant-color: #3a3530;\" \/>                <\/div>\n                <div class=\"post-details\">\n                    <span class=\"also-read\">\u010ct\u011bte tak\u00e9:<\/span>\n                    <h3 class=\"hed\">Pen\u00edze, autorsk\u00e1 pr\u00e1va a Ewa Farna: Texta\u0159ka Patricie Ka\u0148ok vysv\u011btluje, jak to bylo s Boky jako sk\u0159\u00ed\u0148<\/h3>\n                <\/div>\n            <\/a>\n            ","protected":false},"excerpt":{"rendered":"<p>Vera Ellen z Wellingtonu nen\u00ed typ um\u011blce, kter\u00fd \u010dek\u00e1 na pokyny od vydavatelstv\u00ed. Album napsala za dva t\u00fddny na farm\u011b, sama ho demovala a pak dlouho bojovala se sebepochybnostmi, ne\u017e ho pustila ven.<\/p>\n","protected":false},"author":5,"featured_media":4382,"comment_status":"open","ping_status":"closed","sticky":false,"template":"","format":"standard","meta":{"footnotes":""},"categories":[9],"tags":[11400,9711,11399,11063,11062,702,2187,11402,10067,11401,11061,11403],"class_list":["post-17917","post","type-post","status-publish","format-standard","has-post-thumbnail","hentry","category-zajimavosti","tag-aldous-harding","tag-autorska-hudba","tag-crowded-house","tag-flying-nun-records","tag-heaven-knows-what-time","tag-hudebni-festival","tag-indie-pop","tag-novozelandska-hudba","tag-sydney-opera-house","tag-taite-music-prize","tag-vera-ellen","tag-zenska-umelkyne"],"yoast_head":"<!-- This site is optimized with the Yoast SEO plugin v28.3 - https:\/\/yoast.com\/product\/yoast-seo-wordpress\/ -->\n<title>Vera Ellen je novoz\u00e9landsk\u00e1 hudebnice, kter\u00e1 z\u016fst\u00e1v\u00e1 sv\u00e1<\/title>\n<meta name=\"description\" content=\"Vera Ellen vydala album Heaven Knows What Time a Rolling Stone ji za\u0159adil do Future of Music 2026. Kdo je tahle DIY hudebnice z Wellingtonu?\" \/>\n<meta name=\"robots\" content=\"index, follow, max-snippet:-1, max-image-preview:large, max-video-preview:-1\" \/>\n<link rel=\"canonical\" href=\"https:\/\/www.karaoketexty.cz\/magazin\/vera-ellen-dela-hudbu-po-svem-a-v-mori-umelych-hvezd-je-osvezujici-anomalii\/\" \/>\n<meta property=\"og:locale\" content=\"cs_CZ\" \/>\n<meta property=\"og:type\" content=\"article\" \/>\n<meta property=\"og:title\" content=\"Vera Ellen je novoz\u00e9landsk\u00e1 hudebnice, kter\u00e1 z\u016fst\u00e1v\u00e1 sv\u00e1\" \/>\n<meta property=\"og:description\" content=\"Vera Ellen vydala album Heaven Knows What Time a Rolling Stone ji za\u0159adil do Future of Music 2026. Kdo je tahle DIY hudebnice z Wellingtonu?\" \/>\n<meta property=\"og:url\" content=\"https:\/\/www.karaoketexty.cz\/magazin\/vera-ellen-dela-hudbu-po-svem-a-v-mori-umelych-hvezd-je-osvezujici-anomalii\/\" \/>\n<meta property=\"og:site_name\" content=\"Stars Magaz\u00edn Karaoketexty.cz\" \/>\n<meta property=\"article:published_time\" content=\"2026-09-03T08:37:00+00:00\" \/>\n<meta property=\"og:image\" content=\"https:\/\/www.karaoketexty.cz\/magazin\/wp-content\/uploads\/2025\/11\/juli-koli.jpg\" \/>\n\t<meta property=\"og:image:width\" content=\"1200\" \/>\n\t<meta property=\"og:image:height\" content=\"675\" \/>\n\t<meta property=\"og:image:type\" content=\"image\/jpeg\" \/>\n<meta name=\"author\" content=\"Veronika \u0160imkov\u00e1\" \/>\n<meta name=\"twitter:card\" content=\"summary_large_image\" \/>\n<meta name=\"twitter:label1\" content=\"Napsal(a)\" \/>\n\t<meta name=\"twitter:data1\" content=\"Veronika \u0160imkov\u00e1\" \/>\n\t<meta name=\"twitter:label2\" content=\"Odhadovan\u00e1 doba \u010dten\u00ed\" \/>\n\t<meta name=\"twitter:data2\" content=\"3 minuty\" \/>\n<script type=\"application\/ld+json\" class=\"yoast-schema-graph\">{\"@context\":\"https:\\\/\\\/schema.org\",\"@graph\":[{\"@type\":\"Article\",\"@id\":\"https:\\\/\\\/www.karaoketexty.cz\\\/magazin\\\/vera-ellen-dela-hudbu-po-svem-a-v-mori-umelych-hvezd-je-osvezujici-anomalii\\\/#article\",\"isPartOf\":{\"@id\":\"https:\\\/\\\/www.karaoketexty.cz\\\/magazin\\\/vera-ellen-dela-hudbu-po-svem-a-v-mori-umelych-hvezd-je-osvezujici-anomalii\\\/\"},\"author\":{\"name\":\"Veronika \u0160imkov\u00e1\",\"@id\":\"https:\\\/\\\/www.karaoketexty.cz\\\/magazin\\\/#\\\/schema\\\/person\\\/03220d610ed4cba378a72bac3443f821\"},\"headline\":\"Vera Ellen d\u011bl\u00e1 hudbu po sv\u00e9m a v mo\u0159i um\u011bl\u00fdch hv\u011bzd je osv\u011b\u017euj\u00edc\u00ed anom\u00e1li\u00ed\",\"datePublished\":\"2026-09-03T08:37:00+00:00\",\"mainEntityOfPage\":{\"@id\":\"https:\\\/\\\/www.karaoketexty.cz\\\/magazin\\\/vera-ellen-dela-hudbu-po-svem-a-v-mori-umelych-hvezd-je-osvezujici-anomalii\\\/\"},\"wordCount\":491,\"commentCount\":0,\"image\":{\"@id\":\"https:\\\/\\\/www.karaoketexty.cz\\\/magazin\\\/vera-ellen-dela-hudbu-po-svem-a-v-mori-umelych-hvezd-je-osvezujici-anomalii\\\/#primaryimage\"},\"thumbnailUrl\":\"https:\\\/\\\/www.karaoketexty.cz\\\/magazin\\\/wp-content\\\/uploads\\\/2025\\\/11\\\/juli-koli.jpg\",\"keywords\":[\"Aldous Harding\",\"autorsk\u00e1 hudba\",\"Crowded House\",\"Flying Nun Records\",\"Heaven Knows What Time\",\"hudebn\u00ed festival\",\"indie pop\",\"novoz\u00e9landsk\u00e1 hudba\",\"Sydney Opera House\",\"Taite Music Prize\",\"Vera Ellen\",\"\u017eensk\u00e1 um\u011blkyn\u011b\"],\"articleSection\":[\"Zaj\u00edmavosti\"],\"inLanguage\":\"cs\",\"potentialAction\":[{\"@type\":\"CommentAction\",\"name\":\"Comment\",\"target\":[\"https:\\\/\\\/www.karaoketexty.cz\\\/magazin\\\/vera-ellen-dela-hudbu-po-svem-a-v-mori-umelych-hvezd-je-osvezujici-anomalii\\\/#respond\"]}]},{\"@type\":\"WebPage\",\"@id\":\"https:\\\/\\\/www.karaoketexty.cz\\\/magazin\\\/vera-ellen-dela-hudbu-po-svem-a-v-mori-umelych-hvezd-je-osvezujici-anomalii\\\/\",\"url\":\"https:\\\/\\\/www.karaoketexty.cz\\\/magazin\\\/vera-ellen-dela-hudbu-po-svem-a-v-mori-umelych-hvezd-je-osvezujici-anomalii\\\/\",\"name\":\"Vera Ellen je novoz\u00e9landsk\u00e1 hudebnice, kter\u00e1 z\u016fst\u00e1v\u00e1 sv\u00e1\",\"isPartOf\":{\"@id\":\"https:\\\/\\\/www.karaoketexty.cz\\\/magazin\\\/#website\"},\"primaryImageOfPage\":{\"@id\":\"https:\\\/\\\/www.karaoketexty.cz\\\/magazin\\\/vera-ellen-dela-hudbu-po-svem-a-v-mori-umelych-hvezd-je-osvezujici-anomalii\\\/#primaryimage\"},\"image\":{\"@id\":\"https:\\\/\\\/www.karaoketexty.cz\\\/magazin\\\/vera-ellen-dela-hudbu-po-svem-a-v-mori-umelych-hvezd-je-osvezujici-anomalii\\\/#primaryimage\"},\"thumbnailUrl\":\"https:\\\/\\\/www.karaoketexty.cz\\\/magazin\\\/wp-content\\\/uploads\\\/2025\\\/11\\\/juli-koli.jpg\",\"datePublished\":\"2026-09-03T08:37:00+00:00\",\"author\":{\"@id\":\"https:\\\/\\\/www.karaoketexty.cz\\\/magazin\\\/#\\\/schema\\\/person\\\/03220d610ed4cba378a72bac3443f821\"},\"description\":\"Vera Ellen vydala album Heaven Knows What Time a Rolling Stone ji za\u0159adil do Future of Music 2026. Kdo je tahle DIY hudebnice z Wellingtonu?\",\"breadcrumb\":{\"@id\":\"https:\\\/\\\/www.karaoketexty.cz\\\/magazin\\\/vera-ellen-dela-hudbu-po-svem-a-v-mori-umelych-hvezd-je-osvezujici-anomalii\\\/#breadcrumb\"},\"inLanguage\":\"cs\",\"potentialAction\":[{\"@type\":\"ReadAction\",\"target\":[\"https:\\\/\\\/www.karaoketexty.cz\\\/magazin\\\/vera-ellen-dela-hudbu-po-svem-a-v-mori-umelych-hvezd-je-osvezujici-anomalii\\\/\"]}]},{\"@type\":\"ImageObject\",\"inLanguage\":\"cs\",\"@id\":\"https:\\\/\\\/www.karaoketexty.cz\\\/magazin\\\/vera-ellen-dela-hudbu-po-svem-a-v-mori-umelych-hvezd-je-osvezujici-anomalii\\\/#primaryimage\",\"url\":\"https:\\\/\\\/www.karaoketexty.cz\\\/magazin\\\/wp-content\\\/uploads\\\/2025\\\/11\\\/juli-koli.jpg\",\"contentUrl\":\"https:\\\/\\\/www.karaoketexty.cz\\\/magazin\\\/wp-content\\\/uploads\\\/2025\\\/11\\\/juli-koli.jpg\",\"width\":1200,\"height\":675,\"caption\":\"Fotografie: Freepik\"},{\"@type\":\"BreadcrumbList\",\"@id\":\"https:\\\/\\\/www.karaoketexty.cz\\\/magazin\\\/vera-ellen-dela-hudbu-po-svem-a-v-mori-umelych-hvezd-je-osvezujici-anomalii\\\/#breadcrumb\",\"itemListElement\":[{\"@type\":\"ListItem\",\"position\":1,\"name\":\"Dom\u016f\",\"item\":\"https:\\\/\\\/www.karaoketexty.cz\\\/magazin\\\/\"},{\"@type\":\"ListItem\",\"position\":2,\"name\":\"Vera Ellen d\u011bl\u00e1 hudbu po sv\u00e9m a v mo\u0159i um\u011bl\u00fdch hv\u011bzd je osv\u011b\u017euj\u00edc\u00ed anom\u00e1li\u00ed\"}]},{\"@type\":\"WebSite\",\"@id\":\"https:\\\/\\\/www.karaoketexty.cz\\\/magazin\\\/#website\",\"url\":\"https:\\\/\\\/www.karaoketexty.cz\\\/magazin\\\/\",\"name\":\"Stars Magaz\u00edn Karaoketexty.cz\",\"description\":\"Stars Magaz\u00edn na Karaoketexty.cz je zam\u011b\u0159en\u00fd na novinky ze sv\u011bta hudby a celebrit. Obsahuje \u010dl\u00e1nky o zp\u011bv\u00e1c\u00edch, kapel\u00e1ch, nov\u00fdch albech, hudebn\u00edch trendech a dal\u0161\u00edch zaj\u00edmavostech z hudebn\u00edho pr\u016fmyslu.\",\"potentialAction\":[{\"@type\":\"SearchAction\",\"target\":{\"@type\":\"EntryPoint\",\"urlTemplate\":\"https:\\\/\\\/www.karaoketexty.cz\\\/magazin\\\/?s={search_term_string}\"},\"query-input\":{\"@type\":\"PropertyValueSpecification\",\"valueRequired\":true,\"valueName\":\"search_term_string\"}}],\"inLanguage\":\"cs\"},{\"@type\":\"Person\",\"@id\":\"https:\\\/\\\/www.karaoketexty.cz\\\/magazin\\\/#\\\/schema\\\/person\\\/03220d610ed4cba378a72bac3443f821\",\"name\":\"Veronika \u0160imkov\u00e1\",\"image\":{\"@type\":\"ImageObject\",\"inLanguage\":\"cs\",\"@id\":\"https:\\\/\\\/secure.gravatar.com\\\/avatar\\\/62af9cda83322200aaf20e60d0442fbca254ce18c0ffdcaaf83de31493c941a5?s=96&d=mm&r=g\",\"url\":\"https:\\\/\\\/secure.gravatar.com\\\/avatar\\\/62af9cda83322200aaf20e60d0442fbca254ce18c0ffdcaaf83de31493c941a5?s=96&d=mm&r=g\",\"contentUrl\":\"https:\\\/\\\/secure.gravatar.com\\\/avatar\\\/62af9cda83322200aaf20e60d0442fbca254ce18c0ffdcaaf83de31493c941a5?s=96&d=mm&r=g\",\"caption\":\"Veronika \u0160imkov\u00e1\"},\"url\":\"https:\\\/\\\/www.karaoketexty.cz\\\/magazin\\\/author\\\/veronikasimkova\\\/\"}]}<\/script>\n<!-- \/ Yoast SEO plugin. -->","yoast_head_json":{"title":"Vera Ellen je novoz\u00e9landsk\u00e1 hudebnice, kter\u00e1 z\u016fst\u00e1v\u00e1 sv\u00e1","description":"Vera Ellen vydala album Heaven Knows What Time a Rolling Stone ji za\u0159adil do Future of Music 2026. Kdo je tahle DIY hudebnice z Wellingtonu?","robots":{"index":"index","follow":"follow","max-snippet":"max-snippet:-1","max-image-preview":"max-image-preview:large","max-video-preview":"max-video-preview:-1"},"canonical":"https:\/\/www.karaoketexty.cz\/magazin\/vera-ellen-dela-hudbu-po-svem-a-v-mori-umelych-hvezd-je-osvezujici-anomalii\/","og_locale":"cs_CZ","og_type":"article","og_title":"Vera Ellen je novoz\u00e9landsk\u00e1 hudebnice, kter\u00e1 z\u016fst\u00e1v\u00e1 sv\u00e1","og_description":"Vera Ellen vydala album Heaven Knows What Time a Rolling Stone ji za\u0159adil do Future of Music 2026. Kdo je tahle DIY hudebnice z Wellingtonu?","og_url":"https:\/\/www.karaoketexty.cz\/magazin\/vera-ellen-dela-hudbu-po-svem-a-v-mori-umelych-hvezd-je-osvezujici-anomalii\/","og_site_name":"Stars Magaz\u00edn Karaoketexty.cz","article_published_time":"2026-09-03T08:37:00+00:00","og_image":[{"width":1200,"height":675,"url":"https:\/\/www.karaoketexty.cz\/magazin\/wp-content\/uploads\/2025\/11\/juli-koli.jpg","type":"image\/jpeg"}],"author":"Veronika \u0160imkov\u00e1","twitter_card":"summary_large_image","twitter_misc":{"Napsal(a)":"Veronika \u0160imkov\u00e1","Odhadovan\u00e1 doba \u010dten\u00ed":"3 minuty"},"schema":{"@context":"https:\/\/schema.org","@graph":[{"@type":"Article","@id":"https:\/\/www.karaoketexty.cz\/magazin\/vera-ellen-dela-hudbu-po-svem-a-v-mori-umelych-hvezd-je-osvezujici-anomalii\/#article","isPartOf":{"@id":"https:\/\/www.karaoketexty.cz\/magazin\/vera-ellen-dela-hudbu-po-svem-a-v-mori-umelych-hvezd-je-osvezujici-anomalii\/"},"author":{"name":"Veronika \u0160imkov\u00e1","@id":"https:\/\/www.karaoketexty.cz\/magazin\/#\/schema\/person\/03220d610ed4cba378a72bac3443f821"},"headline":"Vera Ellen d\u011bl\u00e1 hudbu po sv\u00e9m a v mo\u0159i um\u011bl\u00fdch hv\u011bzd je osv\u011b\u017euj\u00edc\u00ed anom\u00e1li\u00ed","datePublished":"2026-09-03T08:37:00+00:00","mainEntityOfPage":{"@id":"https:\/\/www.karaoketexty.cz\/magazin\/vera-ellen-dela-hudbu-po-svem-a-v-mori-umelych-hvezd-je-osvezujici-anomalii\/"},"wordCount":491,"commentCount":0,"image":{"@id":"https:\/\/www.karaoketexty.cz\/magazin\/vera-ellen-dela-hudbu-po-svem-a-v-mori-umelych-hvezd-je-osvezujici-anomalii\/#primaryimage"},"thumbnailUrl":"https:\/\/www.karaoketexty.cz\/magazin\/wp-content\/uploads\/2025\/11\/juli-koli.jpg","keywords":["Aldous Harding","autorsk\u00e1 hudba","Crowded House","Flying Nun Records","Heaven Knows What Time","hudebn\u00ed festival","indie pop","novoz\u00e9landsk\u00e1 hudba","Sydney Opera House","Taite Music Prize","Vera Ellen","\u017eensk\u00e1 um\u011blkyn\u011b"],"articleSection":["Zaj\u00edmavosti"],"inLanguage":"cs","potentialAction":[{"@type":"CommentAction","name":"Comment","target":["https:\/\/www.karaoketexty.cz\/magazin\/vera-ellen-dela-hudbu-po-svem-a-v-mori-umelych-hvezd-je-osvezujici-anomalii\/#respond"]}]},{"@type":"WebPage","@id":"https:\/\/www.karaoketexty.cz\/magazin\/vera-ellen-dela-hudbu-po-svem-a-v-mori-umelych-hvezd-je-osvezujici-anomalii\/","url":"https:\/\/www.karaoketexty.cz\/magazin\/vera-ellen-dela-hudbu-po-svem-a-v-mori-umelych-hvezd-je-osvezujici-anomalii\/","name":"Vera Ellen je novoz\u00e9landsk\u00e1 hudebnice, kter\u00e1 z\u016fst\u00e1v\u00e1 sv\u00e1","isPartOf":{"@id":"https:\/\/www.karaoketexty.cz\/magazin\/#website"},"primaryImageOfPage":{"@id":"https:\/\/www.karaoketexty.cz\/magazin\/vera-ellen-dela-hudbu-po-svem-a-v-mori-umelych-hvezd-je-osvezujici-anomalii\/#primaryimage"},"image":{"@id":"https:\/\/www.karaoketexty.cz\/magazin\/vera-ellen-dela-hudbu-po-svem-a-v-mori-umelych-hvezd-je-osvezujici-anomalii\/#primaryimage"},"thumbnailUrl":"https:\/\/www.karaoketexty.cz\/magazin\/wp-content\/uploads\/2025\/11\/juli-koli.jpg","datePublished":"2026-09-03T08:37:00+00:00","author":{"@id":"https:\/\/www.karaoketexty.cz\/magazin\/#\/schema\/person\/03220d610ed4cba378a72bac3443f821"},"description":"Vera Ellen vydala album Heaven Knows What Time a Rolling Stone ji za\u0159adil do Future of Music 2026. Kdo je tahle DIY hudebnice z Wellingtonu?","breadcrumb":{"@id":"https:\/\/www.karaoketexty.cz\/magazin\/vera-ellen-dela-hudbu-po-svem-a-v-mori-umelych-hvezd-je-osvezujici-anomalii\/#breadcrumb"},"inLanguage":"cs","potentialAction":[{"@type":"ReadAction","target":["https:\/\/www.karaoketexty.cz\/magazin\/vera-ellen-dela-hudbu-po-svem-a-v-mori-umelych-hvezd-je-osvezujici-anomalii\/"]}]},{"@type":"ImageObject","inLanguage":"cs","@id":"https:\/\/www.karaoketexty.cz\/magazin\/vera-ellen-dela-hudbu-po-svem-a-v-mori-umelych-hvezd-je-osvezujici-anomalii\/#primaryimage","url":"https:\/\/www.karaoketexty.cz\/magazin\/wp-content\/uploads\/2025\/11\/juli-koli.jpg","contentUrl":"https:\/\/www.karaoketexty.cz\/magazin\/wp-content\/uploads\/2025\/11\/juli-koli.jpg","width":1200,"height":675,"caption":"Fotografie: Freepik"},{"@type":"BreadcrumbList","@id":"https:\/\/www.karaoketexty.cz\/magazin\/vera-ellen-dela-hudbu-po-svem-a-v-mori-umelych-hvezd-je-osvezujici-anomalii\/#breadcrumb","itemListElement":[{"@type":"ListItem","position":1,"name":"Dom\u016f","item":"https:\/\/www.karaoketexty.cz\/magazin\/"},{"@type":"ListItem","position":2,"name":"Vera Ellen d\u011bl\u00e1 hudbu po sv\u00e9m a v mo\u0159i um\u011bl\u00fdch hv\u011bzd je osv\u011b\u017euj\u00edc\u00ed anom\u00e1li\u00ed"}]},{"@type":"WebSite","@id":"https:\/\/www.karaoketexty.cz\/magazin\/#website","url":"https:\/\/www.karaoketexty.cz\/magazin\/","name":"Stars Magaz\u00edn Karaoketexty.cz","description":"Stars Magaz\u00edn na Karaoketexty.cz je zam\u011b\u0159en\u00fd na novinky ze sv\u011bta hudby a celebrit. Obsahuje \u010dl\u00e1nky o zp\u011bv\u00e1c\u00edch, kapel\u00e1ch, nov\u00fdch albech, hudebn\u00edch trendech a dal\u0161\u00edch zaj\u00edmavostech z hudebn\u00edho pr\u016fmyslu.","potentialAction":[{"@type":"SearchAction","target":{"@type":"EntryPoint","urlTemplate":"https:\/\/www.karaoketexty.cz\/magazin\/?s={search_term_string}"},"query-input":{"@type":"PropertyValueSpecification","valueRequired":true,"valueName":"search_term_string"}}],"inLanguage":"cs"},{"@type":"Person","@id":"https:\/\/www.karaoketexty.cz\/magazin\/#\/schema\/person\/03220d610ed4cba378a72bac3443f821","name":"Veronika \u0160imkov\u00e1","image":{"@type":"ImageObject","inLanguage":"cs","@id":"https:\/\/secure.gravatar.com\/avatar\/62af9cda83322200aaf20e60d0442fbca254ce18c0ffdcaaf83de31493c941a5?s=96&d=mm&r=g","url":"https:\/\/secure.gravatar.com\/avatar\/62af9cda83322200aaf20e60d0442fbca254ce18c0ffdcaaf83de31493c941a5?s=96&d=mm&r=g","contentUrl":"https:\/\/secure.gravatar.com\/avatar\/62af9cda83322200aaf20e60d0442fbca254ce18c0ffdcaaf83de31493c941a5?s=96&d=mm&r=g","caption":"Veronika \u0160imkov\u00e1"},"url":"https:\/\/www.karaoketexty.cz\/magazin\/author\/veronikasimkova\/"}]}},"_links":{"self":[{"href":"https:\/\/www.karaoketexty.cz\/magazin\/wp-json\/wp\/v2\/posts\/17917","targetHints":{"allow":["GET"]}}],"collection":[{"href":"https:\/\/www.karaoketexty.cz\/magazin\/wp-json\/wp\/v2\/posts"}],"about":[{"href":"https:\/\/www.karaoketexty.cz\/magazin\/wp-json\/wp\/v2\/types\/post"}],"author":[{"embeddable":true,"href":"https:\/\/www.karaoketexty.cz\/magazin\/wp-json\/wp\/v2\/users\/5"}],"replies":[{"embeddable":true,"href":"https:\/\/www.karaoketexty.cz\/magazin\/wp-json\/wp\/v2\/comments?post=17917"}],"version-history":[{"count":4,"href":"https:\/\/www.karaoketexty.cz\/magazin\/wp-json\/wp\/v2\/posts\/17917\/revisions"}],"predecessor-version":[{"id":19066,"href":"https:\/\/www.karaoketexty.cz\/magazin\/wp-json\/wp\/v2\/posts\/17917\/revisions\/19066"}],"wp:featuredmedia":[{"embeddable":true,"href":"https:\/\/www.karaoketexty.cz\/magazin\/wp-json\/wp\/v2\/media\/4382"}],"wp:attachment":[{"href":"https:\/\/www.karaoketexty.cz\/magazin\/wp-json\/wp\/v2\/media?parent=17917"}],"wp:term":[{"taxonomy":"category","embeddable":true,"href":"https:\/\/www.karaoketexty.cz\/magazin\/wp-json\/wp\/v2\/categories?post=17917"},{"taxonomy":"post_tag","embeddable":true,"href":"https:\/\/www.karaoketexty.cz\/magazin\/wp-json\/wp\/v2\/tags?post=17917"}],"curies":[{"name":"wp","href":"https:\/\/api.w.org\/{rel}","templated":true}]}}