{"id":17911,"date":"2026-09-03T06:00:00","date_gmt":"2026-09-03T04:00:00","guid":{"rendered":"https:\/\/www.karaoketexty.cz\/magazin\/?p=17911"},"modified":"2026-09-02T20:54:50","modified_gmt":"2026-09-02T18:54:50","slug":"nikdo-mu-to-netipuje-ales-brichta-slavi-67-a-odhaluje-pribeh-ktery-stoji-za-ztratou-oka","status":"publish","type":"post","link":"https:\/\/www.karaoketexty.cz\/magazin\/nikdo-mu-to-netipuje-ales-brichta-slavi-67-a-odhaluje-pribeh-ktery-stoji-za-ztratou-oka\/","title":{"rendered":"Nikdo mu to netipuje: Ale\u0161 Brichta slav\u00ed 67 a odhaluje p\u0159\u00edb\u011bh, kter\u00fd stoj\u00ed za ztr\u00e1tou oka"},"content":{"rendered":"\n<p class=\"wp-block-paragraph\"><strong>Ale\u0161 Brichta oslavil kr\u00e1sn\u00fdch 67 let. M\u00e1lokdo tu\u0161\u00ed, \u017ee jeho boj se zrakem za\u010dal u\u017e v \u0161estn\u00e1cti po v\u00e1\u017en\u00e9 autonehod\u011b a neskon\u010dil dodnes.<\/strong><\/p>\n\n\n\n<p class=\"wp-block-paragraph\">Na Karaoketexty n\u00e1s zaj\u00edmalo, co se skute\u010dn\u011b skr\u00fdv\u00e1 za ikonou \u010desk\u00e9 metalov\u00e9 sc\u00e9ny, Ale\u0161em Brichtou. Odpov\u011b\u010f nen\u00ed jednoduch\u00e1. Pat\u0159\u00ed do n\u00ed nehoda, ztr\u00e1ta, dluhy i \u017eena, kter\u00e1 p\u0159i\u0161la do baru na \u0161ipky a u\u017e z\u016fstala v jeho \u017eivot\u011b.<\/p>\n\n\n<!-- karaoketexty.cz \/ rectangle2 -->\n<div id=\"PX_37086_709110796310826\"><\/div>\n<script>\n   if(!useMobileAds && !boolUseSeznamAds && !hideAllAds){\n     window.px2 = window.px2 || { conf: {},queue: [] };\n     px2.queue.push(function () {\n        px2.render({\n           slot: {\n              id: 37086\n           },\n            elem: \"PX_37086_709110796310826\"\n        })\n     });\n  }\n<\/script>\n\n<!-- karaoketexty.cz \/ mobile-rectangle3 -->\n<div id=\"PX_37044_714599773297004\"><\/div>\n<script>\n   if(useMobileAds && !boolUseSeznamAds && !hideAllAds){\nwindow.px2 = window.px2 || { conf: {},queue: [] };\npx2.queue.push(function () {\n\tpx2.render({\n\t\tslot: {\n\t\t\tid: 37044\n\t\t},\n\t\telem: \"PX_37044_714599773297004\"\n\t})\n});\n}\n<\/script>\n\n\n<h2 class=\"wp-block-heading\">Kari\u00e9ra trvaj\u00edc\u00ed p\u0159es \u010dty\u0159i desetilet\u00ed<\/h2>\n\n\n\n<p class=\"wp-block-paragraph\">Ale\u0161 Brichta se k hudb\u011b dostal u\u017e ve \u0161koln\u00edch letech. Nejd\u0159\u00edv ho ovliv\u0148ovala americk\u00e1 country a folk, a\u017e potom p\u0159e\u0161el k rocku a b\u011bhem studia vyst\u0159\u00eddal n\u011bkolik kapel, mimo jin\u00e9 Kentaur, Projektil a Apad. Z posledn\u011b jmenovan\u00e9 skupiny se na za\u010d\u00e1tku roku 1982 odd\u011blila sestava, kter\u00e1 zalo\u017eila Arakain. Brichta se stal jeho zp\u011bv\u00e1kem, na za\u010d\u00e1tku ale tak\u00e9 hr\u00e1l na kytaru a pod\u00edlel se na tvorb\u011b text\u016f. Z Arakainu se postupn\u011b stala jedna z nejv\u00fdznamn\u011bj\u0161\u00edch \u010desk\u00fdch metalov\u00fdch kapel a Brichta jej\u00edm v\u00fdrazn\u00fdm frontmanem.<\/p>\n\n\n\n<p class=\"wp-block-paragraph\">Vedle Arakainu se Brichta v\u011bnoval tak\u00e9 dal\u0161\u00edm projekt\u016fm. V roce 1993 se pod\u00edlel na Zem\u011bt\u0159esen\u00ed, v\u011bnovan\u00e9m odkazu Ji\u0159\u00edho Schelingera, a od roku 1994 rozv\u00edjel s\u00f3lovou kari\u00e9ru, kterou odstartovalo album R\u016f\u017ee pro Algernon. Jeho prvn\u00edm v\u00fdrazn\u00fdm s\u00f3lov\u00fdm hitem byl Bar\u00e1k na vodst\u0159el, pozd\u011bji se prosadily nap\u0159\u00edklad D\u00edvka s perlami ve vlasech nebo V\u00fdlet do b\u00e1j\u00ed. V projektu Hattrick pak vznikla p\u00edse\u0148 Nechte vlajky vl\u00e1t, kter\u00e1 se v roce 2006 stala ofici\u00e1ln\u00ed hymnou \u010desk\u00e9 fotbalov\u00e9 reprezentace pro mistrovstv\u00ed sv\u011bta v N\u011bmecku. Brichta opustil Arakain po dvaceti letech v roce 2002 a n\u00e1sledn\u011b p\u016fsobil mimo jin\u00e9 v Ale\u0161 Brichta Bandu a Ale\u0161 Brichta Projectu. V\u00fdraznou sou\u010d\u00e1st\u00ed jeho kari\u00e9ry bylo tak\u00e9 \u00fa\u010dinkov\u00e1n\u00ed v muzik\u00e1lu Jesus Christ Superstar, kde ztv\u00e1rnil Pil\u00e1ta.<\/p>\n\n\n<!-- karaoketexty.cz \/ interscroller1 -->\n\n<div id=\"PX_37041_825057871452834\"><\/div>\n<script>\nif(useMobileAds && !boolUseSeznamAds && !hideAllAds){\n\twindow.px2 = window.px2 || { conf: {},queue: [] };\n\tpx2.queue.push(function () {\n\t\tpx2.render({\n\t\t\tslot: {\n\t\t\t\tid: 37041\n\t\t\t},\n\t\t\telem: \"PX_37041_825057871452834\"\n\t\t})\n\t});\n}\n<\/script>\n\n\n<h2 class=\"wp-block-heading\">Osudov\u00e1 proj\u00ed\u017e\u010fka v \u0161estn\u00e1cti<\/h2>\n\n\n\n<p class=\"wp-block-paragraph\">K jeho rockersk\u00e9mu vzez\u0159en\u00ed v\u017edycky p\u0159isp\u00edvaly i tmav\u00e9 br\u00fdle, ty ov\u0161em nenos\u00ed z rozmaru. Psal se rok 1976, kdy\u017e \u0161estn\u00e1ctilet\u00fd Brichta na\u0161el doma kl\u00ed\u010dky od auta a vyrazil s kamar\u00e1dy na proj\u00ed\u017e\u010fku sm\u011brem na \u010cesk\u00fd Brod. Za volant pustil jednoho z nich, a to se uk\u00e1zalo jako osudov\u00e1 chyba. Auto skon\u010dilo v p\u0159\u00edkopu, nep\u0159ipoutan\u00fd Brichta prol\u00e9tl \u010deln\u00edm sklem. L\u00e9ka\u0159i mu obli\u010dej za\u0161ili sedmdes\u00e1ti stehy. Lev\u00e9 oko u\u017e zachr\u00e1nit nedok\u00e1zali.<\/p>\n\n\n\n<p class=\"wp-block-paragraph\">O dva roky pozd\u011bji, v roce 1978, dostal um\u011blou n\u00e1hradu. Po estetick\u00e9 str\u00e1nce fungovala, zrak ale nenahradila. Tehdy za\u010dal nosit sv\u00e9 typick\u00e9 \u010dern\u00e9 br\u00fdle. Ne\u0161lo tedy jen o ot\u00e1zku image. L\u00e9ka\u0159i je doporu\u010dili kv\u016fli sn\u00ed\u017een\u00ed rizika \u0161erosleposti a z\u00e1rove\u0148 mu pom\u00e1haly i psychicky. Z\u016fstaly s n\u00edm a po \u010dty\u0159i desetilet\u00ed jsou jedn\u00edm z jeho pozn\u00e1vac\u00edch znak\u016f.<\/p>\n\n\n\n<h2 class=\"wp-block-heading\">Druh\u00e1 r\u00e1na a komplikace na s\u00e1le<\/h2>\n\n\n\n<p class=\"wp-block-paragraph\">Jen\u017ee t\u00edm to neskon\u010dilo. V roce 2017 musel Brichta podstoupit operaci \u0161ed\u00e9ho z\u00e1kalu na prav\u00e9m oku, tedy na jedin\u00e9m oku, kter\u00e9 je\u0161t\u011b fungovalo. <em>\u201e\u0158ekli mi, \u017ee ten z\u00e1krok je vcelku jednoduch\u00fd, tak\u017ee jsem byl relativn\u011b v kl\u00eddku,\u201c<\/em> p\u0159iznal v rozhovoru. Z\u00e1krok se ale zkomplikoval. B\u011bhem operace se objevil hematom, kter\u00fd po\u0161kodil zrakov\u00e9 centrum p\u0159\u00edmo v mozku. V\u00fdsledek je tvrd\u00fd: zp\u011bv\u00e1k dnes vid\u00ed jen minim\u00e1ln\u011b.<\/p>\n\n\n\n<figure class=\"wp-block-embed is-type-video is-provider-youtube wp-block-embed-youtube wp-embed-aspect-16-9 wp-has-aspect-ratio\"><div class=\"wp-block-embed__wrapper\">\n<iframe title=\"Ale\u0161 Brichta - D\u00edvka s perlami ve vlasech (Gy\u00f6ngyhaj\u00fa l\u00e1ny) (ofici\u00e1ln\u00ed video)\" width=\"500\" height=\"281\" src=\"https:\/\/www.youtube.com\/embed\/f7OhR4aylxA?feature=oembed\" frameborder=\"0\" allow=\"accelerometer; autoplay; clipboard-write; encrypted-media; gyroscope; picture-in-picture; web-share\" referrerpolicy=\"strict-origin-when-cross-origin\" allowfullscreen><\/iframe>\n<\/div><\/figure>\n\n\n\n<p class=\"wp-block-paragraph\">S\u00e1m Brichta odm\u00edt\u00e1 \u0159e\u010di o \u00fapln\u00e9 slepot\u011b s typick\u00fdm nadhledem: <em>\u201eRozhodn\u011b nep\u0159ich\u00e1z\u00edm o zrak, proto\u017ee vid\u00edm bohu\u017eel asi tak \u0161edes\u00e1t let furt stejn\u011b: tak\u017ee co s t\u00edm m\u00e1m d\u011blat,\u201c<\/em> \u0159ekl pro Extra.cz. Je ale z\u0159ejm\u00e9, \u017ee zcela bez pomoci druh\u00fdch se dnes neobejde.<\/p>\n\n\n\n<h2 class=\"wp-block-heading\">Man\u017eelka jako z\u00e1chrann\u00fd kruh<\/h2>\n\n\n\n<p class=\"wp-block-paragraph\">Na p\u00f3dium ho \u010dasto doprov\u00e1z\u00ed man\u017eelka Joanna Pawliszyn, kter\u00e1 je o t\u0159iadvacet let mlad\u0161\u00ed. Vzali se v roce 2016, poznali se v baru p\u0159i \u0161ipk\u00e1ch. <em>\u201eMoje \u017eena by m\u011bla sp\u00ed\u0161 br\u00e1t plat o\u0161et\u0159ovatelky. Bez n\u00ed bych neud\u011blal nic. J\u00e1 bych si r\u00e1no neud\u011blal ani \u010daj,\u201c<\/em> \u0159ekl Brichta pro Super.cz. Na koncertech se pohybuje jen minim\u00e1ln\u011b, aby neriskoval p\u00e1d. Hlas mu ale z\u016fstal.<\/p>\n\n\n\n<p class=\"wp-block-paragraph\">Dal\u0161\u00ed z \u017eivotn\u00edch ran p\u0159i\u0161la p\u0159es pen\u00edze. Kv\u016fli vlastn\u00edmu \u010dasopisu se zadlu\u017eil a musel prodat oba byty i chalupu. Dnes \u017eije v n\u00e1jmu v garsonce. P\u0159esto d\u00e1l koncertuje. Se svou kapelou Ale\u0161 Brichta Project, kter\u00e1 je na sc\u00e9n\u011b od roku 1982 a formovala i jeho vlastn\u00ed dr\u00e1hu.<\/p>\n\n\n\n<p class=\"wp-block-paragraph\">Sedma\u0161edes\u00e1t let, jedno um\u011bl\u00e9 oko, po\u0161kozen\u00e9 zrakov\u00e9 centrum, pr\u00e1zdn\u00fd \u00fa\u010det. A po\u0159\u00e1d na p\u00f3diu. Svoje trable nijak nerozmaz\u00e1v\u00e1 a ned\u011bl\u00e1 kv\u016fli sv\u00fdm zdravotn\u00edm pat\u00e1li\u00edm ani \u017e\u00e1dnou dojemnou te\u010dku. Jednodu\u0161e Brichta, tak jak ho \u010de\u0161t\u00ed fanou\u0161ci znaj\u00ed u\u017e roky.<\/p>\n\n\n\n<p class=\"wp-block-paragraph\">Zdroj: Autorsk\u00fd text, <a href=\"https:\/\/en.wikipedia.org\/wiki\/Ale%C5%A1_Brichta\" target=\"_blank\" rel=\"nofollow\">Wikipedie<\/a>, <a href=\"https:\/\/www.idnes.cz\/zpravy\/revue\/spolecnost\/ales-brichta-rozhovor-limuzina-exekuce-dluhy-podvod-byt-zrak-hejda-rocker-bezdomovec-pujcka.A190917_113550_lidicky_sub\" target=\"_blank\" rel=\"noreferrer noopener nofollow\">iDnes<\/a>, <a href=\"https:\/\/www.idnes.cz\/kultura\/hudba\/ales-brichta-tema.A170208_152049_hudba_vha\" target=\"_blank\" rel=\"noreferrer noopener nofollow\">iDnes<\/a>, <a href=\"https:\/\/www.super.cz\/clanek\/celebrity-poznali-byste-jeste-alese-brichtu-takto-se-na-nem-podepsaly-zavazne-zdravotni-problemy-770425\" target=\"_blank\" rel=\"noreferrer noopener nofollow\">Super.cz<\/a><\/p>\n\n\n\n<p class=\"wp-block-paragraph\"><\/p>\n\n\n            <a href=\"https:\/\/www.karaoketexty.cz\/magazin\/velky-navrat-po-letech-faith-no-more-se-vraceji-na-koncertni-podia\/\" class=\"related-post-link\">\n                <div class=\"post-thumbnail\">\n                    <img decoding=\"async\" width=\"250\" height=\"167\" src=\"https:\/\/www.karaoketexty.cz\/magazin\/wp-content\/uploads\/2026\/08\/Faith-No-More-v-Chile-v-roce-2010.png\" class=\"attachment-250x180 size-250x180 has-transparency\" alt=\"Faith No More v Chile v roce 2010\" srcset=\"https:\/\/www.karaoketexty.cz\/magazin\/wp-content\/uploads\/2026\/08\/Faith-No-More-v-Chile-v-roce-2010.png 1200w, https:\/\/www.karaoketexty.cz\/magazin\/wp-content\/uploads\/2026\/08\/Faith-No-More-v-Chile-v-roce-2010-300x200.png 300w, https:\/\/www.karaoketexty.cz\/magazin\/wp-content\/uploads\/2026\/08\/Faith-No-More-v-Chile-v-roce-2010-1024x683.png 1024w, https:\/\/www.karaoketexty.cz\/magazin\/wp-content\/uploads\/2026\/08\/Faith-No-More-v-Chile-v-roce-2010-768x512.png 768w, https:\/\/www.karaoketexty.cz\/magazin\/wp-content\/uploads\/2026\/08\/Faith-No-More-v-Chile-v-roce-2010-800x533.png 800w\" sizes=\"(max-width: 250px) 100vw, 250px\" data-has-transparency=\"true\" data-dominant-color=\"49455c\" style=\"--dominant-color: #49455c;\" \/>                <\/div>\n                <div class=\"post-details\">\n                    <span class=\"also-read\">\u010ct\u011bte tak\u00e9:<\/span>\n                    <h3 class=\"hed\">Velk\u00fd n\u00e1vrat po letech: Faith No More se vracej\u00ed na koncertn\u00ed p\u00f3dia<\/h3>\n                <\/div>\n            <\/a>\n            \n\n            <a href=\"https:\/\/www.karaoketexty.cz\/magazin\/slzy-i-nadeje-ivana-gottova-popsala-co-prozivala-pri-odchodu-karla-gotta-a-veri-ze-se-znovu-setkaji\/\" class=\"related-post-link\">\n                <div class=\"post-thumbnail\">\n                    <img decoding=\"async\" width=\"250\" height=\"141\" src=\"https:\/\/www.karaoketexty.cz\/magazin\/wp-content\/uploads\/2026\/05\/karel-gott-ivana.jpg\" class=\"attachment-250x180 size-250x180 not-transparent\" alt=\"Karel Gott a Ivana Gottov\u00e1\" srcset=\"https:\/\/www.karaoketexty.cz\/magazin\/wp-content\/uploads\/2026\/05\/karel-gott-ivana.jpg 1200w, https:\/\/www.karaoketexty.cz\/magazin\/wp-content\/uploads\/2026\/05\/karel-gott-ivana-300x169.jpg 300w, https:\/\/www.karaoketexty.cz\/magazin\/wp-content\/uploads\/2026\/05\/karel-gott-ivana-1024x576.jpg 1024w, https:\/\/www.karaoketexty.cz\/magazin\/wp-content\/uploads\/2026\/05\/karel-gott-ivana-768x432.jpg 768w, https:\/\/www.karaoketexty.cz\/magazin\/wp-content\/uploads\/2026\/05\/karel-gott-ivana-800x450.jpg 800w\" sizes=\"(max-width: 250px) 100vw, 250px\" data-has-transparency=\"false\" data-dominant-color=\"413129\" style=\"--dominant-color: #413129;\" \/>                <\/div>\n                <div class=\"post-details\">\n                    <span class=\"also-read\">\u010ct\u011bte tak\u00e9:<\/span>\n                    <h3 class=\"hed\">Slzy i nad\u011bje: Ivana Gottov\u00e1 popsala, co pro\u017e\u00edvala p\u0159i odchodu Karla Gotta, a v\u011b\u0159\u00ed, \u017ee se znovu setkaj\u00ed<\/h3>\n                <\/div>\n            <\/a>\n            ","protected":false},"excerpt":{"rendered":"<p>Ale\u0161 Brichta oslavil kr\u00e1sn\u00fdch 67 let. M\u00e1lokdo tu\u0161\u00ed, \u017ee jeho boj se zrakem za\u010dal u\u017e v \u0161estn\u00e1cti po v\u00e1\u017en\u00e9 autonehod\u011b a neskon\u010dil dodnes.<\/p>\n","protected":false},"author":5,"featured_media":12215,"comment_status":"open","ping_status":"closed","sticky":false,"template":"","format":"standard","meta":{"footnotes":""},"categories":[1059],"tags":[344,4825,11386,7694,582,4271,11387,490,408,743,1249],"class_list":["post-17911","post","type-post","status-publish","format-standard","has-post-thumbnail","hentry","category-celebrity","tag-ales-brichta","tag-arakain","tag-ceska-metalova-scena","tag-hudebni-magazin","tag-jesus-christ-superstar","tag-jiri-schelinger","tag-joanna-pawliszyn","tag-koncerty","tag-rock","tag-solova-kariera","tag-zivotni-pribeh"],"yoast_head":"<!-- This site is optimized with the Yoast SEO plugin v28.3 - https:\/\/yoast.com\/product\/yoast-seo-wordpress\/ -->\n<title>Ale\u0161 Brichta: 67 let, ztr\u00e1ta oka a energie, kter\u00e1 zahanb\u00ed t\u0159ic\u00e1tn\u00edky<\/title>\n<meta name=\"description\" content=\"Rocker Ale\u0161 Brichta slav\u00ed 67. narozeniny. Jeho \u017eivotn\u00ed p\u0159\u00edb\u011bh je pln\u00fd ran, kter\u00e9 by mnoh\u00e9 zlomily, a p\u0159esto stoj\u00ed na p\u00f3diu.\" \/>\n<meta name=\"robots\" content=\"index, follow, max-snippet:-1, max-image-preview:large, max-video-preview:-1\" \/>\n<link rel=\"canonical\" href=\"https:\/\/www.karaoketexty.cz\/magazin\/nikdo-mu-to-netipuje-ales-brichta-slavi-67-a-odhaluje-pribeh-ktery-stoji-za-ztratou-oka\/\" \/>\n<meta property=\"og:locale\" content=\"cs_CZ\" \/>\n<meta property=\"og:type\" content=\"article\" \/>\n<meta property=\"og:title\" content=\"Ale\u0161 Brichta: 67 let, ztr\u00e1ta oka a energie, kter\u00e1 zahanb\u00ed t\u0159ic\u00e1tn\u00edky\" \/>\n<meta property=\"og:description\" content=\"Rocker Ale\u0161 Brichta slav\u00ed 67. narozeniny. Jeho \u017eivotn\u00ed p\u0159\u00edb\u011bh je pln\u00fd ran, kter\u00e9 by mnoh\u00e9 zlomily, a p\u0159esto stoj\u00ed na p\u00f3diu.\" \/>\n<meta property=\"og:url\" content=\"https:\/\/www.karaoketexty.cz\/magazin\/nikdo-mu-to-netipuje-ales-brichta-slavi-67-a-odhaluje-pribeh-ktery-stoji-za-ztratou-oka\/\" \/>\n<meta property=\"og:site_name\" content=\"Stars Magaz\u00edn Karaoketexty.cz\" \/>\n<meta property=\"article:published_time\" content=\"2026-09-03T04:00:00+00:00\" \/>\n<meta property=\"og:image\" content=\"https:\/\/www.karaoketexty.cz\/magazin\/wp-content\/uploads\/2026\/06\/ales-brichta.jpg\" \/>\n\t<meta property=\"og:image:width\" content=\"1200\" \/>\n\t<meta property=\"og:image:height\" content=\"925\" \/>\n\t<meta property=\"og:image:type\" content=\"image\/jpeg\" \/>\n<meta name=\"author\" content=\"Veronika \u0160imkov\u00e1\" \/>\n<meta name=\"twitter:card\" content=\"summary_large_image\" \/>\n<meta name=\"twitter:label1\" content=\"Napsal(a)\" \/>\n\t<meta name=\"twitter:data1\" content=\"Veronika \u0160imkov\u00e1\" \/>\n\t<meta name=\"twitter:label2\" content=\"Odhadovan\u00e1 doba \u010dten\u00ed\" \/>\n\t<meta name=\"twitter:data2\" content=\"4 minuty\" \/>\n<script type=\"application\/ld+json\" class=\"yoast-schema-graph\">{\"@context\":\"https:\\\/\\\/schema.org\",\"@graph\":[{\"@type\":\"Article\",\"@id\":\"https:\\\/\\\/www.karaoketexty.cz\\\/magazin\\\/nikdo-mu-to-netipuje-ales-brichta-slavi-67-a-odhaluje-pribeh-ktery-stoji-za-ztratou-oka\\\/#article\",\"isPartOf\":{\"@id\":\"https:\\\/\\\/www.karaoketexty.cz\\\/magazin\\\/nikdo-mu-to-netipuje-ales-brichta-slavi-67-a-odhaluje-pribeh-ktery-stoji-za-ztratou-oka\\\/\"},\"author\":{\"name\":\"Veronika \u0160imkov\u00e1\",\"@id\":\"https:\\\/\\\/www.karaoketexty.cz\\\/magazin\\\/#\\\/schema\\\/person\\\/03220d610ed4cba378a72bac3443f821\"},\"headline\":\"Nikdo mu to netipuje: Ale\u0161 Brichta slav\u00ed 67 a odhaluje p\u0159\u00edb\u011bh, kter\u00fd stoj\u00ed za ztr\u00e1tou oka\",\"datePublished\":\"2026-09-03T04:00:00+00:00\",\"mainEntityOfPage\":{\"@id\":\"https:\\\/\\\/www.karaoketexty.cz\\\/magazin\\\/nikdo-mu-to-netipuje-ales-brichta-slavi-67-a-odhaluje-pribeh-ktery-stoji-za-ztratou-oka\\\/\"},\"wordCount\":904,\"commentCount\":0,\"image\":{\"@id\":\"https:\\\/\\\/www.karaoketexty.cz\\\/magazin\\\/nikdo-mu-to-netipuje-ales-brichta-slavi-67-a-odhaluje-pribeh-ktery-stoji-za-ztratou-oka\\\/#primaryimage\"},\"thumbnailUrl\":\"https:\\\/\\\/www.karaoketexty.cz\\\/magazin\\\/wp-content\\\/uploads\\\/2026\\\/06\\\/ales-brichta.jpg\",\"keywords\":[\"Ale\u0161 Brichta\",\"Arakain\",\"\u010desk\u00e1 metalov\u00e1 sc\u00e9na\",\"hudebn\u00ed magaz\u00edn\",\"Jesus Christ Superstar\",\"Ji\u0159\u00ed Schelinger\",\"Joanna Pawliszyn\",\"koncerty\",\"rock\",\"s\u00f3lov\u00e1 kari\u00e9ra\",\"\u017eivotn\u00ed p\u0159\u00edb\u011bh\"],\"articleSection\":[\"Celebrity\"],\"inLanguage\":\"cs\",\"potentialAction\":[{\"@type\":\"CommentAction\",\"name\":\"Comment\",\"target\":[\"https:\\\/\\\/www.karaoketexty.cz\\\/magazin\\\/nikdo-mu-to-netipuje-ales-brichta-slavi-67-a-odhaluje-pribeh-ktery-stoji-za-ztratou-oka\\\/#respond\"]}]},{\"@type\":\"WebPage\",\"@id\":\"https:\\\/\\\/www.karaoketexty.cz\\\/magazin\\\/nikdo-mu-to-netipuje-ales-brichta-slavi-67-a-odhaluje-pribeh-ktery-stoji-za-ztratou-oka\\\/\",\"url\":\"https:\\\/\\\/www.karaoketexty.cz\\\/magazin\\\/nikdo-mu-to-netipuje-ales-brichta-slavi-67-a-odhaluje-pribeh-ktery-stoji-za-ztratou-oka\\\/\",\"name\":\"Ale\u0161 Brichta: 67 let, ztr\u00e1ta oka a energie, kter\u00e1 zahanb\u00ed t\u0159ic\u00e1tn\u00edky\",\"isPartOf\":{\"@id\":\"https:\\\/\\\/www.karaoketexty.cz\\\/magazin\\\/#website\"},\"primaryImageOfPage\":{\"@id\":\"https:\\\/\\\/www.karaoketexty.cz\\\/magazin\\\/nikdo-mu-to-netipuje-ales-brichta-slavi-67-a-odhaluje-pribeh-ktery-stoji-za-ztratou-oka\\\/#primaryimage\"},\"image\":{\"@id\":\"https:\\\/\\\/www.karaoketexty.cz\\\/magazin\\\/nikdo-mu-to-netipuje-ales-brichta-slavi-67-a-odhaluje-pribeh-ktery-stoji-za-ztratou-oka\\\/#primaryimage\"},\"thumbnailUrl\":\"https:\\\/\\\/www.karaoketexty.cz\\\/magazin\\\/wp-content\\\/uploads\\\/2026\\\/06\\\/ales-brichta.jpg\",\"datePublished\":\"2026-09-03T04:00:00+00:00\",\"author\":{\"@id\":\"https:\\\/\\\/www.karaoketexty.cz\\\/magazin\\\/#\\\/schema\\\/person\\\/03220d610ed4cba378a72bac3443f821\"},\"description\":\"Rocker Ale\u0161 Brichta slav\u00ed 67. narozeniny. Jeho \u017eivotn\u00ed p\u0159\u00edb\u011bh je pln\u00fd ran, kter\u00e9 by mnoh\u00e9 zlomily, a p\u0159esto stoj\u00ed na p\u00f3diu.\",\"breadcrumb\":{\"@id\":\"https:\\\/\\\/www.karaoketexty.cz\\\/magazin\\\/nikdo-mu-to-netipuje-ales-brichta-slavi-67-a-odhaluje-pribeh-ktery-stoji-za-ztratou-oka\\\/#breadcrumb\"},\"inLanguage\":\"cs\",\"potentialAction\":[{\"@type\":\"ReadAction\",\"target\":[\"https:\\\/\\\/www.karaoketexty.cz\\\/magazin\\\/nikdo-mu-to-netipuje-ales-brichta-slavi-67-a-odhaluje-pribeh-ktery-stoji-za-ztratou-oka\\\/\"]}]},{\"@type\":\"ImageObject\",\"inLanguage\":\"cs\",\"@id\":\"https:\\\/\\\/www.karaoketexty.cz\\\/magazin\\\/nikdo-mu-to-netipuje-ales-brichta-slavi-67-a-odhaluje-pribeh-ktery-stoji-za-ztratou-oka\\\/#primaryimage\",\"url\":\"https:\\\/\\\/www.karaoketexty.cz\\\/magazin\\\/wp-content\\\/uploads\\\/2026\\\/06\\\/ales-brichta.jpg\",\"contentUrl\":\"https:\\\/\\\/www.karaoketexty.cz\\\/magazin\\\/wp-content\\\/uploads\\\/2026\\\/06\\\/ales-brichta.jpg\",\"width\":1200,\"height\":925,\"caption\":\"Foto: NextFoto, Klip Leony \u0160enkov\u00e9 se 1. 12. 2025 k\u0159til v pra\u017esk\u00e9m Cafe Art of Alchemy.\"},{\"@type\":\"BreadcrumbList\",\"@id\":\"https:\\\/\\\/www.karaoketexty.cz\\\/magazin\\\/nikdo-mu-to-netipuje-ales-brichta-slavi-67-a-odhaluje-pribeh-ktery-stoji-za-ztratou-oka\\\/#breadcrumb\",\"itemListElement\":[{\"@type\":\"ListItem\",\"position\":1,\"name\":\"Dom\u016f\",\"item\":\"https:\\\/\\\/www.karaoketexty.cz\\\/magazin\\\/\"},{\"@type\":\"ListItem\",\"position\":2,\"name\":\"Nikdo mu to netipuje: Ale\u0161 Brichta slav\u00ed 67 a odhaluje p\u0159\u00edb\u011bh, kter\u00fd stoj\u00ed za ztr\u00e1tou oka\"}]},{\"@type\":\"WebSite\",\"@id\":\"https:\\\/\\\/www.karaoketexty.cz\\\/magazin\\\/#website\",\"url\":\"https:\\\/\\\/www.karaoketexty.cz\\\/magazin\\\/\",\"name\":\"Stars Magaz\u00edn Karaoketexty.cz\",\"description\":\"Stars Magaz\u00edn na Karaoketexty.cz je zam\u011b\u0159en\u00fd na novinky ze sv\u011bta hudby a celebrit. Obsahuje \u010dl\u00e1nky o zp\u011bv\u00e1c\u00edch, kapel\u00e1ch, nov\u00fdch albech, hudebn\u00edch trendech a dal\u0161\u00edch zaj\u00edmavostech z hudebn\u00edho pr\u016fmyslu.\",\"potentialAction\":[{\"@type\":\"SearchAction\",\"target\":{\"@type\":\"EntryPoint\",\"urlTemplate\":\"https:\\\/\\\/www.karaoketexty.cz\\\/magazin\\\/?s={search_term_string}\"},\"query-input\":{\"@type\":\"PropertyValueSpecification\",\"valueRequired\":true,\"valueName\":\"search_term_string\"}}],\"inLanguage\":\"cs\"},{\"@type\":\"Person\",\"@id\":\"https:\\\/\\\/www.karaoketexty.cz\\\/magazin\\\/#\\\/schema\\\/person\\\/03220d610ed4cba378a72bac3443f821\",\"name\":\"Veronika \u0160imkov\u00e1\",\"image\":{\"@type\":\"ImageObject\",\"inLanguage\":\"cs\",\"@id\":\"https:\\\/\\\/secure.gravatar.com\\\/avatar\\\/62af9cda83322200aaf20e60d0442fbca254ce18c0ffdcaaf83de31493c941a5?s=96&d=mm&r=g\",\"url\":\"https:\\\/\\\/secure.gravatar.com\\\/avatar\\\/62af9cda83322200aaf20e60d0442fbca254ce18c0ffdcaaf83de31493c941a5?s=96&d=mm&r=g\",\"contentUrl\":\"https:\\\/\\\/secure.gravatar.com\\\/avatar\\\/62af9cda83322200aaf20e60d0442fbca254ce18c0ffdcaaf83de31493c941a5?s=96&d=mm&r=g\",\"caption\":\"Veronika \u0160imkov\u00e1\"},\"url\":\"https:\\\/\\\/www.karaoketexty.cz\\\/magazin\\\/author\\\/veronikasimkova\\\/\"}]}<\/script>\n<!-- \/ Yoast SEO plugin. -->","yoast_head_json":{"title":"Ale\u0161 Brichta: 67 let, ztr\u00e1ta oka a energie, kter\u00e1 zahanb\u00ed t\u0159ic\u00e1tn\u00edky","description":"Rocker Ale\u0161 Brichta slav\u00ed 67. narozeniny. Jeho \u017eivotn\u00ed p\u0159\u00edb\u011bh je pln\u00fd ran, kter\u00e9 by mnoh\u00e9 zlomily, a p\u0159esto stoj\u00ed na p\u00f3diu.","robots":{"index":"index","follow":"follow","max-snippet":"max-snippet:-1","max-image-preview":"max-image-preview:large","max-video-preview":"max-video-preview:-1"},"canonical":"https:\/\/www.karaoketexty.cz\/magazin\/nikdo-mu-to-netipuje-ales-brichta-slavi-67-a-odhaluje-pribeh-ktery-stoji-za-ztratou-oka\/","og_locale":"cs_CZ","og_type":"article","og_title":"Ale\u0161 Brichta: 67 let, ztr\u00e1ta oka a energie, kter\u00e1 zahanb\u00ed t\u0159ic\u00e1tn\u00edky","og_description":"Rocker Ale\u0161 Brichta slav\u00ed 67. narozeniny. Jeho \u017eivotn\u00ed p\u0159\u00edb\u011bh je pln\u00fd ran, kter\u00e9 by mnoh\u00e9 zlomily, a p\u0159esto stoj\u00ed na p\u00f3diu.","og_url":"https:\/\/www.karaoketexty.cz\/magazin\/nikdo-mu-to-netipuje-ales-brichta-slavi-67-a-odhaluje-pribeh-ktery-stoji-za-ztratou-oka\/","og_site_name":"Stars Magaz\u00edn Karaoketexty.cz","article_published_time":"2026-09-03T04:00:00+00:00","og_image":[{"width":1200,"height":925,"url":"https:\/\/www.karaoketexty.cz\/magazin\/wp-content\/uploads\/2026\/06\/ales-brichta.jpg","type":"image\/jpeg"}],"author":"Veronika \u0160imkov\u00e1","twitter_card":"summary_large_image","twitter_misc":{"Napsal(a)":"Veronika \u0160imkov\u00e1","Odhadovan\u00e1 doba \u010dten\u00ed":"4 minuty"},"schema":{"@context":"https:\/\/schema.org","@graph":[{"@type":"Article","@id":"https:\/\/www.karaoketexty.cz\/magazin\/nikdo-mu-to-netipuje-ales-brichta-slavi-67-a-odhaluje-pribeh-ktery-stoji-za-ztratou-oka\/#article","isPartOf":{"@id":"https:\/\/www.karaoketexty.cz\/magazin\/nikdo-mu-to-netipuje-ales-brichta-slavi-67-a-odhaluje-pribeh-ktery-stoji-za-ztratou-oka\/"},"author":{"name":"Veronika \u0160imkov\u00e1","@id":"https:\/\/www.karaoketexty.cz\/magazin\/#\/schema\/person\/03220d610ed4cba378a72bac3443f821"},"headline":"Nikdo mu to netipuje: Ale\u0161 Brichta slav\u00ed 67 a odhaluje p\u0159\u00edb\u011bh, kter\u00fd stoj\u00ed za ztr\u00e1tou oka","datePublished":"2026-09-03T04:00:00+00:00","mainEntityOfPage":{"@id":"https:\/\/www.karaoketexty.cz\/magazin\/nikdo-mu-to-netipuje-ales-brichta-slavi-67-a-odhaluje-pribeh-ktery-stoji-za-ztratou-oka\/"},"wordCount":904,"commentCount":0,"image":{"@id":"https:\/\/www.karaoketexty.cz\/magazin\/nikdo-mu-to-netipuje-ales-brichta-slavi-67-a-odhaluje-pribeh-ktery-stoji-za-ztratou-oka\/#primaryimage"},"thumbnailUrl":"https:\/\/www.karaoketexty.cz\/magazin\/wp-content\/uploads\/2026\/06\/ales-brichta.jpg","keywords":["Ale\u0161 Brichta","Arakain","\u010desk\u00e1 metalov\u00e1 sc\u00e9na","hudebn\u00ed magaz\u00edn","Jesus Christ Superstar","Ji\u0159\u00ed Schelinger","Joanna Pawliszyn","koncerty","rock","s\u00f3lov\u00e1 kari\u00e9ra","\u017eivotn\u00ed p\u0159\u00edb\u011bh"],"articleSection":["Celebrity"],"inLanguage":"cs","potentialAction":[{"@type":"CommentAction","name":"Comment","target":["https:\/\/www.karaoketexty.cz\/magazin\/nikdo-mu-to-netipuje-ales-brichta-slavi-67-a-odhaluje-pribeh-ktery-stoji-za-ztratou-oka\/#respond"]}]},{"@type":"WebPage","@id":"https:\/\/www.karaoketexty.cz\/magazin\/nikdo-mu-to-netipuje-ales-brichta-slavi-67-a-odhaluje-pribeh-ktery-stoji-za-ztratou-oka\/","url":"https:\/\/www.karaoketexty.cz\/magazin\/nikdo-mu-to-netipuje-ales-brichta-slavi-67-a-odhaluje-pribeh-ktery-stoji-za-ztratou-oka\/","name":"Ale\u0161 Brichta: 67 let, ztr\u00e1ta oka a energie, kter\u00e1 zahanb\u00ed t\u0159ic\u00e1tn\u00edky","isPartOf":{"@id":"https:\/\/www.karaoketexty.cz\/magazin\/#website"},"primaryImageOfPage":{"@id":"https:\/\/www.karaoketexty.cz\/magazin\/nikdo-mu-to-netipuje-ales-brichta-slavi-67-a-odhaluje-pribeh-ktery-stoji-za-ztratou-oka\/#primaryimage"},"image":{"@id":"https:\/\/www.karaoketexty.cz\/magazin\/nikdo-mu-to-netipuje-ales-brichta-slavi-67-a-odhaluje-pribeh-ktery-stoji-za-ztratou-oka\/#primaryimage"},"thumbnailUrl":"https:\/\/www.karaoketexty.cz\/magazin\/wp-content\/uploads\/2026\/06\/ales-brichta.jpg","datePublished":"2026-09-03T04:00:00+00:00","author":{"@id":"https:\/\/www.karaoketexty.cz\/magazin\/#\/schema\/person\/03220d610ed4cba378a72bac3443f821"},"description":"Rocker Ale\u0161 Brichta slav\u00ed 67. narozeniny. Jeho \u017eivotn\u00ed p\u0159\u00edb\u011bh je pln\u00fd ran, kter\u00e9 by mnoh\u00e9 zlomily, a p\u0159esto stoj\u00ed na p\u00f3diu.","breadcrumb":{"@id":"https:\/\/www.karaoketexty.cz\/magazin\/nikdo-mu-to-netipuje-ales-brichta-slavi-67-a-odhaluje-pribeh-ktery-stoji-za-ztratou-oka\/#breadcrumb"},"inLanguage":"cs","potentialAction":[{"@type":"ReadAction","target":["https:\/\/www.karaoketexty.cz\/magazin\/nikdo-mu-to-netipuje-ales-brichta-slavi-67-a-odhaluje-pribeh-ktery-stoji-za-ztratou-oka\/"]}]},{"@type":"ImageObject","inLanguage":"cs","@id":"https:\/\/www.karaoketexty.cz\/magazin\/nikdo-mu-to-netipuje-ales-brichta-slavi-67-a-odhaluje-pribeh-ktery-stoji-za-ztratou-oka\/#primaryimage","url":"https:\/\/www.karaoketexty.cz\/magazin\/wp-content\/uploads\/2026\/06\/ales-brichta.jpg","contentUrl":"https:\/\/www.karaoketexty.cz\/magazin\/wp-content\/uploads\/2026\/06\/ales-brichta.jpg","width":1200,"height":925,"caption":"Foto: NextFoto, Klip Leony \u0160enkov\u00e9 se 1. 12. 2025 k\u0159til v pra\u017esk\u00e9m Cafe Art of Alchemy."},{"@type":"BreadcrumbList","@id":"https:\/\/www.karaoketexty.cz\/magazin\/nikdo-mu-to-netipuje-ales-brichta-slavi-67-a-odhaluje-pribeh-ktery-stoji-za-ztratou-oka\/#breadcrumb","itemListElement":[{"@type":"ListItem","position":1,"name":"Dom\u016f","item":"https:\/\/www.karaoketexty.cz\/magazin\/"},{"@type":"ListItem","position":2,"name":"Nikdo mu to netipuje: Ale\u0161 Brichta slav\u00ed 67 a odhaluje p\u0159\u00edb\u011bh, kter\u00fd stoj\u00ed za ztr\u00e1tou oka"}]},{"@type":"WebSite","@id":"https:\/\/www.karaoketexty.cz\/magazin\/#website","url":"https:\/\/www.karaoketexty.cz\/magazin\/","name":"Stars Magaz\u00edn Karaoketexty.cz","description":"Stars Magaz\u00edn na Karaoketexty.cz je zam\u011b\u0159en\u00fd na novinky ze sv\u011bta hudby a celebrit. Obsahuje \u010dl\u00e1nky o zp\u011bv\u00e1c\u00edch, kapel\u00e1ch, nov\u00fdch albech, hudebn\u00edch trendech a dal\u0161\u00edch zaj\u00edmavostech z hudebn\u00edho pr\u016fmyslu.","potentialAction":[{"@type":"SearchAction","target":{"@type":"EntryPoint","urlTemplate":"https:\/\/www.karaoketexty.cz\/magazin\/?s={search_term_string}"},"query-input":{"@type":"PropertyValueSpecification","valueRequired":true,"valueName":"search_term_string"}}],"inLanguage":"cs"},{"@type":"Person","@id":"https:\/\/www.karaoketexty.cz\/magazin\/#\/schema\/person\/03220d610ed4cba378a72bac3443f821","name":"Veronika \u0160imkov\u00e1","image":{"@type":"ImageObject","inLanguage":"cs","@id":"https:\/\/secure.gravatar.com\/avatar\/62af9cda83322200aaf20e60d0442fbca254ce18c0ffdcaaf83de31493c941a5?s=96&d=mm&r=g","url":"https:\/\/secure.gravatar.com\/avatar\/62af9cda83322200aaf20e60d0442fbca254ce18c0ffdcaaf83de31493c941a5?s=96&d=mm&r=g","contentUrl":"https:\/\/secure.gravatar.com\/avatar\/62af9cda83322200aaf20e60d0442fbca254ce18c0ffdcaaf83de31493c941a5?s=96&d=mm&r=g","caption":"Veronika \u0160imkov\u00e1"},"url":"https:\/\/www.karaoketexty.cz\/magazin\/author\/veronikasimkova\/"}]}},"_links":{"self":[{"href":"https:\/\/www.karaoketexty.cz\/magazin\/wp-json\/wp\/v2\/posts\/17911","targetHints":{"allow":["GET"]}}],"collection":[{"href":"https:\/\/www.karaoketexty.cz\/magazin\/wp-json\/wp\/v2\/posts"}],"about":[{"href":"https:\/\/www.karaoketexty.cz\/magazin\/wp-json\/wp\/v2\/types\/post"}],"author":[{"embeddable":true,"href":"https:\/\/www.karaoketexty.cz\/magazin\/wp-json\/wp\/v2\/users\/5"}],"replies":[{"embeddable":true,"href":"https:\/\/www.karaoketexty.cz\/magazin\/wp-json\/wp\/v2\/comments?post=17911"}],"version-history":[{"count":6,"href":"https:\/\/www.karaoketexty.cz\/magazin\/wp-json\/wp\/v2\/posts\/17911\/revisions"}],"predecessor-version":[{"id":19021,"href":"https:\/\/www.karaoketexty.cz\/magazin\/wp-json\/wp\/v2\/posts\/17911\/revisions\/19021"}],"wp:featuredmedia":[{"embeddable":true,"href":"https:\/\/www.karaoketexty.cz\/magazin\/wp-json\/wp\/v2\/media\/12215"}],"wp:attachment":[{"href":"https:\/\/www.karaoketexty.cz\/magazin\/wp-json\/wp\/v2\/media?parent=17911"}],"wp:term":[{"taxonomy":"category","embeddable":true,"href":"https:\/\/www.karaoketexty.cz\/magazin\/wp-json\/wp\/v2\/categories?post=17911"},{"taxonomy":"post_tag","embeddable":true,"href":"https:\/\/www.karaoketexty.cz\/magazin\/wp-json\/wp\/v2\/tags?post=17911"}],"curies":[{"name":"wp","href":"https:\/\/api.w.org\/{rel}","templated":true}]}}