{"id":17882,"date":"2026-08-31T09:58:00","date_gmt":"2026-08-31T07:58:00","guid":{"rendered":"https:\/\/www.karaoketexty.cz\/magazin\/?p=17882"},"modified":"2026-08-21T11:55:49","modified_gmt":"2026-08-21T09:55:49","slug":"sam-fender-a-olivia-dean-prekonali-rekord-stary-73-let-ale-dnes-uz-cisla-neznamenaji-to-co-driv","status":"publish","type":"post","link":"https:\/\/www.karaoketexty.cz\/magazin\/sam-fender-a-olivia-dean-prekonali-rekord-stary-73-let-ale-dnes-uz-cisla-neznamenaji-to-co-driv\/","title":{"rendered":"Sam Fender a Olivia Dean p\u0159ekonali rekord star\u00fd 73 let, ale dnes u\u017e \u010d\u00edsla neznamenaj\u00ed to, co d\u0159\u00edv"},"content":{"rendered":"\n<p class=\"wp-block-paragraph\"><strong>Spole\u010dn\u00e1 skladba Sama Fendera a Olivie Dean str\u00e1vila na vrcholu britsk\u00e9ho \u017eeb\u0159\u00ed\u010dku 19 t\u00fddn\u016f a p\u0159ekonala rekord star\u00fd 73 let. P\u0159esto ji spousta lid\u00ed nikdy nesly\u0161ela.<\/strong><\/p>\n\n\n\n<p class=\"wp-block-paragraph\">Kdy\u017e se mluv\u00ed o rekordn\u00edm singlu, \u010dlov\u011bk si obvykle p\u0159edstav\u00ed p\u00edse\u0148, kter\u00e1 zn\u00ed v\u0161ude. V r\u00e1diu, v obchodech, na s\u00edt\u00edch, n\u011bkde v televizi po p\u016flnoci i v denn\u00edm vys\u00edl\u00e1n\u00ed. Jen\u017ee Rein Me In od Sama Fendera a Olivie Dean to zvl\u00e1dla jinak. Na britsk\u00e9m \u017eeb\u0159\u00ed\u010dku byla d\u00e9le ne\u017e jak\u00e1koli jin\u00e1 p\u00edse\u0148 za posledn\u00edch sedm dek\u00e1d, a p\u0159itom ji ur\u010dit\u00e1 \u010d\u00e1st poslucha\u010d\u016f nikdy v\u011bdom\u011b nezaznamenala. V redakci Karaoketexty.cz jsme si toho v\u0161imli u\u017e ve chv\u00edli, kdy se rekord za\u010dal potvrzovat, podobn\u00e1 situace by je\u0161t\u011b p\u0159ed dvaceti lety p\u016fsobila skoro nemysliteln\u011b.<\/p>\n\n\n<!-- karaoketexty.cz \/ rectangle2 -->\n<div id=\"PX_37086_709110796310826\"><\/div>\n<script>\n   if(!useMobileAds && !boolUseSeznamAds && !hideAllAds){\n     window.px2 = window.px2 || { conf: {},queue: [] };\n     px2.queue.push(function () {\n        px2.render({\n           slot: {\n              id: 37086\n           },\n            elem: \"PX_37086_709110796310826\"\n        })\n     });\n  }\n<\/script>\n\n<!-- karaoketexty.cz \/ mobile-rectangle3 -->\n<div id=\"PX_37044_714599773297004\"><\/div>\n<script>\n   if(useMobileAds && !boolUseSeznamAds && !hideAllAds){\nwindow.px2 = window.px2 || { conf: {},queue: [] };\npx2.queue.push(function () {\n\tpx2.render({\n\t\tslot: {\n\t\t\tid: 37044\n\t\t},\n\t\telem: \"PX_37044_714599773297004\"\n\t})\n});\n}\n<\/script>\n\n\n<h2 class=\"wp-block-heading\">Rekord, kter\u00fd \u010dekal 73 let na p\u0159ekon\u00e1n\u00ed<\/h2>\n\n\n\n<p class=\"wp-block-paragraph\">Rein Me In p\u016fvodn\u011b vznikla jako s\u00f3lov\u00e1 skladba pro album Sama Fendera <em>People Watching<\/em>. Verze s Olivi\u00ed Dean vy\u0161la v \u010dervnu 2025 a k prvn\u00edmu m\u00edstu britsk\u00e9ho \u017eeb\u0159\u00ed\u010dku se dostala pomalu. Do \u010dela se propracovala a\u017e v \u00fanoru 2026, po 35 t\u00fddnech str\u00e1ven\u00fdch v nejlep\u0161\u00ed \u010dty\u0159ic\u00edtce. \u00dasp\u011bch p\u0159ekvapil i samotn\u00e9ho zp\u011bv\u00e1ka, jak uvedl na soci\u00e1ln\u00edch s\u00edt\u00edch. \u201e<em>Jsem nesm\u00edrn\u011b hrd\u00fd na to, \u010d\u00edm se p\u00edse\u0148 stala. Mysl\u00edm, \u017ee dvoj\u00ed vypr\u00e1v\u011bn\u00ed j\u00ed dodalo kouzlo, kter\u00e9 d\u0159\u00edve nem\u011bla. D\u011bkuji v\u0161em star\u00fdm i nov\u00fdm fanou\u0161k\u016fm, kte\u0159\u00ed z t\u00e9to skladby ud\u011blali to, \u010d\u00edm je,<\/em>\u201c napsal.<\/p>\n\n\n\n<p class=\"wp-block-paragraph\">Na prvn\u00edm m\u00edst\u011b pak skladba vydr\u017eela 19 t\u00fddn\u016f. Dosavadn\u00ed maximum pat\u0159ilo p\u00edsni <em>I Believe<\/em> americk\u00e9ho zp\u011bv\u00e1ka Frankieho Lainea, kter\u00e1 se na vrcholu britsk\u00e9ho \u017eeb\u0159\u00ed\u010dku udr\u017eela 18 t\u00fddn\u016f v roce 1953. V\u00edce ne\u017e sedm dek\u00e1d se tedy nikomu nepoda\u0159ilo tuto metu posunout d\u00e1l. Za sv\u016fj song si vyslou\u017eili tak\u00e9 ocen\u011bn\u00ed Brit Award. Rekordn\u00ed s\u00e9rii p\u0159eru\u0161ovaly jen kr\u00e1tk\u00e9 z\u00e1sahy nov\u00fdch singl\u016f Harryho Stylese, Olivie Rodrigo, Ariany Grande nebo Taylor Swift. Ani jeden z nich ale nedok\u00e1zal Rein Me In sesadit natrvalo.<\/p>\n\n\n<!-- karaoketexty.cz \/ interscroller1 -->\n\n<div id=\"PX_37041_825057871452834\"><\/div>\n<script>\nif(useMobileAds && !boolUseSeznamAds && !hideAllAds){\n\twindow.px2 = window.px2 || { conf: {},queue: [] };\n\tpx2.queue.push(function () {\n\t\tpx2.render({\n\t\t\tslot: {\n\t\t\t\tid: 37041\n\t\t\t},\n\t\t\telem: \"PX_37041_825057871452834\"\n\t\t})\n\t});\n}\n<\/script>\n\n\n<h2 class=\"wp-block-heading\">Nejv\u011bt\u0161\u00ed hit, kter\u00fd jste mo\u017en\u00e1 nikdy nesly\u0161eli<\/h2>\n\n\n\n<p class=\"wp-block-paragraph\">Pr\u00e1v\u011b tady je ten zvl\u00e1\u0161tn\u00ed rozpor. Po potvrzen\u00ed rekordu se na soci\u00e1ln\u00edch s\u00edt\u00edch objevila \u0159ada reakc\u00ed od lid\u00ed, kte\u0159\u00ed otev\u0159en\u011b psali, \u017ee o skladb\u011b v podstat\u011b nikdy nesly\u0161eli. Ne\u0161lo p\u0159itom o \u017e\u00e1dn\u00e9 odm\u00edt\u00e1n\u00ed hudby, jejich vlastn\u00ed algoritmy jim ji jednodu\u0161e nikdy nenab\u00eddly.<\/p>\n\n\n\n<figure class=\"wp-block-embed is-type-video is-provider-youtube wp-block-embed-youtube wp-embed-aspect-16-9 wp-has-aspect-ratio\"><div class=\"wp-block-embed__wrapper\">\n<iframe title=\"Sam Fender, Olivia Dean - Rein Me In (Official Video)\" width=\"500\" height=\"281\" src=\"https:\/\/www.youtube.com\/embed\/3triLkS0nq4?feature=oembed\" frameborder=\"0\" allow=\"accelerometer; autoplay; clipboard-write; encrypted-media; gyroscope; picture-in-picture; web-share\" referrerpolicy=\"strict-origin-when-cross-origin\" allowfullscreen><\/iframe>\n<\/div><\/figure>\n\n\n\n<p class=\"wp-block-paragraph\">Streamovac\u00ed platformy dnes toti\u017e funguj\u00ed jako pe\u010dliv\u011b se\u0159\u00edzen\u00e9 filtry. Pokud obvykle poprock neposlouch\u00e1te, tak hit od Sama Fendera v\u016fbec nemus\u00edte potkat. A v\u011bt\u0161ina lid\u00ed u\u017e nezap\u00edn\u00e1 ani v aut\u011b norm\u00e1ln\u00ed r\u00e1dio, prost\u011b si pust\u00ed svoje playlisty a hotovo. Proto i rekordn\u00ed singl z\u016fstane pro \u010d\u00e1st publika prakticky neviditeln\u00fd.<\/p>\n\n\n\n<h2 class=\"wp-block-heading\">Co z toho plyne pro hudebn\u00ed pr\u016fmysl<\/h2>\n\n\n\n<p class=\"wp-block-paragraph\">P\u0159\u00edpad Rein Me In ukazuje zvl\u00e1\u0161tn\u00ed stav dne\u0161n\u00ed hudebn\u00ed sc\u00e9ny: \u017eeb\u0159\u00ed\u010dkov\u00fd \u00fasp\u011bch a skute\u010dn\u00e1 kulturn\u00ed p\u0159\u00edtomnost u\u017e nejsou tot\u00e9\u017e. P\u00edse\u0148 m\u016f\u017ee ovl\u00e1dnout chart na dlouh\u00e9 m\u011bs\u00edce, a p\u0159esto se nikdy nestane t\u00edm, \u010demu se d\u0159\u00edv \u0159\u00edkalo <em>v\u0161eobecn\u011b zn\u00e1m\u00fd hit<\/em>. Nesta\u010d\u00ed dnes jen vysok\u00fd po\u010det p\u0159ehr\u00e1n\u00ed. Skladba mus\u00ed n\u011bjak p\u0159esko\u010dit do jin\u00e9 \u010d\u00e1sti publika, t\u0159eba p\u0159es memy, televizn\u00ed seri\u00e1l nebo opravdu siln\u00fd z\u00e1sah na soci\u00e1ln\u00edch s\u00edt\u00edch.<\/p>\n\n\n\n<p class=\"wp-block-paragraph\">Sam Fender a Olivia Dean rekord skute\u010dn\u011b p\u0159ekonali. Jen\u017ee jejich p\u0159\u00edb\u011bh z\u00e1rove\u0148 dokl\u00e1d\u00e1, jak moc se za 73 let prom\u011bnilo i to nejz\u00e1kladn\u011bj\u0161\u00ed m\u011b\u0159\u00edtko \u00fasp\u011bchu: co vlastn\u011b znamen\u00e1 b\u00fdt \u010d\u00edslem jedna.<\/p>\n\n\n\n<p class=\"wp-block-paragraph\">Zdroje: Autorsk\u00fd text, <a href=\"https:\/\/www.officialcharts.com\/chart-news\/all-the-number-1-singles__7931\" target=\"_blank\" rel=\"nofollow\">Official Charts<\/a>, <a href=\"https:\/\/en.wikipedia.org\/wiki\/Rein_Me_In\" target=\"_blank\" rel=\"noreferrer noopener nofollow\">Wikipedie<\/a>, <a href=\"https:\/\/www.bbc.com\/news\/articles\/cly8r2p27lzo\" target=\"_blank\" rel=\"noreferrer noopener nofollow\">BBC<\/a>, <a href=\"https:\/\/www.theguardian.com\/music\/2026\/aug\/05\/demise-monoculture-why-have-so-many-never-heard-uk-record-breaking-no-1-single-sam-fender-olivia-dean?utm_source=chatgpt.com\" target=\"_blank\" rel=\"noreferrer noopener nofollow\">TheGuardian<\/a><\/p>\n\n\n            <a href=\"https:\/\/www.karaoketexty.cz\/magazin\/proc-adele-a-shakira-prestaly-jezdit-na-turne-buduji-si-vlastni-stadiony-a-chteji-aby-fanousci-jezdili-za-nimi\/\" class=\"related-post-link\">\n                <div class=\"post-thumbnail\">\n                    <img decoding=\"async\" width=\"250\" height=\"141\" src=\"https:\/\/www.karaoketexty.cz\/magazin\/wp-content\/uploads\/2026\/07\/adele-arena.jpg\" class=\"attachment-250x180 size-250x180 not-transparent\" alt=\"\" srcset=\"https:\/\/www.karaoketexty.cz\/magazin\/wp-content\/uploads\/2026\/07\/adele-arena.jpg 1200w, https:\/\/www.karaoketexty.cz\/magazin\/wp-content\/uploads\/2026\/07\/adele-arena-300x169.jpg 300w, https:\/\/www.karaoketexty.cz\/magazin\/wp-content\/uploads\/2026\/07\/adele-arena-1024x576.jpg 1024w, https:\/\/www.karaoketexty.cz\/magazin\/wp-content\/uploads\/2026\/07\/adele-arena-768x432.jpg 768w, https:\/\/www.karaoketexty.cz\/magazin\/wp-content\/uploads\/2026\/07\/adele-arena-800x450.jpg 800w\" sizes=\"(max-width: 250px) 100vw, 250px\" data-has-transparency=\"false\" data-dominant-color=\"644e45\" style=\"--dominant-color: #644e45;\" \/>                <\/div>\n                <div class=\"post-details\">\n                    <span class=\"also-read\">\u010ct\u011bte tak\u00e9:<\/span>\n                    <h3 class=\"hed\">Pro\u010d Adele a Shakira p\u0159estaly jezdit na turn\u00e9: Buduj\u00ed si vlastn\u00ed stadiony a cht\u011bj\u00ed, aby fanou\u0161ci jezdili za nimi<\/h3>\n                <\/div>\n            <\/a>\n            \n\n            <a href=\"https:\/\/www.karaoketexty.cz\/magazin\/taylor-swift-bojuje-s-ai-chce-chranit-svuj-hlas-i-tvar-pred-digitalnim-zneuzitim\/\" class=\"related-post-link\">\n                <div class=\"post-thumbnail\">\n                    <img decoding=\"async\" width=\"250\" height=\"161\" src=\"https:\/\/www.karaoketexty.cz\/magazin\/wp-content\/uploads\/2025\/10\/taylor-swift-rok-2021.jpg\" class=\"attachment-250x180 size-250x180 not-transparent\" alt=\"Taylor Swift na HeartRadio Music Awards 2019\" srcset=\"https:\/\/www.karaoketexty.cz\/magazin\/wp-content\/uploads\/2025\/10\/taylor-swift-rok-2021.jpg 1200w, https:\/\/www.karaoketexty.cz\/magazin\/wp-content\/uploads\/2025\/10\/taylor-swift-rok-2021-300x193.jpg 300w, https:\/\/www.karaoketexty.cz\/magazin\/wp-content\/uploads\/2025\/10\/taylor-swift-rok-2021-1024x660.jpg 1024w, https:\/\/www.karaoketexty.cz\/magazin\/wp-content\/uploads\/2025\/10\/taylor-swift-rok-2021-768x495.jpg 768w\" sizes=\"(max-width: 250px) 100vw, 250px\" data-has-transparency=\"false\" data-dominant-color=\"954b7e\" style=\"--dominant-color: #954b7e;\" \/>                <\/div>\n                <div class=\"post-details\">\n                    <span class=\"also-read\">\u010ct\u011bte tak\u00e9:<\/span>\n                    <h3 class=\"hed\">Taylor Swift bojuje s AI: Chce chr\u00e1nit sv\u016fj hlas i tv\u00e1\u0159 p\u0159ed digit\u00e1ln\u00edm zneu\u017eit\u00edm<\/h3>\n                <\/div>\n            <\/a>\n            ","protected":false},"excerpt":{"rendered":"<p>Spole\u010dn\u00e1 skladba Sama Fendera a Olivie Dean str\u00e1vila na vrcholu britsk\u00e9ho \u017eeb\u0159\u00ed\u010dku 19 t\u00fddn\u016f a p\u0159ekonala rekord star\u00fd 73 let. P\u0159esto ji spousta lid\u00ed nikdy nesly\u0161ela.<\/p>\n","protected":false},"author":9,"featured_media":18194,"comment_status":"open","ping_status":"closed","sticky":false,"template":"","format":"standard","meta":{"footnotes":""},"categories":[9],"tags":[1619,7485,2308,191,1049,6702,536,1640,11057,6703,233],"class_list":["post-17882","post","type-post","status-publish","format-standard","has-post-thumbnail","hentry","category-zajimavosti","tag-ariana-grande","tag-brit-award","tag-britsky-zebricek","tag-harry-styles","tag-hudebni-prumysl","tag-olivia-dean","tag-olivia-rodrigo","tag-poprock","tag-rein-me-in","tag-sam-fender","tag-taylor-swift"],"yoast_head":"<!-- This site is optimized with the Yoast SEO plugin v28.3 - https:\/\/yoast.com\/product\/yoast-seo-wordpress\/ -->\n<title>Britsk\u00fd hit l\u00e1me rekordy, i tak ho n\u011bkte\u0159\u00ed neznaj\u00ed<\/title>\n<meta name=\"description\" content=\"Sam Fender a Olivia Dean s p\u00edsn\u00ed Rein Me In p\u0159ekonali rekord Frankieho Lainea z roku 1953. Jen\u017ee mnoz\u00ed poslucha\u010di o hitu v\u016fbec nesly\u0161eli.\" \/>\n<meta name=\"robots\" content=\"index, follow, max-snippet:-1, max-image-preview:large, max-video-preview:-1\" \/>\n<link rel=\"canonical\" href=\"https:\/\/www.karaoketexty.cz\/magazin\/sam-fender-a-olivia-dean-prekonali-rekord-stary-73-let-ale-dnes-uz-cisla-neznamenaji-to-co-driv\/\" \/>\n<meta property=\"og:locale\" content=\"cs_CZ\" \/>\n<meta property=\"og:type\" content=\"article\" \/>\n<meta property=\"og:title\" content=\"Britsk\u00fd hit l\u00e1me rekordy, i tak ho n\u011bkte\u0159\u00ed neznaj\u00ed\" \/>\n<meta property=\"og:description\" content=\"Sam Fender a Olivia Dean s p\u00edsn\u00ed Rein Me In p\u0159ekonali rekord Frankieho Lainea z roku 1953. Jen\u017ee mnoz\u00ed poslucha\u010di o hitu v\u016fbec nesly\u0161eli.\" \/>\n<meta property=\"og:url\" content=\"https:\/\/www.karaoketexty.cz\/magazin\/sam-fender-a-olivia-dean-prekonali-rekord-stary-73-let-ale-dnes-uz-cisla-neznamenaji-to-co-driv\/\" \/>\n<meta property=\"og:site_name\" content=\"Stars Magaz\u00edn Karaoketexty.cz\" \/>\n<meta property=\"article:published_time\" content=\"2026-08-31T07:58:00+00:00\" \/>\n<meta property=\"og:image\" content=\"https:\/\/www.karaoketexty.cz\/magazin\/wp-content\/uploads\/2026\/08\/1280px-Olivia_Dean_-_4514.jpg\" \/>\n\t<meta property=\"og:image:width\" content=\"1280\" \/>\n\t<meta property=\"og:image:height\" content=\"960\" \/>\n\t<meta property=\"og:image:type\" content=\"image\/jpeg\" \/>\n<meta name=\"author\" content=\"Radek Kone\u010dn\u00fd\" \/>\n<meta name=\"twitter:card\" content=\"summary_large_image\" \/>\n<meta name=\"twitter:label1\" content=\"Napsal(a)\" \/>\n\t<meta name=\"twitter:data1\" content=\"Radek Kone\u010dn\u00fd\" \/>\n\t<meta name=\"twitter:label2\" content=\"Odhadovan\u00e1 doba \u010dten\u00ed\" \/>\n\t<meta name=\"twitter:data2\" content=\"3 minuty\" \/>\n<script type=\"application\/ld+json\" class=\"yoast-schema-graph\">{\"@context\":\"https:\\\/\\\/schema.org\",\"@graph\":[{\"@type\":\"Article\",\"@id\":\"https:\\\/\\\/www.karaoketexty.cz\\\/magazin\\\/sam-fender-a-olivia-dean-prekonali-rekord-stary-73-let-ale-dnes-uz-cisla-neznamenaji-to-co-driv\\\/#article\",\"isPartOf\":{\"@id\":\"https:\\\/\\\/www.karaoketexty.cz\\\/magazin\\\/sam-fender-a-olivia-dean-prekonali-rekord-stary-73-let-ale-dnes-uz-cisla-neznamenaji-to-co-driv\\\/\"},\"author\":{\"name\":\"Radek Kone\u010dn\u00fd\",\"@id\":\"https:\\\/\\\/www.karaoketexty.cz\\\/magazin\\\/#\\\/schema\\\/person\\\/524da5b0fbeed4c3aab8132fdf00f2f6\"},\"headline\":\"Sam Fender a Olivia Dean p\u0159ekonali rekord star\u00fd 73 let, ale dnes u\u017e \u010d\u00edsla neznamenaj\u00ed to, co d\u0159\u00edv\",\"datePublished\":\"2026-08-31T07:58:00+00:00\",\"mainEntityOfPage\":{\"@id\":\"https:\\\/\\\/www.karaoketexty.cz\\\/magazin\\\/sam-fender-a-olivia-dean-prekonali-rekord-stary-73-let-ale-dnes-uz-cisla-neznamenaji-to-co-driv\\\/\"},\"wordCount\":697,\"commentCount\":0,\"image\":{\"@id\":\"https:\\\/\\\/www.karaoketexty.cz\\\/magazin\\\/sam-fender-a-olivia-dean-prekonali-rekord-stary-73-let-ale-dnes-uz-cisla-neznamenaji-to-co-driv\\\/#primaryimage\"},\"thumbnailUrl\":\"https:\\\/\\\/www.karaoketexty.cz\\\/magazin\\\/wp-content\\\/uploads\\\/2026\\\/08\\\/1280px-Olivia_Dean_-_4514.jpg\",\"keywords\":[\"Ariana Grande\",\"Brit Award\",\"britsk\u00fd \u017eeb\u0159\u00ed\u010dek\",\"Harry Styles\",\"hudebn\u00ed pr\u016fmysl\",\"Olivia Dean\",\"Olivia Rodrigo\",\"poprock\",\"Rein Me In\",\"Sam Fender\",\"Taylor Swift\"],\"articleSection\":[\"Zaj\u00edmavosti\"],\"inLanguage\":\"cs\",\"potentialAction\":[{\"@type\":\"CommentAction\",\"name\":\"Comment\",\"target\":[\"https:\\\/\\\/www.karaoketexty.cz\\\/magazin\\\/sam-fender-a-olivia-dean-prekonali-rekord-stary-73-let-ale-dnes-uz-cisla-neznamenaji-to-co-driv\\\/#respond\"]}]},{\"@type\":\"WebPage\",\"@id\":\"https:\\\/\\\/www.karaoketexty.cz\\\/magazin\\\/sam-fender-a-olivia-dean-prekonali-rekord-stary-73-let-ale-dnes-uz-cisla-neznamenaji-to-co-driv\\\/\",\"url\":\"https:\\\/\\\/www.karaoketexty.cz\\\/magazin\\\/sam-fender-a-olivia-dean-prekonali-rekord-stary-73-let-ale-dnes-uz-cisla-neznamenaji-to-co-driv\\\/\",\"name\":\"Britsk\u00fd hit l\u00e1me rekordy, i tak ho n\u011bkte\u0159\u00ed neznaj\u00ed\",\"isPartOf\":{\"@id\":\"https:\\\/\\\/www.karaoketexty.cz\\\/magazin\\\/#website\"},\"primaryImageOfPage\":{\"@id\":\"https:\\\/\\\/www.karaoketexty.cz\\\/magazin\\\/sam-fender-a-olivia-dean-prekonali-rekord-stary-73-let-ale-dnes-uz-cisla-neznamenaji-to-co-driv\\\/#primaryimage\"},\"image\":{\"@id\":\"https:\\\/\\\/www.karaoketexty.cz\\\/magazin\\\/sam-fender-a-olivia-dean-prekonali-rekord-stary-73-let-ale-dnes-uz-cisla-neznamenaji-to-co-driv\\\/#primaryimage\"},\"thumbnailUrl\":\"https:\\\/\\\/www.karaoketexty.cz\\\/magazin\\\/wp-content\\\/uploads\\\/2026\\\/08\\\/1280px-Olivia_Dean_-_4514.jpg\",\"datePublished\":\"2026-08-31T07:58:00+00:00\",\"author\":{\"@id\":\"https:\\\/\\\/www.karaoketexty.cz\\\/magazin\\\/#\\\/schema\\\/person\\\/524da5b0fbeed4c3aab8132fdf00f2f6\"},\"description\":\"Sam Fender a Olivia Dean s p\u00edsn\u00ed Rein Me In p\u0159ekonali rekord Frankieho Lainea z roku 1953. Jen\u017ee mnoz\u00ed poslucha\u010di o hitu v\u016fbec nesly\u0161eli.\",\"breadcrumb\":{\"@id\":\"https:\\\/\\\/www.karaoketexty.cz\\\/magazin\\\/sam-fender-a-olivia-dean-prekonali-rekord-stary-73-let-ale-dnes-uz-cisla-neznamenaji-to-co-driv\\\/#breadcrumb\"},\"inLanguage\":\"cs\",\"potentialAction\":[{\"@type\":\"ReadAction\",\"target\":[\"https:\\\/\\\/www.karaoketexty.cz\\\/magazin\\\/sam-fender-a-olivia-dean-prekonali-rekord-stary-73-let-ale-dnes-uz-cisla-neznamenaji-to-co-driv\\\/\"]}]},{\"@type\":\"ImageObject\",\"inLanguage\":\"cs\",\"@id\":\"https:\\\/\\\/www.karaoketexty.cz\\\/magazin\\\/sam-fender-a-olivia-dean-prekonali-rekord-stary-73-let-ale-dnes-uz-cisla-neznamenaji-to-co-driv\\\/#primaryimage\",\"url\":\"https:\\\/\\\/www.karaoketexty.cz\\\/magazin\\\/wp-content\\\/uploads\\\/2026\\\/08\\\/1280px-Olivia_Dean_-_4514.jpg\",\"contentUrl\":\"https:\\\/\\\/www.karaoketexty.cz\\\/magazin\\\/wp-content\\\/uploads\\\/2026\\\/08\\\/1280px-Olivia_Dean_-_4514.jpg\",\"width\":1280,\"height\":960,\"caption\":\"Foto: Harald Krichel, CC BY-SA 4.0 , via Wikimedia Commons, Olivia dean\"},{\"@type\":\"BreadcrumbList\",\"@id\":\"https:\\\/\\\/www.karaoketexty.cz\\\/magazin\\\/sam-fender-a-olivia-dean-prekonali-rekord-stary-73-let-ale-dnes-uz-cisla-neznamenaji-to-co-driv\\\/#breadcrumb\",\"itemListElement\":[{\"@type\":\"ListItem\",\"position\":1,\"name\":\"Dom\u016f\",\"item\":\"https:\\\/\\\/www.karaoketexty.cz\\\/magazin\\\/\"},{\"@type\":\"ListItem\",\"position\":2,\"name\":\"Sam Fender a Olivia Dean p\u0159ekonali rekord star\u00fd 73 let, ale dnes u\u017e \u010d\u00edsla neznamenaj\u00ed to, co d\u0159\u00edv\"}]},{\"@type\":\"WebSite\",\"@id\":\"https:\\\/\\\/www.karaoketexty.cz\\\/magazin\\\/#website\",\"url\":\"https:\\\/\\\/www.karaoketexty.cz\\\/magazin\\\/\",\"name\":\"Stars Magaz\u00edn Karaoketexty.cz\",\"description\":\"Stars Magaz\u00edn na Karaoketexty.cz je zam\u011b\u0159en\u00fd na novinky ze sv\u011bta hudby a celebrit. Obsahuje \u010dl\u00e1nky o zp\u011bv\u00e1c\u00edch, kapel\u00e1ch, nov\u00fdch albech, hudebn\u00edch trendech a dal\u0161\u00edch zaj\u00edmavostech z hudebn\u00edho pr\u016fmyslu.\",\"potentialAction\":[{\"@type\":\"SearchAction\",\"target\":{\"@type\":\"EntryPoint\",\"urlTemplate\":\"https:\\\/\\\/www.karaoketexty.cz\\\/magazin\\\/?s={search_term_string}\"},\"query-input\":{\"@type\":\"PropertyValueSpecification\",\"valueRequired\":true,\"valueName\":\"search_term_string\"}}],\"inLanguage\":\"cs\"},{\"@type\":\"Person\",\"@id\":\"https:\\\/\\\/www.karaoketexty.cz\\\/magazin\\\/#\\\/schema\\\/person\\\/524da5b0fbeed4c3aab8132fdf00f2f6\",\"name\":\"Radek Kone\u010dn\u00fd\",\"image\":{\"@type\":\"ImageObject\",\"inLanguage\":\"cs\",\"@id\":\"https:\\\/\\\/secure.gravatar.com\\\/avatar\\\/8dc523befeed7910402c763ae678e41e9d925d26441865f21c954ecb6f4e1b17?s=96&d=mm&r=g\",\"url\":\"https:\\\/\\\/secure.gravatar.com\\\/avatar\\\/8dc523befeed7910402c763ae678e41e9d925d26441865f21c954ecb6f4e1b17?s=96&d=mm&r=g\",\"contentUrl\":\"https:\\\/\\\/secure.gravatar.com\\\/avatar\\\/8dc523befeed7910402c763ae678e41e9d925d26441865f21c954ecb6f4e1b17?s=96&d=mm&r=g\",\"caption\":\"Radek Kone\u010dn\u00fd\"},\"url\":\"https:\\\/\\\/www.karaoketexty.cz\\\/magazin\\\/author\\\/radekkonecny\\\/\"}]}<\/script>\n<!-- \/ Yoast SEO plugin. -->","yoast_head_json":{"title":"Britsk\u00fd hit l\u00e1me rekordy, i tak ho n\u011bkte\u0159\u00ed neznaj\u00ed","description":"Sam Fender a Olivia Dean s p\u00edsn\u00ed Rein Me In p\u0159ekonali rekord Frankieho Lainea z roku 1953. Jen\u017ee mnoz\u00ed poslucha\u010di o hitu v\u016fbec nesly\u0161eli.","robots":{"index":"index","follow":"follow","max-snippet":"max-snippet:-1","max-image-preview":"max-image-preview:large","max-video-preview":"max-video-preview:-1"},"canonical":"https:\/\/www.karaoketexty.cz\/magazin\/sam-fender-a-olivia-dean-prekonali-rekord-stary-73-let-ale-dnes-uz-cisla-neznamenaji-to-co-driv\/","og_locale":"cs_CZ","og_type":"article","og_title":"Britsk\u00fd hit l\u00e1me rekordy, i tak ho n\u011bkte\u0159\u00ed neznaj\u00ed","og_description":"Sam Fender a Olivia Dean s p\u00edsn\u00ed Rein Me In p\u0159ekonali rekord Frankieho Lainea z roku 1953. Jen\u017ee mnoz\u00ed poslucha\u010di o hitu v\u016fbec nesly\u0161eli.","og_url":"https:\/\/www.karaoketexty.cz\/magazin\/sam-fender-a-olivia-dean-prekonali-rekord-stary-73-let-ale-dnes-uz-cisla-neznamenaji-to-co-driv\/","og_site_name":"Stars Magaz\u00edn Karaoketexty.cz","article_published_time":"2026-08-31T07:58:00+00:00","og_image":[{"width":1280,"height":960,"url":"https:\/\/www.karaoketexty.cz\/magazin\/wp-content\/uploads\/2026\/08\/1280px-Olivia_Dean_-_4514.jpg","type":"image\/jpeg"}],"author":"Radek Kone\u010dn\u00fd","twitter_card":"summary_large_image","twitter_misc":{"Napsal(a)":"Radek Kone\u010dn\u00fd","Odhadovan\u00e1 doba \u010dten\u00ed":"3 minuty"},"schema":{"@context":"https:\/\/schema.org","@graph":[{"@type":"Article","@id":"https:\/\/www.karaoketexty.cz\/magazin\/sam-fender-a-olivia-dean-prekonali-rekord-stary-73-let-ale-dnes-uz-cisla-neznamenaji-to-co-driv\/#article","isPartOf":{"@id":"https:\/\/www.karaoketexty.cz\/magazin\/sam-fender-a-olivia-dean-prekonali-rekord-stary-73-let-ale-dnes-uz-cisla-neznamenaji-to-co-driv\/"},"author":{"name":"Radek Kone\u010dn\u00fd","@id":"https:\/\/www.karaoketexty.cz\/magazin\/#\/schema\/person\/524da5b0fbeed4c3aab8132fdf00f2f6"},"headline":"Sam Fender a Olivia Dean p\u0159ekonali rekord star\u00fd 73 let, ale dnes u\u017e \u010d\u00edsla neznamenaj\u00ed to, co d\u0159\u00edv","datePublished":"2026-08-31T07:58:00+00:00","mainEntityOfPage":{"@id":"https:\/\/www.karaoketexty.cz\/magazin\/sam-fender-a-olivia-dean-prekonali-rekord-stary-73-let-ale-dnes-uz-cisla-neznamenaji-to-co-driv\/"},"wordCount":697,"commentCount":0,"image":{"@id":"https:\/\/www.karaoketexty.cz\/magazin\/sam-fender-a-olivia-dean-prekonali-rekord-stary-73-let-ale-dnes-uz-cisla-neznamenaji-to-co-driv\/#primaryimage"},"thumbnailUrl":"https:\/\/www.karaoketexty.cz\/magazin\/wp-content\/uploads\/2026\/08\/1280px-Olivia_Dean_-_4514.jpg","keywords":["Ariana Grande","Brit Award","britsk\u00fd \u017eeb\u0159\u00ed\u010dek","Harry Styles","hudebn\u00ed pr\u016fmysl","Olivia Dean","Olivia Rodrigo","poprock","Rein Me In","Sam Fender","Taylor Swift"],"articleSection":["Zaj\u00edmavosti"],"inLanguage":"cs","potentialAction":[{"@type":"CommentAction","name":"Comment","target":["https:\/\/www.karaoketexty.cz\/magazin\/sam-fender-a-olivia-dean-prekonali-rekord-stary-73-let-ale-dnes-uz-cisla-neznamenaji-to-co-driv\/#respond"]}]},{"@type":"WebPage","@id":"https:\/\/www.karaoketexty.cz\/magazin\/sam-fender-a-olivia-dean-prekonali-rekord-stary-73-let-ale-dnes-uz-cisla-neznamenaji-to-co-driv\/","url":"https:\/\/www.karaoketexty.cz\/magazin\/sam-fender-a-olivia-dean-prekonali-rekord-stary-73-let-ale-dnes-uz-cisla-neznamenaji-to-co-driv\/","name":"Britsk\u00fd hit l\u00e1me rekordy, i tak ho n\u011bkte\u0159\u00ed neznaj\u00ed","isPartOf":{"@id":"https:\/\/www.karaoketexty.cz\/magazin\/#website"},"primaryImageOfPage":{"@id":"https:\/\/www.karaoketexty.cz\/magazin\/sam-fender-a-olivia-dean-prekonali-rekord-stary-73-let-ale-dnes-uz-cisla-neznamenaji-to-co-driv\/#primaryimage"},"image":{"@id":"https:\/\/www.karaoketexty.cz\/magazin\/sam-fender-a-olivia-dean-prekonali-rekord-stary-73-let-ale-dnes-uz-cisla-neznamenaji-to-co-driv\/#primaryimage"},"thumbnailUrl":"https:\/\/www.karaoketexty.cz\/magazin\/wp-content\/uploads\/2026\/08\/1280px-Olivia_Dean_-_4514.jpg","datePublished":"2026-08-31T07:58:00+00:00","author":{"@id":"https:\/\/www.karaoketexty.cz\/magazin\/#\/schema\/person\/524da5b0fbeed4c3aab8132fdf00f2f6"},"description":"Sam Fender a Olivia Dean s p\u00edsn\u00ed Rein Me In p\u0159ekonali rekord Frankieho Lainea z roku 1953. Jen\u017ee mnoz\u00ed poslucha\u010di o hitu v\u016fbec nesly\u0161eli.","breadcrumb":{"@id":"https:\/\/www.karaoketexty.cz\/magazin\/sam-fender-a-olivia-dean-prekonali-rekord-stary-73-let-ale-dnes-uz-cisla-neznamenaji-to-co-driv\/#breadcrumb"},"inLanguage":"cs","potentialAction":[{"@type":"ReadAction","target":["https:\/\/www.karaoketexty.cz\/magazin\/sam-fender-a-olivia-dean-prekonali-rekord-stary-73-let-ale-dnes-uz-cisla-neznamenaji-to-co-driv\/"]}]},{"@type":"ImageObject","inLanguage":"cs","@id":"https:\/\/www.karaoketexty.cz\/magazin\/sam-fender-a-olivia-dean-prekonali-rekord-stary-73-let-ale-dnes-uz-cisla-neznamenaji-to-co-driv\/#primaryimage","url":"https:\/\/www.karaoketexty.cz\/magazin\/wp-content\/uploads\/2026\/08\/1280px-Olivia_Dean_-_4514.jpg","contentUrl":"https:\/\/www.karaoketexty.cz\/magazin\/wp-content\/uploads\/2026\/08\/1280px-Olivia_Dean_-_4514.jpg","width":1280,"height":960,"caption":"Foto: Harald Krichel, CC BY-SA 4.0 , via Wikimedia Commons, Olivia dean"},{"@type":"BreadcrumbList","@id":"https:\/\/www.karaoketexty.cz\/magazin\/sam-fender-a-olivia-dean-prekonali-rekord-stary-73-let-ale-dnes-uz-cisla-neznamenaji-to-co-driv\/#breadcrumb","itemListElement":[{"@type":"ListItem","position":1,"name":"Dom\u016f","item":"https:\/\/www.karaoketexty.cz\/magazin\/"},{"@type":"ListItem","position":2,"name":"Sam Fender a Olivia Dean p\u0159ekonali rekord star\u00fd 73 let, ale dnes u\u017e \u010d\u00edsla neznamenaj\u00ed to, co d\u0159\u00edv"}]},{"@type":"WebSite","@id":"https:\/\/www.karaoketexty.cz\/magazin\/#website","url":"https:\/\/www.karaoketexty.cz\/magazin\/","name":"Stars Magaz\u00edn Karaoketexty.cz","description":"Stars Magaz\u00edn na Karaoketexty.cz je zam\u011b\u0159en\u00fd na novinky ze sv\u011bta hudby a celebrit. Obsahuje \u010dl\u00e1nky o zp\u011bv\u00e1c\u00edch, kapel\u00e1ch, nov\u00fdch albech, hudebn\u00edch trendech a dal\u0161\u00edch zaj\u00edmavostech z hudebn\u00edho pr\u016fmyslu.","potentialAction":[{"@type":"SearchAction","target":{"@type":"EntryPoint","urlTemplate":"https:\/\/www.karaoketexty.cz\/magazin\/?s={search_term_string}"},"query-input":{"@type":"PropertyValueSpecification","valueRequired":true,"valueName":"search_term_string"}}],"inLanguage":"cs"},{"@type":"Person","@id":"https:\/\/www.karaoketexty.cz\/magazin\/#\/schema\/person\/524da5b0fbeed4c3aab8132fdf00f2f6","name":"Radek Kone\u010dn\u00fd","image":{"@type":"ImageObject","inLanguage":"cs","@id":"https:\/\/secure.gravatar.com\/avatar\/8dc523befeed7910402c763ae678e41e9d925d26441865f21c954ecb6f4e1b17?s=96&d=mm&r=g","url":"https:\/\/secure.gravatar.com\/avatar\/8dc523befeed7910402c763ae678e41e9d925d26441865f21c954ecb6f4e1b17?s=96&d=mm&r=g","contentUrl":"https:\/\/secure.gravatar.com\/avatar\/8dc523befeed7910402c763ae678e41e9d925d26441865f21c954ecb6f4e1b17?s=96&d=mm&r=g","caption":"Radek Kone\u010dn\u00fd"},"url":"https:\/\/www.karaoketexty.cz\/magazin\/author\/radekkonecny\/"}]}},"_links":{"self":[{"href":"https:\/\/www.karaoketexty.cz\/magazin\/wp-json\/wp\/v2\/posts\/17882","targetHints":{"allow":["GET"]}}],"collection":[{"href":"https:\/\/www.karaoketexty.cz\/magazin\/wp-json\/wp\/v2\/posts"}],"about":[{"href":"https:\/\/www.karaoketexty.cz\/magazin\/wp-json\/wp\/v2\/types\/post"}],"author":[{"embeddable":true,"href":"https:\/\/www.karaoketexty.cz\/magazin\/wp-json\/wp\/v2\/users\/9"}],"replies":[{"embeddable":true,"href":"https:\/\/www.karaoketexty.cz\/magazin\/wp-json\/wp\/v2\/comments?post=17882"}],"version-history":[{"count":10,"href":"https:\/\/www.karaoketexty.cz\/magazin\/wp-json\/wp\/v2\/posts\/17882\/revisions"}],"predecessor-version":[{"id":18196,"href":"https:\/\/www.karaoketexty.cz\/magazin\/wp-json\/wp\/v2\/posts\/17882\/revisions\/18196"}],"wp:featuredmedia":[{"embeddable":true,"href":"https:\/\/www.karaoketexty.cz\/magazin\/wp-json\/wp\/v2\/media\/18194"}],"wp:attachment":[{"href":"https:\/\/www.karaoketexty.cz\/magazin\/wp-json\/wp\/v2\/media?parent=17882"}],"wp:term":[{"taxonomy":"category","embeddable":true,"href":"https:\/\/www.karaoketexty.cz\/magazin\/wp-json\/wp\/v2\/categories?post=17882"},{"taxonomy":"post_tag","embeddable":true,"href":"https:\/\/www.karaoketexty.cz\/magazin\/wp-json\/wp\/v2\/tags?post=17882"}],"curies":[{"name":"wp","href":"https:\/\/api.w.org\/{rel}","templated":true}]}}