{"id":17822,"date":"2026-09-02T08:37:00","date_gmt":"2026-09-02T06:37:00","guid":{"rendered":"https:\/\/www.karaoketexty.cz\/magazin\/?p=17822"},"modified":"2026-09-01T13:38:59","modified_gmt":"2026-09-01T11:38:59","slug":"devadesatnik-jiri-suchy-ktery-stvoril-semafor-dnes-zije-daleko-od-reflektoru","status":"publish","type":"post","link":"https:\/\/www.karaoketexty.cz\/magazin\/devadesatnik-jiri-suchy-ktery-stvoril-semafor-dnes-zije-daleko-od-reflektoru\/","title":{"rendered":"Devades\u00e1tn\u00edk Ji\u0159\u00ed Such\u00fd, kter\u00fd stvo\u0159il Semafor, dnes \u017eije daleko od reflektor\u016f"},"content":{"rendered":"\n<p class=\"wp-block-paragraph\"><strong>Ji\u0159\u00ed Such\u00fd, zakladatel Semaforu a autor p\u00edsn\u00ed, kter\u00e9 zn\u00e1 cel\u00e1 republika, oslav\u00ed letos ji\u017e 95. narozeniny. Po\u0159\u00e1d si dr\u017e\u00ed \u00fasm\u011bv na tv\u00e1\u0159i, i kdy\u017e v \u017eivot\u011b musel p\u0159ekonat spoustu t\u011b\u017ekost\u00ed.<\/strong><\/p>\n\n\n\n<p class=\"wp-block-paragraph\">Narodil se 1. \u0159\u00edjna 1931 v Plzni, d\u011btstv\u00ed str\u00e1vil v Klatovech a do Prahy se p\u0159est\u011bhoval u\u017e jako mal\u00fd chlapec. Dnes je mu 94 let a Semafor, kter\u00fd v roce 1959 spoluzalo\u017eil s Ji\u0159\u00edm \u0160litrem, po\u0159\u00e1d funguje. U\u017e to samo o sob\u011b je pozoruhodn\u00e9. Divadlo p\u0159e\u017eilo normalizaci, povodn\u011b v roce 2002 i opakovan\u00e9 ztr\u00e1ty sv\u00e9 domovsk\u00e9 sc\u00e9ny. Na Karaoketexty p\u0159ipom\u00edn\u00e1me v\u00fdznamn\u00e9 okam\u017eiky v kari\u00e9\u0159e i soukrom\u00e9m \u017eivot\u011b Such\u00e9ho.<\/p>\n\n\n<!-- karaoketexty.cz \/ rectangle2 -->\n<div id=\"PX_37086_709110796310826\"><\/div>\n<script>\n   if(!useMobileAds && !boolUseSeznamAds && !hideAllAds){\n     window.px2 = window.px2 || { conf: {},queue: [] };\n     px2.queue.push(function () {\n        px2.render({\n           slot: {\n              id: 37086\n           },\n            elem: \"PX_37086_709110796310826\"\n        })\n     });\n  }\n<\/script>\n\n<!-- karaoketexty.cz \/ mobile-rectangle3 -->\n<div id=\"PX_37044_714599773297004\"><\/div>\n<script>\n   if(useMobileAds && !boolUseSeznamAds && !hideAllAds){\nwindow.px2 = window.px2 || { conf: {},queue: [] };\npx2.queue.push(function () {\n\tpx2.render({\n\t\tslot: {\n\t\t\tid: 37044\n\t\t},\n\t\telem: \"PX_37044_714599773297004\"\n\t})\n});\n}\n<\/script>\n\n\n<h2 class=\"wp-block-heading\">Semafor a zlat\u00e1 l\u00e9ta se \u0160litrem<\/h2>\n\n\n\n<p class=\"wp-block-paragraph\">Bez Ji\u0159\u00edho \u0160litra by p\u0159\u00edb\u011bh Semaforu vypadal \u00fapln\u011b jinak. Spole\u010dn\u011b vytvo\u0159ili autorskou dvojici, kter\u00e1 v \u0161edes\u00e1t\u00fdch letech v\u00fdrazn\u011b ur\u010dovala podobu \u010desk\u00e9 popul\u00e1rn\u00ed kultury. Hry jako <em>Dob\u0159e placen\u00e1 proch\u00e1zka<\/em> nebo <em>Jon\u00e1\u0161 a tingltangl<\/em> b\u00fdvaly vyprodan\u00e9 dlouho dop\u0159edu, lid\u00e9 kv\u016fli vstupenk\u00e1m \u010dekali p\u0159es noc p\u0159ed pokladnou. Such\u00fd p\u0159itom nebyl jen texta\u0159. P\u016fsobil jako herec, zp\u011bv\u00e1k, grafik, b\u00e1sn\u00edk i \u0159editel divadla.<\/p>\n\n\n\n<p class=\"wp-block-paragraph\">Smrt Ji\u0159\u00edho \u0160litra 26. prosince 1969 tuto \u00e9ru ukon\u010dila prakticky ze dne na den. Such\u00fd tehdy v\u00e1\u017en\u011b zva\u017eoval, \u017ee s divadlem skon\u010d\u00ed. Nakonec ale nep\u0159estal. Pokra\u010doval d\u00e1l, nejprve s hudebn\u00edm spolupracovn\u00edkem Ferdinandem Havl\u00edkem, od roku 1972 pak s Jitkou Molavcovou jako hlavn\u00ed jevi\u0161tn\u00ed partnerkou. Tato spolupr\u00e1ce trv\u00e1 dodnes.<\/p>\n\n\n<!-- karaoketexty.cz \/ interscroller1 -->\n\n<div id=\"PX_37041_825057871452834\"><\/div>\n<script>\nif(useMobileAds && !boolUseSeznamAds && !hideAllAds){\n\twindow.px2 = window.px2 || { conf: {},queue: [] };\n\tpx2.queue.push(function () {\n\t\tpx2.render({\n\t\t\tslot: {\n\t\t\t\tid: 37041\n\t\t\t},\n\t\t\telem: \"PX_37041_825057871452834\"\n\t\t})\n\t});\n}\n<\/script>\n\n\n<h2 class=\"wp-block-heading\">Normalizace, ztr\u00e1ty a rozhodnut\u00ed z\u016fstat<\/h2>\n\n\n\n<p class=\"wp-block-paragraph\">Za podpis manifestu Dva tis\u00edce slov v roce 1968 zaplatil Such\u00fd vysokou cenu. V sedmdes\u00e1t\u00fdch letech nesm\u011bl do televize ani do rozhlasu, nemohl nat\u00e1\u010det filmy ani vyd\u00e1vat knihy. Musel odej\u00edt i z veden\u00ed Semaforu. V srpnu 1968 byl zrovna v zahrani\u010d\u00ed, emigraci zva\u017eoval, nakonec se ale vr\u00e1til. Pozd\u011bji toho nelitoval.<\/p>\n\n\n\n<p class=\"wp-block-paragraph\">R\u00e1ny ale nep\u0159ich\u00e1zely jen z politiky. Prvorozen\u00fd syn Such\u00e9ho nep\u0159e\u017eil porod. Jeho prvn\u00ed man\u017eelka B\u011bla, v\u00fdtvarnice a prvn\u00ed \u010dten\u00e1\u0159ka jeho text\u016f, zem\u0159ela v roce 1986 na akutn\u00ed leuk\u00e9mii, bylo j\u00ed pouh\u00fdch 47 let. <em>\u201eM\u011bla strach, \u017ee to dopadne blb\u011b, a m\u011bla pravdu,\u201c<\/em> vzpom\u00ednal Such\u00fd v dokumentu Olgy Sommerov\u00e9. Mu\u017e, kter\u00fd cel\u00fd \u017eivot psal o lehkosti, sed\u011bl u jej\u00edho l\u016f\u017eka a ti\u0161il j\u00ed bolest v holenn\u00edch kostech. To se nau\u010dil od l\u00e9\u010ditele. Hladil ji tak dlouho, dokud bolest nepovolila.<\/p>\n\n\n\n<h2 class=\"wp-block-heading\">Klidn\u00e9 st\u00e1\u0159\u00ed a nezlomn\u00fd optimismus<\/h2>\n\n\n\n<p class=\"wp-block-paragraph\">Po smrti B\u011bly se Such\u00fd v roce 2006 o\u017eenil podruh\u00e9, s Mark\u00e9tou, kter\u00e1 si jako studentka pedagogick\u00e9 fakulty p\u0159ivyd\u011bl\u00e1vala jako uvad\u011b\u010dka v Semaforu. V\u011bkov\u00fd rozd\u00edl mezi nimi byl v\u00fdrazn\u00fd, fungovalo to ale po sv\u00e9m: nikdy spolu nebydleli, v\u00eddali se n\u011bkolikr\u00e1t t\u00fddn\u011b. Rozvedli se v roce 2013, proto\u017ee ona zatou\u017eila po rodin\u011b. <em>\u201eU\u017e na to nem\u00e1m v\u011bk, tak jsem j\u00ed dal volnost,\u201c<\/em> \u0159ekl tehdy Such\u00fd jednodu\u0161e.<\/p>\n\n\n\n<iframe src=\"https:\/\/www.facebook.com\/plugins\/post.php?href=https%3A%2F%2Fwww.facebook.com%2Fpermalink.php%3Fstory_fbid%3Dpfbid02yReZrc9BY2m5W9WjRbSrtV3yDYUcCs53EvhrhnrjZeiMjKurytarz5Q133otDbsol%26id%3D100063451346707&#038;show_text=true&#038;width=500\" width=\"500\" height=\"597\" style=\"border:none;overflow:hidden\" scrolling=\"no\" frameborder=\"0\" allowfullscreen=\"true\" allow=\"autoplay; clipboard-write; encrypted-media; picture-in-picture; web-share\"><\/iframe>\n\n\n\n<p class=\"wp-block-paragraph\">Te\u010f \u017eije ve vile na O\u0159echovce, p\u00ed\u0161e, skl\u00e1d\u00e1 a tvo\u0159\u00ed grafiky. V listopadu 2022 vstoupil jako prvn\u00ed um\u011blec do S\u00edn\u011b sl\u00e1vy ankety \u010cesk\u00fd slav\u00edk. Semafor s\u00eddl\u00ed v Dejvic\u00edch a hraje d\u00e1l. A Ji\u0159\u00ed Such\u00fd, jak s\u00e1m \u0159\u00edk\u00e1, bere pr\u00e1ci jako nejd\u016fle\u017eit\u011bj\u0161\u00ed sou\u010d\u00e1st sv\u00e9ho \u017eivota. T\u011b\u017eko tomu n\u011bco nam\u00edtat.<\/p>\n\n\n\n<p class=\"wp-block-paragraph\">Zdroj: Autorsk\u00fd text, <a href=\"https:\/\/cs.wikipedia.org\/wiki\/Ji%C5%99%C3%AD_Such%C3%BD\" target=\"_blank\" rel=\"nofollow\">Wikipedie<\/a>, <a href=\"https:\/\/www.ceskatelevize.cz\/porady\/12157920955-jiri-suchy-lehce-s-zivotem-se-prat\/\" target=\"_blank\" rel=\"noreferrer noopener nofollow\">\u010cesk\u00e1 televize<\/a>, <a href=\"https:\/\/vltava.rozhlas.cz\/osudy-jiriho-sucheho-poslechnete-si-rozhlasove-vzpominky-herce-zpevaka-a-8579626\" target=\"_blank\" rel=\"noreferrer noopener nofollow\">\u010cesk\u00fd rozhlas<\/a>, <a href=\"https:\/\/www.ireport.cz\/clanky\/rozhovory\/videorozhovor-jiri-suchy-hrozne-rad-bych-lenosil-ale-ja-to-nedovedu-jsem-workoholik\" target=\"_blank\" rel=\"noreferrer noopener nofollow\">iReport<\/a><\/p>\n\n\n\n<p class=\"wp-block-paragraph\"><\/p>\n\n\n            <a href=\"https:\/\/www.karaoketexty.cz\/magazin\/jiri-suchy-muz-ktery-umel-rozesmat-cele-cesko-doziva-sva-leta-v-tichu-a-temer-v-zapomneni\/\" class=\"related-post-link\">\n                <div class=\"post-thumbnail\">\n                    <img decoding=\"async\" width=\"250\" height=\"141\" src=\"https:\/\/www.karaoketexty.cz\/magazin\/wp-content\/uploads\/2026\/07\/jiri-suchy.jpg\" class=\"attachment-250x180 size-250x180 not-transparent\" alt=\"Ji\u0159\u00ed Such\u00fd\" srcset=\"https:\/\/www.karaoketexty.cz\/magazin\/wp-content\/uploads\/2026\/07\/jiri-suchy.jpg 1200w, https:\/\/www.karaoketexty.cz\/magazin\/wp-content\/uploads\/2026\/07\/jiri-suchy-300x169.jpg 300w, https:\/\/www.karaoketexty.cz\/magazin\/wp-content\/uploads\/2026\/07\/jiri-suchy-1024x576.jpg 1024w, https:\/\/www.karaoketexty.cz\/magazin\/wp-content\/uploads\/2026\/07\/jiri-suchy-768x432.jpg 768w, https:\/\/www.karaoketexty.cz\/magazin\/wp-content\/uploads\/2026\/07\/jiri-suchy-800x450.jpg 800w\" sizes=\"(max-width: 250px) 100vw, 250px\" data-has-transparency=\"false\" data-dominant-color=\"897e79\" style=\"--dominant-color: #897e79;\" \/>                <\/div>\n                <div class=\"post-details\">\n                    <span class=\"also-read\">\u010ct\u011bte tak\u00e9:<\/span>\n                    <h3 class=\"hed\">Ji\u0159\u00ed Such\u00fd: Mu\u017e, kter\u00fd um\u011bl rozesm\u00e1t cel\u00e9 \u010cesko, do\u017e\u00edv\u00e1 sv\u00e1 l\u00e9ta v tichu a t\u00e9m\u011b\u0159 v zapomn\u011bn\u00ed<\/h3>\n                <\/div>\n            <\/a>\n            \n\n            <a href=\"https:\/\/www.karaoketexty.cz\/magazin\/petilety-karel-gott-pod-sutinami-pribeh-ktery-mohl-skoncit-smrti-jeste-davno-pred-jeho-slavou\/\" class=\"related-post-link\">\n                <div class=\"post-thumbnail\">\n                    <img decoding=\"async\" width=\"250\" height=\"141\" src=\"https:\/\/www.karaoketexty.cz\/magazin\/wp-content\/uploads\/2026\/07\/karel-gott-matka.jpg\" class=\"attachment-250x180 size-250x180 not-transparent\" alt=\"Karel Gott matka\" srcset=\"https:\/\/www.karaoketexty.cz\/magazin\/wp-content\/uploads\/2026\/07\/karel-gott-matka.jpg 1200w, https:\/\/www.karaoketexty.cz\/magazin\/wp-content\/uploads\/2026\/07\/karel-gott-matka-300x169.jpg 300w, https:\/\/www.karaoketexty.cz\/magazin\/wp-content\/uploads\/2026\/07\/karel-gott-matka-1024x576.jpg 1024w, https:\/\/www.karaoketexty.cz\/magazin\/wp-content\/uploads\/2026\/07\/karel-gott-matka-768x432.jpg 768w, https:\/\/www.karaoketexty.cz\/magazin\/wp-content\/uploads\/2026\/07\/karel-gott-matka-800x450.jpg 800w\" sizes=\"(max-width: 250px) 100vw, 250px\" data-has-transparency=\"false\" data-dominant-color=\"939496\" style=\"--dominant-color: #939496;\" \/>                <\/div>\n                <div class=\"post-details\">\n                    <span class=\"also-read\">\u010ct\u011bte tak\u00e9:<\/span>\n                    <h3 class=\"hed\">P\u011btilet\u00fd Karel Gott pod sutinami: P\u0159\u00edb\u011bh, kter\u00fd mohl skon\u010dit smrt\u00ed je\u0161t\u011b d\u00e1vno p\u0159ed jeho sl\u00e1vou<\/h3>\n                <\/div>\n            <\/a>\n            \n\n\n<p class=\"wp-block-paragraph\"><\/p>\n","protected":false},"excerpt":{"rendered":"<p>Ji\u0159\u00ed Such\u00fd, zakladatel Semaforu a autor p\u00edsn\u00ed, kter\u00e9 zn\u00e1 cel\u00e1 republika, oslav\u00ed letos ji\u017e 95. narozeniny. Po\u0159\u00e1d si dr\u017e\u00ed \u00fasm\u011bv na tv\u00e1\u0159i, i kdy\u017e v \u017eivot\u011b musel p\u0159ekonat spoustu t\u011b\u017ekost\u00ed.<\/p>\n","protected":false},"author":5,"featured_media":17824,"comment_status":"open","ping_status":"closed","sticky":false,"template":"","format":"standard","meta":{"footnotes":""},"categories":[1059],"tags":[11337,11333,1743,1643,11336,11335,424,9672,2182,11334,7862,1249],"class_list":["post-17822","post","type-post","status-publish","format-standard","has-post-thumbnail","hentry","category-celebrity","tag-95-narozeniny","tag-ceska-popularni-kultura","tag-cesky-slavik","tag-divadlo","tag-dva-tisice-slov","tag-ferdinand-havlik","tag-hudebni-spoluprace","tag-jiri-slitr","tag-jiri-suchy","tag-jitka-molavcova","tag-semafor","tag-zivotni-pribeh"],"yoast_head":"<!-- This site is optimized with the Yoast SEO plugin v28.3 - https:\/\/yoast.com\/product\/yoast-seo-wordpress\/ -->\n<title>M\u00e1lokdo v\u00ed, jak dnes vypad\u00e1 \u017eivot Ji\u0159\u00edho Such\u00e9ho<\/title>\n<meta name=\"description\" content=\"Ji\u0159\u00ed Such\u00fd, zakladatel Semaforu a jeden z nejv\u011bt\u0161\u00edch \u010desk\u00fdch p\u00edsni\u010dk\u00e1\u0159\u016f, pro\u017e\u00edv\u00e1 klidn\u00e9 st\u00e1\u0159\u00ed v Praze. Za \u00fasm\u011bvem je ale \u017eivot pln\u00fd ztr\u00e1t.\" \/>\n<meta name=\"robots\" content=\"index, follow, max-snippet:-1, max-image-preview:large, max-video-preview:-1\" \/>\n<link rel=\"canonical\" href=\"https:\/\/www.karaoketexty.cz\/magazin\/devadesatnik-jiri-suchy-ktery-stvoril-semafor-dnes-zije-daleko-od-reflektoru\/\" \/>\n<meta property=\"og:locale\" content=\"cs_CZ\" \/>\n<meta property=\"og:type\" content=\"article\" \/>\n<meta property=\"og:title\" content=\"M\u00e1lokdo v\u00ed, jak dnes vypad\u00e1 \u017eivot Ji\u0159\u00edho Such\u00e9ho\" \/>\n<meta property=\"og:description\" content=\"Ji\u0159\u00ed Such\u00fd, zakladatel Semaforu a jeden z nejv\u011bt\u0161\u00edch \u010desk\u00fdch p\u00edsni\u010dk\u00e1\u0159\u016f, pro\u017e\u00edv\u00e1 klidn\u00e9 st\u00e1\u0159\u00ed v Praze. Za \u00fasm\u011bvem je ale \u017eivot pln\u00fd ztr\u00e1t.\" \/>\n<meta property=\"og:url\" content=\"https:\/\/www.karaoketexty.cz\/magazin\/devadesatnik-jiri-suchy-ktery-stvoril-semafor-dnes-zije-daleko-od-reflektoru\/\" \/>\n<meta property=\"og:site_name\" content=\"Stars Magaz\u00edn Karaoketexty.cz\" \/>\n<meta property=\"article:published_time\" content=\"2026-09-02T06:37:00+00:00\" \/>\n<meta property=\"og:image\" content=\"https:\/\/www.karaoketexty.cz\/magazin\/wp-content\/uploads\/2026\/08\/Jiri-Suchy.jpg\" \/>\n\t<meta property=\"og:image:width\" content=\"1200\" \/>\n\t<meta property=\"og:image:height\" content=\"870\" \/>\n\t<meta property=\"og:image:type\" content=\"image\/jpeg\" \/>\n<meta name=\"author\" content=\"Veronika \u0160imkov\u00e1\" \/>\n<meta name=\"twitter:card\" content=\"summary_large_image\" \/>\n<meta name=\"twitter:label1\" content=\"Napsal(a)\" \/>\n\t<meta name=\"twitter:data1\" content=\"Veronika \u0160imkov\u00e1\" \/>\n\t<meta name=\"twitter:label2\" content=\"Odhadovan\u00e1 doba \u010dten\u00ed\" \/>\n\t<meta name=\"twitter:data2\" content=\"3 minuty\" \/>\n<script type=\"application\/ld+json\" class=\"yoast-schema-graph\">{\"@context\":\"https:\\\/\\\/schema.org\",\"@graph\":[{\"@type\":\"Article\",\"@id\":\"https:\\\/\\\/www.karaoketexty.cz\\\/magazin\\\/devadesatnik-jiri-suchy-ktery-stvoril-semafor-dnes-zije-daleko-od-reflektoru\\\/#article\",\"isPartOf\":{\"@id\":\"https:\\\/\\\/www.karaoketexty.cz\\\/magazin\\\/devadesatnik-jiri-suchy-ktery-stvoril-semafor-dnes-zije-daleko-od-reflektoru\\\/\"},\"author\":{\"name\":\"Veronika \u0160imkov\u00e1\",\"@id\":\"https:\\\/\\\/www.karaoketexty.cz\\\/magazin\\\/#\\\/schema\\\/person\\\/03220d610ed4cba378a72bac3443f821\"},\"headline\":\"Devades\u00e1tn\u00edk Ji\u0159\u00ed Such\u00fd, kter\u00fd stvo\u0159il Semafor, dnes \u017eije daleko od reflektor\u016f\",\"datePublished\":\"2026-09-02T06:37:00+00:00\",\"mainEntityOfPage\":{\"@id\":\"https:\\\/\\\/www.karaoketexty.cz\\\/magazin\\\/devadesatnik-jiri-suchy-ktery-stvoril-semafor-dnes-zije-daleko-od-reflektoru\\\/\"},\"wordCount\":605,\"commentCount\":0,\"image\":{\"@id\":\"https:\\\/\\\/www.karaoketexty.cz\\\/magazin\\\/devadesatnik-jiri-suchy-ktery-stvoril-semafor-dnes-zije-daleko-od-reflektoru\\\/#primaryimage\"},\"thumbnailUrl\":\"https:\\\/\\\/www.karaoketexty.cz\\\/magazin\\\/wp-content\\\/uploads\\\/2026\\\/08\\\/Jiri-Suchy.jpg\",\"keywords\":[\"95. narozeniny\",\"\u010desk\u00e1 popul\u00e1rn\u00ed kultura\",\"\u010cesk\u00fd slav\u00edk\",\"divadlo\",\"Dva tis\u00edce slov\",\"Ferdinand Havl\u00edk\",\"hudebn\u00ed spolupr\u00e1ce\",\"Ji\u0159\u00ed \u0160litr\",\"Ji\u0159\u00ed Such\u00fd\",\"Jitka Molavcov\u00e1\",\"Semafor\",\"\u017eivotn\u00ed p\u0159\u00edb\u011bh\"],\"articleSection\":[\"Celebrity\"],\"inLanguage\":\"cs\",\"potentialAction\":[{\"@type\":\"CommentAction\",\"name\":\"Comment\",\"target\":[\"https:\\\/\\\/www.karaoketexty.cz\\\/magazin\\\/devadesatnik-jiri-suchy-ktery-stvoril-semafor-dnes-zije-daleko-od-reflektoru\\\/#respond\"]}]},{\"@type\":\"WebPage\",\"@id\":\"https:\\\/\\\/www.karaoketexty.cz\\\/magazin\\\/devadesatnik-jiri-suchy-ktery-stvoril-semafor-dnes-zije-daleko-od-reflektoru\\\/\",\"url\":\"https:\\\/\\\/www.karaoketexty.cz\\\/magazin\\\/devadesatnik-jiri-suchy-ktery-stvoril-semafor-dnes-zije-daleko-od-reflektoru\\\/\",\"name\":\"M\u00e1lokdo v\u00ed, jak dnes vypad\u00e1 \u017eivot Ji\u0159\u00edho Such\u00e9ho\",\"isPartOf\":{\"@id\":\"https:\\\/\\\/www.karaoketexty.cz\\\/magazin\\\/#website\"},\"primaryImageOfPage\":{\"@id\":\"https:\\\/\\\/www.karaoketexty.cz\\\/magazin\\\/devadesatnik-jiri-suchy-ktery-stvoril-semafor-dnes-zije-daleko-od-reflektoru\\\/#primaryimage\"},\"image\":{\"@id\":\"https:\\\/\\\/www.karaoketexty.cz\\\/magazin\\\/devadesatnik-jiri-suchy-ktery-stvoril-semafor-dnes-zije-daleko-od-reflektoru\\\/#primaryimage\"},\"thumbnailUrl\":\"https:\\\/\\\/www.karaoketexty.cz\\\/magazin\\\/wp-content\\\/uploads\\\/2026\\\/08\\\/Jiri-Suchy.jpg\",\"datePublished\":\"2026-09-02T06:37:00+00:00\",\"author\":{\"@id\":\"https:\\\/\\\/www.karaoketexty.cz\\\/magazin\\\/#\\\/schema\\\/person\\\/03220d610ed4cba378a72bac3443f821\"},\"description\":\"Ji\u0159\u00ed Such\u00fd, zakladatel Semaforu a jeden z nejv\u011bt\u0161\u00edch \u010desk\u00fdch p\u00edsni\u010dk\u00e1\u0159\u016f, pro\u017e\u00edv\u00e1 klidn\u00e9 st\u00e1\u0159\u00ed v Praze. Za \u00fasm\u011bvem je ale \u017eivot pln\u00fd ztr\u00e1t.\",\"breadcrumb\":{\"@id\":\"https:\\\/\\\/www.karaoketexty.cz\\\/magazin\\\/devadesatnik-jiri-suchy-ktery-stvoril-semafor-dnes-zije-daleko-od-reflektoru\\\/#breadcrumb\"},\"inLanguage\":\"cs\",\"potentialAction\":[{\"@type\":\"ReadAction\",\"target\":[\"https:\\\/\\\/www.karaoketexty.cz\\\/magazin\\\/devadesatnik-jiri-suchy-ktery-stvoril-semafor-dnes-zije-daleko-od-reflektoru\\\/\"]}]},{\"@type\":\"ImageObject\",\"inLanguage\":\"cs\",\"@id\":\"https:\\\/\\\/www.karaoketexty.cz\\\/magazin\\\/devadesatnik-jiri-suchy-ktery-stvoril-semafor-dnes-zije-daleko-od-reflektoru\\\/#primaryimage\",\"url\":\"https:\\\/\\\/www.karaoketexty.cz\\\/magazin\\\/wp-content\\\/uploads\\\/2026\\\/08\\\/Jiri-Suchy.jpg\",\"contentUrl\":\"https:\\\/\\\/www.karaoketexty.cz\\\/magazin\\\/wp-content\\\/uploads\\\/2026\\\/08\\\/Jiri-Suchy.jpg\",\"width\":1200,\"height\":870,\"caption\":\"Foto: U\u017eivatel che (Petr Nov\u00e1k, Wikipedia)\\\/Creative Commons\\\/CC BY-SA, Ji\u0159\u00ed Such\u00fd\"},{\"@type\":\"BreadcrumbList\",\"@id\":\"https:\\\/\\\/www.karaoketexty.cz\\\/magazin\\\/devadesatnik-jiri-suchy-ktery-stvoril-semafor-dnes-zije-daleko-od-reflektoru\\\/#breadcrumb\",\"itemListElement\":[{\"@type\":\"ListItem\",\"position\":1,\"name\":\"Dom\u016f\",\"item\":\"https:\\\/\\\/www.karaoketexty.cz\\\/magazin\\\/\"},{\"@type\":\"ListItem\",\"position\":2,\"name\":\"Devades\u00e1tn\u00edk Ji\u0159\u00ed Such\u00fd, kter\u00fd stvo\u0159il Semafor, dnes \u017eije daleko od reflektor\u016f\"}]},{\"@type\":\"WebSite\",\"@id\":\"https:\\\/\\\/www.karaoketexty.cz\\\/magazin\\\/#website\",\"url\":\"https:\\\/\\\/www.karaoketexty.cz\\\/magazin\\\/\",\"name\":\"Stars Magaz\u00edn Karaoketexty.cz\",\"description\":\"Stars Magaz\u00edn na Karaoketexty.cz je zam\u011b\u0159en\u00fd na novinky ze sv\u011bta hudby a celebrit. Obsahuje \u010dl\u00e1nky o zp\u011bv\u00e1c\u00edch, kapel\u00e1ch, nov\u00fdch albech, hudebn\u00edch trendech a dal\u0161\u00edch zaj\u00edmavostech z hudebn\u00edho pr\u016fmyslu.\",\"potentialAction\":[{\"@type\":\"SearchAction\",\"target\":{\"@type\":\"EntryPoint\",\"urlTemplate\":\"https:\\\/\\\/www.karaoketexty.cz\\\/magazin\\\/?s={search_term_string}\"},\"query-input\":{\"@type\":\"PropertyValueSpecification\",\"valueRequired\":true,\"valueName\":\"search_term_string\"}}],\"inLanguage\":\"cs\"},{\"@type\":\"Person\",\"@id\":\"https:\\\/\\\/www.karaoketexty.cz\\\/magazin\\\/#\\\/schema\\\/person\\\/03220d610ed4cba378a72bac3443f821\",\"name\":\"Veronika \u0160imkov\u00e1\",\"image\":{\"@type\":\"ImageObject\",\"inLanguage\":\"cs\",\"@id\":\"https:\\\/\\\/secure.gravatar.com\\\/avatar\\\/62af9cda83322200aaf20e60d0442fbca254ce18c0ffdcaaf83de31493c941a5?s=96&d=mm&r=g\",\"url\":\"https:\\\/\\\/secure.gravatar.com\\\/avatar\\\/62af9cda83322200aaf20e60d0442fbca254ce18c0ffdcaaf83de31493c941a5?s=96&d=mm&r=g\",\"contentUrl\":\"https:\\\/\\\/secure.gravatar.com\\\/avatar\\\/62af9cda83322200aaf20e60d0442fbca254ce18c0ffdcaaf83de31493c941a5?s=96&d=mm&r=g\",\"caption\":\"Veronika \u0160imkov\u00e1\"},\"url\":\"https:\\\/\\\/www.karaoketexty.cz\\\/magazin\\\/author\\\/veronikasimkova\\\/\"}]}<\/script>\n<!-- \/ Yoast SEO plugin. -->","yoast_head_json":{"title":"M\u00e1lokdo v\u00ed, jak dnes vypad\u00e1 \u017eivot Ji\u0159\u00edho Such\u00e9ho","description":"Ji\u0159\u00ed Such\u00fd, zakladatel Semaforu a jeden z nejv\u011bt\u0161\u00edch \u010desk\u00fdch p\u00edsni\u010dk\u00e1\u0159\u016f, pro\u017e\u00edv\u00e1 klidn\u00e9 st\u00e1\u0159\u00ed v Praze. Za \u00fasm\u011bvem je ale \u017eivot pln\u00fd ztr\u00e1t.","robots":{"index":"index","follow":"follow","max-snippet":"max-snippet:-1","max-image-preview":"max-image-preview:large","max-video-preview":"max-video-preview:-1"},"canonical":"https:\/\/www.karaoketexty.cz\/magazin\/devadesatnik-jiri-suchy-ktery-stvoril-semafor-dnes-zije-daleko-od-reflektoru\/","og_locale":"cs_CZ","og_type":"article","og_title":"M\u00e1lokdo v\u00ed, jak dnes vypad\u00e1 \u017eivot Ji\u0159\u00edho Such\u00e9ho","og_description":"Ji\u0159\u00ed Such\u00fd, zakladatel Semaforu a jeden z nejv\u011bt\u0161\u00edch \u010desk\u00fdch p\u00edsni\u010dk\u00e1\u0159\u016f, pro\u017e\u00edv\u00e1 klidn\u00e9 st\u00e1\u0159\u00ed v Praze. Za \u00fasm\u011bvem je ale \u017eivot pln\u00fd ztr\u00e1t.","og_url":"https:\/\/www.karaoketexty.cz\/magazin\/devadesatnik-jiri-suchy-ktery-stvoril-semafor-dnes-zije-daleko-od-reflektoru\/","og_site_name":"Stars Magaz\u00edn Karaoketexty.cz","article_published_time":"2026-09-02T06:37:00+00:00","og_image":[{"width":1200,"height":870,"url":"https:\/\/www.karaoketexty.cz\/magazin\/wp-content\/uploads\/2026\/08\/Jiri-Suchy.jpg","type":"image\/jpeg"}],"author":"Veronika \u0160imkov\u00e1","twitter_card":"summary_large_image","twitter_misc":{"Napsal(a)":"Veronika \u0160imkov\u00e1","Odhadovan\u00e1 doba \u010dten\u00ed":"3 minuty"},"schema":{"@context":"https:\/\/schema.org","@graph":[{"@type":"Article","@id":"https:\/\/www.karaoketexty.cz\/magazin\/devadesatnik-jiri-suchy-ktery-stvoril-semafor-dnes-zije-daleko-od-reflektoru\/#article","isPartOf":{"@id":"https:\/\/www.karaoketexty.cz\/magazin\/devadesatnik-jiri-suchy-ktery-stvoril-semafor-dnes-zije-daleko-od-reflektoru\/"},"author":{"name":"Veronika \u0160imkov\u00e1","@id":"https:\/\/www.karaoketexty.cz\/magazin\/#\/schema\/person\/03220d610ed4cba378a72bac3443f821"},"headline":"Devades\u00e1tn\u00edk Ji\u0159\u00ed Such\u00fd, kter\u00fd stvo\u0159il Semafor, dnes \u017eije daleko od reflektor\u016f","datePublished":"2026-09-02T06:37:00+00:00","mainEntityOfPage":{"@id":"https:\/\/www.karaoketexty.cz\/magazin\/devadesatnik-jiri-suchy-ktery-stvoril-semafor-dnes-zije-daleko-od-reflektoru\/"},"wordCount":605,"commentCount":0,"image":{"@id":"https:\/\/www.karaoketexty.cz\/magazin\/devadesatnik-jiri-suchy-ktery-stvoril-semafor-dnes-zije-daleko-od-reflektoru\/#primaryimage"},"thumbnailUrl":"https:\/\/www.karaoketexty.cz\/magazin\/wp-content\/uploads\/2026\/08\/Jiri-Suchy.jpg","keywords":["95. narozeniny","\u010desk\u00e1 popul\u00e1rn\u00ed kultura","\u010cesk\u00fd slav\u00edk","divadlo","Dva tis\u00edce slov","Ferdinand Havl\u00edk","hudebn\u00ed spolupr\u00e1ce","Ji\u0159\u00ed \u0160litr","Ji\u0159\u00ed Such\u00fd","Jitka Molavcov\u00e1","Semafor","\u017eivotn\u00ed p\u0159\u00edb\u011bh"],"articleSection":["Celebrity"],"inLanguage":"cs","potentialAction":[{"@type":"CommentAction","name":"Comment","target":["https:\/\/www.karaoketexty.cz\/magazin\/devadesatnik-jiri-suchy-ktery-stvoril-semafor-dnes-zije-daleko-od-reflektoru\/#respond"]}]},{"@type":"WebPage","@id":"https:\/\/www.karaoketexty.cz\/magazin\/devadesatnik-jiri-suchy-ktery-stvoril-semafor-dnes-zije-daleko-od-reflektoru\/","url":"https:\/\/www.karaoketexty.cz\/magazin\/devadesatnik-jiri-suchy-ktery-stvoril-semafor-dnes-zije-daleko-od-reflektoru\/","name":"M\u00e1lokdo v\u00ed, jak dnes vypad\u00e1 \u017eivot Ji\u0159\u00edho Such\u00e9ho","isPartOf":{"@id":"https:\/\/www.karaoketexty.cz\/magazin\/#website"},"primaryImageOfPage":{"@id":"https:\/\/www.karaoketexty.cz\/magazin\/devadesatnik-jiri-suchy-ktery-stvoril-semafor-dnes-zije-daleko-od-reflektoru\/#primaryimage"},"image":{"@id":"https:\/\/www.karaoketexty.cz\/magazin\/devadesatnik-jiri-suchy-ktery-stvoril-semafor-dnes-zije-daleko-od-reflektoru\/#primaryimage"},"thumbnailUrl":"https:\/\/www.karaoketexty.cz\/magazin\/wp-content\/uploads\/2026\/08\/Jiri-Suchy.jpg","datePublished":"2026-09-02T06:37:00+00:00","author":{"@id":"https:\/\/www.karaoketexty.cz\/magazin\/#\/schema\/person\/03220d610ed4cba378a72bac3443f821"},"description":"Ji\u0159\u00ed Such\u00fd, zakladatel Semaforu a jeden z nejv\u011bt\u0161\u00edch \u010desk\u00fdch p\u00edsni\u010dk\u00e1\u0159\u016f, pro\u017e\u00edv\u00e1 klidn\u00e9 st\u00e1\u0159\u00ed v Praze. Za \u00fasm\u011bvem je ale \u017eivot pln\u00fd ztr\u00e1t.","breadcrumb":{"@id":"https:\/\/www.karaoketexty.cz\/magazin\/devadesatnik-jiri-suchy-ktery-stvoril-semafor-dnes-zije-daleko-od-reflektoru\/#breadcrumb"},"inLanguage":"cs","potentialAction":[{"@type":"ReadAction","target":["https:\/\/www.karaoketexty.cz\/magazin\/devadesatnik-jiri-suchy-ktery-stvoril-semafor-dnes-zije-daleko-od-reflektoru\/"]}]},{"@type":"ImageObject","inLanguage":"cs","@id":"https:\/\/www.karaoketexty.cz\/magazin\/devadesatnik-jiri-suchy-ktery-stvoril-semafor-dnes-zije-daleko-od-reflektoru\/#primaryimage","url":"https:\/\/www.karaoketexty.cz\/magazin\/wp-content\/uploads\/2026\/08\/Jiri-Suchy.jpg","contentUrl":"https:\/\/www.karaoketexty.cz\/magazin\/wp-content\/uploads\/2026\/08\/Jiri-Suchy.jpg","width":1200,"height":870,"caption":"Foto: U\u017eivatel che (Petr Nov\u00e1k, Wikipedia)\/Creative Commons\/CC BY-SA, Ji\u0159\u00ed Such\u00fd"},{"@type":"BreadcrumbList","@id":"https:\/\/www.karaoketexty.cz\/magazin\/devadesatnik-jiri-suchy-ktery-stvoril-semafor-dnes-zije-daleko-od-reflektoru\/#breadcrumb","itemListElement":[{"@type":"ListItem","position":1,"name":"Dom\u016f","item":"https:\/\/www.karaoketexty.cz\/magazin\/"},{"@type":"ListItem","position":2,"name":"Devades\u00e1tn\u00edk Ji\u0159\u00ed Such\u00fd, kter\u00fd stvo\u0159il Semafor, dnes \u017eije daleko od reflektor\u016f"}]},{"@type":"WebSite","@id":"https:\/\/www.karaoketexty.cz\/magazin\/#website","url":"https:\/\/www.karaoketexty.cz\/magazin\/","name":"Stars Magaz\u00edn Karaoketexty.cz","description":"Stars Magaz\u00edn na Karaoketexty.cz je zam\u011b\u0159en\u00fd na novinky ze sv\u011bta hudby a celebrit. Obsahuje \u010dl\u00e1nky o zp\u011bv\u00e1c\u00edch, kapel\u00e1ch, nov\u00fdch albech, hudebn\u00edch trendech a dal\u0161\u00edch zaj\u00edmavostech z hudebn\u00edho pr\u016fmyslu.","potentialAction":[{"@type":"SearchAction","target":{"@type":"EntryPoint","urlTemplate":"https:\/\/www.karaoketexty.cz\/magazin\/?s={search_term_string}"},"query-input":{"@type":"PropertyValueSpecification","valueRequired":true,"valueName":"search_term_string"}}],"inLanguage":"cs"},{"@type":"Person","@id":"https:\/\/www.karaoketexty.cz\/magazin\/#\/schema\/person\/03220d610ed4cba378a72bac3443f821","name":"Veronika \u0160imkov\u00e1","image":{"@type":"ImageObject","inLanguage":"cs","@id":"https:\/\/secure.gravatar.com\/avatar\/62af9cda83322200aaf20e60d0442fbca254ce18c0ffdcaaf83de31493c941a5?s=96&d=mm&r=g","url":"https:\/\/secure.gravatar.com\/avatar\/62af9cda83322200aaf20e60d0442fbca254ce18c0ffdcaaf83de31493c941a5?s=96&d=mm&r=g","contentUrl":"https:\/\/secure.gravatar.com\/avatar\/62af9cda83322200aaf20e60d0442fbca254ce18c0ffdcaaf83de31493c941a5?s=96&d=mm&r=g","caption":"Veronika \u0160imkov\u00e1"},"url":"https:\/\/www.karaoketexty.cz\/magazin\/author\/veronikasimkova\/"}]}},"_links":{"self":[{"href":"https:\/\/www.karaoketexty.cz\/magazin\/wp-json\/wp\/v2\/posts\/17822","targetHints":{"allow":["GET"]}}],"collection":[{"href":"https:\/\/www.karaoketexty.cz\/magazin\/wp-json\/wp\/v2\/posts"}],"about":[{"href":"https:\/\/www.karaoketexty.cz\/magazin\/wp-json\/wp\/v2\/types\/post"}],"author":[{"embeddable":true,"href":"https:\/\/www.karaoketexty.cz\/magazin\/wp-json\/wp\/v2\/users\/5"}],"replies":[{"embeddable":true,"href":"https:\/\/www.karaoketexty.cz\/magazin\/wp-json\/wp\/v2\/comments?post=17822"}],"version-history":[{"count":5,"href":"https:\/\/www.karaoketexty.cz\/magazin\/wp-json\/wp\/v2\/posts\/17822\/revisions"}],"predecessor-version":[{"id":18884,"href":"https:\/\/www.karaoketexty.cz\/magazin\/wp-json\/wp\/v2\/posts\/17822\/revisions\/18884"}],"wp:featuredmedia":[{"embeddable":true,"href":"https:\/\/www.karaoketexty.cz\/magazin\/wp-json\/wp\/v2\/media\/17824"}],"wp:attachment":[{"href":"https:\/\/www.karaoketexty.cz\/magazin\/wp-json\/wp\/v2\/media?parent=17822"}],"wp:term":[{"taxonomy":"category","embeddable":true,"href":"https:\/\/www.karaoketexty.cz\/magazin\/wp-json\/wp\/v2\/categories?post=17822"},{"taxonomy":"post_tag","embeddable":true,"href":"https:\/\/www.karaoketexty.cz\/magazin\/wp-json\/wp\/v2\/tags?post=17822"}],"curies":[{"name":"wp","href":"https:\/\/api.w.org\/{rel}","templated":true}]}}