{"id":17620,"date":"2026-09-01T12:18:00","date_gmt":"2026-09-01T10:18:00","guid":{"rendered":"https:\/\/www.karaoketexty.cz\/magazin\/?p=17620"},"modified":"2026-09-01T12:18:31","modified_gmt":"2026-09-01T10:18:31","slug":"meky-zbirka-znovu-na-scene-vyjimecne-projekty-ktere-vrati-jeho-muziku-zpatky-k-lidem","status":"publish","type":"post","link":"https:\/\/www.karaoketexty.cz\/magazin\/meky-zbirka-znovu-na-scene-vyjimecne-projekty-ktere-vrati-jeho-muziku-zpatky-k-lidem\/","title":{"rendered":"Meky \u017dbirka znovu na sc\u00e9n\u011b: V\u00fdjime\u010dn\u00e9 projekty, kter\u00e9 vr\u00e1t\u00ed jeho muziku zp\u00e1tky k lidem"},"content":{"rendered":"\n<p class=\"wp-block-paragraph\"><strong>\u010cty\u0159i roky po odchodu Mira \u017dbirky jeho hudba rozhodn\u011b neztr\u00e1c\u00ed dech. Podzim 2026 p\u0159inese hned n\u011bkolik projekt\u016f, kter\u00e9 jeho odkaz p\u0159ipom\u00ednaj\u00ed zp\u016fsobem, jen\u017e stoj\u00ed za pozornost.<\/strong><\/p>\n\n\n\n<p class=\"wp-block-paragraph\">M\u00e1lokter\u00fd interpret dok\u00e1\u017ee i po smrti vyprod\u00e1vat s\u00e1ly. Meky ano. Vzpom\u00ednkov\u00fd projekt Miro \u017dbirka Symphonic Night loni zaplnil koncerty v Bratislav\u011b, Praze, Zl\u00edn\u011b i na festivalu Soundtrack Pod\u011bbrady. Letos se vrac\u00ed ve v\u011bt\u0161\u00edm form\u00e1tu ne\u017e dosud, jak jsme si na Karaoketexty v\u0161imli.<\/p>\n\n\n<!-- karaoketexty.cz \/ rectangle2 -->\n<div id=\"PX_37086_709110796310826\"><\/div>\n<script>\n   if(!useMobileAds && !boolUseSeznamAds && !hideAllAds){\n     window.px2 = window.px2 || { conf: {},queue: [] };\n     px2.queue.push(function () {\n        px2.render({\n           slot: {\n              id: 37086\n           },\n            elem: \"PX_37086_709110796310826\"\n        })\n     });\n  }\n<\/script>\n\n<!-- karaoketexty.cz \/ mobile-rectangle3 -->\n<div id=\"PX_37044_714599773297004\"><\/div>\n<script>\n   if(useMobileAds && !boolUseSeznamAds && !hideAllAds){\nwindow.px2 = window.px2 || { conf: {},queue: [] };\npx2.queue.push(function () {\n\tpx2.render({\n\t\tslot: {\n\t\t\tid: 37044\n\t\t},\n\t\telem: \"PX_37044_714599773297004\"\n\t})\n});\n}\n<\/script>\n\n\n<h2 class=\"wp-block-heading\">Obecn\u00ed d\u016fm jako hlavn\u00ed jevi\u0161t\u011b podzimu<\/h2>\n\n\n\n<p class=\"wp-block-paragraph\">Ve Smetanov\u011b s\u00edni pra\u017esk\u00e9ho Obecn\u00edho domu se 20. \u0159\u00edjna uskute\u010dn\u00ed zat\u00edm nejv\u011bt\u0161\u00ed proveden\u00ed projektu Symphonic Night. Mekyho hity zahraje jeho kapela spolu s Karlovarsk\u00fdm symfonick\u00fdm orchestrem pod veden\u00edm dirigenta Adriana Koko\u0161e. Slo\u017een\u00ed host\u016f je samo o sob\u011b pozoruhodn\u00e9: pozv\u00e1n\u00ed p\u0159ijali 4Teno\u0159i, David Kraus, Martha, Rob Cass i opern\u00ed p\u011bvkyn\u011b So\u0148a God\u00e1rska.<\/p>\n\n\n\n<p class=\"wp-block-paragraph\">P\u0159ipoj\u00ed se tak\u00e9 violoncellistka Terezie Kovalov\u00e1. Rob Cass nav\u00edc nen\u00ed jen dal\u0161\u00edm hudebn\u00edm hostem. Pr\u00e1v\u011b on st\u00e1l za vznikem n\u011bkter\u00fdch Mekyho nejzn\u00e1m\u011bj\u0161\u00edch nahr\u00e1vek, v\u010detn\u011b p\u00edsn\u011b Fair Play, kter\u00e1 vznikla v legend\u00e1rn\u00edch studi\u00edch Abbey Road. Sou\u010d\u00e1st\u00ed ve\u010dera budou i speci\u00e1ln\u00ed videoprojekce Davida \u017dbirky, Mekyho syna.<\/p>\n\n\n<!-- karaoketexty.cz \/ interscroller1 -->\n\n<div id=\"PX_37041_825057871452834\"><\/div>\n<script>\nif(useMobileAds && !boolUseSeznamAds && !hideAllAds){\n\twindow.px2 = window.px2 || { conf: {},queue: [] };\n\tpx2.queue.push(function () {\n\t\tpx2.render({\n\t\t\tslot: {\n\t\t\t\tid: 37041\n\t\t\t},\n\t\t\telem: \"PX_37041_825057871452834\"\n\t\t})\n\t});\n}\n<\/script>\n\n\n<p class=\"wp-block-paragraph\">Projekt Symphonic Night za\u010dal Meky p\u0159ipravovat je\u0161t\u011b s\u00e1m. Cht\u011bl instrument\u00e1ln\u00ed symfonick\u00e9 verze sv\u00fdch nejzn\u00e1m\u011bj\u0161\u00edch skladeb a tato my\u0161lenka se uk\u00e1zala jako \u017eivotaschopn\u011bj\u0161\u00ed, ne\u017e se tehdy dalo \u010dekat.<\/p>\n\n\n\n<h2 class=\"wp-block-heading\">Vinyl se vz\u00e1cn\u00fdmi nahr\u00e1vkami a anglick\u00e9 p\u00edsni\u010dky pro d\u011bti<\/h2>\n\n\n\n<p class=\"wp-block-paragraph\">Je\u0161t\u011b p\u0159ed \u0159\u00edjnov\u00fdm koncertem vyjde 4. z\u00e1\u0159\u00ed album <em>Miroslav \u017dbirka: Special<\/em>. Na vinylu poprv\u00e9. Jde o kolekci, kter\u00e1 fanou\u0161ky rozhodn\u011b pot\u011b\u0161\u00ed: objev\u00ed se na n\u00ed ran\u00e9 nahr\u00e1vky jako Suzi, Nepla\u010d mal\u00e1 nebo Z\u00e1hadn\u00e1, ale i vz\u00e1cn\u011bj\u0161\u00ed polo\u017eky, nap\u0159\u00edklad Ollie Torr Remix autobiografick\u00e9 p\u00edsn\u011b Sl\u00e1vou opit\u00fd. Nechyb\u00ed ani velk\u00fd hit Ka\u017ed\u00fd den budou pr\u00fd V\u00e1noce, kter\u00fd \u017dbirka nazp\u00edval s Mari\u00e1nem Kochansk\u00fdm ze skupiny Lojzo. Album sestavil Juraj \u010curn\u00fd, dlouholet\u00fd spolupracovn\u00edk vydavatelstv\u00ed Opus, a to ve spolupr\u00e1ci s Katkou \u017dbirkovou.<\/p>\n\n\n\n<figure class=\"wp-block-embed is-type-video is-provider-youtube wp-block-embed-youtube wp-embed-aspect-16-9 wp-has-aspect-ratio\"><div class=\"wp-block-embed__wrapper\">\n<iframe title=\"Miro \u017dbirka - Fair Play\" width=\"500\" height=\"281\" src=\"https:\/\/www.youtube.com\/embed\/POV7dZEzFf4?feature=oembed\" frameborder=\"0\" allow=\"accelerometer; autoplay; clipboard-write; encrypted-media; gyroscope; picture-in-picture; web-share\" referrerpolicy=\"strict-origin-when-cross-origin\" allowfullscreen><\/iframe>\n<\/div><\/figure>\n\n\n\n<p class=\"wp-block-paragraph\">Slavnostn\u00ed k\u0159est se chyst\u00e1 na 16. z\u00e1\u0159\u00ed v Pal\u00e1ci knih Luxor na V\u00e1clavsk\u00e9m n\u00e1m\u011bst\u00ed. Kmotrem bude Pok\u00e1\u010d. Volba d\u00e1v\u00e1 smysl, proto\u017ee album navazuje na reedici Mekyho anglicky zp\u00edvan\u00fdch p\u00edsni\u010dek pro d\u011bti.<\/p>\n\n\n\n<h2 class=\"wp-block-heading\">V\u00fdstava, kter\u00e1 p\u0159esahuje hudbu<\/h2>\n\n\n\n<p class=\"wp-block-paragraph\">Den po \u0159\u00edjnov\u00e9m koncertu, tedy 21. \u0159\u00edjna, se v Obecn\u00edm dom\u011b otev\u0159e v\u00fdstava <em>M\u00edla F\u00fcrstov\u00e1 \u2013 Wings Of Whisper<\/em>. F\u00fcrstov\u00e1 pat\u0159\u00ed mezi v\u00fdtvarnice sv\u011btov\u00e9ho form\u00e1tu. Do pov\u011bdom\u00ed \u0161irok\u00e9 ve\u0159ejnosti se dostala hlavn\u011b d\u00edky spolupr\u00e1ci na obalu alba Ghost Stories skupiny Coldplay, vytvo\u0159ila ale tak\u00e9 obal pro Mekyho Double album, ocen\u011bn\u00e9 cenou And\u011bl. V\u00fdstava bude p\u0159\u00edstupn\u00e1 denn\u011b a\u017e do 28. ledna. Z\u00e1\u0161titu nad n\u00ed p\u0159evzala Eva Pavlov\u00e1. Vernis\u00e1\u017e uvede Lucie V\u00fdborn\u00e1, hudebn\u00edm hostem bude Jaroslav Sv\u011bcen\u00fd se skladbami Coldplay.<\/p>\n\n\n\n<p class=\"wp-block-paragraph\">Propojen\u00ed \u017dbirkovy hudby s vizu\u00e1ln\u00edm sv\u011btem M\u00edly F\u00fcrstov\u00e9 nen\u00ed n\u00e1hodn\u00e9. Oba pat\u0159ili ke generaci, kter\u00e1 um\u011bla p\u0159ekra\u010dovat hranice, jazykov\u00e9, \u017e\u00e1nrov\u00e9 i geografick\u00e9. Podzim 2026 to p\u0159ipomene hodn\u011b n\u00e1rozn\u011b.<\/p>\n\n\n\n<p class=\"wp-block-paragraph\">Zdroj: Autorsk\u00fd text, <a href=\"https:\/\/www.obecnidum.cz\/program\/miro-zbirka-symphonic-night-2026\/\" target=\"_blank\" rel=\"noreferrer noopener nofollow\">Obecn\u00ed d\u016fm<\/a>, <a href=\"https:\/\/www.zbirka.cz\/novinky\/hudba-mekyho-zbirky-ozije-letos-na-podzim-v-nekolika-vyjimecnych-projektech\" target=\"_blank\" rel=\"noreferrer noopener nofollow\">zbirka.cz<\/a><\/p>\n\n\n\n<p class=\"wp-block-paragraph\"><\/p>\n\n\n            <a href=\"https:\/\/www.karaoketexty.cz\/magazin\/hudba-mekyho-zbirky-miri-do-prahy-symfonicka-noc-s-jeho-nejvetsimi-hity-miri-do-obecniho-domu\/\" class=\"related-post-link\">\n                <div class=\"post-thumbnail\">\n                    <img decoding=\"async\" width=\"250\" height=\"166\" src=\"https:\/\/www.karaoketexty.cz\/magazin\/wp-content\/uploads\/2025\/11\/miro-zbirka.jpg\" class=\"attachment-250x180 size-250x180 not-transparent\" alt=\"Fotografie Mira \u017dbirky\" srcset=\"https:\/\/www.karaoketexty.cz\/magazin\/wp-content\/uploads\/2025\/11\/miro-zbirka.jpg 1200w, https:\/\/www.karaoketexty.cz\/magazin\/wp-content\/uploads\/2025\/11\/miro-zbirka-300x200.jpg 300w, https:\/\/www.karaoketexty.cz\/magazin\/wp-content\/uploads\/2025\/11\/miro-zbirka-1024x681.jpg 1024w, https:\/\/www.karaoketexty.cz\/magazin\/wp-content\/uploads\/2025\/11\/miro-zbirka-768x511.jpg 768w, https:\/\/www.karaoketexty.cz\/magazin\/wp-content\/uploads\/2025\/11\/miro-zbirka-800x533.jpg 800w\" sizes=\"(max-width: 250px) 100vw, 250px\" data-has-transparency=\"false\" data-dominant-color=\"81766a\" style=\"--dominant-color: #81766a;\" \/>                <\/div>\n                <div class=\"post-details\">\n                    <span class=\"also-read\">\u010ct\u011bte tak\u00e9:<\/span>\n                    <h3 class=\"hed\">Hudba \u201eMekyho\u201c \u017dbirky m\u00ed\u0159\u00ed do Prahy: Symfonick\u00e1 noc s jeho nejv\u011bt\u0161\u00edmi hity m\u00ed\u0159\u00ed do Obecn\u00edho domu<\/h3>\n                <\/div>\n            <\/a>\n            \n\n            <a href=\"https:\/\/www.karaoketexty.cz\/magazin\/katerina-zbirkova-promluvila-o-vztahu-s-o-30-let-mladsim-partnerem-neni-to-tak-jak-si-lide-mysli\/\" class=\"related-post-link\">\n                <div class=\"post-thumbnail\">\n                    <img decoding=\"async\" width=\"250\" height=\"169\" src=\"https:\/\/www.karaoketexty.cz\/magazin\/wp-content\/uploads\/2026\/07\/katerina-zbirkova-krest-klipu-machalkova.jpg\" class=\"attachment-250x180 size-250x180 not-transparent\" alt=\"Kate\u0159ina \u017dbirkov\u00e1 na k\u0159tu klipu Leony Mach\u00e1lkov\u00e9\" srcset=\"https:\/\/www.karaoketexty.cz\/magazin\/wp-content\/uploads\/2026\/07\/katerina-zbirkova-krest-klipu-machalkova.jpg 1200w, https:\/\/www.karaoketexty.cz\/magazin\/wp-content\/uploads\/2026\/07\/katerina-zbirkova-krest-klipu-machalkova-300x202.jpg 300w, https:\/\/www.karaoketexty.cz\/magazin\/wp-content\/uploads\/2026\/07\/katerina-zbirkova-krest-klipu-machalkova-1024x690.jpg 1024w, https:\/\/www.karaoketexty.cz\/magazin\/wp-content\/uploads\/2026\/07\/katerina-zbirkova-krest-klipu-machalkova-768x518.jpg 768w\" sizes=\"(max-width: 250px) 100vw, 250px\" data-has-transparency=\"false\" data-dominant-color=\"3f3128\" style=\"--dominant-color: #3f3128;\" \/>                <\/div>\n                <div class=\"post-details\">\n                    <span class=\"also-read\">\u010ct\u011bte tak\u00e9:<\/span>\n                    <h3 class=\"hed\">Kate\u0159ina \u017dbirkov\u00e1 promluvila o vztahu s o 30 let mlad\u0161\u00edm partnerem: \u201eNen\u00ed to tak, jak si lid\u00e9 mysl\u00ed.\u201c<\/h3>\n                <\/div>\n            <\/a>\n            ","protected":false},"excerpt":{"rendered":"<p>\u010cty\u0159i roky po odchodu Mira \u017dbirky jeho hudba rozhodn\u011b neztr\u00e1c\u00ed dech. Podzim 2025 p\u0159inese hned n\u011bkolik projekt\u016f, kter\u00e9 jeho odkaz p\u0159ipom\u00ednaj\u00ed zp\u016fsobem, jen\u017e stoj\u00ed za pozornost.<\/p>\n","protected":false},"author":5,"featured_media":12608,"comment_status":"open","ping_status":"closed","sticky":false,"template":"","format":"standard","meta":{"footnotes":""},"categories":[7],"tags":[11313,218,8047,11318,11319,11314,8543,4735,11317,11315,11316,4736,6671],"class_list":["post-17620","post","type-post","status-publish","format-standard","has-post-thumbnail","hentry","category-aktuality","tag-4tenori","tag-coldplay","tag-david-kraus","tag-juraj-curny","tag-lojzo","tag-martha","tag-meky-zbirka","tag-miro-zbirka","tag-palac-knih-luxor","tag-rob-cass","tag-sona-godarska","tag-symphonic-night","tag-terezie-kovalova"],"yoast_head":"<!-- This site is optimized with the Yoast SEO plugin v28.3 - https:\/\/yoast.com\/product\/yoast-seo-wordpress\/ -->\n<title>\u017dbirka nav\u017edy: Kter\u00e1 z t\u011bchto poct jeho muzice v\u00e1s dojme nejv\u00edc?<\/title>\n<meta name=\"description\" content=\"Miro \u017dbirka Symphonic Night v Obecn\u00edm dom\u011b, nov\u00e9 album Special na vinylu a v\u00fdstava Wings Of Whisper. Podzim 2025 p\u0159in\u00e1\u0161\u00ed v\u00fdjime\u010dn\u00e9 projekty.\" \/>\n<meta name=\"robots\" content=\"index, follow, max-snippet:-1, max-image-preview:large, max-video-preview:-1\" \/>\n<link rel=\"canonical\" href=\"https:\/\/www.karaoketexty.cz\/magazin\/meky-zbirka-znovu-na-scene-vyjimecne-projekty-ktere-vrati-jeho-muziku-zpatky-k-lidem\/\" \/>\n<meta property=\"og:locale\" content=\"cs_CZ\" \/>\n<meta property=\"og:type\" content=\"article\" \/>\n<meta property=\"og:title\" content=\"\u017dbirka nav\u017edy: Kter\u00e1 z t\u011bchto poct jeho muzice v\u00e1s dojme nejv\u00edc?\" \/>\n<meta property=\"og:description\" content=\"Miro \u017dbirka Symphonic Night v Obecn\u00edm dom\u011b, nov\u00e9 album Special na vinylu a v\u00fdstava Wings Of Whisper. Podzim 2025 p\u0159in\u00e1\u0161\u00ed v\u00fdjime\u010dn\u00e9 projekty.\" \/>\n<meta property=\"og:url\" content=\"https:\/\/www.karaoketexty.cz\/magazin\/meky-zbirka-znovu-na-scene-vyjimecne-projekty-ktere-vrati-jeho-muziku-zpatky-k-lidem\/\" \/>\n<meta property=\"og:site_name\" content=\"Stars Magaz\u00edn Karaoketexty.cz\" \/>\n<meta property=\"article:published_time\" content=\"2026-09-01T10:18:00+00:00\" \/>\n<meta property=\"article:modified_time\" content=\"2026-09-01T10:18:31+00:00\" \/>\n<meta property=\"og:image\" content=\"https:\/\/www.karaoketexty.cz\/magazin\/wp-content\/uploads\/2026\/06\/Katerina-Zbirkova-Miroslav-Zbirka.jpg\" \/>\n\t<meta property=\"og:image:width\" content=\"1200\" \/>\n\t<meta property=\"og:image:height\" content=\"820\" \/>\n\t<meta property=\"og:image:type\" content=\"image\/jpeg\" \/>\n<meta name=\"author\" content=\"Veronika \u0160imkov\u00e1\" \/>\n<meta name=\"twitter:card\" content=\"summary_large_image\" \/>\n<meta name=\"twitter:label1\" content=\"Napsal(a)\" \/>\n\t<meta name=\"twitter:data1\" content=\"Veronika \u0160imkov\u00e1\" \/>\n\t<meta name=\"twitter:label2\" content=\"Odhadovan\u00e1 doba \u010dten\u00ed\" \/>\n\t<meta name=\"twitter:data2\" content=\"8 minut\" \/>\n<script type=\"application\/ld+json\" class=\"yoast-schema-graph\">{\"@context\":\"https:\\\/\\\/schema.org\",\"@graph\":[{\"@type\":\"Article\",\"@id\":\"https:\\\/\\\/www.karaoketexty.cz\\\/magazin\\\/meky-zbirka-znovu-na-scene-vyjimecne-projekty-ktere-vrati-jeho-muziku-zpatky-k-lidem\\\/#article\",\"isPartOf\":{\"@id\":\"https:\\\/\\\/www.karaoketexty.cz\\\/magazin\\\/meky-zbirka-znovu-na-scene-vyjimecne-projekty-ktere-vrati-jeho-muziku-zpatky-k-lidem\\\/\"},\"author\":{\"name\":\"Veronika \u0160imkov\u00e1\",\"@id\":\"https:\\\/\\\/www.karaoketexty.cz\\\/magazin\\\/#\\\/schema\\\/person\\\/03220d610ed4cba378a72bac3443f821\"},\"headline\":\"Meky \u017dbirka znovu na sc\u00e9n\u011b: V\u00fdjime\u010dn\u00e9 projekty, kter\u00e9 vr\u00e1t\u00ed jeho muziku zp\u00e1tky k lidem\",\"datePublished\":\"2026-09-01T10:18:00+00:00\",\"dateModified\":\"2026-09-01T10:18:31+00:00\",\"mainEntityOfPage\":{\"@id\":\"https:\\\/\\\/www.karaoketexty.cz\\\/magazin\\\/meky-zbirka-znovu-na-scene-vyjimecne-projekty-ktere-vrati-jeho-muziku-zpatky-k-lidem\\\/\"},\"wordCount\":599,\"commentCount\":0,\"image\":{\"@id\":\"https:\\\/\\\/www.karaoketexty.cz\\\/magazin\\\/meky-zbirka-znovu-na-scene-vyjimecne-projekty-ktere-vrati-jeho-muziku-zpatky-k-lidem\\\/#primaryimage\"},\"thumbnailUrl\":\"https:\\\/\\\/www.karaoketexty.cz\\\/magazin\\\/wp-content\\\/uploads\\\/2026\\\/06\\\/Katerina-Zbirkova-Miroslav-Zbirka.jpg\",\"keywords\":[\"4Teno\u0159i\",\"Coldplay\",\"David Kraus\",\"Juraj \u010curn\u00fd\",\"Lojzo\",\"Martha\",\"Meky \u017dbirka\",\"Miro \u017dbirka\",\"Pal\u00e1c knih Luxor\",\"Rob Cass\",\"So\u0148a God\u00e1rska\",\"Symphonic Night\",\"Terezie Kovalov\u00e1\"],\"articleSection\":[\"Aktuality\"],\"inLanguage\":\"cs\",\"potentialAction\":[{\"@type\":\"CommentAction\",\"name\":\"Comment\",\"target\":[\"https:\\\/\\\/www.karaoketexty.cz\\\/magazin\\\/meky-zbirka-znovu-na-scene-vyjimecne-projekty-ktere-vrati-jeho-muziku-zpatky-k-lidem\\\/#respond\"]}]},{\"@type\":\"WebPage\",\"@id\":\"https:\\\/\\\/www.karaoketexty.cz\\\/magazin\\\/meky-zbirka-znovu-na-scene-vyjimecne-projekty-ktere-vrati-jeho-muziku-zpatky-k-lidem\\\/\",\"url\":\"https:\\\/\\\/www.karaoketexty.cz\\\/magazin\\\/meky-zbirka-znovu-na-scene-vyjimecne-projekty-ktere-vrati-jeho-muziku-zpatky-k-lidem\\\/\",\"name\":\"\u017dbirka nav\u017edy: Kter\u00e1 z t\u011bchto poct jeho muzice v\u00e1s dojme nejv\u00edc?\",\"isPartOf\":{\"@id\":\"https:\\\/\\\/www.karaoketexty.cz\\\/magazin\\\/#website\"},\"primaryImageOfPage\":{\"@id\":\"https:\\\/\\\/www.karaoketexty.cz\\\/magazin\\\/meky-zbirka-znovu-na-scene-vyjimecne-projekty-ktere-vrati-jeho-muziku-zpatky-k-lidem\\\/#primaryimage\"},\"image\":{\"@id\":\"https:\\\/\\\/www.karaoketexty.cz\\\/magazin\\\/meky-zbirka-znovu-na-scene-vyjimecne-projekty-ktere-vrati-jeho-muziku-zpatky-k-lidem\\\/#primaryimage\"},\"thumbnailUrl\":\"https:\\\/\\\/www.karaoketexty.cz\\\/magazin\\\/wp-content\\\/uploads\\\/2026\\\/06\\\/Katerina-Zbirkova-Miroslav-Zbirka.jpg\",\"datePublished\":\"2026-09-01T10:18:00+00:00\",\"dateModified\":\"2026-09-01T10:18:31+00:00\",\"author\":{\"@id\":\"https:\\\/\\\/www.karaoketexty.cz\\\/magazin\\\/#\\\/schema\\\/person\\\/03220d610ed4cba378a72bac3443f821\"},\"description\":\"Miro \u017dbirka Symphonic Night v Obecn\u00edm dom\u011b, nov\u00e9 album Special na vinylu a v\u00fdstava Wings Of Whisper. Podzim 2025 p\u0159in\u00e1\u0161\u00ed v\u00fdjime\u010dn\u00e9 projekty.\",\"breadcrumb\":{\"@id\":\"https:\\\/\\\/www.karaoketexty.cz\\\/magazin\\\/meky-zbirka-znovu-na-scene-vyjimecne-projekty-ktere-vrati-jeho-muziku-zpatky-k-lidem\\\/#breadcrumb\"},\"inLanguage\":\"cs\",\"potentialAction\":[{\"@type\":\"ReadAction\",\"target\":[\"https:\\\/\\\/www.karaoketexty.cz\\\/magazin\\\/meky-zbirka-znovu-na-scene-vyjimecne-projekty-ktere-vrati-jeho-muziku-zpatky-k-lidem\\\/\"]}]},{\"@type\":\"ImageObject\",\"inLanguage\":\"cs\",\"@id\":\"https:\\\/\\\/www.karaoketexty.cz\\\/magazin\\\/meky-zbirka-znovu-na-scene-vyjimecne-projekty-ktere-vrati-jeho-muziku-zpatky-k-lidem\\\/#primaryimage\",\"url\":\"https:\\\/\\\/www.karaoketexty.cz\\\/magazin\\\/wp-content\\\/uploads\\\/2026\\\/06\\\/Katerina-Zbirkova-Miroslav-Zbirka.jpg\",\"contentUrl\":\"https:\\\/\\\/www.karaoketexty.cz\\\/magazin\\\/wp-content\\\/uploads\\\/2026\\\/06\\\/Katerina-Zbirkova-Miroslav-Zbirka.jpg\",\"width\":1200,\"height\":820,\"caption\":\"Foto: U\u017eivatel David Sedleck\u00fd\\\/Creative Commons\\\/CC BY-SA, Miroslav \u017dbirka\"},{\"@type\":\"BreadcrumbList\",\"@id\":\"https:\\\/\\\/www.karaoketexty.cz\\\/magazin\\\/meky-zbirka-znovu-na-scene-vyjimecne-projekty-ktere-vrati-jeho-muziku-zpatky-k-lidem\\\/#breadcrumb\",\"itemListElement\":[{\"@type\":\"ListItem\",\"position\":1,\"name\":\"Dom\u016f\",\"item\":\"https:\\\/\\\/www.karaoketexty.cz\\\/magazin\\\/\"},{\"@type\":\"ListItem\",\"position\":2,\"name\":\"Meky \u017dbirka znovu na sc\u00e9n\u011b: V\u00fdjime\u010dn\u00e9 projekty, kter\u00e9 vr\u00e1t\u00ed jeho muziku zp\u00e1tky k lidem\"}]},{\"@type\":\"WebSite\",\"@id\":\"https:\\\/\\\/www.karaoketexty.cz\\\/magazin\\\/#website\",\"url\":\"https:\\\/\\\/www.karaoketexty.cz\\\/magazin\\\/\",\"name\":\"Stars Magaz\u00edn Karaoketexty.cz\",\"description\":\"Stars Magaz\u00edn na Karaoketexty.cz je zam\u011b\u0159en\u00fd na novinky ze sv\u011bta hudby a celebrit. Obsahuje \u010dl\u00e1nky o zp\u011bv\u00e1c\u00edch, kapel\u00e1ch, nov\u00fdch albech, hudebn\u00edch trendech a dal\u0161\u00edch zaj\u00edmavostech z hudebn\u00edho pr\u016fmyslu.\",\"potentialAction\":[{\"@type\":\"SearchAction\",\"target\":{\"@type\":\"EntryPoint\",\"urlTemplate\":\"https:\\\/\\\/www.karaoketexty.cz\\\/magazin\\\/?s={search_term_string}\"},\"query-input\":{\"@type\":\"PropertyValueSpecification\",\"valueRequired\":true,\"valueName\":\"search_term_string\"}}],\"inLanguage\":\"cs\"},{\"@type\":\"Person\",\"@id\":\"https:\\\/\\\/www.karaoketexty.cz\\\/magazin\\\/#\\\/schema\\\/person\\\/03220d610ed4cba378a72bac3443f821\",\"name\":\"Veronika \u0160imkov\u00e1\",\"image\":{\"@type\":\"ImageObject\",\"inLanguage\":\"cs\",\"@id\":\"https:\\\/\\\/secure.gravatar.com\\\/avatar\\\/62af9cda83322200aaf20e60d0442fbca254ce18c0ffdcaaf83de31493c941a5?s=96&d=mm&r=g\",\"url\":\"https:\\\/\\\/secure.gravatar.com\\\/avatar\\\/62af9cda83322200aaf20e60d0442fbca254ce18c0ffdcaaf83de31493c941a5?s=96&d=mm&r=g\",\"contentUrl\":\"https:\\\/\\\/secure.gravatar.com\\\/avatar\\\/62af9cda83322200aaf20e60d0442fbca254ce18c0ffdcaaf83de31493c941a5?s=96&d=mm&r=g\",\"caption\":\"Veronika \u0160imkov\u00e1\"},\"url\":\"https:\\\/\\\/www.karaoketexty.cz\\\/magazin\\\/author\\\/veronikasimkova\\\/\"}]}<\/script>\n<!-- \/ Yoast SEO plugin. -->","yoast_head_json":{"title":"\u017dbirka nav\u017edy: Kter\u00e1 z t\u011bchto poct jeho muzice v\u00e1s dojme nejv\u00edc?","description":"Miro \u017dbirka Symphonic Night v Obecn\u00edm dom\u011b, nov\u00e9 album Special na vinylu a v\u00fdstava Wings Of Whisper. Podzim 2025 p\u0159in\u00e1\u0161\u00ed v\u00fdjime\u010dn\u00e9 projekty.","robots":{"index":"index","follow":"follow","max-snippet":"max-snippet:-1","max-image-preview":"max-image-preview:large","max-video-preview":"max-video-preview:-1"},"canonical":"https:\/\/www.karaoketexty.cz\/magazin\/meky-zbirka-znovu-na-scene-vyjimecne-projekty-ktere-vrati-jeho-muziku-zpatky-k-lidem\/","og_locale":"cs_CZ","og_type":"article","og_title":"\u017dbirka nav\u017edy: Kter\u00e1 z t\u011bchto poct jeho muzice v\u00e1s dojme nejv\u00edc?","og_description":"Miro \u017dbirka Symphonic Night v Obecn\u00edm dom\u011b, nov\u00e9 album Special na vinylu a v\u00fdstava Wings Of Whisper. Podzim 2025 p\u0159in\u00e1\u0161\u00ed v\u00fdjime\u010dn\u00e9 projekty.","og_url":"https:\/\/www.karaoketexty.cz\/magazin\/meky-zbirka-znovu-na-scene-vyjimecne-projekty-ktere-vrati-jeho-muziku-zpatky-k-lidem\/","og_site_name":"Stars Magaz\u00edn Karaoketexty.cz","article_published_time":"2026-09-01T10:18:00+00:00","article_modified_time":"2026-09-01T10:18:31+00:00","og_image":[{"width":1200,"height":820,"url":"https:\/\/www.karaoketexty.cz\/magazin\/wp-content\/uploads\/2026\/06\/Katerina-Zbirkova-Miroslav-Zbirka.jpg","type":"image\/jpeg"}],"author":"Veronika \u0160imkov\u00e1","twitter_card":"summary_large_image","twitter_misc":{"Napsal(a)":"Veronika \u0160imkov\u00e1","Odhadovan\u00e1 doba \u010dten\u00ed":"8 minut"},"schema":{"@context":"https:\/\/schema.org","@graph":[{"@type":"Article","@id":"https:\/\/www.karaoketexty.cz\/magazin\/meky-zbirka-znovu-na-scene-vyjimecne-projekty-ktere-vrati-jeho-muziku-zpatky-k-lidem\/#article","isPartOf":{"@id":"https:\/\/www.karaoketexty.cz\/magazin\/meky-zbirka-znovu-na-scene-vyjimecne-projekty-ktere-vrati-jeho-muziku-zpatky-k-lidem\/"},"author":{"name":"Veronika \u0160imkov\u00e1","@id":"https:\/\/www.karaoketexty.cz\/magazin\/#\/schema\/person\/03220d610ed4cba378a72bac3443f821"},"headline":"Meky \u017dbirka znovu na sc\u00e9n\u011b: V\u00fdjime\u010dn\u00e9 projekty, kter\u00e9 vr\u00e1t\u00ed jeho muziku zp\u00e1tky k lidem","datePublished":"2026-09-01T10:18:00+00:00","dateModified":"2026-09-01T10:18:31+00:00","mainEntityOfPage":{"@id":"https:\/\/www.karaoketexty.cz\/magazin\/meky-zbirka-znovu-na-scene-vyjimecne-projekty-ktere-vrati-jeho-muziku-zpatky-k-lidem\/"},"wordCount":599,"commentCount":0,"image":{"@id":"https:\/\/www.karaoketexty.cz\/magazin\/meky-zbirka-znovu-na-scene-vyjimecne-projekty-ktere-vrati-jeho-muziku-zpatky-k-lidem\/#primaryimage"},"thumbnailUrl":"https:\/\/www.karaoketexty.cz\/magazin\/wp-content\/uploads\/2026\/06\/Katerina-Zbirkova-Miroslav-Zbirka.jpg","keywords":["4Teno\u0159i","Coldplay","David Kraus","Juraj \u010curn\u00fd","Lojzo","Martha","Meky \u017dbirka","Miro \u017dbirka","Pal\u00e1c knih Luxor","Rob Cass","So\u0148a God\u00e1rska","Symphonic Night","Terezie Kovalov\u00e1"],"articleSection":["Aktuality"],"inLanguage":"cs","potentialAction":[{"@type":"CommentAction","name":"Comment","target":["https:\/\/www.karaoketexty.cz\/magazin\/meky-zbirka-znovu-na-scene-vyjimecne-projekty-ktere-vrati-jeho-muziku-zpatky-k-lidem\/#respond"]}]},{"@type":"WebPage","@id":"https:\/\/www.karaoketexty.cz\/magazin\/meky-zbirka-znovu-na-scene-vyjimecne-projekty-ktere-vrati-jeho-muziku-zpatky-k-lidem\/","url":"https:\/\/www.karaoketexty.cz\/magazin\/meky-zbirka-znovu-na-scene-vyjimecne-projekty-ktere-vrati-jeho-muziku-zpatky-k-lidem\/","name":"\u017dbirka nav\u017edy: Kter\u00e1 z t\u011bchto poct jeho muzice v\u00e1s dojme nejv\u00edc?","isPartOf":{"@id":"https:\/\/www.karaoketexty.cz\/magazin\/#website"},"primaryImageOfPage":{"@id":"https:\/\/www.karaoketexty.cz\/magazin\/meky-zbirka-znovu-na-scene-vyjimecne-projekty-ktere-vrati-jeho-muziku-zpatky-k-lidem\/#primaryimage"},"image":{"@id":"https:\/\/www.karaoketexty.cz\/magazin\/meky-zbirka-znovu-na-scene-vyjimecne-projekty-ktere-vrati-jeho-muziku-zpatky-k-lidem\/#primaryimage"},"thumbnailUrl":"https:\/\/www.karaoketexty.cz\/magazin\/wp-content\/uploads\/2026\/06\/Katerina-Zbirkova-Miroslav-Zbirka.jpg","datePublished":"2026-09-01T10:18:00+00:00","dateModified":"2026-09-01T10:18:31+00:00","author":{"@id":"https:\/\/www.karaoketexty.cz\/magazin\/#\/schema\/person\/03220d610ed4cba378a72bac3443f821"},"description":"Miro \u017dbirka Symphonic Night v Obecn\u00edm dom\u011b, nov\u00e9 album Special na vinylu a v\u00fdstava Wings Of Whisper. Podzim 2025 p\u0159in\u00e1\u0161\u00ed v\u00fdjime\u010dn\u00e9 projekty.","breadcrumb":{"@id":"https:\/\/www.karaoketexty.cz\/magazin\/meky-zbirka-znovu-na-scene-vyjimecne-projekty-ktere-vrati-jeho-muziku-zpatky-k-lidem\/#breadcrumb"},"inLanguage":"cs","potentialAction":[{"@type":"ReadAction","target":["https:\/\/www.karaoketexty.cz\/magazin\/meky-zbirka-znovu-na-scene-vyjimecne-projekty-ktere-vrati-jeho-muziku-zpatky-k-lidem\/"]}]},{"@type":"ImageObject","inLanguage":"cs","@id":"https:\/\/www.karaoketexty.cz\/magazin\/meky-zbirka-znovu-na-scene-vyjimecne-projekty-ktere-vrati-jeho-muziku-zpatky-k-lidem\/#primaryimage","url":"https:\/\/www.karaoketexty.cz\/magazin\/wp-content\/uploads\/2026\/06\/Katerina-Zbirkova-Miroslav-Zbirka.jpg","contentUrl":"https:\/\/www.karaoketexty.cz\/magazin\/wp-content\/uploads\/2026\/06\/Katerina-Zbirkova-Miroslav-Zbirka.jpg","width":1200,"height":820,"caption":"Foto: U\u017eivatel David Sedleck\u00fd\/Creative Commons\/CC BY-SA, Miroslav \u017dbirka"},{"@type":"BreadcrumbList","@id":"https:\/\/www.karaoketexty.cz\/magazin\/meky-zbirka-znovu-na-scene-vyjimecne-projekty-ktere-vrati-jeho-muziku-zpatky-k-lidem\/#breadcrumb","itemListElement":[{"@type":"ListItem","position":1,"name":"Dom\u016f","item":"https:\/\/www.karaoketexty.cz\/magazin\/"},{"@type":"ListItem","position":2,"name":"Meky \u017dbirka znovu na sc\u00e9n\u011b: V\u00fdjime\u010dn\u00e9 projekty, kter\u00e9 vr\u00e1t\u00ed jeho muziku zp\u00e1tky k lidem"}]},{"@type":"WebSite","@id":"https:\/\/www.karaoketexty.cz\/magazin\/#website","url":"https:\/\/www.karaoketexty.cz\/magazin\/","name":"Stars Magaz\u00edn Karaoketexty.cz","description":"Stars Magaz\u00edn na Karaoketexty.cz je zam\u011b\u0159en\u00fd na novinky ze sv\u011bta hudby a celebrit. Obsahuje \u010dl\u00e1nky o zp\u011bv\u00e1c\u00edch, kapel\u00e1ch, nov\u00fdch albech, hudebn\u00edch trendech a dal\u0161\u00edch zaj\u00edmavostech z hudebn\u00edho pr\u016fmyslu.","potentialAction":[{"@type":"SearchAction","target":{"@type":"EntryPoint","urlTemplate":"https:\/\/www.karaoketexty.cz\/magazin\/?s={search_term_string}"},"query-input":{"@type":"PropertyValueSpecification","valueRequired":true,"valueName":"search_term_string"}}],"inLanguage":"cs"},{"@type":"Person","@id":"https:\/\/www.karaoketexty.cz\/magazin\/#\/schema\/person\/03220d610ed4cba378a72bac3443f821","name":"Veronika \u0160imkov\u00e1","image":{"@type":"ImageObject","inLanguage":"cs","@id":"https:\/\/secure.gravatar.com\/avatar\/62af9cda83322200aaf20e60d0442fbca254ce18c0ffdcaaf83de31493c941a5?s=96&d=mm&r=g","url":"https:\/\/secure.gravatar.com\/avatar\/62af9cda83322200aaf20e60d0442fbca254ce18c0ffdcaaf83de31493c941a5?s=96&d=mm&r=g","contentUrl":"https:\/\/secure.gravatar.com\/avatar\/62af9cda83322200aaf20e60d0442fbca254ce18c0ffdcaaf83de31493c941a5?s=96&d=mm&r=g","caption":"Veronika \u0160imkov\u00e1"},"url":"https:\/\/www.karaoketexty.cz\/magazin\/author\/veronikasimkova\/"}]}},"_links":{"self":[{"href":"https:\/\/www.karaoketexty.cz\/magazin\/wp-json\/wp\/v2\/posts\/17620","targetHints":{"allow":["GET"]}}],"collection":[{"href":"https:\/\/www.karaoketexty.cz\/magazin\/wp-json\/wp\/v2\/posts"}],"about":[{"href":"https:\/\/www.karaoketexty.cz\/magazin\/wp-json\/wp\/v2\/types\/post"}],"author":[{"embeddable":true,"href":"https:\/\/www.karaoketexty.cz\/magazin\/wp-json\/wp\/v2\/users\/5"}],"replies":[{"embeddable":true,"href":"https:\/\/www.karaoketexty.cz\/magazin\/wp-json\/wp\/v2\/comments?post=17620"}],"version-history":[{"count":4,"href":"https:\/\/www.karaoketexty.cz\/magazin\/wp-json\/wp\/v2\/posts\/17620\/revisions"}],"predecessor-version":[{"id":18864,"href":"https:\/\/www.karaoketexty.cz\/magazin\/wp-json\/wp\/v2\/posts\/17620\/revisions\/18864"}],"wp:featuredmedia":[{"embeddable":true,"href":"https:\/\/www.karaoketexty.cz\/magazin\/wp-json\/wp\/v2\/media\/12608"}],"wp:attachment":[{"href":"https:\/\/www.karaoketexty.cz\/magazin\/wp-json\/wp\/v2\/media?parent=17620"}],"wp:term":[{"taxonomy":"category","embeddable":true,"href":"https:\/\/www.karaoketexty.cz\/magazin\/wp-json\/wp\/v2\/categories?post=17620"},{"taxonomy":"post_tag","embeddable":true,"href":"https:\/\/www.karaoketexty.cz\/magazin\/wp-json\/wp\/v2\/tags?post=17620"}],"curies":[{"name":"wp","href":"https:\/\/api.w.org\/{rel}","templated":true}]}}