{"id":17577,"date":"2026-09-02T07:22:00","date_gmt":"2026-09-02T05:22:00","guid":{"rendered":"https:\/\/www.karaoketexty.cz\/magazin\/?p=17577"},"modified":"2026-09-01T13:37:21","modified_gmt":"2026-09-01T11:37:21","slug":"jana-robbova-zemrela-mlada-a-bez-penez-privedl-ji-k-tomu-alkohol","status":"publish","type":"post","link":"https:\/\/www.karaoketexty.cz\/magazin\/jana-robbova-zemrela-mlada-a-bez-penez-privedl-ji-k-tomu-alkohol\/","title":{"rendered":"Jana Robbov\u00e1 zem\u0159ela mlad\u00e1 a bez pen\u011bz, p\u0159ivedl ji k tomu alkohol"},"content":{"rendered":"\n<p class=\"wp-block-paragraph\"><strong>M\u011b\u0159ila sto pades\u00e1t centimetr\u016f, ale hlas m\u011bla tak siln\u00fd, \u017ee z n\u00ed naskakovala hus\u00ed k\u016f\u017ee. Jana Robbov\u00e1, p\u0159ezd\u00edvan\u00e1 Sopka, zp\u00edvala s Gottem i Neck\u00e1\u0159em. Zem\u0159ela ve 45 letech sama, bez pen\u011bz a v naprost\u00e9m zapomn\u011bn\u00ed.<\/strong><\/p>\n\n\n\n<p class=\"wp-block-paragraph\">Jana Robbov\u00e1 se narodila 4. dubna 1951 v Praze. P\u0159ezd\u00edvku Sopka od koleg\u016f dostala brzy. A nebyla to jen n\u011bjak\u00e1 nar\u00e1\u017eka pro efekt. M\u011b\u0159ila 150 centimetr\u016f, ale na jevi\u0161ti p\u016fsobila jako \u017eivel, kter\u00fd se ned\u00e1 moc krotit. Hlas m\u011bla drsn\u00fd, lehce o\u0161lehan\u00fd, p\u0159itom nesm\u00edrn\u011b siln\u00fd. Temperament z n\u00ed \u0161el c\u00edtit hned. Na Karaoketexty bychom r\u00e1di p\u0159ipomenuli jej\u00ed osud.<\/p>\n\n\n<!-- karaoketexty.cz \/ rectangle2 -->\n<div id=\"PX_37086_709110796310826\"><\/div>\n<script>\n   if(!useMobileAds && !boolUseSeznamAds && !hideAllAds){\n     window.px2 = window.px2 || { conf: {},queue: [] };\n     px2.queue.push(function () {\n        px2.render({\n           slot: {\n              id: 37086\n           },\n            elem: \"PX_37086_709110796310826\"\n        })\n     });\n  }\n<\/script>\n\n<!-- karaoketexty.cz \/ mobile-rectangle3 -->\n<div id=\"PX_37044_714599773297004\"><\/div>\n<script>\n   if(useMobileAds && !boolUseSeznamAds && !hideAllAds){\nwindow.px2 = window.px2 || { conf: {},queue: [] };\npx2.queue.push(function () {\n\tpx2.render({\n\t\tslot: {\n\t\t\tid: 37044\n\t\t},\n\t\telem: \"PX_37044_714599773297004\"\n\t})\n});\n}\n<\/script>\n\n\n<h2 class=\"wp-block-heading\">Alkohol dostal p\u0159ednost p\u0159ed v\u0161\u00edm ostatn\u00ed<\/h2>\n\n\n\n<p class=\"wp-block-paragraph\">V osmn\u00e1cti letech p\u0159eru\u0161ila Robbov\u00e1 studium na st\u0159edn\u00ed zdravotnick\u00e9 \u0161kole a vydala se zp\u00edvat. Nejd\u0159\u00edv do ciziny. Dva roky vystupovala s kapelou The Lovely Sextet v N\u011bmecku, Jugosl\u00e1vii, It\u00e1lii, \u0160v\u00fdcarsku, D\u00e1nsku i Holandsku. Ze Z\u00e1padu m\u011bla nab\u00eddky, aby z\u016fstala, jen\u017ee se b\u00e1la, \u017ee by p\u0159i\u0161la o pr\u00e1ci. Vr\u00e1tila se dom\u016f.<\/p>\n\n\n\n<p class=\"wp-block-paragraph\">Doma \u0161lo v\u0161echno docela rychle. \u00da\u010dinkovala v Divadle Semafor, zp\u00edvala s kapelou Bacily&nbsp;V\u00e1clava Neck\u00e1\u0159e. S Karlem Gottem nato\u010dila duety Toulky (1972) a Bum, bum, bum (1976), a to byl Gott u podobn\u00fdch spoluprac\u00ed dost vyb\u00edrav\u00fd. Kdy\u017e se v roce 1973 vyhla\u0161oval Zlat\u00fd slav\u00edk, Jana Robbov\u00e1 vyst\u0159elila z 31. m\u00edsta rovnou na p\u00e1t\u00e9. P\u0159esko\u010dila Hanu Zagorovou, Marii Rottrovou i V\u011bru \u0160pinarovou. Bylo j\u00ed dvaadvacet.<\/p>\n\n\n<!-- karaoketexty.cz \/ interscroller1 -->\n\n<div id=\"PX_37041_825057871452834\"><\/div>\n<script>\nif(useMobileAds && !boolUseSeznamAds && !hideAllAds){\n\twindow.px2 = window.px2 || { conf: {},queue: [] };\n\tpx2.queue.push(function () {\n\t\tpx2.render({\n\t\t\tslot: {\n\t\t\t\tid: 37041\n\t\t\t},\n\t\t\telem: \"PX_37041_825057871452834\"\n\t\t})\n\t});\n}\n<\/script>\n\n\n<p class=\"wp-block-paragraph\">Jen\u017ee zrovna v dob\u011b nejv\u011bt\u0161\u00edho \u00fasp\u011bchu se za\u010dalo v\u0161echno kazit. V osobn\u00edm \u017eivot\u011b nar\u00e1\u017eela na jednu p\u0159ek\u00e1\u017eku za druhou. Dvakr\u00e1t se vdala, dvakr\u00e1t rozvedla. Prod\u011blala dv\u011b mimod\u011blo\u017en\u00ed t\u011bhotenstv\u00ed a l\u00e9ka\u0159i j\u00ed \u0159ekli, \u017ee p\u0159irozen\u011b u\u017e d\u011bti m\u00edt nem\u016f\u017ee. Touha po d\u00edt\u011bti, kter\u00e1 z\u016fstala nenapln\u011bn\u00e1, ji zas\u00e1hla v\u00edc, ne\u017e bylo navenek vid\u011bt.&nbsp;Deprese ut\u00e1p\u011bla v alkoholu. K tomu se p\u0159idaly poruchy p\u0159\u00edjmu potravy, bulimie a anorexie sou\u010dasn\u011b, kombinace, kter\u00e1 t\u011blo rozkl\u00e1d\u00e1 pomalu, ale jist\u011b. Lid\u00e9 z okol\u00ed si vzpom\u00ednali, jak v restauraci jedla, pak zmizela uprost\u0159ed ve\u010de\u0159e na toaletu a po n\u00e1vratu pokra\u010dovala d\u00e1l.<\/p>\n\n\n\n<p class=\"wp-block-paragraph\"><span style=\"font-size: 1.5em;font-weight: 700\">Ze zp\u011bva\u010dky serv\u00edrka, ze serv\u00edrky nikdo<\/span><\/p>\n\n\n\n<p class=\"wp-block-paragraph\">V roce 1985 Jana Robbov\u00e1 se zp\u00edv\u00e1n\u00edm ze dne na den sekla. Posledn\u00ed domluven\u00fd koncert po\u0159adatel bez vysv\u011btlen\u00ed zru\u0161il.&nbsp;Bez maturity nebylo jednoduch\u00e9 naj\u00edt dal\u0161\u00ed pr\u00e1ci. D\u011blala prodava\u010dku v kant\u00fdn\u011b, pak serv\u00edrku v r\u016fzn\u00fdch vesnick\u00fdch hospod\u00e1ch, pod nov\u00fdm p\u0159\u00edjmen\u00edm Ko\u010dov\u00e1, kter\u00e9 z\u00edskala po druh\u00e9m man\u017eelstv\u00ed.&nbsp;\u0160tamgasti ji pozn\u00e1vali. Ne\u0161et\u0159ili pozn\u00e1mkami, kter\u00e9 byly \u010dasto dost nevhodn\u00e9.<\/p>\n\n\n\n<iframe title=\"Jana Robbov\u00e1 - Poj\u010f d\u00e1l (Nebylo snadn\u00e9 odej\u00edt) (Without You) (1976)\" width=\"500\" height=\"281\" src=\"https:\/\/www.youtube.com\/embed\/zTJXQB8RnsE?feature=oembed\" frameborder=\"0\" allow=\"accelerometer; autoplay; clipboard-write; encrypted-media; gyroscope; picture-in-picture; web-share\" referrerpolicy=\"strict-origin-when-cross-origin\" allowfullscreen><\/iframe>\n\n\n\n<p class=\"wp-block-paragraph\">\u017dena, kter\u00e1 kdysi porazila Zagorovou ve Zlat\u00e9m slav\u00edku, mezit\u00edm vyd\u00e1vala ob\u011bdy a to\u010dila pivo.&nbsp;Po roce 1989 se objevily i hudebn\u00ed nab\u00eddky, zp\u00edv\u00e1n\u00ed s dechovkou, r\u016fzn\u00e9 p\u0159\u00edle\u017eitostn\u00e9 projekty. Hlasivky si cvi\u010dila d\u00e1l. Pak ale p\u0159i\u0161la nemoc.&nbsp;L\u00e9ka\u0159i j\u00ed \u0161est m\u011bs\u00edc\u016f myln\u011b l\u00e9\u010dili bolesti jako nachlazen\u00ed pr\u016fdu\u0161ek. Kdy\u017e nakonec zjistili rakovinu j\u00edcnu, byla u\u017e v pokro\u010dil\u00e9m st\u00e1diu. Na z\u00e1chranu bylo pozd\u011b. Jana Robbov\u00e1 zem\u0159ela 4. srpna 1996 v nemocnici ve Vyso\u010danech, p\u0159esn\u011b \u010dty\u0159i m\u011bs\u00edce po sv\u00fdch p\u011bta\u010dty\u0159ic\u00e1t\u00fdch narozenin\u00e1ch. Poh\u0159eb se na jej\u00ed p\u0159\u00e1n\u00ed konal jen v neju\u017e\u0161\u00edm rodinn\u00e9m kruhu.<\/p>\n\n\n\n<p class=\"wp-block-paragraph\">Zdroj: Autorsk\u00fd text, <a href=\"https:\/\/cs.wikipedia.org\/wiki\/Jana_Robbov%C3%A1\" target=\"_blank\" rel=\"noreferrer noopener nofollow\">Wikipedie<\/a>, <a href=\"https:\/\/www.idnes.cz\/zpravy\/revue\/spolecnost\/jana-robbova-zpevacka-alkohol-rakovina-kariera-karel-gott.A210323_102332_lidicky_iri\" target=\"_blank\" rel=\"noreferrer noopener nofollow\">iDNES<\/a>, <a href=\"https:\/\/www.novinky.cz\/clanek\/vase-zpravy-jana-robbova-zpivala-s-karlem-gottem-i-vaclavem-neckarem-ale-sve-dalsi-sance-promarnila-40196606\" target=\"_blank\" rel=\"noreferrer noopener nofollow\">Novinky<\/a>, <a href=\"https:\/\/youtu.be\/zTJXQB8RnsE\" target=\"_blank\" rel=\"noreferrer noopener nofollow\">YouTube JPinPrague<\/a>, <a href=\"https:\/\/www.super.cz\/clanek\/retro-nezkrotny-talent-i-sebedestrukce-alkohol-a-rakovina-pribeh-jany-robbove-45-kterou-obdivoval-i-gott-1523368\" target=\"_blank\" rel=\"nofollow\">Super.cz<\/a><\/p>\n\n\n            <a href=\"https:\/\/www.karaoketexty.cz\/magazin\/zfalsovane-foto-a-neckarovo-ne-jak-se-komuniste-rozhodli-znicit-kubisovou\/\" class=\"related-post-link\">\n                <div class=\"post-thumbnail\">\n                    <img decoding=\"async\" width=\"250\" height=\"141\" src=\"https:\/\/www.karaoketexty.cz\/magazin\/wp-content\/uploads\/2025\/09\/Marta-Kubisova-zpevacka.jpg\" class=\"attachment-250x180 size-250x180 not-transparent\" alt=\"Fotografie Marty Kubi\u0161ov\u00e9\" srcset=\"https:\/\/www.karaoketexty.cz\/magazin\/wp-content\/uploads\/2025\/09\/Marta-Kubisova-zpevacka.jpg 1200w, https:\/\/www.karaoketexty.cz\/magazin\/wp-content\/uploads\/2025\/09\/Marta-Kubisova-zpevacka-300x169.jpg 300w, https:\/\/www.karaoketexty.cz\/magazin\/wp-content\/uploads\/2025\/09\/Marta-Kubisova-zpevacka-1024x576.jpg 1024w, https:\/\/www.karaoketexty.cz\/magazin\/wp-content\/uploads\/2025\/09\/Marta-Kubisova-zpevacka-768x432.jpg 768w, https:\/\/www.karaoketexty.cz\/magazin\/wp-content\/uploads\/2025\/09\/Marta-Kubisova-zpevacka-800x450.jpg 800w\" sizes=\"(max-width: 250px) 100vw, 250px\" data-has-transparency=\"false\" data-dominant-color=\"4d3835\" style=\"--dominant-color: #4d3835;\" \/>                <\/div>\n                <div class=\"post-details\">\n                    <span class=\"also-read\">\u010ct\u011bte tak\u00e9:<\/span>\n                    <h3 class=\"hed\">Zfal\u0161ovan\u00e9 foto a Neck\u00e1\u0159ovo ne: Jak se komunist\u00e9 rozhodli zni\u010dit Kubi\u0161ovou<\/h3>\n                <\/div>\n            <\/a>\n            \n\n            <a href=\"https:\/\/www.karaoketexty.cz\/magazin\/helena-vondrackova-po-detech-touzila-jenze-se-ji-prani-nesplnilo-vestba-heleny-ruzickove-ji-zasahla-do-srdce\/\" class=\"related-post-link\">\n                <div class=\"post-thumbnail\">\n                    <img decoding=\"async\" width=\"250\" height=\"166\" src=\"https:\/\/www.karaoketexty.cz\/magazin\/wp-content\/uploads\/2026\/07\/helena-vondrackova.jpg\" class=\"attachment-250x180 size-250x180 not-transparent\" alt=\"Helena Vondr\u00e1\u010dkov\u00e1\" srcset=\"https:\/\/www.karaoketexty.cz\/magazin\/wp-content\/uploads\/2026\/07\/helena-vondrackova.jpg 1208w, https:\/\/www.karaoketexty.cz\/magazin\/wp-content\/uploads\/2026\/07\/helena-vondrackova-300x199.jpg 300w, https:\/\/www.karaoketexty.cz\/magazin\/wp-content\/uploads\/2026\/07\/helena-vondrackova-1024x678.jpg 1024w, https:\/\/www.karaoketexty.cz\/magazin\/wp-content\/uploads\/2026\/07\/helena-vondrackova-768x509.jpg 768w, https:\/\/www.karaoketexty.cz\/magazin\/wp-content\/uploads\/2026\/07\/helena-vondrackova-800x533.jpg 800w\" sizes=\"(max-width: 250px) 100vw, 250px\" data-has-transparency=\"false\" data-dominant-color=\"6e3532\" style=\"--dominant-color: #6e3532;\" \/>                <\/div>\n                <div class=\"post-details\">\n                    <span class=\"also-read\">\u010ct\u011bte tak\u00e9:<\/span>\n                    <h3 class=\"hed\">Helena Vondr\u00e1\u010dkov\u00e1 po d\u011btech tou\u017eila, jen\u017ee se j\u00ed p\u0159\u00e1n\u00ed nesplnilo. V\u011b\u0161tba Heleny R\u016f\u017ei\u010dkov\u00e9 ji zas\u00e1hla do srdce<\/h3>\n                <\/div>\n            <\/a>\n            ","protected":false},"excerpt":{"rendered":"<p>M\u011b\u0159ila sto pades\u00e1t centimetr\u016f, ale hlas m\u011bla tak siln\u00fd, \u017ee z n\u00ed naskakovala hus\u00ed k\u016f\u017ee. Jana Robbov\u00e1, p\u0159ezd\u00edvan\u00e1 Sopka, zp\u00edvala s Gottem i Neck\u00e1\u0159em. Zem\u0159ela v 45 letech sama, bez pen\u011bz a v naprost\u00e9m zapomn\u011bn\u00ed.<\/p>\n","protected":false},"author":4,"featured_media":17579,"comment_status":"open","ping_status":"closed","sticky":false,"template":"","format":"standard","meta":{"footnotes":""},"categories":[1059],"tags":[1067,571,645,6627,2237,10818,71,6058,11332,3958,7830,51],"class_list":["post-17577","post","type-post","status-publish","format-standard","has-post-thumbnail","hentry","category-celebrity","tag-alkoholismus","tag-ceska-hudba","tag-deprese","tag-divadlo-semafor","tag-hana-zagorova","tag-jana-robbova","tag-karel-gott","tag-marie-rottrova","tag-the-lovely-sextet","tag-vaclav-neckar","tag-vera-spinarova","tag-zpevacka"],"yoast_head":"<!-- This site is optimized with the Yoast SEO plugin v28.3 - https:\/\/yoast.com\/product\/yoast-seo-wordpress\/ -->\n<title>Jana Robbov\u00e1: Hv\u011bzda, kterou zni\u010dil alkohol, skon\u010dila v zapomn\u011bn\u00ed<\/title>\n<meta name=\"description\" content=\"Jana Robbov\u00e1, p\u0159ezd\u00edvan\u00e1 Sopka, pat\u0159ila k nejv\u011bt\u0161\u00edm talent\u016fm \u010deskoslovensk\u00e9ho popu. Zem\u0159ela v roce 1996 v zapomn\u011bn\u00ed.\" \/>\n<meta name=\"robots\" content=\"index, follow, max-snippet:-1, max-image-preview:large, max-video-preview:-1\" \/>\n<link rel=\"canonical\" href=\"https:\/\/www.karaoketexty.cz\/magazin\/jana-robbova-zemrela-mlada-a-bez-penez-privedl-ji-k-tomu-alkohol\/\" \/>\n<meta property=\"og:locale\" content=\"cs_CZ\" \/>\n<meta property=\"og:type\" content=\"article\" \/>\n<meta property=\"og:title\" content=\"Jana Robbov\u00e1: Hv\u011bzda, kterou zni\u010dil alkohol, skon\u010dila v zapomn\u011bn\u00ed\" \/>\n<meta property=\"og:description\" content=\"Jana Robbov\u00e1, p\u0159ezd\u00edvan\u00e1 Sopka, pat\u0159ila k nejv\u011bt\u0161\u00edm talent\u016fm \u010deskoslovensk\u00e9ho popu. Zem\u0159ela v roce 1996 v zapomn\u011bn\u00ed.\" \/>\n<meta property=\"og:url\" content=\"https:\/\/www.karaoketexty.cz\/magazin\/jana-robbova-zemrela-mlada-a-bez-penez-privedl-ji-k-tomu-alkohol\/\" \/>\n<meta property=\"og:site_name\" content=\"Stars Magaz\u00edn Karaoketexty.cz\" \/>\n<meta property=\"article:published_time\" content=\"2026-09-02T05:22:00+00:00\" \/>\n<meta property=\"og:image\" content=\"https:\/\/www.karaoketexty.cz\/magazin\/wp-content\/uploads\/2026\/08\/jana-robbova.jpg\" \/>\n\t<meta property=\"og:image:width\" content=\"1200\" \/>\n\t<meta property=\"og:image:height\" content=\"675\" \/>\n\t<meta property=\"og:image:type\" content=\"image\/jpeg\" \/>\n<meta name=\"author\" content=\"Barbora Kop\u0159ivov\u00e1\" \/>\n<meta name=\"twitter:card\" content=\"summary_large_image\" \/>\n<meta name=\"twitter:label1\" content=\"Napsal(a)\" \/>\n\t<meta name=\"twitter:data1\" content=\"Barbora Kop\u0159ivov\u00e1\" \/>\n\t<meta name=\"twitter:label2\" content=\"Odhadovan\u00e1 doba \u010dten\u00ed\" \/>\n\t<meta name=\"twitter:data2\" content=\"3 minuty\" \/>\n<script type=\"application\/ld+json\" class=\"yoast-schema-graph\">{\"@context\":\"https:\\\/\\\/schema.org\",\"@graph\":[{\"@type\":\"Article\",\"@id\":\"https:\\\/\\\/www.karaoketexty.cz\\\/magazin\\\/jana-robbova-zemrela-mlada-a-bez-penez-privedl-ji-k-tomu-alkohol\\\/#article\",\"isPartOf\":{\"@id\":\"https:\\\/\\\/www.karaoketexty.cz\\\/magazin\\\/jana-robbova-zemrela-mlada-a-bez-penez-privedl-ji-k-tomu-alkohol\\\/\"},\"author\":{\"name\":\"Barbora Kop\u0159ivov\u00e1\",\"@id\":\"https:\\\/\\\/www.karaoketexty.cz\\\/magazin\\\/#\\\/schema\\\/person\\\/37c0164a04038267c8a56ad6d60df749\"},\"headline\":\"Jana Robbov\u00e1 zem\u0159ela mlad\u00e1 a bez pen\u011bz, p\u0159ivedl ji k tomu alkohol\",\"datePublished\":\"2026-09-02T05:22:00+00:00\",\"mainEntityOfPage\":{\"@id\":\"https:\\\/\\\/www.karaoketexty.cz\\\/magazin\\\/jana-robbova-zemrela-mlada-a-bez-penez-privedl-ji-k-tomu-alkohol\\\/\"},\"wordCount\":663,\"commentCount\":0,\"image\":{\"@id\":\"https:\\\/\\\/www.karaoketexty.cz\\\/magazin\\\/jana-robbova-zemrela-mlada-a-bez-penez-privedl-ji-k-tomu-alkohol\\\/#primaryimage\"},\"thumbnailUrl\":\"https:\\\/\\\/www.karaoketexty.cz\\\/magazin\\\/wp-content\\\/uploads\\\/2026\\\/08\\\/jana-robbova.jpg\",\"keywords\":[\"alkoholismus\",\"\u010desk\u00e1 hudba\",\"deprese\",\"Divadlo Semafor\",\"Hana Zagorov\u00e1\",\"Jana Robbov\u00e1\",\"Karel Gott\",\"Marie Rottrov\u00e1\",\"The Lovely Sextet\",\"V\u00e1clav Neck\u00e1\u0159\",\"V\u011bra \u0160pinarov\u00e1\",\"Zp\u011bva\u010dka\"],\"articleSection\":[\"Celebrity\"],\"inLanguage\":\"cs\",\"potentialAction\":[{\"@type\":\"CommentAction\",\"name\":\"Comment\",\"target\":[\"https:\\\/\\\/www.karaoketexty.cz\\\/magazin\\\/jana-robbova-zemrela-mlada-a-bez-penez-privedl-ji-k-tomu-alkohol\\\/#respond\"]}]},{\"@type\":\"WebPage\",\"@id\":\"https:\\\/\\\/www.karaoketexty.cz\\\/magazin\\\/jana-robbova-zemrela-mlada-a-bez-penez-privedl-ji-k-tomu-alkohol\\\/\",\"url\":\"https:\\\/\\\/www.karaoketexty.cz\\\/magazin\\\/jana-robbova-zemrela-mlada-a-bez-penez-privedl-ji-k-tomu-alkohol\\\/\",\"name\":\"Jana Robbov\u00e1: Hv\u011bzda, kterou zni\u010dil alkohol, skon\u010dila v zapomn\u011bn\u00ed\",\"isPartOf\":{\"@id\":\"https:\\\/\\\/www.karaoketexty.cz\\\/magazin\\\/#website\"},\"primaryImageOfPage\":{\"@id\":\"https:\\\/\\\/www.karaoketexty.cz\\\/magazin\\\/jana-robbova-zemrela-mlada-a-bez-penez-privedl-ji-k-tomu-alkohol\\\/#primaryimage\"},\"image\":{\"@id\":\"https:\\\/\\\/www.karaoketexty.cz\\\/magazin\\\/jana-robbova-zemrela-mlada-a-bez-penez-privedl-ji-k-tomu-alkohol\\\/#primaryimage\"},\"thumbnailUrl\":\"https:\\\/\\\/www.karaoketexty.cz\\\/magazin\\\/wp-content\\\/uploads\\\/2026\\\/08\\\/jana-robbova.jpg\",\"datePublished\":\"2026-09-02T05:22:00+00:00\",\"author\":{\"@id\":\"https:\\\/\\\/www.karaoketexty.cz\\\/magazin\\\/#\\\/schema\\\/person\\\/37c0164a04038267c8a56ad6d60df749\"},\"description\":\"Jana Robbov\u00e1, p\u0159ezd\u00edvan\u00e1 Sopka, pat\u0159ila k nejv\u011bt\u0161\u00edm talent\u016fm \u010deskoslovensk\u00e9ho popu. Zem\u0159ela v roce 1996 v zapomn\u011bn\u00ed.\",\"breadcrumb\":{\"@id\":\"https:\\\/\\\/www.karaoketexty.cz\\\/magazin\\\/jana-robbova-zemrela-mlada-a-bez-penez-privedl-ji-k-tomu-alkohol\\\/#breadcrumb\"},\"inLanguage\":\"cs\",\"potentialAction\":[{\"@type\":\"ReadAction\",\"target\":[\"https:\\\/\\\/www.karaoketexty.cz\\\/magazin\\\/jana-robbova-zemrela-mlada-a-bez-penez-privedl-ji-k-tomu-alkohol\\\/\"]}]},{\"@type\":\"ImageObject\",\"inLanguage\":\"cs\",\"@id\":\"https:\\\/\\\/www.karaoketexty.cz\\\/magazin\\\/jana-robbova-zemrela-mlada-a-bez-penez-privedl-ji-k-tomu-alkohol\\\/#primaryimage\",\"url\":\"https:\\\/\\\/www.karaoketexty.cz\\\/magazin\\\/wp-content\\\/uploads\\\/2026\\\/08\\\/jana-robbova.jpg\",\"contentUrl\":\"https:\\\/\\\/www.karaoketexty.cz\\\/magazin\\\/wp-content\\\/uploads\\\/2026\\\/08\\\/jana-robbova.jpg\",\"width\":1200,\"height\":675,\"caption\":\"Fotografie: Magnific\"},{\"@type\":\"BreadcrumbList\",\"@id\":\"https:\\\/\\\/www.karaoketexty.cz\\\/magazin\\\/jana-robbova-zemrela-mlada-a-bez-penez-privedl-ji-k-tomu-alkohol\\\/#breadcrumb\",\"itemListElement\":[{\"@type\":\"ListItem\",\"position\":1,\"name\":\"Dom\u016f\",\"item\":\"https:\\\/\\\/www.karaoketexty.cz\\\/magazin\\\/\"},{\"@type\":\"ListItem\",\"position\":2,\"name\":\"Jana Robbov\u00e1 zem\u0159ela mlad\u00e1 a bez pen\u011bz, p\u0159ivedl ji k tomu alkohol\"}]},{\"@type\":\"WebSite\",\"@id\":\"https:\\\/\\\/www.karaoketexty.cz\\\/magazin\\\/#website\",\"url\":\"https:\\\/\\\/www.karaoketexty.cz\\\/magazin\\\/\",\"name\":\"Stars Magaz\u00edn Karaoketexty.cz\",\"description\":\"Stars Magaz\u00edn na Karaoketexty.cz je zam\u011b\u0159en\u00fd na novinky ze sv\u011bta hudby a celebrit. Obsahuje \u010dl\u00e1nky o zp\u011bv\u00e1c\u00edch, kapel\u00e1ch, nov\u00fdch albech, hudebn\u00edch trendech a dal\u0161\u00edch zaj\u00edmavostech z hudebn\u00edho pr\u016fmyslu.\",\"potentialAction\":[{\"@type\":\"SearchAction\",\"target\":{\"@type\":\"EntryPoint\",\"urlTemplate\":\"https:\\\/\\\/www.karaoketexty.cz\\\/magazin\\\/?s={search_term_string}\"},\"query-input\":{\"@type\":\"PropertyValueSpecification\",\"valueRequired\":true,\"valueName\":\"search_term_string\"}}],\"inLanguage\":\"cs\"},{\"@type\":\"Person\",\"@id\":\"https:\\\/\\\/www.karaoketexty.cz\\\/magazin\\\/#\\\/schema\\\/person\\\/37c0164a04038267c8a56ad6d60df749\",\"name\":\"Barbora Kop\u0159ivov\u00e1\",\"image\":{\"@type\":\"ImageObject\",\"inLanguage\":\"cs\",\"@id\":\"https:\\\/\\\/secure.gravatar.com\\\/avatar\\\/ad2ef9810228386d580851ef4bdde76abaa96054ff5b068c8873bc91afb2df84?s=96&d=mm&r=g\",\"url\":\"https:\\\/\\\/secure.gravatar.com\\\/avatar\\\/ad2ef9810228386d580851ef4bdde76abaa96054ff5b068c8873bc91afb2df84?s=96&d=mm&r=g\",\"contentUrl\":\"https:\\\/\\\/secure.gravatar.com\\\/avatar\\\/ad2ef9810228386d580851ef4bdde76abaa96054ff5b068c8873bc91afb2df84?s=96&d=mm&r=g\",\"caption\":\"Barbora Kop\u0159ivov\u00e1\"},\"url\":\"https:\\\/\\\/www.karaoketexty.cz\\\/magazin\\\/author\\\/barborakoprivova\\\/\"}]}<\/script>\n<!-- \/ Yoast SEO plugin. -->","yoast_head_json":{"title":"Jana Robbov\u00e1: Hv\u011bzda, kterou zni\u010dil alkohol, skon\u010dila v zapomn\u011bn\u00ed","description":"Jana Robbov\u00e1, p\u0159ezd\u00edvan\u00e1 Sopka, pat\u0159ila k nejv\u011bt\u0161\u00edm talent\u016fm \u010deskoslovensk\u00e9ho popu. Zem\u0159ela v roce 1996 v zapomn\u011bn\u00ed.","robots":{"index":"index","follow":"follow","max-snippet":"max-snippet:-1","max-image-preview":"max-image-preview:large","max-video-preview":"max-video-preview:-1"},"canonical":"https:\/\/www.karaoketexty.cz\/magazin\/jana-robbova-zemrela-mlada-a-bez-penez-privedl-ji-k-tomu-alkohol\/","og_locale":"cs_CZ","og_type":"article","og_title":"Jana Robbov\u00e1: Hv\u011bzda, kterou zni\u010dil alkohol, skon\u010dila v zapomn\u011bn\u00ed","og_description":"Jana Robbov\u00e1, p\u0159ezd\u00edvan\u00e1 Sopka, pat\u0159ila k nejv\u011bt\u0161\u00edm talent\u016fm \u010deskoslovensk\u00e9ho popu. Zem\u0159ela v roce 1996 v zapomn\u011bn\u00ed.","og_url":"https:\/\/www.karaoketexty.cz\/magazin\/jana-robbova-zemrela-mlada-a-bez-penez-privedl-ji-k-tomu-alkohol\/","og_site_name":"Stars Magaz\u00edn Karaoketexty.cz","article_published_time":"2026-09-02T05:22:00+00:00","og_image":[{"width":1200,"height":675,"url":"https:\/\/www.karaoketexty.cz\/magazin\/wp-content\/uploads\/2026\/08\/jana-robbova.jpg","type":"image\/jpeg"}],"author":"Barbora Kop\u0159ivov\u00e1","twitter_card":"summary_large_image","twitter_misc":{"Napsal(a)":"Barbora Kop\u0159ivov\u00e1","Odhadovan\u00e1 doba \u010dten\u00ed":"3 minuty"},"schema":{"@context":"https:\/\/schema.org","@graph":[{"@type":"Article","@id":"https:\/\/www.karaoketexty.cz\/magazin\/jana-robbova-zemrela-mlada-a-bez-penez-privedl-ji-k-tomu-alkohol\/#article","isPartOf":{"@id":"https:\/\/www.karaoketexty.cz\/magazin\/jana-robbova-zemrela-mlada-a-bez-penez-privedl-ji-k-tomu-alkohol\/"},"author":{"name":"Barbora Kop\u0159ivov\u00e1","@id":"https:\/\/www.karaoketexty.cz\/magazin\/#\/schema\/person\/37c0164a04038267c8a56ad6d60df749"},"headline":"Jana Robbov\u00e1 zem\u0159ela mlad\u00e1 a bez pen\u011bz, p\u0159ivedl ji k tomu alkohol","datePublished":"2026-09-02T05:22:00+00:00","mainEntityOfPage":{"@id":"https:\/\/www.karaoketexty.cz\/magazin\/jana-robbova-zemrela-mlada-a-bez-penez-privedl-ji-k-tomu-alkohol\/"},"wordCount":663,"commentCount":0,"image":{"@id":"https:\/\/www.karaoketexty.cz\/magazin\/jana-robbova-zemrela-mlada-a-bez-penez-privedl-ji-k-tomu-alkohol\/#primaryimage"},"thumbnailUrl":"https:\/\/www.karaoketexty.cz\/magazin\/wp-content\/uploads\/2026\/08\/jana-robbova.jpg","keywords":["alkoholismus","\u010desk\u00e1 hudba","deprese","Divadlo Semafor","Hana Zagorov\u00e1","Jana Robbov\u00e1","Karel Gott","Marie Rottrov\u00e1","The Lovely Sextet","V\u00e1clav Neck\u00e1\u0159","V\u011bra \u0160pinarov\u00e1","Zp\u011bva\u010dka"],"articleSection":["Celebrity"],"inLanguage":"cs","potentialAction":[{"@type":"CommentAction","name":"Comment","target":["https:\/\/www.karaoketexty.cz\/magazin\/jana-robbova-zemrela-mlada-a-bez-penez-privedl-ji-k-tomu-alkohol\/#respond"]}]},{"@type":"WebPage","@id":"https:\/\/www.karaoketexty.cz\/magazin\/jana-robbova-zemrela-mlada-a-bez-penez-privedl-ji-k-tomu-alkohol\/","url":"https:\/\/www.karaoketexty.cz\/magazin\/jana-robbova-zemrela-mlada-a-bez-penez-privedl-ji-k-tomu-alkohol\/","name":"Jana Robbov\u00e1: Hv\u011bzda, kterou zni\u010dil alkohol, skon\u010dila v zapomn\u011bn\u00ed","isPartOf":{"@id":"https:\/\/www.karaoketexty.cz\/magazin\/#website"},"primaryImageOfPage":{"@id":"https:\/\/www.karaoketexty.cz\/magazin\/jana-robbova-zemrela-mlada-a-bez-penez-privedl-ji-k-tomu-alkohol\/#primaryimage"},"image":{"@id":"https:\/\/www.karaoketexty.cz\/magazin\/jana-robbova-zemrela-mlada-a-bez-penez-privedl-ji-k-tomu-alkohol\/#primaryimage"},"thumbnailUrl":"https:\/\/www.karaoketexty.cz\/magazin\/wp-content\/uploads\/2026\/08\/jana-robbova.jpg","datePublished":"2026-09-02T05:22:00+00:00","author":{"@id":"https:\/\/www.karaoketexty.cz\/magazin\/#\/schema\/person\/37c0164a04038267c8a56ad6d60df749"},"description":"Jana Robbov\u00e1, p\u0159ezd\u00edvan\u00e1 Sopka, pat\u0159ila k nejv\u011bt\u0161\u00edm talent\u016fm \u010deskoslovensk\u00e9ho popu. Zem\u0159ela v roce 1996 v zapomn\u011bn\u00ed.","breadcrumb":{"@id":"https:\/\/www.karaoketexty.cz\/magazin\/jana-robbova-zemrela-mlada-a-bez-penez-privedl-ji-k-tomu-alkohol\/#breadcrumb"},"inLanguage":"cs","potentialAction":[{"@type":"ReadAction","target":["https:\/\/www.karaoketexty.cz\/magazin\/jana-robbova-zemrela-mlada-a-bez-penez-privedl-ji-k-tomu-alkohol\/"]}]},{"@type":"ImageObject","inLanguage":"cs","@id":"https:\/\/www.karaoketexty.cz\/magazin\/jana-robbova-zemrela-mlada-a-bez-penez-privedl-ji-k-tomu-alkohol\/#primaryimage","url":"https:\/\/www.karaoketexty.cz\/magazin\/wp-content\/uploads\/2026\/08\/jana-robbova.jpg","contentUrl":"https:\/\/www.karaoketexty.cz\/magazin\/wp-content\/uploads\/2026\/08\/jana-robbova.jpg","width":1200,"height":675,"caption":"Fotografie: Magnific"},{"@type":"BreadcrumbList","@id":"https:\/\/www.karaoketexty.cz\/magazin\/jana-robbova-zemrela-mlada-a-bez-penez-privedl-ji-k-tomu-alkohol\/#breadcrumb","itemListElement":[{"@type":"ListItem","position":1,"name":"Dom\u016f","item":"https:\/\/www.karaoketexty.cz\/magazin\/"},{"@type":"ListItem","position":2,"name":"Jana Robbov\u00e1 zem\u0159ela mlad\u00e1 a bez pen\u011bz, p\u0159ivedl ji k tomu alkohol"}]},{"@type":"WebSite","@id":"https:\/\/www.karaoketexty.cz\/magazin\/#website","url":"https:\/\/www.karaoketexty.cz\/magazin\/","name":"Stars Magaz\u00edn Karaoketexty.cz","description":"Stars Magaz\u00edn na Karaoketexty.cz je zam\u011b\u0159en\u00fd na novinky ze sv\u011bta hudby a celebrit. Obsahuje \u010dl\u00e1nky o zp\u011bv\u00e1c\u00edch, kapel\u00e1ch, nov\u00fdch albech, hudebn\u00edch trendech a dal\u0161\u00edch zaj\u00edmavostech z hudebn\u00edho pr\u016fmyslu.","potentialAction":[{"@type":"SearchAction","target":{"@type":"EntryPoint","urlTemplate":"https:\/\/www.karaoketexty.cz\/magazin\/?s={search_term_string}"},"query-input":{"@type":"PropertyValueSpecification","valueRequired":true,"valueName":"search_term_string"}}],"inLanguage":"cs"},{"@type":"Person","@id":"https:\/\/www.karaoketexty.cz\/magazin\/#\/schema\/person\/37c0164a04038267c8a56ad6d60df749","name":"Barbora Kop\u0159ivov\u00e1","image":{"@type":"ImageObject","inLanguage":"cs","@id":"https:\/\/secure.gravatar.com\/avatar\/ad2ef9810228386d580851ef4bdde76abaa96054ff5b068c8873bc91afb2df84?s=96&d=mm&r=g","url":"https:\/\/secure.gravatar.com\/avatar\/ad2ef9810228386d580851ef4bdde76abaa96054ff5b068c8873bc91afb2df84?s=96&d=mm&r=g","contentUrl":"https:\/\/secure.gravatar.com\/avatar\/ad2ef9810228386d580851ef4bdde76abaa96054ff5b068c8873bc91afb2df84?s=96&d=mm&r=g","caption":"Barbora Kop\u0159ivov\u00e1"},"url":"https:\/\/www.karaoketexty.cz\/magazin\/author\/barborakoprivova\/"}]}},"_links":{"self":[{"href":"https:\/\/www.karaoketexty.cz\/magazin\/wp-json\/wp\/v2\/posts\/17577","targetHints":{"allow":["GET"]}}],"collection":[{"href":"https:\/\/www.karaoketexty.cz\/magazin\/wp-json\/wp\/v2\/posts"}],"about":[{"href":"https:\/\/www.karaoketexty.cz\/magazin\/wp-json\/wp\/v2\/types\/post"}],"author":[{"embeddable":true,"href":"https:\/\/www.karaoketexty.cz\/magazin\/wp-json\/wp\/v2\/users\/4"}],"replies":[{"embeddable":true,"href":"https:\/\/www.karaoketexty.cz\/magazin\/wp-json\/wp\/v2\/comments?post=17577"}],"version-history":[{"count":5,"href":"https:\/\/www.karaoketexty.cz\/magazin\/wp-json\/wp\/v2\/posts\/17577\/revisions"}],"predecessor-version":[{"id":18883,"href":"https:\/\/www.karaoketexty.cz\/magazin\/wp-json\/wp\/v2\/posts\/17577\/revisions\/18883"}],"wp:featuredmedia":[{"embeddable":true,"href":"https:\/\/www.karaoketexty.cz\/magazin\/wp-json\/wp\/v2\/media\/17579"}],"wp:attachment":[{"href":"https:\/\/www.karaoketexty.cz\/magazin\/wp-json\/wp\/v2\/media?parent=17577"}],"wp:term":[{"taxonomy":"category","embeddable":true,"href":"https:\/\/www.karaoketexty.cz\/magazin\/wp-json\/wp\/v2\/categories?post=17577"},{"taxonomy":"post_tag","embeddable":true,"href":"https:\/\/www.karaoketexty.cz\/magazin\/wp-json\/wp\/v2\/tags?post=17577"}],"curies":[{"name":"wp","href":"https:\/\/api.w.org\/{rel}","templated":true}]}}