{"id":17558,"date":"2026-09-02T06:04:00","date_gmt":"2026-09-02T04:04:00","guid":{"rendered":"https:\/\/www.karaoketexty.cz\/magazin\/?p=17558"},"modified":"2026-09-01T13:28:08","modified_gmt":"2026-09-01T11:28:08","slug":"posmesna-prezdivka-ktera-karlu-gottovi-prilnula-a-vymyslela-ji-yvonne-prenosilova-se-trefila-do-cerneho","status":"publish","type":"post","link":"https:\/\/www.karaoketexty.cz\/magazin\/posmesna-prezdivka-ktera-karlu-gottovi-prilnula-a-vymyslela-ji-yvonne-prenosilova-se-trefila-do-cerneho\/","title":{"rendered":"Posm\u011b\u0161n\u00e1 p\u0159ezd\u00edvka, kter\u00e1 Karlu Gottovi p\u0159ilnula a vymyslela ji Yvonne P\u0159enosilov\u00e1, se trefila do \u010dern\u00e9ho"},"content":{"rendered":"\n<p class=\"wp-block-paragraph\"><strong>Karel Gott nosil mnoho p\u0159ezd\u00edvek, Zlat\u00fd hlas z Prahy, Bo\u017esk\u00fd K\u00e1ja. Jedna ho ale opravdu \u0161tvala. \u0158\u00edkali mu \u010cu\u0148as a za jej\u00edm vznikem st\u00e1la Yvonne P\u0159enosilov\u00e1.<\/strong><\/p>\n\n\n\n<p class=\"wp-block-paragraph\">Karel Gott byl v 60. letech u\u017e na cest\u011b k tomu, aby se stal jednou z nejv\u011bt\u0161\u00edch hv\u011bzd \u010deskoslovensk\u00e9 popul\u00e1rn\u00ed hudby. Jeho jm\u00e9no se sklo\u0148ovalo v souvislosti s \u00fasp\u011bchy na p\u00f3diu, obdivem fanynek i st\u00e1le rostouc\u00ed popularitou. V prost\u0159ed\u00ed pra\u017esk\u00e9ho showbyznysu se ale vedle vzne\u0161en\u00fdch ozna\u010den\u00ed rodily i mnohem m\u00e9n\u011b lichotiv\u00e9 p\u0159ezd\u00edvky. Jedna z nich se Gotta dr\u017eela p\u0159ekvapiv\u011b dlouho a jej\u00ed vznik m\u011bl na sv\u011bdom\u00ed n\u011bkdo, koho dob\u0159e znal, jak bychom na Karaoketexty r\u00e1di p\u0159ipomenuli.<\/p>\n\n\n<!-- karaoketexty.cz \/ rectangle2 -->\n<div id=\"PX_37086_709110796310826\"><\/div>\n<script>\n   if(!useMobileAds && !boolUseSeznamAds && !hideAllAds){\n     window.px2 = window.px2 || { conf: {},queue: [] };\n     px2.queue.push(function () {\n        px2.render({\n           slot: {\n              id: 37086\n           },\n            elem: \"PX_37086_709110796310826\"\n        })\n     });\n  }\n<\/script>\n\n<!-- karaoketexty.cz \/ mobile-rectangle3 -->\n<div id=\"PX_37044_714599773297004\"><\/div>\n<script>\n   if(useMobileAds && !boolUseSeznamAds && !hideAllAds){\nwindow.px2 = window.px2 || { conf: {},queue: [] };\npx2.queue.push(function () {\n\tpx2.render({\n\t\tslot: {\n\t\t\tid: 37044\n\t\t},\n\t\telem: \"PX_37044_714599773297004\"\n\t})\n});\n}\n<\/script>\n\n\n<h2 class=\"wp-block-heading\">\u010cu\u0148as ho dr\u00e1\u017edil, ale pozd\u011bji si z toho za\u010dal d\u011blat legraci s\u00e1m<\/h2>\n\n\n\n<p class=\"wp-block-paragraph\">P\u0159ezd\u00edvka \u010cu\u0148as se podle dostupn\u00fdch informac\u00ed objevila n\u011bkdy v letech 1965\u20131966, kdy Yvonne P\u0159enosilov\u00e1 p\u016fsobila v divadle Apollo. Jan Adam, kter\u00fd Gottovi dlouh\u00e1 l\u00e9ta d\u011blal tajemn\u00edka a znal ho opravdu zbl\u00edzka, popsal vznik t\u00e9 p\u0159ezd\u00edvky na soci\u00e1ln\u00edch s\u00edt\u00edch: <em>\u201eV\u0161eobecn\u011b se v\u011bd\u011blo, \u017ee m\u00e1 Karel nenechav\u00e9 ruce a nav\u00edc Yvonne \u00fadajn\u011b vid\u011bla v t\u00e9 dob\u011b francouzsk\u00fd film, jeho\u017e hlavn\u00ed p\u0159edstavitel byl Karlovi neskute\u010dn\u011b podobn\u00fd a jeho postava se ve filmu jmenovala \u010cu\u0148as,\u201c<\/em> \u0159ekl Adam.&nbsp;P\u0159enosilov\u00e1 spojila dv\u011b v\u011bci, Gottovu pov\u011bst dobrodruha v osobn\u00edm \u017eivot\u011b a vizu\u00e1ln\u00ed podobnost s filmovou postavou, a p\u0159ezd\u00edvka se uchytila rychle. Gott z n\u00ed ale nad\u0161en\u00fd nebyl, to je jasn\u00e9.<\/p>\n\n\n\n<p class=\"wp-block-paragraph\">Gottova prvn\u00ed reakce byla podle v\u0161eho jednozna\u010dn\u00e1. Necht\u011bl ji. Mistr se m\u011bl \u00fadajn\u011b roz\u010dilovat poka\u017ed\u00e9, kdy\u017e na p\u0159ezd\u00edvku p\u0159i\u0161la \u0159e\u010d.&nbsp;Jen\u017ee nebyl typ, kter\u00fd by se nechal jednou pozn\u00e1mkou dlouho rozhodit. Nakonec vzal v\u011bc po sv\u00e9m.<strong> <\/strong>Za\u010dal si z p\u0159ezd\u00edvky d\u011blat legraci s\u00e1m, co\u017e je ostatn\u011b dost typick\u00e1 reakce \u010dlov\u011bka, kter\u00fd nechce d\u00e1t okol\u00ed dal\u0161\u00ed zbra\u0148. <em>\u201eKarel se nikdy neurazil, v\u017edycky se tomu jenom sm\u00e1l,<\/em>\u201c vzpom\u00ednal zdroj bl\u00edzk\u00fd zp\u011bv\u00e1kovi podle Super.cz. P\u0159ezd\u00edvka t\u00edm ztratila ost\u0159\u00ed.<\/p>\n\n\n<!-- karaoketexty.cz \/ interscroller1 -->\n\n<div id=\"PX_37041_825057871452834\"><\/div>\n<script>\nif(useMobileAds && !boolUseSeznamAds && !hideAllAds){\n\twindow.px2 = window.px2 || { conf: {},queue: [] };\n\tpx2.queue.push(function () {\n\t\tpx2.render({\n\t\t\tslot: {\n\t\t\t\tid: 37041\n\t\t\t},\n\t\t\telem: \"PX_37041_825057871452834\"\n\t\t})\n\t});\n}\n<\/script>\n\n\n<p class=\"wp-block-paragraph\">\u010cu\u0148as nav\u00edc nebyla jedin\u00e1 neform\u00e1ln\u00ed p\u0159ezd\u00edvka, kter\u00e1 se Gottovi p\u0159ilepila. V hudebn\u00ed bran\u017ei mu toti\u017e \u0159\u00edkali i Kadlino. Vzniklo to pr\u00fd \u010dist\u011b n\u00e1hodou, kdy\u017e ho takto oslovil jeden p\u0159iopil\u00fd osv\u011btlova\u010d. Gott to nesl l\u00e9ta bez v\u011bt\u0161\u00edch protest\u016f. Zn\u011blo to sice trochu hol\u010di\u010d\u00edm dojmem, ale aspo\u0148 to nebylo vylo\u017een\u011b ur\u00e1\u017eliv\u00e9.<\/p>\n\n\n\n<h2 class=\"wp-block-heading\">P\u0159enosilov\u00e1 a Gott<\/h2>\n\n\n\n<p class=\"wp-block-paragraph\">Yvonne P\u0159enosilov\u00e1 a Karel Gott nebyli jen kolegov\u00e9 z divadeln\u00edho prost\u0159ed\u00ed. Jejich cesty se propojily i hudebn\u011b. V roce 1964 vydali spole\u010dn\u00fd singl na Supraphonu, kde Gott nahr\u00e1l p\u00edse\u0148 Adres\u00e1t nezn\u00e1m\u00fd a P\u0159enosilov\u00e1 Ro\u0148 slzy. O rok pozd\u011bji spolu nazp\u00edvali cover Zejtra u\u017e ti sbohem d\u00e1m. Spolupr\u00e1ce tedy byla, i kdy\u017e vztah mezi nimi z\u0159ejm\u011b neprob\u00edhal \u00fapln\u011b bez t\u0159en\u00ed.<\/p>\n\n\n\n<figure class=\"wp-block-image size-large\"><img data-dominant-color=\"8a5840\" data-has-transparency=\"false\" style=\"--dominant-color: #8a5840;\" decoding=\"async\" width=\"1024\" height=\"576\" src=\"https:\/\/www.karaoketexty.cz\/magazin\/wp-content\/uploads\/2026\/08\/yvonne-prenosilova-1024x576.jpg\" alt=\"Yvonne P\u0159enosilov\u00e1\" class=\"wp-image-17562 not-transparent\" srcset=\"https:\/\/www.karaoketexty.cz\/magazin\/wp-content\/uploads\/2026\/08\/yvonne-prenosilova-1024x576.jpg 1024w, https:\/\/www.karaoketexty.cz\/magazin\/wp-content\/uploads\/2026\/08\/yvonne-prenosilova-300x169.jpg 300w, https:\/\/www.karaoketexty.cz\/magazin\/wp-content\/uploads\/2026\/08\/yvonne-prenosilova-768x432.jpg 768w, https:\/\/www.karaoketexty.cz\/magazin\/wp-content\/uploads\/2026\/08\/yvonne-prenosilova-800x450.jpg 800w, https:\/\/www.karaoketexty.cz\/magazin\/wp-content\/uploads\/2026\/08\/yvonne-prenosilova.jpg 1200w\" sizes=\"(max-width: 1024px) 100vw, 1024px\" \/><figcaption class=\"wp-element-caption\">Fotografie: Nextfoto<\/figcaption><\/figure>\n\n\n\n<p class=\"wp-block-paragraph\">Karel Gott zem\u0159el 1. \u0159\u00edjna 2019 ve v\u011bku 80 let na akutn\u00ed myeloidn\u00ed leukemii. B\u011bhem kari\u00e9ry vydal 293 s\u00f3lov\u00fdch alb a zp\u00edval v dev\u00edti jazyc\u00edch. Zlat\u00e9ho slav\u00edka z\u00edskal celkem \u010dty\u0159ia\u010dty\u0159icetkr\u00e1t. P\u0159ezd\u00edvka \u010cu\u0148as se v jeho ofici\u00e1ln\u00edm odkazu pochopiteln\u011b neobjevuje. Pr\u00e1v\u011b ty m\u00e9n\u011b uhlazen\u00e9, neofici\u00e1ln\u00ed p\u0159ezd\u00edvky ale p\u0159ipom\u00ednaj\u00ed, \u017ee za pe\u010dliv\u011b budovan\u00fdm obrazem st\u00e1l \u010dlov\u011bk z masa a kost\u00ed, s vlastn\u00ed pov\u011bst\u00ed, slabostmi i smyslem pro humor.<\/p>\n\n\n\n<p class=\"wp-block-paragraph\">Zdroj: Autorsk\u00fd text,&nbsp;<a href=\"https:\/\/www.super.cz\/clanek\/celebrity-tajna-prezdivka-karla-gotta-neuverite-jak-posmesne-mu-rikali-308938\" target=\"_blank\" rel=\"nofollow\">Super.cz<\/a>, <a href=\"https:\/\/www.instagram.com\/p\/DUPkzQmAjY0\/\" target=\"_blank\" rel=\"noreferrer noopener nofollow\">Instagram Jana Adama<\/a>, <a href=\"https:\/\/cs.wikipedia.org\/wiki\/Karel_Gott\" target=\"_blank\" rel=\"noreferrer noopener nofollow\">Wikipedie<\/a>, <a href=\"https:\/\/www.supraphonline.cz\/album\/1625-singly-1964-65-hvezda-na-vrbe\/flac?autoplay=1&amp;trackId=24074\" target=\"_blank\" rel=\"noreferrer noopener nofollow\">SupraphonOnline<\/a><\/p>\n\n\n            <a href=\"https:\/\/www.karaoketexty.cz\/magazin\/eva-pilarova-pratelstvi-s-gottem-smrt-kolegu-pri-leteckem-nestesti-i-zakazy-od-rezimu\/\" class=\"related-post-link\">\n                <div class=\"post-thumbnail\">\n                    <img decoding=\"async\" width=\"250\" height=\"141\" src=\"https:\/\/www.karaoketexty.cz\/magazin\/wp-content\/uploads\/2026\/08\/eva-pilarova.jpg\" class=\"attachment-250x180 size-250x180 not-transparent\" alt=\"Eva Pilarov\u00e1\" srcset=\"https:\/\/www.karaoketexty.cz\/magazin\/wp-content\/uploads\/2026\/08\/eva-pilarova.jpg 1200w, https:\/\/www.karaoketexty.cz\/magazin\/wp-content\/uploads\/2026\/08\/eva-pilarova-300x169.jpg 300w, https:\/\/www.karaoketexty.cz\/magazin\/wp-content\/uploads\/2026\/08\/eva-pilarova-1024x576.jpg 1024w, https:\/\/www.karaoketexty.cz\/magazin\/wp-content\/uploads\/2026\/08\/eva-pilarova-768x432.jpg 768w, https:\/\/www.karaoketexty.cz\/magazin\/wp-content\/uploads\/2026\/08\/eva-pilarova-800x450.jpg 800w\" sizes=\"(max-width: 250px) 100vw, 250px\" data-has-transparency=\"false\" data-dominant-color=\"684d35\" style=\"--dominant-color: #684d35;\" \/>                <\/div>\n                <div class=\"post-details\">\n                    <span class=\"also-read\">\u010ct\u011bte tak\u00e9:<\/span>\n                    <h3 class=\"hed\">Eva Pilarov\u00e1: P\u0159\u00e1telstv\u00ed s Gottem, smrt koleg\u016f p\u0159i leteck\u00e9m ne\u0161t\u011bst\u00ed i z\u00e1kazy od re\u017eimu<\/h3>\n                <\/div>\n            <\/a>\n            \n\n            <a href=\"https:\/\/www.karaoketexty.cz\/magazin\/bohus-matus-vyvratil-spekulace-o-rozchodu-s-lucinkou-jsme-spolu-a-milujeme-se\/\" class=\"related-post-link\">\n                <div class=\"post-thumbnail\">\n                    <img decoding=\"async\" width=\"250\" height=\"172\" src=\"https:\/\/www.karaoketexty.cz\/magazin\/wp-content\/uploads\/2026\/08\/Bohus-Matus-a-Lucinka-Bohus-ve-smokingu.jpg\" class=\"attachment-250x180 size-250x180 not-transparent\" alt=\"Bohu\u0161 Matu\u0161 vyvr\u00e1til spekulace o rozchodu s Lucinkou: \u201eJsme spolu a milujeme se&quot;\" srcset=\"https:\/\/www.karaoketexty.cz\/magazin\/wp-content\/uploads\/2026\/08\/Bohus-Matus-a-Lucinka-Bohus-ve-smokingu.jpg 1200w, https:\/\/www.karaoketexty.cz\/magazin\/wp-content\/uploads\/2026\/08\/Bohus-Matus-a-Lucinka-Bohus-ve-smokingu-300x207.jpg 300w, https:\/\/www.karaoketexty.cz\/magazin\/wp-content\/uploads\/2026\/08\/Bohus-Matus-a-Lucinka-Bohus-ve-smokingu-1024x706.jpg 1024w, https:\/\/www.karaoketexty.cz\/magazin\/wp-content\/uploads\/2026\/08\/Bohus-Matus-a-Lucinka-Bohus-ve-smokingu-768x529.jpg 768w\" sizes=\"(max-width: 250px) 100vw, 250px\" data-has-transparency=\"false\" data-dominant-color=\"888776\" style=\"--dominant-color: #888776;\" \/>                <\/div>\n                <div class=\"post-details\">\n                    <span class=\"also-read\">\u010ct\u011bte tak\u00e9:<\/span>\n                    <h3 class=\"hed\">Bohu\u0161 Matu\u0161 vyvr\u00e1til spekulace o rozchodu s Lucinkou: \u201eJsme spolu a milujeme se\u201c<\/h3>\n                <\/div>\n            <\/a>\n            ","protected":false},"excerpt":{"rendered":"<p>Karel Gott nosil mnoho p\u0159ezd\u00edvek, Zlat\u00fd hlas z Prahy, Bo\u017esk\u00fd K\u00e1ja. Jedna ho ale opravdu \u0161tvala. \u0158\u00edkali mu \u010cu\u0148as a za jej\u00edm vznikem st\u00e1la Yvonne P\u0159enosilov\u00e1.<\/p>\n","protected":false},"author":4,"featured_media":17560,"comment_status":"open","ping_status":"closed","sticky":false,"template":"","format":"standard","meta":{"footnotes":""},"categories":[1059],"tags":[10317,10763,11330,424,71,11331,3913,4824,6967,5807],"class_list":["post-17558","post","type-post","status-publish","format-standard","has-post-thumbnail","hentry","category-celebrity","tag-bozsky-kaja","tag-ceskoslovenska-popularni-hudba","tag-cunas","tag-hudebni-spoluprace","tag-karel-gott","tag-prezdivky","tag-super-cz","tag-supraphon","tag-yvonne-prenosilova","tag-zlaty-hlas-z-prahy"],"yoast_head":"<!-- This site is optimized with the Yoast SEO plugin v28.3 - https:\/\/yoast.com\/product\/yoast-seo-wordpress\/ -->\n<title>Karel Gott a p\u0159ezd\u00edvka od P\u0159enosilov\u00e9: Vtip, kter\u00fd p\u0159e\u017eil celou \u00e9ru<\/title>\n<meta name=\"description\" content=\"P\u0159ezd\u00edvka \u010cu\u0148as vznikla v polovin\u011b 60. let a p\u0159ipisuje se Yvonne P\u0159enosilov\u00e9. Karel Gott ji nesn\u00e1\u0161el, ale nakonec si z n\u00ed d\u011blal legraci.\" \/>\n<meta name=\"robots\" content=\"index, follow, max-snippet:-1, max-image-preview:large, max-video-preview:-1\" \/>\n<link rel=\"canonical\" href=\"https:\/\/www.karaoketexty.cz\/magazin\/posmesna-prezdivka-ktera-karlu-gottovi-prilnula-a-vymyslela-ji-yvonne-prenosilova-se-trefila-do-cerneho\/\" \/>\n<meta property=\"og:locale\" content=\"cs_CZ\" \/>\n<meta property=\"og:type\" content=\"article\" \/>\n<meta property=\"og:title\" content=\"Karel Gott a p\u0159ezd\u00edvka od P\u0159enosilov\u00e9: Vtip, kter\u00fd p\u0159e\u017eil celou \u00e9ru\" \/>\n<meta property=\"og:description\" content=\"P\u0159ezd\u00edvka \u010cu\u0148as vznikla v polovin\u011b 60. let a p\u0159ipisuje se Yvonne P\u0159enosilov\u00e9. Karel Gott ji nesn\u00e1\u0161el, ale nakonec si z n\u00ed d\u011blal legraci.\" \/>\n<meta property=\"og:url\" content=\"https:\/\/www.karaoketexty.cz\/magazin\/posmesna-prezdivka-ktera-karlu-gottovi-prilnula-a-vymyslela-ji-yvonne-prenosilova-se-trefila-do-cerneho\/\" \/>\n<meta property=\"og:site_name\" content=\"Stars Magaz\u00edn Karaoketexty.cz\" \/>\n<meta property=\"article:published_time\" content=\"2026-09-02T04:04:00+00:00\" \/>\n<meta property=\"og:image\" content=\"https:\/\/www.karaoketexty.cz\/magazin\/wp-content\/uploads\/2026\/08\/karel-gott.jpg\" \/>\n\t<meta property=\"og:image:width\" content=\"1200\" \/>\n\t<meta property=\"og:image:height\" content=\"675\" \/>\n\t<meta property=\"og:image:type\" content=\"image\/jpeg\" \/>\n<meta name=\"author\" content=\"Barbora Kop\u0159ivov\u00e1\" \/>\n<meta name=\"twitter:card\" content=\"summary_large_image\" \/>\n<meta name=\"twitter:label1\" content=\"Napsal(a)\" \/>\n\t<meta name=\"twitter:data1\" content=\"Barbora Kop\u0159ivov\u00e1\" \/>\n\t<meta name=\"twitter:label2\" content=\"Odhadovan\u00e1 doba \u010dten\u00ed\" \/>\n\t<meta name=\"twitter:data2\" content=\"4 minuty\" \/>\n<script type=\"application\/ld+json\" class=\"yoast-schema-graph\">{\"@context\":\"https:\\\/\\\/schema.org\",\"@graph\":[{\"@type\":\"Article\",\"@id\":\"https:\\\/\\\/www.karaoketexty.cz\\\/magazin\\\/posmesna-prezdivka-ktera-karlu-gottovi-prilnula-a-vymyslela-ji-yvonne-prenosilova-se-trefila-do-cerneho\\\/#article\",\"isPartOf\":{\"@id\":\"https:\\\/\\\/www.karaoketexty.cz\\\/magazin\\\/posmesna-prezdivka-ktera-karlu-gottovi-prilnula-a-vymyslela-ji-yvonne-prenosilova-se-trefila-do-cerneho\\\/\"},\"author\":{\"name\":\"Barbora Kop\u0159ivov\u00e1\",\"@id\":\"https:\\\/\\\/www.karaoketexty.cz\\\/magazin\\\/#\\\/schema\\\/person\\\/37c0164a04038267c8a56ad6d60df749\"},\"headline\":\"Posm\u011b\u0161n\u00e1 p\u0159ezd\u00edvka, kter\u00e1 Karlu Gottovi p\u0159ilnula a vymyslela ji Yvonne P\u0159enosilov\u00e1, se trefila do \u010dern\u00e9ho\",\"datePublished\":\"2026-09-02T04:04:00+00:00\",\"mainEntityOfPage\":{\"@id\":\"https:\\\/\\\/www.karaoketexty.cz\\\/magazin\\\/posmesna-prezdivka-ktera-karlu-gottovi-prilnula-a-vymyslela-ji-yvonne-prenosilova-se-trefila-do-cerneho\\\/\"},\"wordCount\":670,\"commentCount\":0,\"image\":{\"@id\":\"https:\\\/\\\/www.karaoketexty.cz\\\/magazin\\\/posmesna-prezdivka-ktera-karlu-gottovi-prilnula-a-vymyslela-ji-yvonne-prenosilova-se-trefila-do-cerneho\\\/#primaryimage\"},\"thumbnailUrl\":\"https:\\\/\\\/www.karaoketexty.cz\\\/magazin\\\/wp-content\\\/uploads\\\/2026\\\/08\\\/karel-gott.jpg\",\"keywords\":[\"Bo\u017esk\u00fd K\u00e1ja\",\"\u010deskoslovensk\u00e1 popul\u00e1rn\u00ed hudba\",\"\u010cu\u0148as\",\"hudebn\u00ed spolupr\u00e1ce\",\"Karel Gott\",\"p\u0159ezd\u00edvky\",\"Super.cz\",\"Supraphon\",\"Yvonne P\u0159enosilov\u00e1\",\"Zlat\u00fd hlas z Prahy\"],\"articleSection\":[\"Celebrity\"],\"inLanguage\":\"cs\",\"potentialAction\":[{\"@type\":\"CommentAction\",\"name\":\"Comment\",\"target\":[\"https:\\\/\\\/www.karaoketexty.cz\\\/magazin\\\/posmesna-prezdivka-ktera-karlu-gottovi-prilnula-a-vymyslela-ji-yvonne-prenosilova-se-trefila-do-cerneho\\\/#respond\"]}]},{\"@type\":\"WebPage\",\"@id\":\"https:\\\/\\\/www.karaoketexty.cz\\\/magazin\\\/posmesna-prezdivka-ktera-karlu-gottovi-prilnula-a-vymyslela-ji-yvonne-prenosilova-se-trefila-do-cerneho\\\/\",\"url\":\"https:\\\/\\\/www.karaoketexty.cz\\\/magazin\\\/posmesna-prezdivka-ktera-karlu-gottovi-prilnula-a-vymyslela-ji-yvonne-prenosilova-se-trefila-do-cerneho\\\/\",\"name\":\"Karel Gott a p\u0159ezd\u00edvka od P\u0159enosilov\u00e9: Vtip, kter\u00fd p\u0159e\u017eil celou \u00e9ru\",\"isPartOf\":{\"@id\":\"https:\\\/\\\/www.karaoketexty.cz\\\/magazin\\\/#website\"},\"primaryImageOfPage\":{\"@id\":\"https:\\\/\\\/www.karaoketexty.cz\\\/magazin\\\/posmesna-prezdivka-ktera-karlu-gottovi-prilnula-a-vymyslela-ji-yvonne-prenosilova-se-trefila-do-cerneho\\\/#primaryimage\"},\"image\":{\"@id\":\"https:\\\/\\\/www.karaoketexty.cz\\\/magazin\\\/posmesna-prezdivka-ktera-karlu-gottovi-prilnula-a-vymyslela-ji-yvonne-prenosilova-se-trefila-do-cerneho\\\/#primaryimage\"},\"thumbnailUrl\":\"https:\\\/\\\/www.karaoketexty.cz\\\/magazin\\\/wp-content\\\/uploads\\\/2026\\\/08\\\/karel-gott.jpg\",\"datePublished\":\"2026-09-02T04:04:00+00:00\",\"author\":{\"@id\":\"https:\\\/\\\/www.karaoketexty.cz\\\/magazin\\\/#\\\/schema\\\/person\\\/37c0164a04038267c8a56ad6d60df749\"},\"description\":\"P\u0159ezd\u00edvka \u010cu\u0148as vznikla v polovin\u011b 60. let a p\u0159ipisuje se Yvonne P\u0159enosilov\u00e9. Karel Gott ji nesn\u00e1\u0161el, ale nakonec si z n\u00ed d\u011blal legraci.\",\"breadcrumb\":{\"@id\":\"https:\\\/\\\/www.karaoketexty.cz\\\/magazin\\\/posmesna-prezdivka-ktera-karlu-gottovi-prilnula-a-vymyslela-ji-yvonne-prenosilova-se-trefila-do-cerneho\\\/#breadcrumb\"},\"inLanguage\":\"cs\",\"potentialAction\":[{\"@type\":\"ReadAction\",\"target\":[\"https:\\\/\\\/www.karaoketexty.cz\\\/magazin\\\/posmesna-prezdivka-ktera-karlu-gottovi-prilnula-a-vymyslela-ji-yvonne-prenosilova-se-trefila-do-cerneho\\\/\"]}]},{\"@type\":\"ImageObject\",\"inLanguage\":\"cs\",\"@id\":\"https:\\\/\\\/www.karaoketexty.cz\\\/magazin\\\/posmesna-prezdivka-ktera-karlu-gottovi-prilnula-a-vymyslela-ji-yvonne-prenosilova-se-trefila-do-cerneho\\\/#primaryimage\",\"url\":\"https:\\\/\\\/www.karaoketexty.cz\\\/magazin\\\/wp-content\\\/uploads\\\/2026\\\/08\\\/karel-gott.jpg\",\"contentUrl\":\"https:\\\/\\\/www.karaoketexty.cz\\\/magazin\\\/wp-content\\\/uploads\\\/2026\\\/08\\\/karel-gott.jpg\",\"width\":1200,\"height\":675,\"caption\":\"Fotografie: Nextfoto\"},{\"@type\":\"BreadcrumbList\",\"@id\":\"https:\\\/\\\/www.karaoketexty.cz\\\/magazin\\\/posmesna-prezdivka-ktera-karlu-gottovi-prilnula-a-vymyslela-ji-yvonne-prenosilova-se-trefila-do-cerneho\\\/#breadcrumb\",\"itemListElement\":[{\"@type\":\"ListItem\",\"position\":1,\"name\":\"Dom\u016f\",\"item\":\"https:\\\/\\\/www.karaoketexty.cz\\\/magazin\\\/\"},{\"@type\":\"ListItem\",\"position\":2,\"name\":\"Posm\u011b\u0161n\u00e1 p\u0159ezd\u00edvka, kter\u00e1 Karlu Gottovi p\u0159ilnula a vymyslela ji Yvonne P\u0159enosilov\u00e1, se trefila do \u010dern\u00e9ho\"}]},{\"@type\":\"WebSite\",\"@id\":\"https:\\\/\\\/www.karaoketexty.cz\\\/magazin\\\/#website\",\"url\":\"https:\\\/\\\/www.karaoketexty.cz\\\/magazin\\\/\",\"name\":\"Stars Magaz\u00edn Karaoketexty.cz\",\"description\":\"Stars Magaz\u00edn na Karaoketexty.cz je zam\u011b\u0159en\u00fd na novinky ze sv\u011bta hudby a celebrit. Obsahuje \u010dl\u00e1nky o zp\u011bv\u00e1c\u00edch, kapel\u00e1ch, nov\u00fdch albech, hudebn\u00edch trendech a dal\u0161\u00edch zaj\u00edmavostech z hudebn\u00edho pr\u016fmyslu.\",\"potentialAction\":[{\"@type\":\"SearchAction\",\"target\":{\"@type\":\"EntryPoint\",\"urlTemplate\":\"https:\\\/\\\/www.karaoketexty.cz\\\/magazin\\\/?s={search_term_string}\"},\"query-input\":{\"@type\":\"PropertyValueSpecification\",\"valueRequired\":true,\"valueName\":\"search_term_string\"}}],\"inLanguage\":\"cs\"},{\"@type\":\"Person\",\"@id\":\"https:\\\/\\\/www.karaoketexty.cz\\\/magazin\\\/#\\\/schema\\\/person\\\/37c0164a04038267c8a56ad6d60df749\",\"name\":\"Barbora Kop\u0159ivov\u00e1\",\"image\":{\"@type\":\"ImageObject\",\"inLanguage\":\"cs\",\"@id\":\"https:\\\/\\\/secure.gravatar.com\\\/avatar\\\/ad2ef9810228386d580851ef4bdde76abaa96054ff5b068c8873bc91afb2df84?s=96&d=mm&r=g\",\"url\":\"https:\\\/\\\/secure.gravatar.com\\\/avatar\\\/ad2ef9810228386d580851ef4bdde76abaa96054ff5b068c8873bc91afb2df84?s=96&d=mm&r=g\",\"contentUrl\":\"https:\\\/\\\/secure.gravatar.com\\\/avatar\\\/ad2ef9810228386d580851ef4bdde76abaa96054ff5b068c8873bc91afb2df84?s=96&d=mm&r=g\",\"caption\":\"Barbora Kop\u0159ivov\u00e1\"},\"url\":\"https:\\\/\\\/www.karaoketexty.cz\\\/magazin\\\/author\\\/barborakoprivova\\\/\"}]}<\/script>\n<!-- \/ Yoast SEO plugin. -->","yoast_head_json":{"title":"Karel Gott a p\u0159ezd\u00edvka od P\u0159enosilov\u00e9: Vtip, kter\u00fd p\u0159e\u017eil celou \u00e9ru","description":"P\u0159ezd\u00edvka \u010cu\u0148as vznikla v polovin\u011b 60. let a p\u0159ipisuje se Yvonne P\u0159enosilov\u00e9. Karel Gott ji nesn\u00e1\u0161el, ale nakonec si z n\u00ed d\u011blal legraci.","robots":{"index":"index","follow":"follow","max-snippet":"max-snippet:-1","max-image-preview":"max-image-preview:large","max-video-preview":"max-video-preview:-1"},"canonical":"https:\/\/www.karaoketexty.cz\/magazin\/posmesna-prezdivka-ktera-karlu-gottovi-prilnula-a-vymyslela-ji-yvonne-prenosilova-se-trefila-do-cerneho\/","og_locale":"cs_CZ","og_type":"article","og_title":"Karel Gott a p\u0159ezd\u00edvka od P\u0159enosilov\u00e9: Vtip, kter\u00fd p\u0159e\u017eil celou \u00e9ru","og_description":"P\u0159ezd\u00edvka \u010cu\u0148as vznikla v polovin\u011b 60. let a p\u0159ipisuje se Yvonne P\u0159enosilov\u00e9. Karel Gott ji nesn\u00e1\u0161el, ale nakonec si z n\u00ed d\u011blal legraci.","og_url":"https:\/\/www.karaoketexty.cz\/magazin\/posmesna-prezdivka-ktera-karlu-gottovi-prilnula-a-vymyslela-ji-yvonne-prenosilova-se-trefila-do-cerneho\/","og_site_name":"Stars Magaz\u00edn Karaoketexty.cz","article_published_time":"2026-09-02T04:04:00+00:00","og_image":[{"width":1200,"height":675,"url":"https:\/\/www.karaoketexty.cz\/magazin\/wp-content\/uploads\/2026\/08\/karel-gott.jpg","type":"image\/jpeg"}],"author":"Barbora Kop\u0159ivov\u00e1","twitter_card":"summary_large_image","twitter_misc":{"Napsal(a)":"Barbora Kop\u0159ivov\u00e1","Odhadovan\u00e1 doba \u010dten\u00ed":"4 minuty"},"schema":{"@context":"https:\/\/schema.org","@graph":[{"@type":"Article","@id":"https:\/\/www.karaoketexty.cz\/magazin\/posmesna-prezdivka-ktera-karlu-gottovi-prilnula-a-vymyslela-ji-yvonne-prenosilova-se-trefila-do-cerneho\/#article","isPartOf":{"@id":"https:\/\/www.karaoketexty.cz\/magazin\/posmesna-prezdivka-ktera-karlu-gottovi-prilnula-a-vymyslela-ji-yvonne-prenosilova-se-trefila-do-cerneho\/"},"author":{"name":"Barbora Kop\u0159ivov\u00e1","@id":"https:\/\/www.karaoketexty.cz\/magazin\/#\/schema\/person\/37c0164a04038267c8a56ad6d60df749"},"headline":"Posm\u011b\u0161n\u00e1 p\u0159ezd\u00edvka, kter\u00e1 Karlu Gottovi p\u0159ilnula a vymyslela ji Yvonne P\u0159enosilov\u00e1, se trefila do \u010dern\u00e9ho","datePublished":"2026-09-02T04:04:00+00:00","mainEntityOfPage":{"@id":"https:\/\/www.karaoketexty.cz\/magazin\/posmesna-prezdivka-ktera-karlu-gottovi-prilnula-a-vymyslela-ji-yvonne-prenosilova-se-trefila-do-cerneho\/"},"wordCount":670,"commentCount":0,"image":{"@id":"https:\/\/www.karaoketexty.cz\/magazin\/posmesna-prezdivka-ktera-karlu-gottovi-prilnula-a-vymyslela-ji-yvonne-prenosilova-se-trefila-do-cerneho\/#primaryimage"},"thumbnailUrl":"https:\/\/www.karaoketexty.cz\/magazin\/wp-content\/uploads\/2026\/08\/karel-gott.jpg","keywords":["Bo\u017esk\u00fd K\u00e1ja","\u010deskoslovensk\u00e1 popul\u00e1rn\u00ed hudba","\u010cu\u0148as","hudebn\u00ed spolupr\u00e1ce","Karel Gott","p\u0159ezd\u00edvky","Super.cz","Supraphon","Yvonne P\u0159enosilov\u00e1","Zlat\u00fd hlas z Prahy"],"articleSection":["Celebrity"],"inLanguage":"cs","potentialAction":[{"@type":"CommentAction","name":"Comment","target":["https:\/\/www.karaoketexty.cz\/magazin\/posmesna-prezdivka-ktera-karlu-gottovi-prilnula-a-vymyslela-ji-yvonne-prenosilova-se-trefila-do-cerneho\/#respond"]}]},{"@type":"WebPage","@id":"https:\/\/www.karaoketexty.cz\/magazin\/posmesna-prezdivka-ktera-karlu-gottovi-prilnula-a-vymyslela-ji-yvonne-prenosilova-se-trefila-do-cerneho\/","url":"https:\/\/www.karaoketexty.cz\/magazin\/posmesna-prezdivka-ktera-karlu-gottovi-prilnula-a-vymyslela-ji-yvonne-prenosilova-se-trefila-do-cerneho\/","name":"Karel Gott a p\u0159ezd\u00edvka od P\u0159enosilov\u00e9: Vtip, kter\u00fd p\u0159e\u017eil celou \u00e9ru","isPartOf":{"@id":"https:\/\/www.karaoketexty.cz\/magazin\/#website"},"primaryImageOfPage":{"@id":"https:\/\/www.karaoketexty.cz\/magazin\/posmesna-prezdivka-ktera-karlu-gottovi-prilnula-a-vymyslela-ji-yvonne-prenosilova-se-trefila-do-cerneho\/#primaryimage"},"image":{"@id":"https:\/\/www.karaoketexty.cz\/magazin\/posmesna-prezdivka-ktera-karlu-gottovi-prilnula-a-vymyslela-ji-yvonne-prenosilova-se-trefila-do-cerneho\/#primaryimage"},"thumbnailUrl":"https:\/\/www.karaoketexty.cz\/magazin\/wp-content\/uploads\/2026\/08\/karel-gott.jpg","datePublished":"2026-09-02T04:04:00+00:00","author":{"@id":"https:\/\/www.karaoketexty.cz\/magazin\/#\/schema\/person\/37c0164a04038267c8a56ad6d60df749"},"description":"P\u0159ezd\u00edvka \u010cu\u0148as vznikla v polovin\u011b 60. let a p\u0159ipisuje se Yvonne P\u0159enosilov\u00e9. Karel Gott ji nesn\u00e1\u0161el, ale nakonec si z n\u00ed d\u011blal legraci.","breadcrumb":{"@id":"https:\/\/www.karaoketexty.cz\/magazin\/posmesna-prezdivka-ktera-karlu-gottovi-prilnula-a-vymyslela-ji-yvonne-prenosilova-se-trefila-do-cerneho\/#breadcrumb"},"inLanguage":"cs","potentialAction":[{"@type":"ReadAction","target":["https:\/\/www.karaoketexty.cz\/magazin\/posmesna-prezdivka-ktera-karlu-gottovi-prilnula-a-vymyslela-ji-yvonne-prenosilova-se-trefila-do-cerneho\/"]}]},{"@type":"ImageObject","inLanguage":"cs","@id":"https:\/\/www.karaoketexty.cz\/magazin\/posmesna-prezdivka-ktera-karlu-gottovi-prilnula-a-vymyslela-ji-yvonne-prenosilova-se-trefila-do-cerneho\/#primaryimage","url":"https:\/\/www.karaoketexty.cz\/magazin\/wp-content\/uploads\/2026\/08\/karel-gott.jpg","contentUrl":"https:\/\/www.karaoketexty.cz\/magazin\/wp-content\/uploads\/2026\/08\/karel-gott.jpg","width":1200,"height":675,"caption":"Fotografie: Nextfoto"},{"@type":"BreadcrumbList","@id":"https:\/\/www.karaoketexty.cz\/magazin\/posmesna-prezdivka-ktera-karlu-gottovi-prilnula-a-vymyslela-ji-yvonne-prenosilova-se-trefila-do-cerneho\/#breadcrumb","itemListElement":[{"@type":"ListItem","position":1,"name":"Dom\u016f","item":"https:\/\/www.karaoketexty.cz\/magazin\/"},{"@type":"ListItem","position":2,"name":"Posm\u011b\u0161n\u00e1 p\u0159ezd\u00edvka, kter\u00e1 Karlu Gottovi p\u0159ilnula a vymyslela ji Yvonne P\u0159enosilov\u00e1, se trefila do \u010dern\u00e9ho"}]},{"@type":"WebSite","@id":"https:\/\/www.karaoketexty.cz\/magazin\/#website","url":"https:\/\/www.karaoketexty.cz\/magazin\/","name":"Stars Magaz\u00edn Karaoketexty.cz","description":"Stars Magaz\u00edn na Karaoketexty.cz je zam\u011b\u0159en\u00fd na novinky ze sv\u011bta hudby a celebrit. Obsahuje \u010dl\u00e1nky o zp\u011bv\u00e1c\u00edch, kapel\u00e1ch, nov\u00fdch albech, hudebn\u00edch trendech a dal\u0161\u00edch zaj\u00edmavostech z hudebn\u00edho pr\u016fmyslu.","potentialAction":[{"@type":"SearchAction","target":{"@type":"EntryPoint","urlTemplate":"https:\/\/www.karaoketexty.cz\/magazin\/?s={search_term_string}"},"query-input":{"@type":"PropertyValueSpecification","valueRequired":true,"valueName":"search_term_string"}}],"inLanguage":"cs"},{"@type":"Person","@id":"https:\/\/www.karaoketexty.cz\/magazin\/#\/schema\/person\/37c0164a04038267c8a56ad6d60df749","name":"Barbora Kop\u0159ivov\u00e1","image":{"@type":"ImageObject","inLanguage":"cs","@id":"https:\/\/secure.gravatar.com\/avatar\/ad2ef9810228386d580851ef4bdde76abaa96054ff5b068c8873bc91afb2df84?s=96&d=mm&r=g","url":"https:\/\/secure.gravatar.com\/avatar\/ad2ef9810228386d580851ef4bdde76abaa96054ff5b068c8873bc91afb2df84?s=96&d=mm&r=g","contentUrl":"https:\/\/secure.gravatar.com\/avatar\/ad2ef9810228386d580851ef4bdde76abaa96054ff5b068c8873bc91afb2df84?s=96&d=mm&r=g","caption":"Barbora Kop\u0159ivov\u00e1"},"url":"https:\/\/www.karaoketexty.cz\/magazin\/author\/barborakoprivova\/"}]}},"_links":{"self":[{"href":"https:\/\/www.karaoketexty.cz\/magazin\/wp-json\/wp\/v2\/posts\/17558","targetHints":{"allow":["GET"]}}],"collection":[{"href":"https:\/\/www.karaoketexty.cz\/magazin\/wp-json\/wp\/v2\/posts"}],"about":[{"href":"https:\/\/www.karaoketexty.cz\/magazin\/wp-json\/wp\/v2\/types\/post"}],"author":[{"embeddable":true,"href":"https:\/\/www.karaoketexty.cz\/magazin\/wp-json\/wp\/v2\/users\/4"}],"replies":[{"embeddable":true,"href":"https:\/\/www.karaoketexty.cz\/magazin\/wp-json\/wp\/v2\/comments?post=17558"}],"version-history":[{"count":5,"href":"https:\/\/www.karaoketexty.cz\/magazin\/wp-json\/wp\/v2\/posts\/17558\/revisions"}],"predecessor-version":[{"id":18881,"href":"https:\/\/www.karaoketexty.cz\/magazin\/wp-json\/wp\/v2\/posts\/17558\/revisions\/18881"}],"wp:featuredmedia":[{"embeddable":true,"href":"https:\/\/www.karaoketexty.cz\/magazin\/wp-json\/wp\/v2\/media\/17560"}],"wp:attachment":[{"href":"https:\/\/www.karaoketexty.cz\/magazin\/wp-json\/wp\/v2\/media?parent=17558"}],"wp:term":[{"taxonomy":"category","embeddable":true,"href":"https:\/\/www.karaoketexty.cz\/magazin\/wp-json\/wp\/v2\/categories?post=17558"},{"taxonomy":"post_tag","embeddable":true,"href":"https:\/\/www.karaoketexty.cz\/magazin\/wp-json\/wp\/v2\/tags?post=17558"}],"curies":[{"name":"wp","href":"https:\/\/api.w.org\/{rel}","templated":true}]}}