{"id":17537,"date":"2026-09-01T05:39:00","date_gmt":"2026-09-01T03:39:00","guid":{"rendered":"https:\/\/www.karaoketexty.cz\/magazin\/?p=17537"},"modified":"2026-08-31T16:09:06","modified_gmt":"2026-08-31T14:09:06","slug":"eva-pilarova-pratelstvi-s-gottem-smrt-kolegu-pri-leteckem-nestesti-i-zakazy-od-rezimu","status":"publish","type":"post","link":"https:\/\/www.karaoketexty.cz\/magazin\/eva-pilarova-pratelstvi-s-gottem-smrt-kolegu-pri-leteckem-nestesti-i-zakazy-od-rezimu\/","title":{"rendered":"Eva Pilarov\u00e1: P\u0159\u00e1telstv\u00ed s Gottem, smrt koleg\u016f p\u0159i leteck\u00e9m ne\u0161t\u011bst\u00ed i z\u00e1kazy od re\u017eimu"},"content":{"rendered":"\n<p class=\"wp-block-paragraph\"><strong>Kdy\u017e se \u0159ekne Eva Pilarov\u00e1, v\u011bt\u0161ina lid\u00ed si vybav\u00ed zlat\u00fd hlas, Zlat\u00e9 slav\u00edky a duety s Karlem Gottem. Jen\u017ee za t\u00edm obrazem st\u00e1l \u017eivot, kter\u00fd byl m\u00edsty drsn\u00fd jako normaliza\u010dn\u00ed zima.<\/strong><\/p>\n\n\n\n<p class=\"wp-block-paragraph\">Semafor v 60. letech byl m\u00edstem, kde se \u010desk\u00e1 z\u00e1bavn\u00ed sc\u00e9na tvo\u0159ila doslova p\u0159ed o\u010dima. Eva Pilarov\u00e1 st\u00e1la uprost\u0159ed toho d\u011bn\u00ed. Na Karaoketexty jsme se rozhodli p\u0159ipomenout nejen tuto dobu v jej\u00ed kari\u00e9\u0159e, ale i dal\u0161\u00ed \u00fasp\u011bchy a jej\u00ed soukrom\u00fd \u017eivot.<\/p>\n\n\n<!-- karaoketexty.cz \/ rectangle2 -->\n<div id=\"PX_37086_709110796310826\"><\/div>\n<script>\n   if(!useMobileAds && !boolUseSeznamAds && !hideAllAds){\n     window.px2 = window.px2 || { conf: {},queue: [] };\n     px2.queue.push(function () {\n        px2.render({\n           slot: {\n              id: 37086\n           },\n            elem: \"PX_37086_709110796310826\"\n        })\n     });\n  }\n<\/script>\n\n<!-- karaoketexty.cz \/ mobile-rectangle3 -->\n<div id=\"PX_37044_714599773297004\"><\/div>\n<script>\n   if(useMobileAds && !boolUseSeznamAds && !hideAllAds){\nwindow.px2 = window.px2 || { conf: {},queue: [] };\npx2.queue.push(function () {\n\tpx2.render({\n\t\tslot: {\n\t\t\tid: 37044\n\t\t},\n\t\telem: \"PX_37044_714599773297004\"\n\t})\n});\n}\n<\/script>\n\n\n<h2 class=\"wp-block-heading\">Dva man\u017eel\u00e9 emigrovali, \u0161est muzikant\u016f nep\u0159e\u017eilo p\u0159ist\u00e1n\u00ed<\/h2>\n\n\n\n<p class=\"wp-block-paragraph\">Spole\u010dn\u00e9 recit\u00e1ly Karla Gotta a Evy Pilarov\u00e9 spolehliv\u011b plnily s\u00e1ly. Mezi ob\u011bma Slav\u00edky byla energie, kter\u00e1 \u010dasem vyvolala i \u0159adu spekulac\u00ed o vztahu. S\u00e1m Gott po letech \u0159ekl, \u017ee ho Pilarov\u00e1 p\u0159itahovala a \u017ee spolu p\u0159ed vystoupen\u00edm flirtovali v \u0161atn\u00e1ch. Podle n\u011bj ale nic v\u00edc nebylo.&nbsp;Gott o n\u00ed mluvil jako o mimo\u0159\u00e1dn\u00e9m talentu a z\u00e1rove\u0148 \u017eiveln\u00e9m \u010dlov\u011bku, kter\u00fd p\u0159ed ka\u017ed\u00fdm v\u00fdstupem pot\u0159eboval trochu vzru\u0161en\u00ed.&nbsp;<\/p>\n\n\n\n<p class=\"wp-block-paragraph\">Osobn\u00ed \u017eivot Evy Pilarov\u00e9 se prom\u011bnil n\u011bkolikr\u00e1t za sebou. V roce 1962 se j\u00ed narodil syn, a kr\u00e1tce nato prvn\u00ed man\u017eel, trumpetista Milan Pilar, odjel ze z\u00e1jezdu rovnou do emigrace. U\u017e se nevr\u00e1til. StB ji pak vysl\u00fdchala, tla\u010dila na rozvod a vyhro\u017eovala j\u00ed odebr\u00e1n\u00edm pasu i likvidac\u00ed kari\u00e9ry. Rozvedla se. Pas dostala zp\u011bt a\u017e po roce 1989.&nbsp;V roce 1968 se provdala podruh\u00e9, tentokr\u00e1t za Jarom\u00edra Mayera. Bylo to v Pa\u0159\u00ed\u017ei, v dob\u011b uvoln\u011bn\u00ed.&nbsp;<\/p>\n\n\n<!-- karaoketexty.cz \/ interscroller1 -->\n\n<div id=\"PX_37041_825057871452834\"><\/div>\n<script>\nif(useMobileAds && !boolUseSeznamAds && !hideAllAds){\n\twindow.px2 = window.px2 || { conf: {},queue: [] };\n\tpx2.queue.push(function () {\n\t\tpx2.render({\n\t\t\tslot: {\n\t\t\t\tid: 37041\n\t\t\t},\n\t\t\telem: \"PX_37041_825057871452834\"\n\t\t})\n\t});\n}\n<\/script>\n\n\n<p class=\"wp-block-paragraph\">Ani tento vztah ale nevydr\u017eel. Mayer tak\u00e9 emigroval, na za\u010d\u00e1tku 70. let. Pilarov\u00e1 u\u017e byla tehdy rozveden\u00e1, jen\u017ee pro re\u017eim to byla dal\u0161\u00ed komplikace, dal\u0161\u00ed z\u00e1\u0159ez do jej\u00edho \u017eivota.&nbsp;A pak p\u0159i\u0161el rok 1973. Pilarov\u00e1 byla s kapelou na Kub\u011b a muzikanti se museli vr\u00e1tit d\u0159\u00edv ne\u017e ona. P\u0159i p\u0159ist\u00e1v\u00e1n\u00ed v Ruzyni letadlo za\u010dalo ho\u0159et. \u0160est \u010dlen\u016f kapely, v\u0161ichni mlad\u0161\u00ed t\u0159iceti let, nep\u0159e\u017eilo. Zachr\u00e1nil se jen jeden. Pilarov\u00e1 v tu chv\u00edli cht\u011bla se zp\u00edv\u00e1n\u00edm skon\u010dit \u00fapln\u011b, ale p\u0159\u00e1tel\u00e9 j\u00ed to rozmluvili. Na p\u00f3dium se vr\u00e1tila a v 70. i 80. letech pak s novou kapelou odehr\u00e1la zhruba t\u0159i sta koncert\u016f ro\u010dn\u011b, v\u011bt\u0161inou v zem\u00edch v\u00fdchodn\u00edho bloku.<\/p>\n\n\n\n<h2 class=\"wp-block-heading\">Z\u00e1kazy p\u00edsn\u00ed a podpis Anticharty<\/h2>\n\n\n\n<p class=\"wp-block-paragraph\">Normalizace se Pilarov\u00e9 dotkla i p\u0159\u00edmo na p\u00f3diu. Re\u017eim j\u00ed zakazoval p\u00edsn\u011b, se kter\u00fdmi vyhr\u00e1vala festivaly. Jedna z nich, skladba z roku 1967, j\u00ed p\u0159inesla t\u0159i festivalov\u00e1 v\u00edt\u011bzstv\u00ed. Pozd\u011bji ji ozna\u010dili za protisov\u011btskou, proto\u017ee v textu byly obraty o z\u00e1ke\u0159n\u00fdch k\u0159\u00eddlech st\u00ednu a zk\u00e1ze sv\u011bta. Marn\u011b vysv\u011btlovala, \u017ee vznikla d\u00e1vno p\u0159ed srpnem 1968, nikdo ji neposlouchal.&nbsp;V roce 1977 podepsala Antichartu. Ud\u011blala to ze strachu, v\u011bd\u011bla, \u017ee bez podpisu p\u0159ijde o mo\u017enost vystupovat v m\u00e9di\u00edch.&nbsp;<\/p>\n\n\n\n<iframe title=\"Karel Gott a Eva Pilarov\u00e1 - Je nebezpe\u010dn\u00e9 dot\u00fdkat se hv\u011bzd   (1964)\" width=\"500\" height=\"375\" src=\"https:\/\/www.youtube.com\/embed\/1m0swQl5Zko?feature=oembed\" frameborder=\"0\" allow=\"accelerometer; autoplay; clipboard-write; encrypted-media; gyroscope; picture-in-picture; web-share\" referrerpolicy=\"strict-origin-when-cross-origin\" allowfullscreen><\/iframe>\n\n\n\n<p class=\"wp-block-paragraph\">Oba jej\u00ed man\u017eel\u00e9 emigrovali, pas nem\u011bla, kari\u00e9ra st\u00e1la na velmi tenk\u00e9m led\u011b. \u201e<em>M\u011bla jsem strach a byla jsem zbab\u011bl\u00e1. P\u0159izn\u00e1v\u00e1m se k tomu,<\/em>\u201c \u0159ekla kr\u00e1tce p\u0159ed smrt\u00ed v rozhovoru pro Pam\u011b\u0165 n\u00e1roda. Dodala tak\u00e9, \u017ee nem\u011bla odvahu Marty Kubi\u0161ov\u00e9. Pat\u0159ila k m\u00e1lu \u010desk\u00fdch um\u011blc\u016f, kte\u0159\u00ed se k podpisu Anticharty ve\u0159ejn\u011b p\u0159iznali a omluvili se za n\u011bj.<\/p>\n\n\n\n<p class=\"wp-block-paragraph\">V 80. letech j\u00ed l\u00e9ka\u0159i diagnostikovali rakovinu a d\u00e1vali j\u00ed nanejv\u00fd\u0161 rok a p\u016fl \u017eivota. P\u0159e\u017eila. Zp\u00edvala d\u00e1l, moderovala po\u0159ady v \u010cesk\u00e9m rozhlase, vyd\u00e1vala alba a na\u0161la i novou l\u00e1sku v Janu Kolomazn\u00edkovi. V roce 2008 ji prezident V\u00e1clav Klaus ocenil Medail\u00ed za z\u00e1sluhy. Zem\u0159ela 14. b\u0159ezna 2020 v Praze ve v\u011bku osmdes\u00e1ti let.&nbsp;<\/p>\n\n\n\n<p class=\"wp-block-paragraph\">Zdroj: Autorsk\u00fd text, <a href=\"https:\/\/youtu.be\/1m0swQl5Zko\" target=\"_blank\" rel=\"noreferrer noopener nofollow\">YouTube<\/a>, <a href=\"https:\/\/cs.wikipedia.org\/wiki\/Eva_Pilarov%C3%A1\" target=\"_blank\" rel=\"noreferrer noopener nofollow\">Wikipedie<\/a>, <a href=\"https:\/\/www.blesk.cz\/clanek\/celebrity-ceske-celebrity\/181517\/eva-pilarova-o-svych-manzelech-a-lasce-dva-muzi-ji-utekli-do-ciziny.html\" target=\"_blank\" rel=\"noreferrer noopener nofollow\">Blesk<\/a>, <a href=\"https:\/\/www.memoryofnations.eu\/en\/pilarova-eva-1939\" target=\"_blank\" rel=\"nofollow\">Pam\u011b\u0165 n\u00e1roda<\/a>, <a href=\"https:\/\/www.supraphon.cz\/novinky\/30424\" target=\"_blank\" rel=\"noreferrer noopener nofollow\">Supraphon<\/a><\/p>\n\n\n            <a href=\"https:\/\/www.karaoketexty.cz\/magazin\/zfalsovane-foto-a-neckarovo-ne-jak-se-komuniste-rozhodli-znicit-kubisovou\/\" class=\"related-post-link\">\n                <div class=\"post-thumbnail\">\n                    <img decoding=\"async\" width=\"250\" height=\"141\" src=\"https:\/\/www.karaoketexty.cz\/magazin\/wp-content\/uploads\/2025\/09\/Marta-Kubisova-zpevacka.jpg\" class=\"attachment-250x180 size-250x180 not-transparent\" alt=\"Fotografie Marty Kubi\u0161ov\u00e9\" srcset=\"https:\/\/www.karaoketexty.cz\/magazin\/wp-content\/uploads\/2025\/09\/Marta-Kubisova-zpevacka.jpg 1200w, https:\/\/www.karaoketexty.cz\/magazin\/wp-content\/uploads\/2025\/09\/Marta-Kubisova-zpevacka-300x169.jpg 300w, https:\/\/www.karaoketexty.cz\/magazin\/wp-content\/uploads\/2025\/09\/Marta-Kubisova-zpevacka-1024x576.jpg 1024w, https:\/\/www.karaoketexty.cz\/magazin\/wp-content\/uploads\/2025\/09\/Marta-Kubisova-zpevacka-768x432.jpg 768w, https:\/\/www.karaoketexty.cz\/magazin\/wp-content\/uploads\/2025\/09\/Marta-Kubisova-zpevacka-800x450.jpg 800w\" sizes=\"(max-width: 250px) 100vw, 250px\" data-has-transparency=\"false\" data-dominant-color=\"4d3835\" style=\"--dominant-color: #4d3835;\" \/>                <\/div>\n                <div class=\"post-details\">\n                    <span class=\"also-read\">\u010ct\u011bte tak\u00e9:<\/span>\n                    <h3 class=\"hed\">Zfal\u0161ovan\u00e9 foto a Neck\u00e1\u0159ovo ne: Jak se komunist\u00e9 rozhodli zni\u010dit Kubi\u0161ovou<\/h3>\n                <\/div>\n            <\/a>\n            \n\n            <a href=\"https:\/\/www.karaoketexty.cz\/magazin\/vaclav-noid-barta-adoptoval-pet-ovci-z-utulku-zpevak-se-realizuje-i-jinde-nez-jen-na-podiu\/\" class=\"related-post-link\">\n                <div class=\"post-thumbnail\">\n                    <img decoding=\"async\" width=\"250\" height=\"141\" src=\"https:\/\/www.karaoketexty.cz\/magazin\/wp-content\/uploads\/2026\/08\/vaclav-noid-barta.jpg\" class=\"attachment-250x180 size-250x180 not-transparent\" alt=\"V\u00e1clav Noid B\u00e1rta\" srcset=\"https:\/\/www.karaoketexty.cz\/magazin\/wp-content\/uploads\/2026\/08\/vaclav-noid-barta.jpg 1200w, https:\/\/www.karaoketexty.cz\/magazin\/wp-content\/uploads\/2026\/08\/vaclav-noid-barta-300x169.jpg 300w, https:\/\/www.karaoketexty.cz\/magazin\/wp-content\/uploads\/2026\/08\/vaclav-noid-barta-1024x576.jpg 1024w, https:\/\/www.karaoketexty.cz\/magazin\/wp-content\/uploads\/2026\/08\/vaclav-noid-barta-768x432.jpg 768w, https:\/\/www.karaoketexty.cz\/magazin\/wp-content\/uploads\/2026\/08\/vaclav-noid-barta-800x450.jpg 800w\" sizes=\"(max-width: 250px) 100vw, 250px\" data-has-transparency=\"false\" data-dominant-color=\"7a7a76\" style=\"--dominant-color: #7a7a76;\" \/>                <\/div>\n                <div class=\"post-details\">\n                    <span class=\"also-read\">\u010ct\u011bte tak\u00e9:<\/span>\n                    <h3 class=\"hed\">V\u00e1clav Noid B\u00e1rta adoptoval p\u011bt ovc\u00ed z \u00fatulku: Zp\u011bv\u00e1k se realizuje i jinde, ne\u017e jen na p\u00f3diu<\/h3>\n                <\/div>\n            <\/a>\n            ","protected":false},"excerpt":{"rendered":"<p>Kdy\u017e se \u0159ekne Eva Pilarov\u00e1, v\u011bt\u0161ina lid\u00ed si vybav\u00ed zlat\u00fd hlas, Zlat\u00e9 slav\u00edky a duety s Karlem Gottem. Jen\u017ee za t\u00edm obrazem st\u00e1l \u017eivot, kter\u00fd byl m\u00edsty drsn\u00fd jako normaliza\u010dn\u00ed zima.<\/p>\n","protected":false},"author":4,"featured_media":17539,"comment_status":"open","ping_status":"closed","sticky":false,"template":"","format":"standard","meta":{"footnotes":""},"categories":[1059],"tags":[1266,6016,571,9821,6068,6880,1390,71,2506,6014,100,11294],"class_list":["post-17537","post","type-post","status-publish","format-standard","has-post-thumbnail","hentry","category-celebrity","tag-70-leta","tag-anticharta","tag-ceska-hudba","tag-duety","tag-emigrace","tag-eva-pilarova","tag-hudebni-kariera","tag-karel-gott","tag-marta-kubisova","tag-normalizace","tag-rakovina","tag-zlate-slaviky"],"yoast_head":"<!-- This site is optimized with the Yoast SEO plugin v28.3 - https:\/\/yoast.com\/product\/yoast-seo-wordpress\/ -->\n<title>Zak\u00e1zan\u00e1, obdivovan\u00e1, nezlomn\u00e1, takov\u00e1 byla Eva Pilarov\u00e1<\/title>\n<meta name=\"description\" content=\"Eva Pilarov\u00e1 byla jednou z nejv\u011bt\u0161\u00edch hv\u011bzd \u010desk\u00e9 estr\u00e1dy. Jen\u017ee za leskem p\u00f3dia se skr\u00fdval \u017eivot pln\u00fd ztr\u00e1t, z\u00e1kaz\u016f i t\u011b\u017ek\u00fdch voleb.\" \/>\n<meta name=\"robots\" content=\"index, follow, max-snippet:-1, max-image-preview:large, max-video-preview:-1\" \/>\n<link rel=\"canonical\" href=\"https:\/\/www.karaoketexty.cz\/magazin\/eva-pilarova-pratelstvi-s-gottem-smrt-kolegu-pri-leteckem-nestesti-i-zakazy-od-rezimu\/\" \/>\n<meta property=\"og:locale\" content=\"cs_CZ\" \/>\n<meta property=\"og:type\" content=\"article\" \/>\n<meta property=\"og:title\" content=\"Zak\u00e1zan\u00e1, obdivovan\u00e1, nezlomn\u00e1, takov\u00e1 byla Eva Pilarov\u00e1\" \/>\n<meta property=\"og:description\" content=\"Eva Pilarov\u00e1 byla jednou z nejv\u011bt\u0161\u00edch hv\u011bzd \u010desk\u00e9 estr\u00e1dy. Jen\u017ee za leskem p\u00f3dia se skr\u00fdval \u017eivot pln\u00fd ztr\u00e1t, z\u00e1kaz\u016f i t\u011b\u017ek\u00fdch voleb.\" \/>\n<meta property=\"og:url\" content=\"https:\/\/www.karaoketexty.cz\/magazin\/eva-pilarova-pratelstvi-s-gottem-smrt-kolegu-pri-leteckem-nestesti-i-zakazy-od-rezimu\/\" \/>\n<meta property=\"og:site_name\" content=\"Stars Magaz\u00edn Karaoketexty.cz\" \/>\n<meta property=\"article:published_time\" content=\"2026-09-01T03:39:00+00:00\" \/>\n<meta property=\"og:image\" content=\"https:\/\/www.karaoketexty.cz\/magazin\/wp-content\/uploads\/2026\/08\/eva-pilarova.jpg\" \/>\n\t<meta property=\"og:image:width\" content=\"1200\" \/>\n\t<meta property=\"og:image:height\" content=\"675\" \/>\n\t<meta property=\"og:image:type\" content=\"image\/jpeg\" \/>\n<meta name=\"author\" content=\"Barbora Kop\u0159ivov\u00e1\" \/>\n<meta name=\"twitter:card\" content=\"summary_large_image\" \/>\n<meta name=\"twitter:label1\" content=\"Napsal(a)\" \/>\n\t<meta name=\"twitter:data1\" content=\"Barbora Kop\u0159ivov\u00e1\" \/>\n\t<meta name=\"twitter:label2\" content=\"Odhadovan\u00e1 doba \u010dten\u00ed\" \/>\n\t<meta name=\"twitter:data2\" content=\"4 minuty\" \/>\n<script type=\"application\/ld+json\" class=\"yoast-schema-graph\">{\"@context\":\"https:\\\/\\\/schema.org\",\"@graph\":[{\"@type\":\"Article\",\"@id\":\"https:\\\/\\\/www.karaoketexty.cz\\\/magazin\\\/eva-pilarova-pratelstvi-s-gottem-smrt-kolegu-pri-leteckem-nestesti-i-zakazy-od-rezimu\\\/#article\",\"isPartOf\":{\"@id\":\"https:\\\/\\\/www.karaoketexty.cz\\\/magazin\\\/eva-pilarova-pratelstvi-s-gottem-smrt-kolegu-pri-leteckem-nestesti-i-zakazy-od-rezimu\\\/\"},\"author\":{\"name\":\"Barbora Kop\u0159ivov\u00e1\",\"@id\":\"https:\\\/\\\/www.karaoketexty.cz\\\/magazin\\\/#\\\/schema\\\/person\\\/37c0164a04038267c8a56ad6d60df749\"},\"headline\":\"Eva Pilarov\u00e1: P\u0159\u00e1telstv\u00ed s Gottem, smrt koleg\u016f p\u0159i leteck\u00e9m ne\u0161t\u011bst\u00ed i z\u00e1kazy od re\u017eimu\",\"datePublished\":\"2026-09-01T03:39:00+00:00\",\"mainEntityOfPage\":{\"@id\":\"https:\\\/\\\/www.karaoketexty.cz\\\/magazin\\\/eva-pilarova-pratelstvi-s-gottem-smrt-kolegu-pri-leteckem-nestesti-i-zakazy-od-rezimu\\\/\"},\"wordCount\":723,\"commentCount\":0,\"image\":{\"@id\":\"https:\\\/\\\/www.karaoketexty.cz\\\/magazin\\\/eva-pilarova-pratelstvi-s-gottem-smrt-kolegu-pri-leteckem-nestesti-i-zakazy-od-rezimu\\\/#primaryimage\"},\"thumbnailUrl\":\"https:\\\/\\\/www.karaoketexty.cz\\\/magazin\\\/wp-content\\\/uploads\\\/2026\\\/08\\\/eva-pilarova.jpg\",\"keywords\":[\"70. l\u00e9ta\",\"Anticharta\",\"\u010desk\u00e1 hudba\",\"duety\",\"emigrace\",\"Eva Pilarov\u00e1\",\"hudebn\u00ed kari\u00e9ra\",\"Karel Gott\",\"Marta Kubi\u0161ov\u00e1\",\"normalizace\",\"Rakovina\",\"Zlat\u00e9 slav\u00edky\"],\"articleSection\":[\"Celebrity\"],\"inLanguage\":\"cs\",\"potentialAction\":[{\"@type\":\"CommentAction\",\"name\":\"Comment\",\"target\":[\"https:\\\/\\\/www.karaoketexty.cz\\\/magazin\\\/eva-pilarova-pratelstvi-s-gottem-smrt-kolegu-pri-leteckem-nestesti-i-zakazy-od-rezimu\\\/#respond\"]}]},{\"@type\":\"WebPage\",\"@id\":\"https:\\\/\\\/www.karaoketexty.cz\\\/magazin\\\/eva-pilarova-pratelstvi-s-gottem-smrt-kolegu-pri-leteckem-nestesti-i-zakazy-od-rezimu\\\/\",\"url\":\"https:\\\/\\\/www.karaoketexty.cz\\\/magazin\\\/eva-pilarova-pratelstvi-s-gottem-smrt-kolegu-pri-leteckem-nestesti-i-zakazy-od-rezimu\\\/\",\"name\":\"Zak\u00e1zan\u00e1, obdivovan\u00e1, nezlomn\u00e1, takov\u00e1 byla Eva Pilarov\u00e1\",\"isPartOf\":{\"@id\":\"https:\\\/\\\/www.karaoketexty.cz\\\/magazin\\\/#website\"},\"primaryImageOfPage\":{\"@id\":\"https:\\\/\\\/www.karaoketexty.cz\\\/magazin\\\/eva-pilarova-pratelstvi-s-gottem-smrt-kolegu-pri-leteckem-nestesti-i-zakazy-od-rezimu\\\/#primaryimage\"},\"image\":{\"@id\":\"https:\\\/\\\/www.karaoketexty.cz\\\/magazin\\\/eva-pilarova-pratelstvi-s-gottem-smrt-kolegu-pri-leteckem-nestesti-i-zakazy-od-rezimu\\\/#primaryimage\"},\"thumbnailUrl\":\"https:\\\/\\\/www.karaoketexty.cz\\\/magazin\\\/wp-content\\\/uploads\\\/2026\\\/08\\\/eva-pilarova.jpg\",\"datePublished\":\"2026-09-01T03:39:00+00:00\",\"author\":{\"@id\":\"https:\\\/\\\/www.karaoketexty.cz\\\/magazin\\\/#\\\/schema\\\/person\\\/37c0164a04038267c8a56ad6d60df749\"},\"description\":\"Eva Pilarov\u00e1 byla jednou z nejv\u011bt\u0161\u00edch hv\u011bzd \u010desk\u00e9 estr\u00e1dy. Jen\u017ee za leskem p\u00f3dia se skr\u00fdval \u017eivot pln\u00fd ztr\u00e1t, z\u00e1kaz\u016f i t\u011b\u017ek\u00fdch voleb.\",\"breadcrumb\":{\"@id\":\"https:\\\/\\\/www.karaoketexty.cz\\\/magazin\\\/eva-pilarova-pratelstvi-s-gottem-smrt-kolegu-pri-leteckem-nestesti-i-zakazy-od-rezimu\\\/#breadcrumb\"},\"inLanguage\":\"cs\",\"potentialAction\":[{\"@type\":\"ReadAction\",\"target\":[\"https:\\\/\\\/www.karaoketexty.cz\\\/magazin\\\/eva-pilarova-pratelstvi-s-gottem-smrt-kolegu-pri-leteckem-nestesti-i-zakazy-od-rezimu\\\/\"]}]},{\"@type\":\"ImageObject\",\"inLanguage\":\"cs\",\"@id\":\"https:\\\/\\\/www.karaoketexty.cz\\\/magazin\\\/eva-pilarova-pratelstvi-s-gottem-smrt-kolegu-pri-leteckem-nestesti-i-zakazy-od-rezimu\\\/#primaryimage\",\"url\":\"https:\\\/\\\/www.karaoketexty.cz\\\/magazin\\\/wp-content\\\/uploads\\\/2026\\\/08\\\/eva-pilarova.jpg\",\"contentUrl\":\"https:\\\/\\\/www.karaoketexty.cz\\\/magazin\\\/wp-content\\\/uploads\\\/2026\\\/08\\\/eva-pilarova.jpg\",\"width\":1200,\"height\":675,\"caption\":\"Fotografie: Nextfoto, Eva Pilarov\u00e1\"},{\"@type\":\"BreadcrumbList\",\"@id\":\"https:\\\/\\\/www.karaoketexty.cz\\\/magazin\\\/eva-pilarova-pratelstvi-s-gottem-smrt-kolegu-pri-leteckem-nestesti-i-zakazy-od-rezimu\\\/#breadcrumb\",\"itemListElement\":[{\"@type\":\"ListItem\",\"position\":1,\"name\":\"Dom\u016f\",\"item\":\"https:\\\/\\\/www.karaoketexty.cz\\\/magazin\\\/\"},{\"@type\":\"ListItem\",\"position\":2,\"name\":\"Eva Pilarov\u00e1: P\u0159\u00e1telstv\u00ed s Gottem, smrt koleg\u016f p\u0159i leteck\u00e9m ne\u0161t\u011bst\u00ed i z\u00e1kazy od re\u017eimu\"}]},{\"@type\":\"WebSite\",\"@id\":\"https:\\\/\\\/www.karaoketexty.cz\\\/magazin\\\/#website\",\"url\":\"https:\\\/\\\/www.karaoketexty.cz\\\/magazin\\\/\",\"name\":\"Stars Magaz\u00edn Karaoketexty.cz\",\"description\":\"Stars Magaz\u00edn na Karaoketexty.cz je zam\u011b\u0159en\u00fd na novinky ze sv\u011bta hudby a celebrit. Obsahuje \u010dl\u00e1nky o zp\u011bv\u00e1c\u00edch, kapel\u00e1ch, nov\u00fdch albech, hudebn\u00edch trendech a dal\u0161\u00edch zaj\u00edmavostech z hudebn\u00edho pr\u016fmyslu.\",\"potentialAction\":[{\"@type\":\"SearchAction\",\"target\":{\"@type\":\"EntryPoint\",\"urlTemplate\":\"https:\\\/\\\/www.karaoketexty.cz\\\/magazin\\\/?s={search_term_string}\"},\"query-input\":{\"@type\":\"PropertyValueSpecification\",\"valueRequired\":true,\"valueName\":\"search_term_string\"}}],\"inLanguage\":\"cs\"},{\"@type\":\"Person\",\"@id\":\"https:\\\/\\\/www.karaoketexty.cz\\\/magazin\\\/#\\\/schema\\\/person\\\/37c0164a04038267c8a56ad6d60df749\",\"name\":\"Barbora Kop\u0159ivov\u00e1\",\"image\":{\"@type\":\"ImageObject\",\"inLanguage\":\"cs\",\"@id\":\"https:\\\/\\\/secure.gravatar.com\\\/avatar\\\/ad2ef9810228386d580851ef4bdde76abaa96054ff5b068c8873bc91afb2df84?s=96&d=mm&r=g\",\"url\":\"https:\\\/\\\/secure.gravatar.com\\\/avatar\\\/ad2ef9810228386d580851ef4bdde76abaa96054ff5b068c8873bc91afb2df84?s=96&d=mm&r=g\",\"contentUrl\":\"https:\\\/\\\/secure.gravatar.com\\\/avatar\\\/ad2ef9810228386d580851ef4bdde76abaa96054ff5b068c8873bc91afb2df84?s=96&d=mm&r=g\",\"caption\":\"Barbora Kop\u0159ivov\u00e1\"},\"url\":\"https:\\\/\\\/www.karaoketexty.cz\\\/magazin\\\/author\\\/barborakoprivova\\\/\"}]}<\/script>\n<!-- \/ Yoast SEO plugin. -->","yoast_head_json":{"title":"Zak\u00e1zan\u00e1, obdivovan\u00e1, nezlomn\u00e1, takov\u00e1 byla Eva Pilarov\u00e1","description":"Eva Pilarov\u00e1 byla jednou z nejv\u011bt\u0161\u00edch hv\u011bzd \u010desk\u00e9 estr\u00e1dy. Jen\u017ee za leskem p\u00f3dia se skr\u00fdval \u017eivot pln\u00fd ztr\u00e1t, z\u00e1kaz\u016f i t\u011b\u017ek\u00fdch voleb.","robots":{"index":"index","follow":"follow","max-snippet":"max-snippet:-1","max-image-preview":"max-image-preview:large","max-video-preview":"max-video-preview:-1"},"canonical":"https:\/\/www.karaoketexty.cz\/magazin\/eva-pilarova-pratelstvi-s-gottem-smrt-kolegu-pri-leteckem-nestesti-i-zakazy-od-rezimu\/","og_locale":"cs_CZ","og_type":"article","og_title":"Zak\u00e1zan\u00e1, obdivovan\u00e1, nezlomn\u00e1, takov\u00e1 byla Eva Pilarov\u00e1","og_description":"Eva Pilarov\u00e1 byla jednou z nejv\u011bt\u0161\u00edch hv\u011bzd \u010desk\u00e9 estr\u00e1dy. Jen\u017ee za leskem p\u00f3dia se skr\u00fdval \u017eivot pln\u00fd ztr\u00e1t, z\u00e1kaz\u016f i t\u011b\u017ek\u00fdch voleb.","og_url":"https:\/\/www.karaoketexty.cz\/magazin\/eva-pilarova-pratelstvi-s-gottem-smrt-kolegu-pri-leteckem-nestesti-i-zakazy-od-rezimu\/","og_site_name":"Stars Magaz\u00edn Karaoketexty.cz","article_published_time":"2026-09-01T03:39:00+00:00","og_image":[{"width":1200,"height":675,"url":"https:\/\/www.karaoketexty.cz\/magazin\/wp-content\/uploads\/2026\/08\/eva-pilarova.jpg","type":"image\/jpeg"}],"author":"Barbora Kop\u0159ivov\u00e1","twitter_card":"summary_large_image","twitter_misc":{"Napsal(a)":"Barbora Kop\u0159ivov\u00e1","Odhadovan\u00e1 doba \u010dten\u00ed":"4 minuty"},"schema":{"@context":"https:\/\/schema.org","@graph":[{"@type":"Article","@id":"https:\/\/www.karaoketexty.cz\/magazin\/eva-pilarova-pratelstvi-s-gottem-smrt-kolegu-pri-leteckem-nestesti-i-zakazy-od-rezimu\/#article","isPartOf":{"@id":"https:\/\/www.karaoketexty.cz\/magazin\/eva-pilarova-pratelstvi-s-gottem-smrt-kolegu-pri-leteckem-nestesti-i-zakazy-od-rezimu\/"},"author":{"name":"Barbora Kop\u0159ivov\u00e1","@id":"https:\/\/www.karaoketexty.cz\/magazin\/#\/schema\/person\/37c0164a04038267c8a56ad6d60df749"},"headline":"Eva Pilarov\u00e1: P\u0159\u00e1telstv\u00ed s Gottem, smrt koleg\u016f p\u0159i leteck\u00e9m ne\u0161t\u011bst\u00ed i z\u00e1kazy od re\u017eimu","datePublished":"2026-09-01T03:39:00+00:00","mainEntityOfPage":{"@id":"https:\/\/www.karaoketexty.cz\/magazin\/eva-pilarova-pratelstvi-s-gottem-smrt-kolegu-pri-leteckem-nestesti-i-zakazy-od-rezimu\/"},"wordCount":723,"commentCount":0,"image":{"@id":"https:\/\/www.karaoketexty.cz\/magazin\/eva-pilarova-pratelstvi-s-gottem-smrt-kolegu-pri-leteckem-nestesti-i-zakazy-od-rezimu\/#primaryimage"},"thumbnailUrl":"https:\/\/www.karaoketexty.cz\/magazin\/wp-content\/uploads\/2026\/08\/eva-pilarova.jpg","keywords":["70. l\u00e9ta","Anticharta","\u010desk\u00e1 hudba","duety","emigrace","Eva Pilarov\u00e1","hudebn\u00ed kari\u00e9ra","Karel Gott","Marta Kubi\u0161ov\u00e1","normalizace","Rakovina","Zlat\u00e9 slav\u00edky"],"articleSection":["Celebrity"],"inLanguage":"cs","potentialAction":[{"@type":"CommentAction","name":"Comment","target":["https:\/\/www.karaoketexty.cz\/magazin\/eva-pilarova-pratelstvi-s-gottem-smrt-kolegu-pri-leteckem-nestesti-i-zakazy-od-rezimu\/#respond"]}]},{"@type":"WebPage","@id":"https:\/\/www.karaoketexty.cz\/magazin\/eva-pilarova-pratelstvi-s-gottem-smrt-kolegu-pri-leteckem-nestesti-i-zakazy-od-rezimu\/","url":"https:\/\/www.karaoketexty.cz\/magazin\/eva-pilarova-pratelstvi-s-gottem-smrt-kolegu-pri-leteckem-nestesti-i-zakazy-od-rezimu\/","name":"Zak\u00e1zan\u00e1, obdivovan\u00e1, nezlomn\u00e1, takov\u00e1 byla Eva Pilarov\u00e1","isPartOf":{"@id":"https:\/\/www.karaoketexty.cz\/magazin\/#website"},"primaryImageOfPage":{"@id":"https:\/\/www.karaoketexty.cz\/magazin\/eva-pilarova-pratelstvi-s-gottem-smrt-kolegu-pri-leteckem-nestesti-i-zakazy-od-rezimu\/#primaryimage"},"image":{"@id":"https:\/\/www.karaoketexty.cz\/magazin\/eva-pilarova-pratelstvi-s-gottem-smrt-kolegu-pri-leteckem-nestesti-i-zakazy-od-rezimu\/#primaryimage"},"thumbnailUrl":"https:\/\/www.karaoketexty.cz\/magazin\/wp-content\/uploads\/2026\/08\/eva-pilarova.jpg","datePublished":"2026-09-01T03:39:00+00:00","author":{"@id":"https:\/\/www.karaoketexty.cz\/magazin\/#\/schema\/person\/37c0164a04038267c8a56ad6d60df749"},"description":"Eva Pilarov\u00e1 byla jednou z nejv\u011bt\u0161\u00edch hv\u011bzd \u010desk\u00e9 estr\u00e1dy. Jen\u017ee za leskem p\u00f3dia se skr\u00fdval \u017eivot pln\u00fd ztr\u00e1t, z\u00e1kaz\u016f i t\u011b\u017ek\u00fdch voleb.","breadcrumb":{"@id":"https:\/\/www.karaoketexty.cz\/magazin\/eva-pilarova-pratelstvi-s-gottem-smrt-kolegu-pri-leteckem-nestesti-i-zakazy-od-rezimu\/#breadcrumb"},"inLanguage":"cs","potentialAction":[{"@type":"ReadAction","target":["https:\/\/www.karaoketexty.cz\/magazin\/eva-pilarova-pratelstvi-s-gottem-smrt-kolegu-pri-leteckem-nestesti-i-zakazy-od-rezimu\/"]}]},{"@type":"ImageObject","inLanguage":"cs","@id":"https:\/\/www.karaoketexty.cz\/magazin\/eva-pilarova-pratelstvi-s-gottem-smrt-kolegu-pri-leteckem-nestesti-i-zakazy-od-rezimu\/#primaryimage","url":"https:\/\/www.karaoketexty.cz\/magazin\/wp-content\/uploads\/2026\/08\/eva-pilarova.jpg","contentUrl":"https:\/\/www.karaoketexty.cz\/magazin\/wp-content\/uploads\/2026\/08\/eva-pilarova.jpg","width":1200,"height":675,"caption":"Fotografie: Nextfoto, Eva Pilarov\u00e1"},{"@type":"BreadcrumbList","@id":"https:\/\/www.karaoketexty.cz\/magazin\/eva-pilarova-pratelstvi-s-gottem-smrt-kolegu-pri-leteckem-nestesti-i-zakazy-od-rezimu\/#breadcrumb","itemListElement":[{"@type":"ListItem","position":1,"name":"Dom\u016f","item":"https:\/\/www.karaoketexty.cz\/magazin\/"},{"@type":"ListItem","position":2,"name":"Eva Pilarov\u00e1: P\u0159\u00e1telstv\u00ed s Gottem, smrt koleg\u016f p\u0159i leteck\u00e9m ne\u0161t\u011bst\u00ed i z\u00e1kazy od re\u017eimu"}]},{"@type":"WebSite","@id":"https:\/\/www.karaoketexty.cz\/magazin\/#website","url":"https:\/\/www.karaoketexty.cz\/magazin\/","name":"Stars Magaz\u00edn Karaoketexty.cz","description":"Stars Magaz\u00edn na Karaoketexty.cz je zam\u011b\u0159en\u00fd na novinky ze sv\u011bta hudby a celebrit. Obsahuje \u010dl\u00e1nky o zp\u011bv\u00e1c\u00edch, kapel\u00e1ch, nov\u00fdch albech, hudebn\u00edch trendech a dal\u0161\u00edch zaj\u00edmavostech z hudebn\u00edho pr\u016fmyslu.","potentialAction":[{"@type":"SearchAction","target":{"@type":"EntryPoint","urlTemplate":"https:\/\/www.karaoketexty.cz\/magazin\/?s={search_term_string}"},"query-input":{"@type":"PropertyValueSpecification","valueRequired":true,"valueName":"search_term_string"}}],"inLanguage":"cs"},{"@type":"Person","@id":"https:\/\/www.karaoketexty.cz\/magazin\/#\/schema\/person\/37c0164a04038267c8a56ad6d60df749","name":"Barbora Kop\u0159ivov\u00e1","image":{"@type":"ImageObject","inLanguage":"cs","@id":"https:\/\/secure.gravatar.com\/avatar\/ad2ef9810228386d580851ef4bdde76abaa96054ff5b068c8873bc91afb2df84?s=96&d=mm&r=g","url":"https:\/\/secure.gravatar.com\/avatar\/ad2ef9810228386d580851ef4bdde76abaa96054ff5b068c8873bc91afb2df84?s=96&d=mm&r=g","contentUrl":"https:\/\/secure.gravatar.com\/avatar\/ad2ef9810228386d580851ef4bdde76abaa96054ff5b068c8873bc91afb2df84?s=96&d=mm&r=g","caption":"Barbora Kop\u0159ivov\u00e1"},"url":"https:\/\/www.karaoketexty.cz\/magazin\/author\/barborakoprivova\/"}]}},"_links":{"self":[{"href":"https:\/\/www.karaoketexty.cz\/magazin\/wp-json\/wp\/v2\/posts\/17537","targetHints":{"allow":["GET"]}}],"collection":[{"href":"https:\/\/www.karaoketexty.cz\/magazin\/wp-json\/wp\/v2\/posts"}],"about":[{"href":"https:\/\/www.karaoketexty.cz\/magazin\/wp-json\/wp\/v2\/types\/post"}],"author":[{"embeddable":true,"href":"https:\/\/www.karaoketexty.cz\/magazin\/wp-json\/wp\/v2\/users\/4"}],"replies":[{"embeddable":true,"href":"https:\/\/www.karaoketexty.cz\/magazin\/wp-json\/wp\/v2\/comments?post=17537"}],"version-history":[{"count":5,"href":"https:\/\/www.karaoketexty.cz\/magazin\/wp-json\/wp\/v2\/posts\/17537\/revisions"}],"predecessor-version":[{"id":18815,"href":"https:\/\/www.karaoketexty.cz\/magazin\/wp-json\/wp\/v2\/posts\/17537\/revisions\/18815"}],"wp:featuredmedia":[{"embeddable":true,"href":"https:\/\/www.karaoketexty.cz\/magazin\/wp-json\/wp\/v2\/media\/17539"}],"wp:attachment":[{"href":"https:\/\/www.karaoketexty.cz\/magazin\/wp-json\/wp\/v2\/media?parent=17537"}],"wp:term":[{"taxonomy":"category","embeddable":true,"href":"https:\/\/www.karaoketexty.cz\/magazin\/wp-json\/wp\/v2\/categories?post=17537"},{"taxonomy":"post_tag","embeddable":true,"href":"https:\/\/www.karaoketexty.cz\/magazin\/wp-json\/wp\/v2\/tags?post=17537"}],"curies":[{"name":"wp","href":"https:\/\/api.w.org\/{rel}","templated":true}]}}