{"id":17525,"date":"2026-09-01T09:47:00","date_gmt":"2026-09-01T07:47:00","guid":{"rendered":"https:\/\/www.karaoketexty.cz\/magazin\/?p=17525"},"modified":"2026-08-31T16:46:28","modified_gmt":"2026-08-31T14:46:28","slug":"vojta-kotek-rozjel-v-karlovych-varech-rockovou-show-na-kterou-hoste-dlouho-nezapomenou","status":"publish","type":"post","link":"https:\/\/www.karaoketexty.cz\/magazin\/vojta-kotek-rozjel-v-karlovych-varech-rockovou-show-na-kterou-hoste-dlouho-nezapomenou\/","title":{"rendered":"Vojta Kotek rozjel v Karlov\u00fdch Varech rockovou show, na kterou host\u00e9 dlouho nezapomenou"},"content":{"rendered":"\n<p class=\"wp-block-paragraph\"><strong>Vojta Kotek, kter\u00e9ho v\u011bt\u0161ina lid\u00ed zn\u00e1 z film\u016f Snowboar\u010f\u00e1ci nebo Raf\u0165\u00e1ci, rozjel na KVIFF 2026 po\u0159\u00e1dnou rockovou show. S kapelou Th!s zah\u0159\u00e1l publikum v Mattoni Life Baru a na p\u00f3diu byl jako doma.<\/strong><\/p>\n\n\n\n<p class=\"wp-block-paragraph\">Vojtu Kotka v\u011bt\u0161ina lid\u00ed zn\u00e1 p\u0159edev\u0161\u00edm jako herce, re\u017eis\u00e9ra nebo moder\u00e1tora. Jeho um\u011bleck\u00fd z\u00e1b\u011br je ale podstatn\u011b \u0161ir\u0161\u00ed a hudba do n\u011bj pat\u0159\u00ed u\u017e od dosp\u00edv\u00e1n\u00ed. Kotek ostatn\u011b nikdy nebyl typem \u010dlov\u011bka, kter\u00fd by se spokojil s jednou profes\u00ed. Vedle kamery a divadla se dlouhodob\u011b v\u011bnuje tak\u00e9 muzice a na baskytaru hraje v rockov\u00e9 kapele Th!s. Na p\u00f3diu se p\u0159itom ukazuje trochu jin\u00fd Kotek ne\u017e ten, kter\u00e9ho div\u00e1ci znaj\u00ed z televizn\u00edch obrazovek. Na Karaoketexty jsme se zam\u011b\u0159ili na jejich vystoupen\u00ed v Karlov\u00fdch Varech i historii kapely.<\/p>\n\n\n<!-- karaoketexty.cz \/ rectangle2 -->\n<div id=\"PX_37086_709110796310826\"><\/div>\n<script>\n   if(!useMobileAds && !boolUseSeznamAds && !hideAllAds){\n     window.px2 = window.px2 || { conf: {},queue: [] };\n     px2.queue.push(function () {\n        px2.render({\n           slot: {\n              id: 37086\n           },\n            elem: \"PX_37086_709110796310826\"\n        })\n     });\n  }\n<\/script>\n\n<!-- karaoketexty.cz \/ mobile-rectangle3 -->\n<div id=\"PX_37044_714599773297004\"><\/div>\n<script>\n   if(useMobileAds && !boolUseSeznamAds && !hideAllAds){\nwindow.px2 = window.px2 || { conf: {},queue: [] };\npx2.queue.push(function () {\n\tpx2.render({\n\t\tslot: {\n\t\t\tid: 37044\n\t\t},\n\t\telem: \"PX_37044_714599773297004\"\n\t})\n});\n}\n<\/script>\n\n\n<h2 class=\"wp-block-heading\">Ve Varech to po\u0159\u00e1dn\u011b rozjeli<\/h2>\n\n\n\n<p class=\"wp-block-paragraph\">T\u0159et\u00ed festivalov\u00fd ve\u010der KVIFF 2026 pat\u0159il mimo jin\u00e9 pr\u00e1v\u011b kapele Th!s, v n\u00ed\u017e Kotek hraje na baskytaru. Koncert se odehr\u00e1l v Mattoni Life Baru a s\u00e1l byl pln\u00fd do posledn\u00edho m\u00edsta. Kotek se na jevi\u0161ti dr\u017eel s jistotou, p\u016fsobil uvoln\u011bn\u011b a do hledi\u0161t\u011b pos\u00edlal paroh\u00e1\u010de.<\/p>\n\n\n\n<p class=\"wp-block-paragraph\">V jednu chv\u00edli si s\u00e1m r\u00fdpl do publika pozn\u00e1mkou, \u017ee mezi div\u00e1ky se nach\u00e1z\u00ed Jakub Pracha\u0159 a \u017ee jejich rock&#8217;n&#8217;roll \u00fadajn\u011b nen\u00ed \u00fapln\u011b jeho \u0161\u00e1lek \u010daje. S\u00e1l se zasm\u00e1l bez v\u00e1h\u00e1n\u00ed.&nbsp;Po Th!s nastoupili Chinaski, kte\u0159\u00ed jsou na karlovarsk\u00e9m festivalu u\u017e skoro st\u00e1lic\u00ed. Div\u00e1ci si tak b\u011bhem jednoho ve\u010dera vyslechli dv\u011b dost odli\u0161n\u00e9 kapely.<\/p>\n\n\n<!-- karaoketexty.cz \/ interscroller1 -->\n\n<div id=\"PX_37041_825057871452834\"><\/div>\n<script>\nif(useMobileAds && !boolUseSeznamAds && !hideAllAds){\n\twindow.px2 = window.px2 || { conf: {},queue: [] };\n\tpx2.queue.push(function () {\n\t\tpx2.render({\n\t\t\tslot: {\n\t\t\t\tid: 37041\n\t\t\t},\n\t\t\telem: \"PX_37041_825057871452834\"\n\t\t})\n\t});\n}\n<\/script>\n\n\n<h2 class=\"wp-block-heading\">Maminka ho nutila do klav\u00edru, skon\u010dil u basy se \u010dty\u0159mi strunami<\/h2>\n\n\n\n<p class=\"wp-block-paragraph\">Kotek v rozhovoru pro eXtra.cz otev\u0159en\u011b p\u0159iznal, \u017ee jeho vztah k hudb\u011b neza\u010dal zrovna idylicky. Maminka ho jako mal\u00e9ho nutila ke h\u0159e na klav\u00edr, co\u017e ho podle vlastn\u00edch slov v\u016fbec nebavilo. Zkusil i kytaru, ale ani to nebyla \u00fapln\u011b trefa do \u010dern\u00e9ho.&nbsp;Kapelu Th!s nakonec dal dohromady s kamar\u00e1dy, kter\u00e9 zn\u00e1 od d\u011btstv\u00ed.&nbsp;<\/p>\n\n\n\n<p class=\"wp-block-paragraph\">Nejd\u0159\u00edv v n\u00ed hr\u00e1l na kytaru. Pak ale p\u0159ibyl schopn\u011bj\u0161\u00ed kytarista a Kotek p\u0159e\u0161el na baskytaru. <em>\u201eM\u00e1 jen \u010dty\u0159i struny, ne \u0161est, tak\u017ee je to jednodu\u0161\u0161\u00ed,<\/em>\u201c \u0159ekl s nads\u00e1zkou. Hned nato ale dodal n\u011bco, co p\u016fsob\u00ed sp\u00ed\u0161 up\u0159\u00edmn\u011b ne\u017e efektn\u011b: bav\u00ed ho ten okam\u017eik, kdy v\u00edc lid\u00ed d\u011bl\u00e1 hudbu najednou, ve stejnou chv\u00edli.&nbsp;Na p\u00f3diu KVIFF 2026 to bylo zn\u00e1t. P\u016fsobil tam p\u0159irozen\u011b a bylo vid\u011bt, \u017ee si vystoupen\u00ed opravdu u\u017e\u00edv\u00e1.<\/p>\n\n\n\n<h2 class=\"wp-block-heading\">Jak vznikli Th!s<\/h2>\n\n\n\n<p class=\"wp-block-paragraph\">Ko\u0159eny Th!s sahaj\u00ed konkr\u00e9tn\u011b a\u017e do roku 2005, kdy Kotek spole\u010dn\u011b s kamar\u00e1dem Janem Mel\u00ed\u0161kem zalo\u017eil kapelu R.O.H.lick. Kluci se znali u\u017e ze z\u00e1kladn\u00ed \u0161koly a p\u016fvodn\u011b za\u010d\u00ednali ve sklep\u011b u kamar\u00e1da. Jejich prvn\u00ed velkou zku\u0161enost\u00ed bylo dokonce turn\u00e9 k filmu Snowboar\u010f\u00e1ci, na kter\u00e9m Kotek tehdy hr\u00e1l jednu z hlavn\u00edch rol\u00ed. Jen\u017ee obrovsk\u00e1 pozornost, kterou kapela kv\u016fli jeho popularit\u011b dost\u00e1vala, nebyla p\u0159\u00edjemn\u00e1. Necht\u011bl, aby lid\u00e9 chodili na koncerty jen proto, \u017ee v n\u00ed hraje zn\u00e1m\u00fd herec.<\/p>\n\n\n\n<iframe title=\"TH!S - Wooden She (Official Music Video)\" width=\"500\" height=\"281\" src=\"https:\/\/www.youtube.com\/embed\/fm2jguo9k-k?feature=oembed\" frameborder=\"0\" allow=\"accelerometer; autoplay; clipboard-write; encrypted-media; gyroscope; picture-in-picture; web-share\" referrerpolicy=\"strict-origin-when-cross-origin\" allowfullscreen><\/iframe>\n\n\n\n<p class=\"wp-block-paragraph\">Kapela se proto na \u010das st\u00e1hla a n\u011bkolik let fungovala sp\u00ed\u0161 jako parta kamar\u00e1d\u016f, kter\u00e1 hr\u00e1la p\u0159evzat\u00e9 p\u00edsni\u010dky na ve\u010d\u00edrc\u00edch a v men\u0161\u00edch klubech. Vystupovali tehdy pod n\u00e1zvem Zevl\u00e1ky. Zlom p\u0159i\u0161el v roce 2015, kdy dostali nab\u00eddku p\u0159edskakovat Wohnout\u016fm. Rozhodli se proto opr\u00e1\u0161it vlastn\u00ed tvorbu a vznikli Th!s, jak je zn\u00e1me dnes. Prvn\u00ed EP We Are Th!s vydali v roce 2017. Hudebn\u011b se dr\u017e\u00ed syrov\u00e9ho rock&#8217;n&#8217;rollu inspirovan\u00e9ho p\u0159edev\u0161\u00edm americk\u00fdm rockem 70. let a sami zd\u016fraz\u0148uj\u00ed, \u017ee necht\u011bj\u00ed stav\u011bt na modern\u00edch studiov\u00fdch tric\u00edch, ale na energii \u017eiv\u00e9 kapely.<\/p>\n\n\n\n<p class=\"wp-block-paragraph\">Kotek s\u00e1m opakovan\u011b zd\u016fraz\u0148uje, \u017ee Th!s nejsou \u201eVojta Kotek a jeho kapela\u201c. Frontmanem je Jan Mel\u00ed\u0161ek a Kotek je baskytarista. Jezd\u00ed ve \u010dty\u0159ech v dod\u00e1vce, bez bed\u0148\u00e1k\u016f, bez zvuka\u0159e, bez ciz\u00edch lid\u00ed. Kdy\u017e jim cestou do Var\u016f vypadly bo\u010dn\u00ed dve\u0159e od dod\u00e1vky, prost\u011b je zav\u0159eli a jeli d\u00e1l. Na tom v\u0161em je hezky vid\u011bt, \u017ee Kotek hudbu bere jako vlastn\u00ed sv\u011bt, kter\u00fd nechce automaticky stav\u011bt na sv\u00e9 hereck\u00e9 popularit\u011b.<\/p>\n\n\n\n<p class=\"wp-block-paragraph\">Zdroj: Autorsk\u00fd text, <a href=\"https:\/\/www.ireport.cz\/fotoreporty\/this-rozjeli-treti-festivalovy-den-v-karlovych-varech-chinaski-bavili-svymi-nejvetsimi-hity\" target=\"_blank\" rel=\"nofollow\">iREPORT<\/a>, <a href=\"https:\/\/www.extra.cz\/vojta-kotek-sel-s-pravdou-ven-prvni-koncert-oznacil-za-tragedii-ve-varech-resil-maler-21ebe\" target=\"_blank\" rel=\"nofollow\">eXtra.cz<\/a>, <a href=\"https:\/\/www.novinky.cz\/clanek\/kultura-vojta-kotek-kapela-th-s-je-pro-me-kontakt-s-detstvim-a-mladim-40365547\" target=\"_blank\" rel=\"noreferrer noopener nofollow\">Novinky<\/a><\/p>\n\n\n            <a href=\"https:\/\/www.karaoketexty.cz\/magazin\/fanynky-silely-vojta-kotek-rozjel-v-karlovych-varech-poradnou-rockovou-show\/\" class=\"related-post-link\">\n                <div class=\"post-thumbnail\">\n                    <img decoding=\"async\" width=\"237\" height=\"180\" src=\"https:\/\/www.karaoketexty.cz\/magazin\/wp-content\/uploads\/2026\/08\/Vojtech-Kotek-ve-smokingu.png\" class=\"attachment-250x180 size-250x180 has-transparency\" alt=\"Vojt\u011bch Kotek\" srcset=\"https:\/\/www.karaoketexty.cz\/magazin\/wp-content\/uploads\/2026\/08\/Vojtech-Kotek-ve-smokingu.png 1200w, https:\/\/www.karaoketexty.cz\/magazin\/wp-content\/uploads\/2026\/08\/Vojtech-Kotek-ve-smokingu-300x228.png 300w, https:\/\/www.karaoketexty.cz\/magazin\/wp-content\/uploads\/2026\/08\/Vojtech-Kotek-ve-smokingu-1024x779.png 1024w, https:\/\/www.karaoketexty.cz\/magazin\/wp-content\/uploads\/2026\/08\/Vojtech-Kotek-ve-smokingu-768x584.png 768w\" sizes=\"(max-width: 237px) 100vw, 237px\" data-has-transparency=\"true\" data-dominant-color=\"543b3a\" style=\"--dominant-color: #543b3a;\" \/>                <\/div>\n                <div class=\"post-details\">\n                    <span class=\"also-read\">\u010ct\u011bte tak\u00e9:<\/span>\n                    <h3 class=\"hed\">Fanynky \u0161\u00edlely: Vojta Kotek rozjel v Karlov\u00fdch Varech po\u0159\u00e1dnou rockovou show<\/h3>\n                <\/div>\n            <\/a>\n            \n\n            <a href=\"https:\/\/www.karaoketexty.cz\/magazin\/chinaski-miri-do-prahy-specialni-koncert-slibuje-vic-nez-jen-obvykly-set\/\" class=\"related-post-link\">\n                <div class=\"post-thumbnail\">\n                    <img decoding=\"async\" width=\"250\" height=\"141\" src=\"https:\/\/www.karaoketexty.cz\/magazin\/wp-content\/uploads\/2026\/08\/chinaski.jpg\" class=\"attachment-250x180 size-250x180 not-transparent\" alt=\"Chinaski\" srcset=\"https:\/\/www.karaoketexty.cz\/magazin\/wp-content\/uploads\/2026\/08\/chinaski.jpg 1200w, https:\/\/www.karaoketexty.cz\/magazin\/wp-content\/uploads\/2026\/08\/chinaski-300x169.jpg 300w, https:\/\/www.karaoketexty.cz\/magazin\/wp-content\/uploads\/2026\/08\/chinaski-1024x576.jpg 1024w, https:\/\/www.karaoketexty.cz\/magazin\/wp-content\/uploads\/2026\/08\/chinaski-768x432.jpg 768w, https:\/\/www.karaoketexty.cz\/magazin\/wp-content\/uploads\/2026\/08\/chinaski-800x450.jpg 800w\" sizes=\"(max-width: 250px) 100vw, 250px\" data-has-transparency=\"false\" data-dominant-color=\"474146\" style=\"--dominant-color: #474146;\" \/>                <\/div>\n                <div class=\"post-details\">\n                    <span class=\"also-read\">\u010ct\u011bte tak\u00e9:<\/span>\n                    <h3 class=\"hed\">Chinaski m\u00ed\u0159\u00ed do Prahy. Speci\u00e1ln\u00ed koncert slibuje v\u00edc ne\u017e jen obvykl\u00fd set<\/h3>\n                <\/div>\n            <\/a>\n            ","protected":false},"excerpt":{"rendered":"<p>Vojta Kotek, kter\u00e9ho v\u011bt\u0161ina lid\u00ed zn\u00e1 z film\u016f Snowboar\u010f\u00e1ci nebo Raf\u0165\u00e1ci, rozjel na KVIFF 2026 po\u0159\u00e1dnou rockovou show. S kapelou Th!s zah\u0159\u00e1l publikum v Mattoni Life Baru a na p\u00f3diu byl jako doma.<\/p>\n","protected":false},"author":4,"featured_media":17527,"comment_status":"open","ping_status":"closed","sticky":false,"template":"","format":"standard","meta":{"footnotes":""},"categories":[1059],"tags":[5578,702,11307,4019,10619,11107,408,3226,11106,10618,5214],"class_list":["post-17525","post","type-post","status-publish","format-standard","has-post-thumbnail","hentry","category-celebrity","tag-chinaski","tag-hudebni-festival","tag-jan-melisek","tag-karlovy-vary","tag-kviff-2026","tag-raftaci","tag-rock","tag-rocknroll","tag-snowboardaci","tag-ths","tag-vojta-kotek"],"yoast_head":"<!-- This site is optimized with the Yoast SEO plugin v28.3 - https:\/\/yoast.com\/product\/yoast-seo-wordpress\/ -->\n<title>Vojta Kotek v\u00e1l\u00ed i v rockov\u00e9 kapele Th!s<\/title>\n<meta name=\"description\" content=\"Herec Vojta Kotek vystoupil s kapelou Th!s na filmov\u00e9m festivalu v Karlov\u00fdch Varech. Co prozradil o hudebn\u00edch za\u010d\u00e1tc\u00edch?\" \/>\n<meta name=\"robots\" content=\"index, follow, max-snippet:-1, max-image-preview:large, max-video-preview:-1\" \/>\n<link rel=\"canonical\" href=\"https:\/\/www.karaoketexty.cz\/magazin\/vojta-kotek-rozjel-v-karlovych-varech-rockovou-show-na-kterou-hoste-dlouho-nezapomenou\/\" \/>\n<meta property=\"og:locale\" content=\"cs_CZ\" \/>\n<meta property=\"og:type\" content=\"article\" \/>\n<meta property=\"og:title\" content=\"Vojta Kotek v\u00e1l\u00ed i v rockov\u00e9 kapele Th!s\" \/>\n<meta property=\"og:description\" content=\"Herec Vojta Kotek vystoupil s kapelou Th!s na filmov\u00e9m festivalu v Karlov\u00fdch Varech. Co prozradil o hudebn\u00edch za\u010d\u00e1tc\u00edch?\" \/>\n<meta property=\"og:url\" content=\"https:\/\/www.karaoketexty.cz\/magazin\/vojta-kotek-rozjel-v-karlovych-varech-rockovou-show-na-kterou-hoste-dlouho-nezapomenou\/\" \/>\n<meta property=\"og:site_name\" content=\"Stars Magaz\u00edn Karaoketexty.cz\" \/>\n<meta property=\"article:published_time\" content=\"2026-09-01T07:47:00+00:00\" \/>\n<meta property=\"og:image\" content=\"https:\/\/www.karaoketexty.cz\/magazin\/wp-content\/uploads\/2026\/08\/vojtech-kotek.jpg\" \/>\n\t<meta property=\"og:image:width\" content=\"1200\" \/>\n\t<meta property=\"og:image:height\" content=\"675\" \/>\n\t<meta property=\"og:image:type\" content=\"image\/jpeg\" \/>\n<meta name=\"author\" content=\"Barbora Kop\u0159ivov\u00e1\" \/>\n<meta name=\"twitter:card\" content=\"summary_large_image\" \/>\n<meta name=\"twitter:label1\" content=\"Napsal(a)\" \/>\n\t<meta name=\"twitter:data1\" content=\"Barbora Kop\u0159ivov\u00e1\" \/>\n\t<meta name=\"twitter:label2\" content=\"Odhadovan\u00e1 doba \u010dten\u00ed\" \/>\n\t<meta name=\"twitter:data2\" content=\"4 minuty\" \/>\n<script type=\"application\/ld+json\" class=\"yoast-schema-graph\">{\"@context\":\"https:\\\/\\\/schema.org\",\"@graph\":[{\"@type\":\"Article\",\"@id\":\"https:\\\/\\\/www.karaoketexty.cz\\\/magazin\\\/vojta-kotek-rozjel-v-karlovych-varech-rockovou-show-na-kterou-hoste-dlouho-nezapomenou\\\/#article\",\"isPartOf\":{\"@id\":\"https:\\\/\\\/www.karaoketexty.cz\\\/magazin\\\/vojta-kotek-rozjel-v-karlovych-varech-rockovou-show-na-kterou-hoste-dlouho-nezapomenou\\\/\"},\"author\":{\"name\":\"Barbora Kop\u0159ivov\u00e1\",\"@id\":\"https:\\\/\\\/www.karaoketexty.cz\\\/magazin\\\/#\\\/schema\\\/person\\\/37c0164a04038267c8a56ad6d60df749\"},\"headline\":\"Vojta Kotek rozjel v Karlov\u00fdch Varech rockovou show, na kterou host\u00e9 dlouho nezapomenou\",\"datePublished\":\"2026-09-01T07:47:00+00:00\",\"mainEntityOfPage\":{\"@id\":\"https:\\\/\\\/www.karaoketexty.cz\\\/magazin\\\/vojta-kotek-rozjel-v-karlovych-varech-rockovou-show-na-kterou-hoste-dlouho-nezapomenou\\\/\"},\"wordCount\":806,\"commentCount\":0,\"image\":{\"@id\":\"https:\\\/\\\/www.karaoketexty.cz\\\/magazin\\\/vojta-kotek-rozjel-v-karlovych-varech-rockovou-show-na-kterou-hoste-dlouho-nezapomenou\\\/#primaryimage\"},\"thumbnailUrl\":\"https:\\\/\\\/www.karaoketexty.cz\\\/magazin\\\/wp-content\\\/uploads\\\/2026\\\/08\\\/vojtech-kotek.jpg\",\"keywords\":[\"Chinaski\",\"hudebn\u00ed festival\",\"Jan Mel\u00ed\u0161ek\",\"Karlovy Vary\",\"KVIFF 2026\",\"Raf\u0165\u00e1ci\",\"rock\",\"rock\u2019n\u2019roll\",\"Snowboar\u010f\u00e1ci\",\"Th!s\",\"Vojta Kotek\"],\"articleSection\":[\"Celebrity\"],\"inLanguage\":\"cs\",\"potentialAction\":[{\"@type\":\"CommentAction\",\"name\":\"Comment\",\"target\":[\"https:\\\/\\\/www.karaoketexty.cz\\\/magazin\\\/vojta-kotek-rozjel-v-karlovych-varech-rockovou-show-na-kterou-hoste-dlouho-nezapomenou\\\/#respond\"]}]},{\"@type\":\"WebPage\",\"@id\":\"https:\\\/\\\/www.karaoketexty.cz\\\/magazin\\\/vojta-kotek-rozjel-v-karlovych-varech-rockovou-show-na-kterou-hoste-dlouho-nezapomenou\\\/\",\"url\":\"https:\\\/\\\/www.karaoketexty.cz\\\/magazin\\\/vojta-kotek-rozjel-v-karlovych-varech-rockovou-show-na-kterou-hoste-dlouho-nezapomenou\\\/\",\"name\":\"Vojta Kotek v\u00e1l\u00ed i v rockov\u00e9 kapele Th!s\",\"isPartOf\":{\"@id\":\"https:\\\/\\\/www.karaoketexty.cz\\\/magazin\\\/#website\"},\"primaryImageOfPage\":{\"@id\":\"https:\\\/\\\/www.karaoketexty.cz\\\/magazin\\\/vojta-kotek-rozjel-v-karlovych-varech-rockovou-show-na-kterou-hoste-dlouho-nezapomenou\\\/#primaryimage\"},\"image\":{\"@id\":\"https:\\\/\\\/www.karaoketexty.cz\\\/magazin\\\/vojta-kotek-rozjel-v-karlovych-varech-rockovou-show-na-kterou-hoste-dlouho-nezapomenou\\\/#primaryimage\"},\"thumbnailUrl\":\"https:\\\/\\\/www.karaoketexty.cz\\\/magazin\\\/wp-content\\\/uploads\\\/2026\\\/08\\\/vojtech-kotek.jpg\",\"datePublished\":\"2026-09-01T07:47:00+00:00\",\"author\":{\"@id\":\"https:\\\/\\\/www.karaoketexty.cz\\\/magazin\\\/#\\\/schema\\\/person\\\/37c0164a04038267c8a56ad6d60df749\"},\"description\":\"Herec Vojta Kotek vystoupil s kapelou Th!s na filmov\u00e9m festivalu v Karlov\u00fdch Varech. Co prozradil o hudebn\u00edch za\u010d\u00e1tc\u00edch?\",\"breadcrumb\":{\"@id\":\"https:\\\/\\\/www.karaoketexty.cz\\\/magazin\\\/vojta-kotek-rozjel-v-karlovych-varech-rockovou-show-na-kterou-hoste-dlouho-nezapomenou\\\/#breadcrumb\"},\"inLanguage\":\"cs\",\"potentialAction\":[{\"@type\":\"ReadAction\",\"target\":[\"https:\\\/\\\/www.karaoketexty.cz\\\/magazin\\\/vojta-kotek-rozjel-v-karlovych-varech-rockovou-show-na-kterou-hoste-dlouho-nezapomenou\\\/\"]}]},{\"@type\":\"ImageObject\",\"inLanguage\":\"cs\",\"@id\":\"https:\\\/\\\/www.karaoketexty.cz\\\/magazin\\\/vojta-kotek-rozjel-v-karlovych-varech-rockovou-show-na-kterou-hoste-dlouho-nezapomenou\\\/#primaryimage\",\"url\":\"https:\\\/\\\/www.karaoketexty.cz\\\/magazin\\\/wp-content\\\/uploads\\\/2026\\\/08\\\/vojtech-kotek.jpg\",\"contentUrl\":\"https:\\\/\\\/www.karaoketexty.cz\\\/magazin\\\/wp-content\\\/uploads\\\/2026\\\/08\\\/vojtech-kotek.jpg\",\"width\":1200,\"height\":675,\"caption\":\"Fotografie: Nextfoto, Vojta Kotek\"},{\"@type\":\"BreadcrumbList\",\"@id\":\"https:\\\/\\\/www.karaoketexty.cz\\\/magazin\\\/vojta-kotek-rozjel-v-karlovych-varech-rockovou-show-na-kterou-hoste-dlouho-nezapomenou\\\/#breadcrumb\",\"itemListElement\":[{\"@type\":\"ListItem\",\"position\":1,\"name\":\"Dom\u016f\",\"item\":\"https:\\\/\\\/www.karaoketexty.cz\\\/magazin\\\/\"},{\"@type\":\"ListItem\",\"position\":2,\"name\":\"Vojta Kotek rozjel v Karlov\u00fdch Varech rockovou show, na kterou host\u00e9 dlouho nezapomenou\"}]},{\"@type\":\"WebSite\",\"@id\":\"https:\\\/\\\/www.karaoketexty.cz\\\/magazin\\\/#website\",\"url\":\"https:\\\/\\\/www.karaoketexty.cz\\\/magazin\\\/\",\"name\":\"Stars Magaz\u00edn Karaoketexty.cz\",\"description\":\"Stars Magaz\u00edn na Karaoketexty.cz je zam\u011b\u0159en\u00fd na novinky ze sv\u011bta hudby a celebrit. Obsahuje \u010dl\u00e1nky o zp\u011bv\u00e1c\u00edch, kapel\u00e1ch, nov\u00fdch albech, hudebn\u00edch trendech a dal\u0161\u00edch zaj\u00edmavostech z hudebn\u00edho pr\u016fmyslu.\",\"potentialAction\":[{\"@type\":\"SearchAction\",\"target\":{\"@type\":\"EntryPoint\",\"urlTemplate\":\"https:\\\/\\\/www.karaoketexty.cz\\\/magazin\\\/?s={search_term_string}\"},\"query-input\":{\"@type\":\"PropertyValueSpecification\",\"valueRequired\":true,\"valueName\":\"search_term_string\"}}],\"inLanguage\":\"cs\"},{\"@type\":\"Person\",\"@id\":\"https:\\\/\\\/www.karaoketexty.cz\\\/magazin\\\/#\\\/schema\\\/person\\\/37c0164a04038267c8a56ad6d60df749\",\"name\":\"Barbora Kop\u0159ivov\u00e1\",\"image\":{\"@type\":\"ImageObject\",\"inLanguage\":\"cs\",\"@id\":\"https:\\\/\\\/secure.gravatar.com\\\/avatar\\\/ad2ef9810228386d580851ef4bdde76abaa96054ff5b068c8873bc91afb2df84?s=96&d=mm&r=g\",\"url\":\"https:\\\/\\\/secure.gravatar.com\\\/avatar\\\/ad2ef9810228386d580851ef4bdde76abaa96054ff5b068c8873bc91afb2df84?s=96&d=mm&r=g\",\"contentUrl\":\"https:\\\/\\\/secure.gravatar.com\\\/avatar\\\/ad2ef9810228386d580851ef4bdde76abaa96054ff5b068c8873bc91afb2df84?s=96&d=mm&r=g\",\"caption\":\"Barbora Kop\u0159ivov\u00e1\"},\"url\":\"https:\\\/\\\/www.karaoketexty.cz\\\/magazin\\\/author\\\/barborakoprivova\\\/\"}]}<\/script>\n<!-- \/ Yoast SEO plugin. -->","yoast_head_json":{"title":"Vojta Kotek v\u00e1l\u00ed i v rockov\u00e9 kapele Th!s","description":"Herec Vojta Kotek vystoupil s kapelou Th!s na filmov\u00e9m festivalu v Karlov\u00fdch Varech. Co prozradil o hudebn\u00edch za\u010d\u00e1tc\u00edch?","robots":{"index":"index","follow":"follow","max-snippet":"max-snippet:-1","max-image-preview":"max-image-preview:large","max-video-preview":"max-video-preview:-1"},"canonical":"https:\/\/www.karaoketexty.cz\/magazin\/vojta-kotek-rozjel-v-karlovych-varech-rockovou-show-na-kterou-hoste-dlouho-nezapomenou\/","og_locale":"cs_CZ","og_type":"article","og_title":"Vojta Kotek v\u00e1l\u00ed i v rockov\u00e9 kapele Th!s","og_description":"Herec Vojta Kotek vystoupil s kapelou Th!s na filmov\u00e9m festivalu v Karlov\u00fdch Varech. Co prozradil o hudebn\u00edch za\u010d\u00e1tc\u00edch?","og_url":"https:\/\/www.karaoketexty.cz\/magazin\/vojta-kotek-rozjel-v-karlovych-varech-rockovou-show-na-kterou-hoste-dlouho-nezapomenou\/","og_site_name":"Stars Magaz\u00edn Karaoketexty.cz","article_published_time":"2026-09-01T07:47:00+00:00","og_image":[{"width":1200,"height":675,"url":"https:\/\/www.karaoketexty.cz\/magazin\/wp-content\/uploads\/2026\/08\/vojtech-kotek.jpg","type":"image\/jpeg"}],"author":"Barbora Kop\u0159ivov\u00e1","twitter_card":"summary_large_image","twitter_misc":{"Napsal(a)":"Barbora Kop\u0159ivov\u00e1","Odhadovan\u00e1 doba \u010dten\u00ed":"4 minuty"},"schema":{"@context":"https:\/\/schema.org","@graph":[{"@type":"Article","@id":"https:\/\/www.karaoketexty.cz\/magazin\/vojta-kotek-rozjel-v-karlovych-varech-rockovou-show-na-kterou-hoste-dlouho-nezapomenou\/#article","isPartOf":{"@id":"https:\/\/www.karaoketexty.cz\/magazin\/vojta-kotek-rozjel-v-karlovych-varech-rockovou-show-na-kterou-hoste-dlouho-nezapomenou\/"},"author":{"name":"Barbora Kop\u0159ivov\u00e1","@id":"https:\/\/www.karaoketexty.cz\/magazin\/#\/schema\/person\/37c0164a04038267c8a56ad6d60df749"},"headline":"Vojta Kotek rozjel v Karlov\u00fdch Varech rockovou show, na kterou host\u00e9 dlouho nezapomenou","datePublished":"2026-09-01T07:47:00+00:00","mainEntityOfPage":{"@id":"https:\/\/www.karaoketexty.cz\/magazin\/vojta-kotek-rozjel-v-karlovych-varech-rockovou-show-na-kterou-hoste-dlouho-nezapomenou\/"},"wordCount":806,"commentCount":0,"image":{"@id":"https:\/\/www.karaoketexty.cz\/magazin\/vojta-kotek-rozjel-v-karlovych-varech-rockovou-show-na-kterou-hoste-dlouho-nezapomenou\/#primaryimage"},"thumbnailUrl":"https:\/\/www.karaoketexty.cz\/magazin\/wp-content\/uploads\/2026\/08\/vojtech-kotek.jpg","keywords":["Chinaski","hudebn\u00ed festival","Jan Mel\u00ed\u0161ek","Karlovy Vary","KVIFF 2026","Raf\u0165\u00e1ci","rock","rock\u2019n\u2019roll","Snowboar\u010f\u00e1ci","Th!s","Vojta Kotek"],"articleSection":["Celebrity"],"inLanguage":"cs","potentialAction":[{"@type":"CommentAction","name":"Comment","target":["https:\/\/www.karaoketexty.cz\/magazin\/vojta-kotek-rozjel-v-karlovych-varech-rockovou-show-na-kterou-hoste-dlouho-nezapomenou\/#respond"]}]},{"@type":"WebPage","@id":"https:\/\/www.karaoketexty.cz\/magazin\/vojta-kotek-rozjel-v-karlovych-varech-rockovou-show-na-kterou-hoste-dlouho-nezapomenou\/","url":"https:\/\/www.karaoketexty.cz\/magazin\/vojta-kotek-rozjel-v-karlovych-varech-rockovou-show-na-kterou-hoste-dlouho-nezapomenou\/","name":"Vojta Kotek v\u00e1l\u00ed i v rockov\u00e9 kapele Th!s","isPartOf":{"@id":"https:\/\/www.karaoketexty.cz\/magazin\/#website"},"primaryImageOfPage":{"@id":"https:\/\/www.karaoketexty.cz\/magazin\/vojta-kotek-rozjel-v-karlovych-varech-rockovou-show-na-kterou-hoste-dlouho-nezapomenou\/#primaryimage"},"image":{"@id":"https:\/\/www.karaoketexty.cz\/magazin\/vojta-kotek-rozjel-v-karlovych-varech-rockovou-show-na-kterou-hoste-dlouho-nezapomenou\/#primaryimage"},"thumbnailUrl":"https:\/\/www.karaoketexty.cz\/magazin\/wp-content\/uploads\/2026\/08\/vojtech-kotek.jpg","datePublished":"2026-09-01T07:47:00+00:00","author":{"@id":"https:\/\/www.karaoketexty.cz\/magazin\/#\/schema\/person\/37c0164a04038267c8a56ad6d60df749"},"description":"Herec Vojta Kotek vystoupil s kapelou Th!s na filmov\u00e9m festivalu v Karlov\u00fdch Varech. Co prozradil o hudebn\u00edch za\u010d\u00e1tc\u00edch?","breadcrumb":{"@id":"https:\/\/www.karaoketexty.cz\/magazin\/vojta-kotek-rozjel-v-karlovych-varech-rockovou-show-na-kterou-hoste-dlouho-nezapomenou\/#breadcrumb"},"inLanguage":"cs","potentialAction":[{"@type":"ReadAction","target":["https:\/\/www.karaoketexty.cz\/magazin\/vojta-kotek-rozjel-v-karlovych-varech-rockovou-show-na-kterou-hoste-dlouho-nezapomenou\/"]}]},{"@type":"ImageObject","inLanguage":"cs","@id":"https:\/\/www.karaoketexty.cz\/magazin\/vojta-kotek-rozjel-v-karlovych-varech-rockovou-show-na-kterou-hoste-dlouho-nezapomenou\/#primaryimage","url":"https:\/\/www.karaoketexty.cz\/magazin\/wp-content\/uploads\/2026\/08\/vojtech-kotek.jpg","contentUrl":"https:\/\/www.karaoketexty.cz\/magazin\/wp-content\/uploads\/2026\/08\/vojtech-kotek.jpg","width":1200,"height":675,"caption":"Fotografie: Nextfoto, Vojta Kotek"},{"@type":"BreadcrumbList","@id":"https:\/\/www.karaoketexty.cz\/magazin\/vojta-kotek-rozjel-v-karlovych-varech-rockovou-show-na-kterou-hoste-dlouho-nezapomenou\/#breadcrumb","itemListElement":[{"@type":"ListItem","position":1,"name":"Dom\u016f","item":"https:\/\/www.karaoketexty.cz\/magazin\/"},{"@type":"ListItem","position":2,"name":"Vojta Kotek rozjel v Karlov\u00fdch Varech rockovou show, na kterou host\u00e9 dlouho nezapomenou"}]},{"@type":"WebSite","@id":"https:\/\/www.karaoketexty.cz\/magazin\/#website","url":"https:\/\/www.karaoketexty.cz\/magazin\/","name":"Stars Magaz\u00edn Karaoketexty.cz","description":"Stars Magaz\u00edn na Karaoketexty.cz je zam\u011b\u0159en\u00fd na novinky ze sv\u011bta hudby a celebrit. Obsahuje \u010dl\u00e1nky o zp\u011bv\u00e1c\u00edch, kapel\u00e1ch, nov\u00fdch albech, hudebn\u00edch trendech a dal\u0161\u00edch zaj\u00edmavostech z hudebn\u00edho pr\u016fmyslu.","potentialAction":[{"@type":"SearchAction","target":{"@type":"EntryPoint","urlTemplate":"https:\/\/www.karaoketexty.cz\/magazin\/?s={search_term_string}"},"query-input":{"@type":"PropertyValueSpecification","valueRequired":true,"valueName":"search_term_string"}}],"inLanguage":"cs"},{"@type":"Person","@id":"https:\/\/www.karaoketexty.cz\/magazin\/#\/schema\/person\/37c0164a04038267c8a56ad6d60df749","name":"Barbora Kop\u0159ivov\u00e1","image":{"@type":"ImageObject","inLanguage":"cs","@id":"https:\/\/secure.gravatar.com\/avatar\/ad2ef9810228386d580851ef4bdde76abaa96054ff5b068c8873bc91afb2df84?s=96&d=mm&r=g","url":"https:\/\/secure.gravatar.com\/avatar\/ad2ef9810228386d580851ef4bdde76abaa96054ff5b068c8873bc91afb2df84?s=96&d=mm&r=g","contentUrl":"https:\/\/secure.gravatar.com\/avatar\/ad2ef9810228386d580851ef4bdde76abaa96054ff5b068c8873bc91afb2df84?s=96&d=mm&r=g","caption":"Barbora Kop\u0159ivov\u00e1"},"url":"https:\/\/www.karaoketexty.cz\/magazin\/author\/barborakoprivova\/"}]}},"_links":{"self":[{"href":"https:\/\/www.karaoketexty.cz\/magazin\/wp-json\/wp\/v2\/posts\/17525","targetHints":{"allow":["GET"]}}],"collection":[{"href":"https:\/\/www.karaoketexty.cz\/magazin\/wp-json\/wp\/v2\/posts"}],"about":[{"href":"https:\/\/www.karaoketexty.cz\/magazin\/wp-json\/wp\/v2\/types\/post"}],"author":[{"embeddable":true,"href":"https:\/\/www.karaoketexty.cz\/magazin\/wp-json\/wp\/v2\/users\/4"}],"replies":[{"embeddable":true,"href":"https:\/\/www.karaoketexty.cz\/magazin\/wp-json\/wp\/v2\/comments?post=17525"}],"version-history":[{"count":6,"href":"https:\/\/www.karaoketexty.cz\/magazin\/wp-json\/wp\/v2\/posts\/17525\/revisions"}],"predecessor-version":[{"id":18823,"href":"https:\/\/www.karaoketexty.cz\/magazin\/wp-json\/wp\/v2\/posts\/17525\/revisions\/18823"}],"wp:featuredmedia":[{"embeddable":true,"href":"https:\/\/www.karaoketexty.cz\/magazin\/wp-json\/wp\/v2\/media\/17527"}],"wp:attachment":[{"href":"https:\/\/www.karaoketexty.cz\/magazin\/wp-json\/wp\/v2\/media?parent=17525"}],"wp:term":[{"taxonomy":"category","embeddable":true,"href":"https:\/\/www.karaoketexty.cz\/magazin\/wp-json\/wp\/v2\/categories?post=17525"},{"taxonomy":"post_tag","embeddable":true,"href":"https:\/\/www.karaoketexty.cz\/magazin\/wp-json\/wp\/v2\/tags?post=17525"}],"curies":[{"name":"wp","href":"https:\/\/api.w.org\/{rel}","templated":true}]}}