{"id":17515,"date":"2026-08-31T14:02:00","date_gmt":"2026-08-31T12:02:00","guid":{"rendered":"https:\/\/www.karaoketexty.cz\/magazin\/?p=17515"},"modified":"2026-08-31T12:49:08","modified_gmt":"2026-08-31T10:49:08","slug":"vaclav-noid-barta-adoptoval-pet-ovci-z-utulku-zpevak-se-realizuje-i-jinde-nez-jen-na-podiu","status":"publish","type":"post","link":"https:\/\/www.karaoketexty.cz\/magazin\/vaclav-noid-barta-adoptoval-pet-ovci-z-utulku-zpevak-se-realizuje-i-jinde-nez-jen-na-podiu\/","title":{"rendered":"V\u00e1clav Noid B\u00e1rta adoptoval p\u011bt ovc\u00ed z \u00fatulku: Zp\u011bv\u00e1k se realizuje i jinde, ne\u017e jen na p\u00f3diu"},"content":{"rendered":"\n<p class=\"wp-block-paragraph\"><strong>V\u00e1clav Noid B\u00e1rta p\u0159idal k muzikantsk\u00e9 kari\u00e9\u0159e ne\u010dekanou kapitolu: adoptoval p\u011bt ovc\u00ed z \u00fatulku pro hospod\u00e1\u0159sk\u00e1 zv\u00ed\u0159ata v Chy\u0148av\u011b. Zv\u00ed\u0159ata \u010dekala na nov\u00fd domov po odebr\u00e1n\u00ed z nevyhovuj\u00edc\u00edch podm\u00ednek.<\/strong><\/p>\n\n\n\n<p class=\"wp-block-paragraph\">V\u00e1clav Noid B\u00e1rta se vedle hudby \u010d\u00edm d\u00e1l v\u00edc v\u011bnuje tak\u00e9 sv\u00e9mu mal\u00e9mu hospod\u00e1\u0159stv\u00ed. Na farm\u011b chov\u00e1 p\u0159edev\u0161\u00edm slepice, kachny, husy a dal\u0161\u00ed dr\u016fbe\u017e, l\u00edhne si vlastn\u00ed ku\u0159ata a p\u011bstuje tak\u00e9 zeleninu. Far\u00adma\u0159en\u00ed bere jako relax a z\u00e1rove\u0148 chce sv\u00fdm dcer\u00e1m uk\u00e1zat, odkud poch\u00e1z\u00ed potraviny a kolik pr\u00e1ce stoj\u00ed t\u0159eba dom\u00e1c\u00ed vaj\u00ed\u010dka nebo maso. Na Karaoketexty jsme zaznamenali, \u017ee sv\u016fj chov ned\u00e1vno roz\u0161\u00ed\u0159il i o ovce z \u00fatulku.<\/p>\n\n\n<!-- karaoketexty.cz \/ rectangle2 -->\n<div id=\"PX_37086_709110796310826\"><\/div>\n<script>\n   if(!useMobileAds && !boolUseSeznamAds && !hideAllAds){\n     window.px2 = window.px2 || { conf: {},queue: [] };\n     px2.queue.push(function () {\n        px2.render({\n           slot: {\n              id: 37086\n           },\n            elem: \"PX_37086_709110796310826\"\n        })\n     });\n  }\n<\/script>\n\n<!-- karaoketexty.cz \/ mobile-rectangle3 -->\n<div id=\"PX_37044_714599773297004\"><\/div>\n<script>\n   if(useMobileAds && !boolUseSeznamAds && !hideAllAds){\nwindow.px2 = window.px2 || { conf: {},queue: [] };\npx2.queue.push(function () {\n\tpx2.render({\n\t\tslot: {\n\t\t\tid: 37044\n\t\t},\n\t\telem: \"PX_37044_714599773297004\"\n\t})\n});\n}\n<\/script>\n\n\n<h2 class=\"wp-block-heading\">Noid B\u00e1rta se rozhodl ovce nekupovat, ale adoptovat<\/h2>\n\n\n\n<p class=\"wp-block-paragraph\">\u00datulek vede Helena Cynkov\u00e1 pod Statkem u Merlina a v posledn\u00ed dob\u011b tam bylo ru\u0161no a\u017e dost. Kobyla Gloria, kterou odebrala policie spolu s krajskou veterin\u00e1rn\u00ed spr\u00e1vou kv\u016fli v\u00fdrazn\u00e9 kachexii a nevyhovuj\u00edc\u00edm podm\u00ednk\u00e1m chovu, nebyla sama. Na adopci \u010dekala i skupina ovc\u00ed. P\u016fvodn\u011b \u017eily v \u00dahonic\u00edch, v are\u00e1lu, kter\u00fd majitel prodal i s nimi. Nov\u00fd vlastn\u00edk se o n\u011b ale d\u00e1l nestaral.<\/p>\n\n\n\n<p class=\"wp-block-paragraph\">Kapacita \u00fatulku je omezen\u00e1 a ka\u017ed\u00e9 um\u00edst\u011bn\u00ed zv\u00ed\u0159ete do nov\u00e9ho domova otev\u00edr\u00e1 prostor pro dal\u0161\u00ed p\u0159\u00edpad. Proto ji pot\u011b\u0161ilo, kdy\u017e se ozval Noid B\u00e1rta. P\u011bt ove\u010dek si odvezl a podle informac\u00ed \u00fatulku se jim u n\u011bj da\u0159\u00ed dob\u0159e. Zp\u011bv\u00e1k nav\u00edc na sv\u00e9m facebookov\u00e9m profilu sd\u00edlel p\u0159\u00edsp\u011bvek Statku u Merlina.<\/p>\n\n\n<!-- karaoketexty.cz \/ interscroller1 -->\n\n<div id=\"PX_37041_825057871452834\"><\/div>\n<script>\nif(useMobileAds && !boolUseSeznamAds && !hideAllAds){\n\twindow.px2 = window.px2 || { conf: {},queue: [] };\n\tpx2.queue.push(function () {\n\t\tpx2.render({\n\t\t\tslot: {\n\t\t\t\tid: 37041\n\t\t\t},\n\t\t\telem: \"PX_37041_825057871452834\"\n\t\t})\n\t});\n}\n<\/script>\n\n\n<h2 class=\"wp-block-heading\">Farma\u0159en\u00ed nen\u00ed pro Noida jen kon\u00ed\u010dek na fotku<\/h2>\n\n\n\n<p class=\"wp-block-paragraph\">Adopce ovc\u00ed nen\u00ed \u017e\u00e1dn\u00e1 n\u00e1hodn\u00e1 epizoda. Noid B\u00e1rta se v posledn\u00edch letech ve\u0159ejn\u011b hl\u00e1s\u00ed k \u017eivotu bl\u00edzk\u00e9mu p\u0159\u00edrod\u011b i hospod\u00e1\u0159stv\u00ed, a to bez vynech\u00e1n\u00ed t\u011bch m\u00e9n\u011b hezk\u00fdch str\u00e1nek. Letos na ja\u0159e l\u00edhnul ku\u0159ata v inkub\u00e1toru a radost z prvn\u00edch dvan\u00e1cti kus\u016f sd\u00edlel se sv\u00fdmi dcerami. O n\u011bco pozd\u011bji p\u0159i\u0161la t\u011b\u017e\u0161\u00ed chv\u00edle: li\u0161ka se podle jeho slov prokousala betonem a b\u011bhem dvou noc\u00ed mu pobila osmn\u00e1ct zv\u00ed\u0159at. Ztr\u00e1tu nezast\u00edral ani nezleh\u010doval.<\/p>\n\n\n\n<p class=\"wp-block-paragraph\">Vlnu kritick\u00fdch reakc\u00ed pak vyvolal, kdy\u017e do\u0161lo na t\u00e9ma por\u00e1\u017een\u00ed zv\u00ed\u0159at. Na Instagramu vysv\u011btloval, \u017ee i to k farma\u0159en\u00ed pat\u0159\u00ed, porazit zv\u00ed\u0159e, zpracovat ho a nakrmit d\u011bti zdrav\u00fdm masem. Ne ka\u017ed\u00fd je ale schopn\u00fd se na v\u011bc takto pod\u00edvat, i kdy\u017e jde o \u00fapln\u011b p\u0159irozen\u00fd zp\u016fsob hospoda\u0159en\u00ed na farm\u011b.<\/p>\n\n\n\n<h2 class=\"wp-block-heading\">\u00datulek pomoc pot\u0159ebuje<\/h2>\n\n\n\n<p class=\"wp-block-paragraph\">Helena Cynkov\u00e1 a Statek u Merlina se te\u010f staraj\u00ed o n\u011bkolik odebran\u00fdch zv\u00ed\u0159at. Krom\u011b ovc\u00ed jsou v \u00fatulku tak\u00e9 kozy. T\u0159i z nich p\u0159ijely z Kladna, kde fungovala neleg\u00e1ln\u00ed jatka, a jeden z kozl\u016f nese stopy star\u00fdch zlomenin i natr\u017een\u00fdch vaz\u016f. Zv\u00ed\u0159ata se znovu u\u010d\u00ed p\u0159ij\u00edmat potravu z ruky, proto\u017ee lid\u00e9 je d\u0159\u00edv jen vyh\u00e1n\u011bli.&nbsp;Z\u00e1kladn\u00ed p\u00e9\u010di o odebran\u00e1 zv\u00ed\u0159ata po ur\u010ditou dobu hrad\u00ed st\u00e1t. Pak u\u017e je ale situace mnohem slo\u017eit\u011bj\u0161\u00ed. \u00datulek proto v\u00edt\u00e1 ka\u017edou finan\u010dn\u00ed pomoc.&nbsp;<\/p>\n\n\n\n<iframe src=\"https:\/\/www.facebook.com\/plugins\/post.php?href=https%3A%2F%2Fwww.facebook.com%2Fvaclavnoidbartaoff%2Fposts%2Fpfbid02qyWEy7wBf5aNot71RBiVMMSN4ViyLPn9Kiuv7Fueg7YNMqhTkeBagkJwhKD5HTABl&#038;show_text=true&#038;width=500\" width=\"500\" height=\"645\" style=\"border:none;overflow:hidden\" scrolling=\"no\" frameborder=\"0\" allowfullscreen=\"true\" allow=\"autoplay; clipboard-write; encrypted-media; picture-in-picture; web-share\"><\/iframe>\n\n\n\n<p class=\"wp-block-paragraph\">Cynkov\u00e1 z\u00e1rove\u0148 hled\u00e1 z\u00e1jemce o adopci zb\u00fdvaj\u00edc\u00edch ovc\u00ed a koz. Podm\u00ednkou je leg\u00e1ln\u00ed chov s \u010d\u00edslem hospod\u00e1\u0159stv\u00ed, adopce se uzav\u00edr\u00e1 na smlouvu.&nbsp;Noid B\u00e1rta je v tomto sm\u011bru dobr\u00fd p\u0159\u00edklad. M\u00e1 z\u00e1zem\u00ed, m\u00e1 z\u00e1jem a zjevn\u011b i dost pochopen\u00ed pro to, co p\u00e9\u010de o hospod\u00e1\u0159sk\u00e1 zv\u00ed\u0159ata znamen\u00e1 v praxi. I s t\u011bmi chv\u00edlemi, kdy je to prost\u011b tvrd\u00e9.<\/p>\n\n\n\n<p class=\"wp-block-paragraph\">Zdroj: Autorsk\u00fd text, <a href=\"https:\/\/www.facebook.com\/vaclavnoidbartaoff\/posts\/1580578510184207\">Facebook V\u00e1clav Noid B\u00e1rta Official<\/a>, <a href=\"https:\/\/www.denik.cz\" target=\"_blank\" rel=\"nofollow\">Den\u00edk.cz<\/a><\/p>\n\n\n\n<p class=\"wp-block-paragraph\"><\/p>\n\n\n            <a href=\"https:\/\/www.karaoketexty.cz\/magazin\/pohadkova-chaloupka-lucie-bile-ukazala-misto-kde-dobiji-sily-a-kam-se-stale-rada-vraci\/\" class=\"related-post-link\">\n                <div class=\"post-thumbnail\">\n                    <img decoding=\"async\" width=\"250\" height=\"141\" src=\"https:\/\/www.karaoketexty.cz\/magazin\/wp-content\/uploads\/2026\/07\/lucie-bila-bydleni.jpg\" class=\"attachment-250x180 size-250x180 not-transparent\" alt=\"Lucie B\u00edl\u00e1 bydlen\u00ed\" srcset=\"https:\/\/www.karaoketexty.cz\/magazin\/wp-content\/uploads\/2026\/07\/lucie-bila-bydleni.jpg 1200w, https:\/\/www.karaoketexty.cz\/magazin\/wp-content\/uploads\/2026\/07\/lucie-bila-bydleni-300x169.jpg 300w, https:\/\/www.karaoketexty.cz\/magazin\/wp-content\/uploads\/2026\/07\/lucie-bila-bydleni-1024x576.jpg 1024w, https:\/\/www.karaoketexty.cz\/magazin\/wp-content\/uploads\/2026\/07\/lucie-bila-bydleni-768x432.jpg 768w, https:\/\/www.karaoketexty.cz\/magazin\/wp-content\/uploads\/2026\/07\/lucie-bila-bydleni-800x450.jpg 800w\" sizes=\"(max-width: 250px) 100vw, 250px\" data-has-transparency=\"false\" data-dominant-color=\"7d7f84\" style=\"--dominant-color: #7d7f84;\" \/>                <\/div>\n                <div class=\"post-details\">\n                    <span class=\"also-read\">\u010ct\u011bte tak\u00e9:<\/span>\n                    <h3 class=\"hed\">Poh\u00e1dkov\u00e1 chaloupka Lucie B\u00edl\u00e9: Uk\u00e1zala m\u00edsto, kde dob\u00edj\u00ed s\u00edly a kam se st\u00e1le r\u00e1da vrac\u00ed<\/h3>\n                <\/div>\n            <\/a>\n            \n\n            <a href=\"https:\/\/www.karaoketexty.cz\/magazin\/eva-olmerova-prezila-to-co-by-zlomilo-kazdeho\/\" class=\"related-post-link\">\n                <div class=\"post-thumbnail\">\n                    <img decoding=\"async\" width=\"250\" height=\"141\" src=\"https:\/\/www.karaoketexty.cz\/magazin\/wp-content\/uploads\/2026\/08\/Eva-Olmerova.png\" class=\"attachment-250x180 size-250x180 has-transparency\" alt=\"Eva Olmerov\u00e1\" srcset=\"https:\/\/www.karaoketexty.cz\/magazin\/wp-content\/uploads\/2026\/08\/Eva-Olmerova.png 1200w, https:\/\/www.karaoketexty.cz\/magazin\/wp-content\/uploads\/2026\/08\/Eva-Olmerova-300x169.png 300w, https:\/\/www.karaoketexty.cz\/magazin\/wp-content\/uploads\/2026\/08\/Eva-Olmerova-1024x577.png 1024w, https:\/\/www.karaoketexty.cz\/magazin\/wp-content\/uploads\/2026\/08\/Eva-Olmerova-768x433.png 768w, https:\/\/www.karaoketexty.cz\/magazin\/wp-content\/uploads\/2026\/08\/Eva-Olmerova-800x450.png 800w\" sizes=\"(max-width: 250px) 100vw, 250px\" data-has-transparency=\"true\" data-dominant-color=\"59544a\" style=\"--dominant-color: #59544a;\" \/>                <\/div>\n                <div class=\"post-details\">\n                    <span class=\"also-read\">\u010ct\u011bte tak\u00e9:<\/span>\n                    <h3 class=\"hed\">V\u00fdslechy, nahota a cela. Eva Olmerov\u00e1 pro\u0161la peklem, p\u0159esto zp\u00edvala d\u00e1l<\/h3>\n                <\/div>\n            <\/a>\n            ","protected":false},"excerpt":{"rendered":"<p>V\u00e1clav Noid B\u00e1rta p\u0159idal k muzikantsk\u00e9 kari\u00e9\u0159e ne\u010dekanou kapitolu: adoptoval p\u011bt ovc\u00ed z \u00fatulku pro hospod\u00e1\u0159sk\u00e1 zv\u00ed\u0159ata v Chy\u0148av\u011b. Zv\u00ed\u0159ata \u010dekala na nov\u00fd domov po odebr\u00e1n\u00ed z nevyhovuj\u00edc\u00edch podm\u00ednek.<\/p>\n","protected":false},"author":4,"featured_media":17519,"comment_status":"open","ping_status":"closed","sticky":false,"template":"","format":"standard","meta":{"footnotes":""},"categories":[1059],"tags":[11285,571,11286,11284,11191,1390,3305,10779,2195,5836],"class_list":["post-17515","post","type-post","status-publish","format-standard","has-post-thumbnail","hentry","category-celebrity","tag-adopce-zvirat","tag-ceska-hudba","tag-farmareni","tag-helena-cynkova","tag-hospodarstvi","tag-hudebni-kariera","tag-priroda","tag-statek-u-merlina","tag-vaclav-noid-barta","tag-zvirata"],"yoast_head":"<!-- This site is optimized with the Yoast SEO plugin v28.3 - https:\/\/yoast.com\/product\/yoast-seo-wordpress\/ -->\n<title>V\u00e1clav Noid B\u00e1rta adoptoval rovnou p\u011bt ovc\u00ed z \u00fatulku<\/title>\n<meta name=\"description\" content=\"Zp\u011bv\u00e1k V\u00e1clav Noid B\u00e1rta adoptoval p\u011bt ovc\u00ed z \u00datulku hospod\u00e1\u0159sk\u00fdch zv\u00ed\u0159at v Chy\u0148av\u011b. Ale nejde o jeho prvn\u00ed kontakt se sv\u011btem zv\u00ed\u0159at.\" \/>\n<meta name=\"robots\" content=\"index, follow, max-snippet:-1, max-image-preview:large, max-video-preview:-1\" \/>\n<link rel=\"canonical\" href=\"https:\/\/www.karaoketexty.cz\/magazin\/vaclav-noid-barta-adoptoval-pet-ovci-z-utulku-zpevak-se-realizuje-i-jinde-nez-jen-na-podiu\/\" \/>\n<meta property=\"og:locale\" content=\"cs_CZ\" \/>\n<meta property=\"og:type\" content=\"article\" \/>\n<meta property=\"og:title\" content=\"V\u00e1clav Noid B\u00e1rta adoptoval rovnou p\u011bt ovc\u00ed z \u00fatulku\" \/>\n<meta property=\"og:description\" content=\"Zp\u011bv\u00e1k V\u00e1clav Noid B\u00e1rta adoptoval p\u011bt ovc\u00ed z \u00datulku hospod\u00e1\u0159sk\u00fdch zv\u00ed\u0159at v Chy\u0148av\u011b. Ale nejde o jeho prvn\u00ed kontakt se sv\u011btem zv\u00ed\u0159at.\" \/>\n<meta property=\"og:url\" content=\"https:\/\/www.karaoketexty.cz\/magazin\/vaclav-noid-barta-adoptoval-pet-ovci-z-utulku-zpevak-se-realizuje-i-jinde-nez-jen-na-podiu\/\" \/>\n<meta property=\"og:site_name\" content=\"Stars Magaz\u00edn Karaoketexty.cz\" \/>\n<meta property=\"article:published_time\" content=\"2026-08-31T12:02:00+00:00\" \/>\n<meta property=\"og:image\" content=\"https:\/\/www.karaoketexty.cz\/magazin\/wp-content\/uploads\/2026\/08\/vaclav-noid-barta.jpg\" \/>\n\t<meta property=\"og:image:width\" content=\"1200\" \/>\n\t<meta property=\"og:image:height\" content=\"675\" \/>\n\t<meta property=\"og:image:type\" content=\"image\/jpeg\" \/>\n<meta name=\"author\" content=\"Barbora Kop\u0159ivov\u00e1\" \/>\n<meta name=\"twitter:card\" content=\"summary_large_image\" \/>\n<meta name=\"twitter:label1\" content=\"Napsal(a)\" \/>\n\t<meta name=\"twitter:data1\" content=\"Barbora Kop\u0159ivov\u00e1\" \/>\n\t<meta name=\"twitter:label2\" content=\"Odhadovan\u00e1 doba \u010dten\u00ed\" \/>\n\t<meta name=\"twitter:data2\" content=\"3 minuty\" \/>\n<script type=\"application\/ld+json\" class=\"yoast-schema-graph\">{\"@context\":\"https:\\\/\\\/schema.org\",\"@graph\":[{\"@type\":\"Article\",\"@id\":\"https:\\\/\\\/www.karaoketexty.cz\\\/magazin\\\/vaclav-noid-barta-adoptoval-pet-ovci-z-utulku-zpevak-se-realizuje-i-jinde-nez-jen-na-podiu\\\/#article\",\"isPartOf\":{\"@id\":\"https:\\\/\\\/www.karaoketexty.cz\\\/magazin\\\/vaclav-noid-barta-adoptoval-pet-ovci-z-utulku-zpevak-se-realizuje-i-jinde-nez-jen-na-podiu\\\/\"},\"author\":{\"name\":\"Barbora Kop\u0159ivov\u00e1\",\"@id\":\"https:\\\/\\\/www.karaoketexty.cz\\\/magazin\\\/#\\\/schema\\\/person\\\/37c0164a04038267c8a56ad6d60df749\"},\"headline\":\"V\u00e1clav Noid B\u00e1rta adoptoval p\u011bt ovc\u00ed z \u00fatulku: Zp\u011bv\u00e1k se realizuje i jinde, ne\u017e jen na p\u00f3diu\",\"datePublished\":\"2026-08-31T12:02:00+00:00\",\"mainEntityOfPage\":{\"@id\":\"https:\\\/\\\/www.karaoketexty.cz\\\/magazin\\\/vaclav-noid-barta-adoptoval-pet-ovci-z-utulku-zpevak-se-realizuje-i-jinde-nez-jen-na-podiu\\\/\"},\"wordCount\":697,\"commentCount\":0,\"image\":{\"@id\":\"https:\\\/\\\/www.karaoketexty.cz\\\/magazin\\\/vaclav-noid-barta-adoptoval-pet-ovci-z-utulku-zpevak-se-realizuje-i-jinde-nez-jen-na-podiu\\\/#primaryimage\"},\"thumbnailUrl\":\"https:\\\/\\\/www.karaoketexty.cz\\\/magazin\\\/wp-content\\\/uploads\\\/2026\\\/08\\\/vaclav-noid-barta.jpg\",\"keywords\":[\"adopce zv\u00ed\u0159at\",\"\u010desk\u00e1 hudba\",\"farma\u0159en\u00ed\",\"Helena Cynkov\u00e1\",\"hospod\u00e1\u0159stv\u00ed\",\"hudebn\u00ed kari\u00e9ra\",\"p\u0159\u00edroda\",\"Statek u Merlina\",\"V\u00e1clav Noid B\u00e1rta\",\"zv\u00ed\u0159ata\"],\"articleSection\":[\"Celebrity\"],\"inLanguage\":\"cs\",\"potentialAction\":[{\"@type\":\"CommentAction\",\"name\":\"Comment\",\"target\":[\"https:\\\/\\\/www.karaoketexty.cz\\\/magazin\\\/vaclav-noid-barta-adoptoval-pet-ovci-z-utulku-zpevak-se-realizuje-i-jinde-nez-jen-na-podiu\\\/#respond\"]}]},{\"@type\":\"WebPage\",\"@id\":\"https:\\\/\\\/www.karaoketexty.cz\\\/magazin\\\/vaclav-noid-barta-adoptoval-pet-ovci-z-utulku-zpevak-se-realizuje-i-jinde-nez-jen-na-podiu\\\/\",\"url\":\"https:\\\/\\\/www.karaoketexty.cz\\\/magazin\\\/vaclav-noid-barta-adoptoval-pet-ovci-z-utulku-zpevak-se-realizuje-i-jinde-nez-jen-na-podiu\\\/\",\"name\":\"V\u00e1clav Noid B\u00e1rta adoptoval rovnou p\u011bt ovc\u00ed z \u00fatulku\",\"isPartOf\":{\"@id\":\"https:\\\/\\\/www.karaoketexty.cz\\\/magazin\\\/#website\"},\"primaryImageOfPage\":{\"@id\":\"https:\\\/\\\/www.karaoketexty.cz\\\/magazin\\\/vaclav-noid-barta-adoptoval-pet-ovci-z-utulku-zpevak-se-realizuje-i-jinde-nez-jen-na-podiu\\\/#primaryimage\"},\"image\":{\"@id\":\"https:\\\/\\\/www.karaoketexty.cz\\\/magazin\\\/vaclav-noid-barta-adoptoval-pet-ovci-z-utulku-zpevak-se-realizuje-i-jinde-nez-jen-na-podiu\\\/#primaryimage\"},\"thumbnailUrl\":\"https:\\\/\\\/www.karaoketexty.cz\\\/magazin\\\/wp-content\\\/uploads\\\/2026\\\/08\\\/vaclav-noid-barta.jpg\",\"datePublished\":\"2026-08-31T12:02:00+00:00\",\"author\":{\"@id\":\"https:\\\/\\\/www.karaoketexty.cz\\\/magazin\\\/#\\\/schema\\\/person\\\/37c0164a04038267c8a56ad6d60df749\"},\"description\":\"Zp\u011bv\u00e1k V\u00e1clav Noid B\u00e1rta adoptoval p\u011bt ovc\u00ed z \u00datulku hospod\u00e1\u0159sk\u00fdch zv\u00ed\u0159at v Chy\u0148av\u011b. Ale nejde o jeho prvn\u00ed kontakt se sv\u011btem zv\u00ed\u0159at.\",\"breadcrumb\":{\"@id\":\"https:\\\/\\\/www.karaoketexty.cz\\\/magazin\\\/vaclav-noid-barta-adoptoval-pet-ovci-z-utulku-zpevak-se-realizuje-i-jinde-nez-jen-na-podiu\\\/#breadcrumb\"},\"inLanguage\":\"cs\",\"potentialAction\":[{\"@type\":\"ReadAction\",\"target\":[\"https:\\\/\\\/www.karaoketexty.cz\\\/magazin\\\/vaclav-noid-barta-adoptoval-pet-ovci-z-utulku-zpevak-se-realizuje-i-jinde-nez-jen-na-podiu\\\/\"]}]},{\"@type\":\"ImageObject\",\"inLanguage\":\"cs\",\"@id\":\"https:\\\/\\\/www.karaoketexty.cz\\\/magazin\\\/vaclav-noid-barta-adoptoval-pet-ovci-z-utulku-zpevak-se-realizuje-i-jinde-nez-jen-na-podiu\\\/#primaryimage\",\"url\":\"https:\\\/\\\/www.karaoketexty.cz\\\/magazin\\\/wp-content\\\/uploads\\\/2026\\\/08\\\/vaclav-noid-barta.jpg\",\"contentUrl\":\"https:\\\/\\\/www.karaoketexty.cz\\\/magazin\\\/wp-content\\\/uploads\\\/2026\\\/08\\\/vaclav-noid-barta.jpg\",\"width\":1200,\"height\":675,\"caption\":\"Fotografie: Nextfoto\"},{\"@type\":\"BreadcrumbList\",\"@id\":\"https:\\\/\\\/www.karaoketexty.cz\\\/magazin\\\/vaclav-noid-barta-adoptoval-pet-ovci-z-utulku-zpevak-se-realizuje-i-jinde-nez-jen-na-podiu\\\/#breadcrumb\",\"itemListElement\":[{\"@type\":\"ListItem\",\"position\":1,\"name\":\"Dom\u016f\",\"item\":\"https:\\\/\\\/www.karaoketexty.cz\\\/magazin\\\/\"},{\"@type\":\"ListItem\",\"position\":2,\"name\":\"V\u00e1clav Noid B\u00e1rta adoptoval p\u011bt ovc\u00ed z \u00fatulku: Zp\u011bv\u00e1k se realizuje i jinde, ne\u017e jen na p\u00f3diu\"}]},{\"@type\":\"WebSite\",\"@id\":\"https:\\\/\\\/www.karaoketexty.cz\\\/magazin\\\/#website\",\"url\":\"https:\\\/\\\/www.karaoketexty.cz\\\/magazin\\\/\",\"name\":\"Stars Magaz\u00edn Karaoketexty.cz\",\"description\":\"Stars Magaz\u00edn na Karaoketexty.cz je zam\u011b\u0159en\u00fd na novinky ze sv\u011bta hudby a celebrit. Obsahuje \u010dl\u00e1nky o zp\u011bv\u00e1c\u00edch, kapel\u00e1ch, nov\u00fdch albech, hudebn\u00edch trendech a dal\u0161\u00edch zaj\u00edmavostech z hudebn\u00edho pr\u016fmyslu.\",\"potentialAction\":[{\"@type\":\"SearchAction\",\"target\":{\"@type\":\"EntryPoint\",\"urlTemplate\":\"https:\\\/\\\/www.karaoketexty.cz\\\/magazin\\\/?s={search_term_string}\"},\"query-input\":{\"@type\":\"PropertyValueSpecification\",\"valueRequired\":true,\"valueName\":\"search_term_string\"}}],\"inLanguage\":\"cs\"},{\"@type\":\"Person\",\"@id\":\"https:\\\/\\\/www.karaoketexty.cz\\\/magazin\\\/#\\\/schema\\\/person\\\/37c0164a04038267c8a56ad6d60df749\",\"name\":\"Barbora Kop\u0159ivov\u00e1\",\"image\":{\"@type\":\"ImageObject\",\"inLanguage\":\"cs\",\"@id\":\"https:\\\/\\\/secure.gravatar.com\\\/avatar\\\/ad2ef9810228386d580851ef4bdde76abaa96054ff5b068c8873bc91afb2df84?s=96&d=mm&r=g\",\"url\":\"https:\\\/\\\/secure.gravatar.com\\\/avatar\\\/ad2ef9810228386d580851ef4bdde76abaa96054ff5b068c8873bc91afb2df84?s=96&d=mm&r=g\",\"contentUrl\":\"https:\\\/\\\/secure.gravatar.com\\\/avatar\\\/ad2ef9810228386d580851ef4bdde76abaa96054ff5b068c8873bc91afb2df84?s=96&d=mm&r=g\",\"caption\":\"Barbora Kop\u0159ivov\u00e1\"},\"url\":\"https:\\\/\\\/www.karaoketexty.cz\\\/magazin\\\/author\\\/barborakoprivova\\\/\"}]}<\/script>\n<!-- \/ Yoast SEO plugin. -->","yoast_head_json":{"title":"V\u00e1clav Noid B\u00e1rta adoptoval rovnou p\u011bt ovc\u00ed z \u00fatulku","description":"Zp\u011bv\u00e1k V\u00e1clav Noid B\u00e1rta adoptoval p\u011bt ovc\u00ed z \u00datulku hospod\u00e1\u0159sk\u00fdch zv\u00ed\u0159at v Chy\u0148av\u011b. Ale nejde o jeho prvn\u00ed kontakt se sv\u011btem zv\u00ed\u0159at.","robots":{"index":"index","follow":"follow","max-snippet":"max-snippet:-1","max-image-preview":"max-image-preview:large","max-video-preview":"max-video-preview:-1"},"canonical":"https:\/\/www.karaoketexty.cz\/magazin\/vaclav-noid-barta-adoptoval-pet-ovci-z-utulku-zpevak-se-realizuje-i-jinde-nez-jen-na-podiu\/","og_locale":"cs_CZ","og_type":"article","og_title":"V\u00e1clav Noid B\u00e1rta adoptoval rovnou p\u011bt ovc\u00ed z \u00fatulku","og_description":"Zp\u011bv\u00e1k V\u00e1clav Noid B\u00e1rta adoptoval p\u011bt ovc\u00ed z \u00datulku hospod\u00e1\u0159sk\u00fdch zv\u00ed\u0159at v Chy\u0148av\u011b. Ale nejde o jeho prvn\u00ed kontakt se sv\u011btem zv\u00ed\u0159at.","og_url":"https:\/\/www.karaoketexty.cz\/magazin\/vaclav-noid-barta-adoptoval-pet-ovci-z-utulku-zpevak-se-realizuje-i-jinde-nez-jen-na-podiu\/","og_site_name":"Stars Magaz\u00edn Karaoketexty.cz","article_published_time":"2026-08-31T12:02:00+00:00","og_image":[{"width":1200,"height":675,"url":"https:\/\/www.karaoketexty.cz\/magazin\/wp-content\/uploads\/2026\/08\/vaclav-noid-barta.jpg","type":"image\/jpeg"}],"author":"Barbora Kop\u0159ivov\u00e1","twitter_card":"summary_large_image","twitter_misc":{"Napsal(a)":"Barbora Kop\u0159ivov\u00e1","Odhadovan\u00e1 doba \u010dten\u00ed":"3 minuty"},"schema":{"@context":"https:\/\/schema.org","@graph":[{"@type":"Article","@id":"https:\/\/www.karaoketexty.cz\/magazin\/vaclav-noid-barta-adoptoval-pet-ovci-z-utulku-zpevak-se-realizuje-i-jinde-nez-jen-na-podiu\/#article","isPartOf":{"@id":"https:\/\/www.karaoketexty.cz\/magazin\/vaclav-noid-barta-adoptoval-pet-ovci-z-utulku-zpevak-se-realizuje-i-jinde-nez-jen-na-podiu\/"},"author":{"name":"Barbora Kop\u0159ivov\u00e1","@id":"https:\/\/www.karaoketexty.cz\/magazin\/#\/schema\/person\/37c0164a04038267c8a56ad6d60df749"},"headline":"V\u00e1clav Noid B\u00e1rta adoptoval p\u011bt ovc\u00ed z \u00fatulku: Zp\u011bv\u00e1k se realizuje i jinde, ne\u017e jen na p\u00f3diu","datePublished":"2026-08-31T12:02:00+00:00","mainEntityOfPage":{"@id":"https:\/\/www.karaoketexty.cz\/magazin\/vaclav-noid-barta-adoptoval-pet-ovci-z-utulku-zpevak-se-realizuje-i-jinde-nez-jen-na-podiu\/"},"wordCount":697,"commentCount":0,"image":{"@id":"https:\/\/www.karaoketexty.cz\/magazin\/vaclav-noid-barta-adoptoval-pet-ovci-z-utulku-zpevak-se-realizuje-i-jinde-nez-jen-na-podiu\/#primaryimage"},"thumbnailUrl":"https:\/\/www.karaoketexty.cz\/magazin\/wp-content\/uploads\/2026\/08\/vaclav-noid-barta.jpg","keywords":["adopce zv\u00ed\u0159at","\u010desk\u00e1 hudba","farma\u0159en\u00ed","Helena Cynkov\u00e1","hospod\u00e1\u0159stv\u00ed","hudebn\u00ed kari\u00e9ra","p\u0159\u00edroda","Statek u Merlina","V\u00e1clav Noid B\u00e1rta","zv\u00ed\u0159ata"],"articleSection":["Celebrity"],"inLanguage":"cs","potentialAction":[{"@type":"CommentAction","name":"Comment","target":["https:\/\/www.karaoketexty.cz\/magazin\/vaclav-noid-barta-adoptoval-pet-ovci-z-utulku-zpevak-se-realizuje-i-jinde-nez-jen-na-podiu\/#respond"]}]},{"@type":"WebPage","@id":"https:\/\/www.karaoketexty.cz\/magazin\/vaclav-noid-barta-adoptoval-pet-ovci-z-utulku-zpevak-se-realizuje-i-jinde-nez-jen-na-podiu\/","url":"https:\/\/www.karaoketexty.cz\/magazin\/vaclav-noid-barta-adoptoval-pet-ovci-z-utulku-zpevak-se-realizuje-i-jinde-nez-jen-na-podiu\/","name":"V\u00e1clav Noid B\u00e1rta adoptoval rovnou p\u011bt ovc\u00ed z \u00fatulku","isPartOf":{"@id":"https:\/\/www.karaoketexty.cz\/magazin\/#website"},"primaryImageOfPage":{"@id":"https:\/\/www.karaoketexty.cz\/magazin\/vaclav-noid-barta-adoptoval-pet-ovci-z-utulku-zpevak-se-realizuje-i-jinde-nez-jen-na-podiu\/#primaryimage"},"image":{"@id":"https:\/\/www.karaoketexty.cz\/magazin\/vaclav-noid-barta-adoptoval-pet-ovci-z-utulku-zpevak-se-realizuje-i-jinde-nez-jen-na-podiu\/#primaryimage"},"thumbnailUrl":"https:\/\/www.karaoketexty.cz\/magazin\/wp-content\/uploads\/2026\/08\/vaclav-noid-barta.jpg","datePublished":"2026-08-31T12:02:00+00:00","author":{"@id":"https:\/\/www.karaoketexty.cz\/magazin\/#\/schema\/person\/37c0164a04038267c8a56ad6d60df749"},"description":"Zp\u011bv\u00e1k V\u00e1clav Noid B\u00e1rta adoptoval p\u011bt ovc\u00ed z \u00datulku hospod\u00e1\u0159sk\u00fdch zv\u00ed\u0159at v Chy\u0148av\u011b. Ale nejde o jeho prvn\u00ed kontakt se sv\u011btem zv\u00ed\u0159at.","breadcrumb":{"@id":"https:\/\/www.karaoketexty.cz\/magazin\/vaclav-noid-barta-adoptoval-pet-ovci-z-utulku-zpevak-se-realizuje-i-jinde-nez-jen-na-podiu\/#breadcrumb"},"inLanguage":"cs","potentialAction":[{"@type":"ReadAction","target":["https:\/\/www.karaoketexty.cz\/magazin\/vaclav-noid-barta-adoptoval-pet-ovci-z-utulku-zpevak-se-realizuje-i-jinde-nez-jen-na-podiu\/"]}]},{"@type":"ImageObject","inLanguage":"cs","@id":"https:\/\/www.karaoketexty.cz\/magazin\/vaclav-noid-barta-adoptoval-pet-ovci-z-utulku-zpevak-se-realizuje-i-jinde-nez-jen-na-podiu\/#primaryimage","url":"https:\/\/www.karaoketexty.cz\/magazin\/wp-content\/uploads\/2026\/08\/vaclav-noid-barta.jpg","contentUrl":"https:\/\/www.karaoketexty.cz\/magazin\/wp-content\/uploads\/2026\/08\/vaclav-noid-barta.jpg","width":1200,"height":675,"caption":"Fotografie: Nextfoto"},{"@type":"BreadcrumbList","@id":"https:\/\/www.karaoketexty.cz\/magazin\/vaclav-noid-barta-adoptoval-pet-ovci-z-utulku-zpevak-se-realizuje-i-jinde-nez-jen-na-podiu\/#breadcrumb","itemListElement":[{"@type":"ListItem","position":1,"name":"Dom\u016f","item":"https:\/\/www.karaoketexty.cz\/magazin\/"},{"@type":"ListItem","position":2,"name":"V\u00e1clav Noid B\u00e1rta adoptoval p\u011bt ovc\u00ed z \u00fatulku: Zp\u011bv\u00e1k se realizuje i jinde, ne\u017e jen na p\u00f3diu"}]},{"@type":"WebSite","@id":"https:\/\/www.karaoketexty.cz\/magazin\/#website","url":"https:\/\/www.karaoketexty.cz\/magazin\/","name":"Stars Magaz\u00edn Karaoketexty.cz","description":"Stars Magaz\u00edn na Karaoketexty.cz je zam\u011b\u0159en\u00fd na novinky ze sv\u011bta hudby a celebrit. Obsahuje \u010dl\u00e1nky o zp\u011bv\u00e1c\u00edch, kapel\u00e1ch, nov\u00fdch albech, hudebn\u00edch trendech a dal\u0161\u00edch zaj\u00edmavostech z hudebn\u00edho pr\u016fmyslu.","potentialAction":[{"@type":"SearchAction","target":{"@type":"EntryPoint","urlTemplate":"https:\/\/www.karaoketexty.cz\/magazin\/?s={search_term_string}"},"query-input":{"@type":"PropertyValueSpecification","valueRequired":true,"valueName":"search_term_string"}}],"inLanguage":"cs"},{"@type":"Person","@id":"https:\/\/www.karaoketexty.cz\/magazin\/#\/schema\/person\/37c0164a04038267c8a56ad6d60df749","name":"Barbora Kop\u0159ivov\u00e1","image":{"@type":"ImageObject","inLanguage":"cs","@id":"https:\/\/secure.gravatar.com\/avatar\/ad2ef9810228386d580851ef4bdde76abaa96054ff5b068c8873bc91afb2df84?s=96&d=mm&r=g","url":"https:\/\/secure.gravatar.com\/avatar\/ad2ef9810228386d580851ef4bdde76abaa96054ff5b068c8873bc91afb2df84?s=96&d=mm&r=g","contentUrl":"https:\/\/secure.gravatar.com\/avatar\/ad2ef9810228386d580851ef4bdde76abaa96054ff5b068c8873bc91afb2df84?s=96&d=mm&r=g","caption":"Barbora Kop\u0159ivov\u00e1"},"url":"https:\/\/www.karaoketexty.cz\/magazin\/author\/barborakoprivova\/"}]}},"_links":{"self":[{"href":"https:\/\/www.karaoketexty.cz\/magazin\/wp-json\/wp\/v2\/posts\/17515","targetHints":{"allow":["GET"]}}],"collection":[{"href":"https:\/\/www.karaoketexty.cz\/magazin\/wp-json\/wp\/v2\/posts"}],"about":[{"href":"https:\/\/www.karaoketexty.cz\/magazin\/wp-json\/wp\/v2\/types\/post"}],"author":[{"embeddable":true,"href":"https:\/\/www.karaoketexty.cz\/magazin\/wp-json\/wp\/v2\/users\/4"}],"replies":[{"embeddable":true,"href":"https:\/\/www.karaoketexty.cz\/magazin\/wp-json\/wp\/v2\/comments?post=17515"}],"version-history":[{"count":6,"href":"https:\/\/www.karaoketexty.cz\/magazin\/wp-json\/wp\/v2\/posts\/17515\/revisions"}],"predecessor-version":[{"id":18782,"href":"https:\/\/www.karaoketexty.cz\/magazin\/wp-json\/wp\/v2\/posts\/17515\/revisions\/18782"}],"wp:featuredmedia":[{"embeddable":true,"href":"https:\/\/www.karaoketexty.cz\/magazin\/wp-json\/wp\/v2\/media\/17519"}],"wp:attachment":[{"href":"https:\/\/www.karaoketexty.cz\/magazin\/wp-json\/wp\/v2\/media?parent=17515"}],"wp:term":[{"taxonomy":"category","embeddable":true,"href":"https:\/\/www.karaoketexty.cz\/magazin\/wp-json\/wp\/v2\/categories?post=17515"},{"taxonomy":"post_tag","embeddable":true,"href":"https:\/\/www.karaoketexty.cz\/magazin\/wp-json\/wp\/v2\/tags?post=17515"}],"curies":[{"name":"wp","href":"https:\/\/api.w.org\/{rel}","templated":true}]}}