{"id":17485,"date":"2026-08-31T08:43:00","date_gmt":"2026-08-31T06:43:00","guid":{"rendered":"https:\/\/www.karaoketexty.cz\/magazin\/?p=17485"},"modified":"2026-08-21T11:52:36","modified_gmt":"2026-08-21T09:52:36","slug":"u-daniela-landy-zasahovali-hasici-kdyz-nebyl-doma-vypalovani-vosiho-hnizda-skoncilo-pozarem-strechy","status":"publish","type":"post","link":"https:\/\/www.karaoketexty.cz\/magazin\/u-daniela-landy-zasahovali-hasici-kdyz-nebyl-doma-vypalovani-vosiho-hnizda-skoncilo-pozarem-strechy\/","title":{"rendered":"U Daniela Landy zasahovali hasi\u010di kdy\u017e nebyl doma: Vypalov\u00e1n\u00ed vos\u00edho hn\u00edzda skon\u010dilo po\u017e\u00e1rem st\u0159echy"},"content":{"rendered":"\n<p class=\"wp-block-paragraph\"><strong>Jedno letn\u00ed odpoledne na pra\u017esk\u00e9m Vy\u0161ehrad\u011b zam\u011bstnalo hasi\u010de v\u00edc, ne\u017e kdo \u010dekal. Ve st\u0159e\u0161e historick\u00e9ho domu Daniela Landy se rozho\u0159elo vos\u00ed hn\u00edzdo. Hasi\u010di museli rozebrat krytinu a prohledat p\u016fdu termokamerou.<\/strong><\/p>\n\n\n\n<p class=\"wp-block-paragraph\">Ud\u00e1lost p\u0159i\u0161la v sobotu odpoledne. Pra\u017e\u0161t\u00ed hasi\u010di vyj\u00ed\u017ed\u011bli do ulice V Pevnosti, tedy do \u010d\u00e1sti are\u00e1lu Vy\u0161ehradu mezi Leopoldovou a T\u00e1borskou br\u00e1nou. Na m\u00edst\u011b na\u0161li zaho\u0159en\u00ed st\u0159e\u0161n\u00ed plochy o velikosti zhruba dva na dva metry. Na pap\u00ed\u0159e to nevypad\u00e1 dramaticky, jen\u017ee u historick\u00e9 stavby sta\u010d\u00ed i takov\u00e1 plocha na po\u0159\u00e1dn\u011b nep\u0159\u00edjemn\u00fd z\u00e1sah. Na Karaoketexty jsme se pod\u00edvali bl\u00ed\u017ee na to, co se tehdy vlastn\u011b stalo.<\/p>\n\n\n<!-- karaoketexty.cz \/ rectangle2 -->\n<div id=\"PX_37086_709110796310826\"><\/div>\n<script>\n   if(!useMobileAds && !boolUseSeznamAds && !hideAllAds){\n     window.px2 = window.px2 || { conf: {},queue: [] };\n     px2.queue.push(function () {\n        px2.render({\n           slot: {\n              id: 37086\n           },\n            elem: \"PX_37086_709110796310826\"\n        })\n     });\n  }\n<\/script>\n\n<!-- karaoketexty.cz \/ mobile-rectangle3 -->\n<div id=\"PX_37044_714599773297004\"><\/div>\n<script>\n   if(useMobileAds && !boolUseSeznamAds && !hideAllAds){\nwindow.px2 = window.px2 || { conf: {},queue: [] };\npx2.queue.push(function () {\n\tpx2.render({\n\t\tslot: {\n\t\t\tid: 37044\n\t\t},\n\t\telem: \"PX_37044_714599773297004\"\n\t})\n});\n}\n<\/script>\n\n\n<h2 class=\"wp-block-heading\">N\u00e1rodn\u00ed kulturn\u00ed pam\u00e1tka v ohni<\/h2>\n\n\n\n<p class=\"wp-block-paragraph\"><em>\u201eProb\u00edh\u00e1 rozeb\u00edr\u00e1n\u00ed st\u0159e\u0161n\u00ed krytiny a pr\u016fzkum p\u016fdn\u00edch prostor termokamerou,<\/em>\u201c uvedla Bene\u0161ov\u00e1 b\u011bhem z\u00e1sahu pro Novinky.cz. Velitel z\u00e1sahu pak p\u0159\u00ed\u010dinu popsal kr\u00e1tce:<em><em> \u201eJednalo se o vypalov\u00e1n\u00ed vos\u00edho hn\u00edzda v prostorech st\u0159echy.\u201c <\/em><\/em>Mluv\u010d\u00ed k tomu p\u0159idala je\u0161t\u011b jednu v\u011btu, kter\u00e1 celou situaci vystihla dost p\u0159esn\u011b:<em> <em>\u201eJe\u0161t\u011b jsem se nesetkala s t\u00edm, \u017ee by n\u011bkdo t\u00edmto zp\u016fsobem vypaloval vos\u00ed hn\u00edzda.<\/em><\/em>\u201c<\/p>\n\n\n\n<p class=\"wp-block-paragraph\">Hasi\u010di dostali po\u017e\u00e1r rychle pod kontrolu a ohe\u0148 se d\u00e1l neroz\u0161\u00ed\u0159il do konstrukce. V\u00fd\u0161e \u0161kody zat\u00edm zve\u0159ejn\u011bna nebyla, p\u0159\u00edpad si p\u0159evzalo odd\u011blen\u00ed zji\u0161\u0165ov\u00e1n\u00ed p\u0159\u00ed\u010din po\u017e\u00e1r\u016f.&nbsp;Cel\u00e1 v\u011bc dost\u00e1v\u00e1 jin\u00fd rozm\u011br ve chv\u00edli, kdy se vezme v \u00favahu m\u00edsto z\u00e1sahu. D\u016fm v ulici V Pevnosti, kter\u00fd Daniel Landa vlastn\u00ed s man\u017eelkou Mirjam, je nemovitou n\u00e1rodn\u00ed kulturn\u00ed pam\u00e1tkou v pam\u00e1tkov\u00e9 rezervaci. Jak\u00e9koliv po\u0161kozen\u00ed takov\u00e9ho objektu u\u017e nen\u00ed jen b\u011b\u017en\u00e1 pojistn\u00e1 ud\u00e1lost, ale probl\u00e9m s daleko \u0161ir\u0161\u00edm dopadem.<\/p>\n\n\n<!-- karaoketexty.cz \/ interscroller1 -->\n\n<div id=\"PX_37041_825057871452834\"><\/div>\n<script>\nif(useMobileAds && !boolUseSeznamAds && !hideAllAds){\n\twindow.px2 = window.px2 || { conf: {},queue: [] };\n\tpx2.queue.push(function () {\n\t\tpx2.render({\n\t\t\tslot: {\n\t\t\t\tid: 37041\n\t\t\t},\n\t\t\telem: \"PX_37041_825057871452834\"\n\t\t})\n\t});\n}\n<\/script>\n\n\n<p class=\"wp-block-paragraph\">Jak si v\u0161imli fanou\u0161ci zp\u011bv\u00e1ka, Landa v dob\u011b z\u00e1sahu doma nebyl. V t\u00e9 dob\u011b vystupoval na festivalu Hrady CZ na hrad\u011b Veve\u0159\u00ed. Kdo p\u0159esn\u011b se o vypalov\u00e1n\u00ed vos\u00edho hn\u00edzda pokou\u0161el, hasi\u010di ve sv\u00fdch vyj\u00e1d\u0159en\u00edch neup\u0159esnili. Landa pozd\u011bji nazna\u010dil, \u017ee \u0161lo o truhl\u00e1\u0159skou firmu, kter\u00e1 se pod\u00edl\u00ed na rekonstrukci domu, ale na nikoho konkr\u00e9tn\u00edho neuk\u00e1zal. P\u0159\u00edpad z\u016fst\u00e1v\u00e1 v \u0161et\u0159en\u00ed.&nbsp;Na jedn\u00e9 z fotografi\u00ed ze z\u00e1sahu je vid\u011bt tak\u00e9 p\u0159\u00edv\u011bsn\u00fd voz\u00edk p\u0159ed domem, nalo\u017een\u00fd velk\u00fdmi krabicemi. Podle symbol\u016f v\u00fdrobce p\u016fjde nejsp\u00ed\u0161 o \u010d\u00e1sti vzduchotechniky. Pr\u00e1v\u011b v\u011btrac\u00ed otvory a vy\u00fast\u011bn\u00ed vzduchotechniky ve st\u0159e\u0161n\u00ed krytin\u011b pat\u0159\u00ed k m\u00edst\u016fm, kde si vosy hn\u00edzda zakl\u00e1daj\u00ed pom\u011brn\u011b \u010dasto.<\/p>\n\n\n\n<h2 class=\"wp-block-heading\">Jak se vos\u00ed hn\u00edzdo spr\u00e1vn\u011b likviduje<\/h2>\n\n\n\n<p class=\"wp-block-paragraph\">Hasi\u010di p\u0159i t\u00e9 p\u0159\u00edle\u017eitosti p\u0159ipomn\u011bli, \u017ee vypalov\u00e1n\u00ed vos\u00edch nebo sr\u0161n\u00edch hn\u00edzd rozhodn\u011b nepat\u0159\u00ed mezi doporu\u010den\u00e9 postupy. Bene\u0161ov\u00e1 zm\u00ednila, \u017ee hasi\u010di maj\u00ed pro podobn\u00e9 situace speci\u00e1ln\u00ed vysava\u010d. Odborn\u00edci obecn\u011b doporu\u010duj\u00ed p\u0159ivolat specializovanou firmu nebo deratiza\u010dn\u00ed slu\u017ebu, kter\u00e1 hn\u00edzdo odstran\u00ed chemicky \u010di mechanicky, a bez rizika, \u017ee za\u010dne ho\u0159et st\u0159echa.<\/p>\n\n\n\n<blockquote class=\"twitter-tweet\"><p lang=\"cs\" dir=\"ltr\">Dnes odpoledne zasahovaly na\u0161e jednotky u hl\u00e1\u0161en\u00e9ho po\u017e\u00e1ru st\u0159echy na Vy\u0161ehrad\u011b v ul. V pevnosti. Pr\u016fzkumem bylo zji\u0161t\u011bno \u017ee \u0161lo o vypalov\u00e1n\u00ed vos\u00edho hn\u00edzda, p\u0159i kter\u00e9m do\u0161lo k zaho\u0159en\u00ed st\u0159e\u0161n\u00ed krytiny. Prob\u011bhlo rozeb\u00edr\u00e1n\u00ed st\u0159e\u0161n\u00ed krytiny a pr\u016fzkum p\u016fdn\u00edch prostor termokamerou. <a href=\"https:\/\/t.co\/2QupM2j6DL\">pic.twitter.com\/2QupM2j6DL<\/a><\/p>&mdash; Hasi\u010di Praha \ud83d\ude92 (@HasiciPraha) <a href=\"https:\/\/x.com\/HasiciPraha\/status\/2086095876393480683?ref_src=twsrc%5Etfw\">August 8, 2026<\/a><\/blockquote> <script async src=\"https:\/\/platform.x.com\/widgets.js\" charset=\"utf-8\"><\/script>\n\n\n\n<p class=\"wp-block-paragraph\">P\u0159\u00edpad tak nakonec skon\u010dil bez trval\u00e9ho po\u0161kozen\u00ed historick\u00e9 nemovitosti. Jen\u017ee rozd\u00edl mezi rychl\u00fdm z\u00e1sahem a skute\u010dnou katastrofou byl tentokr\u00e1t opravdu mal\u00fd. N\u00e1rodn\u00ed kulturn\u00ed pam\u00e1tka a otev\u0159en\u00fd ohe\u0148 ve st\u0159e\u0161e, to nen\u00ed kombinace, kter\u00e1 by budila klid.<\/p>\n\n\n\n<p class=\"wp-block-paragraph\">Zdroj: Autorsk\u00fd text, <a href=\"https:\/\/x.com\/HasiciPraha\/status\/2086095876393480683\" target=\"_blank\" rel=\"noreferrer noopener nofollow\">X Hasi\u010di Praha<\/a>, <a href=\"https:\/\/www.novinky.cz\/clanek\/domaci-zpravy-hlavni-mesto-praha-u-zpevaka-landy-na-vysehrade-horelo-kvuli-vypalovani-vosiho-hnizda-hasici-krouti-hlavou-40591897\" target=\"_blank\" rel=\"nofollow\">Novinky.cz<\/a>, <a href=\"https:\/\/www.blesk.cz\/clanek\/regiony-praha-praha-krimi\/845690\/u-daniela-landy-horelo-v-pamatkove-chranenem-dome-vypalovali-vosy.html\" target=\"_blank\" rel=\"nofollow\">Blesk.cz<\/a>, <a href=\"https:\/\/www.idnes.cz\/praha\/zpravy\/daniel-landa-vosi-hnizdo-vypalovani-pozar-strecha-dum-vysehrad.A260809_151050_praha-zpravy_lpo\" target=\"_blank\" rel=\"nofollow\">iDnes.cz<\/a><\/p>\n\n\n            <a href=\"https:\/\/www.karaoketexty.cz\/magazin\/velky-slib-marek-ztraceny-na-letne-tak-uplne-nedodrzel-ale-i-tak-byli-fanousci-nadseni\/\" class=\"related-post-link\">\n                <div class=\"post-thumbnail\">\n                    <img decoding=\"async\" width=\"250\" height=\"141\" src=\"https:\/\/www.karaoketexty.cz\/magazin\/wp-content\/uploads\/2025\/11\/marek-ztraceny-koncert.jpg\" class=\"attachment-250x180 size-250x180 not-transparent\" alt=\"Marek Ztracen\u00fd koncert\" srcset=\"https:\/\/www.karaoketexty.cz\/magazin\/wp-content\/uploads\/2025\/11\/marek-ztraceny-koncert.jpg 1200w, https:\/\/www.karaoketexty.cz\/magazin\/wp-content\/uploads\/2025\/11\/marek-ztraceny-koncert-300x169.jpg 300w, https:\/\/www.karaoketexty.cz\/magazin\/wp-content\/uploads\/2025\/11\/marek-ztraceny-koncert-1024x576.jpg 1024w, https:\/\/www.karaoketexty.cz\/magazin\/wp-content\/uploads\/2025\/11\/marek-ztraceny-koncert-768x432.jpg 768w, https:\/\/www.karaoketexty.cz\/magazin\/wp-content\/uploads\/2025\/11\/marek-ztraceny-koncert-800x450.jpg 800w\" sizes=\"(max-width: 250px) 100vw, 250px\" data-has-transparency=\"false\" data-dominant-color=\"967654\" style=\"--dominant-color: #967654;\" \/>                <\/div>\n                <div class=\"post-details\">\n                    <span class=\"also-read\">\u010ct\u011bte tak\u00e9:<\/span>\n                    <h3 class=\"hed\">Velk\u00fd slib Marek Ztracen\u00fd na Letn\u00e9 tak \u00fapln\u011b nedodr\u017eel. Ale i tak byli fanou\u0161ci nad\u0161en\u00ed<\/h3>\n                <\/div>\n            <\/a>\n            \n\n            <a href=\"https:\/\/www.karaoketexty.cz\/magazin\/jana-strykova-ma-dite-s-potomkem-ceske-pevecke-legendy-waldemara-matusky\/\" class=\"related-post-link\">\n                <div class=\"post-thumbnail\">\n                    <img decoding=\"async\" width=\"250\" height=\"175\" src=\"https:\/\/www.karaoketexty.cz\/magazin\/wp-content\/uploads\/2026\/08\/Jana-Strykova-s-brylemi.jpg\" class=\"attachment-250x180 size-250x180 not-transparent\" alt=\"Jana Strykov\u00e1\" srcset=\"https:\/\/www.karaoketexty.cz\/magazin\/wp-content\/uploads\/2026\/08\/Jana-Strykova-s-brylemi.jpg 1200w, https:\/\/www.karaoketexty.cz\/magazin\/wp-content\/uploads\/2026\/08\/Jana-Strykova-s-brylemi-300x210.jpg 300w, https:\/\/www.karaoketexty.cz\/magazin\/wp-content\/uploads\/2026\/08\/Jana-Strykova-s-brylemi-1024x718.jpg 1024w, https:\/\/www.karaoketexty.cz\/magazin\/wp-content\/uploads\/2026\/08\/Jana-Strykova-s-brylemi-768x538.jpg 768w\" sizes=\"(max-width: 250px) 100vw, 250px\" data-has-transparency=\"false\" data-dominant-color=\"5a5646\" style=\"--dominant-color: #5a5646;\" \/>                <\/div>\n                <div class=\"post-details\">\n                    <span class=\"also-read\">\u010ct\u011bte tak\u00e9:<\/span>\n                    <h3 class=\"hed\">Jana Strykov\u00e1 m\u00e1 d\u00edt\u011b s potomkem \u010desk\u00e9 p\u011bveck\u00e9 legendy Waldemara Matu\u0161ky<\/h3>\n                <\/div>\n            <\/a>\n            ","protected":false},"excerpt":{"rendered":"<p>Jedno letn\u00ed odpoledne na pra\u017esk\u00e9m Vy\u0161ehrad\u011b zam\u011bstnalo hasi\u010de v\u00edc, ne\u017e kdo \u010dekal. Ve st\u0159e\u0161e historick\u00e9ho domu Daniela Landy se rozho\u0159elo vos\u00ed hn\u00edzdo. Hasi\u010di museli rozebrat krytinu a prohledat p\u016fdu termokamerou.<\/p>\n","protected":false},"author":4,"featured_media":17487,"comment_status":"open","ping_status":"closed","sticky":false,"template":"","format":"standard","meta":{"footnotes":""},"categories":[1059],"tags":[571,5049,11193,11192,11194,5593,8576,11196,11197,11195,6539],"class_list":["post-17485","post","type-post","status-publish","format-standard","has-post-thumbnail","hentry","category-celebrity","tag-ceska-hudba","tag-daniel-landa","tag-festival-hrady-cz","tag-hasici-praha","tag-historicka-pamatka","tag-kultura","tag-mirjam-landa","tag-pozarni-zasah","tag-udalost","tag-vypalovani-vosiho-hnizda","tag-vysehrad"],"yoast_head":"<!-- This site is optimized with the Yoast SEO plugin v28.3 - https:\/\/yoast.com\/product\/yoast-seo-wordpress\/ -->\n<title>Daniel Landa: Hasi\u010di u n\u011bj zasahovali kv\u016fli vos\u00e1m<\/title>\n<meta name=\"description\" content=\"Pra\u017e\u0161t\u00ed hasi\u010di zasahovali v historick\u00e9m dom\u011b Daniela Landy na Vy\u0161ehrad\u011b. St\u0159echa chytla p\u0159i pokusu o vypalov\u00e1n\u00ed vos\u00edho hn\u00edzda.\" \/>\n<meta name=\"robots\" content=\"index, follow, max-snippet:-1, max-image-preview:large, max-video-preview:-1\" \/>\n<link rel=\"canonical\" href=\"https:\/\/www.karaoketexty.cz\/magazin\/u-daniela-landy-zasahovali-hasici-kdyz-nebyl-doma-vypalovani-vosiho-hnizda-skoncilo-pozarem-strechy\/\" \/>\n<meta property=\"og:locale\" content=\"cs_CZ\" \/>\n<meta property=\"og:type\" content=\"article\" \/>\n<meta property=\"og:title\" content=\"Daniel Landa: Hasi\u010di u n\u011bj zasahovali kv\u016fli vos\u00e1m\" \/>\n<meta property=\"og:description\" content=\"Pra\u017e\u0161t\u00ed hasi\u010di zasahovali v historick\u00e9m dom\u011b Daniela Landy na Vy\u0161ehrad\u011b. St\u0159echa chytla p\u0159i pokusu o vypalov\u00e1n\u00ed vos\u00edho hn\u00edzda.\" \/>\n<meta property=\"og:url\" content=\"https:\/\/www.karaoketexty.cz\/magazin\/u-daniela-landy-zasahovali-hasici-kdyz-nebyl-doma-vypalovani-vosiho-hnizda-skoncilo-pozarem-strechy\/\" \/>\n<meta property=\"og:site_name\" content=\"Stars Magaz\u00edn Karaoketexty.cz\" \/>\n<meta property=\"article:published_time\" content=\"2026-08-31T06:43:00+00:00\" \/>\n<meta property=\"og:image\" content=\"https:\/\/www.karaoketexty.cz\/magazin\/wp-content\/uploads\/2026\/08\/daniel-landa.jpg\" \/>\n\t<meta property=\"og:image:width\" content=\"1200\" \/>\n\t<meta property=\"og:image:height\" content=\"675\" \/>\n\t<meta property=\"og:image:type\" content=\"image\/jpeg\" \/>\n<meta name=\"author\" content=\"Barbora Kop\u0159ivov\u00e1\" \/>\n<meta name=\"twitter:card\" content=\"summary_large_image\" \/>\n<meta name=\"twitter:label1\" content=\"Napsal(a)\" \/>\n\t<meta name=\"twitter:data1\" content=\"Barbora Kop\u0159ivov\u00e1\" \/>\n\t<meta name=\"twitter:label2\" content=\"Odhadovan\u00e1 doba \u010dten\u00ed\" \/>\n\t<meta name=\"twitter:data2\" content=\"3 minuty\" \/>\n<script type=\"application\/ld+json\" class=\"yoast-schema-graph\">{\"@context\":\"https:\\\/\\\/schema.org\",\"@graph\":[{\"@type\":\"Article\",\"@id\":\"https:\\\/\\\/www.karaoketexty.cz\\\/magazin\\\/u-daniela-landy-zasahovali-hasici-kdyz-nebyl-doma-vypalovani-vosiho-hnizda-skoncilo-pozarem-strechy\\\/#article\",\"isPartOf\":{\"@id\":\"https:\\\/\\\/www.karaoketexty.cz\\\/magazin\\\/u-daniela-landy-zasahovali-hasici-kdyz-nebyl-doma-vypalovani-vosiho-hnizda-skoncilo-pozarem-strechy\\\/\"},\"author\":{\"name\":\"Barbora Kop\u0159ivov\u00e1\",\"@id\":\"https:\\\/\\\/www.karaoketexty.cz\\\/magazin\\\/#\\\/schema\\\/person\\\/37c0164a04038267c8a56ad6d60df749\"},\"headline\":\"U Daniela Landy zasahovali hasi\u010di kdy\u017e nebyl doma: Vypalov\u00e1n\u00ed vos\u00edho hn\u00edzda skon\u010dilo po\u017e\u00e1rem st\u0159echy\",\"datePublished\":\"2026-08-31T06:43:00+00:00\",\"mainEntityOfPage\":{\"@id\":\"https:\\\/\\\/www.karaoketexty.cz\\\/magazin\\\/u-daniela-landy-zasahovali-hasici-kdyz-nebyl-doma-vypalovani-vosiho-hnizda-skoncilo-pozarem-strechy\\\/\"},\"wordCount\":727,\"commentCount\":0,\"image\":{\"@id\":\"https:\\\/\\\/www.karaoketexty.cz\\\/magazin\\\/u-daniela-landy-zasahovali-hasici-kdyz-nebyl-doma-vypalovani-vosiho-hnizda-skoncilo-pozarem-strechy\\\/#primaryimage\"},\"thumbnailUrl\":\"https:\\\/\\\/www.karaoketexty.cz\\\/magazin\\\/wp-content\\\/uploads\\\/2026\\\/08\\\/daniel-landa.jpg\",\"keywords\":[\"\u010desk\u00e1 hudba\",\"Daniel Landa\",\"festival Hrady CZ\",\"Hasi\u010di Praha\",\"historick\u00e1 pam\u00e1tka\",\"kultura\",\"Mirjam Landa\",\"po\u017e\u00e1rn\u00ed z\u00e1sah\",\"ud\u00e1lost\",\"vypalov\u00e1n\u00ed vos\u00edho hn\u00edzda\",\"Vy\u0161ehrad\"],\"articleSection\":[\"Celebrity\"],\"inLanguage\":\"cs\",\"potentialAction\":[{\"@type\":\"CommentAction\",\"name\":\"Comment\",\"target\":[\"https:\\\/\\\/www.karaoketexty.cz\\\/magazin\\\/u-daniela-landy-zasahovali-hasici-kdyz-nebyl-doma-vypalovani-vosiho-hnizda-skoncilo-pozarem-strechy\\\/#respond\"]}]},{\"@type\":\"WebPage\",\"@id\":\"https:\\\/\\\/www.karaoketexty.cz\\\/magazin\\\/u-daniela-landy-zasahovali-hasici-kdyz-nebyl-doma-vypalovani-vosiho-hnizda-skoncilo-pozarem-strechy\\\/\",\"url\":\"https:\\\/\\\/www.karaoketexty.cz\\\/magazin\\\/u-daniela-landy-zasahovali-hasici-kdyz-nebyl-doma-vypalovani-vosiho-hnizda-skoncilo-pozarem-strechy\\\/\",\"name\":\"Daniel Landa: Hasi\u010di u n\u011bj zasahovali kv\u016fli vos\u00e1m\",\"isPartOf\":{\"@id\":\"https:\\\/\\\/www.karaoketexty.cz\\\/magazin\\\/#website\"},\"primaryImageOfPage\":{\"@id\":\"https:\\\/\\\/www.karaoketexty.cz\\\/magazin\\\/u-daniela-landy-zasahovali-hasici-kdyz-nebyl-doma-vypalovani-vosiho-hnizda-skoncilo-pozarem-strechy\\\/#primaryimage\"},\"image\":{\"@id\":\"https:\\\/\\\/www.karaoketexty.cz\\\/magazin\\\/u-daniela-landy-zasahovali-hasici-kdyz-nebyl-doma-vypalovani-vosiho-hnizda-skoncilo-pozarem-strechy\\\/#primaryimage\"},\"thumbnailUrl\":\"https:\\\/\\\/www.karaoketexty.cz\\\/magazin\\\/wp-content\\\/uploads\\\/2026\\\/08\\\/daniel-landa.jpg\",\"datePublished\":\"2026-08-31T06:43:00+00:00\",\"author\":{\"@id\":\"https:\\\/\\\/www.karaoketexty.cz\\\/magazin\\\/#\\\/schema\\\/person\\\/37c0164a04038267c8a56ad6d60df749\"},\"description\":\"Pra\u017e\u0161t\u00ed hasi\u010di zasahovali v historick\u00e9m dom\u011b Daniela Landy na Vy\u0161ehrad\u011b. St\u0159echa chytla p\u0159i pokusu o vypalov\u00e1n\u00ed vos\u00edho hn\u00edzda.\",\"breadcrumb\":{\"@id\":\"https:\\\/\\\/www.karaoketexty.cz\\\/magazin\\\/u-daniela-landy-zasahovali-hasici-kdyz-nebyl-doma-vypalovani-vosiho-hnizda-skoncilo-pozarem-strechy\\\/#breadcrumb\"},\"inLanguage\":\"cs\",\"potentialAction\":[{\"@type\":\"ReadAction\",\"target\":[\"https:\\\/\\\/www.karaoketexty.cz\\\/magazin\\\/u-daniela-landy-zasahovali-hasici-kdyz-nebyl-doma-vypalovani-vosiho-hnizda-skoncilo-pozarem-strechy\\\/\"]}]},{\"@type\":\"ImageObject\",\"inLanguage\":\"cs\",\"@id\":\"https:\\\/\\\/www.karaoketexty.cz\\\/magazin\\\/u-daniela-landy-zasahovali-hasici-kdyz-nebyl-doma-vypalovani-vosiho-hnizda-skoncilo-pozarem-strechy\\\/#primaryimage\",\"url\":\"https:\\\/\\\/www.karaoketexty.cz\\\/magazin\\\/wp-content\\\/uploads\\\/2026\\\/08\\\/daniel-landa.jpg\",\"contentUrl\":\"https:\\\/\\\/www.karaoketexty.cz\\\/magazin\\\/wp-content\\\/uploads\\\/2026\\\/08\\\/daniel-landa.jpg\",\"width\":1200,\"height\":675,\"caption\":\"Fotografie: Nextfoto\"},{\"@type\":\"BreadcrumbList\",\"@id\":\"https:\\\/\\\/www.karaoketexty.cz\\\/magazin\\\/u-daniela-landy-zasahovali-hasici-kdyz-nebyl-doma-vypalovani-vosiho-hnizda-skoncilo-pozarem-strechy\\\/#breadcrumb\",\"itemListElement\":[{\"@type\":\"ListItem\",\"position\":1,\"name\":\"Dom\u016f\",\"item\":\"https:\\\/\\\/www.karaoketexty.cz\\\/magazin\\\/\"},{\"@type\":\"ListItem\",\"position\":2,\"name\":\"U Daniela Landy zasahovali hasi\u010di kdy\u017e nebyl doma: Vypalov\u00e1n\u00ed vos\u00edho hn\u00edzda skon\u010dilo po\u017e\u00e1rem st\u0159echy\"}]},{\"@type\":\"WebSite\",\"@id\":\"https:\\\/\\\/www.karaoketexty.cz\\\/magazin\\\/#website\",\"url\":\"https:\\\/\\\/www.karaoketexty.cz\\\/magazin\\\/\",\"name\":\"Stars Magaz\u00edn Karaoketexty.cz\",\"description\":\"Stars Magaz\u00edn na Karaoketexty.cz je zam\u011b\u0159en\u00fd na novinky ze sv\u011bta hudby a celebrit. Obsahuje \u010dl\u00e1nky o zp\u011bv\u00e1c\u00edch, kapel\u00e1ch, nov\u00fdch albech, hudebn\u00edch trendech a dal\u0161\u00edch zaj\u00edmavostech z hudebn\u00edho pr\u016fmyslu.\",\"potentialAction\":[{\"@type\":\"SearchAction\",\"target\":{\"@type\":\"EntryPoint\",\"urlTemplate\":\"https:\\\/\\\/www.karaoketexty.cz\\\/magazin\\\/?s={search_term_string}\"},\"query-input\":{\"@type\":\"PropertyValueSpecification\",\"valueRequired\":true,\"valueName\":\"search_term_string\"}}],\"inLanguage\":\"cs\"},{\"@type\":\"Person\",\"@id\":\"https:\\\/\\\/www.karaoketexty.cz\\\/magazin\\\/#\\\/schema\\\/person\\\/37c0164a04038267c8a56ad6d60df749\",\"name\":\"Barbora Kop\u0159ivov\u00e1\",\"image\":{\"@type\":\"ImageObject\",\"inLanguage\":\"cs\",\"@id\":\"https:\\\/\\\/secure.gravatar.com\\\/avatar\\\/ad2ef9810228386d580851ef4bdde76abaa96054ff5b068c8873bc91afb2df84?s=96&d=mm&r=g\",\"url\":\"https:\\\/\\\/secure.gravatar.com\\\/avatar\\\/ad2ef9810228386d580851ef4bdde76abaa96054ff5b068c8873bc91afb2df84?s=96&d=mm&r=g\",\"contentUrl\":\"https:\\\/\\\/secure.gravatar.com\\\/avatar\\\/ad2ef9810228386d580851ef4bdde76abaa96054ff5b068c8873bc91afb2df84?s=96&d=mm&r=g\",\"caption\":\"Barbora Kop\u0159ivov\u00e1\"},\"url\":\"https:\\\/\\\/www.karaoketexty.cz\\\/magazin\\\/author\\\/barborakoprivova\\\/\"}]}<\/script>\n<!-- \/ Yoast SEO plugin. -->","yoast_head_json":{"title":"Daniel Landa: Hasi\u010di u n\u011bj zasahovali kv\u016fli vos\u00e1m","description":"Pra\u017e\u0161t\u00ed hasi\u010di zasahovali v historick\u00e9m dom\u011b Daniela Landy na Vy\u0161ehrad\u011b. St\u0159echa chytla p\u0159i pokusu o vypalov\u00e1n\u00ed vos\u00edho hn\u00edzda.","robots":{"index":"index","follow":"follow","max-snippet":"max-snippet:-1","max-image-preview":"max-image-preview:large","max-video-preview":"max-video-preview:-1"},"canonical":"https:\/\/www.karaoketexty.cz\/magazin\/u-daniela-landy-zasahovali-hasici-kdyz-nebyl-doma-vypalovani-vosiho-hnizda-skoncilo-pozarem-strechy\/","og_locale":"cs_CZ","og_type":"article","og_title":"Daniel Landa: Hasi\u010di u n\u011bj zasahovali kv\u016fli vos\u00e1m","og_description":"Pra\u017e\u0161t\u00ed hasi\u010di zasahovali v historick\u00e9m dom\u011b Daniela Landy na Vy\u0161ehrad\u011b. St\u0159echa chytla p\u0159i pokusu o vypalov\u00e1n\u00ed vos\u00edho hn\u00edzda.","og_url":"https:\/\/www.karaoketexty.cz\/magazin\/u-daniela-landy-zasahovali-hasici-kdyz-nebyl-doma-vypalovani-vosiho-hnizda-skoncilo-pozarem-strechy\/","og_site_name":"Stars Magaz\u00edn Karaoketexty.cz","article_published_time":"2026-08-31T06:43:00+00:00","og_image":[{"width":1200,"height":675,"url":"https:\/\/www.karaoketexty.cz\/magazin\/wp-content\/uploads\/2026\/08\/daniel-landa.jpg","type":"image\/jpeg"}],"author":"Barbora Kop\u0159ivov\u00e1","twitter_card":"summary_large_image","twitter_misc":{"Napsal(a)":"Barbora Kop\u0159ivov\u00e1","Odhadovan\u00e1 doba \u010dten\u00ed":"3 minuty"},"schema":{"@context":"https:\/\/schema.org","@graph":[{"@type":"Article","@id":"https:\/\/www.karaoketexty.cz\/magazin\/u-daniela-landy-zasahovali-hasici-kdyz-nebyl-doma-vypalovani-vosiho-hnizda-skoncilo-pozarem-strechy\/#article","isPartOf":{"@id":"https:\/\/www.karaoketexty.cz\/magazin\/u-daniela-landy-zasahovali-hasici-kdyz-nebyl-doma-vypalovani-vosiho-hnizda-skoncilo-pozarem-strechy\/"},"author":{"name":"Barbora Kop\u0159ivov\u00e1","@id":"https:\/\/www.karaoketexty.cz\/magazin\/#\/schema\/person\/37c0164a04038267c8a56ad6d60df749"},"headline":"U Daniela Landy zasahovali hasi\u010di kdy\u017e nebyl doma: Vypalov\u00e1n\u00ed vos\u00edho hn\u00edzda skon\u010dilo po\u017e\u00e1rem st\u0159echy","datePublished":"2026-08-31T06:43:00+00:00","mainEntityOfPage":{"@id":"https:\/\/www.karaoketexty.cz\/magazin\/u-daniela-landy-zasahovali-hasici-kdyz-nebyl-doma-vypalovani-vosiho-hnizda-skoncilo-pozarem-strechy\/"},"wordCount":727,"commentCount":0,"image":{"@id":"https:\/\/www.karaoketexty.cz\/magazin\/u-daniela-landy-zasahovali-hasici-kdyz-nebyl-doma-vypalovani-vosiho-hnizda-skoncilo-pozarem-strechy\/#primaryimage"},"thumbnailUrl":"https:\/\/www.karaoketexty.cz\/magazin\/wp-content\/uploads\/2026\/08\/daniel-landa.jpg","keywords":["\u010desk\u00e1 hudba","Daniel Landa","festival Hrady CZ","Hasi\u010di Praha","historick\u00e1 pam\u00e1tka","kultura","Mirjam Landa","po\u017e\u00e1rn\u00ed z\u00e1sah","ud\u00e1lost","vypalov\u00e1n\u00ed vos\u00edho hn\u00edzda","Vy\u0161ehrad"],"articleSection":["Celebrity"],"inLanguage":"cs","potentialAction":[{"@type":"CommentAction","name":"Comment","target":["https:\/\/www.karaoketexty.cz\/magazin\/u-daniela-landy-zasahovali-hasici-kdyz-nebyl-doma-vypalovani-vosiho-hnizda-skoncilo-pozarem-strechy\/#respond"]}]},{"@type":"WebPage","@id":"https:\/\/www.karaoketexty.cz\/magazin\/u-daniela-landy-zasahovali-hasici-kdyz-nebyl-doma-vypalovani-vosiho-hnizda-skoncilo-pozarem-strechy\/","url":"https:\/\/www.karaoketexty.cz\/magazin\/u-daniela-landy-zasahovali-hasici-kdyz-nebyl-doma-vypalovani-vosiho-hnizda-skoncilo-pozarem-strechy\/","name":"Daniel Landa: Hasi\u010di u n\u011bj zasahovali kv\u016fli vos\u00e1m","isPartOf":{"@id":"https:\/\/www.karaoketexty.cz\/magazin\/#website"},"primaryImageOfPage":{"@id":"https:\/\/www.karaoketexty.cz\/magazin\/u-daniela-landy-zasahovali-hasici-kdyz-nebyl-doma-vypalovani-vosiho-hnizda-skoncilo-pozarem-strechy\/#primaryimage"},"image":{"@id":"https:\/\/www.karaoketexty.cz\/magazin\/u-daniela-landy-zasahovali-hasici-kdyz-nebyl-doma-vypalovani-vosiho-hnizda-skoncilo-pozarem-strechy\/#primaryimage"},"thumbnailUrl":"https:\/\/www.karaoketexty.cz\/magazin\/wp-content\/uploads\/2026\/08\/daniel-landa.jpg","datePublished":"2026-08-31T06:43:00+00:00","author":{"@id":"https:\/\/www.karaoketexty.cz\/magazin\/#\/schema\/person\/37c0164a04038267c8a56ad6d60df749"},"description":"Pra\u017e\u0161t\u00ed hasi\u010di zasahovali v historick\u00e9m dom\u011b Daniela Landy na Vy\u0161ehrad\u011b. St\u0159echa chytla p\u0159i pokusu o vypalov\u00e1n\u00ed vos\u00edho hn\u00edzda.","breadcrumb":{"@id":"https:\/\/www.karaoketexty.cz\/magazin\/u-daniela-landy-zasahovali-hasici-kdyz-nebyl-doma-vypalovani-vosiho-hnizda-skoncilo-pozarem-strechy\/#breadcrumb"},"inLanguage":"cs","potentialAction":[{"@type":"ReadAction","target":["https:\/\/www.karaoketexty.cz\/magazin\/u-daniela-landy-zasahovali-hasici-kdyz-nebyl-doma-vypalovani-vosiho-hnizda-skoncilo-pozarem-strechy\/"]}]},{"@type":"ImageObject","inLanguage":"cs","@id":"https:\/\/www.karaoketexty.cz\/magazin\/u-daniela-landy-zasahovali-hasici-kdyz-nebyl-doma-vypalovani-vosiho-hnizda-skoncilo-pozarem-strechy\/#primaryimage","url":"https:\/\/www.karaoketexty.cz\/magazin\/wp-content\/uploads\/2026\/08\/daniel-landa.jpg","contentUrl":"https:\/\/www.karaoketexty.cz\/magazin\/wp-content\/uploads\/2026\/08\/daniel-landa.jpg","width":1200,"height":675,"caption":"Fotografie: Nextfoto"},{"@type":"BreadcrumbList","@id":"https:\/\/www.karaoketexty.cz\/magazin\/u-daniela-landy-zasahovali-hasici-kdyz-nebyl-doma-vypalovani-vosiho-hnizda-skoncilo-pozarem-strechy\/#breadcrumb","itemListElement":[{"@type":"ListItem","position":1,"name":"Dom\u016f","item":"https:\/\/www.karaoketexty.cz\/magazin\/"},{"@type":"ListItem","position":2,"name":"U Daniela Landy zasahovali hasi\u010di kdy\u017e nebyl doma: Vypalov\u00e1n\u00ed vos\u00edho hn\u00edzda skon\u010dilo po\u017e\u00e1rem st\u0159echy"}]},{"@type":"WebSite","@id":"https:\/\/www.karaoketexty.cz\/magazin\/#website","url":"https:\/\/www.karaoketexty.cz\/magazin\/","name":"Stars Magaz\u00edn Karaoketexty.cz","description":"Stars Magaz\u00edn na Karaoketexty.cz je zam\u011b\u0159en\u00fd na novinky ze sv\u011bta hudby a celebrit. Obsahuje \u010dl\u00e1nky o zp\u011bv\u00e1c\u00edch, kapel\u00e1ch, nov\u00fdch albech, hudebn\u00edch trendech a dal\u0161\u00edch zaj\u00edmavostech z hudebn\u00edho pr\u016fmyslu.","potentialAction":[{"@type":"SearchAction","target":{"@type":"EntryPoint","urlTemplate":"https:\/\/www.karaoketexty.cz\/magazin\/?s={search_term_string}"},"query-input":{"@type":"PropertyValueSpecification","valueRequired":true,"valueName":"search_term_string"}}],"inLanguage":"cs"},{"@type":"Person","@id":"https:\/\/www.karaoketexty.cz\/magazin\/#\/schema\/person\/37c0164a04038267c8a56ad6d60df749","name":"Barbora Kop\u0159ivov\u00e1","image":{"@type":"ImageObject","inLanguage":"cs","@id":"https:\/\/secure.gravatar.com\/avatar\/ad2ef9810228386d580851ef4bdde76abaa96054ff5b068c8873bc91afb2df84?s=96&d=mm&r=g","url":"https:\/\/secure.gravatar.com\/avatar\/ad2ef9810228386d580851ef4bdde76abaa96054ff5b068c8873bc91afb2df84?s=96&d=mm&r=g","contentUrl":"https:\/\/secure.gravatar.com\/avatar\/ad2ef9810228386d580851ef4bdde76abaa96054ff5b068c8873bc91afb2df84?s=96&d=mm&r=g","caption":"Barbora Kop\u0159ivov\u00e1"},"url":"https:\/\/www.karaoketexty.cz\/magazin\/author\/barborakoprivova\/"}]}},"_links":{"self":[{"href":"https:\/\/www.karaoketexty.cz\/magazin\/wp-json\/wp\/v2\/posts\/17485","targetHints":{"allow":["GET"]}}],"collection":[{"href":"https:\/\/www.karaoketexty.cz\/magazin\/wp-json\/wp\/v2\/posts"}],"about":[{"href":"https:\/\/www.karaoketexty.cz\/magazin\/wp-json\/wp\/v2\/types\/post"}],"author":[{"embeddable":true,"href":"https:\/\/www.karaoketexty.cz\/magazin\/wp-json\/wp\/v2\/users\/4"}],"replies":[{"embeddable":true,"href":"https:\/\/www.karaoketexty.cz\/magazin\/wp-json\/wp\/v2\/comments?post=17485"}],"version-history":[{"count":4,"href":"https:\/\/www.karaoketexty.cz\/magazin\/wp-json\/wp\/v2\/posts\/17485\/revisions"}],"predecessor-version":[{"id":18193,"href":"https:\/\/www.karaoketexty.cz\/magazin\/wp-json\/wp\/v2\/posts\/17485\/revisions\/18193"}],"wp:featuredmedia":[{"embeddable":true,"href":"https:\/\/www.karaoketexty.cz\/magazin\/wp-json\/wp\/v2\/media\/17487"}],"wp:attachment":[{"href":"https:\/\/www.karaoketexty.cz\/magazin\/wp-json\/wp\/v2\/media?parent=17485"}],"wp:term":[{"taxonomy":"category","embeddable":true,"href":"https:\/\/www.karaoketexty.cz\/magazin\/wp-json\/wp\/v2\/categories?post=17485"},{"taxonomy":"post_tag","embeddable":true,"href":"https:\/\/www.karaoketexty.cz\/magazin\/wp-json\/wp\/v2\/tags?post=17485"}],"curies":[{"name":"wp","href":"https:\/\/api.w.org\/{rel}","templated":true}]}}