{"id":1734,"date":"2025-07-28T15:39:00","date_gmt":"2025-07-28T13:39:00","guid":{"rendered":"https:\/\/www.karaoketexty.cz\/magazin\/?p=1734"},"modified":"2025-07-28T15:03:36","modified_gmt":"2025-07-28T13:03:36","slug":"bono-se-vraci-ve-velkem-stylu-u2-chystaji-nove-album","status":"publish","type":"post","link":"https:\/\/www.karaoketexty.cz\/magazin\/bono-se-vraci-ve-velkem-stylu-u2-chystaji-nove-album\/","title":{"rendered":"Bono ozn\u00e1mil velk\u00fd n\u00e1vrat U2: Chystaj\u00ed nov\u00e9 album a maj\u00ed hotov\u00fdch 25 skv\u011bl\u00fdch p\u00edsn\u00ed"},"content":{"rendered":"\n<p>Frontman legend\u00e1rn\u00ed kapely U2 ozn\u00e1mil, \u017ee maj\u00ed p\u0159ipraveno 25 nov\u00fdch skladeb. Bono se tak znovu hl\u00e1s\u00ed o slovo.<\/p>\n\n\n\n<p>Frontman U2, Bono, minul\u00fd m\u011bs\u00edc prohl\u00e1sil, \u017ee m\u00e1 skupina v z\u00e1sob\u011b dvacet p\u011bt skladeb, kter\u00e9 poslou\u017e\u00ed jako z\u00e1klad dal\u0161\u00edho alba. Pr\u00fd pracuj\u00ed dlouho do noci a n\u011bkdy i balancuj\u00ed na hran\u011b zdrav\u00ed. U2 tak\u00e9 pl\u00e1nuje speci\u00e1ln\u00ed edici k albu Achtung Baby, kter\u00e1 by mohla doplnit nov\u00e9 album. Kapela je pr\u00fd \u201ep\u0159ipraven\u00e1 na budoucnost\u201c, \u010d\u00edm\u017e potvrdil, \u017ee po letech stagnace se chyst\u00e1 op\u011bt prosadit. Na Karaoketexty jsme se pod\u00edvali i na to, \u010demu se Bono posledn\u00ed dobou v\u011bnoval.<\/p>\n\n\n<!-- karaoketexty.cz \/ rectangle2 -->\n<div id=\"PX_37086_709110796310826\"><\/div>\n<script>\n   if(!useMobileAds && !boolUseSeznamAds && !hideAllAds){\n     window.px2 = window.px2 || { conf: {},queue: [] };\n     px2.queue.push(function () {\n        px2.render({\n           slot: {\n              id: 37086\n           },\n            elem: \"PX_37086_709110796310826\"\n        })\n     });\n  }\n<\/script>\n\n<!-- karaoketexty.cz \/ mobile-rectangle3 -->\n<div id=\"PX_37044_714599773297004\"><\/div>\n<script>\n   if(useMobileAds && !boolUseSeznamAds && !hideAllAds){\nwindow.px2 = window.px2 || { conf: {},queue: [] };\npx2.queue.push(function () {\n\tpx2.render({\n\t\tslot: {\n\t\t\tid: 37044\n\t\t},\n\t\telem: \"PX_37044_714599773297004\"\n\t})\n});\n}\n<\/script>\n\n\n<h2 class=\"wp-block-heading\">Po dokumentu p\u0159\u00edprava nov\u00e9ho alba<\/h2>\n\n\n\n<p>V rozhovoru pro Apple Music Bono p\u0159iznal: <em>\u201eEdge \u0159ekl, \u017ee m\u00e1m 25 skv\u011bl\u00fdch p\u00edsn\u00ed\u2026 Nem\u00e1m r\u00e1d dlouh\u00e1 alba, tak\u017ee je zkr\u00e1t\u00edme na 15.\u201c <\/em>Fanou\u0161ci se ur\u010dit\u011b maj\u00ed na co t\u011b\u0161it, proto\u017ee Bono prost\u011b nezah\u00e1l\u00ed. Ned\u00e1vno vydan\u00fd dokument \u201eBono: Stories of Surrender\u201c odhalil jeho ukryt\u00e9 emoce a zran\u011bn\u00ed z d\u011btstv\u00ed. V \u010dernob\u00edl\u00e9m monologu vzpom\u00ednal na matku i na t\u011b\u017ek\u00fd vztah s otcem. Podle kritik\u016f p\u016fsobil up\u0159\u00edmn\u011b i zraniteln\u011b. Bono p\u0159iznal, \u017ee se b\u011bhem \u017eivota musel poprat se sv\u00fdmi vnit\u0159n\u00edmi d\u00e9mony, aby zvl\u00e1dl j\u00edt d\u00e1l.<\/p>\n\n\n<!-- karaoketexty.cz \/ interscroller1 -->\n\n<div id=\"PX_37041_825057871452834\"><\/div>\n<script>\nif(useMobileAds && !boolUseSeznamAds && !hideAllAds){\n\twindow.px2 = window.px2 || { conf: {},queue: [] };\n\tpx2.queue.push(function () {\n\t\tpx2.render({\n\t\t\tslot: {\n\t\t\t\tid: 37041\n\t\t\t},\n\t\t\telem: \"PX_37041_825057871452834\"\n\t\t})\n\t});\n}\n<\/script>\n\n\n<h2 class=\"wp-block-heading\">Kontroverze a kritika se mu nevyhnuly<\/h2>\n\n\n\n<p>A\u010dkoli je Bono oce\u0148ovan\u00fd aktivista (22 cen Grammy, dr\u017eitel \u0158\u00e1du \u010destn\u00e9 legie, Presidential Medal of Freedom a dal\u0161\u00edch), ob\u010das \u010del\u00ed kritice. Jedno z obvin\u011bn\u00ed se t\u00fdkalo kup\u0159\u00edkladu dan\u00ed a \u00fadajn\u00e9ho obch\u00e1zen\u00ed africk\u00fdch podnikatel\u016f p\u0159i charit\u011b, jak uvedl web The Independent. Kontroverzn\u00ed byla i distribuce alba \u201eSongs of Innocence\u201c, kter\u00e9 U2 zdarma nacpali do iTunes knihovny, co\u017e mnoz\u00ed pova\u017eovali za vnucov\u00e1n\u00ed.<\/p>\n\n\n\n<blockquote class=\"instagram-media\" data-instgrm-captioned data-instgrm-permalink=\"https:\/\/www.instagram.com\/p\/DJARJntzdij\/?utm_source=ig_embed&amp;utm_campaign=loading\" data-instgrm-version=\"14\" style=\" background:#FFF; border:0; border-radius:3px; box-shadow:0 0 1px 0 rgba(0,0,0,0.5),0 1px 10px 0 rgba(0,0,0,0.15); margin: 1px; max-width:540px; min-width:326px; padding:0; width:99.375%; width:-webkit-calc(100% - 2px); width:calc(100% - 2px);\"><div style=\"padding:16px;\"> <a href=\"https:\/\/www.instagram.com\/p\/DJARJntzdij\/?utm_source=ig_embed&amp;utm_campaign=loading\" style=\" background:#FFFFFF; line-height:0; padding:0 0; text-align:center; text-decoration:none; width:100%;\" target=\"_blank\"> <div style=\" display: flex; flex-direction: row; align-items: center;\"> <div style=\"background-color: #F4F4F4; border-radius: 50%; flex-grow: 0; height: 40px; margin-right: 14px; width: 40px;\"><\/div> <div style=\"display: flex; flex-direction: column; flex-grow: 1; justify-content: center;\"> <div style=\" background-color: #F4F4F4; border-radius: 4px; flex-grow: 0; height: 14px; margin-bottom: 6px; width: 100px;\"><\/div> <div style=\" background-color: #F4F4F4; border-radius: 4px; flex-grow: 0; height: 14px; width: 60px;\"><\/div><\/div><\/div><div style=\"padding: 19% 0;\"><\/div> <div style=\"display:block; height:50px; margin:0 auto 12px; width:50px;\"><svg width=\"50px\" height=\"50px\" viewBox=\"0 0 60 60\" version=\"1.1\" xmlns=\"https:\/\/www.w3.org\/2000\/svg\" xmlns:xlink=\"https:\/\/www.w3.org\/1999\/xlink\"><g stroke=\"none\" stroke-width=\"1\" fill=\"none\" fill-rule=\"evenodd\"><g transform=\"translate(-511.000000, -20.000000)\" fill=\"#000000\"><g><path d=\"M556.869,30.41 C554.814,30.41 553.148,32.076 553.148,34.131 C553.148,36.186 554.814,37.852 556.869,37.852 C558.924,37.852 560.59,36.186 560.59,34.131 C560.59,32.076 558.924,30.41 556.869,30.41 M541,60.657 C535.114,60.657 530.342,55.887 530.342,50 C530.342,44.114 535.114,39.342 541,39.342 C546.887,39.342 551.658,44.114 551.658,50 C551.658,55.887 546.887,60.657 541,60.657 M541,33.886 C532.1,33.886 524.886,41.1 524.886,50 C524.886,58.899 532.1,66.113 541,66.113 C549.9,66.113 557.115,58.899 557.115,50 C557.115,41.1 549.9,33.886 541,33.886 M565.378,62.101 C565.244,65.022 564.756,66.606 564.346,67.663 C563.803,69.06 563.154,70.057 562.106,71.106 C561.058,72.155 560.06,72.803 558.662,73.347 C557.607,73.757 556.021,74.244 553.102,74.378 C549.944,74.521 548.997,74.552 541,74.552 C533.003,74.552 532.056,74.521 528.898,74.378 C525.979,74.244 524.393,73.757 523.338,73.347 C521.94,72.803 520.942,72.155 519.894,71.106 C518.846,70.057 518.197,69.06 517.654,67.663 C517.244,66.606 516.755,65.022 516.623,62.101 C516.479,58.943 516.448,57.996 516.448,50 C516.448,42.003 516.479,41.056 516.623,37.899 C516.755,34.978 517.244,33.391 517.654,32.338 C518.197,30.938 518.846,29.942 519.894,28.894 C520.942,27.846 521.94,27.196 523.338,26.654 C524.393,26.244 525.979,25.756 528.898,25.623 C532.057,25.479 533.004,25.448 541,25.448 C548.997,25.448 549.943,25.479 553.102,25.623 C556.021,25.756 557.607,26.244 558.662,26.654 C560.06,27.196 561.058,27.846 562.106,28.894 C563.154,29.942 563.803,30.938 564.346,32.338 C564.756,33.391 565.244,34.978 565.378,37.899 C565.522,41.056 565.552,42.003 565.552,50 C565.552,57.996 565.522,58.943 565.378,62.101 M570.82,37.631 C570.674,34.438 570.167,32.258 569.425,30.349 C568.659,28.377 567.633,26.702 565.965,25.035 C564.297,23.368 562.623,22.342 560.652,21.575 C558.743,20.834 556.562,20.326 553.369,20.18 C550.169,20.033 549.148,20 541,20 C532.853,20 531.831,20.033 528.631,20.18 C525.438,20.326 523.257,20.834 521.349,21.575 C519.376,22.342 517.703,23.368 516.035,25.035 C514.368,26.702 513.342,28.377 512.574,30.349 C511.834,32.258 511.326,34.438 511.181,37.631 C511.035,40.831 511,41.851 511,50 C511,58.147 511.035,59.17 511.181,62.369 C511.326,65.562 511.834,67.743 512.574,69.651 C513.342,71.625 514.368,73.296 516.035,74.965 C517.703,76.634 519.376,77.658 521.349,78.425 C523.257,79.167 525.438,79.673 528.631,79.82 C531.831,79.965 532.853,80.001 541,80.001 C549.148,80.001 550.169,79.965 553.369,79.82 C556.562,79.673 558.743,79.167 560.652,78.425 C562.623,77.658 564.297,76.634 565.965,74.965 C567.633,73.296 568.659,71.625 569.425,69.651 C570.167,67.743 570.674,65.562 570.82,62.369 C570.966,59.17 571,58.147 571,50 C571,41.851 570.966,40.831 570.82,37.631\"><\/path><\/g><\/g><\/g><\/svg><\/div><div style=\"padding-top: 8px;\"> <div style=\" color:#3897f0; font-family:Arial,sans-serif; font-size:14px; font-style:normal; font-weight:550; line-height:18px;\">Zobrazit p\u0159\u00edsp\u011bvek na Instagramu<\/div><\/div><div style=\"padding: 12.5% 0;\"><\/div> <div style=\"display: flex; flex-direction: row; margin-bottom: 14px; align-items: center;\"><div> <div style=\"background-color: #F4F4F4; border-radius: 50%; height: 12.5px; width: 12.5px; transform: translateX(0px) translateY(7px);\"><\/div> <div style=\"background-color: #F4F4F4; height: 12.5px; transform: rotate(-45deg) translateX(3px) translateY(1px); width: 12.5px; flex-grow: 0; margin-right: 14px; margin-left: 2px;\"><\/div> <div style=\"background-color: #F4F4F4; border-radius: 50%; height: 12.5px; width: 12.5px; transform: translateX(9px) translateY(-18px);\"><\/div><\/div><div style=\"margin-left: 8px;\"> <div style=\" background-color: #F4F4F4; border-radius: 50%; flex-grow: 0; height: 20px; width: 20px;\"><\/div> <div style=\" width: 0; height: 0; border-top: 2px solid transparent; border-left: 6px solid #f4f4f4; border-bottom: 2px solid transparent; transform: translateX(16px) translateY(-4px) rotate(30deg)\"><\/div><\/div><div style=\"margin-left: auto;\"> <div style=\" width: 0px; border-top: 8px solid #F4F4F4; border-right: 8px solid transparent; transform: translateY(16px);\"><\/div> <div style=\" background-color: #F4F4F4; flex-grow: 0; height: 12px; width: 16px; transform: translateY(-4px);\"><\/div> <div style=\" width: 0; height: 0; border-top: 8px solid #F4F4F4; border-left: 8px solid transparent; transform: translateY(-4px) translateX(8px);\"><\/div><\/div><\/div> <div style=\"display: flex; flex-direction: column; flex-grow: 1; justify-content: center; margin-bottom: 24px;\"> <div style=\" background-color: #F4F4F4; border-radius: 4px; flex-grow: 0; height: 14px; margin-bottom: 6px; width: 224px;\"><\/div> <div style=\" background-color: #F4F4F4; border-radius: 4px; flex-grow: 0; height: 14px; width: 144px;\"><\/div><\/div><\/a><p style=\" color:#c9c8cd; font-family:Arial,sans-serif; font-size:14px; line-height:17px; margin-bottom:0; margin-top:8px; overflow:hidden; padding:8px 0 7px; text-align:center; text-overflow:ellipsis; white-space:nowrap;\"><a href=\"https:\/\/www.instagram.com\/p\/DJARJntzdij\/?utm_source=ig_embed&amp;utm_campaign=loading\" style=\" color:#c9c8cd; font-family:Arial,sans-serif; font-size:14px; font-style:normal; font-weight:normal; line-height:17px; text-decoration:none;\" target=\"_blank\">P\u0159\u00edsp\u011bvek sd\u00edlen\u00fd U2 (@u2)<\/a><\/p><\/div><\/blockquote>\n<script async src=\"\/\/www.instagram.com\/embed.js\"><\/script>\n\n\n\n<p>Se svou \u017eenou Ali Hewson je Bono u\u017e od roku 1982. V rozhovoru p\u0159izn\u00e1v\u00e1, \u017ee jejich svazek je jako \u201e\u0161tafetov\u00fd b\u011bh\u201c \u2013 n\u011bkdy p\u0159ebere veden\u00ed ona, jindy on. Podle autora memo\u00e1ru \u201eSurrender\u201c zvl\u00e1dl zpracovat osobn\u00ed traumata z otcovy kritiky a ztr\u00e1ty matky. Uzdravil s\u00e1m sebe a d\u00edky tomu se mu v \u017eivot\u011b da\u0159\u00ed.<\/p>\n\n\n\n<h2 class=\"wp-block-heading\">Aktivista, podnikatel, hudebn\u00edk<\/h2>\n\n\n\n<p>Vedle U2 Bono zalo\u017eil spolky typu DATA, ONE \u010di Product (RED), anga\u017euje se proti chudob\u011b a AIDS. Investoval tak\u00e9 do hotelu Clarence v Dublinu a zast\u00e1val roli v soukrom\u00fdch investi\u010dn\u00edch firm\u00e1ch jako Elevation Partners. P\u0159esto si udr\u017euje autentick\u00fd hlas. P\u0159izn\u00e1v\u00e1, \u017ee ve sv\u00e9 tvorb\u011b i aktivismu um\u00ed vystoupit z komfortn\u00ed z\u00f3ny a do jist\u00e9 m\u00edry jednat i kontroverzn\u011b.<\/p>\n\n\n\n<p>Bono ka\u017edop\u00e1dn\u011b moment\u00e1ln\u011b potvrzuje, \u017ee ani po v\u00edce ne\u017e \u010dty\u0159ech dek\u00e1d\u00e1ch nehodl\u00e1 zpomalit. S p\u0159ich\u00e1zej\u00edc\u00edm albem, dokumentem, podnikatelsk\u00fdmi kroky i osobn\u00edm r\u016fstem dr\u017e\u00ed Bono, pota\u017emo U2 status jedn\u00e9 z nejvlivn\u011bj\u0161\u00edch kapel sv\u00e9 doby.<\/p>\n\n\n\n<p>Zdroj: Autorsk\u00fd text, <a href=\"https:\/\/www.independent.co.uk\/life-style\/love-sex\/bono-ali-hewson-marriage-children-b2214273.html?utm_source=\" target=\"_blank\" rel=\"noreferrer noopener nofollow\">TheIndependent<\/a>, <a href=\"https:\/\/cs.wikipedia.org\/wiki\/Bono\" target=\"_blank\" rel=\"noreferrer noopener nofollow\">Wikipedie<\/a>, <a href=\"https:\/\/www.youtube.com\/watch?v=qayM_dj0MHU\" target=\"_blank\" rel=\"noreferrer noopener nofollow\">YouTube Apple Music<\/a>, <a href=\"https:\/\/www.nme.com\/news\/music\/bono-ready-for-the-future-with-u2-and-band-have-25-great-songs-for-new-album-3869776?utm_source=rss&amp;utm_medium=rss&amp;utm_campaign=bono-ready-for-the-future-with-u2-and-band-have-25-great-songs-for-new-album\" target=\"_blank\" rel=\"noreferrer noopener nofollow\">NME<\/a>, <a href=\"https:\/\/www.facebook.com\/u2\/\" target=\"_blank\" rel=\"noreferrer noopener nofollow\">Facebook U2<\/a><\/p>\n","protected":false},"excerpt":{"rendered":"<p>Frontman legend\u00e1rn\u00ed kapely U2 ozn\u00e1mil, \u017ee maj\u00ed p\u0159ipraveno 25 nov\u00fdch skladeb. Bono se tak znovu hl\u00e1s\u00ed o slovo.<\/p>\n","protected":false},"author":6,"featured_media":384,"comment_status":"open","ping_status":"closed","sticky":false,"template":"","format":"standard","meta":{"_yoast_wpseo_title":"Bono ozn\u00e1mil velk\u00fd n\u00e1vrat U2: Fanou\u0161ci se alba nemohou do\u010dkat","_yoast_wpseo_metadesc":"Frontman legend\u00e1rn\u00ed kapely U2 ozn\u00e1mil, \u017ee maj\u00ed p\u0159ipraveno 25 nov\u00fdch skladeb a brzy vydaj\u00ed album. Bono se tak znovu hl\u00e1s\u00ed o slovo.","footnotes":""},"categories":[7],"tags":[686,537,684,679,364,685,110,680,433,444,461,367,584,535,682,681,393,683,176,28],"class_list":["post-1734","post","type-post","status-publish","format-standard","has-post-thumbnail","hentry","category-aktuality","tag-achtung-baby","tag-aktivismus","tag-ali-hewson","tag-bono","tag-celebrity-a-rodina","tag-charita","tag-dokument","tag-frontman","tag-grammy","tag-hudebni-inspirace","tag-hudebni-skupina","tag-hudebnici","tag-kontroverze","tag-nove-album","tag-presidential-medal-of-freedom","tag-rad-cestne-legie","tag-rockova-kapela","tag-songs-of-innocence","tag-u2","tag-zahranicni-celebrity"],"yoast_head":"<!-- This site is optimized with the Yoast SEO plugin v27.5 - https:\/\/yoast.com\/product\/yoast-seo-wordpress\/ -->\n<title>Bono ozn\u00e1mil velk\u00fd n\u00e1vrat U2: Fanou\u0161ci se alba nemohou do\u010dkat<\/title>\n<meta name=\"description\" content=\"Frontman legend\u00e1rn\u00ed kapely U2 ozn\u00e1mil, \u017ee maj\u00ed p\u0159ipraveno 25 nov\u00fdch skladeb a brzy vydaj\u00ed album. Bono se tak znovu hl\u00e1s\u00ed o slovo.\" \/>\n<meta name=\"robots\" content=\"index, follow, max-snippet:-1, max-image-preview:large, max-video-preview:-1\" \/>\n<link rel=\"canonical\" href=\"https:\/\/www.karaoketexty.cz\/magazin\/bono-se-vraci-ve-velkem-stylu-u2-chystaji-nove-album\/\" \/>\n<meta property=\"og:locale\" content=\"cs_CZ\" \/>\n<meta property=\"og:type\" content=\"article\" \/>\n<meta property=\"og:title\" content=\"Bono ozn\u00e1mil VELK\u00dd N\u00c1VRAT U2: Tentokr\u00e1t chystaj\u00ed n\u011bco velkolep\u00e9ho a fanou\u0161ci se nemohou do\u010dkat. Toto odhalen\u00ed zbo\u0159ilo cel\u00fd internet\" \/>\n<meta property=\"og:description\" content=\"Frontman legend\u00e1rn\u00ed kapely U2 ozn\u00e1mil, \u017ee maj\u00ed p\u0159ipraveno 25 nov\u00fdch skladeb a brzy vydaj\u00ed album. Bono se tak znovu hl\u00e1s\u00ed o slovo.\" \/>\n<meta property=\"og:url\" content=\"https:\/\/www.karaoketexty.cz\/magazin\/bono-se-vraci-ve-velkem-stylu-u2-chystaji-nove-album\/\" \/>\n<meta property=\"og:site_name\" content=\"Stars Magaz\u00edn Karaoketexty.cz\" \/>\n<meta property=\"article:published_time\" content=\"2025-07-28T13:39:00+00:00\" \/>\n<meta property=\"og:image\" content=\"https:\/\/www.karaoketexty.cz\/magazin\/wp-content\/uploads\/2025\/05\/bono-zpevak-u2-2017.avif\" \/>\n\t<meta property=\"og:image:width\" content=\"1200\" \/>\n\t<meta property=\"og:image:height\" content=\"659\" \/>\n\t<meta property=\"og:image:type\" content=\"image\/jpeg\" \/>\n<meta name=\"author\" content=\"Franti\u0161ek Zahradn\u00ed\u010dek\" \/>\n<meta name=\"twitter:card\" content=\"summary_large_image\" \/>\n<meta name=\"twitter:label1\" content=\"Napsal(a)\" \/>\n\t<meta name=\"twitter:data1\" content=\"Franti\u0161ek Zahradn\u00ed\u010dek\" \/>\n\t<meta name=\"twitter:label2\" content=\"Odhadovan\u00e1 doba \u010dten\u00ed\" \/>\n\t<meta name=\"twitter:data2\" content=\"7 minut\" \/>\n<script type=\"application\/ld+json\" class=\"yoast-schema-graph\">{\"@context\":\"https:\\\/\\\/schema.org\",\"@graph\":[{\"@type\":\"Article\",\"@id\":\"https:\\\/\\\/www.karaoketexty.cz\\\/magazin\\\/bono-se-vraci-ve-velkem-stylu-u2-chystaji-nove-album\\\/#article\",\"isPartOf\":{\"@id\":\"https:\\\/\\\/www.karaoketexty.cz\\\/magazin\\\/bono-se-vraci-ve-velkem-stylu-u2-chystaji-nove-album\\\/\"},\"author\":{\"name\":\"Franti\u0161ek Zahradn\u00ed\u010dek\",\"@id\":\"https:\\\/\\\/www.karaoketexty.cz\\\/magazin\\\/#\\\/schema\\\/person\\\/69d871cedc122c98723e0f5e1f73fa16\"},\"headline\":\"Bono ozn\u00e1mil velk\u00fd n\u00e1vrat U2: Chystaj\u00ed nov\u00e9 album a maj\u00ed hotov\u00fdch 25 skv\u011bl\u00fdch p\u00edsn\u00ed\",\"datePublished\":\"2025-07-28T13:39:00+00:00\",\"mainEntityOfPage\":{\"@id\":\"https:\\\/\\\/www.karaoketexty.cz\\\/magazin\\\/bono-se-vraci-ve-velkem-stylu-u2-chystaji-nove-album\\\/\"},\"wordCount\":542,\"commentCount\":0,\"image\":{\"@id\":\"https:\\\/\\\/www.karaoketexty.cz\\\/magazin\\\/bono-se-vraci-ve-velkem-stylu-u2-chystaji-nove-album\\\/#primaryimage\"},\"thumbnailUrl\":\"https:\\\/\\\/www.karaoketexty.cz\\\/magazin\\\/wp-content\\\/uploads\\\/2025\\\/05\\\/bono-zpevak-u2-2017.avif\",\"keywords\":[\"Achtung Baby\",\"aktivismus\",\"Ali Hewson\",\"Bono\",\"celebrity a rodina\",\"charita\",\"Dokument\",\"frontman\",\"Grammy\",\"hudebn\u00ed inspirace\",\"hudebn\u00ed skupina\",\"hudebn\u00edci\",\"kontroverze\",\"nov\u00e9 album\",\"Presidential Medal of Freedom\",\"\u0158\u00e1d \u010destn\u00e9 legie\",\"rockov\u00e1 kapela\",\"Songs of Innocence\",\"U2\",\"Zahrani\u010dn\u00ed celebrity\"],\"articleSection\":[\"Aktuality\"],\"inLanguage\":\"cs\",\"potentialAction\":[{\"@type\":\"CommentAction\",\"name\":\"Comment\",\"target\":[\"https:\\\/\\\/www.karaoketexty.cz\\\/magazin\\\/bono-se-vraci-ve-velkem-stylu-u2-chystaji-nove-album\\\/#respond\"]}]},{\"@type\":\"WebPage\",\"@id\":\"https:\\\/\\\/www.karaoketexty.cz\\\/magazin\\\/bono-se-vraci-ve-velkem-stylu-u2-chystaji-nove-album\\\/\",\"url\":\"https:\\\/\\\/www.karaoketexty.cz\\\/magazin\\\/bono-se-vraci-ve-velkem-stylu-u2-chystaji-nove-album\\\/\",\"name\":\"Bono ozn\u00e1mil velk\u00fd n\u00e1vrat U2: Fanou\u0161ci se alba nemohou do\u010dkat\",\"isPartOf\":{\"@id\":\"https:\\\/\\\/www.karaoketexty.cz\\\/magazin\\\/#website\"},\"primaryImageOfPage\":{\"@id\":\"https:\\\/\\\/www.karaoketexty.cz\\\/magazin\\\/bono-se-vraci-ve-velkem-stylu-u2-chystaji-nove-album\\\/#primaryimage\"},\"image\":{\"@id\":\"https:\\\/\\\/www.karaoketexty.cz\\\/magazin\\\/bono-se-vraci-ve-velkem-stylu-u2-chystaji-nove-album\\\/#primaryimage\"},\"thumbnailUrl\":\"https:\\\/\\\/www.karaoketexty.cz\\\/magazin\\\/wp-content\\\/uploads\\\/2025\\\/05\\\/bono-zpevak-u2-2017.avif\",\"datePublished\":\"2025-07-28T13:39:00+00:00\",\"author\":{\"@id\":\"https:\\\/\\\/www.karaoketexty.cz\\\/magazin\\\/#\\\/schema\\\/person\\\/69d871cedc122c98723e0f5e1f73fa16\"},\"description\":\"Frontman legend\u00e1rn\u00ed kapely U2 ozn\u00e1mil, \u017ee maj\u00ed p\u0159ipraveno 25 nov\u00fdch skladeb a brzy vydaj\u00ed album. Bono se tak znovu hl\u00e1s\u00ed o slovo.\",\"breadcrumb\":{\"@id\":\"https:\\\/\\\/www.karaoketexty.cz\\\/magazin\\\/bono-se-vraci-ve-velkem-stylu-u2-chystaji-nove-album\\\/#breadcrumb\"},\"inLanguage\":\"cs\",\"potentialAction\":[{\"@type\":\"ReadAction\",\"target\":[\"https:\\\/\\\/www.karaoketexty.cz\\\/magazin\\\/bono-se-vraci-ve-velkem-stylu-u2-chystaji-nove-album\\\/\"]}]},{\"@type\":\"ImageObject\",\"inLanguage\":\"cs\",\"@id\":\"https:\\\/\\\/www.karaoketexty.cz\\\/magazin\\\/bono-se-vraci-ve-velkem-stylu-u2-chystaji-nove-album\\\/#primaryimage\",\"url\":\"https:\\\/\\\/www.karaoketexty.cz\\\/magazin\\\/wp-content\\\/uploads\\\/2025\\\/05\\\/bono-zpevak-u2-2017.avif\",\"contentUrl\":\"https:\\\/\\\/www.karaoketexty.cz\\\/magazin\\\/wp-content\\\/uploads\\\/2025\\\/05\\\/bono-zpevak-u2-2017.avif\",\"width\":1200,\"height\":659,\"caption\":\"Foto: Daniel Hazard \\\/ Creative Commons \\\/ CC BY-SA, Bono na jevi\u0161ti odhaluje sv\u00e9 nejhlub\u0161\u00ed emoce\"},{\"@type\":\"BreadcrumbList\",\"@id\":\"https:\\\/\\\/www.karaoketexty.cz\\\/magazin\\\/bono-se-vraci-ve-velkem-stylu-u2-chystaji-nove-album\\\/#breadcrumb\",\"itemListElement\":[{\"@type\":\"ListItem\",\"position\":1,\"name\":\"Dom\u016f\",\"item\":\"https:\\\/\\\/www.karaoketexty.cz\\\/magazin\\\/\"},{\"@type\":\"ListItem\",\"position\":2,\"name\":\"Bono ozn\u00e1mil velk\u00fd n\u00e1vrat U2: Chystaj\u00ed nov\u00e9 album a maj\u00ed hotov\u00fdch 25 skv\u011bl\u00fdch p\u00edsn\u00ed\"}]},{\"@type\":\"WebSite\",\"@id\":\"https:\\\/\\\/www.karaoketexty.cz\\\/magazin\\\/#website\",\"url\":\"https:\\\/\\\/www.karaoketexty.cz\\\/magazin\\\/\",\"name\":\"Stars Magaz\u00edn Karaoketexty.cz\",\"description\":\"Stars Magaz\u00edn na Karaoketexty.cz je zam\u011b\u0159en\u00fd na novinky ze sv\u011bta hudby a celebrit. Obsahuje \u010dl\u00e1nky o zp\u011bv\u00e1c\u00edch, kapel\u00e1ch, nov\u00fdch albech, hudebn\u00edch trendech a dal\u0161\u00edch zaj\u00edmavostech z hudebn\u00edho pr\u016fmyslu.\",\"potentialAction\":[{\"@type\":\"SearchAction\",\"target\":{\"@type\":\"EntryPoint\",\"urlTemplate\":\"https:\\\/\\\/www.karaoketexty.cz\\\/magazin\\\/?s={search_term_string}\"},\"query-input\":{\"@type\":\"PropertyValueSpecification\",\"valueRequired\":true,\"valueName\":\"search_term_string\"}}],\"inLanguage\":\"cs\"},{\"@type\":\"Person\",\"@id\":\"https:\\\/\\\/www.karaoketexty.cz\\\/magazin\\\/#\\\/schema\\\/person\\\/69d871cedc122c98723e0f5e1f73fa16\",\"name\":\"Franti\u0161ek Zahradn\u00ed\u010dek\",\"image\":{\"@type\":\"ImageObject\",\"inLanguage\":\"cs\",\"@id\":\"https:\\\/\\\/secure.gravatar.com\\\/avatar\\\/fcc548a9ddc6294d2945bd8730d73ac130db3d13dfd96d644aa093d54c1917b6?s=96&d=mm&r=g\",\"url\":\"https:\\\/\\\/secure.gravatar.com\\\/avatar\\\/fcc548a9ddc6294d2945bd8730d73ac130db3d13dfd96d644aa093d54c1917b6?s=96&d=mm&r=g\",\"contentUrl\":\"https:\\\/\\\/secure.gravatar.com\\\/avatar\\\/fcc548a9ddc6294d2945bd8730d73ac130db3d13dfd96d644aa093d54c1917b6?s=96&d=mm&r=g\",\"caption\":\"Franti\u0161ek Zahradn\u00ed\u010dek\"},\"url\":\"https:\\\/\\\/www.karaoketexty.cz\\\/magazin\\\/author\\\/frantazahrada\\\/\"}]}<\/script>\n<!-- \/ Yoast SEO plugin. -->","yoast_head_json":{"title":"Bono ozn\u00e1mil velk\u00fd n\u00e1vrat U2: Fanou\u0161ci se alba nemohou do\u010dkat","description":"Frontman legend\u00e1rn\u00ed kapely U2 ozn\u00e1mil, \u017ee maj\u00ed p\u0159ipraveno 25 nov\u00fdch skladeb a brzy vydaj\u00ed album. Bono se tak znovu hl\u00e1s\u00ed o slovo.","robots":{"index":"index","follow":"follow","max-snippet":"max-snippet:-1","max-image-preview":"max-image-preview:large","max-video-preview":"max-video-preview:-1"},"canonical":"https:\/\/www.karaoketexty.cz\/magazin\/bono-se-vraci-ve-velkem-stylu-u2-chystaji-nove-album\/","og_locale":"cs_CZ","og_type":"article","og_title":"Bono ozn\u00e1mil VELK\u00dd N\u00c1VRAT U2: Tentokr\u00e1t chystaj\u00ed n\u011bco velkolep\u00e9ho a fanou\u0161ci se nemohou do\u010dkat. Toto odhalen\u00ed zbo\u0159ilo cel\u00fd internet","og_description":"Frontman legend\u00e1rn\u00ed kapely U2 ozn\u00e1mil, \u017ee maj\u00ed p\u0159ipraveno 25 nov\u00fdch skladeb a brzy vydaj\u00ed album. Bono se tak znovu hl\u00e1s\u00ed o slovo.","og_url":"https:\/\/www.karaoketexty.cz\/magazin\/bono-se-vraci-ve-velkem-stylu-u2-chystaji-nove-album\/","og_site_name":"Stars Magaz\u00edn Karaoketexty.cz","article_published_time":"2025-07-28T13:39:00+00:00","og_image":[{"width":1200,"height":659,"url":"https:\/\/www.karaoketexty.cz\/magazin\/wp-content\/uploads\/2025\/05\/bono-zpevak-u2-2017.avif","type":"image\/jpeg"}],"author":"Franti\u0161ek Zahradn\u00ed\u010dek","twitter_card":"summary_large_image","twitter_misc":{"Napsal(a)":"Franti\u0161ek Zahradn\u00ed\u010dek","Odhadovan\u00e1 doba \u010dten\u00ed":"7 minut"},"schema":{"@context":"https:\/\/schema.org","@graph":[{"@type":"Article","@id":"https:\/\/www.karaoketexty.cz\/magazin\/bono-se-vraci-ve-velkem-stylu-u2-chystaji-nove-album\/#article","isPartOf":{"@id":"https:\/\/www.karaoketexty.cz\/magazin\/bono-se-vraci-ve-velkem-stylu-u2-chystaji-nove-album\/"},"author":{"name":"Franti\u0161ek Zahradn\u00ed\u010dek","@id":"https:\/\/www.karaoketexty.cz\/magazin\/#\/schema\/person\/69d871cedc122c98723e0f5e1f73fa16"},"headline":"Bono ozn\u00e1mil velk\u00fd n\u00e1vrat U2: Chystaj\u00ed nov\u00e9 album a maj\u00ed hotov\u00fdch 25 skv\u011bl\u00fdch p\u00edsn\u00ed","datePublished":"2025-07-28T13:39:00+00:00","mainEntityOfPage":{"@id":"https:\/\/www.karaoketexty.cz\/magazin\/bono-se-vraci-ve-velkem-stylu-u2-chystaji-nove-album\/"},"wordCount":542,"commentCount":0,"image":{"@id":"https:\/\/www.karaoketexty.cz\/magazin\/bono-se-vraci-ve-velkem-stylu-u2-chystaji-nove-album\/#primaryimage"},"thumbnailUrl":"https:\/\/www.karaoketexty.cz\/magazin\/wp-content\/uploads\/2025\/05\/bono-zpevak-u2-2017.avif","keywords":["Achtung Baby","aktivismus","Ali Hewson","Bono","celebrity a rodina","charita","Dokument","frontman","Grammy","hudebn\u00ed inspirace","hudebn\u00ed skupina","hudebn\u00edci","kontroverze","nov\u00e9 album","Presidential Medal of Freedom","\u0158\u00e1d \u010destn\u00e9 legie","rockov\u00e1 kapela","Songs of Innocence","U2","Zahrani\u010dn\u00ed celebrity"],"articleSection":["Aktuality"],"inLanguage":"cs","potentialAction":[{"@type":"CommentAction","name":"Comment","target":["https:\/\/www.karaoketexty.cz\/magazin\/bono-se-vraci-ve-velkem-stylu-u2-chystaji-nove-album\/#respond"]}]},{"@type":"WebPage","@id":"https:\/\/www.karaoketexty.cz\/magazin\/bono-se-vraci-ve-velkem-stylu-u2-chystaji-nove-album\/","url":"https:\/\/www.karaoketexty.cz\/magazin\/bono-se-vraci-ve-velkem-stylu-u2-chystaji-nove-album\/","name":"Bono ozn\u00e1mil velk\u00fd n\u00e1vrat U2: Fanou\u0161ci se alba nemohou do\u010dkat","isPartOf":{"@id":"https:\/\/www.karaoketexty.cz\/magazin\/#website"},"primaryImageOfPage":{"@id":"https:\/\/www.karaoketexty.cz\/magazin\/bono-se-vraci-ve-velkem-stylu-u2-chystaji-nove-album\/#primaryimage"},"image":{"@id":"https:\/\/www.karaoketexty.cz\/magazin\/bono-se-vraci-ve-velkem-stylu-u2-chystaji-nove-album\/#primaryimage"},"thumbnailUrl":"https:\/\/www.karaoketexty.cz\/magazin\/wp-content\/uploads\/2025\/05\/bono-zpevak-u2-2017.avif","datePublished":"2025-07-28T13:39:00+00:00","author":{"@id":"https:\/\/www.karaoketexty.cz\/magazin\/#\/schema\/person\/69d871cedc122c98723e0f5e1f73fa16"},"description":"Frontman legend\u00e1rn\u00ed kapely U2 ozn\u00e1mil, \u017ee maj\u00ed p\u0159ipraveno 25 nov\u00fdch skladeb a brzy vydaj\u00ed album. Bono se tak znovu hl\u00e1s\u00ed o slovo.","breadcrumb":{"@id":"https:\/\/www.karaoketexty.cz\/magazin\/bono-se-vraci-ve-velkem-stylu-u2-chystaji-nove-album\/#breadcrumb"},"inLanguage":"cs","potentialAction":[{"@type":"ReadAction","target":["https:\/\/www.karaoketexty.cz\/magazin\/bono-se-vraci-ve-velkem-stylu-u2-chystaji-nove-album\/"]}]},{"@type":"ImageObject","inLanguage":"cs","@id":"https:\/\/www.karaoketexty.cz\/magazin\/bono-se-vraci-ve-velkem-stylu-u2-chystaji-nove-album\/#primaryimage","url":"https:\/\/www.karaoketexty.cz\/magazin\/wp-content\/uploads\/2025\/05\/bono-zpevak-u2-2017.avif","contentUrl":"https:\/\/www.karaoketexty.cz\/magazin\/wp-content\/uploads\/2025\/05\/bono-zpevak-u2-2017.avif","width":1200,"height":659,"caption":"Foto: Daniel Hazard \/ Creative Commons \/ CC BY-SA, Bono na jevi\u0161ti odhaluje sv\u00e9 nejhlub\u0161\u00ed emoce"},{"@type":"BreadcrumbList","@id":"https:\/\/www.karaoketexty.cz\/magazin\/bono-se-vraci-ve-velkem-stylu-u2-chystaji-nove-album\/#breadcrumb","itemListElement":[{"@type":"ListItem","position":1,"name":"Dom\u016f","item":"https:\/\/www.karaoketexty.cz\/magazin\/"},{"@type":"ListItem","position":2,"name":"Bono ozn\u00e1mil velk\u00fd n\u00e1vrat U2: Chystaj\u00ed nov\u00e9 album a maj\u00ed hotov\u00fdch 25 skv\u011bl\u00fdch p\u00edsn\u00ed"}]},{"@type":"WebSite","@id":"https:\/\/www.karaoketexty.cz\/magazin\/#website","url":"https:\/\/www.karaoketexty.cz\/magazin\/","name":"Stars Magaz\u00edn Karaoketexty.cz","description":"Stars Magaz\u00edn na Karaoketexty.cz je zam\u011b\u0159en\u00fd na novinky ze sv\u011bta hudby a celebrit. Obsahuje \u010dl\u00e1nky o zp\u011bv\u00e1c\u00edch, kapel\u00e1ch, nov\u00fdch albech, hudebn\u00edch trendech a dal\u0161\u00edch zaj\u00edmavostech z hudebn\u00edho pr\u016fmyslu.","potentialAction":[{"@type":"SearchAction","target":{"@type":"EntryPoint","urlTemplate":"https:\/\/www.karaoketexty.cz\/magazin\/?s={search_term_string}"},"query-input":{"@type":"PropertyValueSpecification","valueRequired":true,"valueName":"search_term_string"}}],"inLanguage":"cs"},{"@type":"Person","@id":"https:\/\/www.karaoketexty.cz\/magazin\/#\/schema\/person\/69d871cedc122c98723e0f5e1f73fa16","name":"Franti\u0161ek Zahradn\u00ed\u010dek","image":{"@type":"ImageObject","inLanguage":"cs","@id":"https:\/\/secure.gravatar.com\/avatar\/fcc548a9ddc6294d2945bd8730d73ac130db3d13dfd96d644aa093d54c1917b6?s=96&d=mm&r=g","url":"https:\/\/secure.gravatar.com\/avatar\/fcc548a9ddc6294d2945bd8730d73ac130db3d13dfd96d644aa093d54c1917b6?s=96&d=mm&r=g","contentUrl":"https:\/\/secure.gravatar.com\/avatar\/fcc548a9ddc6294d2945bd8730d73ac130db3d13dfd96d644aa093d54c1917b6?s=96&d=mm&r=g","caption":"Franti\u0161ek Zahradn\u00ed\u010dek"},"url":"https:\/\/www.karaoketexty.cz\/magazin\/author\/frantazahrada\/"}]}},"_links":{"self":[{"href":"https:\/\/www.karaoketexty.cz\/magazin\/wp-json\/wp\/v2\/posts\/1734","targetHints":{"allow":["GET"]}}],"collection":[{"href":"https:\/\/www.karaoketexty.cz\/magazin\/wp-json\/wp\/v2\/posts"}],"about":[{"href":"https:\/\/www.karaoketexty.cz\/magazin\/wp-json\/wp\/v2\/types\/post"}],"author":[{"embeddable":true,"href":"https:\/\/www.karaoketexty.cz\/magazin\/wp-json\/wp\/v2\/users\/6"}],"replies":[{"embeddable":true,"href":"https:\/\/www.karaoketexty.cz\/magazin\/wp-json\/wp\/v2\/comments?post=1734"}],"version-history":[{"count":9,"href":"https:\/\/www.karaoketexty.cz\/magazin\/wp-json\/wp\/v2\/posts\/1734\/revisions"}],"predecessor-version":[{"id":1937,"href":"https:\/\/www.karaoketexty.cz\/magazin\/wp-json\/wp\/v2\/posts\/1734\/revisions\/1937"}],"wp:featuredmedia":[{"embeddable":true,"href":"https:\/\/www.karaoketexty.cz\/magazin\/wp-json\/wp\/v2\/media\/384"}],"wp:attachment":[{"href":"https:\/\/www.karaoketexty.cz\/magazin\/wp-json\/wp\/v2\/media?parent=1734"}],"wp:term":[{"taxonomy":"category","embeddable":true,"href":"https:\/\/www.karaoketexty.cz\/magazin\/wp-json\/wp\/v2\/categories?post=1734"},{"taxonomy":"post_tag","embeddable":true,"href":"https:\/\/www.karaoketexty.cz\/magazin\/wp-json\/wp\/v2\/tags?post=1734"}],"curies":[{"name":"wp","href":"https:\/\/api.w.org\/{rel}","templated":true}]}}