{"id":1728,"date":"2025-07-26T08:06:00","date_gmt":"2025-07-26T06:06:00","guid":{"rendered":"https:\/\/www.karaoketexty.cz\/magazin\/?p=1728"},"modified":"2025-07-24T14:32:11","modified_gmt":"2025-07-24T12:32:11","slug":"billie-eilish-a-herec-nate-wolff-priznali-svuj-vztah","status":"publish","type":"post","link":"https:\/\/www.karaoketexty.cz\/magazin\/billie-eilish-a-herec-nate-wolff-priznali-svuj-vztah\/","title":{"rendered":"Slavn\u00e1 zp\u011bva\u010dka Billie Eilish je \u0161\u0165astn\u00e1 v nov\u00e9m vztahu. Dala se dohromady s o 7 let star\u0161\u00edm hercem"},"content":{"rendered":"\n<p><strong>Zp\u011bva\u010dka ocen\u011bn\u00e1 Oscarem a mno\u017estv\u00edm Grammy u\u017e m\u011bs\u00edc rand\u00ed s Natem Wolffem. Kone\u010dn\u011b se neboj\u00ed projevit n\u00e1klonnost na ve\u0159ejnosti.<\/strong><\/p>\n\n\n\n<p>T\u0159iadvacetilet\u00e1 Billie Eilish a t\u0159icetilet\u00fd herec Nat Wolff byli minul\u00fd m\u011bs\u00edc p\u0159isti\u017eeni p\u0159i polibku na balk\u00f3n\u011b v Ben\u00e1tk\u00e1ch. Spekulace o jej\u00edch hlub\u0161\u00edm vztahu za\u010daly u\u017e v b\u0159eznu, kdy opou\u0161t\u011bli iHeartRadio Music Awards bok po boku a dal\u0161\u00ed ve\u010der obr\u00e1\u017eeli New York. Jak jsme v\u0161ak v redakci Karaoketexty.cz sledovali, oba si i tak dlouho dr\u017eeli odstup.<\/p>\n\n\n<!-- karaoketexty.cz \/ rectangle2 -->\n<div id=\"PX_37086_709110796310826\"><\/div>\n<script>\n   if(!useMobileAds && !boolUseSeznamAds && !hideAllAds){\n     window.px2 = window.px2 || { conf: {},queue: [] };\n     px2.queue.push(function () {\n        px2.render({\n           slot: {\n              id: 37086\n           },\n            elem: \"PX_37086_709110796310826\"\n        })\n     });\n  }\n<\/script>\n\n<!-- karaoketexty.cz \/ mobile-rectangle3 -->\n<div id=\"PX_37044_714599773297004\"><\/div>\n<script>\n   if(useMobileAds && !boolUseSeznamAds && !hideAllAds){\nwindow.px2 = window.px2 || { conf: {},queue: [] };\npx2.queue.push(function () {\n\tpx2.render({\n\t\tslot: {\n\t\t\tid: 37044\n\t\t},\n\t\telem: \"PX_37044_714599773297004\"\n\t})\n});\n}\n<\/script>\n\n\n<h2 class=\"wp-block-heading\">I p\u0159es kr\u00e1tk\u00e9 trv\u00e1n\u00ed vypadaj\u00ed stabiln\u011b<\/h2>\n\n\n\n<p>Vztah \u00fadajn\u011b za\u010dal u\u017e v prosinci roku 2023 na afterparty po Oscarov\u00e9m ve\u010deru, kde se Nat a Billie sbl\u00ed\u017eili. Pouto se pot\u00e9 prohloubilo i na Coachelle v roce 2024 a b\u011bhem nat\u00e1\u010den\u00ed videoklipu CHIHIRO, kter\u00fd sama Billie re\u017e\u00edrovala a kde si Nat dokonce zahr\u00e1l. P\u0159esto\u017ee jsou spolu ofici\u00e1ln\u011b jen m\u011bs\u00edc, vztah vypad\u00e1 stabiln\u011b a siln\u011b. Fanou\u0161ci na Natovi oce\u0148uj\u00ed, \u017ee je s Billie na ve\u0159ejnosti p\u0159irozen\u00fd, elegantn\u00ed a respektuj\u00ed jej\u00ed hranice, jak uvedl web InStyle.<\/p>\n\n\n\n<p>Dal\u0161\u00ed st\u0159\u00edpky o jejich sou\u017eit\u00ed ukazuj\u00ed, \u017ee Nat se aktivn\u011b zapojuje do jej\u00edho kreativn\u00edho sv\u011bta \u2013 krom vystoupen\u00ed na turn\u00e9 a ve videoklipu jsou \u010dasto vid\u011bni na mnoha m\u00edstech, co\u017e ukazuje, \u017ee opravdu funguje nejen jako profesion\u00e1ln\u00ed kolega, ale i jako partner. Na povrch zat\u00edm nevypluly \u017e\u00e1dn\u00e9 probl\u00e9my, tak\u017ee jsou evidentn\u011b st\u00e1le ve f\u00e1zi po\u010d\u00e1te\u010dn\u00ed zamilovanosti.<\/p>\n\n\n<!-- karaoketexty.cz \/ interscroller1 -->\n\n<div id=\"PX_37041_825057871452834\"><\/div>\n<script>\nif(useMobileAds && !boolUseSeznamAds && !hideAllAds){\n\twindow.px2 = window.px2 || { conf: {},queue: [] };\n\tpx2.queue.push(function () {\n\t\tpx2.render({\n\t\t\tslot: {\n\t\t\t\tid: 37041\n\t\t\t},\n\t\t\telem: \"PX_37041_825057871452834\"\n\t\t})\n\t});\n}\n<\/script>\n\n\n<p>Nyn\u00ed se p\u00e1r sna\u017e\u00ed hl\u00eddat si sv\u00e9 soukrom\u00ed. Sama Billie o sv\u00fdch vztaz\u00edch p\u0159\u00edli\u0161 nikdy mluvit necht\u011bla, stejn\u011b jako o sv\u00e9 bisexualit\u011b. I kdy\u017e se sna\u017e\u00ed vyh\u00fdbat m\u00e9di\u00edm, ve\u0159ejnosti neunikly spole\u010dn\u00e9 v\u00fdlety a cesty, intimn\u00ed momenty i vz\u00e1jemn\u00e9 projevy bl\u00edzkosti. Zd\u00e1 se tedy, \u017ee Billie na\u0161la v Natovi nejen osobn\u00ed oporu, ale i \u010dlov\u011bka, kter\u00fd ch\u00e1pe jej\u00ed sv\u011bt.<\/p>\n\n\n\n<blockquote class=\"twitter-tweet\"><p lang=\"en\" dir=\"ltr\">Billie and Nat Wolff spotted in New York City recently! \u2b50\ufe0f <a href=\"https:\/\/t.co\/mbmjzXbDMX\">pic.twitter.com\/mbmjzXbDMX<\/a><\/p>&mdash; Billie Eilish Tours (@billieeilishtrs) <a href=\"https:\/\/twitter.com\/billieeilishtrs\/status\/1904966561129259055?ref_src=twsrc%5Etfw\">March 26, 2025<\/a><\/blockquote> <script async src=\"https:\/\/platform.twitter.com\/widgets.js\" charset=\"utf-8\"><\/script>\n\n\n\n<h2 class=\"wp-block-heading\">Vzestup Billie k megahv\u011bzd\u011b<\/h2>\n\n\n\n<p>Billie Eilish se ze st\u00ednu rodinn\u00e9ho nahr\u00e1v\u00e1n\u00ed s bratrem Finneasem dostala d\u00edky vir\u00e1ln\u00edmu hitu \u201eOcean Eyes\u201c roku 2015. Jej\u00ed pr\u016flomov\u00e9 album \u201eWhen We All Fall Asleep, Where Do We Go?\u201c z roku 2019 p\u0159ineslo proslulou p\u00edse\u0148 \u201eBad Guy\u201c, kter\u00e1 prolomila rekordy Billboardu a z\u00edskala diamantov\u00fd certifik\u00e1t. Billie slavila na Grammy 2020, kdy\u017e poprv\u00e9 v historii v jeden ve\u010der ovl\u00e1dla \u010dty\u0159i hlavn\u00ed kategorie.<\/p>\n\n\n\n<p>V dal\u0161\u00edch letech se prosadila hity pro filmy, nap\u0159. \u201eNo Time to Die\u201c (Osca\u00adr za nejlep\u0161\u00ed origin\u00e1ln\u00ed p\u00edse\u0148 2022) a \u201eWhat Was I Made For?\u201c k filmu Barbie, kter\u00e9 j\u00ed p\u0159inesly dal\u0161\u00ed \u00fasp\u011bchy. Jej\u00ed t\u0159et\u00ed album \u201eHit Me Hard and Soft\u201c (2024) sklidilo chv\u00e1lu kritiky, p\u0159ipsalo si miliardov\u00e9 streamy a pozici na \u0161pi\u010dce hitpar\u00e1d. Krom\u011b toho je i dr\u017eitelkou mnoha sv\u011btov\u00fdch rekord\u016f v\u010detn\u011b nejmlad\u0161\u00ed k\u0159titelsk\u00e9 skladby v Bond s\u00e9rii.<\/p>\n\n\n\n<p>Zdroj: Autorsk\u00fd text, <a href=\"https:\/\/www.instyle.com\/nat-wolff-billie-eilish-potential-boyfriend-11758631?utm_source=\" target=\"_blank\" rel=\"noreferrer noopener nofollow\">InStyle<\/a>, <a href=\"https:\/\/cs.wikipedia.org\/wiki\/Billie_Eilish\" target=\"_blank\" rel=\"noreferrer noopener nofollow\">Wikipedie<\/a>, <a href=\"https:\/\/x.com\/billieeilishtrs?ref_src=twsrc%5Etfw%7Ctwcamp%5Etweetembed%7Ctwterm%5E1904966561129259055%7Ctwgr%5E9b403751e82fd251f29c7a8bbd1ac56465f6c8d5%7Ctwcon%5Es1_&amp;ref_url=https%3A%2F%2Fgraziadaily.co.uk%2Fcelebrity%2Fnews%2Fbillie-eilish-rumoured-boyfriend-nat-wolff%2F\" target=\"_blank\" rel=\"noreferrer noopener nofollow\">Soci\u00e1ln\u00ed s\u00ed\u0165 X Billie Eilish<\/a>, <a href=\"https:\/\/graziadaily.co.uk\/celebrity\/news\/billie-eilish-rumoured-boyfriend-nat-wolff\/\" target=\"_blank\" rel=\"noreferrer noopener nofollow\">GraziaDaily<\/a><\/p>\n","protected":false},"excerpt":{"rendered":"<p>Zp\u011bva\u010dka ocen\u011bn\u00e1 Oscarem a mno\u017estv\u00edm Grammy u\u017e m\u011bs\u00edc rand\u00ed s Natem Wolffem. Kone\u010dn\u011b se neboj\u00ed projevit n\u00e1klonnost na ve\u0159ejnosti.<\/p>\n","protected":false},"author":6,"featured_media":1729,"comment_status":"open","ping_status":"closed","sticky":false,"template":"","format":"standard","meta":{"_yoast_wpseo_title":"Billie Eilish se dala dohromady s t\u00edmto o 7 let star\u0161\u00edm hercem","_yoast_wpseo_metadesc":"Zp\u011bva\u010dka ocen\u011bn\u00e1 Oscarem a mno\u017estv\u00edm Grammy u\u017e m\u011bs\u00edc rand\u00ed s Natem Wolffem. Kone\u010dn\u011b se neboj\u00ed projevit n\u00e1klonnost na ve\u0159ejnosti.","footnotes":""},"categories":[7],"tags":[650,346,655,364,433,44,653,444,654,136,656,651,648,647,524,548,652,649,28,51],"class_list":["post-1728","post","type-post","status-publish","format-standard","has-post-thumbnail","hentry","category-aktuality","tag-bad-guy","tag-billie-eilish","tag-bisexualita","tag-celebrity-a-rodina","tag-grammy","tag-herec","tag-hit-me-hard-and-soft","tag-hudebni-inspirace","tag-hudebni-megahvezda","tag-koncert","tag-nat-wolff","tag-no-time-to-die","tag-oscar","tag-verejna-naklonnost","tag-videoklip","tag-vztahy-celebrit","tag-what-was-i-made-for","tag-when-we-all-fall-asleep-where-do-we-go","tag-zahranicni-celebrity","tag-zpevacka"],"yoast_head":"<!-- This site is optimized with the Yoast SEO plugin v27.5 - https:\/\/yoast.com\/product\/yoast-seo-wordpress\/ -->\n<title>Billie Eilish se dala dohromady s t\u00edmto o 7 let star\u0161\u00edm hercem<\/title>\n<meta name=\"description\" content=\"Zp\u011bva\u010dka ocen\u011bn\u00e1 Oscarem a mno\u017estv\u00edm Grammy u\u017e m\u011bs\u00edc rand\u00ed s Natem Wolffem. Kone\u010dn\u011b se neboj\u00ed projevit n\u00e1klonnost na ve\u0159ejnosti.\" \/>\n<meta name=\"robots\" content=\"index, follow, max-snippet:-1, max-image-preview:large, max-video-preview:-1\" \/>\n<link rel=\"canonical\" href=\"https:\/\/www.karaoketexty.cz\/magazin\/billie-eilish-a-herec-nate-wolff-priznali-svuj-vztah\/\" \/>\n<meta property=\"og:locale\" content=\"cs_CZ\" \/>\n<meta property=\"og:type\" content=\"article\" \/>\n<meta property=\"og:title\" content=\"Billie Eilish potvrdila NOV\u00dd VZTAH: Po boku tohoto slavn\u00e9ho herce byste ji nikdy ne\u010dekali. Je sice star\u0161\u00ed, ale moc jim to slu\u0161\u00ed\" \/>\n<meta property=\"og:description\" content=\"Zp\u011bva\u010dka ocen\u011bn\u00e1 Oscarem a mno\u017estv\u00edm Grammy u\u017e m\u011bs\u00edc rand\u00ed s Natem Wolffem. Kone\u010dn\u011b se neboj\u00ed projevit n\u00e1klonnost na ve\u0159ejnosti.\" \/>\n<meta property=\"og:url\" content=\"https:\/\/www.karaoketexty.cz\/magazin\/billie-eilish-a-herec-nate-wolff-priznali-svuj-vztah\/\" \/>\n<meta property=\"og:site_name\" content=\"Stars Magaz\u00edn Karaoketexty.cz\" \/>\n<meta property=\"article:published_time\" content=\"2025-07-26T06:06:00+00:00\" \/>\n<meta property=\"og:image\" content=\"https:\/\/www.karaoketexty.cz\/magazin\/wp-content\/uploads\/2025\/07\/billie-eilish.jpg\" \/>\n\t<meta property=\"og:image:width\" content=\"1200\" \/>\n\t<meta property=\"og:image:height\" content=\"675\" \/>\n\t<meta property=\"og:image:type\" content=\"image\/jpeg\" \/>\n<meta name=\"author\" content=\"Franti\u0161ek Zahradn\u00ed\u010dek\" \/>\n<meta name=\"twitter:card\" content=\"summary_large_image\" \/>\n<meta name=\"twitter:label1\" content=\"Napsal(a)\" \/>\n\t<meta name=\"twitter:data1\" content=\"Franti\u0161ek Zahradn\u00ed\u010dek\" \/>\n\t<meta name=\"twitter:label2\" content=\"Odhadovan\u00e1 doba \u010dten\u00ed\" \/>\n\t<meta name=\"twitter:data2\" content=\"3 minuty\" \/>\n<script type=\"application\/ld+json\" class=\"yoast-schema-graph\">{\"@context\":\"https:\\\/\\\/schema.org\",\"@graph\":[{\"@type\":\"Article\",\"@id\":\"https:\\\/\\\/www.karaoketexty.cz\\\/magazin\\\/billie-eilish-a-herec-nate-wolff-priznali-svuj-vztah\\\/#article\",\"isPartOf\":{\"@id\":\"https:\\\/\\\/www.karaoketexty.cz\\\/magazin\\\/billie-eilish-a-herec-nate-wolff-priznali-svuj-vztah\\\/\"},\"author\":{\"name\":\"Franti\u0161ek Zahradn\u00ed\u010dek\",\"@id\":\"https:\\\/\\\/www.karaoketexty.cz\\\/magazin\\\/#\\\/schema\\\/person\\\/69d871cedc122c98723e0f5e1f73fa16\"},\"headline\":\"Slavn\u00e1 zp\u011bva\u010dka Billie Eilish je \u0161\u0165astn\u00e1 v nov\u00e9m vztahu. Dala se dohromady s o 7 let star\u0161\u00edm hercem\",\"datePublished\":\"2025-07-26T06:06:00+00:00\",\"mainEntityOfPage\":{\"@id\":\"https:\\\/\\\/www.karaoketexty.cz\\\/magazin\\\/billie-eilish-a-herec-nate-wolff-priznali-svuj-vztah\\\/\"},\"wordCount\":566,\"commentCount\":0,\"image\":{\"@id\":\"https:\\\/\\\/www.karaoketexty.cz\\\/magazin\\\/billie-eilish-a-herec-nate-wolff-priznali-svuj-vztah\\\/#primaryimage\"},\"thumbnailUrl\":\"https:\\\/\\\/www.karaoketexty.cz\\\/magazin\\\/wp-content\\\/uploads\\\/2025\\\/07\\\/billie-eilish.jpg\",\"keywords\":[\"Bad Guy\",\"Billie Eilish\",\"bisexualita\",\"celebrity a rodina\",\"Grammy\",\"Herec\",\"Hit Me Hard and Soft\",\"hudebn\u00ed inspirace\",\"hudebn\u00ed megahv\u011bzda\",\"koncert\",\"Nat Wolff\",\"No Time to Die\",\"Oscar\",\"ve\u0159ejn\u00e1 n\u00e1klonnost\",\"videoklip\",\"vztahy celebrit\",\"What Was I Made For?\",\"When We All Fall Asleep Where Do We Go?\",\"Zahrani\u010dn\u00ed celebrity\",\"Zp\u011bva\u010dka\"],\"articleSection\":[\"Aktuality\"],\"inLanguage\":\"cs\",\"potentialAction\":[{\"@type\":\"CommentAction\",\"name\":\"Comment\",\"target\":[\"https:\\\/\\\/www.karaoketexty.cz\\\/magazin\\\/billie-eilish-a-herec-nate-wolff-priznali-svuj-vztah\\\/#respond\"]}]},{\"@type\":\"WebPage\",\"@id\":\"https:\\\/\\\/www.karaoketexty.cz\\\/magazin\\\/billie-eilish-a-herec-nate-wolff-priznali-svuj-vztah\\\/\",\"url\":\"https:\\\/\\\/www.karaoketexty.cz\\\/magazin\\\/billie-eilish-a-herec-nate-wolff-priznali-svuj-vztah\\\/\",\"name\":\"Billie Eilish se dala dohromady s t\u00edmto o 7 let star\u0161\u00edm hercem\",\"isPartOf\":{\"@id\":\"https:\\\/\\\/www.karaoketexty.cz\\\/magazin\\\/#website\"},\"primaryImageOfPage\":{\"@id\":\"https:\\\/\\\/www.karaoketexty.cz\\\/magazin\\\/billie-eilish-a-herec-nate-wolff-priznali-svuj-vztah\\\/#primaryimage\"},\"image\":{\"@id\":\"https:\\\/\\\/www.karaoketexty.cz\\\/magazin\\\/billie-eilish-a-herec-nate-wolff-priznali-svuj-vztah\\\/#primaryimage\"},\"thumbnailUrl\":\"https:\\\/\\\/www.karaoketexty.cz\\\/magazin\\\/wp-content\\\/uploads\\\/2025\\\/07\\\/billie-eilish.jpg\",\"datePublished\":\"2025-07-26T06:06:00+00:00\",\"author\":{\"@id\":\"https:\\\/\\\/www.karaoketexty.cz\\\/magazin\\\/#\\\/schema\\\/person\\\/69d871cedc122c98723e0f5e1f73fa16\"},\"description\":\"Zp\u011bva\u010dka ocen\u011bn\u00e1 Oscarem a mno\u017estv\u00edm Grammy u\u017e m\u011bs\u00edc rand\u00ed s Natem Wolffem. Kone\u010dn\u011b se neboj\u00ed projevit n\u00e1klonnost na ve\u0159ejnosti.\",\"breadcrumb\":{\"@id\":\"https:\\\/\\\/www.karaoketexty.cz\\\/magazin\\\/billie-eilish-a-herec-nate-wolff-priznali-svuj-vztah\\\/#breadcrumb\"},\"inLanguage\":\"cs\",\"potentialAction\":[{\"@type\":\"ReadAction\",\"target\":[\"https:\\\/\\\/www.karaoketexty.cz\\\/magazin\\\/billie-eilish-a-herec-nate-wolff-priznali-svuj-vztah\\\/\"]}]},{\"@type\":\"ImageObject\",\"inLanguage\":\"cs\",\"@id\":\"https:\\\/\\\/www.karaoketexty.cz\\\/magazin\\\/billie-eilish-a-herec-nate-wolff-priznali-svuj-vztah\\\/#primaryimage\",\"url\":\"https:\\\/\\\/www.karaoketexty.cz\\\/magazin\\\/wp-content\\\/uploads\\\/2025\\\/07\\\/billie-eilish.jpg\",\"contentUrl\":\"https:\\\/\\\/www.karaoketexty.cz\\\/magazin\\\/wp-content\\\/uploads\\\/2025\\\/07\\\/billie-eilish.jpg\",\"width\":1200,\"height\":675,\"caption\":\"Foto: Foto: Heute.at \\\/ Creative Commons \\\/ CC BY 4.0, Billie Eilish\"},{\"@type\":\"BreadcrumbList\",\"@id\":\"https:\\\/\\\/www.karaoketexty.cz\\\/magazin\\\/billie-eilish-a-herec-nate-wolff-priznali-svuj-vztah\\\/#breadcrumb\",\"itemListElement\":[{\"@type\":\"ListItem\",\"position\":1,\"name\":\"Dom\u016f\",\"item\":\"https:\\\/\\\/www.karaoketexty.cz\\\/magazin\\\/\"},{\"@type\":\"ListItem\",\"position\":2,\"name\":\"Slavn\u00e1 zp\u011bva\u010dka Billie Eilish je \u0161\u0165astn\u00e1 v nov\u00e9m vztahu. Dala se dohromady s o 7 let star\u0161\u00edm hercem\"}]},{\"@type\":\"WebSite\",\"@id\":\"https:\\\/\\\/www.karaoketexty.cz\\\/magazin\\\/#website\",\"url\":\"https:\\\/\\\/www.karaoketexty.cz\\\/magazin\\\/\",\"name\":\"Stars Magaz\u00edn Karaoketexty.cz\",\"description\":\"Stars Magaz\u00edn na Karaoketexty.cz je zam\u011b\u0159en\u00fd na novinky ze sv\u011bta hudby a celebrit. Obsahuje \u010dl\u00e1nky o zp\u011bv\u00e1c\u00edch, kapel\u00e1ch, nov\u00fdch albech, hudebn\u00edch trendech a dal\u0161\u00edch zaj\u00edmavostech z hudebn\u00edho pr\u016fmyslu.\",\"potentialAction\":[{\"@type\":\"SearchAction\",\"target\":{\"@type\":\"EntryPoint\",\"urlTemplate\":\"https:\\\/\\\/www.karaoketexty.cz\\\/magazin\\\/?s={search_term_string}\"},\"query-input\":{\"@type\":\"PropertyValueSpecification\",\"valueRequired\":true,\"valueName\":\"search_term_string\"}}],\"inLanguage\":\"cs\"},{\"@type\":\"Person\",\"@id\":\"https:\\\/\\\/www.karaoketexty.cz\\\/magazin\\\/#\\\/schema\\\/person\\\/69d871cedc122c98723e0f5e1f73fa16\",\"name\":\"Franti\u0161ek Zahradn\u00ed\u010dek\",\"image\":{\"@type\":\"ImageObject\",\"inLanguage\":\"cs\",\"@id\":\"https:\\\/\\\/secure.gravatar.com\\\/avatar\\\/fcc548a9ddc6294d2945bd8730d73ac130db3d13dfd96d644aa093d54c1917b6?s=96&d=mm&r=g\",\"url\":\"https:\\\/\\\/secure.gravatar.com\\\/avatar\\\/fcc548a9ddc6294d2945bd8730d73ac130db3d13dfd96d644aa093d54c1917b6?s=96&d=mm&r=g\",\"contentUrl\":\"https:\\\/\\\/secure.gravatar.com\\\/avatar\\\/fcc548a9ddc6294d2945bd8730d73ac130db3d13dfd96d644aa093d54c1917b6?s=96&d=mm&r=g\",\"caption\":\"Franti\u0161ek Zahradn\u00ed\u010dek\"},\"url\":\"https:\\\/\\\/www.karaoketexty.cz\\\/magazin\\\/author\\\/frantazahrada\\\/\"}]}<\/script>\n<!-- \/ Yoast SEO plugin. -->","yoast_head_json":{"title":"Billie Eilish se dala dohromady s t\u00edmto o 7 let star\u0161\u00edm hercem","description":"Zp\u011bva\u010dka ocen\u011bn\u00e1 Oscarem a mno\u017estv\u00edm Grammy u\u017e m\u011bs\u00edc rand\u00ed s Natem Wolffem. Kone\u010dn\u011b se neboj\u00ed projevit n\u00e1klonnost na ve\u0159ejnosti.","robots":{"index":"index","follow":"follow","max-snippet":"max-snippet:-1","max-image-preview":"max-image-preview:large","max-video-preview":"max-video-preview:-1"},"canonical":"https:\/\/www.karaoketexty.cz\/magazin\/billie-eilish-a-herec-nate-wolff-priznali-svuj-vztah\/","og_locale":"cs_CZ","og_type":"article","og_title":"Billie Eilish potvrdila NOV\u00dd VZTAH: Po boku tohoto slavn\u00e9ho herce byste ji nikdy ne\u010dekali. Je sice star\u0161\u00ed, ale moc jim to slu\u0161\u00ed","og_description":"Zp\u011bva\u010dka ocen\u011bn\u00e1 Oscarem a mno\u017estv\u00edm Grammy u\u017e m\u011bs\u00edc rand\u00ed s Natem Wolffem. Kone\u010dn\u011b se neboj\u00ed projevit n\u00e1klonnost na ve\u0159ejnosti.","og_url":"https:\/\/www.karaoketexty.cz\/magazin\/billie-eilish-a-herec-nate-wolff-priznali-svuj-vztah\/","og_site_name":"Stars Magaz\u00edn Karaoketexty.cz","article_published_time":"2025-07-26T06:06:00+00:00","og_image":[{"width":1200,"height":675,"url":"https:\/\/www.karaoketexty.cz\/magazin\/wp-content\/uploads\/2025\/07\/billie-eilish.jpg","type":"image\/jpeg"}],"author":"Franti\u0161ek Zahradn\u00ed\u010dek","twitter_card":"summary_large_image","twitter_misc":{"Napsal(a)":"Franti\u0161ek Zahradn\u00ed\u010dek","Odhadovan\u00e1 doba \u010dten\u00ed":"3 minuty"},"schema":{"@context":"https:\/\/schema.org","@graph":[{"@type":"Article","@id":"https:\/\/www.karaoketexty.cz\/magazin\/billie-eilish-a-herec-nate-wolff-priznali-svuj-vztah\/#article","isPartOf":{"@id":"https:\/\/www.karaoketexty.cz\/magazin\/billie-eilish-a-herec-nate-wolff-priznali-svuj-vztah\/"},"author":{"name":"Franti\u0161ek Zahradn\u00ed\u010dek","@id":"https:\/\/www.karaoketexty.cz\/magazin\/#\/schema\/person\/69d871cedc122c98723e0f5e1f73fa16"},"headline":"Slavn\u00e1 zp\u011bva\u010dka Billie Eilish je \u0161\u0165astn\u00e1 v nov\u00e9m vztahu. Dala se dohromady s o 7 let star\u0161\u00edm hercem","datePublished":"2025-07-26T06:06:00+00:00","mainEntityOfPage":{"@id":"https:\/\/www.karaoketexty.cz\/magazin\/billie-eilish-a-herec-nate-wolff-priznali-svuj-vztah\/"},"wordCount":566,"commentCount":0,"image":{"@id":"https:\/\/www.karaoketexty.cz\/magazin\/billie-eilish-a-herec-nate-wolff-priznali-svuj-vztah\/#primaryimage"},"thumbnailUrl":"https:\/\/www.karaoketexty.cz\/magazin\/wp-content\/uploads\/2025\/07\/billie-eilish.jpg","keywords":["Bad Guy","Billie Eilish","bisexualita","celebrity a rodina","Grammy","Herec","Hit Me Hard and Soft","hudebn\u00ed inspirace","hudebn\u00ed megahv\u011bzda","koncert","Nat Wolff","No Time to Die","Oscar","ve\u0159ejn\u00e1 n\u00e1klonnost","videoklip","vztahy celebrit","What Was I Made For?","When We All Fall Asleep Where Do We Go?","Zahrani\u010dn\u00ed celebrity","Zp\u011bva\u010dka"],"articleSection":["Aktuality"],"inLanguage":"cs","potentialAction":[{"@type":"CommentAction","name":"Comment","target":["https:\/\/www.karaoketexty.cz\/magazin\/billie-eilish-a-herec-nate-wolff-priznali-svuj-vztah\/#respond"]}]},{"@type":"WebPage","@id":"https:\/\/www.karaoketexty.cz\/magazin\/billie-eilish-a-herec-nate-wolff-priznali-svuj-vztah\/","url":"https:\/\/www.karaoketexty.cz\/magazin\/billie-eilish-a-herec-nate-wolff-priznali-svuj-vztah\/","name":"Billie Eilish se dala dohromady s t\u00edmto o 7 let star\u0161\u00edm hercem","isPartOf":{"@id":"https:\/\/www.karaoketexty.cz\/magazin\/#website"},"primaryImageOfPage":{"@id":"https:\/\/www.karaoketexty.cz\/magazin\/billie-eilish-a-herec-nate-wolff-priznali-svuj-vztah\/#primaryimage"},"image":{"@id":"https:\/\/www.karaoketexty.cz\/magazin\/billie-eilish-a-herec-nate-wolff-priznali-svuj-vztah\/#primaryimage"},"thumbnailUrl":"https:\/\/www.karaoketexty.cz\/magazin\/wp-content\/uploads\/2025\/07\/billie-eilish.jpg","datePublished":"2025-07-26T06:06:00+00:00","author":{"@id":"https:\/\/www.karaoketexty.cz\/magazin\/#\/schema\/person\/69d871cedc122c98723e0f5e1f73fa16"},"description":"Zp\u011bva\u010dka ocen\u011bn\u00e1 Oscarem a mno\u017estv\u00edm Grammy u\u017e m\u011bs\u00edc rand\u00ed s Natem Wolffem. Kone\u010dn\u011b se neboj\u00ed projevit n\u00e1klonnost na ve\u0159ejnosti.","breadcrumb":{"@id":"https:\/\/www.karaoketexty.cz\/magazin\/billie-eilish-a-herec-nate-wolff-priznali-svuj-vztah\/#breadcrumb"},"inLanguage":"cs","potentialAction":[{"@type":"ReadAction","target":["https:\/\/www.karaoketexty.cz\/magazin\/billie-eilish-a-herec-nate-wolff-priznali-svuj-vztah\/"]}]},{"@type":"ImageObject","inLanguage":"cs","@id":"https:\/\/www.karaoketexty.cz\/magazin\/billie-eilish-a-herec-nate-wolff-priznali-svuj-vztah\/#primaryimage","url":"https:\/\/www.karaoketexty.cz\/magazin\/wp-content\/uploads\/2025\/07\/billie-eilish.jpg","contentUrl":"https:\/\/www.karaoketexty.cz\/magazin\/wp-content\/uploads\/2025\/07\/billie-eilish.jpg","width":1200,"height":675,"caption":"Foto: Foto: Heute.at \/ Creative Commons \/ CC BY 4.0, Billie Eilish"},{"@type":"BreadcrumbList","@id":"https:\/\/www.karaoketexty.cz\/magazin\/billie-eilish-a-herec-nate-wolff-priznali-svuj-vztah\/#breadcrumb","itemListElement":[{"@type":"ListItem","position":1,"name":"Dom\u016f","item":"https:\/\/www.karaoketexty.cz\/magazin\/"},{"@type":"ListItem","position":2,"name":"Slavn\u00e1 zp\u011bva\u010dka Billie Eilish je \u0161\u0165astn\u00e1 v nov\u00e9m vztahu. Dala se dohromady s o 7 let star\u0161\u00edm hercem"}]},{"@type":"WebSite","@id":"https:\/\/www.karaoketexty.cz\/magazin\/#website","url":"https:\/\/www.karaoketexty.cz\/magazin\/","name":"Stars Magaz\u00edn Karaoketexty.cz","description":"Stars Magaz\u00edn na Karaoketexty.cz je zam\u011b\u0159en\u00fd na novinky ze sv\u011bta hudby a celebrit. Obsahuje \u010dl\u00e1nky o zp\u011bv\u00e1c\u00edch, kapel\u00e1ch, nov\u00fdch albech, hudebn\u00edch trendech a dal\u0161\u00edch zaj\u00edmavostech z hudebn\u00edho pr\u016fmyslu.","potentialAction":[{"@type":"SearchAction","target":{"@type":"EntryPoint","urlTemplate":"https:\/\/www.karaoketexty.cz\/magazin\/?s={search_term_string}"},"query-input":{"@type":"PropertyValueSpecification","valueRequired":true,"valueName":"search_term_string"}}],"inLanguage":"cs"},{"@type":"Person","@id":"https:\/\/www.karaoketexty.cz\/magazin\/#\/schema\/person\/69d871cedc122c98723e0f5e1f73fa16","name":"Franti\u0161ek Zahradn\u00ed\u010dek","image":{"@type":"ImageObject","inLanguage":"cs","@id":"https:\/\/secure.gravatar.com\/avatar\/fcc548a9ddc6294d2945bd8730d73ac130db3d13dfd96d644aa093d54c1917b6?s=96&d=mm&r=g","url":"https:\/\/secure.gravatar.com\/avatar\/fcc548a9ddc6294d2945bd8730d73ac130db3d13dfd96d644aa093d54c1917b6?s=96&d=mm&r=g","contentUrl":"https:\/\/secure.gravatar.com\/avatar\/fcc548a9ddc6294d2945bd8730d73ac130db3d13dfd96d644aa093d54c1917b6?s=96&d=mm&r=g","caption":"Franti\u0161ek Zahradn\u00ed\u010dek"},"url":"https:\/\/www.karaoketexty.cz\/magazin\/author\/frantazahrada\/"}]}},"_links":{"self":[{"href":"https:\/\/www.karaoketexty.cz\/magazin\/wp-json\/wp\/v2\/posts\/1728","targetHints":{"allow":["GET"]}}],"collection":[{"href":"https:\/\/www.karaoketexty.cz\/magazin\/wp-json\/wp\/v2\/posts"}],"about":[{"href":"https:\/\/www.karaoketexty.cz\/magazin\/wp-json\/wp\/v2\/types\/post"}],"author":[{"embeddable":true,"href":"https:\/\/www.karaoketexty.cz\/magazin\/wp-json\/wp\/v2\/users\/6"}],"replies":[{"embeddable":true,"href":"https:\/\/www.karaoketexty.cz\/magazin\/wp-json\/wp\/v2\/comments?post=1728"}],"version-history":[{"count":18,"href":"https:\/\/www.karaoketexty.cz\/magazin\/wp-json\/wp\/v2\/posts\/1728\/revisions"}],"predecessor-version":[{"id":1831,"href":"https:\/\/www.karaoketexty.cz\/magazin\/wp-json\/wp\/v2\/posts\/1728\/revisions\/1831"}],"wp:featuredmedia":[{"embeddable":true,"href":"https:\/\/www.karaoketexty.cz\/magazin\/wp-json\/wp\/v2\/media\/1729"}],"wp:attachment":[{"href":"https:\/\/www.karaoketexty.cz\/magazin\/wp-json\/wp\/v2\/media?parent=1728"}],"wp:term":[{"taxonomy":"category","embeddable":true,"href":"https:\/\/www.karaoketexty.cz\/magazin\/wp-json\/wp\/v2\/categories?post=1728"},{"taxonomy":"post_tag","embeddable":true,"href":"https:\/\/www.karaoketexty.cz\/magazin\/wp-json\/wp\/v2\/tags?post=1728"}],"curies":[{"name":"wp","href":"https:\/\/api.w.org\/{rel}","templated":true}]}}