{"id":1682,"date":"2025-07-23T09:02:42","date_gmt":"2025-07-23T07:02:42","guid":{"rendered":"https:\/\/www.karaoketexty.cz\/magazin\/?p=1682"},"modified":"2025-07-21T11:59:08","modified_gmt":"2025-07-21T09:59:08","slug":"shakira-strach-imigrantka-amerika-usa-turne-hudba","status":"publish","type":"post","link":"https:\/\/www.karaoketexty.cz\/magazin\/shakira-strach-imigrantka-amerika-usa-turne-hudba\/","title":{"rendered":"Shakira odhalila, jak\u00fd m\u00e1 v USA strach jako imigrantka. Vyb\u00edz\u00ed lidi v podobn\u00e9 situaci, aby z\u016fstali jednotn\u00ed"},"content":{"rendered":"\n<p><strong>Shakira up\u0159\u00edmn\u011b hovo\u0159\u00ed o sv\u00fdch obav\u00e1ch jako kolumbijsk\u00e1 imigrantka ve Spojen\u00fdch st\u00e1tech. A p\u0159esto\u017ee \u010del\u00ed nejistot\u011b, na p\u00f3diu te\u010f pro\u017e\u00edv\u00e1 jedno ze sv\u00fdch nejsiln\u011bj\u0161\u00edch \u017eivotn\u00edch obdob\u00ed, energick\u00e9 turn\u00e9, kter\u00e9 d\u00e1v\u00e1 hlas jej\u00ed odolnosti a radosti.<\/strong><\/p>\n\n\n\n<p><em>\u201e\u017d\u00edt jako imigrant v USA znamen\u00e1 \u017e\u00edt v neust\u00e1l\u00e9m strachu,\u201c<\/em> p\u0159iznala Shakira v ned\u00e1vn\u00e9m rozhovoru pro BBC. P\u0159esto, \u017ee p\u0159i\u0161la do Ameriky u\u017e jako mlad\u00e1 d\u00edvka bez technologi\u00ed, u\u010dila se anglicky jen pomoc\u00ed slovn\u00edku a p\u00edsni\u010dek, nikdy neztratila nad\u011bji. A dnes p\u0159izn\u00e1v\u00e1, \u017ee tlak a obavy pro mnoho lid\u00ed narostly, ale ona v\u011b\u0159\u00ed, \u017ee lidskost a soun\u00e1le\u017eitost mohou b\u00fdt siln\u011bj\u0161\u00ed ne\u017e strach. Na Karaoketexty jsme se zam\u011b\u0159ili na jej\u00ed n\u00e1zor na sou\u010dasnou imigra\u010dn\u00ed situaci v USA i jak bylo ovlivn\u011bno jej\u00ed turn\u00e9.<\/p>\n\n\n<!-- karaoketexty.cz \/ rectangle2 -->\n<div id=\"PX_37086_709110796310826\"><\/div>\n<script>\n   if(!useMobileAds && !boolUseSeznamAds && !hideAllAds){\n     window.px2 = window.px2 || { conf: {},queue: [] };\n     px2.queue.push(function () {\n        px2.render({\n           slot: {\n              id: 37086\n           },\n            elem: \"PX_37086_709110796310826\"\n        })\n     });\n  }\n<\/script>\n\n<!-- karaoketexty.cz \/ mobile-rectangle3 -->\n<div id=\"PX_37044_714599773297004\"><\/div>\n<script>\n   if(useMobileAds && !boolUseSeznamAds && !hideAllAds){\nwindow.px2 = window.px2 || { conf: {},queue: [] };\npx2.queue.push(function () {\n\tpx2.render({\n\t\tslot: {\n\t\t\tid: 37044\n\t\t},\n\t\telem: \"PX_37044_714599773297004\"\n\t})\n});\n}\n<\/script>\n\n\n<h2 class=\"wp-block-heading\">Sd\u00edlen\u00fd strach, spole\u010dn\u00e1 s\u00edla<\/h2>\n\n\n\n<p>Shakira popisuje \u017eivot imigrant\u016f jako cestu plnou obav. P\u0159esto v\u011b\u0159\u00ed, \u017ee kdy\u017e se lid\u00e9 spoj\u00ed a uk\u00e1\u017eou soucit, mohou zm\u011bnit z\u00e1kony i postoje. <em>\u201eMus\u00edme z\u016fstat jednotn\u00ed. A d\u00e1t najevo \u2013 zm\u011bnit se m\u016f\u017eou z\u00e1kony, ale zach\u00e1zen\u00ed mus\u00ed z\u016fstat lidsk\u00e9,\u201c<\/em> apeluje. Zat\u00edmco jej\u00ed slova odkr\u00fdvaj\u00ed zranitelnost, na p\u00f3diu jej\u00ed energie z\u00e1\u0159\u00ed. <\/p>\n\n\n<!-- karaoketexty.cz \/ interscroller1 -->\n\n<div id=\"PX_37041_825057871452834\"><\/div>\n<script>\nif(useMobileAds && !boolUseSeznamAds && !hideAllAds){\n\twindow.px2 = window.px2 || { conf: {},queue: [] };\n\tpx2.queue.push(function () {\n\t\tpx2.render({\n\t\t\tslot: {\n\t\t\t\tid: 37041\n\t\t\t},\n\t\t\telem: \"PX_37041_825057871452834\"\n\t\t})\n\t});\n}\n<\/script>\n\n\n<p>To v\u0161echno v n\u00e1vaznosti na tvrdou americkou imigra\u010dn\u00ed politiku, kterou po sv\u00e9m n\u00e1stupu zavedl prezident Donald Trump. Shr\u0148me kr\u00e1tce, \u017ee jde o roz\u0161\u00ed\u0159en\u00ed mo\u017enosti deportace bez soudn\u00edho procesu, zaveden\u00ed trest\u016f pro neleg\u00e1ln\u00ed migranty \u010di roz\u0161\u00ed\u0159en\u00ed deporta\u010dn\u00edch razi\u00ed ze strany imigra\u010dn\u00edch \u00fa\u0159ad\u016f, co\u017e vedlo k masov\u00fdm protest\u016fm v Los Angeles a dal\u0161\u00edch americk\u00fdch m\u011bstech pod heslem \u201eNo Kings\u201c v polovin\u011b \u010dervna.<\/p>\n\n\n\n<blockquote class=\"instagram-media\" data-instgrm-captioned data-instgrm-permalink=\"https:\/\/www.instagram.com\/p\/DLktqgbMlH3\/?utm_source=ig_embed&amp;utm_campaign=loading\" data-instgrm-version=\"14\" style=\" background:#FFF; border:0; border-radius:3px; box-shadow:0 0 1px 0 rgba(0,0,0,0.5),0 1px 10px 0 rgba(0,0,0,0.15); margin: 1px; max-width:540px; min-width:326px; padding:0; width:99.375%; width:-webkit-calc(100% - 2px); width:calc(100% - 2px);\"><div style=\"padding:16px;\"> <a href=\"https:\/\/www.instagram.com\/p\/DLktqgbMlH3\/?utm_source=ig_embed&amp;utm_campaign=loading\" style=\" background:#FFFFFF; line-height:0; padding:0 0; text-align:center; text-decoration:none; width:100%;\" target=\"_blank\"> <div style=\" display: flex; flex-direction: row; align-items: center;\"> <div style=\"background-color: #F4F4F4; border-radius: 50%; flex-grow: 0; height: 40px; margin-right: 14px; width: 40px;\"><\/div> <div style=\"display: flex; flex-direction: column; flex-grow: 1; justify-content: center;\"> <div style=\" background-color: #F4F4F4; border-radius: 4px; flex-grow: 0; height: 14px; margin-bottom: 6px; width: 100px;\"><\/div> <div style=\" background-color: #F4F4F4; border-radius: 4px; flex-grow: 0; height: 14px; width: 60px;\"><\/div><\/div><\/div><div style=\"padding: 19% 0;\"><\/div> <div style=\"display:block; height:50px; margin:0 auto 12px; width:50px;\"><svg width=\"50px\" height=\"50px\" viewBox=\"0 0 60 60\" version=\"1.1\" xmlns=\"https:\/\/www.w3.org\/2000\/svg\" xmlns:xlink=\"https:\/\/www.w3.org\/1999\/xlink\"><g stroke=\"none\" stroke-width=\"1\" fill=\"none\" fill-rule=\"evenodd\"><g transform=\"translate(-511.000000, -20.000000)\" fill=\"#000000\"><g><path d=\"M556.869,30.41 C554.814,30.41 553.148,32.076 553.148,34.131 C553.148,36.186 554.814,37.852 556.869,37.852 C558.924,37.852 560.59,36.186 560.59,34.131 C560.59,32.076 558.924,30.41 556.869,30.41 M541,60.657 C535.114,60.657 530.342,55.887 530.342,50 C530.342,44.114 535.114,39.342 541,39.342 C546.887,39.342 551.658,44.114 551.658,50 C551.658,55.887 546.887,60.657 541,60.657 M541,33.886 C532.1,33.886 524.886,41.1 524.886,50 C524.886,58.899 532.1,66.113 541,66.113 C549.9,66.113 557.115,58.899 557.115,50 C557.115,41.1 549.9,33.886 541,33.886 M565.378,62.101 C565.244,65.022 564.756,66.606 564.346,67.663 C563.803,69.06 563.154,70.057 562.106,71.106 C561.058,72.155 560.06,72.803 558.662,73.347 C557.607,73.757 556.021,74.244 553.102,74.378 C549.944,74.521 548.997,74.552 541,74.552 C533.003,74.552 532.056,74.521 528.898,74.378 C525.979,74.244 524.393,73.757 523.338,73.347 C521.94,72.803 520.942,72.155 519.894,71.106 C518.846,70.057 518.197,69.06 517.654,67.663 C517.244,66.606 516.755,65.022 516.623,62.101 C516.479,58.943 516.448,57.996 516.448,50 C516.448,42.003 516.479,41.056 516.623,37.899 C516.755,34.978 517.244,33.391 517.654,32.338 C518.197,30.938 518.846,29.942 519.894,28.894 C520.942,27.846 521.94,27.196 523.338,26.654 C524.393,26.244 525.979,25.756 528.898,25.623 C532.057,25.479 533.004,25.448 541,25.448 C548.997,25.448 549.943,25.479 553.102,25.623 C556.021,25.756 557.607,26.244 558.662,26.654 C560.06,27.196 561.058,27.846 562.106,28.894 C563.154,29.942 563.803,30.938 564.346,32.338 C564.756,33.391 565.244,34.978 565.378,37.899 C565.522,41.056 565.552,42.003 565.552,50 C565.552,57.996 565.522,58.943 565.378,62.101 M570.82,37.631 C570.674,34.438 570.167,32.258 569.425,30.349 C568.659,28.377 567.633,26.702 565.965,25.035 C564.297,23.368 562.623,22.342 560.652,21.575 C558.743,20.834 556.562,20.326 553.369,20.18 C550.169,20.033 549.148,20 541,20 C532.853,20 531.831,20.033 528.631,20.18 C525.438,20.326 523.257,20.834 521.349,21.575 C519.376,22.342 517.703,23.368 516.035,25.035 C514.368,26.702 513.342,28.377 512.574,30.349 C511.834,32.258 511.326,34.438 511.181,37.631 C511.035,40.831 511,41.851 511,50 C511,58.147 511.035,59.17 511.181,62.369 C511.326,65.562 511.834,67.743 512.574,69.651 C513.342,71.625 514.368,73.296 516.035,74.965 C517.703,76.634 519.376,77.658 521.349,78.425 C523.257,79.167 525.438,79.673 528.631,79.82 C531.831,79.965 532.853,80.001 541,80.001 C549.148,80.001 550.169,79.965 553.369,79.82 C556.562,79.673 558.743,79.167 560.652,78.425 C562.623,77.658 564.297,76.634 565.965,74.965 C567.633,73.296 568.659,71.625 569.425,69.651 C570.167,67.743 570.674,65.562 570.82,62.369 C570.966,59.17 571,58.147 571,50 C571,41.851 570.966,40.831 570.82,37.631\"><\/path><\/g><\/g><\/g><\/svg><\/div><div style=\"padding-top: 8px;\"> <div style=\" color:#3897f0; font-family:Arial,sans-serif; font-size:14px; font-style:normal; font-weight:550; line-height:18px;\">Zobrazit p\u0159\u00edsp\u011bvek na Instagramu<\/div><\/div><div style=\"padding: 12.5% 0;\"><\/div> <div style=\"display: flex; flex-direction: row; margin-bottom: 14px; align-items: center;\"><div> <div style=\"background-color: #F4F4F4; border-radius: 50%; height: 12.5px; width: 12.5px; transform: translateX(0px) translateY(7px);\"><\/div> <div style=\"background-color: #F4F4F4; height: 12.5px; transform: rotate(-45deg) translateX(3px) translateY(1px); width: 12.5px; flex-grow: 0; margin-right: 14px; margin-left: 2px;\"><\/div> <div style=\"background-color: #F4F4F4; border-radius: 50%; height: 12.5px; width: 12.5px; transform: translateX(9px) translateY(-18px);\"><\/div><\/div><div style=\"margin-left: 8px;\"> <div style=\" background-color: #F4F4F4; border-radius: 50%; flex-grow: 0; height: 20px; width: 20px;\"><\/div> <div style=\" width: 0; height: 0; border-top: 2px solid transparent; border-left: 6px solid #f4f4f4; border-bottom: 2px solid transparent; transform: translateX(16px) translateY(-4px) rotate(30deg)\"><\/div><\/div><div style=\"margin-left: auto;\"> <div style=\" width: 0px; border-top: 8px solid #F4F4F4; border-right: 8px solid transparent; transform: translateY(16px);\"><\/div> <div style=\" background-color: #F4F4F4; flex-grow: 0; height: 12px; width: 16px; transform: translateY(-4px);\"><\/div> <div style=\" width: 0; height: 0; border-top: 8px solid #F4F4F4; border-left: 8px solid transparent; transform: translateY(-4px) translateX(8px);\"><\/div><\/div><\/div> <div style=\"display: flex; flex-direction: column; flex-grow: 1; justify-content: center; margin-bottom: 24px;\"> <div style=\" background-color: #F4F4F4; border-radius: 4px; flex-grow: 0; height: 14px; margin-bottom: 6px; width: 224px;\"><\/div> <div style=\" background-color: #F4F4F4; border-radius: 4px; flex-grow: 0; height: 14px; width: 144px;\"><\/div><\/div><\/a><p style=\" color:#c9c8cd; font-family:Arial,sans-serif; font-size:14px; line-height:17px; margin-bottom:0; margin-top:8px; overflow:hidden; padding:8px 0 7px; text-align:center; text-overflow:ellipsis; white-space:nowrap;\"><a href=\"https:\/\/www.instagram.com\/p\/DLktqgbMlH3\/?utm_source=ig_embed&amp;utm_campaign=loading\" style=\" color:#c9c8cd; font-family:Arial,sans-serif; font-size:14px; font-style:normal; font-weight:normal; line-height:17px; text-decoration:none;\" target=\"_blank\">P\u0159\u00edsp\u011bvek sd\u00edlen\u00fd Shakira (@shakira)<\/a><\/p><\/div><\/blockquote>\n<script async src=\"\/\/www.instagram.com\/embed.js\"><\/script>\n\n\n\n<p>To bylo tak\u00e9 d\u016fvodem, pro\u010d Shakira odlo\u017eila t\u0159i sv\u00e9 koncerty v r\u00e1mci turn\u00e9 Las Mujeres Ya No Lloran, kter\u00e9 m\u011bla odehr\u00e1t v Los Angeles a Fresnu v Kalifornii. Ty se p\u0159esunuly na za\u010d\u00e1tek srpna. Po nich zam\u00ed\u0159\u00ed do Mexika a n\u00e1sledn\u011b procestuje Ji\u017en\u00ed Ameriku. Turn\u00e9 u\u017e vyd\u011blalo p\u0159es 150 milion\u016f dolar\u016f a p\u0159iv\u00edtalo miliony fanou\u0161k\u016f. V z\u00e1kulis\u00ed se piln\u011b p\u0159ipravuj\u00ed kost\u00fdmy, herci jemn\u011b dolad\u00ed ka\u017ed\u00fd detail a Shakira tan\u010d\u00ed s obrovskou energi\u00ed, m\u011bn\u00ed outfity, a poka\u017ed\u00e9 p\u0159edv\u00e1d\u00ed show plnou v\u00e1\u0161n\u011b. <\/p>\n\n\n\n<h2 class=\"wp-block-heading\">Bolest jako pohonn\u00e1 s\u00edla<\/h2>\n\n\n\n<p>Shakira otev\u0159en\u011b mluv\u00ed o t\u011b\u017ek\u00fdch chv\u00edl\u00edch, zlomen\u00e9m srdci, zdravotn\u00edch pot\u00ed\u017e\u00edch u bl\u00edzk\u00fdch i pr\u00e1vn\u00edch bitv\u00e1ch. A pr\u00e1v\u011b to je jej\u00ed vzkaz skrze hudbu i pohyb, \u017ee i z bolesti m\u016f\u017ee vyr\u016fst n\u011bco siln\u011bj\u0161\u00edho a opravdov\u011bj\u0161\u00edho. Jej\u00ed p\u0159\u00edb\u011bh je p\u0159\u00edb\u011bhem odvahy zahodit strach a naj\u00edt s\u00edlu st\u00e1t pevn\u011b. Jej\u00ed hlas te\u010f nehovo\u0159\u00ed jen o migraci \u010di l\u00e1sce, ale o tom, \u017ee v\u0161echny \u017eivotn\u00ed str\u00e1nky mohou b\u00fdt propojen\u00e9.<\/p>\n\n\n\n<p>Zdroj: Autorsk\u00fd text, <a href=\"https:\/\/consequence.net\/2025\/06\/shakira-immigrant-living-in-constant-fear\/\">Consequence<\/a>, <a href=\"https:\/\/www.bbc.com\/news\/articles\/cn056ky4d00o\">BBC<\/a>, <a href=\"https:\/\/en.wikipedia.org\/wiki\/Executive_Order_14159\" target=\"_blank\" rel=\"noreferrer noopener nofollow\">Wikipedie<\/a>, <a href=\"https:\/\/www.shakira.com\/tour\/\" target=\"_blank\" rel=\"noreferrer noopener nofollow\">Shakira Official<\/a><\/p>\n","protected":false},"excerpt":{"rendered":"<p>Shakira up\u0159\u00edmn\u011b hovo\u0159\u00ed o sv\u00fdch obav\u00e1ch jako kolumbijsk\u00e1 imigrantka ve Spojen\u00fdch st\u00e1tech. A p\u0159esto\u017ee \u010del\u00ed nejistot\u011b, na p\u00f3diu te\u010f pro\u017e\u00edv\u00e1 jedno ze sv\u00fdch nejsiln\u011bj\u0161\u00edch \u017eivotn\u00edch obdob\u00ed, energick\u00e9 turn\u00e9, kter\u00e9 d\u00e1v\u00e1 hlas jej\u00ed odolnosti a radosti.<\/p>\n","protected":false},"author":6,"featured_media":1431,"comment_status":"open","ping_status":"closed","sticky":false,"template":"","format":"standard","meta":{"_yoast_wpseo_title":"Shakira odhalila, jak\u00fd m\u00e1 v USA strach jako imigrantka","_yoast_wpseo_metadesc":"Shakira p\u0159iznala, \u017ee imigranti \u017eij\u00ed v USA v neust\u00e1l\u00e9m strachu. Na p\u00f3diu ukazuje s\u00edlu, kter\u00e1 j\u00ed pom\u00e1h\u00e1 p\u0159ekonat osobn\u00ed v\u00fdzvy.","footnotes":""},"categories":[9],"tags":[364,538,559,444,392,367,561,560,556,557,375,543,359,558,226,163,28,51],"class_list":["post-1682","post","type-post","status-publish","format-standard","has-post-thumbnail","hentry","category-zajimavosti","tag-celebrity-a-rodina","tag-deportace","tag-energie","tag-hudebni-inspirace","tag-hudebni-show","tag-hudebnici","tag-imigracni-politika","tag-imigrantka","tag-las-mujeres-ya-no-lloran","tag-latina","tag-osobni-zivot","tag-protesty","tag-shakira","tag-socialni-aktivismus","tag-turne","tag-usa","tag-zahranicni-celebrity","tag-zpevacka"],"yoast_head":"<!-- This site is optimized with the Yoast SEO plugin v27.4 - https:\/\/yoast.com\/product\/yoast-seo-wordpress\/ -->\n<title>Shakira odhalila, jak\u00fd m\u00e1 v USA strach jako imigrantka<\/title>\n<meta name=\"description\" content=\"Shakira p\u0159iznala, \u017ee imigranti \u017eij\u00ed v USA v neust\u00e1l\u00e9m strachu. Na p\u00f3diu ukazuje s\u00edlu, kter\u00e1 j\u00ed pom\u00e1h\u00e1 p\u0159ekonat osobn\u00ed v\u00fdzvy.\" \/>\n<meta name=\"robots\" content=\"index, follow, max-snippet:-1, max-image-preview:large, max-video-preview:-1\" \/>\n<link rel=\"canonical\" href=\"https:\/\/www.karaoketexty.cz\/magazin\/shakira-strach-imigrantka-amerika-usa-turne-hudba\/\" \/>\n<meta property=\"og:locale\" content=\"cs_CZ\" \/>\n<meta property=\"og:type\" content=\"article\" \/>\n<meta property=\"og:title\" content=\"Shakira p\u0159iznala, \u017ee m\u00e1 cel\u00fd \u017eivot OBROVSK\u00dd STRACH: Prozradila, jak\u00e9 to je \u017e\u00edt v USA jako imigrantka. Pro ostatn\u00ed m\u00e1 d\u016fle\u017eit\u00fd vzkaz\" \/>\n<meta property=\"og:description\" content=\"Shakira p\u0159iznala, \u017ee imigranti \u017eij\u00ed v USA v neust\u00e1l\u00e9m strachu. Na p\u00f3diu ukazuje s\u00edlu, kter\u00e1 j\u00ed pom\u00e1h\u00e1 p\u0159ekonat osobn\u00ed v\u00fdzvy.\" \/>\n<meta property=\"og:url\" content=\"https:\/\/www.karaoketexty.cz\/magazin\/shakira-strach-imigrantka-amerika-usa-turne-hudba\/\" \/>\n<meta property=\"og:site_name\" content=\"Stars Magaz\u00edn Karaoketexty.cz\" \/>\n<meta property=\"article:published_time\" content=\"2025-07-23T07:02:42+00:00\" \/>\n<meta property=\"og:image\" content=\"https:\/\/www.karaoketexty.cz\/magazin\/wp-content\/uploads\/2025\/07\/shakira.jpeg\" \/>\n\t<meta property=\"og:image:width\" content=\"1200\" \/>\n\t<meta property=\"og:image:height\" content=\"630\" \/>\n\t<meta property=\"og:image:type\" content=\"image\/jpeg\" \/>\n<meta name=\"author\" content=\"Franti\u0161ek Zahradn\u00ed\u010dek\" \/>\n<meta name=\"twitter:card\" content=\"summary_large_image\" \/>\n<meta name=\"twitter:label1\" content=\"Napsal(a)\" \/>\n\t<meta name=\"twitter:data1\" content=\"Franti\u0161ek Zahradn\u00ed\u010dek\" \/>\n\t<meta name=\"twitter:label2\" content=\"Odhadovan\u00e1 doba \u010dten\u00ed\" \/>\n\t<meta name=\"twitter:data2\" content=\"7 minut\" \/>\n<script type=\"application\/ld+json\" class=\"yoast-schema-graph\">{\"@context\":\"https:\\\/\\\/schema.org\",\"@graph\":[{\"@type\":\"Article\",\"@id\":\"https:\\\/\\\/www.karaoketexty.cz\\\/magazin\\\/shakira-strach-imigrantka-amerika-usa-turne-hudba\\\/#article\",\"isPartOf\":{\"@id\":\"https:\\\/\\\/www.karaoketexty.cz\\\/magazin\\\/shakira-strach-imigrantka-amerika-usa-turne-hudba\\\/\"},\"author\":{\"name\":\"Franti\u0161ek Zahradn\u00ed\u010dek\",\"@id\":\"https:\\\/\\\/www.karaoketexty.cz\\\/magazin\\\/#\\\/schema\\\/person\\\/69d871cedc122c98723e0f5e1f73fa16\"},\"headline\":\"Shakira odhalila, jak\u00fd m\u00e1 v USA strach jako imigrantka. Vyb\u00edz\u00ed lidi v podobn\u00e9 situaci, aby z\u016fstali jednotn\u00ed\",\"datePublished\":\"2025-07-23T07:02:42+00:00\",\"mainEntityOfPage\":{\"@id\":\"https:\\\/\\\/www.karaoketexty.cz\\\/magazin\\\/shakira-strach-imigrantka-amerika-usa-turne-hudba\\\/\"},\"wordCount\":554,\"commentCount\":0,\"image\":{\"@id\":\"https:\\\/\\\/www.karaoketexty.cz\\\/magazin\\\/shakira-strach-imigrantka-amerika-usa-turne-hudba\\\/#primaryimage\"},\"thumbnailUrl\":\"https:\\\/\\\/www.karaoketexty.cz\\\/magazin\\\/wp-content\\\/uploads\\\/2025\\\/06\\\/shakira-comeback.avif\",\"keywords\":[\"celebrity a rodina\",\"deportace\",\"energie\",\"hudebn\u00ed inspirace\",\"hudebn\u00ed show\",\"hudebn\u00edci\",\"imigra\u010dn\u00ed politika\",\"imigrantka\",\"Las Mujeres Ya No Lloran\",\"latina\",\"osobn\u00ed \u017eivot\",\"protesty\",\"Shakira\",\"soci\u00e1ln\u00ed aktivismus\",\"Turn\u00e9\",\"USA\",\"Zahrani\u010dn\u00ed celebrity\",\"Zp\u011bva\u010dka\"],\"articleSection\":[\"Zaj\u00edmavosti\"],\"inLanguage\":\"cs\",\"potentialAction\":[{\"@type\":\"CommentAction\",\"name\":\"Comment\",\"target\":[\"https:\\\/\\\/www.karaoketexty.cz\\\/magazin\\\/shakira-strach-imigrantka-amerika-usa-turne-hudba\\\/#respond\"]}]},{\"@type\":\"WebPage\",\"@id\":\"https:\\\/\\\/www.karaoketexty.cz\\\/magazin\\\/shakira-strach-imigrantka-amerika-usa-turne-hudba\\\/\",\"url\":\"https:\\\/\\\/www.karaoketexty.cz\\\/magazin\\\/shakira-strach-imigrantka-amerika-usa-turne-hudba\\\/\",\"name\":\"Shakira odhalila, jak\u00fd m\u00e1 v USA strach jako imigrantka\",\"isPartOf\":{\"@id\":\"https:\\\/\\\/www.karaoketexty.cz\\\/magazin\\\/#website\"},\"primaryImageOfPage\":{\"@id\":\"https:\\\/\\\/www.karaoketexty.cz\\\/magazin\\\/shakira-strach-imigrantka-amerika-usa-turne-hudba\\\/#primaryimage\"},\"image\":{\"@id\":\"https:\\\/\\\/www.karaoketexty.cz\\\/magazin\\\/shakira-strach-imigrantka-amerika-usa-turne-hudba\\\/#primaryimage\"},\"thumbnailUrl\":\"https:\\\/\\\/www.karaoketexty.cz\\\/magazin\\\/wp-content\\\/uploads\\\/2025\\\/06\\\/shakira-comeback.avif\",\"datePublished\":\"2025-07-23T07:02:42+00:00\",\"author\":{\"@id\":\"https:\\\/\\\/www.karaoketexty.cz\\\/magazin\\\/#\\\/schema\\\/person\\\/69d871cedc122c98723e0f5e1f73fa16\"},\"description\":\"Shakira p\u0159iznala, \u017ee imigranti \u017eij\u00ed v USA v neust\u00e1l\u00e9m strachu. Na p\u00f3diu ukazuje s\u00edlu, kter\u00e1 j\u00ed pom\u00e1h\u00e1 p\u0159ekonat osobn\u00ed v\u00fdzvy.\",\"breadcrumb\":{\"@id\":\"https:\\\/\\\/www.karaoketexty.cz\\\/magazin\\\/shakira-strach-imigrantka-amerika-usa-turne-hudba\\\/#breadcrumb\"},\"inLanguage\":\"cs\",\"potentialAction\":[{\"@type\":\"ReadAction\",\"target\":[\"https:\\\/\\\/www.karaoketexty.cz\\\/magazin\\\/shakira-strach-imigrantka-amerika-usa-turne-hudba\\\/\"]}]},{\"@type\":\"ImageObject\",\"inLanguage\":\"cs\",\"@id\":\"https:\\\/\\\/www.karaoketexty.cz\\\/magazin\\\/shakira-strach-imigrantka-amerika-usa-turne-hudba\\\/#primaryimage\",\"url\":\"https:\\\/\\\/www.karaoketexty.cz\\\/magazin\\\/wp-content\\\/uploads\\\/2025\\\/06\\\/shakira-comeback.avif\",\"contentUrl\":\"https:\\\/\\\/www.karaoketexty.cz\\\/magazin\\\/wp-content\\\/uploads\\\/2025\\\/06\\\/shakira-comeback.avif\",\"width\":1200,\"height\":675,\"caption\":\"Fotografie: J.\u00e9bey \\\/ Creative Commons \\\/ CC0 1.0, Shakira v roce 2025\"},{\"@type\":\"BreadcrumbList\",\"@id\":\"https:\\\/\\\/www.karaoketexty.cz\\\/magazin\\\/shakira-strach-imigrantka-amerika-usa-turne-hudba\\\/#breadcrumb\",\"itemListElement\":[{\"@type\":\"ListItem\",\"position\":1,\"name\":\"Dom\u016f\",\"item\":\"https:\\\/\\\/www.karaoketexty.cz\\\/magazin\\\/\"},{\"@type\":\"ListItem\",\"position\":2,\"name\":\"Shakira odhalila, jak\u00fd m\u00e1 v USA strach jako imigrantka. Vyb\u00edz\u00ed lidi v podobn\u00e9 situaci, aby z\u016fstali jednotn\u00ed\"}]},{\"@type\":\"WebSite\",\"@id\":\"https:\\\/\\\/www.karaoketexty.cz\\\/magazin\\\/#website\",\"url\":\"https:\\\/\\\/www.karaoketexty.cz\\\/magazin\\\/\",\"name\":\"Stars Magaz\u00edn Karaoketexty.cz\",\"description\":\"Stars Magaz\u00edn na Karaoketexty.cz je zam\u011b\u0159en\u00fd na novinky ze sv\u011bta hudby a celebrit. Obsahuje \u010dl\u00e1nky o zp\u011bv\u00e1c\u00edch, kapel\u00e1ch, nov\u00fdch albech, hudebn\u00edch trendech a dal\u0161\u00edch zaj\u00edmavostech z hudebn\u00edho pr\u016fmyslu.\",\"potentialAction\":[{\"@type\":\"SearchAction\",\"target\":{\"@type\":\"EntryPoint\",\"urlTemplate\":\"https:\\\/\\\/www.karaoketexty.cz\\\/magazin\\\/?s={search_term_string}\"},\"query-input\":{\"@type\":\"PropertyValueSpecification\",\"valueRequired\":true,\"valueName\":\"search_term_string\"}}],\"inLanguage\":\"cs\"},{\"@type\":\"Person\",\"@id\":\"https:\\\/\\\/www.karaoketexty.cz\\\/magazin\\\/#\\\/schema\\\/person\\\/69d871cedc122c98723e0f5e1f73fa16\",\"name\":\"Franti\u0161ek Zahradn\u00ed\u010dek\",\"image\":{\"@type\":\"ImageObject\",\"inLanguage\":\"cs\",\"@id\":\"https:\\\/\\\/secure.gravatar.com\\\/avatar\\\/fcc548a9ddc6294d2945bd8730d73ac130db3d13dfd96d644aa093d54c1917b6?s=96&d=mm&r=g\",\"url\":\"https:\\\/\\\/secure.gravatar.com\\\/avatar\\\/fcc548a9ddc6294d2945bd8730d73ac130db3d13dfd96d644aa093d54c1917b6?s=96&d=mm&r=g\",\"contentUrl\":\"https:\\\/\\\/secure.gravatar.com\\\/avatar\\\/fcc548a9ddc6294d2945bd8730d73ac130db3d13dfd96d644aa093d54c1917b6?s=96&d=mm&r=g\",\"caption\":\"Franti\u0161ek Zahradn\u00ed\u010dek\"},\"url\":\"https:\\\/\\\/www.karaoketexty.cz\\\/magazin\\\/author\\\/frantazahrada\\\/\"}]}<\/script>\n<!-- \/ Yoast SEO plugin. -->","yoast_head_json":{"title":"Shakira odhalila, jak\u00fd m\u00e1 v USA strach jako imigrantka","description":"Shakira p\u0159iznala, \u017ee imigranti \u017eij\u00ed v USA v neust\u00e1l\u00e9m strachu. Na p\u00f3diu ukazuje s\u00edlu, kter\u00e1 j\u00ed pom\u00e1h\u00e1 p\u0159ekonat osobn\u00ed v\u00fdzvy.","robots":{"index":"index","follow":"follow","max-snippet":"max-snippet:-1","max-image-preview":"max-image-preview:large","max-video-preview":"max-video-preview:-1"},"canonical":"https:\/\/www.karaoketexty.cz\/magazin\/shakira-strach-imigrantka-amerika-usa-turne-hudba\/","og_locale":"cs_CZ","og_type":"article","og_title":"Shakira p\u0159iznala, \u017ee m\u00e1 cel\u00fd \u017eivot OBROVSK\u00dd STRACH: Prozradila, jak\u00e9 to je \u017e\u00edt v USA jako imigrantka. Pro ostatn\u00ed m\u00e1 d\u016fle\u017eit\u00fd vzkaz","og_description":"Shakira p\u0159iznala, \u017ee imigranti \u017eij\u00ed v USA v neust\u00e1l\u00e9m strachu. Na p\u00f3diu ukazuje s\u00edlu, kter\u00e1 j\u00ed pom\u00e1h\u00e1 p\u0159ekonat osobn\u00ed v\u00fdzvy.","og_url":"https:\/\/www.karaoketexty.cz\/magazin\/shakira-strach-imigrantka-amerika-usa-turne-hudba\/","og_site_name":"Stars Magaz\u00edn Karaoketexty.cz","article_published_time":"2025-07-23T07:02:42+00:00","og_image":[{"width":1200,"height":630,"url":"https:\/\/www.karaoketexty.cz\/magazin\/wp-content\/uploads\/2025\/07\/shakira.jpeg","type":"image\/jpeg"}],"author":"Franti\u0161ek Zahradn\u00ed\u010dek","twitter_card":"summary_large_image","twitter_misc":{"Napsal(a)":"Franti\u0161ek Zahradn\u00ed\u010dek","Odhadovan\u00e1 doba \u010dten\u00ed":"7 minut"},"schema":{"@context":"https:\/\/schema.org","@graph":[{"@type":"Article","@id":"https:\/\/www.karaoketexty.cz\/magazin\/shakira-strach-imigrantka-amerika-usa-turne-hudba\/#article","isPartOf":{"@id":"https:\/\/www.karaoketexty.cz\/magazin\/shakira-strach-imigrantka-amerika-usa-turne-hudba\/"},"author":{"name":"Franti\u0161ek Zahradn\u00ed\u010dek","@id":"https:\/\/www.karaoketexty.cz\/magazin\/#\/schema\/person\/69d871cedc122c98723e0f5e1f73fa16"},"headline":"Shakira odhalila, jak\u00fd m\u00e1 v USA strach jako imigrantka. Vyb\u00edz\u00ed lidi v podobn\u00e9 situaci, aby z\u016fstali jednotn\u00ed","datePublished":"2025-07-23T07:02:42+00:00","mainEntityOfPage":{"@id":"https:\/\/www.karaoketexty.cz\/magazin\/shakira-strach-imigrantka-amerika-usa-turne-hudba\/"},"wordCount":554,"commentCount":0,"image":{"@id":"https:\/\/www.karaoketexty.cz\/magazin\/shakira-strach-imigrantka-amerika-usa-turne-hudba\/#primaryimage"},"thumbnailUrl":"https:\/\/www.karaoketexty.cz\/magazin\/wp-content\/uploads\/2025\/06\/shakira-comeback.avif","keywords":["celebrity a rodina","deportace","energie","hudebn\u00ed inspirace","hudebn\u00ed show","hudebn\u00edci","imigra\u010dn\u00ed politika","imigrantka","Las Mujeres Ya No Lloran","latina","osobn\u00ed \u017eivot","protesty","Shakira","soci\u00e1ln\u00ed aktivismus","Turn\u00e9","USA","Zahrani\u010dn\u00ed celebrity","Zp\u011bva\u010dka"],"articleSection":["Zaj\u00edmavosti"],"inLanguage":"cs","potentialAction":[{"@type":"CommentAction","name":"Comment","target":["https:\/\/www.karaoketexty.cz\/magazin\/shakira-strach-imigrantka-amerika-usa-turne-hudba\/#respond"]}]},{"@type":"WebPage","@id":"https:\/\/www.karaoketexty.cz\/magazin\/shakira-strach-imigrantka-amerika-usa-turne-hudba\/","url":"https:\/\/www.karaoketexty.cz\/magazin\/shakira-strach-imigrantka-amerika-usa-turne-hudba\/","name":"Shakira odhalila, jak\u00fd m\u00e1 v USA strach jako imigrantka","isPartOf":{"@id":"https:\/\/www.karaoketexty.cz\/magazin\/#website"},"primaryImageOfPage":{"@id":"https:\/\/www.karaoketexty.cz\/magazin\/shakira-strach-imigrantka-amerika-usa-turne-hudba\/#primaryimage"},"image":{"@id":"https:\/\/www.karaoketexty.cz\/magazin\/shakira-strach-imigrantka-amerika-usa-turne-hudba\/#primaryimage"},"thumbnailUrl":"https:\/\/www.karaoketexty.cz\/magazin\/wp-content\/uploads\/2025\/06\/shakira-comeback.avif","datePublished":"2025-07-23T07:02:42+00:00","author":{"@id":"https:\/\/www.karaoketexty.cz\/magazin\/#\/schema\/person\/69d871cedc122c98723e0f5e1f73fa16"},"description":"Shakira p\u0159iznala, \u017ee imigranti \u017eij\u00ed v USA v neust\u00e1l\u00e9m strachu. Na p\u00f3diu ukazuje s\u00edlu, kter\u00e1 j\u00ed pom\u00e1h\u00e1 p\u0159ekonat osobn\u00ed v\u00fdzvy.","breadcrumb":{"@id":"https:\/\/www.karaoketexty.cz\/magazin\/shakira-strach-imigrantka-amerika-usa-turne-hudba\/#breadcrumb"},"inLanguage":"cs","potentialAction":[{"@type":"ReadAction","target":["https:\/\/www.karaoketexty.cz\/magazin\/shakira-strach-imigrantka-amerika-usa-turne-hudba\/"]}]},{"@type":"ImageObject","inLanguage":"cs","@id":"https:\/\/www.karaoketexty.cz\/magazin\/shakira-strach-imigrantka-amerika-usa-turne-hudba\/#primaryimage","url":"https:\/\/www.karaoketexty.cz\/magazin\/wp-content\/uploads\/2025\/06\/shakira-comeback.avif","contentUrl":"https:\/\/www.karaoketexty.cz\/magazin\/wp-content\/uploads\/2025\/06\/shakira-comeback.avif","width":1200,"height":675,"caption":"Fotografie: J.\u00e9bey \/ Creative Commons \/ CC0 1.0, Shakira v roce 2025"},{"@type":"BreadcrumbList","@id":"https:\/\/www.karaoketexty.cz\/magazin\/shakira-strach-imigrantka-amerika-usa-turne-hudba\/#breadcrumb","itemListElement":[{"@type":"ListItem","position":1,"name":"Dom\u016f","item":"https:\/\/www.karaoketexty.cz\/magazin\/"},{"@type":"ListItem","position":2,"name":"Shakira odhalila, jak\u00fd m\u00e1 v USA strach jako imigrantka. Vyb\u00edz\u00ed lidi v podobn\u00e9 situaci, aby z\u016fstali jednotn\u00ed"}]},{"@type":"WebSite","@id":"https:\/\/www.karaoketexty.cz\/magazin\/#website","url":"https:\/\/www.karaoketexty.cz\/magazin\/","name":"Stars Magaz\u00edn Karaoketexty.cz","description":"Stars Magaz\u00edn na Karaoketexty.cz je zam\u011b\u0159en\u00fd na novinky ze sv\u011bta hudby a celebrit. Obsahuje \u010dl\u00e1nky o zp\u011bv\u00e1c\u00edch, kapel\u00e1ch, nov\u00fdch albech, hudebn\u00edch trendech a dal\u0161\u00edch zaj\u00edmavostech z hudebn\u00edho pr\u016fmyslu.","potentialAction":[{"@type":"SearchAction","target":{"@type":"EntryPoint","urlTemplate":"https:\/\/www.karaoketexty.cz\/magazin\/?s={search_term_string}"},"query-input":{"@type":"PropertyValueSpecification","valueRequired":true,"valueName":"search_term_string"}}],"inLanguage":"cs"},{"@type":"Person","@id":"https:\/\/www.karaoketexty.cz\/magazin\/#\/schema\/person\/69d871cedc122c98723e0f5e1f73fa16","name":"Franti\u0161ek Zahradn\u00ed\u010dek","image":{"@type":"ImageObject","inLanguage":"cs","@id":"https:\/\/secure.gravatar.com\/avatar\/fcc548a9ddc6294d2945bd8730d73ac130db3d13dfd96d644aa093d54c1917b6?s=96&d=mm&r=g","url":"https:\/\/secure.gravatar.com\/avatar\/fcc548a9ddc6294d2945bd8730d73ac130db3d13dfd96d644aa093d54c1917b6?s=96&d=mm&r=g","contentUrl":"https:\/\/secure.gravatar.com\/avatar\/fcc548a9ddc6294d2945bd8730d73ac130db3d13dfd96d644aa093d54c1917b6?s=96&d=mm&r=g","caption":"Franti\u0161ek Zahradn\u00ed\u010dek"},"url":"https:\/\/www.karaoketexty.cz\/magazin\/author\/frantazahrada\/"}]}},"_links":{"self":[{"href":"https:\/\/www.karaoketexty.cz\/magazin\/wp-json\/wp\/v2\/posts\/1682","targetHints":{"allow":["GET"]}}],"collection":[{"href":"https:\/\/www.karaoketexty.cz\/magazin\/wp-json\/wp\/v2\/posts"}],"about":[{"href":"https:\/\/www.karaoketexty.cz\/magazin\/wp-json\/wp\/v2\/types\/post"}],"author":[{"embeddable":true,"href":"https:\/\/www.karaoketexty.cz\/magazin\/wp-json\/wp\/v2\/users\/6"}],"replies":[{"embeddable":true,"href":"https:\/\/www.karaoketexty.cz\/magazin\/wp-json\/wp\/v2\/comments?post=1682"}],"version-history":[{"count":6,"href":"https:\/\/www.karaoketexty.cz\/magazin\/wp-json\/wp\/v2\/posts\/1682\/revisions"}],"predecessor-version":[{"id":1752,"href":"https:\/\/www.karaoketexty.cz\/magazin\/wp-json\/wp\/v2\/posts\/1682\/revisions\/1752"}],"wp:featuredmedia":[{"embeddable":true,"href":"https:\/\/www.karaoketexty.cz\/magazin\/wp-json\/wp\/v2\/media\/1431"}],"wp:attachment":[{"href":"https:\/\/www.karaoketexty.cz\/magazin\/wp-json\/wp\/v2\/media?parent=1682"}],"wp:term":[{"taxonomy":"category","embeddable":true,"href":"https:\/\/www.karaoketexty.cz\/magazin\/wp-json\/wp\/v2\/categories?post=1682"},{"taxonomy":"post_tag","embeddable":true,"href":"https:\/\/www.karaoketexty.cz\/magazin\/wp-json\/wp\/v2\/tags?post=1682"}],"curies":[{"name":"wp","href":"https:\/\/api.w.org\/{rel}","templated":true}]}}