{"id":1678,"date":"2025-07-23T14:07:00","date_gmt":"2025-07-23T12:07:00","guid":{"rendered":"https:\/\/www.karaoketexty.cz\/magazin\/?p=1678"},"modified":"2025-07-21T12:03:46","modified_gmt":"2025-07-21T10:03:46","slug":"michal-david-koncert-oslava-narozeniny-o2-arena","status":"publish","type":"post","link":"https:\/\/www.karaoketexty.cz\/magazin\/michal-david-koncert-oslava-narozeniny-o2-arena\/","title":{"rendered":"Michal David oslavil 65 let vyprodanou O2 arenou. Maminka z\u00e1\u0159ila mezi div\u00e1ky a vnuk na p\u00f3diu"},"content":{"rendered":"\n<p><strong>Michal David m\u00e1 za sebou dva obrovsk\u00e9 koncerty v&nbsp;pra\u017esk\u00e9 O2 aren\u011b. P\u0159\u00edpravu nepodcenil a rozhodn\u011b se to vyplatilo.<\/strong><\/p>\n\n\n\n<p>Michalu Davidovi je sice p\u0159es 60 let, ale v\u011bk ho rozhodn\u011b nijak neomezuje v&nbsp;tom, aby pro sv\u00e9 fanou\u0161ky a poslucha\u010de vytvo\u0159il show, jak\u00e1 nem\u00e1 obdoby. D\u016fkazem toho byly jeho velkolep\u00e9 koncerty v&nbsp;pra\u017esk\u00e9 O2 aren\u011b 13. a 14. \u010dervna leto\u0161n\u00edho roku, kde t\u00e9m\u011b\u0159 3 hodiny bavil publikum sv\u00fdmi nejzn\u00e1m\u011bj\u0161\u00edmi songy. Na Karaoketexty n\u00e1s zaj\u00edmalo mimo jin\u00e9 i to, jak se na p\u0159edstaven\u00ed p\u0159ipravoval.<\/p>\n\n\n<!-- karaoketexty.cz \/ rectangle2 -->\n<div id=\"PX_37086_709110796310826\"><\/div>\n<script>\n   if(!useMobileAds && !boolUseSeznamAds && !hideAllAds){\n     window.px2 = window.px2 || { conf: {},queue: [] };\n     px2.queue.push(function () {\n        px2.render({\n           slot: {\n              id: 37086\n           },\n            elem: \"PX_37086_709110796310826\"\n        })\n     });\n  }\n<\/script>\n\n<!-- karaoketexty.cz \/ mobile-rectangle3 -->\n<div id=\"PX_37044_714599773297004\"><\/div>\n<script>\n   if(useMobileAds && !boolUseSeznamAds && !hideAllAds){\nwindow.px2 = window.px2 || { conf: {},queue: [] };\npx2.queue.push(function () {\n\tpx2.render({\n\t\tslot: {\n\t\t\tid: 37044\n\t\t},\n\t\telem: \"PX_37044_714599773297004\"\n\t})\n});\n}\n<\/script>\n\n\n<h2 class=\"wp-block-heading\">Nev\u00eddan\u00e1 oslava 65. narozenin<\/h2>\n\n\n\n<p>Michal David koncert v&nbsp;O2 aren\u011b pojal opravdu velkolep\u011b. Je\u0161t\u011b aby ne, v\u017edy\u0165 se z\u00e1rove\u0148 jednalo o oslavu jeho 65. narozenin spole\u010dn\u011b s&nbsp;jeho fanou\u0161ky. Cht\u011bl pro n\u011b p\u0159ipravit nezapomenuteln\u00fd z\u00e1\u017eitek, o kter\u00e9m lze \u0159\u00edci, \u017ee p\u0159ed\u010dil o\u010dek\u00e1v\u00e1n\u00ed cel\u00e9ho publika. Na prvn\u00ed ze dvou koncert\u016f, kter\u00e9 zp\u011bv\u00e1k odehr\u00e1l hned dva dny po sob\u011b, zav\u00edtalo v\u00edce ne\u017e 20&nbsp;400 lid\u00ed, mezi nimi byla i Davidova 93let\u00e1 maminka, j\u00ed\u017e zp\u011bv\u00e1k b\u011bhem koncertu v\u011bnoval jednu ze sv\u00fdch p\u00edsn\u00ed. Koncert zah\u00e1jil skladbou s&nbsp;p\u0159\u00edzna\u010dn\u00fdm n\u00e1zvem M\u00e1ma. Na prvn\u00ed slzy dojet\u00ed se tak p\u0159\u00edli\u0161 dlouho ne\u010dekalo.<\/p>\n\n\n<!-- karaoketexty.cz \/ interscroller1 -->\n\n<div id=\"PX_37041_825057871452834\"><\/div>\n<script>\nif(useMobileAds && !boolUseSeznamAds && !hideAllAds){\n\twindow.px2 = window.px2 || { conf: {},queue: [] };\n\tpx2.queue.push(function () {\n\t\tpx2.render({\n\t\t\tslot: {\n\t\t\t\tid: 37041\n\t\t\t},\n\t\t\telem: \"PX_37041_825057871452834\"\n\t\t})\n\t});\n}\n<\/script>\n\n\n<p>T\u00edmto v\u0161ak zapojen\u00ed rodinn\u00fdch p\u0159\u00edslu\u0161n\u00edk\u016f neskon\u010dilo. Michal David vystoupil na p\u00f3diu spole\u010dn\u011b se sv\u00fdm vnukem Sebastianem, s\u00a0n\u00edm\u017e si zahr\u00e1l p\u00edse\u0148 slo\u017eenou pro man\u017eelku. Mezi dal\u0161\u00edmi pozvan\u00fdmi bylo tak\u00e9 uskupen\u00ed Czech Cabaret Show, kter\u00e9 p\u0159idalo do p\u0159edstaven\u00ed pomyslnou t\u0159e\u0161ni\u010dkou na dortu. Vystoupen\u00ed na div\u00e1ky fungovalo jako \u010dasov\u00e1 kapsle, d\u00edky kter\u00e9 se vr\u00e1tili o des\u00edtky let zp\u011bt a o\u010darovala kouzlem kabaretu.<\/p>\n\n\n\n<blockquote class=\"instagram-media\" data-instgrm-captioned data-instgrm-permalink=\"https:\/\/www.instagram.com\/p\/DK29sJ7ItE9\/?utm_source=ig_embed&amp;utm_campaign=loading\" data-instgrm-version=\"14\" style=\" background:#FFF; border:0; border-radius:3px; box-shadow:0 0 1px 0 rgba(0,0,0,0.5),0 1px 10px 0 rgba(0,0,0,0.15); margin: 1px; max-width:540px; min-width:326px; padding:0; width:99.375%; width:-webkit-calc(100% - 2px); width:calc(100% - 2px);\"><div style=\"padding:16px;\"> <a href=\"https:\/\/www.instagram.com\/p\/DK29sJ7ItE9\/?utm_source=ig_embed&amp;utm_campaign=loading\" style=\" background:#FFFFFF; line-height:0; padding:0 0; text-align:center; text-decoration:none; width:100%;\" target=\"_blank\"> <div style=\" display: flex; flex-direction: row; align-items: center;\"> <div style=\"background-color: #F4F4F4; border-radius: 50%; flex-grow: 0; height: 40px; margin-right: 14px; width: 40px;\"><\/div> <div style=\"display: flex; flex-direction: column; flex-grow: 1; justify-content: center;\"> <div style=\" background-color: #F4F4F4; border-radius: 4px; flex-grow: 0; height: 14px; margin-bottom: 6px; width: 100px;\"><\/div> <div style=\" background-color: #F4F4F4; border-radius: 4px; flex-grow: 0; height: 14px; width: 60px;\"><\/div><\/div><\/div><div style=\"padding: 19% 0;\"><\/div> <div style=\"display:block; height:50px; margin:0 auto 12px; width:50px;\"><svg width=\"50px\" height=\"50px\" viewBox=\"0 0 60 60\" version=\"1.1\" xmlns=\"https:\/\/www.w3.org\/2000\/svg\" xmlns:xlink=\"https:\/\/www.w3.org\/1999\/xlink\"><g stroke=\"none\" stroke-width=\"1\" fill=\"none\" fill-rule=\"evenodd\"><g transform=\"translate(-511.000000, -20.000000)\" fill=\"#000000\"><g><path d=\"M556.869,30.41 C554.814,30.41 553.148,32.076 553.148,34.131 C553.148,36.186 554.814,37.852 556.869,37.852 C558.924,37.852 560.59,36.186 560.59,34.131 C560.59,32.076 558.924,30.41 556.869,30.41 M541,60.657 C535.114,60.657 530.342,55.887 530.342,50 C530.342,44.114 535.114,39.342 541,39.342 C546.887,39.342 551.658,44.114 551.658,50 C551.658,55.887 546.887,60.657 541,60.657 M541,33.886 C532.1,33.886 524.886,41.1 524.886,50 C524.886,58.899 532.1,66.113 541,66.113 C549.9,66.113 557.115,58.899 557.115,50 C557.115,41.1 549.9,33.886 541,33.886 M565.378,62.101 C565.244,65.022 564.756,66.606 564.346,67.663 C563.803,69.06 563.154,70.057 562.106,71.106 C561.058,72.155 560.06,72.803 558.662,73.347 C557.607,73.757 556.021,74.244 553.102,74.378 C549.944,74.521 548.997,74.552 541,74.552 C533.003,74.552 532.056,74.521 528.898,74.378 C525.979,74.244 524.393,73.757 523.338,73.347 C521.94,72.803 520.942,72.155 519.894,71.106 C518.846,70.057 518.197,69.06 517.654,67.663 C517.244,66.606 516.755,65.022 516.623,62.101 C516.479,58.943 516.448,57.996 516.448,50 C516.448,42.003 516.479,41.056 516.623,37.899 C516.755,34.978 517.244,33.391 517.654,32.338 C518.197,30.938 518.846,29.942 519.894,28.894 C520.942,27.846 521.94,27.196 523.338,26.654 C524.393,26.244 525.979,25.756 528.898,25.623 C532.057,25.479 533.004,25.448 541,25.448 C548.997,25.448 549.943,25.479 553.102,25.623 C556.021,25.756 557.607,26.244 558.662,26.654 C560.06,27.196 561.058,27.846 562.106,28.894 C563.154,29.942 563.803,30.938 564.346,32.338 C564.756,33.391 565.244,34.978 565.378,37.899 C565.522,41.056 565.552,42.003 565.552,50 C565.552,57.996 565.522,58.943 565.378,62.101 M570.82,37.631 C570.674,34.438 570.167,32.258 569.425,30.349 C568.659,28.377 567.633,26.702 565.965,25.035 C564.297,23.368 562.623,22.342 560.652,21.575 C558.743,20.834 556.562,20.326 553.369,20.18 C550.169,20.033 549.148,20 541,20 C532.853,20 531.831,20.033 528.631,20.18 C525.438,20.326 523.257,20.834 521.349,21.575 C519.376,22.342 517.703,23.368 516.035,25.035 C514.368,26.702 513.342,28.377 512.574,30.349 C511.834,32.258 511.326,34.438 511.181,37.631 C511.035,40.831 511,41.851 511,50 C511,58.147 511.035,59.17 511.181,62.369 C511.326,65.562 511.834,67.743 512.574,69.651 C513.342,71.625 514.368,73.296 516.035,74.965 C517.703,76.634 519.376,77.658 521.349,78.425 C523.257,79.167 525.438,79.673 528.631,79.82 C531.831,79.965 532.853,80.001 541,80.001 C549.148,80.001 550.169,79.965 553.369,79.82 C556.562,79.673 558.743,79.167 560.652,78.425 C562.623,77.658 564.297,76.634 565.965,74.965 C567.633,73.296 568.659,71.625 569.425,69.651 C570.167,67.743 570.674,65.562 570.82,62.369 C570.966,59.17 571,58.147 571,50 C571,41.851 570.966,40.831 570.82,37.631\"><\/path><\/g><\/g><\/g><\/svg><\/div><div style=\"padding-top: 8px;\"> <div style=\" color:#3897f0; font-family:Arial,sans-serif; font-size:14px; font-style:normal; font-weight:550; line-height:18px;\">Zobrazit p\u0159\u00edsp\u011bvek na Instagramu<\/div><\/div><div style=\"padding: 12.5% 0;\"><\/div> <div style=\"display: flex; flex-direction: row; margin-bottom: 14px; align-items: center;\"><div> <div style=\"background-color: #F4F4F4; border-radius: 50%; height: 12.5px; width: 12.5px; transform: translateX(0px) translateY(7px);\"><\/div> <div style=\"background-color: #F4F4F4; height: 12.5px; transform: rotate(-45deg) translateX(3px) translateY(1px); width: 12.5px; flex-grow: 0; margin-right: 14px; margin-left: 2px;\"><\/div> <div style=\"background-color: #F4F4F4; border-radius: 50%; height: 12.5px; width: 12.5px; transform: translateX(9px) translateY(-18px);\"><\/div><\/div><div style=\"margin-left: 8px;\"> <div style=\" background-color: #F4F4F4; border-radius: 50%; flex-grow: 0; height: 20px; width: 20px;\"><\/div> <div style=\" width: 0; height: 0; border-top: 2px solid transparent; border-left: 6px solid #f4f4f4; border-bottom: 2px solid transparent; transform: translateX(16px) translateY(-4px) rotate(30deg)\"><\/div><\/div><div style=\"margin-left: auto;\"> <div style=\" width: 0px; border-top: 8px solid #F4F4F4; border-right: 8px solid transparent; transform: translateY(16px);\"><\/div> <div style=\" background-color: #F4F4F4; flex-grow: 0; height: 12px; width: 16px; transform: translateY(-4px);\"><\/div> <div style=\" width: 0; height: 0; border-top: 8px solid #F4F4F4; border-left: 8px solid transparent; transform: translateY(-4px) translateX(8px);\"><\/div><\/div><\/div> <div style=\"display: flex; flex-direction: column; flex-grow: 1; justify-content: center; margin-bottom: 24px;\"> <div style=\" background-color: #F4F4F4; border-radius: 4px; flex-grow: 0; height: 14px; margin-bottom: 6px; width: 224px;\"><\/div> <div style=\" background-color: #F4F4F4; border-radius: 4px; flex-grow: 0; height: 14px; width: 144px;\"><\/div><\/div><\/a><p style=\" color:#c9c8cd; font-family:Arial,sans-serif; font-size:14px; line-height:17px; margin-bottom:0; margin-top:8px; overflow:hidden; padding:8px 0 7px; text-align:center; text-overflow:ellipsis; white-space:nowrap;\"><a href=\"https:\/\/www.instagram.com\/p\/DK29sJ7ItE9\/?utm_source=ig_embed&amp;utm_campaign=loading\" style=\" color:#c9c8cd; font-family:Arial,sans-serif; font-size:14px; font-style:normal; font-weight:normal; line-height:17px; text-decoration:none;\" target=\"_blank\">P\u0159\u00edsp\u011bvek sd\u00edlen\u00fd Michal_David_oficialni (@michal_david_oficialni)<\/a><\/p><\/div><\/blockquote>\n<script async src=\"\/\/www.instagram.com\/embed.js\"><\/script>\n\n\n\n<p>Je\u0161t\u011b p\u0159ed prvn\u00edm koncertem se nechal Michal David pro Expres sly\u0161et: <em>\u201eT\u011b\u0161\u00edm se moc, proto\u017ee jsme to p\u0159ipravovali skoro 10 m\u011bs\u00edc\u016f a je to projekt, kter\u00fd tady je\u0161t\u011b nikdo nevid\u011bl a nikdo u\u017e asi neuvid\u00ed, proto\u017ee je to tak stra\u0161n\u011b n\u00e1ro\u010dn\u00e9 po t\u00e9 technologick\u00e9 str\u00e1nce. Je to vlastn\u011b n\u011bco jako um\u011bl\u00e1 inteligence. Nen\u00ed odsud, ale je to z&nbsp;It\u00e1lie, cel\u00fd ten projekt vymysleli p\u00e1nov\u00e9 od Ramazzottiho a Bocelliho.\u201c<\/em><\/p>\n\n\n\n<h2 class=\"wp-block-heading\">Michal David nic nepodcenil<\/h2>\n\n\n\n<p>Michal David je d\u0159\u00ed\u010d a rozhodn\u011b nepodcenil jedinou sou\u010d\u00e1st sv\u00fdch koncert\u016f. P\u0159ipravoval se nejen po technologick\u00e9 a p\u011bveck\u00e9 str\u00e1nce, ale i po t\u00e9 fyzick\u00e9 a psychick\u00e9. Jak s\u00e1m n\u011bkolikr\u00e1t uvedl, v\u017edy se mus\u00ed pod\u00edvat do ob\u010danky, aby zjistil, kolik mu je let. Tak\u00e9 ho pr\u00fd jeho v\u011bk p\u0159im\u011bl, aby se sebou za\u010dal n\u011bco d\u011blat. Vypad\u00e1 skv\u011ble, Michal ned\u00e1vno shodil p\u0159es 20 kilo a rozhodn\u011b je pln\u00fd vitality.<\/p>\n\n\n\n<p>Tu si cht\u011bl uchovat i na sv\u00e9 dva koncerty v&nbsp;O2 aren\u011b, tak\u017ee na sob\u011b ka\u017ed\u00fd t\u00fdden makal a pro jistotu si dop\u0159\u00e1val i vitam\u00ednov\u00e9 bomby prost\u0159ednictv\u00edm infuz\u00ed. Nav\u0161t\u011bvuje tak\u00e9 ozonov\u00e9 terapie, t\u0159ikr\u00e1t t\u00fddn\u011b hraje s&nbsp;tren\u00e9rem tenis a neboj\u00ed se ani d\u0159iny v&nbsp;posilovn\u011b. Nutno podotknout, \u017ee se mu jeho snaha vypl\u00e1c\u00ed.<\/p>\n\n\n\n<p>Zdroj: Autorsk\u00fd text, <a href=\"https:\/\/www.expres.cz\/celebrity\/michal-david-v-o2-arene-pritomnost-jeho-maminky-vystoupeni-s-vnukem-a-vzkaz-pro-mlade.A250614_110923_dx-celebrity_opae\" target=\"_blank\" rel=\"noreferrer noopener nofollow\">Expres<\/a>, <a href=\"https:\/\/www.idnes.cz\/kultura\/hudba\/michal-david-o2-arena-koncert-recenze.A250614_021007_hudba_majo\" target=\"_blank\" rel=\"noreferrer noopener nofollow\">iDNES<\/a>, <a href=\"https:\/\/www.ahaonline.cz\/clanek\/zhave-drby\/224990\/michal-david-kapacky-a-terapie-co-se-stalo.html\" target=\"_blank\" rel=\"noreferrer noopener nofollow\">AhaOnline<\/a><\/p>\n","protected":false},"excerpt":{"rendered":"<p>Michal David m\u00e1 za sebou dva obrovsk\u00e9 koncerty v\u00a0pra\u017esk\u00e9 O2 aren\u011b. P\u0159\u00edpravu nepodcenil a rozhodn\u011b se to vyplatilo.<\/p>\n","protected":false},"author":6,"featured_media":1742,"comment_status":"open","ping_status":"closed","sticky":false,"template":"","format":"standard","meta":{"_yoast_wpseo_title":"Michal David oslavil 65. narozeniny ve vyprodan\u00e9 O2 aren\u011b","_yoast_wpseo_metadesc":"Michal David p\u0159ed m\u011bs\u00edcem odehr\u00e1l sv\u00e9 dva nejv\u011bt\u0161\u00ed koncerty k oslav\u011b 65. narozenin. Jeho d\u0159ina a p\u00edle se vyplatily.","footnotes":""},"categories":[9],"tags":[564,562,571,573,569,392,367,572,136,31,563,575,574,375,568,99,566,567,570,565,13,11],"class_list":["post-1678","post","type-post","status-publish","format-standard","has-post-thumbnail","hentry","category-zajimavosti","tag-65-narozeniny","tag-ceska-celebrita","tag-ceska-hudba","tag-czech-cabaret-show","tag-fyzicka-kondice","tag-hudebni-show","tag-hudebnici","tag-kabaret","tag-koncert","tag-michal-david","tag-o2-arena","tag-oslava","tag-oslava-narozenin","tag-osobni-zivot","tag-priprava","tag-rodina","tag-technologie","tag-umela-inteligence","tag-vitality","tag-vnuk-sebastian","tag-zdravi","tag-zpevak"],"yoast_head":"<!-- This site is optimized with the Yoast SEO plugin v27.4 - https:\/\/yoast.com\/product\/yoast-seo-wordpress\/ -->\n<title>Michal David oslavil 65. narozeniny ve vyprodan\u00e9 O2 aren\u011b<\/title>\n<meta name=\"description\" content=\"Michal David p\u0159ed m\u011bs\u00edcem odehr\u00e1l sv\u00e9 dva nejv\u011bt\u0161\u00ed koncerty k oslav\u011b 65. narozenin. Jeho d\u0159ina a p\u00edle se vyplatily.\" \/>\n<meta name=\"robots\" content=\"index, follow, max-snippet:-1, max-image-preview:large, max-video-preview:-1\" \/>\n<link rel=\"canonical\" href=\"https:\/\/www.karaoketexty.cz\/magazin\/michal-david-koncert-oslava-narozeniny-o2-arena\/\" \/>\n<meta property=\"og:locale\" content=\"cs_CZ\" \/>\n<meta property=\"og:type\" content=\"article\" \/>\n<meta property=\"og:title\" content=\"Michal David oslavil 65 let vyprodanou O2 arenou: \u00da\u010dast jeho maminky (93) dohnala fanou\u0161ky k slz\u00e1m. Na p\u00f3diu zaz\u00e1\u0159il i jeho vnuk\" \/>\n<meta property=\"og:description\" content=\"Michal David p\u0159ed m\u011bs\u00edcem odehr\u00e1l sv\u00e9 dva nejv\u011bt\u0161\u00ed koncerty k oslav\u011b 65. narozenin. Jeho d\u0159ina a p\u00edle se vyplatily.\" \/>\n<meta property=\"og:url\" content=\"https:\/\/www.karaoketexty.cz\/magazin\/michal-david-koncert-oslava-narozeniny-o2-arena\/\" \/>\n<meta property=\"og:site_name\" content=\"Stars Magaz\u00edn Karaoketexty.cz\" \/>\n<meta property=\"article:published_time\" content=\"2025-07-23T12:07:00+00:00\" \/>\n<meta property=\"og:image\" content=\"https:\/\/www.karaoketexty.cz\/magazin\/wp-content\/uploads\/2025\/07\/michal-david.jpg\" \/>\n\t<meta property=\"og:image:width\" content=\"1200\" \/>\n\t<meta property=\"og:image:height\" content=\"630\" \/>\n\t<meta property=\"og:image:type\" content=\"image\/jpeg\" \/>\n<meta name=\"author\" content=\"Franti\u0161ek Zahradn\u00ed\u010dek\" \/>\n<meta name=\"twitter:card\" content=\"summary_large_image\" \/>\n<meta name=\"twitter:label1\" content=\"Napsal(a)\" \/>\n\t<meta name=\"twitter:data1\" content=\"Franti\u0161ek Zahradn\u00ed\u010dek\" \/>\n\t<meta name=\"twitter:label2\" content=\"Odhadovan\u00e1 doba \u010dten\u00ed\" \/>\n\t<meta name=\"twitter:data2\" content=\"3 minuty\" \/>\n<script type=\"application\/ld+json\" class=\"yoast-schema-graph\">{\"@context\":\"https:\\\/\\\/schema.org\",\"@graph\":[{\"@type\":\"Article\",\"@id\":\"https:\\\/\\\/www.karaoketexty.cz\\\/magazin\\\/michal-david-koncert-oslava-narozeniny-o2-arena\\\/#article\",\"isPartOf\":{\"@id\":\"https:\\\/\\\/www.karaoketexty.cz\\\/magazin\\\/michal-david-koncert-oslava-narozeniny-o2-arena\\\/\"},\"author\":{\"name\":\"Franti\u0161ek Zahradn\u00ed\u010dek\",\"@id\":\"https:\\\/\\\/www.karaoketexty.cz\\\/magazin\\\/#\\\/schema\\\/person\\\/69d871cedc122c98723e0f5e1f73fa16\"},\"headline\":\"Michal David oslavil 65 let vyprodanou O2 arenou. Maminka z\u00e1\u0159ila mezi div\u00e1ky a vnuk na p\u00f3diu\",\"datePublished\":\"2025-07-23T12:07:00+00:00\",\"mainEntityOfPage\":{\"@id\":\"https:\\\/\\\/www.karaoketexty.cz\\\/magazin\\\/michal-david-koncert-oslava-narozeniny-o2-arena\\\/\"},\"wordCount\":611,\"commentCount\":0,\"image\":{\"@id\":\"https:\\\/\\\/www.karaoketexty.cz\\\/magazin\\\/michal-david-koncert-oslava-narozeniny-o2-arena\\\/#primaryimage\"},\"thumbnailUrl\":\"https:\\\/\\\/www.karaoketexty.cz\\\/magazin\\\/wp-content\\\/uploads\\\/2025\\\/07\\\/michal-david.jpg\",\"keywords\":[\"65. narozeniny\",\"\u010desk\u00e1 celebrita\",\"\u010desk\u00e1 hudba\",\"Czech Cabaret Show\",\"fyzick\u00e1 kondice\",\"hudebn\u00ed show\",\"hudebn\u00edci\",\"kabaret\",\"koncert\",\"Michal David\",\"O2 arena\",\"oslava\",\"oslava narozenin\",\"osobn\u00ed \u017eivot\",\"p\u0159\u00edprava\",\"Rodina\",\"technologie\",\"um\u011bl\u00e1 inteligence\",\"vitality\",\"vnuk Sebastian\",\"Zdrav\u00ed\",\"Zp\u011bv\u00e1k\"],\"articleSection\":[\"Zaj\u00edmavosti\"],\"inLanguage\":\"cs\",\"potentialAction\":[{\"@type\":\"CommentAction\",\"name\":\"Comment\",\"target\":[\"https:\\\/\\\/www.karaoketexty.cz\\\/magazin\\\/michal-david-koncert-oslava-narozeniny-o2-arena\\\/#respond\"]}]},{\"@type\":\"WebPage\",\"@id\":\"https:\\\/\\\/www.karaoketexty.cz\\\/magazin\\\/michal-david-koncert-oslava-narozeniny-o2-arena\\\/\",\"url\":\"https:\\\/\\\/www.karaoketexty.cz\\\/magazin\\\/michal-david-koncert-oslava-narozeniny-o2-arena\\\/\",\"name\":\"Michal David oslavil 65. narozeniny ve vyprodan\u00e9 O2 aren\u011b\",\"isPartOf\":{\"@id\":\"https:\\\/\\\/www.karaoketexty.cz\\\/magazin\\\/#website\"},\"primaryImageOfPage\":{\"@id\":\"https:\\\/\\\/www.karaoketexty.cz\\\/magazin\\\/michal-david-koncert-oslava-narozeniny-o2-arena\\\/#primaryimage\"},\"image\":{\"@id\":\"https:\\\/\\\/www.karaoketexty.cz\\\/magazin\\\/michal-david-koncert-oslava-narozeniny-o2-arena\\\/#primaryimage\"},\"thumbnailUrl\":\"https:\\\/\\\/www.karaoketexty.cz\\\/magazin\\\/wp-content\\\/uploads\\\/2025\\\/07\\\/michal-david.jpg\",\"datePublished\":\"2025-07-23T12:07:00+00:00\",\"author\":{\"@id\":\"https:\\\/\\\/www.karaoketexty.cz\\\/magazin\\\/#\\\/schema\\\/person\\\/69d871cedc122c98723e0f5e1f73fa16\"},\"description\":\"Michal David p\u0159ed m\u011bs\u00edcem odehr\u00e1l sv\u00e9 dva nejv\u011bt\u0161\u00ed koncerty k oslav\u011b 65. narozenin. Jeho d\u0159ina a p\u00edle se vyplatily.\",\"breadcrumb\":{\"@id\":\"https:\\\/\\\/www.karaoketexty.cz\\\/magazin\\\/michal-david-koncert-oslava-narozeniny-o2-arena\\\/#breadcrumb\"},\"inLanguage\":\"cs\",\"potentialAction\":[{\"@type\":\"ReadAction\",\"target\":[\"https:\\\/\\\/www.karaoketexty.cz\\\/magazin\\\/michal-david-koncert-oslava-narozeniny-o2-arena\\\/\"]}]},{\"@type\":\"ImageObject\",\"inLanguage\":\"cs\",\"@id\":\"https:\\\/\\\/www.karaoketexty.cz\\\/magazin\\\/michal-david-koncert-oslava-narozeniny-o2-arena\\\/#primaryimage\",\"url\":\"https:\\\/\\\/www.karaoketexty.cz\\\/magazin\\\/wp-content\\\/uploads\\\/2025\\\/07\\\/michal-david.jpg\",\"contentUrl\":\"https:\\\/\\\/www.karaoketexty.cz\\\/magazin\\\/wp-content\\\/uploads\\\/2025\\\/07\\\/michal-david.jpg\",\"width\":1200,\"height\":630,\"caption\":\"Fotografie: Nextfoto, Michal David na k\u0159tu knihy Z jeepu do rik\u0161i\"},{\"@type\":\"BreadcrumbList\",\"@id\":\"https:\\\/\\\/www.karaoketexty.cz\\\/magazin\\\/michal-david-koncert-oslava-narozeniny-o2-arena\\\/#breadcrumb\",\"itemListElement\":[{\"@type\":\"ListItem\",\"position\":1,\"name\":\"Dom\u016f\",\"item\":\"https:\\\/\\\/www.karaoketexty.cz\\\/magazin\\\/\"},{\"@type\":\"ListItem\",\"position\":2,\"name\":\"Michal David oslavil 65 let vyprodanou O2 arenou. Maminka z\u00e1\u0159ila mezi div\u00e1ky a vnuk na p\u00f3diu\"}]},{\"@type\":\"WebSite\",\"@id\":\"https:\\\/\\\/www.karaoketexty.cz\\\/magazin\\\/#website\",\"url\":\"https:\\\/\\\/www.karaoketexty.cz\\\/magazin\\\/\",\"name\":\"Stars Magaz\u00edn Karaoketexty.cz\",\"description\":\"Stars Magaz\u00edn na Karaoketexty.cz je zam\u011b\u0159en\u00fd na novinky ze sv\u011bta hudby a celebrit. Obsahuje \u010dl\u00e1nky o zp\u011bv\u00e1c\u00edch, kapel\u00e1ch, nov\u00fdch albech, hudebn\u00edch trendech a dal\u0161\u00edch zaj\u00edmavostech z hudebn\u00edho pr\u016fmyslu.\",\"potentialAction\":[{\"@type\":\"SearchAction\",\"target\":{\"@type\":\"EntryPoint\",\"urlTemplate\":\"https:\\\/\\\/www.karaoketexty.cz\\\/magazin\\\/?s={search_term_string}\"},\"query-input\":{\"@type\":\"PropertyValueSpecification\",\"valueRequired\":true,\"valueName\":\"search_term_string\"}}],\"inLanguage\":\"cs\"},{\"@type\":\"Person\",\"@id\":\"https:\\\/\\\/www.karaoketexty.cz\\\/magazin\\\/#\\\/schema\\\/person\\\/69d871cedc122c98723e0f5e1f73fa16\",\"name\":\"Franti\u0161ek Zahradn\u00ed\u010dek\",\"image\":{\"@type\":\"ImageObject\",\"inLanguage\":\"cs\",\"@id\":\"https:\\\/\\\/secure.gravatar.com\\\/avatar\\\/fcc548a9ddc6294d2945bd8730d73ac130db3d13dfd96d644aa093d54c1917b6?s=96&d=mm&r=g\",\"url\":\"https:\\\/\\\/secure.gravatar.com\\\/avatar\\\/fcc548a9ddc6294d2945bd8730d73ac130db3d13dfd96d644aa093d54c1917b6?s=96&d=mm&r=g\",\"contentUrl\":\"https:\\\/\\\/secure.gravatar.com\\\/avatar\\\/fcc548a9ddc6294d2945bd8730d73ac130db3d13dfd96d644aa093d54c1917b6?s=96&d=mm&r=g\",\"caption\":\"Franti\u0161ek Zahradn\u00ed\u010dek\"},\"url\":\"https:\\\/\\\/www.karaoketexty.cz\\\/magazin\\\/author\\\/frantazahrada\\\/\"}]}<\/script>\n<!-- \/ Yoast SEO plugin. -->","yoast_head_json":{"title":"Michal David oslavil 65. narozeniny ve vyprodan\u00e9 O2 aren\u011b","description":"Michal David p\u0159ed m\u011bs\u00edcem odehr\u00e1l sv\u00e9 dva nejv\u011bt\u0161\u00ed koncerty k oslav\u011b 65. narozenin. Jeho d\u0159ina a p\u00edle se vyplatily.","robots":{"index":"index","follow":"follow","max-snippet":"max-snippet:-1","max-image-preview":"max-image-preview:large","max-video-preview":"max-video-preview:-1"},"canonical":"https:\/\/www.karaoketexty.cz\/magazin\/michal-david-koncert-oslava-narozeniny-o2-arena\/","og_locale":"cs_CZ","og_type":"article","og_title":"Michal David oslavil 65 let vyprodanou O2 arenou: \u00da\u010dast jeho maminky (93) dohnala fanou\u0161ky k slz\u00e1m. Na p\u00f3diu zaz\u00e1\u0159il i jeho vnuk","og_description":"Michal David p\u0159ed m\u011bs\u00edcem odehr\u00e1l sv\u00e9 dva nejv\u011bt\u0161\u00ed koncerty k oslav\u011b 65. narozenin. Jeho d\u0159ina a p\u00edle se vyplatily.","og_url":"https:\/\/www.karaoketexty.cz\/magazin\/michal-david-koncert-oslava-narozeniny-o2-arena\/","og_site_name":"Stars Magaz\u00edn Karaoketexty.cz","article_published_time":"2025-07-23T12:07:00+00:00","og_image":[{"width":1200,"height":630,"url":"https:\/\/www.karaoketexty.cz\/magazin\/wp-content\/uploads\/2025\/07\/michal-david.jpg","type":"image\/jpeg"}],"author":"Franti\u0161ek Zahradn\u00ed\u010dek","twitter_card":"summary_large_image","twitter_misc":{"Napsal(a)":"Franti\u0161ek Zahradn\u00ed\u010dek","Odhadovan\u00e1 doba \u010dten\u00ed":"3 minuty"},"schema":{"@context":"https:\/\/schema.org","@graph":[{"@type":"Article","@id":"https:\/\/www.karaoketexty.cz\/magazin\/michal-david-koncert-oslava-narozeniny-o2-arena\/#article","isPartOf":{"@id":"https:\/\/www.karaoketexty.cz\/magazin\/michal-david-koncert-oslava-narozeniny-o2-arena\/"},"author":{"name":"Franti\u0161ek Zahradn\u00ed\u010dek","@id":"https:\/\/www.karaoketexty.cz\/magazin\/#\/schema\/person\/69d871cedc122c98723e0f5e1f73fa16"},"headline":"Michal David oslavil 65 let vyprodanou O2 arenou. Maminka z\u00e1\u0159ila mezi div\u00e1ky a vnuk na p\u00f3diu","datePublished":"2025-07-23T12:07:00+00:00","mainEntityOfPage":{"@id":"https:\/\/www.karaoketexty.cz\/magazin\/michal-david-koncert-oslava-narozeniny-o2-arena\/"},"wordCount":611,"commentCount":0,"image":{"@id":"https:\/\/www.karaoketexty.cz\/magazin\/michal-david-koncert-oslava-narozeniny-o2-arena\/#primaryimage"},"thumbnailUrl":"https:\/\/www.karaoketexty.cz\/magazin\/wp-content\/uploads\/2025\/07\/michal-david.jpg","keywords":["65. narozeniny","\u010desk\u00e1 celebrita","\u010desk\u00e1 hudba","Czech Cabaret Show","fyzick\u00e1 kondice","hudebn\u00ed show","hudebn\u00edci","kabaret","koncert","Michal David","O2 arena","oslava","oslava narozenin","osobn\u00ed \u017eivot","p\u0159\u00edprava","Rodina","technologie","um\u011bl\u00e1 inteligence","vitality","vnuk Sebastian","Zdrav\u00ed","Zp\u011bv\u00e1k"],"articleSection":["Zaj\u00edmavosti"],"inLanguage":"cs","potentialAction":[{"@type":"CommentAction","name":"Comment","target":["https:\/\/www.karaoketexty.cz\/magazin\/michal-david-koncert-oslava-narozeniny-o2-arena\/#respond"]}]},{"@type":"WebPage","@id":"https:\/\/www.karaoketexty.cz\/magazin\/michal-david-koncert-oslava-narozeniny-o2-arena\/","url":"https:\/\/www.karaoketexty.cz\/magazin\/michal-david-koncert-oslava-narozeniny-o2-arena\/","name":"Michal David oslavil 65. narozeniny ve vyprodan\u00e9 O2 aren\u011b","isPartOf":{"@id":"https:\/\/www.karaoketexty.cz\/magazin\/#website"},"primaryImageOfPage":{"@id":"https:\/\/www.karaoketexty.cz\/magazin\/michal-david-koncert-oslava-narozeniny-o2-arena\/#primaryimage"},"image":{"@id":"https:\/\/www.karaoketexty.cz\/magazin\/michal-david-koncert-oslava-narozeniny-o2-arena\/#primaryimage"},"thumbnailUrl":"https:\/\/www.karaoketexty.cz\/magazin\/wp-content\/uploads\/2025\/07\/michal-david.jpg","datePublished":"2025-07-23T12:07:00+00:00","author":{"@id":"https:\/\/www.karaoketexty.cz\/magazin\/#\/schema\/person\/69d871cedc122c98723e0f5e1f73fa16"},"description":"Michal David p\u0159ed m\u011bs\u00edcem odehr\u00e1l sv\u00e9 dva nejv\u011bt\u0161\u00ed koncerty k oslav\u011b 65. narozenin. Jeho d\u0159ina a p\u00edle se vyplatily.","breadcrumb":{"@id":"https:\/\/www.karaoketexty.cz\/magazin\/michal-david-koncert-oslava-narozeniny-o2-arena\/#breadcrumb"},"inLanguage":"cs","potentialAction":[{"@type":"ReadAction","target":["https:\/\/www.karaoketexty.cz\/magazin\/michal-david-koncert-oslava-narozeniny-o2-arena\/"]}]},{"@type":"ImageObject","inLanguage":"cs","@id":"https:\/\/www.karaoketexty.cz\/magazin\/michal-david-koncert-oslava-narozeniny-o2-arena\/#primaryimage","url":"https:\/\/www.karaoketexty.cz\/magazin\/wp-content\/uploads\/2025\/07\/michal-david.jpg","contentUrl":"https:\/\/www.karaoketexty.cz\/magazin\/wp-content\/uploads\/2025\/07\/michal-david.jpg","width":1200,"height":630,"caption":"Fotografie: Nextfoto, Michal David na k\u0159tu knihy Z jeepu do rik\u0161i"},{"@type":"BreadcrumbList","@id":"https:\/\/www.karaoketexty.cz\/magazin\/michal-david-koncert-oslava-narozeniny-o2-arena\/#breadcrumb","itemListElement":[{"@type":"ListItem","position":1,"name":"Dom\u016f","item":"https:\/\/www.karaoketexty.cz\/magazin\/"},{"@type":"ListItem","position":2,"name":"Michal David oslavil 65 let vyprodanou O2 arenou. Maminka z\u00e1\u0159ila mezi div\u00e1ky a vnuk na p\u00f3diu"}]},{"@type":"WebSite","@id":"https:\/\/www.karaoketexty.cz\/magazin\/#website","url":"https:\/\/www.karaoketexty.cz\/magazin\/","name":"Stars Magaz\u00edn Karaoketexty.cz","description":"Stars Magaz\u00edn na Karaoketexty.cz je zam\u011b\u0159en\u00fd na novinky ze sv\u011bta hudby a celebrit. Obsahuje \u010dl\u00e1nky o zp\u011bv\u00e1c\u00edch, kapel\u00e1ch, nov\u00fdch albech, hudebn\u00edch trendech a dal\u0161\u00edch zaj\u00edmavostech z hudebn\u00edho pr\u016fmyslu.","potentialAction":[{"@type":"SearchAction","target":{"@type":"EntryPoint","urlTemplate":"https:\/\/www.karaoketexty.cz\/magazin\/?s={search_term_string}"},"query-input":{"@type":"PropertyValueSpecification","valueRequired":true,"valueName":"search_term_string"}}],"inLanguage":"cs"},{"@type":"Person","@id":"https:\/\/www.karaoketexty.cz\/magazin\/#\/schema\/person\/69d871cedc122c98723e0f5e1f73fa16","name":"Franti\u0161ek Zahradn\u00ed\u010dek","image":{"@type":"ImageObject","inLanguage":"cs","@id":"https:\/\/secure.gravatar.com\/avatar\/fcc548a9ddc6294d2945bd8730d73ac130db3d13dfd96d644aa093d54c1917b6?s=96&d=mm&r=g","url":"https:\/\/secure.gravatar.com\/avatar\/fcc548a9ddc6294d2945bd8730d73ac130db3d13dfd96d644aa093d54c1917b6?s=96&d=mm&r=g","contentUrl":"https:\/\/secure.gravatar.com\/avatar\/fcc548a9ddc6294d2945bd8730d73ac130db3d13dfd96d644aa093d54c1917b6?s=96&d=mm&r=g","caption":"Franti\u0161ek Zahradn\u00ed\u010dek"},"url":"https:\/\/www.karaoketexty.cz\/magazin\/author\/frantazahrada\/"}]}},"_links":{"self":[{"href":"https:\/\/www.karaoketexty.cz\/magazin\/wp-json\/wp\/v2\/posts\/1678","targetHints":{"allow":["GET"]}}],"collection":[{"href":"https:\/\/www.karaoketexty.cz\/magazin\/wp-json\/wp\/v2\/posts"}],"about":[{"href":"https:\/\/www.karaoketexty.cz\/magazin\/wp-json\/wp\/v2\/types\/post"}],"author":[{"embeddable":true,"href":"https:\/\/www.karaoketexty.cz\/magazin\/wp-json\/wp\/v2\/users\/6"}],"replies":[{"embeddable":true,"href":"https:\/\/www.karaoketexty.cz\/magazin\/wp-json\/wp\/v2\/comments?post=1678"}],"version-history":[{"count":6,"href":"https:\/\/www.karaoketexty.cz\/magazin\/wp-json\/wp\/v2\/posts\/1678\/revisions"}],"predecessor-version":[{"id":1754,"href":"https:\/\/www.karaoketexty.cz\/magazin\/wp-json\/wp\/v2\/posts\/1678\/revisions\/1754"}],"wp:featuredmedia":[{"embeddable":true,"href":"https:\/\/www.karaoketexty.cz\/magazin\/wp-json\/wp\/v2\/media\/1742"}],"wp:attachment":[{"href":"https:\/\/www.karaoketexty.cz\/magazin\/wp-json\/wp\/v2\/media?parent=1678"}],"wp:term":[{"taxonomy":"category","embeddable":true,"href":"https:\/\/www.karaoketexty.cz\/magazin\/wp-json\/wp\/v2\/categories?post=1678"},{"taxonomy":"post_tag","embeddable":true,"href":"https:\/\/www.karaoketexty.cz\/magazin\/wp-json\/wp\/v2\/tags?post=1678"}],"curies":[{"name":"wp","href":"https:\/\/api.w.org\/{rel}","templated":true}]}}