{"id":1674,"date":"2025-07-22T07:47:00","date_gmt":"2025-07-22T05:47:00","guid":{"rendered":"https:\/\/www.karaoketexty.cz\/magazin\/?p=1674"},"modified":"2025-07-21T11:55:20","modified_gmt":"2025-07-21T09:55:20","slug":"olivia-rodrigo-protest-deportace-podpora-imigranti","status":"publish","type":"post","link":"https:\/\/www.karaoketexty.cz\/magazin\/olivia-rodrigo-protest-deportace-podpora-imigranti\/","title":{"rendered":"Olivia Rodrigo se p\u0159idala k protest\u016fm proti deportac\u00edm. Vyj\u00e1d\u0159ila tak podporu imigrant\u016fm"},"content":{"rendered":"\n<p><strong>Mlad\u00e1 zp\u011bva\u010dka Olivia Rodrigo se ve\u0159ejn\u011b p\u0159ipojila k&nbsp;protest\u016fm proti deportac\u00edm. Sv\u00e9 n\u00e1zory sd\u00edl\u00ed na sv\u00fdch soci\u00e1ln\u00edch s\u00edt\u00edch, kde ji sleduj\u00ed miliony fanou\u0161k\u016f.<\/strong><\/p>\n\n\n\n<p>Americk\u00e1 popov\u00e1 superstar Olivia Rodrigo s\u00a0filip\u00ednsk\u00fdmi ko\u0159eny se sv\u00fdm aktivismem postavila ve\u0159ejn\u011b proti ned\u00e1vn\u00fdm razi\u00edm Imigra\u010dn\u00ed a celn\u00ed spr\u00e1vy (ICE) v Los Angeles. P\u0159ipojila se tak k vln\u011b protest\u016f proti n\u00e1siln\u00fdm deportac\u00edm, je\u017e zaplavily imigrantsk\u00e9 komunity. Na Karaoketexty jsme se soust\u0159edili na to, jak vyu\u017eila sv\u016fj dosah na s\u00edt\u00edch, aby tyto komunity podpo\u0159ila.<\/p>\n\n\n<!-- karaoketexty.cz \/ rectangle2 -->\n<div id=\"PX_37086_709110796310826\"><\/div>\n<script>\n   if(!useMobileAds && !boolUseSeznamAds && !hideAllAds){\n     window.px2 = window.px2 || { conf: {},queue: [] };\n     px2.queue.push(function () {\n        px2.render({\n           slot: {\n              id: 37086\n           },\n            elem: \"PX_37086_709110796310826\"\n        })\n     });\n  }\n<\/script>\n\n<!-- karaoketexty.cz \/ mobile-rectangle3 -->\n<div id=\"PX_37044_714599773297004\"><\/div>\n<script>\n   if(useMobileAds && !boolUseSeznamAds && !hideAllAds){\nwindow.px2 = window.px2 || { conf: {},queue: [] };\npx2.queue.push(function () {\n\tpx2.render({\n\t\tslot: {\n\t\t\tid: 37044\n\t\t},\n\t\telem: \"PX_37044_714599773297004\"\n\t})\n});\n}\n<\/script>\n\n\n<h2 class=\"wp-block-heading\">Protest proti deportac\u00edm<\/h2>\n\n\n\n<p>Zat\u00edmco ulice byly pln\u00e9 demonstrant\u016f, dr\u017eitelka ceny Grammy vyu\u017eila sv\u00e9ho prostoru k vystoupen\u00ed proti tomu, co ozna\u010dila za hluboce znepokojivou realitu. Rodrigo, kter\u00e1 str\u00e1vila cel\u00fd \u017eivot v Los Angeles, se nezdr\u00e1hala vyj\u00e1d\u0159it, jak moc ji znepokojuj\u00ed ned\u00e1vn\u00e9 razie ICE. Tyto razie byly provedeny v r\u00e1mci z\u00e1sahu Trumpovy administrativy proti imigraci.<\/p>\n\n\n<!-- karaoketexty.cz \/ interscroller1 -->\n\n<div id=\"PX_37041_825057871452834\"><\/div>\n<script>\nif(useMobileAds && !boolUseSeznamAds && !hideAllAds){\n\twindow.px2 = window.px2 || { conf: {},queue: [] };\n\tpx2.queue.push(function () {\n\t\tpx2.render({\n\t\t\tslot: {\n\t\t\t\tid: 37041\n\t\t\t},\n\t\t\telem: \"PX_37041_825057871452834\"\n\t\t})\n\t});\n}\n<\/script>\n\n\n<p>Na Instagramu, kde ji sleduje neuv\u011b\u0159iteln\u00fdch 39,5 milion\u016f fanou\u0161k\u016f, ve sv\u00e9m p\u0159\u00edb\u011bhu ze 14. \u010dervna 2025 zp\u011bva\u010dka zd\u016fraznila, \u017ee Los Angeles \u201eby bez imigrant\u016f prost\u011b neexistovalo\u201c. Pouk\u00e1zala tak\u00e9 na zach\u00e1zen\u00ed s pracovit\u00fdmi \u010dleny komunity, kter\u00fdm se podle n\u00ed dost\u00e1v\u00e1 jen mal\u00e9ho respektu, empatie nebo \u0159\u00e1dn\u00e9ho zach\u00e1zen\u00ed. Vyj\u00e1d\u0159ila svou podporu jak rozmanit\u00fdm \u010dtvrt\u00edm Los Angeles, tak imigrantsk\u00fdm komunit\u00e1m po cel\u00e9 zemi.<\/p>\n\n\n\n<h2 class=\"wp-block-heading\">Bojuje i na soci\u00e1ln\u00edch s\u00edt\u00edch<\/h2>\n\n\n\n<p>Podle \u00fadaj\u016f \u00da\u0159adu pro s\u010d\u00edt\u00e1n\u00ed lidu USA a Institutu pro migra\u010dn\u00ed politiku \u017eije ve Spojen\u00fdch st\u00e1tech v\u00edce ne\u017e 300 000 neleg\u00e1ln\u00edch Filip\u00ednc\u016f. Obh\u00e1jci pr\u00e1v imigrant\u016f se v\u0161ak domn\u00edvaj\u00ed, \u017ee skute\u010dn\u00e9 \u010d\u00edslo je mnohem vy\u0161\u0161\u00ed. Mnoho neleg\u00e1ln\u00edch imigrant\u016f se toti\u017e ne\u00fa\u010dastn\u00ed vl\u00e1dn\u00edho sb\u011bru dat ze strachu z deportace.<\/p>\n\n\n\n<blockquote class=\"instagram-media\" data-instgrm-permalink=\"https:\/\/www.instagram.com\/p\/DLiGSKmtRa7\/?utm_source=ig_embed&amp;utm_campaign=loading\" data-instgrm-version=\"14\" style=\" background:#FFF; border:0; border-radius:3px; box-shadow:0 0 1px 0 rgba(0,0,0,0.5),0 1px 10px 0 rgba(0,0,0,0.15); margin: 1px; max-width:540px; min-width:326px; padding:0; width:99.375%; width:-webkit-calc(100% - 2px); width:calc(100% - 2px);\"><div style=\"padding:16px;\"> <a href=\"https:\/\/www.instagram.com\/p\/DLiGSKmtRa7\/?utm_source=ig_embed&amp;utm_campaign=loading\" style=\" background:#FFFFFF; line-height:0; padding:0 0; text-align:center; text-decoration:none; width:100%;\" target=\"_blank\"> <div style=\" display: flex; flex-direction: row; align-items: center;\"> <div style=\"background-color: #F4F4F4; border-radius: 50%; flex-grow: 0; height: 40px; margin-right: 14px; width: 40px;\"><\/div> <div style=\"display: flex; flex-direction: column; flex-grow: 1; justify-content: center;\"> <div style=\" background-color: #F4F4F4; border-radius: 4px; flex-grow: 0; height: 14px; margin-bottom: 6px; width: 100px;\"><\/div> <div style=\" background-color: #F4F4F4; border-radius: 4px; flex-grow: 0; height: 14px; width: 60px;\"><\/div><\/div><\/div><div style=\"padding: 19% 0;\"><\/div> <div style=\"display:block; height:50px; margin:0 auto 12px; width:50px;\"><svg width=\"50px\" height=\"50px\" viewBox=\"0 0 60 60\" version=\"1.1\" xmlns=\"https:\/\/www.w3.org\/2000\/svg\" xmlns:xlink=\"https:\/\/www.w3.org\/1999\/xlink\"><g stroke=\"none\" stroke-width=\"1\" fill=\"none\" fill-rule=\"evenodd\"><g transform=\"translate(-511.000000, -20.000000)\" fill=\"#000000\"><g><path d=\"M556.869,30.41 C554.814,30.41 553.148,32.076 553.148,34.131 C553.148,36.186 554.814,37.852 556.869,37.852 C558.924,37.852 560.59,36.186 560.59,34.131 C560.59,32.076 558.924,30.41 556.869,30.41 M541,60.657 C535.114,60.657 530.342,55.887 530.342,50 C530.342,44.114 535.114,39.342 541,39.342 C546.887,39.342 551.658,44.114 551.658,50 C551.658,55.887 546.887,60.657 541,60.657 M541,33.886 C532.1,33.886 524.886,41.1 524.886,50 C524.886,58.899 532.1,66.113 541,66.113 C549.9,66.113 557.115,58.899 557.115,50 C557.115,41.1 549.9,33.886 541,33.886 M565.378,62.101 C565.244,65.022 564.756,66.606 564.346,67.663 C563.803,69.06 563.154,70.057 562.106,71.106 C561.058,72.155 560.06,72.803 558.662,73.347 C557.607,73.757 556.021,74.244 553.102,74.378 C549.944,74.521 548.997,74.552 541,74.552 C533.003,74.552 532.056,74.521 528.898,74.378 C525.979,74.244 524.393,73.757 523.338,73.347 C521.94,72.803 520.942,72.155 519.894,71.106 C518.846,70.057 518.197,69.06 517.654,67.663 C517.244,66.606 516.755,65.022 516.623,62.101 C516.479,58.943 516.448,57.996 516.448,50 C516.448,42.003 516.479,41.056 516.623,37.899 C516.755,34.978 517.244,33.391 517.654,32.338 C518.197,30.938 518.846,29.942 519.894,28.894 C520.942,27.846 521.94,27.196 523.338,26.654 C524.393,26.244 525.979,25.756 528.898,25.623 C532.057,25.479 533.004,25.448 541,25.448 C548.997,25.448 549.943,25.479 553.102,25.623 C556.021,25.756 557.607,26.244 558.662,26.654 C560.06,27.196 561.058,27.846 562.106,28.894 C563.154,29.942 563.803,30.938 564.346,32.338 C564.756,33.391 565.244,34.978 565.378,37.899 C565.522,41.056 565.552,42.003 565.552,50 C565.552,57.996 565.522,58.943 565.378,62.101 M570.82,37.631 C570.674,34.438 570.167,32.258 569.425,30.349 C568.659,28.377 567.633,26.702 565.965,25.035 C564.297,23.368 562.623,22.342 560.652,21.575 C558.743,20.834 556.562,20.326 553.369,20.18 C550.169,20.033 549.148,20 541,20 C532.853,20 531.831,20.033 528.631,20.18 C525.438,20.326 523.257,20.834 521.349,21.575 C519.376,22.342 517.703,23.368 516.035,25.035 C514.368,26.702 513.342,28.377 512.574,30.349 C511.834,32.258 511.326,34.438 511.181,37.631 C511.035,40.831 511,41.851 511,50 C511,58.147 511.035,59.17 511.181,62.369 C511.326,65.562 511.834,67.743 512.574,69.651 C513.342,71.625 514.368,73.296 516.035,74.965 C517.703,76.634 519.376,77.658 521.349,78.425 C523.257,79.167 525.438,79.673 528.631,79.82 C531.831,79.965 532.853,80.001 541,80.001 C549.148,80.001 550.169,79.965 553.369,79.82 C556.562,79.673 558.743,79.167 560.652,78.425 C562.623,77.658 564.297,76.634 565.965,74.965 C567.633,73.296 568.659,71.625 569.425,69.651 C570.167,67.743 570.674,65.562 570.82,62.369 C570.966,59.17 571,58.147 571,50 C571,41.851 570.966,40.831 570.82,37.631\"><\/path><\/g><\/g><\/g><\/svg><\/div><div style=\"padding-top: 8px;\"> <div style=\" color:#3897f0; font-family:Arial,sans-serif; font-size:14px; font-style:normal; font-weight:550; line-height:18px;\">Zobrazit p\u0159\u00edsp\u011bvek na Instagramu<\/div><\/div><div style=\"padding: 12.5% 0;\"><\/div> <div style=\"display: flex; flex-direction: row; margin-bottom: 14px; align-items: center;\"><div> <div style=\"background-color: #F4F4F4; border-radius: 50%; height: 12.5px; width: 12.5px; transform: translateX(0px) translateY(7px);\"><\/div> <div style=\"background-color: #F4F4F4; height: 12.5px; transform: rotate(-45deg) translateX(3px) translateY(1px); width: 12.5px; flex-grow: 0; margin-right: 14px; margin-left: 2px;\"><\/div> <div style=\"background-color: #F4F4F4; border-radius: 50%; height: 12.5px; width: 12.5px; transform: translateX(9px) translateY(-18px);\"><\/div><\/div><div style=\"margin-left: 8px;\"> <div style=\" background-color: #F4F4F4; border-radius: 50%; flex-grow: 0; height: 20px; width: 20px;\"><\/div> <div style=\" width: 0; height: 0; border-top: 2px solid transparent; border-left: 6px solid #f4f4f4; border-bottom: 2px solid transparent; transform: translateX(16px) translateY(-4px) rotate(30deg)\"><\/div><\/div><div style=\"margin-left: auto;\"> <div style=\" width: 0px; border-top: 8px solid #F4F4F4; border-right: 8px solid transparent; transform: translateY(16px);\"><\/div> <div style=\" background-color: #F4F4F4; flex-grow: 0; height: 12px; width: 16px; transform: translateY(-4px);\"><\/div> <div style=\" width: 0; height: 0; border-top: 8px solid #F4F4F4; border-left: 8px solid transparent; transform: translateY(-4px) translateX(8px);\"><\/div><\/div><\/div> <div style=\"display: flex; flex-direction: column; flex-grow: 1; justify-content: center; margin-bottom: 24px;\"> <div style=\" background-color: #F4F4F4; border-radius: 4px; flex-grow: 0; height: 14px; margin-bottom: 6px; width: 224px;\"><\/div> <div style=\" background-color: #F4F4F4; border-radius: 4px; flex-grow: 0; height: 14px; width: 144px;\"><\/div><\/div><\/a><p style=\" color:#c9c8cd; font-family:Arial,sans-serif; font-size:14px; line-height:17px; margin-bottom:0; margin-top:8px; overflow:hidden; padding:8px 0 7px; text-align:center; text-overflow:ellipsis; white-space:nowrap;\"><a href=\"https:\/\/www.instagram.com\/p\/DLiGSKmtRa7\/?utm_source=ig_embed&amp;utm_campaign=loading\" style=\" color:#c9c8cd; font-family:Arial,sans-serif; font-size:14px; font-style:normal; font-weight:normal; line-height:17px; text-decoration:none;\" target=\"_blank\">P\u0159\u00edsp\u011bvek sd\u00edlen\u00fd Olivia Rodrigo (@oliviarodrigo)<\/a><\/p><\/div><\/blockquote>\n<script async src=\"\/\/www.instagram.com\/embed.js\"><\/script>\n\n\n\n<p>Zp\u011bva\u010d\u010diny p\u0159\u00edsp\u011bvky na soci\u00e1ln\u00edch s\u00edt\u00edch neskon\u010dily jen slovy o podpo\u0159e a solidarit\u011b. Sd\u00edlela tak\u00e9 protestn\u00ed fotografii ru\u010dn\u011b vyroben\u00e9 cedule s p\u0159e\u0161krtnutou korunou a n\u00e1pisem <em>\u201eV na\u0161ich USA\u201c<\/em>. Bylo to takov\u00e9 symbolick\u00e9 p\u0159ipomenut\u00ed demonstrac\u00ed \u201eNo Kings Day\u201c, kter\u00e9 se konaly v\u00a0sobotu 14. \u010dervna na odpor proti politice prezidenta Donalda Trumpa.<\/p>\n\n\n\n<p>Zdroj: Autorsk\u00fd text, <a href=\"https:\/\/www.billboard.com\/music\/music-news\/olivia-rodrigo-ice-protests-los-angeles-reaction-1235999714\/\" target=\"_blank\" rel=\"noreferrer noopener nofollow\">Billboard<\/a>, <a href=\"https:\/\/www.theguardian.com\/us-news\/2025\/jun\/19\/no-kings-how-many-protesters-attended\" target=\"_blank\" rel=\"noreferrer noopener nofollow\">TheGuardian<\/a>, <a href=\"https:\/\/www.nme.com\/news\/music\/olivia-rodrigo-attends-anti-ice-protests-and-addresses-deportation-crisis-la-simply-wouldnt-exist-without-immigrants-3869899\" target=\"_blank\" rel=\"noreferrer noopener nofollow\">NME<\/a>, <a href=\"https:\/\/www.instagram.com\/oliviarodrigo\/?hl=cs\" target=\"_blank\" rel=\"noreferrer noopener nofollow\">Instagram Olivie Rodrigo<\/a><\/p>\n\n\n\n<p><\/p>\n","protected":false},"excerpt":{"rendered":"<p>Mlad\u00e1 zp\u011bva\u010dka Olivia Rodrigo se ve\u0159ejn\u011b p\u0159ipojila k protest\u016fm proti deportac\u00edm. Sv\u00e9 n\u00e1zory sd\u00edl\u00ed na sv\u00fdch soci\u00e1ln\u00edch s\u00edt\u00edch, kde ji sleduj\u00ed miliony fanou\u0161k\u016f.<\/p>\n","protected":false},"author":6,"featured_media":1676,"comment_status":"open","ping_status":"closed","sticky":false,"template":"","format":"standard","meta":{"_yoast_wpseo_title":"Olivia Rodrigo se p\u0159idala k protest\u016fm proti deportac\u00edm","_yoast_wpseo_metadesc":"Zp\u011bva\u010dka Olivia Rodrigo se minul\u00fd m\u011bs\u00edc p\u0159idala k protest\u016fm proti n\u00e1siln\u00fdm deportac\u00edm imigrant\u016f z USA. Vyj\u00e1d\u0159ila jim svou solidaritu.","footnotes":""},"categories":[9],"tags":[537,364,538,66,541,433,544,162,540,536,419,543,539,542,28,51],"class_list":["post-1674","post","type-post","status-publish","format-standard","has-post-thumbnail","hentry","category-zajimavosti","tag-aktivismus","tag-celebrity-a-rodina","tag-deportace","tag-donald-trump","tag-filipinske-koreny","tag-grammy","tag-imigrace","tag-kritika-donalda-trumpa","tag-los-angeles","tag-olivia-rodrigo","tag-popova-ikona","tag-protesty","tag-socialni-site","tag-verejne-mineni","tag-zahranicni-celebrity","tag-zpevacka"],"yoast_head":"<!-- This site is optimized with the Yoast SEO plugin v27.4 - https:\/\/yoast.com\/product\/yoast-seo-wordpress\/ -->\n<title>Olivia Rodrigo se p\u0159idala k protest\u016fm proti deportac\u00edm<\/title>\n<meta name=\"description\" content=\"Zp\u011bva\u010dka Olivia Rodrigo se minul\u00fd m\u011bs\u00edc p\u0159idala k protest\u016fm proti n\u00e1siln\u00fdm deportac\u00edm imigrant\u016f z USA. Vyj\u00e1d\u0159ila jim svou solidaritu.\" \/>\n<meta name=\"robots\" content=\"index, follow, max-snippet:-1, max-image-preview:large, max-video-preview:-1\" \/>\n<link rel=\"canonical\" href=\"https:\/\/www.karaoketexty.cz\/magazin\/olivia-rodrigo-protest-deportace-podpora-imigranti\/\" \/>\n<meta property=\"og:locale\" content=\"cs_CZ\" \/>\n<meta property=\"og:type\" content=\"article\" \/>\n<meta property=\"og:title\" content=\"Olivia Rodrigo se p\u0159idala k protest\u016fm proti deportac\u00edm. Vysv\u011btlila, jak jsou imigranti d\u016fle\u017eit\u00ed - u fanou\u0161k\u016f vyvolala sm\u00ed\u0161en\u00e9 reakce\" \/>\n<meta property=\"og:description\" content=\"Zp\u011bva\u010dka Olivia Rodrigo se minul\u00fd m\u011bs\u00edc p\u0159idala k protest\u016fm proti n\u00e1siln\u00fdm deportac\u00edm imigrant\u016f z USA. Vyj\u00e1d\u0159ila jim svou solidaritu.\" \/>\n<meta property=\"og:url\" content=\"https:\/\/www.karaoketexty.cz\/magazin\/olivia-rodrigo-protest-deportace-podpora-imigranti\/\" \/>\n<meta property=\"og:site_name\" content=\"Stars Magaz\u00edn Karaoketexty.cz\" \/>\n<meta property=\"article:published_time\" content=\"2025-07-22T05:47:00+00:00\" \/>\n<meta property=\"og:image\" content=\"https:\/\/www.karaoketexty.cz\/magazin\/wp-content\/uploads\/2025\/07\/Olivia-Rodrigo.jpg\" \/>\n\t<meta property=\"og:image:width\" content=\"1200\" \/>\n\t<meta property=\"og:image:height\" content=\"700\" \/>\n\t<meta property=\"og:image:type\" content=\"image\/jpeg\" \/>\n<meta name=\"author\" content=\"Franti\u0161ek Zahradn\u00ed\u010dek\" \/>\n<meta name=\"twitter:card\" content=\"summary_large_image\" \/>\n<meta name=\"twitter:label1\" content=\"Napsal(a)\" \/>\n\t<meta name=\"twitter:data1\" content=\"Franti\u0161ek Zahradn\u00ed\u010dek\" \/>\n\t<meta name=\"twitter:label2\" content=\"Odhadovan\u00e1 doba \u010dten\u00ed\" \/>\n\t<meta name=\"twitter:data2\" content=\"2 minuty\" \/>\n<script type=\"application\/ld+json\" class=\"yoast-schema-graph\">{\"@context\":\"https:\\\/\\\/schema.org\",\"@graph\":[{\"@type\":\"Article\",\"@id\":\"https:\\\/\\\/www.karaoketexty.cz\\\/magazin\\\/olivia-rodrigo-protest-deportace-podpora-imigranti\\\/#article\",\"isPartOf\":{\"@id\":\"https:\\\/\\\/www.karaoketexty.cz\\\/magazin\\\/olivia-rodrigo-protest-deportace-podpora-imigranti\\\/\"},\"author\":{\"name\":\"Franti\u0161ek Zahradn\u00ed\u010dek\",\"@id\":\"https:\\\/\\\/www.karaoketexty.cz\\\/magazin\\\/#\\\/schema\\\/person\\\/69d871cedc122c98723e0f5e1f73fa16\"},\"headline\":\"Olivia Rodrigo se p\u0159idala k protest\u016fm proti deportac\u00edm. Vyj\u00e1d\u0159ila tak podporu imigrant\u016fm\",\"datePublished\":\"2025-07-22T05:47:00+00:00\",\"mainEntityOfPage\":{\"@id\":\"https:\\\/\\\/www.karaoketexty.cz\\\/magazin\\\/olivia-rodrigo-protest-deportace-podpora-imigranti\\\/\"},\"wordCount\":439,\"commentCount\":0,\"image\":{\"@id\":\"https:\\\/\\\/www.karaoketexty.cz\\\/magazin\\\/olivia-rodrigo-protest-deportace-podpora-imigranti\\\/#primaryimage\"},\"thumbnailUrl\":\"https:\\\/\\\/www.karaoketexty.cz\\\/magazin\\\/wp-content\\\/uploads\\\/2025\\\/07\\\/Olivia-Rodrigo.jpg\",\"keywords\":[\"aktivismus\",\"celebrity a rodina\",\"deportace\",\"Donald Trump\",\"filip\u00ednsk\u00e9 ko\u0159eny\",\"Grammy\",\"imigrace\",\"Kritika Donalda Trumpa\",\"Los Angeles\",\"Olivia Rodrigo\",\"popov\u00e1 ikona\",\"protesty\",\"soci\u00e1ln\u00ed s\u00edt\u011b\",\"ve\u0159ejn\u00e9 m\u00edn\u011bn\u00ed\",\"Zahrani\u010dn\u00ed celebrity\",\"Zp\u011bva\u010dka\"],\"articleSection\":[\"Zaj\u00edmavosti\"],\"inLanguage\":\"cs\",\"potentialAction\":[{\"@type\":\"CommentAction\",\"name\":\"Comment\",\"target\":[\"https:\\\/\\\/www.karaoketexty.cz\\\/magazin\\\/olivia-rodrigo-protest-deportace-podpora-imigranti\\\/#respond\"]}]},{\"@type\":\"WebPage\",\"@id\":\"https:\\\/\\\/www.karaoketexty.cz\\\/magazin\\\/olivia-rodrigo-protest-deportace-podpora-imigranti\\\/\",\"url\":\"https:\\\/\\\/www.karaoketexty.cz\\\/magazin\\\/olivia-rodrigo-protest-deportace-podpora-imigranti\\\/\",\"name\":\"Olivia Rodrigo se p\u0159idala k protest\u016fm proti deportac\u00edm\",\"isPartOf\":{\"@id\":\"https:\\\/\\\/www.karaoketexty.cz\\\/magazin\\\/#website\"},\"primaryImageOfPage\":{\"@id\":\"https:\\\/\\\/www.karaoketexty.cz\\\/magazin\\\/olivia-rodrigo-protest-deportace-podpora-imigranti\\\/#primaryimage\"},\"image\":{\"@id\":\"https:\\\/\\\/www.karaoketexty.cz\\\/magazin\\\/olivia-rodrigo-protest-deportace-podpora-imigranti\\\/#primaryimage\"},\"thumbnailUrl\":\"https:\\\/\\\/www.karaoketexty.cz\\\/magazin\\\/wp-content\\\/uploads\\\/2025\\\/07\\\/Olivia-Rodrigo.jpg\",\"datePublished\":\"2025-07-22T05:47:00+00:00\",\"author\":{\"@id\":\"https:\\\/\\\/www.karaoketexty.cz\\\/magazin\\\/#\\\/schema\\\/person\\\/69d871cedc122c98723e0f5e1f73fa16\"},\"description\":\"Zp\u011bva\u010dka Olivia Rodrigo se minul\u00fd m\u011bs\u00edc p\u0159idala k protest\u016fm proti n\u00e1siln\u00fdm deportac\u00edm imigrant\u016f z USA. Vyj\u00e1d\u0159ila jim svou solidaritu.\",\"breadcrumb\":{\"@id\":\"https:\\\/\\\/www.karaoketexty.cz\\\/magazin\\\/olivia-rodrigo-protest-deportace-podpora-imigranti\\\/#breadcrumb\"},\"inLanguage\":\"cs\",\"potentialAction\":[{\"@type\":\"ReadAction\",\"target\":[\"https:\\\/\\\/www.karaoketexty.cz\\\/magazin\\\/olivia-rodrigo-protest-deportace-podpora-imigranti\\\/\"]}]},{\"@type\":\"ImageObject\",\"inLanguage\":\"cs\",\"@id\":\"https:\\\/\\\/www.karaoketexty.cz\\\/magazin\\\/olivia-rodrigo-protest-deportace-podpora-imigranti\\\/#primaryimage\",\"url\":\"https:\\\/\\\/www.karaoketexty.cz\\\/magazin\\\/wp-content\\\/uploads\\\/2025\\\/07\\\/Olivia-Rodrigo.jpg\",\"contentUrl\":\"https:\\\/\\\/www.karaoketexty.cz\\\/magazin\\\/wp-content\\\/uploads\\\/2025\\\/07\\\/Olivia-Rodrigo.jpg\",\"width\":1200,\"height\":700,\"caption\":\"Foto: Justin Higuchi \\\/ Creative Commons \\\/ CC BY 2.0, Olivia Rodrigo\"},{\"@type\":\"BreadcrumbList\",\"@id\":\"https:\\\/\\\/www.karaoketexty.cz\\\/magazin\\\/olivia-rodrigo-protest-deportace-podpora-imigranti\\\/#breadcrumb\",\"itemListElement\":[{\"@type\":\"ListItem\",\"position\":1,\"name\":\"Dom\u016f\",\"item\":\"https:\\\/\\\/www.karaoketexty.cz\\\/magazin\\\/\"},{\"@type\":\"ListItem\",\"position\":2,\"name\":\"Olivia Rodrigo se p\u0159idala k protest\u016fm proti deportac\u00edm. Vyj\u00e1d\u0159ila tak podporu imigrant\u016fm\"}]},{\"@type\":\"WebSite\",\"@id\":\"https:\\\/\\\/www.karaoketexty.cz\\\/magazin\\\/#website\",\"url\":\"https:\\\/\\\/www.karaoketexty.cz\\\/magazin\\\/\",\"name\":\"Stars Magaz\u00edn Karaoketexty.cz\",\"description\":\"Stars Magaz\u00edn na Karaoketexty.cz je zam\u011b\u0159en\u00fd na novinky ze sv\u011bta hudby a celebrit. Obsahuje \u010dl\u00e1nky o zp\u011bv\u00e1c\u00edch, kapel\u00e1ch, nov\u00fdch albech, hudebn\u00edch trendech a dal\u0161\u00edch zaj\u00edmavostech z hudebn\u00edho pr\u016fmyslu.\",\"potentialAction\":[{\"@type\":\"SearchAction\",\"target\":{\"@type\":\"EntryPoint\",\"urlTemplate\":\"https:\\\/\\\/www.karaoketexty.cz\\\/magazin\\\/?s={search_term_string}\"},\"query-input\":{\"@type\":\"PropertyValueSpecification\",\"valueRequired\":true,\"valueName\":\"search_term_string\"}}],\"inLanguage\":\"cs\"},{\"@type\":\"Person\",\"@id\":\"https:\\\/\\\/www.karaoketexty.cz\\\/magazin\\\/#\\\/schema\\\/person\\\/69d871cedc122c98723e0f5e1f73fa16\",\"name\":\"Franti\u0161ek Zahradn\u00ed\u010dek\",\"image\":{\"@type\":\"ImageObject\",\"inLanguage\":\"cs\",\"@id\":\"https:\\\/\\\/secure.gravatar.com\\\/avatar\\\/fcc548a9ddc6294d2945bd8730d73ac130db3d13dfd96d644aa093d54c1917b6?s=96&d=mm&r=g\",\"url\":\"https:\\\/\\\/secure.gravatar.com\\\/avatar\\\/fcc548a9ddc6294d2945bd8730d73ac130db3d13dfd96d644aa093d54c1917b6?s=96&d=mm&r=g\",\"contentUrl\":\"https:\\\/\\\/secure.gravatar.com\\\/avatar\\\/fcc548a9ddc6294d2945bd8730d73ac130db3d13dfd96d644aa093d54c1917b6?s=96&d=mm&r=g\",\"caption\":\"Franti\u0161ek Zahradn\u00ed\u010dek\"},\"url\":\"https:\\\/\\\/www.karaoketexty.cz\\\/magazin\\\/author\\\/frantazahrada\\\/\"}]}<\/script>\n<!-- \/ Yoast SEO plugin. -->","yoast_head_json":{"title":"Olivia Rodrigo se p\u0159idala k protest\u016fm proti deportac\u00edm","description":"Zp\u011bva\u010dka Olivia Rodrigo se minul\u00fd m\u011bs\u00edc p\u0159idala k protest\u016fm proti n\u00e1siln\u00fdm deportac\u00edm imigrant\u016f z USA. Vyj\u00e1d\u0159ila jim svou solidaritu.","robots":{"index":"index","follow":"follow","max-snippet":"max-snippet:-1","max-image-preview":"max-image-preview:large","max-video-preview":"max-video-preview:-1"},"canonical":"https:\/\/www.karaoketexty.cz\/magazin\/olivia-rodrigo-protest-deportace-podpora-imigranti\/","og_locale":"cs_CZ","og_type":"article","og_title":"Olivia Rodrigo se p\u0159idala k protest\u016fm proti deportac\u00edm. Vysv\u011btlila, jak jsou imigranti d\u016fle\u017eit\u00ed - u fanou\u0161k\u016f vyvolala sm\u00ed\u0161en\u00e9 reakce","og_description":"Zp\u011bva\u010dka Olivia Rodrigo se minul\u00fd m\u011bs\u00edc p\u0159idala k protest\u016fm proti n\u00e1siln\u00fdm deportac\u00edm imigrant\u016f z USA. Vyj\u00e1d\u0159ila jim svou solidaritu.","og_url":"https:\/\/www.karaoketexty.cz\/magazin\/olivia-rodrigo-protest-deportace-podpora-imigranti\/","og_site_name":"Stars Magaz\u00edn Karaoketexty.cz","article_published_time":"2025-07-22T05:47:00+00:00","og_image":[{"width":1200,"height":700,"url":"https:\/\/www.karaoketexty.cz\/magazin\/wp-content\/uploads\/2025\/07\/Olivia-Rodrigo.jpg","type":"image\/jpeg"}],"author":"Franti\u0161ek Zahradn\u00ed\u010dek","twitter_card":"summary_large_image","twitter_misc":{"Napsal(a)":"Franti\u0161ek Zahradn\u00ed\u010dek","Odhadovan\u00e1 doba \u010dten\u00ed":"2 minuty"},"schema":{"@context":"https:\/\/schema.org","@graph":[{"@type":"Article","@id":"https:\/\/www.karaoketexty.cz\/magazin\/olivia-rodrigo-protest-deportace-podpora-imigranti\/#article","isPartOf":{"@id":"https:\/\/www.karaoketexty.cz\/magazin\/olivia-rodrigo-protest-deportace-podpora-imigranti\/"},"author":{"name":"Franti\u0161ek Zahradn\u00ed\u010dek","@id":"https:\/\/www.karaoketexty.cz\/magazin\/#\/schema\/person\/69d871cedc122c98723e0f5e1f73fa16"},"headline":"Olivia Rodrigo se p\u0159idala k protest\u016fm proti deportac\u00edm. Vyj\u00e1d\u0159ila tak podporu imigrant\u016fm","datePublished":"2025-07-22T05:47:00+00:00","mainEntityOfPage":{"@id":"https:\/\/www.karaoketexty.cz\/magazin\/olivia-rodrigo-protest-deportace-podpora-imigranti\/"},"wordCount":439,"commentCount":0,"image":{"@id":"https:\/\/www.karaoketexty.cz\/magazin\/olivia-rodrigo-protest-deportace-podpora-imigranti\/#primaryimage"},"thumbnailUrl":"https:\/\/www.karaoketexty.cz\/magazin\/wp-content\/uploads\/2025\/07\/Olivia-Rodrigo.jpg","keywords":["aktivismus","celebrity a rodina","deportace","Donald Trump","filip\u00ednsk\u00e9 ko\u0159eny","Grammy","imigrace","Kritika Donalda Trumpa","Los Angeles","Olivia Rodrigo","popov\u00e1 ikona","protesty","soci\u00e1ln\u00ed s\u00edt\u011b","ve\u0159ejn\u00e9 m\u00edn\u011bn\u00ed","Zahrani\u010dn\u00ed celebrity","Zp\u011bva\u010dka"],"articleSection":["Zaj\u00edmavosti"],"inLanguage":"cs","potentialAction":[{"@type":"CommentAction","name":"Comment","target":["https:\/\/www.karaoketexty.cz\/magazin\/olivia-rodrigo-protest-deportace-podpora-imigranti\/#respond"]}]},{"@type":"WebPage","@id":"https:\/\/www.karaoketexty.cz\/magazin\/olivia-rodrigo-protest-deportace-podpora-imigranti\/","url":"https:\/\/www.karaoketexty.cz\/magazin\/olivia-rodrigo-protest-deportace-podpora-imigranti\/","name":"Olivia Rodrigo se p\u0159idala k protest\u016fm proti deportac\u00edm","isPartOf":{"@id":"https:\/\/www.karaoketexty.cz\/magazin\/#website"},"primaryImageOfPage":{"@id":"https:\/\/www.karaoketexty.cz\/magazin\/olivia-rodrigo-protest-deportace-podpora-imigranti\/#primaryimage"},"image":{"@id":"https:\/\/www.karaoketexty.cz\/magazin\/olivia-rodrigo-protest-deportace-podpora-imigranti\/#primaryimage"},"thumbnailUrl":"https:\/\/www.karaoketexty.cz\/magazin\/wp-content\/uploads\/2025\/07\/Olivia-Rodrigo.jpg","datePublished":"2025-07-22T05:47:00+00:00","author":{"@id":"https:\/\/www.karaoketexty.cz\/magazin\/#\/schema\/person\/69d871cedc122c98723e0f5e1f73fa16"},"description":"Zp\u011bva\u010dka Olivia Rodrigo se minul\u00fd m\u011bs\u00edc p\u0159idala k protest\u016fm proti n\u00e1siln\u00fdm deportac\u00edm imigrant\u016f z USA. Vyj\u00e1d\u0159ila jim svou solidaritu.","breadcrumb":{"@id":"https:\/\/www.karaoketexty.cz\/magazin\/olivia-rodrigo-protest-deportace-podpora-imigranti\/#breadcrumb"},"inLanguage":"cs","potentialAction":[{"@type":"ReadAction","target":["https:\/\/www.karaoketexty.cz\/magazin\/olivia-rodrigo-protest-deportace-podpora-imigranti\/"]}]},{"@type":"ImageObject","inLanguage":"cs","@id":"https:\/\/www.karaoketexty.cz\/magazin\/olivia-rodrigo-protest-deportace-podpora-imigranti\/#primaryimage","url":"https:\/\/www.karaoketexty.cz\/magazin\/wp-content\/uploads\/2025\/07\/Olivia-Rodrigo.jpg","contentUrl":"https:\/\/www.karaoketexty.cz\/magazin\/wp-content\/uploads\/2025\/07\/Olivia-Rodrigo.jpg","width":1200,"height":700,"caption":"Foto: Justin Higuchi \/ Creative Commons \/ CC BY 2.0, Olivia Rodrigo"},{"@type":"BreadcrumbList","@id":"https:\/\/www.karaoketexty.cz\/magazin\/olivia-rodrigo-protest-deportace-podpora-imigranti\/#breadcrumb","itemListElement":[{"@type":"ListItem","position":1,"name":"Dom\u016f","item":"https:\/\/www.karaoketexty.cz\/magazin\/"},{"@type":"ListItem","position":2,"name":"Olivia Rodrigo se p\u0159idala k protest\u016fm proti deportac\u00edm. Vyj\u00e1d\u0159ila tak podporu imigrant\u016fm"}]},{"@type":"WebSite","@id":"https:\/\/www.karaoketexty.cz\/magazin\/#website","url":"https:\/\/www.karaoketexty.cz\/magazin\/","name":"Stars Magaz\u00edn Karaoketexty.cz","description":"Stars Magaz\u00edn na Karaoketexty.cz je zam\u011b\u0159en\u00fd na novinky ze sv\u011bta hudby a celebrit. Obsahuje \u010dl\u00e1nky o zp\u011bv\u00e1c\u00edch, kapel\u00e1ch, nov\u00fdch albech, hudebn\u00edch trendech a dal\u0161\u00edch zaj\u00edmavostech z hudebn\u00edho pr\u016fmyslu.","potentialAction":[{"@type":"SearchAction","target":{"@type":"EntryPoint","urlTemplate":"https:\/\/www.karaoketexty.cz\/magazin\/?s={search_term_string}"},"query-input":{"@type":"PropertyValueSpecification","valueRequired":true,"valueName":"search_term_string"}}],"inLanguage":"cs"},{"@type":"Person","@id":"https:\/\/www.karaoketexty.cz\/magazin\/#\/schema\/person\/69d871cedc122c98723e0f5e1f73fa16","name":"Franti\u0161ek Zahradn\u00ed\u010dek","image":{"@type":"ImageObject","inLanguage":"cs","@id":"https:\/\/secure.gravatar.com\/avatar\/fcc548a9ddc6294d2945bd8730d73ac130db3d13dfd96d644aa093d54c1917b6?s=96&d=mm&r=g","url":"https:\/\/secure.gravatar.com\/avatar\/fcc548a9ddc6294d2945bd8730d73ac130db3d13dfd96d644aa093d54c1917b6?s=96&d=mm&r=g","contentUrl":"https:\/\/secure.gravatar.com\/avatar\/fcc548a9ddc6294d2945bd8730d73ac130db3d13dfd96d644aa093d54c1917b6?s=96&d=mm&r=g","caption":"Franti\u0161ek Zahradn\u00ed\u010dek"},"url":"https:\/\/www.karaoketexty.cz\/magazin\/author\/frantazahrada\/"}]}},"_links":{"self":[{"href":"https:\/\/www.karaoketexty.cz\/magazin\/wp-json\/wp\/v2\/posts\/1674","targetHints":{"allow":["GET"]}}],"collection":[{"href":"https:\/\/www.karaoketexty.cz\/magazin\/wp-json\/wp\/v2\/posts"}],"about":[{"href":"https:\/\/www.karaoketexty.cz\/magazin\/wp-json\/wp\/v2\/types\/post"}],"author":[{"embeddable":true,"href":"https:\/\/www.karaoketexty.cz\/magazin\/wp-json\/wp\/v2\/users\/6"}],"replies":[{"embeddable":true,"href":"https:\/\/www.karaoketexty.cz\/magazin\/wp-json\/wp\/v2\/comments?post=1674"}],"version-history":[{"count":4,"href":"https:\/\/www.karaoketexty.cz\/magazin\/wp-json\/wp\/v2\/posts\/1674\/revisions"}],"predecessor-version":[{"id":1748,"href":"https:\/\/www.karaoketexty.cz\/magazin\/wp-json\/wp\/v2\/posts\/1674\/revisions\/1748"}],"wp:featuredmedia":[{"embeddable":true,"href":"https:\/\/www.karaoketexty.cz\/magazin\/wp-json\/wp\/v2\/media\/1676"}],"wp:attachment":[{"href":"https:\/\/www.karaoketexty.cz\/magazin\/wp-json\/wp\/v2\/media?parent=1674"}],"wp:term":[{"taxonomy":"category","embeddable":true,"href":"https:\/\/www.karaoketexty.cz\/magazin\/wp-json\/wp\/v2\/categories?post=1674"},{"taxonomy":"post_tag","embeddable":true,"href":"https:\/\/www.karaoketexty.cz\/magazin\/wp-json\/wp\/v2\/tags?post=1674"}],"curies":[{"name":"wp","href":"https:\/\/api.w.org\/{rel}","templated":true}]}}