{"id":1242,"date":"2025-07-06T17:42:07","date_gmt":"2025-07-06T15:42:07","guid":{"rendered":"https:\/\/www.karaoketexty.cz\/magazin\/?p=1242"},"modified":"2025-07-06T23:28:18","modified_gmt":"2025-07-06T21:28:18","slug":"lucie-v-nove-sestave-album-oslava-vyroci-koncerty","status":"publish","type":"post","link":"https:\/\/www.karaoketexty.cz\/magazin\/lucie-v-nove-sestave-album-oslava-vyroci-koncerty\/","title":{"rendered":"Kapela Lucie v nov\u00e9 sestav\u011b i vinylov\u00e9m h\u00e1vu: Chystaj\u00ed album a velkolepou oslavu v\u00fdro\u010d\u00ed"},"content":{"rendered":"\n<p><strong>Letn\u00ed m\u011bs\u00edce p\u0159in\u00e1\u0161ej\u00ed pro fanou\u0161ky Lucie d\u016fvod k radosti. Kapela p\u0159edstavila nov\u00e9 skladby na vinylu, vystoupila v nov\u00e9 sestav\u011b a p\u0159ipomn\u011bla si n\u011bkter\u00e9 z\u00e1sadn\u00ed miln\u00edky sv\u00e9 historie.<\/strong><\/p>\n\n\n\n<p>Lucie za\u017e\u00edv\u00e1 dal\u0161\u00ed f\u00e1zi sv\u00e9 hudebn\u00ed cesty, do sestavy p\u0159ibyl nov\u00fd zp\u011bv\u00e1k Viktor Dyk, kter\u00fd nahradil Davida Kollera. Kapela tak vsadila na \u010derstvou energii, ani\u017e by opustila svou p\u016fvodn\u00ed identitu. Prvn\u00ed koncert v nov\u00e9m slo\u017een\u00ed odehr\u00e1li v dubnu v pra\u017esk\u00e9m klubu OX, kde zazn\u011bly nejen klasiky, ale i skladby z Kollerovy s\u00f3lov\u00e9 tvorby, p\u0159etvo\u0159en\u00e9 do nov\u00e9ho zvuku, jak jsme na Karaoketexty zjistili. Tento krok z\u00e1rove\u0148 otev\u0159el prostor pro nov\u00e9 nahr\u00e1vky.<\/p>\n\n\n\n<h2 class=\"wp-block-heading\">P\u0159\u00edb\u011bhy singl\u016f a mal\u00fdch omyl\u016f<\/h2>\n\n\n\n<p>Lucie vydala dvojsingl \u201eMarie \/ Kr\u00e1sa a z\u00e1zrak a tajemstv\u00ed\u201c na klasick\u00e9m vinylu, \u010d\u00edm\u017e p\u0159ipomn\u011bla sv\u00e9 ko\u0159eny i chu\u0165 d\u011blat v\u011bci jinak. V souvislosti s nov\u00fdm vyd\u00e1n\u00edm se \u010dlenov\u00e9 ohl\u00ed\u017eeli za minul\u00fdmi nahr\u00e1vkami, kter\u00e9 \u010dasto doprov\u00e1zely ne\u010dekan\u00e9 okolnosti. Nap\u0159\u00edklad n\u00e1zev zn\u00e1m\u00e9ho singlu \u201e\u0160rouby do hlavy\u201c se musel m\u011bnit kv\u016fli cenzurn\u00edm z\u00e1sah\u016fm a dal\u0161\u00ed raritou se stalo CD \u201eKlobouk ve k\u0159ov\u00ed\u201c, jeho\u017e tvar a absence refr\u00e9nu ud\u011blaly z nahr\u00e1vky sp\u00ed\u0161e kuriozitu.<\/p>\n\n\n\n<p>Lucie vznikla v roce 1985 a od po\u010d\u00e1tku byla projektem s velk\u00fdmi ambicemi. Kl\u00ed\u010dov\u00fdm obdob\u00edm se staly roky po p\u0159\u00edchodu Davida Kollera a Michala Dvo\u0159\u00e1ka, kdy kapela nahr\u00e1la sv\u00e1 nejz\u00e1sadn\u011bj\u0161\u00ed alba a etablovala se jako jedna z nejv\u00fdrazn\u011bj\u0161\u00edch rockov\u00fdch formac\u00ed v \u010desk\u00e9m prostoru. P\u0159esto\u017ee od t\u00e9 doby pro\u0161la r\u016fzn\u00fdmi pauzami i zm\u011bnami, dr\u017e\u00ed se filozofie neustrnout. Historie nen\u00ed pro Lucii jen vzpom\u00ednkou, ale z\u00e1kladnou, ze kter\u00e9 se odr\u00e1\u017e\u00ed k dal\u0161\u00edm projekt\u016fm.<\/p>\n\n\n\n<h2 class=\"wp-block-heading\">Nov\u00e1 kapitola a chystan\u00e9 album<\/h2>\n\n\n\n<p>Skladby Marie a Kr\u00e1sa a z\u00e1zrak a tajemstv\u00ed symbolicky otev\u00edraj\u00ed novou etapu. Kapela p\u0159ipravuje album R.A.D.O.S.T., kde z\u00faro\u010d\u00ed nov\u00e9 aran\u017ee i pos\u00edlen\u00fd zvuk. Nov\u00fd zp\u011bv\u00e1k vn\u00e1\u0161\u00ed do skladeb jinou barvu, a p\u0159esto\u017ee se m\u011bn\u00ed hlas, charakter Lucie z\u016fst\u00e1v\u00e1 rozpoznateln\u00fd.<\/p>\n\n\n\n<blockquote class=\"instagram-media\" data-instgrm-captioned data-instgrm-permalink=\"https:\/\/www.instagram.com\/p\/DKtuCsSs3yU\/?utm_source=ig_embed&amp;utm_campaign=loading\" data-instgrm-version=\"14\" style=\" background:#FFF; border:0; border-radius:3px; box-shadow:0 0 1px 0 rgba(0,0,0,0.5),0 1px 10px 0 rgba(0,0,0,0.15); margin: 1px; max-width:540px; min-width:326px; padding:0; width:99.375%; width:-webkit-calc(100% - 2px); width:calc(100% - 2px);\"><div style=\"padding:16px;\"> <a href=\"https:\/\/www.instagram.com\/p\/DKtuCsSs3yU\/?utm_source=ig_embed&amp;utm_campaign=loading\" style=\" background:#FFFFFF; line-height:0; padding:0 0; text-align:center; text-decoration:none; width:100%;\" target=\"_blank\"> <div style=\" display: flex; flex-direction: row; align-items: center;\"> <div style=\"background-color: #F4F4F4; border-radius: 50%; flex-grow: 0; height: 40px; margin-right: 14px; width: 40px;\"><\/div> <div style=\"display: flex; flex-direction: column; flex-grow: 1; justify-content: center;\"> <div style=\" background-color: #F4F4F4; border-radius: 4px; flex-grow: 0; height: 14px; margin-bottom: 6px; width: 100px;\"><\/div> <div style=\" background-color: #F4F4F4; border-radius: 4px; flex-grow: 0; height: 14px; width: 60px;\"><\/div><\/div><\/div><div style=\"padding: 19% 0;\"><\/div> <div style=\"display:block; height:50px; margin:0 auto 12px; width:50px;\"><svg width=\"50px\" height=\"50px\" viewBox=\"0 0 60 60\" version=\"1.1\" xmlns=\"https:\/\/www.w3.org\/2000\/svg\" xmlns:xlink=\"https:\/\/www.w3.org\/1999\/xlink\"><g stroke=\"none\" stroke-width=\"1\" fill=\"none\" fill-rule=\"evenodd\"><g transform=\"translate(-511.000000, -20.000000)\" fill=\"#000000\"><g><path d=\"M556.869,30.41 C554.814,30.41 553.148,32.076 553.148,34.131 C553.148,36.186 554.814,37.852 556.869,37.852 C558.924,37.852 560.59,36.186 560.59,34.131 C560.59,32.076 558.924,30.41 556.869,30.41 M541,60.657 C535.114,60.657 530.342,55.887 530.342,50 C530.342,44.114 535.114,39.342 541,39.342 C546.887,39.342 551.658,44.114 551.658,50 C551.658,55.887 546.887,60.657 541,60.657 M541,33.886 C532.1,33.886 524.886,41.1 524.886,50 C524.886,58.899 532.1,66.113 541,66.113 C549.9,66.113 557.115,58.899 557.115,50 C557.115,41.1 549.9,33.886 541,33.886 M565.378,62.101 C565.244,65.022 564.756,66.606 564.346,67.663 C563.803,69.06 563.154,70.057 562.106,71.106 C561.058,72.155 560.06,72.803 558.662,73.347 C557.607,73.757 556.021,74.244 553.102,74.378 C549.944,74.521 548.997,74.552 541,74.552 C533.003,74.552 532.056,74.521 528.898,74.378 C525.979,74.244 524.393,73.757 523.338,73.347 C521.94,72.803 520.942,72.155 519.894,71.106 C518.846,70.057 518.197,69.06 517.654,67.663 C517.244,66.606 516.755,65.022 516.623,62.101 C516.479,58.943 516.448,57.996 516.448,50 C516.448,42.003 516.479,41.056 516.623,37.899 C516.755,34.978 517.244,33.391 517.654,32.338 C518.197,30.938 518.846,29.942 519.894,28.894 C520.942,27.846 521.94,27.196 523.338,26.654 C524.393,26.244 525.979,25.756 528.898,25.623 C532.057,25.479 533.004,25.448 541,25.448 C548.997,25.448 549.943,25.479 553.102,25.623 C556.021,25.756 557.607,26.244 558.662,26.654 C560.06,27.196 561.058,27.846 562.106,28.894 C563.154,29.942 563.803,30.938 564.346,32.338 C564.756,33.391 565.244,34.978 565.378,37.899 C565.522,41.056 565.552,42.003 565.552,50 C565.552,57.996 565.522,58.943 565.378,62.101 M570.82,37.631 C570.674,34.438 570.167,32.258 569.425,30.349 C568.659,28.377 567.633,26.702 565.965,25.035 C564.297,23.368 562.623,22.342 560.652,21.575 C558.743,20.834 556.562,20.326 553.369,20.18 C550.169,20.033 549.148,20 541,20 C532.853,20 531.831,20.033 528.631,20.18 C525.438,20.326 523.257,20.834 521.349,21.575 C519.376,22.342 517.703,23.368 516.035,25.035 C514.368,26.702 513.342,28.377 512.574,30.349 C511.834,32.258 511.326,34.438 511.181,37.631 C511.035,40.831 511,41.851 511,50 C511,58.147 511.035,59.17 511.181,62.369 C511.326,65.562 511.834,67.743 512.574,69.651 C513.342,71.625 514.368,73.296 516.035,74.965 C517.703,76.634 519.376,77.658 521.349,78.425 C523.257,79.167 525.438,79.673 528.631,79.82 C531.831,79.965 532.853,80.001 541,80.001 C549.148,80.001 550.169,79.965 553.369,79.82 C556.562,79.673 558.743,79.167 560.652,78.425 C562.623,77.658 564.297,76.634 565.965,74.965 C567.633,73.296 568.659,71.625 569.425,69.651 C570.167,67.743 570.674,65.562 570.82,62.369 C570.966,59.17 571,58.147 571,50 C571,41.851 570.966,40.831 570.82,37.631\"><\/path><\/g><\/g><\/g><\/svg><\/div><div style=\"padding-top: 8px;\"> <div style=\" color:#3897f0; font-family:Arial,sans-serif; font-size:14px; font-style:normal; font-weight:550; line-height:18px;\">Zobrazit p\u0159\u00edsp\u011bvek na Instagramu<\/div><\/div><div style=\"padding: 12.5% 0;\"><\/div> <div style=\"display: flex; flex-direction: row; margin-bottom: 14px; align-items: center;\"><div> <div style=\"background-color: #F4F4F4; border-radius: 50%; height: 12.5px; width: 12.5px; transform: translateX(0px) translateY(7px);\"><\/div> <div style=\"background-color: #F4F4F4; height: 12.5px; transform: rotate(-45deg) translateX(3px) translateY(1px); width: 12.5px; flex-grow: 0; margin-right: 14px; margin-left: 2px;\"><\/div> <div style=\"background-color: #F4F4F4; border-radius: 50%; height: 12.5px; width: 12.5px; transform: translateX(9px) translateY(-18px);\"><\/div><\/div><div style=\"margin-left: 8px;\"> <div style=\" background-color: #F4F4F4; border-radius: 50%; flex-grow: 0; height: 20px; width: 20px;\"><\/div> <div style=\" width: 0; height: 0; border-top: 2px solid transparent; border-left: 6px solid #f4f4f4; border-bottom: 2px solid transparent; transform: translateX(16px) translateY(-4px) rotate(30deg)\"><\/div><\/div><div style=\"margin-left: auto;\"> <div style=\" width: 0px; border-top: 8px solid #F4F4F4; border-right: 8px solid transparent; transform: translateY(16px);\"><\/div> <div style=\" background-color: #F4F4F4; flex-grow: 0; height: 12px; width: 16px; transform: translateY(-4px);\"><\/div> <div style=\" width: 0; height: 0; border-top: 8px solid #F4F4F4; border-left: 8px solid transparent; transform: translateY(-4px) translateX(8px);\"><\/div><\/div><\/div> <div style=\"display: flex; flex-direction: column; flex-grow: 1; justify-content: center; margin-bottom: 24px;\"> <div style=\" background-color: #F4F4F4; border-radius: 4px; flex-grow: 0; height: 14px; margin-bottom: 6px; width: 224px;\"><\/div> <div style=\" background-color: #F4F4F4; border-radius: 4px; flex-grow: 0; height: 14px; width: 144px;\"><\/div><\/div><\/a><p style=\" color:#c9c8cd; font-family:Arial,sans-serif; font-size:14px; line-height:17px; margin-bottom:0; margin-top:8px; overflow:hidden; padding:8px 0 7px; text-align:center; text-overflow:ellipsis; white-space:nowrap;\"><a href=\"https:\/\/www.instagram.com\/p\/DKtuCsSs3yU\/?utm_source=ig_embed&amp;utm_campaign=loading\" style=\" color:#c9c8cd; font-family:Arial,sans-serif; font-size:14px; font-style:normal; font-weight:normal; line-height:17px; text-decoration:none;\" target=\"_blank\">P\u0159\u00edsp\u011bvek sd\u00edlen\u00fd LUCIE (@skupina_lucie)<\/a><\/p><\/div><\/blockquote>\n<script async src=\"\/\/www.instagram.com\/embed.js\"><\/script>\n\n\n\n<p>Z hlediska instrumentace i energie kapela s\u00e1z\u00ed na to, co j\u00ed v\u017edy fungovalo, siln\u00e9 refr\u00e9ny, osobn\u00ed v\u00fdpov\u011bdi a aran\u017e\u00e9rskou bohatost. V pl\u00e1nu jsou i dal\u0161\u00ed koncerty, na kter\u00fdch cht\u011bj\u00ed potvrdit, \u017ee Lucie je \u017eiv\u00fdm organismem, ne nostalgickou vzpom\u00ednkou. Fanou\u0161ci se mohou t\u011b\u0161it na oslavu 40 let kapely, a to v t\u011bchto term\u00ednech: Plze\u0148 \u2013 11. 9. 2025, Ostrava \u2013 8. 11. 2025, Brno \u2013 29. 11. 2025 a Praha \u2013 9. 12. 2025.<\/p>\n\n\n\n<p>Zdroj: Autorsk\u00fd text, <a href=\"https:\/\/musicserver.cz\/clanek\/76367\/lucie-nekdy-je-v-zivote-vyhodne-nemit-prachy-na-ctyri-flasky-becherovky\/\">Music server<\/a>, <a href=\"https:\/\/cs.wikipedia.org\/wiki\/Lucie_(hudebn%C3%AD_skupina)\" target=\"_blank\" rel=\"noreferrer noopener nofollow\">Wikipedie<\/a>, <a href=\"https:\/\/www.instagram.com\/p\/DIZHjhUMS6J\/?hl=cs&amp;img_index=1\" target=\"_blank\" rel=\"noreferrer noopener nofollow\">Instagram skupiny Lucie<\/a><\/p>\n","protected":false},"excerpt":{"rendered":"<p>Letn\u00ed m\u011bs\u00edce p\u0159in\u00e1\u0161ej\u00ed pro fanou\u0161ky Lucie d\u016fvod k radosti. Kapela p\u0159edstavila nov\u00e9 skladby na vinylu, vystoupila v nov\u00e9 sestav\u011b a p\u0159ipomn\u011bla si n\u011bkter\u00e9 z\u00e1sadn\u00ed miln\u00edky sv\u00e9 historie.<\/p>\n","protected":false},"author":6,"featured_media":1545,"comment_status":"open","ping_status":"closed","sticky":false,"template":"","format":"standard","meta":{"_yoast_wpseo_title":"Kapela Lucie v nov\u00e9 sestav\u011b: Fanou\u0161ky letos \u010dekaj\u00ed velk\u00e9 novinky","_yoast_wpseo_metadesc":"Kapela Lucie obnovila sv\u016fj zvuk s Viktorem Dykem, vydala vinylov\u00fd dvojsingl a potvrzuje, \u017ee i po dek\u00e1d\u00e1ch dok\u00e1\u017ee p\u0159ekvapit.","footnotes":""},"categories":[9],"tags":[12,339],"class_list":["post-1242","post","type-post","status-publish","format-standard","has-post-thumbnail","hentry","category-zajimavosti","tag-ceske-celebrity","tag-kapela-lucie"],"yoast_head":"<!-- This site is optimized with the Yoast SEO plugin v27.4 - https:\/\/yoast.com\/product\/yoast-seo-wordpress\/ -->\n<title>Kapela Lucie v nov\u00e9 sestav\u011b: Fanou\u0161ky letos \u010dekaj\u00ed velk\u00e9 novinky<\/title>\n<meta name=\"description\" content=\"Kapela Lucie obnovila sv\u016fj zvuk s Viktorem Dykem, vydala vinylov\u00fd dvojsingl a potvrzuje, \u017ee i po dek\u00e1d\u00e1ch dok\u00e1\u017ee p\u0159ekvapit.\" \/>\n<meta name=\"robots\" content=\"index, follow, max-snippet:-1, max-image-preview:large, max-video-preview:-1\" \/>\n<link rel=\"canonical\" href=\"https:\/\/www.karaoketexty.cz\/magazin\/lucie-v-nove-sestave-album-oslava-vyroci-koncerty\/\" \/>\n<meta property=\"og:locale\" content=\"cs_CZ\" \/>\n<meta property=\"og:type\" content=\"article\" \/>\n<meta property=\"og:title\" content=\"Kapela Lucie v nov\u00e9 sestav\u011b: Fanou\u0161ci se letos rozhodn\u011b maj\u00ed na co t\u011b\u0161it. Chyst\u00e1 se velkolep\u00e1 oslava v\u00fdro\u010d\u00ed a dokonce i nov\u00e9 album\" \/>\n<meta property=\"og:description\" content=\"Kapela Lucie obnovila sv\u016fj zvuk s Viktorem Dykem, vydala vinylov\u00fd dvojsingl a potvrzuje, \u017ee i po dek\u00e1d\u00e1ch dok\u00e1\u017ee p\u0159ekvapit.\" \/>\n<meta property=\"og:url\" content=\"https:\/\/www.karaoketexty.cz\/magazin\/lucie-v-nove-sestave-album-oslava-vyroci-koncerty\/\" \/>\n<meta property=\"og:site_name\" content=\"Stars Magaz\u00edn Karaoketexty.cz\" \/>\n<meta property=\"article:published_time\" content=\"2025-07-06T15:42:07+00:00\" \/>\n<meta property=\"article:modified_time\" content=\"2025-07-06T21:28:18+00:00\" \/>\n<meta property=\"og:image\" content=\"https:\/\/www.karaoketexty.cz\/magazin\/wp-content\/uploads\/2025\/06\/kapela-lucie-1.avif\" \/>\n\t<meta property=\"og:image:width\" content=\"1200\" \/>\n\t<meta property=\"og:image:height\" content=\"630\" \/>\n\t<meta property=\"og:image:type\" content=\"image\/jpeg\" \/>\n<meta name=\"author\" content=\"Franti\u0161ek Zahradn\u00ed\u010dek\" \/>\n<meta name=\"twitter:card\" content=\"summary_large_image\" \/>\n<meta name=\"twitter:label1\" content=\"Napsal(a)\" \/>\n\t<meta name=\"twitter:data1\" content=\"Franti\u0161ek Zahradn\u00ed\u010dek\" \/>\n\t<meta name=\"twitter:label2\" content=\"Odhadovan\u00e1 doba \u010dten\u00ed\" \/>\n\t<meta name=\"twitter:data2\" content=\"3 minuty\" \/>\n<script type=\"application\/ld+json\" class=\"yoast-schema-graph\">{\"@context\":\"https:\\\/\\\/schema.org\",\"@graph\":[{\"@type\":\"Article\",\"@id\":\"https:\\\/\\\/www.karaoketexty.cz\\\/magazin\\\/lucie-v-nove-sestave-album-oslava-vyroci-koncerty\\\/#article\",\"isPartOf\":{\"@id\":\"https:\\\/\\\/www.karaoketexty.cz\\\/magazin\\\/lucie-v-nove-sestave-album-oslava-vyroci-koncerty\\\/\"},\"author\":{\"name\":\"Franti\u0161ek Zahradn\u00ed\u010dek\",\"@id\":\"https:\\\/\\\/www.karaoketexty.cz\\\/magazin\\\/#\\\/schema\\\/person\\\/69d871cedc122c98723e0f5e1f73fa16\"},\"headline\":\"Kapela Lucie v nov\u00e9 sestav\u011b i vinylov\u00e9m h\u00e1vu: Chystaj\u00ed album a velkolepou oslavu v\u00fdro\u010d\u00ed\",\"datePublished\":\"2025-07-06T15:42:07+00:00\",\"dateModified\":\"2025-07-06T21:28:18+00:00\",\"mainEntityOfPage\":{\"@id\":\"https:\\\/\\\/www.karaoketexty.cz\\\/magazin\\\/lucie-v-nove-sestave-album-oslava-vyroci-koncerty\\\/\"},\"wordCount\":504,\"commentCount\":0,\"image\":{\"@id\":\"https:\\\/\\\/www.karaoketexty.cz\\\/magazin\\\/lucie-v-nove-sestave-album-oslava-vyroci-koncerty\\\/#primaryimage\"},\"thumbnailUrl\":\"https:\\\/\\\/www.karaoketexty.cz\\\/magazin\\\/wp-content\\\/uploads\\\/2025\\\/06\\\/kapela-lucie-1.avif\",\"keywords\":[\"\u010cesk\u00e9 celebrity\",\"Kapela Lucie\"],\"articleSection\":[\"Zaj\u00edmavosti\"],\"inLanguage\":\"cs\",\"potentialAction\":[{\"@type\":\"CommentAction\",\"name\":\"Comment\",\"target\":[\"https:\\\/\\\/www.karaoketexty.cz\\\/magazin\\\/lucie-v-nove-sestave-album-oslava-vyroci-koncerty\\\/#respond\"]}]},{\"@type\":\"WebPage\",\"@id\":\"https:\\\/\\\/www.karaoketexty.cz\\\/magazin\\\/lucie-v-nove-sestave-album-oslava-vyroci-koncerty\\\/\",\"url\":\"https:\\\/\\\/www.karaoketexty.cz\\\/magazin\\\/lucie-v-nove-sestave-album-oslava-vyroci-koncerty\\\/\",\"name\":\"Kapela Lucie v nov\u00e9 sestav\u011b: Fanou\u0161ky letos \u010dekaj\u00ed velk\u00e9 novinky\",\"isPartOf\":{\"@id\":\"https:\\\/\\\/www.karaoketexty.cz\\\/magazin\\\/#website\"},\"primaryImageOfPage\":{\"@id\":\"https:\\\/\\\/www.karaoketexty.cz\\\/magazin\\\/lucie-v-nove-sestave-album-oslava-vyroci-koncerty\\\/#primaryimage\"},\"image\":{\"@id\":\"https:\\\/\\\/www.karaoketexty.cz\\\/magazin\\\/lucie-v-nove-sestave-album-oslava-vyroci-koncerty\\\/#primaryimage\"},\"thumbnailUrl\":\"https:\\\/\\\/www.karaoketexty.cz\\\/magazin\\\/wp-content\\\/uploads\\\/2025\\\/06\\\/kapela-lucie-1.avif\",\"datePublished\":\"2025-07-06T15:42:07+00:00\",\"dateModified\":\"2025-07-06T21:28:18+00:00\",\"author\":{\"@id\":\"https:\\\/\\\/www.karaoketexty.cz\\\/magazin\\\/#\\\/schema\\\/person\\\/69d871cedc122c98723e0f5e1f73fa16\"},\"description\":\"Kapela Lucie obnovila sv\u016fj zvuk s Viktorem Dykem, vydala vinylov\u00fd dvojsingl a potvrzuje, \u017ee i po dek\u00e1d\u00e1ch dok\u00e1\u017ee p\u0159ekvapit.\",\"breadcrumb\":{\"@id\":\"https:\\\/\\\/www.karaoketexty.cz\\\/magazin\\\/lucie-v-nove-sestave-album-oslava-vyroci-koncerty\\\/#breadcrumb\"},\"inLanguage\":\"cs\",\"potentialAction\":[{\"@type\":\"ReadAction\",\"target\":[\"https:\\\/\\\/www.karaoketexty.cz\\\/magazin\\\/lucie-v-nove-sestave-album-oslava-vyroci-koncerty\\\/\"]}]},{\"@type\":\"ImageObject\",\"inLanguage\":\"cs\",\"@id\":\"https:\\\/\\\/www.karaoketexty.cz\\\/magazin\\\/lucie-v-nove-sestave-album-oslava-vyroci-koncerty\\\/#primaryimage\",\"url\":\"https:\\\/\\\/www.karaoketexty.cz\\\/magazin\\\/wp-content\\\/uploads\\\/2025\\\/06\\\/kapela-lucie-1.avif\",\"contentUrl\":\"https:\\\/\\\/www.karaoketexty.cz\\\/magazin\\\/wp-content\\\/uploads\\\/2025\\\/06\\\/kapela-lucie-1.avif\",\"width\":1200,\"height\":630,\"caption\":\"Foto: NextFoto, Kapela Lucie na p\u0159ed\u00e1v\u00e1n\u00ed hudebn\u00edch cen \u010cesk\u00fd slav\u00edk\"},{\"@type\":\"BreadcrumbList\",\"@id\":\"https:\\\/\\\/www.karaoketexty.cz\\\/magazin\\\/lucie-v-nove-sestave-album-oslava-vyroci-koncerty\\\/#breadcrumb\",\"itemListElement\":[{\"@type\":\"ListItem\",\"position\":1,\"name\":\"Dom\u016f\",\"item\":\"https:\\\/\\\/www.karaoketexty.cz\\\/magazin\\\/\"},{\"@type\":\"ListItem\",\"position\":2,\"name\":\"Kapela Lucie v nov\u00e9 sestav\u011b i vinylov\u00e9m h\u00e1vu: Chystaj\u00ed album a velkolepou oslavu v\u00fdro\u010d\u00ed\"}]},{\"@type\":\"WebSite\",\"@id\":\"https:\\\/\\\/www.karaoketexty.cz\\\/magazin\\\/#website\",\"url\":\"https:\\\/\\\/www.karaoketexty.cz\\\/magazin\\\/\",\"name\":\"Stars Magaz\u00edn Karaoketexty.cz\",\"description\":\"Stars Magaz\u00edn na Karaoketexty.cz je zam\u011b\u0159en\u00fd na novinky ze sv\u011bta hudby a celebrit. Obsahuje \u010dl\u00e1nky o zp\u011bv\u00e1c\u00edch, kapel\u00e1ch, nov\u00fdch albech, hudebn\u00edch trendech a dal\u0161\u00edch zaj\u00edmavostech z hudebn\u00edho pr\u016fmyslu.\",\"potentialAction\":[{\"@type\":\"SearchAction\",\"target\":{\"@type\":\"EntryPoint\",\"urlTemplate\":\"https:\\\/\\\/www.karaoketexty.cz\\\/magazin\\\/?s={search_term_string}\"},\"query-input\":{\"@type\":\"PropertyValueSpecification\",\"valueRequired\":true,\"valueName\":\"search_term_string\"}}],\"inLanguage\":\"cs\"},{\"@type\":\"Person\",\"@id\":\"https:\\\/\\\/www.karaoketexty.cz\\\/magazin\\\/#\\\/schema\\\/person\\\/69d871cedc122c98723e0f5e1f73fa16\",\"name\":\"Franti\u0161ek Zahradn\u00ed\u010dek\",\"image\":{\"@type\":\"ImageObject\",\"inLanguage\":\"cs\",\"@id\":\"https:\\\/\\\/secure.gravatar.com\\\/avatar\\\/fcc548a9ddc6294d2945bd8730d73ac130db3d13dfd96d644aa093d54c1917b6?s=96&d=mm&r=g\",\"url\":\"https:\\\/\\\/secure.gravatar.com\\\/avatar\\\/fcc548a9ddc6294d2945bd8730d73ac130db3d13dfd96d644aa093d54c1917b6?s=96&d=mm&r=g\",\"contentUrl\":\"https:\\\/\\\/secure.gravatar.com\\\/avatar\\\/fcc548a9ddc6294d2945bd8730d73ac130db3d13dfd96d644aa093d54c1917b6?s=96&d=mm&r=g\",\"caption\":\"Franti\u0161ek Zahradn\u00ed\u010dek\"},\"url\":\"https:\\\/\\\/www.karaoketexty.cz\\\/magazin\\\/author\\\/frantazahrada\\\/\"}]}<\/script>\n<!-- \/ Yoast SEO plugin. -->","yoast_head_json":{"title":"Kapela Lucie v nov\u00e9 sestav\u011b: Fanou\u0161ky letos \u010dekaj\u00ed velk\u00e9 novinky","description":"Kapela Lucie obnovila sv\u016fj zvuk s Viktorem Dykem, vydala vinylov\u00fd dvojsingl a potvrzuje, \u017ee i po dek\u00e1d\u00e1ch dok\u00e1\u017ee p\u0159ekvapit.","robots":{"index":"index","follow":"follow","max-snippet":"max-snippet:-1","max-image-preview":"max-image-preview:large","max-video-preview":"max-video-preview:-1"},"canonical":"https:\/\/www.karaoketexty.cz\/magazin\/lucie-v-nove-sestave-album-oslava-vyroci-koncerty\/","og_locale":"cs_CZ","og_type":"article","og_title":"Kapela Lucie v nov\u00e9 sestav\u011b: Fanou\u0161ci se letos rozhodn\u011b maj\u00ed na co t\u011b\u0161it. Chyst\u00e1 se velkolep\u00e1 oslava v\u00fdro\u010d\u00ed a dokonce i nov\u00e9 album","og_description":"Kapela Lucie obnovila sv\u016fj zvuk s Viktorem Dykem, vydala vinylov\u00fd dvojsingl a potvrzuje, \u017ee i po dek\u00e1d\u00e1ch dok\u00e1\u017ee p\u0159ekvapit.","og_url":"https:\/\/www.karaoketexty.cz\/magazin\/lucie-v-nove-sestave-album-oslava-vyroci-koncerty\/","og_site_name":"Stars Magaz\u00edn Karaoketexty.cz","article_published_time":"2025-07-06T15:42:07+00:00","article_modified_time":"2025-07-06T21:28:18+00:00","og_image":[{"width":1200,"height":630,"url":"https:\/\/www.karaoketexty.cz\/magazin\/wp-content\/uploads\/2025\/06\/kapela-lucie-1.avif","type":"image\/jpeg"}],"author":"Franti\u0161ek Zahradn\u00ed\u010dek","twitter_card":"summary_large_image","twitter_misc":{"Napsal(a)":"Franti\u0161ek Zahradn\u00ed\u010dek","Odhadovan\u00e1 doba \u010dten\u00ed":"3 minuty"},"schema":{"@context":"https:\/\/schema.org","@graph":[{"@type":"Article","@id":"https:\/\/www.karaoketexty.cz\/magazin\/lucie-v-nove-sestave-album-oslava-vyroci-koncerty\/#article","isPartOf":{"@id":"https:\/\/www.karaoketexty.cz\/magazin\/lucie-v-nove-sestave-album-oslava-vyroci-koncerty\/"},"author":{"name":"Franti\u0161ek Zahradn\u00ed\u010dek","@id":"https:\/\/www.karaoketexty.cz\/magazin\/#\/schema\/person\/69d871cedc122c98723e0f5e1f73fa16"},"headline":"Kapela Lucie v nov\u00e9 sestav\u011b i vinylov\u00e9m h\u00e1vu: Chystaj\u00ed album a velkolepou oslavu v\u00fdro\u010d\u00ed","datePublished":"2025-07-06T15:42:07+00:00","dateModified":"2025-07-06T21:28:18+00:00","mainEntityOfPage":{"@id":"https:\/\/www.karaoketexty.cz\/magazin\/lucie-v-nove-sestave-album-oslava-vyroci-koncerty\/"},"wordCount":504,"commentCount":0,"image":{"@id":"https:\/\/www.karaoketexty.cz\/magazin\/lucie-v-nove-sestave-album-oslava-vyroci-koncerty\/#primaryimage"},"thumbnailUrl":"https:\/\/www.karaoketexty.cz\/magazin\/wp-content\/uploads\/2025\/06\/kapela-lucie-1.avif","keywords":["\u010cesk\u00e9 celebrity","Kapela Lucie"],"articleSection":["Zaj\u00edmavosti"],"inLanguage":"cs","potentialAction":[{"@type":"CommentAction","name":"Comment","target":["https:\/\/www.karaoketexty.cz\/magazin\/lucie-v-nove-sestave-album-oslava-vyroci-koncerty\/#respond"]}]},{"@type":"WebPage","@id":"https:\/\/www.karaoketexty.cz\/magazin\/lucie-v-nove-sestave-album-oslava-vyroci-koncerty\/","url":"https:\/\/www.karaoketexty.cz\/magazin\/lucie-v-nove-sestave-album-oslava-vyroci-koncerty\/","name":"Kapela Lucie v nov\u00e9 sestav\u011b: Fanou\u0161ky letos \u010dekaj\u00ed velk\u00e9 novinky","isPartOf":{"@id":"https:\/\/www.karaoketexty.cz\/magazin\/#website"},"primaryImageOfPage":{"@id":"https:\/\/www.karaoketexty.cz\/magazin\/lucie-v-nove-sestave-album-oslava-vyroci-koncerty\/#primaryimage"},"image":{"@id":"https:\/\/www.karaoketexty.cz\/magazin\/lucie-v-nove-sestave-album-oslava-vyroci-koncerty\/#primaryimage"},"thumbnailUrl":"https:\/\/www.karaoketexty.cz\/magazin\/wp-content\/uploads\/2025\/06\/kapela-lucie-1.avif","datePublished":"2025-07-06T15:42:07+00:00","dateModified":"2025-07-06T21:28:18+00:00","author":{"@id":"https:\/\/www.karaoketexty.cz\/magazin\/#\/schema\/person\/69d871cedc122c98723e0f5e1f73fa16"},"description":"Kapela Lucie obnovila sv\u016fj zvuk s Viktorem Dykem, vydala vinylov\u00fd dvojsingl a potvrzuje, \u017ee i po dek\u00e1d\u00e1ch dok\u00e1\u017ee p\u0159ekvapit.","breadcrumb":{"@id":"https:\/\/www.karaoketexty.cz\/magazin\/lucie-v-nove-sestave-album-oslava-vyroci-koncerty\/#breadcrumb"},"inLanguage":"cs","potentialAction":[{"@type":"ReadAction","target":["https:\/\/www.karaoketexty.cz\/magazin\/lucie-v-nove-sestave-album-oslava-vyroci-koncerty\/"]}]},{"@type":"ImageObject","inLanguage":"cs","@id":"https:\/\/www.karaoketexty.cz\/magazin\/lucie-v-nove-sestave-album-oslava-vyroci-koncerty\/#primaryimage","url":"https:\/\/www.karaoketexty.cz\/magazin\/wp-content\/uploads\/2025\/06\/kapela-lucie-1.avif","contentUrl":"https:\/\/www.karaoketexty.cz\/magazin\/wp-content\/uploads\/2025\/06\/kapela-lucie-1.avif","width":1200,"height":630,"caption":"Foto: NextFoto, Kapela Lucie na p\u0159ed\u00e1v\u00e1n\u00ed hudebn\u00edch cen \u010cesk\u00fd slav\u00edk"},{"@type":"BreadcrumbList","@id":"https:\/\/www.karaoketexty.cz\/magazin\/lucie-v-nove-sestave-album-oslava-vyroci-koncerty\/#breadcrumb","itemListElement":[{"@type":"ListItem","position":1,"name":"Dom\u016f","item":"https:\/\/www.karaoketexty.cz\/magazin\/"},{"@type":"ListItem","position":2,"name":"Kapela Lucie v nov\u00e9 sestav\u011b i vinylov\u00e9m h\u00e1vu: Chystaj\u00ed album a velkolepou oslavu v\u00fdro\u010d\u00ed"}]},{"@type":"WebSite","@id":"https:\/\/www.karaoketexty.cz\/magazin\/#website","url":"https:\/\/www.karaoketexty.cz\/magazin\/","name":"Stars Magaz\u00edn Karaoketexty.cz","description":"Stars Magaz\u00edn na Karaoketexty.cz je zam\u011b\u0159en\u00fd na novinky ze sv\u011bta hudby a celebrit. Obsahuje \u010dl\u00e1nky o zp\u011bv\u00e1c\u00edch, kapel\u00e1ch, nov\u00fdch albech, hudebn\u00edch trendech a dal\u0161\u00edch zaj\u00edmavostech z hudebn\u00edho pr\u016fmyslu.","potentialAction":[{"@type":"SearchAction","target":{"@type":"EntryPoint","urlTemplate":"https:\/\/www.karaoketexty.cz\/magazin\/?s={search_term_string}"},"query-input":{"@type":"PropertyValueSpecification","valueRequired":true,"valueName":"search_term_string"}}],"inLanguage":"cs"},{"@type":"Person","@id":"https:\/\/www.karaoketexty.cz\/magazin\/#\/schema\/person\/69d871cedc122c98723e0f5e1f73fa16","name":"Franti\u0161ek Zahradn\u00ed\u010dek","image":{"@type":"ImageObject","inLanguage":"cs","@id":"https:\/\/secure.gravatar.com\/avatar\/fcc548a9ddc6294d2945bd8730d73ac130db3d13dfd96d644aa093d54c1917b6?s=96&d=mm&r=g","url":"https:\/\/secure.gravatar.com\/avatar\/fcc548a9ddc6294d2945bd8730d73ac130db3d13dfd96d644aa093d54c1917b6?s=96&d=mm&r=g","contentUrl":"https:\/\/secure.gravatar.com\/avatar\/fcc548a9ddc6294d2945bd8730d73ac130db3d13dfd96d644aa093d54c1917b6?s=96&d=mm&r=g","caption":"Franti\u0161ek Zahradn\u00ed\u010dek"},"url":"https:\/\/www.karaoketexty.cz\/magazin\/author\/frantazahrada\/"}]}},"_links":{"self":[{"href":"https:\/\/www.karaoketexty.cz\/magazin\/wp-json\/wp\/v2\/posts\/1242","targetHints":{"allow":["GET"]}}],"collection":[{"href":"https:\/\/www.karaoketexty.cz\/magazin\/wp-json\/wp\/v2\/posts"}],"about":[{"href":"https:\/\/www.karaoketexty.cz\/magazin\/wp-json\/wp\/v2\/types\/post"}],"author":[{"embeddable":true,"href":"https:\/\/www.karaoketexty.cz\/magazin\/wp-json\/wp\/v2\/users\/6"}],"replies":[{"embeddable":true,"href":"https:\/\/www.karaoketexty.cz\/magazin\/wp-json\/wp\/v2\/comments?post=1242"}],"version-history":[{"count":4,"href":"https:\/\/www.karaoketexty.cz\/magazin\/wp-json\/wp\/v2\/posts\/1242\/revisions"}],"predecessor-version":[{"id":1553,"href":"https:\/\/www.karaoketexty.cz\/magazin\/wp-json\/wp\/v2\/posts\/1242\/revisions\/1553"}],"wp:featuredmedia":[{"embeddable":true,"href":"https:\/\/www.karaoketexty.cz\/magazin\/wp-json\/wp\/v2\/media\/1545"}],"wp:attachment":[{"href":"https:\/\/www.karaoketexty.cz\/magazin\/wp-json\/wp\/v2\/media?parent=1242"}],"wp:term":[{"taxonomy":"category","embeddable":true,"href":"https:\/\/www.karaoketexty.cz\/magazin\/wp-json\/wp\/v2\/categories?post=1242"},{"taxonomy":"post_tag","embeddable":true,"href":"https:\/\/www.karaoketexty.cz\/magazin\/wp-json\/wp\/v2\/tags?post=1242"}],"curies":[{"name":"wp","href":"https:\/\/api.w.org\/{rel}","templated":true}]}}