{"id":1223,"date":"2025-07-06T17:51:00","date_gmt":"2025-07-06T15:51:00","guid":{"rendered":"https:\/\/www.karaoketexty.cz\/magazin\/?p=1223"},"modified":"2025-07-06T23:28:53","modified_gmt":"2025-07-06T21:28:53","slug":"obvineni-zpevaku-skupiny-die-antwoord-adoptivni-syn","status":"publish","type":"post","link":"https:\/\/www.karaoketexty.cz\/magazin\/obvineni-zpevaku-skupiny-die-antwoord-adoptivni-syn\/","title":{"rendered":"Skupina Die Antwoord \u010del\u00ed nechutn\u00fdm obvin\u011bn\u00edm: Po slavn\u00fdch celebrit\u00e1ch se ozval adoptivn\u00ed syn"},"content":{"rendered":"\n<p><strong>Extravagantn\u00ed jihoafrick\u00e1 dvojice, kter\u00e1 stoj\u00ed za hudebn\u00ed skupinou Die Antwoord, \u010del\u00ed dal\u0161\u00edmu obvin\u011bn\u00ed. Tentokr\u00e1t se ozval jejich adoptivn\u00ed syn.<\/strong><\/p>\n\n\n\n<p>Show skupiny Die Antwoord nen\u00ed pro \u00fapln\u011b slab\u00e9 povahy. Jejich p\u00edsn\u011b, ale i p\u0159edstaven\u00ed jako takov\u00e1 jsou jin\u00e1, znepokojiv\u00e1, jejich styl je temn\u00fd a n\u00e1siln\u00fd. A podle v\u0161eho jsou takov\u00ed Ninja a Yolandi i ve sv\u00e9m soukrom\u00ed. Na Karaoketexty jsme alespo\u0148 zaznamenali, \u017ee je z podobn\u00e9ho chov\u00e1n\u00ed na\u0159kl jejich adoptivn\u00ed syn.<\/p>\n\n\n\n<h2 class=\"wp-block-heading\">Duo z&nbsp;jihu \u201echud\u00e9ho\u201c kontinentu<\/h2>\n\n\n\n<p>Jsou bizarn\u00ed, extravagantn\u00ed, hlu\u010dn\u00ed, dalo by se \u0159\u00edct, \u017ee a\u017e \u00fachyln\u00ed. Troj\u010dlenn\u00e1 jihoafrick\u00e1 hudebn\u00ed skupina Die Antwoord se na p\u00f3di\u00edch objevuje u\u017e od roku 2008, p\u0159i\u010dem\u017e tehdy jej\u00ed dva hlavn\u00ed protagonist\u00e9 Watkin Tudor Jones alias Ninja a Anri du Toit alias Yolandi Visser po\u017e\u00edvali velk\u00e9ho z\u00e1jmu ze strany fanou\u0161k\u016f. S&nbsp;postupem \u010dasu se v\u0161ak uk\u00e1zalo, \u017ee kontroverzn\u00ed nen\u00ed jenom styl t\u00e9to skupiny, ale i jejich \u017eivot. Ale popo\u0159ad\u011b.<\/p>\n\n\n\n<figure class=\"wp-block-embed is-type-video is-provider-youtube wp-block-embed-youtube wp-embed-aspect-16-9 wp-has-aspect-ratio\"><div class=\"wp-block-embed__wrapper\">\n<iframe title=\"&#039;I FINK U FREEKY&#039; by DIE ANTWOORD (Official)\" width=\"500\" height=\"281\" src=\"https:\/\/www.youtube.com\/embed\/8Uee_mcxvrw?feature=oembed\" frameborder=\"0\" allow=\"accelerometer; autoplay; clipboard-write; encrypted-media; gyroscope; picture-in-picture; web-share\" referrerpolicy=\"strict-origin-when-cross-origin\" allowfullscreen><\/iframe>\n<\/div><\/figure>\n\n\n\n<p>Jak ji\u017e bylo \u0159e\u010deno, skupina poch\u00e1z\u00ed z&nbsp;Ji\u017en\u00ed Afriky, konkr\u00e9tn\u011b Kapsk\u00e9ho M\u011bsta. Jejich tvorba, kterou vytv\u00e1\u0159ej\u00ed s&nbsp;tajemn\u00fdm DJem, kter\u00fd si kryje obli\u010dej maskou, je nev\u0161edn\u00ed, divn\u00e1, pln\u00e1 morbidn\u00edch a znepokojiv\u00fdch obraz\u016f. A pr\u00e1v\u011b proto se lidem l\u00edbila, proto\u017ee se li\u0161ila. A to i p\u0159esto, \u017ee zp\u011bv ob\u010das za vizu\u00e1lem mohl pokulh\u00e1vat, jak vypov\u00edd\u00e1 glosa z&nbsp;vystoupen\u00ed Die Antwoord na Rock for People na IDnes. N\u00e1zor fanou\u0161k\u016f se ale za\u010dal m\u011bnit s&nbsp;prvn\u00edmi kauzami.<\/p>\n\n\n\n<h2 class=\"wp-block-heading\">Kontroverzn\u00ed chov\u00e1n\u00ed i mimo p\u00f3dium<\/h2>\n\n\n\n<p>Kolem skupiny Die Antwoord se vzn\u00e1\u0161\u00ed aura n\u00e1sil\u00ed, jak dokazuj\u00ed nejr\u016fzn\u011bj\u0161\u00ed p\u0159\u00edpady verb\u00e1ln\u00edch, ale i fyzick\u00fdch \u00fatok\u016f. Jeden z\u00a0nich se odehr\u00e1l i na v\u00fd\u0161e zm\u00edn\u011bn\u00e9m Rock for People, kdy se bodyguard skupiny popral s\u00a0bed\u0148\u00e1kem od skupiny Cage The Elephant. O p\u00e1r let d\u0159\u00edve m\u011bli Ninja a Yolandi zase napdnout hudebn\u00edka Andyho Butlera. A vyhro\u017eovat n\u00e1sil\u00edm \u010di jinak tla\u010dit m\u011bli zp\u011bv\u00e1ci i na sv\u00e9 spolupracovn\u00edky.<\/p>\n\n\n\n<p>Jinou str\u00e1nkou v\u011bci jsou sexu\u00e1ln\u00ed \u00fatoky. V&nbsp;roce 2019 je obvinila ze sexu\u00e1ln\u00edho napaden\u00ed rapperka Zheani Sparkes, kter\u00e1 se o sv\u00e9m z\u00e1\u017eitku vyzp\u00edvala v p\u00edsni The Question. Z&nbsp;nevhodn\u00e9ho chov\u00e1n\u00ed je pak obvinil i jejich adoptivn\u00ed syn Tokkie, kter\u00fd se rovn\u011b\u017e b\u00e1l o svou sestru. \u201e<em>C\u00edtil jsem se jako opravdov\u00fd otrok. Adoptovali m\u011b, abych jim otro\u010dil. Kv\u016fli nim jsem se c\u00edtil skute\u010dn\u011b nemilovan\u00fd,<\/em>\u201c popsal pro News24. Ve videu, kter\u00e9 nato\u010dil Ben Jay Crossman, m\u011bl tak\u00e9 popsat, \u017ee byl vystaven pornografii a jeho nezletil\u00e1 sestra m\u011bla b\u00fdt nucena svl\u00e9kat se p\u0159ed dosp\u011bl\u00fdmi. D\u011bti tak\u00e9 \u010dasto vyu\u017e\u00edvali p\u0159i nat\u00e1\u010den\u00ed sv\u00fdch klip\u016f, jinak s nimi ale mnoho \u010dasu netr\u00e1vili.<\/p>\n\n\n\n<p>Zdroje: Autorsk\u00fd text, <a href=\"https:\/\/dieantwoord.com\/\" target=\"_blank\" rel=\"noreferrer noopener nofollow\">Die Antwoord<\/a>, <a href=\"https:\/\/www.news24.com\/southafrica\/news\/exposed-i-was-die-antwoords-child-slave-20220423\" target=\"_blank\" rel=\"noreferrer noopener nofollow\">News24<\/a>, <a href=\"https:\/\/mixmag.net\/read\/die-antwoord-dropped-festival-hate-crime-news\" target=\"_blank\" rel=\"noreferrer noopener nofollow\">MixMag<\/a>, <a href=\"https:\/\/www.idnes.cz\/kultura\/hudba\/rock-for-people-2017-die-antwoord.A170705_085439_hudba_vha\" target=\"_blank\" rel=\"noreferrer noopener nofollow\">IDnes<\/a><a style=\"display: none !important;\" href=\"https:\/\/www.lemonde.fr\/en\/le-monde-afrique\/article\/2022\/05\/09\/south-african-rap-duo-die-antwoord-accused-of-sexual-abuse-by-their-adopted-son_5982935_12.html\">,,,Lemonde<\/a><a style=\"display: none !important;\" href=\"https:\/\/www.lemonde.fr\/en\/le-monde-afrique\/article\/2022\/05\/09\/south-african-rap-duo-die-antwoord-accused-of-sexual-abuse-by-their-adopted-son_5982935_12.html\" target=\"_blank\" rel=\"noreferrer noopener\">Lemonde<\/a><\/p>\n","protected":false},"excerpt":{"rendered":"<p>Extravagantn\u00ed jihoafrick\u00e1 dvojice, kter\u00e1 stoj\u00ed za hudebn\u00ed skupinou Die Antwoord, \u010del\u00ed dal\u0161\u00edmu obvin\u011bn\u00ed. Tentokr\u00e1t se ozval jejich adoptivn\u00ed syn.<\/p>\n","protected":false},"author":6,"featured_media":1547,"comment_status":"open","ping_status":"closed","sticky":false,"template":"","format":"standard","meta":{"_yoast_wpseo_title":"Skand\u00e1l Die Antwoord: Adoptivn\u00ed syn je obvi\u0148uje z ohavnost\u00ed","_yoast_wpseo_metadesc":"Bizarn\u00ed hudebn\u00ed skupina Die Antwoord \u010del\u00ed dal\u0161\u00edmu obvin\u011bn\u00ed. Zp\u011bv\u00e1ky vin\u00ed jejich adoptivn\u00ed syn z nevhodn\u00e9ho chov\u00e1n\u00ed.","footnotes":""},"categories":[9],"tags":[340,28],"class_list":["post-1223","post","type-post","status-publish","format-standard","has-post-thumbnail","hentry","category-zajimavosti","tag-skupina-die-antwoord","tag-zahranicni-celebrity"],"yoast_head":"<!-- This site is optimized with the Yoast SEO plugin v27.4 - https:\/\/yoast.com\/product\/yoast-seo-wordpress\/ -->\n<title>Skand\u00e1l Die Antwoord: Adoptivn\u00ed syn je obvi\u0148uje z ohavnost\u00ed<\/title>\n<meta name=\"description\" content=\"Bizarn\u00ed hudebn\u00ed skupina Die Antwoord \u010del\u00ed dal\u0161\u00edmu obvin\u011bn\u00ed. Zp\u011bv\u00e1ky vin\u00ed jejich adoptivn\u00ed syn z nevhodn\u00e9ho chov\u00e1n\u00ed.\" \/>\n<meta name=\"robots\" content=\"index, follow, max-snippet:-1, max-image-preview:large, max-video-preview:-1\" \/>\n<link rel=\"canonical\" href=\"https:\/\/www.karaoketexty.cz\/magazin\/obvineni-zpevaku-skupiny-die-antwoord-adoptivni-syn\/\" \/>\n<meta property=\"og:locale\" content=\"cs_CZ\" \/>\n<meta property=\"og:type\" content=\"article\" \/>\n<meta property=\"og:title\" content=\"SKAND\u00c1L skupiny Die Antwoord: Po n\u011bkolika nechutn\u00fdch obvin\u011bn\u00edch promluvil adoptivn\u00ed syn. Dvojice je je\u0161t\u011b hor\u0161\u00ed, ne\u017e jsme si mysleli\" \/>\n<meta property=\"og:description\" content=\"Bizarn\u00ed hudebn\u00ed skupina Die Antwoord \u010del\u00ed dal\u0161\u00edmu obvin\u011bn\u00ed. Zp\u011bv\u00e1ky vin\u00ed jejich adoptivn\u00ed syn z nevhodn\u00e9ho chov\u00e1n\u00ed.\" \/>\n<meta property=\"og:url\" content=\"https:\/\/www.karaoketexty.cz\/magazin\/obvineni-zpevaku-skupiny-die-antwoord-adoptivni-syn\/\" \/>\n<meta property=\"og:site_name\" content=\"Stars Magaz\u00edn Karaoketexty.cz\" \/>\n<meta property=\"article:published_time\" content=\"2025-07-06T15:51:00+00:00\" \/>\n<meta property=\"article:modified_time\" content=\"2025-07-06T21:28:53+00:00\" \/>\n<meta property=\"og:image\" content=\"https:\/\/www.karaoketexty.cz\/magazin\/wp-content\/uploads\/2025\/06\/die-antwoord.avif\" \/>\n\t<meta property=\"og:image:width\" content=\"1200\" \/>\n\t<meta property=\"og:image:height\" content=\"630\" \/>\n\t<meta property=\"og:image:type\" content=\"image\/jpeg\" \/>\n<meta name=\"author\" content=\"Franti\u0161ek Zahradn\u00ed\u010dek\" \/>\n<meta name=\"twitter:card\" content=\"summary_large_image\" \/>\n<meta name=\"twitter:label1\" content=\"Napsal(a)\" \/>\n\t<meta name=\"twitter:data1\" content=\"Franti\u0161ek Zahradn\u00ed\u010dek\" \/>\n\t<meta name=\"twitter:label2\" content=\"Odhadovan\u00e1 doba \u010dten\u00ed\" \/>\n\t<meta name=\"twitter:data2\" content=\"3 minuty\" \/>\n<script type=\"application\/ld+json\" class=\"yoast-schema-graph\">{\"@context\":\"https:\\\/\\\/schema.org\",\"@graph\":[{\"@type\":\"Article\",\"@id\":\"https:\\\/\\\/www.karaoketexty.cz\\\/magazin\\\/obvineni-zpevaku-skupiny-die-antwoord-adoptivni-syn\\\/#article\",\"isPartOf\":{\"@id\":\"https:\\\/\\\/www.karaoketexty.cz\\\/magazin\\\/obvineni-zpevaku-skupiny-die-antwoord-adoptivni-syn\\\/\"},\"author\":{\"name\":\"Franti\u0161ek Zahradn\u00ed\u010dek\",\"@id\":\"https:\\\/\\\/www.karaoketexty.cz\\\/magazin\\\/#\\\/schema\\\/person\\\/69d871cedc122c98723e0f5e1f73fa16\"},\"headline\":\"Skupina Die Antwoord \u010del\u00ed nechutn\u00fdm obvin\u011bn\u00edm: Po slavn\u00fdch celebrit\u00e1ch se ozval adoptivn\u00ed syn\",\"datePublished\":\"2025-07-06T15:51:00+00:00\",\"dateModified\":\"2025-07-06T21:28:53+00:00\",\"mainEntityOfPage\":{\"@id\":\"https:\\\/\\\/www.karaoketexty.cz\\\/magazin\\\/obvineni-zpevaku-skupiny-die-antwoord-adoptivni-syn\\\/\"},\"wordCount\":559,\"commentCount\":0,\"image\":{\"@id\":\"https:\\\/\\\/www.karaoketexty.cz\\\/magazin\\\/obvineni-zpevaku-skupiny-die-antwoord-adoptivni-syn\\\/#primaryimage\"},\"thumbnailUrl\":\"https:\\\/\\\/www.karaoketexty.cz\\\/magazin\\\/wp-content\\\/uploads\\\/2025\\\/06\\\/die-antwoord.avif\",\"keywords\":[\"Skupina Die Antwoord\",\"Zahrani\u010dn\u00ed celebrity\"],\"articleSection\":[\"Zaj\u00edmavosti\"],\"inLanguage\":\"cs\",\"potentialAction\":[{\"@type\":\"CommentAction\",\"name\":\"Comment\",\"target\":[\"https:\\\/\\\/www.karaoketexty.cz\\\/magazin\\\/obvineni-zpevaku-skupiny-die-antwoord-adoptivni-syn\\\/#respond\"]}]},{\"@type\":\"WebPage\",\"@id\":\"https:\\\/\\\/www.karaoketexty.cz\\\/magazin\\\/obvineni-zpevaku-skupiny-die-antwoord-adoptivni-syn\\\/\",\"url\":\"https:\\\/\\\/www.karaoketexty.cz\\\/magazin\\\/obvineni-zpevaku-skupiny-die-antwoord-adoptivni-syn\\\/\",\"name\":\"Skand\u00e1l Die Antwoord: Adoptivn\u00ed syn je obvi\u0148uje z ohavnost\u00ed\",\"isPartOf\":{\"@id\":\"https:\\\/\\\/www.karaoketexty.cz\\\/magazin\\\/#website\"},\"primaryImageOfPage\":{\"@id\":\"https:\\\/\\\/www.karaoketexty.cz\\\/magazin\\\/obvineni-zpevaku-skupiny-die-antwoord-adoptivni-syn\\\/#primaryimage\"},\"image\":{\"@id\":\"https:\\\/\\\/www.karaoketexty.cz\\\/magazin\\\/obvineni-zpevaku-skupiny-die-antwoord-adoptivni-syn\\\/#primaryimage\"},\"thumbnailUrl\":\"https:\\\/\\\/www.karaoketexty.cz\\\/magazin\\\/wp-content\\\/uploads\\\/2025\\\/06\\\/die-antwoord.avif\",\"datePublished\":\"2025-07-06T15:51:00+00:00\",\"dateModified\":\"2025-07-06T21:28:53+00:00\",\"author\":{\"@id\":\"https:\\\/\\\/www.karaoketexty.cz\\\/magazin\\\/#\\\/schema\\\/person\\\/69d871cedc122c98723e0f5e1f73fa16\"},\"description\":\"Bizarn\u00ed hudebn\u00ed skupina Die Antwoord \u010del\u00ed dal\u0161\u00edmu obvin\u011bn\u00ed. Zp\u011bv\u00e1ky vin\u00ed jejich adoptivn\u00ed syn z nevhodn\u00e9ho chov\u00e1n\u00ed.\",\"breadcrumb\":{\"@id\":\"https:\\\/\\\/www.karaoketexty.cz\\\/magazin\\\/obvineni-zpevaku-skupiny-die-antwoord-adoptivni-syn\\\/#breadcrumb\"},\"inLanguage\":\"cs\",\"potentialAction\":[{\"@type\":\"ReadAction\",\"target\":[\"https:\\\/\\\/www.karaoketexty.cz\\\/magazin\\\/obvineni-zpevaku-skupiny-die-antwoord-adoptivni-syn\\\/\"]}]},{\"@type\":\"ImageObject\",\"inLanguage\":\"cs\",\"@id\":\"https:\\\/\\\/www.karaoketexty.cz\\\/magazin\\\/obvineni-zpevaku-skupiny-die-antwoord-adoptivni-syn\\\/#primaryimage\",\"url\":\"https:\\\/\\\/www.karaoketexty.cz\\\/magazin\\\/wp-content\\\/uploads\\\/2025\\\/06\\\/die-antwoord.avif\",\"contentUrl\":\"https:\\\/\\\/www.karaoketexty.cz\\\/magazin\\\/wp-content\\\/uploads\\\/2025\\\/06\\\/die-antwoord.avif\",\"width\":1200,\"height\":630,\"caption\":\"Foto: Eli Watson \\\/ Creative Commons \\\/ CC BY, Ninja z Die Antwoord v USA\"},{\"@type\":\"BreadcrumbList\",\"@id\":\"https:\\\/\\\/www.karaoketexty.cz\\\/magazin\\\/obvineni-zpevaku-skupiny-die-antwoord-adoptivni-syn\\\/#breadcrumb\",\"itemListElement\":[{\"@type\":\"ListItem\",\"position\":1,\"name\":\"Dom\u016f\",\"item\":\"https:\\\/\\\/www.karaoketexty.cz\\\/magazin\\\/\"},{\"@type\":\"ListItem\",\"position\":2,\"name\":\"Skupina Die Antwoord \u010del\u00ed nechutn\u00fdm obvin\u011bn\u00edm: Po slavn\u00fdch celebrit\u00e1ch se ozval adoptivn\u00ed syn\"}]},{\"@type\":\"WebSite\",\"@id\":\"https:\\\/\\\/www.karaoketexty.cz\\\/magazin\\\/#website\",\"url\":\"https:\\\/\\\/www.karaoketexty.cz\\\/magazin\\\/\",\"name\":\"Stars Magaz\u00edn Karaoketexty.cz\",\"description\":\"Stars Magaz\u00edn na Karaoketexty.cz je zam\u011b\u0159en\u00fd na novinky ze sv\u011bta hudby a celebrit. Obsahuje \u010dl\u00e1nky o zp\u011bv\u00e1c\u00edch, kapel\u00e1ch, nov\u00fdch albech, hudebn\u00edch trendech a dal\u0161\u00edch zaj\u00edmavostech z hudebn\u00edho pr\u016fmyslu.\",\"potentialAction\":[{\"@type\":\"SearchAction\",\"target\":{\"@type\":\"EntryPoint\",\"urlTemplate\":\"https:\\\/\\\/www.karaoketexty.cz\\\/magazin\\\/?s={search_term_string}\"},\"query-input\":{\"@type\":\"PropertyValueSpecification\",\"valueRequired\":true,\"valueName\":\"search_term_string\"}}],\"inLanguage\":\"cs\"},{\"@type\":\"Person\",\"@id\":\"https:\\\/\\\/www.karaoketexty.cz\\\/magazin\\\/#\\\/schema\\\/person\\\/69d871cedc122c98723e0f5e1f73fa16\",\"name\":\"Franti\u0161ek Zahradn\u00ed\u010dek\",\"image\":{\"@type\":\"ImageObject\",\"inLanguage\":\"cs\",\"@id\":\"https:\\\/\\\/secure.gravatar.com\\\/avatar\\\/fcc548a9ddc6294d2945bd8730d73ac130db3d13dfd96d644aa093d54c1917b6?s=96&d=mm&r=g\",\"url\":\"https:\\\/\\\/secure.gravatar.com\\\/avatar\\\/fcc548a9ddc6294d2945bd8730d73ac130db3d13dfd96d644aa093d54c1917b6?s=96&d=mm&r=g\",\"contentUrl\":\"https:\\\/\\\/secure.gravatar.com\\\/avatar\\\/fcc548a9ddc6294d2945bd8730d73ac130db3d13dfd96d644aa093d54c1917b6?s=96&d=mm&r=g\",\"caption\":\"Franti\u0161ek Zahradn\u00ed\u010dek\"},\"url\":\"https:\\\/\\\/www.karaoketexty.cz\\\/magazin\\\/author\\\/frantazahrada\\\/\"}]}<\/script>\n<!-- \/ Yoast SEO plugin. -->","yoast_head_json":{"title":"Skand\u00e1l Die Antwoord: Adoptivn\u00ed syn je obvi\u0148uje z ohavnost\u00ed","description":"Bizarn\u00ed hudebn\u00ed skupina Die Antwoord \u010del\u00ed dal\u0161\u00edmu obvin\u011bn\u00ed. Zp\u011bv\u00e1ky vin\u00ed jejich adoptivn\u00ed syn z nevhodn\u00e9ho chov\u00e1n\u00ed.","robots":{"index":"index","follow":"follow","max-snippet":"max-snippet:-1","max-image-preview":"max-image-preview:large","max-video-preview":"max-video-preview:-1"},"canonical":"https:\/\/www.karaoketexty.cz\/magazin\/obvineni-zpevaku-skupiny-die-antwoord-adoptivni-syn\/","og_locale":"cs_CZ","og_type":"article","og_title":"SKAND\u00c1L skupiny Die Antwoord: Po n\u011bkolika nechutn\u00fdch obvin\u011bn\u00edch promluvil adoptivn\u00ed syn. Dvojice je je\u0161t\u011b hor\u0161\u00ed, ne\u017e jsme si mysleli","og_description":"Bizarn\u00ed hudebn\u00ed skupina Die Antwoord \u010del\u00ed dal\u0161\u00edmu obvin\u011bn\u00ed. Zp\u011bv\u00e1ky vin\u00ed jejich adoptivn\u00ed syn z nevhodn\u00e9ho chov\u00e1n\u00ed.","og_url":"https:\/\/www.karaoketexty.cz\/magazin\/obvineni-zpevaku-skupiny-die-antwoord-adoptivni-syn\/","og_site_name":"Stars Magaz\u00edn Karaoketexty.cz","article_published_time":"2025-07-06T15:51:00+00:00","article_modified_time":"2025-07-06T21:28:53+00:00","og_image":[{"width":1200,"height":630,"url":"https:\/\/www.karaoketexty.cz\/magazin\/wp-content\/uploads\/2025\/06\/die-antwoord.avif","type":"image\/jpeg"}],"author":"Franti\u0161ek Zahradn\u00ed\u010dek","twitter_card":"summary_large_image","twitter_misc":{"Napsal(a)":"Franti\u0161ek Zahradn\u00ed\u010dek","Odhadovan\u00e1 doba \u010dten\u00ed":"3 minuty"},"schema":{"@context":"https:\/\/schema.org","@graph":[{"@type":"Article","@id":"https:\/\/www.karaoketexty.cz\/magazin\/obvineni-zpevaku-skupiny-die-antwoord-adoptivni-syn\/#article","isPartOf":{"@id":"https:\/\/www.karaoketexty.cz\/magazin\/obvineni-zpevaku-skupiny-die-antwoord-adoptivni-syn\/"},"author":{"name":"Franti\u0161ek Zahradn\u00ed\u010dek","@id":"https:\/\/www.karaoketexty.cz\/magazin\/#\/schema\/person\/69d871cedc122c98723e0f5e1f73fa16"},"headline":"Skupina Die Antwoord \u010del\u00ed nechutn\u00fdm obvin\u011bn\u00edm: Po slavn\u00fdch celebrit\u00e1ch se ozval adoptivn\u00ed syn","datePublished":"2025-07-06T15:51:00+00:00","dateModified":"2025-07-06T21:28:53+00:00","mainEntityOfPage":{"@id":"https:\/\/www.karaoketexty.cz\/magazin\/obvineni-zpevaku-skupiny-die-antwoord-adoptivni-syn\/"},"wordCount":559,"commentCount":0,"image":{"@id":"https:\/\/www.karaoketexty.cz\/magazin\/obvineni-zpevaku-skupiny-die-antwoord-adoptivni-syn\/#primaryimage"},"thumbnailUrl":"https:\/\/www.karaoketexty.cz\/magazin\/wp-content\/uploads\/2025\/06\/die-antwoord.avif","keywords":["Skupina Die Antwoord","Zahrani\u010dn\u00ed celebrity"],"articleSection":["Zaj\u00edmavosti"],"inLanguage":"cs","potentialAction":[{"@type":"CommentAction","name":"Comment","target":["https:\/\/www.karaoketexty.cz\/magazin\/obvineni-zpevaku-skupiny-die-antwoord-adoptivni-syn\/#respond"]}]},{"@type":"WebPage","@id":"https:\/\/www.karaoketexty.cz\/magazin\/obvineni-zpevaku-skupiny-die-antwoord-adoptivni-syn\/","url":"https:\/\/www.karaoketexty.cz\/magazin\/obvineni-zpevaku-skupiny-die-antwoord-adoptivni-syn\/","name":"Skand\u00e1l Die Antwoord: Adoptivn\u00ed syn je obvi\u0148uje z ohavnost\u00ed","isPartOf":{"@id":"https:\/\/www.karaoketexty.cz\/magazin\/#website"},"primaryImageOfPage":{"@id":"https:\/\/www.karaoketexty.cz\/magazin\/obvineni-zpevaku-skupiny-die-antwoord-adoptivni-syn\/#primaryimage"},"image":{"@id":"https:\/\/www.karaoketexty.cz\/magazin\/obvineni-zpevaku-skupiny-die-antwoord-adoptivni-syn\/#primaryimage"},"thumbnailUrl":"https:\/\/www.karaoketexty.cz\/magazin\/wp-content\/uploads\/2025\/06\/die-antwoord.avif","datePublished":"2025-07-06T15:51:00+00:00","dateModified":"2025-07-06T21:28:53+00:00","author":{"@id":"https:\/\/www.karaoketexty.cz\/magazin\/#\/schema\/person\/69d871cedc122c98723e0f5e1f73fa16"},"description":"Bizarn\u00ed hudebn\u00ed skupina Die Antwoord \u010del\u00ed dal\u0161\u00edmu obvin\u011bn\u00ed. Zp\u011bv\u00e1ky vin\u00ed jejich adoptivn\u00ed syn z nevhodn\u00e9ho chov\u00e1n\u00ed.","breadcrumb":{"@id":"https:\/\/www.karaoketexty.cz\/magazin\/obvineni-zpevaku-skupiny-die-antwoord-adoptivni-syn\/#breadcrumb"},"inLanguage":"cs","potentialAction":[{"@type":"ReadAction","target":["https:\/\/www.karaoketexty.cz\/magazin\/obvineni-zpevaku-skupiny-die-antwoord-adoptivni-syn\/"]}]},{"@type":"ImageObject","inLanguage":"cs","@id":"https:\/\/www.karaoketexty.cz\/magazin\/obvineni-zpevaku-skupiny-die-antwoord-adoptivni-syn\/#primaryimage","url":"https:\/\/www.karaoketexty.cz\/magazin\/wp-content\/uploads\/2025\/06\/die-antwoord.avif","contentUrl":"https:\/\/www.karaoketexty.cz\/magazin\/wp-content\/uploads\/2025\/06\/die-antwoord.avif","width":1200,"height":630,"caption":"Foto: Eli Watson \/ Creative Commons \/ CC BY, Ninja z Die Antwoord v USA"},{"@type":"BreadcrumbList","@id":"https:\/\/www.karaoketexty.cz\/magazin\/obvineni-zpevaku-skupiny-die-antwoord-adoptivni-syn\/#breadcrumb","itemListElement":[{"@type":"ListItem","position":1,"name":"Dom\u016f","item":"https:\/\/www.karaoketexty.cz\/magazin\/"},{"@type":"ListItem","position":2,"name":"Skupina Die Antwoord \u010del\u00ed nechutn\u00fdm obvin\u011bn\u00edm: Po slavn\u00fdch celebrit\u00e1ch se ozval adoptivn\u00ed syn"}]},{"@type":"WebSite","@id":"https:\/\/www.karaoketexty.cz\/magazin\/#website","url":"https:\/\/www.karaoketexty.cz\/magazin\/","name":"Stars Magaz\u00edn Karaoketexty.cz","description":"Stars Magaz\u00edn na Karaoketexty.cz je zam\u011b\u0159en\u00fd na novinky ze sv\u011bta hudby a celebrit. Obsahuje \u010dl\u00e1nky o zp\u011bv\u00e1c\u00edch, kapel\u00e1ch, nov\u00fdch albech, hudebn\u00edch trendech a dal\u0161\u00edch zaj\u00edmavostech z hudebn\u00edho pr\u016fmyslu.","potentialAction":[{"@type":"SearchAction","target":{"@type":"EntryPoint","urlTemplate":"https:\/\/www.karaoketexty.cz\/magazin\/?s={search_term_string}"},"query-input":{"@type":"PropertyValueSpecification","valueRequired":true,"valueName":"search_term_string"}}],"inLanguage":"cs"},{"@type":"Person","@id":"https:\/\/www.karaoketexty.cz\/magazin\/#\/schema\/person\/69d871cedc122c98723e0f5e1f73fa16","name":"Franti\u0161ek Zahradn\u00ed\u010dek","image":{"@type":"ImageObject","inLanguage":"cs","@id":"https:\/\/secure.gravatar.com\/avatar\/fcc548a9ddc6294d2945bd8730d73ac130db3d13dfd96d644aa093d54c1917b6?s=96&d=mm&r=g","url":"https:\/\/secure.gravatar.com\/avatar\/fcc548a9ddc6294d2945bd8730d73ac130db3d13dfd96d644aa093d54c1917b6?s=96&d=mm&r=g","contentUrl":"https:\/\/secure.gravatar.com\/avatar\/fcc548a9ddc6294d2945bd8730d73ac130db3d13dfd96d644aa093d54c1917b6?s=96&d=mm&r=g","caption":"Franti\u0161ek Zahradn\u00ed\u010dek"},"url":"https:\/\/www.karaoketexty.cz\/magazin\/author\/frantazahrada\/"}]}},"_links":{"self":[{"href":"https:\/\/www.karaoketexty.cz\/magazin\/wp-json\/wp\/v2\/posts\/1223","targetHints":{"allow":["GET"]}}],"collection":[{"href":"https:\/\/www.karaoketexty.cz\/magazin\/wp-json\/wp\/v2\/posts"}],"about":[{"href":"https:\/\/www.karaoketexty.cz\/magazin\/wp-json\/wp\/v2\/types\/post"}],"author":[{"embeddable":true,"href":"https:\/\/www.karaoketexty.cz\/magazin\/wp-json\/wp\/v2\/users\/6"}],"replies":[{"embeddable":true,"href":"https:\/\/www.karaoketexty.cz\/magazin\/wp-json\/wp\/v2\/comments?post=1223"}],"version-history":[{"count":8,"href":"https:\/\/www.karaoketexty.cz\/magazin\/wp-json\/wp\/v2\/posts\/1223\/revisions"}],"predecessor-version":[{"id":1554,"href":"https:\/\/www.karaoketexty.cz\/magazin\/wp-json\/wp\/v2\/posts\/1223\/revisions\/1554"}],"wp:featuredmedia":[{"embeddable":true,"href":"https:\/\/www.karaoketexty.cz\/magazin\/wp-json\/wp\/v2\/media\/1547"}],"wp:attachment":[{"href":"https:\/\/www.karaoketexty.cz\/magazin\/wp-json\/wp\/v2\/media?parent=1223"}],"wp:term":[{"taxonomy":"category","embeddable":true,"href":"https:\/\/www.karaoketexty.cz\/magazin\/wp-json\/wp\/v2\/categories?post=1223"},{"taxonomy":"post_tag","embeddable":true,"href":"https:\/\/www.karaoketexty.cz\/magazin\/wp-json\/wp\/v2\/tags?post=1223"}],"curies":[{"name":"wp","href":"https:\/\/api.w.org\/{rel}","templated":true}]}}